{"id":45003,"date":"2025-09-18T04:00:00","date_gmt":"2025-09-18T10:00:00","guid":{"rendered":"https:\/\/soymigrante.com\/revista\/?p=45003"},"modified":"2025-09-17T22:25:24","modified_gmt":"2025-09-18T04:25:24","slug":"mes-de-la-herencia-hispana-un-mismo-idioma-con-muchos-rostros-y-voces","status":"publish","type":"post","link":"https:\/\/soymigrante.com\/revista\/mes-de-la-herencia-hispana-un-mismo-idioma-con-muchos-rostros-y-voces\/","title":{"rendered":"Mes de la Herencia Hispana: un mismo idioma con muchos rostros y voces"},"content":{"rendered":"\t\t<div data-elementor-type=\"wp-post\" data-elementor-id=\"45003\" class=\"elementor elementor-45003\" data-elementor-post-type=\"post\">\n\t\t\t\t<div data-particle_enable=\"false\" data-particle-mobile-disabled=\"false\" class=\"elementor-element elementor-element-37da5e4 e-flex e-con-boxed e-con e-parent\" data-id=\"37da5e4\" data-element_type=\"container\" data-e-type=\"container\">\n\t\t\t\t\t<div class=\"e-con-inner\">\n\t\t\t\t<div class=\"elementor-element elementor-element-f96d6ed elementor-widget elementor-widget-heading\" data-id=\"f96d6ed\" data-element_type=\"widget\" data-e-type=\"widget\" data-widget_type=\"heading.default\">\n\t\t\t\t\t<h2 class=\"elementor-heading-title elementor-size-default\">Un mismo idioma, pero con muchas formas de percibir, escribir y hasta entender, esto en el Mes de la Herencia Hispana. <\/h2>\t\t\t\t<\/div>\n\t\t\t\t\t<\/div>\n\t\t\t\t<\/div>\n\t\t<div data-particle_enable=\"false\" data-particle-mobile-disabled=\"false\" class=\"elementor-element elementor-element-147e695 e-flex e-con-boxed e-con e-parent\" data-id=\"147e695\" data-element_type=\"container\" data-e-type=\"container\">\n\t\t\t\t\t<div class=\"e-con-inner\">\n\t\t\t\t<div class=\"elementor-element elementor-element-8d9c397 elementor-widget elementor-widget-text-editor\" data-id=\"8d9c397\" data-element_type=\"widget\" data-e-type=\"widget\" data-widget_type=\"text-editor.default\">\n\t\t\t\t\t\t\t\t\t<p>Cada a\u00f1o, del 15 de septiembre al 15 de octubre, Estados Unidos celebra el<a href=\"https:\/\/soymigrante.com\/revista\/por-que-y-desde-cuando-existe-el-mes-de-la-herencia-hispana-en-usa\/\" target=\"_blank\" rel=\"noopener\"> Mes de la Herencia Hispana,<\/a> un espacio dedicado a honrar la cultura, tradiciones y aportes de las comunidades hispanas. Entre la m\u00fasica, la gastronom\u00eda y el arte, hay un aspecto que resalta con fuerza: la diversidad del idioma espa\u00f1ol.<\/p><p>Aunque <a href=\"https:\/\/soymigrante.com\/revista\/como-pueden-cuidar-los-hombres-hispanos-de-su-salud-mental\/\" target=\"_blank\" rel=\"noopener\">se trata de una lengua com\u00fan, el espa\u00f1ol cambia de forma notable seg\u00fan el pa\u00eds o la regi\u00f3n.<\/a> Durante esta celebraci\u00f3n, esos matices ling\u00fc\u00edsticos se convierten en s\u00edmbolo de identidad, uni\u00f3n y tambi\u00e9n de curiosidad entre quienes comparten ra\u00edces hispanas.<\/p>\t\t\t\t\t\t\t\t<\/div>\n\t\t\t\t\t<\/div>\n\t\t\t\t<\/div>\n\t\t<div data-particle_enable=\"false\" data-particle-mobile-disabled=\"false\" class=\"elementor-element elementor-element-412bde6 e-flex e-con-boxed e-con e-parent\" data-id=\"412bde6\" data-element_type=\"container\" data-e-type=\"container\">\n\t\t\t\t\t<div class=\"e-con-inner\">\n\t\t\t\t<div class=\"elementor-element elementor-element-fad0285 elementor-widget elementor-widget-image\" data-id=\"fad0285\" data-element_type=\"widget\" data-e-type=\"widget\" data-widget_type=\"image.default\">\n\t\t\t\t\t\t\t\t\t\t\t\t<figure class=\"wp-caption\">\n\t\t\t\t\t\t\t\t\t\t<img fetchpriority=\"high\" decoding=\"async\" width=\"1024\" height=\"768\" src=\"https:\/\/soymigrante.com\/revista\/wp-content\/uploads\/2025\/09\/mes-de-la-hispanidad-1024x768.jpg\" class=\"attachment-large size-large wp-image-45022\" alt=\"El idioma espa\u00f1ol, aunque es cambiante, es vivo, por las interpretaciones que recibe.\" srcset=\"https:\/\/soymigrante.com\/revista\/wp-content\/uploads\/2025\/09\/mes-de-la-hispanidad-1024x768.jpg 1024w, https:\/\/soymigrante.com\/revista\/wp-content\/uploads\/2025\/09\/mes-de-la-hispanidad-300x225.jpg 300w, https:\/\/soymigrante.com\/revista\/wp-content\/uploads\/2025\/09\/mes-de-la-hispanidad-768x576.jpg 768w, https:\/\/soymigrante.com\/revista\/wp-content\/uploads\/2025\/09\/mes-de-la-hispanidad-750x563.jpg 750w, https:\/\/soymigrante.com\/revista\/wp-content\/uploads\/2025\/09\/mes-de-la-hispanidad-1140x855.jpg 1140w, https:\/\/soymigrante.com\/revista\/wp-content\/uploads\/2025\/09\/mes-de-la-hispanidad.jpg 1536w\" sizes=\"(max-width: 1024px) 100vw, 1024px\" title=\"El idioma espa\u00f1ol, aunque es cambiante, es vivo, por las interpretaciones que recibe. \u2013 SoyMigrante.com REVISTA\" \/>\t\t\t\t\t\t\t\t\t\t\t<figcaption class=\"widget-image-caption wp-caption-text\">El idioma espa\u00f1ol, aunque es cambiante, es vivo, por las interpretaciones que recibe. <\/figcaption>\n\t\t\t\t\t\t\t\t\t\t<\/figure>\n\t\t\t\t\t\t\t\t\t<\/div>\n\t\t\t\t\t<\/div>\n\t\t\t\t<\/div>\n\t\t<div data-particle_enable=\"false\" data-particle-mobile-disabled=\"false\" class=\"elementor-element elementor-element-f7e7991 e-flex e-con-boxed e-con e-parent\" data-id=\"f7e7991\" data-element_type=\"container\" data-e-type=\"container\">\n\t\t\t\t\t<div class=\"e-con-inner\">\n\t\t\t\t<div class=\"elementor-element elementor-element-18dfc0b elementor-widget elementor-widget-heading\" data-id=\"18dfc0b\" data-element_type=\"widget\" data-e-type=\"widget\" data-widget_type=\"heading.default\">\n\t\t\t\t\t<h3 class=\"elementor-heading-title elementor-size-default\">El espa\u00f1ol que cambia con la geograf\u00eda<\/h3>\t\t\t\t<\/div>\n\t\t\t\t\t<\/div>\n\t\t\t\t<\/div>\n\t\t<div data-particle_enable=\"false\" data-particle-mobile-disabled=\"false\" class=\"elementor-element elementor-element-ca85480 e-flex e-con-boxed e-con e-parent\" data-id=\"ca85480\" data-element_type=\"container\" data-e-type=\"container\">\n\t\t\t\t\t<div class=\"e-con-inner\">\n\t\t\t\t<div class=\"elementor-element elementor-element-00ced35 elementor-widget elementor-widget-text-editor\" data-id=\"00ced35\" data-element_type=\"widget\" data-e-type=\"widget\" data-widget_type=\"text-editor.default\">\n\t\t\t\t\t\t\t\t\t<div>En Guatemala decimos aguacate, en M\u00e9xico tambi\u00e9n, pero en algunos pa\u00edses de Centroam\u00e9rica puede escucharse como palta. <a href=\"https:\/\/soymigrante.com\/revista\/por-que-y-desde-cuando-existe-el-mes-de-la-herencia-hispana-en-usa\/\" target=\"_blank\" rel=\"noopener\">Lo mismo ocurre con palabras cotidianas:<\/a><\/div><div><strong>\u2022Autob\u00fas:<\/strong> en Guatemala es camioneta o bus, en M\u00e9xico cami\u00f3n, en Espa\u00f1a autob\u00fas y en Argentina colectivo.<\/div><div><strong>\u2022Popote:<\/strong> los mexicanos usan esta palabra para referirse al sorbete, en Guatemala y Honduras se dice pajilla, en Espa\u00f1a ca\u00f1ita y en otros pa\u00edses simplemente pitillo.<\/div><div><strong>\u2022Frijoles:<\/strong> en Centroam\u00e9rica es com\u00fan decir frijoles, mientras en Cuba se les llama caraotas y en otros lugares porotos.<\/div><div><strong>\u2022Camisa sin mangas:<\/strong> en Guatemala se le dice playera, en M\u00e9xico camiseta, en Argentina remera y en Espa\u00f1a polo.<\/div><div>\u00a0<\/div><div>Estas variaciones, lejos de dividir, enriquecen el idioma y son un reflejo de las historias, costumbres y contextos en los que cada comunidad hispana ha crecido.<\/div>\t\t\t\t\t\t\t\t<\/div>\n\t\t\t\t\t<\/div>\n\t\t\t\t<\/div>\n\t\t<div data-particle_enable=\"false\" data-particle-mobile-disabled=\"false\" class=\"elementor-element elementor-element-1a84455 e-flex e-con-boxed e-con e-parent\" data-id=\"1a84455\" data-element_type=\"container\" data-e-type=\"container\">\n\t\t\t\t\t<div class=\"e-con-inner\">\n\t\t\t\t<div class=\"elementor-element elementor-element-c37016f elementor-widget elementor-widget-heading\" data-id=\"c37016f\" data-element_type=\"widget\" data-e-type=\"widget\" data-widget_type=\"heading.default\">\n\t\t\t\t\t<h3 class=\"elementor-heading-title elementor-size-default\">Un puente cultural<\/h3>\t\t\t\t<\/div>\n\t\t\t\t\t<\/div>\n\t\t\t\t<\/div>\n\t\t<div data-particle_enable=\"false\" data-particle-mobile-disabled=\"false\" class=\"elementor-element elementor-element-cab9373 e-flex e-con-boxed e-con e-parent\" data-id=\"cab9373\" data-element_type=\"container\" data-e-type=\"container\">\n\t\t\t\t\t<div class=\"e-con-inner\">\n\t\t\t\t<div class=\"elementor-element elementor-element-cb3ab76 elementor-widget elementor-widget-text-editor\" data-id=\"cb3ab76\" data-element_type=\"widget\" data-e-type=\"widget\" data-widget_type=\"text-editor.default\">\n\t\t\t\t\t\t\t\t\t<p>El Mes de la Herencia Hispana no solo conmemora el pasado, tambi\u00e9n celebra el presente y el futuro de millones de hispanos que han hecho de Estados Unidos su hogar. En cada familia migrante, el idioma se convierte en un puente intergeneracional: mientras los hijos aprenden ingl\u00e9s en la escuela, en casa escuchan las m\u00faltiples formas de llamar a un mismo objeto, dependiendo de la ra\u00edz cultural de los padres.<\/p><p>Ese fen\u00f3meno crea un mosaico \u00fanico: j\u00f3venes que entienden que guagua puede ser tanto un autob\u00fas en Puerto Rico como un beb\u00e9 en Chile, o que pedir una torta en M\u00e9xico significa un pan relleno, mientras en Guatemala es un pastel dulce.<\/p>\t\t\t\t\t\t\t\t<\/div>\n\t\t\t\t\t<\/div>\n\t\t\t\t<\/div>\n\t\t<div data-particle_enable=\"false\" data-particle-mobile-disabled=\"false\" class=\"elementor-element elementor-element-6e5f2df e-flex e-con-boxed e-con e-parent\" data-id=\"6e5f2df\" data-element_type=\"container\" data-e-type=\"container\">\n\t\t\t\t\t<div class=\"e-con-inner\">\n\t\t\t\t<div class=\"elementor-element elementor-element-1b4ed4f elementor-widget elementor-widget-image\" data-id=\"1b4ed4f\" data-element_type=\"widget\" data-e-type=\"widget\" data-widget_type=\"image.default\">\n\t\t\t\t\t\t\t\t\t\t\t\t<figure class=\"wp-caption\">\n\t\t\t\t\t\t\t\t\t\t<img decoding=\"async\" width=\"1024\" height=\"572\" src=\"https:\/\/soymigrante.com\/revista\/wp-content\/uploads\/2025\/09\/mes-de-la-hispanidad-2-1024x572.jpeg\" class=\"attachment-large size-large wp-image-45023\" alt=\"El idioma es rico en interpretaciones.\" srcset=\"https:\/\/soymigrante.com\/revista\/wp-content\/uploads\/2025\/09\/mes-de-la-hispanidad-2-1024x572.jpeg 1024w, https:\/\/soymigrante.com\/revista\/wp-content\/uploads\/2025\/09\/mes-de-la-hispanidad-2-300x168.jpeg 300w, https:\/\/soymigrante.com\/revista\/wp-content\/uploads\/2025\/09\/mes-de-la-hispanidad-2-768x429.jpeg 768w, https:\/\/soymigrante.com\/revista\/wp-content\/uploads\/2025\/09\/mes-de-la-hispanidad-2-1536x858.jpeg 1536w, https:\/\/soymigrante.com\/revista\/wp-content\/uploads\/2025\/09\/mes-de-la-hispanidad-2-750x419.jpeg 750w, https:\/\/soymigrante.com\/revista\/wp-content\/uploads\/2025\/09\/mes-de-la-hispanidad-2-1140x637.jpeg 1140w, https:\/\/soymigrante.com\/revista\/wp-content\/uploads\/2025\/09\/mes-de-la-hispanidad-2.jpeg 1600w\" sizes=\"(max-width: 1024px) 100vw, 1024px\" title=\"El idioma es rico en interpretaciones. \u2013 SoyMigrante.com REVISTA\" \/>\t\t\t\t\t\t\t\t\t\t\t<figcaption class=\"widget-image-caption wp-caption-text\">El idioma es rico en interpretaciones.<\/figcaption>\n\t\t\t\t\t\t\t\t\t\t<\/figure>\n\t\t\t\t\t\t\t\t\t<\/div>\n\t\t\t\t\t<\/div>\n\t\t\t\t<\/div>\n\t\t<div data-particle_enable=\"false\" data-particle-mobile-disabled=\"false\" class=\"elementor-element elementor-element-d1a43bb e-flex e-con-boxed e-con e-parent\" data-id=\"d1a43bb\" data-element_type=\"container\" data-e-type=\"container\">\n\t\t\t\t\t<div class=\"e-con-inner\">\n\t\t\t\t<div class=\"elementor-element elementor-element-8fd6aea elementor-widget elementor-widget-heading\" data-id=\"8fd6aea\" data-element_type=\"widget\" data-e-type=\"widget\" data-widget_type=\"heading.default\">\n\t\t\t\t\t<h3 class=\"elementor-heading-title elementor-size-default\">El valor de la diversidad ling\u00fc\u00edstica<\/h3>\t\t\t\t<\/div>\n\t\t\t\t\t<\/div>\n\t\t\t\t<\/div>\n\t\t<div data-particle_enable=\"false\" data-particle-mobile-disabled=\"false\" class=\"elementor-element elementor-element-b253bf5 e-flex e-con-boxed e-con e-parent\" data-id=\"b253bf5\" data-element_type=\"container\" data-e-type=\"container\">\n\t\t\t\t\t<div class=\"e-con-inner\">\n\t\t\t\t<div class=\"elementor-element elementor-element-4a24d14 elementor-widget elementor-widget-text-editor\" data-id=\"4a24d14\" data-element_type=\"widget\" data-e-type=\"widget\" data-widget_type=\"text-editor.default\">\n\t\t\t\t\t\t\t\t\t<p><a href=\"https:\/\/soymigrante.com\/revista\/por-que-y-desde-cuando-existe-el-mes-de-la-herencia-hispana-en-usa\/\" target=\"_blank\" rel=\"noopener\">M\u00e1s que confundir, estas diferencias muestran la riqueza del espa\u00f1ol como lengua viva<\/a>. Cada palabra lleva consigo un pedazo de historia y de identidad, record\u00e1ndonos que el idioma evoluciona con los pueblos que lo hablan.<\/p><p>En el marco del Mes de la Herencia Hispana, este fen\u00f3meno ling\u00fc\u00edstico se celebra como una prueba de que, aunque las palabras cambien, el lazo cultural permanece intacto.<\/p>\t\t\t\t\t\t\t\t<\/div>\n\t\t\t\t\t<\/div>\n\t\t\t\t<\/div>\n\t\t<div data-particle_enable=\"false\" data-particle-mobile-disabled=\"false\" class=\"elementor-element elementor-element-11489fa e-flex e-con-boxed e-con e-parent\" data-id=\"11489fa\" data-element_type=\"container\" data-e-type=\"container\">\n\t\t\t\t\t<div class=\"e-con-inner\">\n\t\t\t\t<div class=\"elementor-element elementor-element-fec990f elementor-widget elementor-widget-heading\" data-id=\"fec990f\" data-element_type=\"widget\" data-e-type=\"widget\" data-widget_type=\"heading.default\">\n\t\t\t\t\t<h2 class=\"elementor-heading-title elementor-size-default\">Conoce m\u00e1s de la herencia hispana, ac\u00e1...<\/h2>\t\t\t\t<\/div>\n\t\t\t\t\t<\/div>\n\t\t\t\t<\/div>\n\t\t<div data-particle_enable=\"false\" data-particle-mobile-disabled=\"false\" class=\"elementor-element elementor-element-2a456f8 e-flex e-con-boxed e-con e-parent\" data-id=\"2a456f8\" data-element_type=\"container\" data-e-type=\"container\">\n\t\t\t\t\t<div class=\"e-con-inner\">\n\t\t\t\t<div class=\"elementor-element elementor-element-83c0615 elementor-grid-eael-col-3 elementor-grid-tablet-eael-col-2 elementor-grid-mobile-eael-col-1 elementor-widget elementor-widget-eael-post-grid\" data-id=\"83c0615\" data-element_type=\"widget\" data-e-type=\"widget\" data-settings=\"{&quot;eael_post_grid_columns&quot;:&quot;eael-col-3&quot;,&quot;eael_post_grid_columns_tablet&quot;:&quot;eael-col-2&quot;,&quot;eael_post_grid_columns_mobile&quot;:&quot;eael-col-1&quot;}\" data-widget_type=\"eael-post-grid.default\">\n\t\t\t\t\t<div id=\"eael-post-grid-83c0615\" class=\"eael-post-grid-container\">\n            <div class=\"eael-post-grid eael-post-appender eael-post-appender-83c0615 eael-post-grid-style-one\" data-layout-mode=\"masonry\"><article class=\"eael-grid-post  eael-post-grid-column eael-pg-post-52557 category-arte-cultura-guate-nuestra tags-danzas-de-guatemala\" data-id=\"52557\">\n        <div class=\"eael-grid-post-holder\">\n            <div class=\"eael-grid-post-holder-inner\"><div class=\"eael-entry-media\"><div class=\"eael-entry-overlay fade-in\"><i class=\"far fa-hand-pointer\" aria-hidden=\"true\"><\/i><a href=\"https:\/\/soymigrante.com\/revista\/el-legendario-baile-de-gigantes-siempre-encanta-en-la-antigua-guatemala-sumpango-y-otros-municipios\/\"><\/a><\/div><div class=\"eael-entry-thumbnail eael-image-ratio\">\n                <img decoding=\"async\" width=\"1024\" height=\"1024\" src=\"https:\/\/soymigrante.com\/revista\/wp-content\/uploads\/2026\/02\/baile-de-gigantes-antigua-guatemala-1024x1024.png\" class=\"attachment-large size-large wp-image-52558\" alt=\"baile de gigantes antigua guatemala\" srcset=\"https:\/\/soymigrante.com\/revista\/wp-content\/uploads\/2026\/02\/baile-de-gigantes-antigua-guatemala-1024x1024.png 1024w, https:\/\/soymigrante.com\/revista\/wp-content\/uploads\/2026\/02\/baile-de-gigantes-antigua-guatemala-300x300.png 300w, https:\/\/soymigrante.com\/revista\/wp-content\/uploads\/2026\/02\/baile-de-gigantes-antigua-guatemala-150x150.png 150w, https:\/\/soymigrante.com\/revista\/wp-content\/uploads\/2026\/02\/baile-de-gigantes-antigua-guatemala-768x768.png 768w, https:\/\/soymigrante.com\/revista\/wp-content\/uploads\/2026\/02\/baile-de-gigantes-antigua-guatemala-75x75.png 75w, https:\/\/soymigrante.com\/revista\/wp-content\/uploads\/2026\/02\/baile-de-gigantes-antigua-guatemala-750x750.png 750w, https:\/\/soymigrante.com\/revista\/wp-content\/uploads\/2026\/02\/baile-de-gigantes-antigua-guatemala-1140x1140.png 1140w, https:\/\/soymigrante.com\/revista\/wp-content\/uploads\/2026\/02\/baile-de-gigantes-antigua-guatemala.png 1220w\" sizes=\"(max-width: 1024px) 100vw, 1024px\" \/>\n            <\/div>\n        <\/div><div class=\"eael-entry-wrapper\"><header class=\"eael-entry-header\"><h2 class=\"eael-entry-title\"><a class=\"eael-grid-post-link\" href=\"https:\/\/soymigrante.com\/revista\/el-legendario-baile-de-gigantes-siempre-encanta-en-la-antigua-guatemala-sumpango-y-otros-municipios\/\" title=\"El legendario Baile de Gigantes siempre encanta en la Antigua Guatemala, Sumpango y otros municipios.\">El legendario Baile de Gigantes siempre encanta en la Antigua Guatemala, Sumpango y otros municipios.<\/a><\/h2><\/header><div class=\"eael-entry-content\">\n                        <div class=\"eael-grid-post-excerpt\"><a href=\"https:\/\/soymigrante.com\/revista\/el-legendario-baile-de-gigantes-siempre-encanta-en-la-antigua-guatemala-sumpango-y-otros-municipios\/\" class=\"eael-post-elements-readmore-btn\">CONOCE SU HISTORIA <\/a><\/div>\n                    <\/div><\/div><\/div>\n        <\/div>\n    <\/article><article class=\"eael-grid-post  eael-post-grid-column eael-pg-post-18491 category-exitos\" data-id=\"18491\">\n        <div class=\"eael-grid-post-holder\">\n            <div class=\"eael-grid-post-holder-inner\"><div class=\"eael-entry-media\"><div class=\"eael-entry-overlay fade-in\"><i class=\"far fa-hand-pointer\" aria-hidden=\"true\"><\/i><a href=\"https:\/\/soymigrante.com\/revista\/10-historias-de-guatemaltecas-triunfadoras-en-usa-top-2024\/\"><\/a><\/div><div class=\"eael-entry-thumbnail eael-image-ratio\">\n                <img loading=\"lazy\" decoding=\"async\" width=\"1024\" height=\"1024\" src=\"https:\/\/soymigrante.com\/revista\/wp-content\/uploads\/2024\/12\/guatemaltecas-1024x1024.jpg\" class=\"attachment-large size-large wp-image-18499\" alt=\"Mujeres migrantes participando en eventos culturales y sociales en M\u00e9xico, destacando su influencia en la comunidad migrante y su presencia en la revista SoyMigrante.com REVISTA.\" srcset=\"https:\/\/soymigrante.com\/revista\/wp-content\/uploads\/2024\/12\/guatemaltecas-1024x1024.jpg 1024w, https:\/\/soymigrante.com\/revista\/wp-content\/uploads\/2024\/12\/guatemaltecas-300x300.jpg 300w, https:\/\/soymigrante.com\/revista\/wp-content\/uploads\/2024\/12\/guatemaltecas-150x150.jpg 150w, https:\/\/soymigrante.com\/revista\/wp-content\/uploads\/2024\/12\/guatemaltecas-768x768.jpg 768w, https:\/\/soymigrante.com\/revista\/wp-content\/uploads\/2024\/12\/guatemaltecas-75x75.webp 75w, https:\/\/soymigrante.com\/revista\/wp-content\/uploads\/2024\/12\/guatemaltecas-750x750.webp 750w, https:\/\/soymigrante.com\/revista\/wp-content\/uploads\/2024\/12\/guatemaltecas.webp 1080w\" sizes=\"(max-width: 1024px) 100vw, 1024px\" \/>\n            <\/div>\n        <\/div><div class=\"eael-entry-wrapper\"><header class=\"eael-entry-header\"><h2 class=\"eael-entry-title\"><a class=\"eael-grid-post-link\" href=\"https:\/\/soymigrante.com\/revista\/10-historias-de-guatemaltecas-triunfadoras-en-usa-top-2024\/\" title=\"10 historias de guatemaltecas triunfadoras en USA llenas de valores e inspiraci\u00f3n\">10 historias de guatemaltecas triunfadoras en USA llenas de valores e inspiraci\u00f3n<\/a><\/h2><\/header><div class=\"eael-entry-content\">\n                        <div class=\"eael-grid-post-excerpt\"><a href=\"https:\/\/soymigrante.com\/revista\/10-historias-de-guatemaltecas-triunfadoras-en-usa-top-2024\/\" class=\"eael-post-elements-readmore-btn\">CONOCE SU HISTORIA <\/a><\/div>\n                    <\/div><\/div><\/div>\n        <\/div>\n    <\/article><article class=\"eael-grid-post  eael-post-grid-column eael-pg-post-43400 category-arte-cultura\" data-id=\"43400\">\n        <div class=\"eael-grid-post-holder\">\n            <div class=\"eael-grid-post-holder-inner\"><div class=\"eael-entry-media\"><div class=\"eael-entry-overlay fade-in\"><i class=\"far fa-hand-pointer\" aria-hidden=\"true\"><\/i><a href=\"https:\/\/soymigrante.com\/revista\/efrain-recinos-un-genio-del-arte-guatemalteco-que-vivira-siempre\/\"><\/a><\/div><div class=\"eael-entry-thumbnail eael-image-ratio\">\n                <img loading=\"lazy\" decoding=\"async\" width=\"421\" height=\"416\" src=\"https:\/\/soymigrante.com\/revista\/wp-content\/uploads\/2025\/09\/Guatemalita-de-Efrain-Recinos.png\" class=\"attachment-large size-large wp-image-43608\" alt=\"Guatemalita de Efra\u00edn Recinos\" srcset=\"https:\/\/soymigrante.com\/revista\/wp-content\/uploads\/2025\/09\/Guatemalita-de-Efrain-Recinos.png 421w, https:\/\/soymigrante.com\/revista\/wp-content\/uploads\/2025\/09\/Guatemalita-de-Efrain-Recinos-300x296.png 300w, https:\/\/soymigrante.com\/revista\/wp-content\/uploads\/2025\/09\/Guatemalita-de-Efrain-Recinos-75x75.png 75w\" sizes=\"(max-width: 421px) 100vw, 421px\" \/>\n            <\/div>\n        <\/div><div class=\"eael-entry-wrapper\"><header class=\"eael-entry-header\"><h2 class=\"eael-entry-title\"><a class=\"eael-grid-post-link\" href=\"https:\/\/soymigrante.com\/revista\/efrain-recinos-un-genio-del-arte-guatemalteco-que-vivira-siempre\/\" title=\"Mira arte guatemalteco: Efra\u00edn Recinos, un genio que sigue a la vista de todos\">Mira arte guatemalteco: Efra\u00edn Recinos, un genio que sigue a la vista de todos<\/a><\/h2><\/header><div class=\"eael-entry-content\">\n                        <div class=\"eael-grid-post-excerpt\"><a href=\"https:\/\/soymigrante.com\/revista\/efrain-recinos-un-genio-del-arte-guatemalteco-que-vivira-siempre\/\" class=\"eael-post-elements-readmore-btn\">CONOCE SU HISTORIA <\/a><\/div>\n                    <\/div><\/div><\/div>\n        <\/div>\n    <\/article><\/div>\n            <div class=\"clearfix\"><\/div>\n        <\/div>            <div class=\"eael-load-more-button-wrap eael-force-hide\">\n                <button class=\"eael-load-more-button\" id=\"eael-load-more-btn-83c0615\" data-widget-id=\"83c0615\" data-widget=\"83c0615\" data-page-id=\"45003\" data-template=\"{&quot;dir&quot;:&quot;lite&quot;,&quot;file_name&quot;:&quot;one.php&quot;,&quot;name&quot;:&quot;Post-Grid&quot;}\" data-class=\"Essential_Addons_Elementor\\Elements\\Post_Grid\" data-layout=\"masonry\" data-page=\"1\" data-args=\"orderby=rand&amp;order=desc&amp;ignore_sticky_posts=1&amp;post_status=publish&amp;posts_per_page=3&amp;offset=0&amp;post_type=post\" data-max-page=\"735\">\n                    <span class=\"eael-btn-loader button__loader\"><\/span>\n                    <span class=\"eael_load_more_text\">Load More<\/span>\n                <\/button>\n            <\/div>\n            \t\t\t\t<\/div>\n\t\t\t\t\t<\/div>\n\t\t\t\t<\/div>\n\t\t\t\t<\/div>\n\t\t","protected":false},"excerpt":{"rendered":"<p>Un mismo idioma, pero con muchas formas de percibir, escribir y hasta entender, esto en el Mes de la Herencia Hispana. Cada a\u00f1o, del 15 de septiembre al 15 de octubre, Estados Unidos celebra el Mes de la Herencia Hispana, un espacio dedicado a honrar la cultura, tradiciones y aportes de las comunidades hispanas. Entre [&hellip;]<\/p>\n","protected":false},"author":19,"featured_media":45274,"comment_status":"open","ping_status":"open","sticky":false,"template":"","format":"standard","meta":{"_acf_changed":false,"_eb_attr":"","footnotes":""},"categories":[54],"tags":[],"class_list":["post-45003","post","type-post","status-publish","format-standard","has-post-thumbnail","hentry","category-estamos-unidos"],"acf":[],"aioseo_notices":[],"aioseo_head":"\n\t\t<!-- All in One SEO Pro 4.9.6.2 - aioseo.com -->\n\t<meta name=\"description\" content=\"El arte de Efra\u00edn Recinos (1928-2011) est\u00e1 por todas partes pero sin duda su mayor obra es el Gran Teatro Nacional. Due\u00f1o de un estilo \u00fanico e irrepetible, imagin\u00f3 y cre\u00f3.\" \/>\n\t<meta name=\"robots\" content=\"max-snippet:-1, max-image-preview:large, max-video-preview:-1\" \/>\n\t<meta name=\"author\" content=\"Marysabel Aldana\"\/>\n\t<link rel=\"canonical\" href=\"https:\/\/soymigrante.com\/revista\/efrain-recinos-un-genio-del-arte-guatemalteco-que-vivira-siempre\/\" \/>\n\t<meta name=\"generator\" content=\"All in One SEO Pro (AIOSEO) 4.9.6.2\" \/>\n\n\t\t<link rel=\"preconnect\" href=\"https:\/\/fonts.googleapis.com\" crossorigin>\n<link rel=\"preconnect\" href=\"https:\/\/fonts.gstatic.com\" crossorigin>\n\t\t<meta property=\"og:locale\" content=\"es_ES\" \/>\n\t\t<meta property=\"og:site_name\" content=\"SoyMigrante.com REVISTA \u2013 Nuestra misi\u00f3n es reconocer y dignificar al migrante.\" \/>\n\t\t<meta property=\"og:type\" content=\"article\" \/>\n\t\t<meta property=\"og:title\" content=\"Efra\u00edn Recinos y su genio monumental vive por siempre\" \/>\n\t\t<meta property=\"og:description\" content=\"El arte de Efra\u00edn Recinos (1928-2011) est\u00e1 por todas partes pero sin duda su mayor obra es el Gran Teatro Nacional. Due\u00f1o de un estilo \u00fanico e irrepetible, imagin\u00f3 y cre\u00f3.\" \/>\n\t\t<meta property=\"og:url\" content=\"https:\/\/soymigrante.com\/revista\/efrain-recinos-un-genio-del-arte-guatemalteco-que-vivira-siempre\/\" \/>\n\t\t<meta property=\"og:image\" content=\"https:\/\/soymigrante.com\/revista\/wp-content\/uploads\/2025\/09\/Guatemalita-de-Efrain-Recinos.png\" \/>\n\t\t<meta property=\"og:image:secure_url\" content=\"https:\/\/soymigrante.com\/revista\/wp-content\/uploads\/2025\/09\/Guatemalita-de-Efrain-Recinos.png\" \/>\n\t\t<meta property=\"og:image:width\" content=\"421\" \/>\n\t\t<meta property=\"og:image:height\" content=\"416\" \/>\n\t\t<meta property=\"article:published_time\" content=\"2025-09-03T14:00:00+00:00\" \/>\n\t\t<meta property=\"article:modified_time\" content=\"2025-10-30T15:27:12+00:00\" \/>\n\t\t<meta property=\"article:publisher\" content=\"https:\/\/www.facebook.com\/soymigrantecom\" \/>\n\t\t<meta name=\"twitter:card\" content=\"summary_large_image\" \/>\n\t\t<meta name=\"twitter:site\" content=\"@SoyMigrante_com\" \/>\n\t\t<meta name=\"twitter:title\" content=\"Efra\u00edn Recinos y su genio monumental vive por siempre\" \/>\n\t\t<meta name=\"twitter:description\" content=\"El arte de Efra\u00edn Recinos (1928-2011) est\u00e1 por todas partes pero sin duda su mayor obra es el Gran Teatro Nacional. Due\u00f1o de un estilo \u00fanico e irrepetible, imagin\u00f3 y cre\u00f3.\" \/>\n\t\t<meta name=\"twitter:creator\" content=\"@SoyMigrante_com\" \/>\n\t\t<meta name=\"twitter:image\" content=\"https:\/\/soymigrante.com\/revista\/wp-content\/uploads\/2025\/09\/Guatemalita-de-Efrain-Recinos.png\" \/>\n\t\t<!-- All in One SEO Pro -->\r\n\t\t<title>Efra\u00edn Recinos y su genio monumental vive por siempre<\/title>\n\n","aioseo_head_json":{"title":"Efra\u00edn Recinos y su genio monumental vive por siempre","description":"El arte de Efra\u00edn Recinos (1928-2011) est\u00e1 por todas partes pero sin duda su mayor obra es el Gran Teatro Nacional. Due\u00f1o de un estilo \u00fanico e irrepetible, imagin\u00f3 y cre\u00f3.","canonical_url":"https:\/\/soymigrante.com\/revista\/efrain-recinos-un-genio-del-arte-guatemalteco-que-vivira-siempre\/","robots":"max-snippet:-1, max-image-preview:large, max-video-preview:-1","keywords":"","webmasterTools":{"miscellaneous":"&lt;link rel=\"preconnect\" href=\"https:\/\/fonts.googleapis.com\" crossorigin&gt;\n&lt;link rel=\"preconnect\" href=\"https:\/\/fonts.gstatic.com\" crossorigin&gt;"},"schema":null,"og:locale":"es_ES","og:site_name":"SoyMigrante.com REVISTA \u2013 Nuestra misi\u00f3n es reconocer y dignificar al migrante.","og:type":"article","og:title":"Efra\u00edn Recinos y su genio monumental vive por siempre","og:description":"El arte de Efra\u00edn Recinos (1928-2011) est\u00e1 por todas partes pero sin duda su mayor obra es el Gran Teatro Nacional. Due\u00f1o de un estilo \u00fanico e irrepetible, imagin\u00f3 y cre\u00f3.","og:url":"https:\/\/soymigrante.com\/revista\/efrain-recinos-un-genio-del-arte-guatemalteco-que-vivira-siempre\/","og:image":"https:\/\/soymigrante.com\/revista\/wp-content\/uploads\/2025\/09\/Guatemalita-de-Efrain-Recinos.png","og:image:secure_url":"https:\/\/soymigrante.com\/revista\/wp-content\/uploads\/2025\/09\/Guatemalita-de-Efrain-Recinos.png","og:image:width":421,"og:image:height":416,"article:published_time":"2025-09-03T14:00:00+00:00","article:modified_time":"2025-10-30T15:27:12+00:00","article:publisher":"https:\/\/www.facebook.com\/soymigrantecom","twitter:card":"summary_large_image","twitter:site":"@SoyMigrante_com","twitter:title":"Efra\u00edn Recinos y su genio monumental vive por siempre","twitter:description":"El arte de Efra\u00edn Recinos (1928-2011) est\u00e1 por todas partes pero sin duda su mayor obra es el Gran Teatro Nacional. Due\u00f1o de un estilo \u00fanico e irrepetible, imagin\u00f3 y cre\u00f3.","twitter:creator":"@SoyMigrante_com","twitter:image":"https:\/\/soymigrante.com\/revista\/wp-content\/uploads\/2025\/09\/Guatemalita-de-Efrain-Recinos.png"},"aioseo_meta_data":{"post_id":"45003","title":null,"description":"Un mismo idioma, pero con muchas formas de percibir, escribir y hasta entender, esto en el Mes de la Herencia Hispana.","keywords":null,"keyphrases":{"focus":{"keyphrase":"Mes de la Herencia Hispana","score":78,"analysis":{"keyphraseInTitle":{"score":9,"maxScore":9,"error":0},"keyphraseInDescription":{"score":9,"maxScore":9,"error":0},"keyphraseLength":{"score":6,"maxScore":9,"error":1,"length":5},"keyphraseInURL":{"score":5,"maxScore":5,"error":0},"keyphraseInIntroduction":{"score":9,"maxScore":9,"error":0},"keyphraseInSubHeadings":{"score":3,"maxScore":9,"error":1},"keyphraseInImageAlt":{"score":3,"maxScore":9,"error":1},"keywordDensity":{"type":"best","score":9,"maxScore":9,"error":0}}},"additional":[{"keyphrase":"idioma","score":100,"analysis":{"keyphraseInDescription":{"score":9,"maxScore":9,"error":0},"keyphraseLength":{"score":9,"maxScore":9,"error":0,"length":1},"keyphraseInIntroduction":{"score":9,"maxScore":9,"error":0},"keyphraseInImageAlt":{"score":9,"maxScore":9,"error":0},"keywordDensity":{"type":"best","score":9,"maxScore":9,"error":0}}}]},"primary_term":null,"canonical_url":null,"og_title":null,"og_description":null,"og_object_type":"default","og_image_type":"default","og_image_url":null,"og_image_width":null,"og_image_height":null,"og_image_custom_url":null,"og_image_custom_fields":null,"og_video":"","og_custom_url":null,"og_article_section":null,"og_article_tags":null,"twitter_use_og":false,"twitter_card":"default","twitter_image_type":"default","twitter_image_url":null,"twitter_image_custom_url":null,"twitter_image_custom_fields":null,"twitter_title":null,"twitter_description":null,"schema":{"blockGraphs":[],"customGraphs":[],"default":{"data":{"Article":[],"Course":[],"Dataset":[],"FAQPage":[],"Movie":[],"Person":[],"Product":[],"ProductReview":[],"Car":[],"Recipe":[],"Service":[],"SoftwareApplication":[],"WebPage":[]},"graphName":"none","isEnabled":true},"graphs":[]},"schema_type":"default","schema_type_options":null,"pillar_content":false,"robots_default":true,"robots_noindex":false,"robots_noarchive":false,"robots_nosnippet":false,"robots_nofollow":false,"robots_noimageindex":false,"robots_noodp":false,"robots_notranslate":false,"robots_max_snippet":"-1","robots_max_videopreview":"-1","robots_max_imagepreview":"large","priority":null,"frequency":"default","local_seo":null,"seo_analyzer_scan_date":"2025-10-09 08:35:01","breadcrumb_settings":null,"limit_modified_date":false,"reviewed_by":"0","open_ai":null,"ai":{"faqs":[],"keyPoints":[],"titles":[],"descriptions":[],"socialPosts":{"email":[],"linkedin":[],"twitter":[],"facebook":[],"instagram":[]}},"created":"2025-09-16 17:58:09","updated":"2026-02-05 05:01:55"},"aioseo_breadcrumb":"<div class=\"aioseo-breadcrumbs\"><span class=\"aioseo-breadcrumb\">\n\t<a href=\"https:\/\/soymigrante.com\/revista\" title=\"Home\">Home<\/a>\n<\/span><span class=\"aioseo-breadcrumb-separator\">\u00bb<\/span><span class=\"aioseo-breadcrumb\">\n\t<a href=\"https:\/\/soymigrante.com\/revista\/category\/estamos-unidos\/\" title=\"Estamos Unidos\">Estamos Unidos<\/a>\n<\/span><span class=\"aioseo-breadcrumb-separator\">\u00bb<\/span><span class=\"aioseo-breadcrumb\">\n\tMes de la Herencia Hispana: un mismo idioma con muchos rostros y voces\n<\/span><\/div>","aioseo_breadcrumb_json":[{"label":"Home","link":"https:\/\/soymigrante.com\/revista"},{"label":"Estamos Unidos","link":"https:\/\/soymigrante.com\/revista\/category\/estamos-unidos\/"},{"label":"Mes de la Herencia Hispana: un mismo idioma con muchos rostros y voces","link":"https:\/\/soymigrante.com\/revista\/mes-de-la-herencia-hispana-un-mismo-idioma-con-muchos-rostros-y-voces\/"}],"_links":{"self":[{"href":"https:\/\/soymigrante.com\/revista\/wp-json\/wp\/v2\/posts\/45003","targetHints":{"allow":["GET"]}}],"collection":[{"href":"https:\/\/soymigrante.com\/revista\/wp-json\/wp\/v2\/posts"}],"about":[{"href":"https:\/\/soymigrante.com\/revista\/wp-json\/wp\/v2\/types\/post"}],"author":[{"embeddable":true,"href":"https:\/\/soymigrante.com\/revista\/wp-json\/wp\/v2\/users\/19"}],"replies":[{"embeddable":true,"href":"https:\/\/soymigrante.com\/revista\/wp-json\/wp\/v2\/comments?post=45003"}],"version-history":[{"count":13,"href":"https:\/\/soymigrante.com\/revista\/wp-json\/wp\/v2\/posts\/45003\/revisions"}],"predecessor-version":[{"id":45277,"href":"https:\/\/soymigrante.com\/revista\/wp-json\/wp\/v2\/posts\/45003\/revisions\/45277"}],"wp:featuredmedia":[{"embeddable":true,"href":"https:\/\/soymigrante.com\/revista\/wp-json\/wp\/v2\/media\/45274"}],"wp:attachment":[{"href":"https:\/\/soymigrante.com\/revista\/wp-json\/wp\/v2\/media?parent=45003"}],"wp:term":[{"taxonomy":"category","embeddable":true,"href":"https:\/\/soymigrante.com\/revista\/wp-json\/wp\/v2\/categories?post=45003"},{"taxonomy":"post_tag","embeddable":true,"href":"https:\/\/soymigrante.com\/revista\/wp-json\/wp\/v2\/tags?post=45003"}],"curies":[{"name":"wp","href":"https:\/\/api.w.org\/{rel}","templated":true}]}}