{"id":44861,"date":"2025-09-16T08:41:19","date_gmt":"2025-09-16T14:41:19","guid":{"rendered":"https:\/\/soymigrante.com\/revista\/?p=44861"},"modified":"2025-09-16T12:21:03","modified_gmt":"2025-09-16T18:21:03","slug":"revista-time-incluye-a-migrante-guatemalteco-gustavo-ajche-en-lista-de-los-12-lideres-latinos-2025","status":"publish","type":"post","link":"https:\/\/soymigrante.com\/revista\/revista-time-incluye-a-migrante-guatemalteco-gustavo-ajche-en-lista-de-los-12-lideres-latinos-2025\/","title":{"rendered":"Revista Time incluye a migrante guatemalteco Gustavo Ajch\u00e9, en lista de los 12 L\u00edderes Latinos 2025"},"content":{"rendered":"\t\t<div data-elementor-type=\"wp-post\" data-elementor-id=\"44861\" class=\"elementor elementor-44861\" data-elementor-post-type=\"post\">\n\t\t\t\t<div data-particle_enable=\"false\" data-particle-mobile-disabled=\"false\" class=\"elementor-element elementor-element-7afb5b5 e-flex e-con-boxed e-con e-parent\" data-id=\"7afb5b5\" data-element_type=\"container\" data-e-type=\"container\">\n\t\t\t\t\t<div class=\"e-con-inner\">\n\t\t\t\t<div class=\"elementor-element elementor-element-b7b5d3c elementor-widget elementor-widget-heading\" data-id=\"b7b5d3c\" data-element_type=\"widget\" data-e-type=\"widget\" data-widget_type=\"heading.default\">\n\t\t\t\t\t<h2 class=\"elementor-heading-title elementor-size-default\">El migrante guatemalteco Gustavo Ajch\u00e9, es cofundador de Deliveristas Unidos, que vela por los derechos de los trabajadores de entrega a domicilio, con m\u00e1s de 5 mil afiliados en Nueva York. Time Magazine destaca su liderazgo positivo.<\/h2>\t\t\t\t<\/div>\n\t\t\t\t\t<\/div>\n\t\t\t\t<\/div>\n\t\t<div data-particle_enable=\"false\" data-particle-mobile-disabled=\"false\" class=\"elementor-element elementor-element-c844018 e-flex e-con-boxed e-con e-parent\" data-id=\"c844018\" data-element_type=\"container\" data-e-type=\"container\">\n\t\t\t\t\t<div class=\"e-con-inner\">\n\t\t\t\t<div class=\"elementor-element elementor-element-65aee5f elementor-widget elementor-widget-text-editor\" data-id=\"65aee5f\" data-element_type=\"widget\" data-e-type=\"widget\" data-widget_type=\"text-editor.default\">\n\t\t\t\t\t\t\t\t\t<p>La prestigiosa revista TIME incluy\u00f3 al guatemalteco Gustavo Ajche en su lista <a href=\"https:\/\/time.com\/collections\/latino-leaders-2025\/7310770\/gustavo-achje\/\">Latino Leaders 2025<\/a> o L\u00edderes Latinos 2025, un reconocimiento que destaca a doce figuras latinas cuyas acciones transforman comunidades en Estados Unidos.\u00a0<\/p><p><a href=\"https:\/\/soymigrante.com\/revista\/guatemalteco-lidera-a-miles-de-trabajadores-de-entrega-a-domicilio-en-ny\/\">Gustavo Ajch\u00e9,<\/a> repartidor de comida y activista, originario de <a href=\"https:\/\/soymigrante.com\/revista\/departamentos-de-guatemala-totonicapan-la-tierra-del-gran-atanasio-tzul\/\">Totonicap\u00e1n<\/a>, fue distinguido por su lucha en favor de la dignidad y los derechos de los trabajadores de entrega a domicilio, muchos de ellos inmigrantes en situaci\u00f3n vulnerable.\u00a0<\/p><p>&#8220;Me siento feliz y dedico este reconocimiento a Guatemala y a tantos paisanos que se esfuerzan en Estados Unidos por salir adelante, superando obst\u00e1culos y adversidades, no nos dejamos vencer&#8221;, expresa Gustavo Ajch\u00e9 a SoyMigrante.com<\/p>\t\t\t\t\t\t\t\t<\/div>\n\t\t\t\t\t<\/div>\n\t\t\t\t<\/div>\n\t\t<div data-particle_enable=\"false\" data-particle-mobile-disabled=\"false\" class=\"elementor-element elementor-element-7657de6 e-flex e-con-boxed e-con e-parent\" data-id=\"7657de6\" data-element_type=\"container\" data-e-type=\"container\">\n\t\t\t\t\t<div class=\"e-con-inner\">\n\t\t\t\t<div class=\"elementor-element elementor-element-78318bb elementor-widget elementor-widget-image\" data-id=\"78318bb\" data-element_type=\"widget\" data-e-type=\"widget\" data-widget_type=\"image.default\">\n\t\t\t\t\t\t\t\t\t\t\t\t<figure class=\"wp-caption\">\n\t\t\t\t\t\t\t\t\t\t\t<a href=\"https:\/\/time.com\/collections\/latino-leaders-2025\/7310770\/gustavo-achje\/\">\n\t\t\t\t\t\t\t<img fetchpriority=\"high\" decoding=\"async\" width=\"957\" height=\"955\" src=\"https:\/\/soymigrante.com\/revista\/wp-content\/uploads\/2025\/09\/gustavo-ajche-latino-leaders-time.png\" class=\"attachment-large size-large wp-image-44895\" alt=\"La prestigiosa revista Time eligi\u00f3 al guatemalteco Gustavo Ajch\u00e9, originario de Totonicap\u00e1n, dentro de su lista de 12 L\u00edderes Latinos 2025, por su activismo laboral en la organizaci\u00f3n Los Deliveristas Unidos, en Nueva York. Si desea ir a la publicaci\u00f3n original de Time, en ingl\u00e9s, dar clic en la imagen.\" srcset=\"https:\/\/soymigrante.com\/revista\/wp-content\/uploads\/2025\/09\/gustavo-ajche-latino-leaders-time.png 957w, https:\/\/soymigrante.com\/revista\/wp-content\/uploads\/2025\/09\/gustavo-ajche-latino-leaders-time-300x300.png 300w, https:\/\/soymigrante.com\/revista\/wp-content\/uploads\/2025\/09\/gustavo-ajche-latino-leaders-time-150x150.png 150w, https:\/\/soymigrante.com\/revista\/wp-content\/uploads\/2025\/09\/gustavo-ajche-latino-leaders-time-768x766.png 768w, https:\/\/soymigrante.com\/revista\/wp-content\/uploads\/2025\/09\/gustavo-ajche-latino-leaders-time-75x75.png 75w, https:\/\/soymigrante.com\/revista\/wp-content\/uploads\/2025\/09\/gustavo-ajche-latino-leaders-time-750x748.png 750w\" sizes=\"(max-width: 957px) 100vw, 957px\" title=\"La prestigiosa revista Time eligi\u00f3 al guatemalteco Gustavo Ajch\u00e9, originario de Totonicap\u00e1n,  dentro de su lista de 12 L\u00edderes Latinos 2025, por su activismo laboral en la organizaci\u00f3n Los Deliveristas Unidos, en Nueva York. Si desea ir a la publicaci\u00f3n original de Time, en ingl\u00e9s, dar clic en la imagen. \u2013 SoyMigrante.com REVISTA\" \/>\t\t\t\t\t\t\t\t<\/a>\n\t\t\t\t\t\t\t\t\t\t\t<figcaption class=\"widget-image-caption wp-caption-text\">La prestigiosa revista Time eligi\u00f3 al guatemalteco Gustavo Ajch\u00e9, originario de Totonicap\u00e1n,  dentro de su lista de 12 L\u00edderes Latinos 2025, por su activismo laboral en la organizaci\u00f3n Los Deliveristas Unidos, en Nueva York. Si desea ir a la publicaci\u00f3n original de Time, en ingl\u00e9s, dar clic en la imagen.<\/figcaption>\n\t\t\t\t\t\t\t\t\t\t<\/figure>\n\t\t\t\t\t\t\t\t\t<\/div>\n\t\t\t\t\t<\/div>\n\t\t\t\t<\/div>\n\t\t<div data-particle_enable=\"false\" data-particle-mobile-disabled=\"false\" class=\"elementor-element elementor-element-454b1d5 e-flex e-con-boxed e-con e-parent\" data-id=\"454b1d5\" data-element_type=\"container\" data-e-type=\"container\">\n\t\t\t\t\t<div class=\"e-con-inner\">\n\t\t\t\t<div class=\"elementor-element elementor-element-35d1131 elementor-widget elementor-widget-text-editor\" data-id=\"35d1131\" data-element_type=\"widget\" data-e-type=\"widget\" data-widget_type=\"text-editor.default\">\n\t\t\t\t\t\t\t\t\t<p>Originario de Totonicap\u00e1n, Guatemala, <a href=\"https:\/\/soymigrante.com\/revista\/lider-obrero-guatemalteco-gustavo-ajche-recibe-reconocimiento-por-su-labor-en-new-york\/\">Gustavo Ajch\u00e9<\/a> radica en Nueva York desde 2004.\u00a0 Gustavo conoce de primera mano la dureza del trabajo de delivery: largas jornadas, exposici\u00f3n a climas extremos, inseguridad en las calles y poca o nula protecci\u00f3n laboral.\u00a0<\/p><p>Esa experiencia lo llev\u00f3 a fundar, con el apoyo de Justice Project, la organizaci\u00f3n Deliveristas Unidos, un colectivo que se ha convertido en referente de organizaci\u00f3n para miles de repartidores.<\/p><p>Con m\u00e1s de 5 mil miembros, <a href=\"https:\/\/www.workersjustice.org\/en\/ldu\">Deliveristas Unidos<\/a> ha conseguido logros concretos: acceso a ba\u00f1os en restaurantes, transparencia en el manejo de propinas y, sobre todo, la aprobaci\u00f3n en Nueva York de un salario m\u00ednimo de U$ 19.56 por hora, independiente de las propinas. Tambi\u00e9n impulsaron la creaci\u00f3n de \u201cDeliveristas Hubs\u201d, espacios de descanso y recarga que buscan ofrecer un m\u00ednimo de seguridad y dignidad en medio del traj\u00edn urbano.<\/p>\t\t\t\t\t\t\t\t<\/div>\n\t\t\t\t\t<\/div>\n\t\t\t\t<\/div>\n\t\t<div data-particle_enable=\"false\" data-particle-mobile-disabled=\"false\" class=\"elementor-element elementor-element-41a9e60 e-flex e-con-boxed e-con e-parent\" data-id=\"41a9e60\" data-element_type=\"container\" data-e-type=\"container\">\n\t\t\t\t\t<div class=\"e-con-inner\">\n\t\t\t\t<div class=\"elementor-element elementor-element-6abca6a elementor-grid-eael-col-1 elementor-grid-tablet-eael-col-2 elementor-grid-mobile-eael-col-1 elementor-widget elementor-widget-eael-post-grid\" data-id=\"6abca6a\" data-element_type=\"widget\" data-e-type=\"widget\" data-settings=\"{&quot;eael_post_grid_columns&quot;:&quot;eael-col-1&quot;,&quot;eael_post_grid_columns_tablet&quot;:&quot;eael-col-2&quot;,&quot;eael_post_grid_columns_mobile&quot;:&quot;eael-col-1&quot;}\" data-widget_type=\"eael-post-grid.default\">\n\t\t\t\t\t<div id=\"eael-post-grid-6abca6a\" class=\"eael-post-grid-container\">\n            <div class=\"eael-post-grid eael-post-appender eael-post-appender-6abca6a eael-post-grid-style-one\" data-layout-mode=\"masonry\"><article class=\"eael-grid-post  eael-post-grid-column eael-pg-post-7408 category-exitos\" data-id=\"7408\">\n        <div class=\"eael-grid-post-holder\">\n            <div class=\"eael-grid-post-holder-inner\"><div class=\"eael-entry-media\"><div class=\"eael-entry-overlay fade-in\"><i class=\"far fa-hand-pointer\" aria-hidden=\"true\"><\/i><a href=\"https:\/\/soymigrante.com\/revista\/guatemalteco-lidera-a-miles-de-trabajadores-de-entrega-a-domicilio-en-ny\/\"><\/a><\/div><div class=\"eael-entry-thumbnail eael-image-ratio\">\n                <img decoding=\"async\" width=\"333\" height=\"333\" src=\"https:\/\/soymigrante.com\/revista\/wp-content\/uploads\/2024\/07\/gustavo-ajche-2-1.webp\" class=\"attachment-large size-large wp-image-7461\" alt=\"Hombre joven con casco de bicicleta en calle urbana, mostrando actitud positiva y segura, promoviendo la movilidad y el activismo social en comunidades urbanas en Am\u00e9rica Latina.\" srcset=\"https:\/\/soymigrante.com\/revista\/wp-content\/uploads\/2024\/07\/gustavo-ajche-2-1.webp 333w, https:\/\/soymigrante.com\/revista\/wp-content\/uploads\/2024\/07\/gustavo-ajche-2-1-300x300.webp 300w, https:\/\/soymigrante.com\/revista\/wp-content\/uploads\/2024\/07\/gustavo-ajche-2-1-150x150.webp 150w, https:\/\/soymigrante.com\/revista\/wp-content\/uploads\/2024\/07\/gustavo-ajche-2-1-75x75.webp 75w\" sizes=\"(max-width: 333px) 100vw, 333px\" \/>\n            <\/div>\n        <\/div><div class=\"eael-entry-wrapper\"><header class=\"eael-entry-header\"><h2 class=\"eael-entry-title\"><a class=\"eael-grid-post-link\" href=\"https:\/\/soymigrante.com\/revista\/guatemalteco-lidera-a-miles-de-trabajadores-de-entrega-a-domicilio-en-ny\/\" title=\"Guatemalteco Gustavo Ajch\u00e9 lidera a miles de trabajadores de entrega a domicilio en New York\">Guatemalteco Gustavo Ajch\u00e9 lidera a miles de trabajadores de entrega a domicilio en New York<\/a><\/h2><\/header><div class=\"eael-entry-content\">\n                        <div class=\"eael-grid-post-excerpt\"><a href=\"https:\/\/soymigrante.com\/revista\/guatemalteco-lidera-a-miles-de-trabajadores-de-entrega-a-domicilio-en-ny\/\" class=\"eael-post-elements-readmore-btn\">CONOCE SU HISTORIA <\/a><\/div>\n                    <\/div><\/div><\/div>\n        <\/div>\n    <\/article><\/div>\n            <div class=\"clearfix\"><\/div>\n        <\/div>\t\t\t\t<\/div>\n\t\t\t\t\t<\/div>\n\t\t\t\t<\/div>\n\t\t<div data-particle_enable=\"false\" data-particle-mobile-disabled=\"false\" class=\"elementor-element elementor-element-61f0dd1 e-flex e-con-boxed e-con e-parent\" data-id=\"61f0dd1\" data-element_type=\"container\" data-e-type=\"container\">\n\t\t\t\t\t<div class=\"e-con-inner\">\n\t\t\t\t<div class=\"elementor-element elementor-element-498ba71 elementor-widget elementor-widget-heading\" data-id=\"498ba71\" data-element_type=\"widget\" data-e-type=\"widget\" data-widget_type=\"heading.default\">\n\t\t\t\t\t<h3 class=\"elementor-heading-title elementor-size-default\">Alegr\u00eda, memorias y nuevas metas para Ajch\u00e9<\/h3>\t\t\t\t<\/div>\n\t\t\t\t\t<\/div>\n\t\t\t\t<\/div>\n\t\t<div data-particle_enable=\"false\" data-particle-mobile-disabled=\"false\" class=\"elementor-element elementor-element-0a501ab e-flex e-con-boxed e-con e-parent\" data-id=\"0a501ab\" data-element_type=\"container\" data-e-type=\"container\">\n\t\t\t\t\t<div class=\"e-con-inner\">\n\t\t\t\t<div class=\"elementor-element elementor-element-6dd7fba elementor-widget elementor-widget-text-editor\" data-id=\"6dd7fba\" data-element_type=\"widget\" data-e-type=\"widget\" data-widget_type=\"text-editor.default\">\n\t\t\t\t\t\t\t\t\t<p>Alegr\u00eda y nostalgia se mezclan en el coraz\u00f3n de <a href=\"https:\/\/soymigrante.com\/revista\/lider-obrero-guatemalteco-gustavo-ajche-recibe-reconocimiento-por-su-labor-en-new-york\/\">Gustavo Ajch\u00e9<\/a> con el reconocimiento de <a href=\"https:\/\/time.com\/collections\/latino-leaders-2025\/7310770\/gustavo-achje\/\">Time Magazine.<\/a> &#8220;Hace rato cuando me avisaron fue una gran emoci\u00f3n, pero a la vez record\u00e9 que cuando obten\u00eda un logro o iba a tener una entrevista, siempre la avisaba a alguien, que ahora ya no est\u00e1&#8221;. Se refiere a su mam\u00e1 Cruz Tal\u00f3 Say de Ajch\u00e9 (1960-2021), quien falleci\u00f3 el 1 de agosto de hace 4 a\u00f1os.\u00a0<\/p><p>&#8220;Ella no conoc\u00eda el trabajo que hac\u00eda, pero siempre le contaba: estamos bien, vamos avanzando. Le mandaba links de noticias o esperaba el noticiero de Primer Impacto, para verme. \u00a1Te v\u00ed! Me dec\u00eda, all\u00ed pasaste atr\u00e1s&#8221;, relata el connacional mientras camina a su trabajo este 16 de septiembre.<\/p><p>&#8220;Y es especial este premio porque llega un d\u00eda despu\u00e9s del 15 de septiembre y tambi\u00e9n en el inicio del Mes de la Herencia Hispana&#8221;, agrega Ajch\u00e9, quien espera que este reconocimiento de Time abra puertas a nuevos avances en defensa de los trabajadores y migrantes.<\/p>\t\t\t\t\t\t\t\t<\/div>\n\t\t\t\t\t<\/div>\n\t\t\t\t<\/div>\n\t\t<div data-particle_enable=\"false\" data-particle-mobile-disabled=\"false\" class=\"elementor-element elementor-element-95e213a e-flex e-con-boxed e-con e-parent\" data-id=\"95e213a\" data-element_type=\"container\" data-e-type=\"container\">\n\t\t\t\t\t<div class=\"e-con-inner\">\n\t\t\t\t<div class=\"elementor-element elementor-element-01f9734 elementor-widget elementor-widget-image\" data-id=\"01f9734\" data-element_type=\"widget\" data-e-type=\"widget\" data-widget_type=\"image.default\">\n\t\t\t\t\t\t\t\t\t\t\t\t<figure class=\"wp-caption\">\n\t\t\t\t\t\t\t\t\t\t<img decoding=\"async\" width=\"720\" height=\"587\" src=\"https:\/\/soymigrante.com\/revista\/wp-content\/uploads\/2025\/09\/gustavo-ajchemigrante.png\" class=\"attachment-large size-large wp-image-44918\" alt=\"Gustavo Ajch\u00e9 espera que el ser incluido en la lista de los 12 L\u00edderes Latinos de la revista Time, abra oportunidades para mejorar la proyecci\u00f3n de derechos de los trabajadores. &quot;Estados Unidos es pa\u00eds de oportunidades, pero a\u00fan as\u00ed hay mucho por hacer&quot;, expresa, al dedicar este reconocimiento a todos los compatriotas migrantes en ese pa\u00eds. (Foto cortes\u00eda Gustavo Ajch\u00e9)\" srcset=\"https:\/\/soymigrante.com\/revista\/wp-content\/uploads\/2025\/09\/gustavo-ajchemigrante.png 720w, https:\/\/soymigrante.com\/revista\/wp-content\/uploads\/2025\/09\/gustavo-ajchemigrante-300x245.png 300w\" sizes=\"(max-width: 720px) 100vw, 720px\" title=\"Gustavo Ajch\u00e9 espera que el ser incluido en la lista de los 12 L\u00edderes Latinos de la revista Time, abra oportunidades para mejorar la proyecci\u00f3n de derechos de los trabajadores. &quot;Estados Unidos es pa\u00eds de oportunidades, pero a\u00fan as\u00ed hay mucho por hacer&quot;, expresa, al dedicar este reconocimiento a todos los compatriotas migrantes en ese pa\u00eds. (Foto cortes\u00eda Gustavo Ajch\u00e9) \u2013 SoyMigrante.com REVISTA\" \/>\t\t\t\t\t\t\t\t\t\t\t<figcaption class=\"widget-image-caption wp-caption-text\">Gustavo Ajch\u00e9 espera que el ser incluido en la lista de los 12 L\u00edderes Latinos de la revista Time, abra oportunidades para mejorar la proyecci\u00f3n de derechos de los trabajadores. \"Estados Unidos es pa\u00eds de oportunidades, pero a\u00fan as\u00ed hay mucho por hacer\", expresa, al dedicar este reconocimiento a todos los compatriotas migrantes en ese pa\u00eds. (Foto cortes\u00eda Gustavo Ajch\u00e9)<\/figcaption>\n\t\t\t\t\t\t\t\t\t\t<\/figure>\n\t\t\t\t\t\t\t\t\t<\/div>\n\t\t\t\t\t<\/div>\n\t\t\t\t<\/div>\n\t\t<div data-particle_enable=\"false\" data-particle-mobile-disabled=\"false\" class=\"elementor-element elementor-element-c16841a e-flex e-con-boxed e-con e-parent\" data-id=\"c16841a\" data-element_type=\"container\" data-e-type=\"container\">\n\t\t\t\t\t<div class=\"e-con-inner\">\n\t\t\t\t<div class=\"elementor-element elementor-element-1846bce elementor-widget elementor-widget-heading\" data-id=\"1846bce\" data-element_type=\"widget\" data-e-type=\"widget\" data-widget_type=\"heading.default\">\n\t\t\t\t\t<h3 class=\"elementor-heading-title elementor-size-default\">Seguimos adelante con agradecimiento<\/h3>\t\t\t\t<\/div>\n\t\t\t\t\t<\/div>\n\t\t\t\t<\/div>\n\t\t<div data-particle_enable=\"false\" data-particle-mobile-disabled=\"false\" class=\"elementor-element elementor-element-0f97107 e-flex e-con-boxed e-con e-parent\" data-id=\"0f97107\" data-element_type=\"container\" data-e-type=\"container\">\n\t\t\t\t\t<div class=\"e-con-inner\">\n\t\t\t\t<div class=\"elementor-element elementor-element-6481563 elementor-widget elementor-widget-text-editor\" data-id=\"6481563\" data-element_type=\"widget\" data-e-type=\"widget\" data-widget_type=\"text-editor.default\">\n\t\t\t\t\t\t\t\t\t<p>\u201cEstamos luchando por el respeto b\u00e1sico, porque nuestro trabajo tiene valor\u201d, ha expresado Ajche en varias ocasiones, quien agradece el apoyo de\u00a0 aliados y organizaciones. Recuerda que a\u00fan existen condiciones extremas para los repartidores: robos, accidentes y la amenaza de ser desconectados de las aplicaciones digitales sin causa justa.<\/p><p>El reconocimiento de TIME resalta ese esfuerzo colectivo y lo coloca en un escenario de visibilidad internacional. \u201cGustavo Ajche est\u00e1 luchando por la dignidad de los trabajadores de entregas&#8221;, titul\u00f3 la revista su perfil, subrayando que no se trata solo de mejores salarios, sino de un movimiento por la dignidad de quienes a diario se ganan el alimento entregando alimentos a domicilio.<\/p>\t\t\t\t\t\t\t\t<\/div>\n\t\t\t\t\t<\/div>\n\t\t\t\t<\/div>\n\t\t<div data-particle_enable=\"false\" data-particle-mobile-disabled=\"false\" class=\"elementor-element elementor-element-93f71d4 e-flex e-con-boxed e-con e-parent\" data-id=\"93f71d4\" data-element_type=\"container\" data-e-type=\"container\">\n\t\t\t\t\t<div class=\"e-con-inner\">\n\t\t\t\t<div class=\"elementor-element elementor-element-16555ff elementor-widget elementor-widget-heading\" data-id=\"16555ff\" data-element_type=\"widget\" data-e-type=\"widget\" data-widget_type=\"heading.default\">\n\t\t\t\t\t<h2 class=\"elementor-heading-title elementor-size-default\">Guatemaltecos de proyecci\u00f3n y servicio<\/h2>\t\t\t\t<\/div>\n\t\t\t\t\t<\/div>\n\t\t\t\t<\/div>\n\t\t<div data-particle_enable=\"false\" data-particle-mobile-disabled=\"false\" class=\"elementor-element elementor-element-49aaa54 e-flex e-con-boxed e-con e-parent\" data-id=\"49aaa54\" data-element_type=\"container\" data-e-type=\"container\">\n\t\t\t\t\t<div class=\"e-con-inner\">\n\t\t\t\t<div class=\"elementor-element elementor-element-b019f6e elementor-grid-eael-col-3 elementor-grid-tablet-eael-col-2 elementor-grid-mobile-eael-col-1 elementor-widget elementor-widget-eael-post-grid\" data-id=\"b019f6e\" data-element_type=\"widget\" data-e-type=\"widget\" data-settings=\"{&quot;eael_post_grid_columns&quot;:&quot;eael-col-3&quot;,&quot;eael_post_grid_columns_tablet&quot;:&quot;eael-col-2&quot;,&quot;eael_post_grid_columns_mobile&quot;:&quot;eael-col-1&quot;}\" data-widget_type=\"eael-post-grid.default\">\n\t\t\t\t\t<div id=\"eael-post-grid-b019f6e\" class=\"eael-post-grid-container\">\n            <div class=\"eael-post-grid eael-post-appender eael-post-appender-b019f6e eael-post-grid-style-one\" data-layout-mode=\"masonry\"><article class=\"eael-grid-post  eael-post-grid-column eael-pg-post-16900 category-exitos\" data-id=\"16900\">\n        <div class=\"eael-grid-post-holder\">\n            <div class=\"eael-grid-post-holder-inner\"><div class=\"eael-entry-media\"><div class=\"eael-entry-overlay fade-in\"><i class=\"far fa-hand-pointer\" aria-hidden=\"true\"><\/i><a href=\"https:\/\/soymigrante.com\/revista\/karolin-espana-dirige-kika-proyecto-de-ayuda-alimentaria-impulsado-por-sus-hijas\/\"><\/a><\/div><div class=\"eael-entry-thumbnail eael-image-ratio\">\n                <img loading=\"lazy\" decoding=\"async\" width=\"861\" height=\"861\" src=\"https:\/\/soymigrante.com\/revista\/wp-content\/uploads\/2024\/12\/historia-karolin-espana-KIKA.webp\" class=\"attachment-large size-large wp-image-16901\" alt=\"Ni\u00f1a en desfile cultural participando en evento de apoyo a la infancia y la nutrici\u00f3n en M\u00e9xico, con grupo de personas en vestimenta tradicional y cartel de organizaci\u00f3n KIKA, promoviendo derechos infantiles.\" srcset=\"https:\/\/soymigrante.com\/revista\/wp-content\/uploads\/2024\/12\/historia-karolin-espana-KIKA.webp 861w, https:\/\/soymigrante.com\/revista\/wp-content\/uploads\/2024\/12\/historia-karolin-espana-KIKA-300x300.jpg 300w, https:\/\/soymigrante.com\/revista\/wp-content\/uploads\/2024\/12\/historia-karolin-espana-KIKA-150x150.jpg 150w, https:\/\/soymigrante.com\/revista\/wp-content\/uploads\/2024\/12\/historia-karolin-espana-KIKA-768x768.jpg 768w, https:\/\/soymigrante.com\/revista\/wp-content\/uploads\/2024\/12\/historia-karolin-espana-KIKA-75x75.webp 75w, https:\/\/soymigrante.com\/revista\/wp-content\/uploads\/2024\/12\/historia-karolin-espana-KIKA-750x750.webp 750w\" sizes=\"(max-width: 861px) 100vw, 861px\" \/>\n            <\/div>\n        <\/div><div class=\"eael-entry-wrapper\"><header class=\"eael-entry-header\"><h2 class=\"eael-entry-title\"><a class=\"eael-grid-post-link\" href=\"https:\/\/soymigrante.com\/revista\/karolin-espana-dirige-kika-proyecto-de-ayuda-alimentaria-impulsado-por-sus-hijas\/\" title=\"Karolin Rasc\u00f3n dirige KIKA, iniciativa de ayuda alimentaria desde L.A. a Guatemala, inspirada por sus hijas Kiara y Kaili\">Karolin Rasc\u00f3n dirige KIKA, iniciativa de ayuda alimentaria desde L.A. a Guatemala, inspirada por sus hijas Kiara y Kaili<\/a><\/h2><\/header><div class=\"eael-entry-content\">\n                        <div class=\"eael-grid-post-excerpt\"><a href=\"https:\/\/soymigrante.com\/revista\/karolin-espana-dirige-kika-proyecto-de-ayuda-alimentaria-impulsado-por-sus-hijas\/\" class=\"eael-post-elements-readmore-btn\">CONOCE SU HISTORIA <\/a><\/div>\n                    <\/div><\/div><\/div>\n        <\/div>\n    <\/article><article class=\"eael-grid-post  eael-post-grid-column eael-pg-post-12781 category-estamos-unidos\" data-id=\"12781\">\n        <div class=\"eael-grid-post-holder\">\n            <div class=\"eael-grid-post-holder-inner\"><div class=\"eael-entry-media\"><div class=\"eael-entry-overlay fade-in\"><i class=\"far fa-hand-pointer\" aria-hidden=\"true\"><\/i><a href=\"https:\/\/soymigrante.com\/revista\/premiaran-liderazgo-de-la-comunidad-guatemalteca-en-oklahoma\/\"><\/a><\/div><div class=\"eael-entry-thumbnail eael-image-ratio\">\n                <img loading=\"lazy\" decoding=\"async\" width=\"1024\" height=\"768\" src=\"https:\/\/soymigrante.com\/revista\/wp-content\/uploads\/2024\/11\/PREMIARA\u0301N-A-GUATEMALTECOS--1024x768.jpeg\" class=\"attachment-large size-large wp-image-12783\" alt=\"Premiar\u00e1n liderazgo de la comunidad guatemalteca en Oklahoma\" srcset=\"https:\/\/soymigrante.com\/revista\/wp-content\/uploads\/2024\/11\/PREMIARA\u0301N-A-GUATEMALTECOS--1024x768.jpeg 1024w, https:\/\/soymigrante.com\/revista\/wp-content\/uploads\/2024\/11\/PREMIARA\u0301N-A-GUATEMALTECOS--300x225.webp 300w, https:\/\/soymigrante.com\/revista\/wp-content\/uploads\/2024\/11\/PREMIARA\u0301N-A-GUATEMALTECOS--768x576.jpeg 768w, https:\/\/soymigrante.com\/revista\/wp-content\/uploads\/2024\/11\/PREMIARA\u0301N-A-GUATEMALTECOS--1536x1152.jpeg 1536w, https:\/\/soymigrante.com\/revista\/wp-content\/uploads\/2024\/11\/PREMIARA\u0301N-A-GUATEMALTECOS--750x563.webp 750w, https:\/\/soymigrante.com\/revista\/wp-content\/uploads\/2024\/11\/PREMIARA\u0301N-A-GUATEMALTECOS--1140x855.jpeg 1140w, https:\/\/soymigrante.com\/revista\/wp-content\/uploads\/2024\/11\/PREMIARA\u0301N-A-GUATEMALTECOS-.webp 1920w\" sizes=\"(max-width: 1024px) 100vw, 1024px\" \/>\n            <\/div>\n        <\/div><div class=\"eael-entry-wrapper\"><header class=\"eael-entry-header\"><h2 class=\"eael-entry-title\"><a class=\"eael-grid-post-link\" href=\"https:\/\/soymigrante.com\/revista\/premiaran-liderazgo-de-la-comunidad-guatemalteca-en-oklahoma\/\" title=\"Comunidad guatemalteca en Oklahoma premia liderazgo y aportes hispanos en USA\">Comunidad guatemalteca en Oklahoma premia liderazgo y aportes hispanos en USA<\/a><\/h2><\/header><div class=\"eael-entry-content\">\n                        <div class=\"eael-grid-post-excerpt\"><a href=\"https:\/\/soymigrante.com\/revista\/premiaran-liderazgo-de-la-comunidad-guatemalteca-en-oklahoma\/\" class=\"eael-post-elements-readmore-btn\">CONOCE SU HISTORIA <\/a><\/div>\n                    <\/div><\/div><\/div>\n        <\/div>\n    <\/article><article class=\"eael-grid-post  eael-post-grid-column eael-pg-post-2639 category-exitos\" data-id=\"2639\">\n        <div class=\"eael-grid-post-holder\">\n            <div class=\"eael-grid-post-holder-inner\"><div class=\"eael-entry-media\"><div class=\"eael-entry-overlay fade-in\"><i class=\"far fa-hand-pointer\" aria-hidden=\"true\"><\/i><a href=\"https:\/\/soymigrante.com\/revista\/empresario-migrante-guatemalteco-arnold-ciego-impulsa-identidad-garifuna-desde-bronx-ny\/\"><\/a><\/div><div class=\"eael-entry-thumbnail eael-image-ratio\">\n                <img loading=\"lazy\" decoding=\"async\" width=\"810\" height=\"552\" src=\"https:\/\/soymigrante.com\/revista\/wp-content\/uploads\/2023\/09\/arnold-ciego-e1695409486578.webp\" class=\"attachment-large size-large wp-image-2640\" alt=\"Arnold Ciego migrante gar\u00edfuna guatemalteco presta sus servicios de asesor\u00eda tributaria en el barrio del Bronx, en Nueva York.\" srcset=\"https:\/\/soymigrante.com\/revista\/wp-content\/uploads\/2023\/09\/arnold-ciego-e1695409486578.webp 810w, https:\/\/soymigrante.com\/revista\/wp-content\/uploads\/2023\/09\/arnold-ciego-e1695409486578-300x204.webp 300w, https:\/\/soymigrante.com\/revista\/wp-content\/uploads\/2023\/09\/arnold-ciego-e1695409486578-768x523.webp 768w, https:\/\/soymigrante.com\/revista\/wp-content\/uploads\/2023\/09\/arnold-ciego-e1695409486578-750x511.webp 750w\" sizes=\"(max-width: 810px) 100vw, 810px\" \/>\n            <\/div>\n        <\/div><div class=\"eael-entry-wrapper\"><header class=\"eael-entry-header\"><h2 class=\"eael-entry-title\"><a class=\"eael-grid-post-link\" href=\"https:\/\/soymigrante.com\/revista\/empresario-migrante-guatemalteco-arnold-ciego-impulsa-identidad-garifuna-desde-bronx-ny\/\" title=\"Empresario migrante gar\u00edfuna guatemalteco Arnold Ciego exalta su identidad desde el Bronx, NY\">Empresario migrante gar\u00edfuna guatemalteco Arnold Ciego exalta su identidad desde el Bronx, NY<\/a><\/h2><\/header><div class=\"eael-entry-content\">\n                        <div class=\"eael-grid-post-excerpt\"><a href=\"https:\/\/soymigrante.com\/revista\/empresario-migrante-guatemalteco-arnold-ciego-impulsa-identidad-garifuna-desde-bronx-ny\/\" class=\"eael-post-elements-readmore-btn\">CONOCE SU HISTORIA <\/a><\/div>\n                    <\/div><\/div><\/div>\n        <\/div>\n    <\/article><\/div>\n            <div class=\"clearfix\"><\/div>\n        <\/div>\t\t\t\t<\/div>\n\t\t\t\t\t<\/div>\n\t\t\t\t<\/div>\n\t\t\t\t<\/div>\n\t\t","protected":false},"excerpt":{"rendered":"<p>El migrante guatemalteco Gustavo Ajch\u00e9, es cofundador de Deliveristas Unidos, que vela por los derechos de los trabajadores de entrega a domicilio, con m\u00e1s de 5 mil afiliados en Nueva York. Time Magazine destaca su liderazgo positivo. La prestigiosa revista TIME incluy\u00f3 al guatemalteco Gustavo Ajche en su lista Latino Leaders 2025 o L\u00edderes Latinos [&hellip;]<\/p>\n","protected":false},"author":7,"featured_media":44862,"comment_status":"open","ping_status":"open","sticky":false,"template":"","format":"standard","meta":{"_acf_changed":false,"_eb_attr":"","footnotes":""},"categories":[54],"tags":[],"class_list":["post-44861","post","type-post","status-publish","format-standard","has-post-thumbnail","hentry","category-estamos-unidos"],"acf":[],"aioseo_notices":[],"aioseo_head":"\n\t\t<!-- All in One SEO Pro 4.9.6.2 - aioseo.com -->\n\t<meta name=\"description\" content=\"Experto en contabilidad y asesor\u00eda tributaria en Estados Unidos, pero tambi\u00e9n predicador, activista, padre y esposo, Arnold Ciego impulsa la mejora de la comunidad gar\u00edfuna migrante en el Bronx y en su natal Livingston, Izabal. A trav\u00e9s de su canal de Youtube, el migrante guatemalteco Arnold Ciego efect\u00faa entrevistas y en este video espec\u00edfico, exalta Trabaja en su firma de contabilidad y es activista de los derechos y la cultura de la comunidad migrante gar\u00edfuna de Guatemala, Honduras y Belice\" \/>\n\t<meta name=\"robots\" content=\"max-snippet:-1, max-image-preview:large, max-video-preview:-1\" \/>\n\t<meta name=\"author\" content=\"Gustavo Montenegro\"\/>\n\t<link rel=\"canonical\" href=\"https:\/\/soymigrante.com\/revista\/empresario-migrante-guatemalteco-arnold-ciego-impulsa-identidad-garifuna-desde-bronx-ny\/\" \/>\n\t<meta name=\"generator\" content=\"All in One SEO Pro (AIOSEO) 4.9.6.2\" \/>\n\n\t\t<link rel=\"preconnect\" href=\"https:\/\/fonts.googleapis.com\" crossorigin>\n<link rel=\"preconnect\" href=\"https:\/\/fonts.gstatic.com\" crossorigin>\n\t\t<meta property=\"og:locale\" content=\"es_ES\" \/>\n\t\t<meta property=\"og:site_name\" content=\"SoyMigrante.com REVISTA \u2013 Nuestra misi\u00f3n es reconocer y dignificar al migrante.\" \/>\n\t\t<meta property=\"og:type\" content=\"article\" \/>\n\t\t<meta property=\"og:title\" content=\"Empresario migrante gar\u00edfuna guatemalteco Arnold Ciego exalta su identidad desde el Bronx, NY\" \/>\n\t\t<meta property=\"og:description\" content=\"Experto en contabilidad y asesor\u00eda tributaria en Estados Unidos, pero tambi\u00e9n predicador, activista, padre y esposo, Arnold Ciego impulsa la mejora de la comunidad gar\u00edfuna migrante en el Bronx y en su natal Livingston, Izabal. A trav\u00e9s de su canal de Youtube, el migrante guatemalteco Arnold Ciego efect\u00faa entrevistas y en este video espec\u00edfico, exalta Trabaja en su firma de contabilidad y es activista de los derechos y la cultura de la comunidad migrante gar\u00edfuna de Guatemala, Honduras y Belice\" \/>\n\t\t<meta property=\"og:url\" content=\"https:\/\/soymigrante.com\/revista\/empresario-migrante-guatemalteco-arnold-ciego-impulsa-identidad-garifuna-desde-bronx-ny\/\" \/>\n\t\t<meta property=\"og:image\" content=\"https:\/\/soymigrante.com\/revista\/wp-content\/uploads\/2023\/09\/arnold-ciego-e1695409486578.webp\" \/>\n\t\t<meta property=\"og:image:secure_url\" content=\"https:\/\/soymigrante.com\/revista\/wp-content\/uploads\/2023\/09\/arnold-ciego-e1695409486578.webp\" \/>\n\t\t<meta property=\"og:image:width\" content=\"810\" \/>\n\t\t<meta property=\"og:image:height\" content=\"552\" \/>\n\t\t<meta property=\"article:published_time\" content=\"2023-09-22T18:54:42+00:00\" \/>\n\t\t<meta property=\"article:modified_time\" content=\"2024-07-30T16:19:41+00:00\" \/>\n\t\t<meta property=\"article:publisher\" content=\"https:\/\/www.facebook.com\/soymigrantecom\" \/>\n\t\t<meta name=\"twitter:card\" content=\"summary_large_image\" \/>\n\t\t<meta name=\"twitter:site\" content=\"@SoyMigrante_com\" \/>\n\t\t<meta name=\"twitter:title\" content=\"Empresario migrante gar\u00edfuna guatemalteco Arnold Ciego exalta su identidad desde el Bronx, NY\" \/>\n\t\t<meta name=\"twitter:description\" content=\"Experto en contabilidad y asesor\u00eda tributaria en Estados Unidos, pero tambi\u00e9n predicador, activista, padre y esposo, Arnold Ciego impulsa la mejora de la comunidad gar\u00edfuna migrante en el Bronx y en su natal Livingston, Izabal. A trav\u00e9s de su canal de Youtube, el migrante guatemalteco Arnold Ciego efect\u00faa entrevistas y en este video espec\u00edfico, exalta Trabaja en su firma de contabilidad y es activista de los derechos y la cultura de la comunidad migrante gar\u00edfuna de Guatemala, Honduras y Belice\" \/>\n\t\t<meta name=\"twitter:creator\" content=\"@SoyMigrante_com\" \/>\n\t\t<meta name=\"twitter:image\" content=\"https:\/\/soymigrante.com\/revista\/wp-content\/uploads\/2023\/09\/arnold-ciego-e1695409486578.webp\" \/>\n\t\t<!-- All in One SEO Pro -->\r\n\t\t<title>Empresario migrante gar\u00edfuna guatemalteco Arnold Ciego exalta su identidad desde el Bronx, NY<\/title>\n\n","aioseo_head_json":{"title":"Empresario migrante gar\u00edfuna guatemalteco Arnold Ciego exalta su identidad desde el Bronx, NY","description":"Experto en contabilidad y asesor\u00eda tributaria en Estados Unidos, pero tambi\u00e9n predicador, activista, padre y esposo, Arnold Ciego impulsa la mejora de la comunidad gar\u00edfuna migrante en el Bronx y en su natal Livingston, Izabal. A trav\u00e9s de su canal de Youtube, el migrante guatemalteco Arnold Ciego efect\u00faa entrevistas y en este video espec\u00edfico, exalta Trabaja en su firma de contabilidad y es activista de los derechos y la cultura de la comunidad migrante gar\u00edfuna de Guatemala, Honduras y Belice","canonical_url":"https:\/\/soymigrante.com\/revista\/empresario-migrante-guatemalteco-arnold-ciego-impulsa-identidad-garifuna-desde-bronx-ny\/","robots":"max-snippet:-1, max-image-preview:large, max-video-preview:-1","keywords":"","webmasterTools":{"miscellaneous":"&lt;link rel=\"preconnect\" href=\"https:\/\/fonts.googleapis.com\" crossorigin&gt;\n&lt;link rel=\"preconnect\" href=\"https:\/\/fonts.gstatic.com\" crossorigin&gt;"},"schema":null,"og:locale":"es_ES","og:site_name":"SoyMigrante.com REVISTA \u2013 Nuestra misi\u00f3n es reconocer y dignificar al migrante.","og:type":"article","og:title":"Empresario migrante gar\u00edfuna guatemalteco Arnold Ciego exalta su identidad desde el Bronx, NY","og:description":"Experto en contabilidad y asesor\u00eda tributaria en Estados Unidos, pero tambi\u00e9n predicador, activista, padre y esposo, Arnold Ciego impulsa la mejora de la comunidad gar\u00edfuna migrante en el Bronx y en su natal Livingston, Izabal. A trav\u00e9s de su canal de Youtube, el migrante guatemalteco Arnold Ciego efect\u00faa entrevistas y en este video espec\u00edfico, exalta Trabaja en su firma de contabilidad y es activista de los derechos y la cultura de la comunidad migrante gar\u00edfuna de Guatemala, Honduras y Belice","og:url":"https:\/\/soymigrante.com\/revista\/empresario-migrante-guatemalteco-arnold-ciego-impulsa-identidad-garifuna-desde-bronx-ny\/","og:image":"https:\/\/soymigrante.com\/revista\/wp-content\/uploads\/2023\/09\/arnold-ciego-e1695409486578.webp","og:image:secure_url":"https:\/\/soymigrante.com\/revista\/wp-content\/uploads\/2023\/09\/arnold-ciego-e1695409486578.webp","og:image:width":810,"og:image:height":552,"article:published_time":"2023-09-22T18:54:42+00:00","article:modified_time":"2024-07-30T16:19:41+00:00","article:publisher":"https:\/\/www.facebook.com\/soymigrantecom","twitter:card":"summary_large_image","twitter:site":"@SoyMigrante_com","twitter:title":"Empresario migrante gar\u00edfuna guatemalteco Arnold Ciego exalta su identidad desde el Bronx, NY","twitter:description":"Experto en contabilidad y asesor\u00eda tributaria en Estados Unidos, pero tambi\u00e9n predicador, activista, padre y esposo, Arnold Ciego impulsa la mejora de la comunidad gar\u00edfuna migrante en el Bronx y en su natal Livingston, Izabal. A trav\u00e9s de su canal de Youtube, el migrante guatemalteco Arnold Ciego efect\u00faa entrevistas y en este video espec\u00edfico, exalta Trabaja en su firma de contabilidad y es activista de los derechos y la cultura de la comunidad migrante gar\u00edfuna de Guatemala, Honduras y Belice","twitter:creator":"@SoyMigrante_com","twitter:image":"https:\/\/soymigrante.com\/revista\/wp-content\/uploads\/2023\/09\/arnold-ciego-e1695409486578.webp"},"aioseo_meta_data":{"post_id":"44861","title":"Migrante guatemalteco entre los L\u00edderes Latinos 2025 de Time","description":"El migrante Gustavo Ajch\u00e9, de Totonicap\u00e1n, y cofundador de Deliveristas Unidos en New York, figura en lista de 12 L\u00edderes Latinos de 2025 de la revista Time.","keywords":null,"keyphrases":{"focus":{"keyphrase":"Migrante","score":82,"analysis":{"keyphraseInTitle":{"score":9,"maxScore":9,"error":0},"keyphraseInDescription":{"score":9,"maxScore":9,"error":0},"keyphraseLength":{"score":9,"maxScore":9,"error":0,"length":1},"keyphraseInURL":{"score":5,"maxScore":5,"error":0},"keyphraseInIntroduction":{"score":3,"maxScore":9,"error":1},"keyphraseInSubHeadings":{"score":3,"maxScore":9,"error":1},"keyphraseInImageAlt":{"score":9,"maxScore":9,"error":0},"keywordDensity":{"type":"best","score":9,"maxScore":9,"error":0}}},"additional":[{"keyphrase":"Guatemalteco","score":87,"analysis":{"keyphraseInDescription":{"score":3,"maxScore":9,"error":1},"keyphraseLength":{"score":9,"maxScore":9,"error":0,"length":1},"keyphraseInIntroduction":{"score":9,"maxScore":9,"error":0},"keyphraseInImageAlt":{"score":9,"maxScore":9,"error":0},"keywordDensity":{"type":"best","score":9,"maxScore":9,"error":0}}},{"keyphrase":"Latinos","score":80,"analysis":{"keyphraseInDescription":{"score":9,"maxScore":9,"error":0},"keyphraseLength":{"score":9,"maxScore":9,"error":0,"length":1},"keyphraseInIntroduction":{"score":9,"maxScore":9,"error":0},"keyphraseInImageAlt":{"score":9,"maxScore":9,"error":0},"keywordDensity":{"score":0,"type":"low","maxScore":9,"error":1}}},{"keyphrase":"Time","score":100,"analysis":{"keyphraseInDescription":{"score":9,"maxScore":9,"error":0},"keyphraseLength":{"score":9,"maxScore":9,"error":0,"length":1},"keyphraseInIntroduction":{"score":9,"maxScore":9,"error":0},"keyphraseInImageAlt":{"score":9,"maxScore":9,"error":0},"keywordDensity":{"type":"best","score":9,"maxScore":9,"error":0}}}]},"primary_term":null,"canonical_url":null,"og_title":null,"og_description":null,"og_object_type":"default","og_image_type":"default","og_image_url":null,"og_image_width":null,"og_image_height":null,"og_image_custom_url":null,"og_image_custom_fields":null,"og_video":"","og_custom_url":null,"og_article_section":null,"og_article_tags":null,"twitter_use_og":false,"twitter_card":"default","twitter_image_type":"default","twitter_image_url":null,"twitter_image_custom_url":null,"twitter_image_custom_fields":null,"twitter_title":null,"twitter_description":null,"schema":{"blockGraphs":[],"customGraphs":[],"default":{"data":{"Article":[],"Course":[],"Dataset":[],"FAQPage":[],"Movie":[],"Person":[],"Product":[],"ProductReview":[],"Car":[],"Recipe":[],"Service":[],"SoftwareApplication":[],"WebPage":[]},"graphName":"none","isEnabled":true},"graphs":[]},"schema_type":"default","schema_type_options":null,"pillar_content":false,"robots_default":true,"robots_noindex":false,"robots_noarchive":false,"robots_nosnippet":false,"robots_nofollow":false,"robots_noimageindex":false,"robots_noodp":false,"robots_notranslate":false,"robots_max_snippet":"-1","robots_max_videopreview":"-1","robots_max_imagepreview":"large","priority":null,"frequency":"default","local_seo":null,"seo_analyzer_scan_date":"2025-10-09 08:33:09","breadcrumb_settings":null,"limit_modified_date":false,"reviewed_by":"0","open_ai":null,"ai":{"faqs":[],"keyPoints":[],"titles":[],"descriptions":[],"socialPosts":{"email":[],"linkedin":[],"twitter":[],"facebook":[],"instagram":[]}},"created":"2025-09-16 13:35:08","updated":"2026-02-05 05:01:53"},"aioseo_breadcrumb":"<div class=\"aioseo-breadcrumbs\"><span class=\"aioseo-breadcrumb\">\n\t<a href=\"https:\/\/soymigrante.com\/revista\" title=\"Home\">Home<\/a>\n<\/span><span class=\"aioseo-breadcrumb-separator\">\u00bb<\/span><span class=\"aioseo-breadcrumb\">\n\t<a href=\"https:\/\/soymigrante.com\/revista\/category\/estamos-unidos\/\" title=\"Estamos Unidos\">Estamos Unidos<\/a>\n<\/span><span class=\"aioseo-breadcrumb-separator\">\u00bb<\/span><span class=\"aioseo-breadcrumb\">\n\tRevista Time incluye a migrante guatemalteco Gustavo Ajch\u00e9, en lista de los 12 L\u00edderes Latinos 2025\n<\/span><\/div>","aioseo_breadcrumb_json":[{"label":"Home","link":"https:\/\/soymigrante.com\/revista"},{"label":"Estamos Unidos","link":"https:\/\/soymigrante.com\/revista\/category\/estamos-unidos\/"},{"label":"Revista Time incluye a migrante guatemalteco Gustavo Ajch\u00e9, en lista de los 12 L\u00edderes Latinos 2025","link":"https:\/\/soymigrante.com\/revista\/revista-time-incluye-a-migrante-guatemalteco-gustavo-ajche-en-lista-de-los-12-lideres-latinos-2025\/"}],"_links":{"self":[{"href":"https:\/\/soymigrante.com\/revista\/wp-json\/wp\/v2\/posts\/44861","targetHints":{"allow":["GET"]}}],"collection":[{"href":"https:\/\/soymigrante.com\/revista\/wp-json\/wp\/v2\/posts"}],"about":[{"href":"https:\/\/soymigrante.com\/revista\/wp-json\/wp\/v2\/types\/post"}],"author":[{"embeddable":true,"href":"https:\/\/soymigrante.com\/revista\/wp-json\/wp\/v2\/users\/7"}],"replies":[{"embeddable":true,"href":"https:\/\/soymigrante.com\/revista\/wp-json\/wp\/v2\/comments?post=44861"}],"version-history":[{"count":10,"href":"https:\/\/soymigrante.com\/revista\/wp-json\/wp\/v2\/posts\/44861\/revisions"}],"predecessor-version":[{"id":45025,"href":"https:\/\/soymigrante.com\/revista\/wp-json\/wp\/v2\/posts\/44861\/revisions\/45025"}],"wp:featuredmedia":[{"embeddable":true,"href":"https:\/\/soymigrante.com\/revista\/wp-json\/wp\/v2\/media\/44862"}],"wp:attachment":[{"href":"https:\/\/soymigrante.com\/revista\/wp-json\/wp\/v2\/media?parent=44861"}],"wp:term":[{"taxonomy":"category","embeddable":true,"href":"https:\/\/soymigrante.com\/revista\/wp-json\/wp\/v2\/categories?post=44861"},{"taxonomy":"post_tag","embeddable":true,"href":"https:\/\/soymigrante.com\/revista\/wp-json\/wp\/v2\/tags?post=44861"}],"curies":[{"name":"wp","href":"https:\/\/api.w.org\/{rel}","templated":true}]}}