{"id":4475,"date":"2024-01-19T12:44:38","date_gmt":"2024-01-19T18:44:38","guid":{"rendered":"https:\/\/soymigrante.com\/revista\/?p=4475"},"modified":"2024-07-28T20:28:44","modified_gmt":"2024-07-29T02:28:44","slug":"migfrante-guatemalteco-jorge-tello-fabricante-trajes-charros-los-angeles","status":"publish","type":"post","link":"https:\/\/soymigrante.com\/revista\/migfrante-guatemalteco-jorge-tello-fabricante-trajes-charros-los-angeles\/","title":{"rendered":"Migrante chap\u00edn Jorge Tello es prestigioso sastre de traje charro en L.A."},"content":{"rendered":"\t\t<div data-elementor-type=\"wp-post\" data-elementor-id=\"4475\" class=\"elementor elementor-4475\" data-elementor-post-type=\"post\">\n\t\t\t\t\t\t<section data-particle_enable=\"false\" data-particle-mobile-disabled=\"false\" class=\"elementor-section elementor-top-section elementor-element elementor-element-1910748 elementor-section-boxed elementor-section-height-default elementor-section-height-default\" data-id=\"1910748\" data-element_type=\"section\" data-e-type=\"section\">\n\t\t\t\t\t\t<div class=\"elementor-container elementor-column-gap-default\">\n\t\t\t\t\t<div class=\"elementor-column elementor-col-100 elementor-top-column elementor-element elementor-element-e241637\" data-id=\"e241637\" data-element_type=\"column\" data-e-type=\"column\">\n\t\t\t<div class=\"elementor-widget-wrap elementor-element-populated\">\n\t\t\t\t\t\t<div class=\"elementor-element elementor-element-65b57bd elementor-widget elementor-widget-heading\" data-id=\"65b57bd\" data-element_type=\"widget\" data-e-type=\"widget\" data-widget_type=\"heading.default\">\n\t\t\t\t\t<h1 class=\"elementor-heading-title elementor-size-default\"><span style=\"font-size: 39.04px\">Originario de Mazatenango, Suchitep\u00e9quez e hijo de sastre, Jorge Tello lleva lleva casi 4 d\u00e9cadas de elaborar trajes de charro para artistas de m\u00fasica regional en Los Angeles: un arte emblem\u00e1tico por el cual incluso le han llamado \"el guatemalteco m\u00e1s mexicano\".<\/span><span style=\"font-size: 31.2px\">\n<\/span><\/h1>\t\t\t\t<\/div>\n\t\t\t\t\t<\/div>\n\t\t<\/div>\n\t\t\t\t\t<\/div>\n\t\t<\/section>\n\t\t\t\t<section data-particle_enable=\"false\" data-particle-mobile-disabled=\"false\" class=\"elementor-section elementor-top-section elementor-element elementor-element-18fb147 elementor-section-boxed elementor-section-height-default elementor-section-height-default\" data-id=\"18fb147\" data-element_type=\"section\" data-e-type=\"section\">\n\t\t\t\t\t\t<div class=\"elementor-container elementor-column-gap-default\">\n\t\t\t\t\t<div class=\"elementor-column elementor-col-100 elementor-top-column elementor-element elementor-element-f13059f\" data-id=\"f13059f\" data-element_type=\"column\" data-e-type=\"column\">\n\t\t\t<div class=\"elementor-widget-wrap elementor-element-populated\">\n\t\t\t\t\t\t<div class=\"elementor-element elementor-element-d317fcd elementor-arrows-position-inside elementor-pagination-position-outside elementor-widget elementor-widget-image-carousel\" data-id=\"d317fcd\" data-element_type=\"widget\" data-e-type=\"widget\" data-settings=\"{&quot;slides_to_show&quot;:&quot;1&quot;,&quot;navigation&quot;:&quot;both&quot;,&quot;autoplay&quot;:&quot;yes&quot;,&quot;pause_on_hover&quot;:&quot;yes&quot;,&quot;pause_on_interaction&quot;:&quot;yes&quot;,&quot;autoplay_speed&quot;:5000,&quot;infinite&quot;:&quot;yes&quot;,&quot;effect&quot;:&quot;slide&quot;,&quot;speed&quot;:500}\" data-widget_type=\"image-carousel.default\">\n\t\t\t\t\t\t\t<div class=\"elementor-image-carousel-wrapper swiper\" role=\"region\" aria-roledescription=\"carousel\" aria-label=\"Carrusel de im\u00e1genes\" dir=\"ltr\">\n\t\t\t<div class=\"elementor-image-carousel swiper-wrapper\" aria-live=\"off\">\n\t\t\t\t\t\t\t\t<div class=\"swiper-slide\" role=\"group\" aria-roledescription=\"slide\" aria-label=\"1 de 4\"><figure class=\"swiper-slide-inner\"><img decoding=\"async\" class=\"swiper-slide-image\" src=\"https:\/\/soymigrante.com\/revista\/wp-content\/uploads\/2024\/01\/Captura-de-pantalla-2024-01-19-112842.webp\" alt=\"Jorge Tello visit\u00f3 a su familia en la ciudad de Guatemala.\" \/><figcaption class=\"elementor-image-carousel-caption\">Jorge Tello visit\u00f3 a su familia en la ciudad de Guatemala.<\/figcaption><\/figure><\/div><div class=\"swiper-slide\" role=\"group\" aria-roledescription=\"slide\" aria-label=\"2 de 4\"><figure class=\"swiper-slide-inner\"><img decoding=\"async\" class=\"swiper-slide-image\" src=\"https:\/\/soymigrante.com\/revista\/wp-content\/uploads\/2024\/01\/fdfsdfdsf.webp\" alt=\"Relat\u00f3 sus comienzos como aprendiz de la mano de su padre\" \/><figcaption class=\"elementor-image-carousel-caption\">Relat\u00f3 sus comienzos como aprendiz de la mano de su padre<\/figcaption><\/figure><\/div><div class=\"swiper-slide\" role=\"group\" aria-roledescription=\"slide\" aria-label=\"3 de 4\"><figure class=\"swiper-slide-inner\"><img decoding=\"async\" class=\"swiper-slide-image\" src=\"https:\/\/soymigrante.com\/revista\/wp-content\/uploads\/2024\/01\/Captura-de-pantalla-2024-01-19-113129-copia-2.webp\" alt=\"Y tambi\u00e9n cont\u00f3 como aprendi\u00f3 a elaborar grecas del traje charro &quot;al ojo&quot;\" \/><figcaption class=\"elementor-image-carousel-caption\">Y tambi\u00e9n cont\u00f3 como aprendi\u00f3 a elaborar grecas del traje charro \"al ojo\"<\/figcaption><\/figure><\/div><div class=\"swiper-slide\" role=\"group\" aria-roledescription=\"slide\" aria-label=\"4 de 4\"><figure class=\"swiper-slide-inner\"><img decoding=\"async\" class=\"swiper-slide-image\" src=\"https:\/\/soymigrante.com\/revista\/wp-content\/uploads\/2024\/01\/Captura-de-pantalla-2024-01-19-113214-copia-2.webp\" alt=\"Creatividad, dedicaci\u00f3n y atenci\u00f3n al detalle son sus grandes claves creativas\" \/><figcaption class=\"elementor-image-carousel-caption\">Creatividad, dedicaci\u00f3n y atenci\u00f3n al detalle son sus grandes claves creativas<\/figcaption><\/figure><\/div>\t\t\t<\/div>\n\t\t\t\t\t\t\t\t\t\t\t\t<div class=\"elementor-swiper-button elementor-swiper-button-prev\" role=\"button\" tabindex=\"0\">\n\t\t\t\t\t\t<i aria-hidden=\"true\" class=\"eicon-chevron-left\"><\/i>\t\t\t\t\t<\/div>\n\t\t\t\t\t<div class=\"elementor-swiper-button elementor-swiper-button-next\" role=\"button\" tabindex=\"0\">\n\t\t\t\t\t\t<i aria-hidden=\"true\" class=\"eicon-chevron-right\"><\/i>\t\t\t\t\t<\/div>\n\t\t\t\t\n\t\t\t\t\t\t\t\t\t<div class=\"swiper-pagination\"><\/div>\n\t\t\t\t\t\t\t\t\t<\/div>\n\t\t\t\t\t\t<\/div>\n\t\t\t\t\t<\/div>\n\t\t<\/div>\n\t\t\t\t\t<\/div>\n\t\t<\/section>\n\t\t\t\t<section data-particle_enable=\"false\" data-particle-mobile-disabled=\"false\" class=\"elementor-section elementor-top-section elementor-element elementor-element-be16fff elementor-section-boxed elementor-section-height-default elementor-section-height-default\" data-id=\"be16fff\" data-element_type=\"section\" data-e-type=\"section\">\n\t\t\t\t\t\t<div class=\"elementor-container elementor-column-gap-default\">\n\t\t\t\t\t<div class=\"elementor-column elementor-col-100 elementor-top-column elementor-element elementor-element-2f6dd61\" data-id=\"2f6dd61\" data-element_type=\"column\" data-e-type=\"column\">\n\t\t\t<div class=\"elementor-widget-wrap elementor-element-populated\">\n\t\t\t\t\t\t<div class=\"elementor-element elementor-element-f7a81ff elementor-widget elementor-widget-heading\" data-id=\"f7a81ff\" data-element_type=\"widget\" data-e-type=\"widget\" data-widget_type=\"heading.default\">\n\t\t\t\t\t<h2 class=\"elementor-heading-title elementor-size-default\">Talento guatemalteco sin fronteras<\/h2>\t\t\t\t<\/div>\n\t\t\t\t\t<\/div>\n\t\t<\/div>\n\t\t\t\t\t<\/div>\n\t\t<\/section>\n\t\t\t\t<section data-particle_enable=\"false\" data-particle-mobile-disabled=\"false\" class=\"elementor-section elementor-top-section elementor-element elementor-element-4b4880d elementor-section-boxed elementor-section-height-default elementor-section-height-default\" data-id=\"4b4880d\" data-element_type=\"section\" data-e-type=\"section\">\n\t\t\t\t\t\t<div class=\"elementor-container elementor-column-gap-default\">\n\t\t\t\t\t<div class=\"elementor-column elementor-col-100 elementor-top-column elementor-element elementor-element-7ecade0\" data-id=\"7ecade0\" data-element_type=\"column\" data-e-type=\"column\">\n\t\t\t<div class=\"elementor-widget-wrap elementor-element-populated\">\n\t\t\t\t\t\t<div class=\"elementor-element elementor-element-0290e2d elementor-widget elementor-widget-text-editor\" data-id=\"0290e2d\" data-element_type=\"widget\" data-e-type=\"widget\" data-widget_type=\"text-editor.default\">\n\t\t\t\t\t\t\t\t\t<p>&#8220;Mi pap\u00e1 era sastre y desde peque\u00f1o me ense\u00f1\u00f3 el oficio&#8221;, relata Jorge Tello, migrante guatemalteco, originario de Mazatenango, radicado en Los Angeles desde mediados de la d\u00e9cada 1980.<\/p><p><span style=\"color: var( --e-global-color-text );\">&#8220;Pap\u00e1 no hac\u00eda trajes completos, sino pantalones, pero un amigo de \u00e9l me ofreci\u00f3 ense\u00f1arme a hacer sacos&#8221;. En aquel momento, Jorge nunca imaginaba que aquella ser\u00eda la base de un talento que le har\u00eda florecer tan lejos y con un arte tan espec\u00edfico, tan emblem\u00e1tico y tan mexicano.\u00a0<\/span><\/p><p><span style=\"color: var( --e-global-color-text );\">La Casa del Mariachi se llama su taller\u00a0 y adem\u00e1s muchos le conocen como El Maestro, aunque \u00e9l con humildad dice que solo es un hombre trabajador, dedicado a su oficil y respetuoso de un s\u00edmbolo cultural internacional mexicano, pero que todo se lo debe a su ser guatemalteco.<\/span><\/p>\t\t\t\t\t\t\t\t<\/div>\n\t\t\t\t\t<\/div>\n\t\t<\/div>\n\t\t\t\t\t<\/div>\n\t\t<\/section>\n\t\t\t\t<section data-particle_enable=\"false\" data-particle-mobile-disabled=\"false\" class=\"elementor-section elementor-top-section elementor-element elementor-element-931d722 elementor-section-boxed elementor-section-height-default elementor-section-height-default\" data-id=\"931d722\" data-element_type=\"section\" data-e-type=\"section\">\n\t\t\t\t\t\t<div class=\"elementor-container elementor-column-gap-default\">\n\t\t\t\t\t<div class=\"elementor-column elementor-col-100 elementor-top-column elementor-element elementor-element-eb5aad4\" data-id=\"eb5aad4\" data-element_type=\"column\" data-e-type=\"column\">\n\t\t\t<div class=\"elementor-widget-wrap elementor-element-populated\">\n\t\t\t\t\t\t<div class=\"elementor-element elementor-element-6b55a88 elementor-widget elementor-widget-image\" data-id=\"6b55a88\" data-element_type=\"widget\" data-e-type=\"widget\" data-widget_type=\"image.default\">\n\t\t\t\t\t\t\t\t\t\t\t\t<figure class=\"wp-caption\">\n\t\t\t\t\t\t\t\t\t\t<img fetchpriority=\"high\" decoding=\"async\" width=\"768\" height=\"576\" src=\"https:\/\/soymigrante.com\/revista\/wp-content\/uploads\/2024\/01\/412863968_332130579758055_7269561819213100575_n.webp\" class=\"attachment-large size-large wp-image-4482\" alt=\"\" srcset=\"https:\/\/soymigrante.com\/revista\/wp-content\/uploads\/2024\/01\/412863968_332130579758055_7269561819213100575_n.webp 828w, https:\/\/soymigrante.com\/revista\/wp-content\/uploads\/2024\/01\/412863968_332130579758055_7269561819213100575_n-300x225.webp 300w, https:\/\/soymigrante.com\/revista\/wp-content\/uploads\/2024\/01\/412863968_332130579758055_7269561819213100575_n-768x576.webp 768w, https:\/\/soymigrante.com\/revista\/wp-content\/uploads\/2024\/01\/412863968_332130579758055_7269561819213100575_n-750x563.webp 750w\" sizes=\"(max-width: 768px) 100vw, 768px\" title=\"Jorge Tello dirige el taller La Casa del Mariachi, en donde confecciona trajes para artistas de m\u00fasica regional, indumentaria de cine y tambi\u00e9n prendas con estilo charro para cantantes rock, blues y otros g\u00e9neros. \u2013 SoyMigrante.com REVISTA\" \/>\t\t\t\t\t\t\t\t\t\t\t<figcaption class=\"widget-image-caption wp-caption-text\">Jorge Tello dirige el taller La Casa del Mariachi, en donde confecciona trajes para artistas de m\u00fasica regional, indumentaria de cine y tambi\u00e9n prendas con estilo charro para cantantes rock, blues y otros g\u00e9neros.<\/figcaption>\n\t\t\t\t\t\t\t\t\t\t<\/figure>\n\t\t\t\t\t\t\t\t\t<\/div>\n\t\t\t\t\t<\/div>\n\t\t<\/div>\n\t\t\t\t\t<\/div>\n\t\t<\/section>\n\t\t\t\t<section data-particle_enable=\"false\" data-particle-mobile-disabled=\"false\" class=\"elementor-section elementor-top-section elementor-element elementor-element-460a2be elementor-section-boxed elementor-section-height-default elementor-section-height-default\" data-id=\"460a2be\" data-element_type=\"section\" data-e-type=\"section\">\n\t\t\t\t\t\t<div class=\"elementor-container elementor-column-gap-default\">\n\t\t\t\t\t<div class=\"elementor-column elementor-col-100 elementor-top-column elementor-element elementor-element-bca5030\" data-id=\"bca5030\" data-element_type=\"column\" data-e-type=\"column\">\n\t\t\t<div class=\"elementor-widget-wrap elementor-element-populated\">\n\t\t\t\t\t\t<div class=\"elementor-element elementor-element-fd7e3d5 elementor-widget elementor-widget-text-editor\" data-id=\"fd7e3d5\" data-element_type=\"widget\" data-e-type=\"widget\" data-widget_type=\"text-editor.default\">\n\t\t\t\t\t\t\t\t\t<p>El migrante guatemalteco ha confeccionado trajes a muchos cantantes de m\u00fasica regional mexicano, pero tambi\u00e9n a int\u00e9rpretes de otros g\u00e9neros como el tenor Pl\u00e1cido Domingo, el guitarrista Carlos Santana. &#8220;El gusto por el arte del traje charro abarca tambi\u00e9n a cantantes de rock que vienen encargar piezas para su uso personal o en conciertos&#8221;. Adem\u00e1s ha hecho indumentaria para pel\u00edculas.\u00a0<\/p><p><span style=\"color: var( --e-global-color-text );\">Es tanto su prestigio y conocimiento de este emblem\u00e1tico traje que tambi\u00e9n le han llamado &#8220;el guatemalteco m\u00e1s mexicano&#8221;.<\/span><\/p>\t\t\t\t\t\t\t\t<\/div>\n\t\t\t\t\t<\/div>\n\t\t<\/div>\n\t\t\t\t\t<\/div>\n\t\t<\/section>\n\t\t\t\t<section data-particle_enable=\"false\" data-particle-mobile-disabled=\"false\" class=\"elementor-section elementor-top-section elementor-element elementor-element-50854ac elementor-section-boxed elementor-section-height-default elementor-section-height-default\" data-id=\"50854ac\" data-element_type=\"section\" data-e-type=\"section\">\n\t\t\t\t\t\t<div class=\"elementor-container elementor-column-gap-default\">\n\t\t\t\t\t<div class=\"elementor-column elementor-col-100 elementor-top-column elementor-element elementor-element-9d54d1a\" data-id=\"9d54d1a\" data-element_type=\"column\" data-e-type=\"column\">\n\t\t\t<div class=\"elementor-widget-wrap elementor-element-populated\">\n\t\t\t\t\t\t<div class=\"elementor-element elementor-element-d870faa elementor-widget elementor-widget-video\" data-id=\"d870faa\" data-element_type=\"widget\" data-e-type=\"widget\" data-settings=\"{&quot;youtube_url&quot;:&quot;https:\\\/\\\/www.youtube.com\\\/watch?v=nXV7RWyegrc&quot;,&quot;start&quot;:41,&quot;end&quot;:93,&quot;video_type&quot;:&quot;youtube&quot;,&quot;controls&quot;:&quot;yes&quot;}\" data-widget_type=\"video.default\">\n\t\t\t\t\t\t\t<div class=\"elementor-wrapper elementor-open-inline\">\n\t\t\t<div class=\"elementor-video\"><\/div>\t\t<\/div>\n\t\t\t\t\t\t<\/div>\n\t\t\t\t\t<\/div>\n\t\t<\/div>\n\t\t\t\t\t<\/div>\n\t\t<\/section>\n\t\t\t\t<section data-particle_enable=\"false\" data-particle-mobile-disabled=\"false\" class=\"elementor-section elementor-top-section elementor-element elementor-element-95d2d3c elementor-section-boxed elementor-section-height-default elementor-section-height-default\" data-id=\"95d2d3c\" data-element_type=\"section\" data-e-type=\"section\">\n\t\t\t\t\t\t<div class=\"elementor-container elementor-column-gap-default\">\n\t\t\t\t\t<div class=\"elementor-column elementor-col-100 elementor-top-column elementor-element elementor-element-2bcf79e\" data-id=\"2bcf79e\" data-element_type=\"column\" data-e-type=\"column\">\n\t\t\t<div class=\"elementor-widget-wrap elementor-element-populated\">\n\t\t\t\t\t\t<div class=\"elementor-element elementor-element-60fdb96 elementor-widget elementor-widget-heading\" data-id=\"60fdb96\" data-element_type=\"widget\" data-e-type=\"widget\" data-widget_type=\"heading.default\">\n\t\t\t\t\t<h2 class=\"elementor-heading-title elementor-size-default\">Mazateco de coraz\u00f3n<\/h2>\t\t\t\t<\/div>\n\t\t\t\t\t<\/div>\n\t\t<\/div>\n\t\t\t\t\t<\/div>\n\t\t<\/section>\n\t\t\t\t<section data-particle_enable=\"false\" data-particle-mobile-disabled=\"false\" class=\"elementor-section elementor-top-section elementor-element elementor-element-1ee21ec elementor-section-boxed elementor-section-height-default elementor-section-height-default\" data-id=\"1ee21ec\" data-element_type=\"section\" data-e-type=\"section\">\n\t\t\t\t\t\t<div class=\"elementor-container elementor-column-gap-default\">\n\t\t\t\t\t<div class=\"elementor-column elementor-col-100 elementor-top-column elementor-element elementor-element-acd3ff8\" data-id=\"acd3ff8\" data-element_type=\"column\" data-e-type=\"column\">\n\t\t\t<div class=\"elementor-widget-wrap elementor-element-populated\">\n\t\t\t\t\t\t<div class=\"elementor-element elementor-element-b6fe198 elementor-widget elementor-widget-text-editor\" data-id=\"b6fe198\" data-element_type=\"widget\" data-e-type=\"widget\" data-widget_type=\"text-editor.default\">\n\t\t\t\t\t\t\t\t\t<p><span style=\"color: var( --e-global-color-text );\">&#8220;Soy guatemalteco, puro mazateco. Mi mam\u00e1 era ama de casa. Todav\u00eda vive y vine a visitarla a Guatemala. Mi pap\u00e1 era sastre. REcuerde que antes cuando uno quer\u00eda un pantal\u00f3n lo m\u00e1s usual era ir donde el sastre a encargarle uno. Ser sastre era un trabajo muy demandado y estable. Eso cambi\u00f3 porque hoy muchos pantalones de vestir se compran ya hechos&#8221;.<\/span><br><\/p><p>Los consejos de su padre siguen en su memoria y en sus manos: &#8220;Me dec\u00eda que todo hab\u00eda que hacerlo bien. Desde la orilla del ruedo para que no se deshilachara, luego pegar bien los botones, hacer rectos los hojales, tomar bien las medidas, cortar bien&#8221;, relata. &#8220;Y a veces me dec\u00eda: f\u00edjate bien, con una palmada&#8221;.<\/p>\t\t\t\t\t\t\t\t<\/div>\n\t\t\t\t\t<\/div>\n\t\t<\/div>\n\t\t\t\t\t<\/div>\n\t\t<\/section>\n\t\t\t\t<section data-particle_enable=\"false\" data-particle-mobile-disabled=\"false\" class=\"elementor-section elementor-top-section elementor-element elementor-element-e684767 elementor-section-boxed elementor-section-height-default elementor-section-height-default\" data-id=\"e684767\" data-element_type=\"section\" data-e-type=\"section\">\n\t\t\t\t\t\t<div class=\"elementor-container elementor-column-gap-default\">\n\t\t\t\t\t<div class=\"elementor-column elementor-col-100 elementor-top-column elementor-element elementor-element-afcc1d2\" data-id=\"afcc1d2\" data-element_type=\"column\" data-e-type=\"column\">\n\t\t\t<div class=\"elementor-widget-wrap elementor-element-populated\">\n\t\t\t\t\t\t<div class=\"elementor-element elementor-element-15aca4b elementor-widget elementor-widget-image\" data-id=\"15aca4b\" data-element_type=\"widget\" data-e-type=\"widget\" data-widget_type=\"image.default\">\n\t\t\t\t\t\t\t\t\t\t\t\t<figure class=\"wp-caption\">\n\t\t\t\t\t\t\t\t\t\t<img decoding=\"async\" width=\"745\" height=\"819\" src=\"https:\/\/soymigrante.com\/revista\/wp-content\/uploads\/2024\/01\/397979236_1377260366236666_5411960515441141888_n.webp\" class=\"attachment-large size-large wp-image-4518\" alt=\"\" srcset=\"https:\/\/soymigrante.com\/revista\/wp-content\/uploads\/2024\/01\/397979236_1377260366236666_5411960515441141888_n.webp 745w, https:\/\/soymigrante.com\/revista\/wp-content\/uploads\/2024\/01\/397979236_1377260366236666_5411960515441141888_n-273x300.webp 273w\" sizes=\"(max-width: 745px) 100vw, 745px\" title=\"Su calidad y atenci\u00f3n al detalle de cada pieza elaborada le ganaron fama a los trajes charros del migrante guatemalteco Jorge Tello desde la d\u00e9cada 1980. \u2013 SoyMigrante.com REVISTA\" \/>\t\t\t\t\t\t\t\t\t\t\t<figcaption class=\"widget-image-caption wp-caption-text\">Su calidad y atenci\u00f3n al detalle de cada pieza elaborada le ganaron fama a los trajes charros del migrante guatemalteco Jorge Tello desde la d\u00e9cada 1980.<\/figcaption>\n\t\t\t\t\t\t\t\t\t\t<\/figure>\n\t\t\t\t\t\t\t\t\t<\/div>\n\t\t\t\t\t<\/div>\n\t\t<\/div>\n\t\t\t\t\t<\/div>\n\t\t<\/section>\n\t\t\t\t<section data-particle_enable=\"false\" data-particle-mobile-disabled=\"false\" class=\"elementor-section elementor-top-section elementor-element elementor-element-25d6692 elementor-section-boxed elementor-section-height-default elementor-section-height-default\" data-id=\"25d6692\" data-element_type=\"section\" data-e-type=\"section\">\n\t\t\t\t\t\t<div class=\"elementor-container elementor-column-gap-default\">\n\t\t\t\t\t<div class=\"elementor-column elementor-col-100 elementor-top-column elementor-element elementor-element-808f9e3\" data-id=\"808f9e3\" data-element_type=\"column\" data-e-type=\"column\">\n\t\t\t<div class=\"elementor-widget-wrap elementor-element-populated\">\n\t\t\t\t\t\t<div class=\"elementor-element elementor-element-0a9577d elementor-widget elementor-widget-heading\" data-id=\"0a9577d\" data-element_type=\"widget\" data-e-type=\"widget\" data-widget_type=\"heading.default\">\n\t\t\t\t\t<h2 class=\"elementor-heading-title elementor-size-default\">Un di\u00e1logo que marc\u00f3 rumbo<\/h2>\t\t\t\t<\/div>\n\t\t\t\t\t<\/div>\n\t\t<\/div>\n\t\t\t\t\t<\/div>\n\t\t<\/section>\n\t\t\t\t<section data-particle_enable=\"false\" data-particle-mobile-disabled=\"false\" class=\"elementor-section elementor-top-section elementor-element elementor-element-7a169cc elementor-section-boxed elementor-section-height-default elementor-section-height-default\" data-id=\"7a169cc\" data-element_type=\"section\" data-e-type=\"section\">\n\t\t\t\t\t\t<div class=\"elementor-container elementor-column-gap-default\">\n\t\t\t\t\t<div class=\"elementor-column elementor-col-100 elementor-top-column elementor-element elementor-element-754a626\" data-id=\"754a626\" data-element_type=\"column\" data-e-type=\"column\">\n\t\t\t<div class=\"elementor-widget-wrap elementor-element-populated\">\n\t\t\t\t\t\t<div class=\"elementor-element elementor-element-7a800cb elementor-widget elementor-widget-text-editor\" data-id=\"7a800cb\" data-element_type=\"widget\" data-e-type=\"widget\" data-widget_type=\"text-editor.default\">\n\t\t\t\t\t\t\t\t\t<p><span style=\"color: var( --e-global-color-text );\">Al llegar a Los Angeles, Jorge empezz\u00f3 a trabajar en un taller de sastrer\u00eda. &#8220;Lo primero que me toc\u00f3 hacer fueron piezas de sacos: hac\u00eda las bolsas, colocaba la entretela, esos elementos que no se ven. Pero el due\u00f1o vio lo que hac\u00eda y me dijo: \u00a1Trabajas bien! (S\u00ed, eran las ra\u00edces fuertes de la ense\u00f1anza paciente y con el ejemplo de su pap\u00e1 en Guatemala).<\/span><\/p><p>&#8220;Entonces me dio un saco completito para que lo terminara y lo hice. Ah, est\u00e1 muy bien tu trabajo, me dice. Y lo que me emocion\u00f3 de verdad\u00a0 fue que un d\u00eda un se\u00f1or americano lleg\u00f3 a preguntarle al maestro: \u00bfqui\u00e9n hizo este traje? No se me olvida. Me felicit\u00f3 y me regal\u00f3 10 d\u00f3lares de propina, era mucho en aquel entonces&#8221;.\u00a0<\/p><p>Despu\u00e9s de unos tres meses surgi\u00f3 una oportunidad en un taller trajes de charro, aunque en el \u00e1rea de confecci\u00b4no b\u00e1sica.\u00a0<\/p><p><span style=\"color: var( --e-global-color-text );\">Julio V\u00e1squez, el due\u00f1o del taller le hizo una pregunta a Jorge. La respuesta dio el giro definitivo al camino que iba a tomar. Ese valor, ese atrevimiento, esa seguridad es la ense\u00f1anza m\u00e1s valiosa de la vida de Jorge Tello (dicho sea por quien entrevista).<\/span><\/p><p>\u00a0<\/p>\t\t\t\t\t\t\t\t<\/div>\n\t\t\t\t\t<\/div>\n\t\t<\/div>\n\t\t\t\t\t<\/div>\n\t\t<\/section>\n\t\t\t\t<section data-particle_enable=\"false\" data-particle-mobile-disabled=\"false\" class=\"elementor-section elementor-top-section elementor-element elementor-element-988f8d2 elementor-section-boxed elementor-section-height-default elementor-section-height-default\" data-id=\"988f8d2\" data-element_type=\"section\" data-e-type=\"section\">\n\t\t\t\t\t\t<div class=\"elementor-container elementor-column-gap-default\">\n\t\t\t\t\t<div class=\"elementor-column elementor-col-100 elementor-top-column elementor-element elementor-element-3b24239\" data-id=\"3b24239\" data-element_type=\"column\" data-e-type=\"column\">\n\t\t\t<div class=\"elementor-widget-wrap elementor-element-populated\">\n\t\t\t\t\t\t<section data-particle_enable=\"false\" data-particle-mobile-disabled=\"false\" class=\"elementor-section elementor-inner-section elementor-element elementor-element-a99519e elementor-section-boxed elementor-section-height-default elementor-section-height-default\" data-id=\"a99519e\" data-element_type=\"section\" data-e-type=\"section\">\n\t\t\t\t\t\t<div class=\"elementor-container elementor-column-gap-default\">\n\t\t\t\t\t<div class=\"elementor-column elementor-col-50 elementor-inner-column elementor-element elementor-element-a4346ad\" data-id=\"a4346ad\" data-element_type=\"column\" data-e-type=\"column\">\n\t\t\t<div class=\"elementor-widget-wrap elementor-element-populated\">\n\t\t\t\t\t\t<div class=\"elementor-element elementor-element-df225b9 elementor-widget elementor-widget-text-editor\" data-id=\"df225b9\" data-element_type=\"widget\" data-e-type=\"widget\" data-widget_type=\"text-editor.default\">\n\t\t\t\t\t\t\t\t\t<p><span style=\"font-family: Roboto, sans-serif; font-size: 16px; font-style: normal; font-variant-ligatures: normal; font-variant-caps: normal; font-weight: 400; color: var( --e-global-color-text );\">&#8211;<\/span><span style=\"font-family: Roboto, sans-serif; font-size: 16px; font-style: normal; font-variant-ligatures: normal; font-variant-caps: normal; color: var( --e-global-color-text );\"><b> Oye Jorge \u00bfcrees que puedes hacer e<\/b><\/span><b><span style=\"font-family: Roboto, sans-serif; font-size: 16px; font-style: normal; font-variant-ligatures: normal; font-variant-caps: normal; color: var( --e-global-color-text );\">ste dise\u00f1o?&nbsp;<br><\/span><span style=\"color: var( --e-global-color-text );\">&#8211; S\u00ed, lo puedo hacer<br><\/span><span style=\"color: var( --e-global-color-text );\">&#8211; \u00bfPero c\u00f3mo si nunca lo has hecho?<br><\/span><span style=\"color: var( --e-global-color-text );\">&#8211; Pero ya v\u00ed como se hace.<br><\/span><span style=\"color: var( --e-global-color-text );\">&#8211; \u00bfSer\u00e1 que puedes?<br><\/span><span style=\"color: var( --e-global-color-text );\">&#8211; Hazme la prueba, dame la oportunidad y te demuestro lo que puedo hacer.<br><br><\/span><\/b><\/p><p><b>Y el resto es historia&#8230;<\/b><\/p>\n<div><span style=\"color: var( --e-global-color-text );\">&nbsp;<\/span><\/div>\n<p style=\"font-style: normal; font-variant-ligatures: normal; font-variant-caps: normal; font-weight: 400; font-size: 16px; font-family: Roboto, sans-serif;\">\n<\/p>\t\t\t\t\t\t\t\t<\/div>\n\t\t\t\t\t<\/div>\n\t\t<\/div>\n\t\t\t\t<div class=\"elementor-column elementor-col-50 elementor-inner-column elementor-element elementor-element-5c1332b\" data-id=\"5c1332b\" data-element_type=\"column\" data-e-type=\"column\">\n\t\t\t<div class=\"elementor-widget-wrap elementor-element-populated\">\n\t\t\t\t\t\t<div class=\"elementor-element elementor-element-85f378c elementor-widget elementor-widget-image\" data-id=\"85f378c\" data-element_type=\"widget\" data-e-type=\"widget\" data-widget_type=\"image.default\">\n\t\t\t\t\t\t\t\t\t\t\t\t\t\t\t<img decoding=\"async\" width=\"629\" height=\"1024\" src=\"https:\/\/soymigrante.com\/revista\/wp-content\/uploads\/2024\/01\/412667206_381388791002992_1828836194875167786_n-1-629x1024.webp\" class=\"attachment-large size-large wp-image-4519\" alt=\"\" srcset=\"https:\/\/soymigrante.com\/revista\/wp-content\/uploads\/2024\/01\/412667206_381388791002992_1828836194875167786_n-1-629x1024.webp 629w, https:\/\/soymigrante.com\/revista\/wp-content\/uploads\/2024\/01\/412667206_381388791002992_1828836194875167786_n-1-184x300.webp 184w, https:\/\/soymigrante.com\/revista\/wp-content\/uploads\/2024\/01\/412667206_381388791002992_1828836194875167786_n-1-768x1250.webp 768w, https:\/\/soymigrante.com\/revista\/wp-content\/uploads\/2024\/01\/412667206_381388791002992_1828836194875167786_n-1-750x1220.webp 750w, https:\/\/soymigrante.com\/revista\/wp-content\/uploads\/2024\/01\/412667206_381388791002992_1828836194875167786_n-1.webp 783w\" sizes=\"(max-width: 629px) 100vw, 629px\" title=\"412667206_381388791002992_1828836194875167786_n \u2013 SoyMigrante.com REVISTA\" \/>\t\t\t\t\t\t\t\t\t\t\t\t\t\t\t<\/div>\n\t\t\t\t\t<\/div>\n\t\t<\/div>\n\t\t\t\t\t<\/div>\n\t\t<\/section>\n\t\t\t\t\t<\/div>\n\t\t<\/div>\n\t\t\t\t\t<\/div>\n\t\t<\/section>\n\t\t\t\t<section data-particle_enable=\"false\" data-particle-mobile-disabled=\"false\" class=\"elementor-section elementor-top-section elementor-element elementor-element-2504709 elementor-section-boxed elementor-section-height-default elementor-section-height-default\" data-id=\"2504709\" data-element_type=\"section\" data-e-type=\"section\">\n\t\t\t\t\t\t<div class=\"elementor-container elementor-column-gap-default\">\n\t\t\t\t\t<div class=\"elementor-column elementor-col-100 elementor-top-column elementor-element elementor-element-b740dbc\" data-id=\"b740dbc\" data-element_type=\"column\" data-e-type=\"column\">\n\t\t\t<div class=\"elementor-widget-wrap elementor-element-populated\">\n\t\t\t\t\t\t<div class=\"elementor-element elementor-element-2778f34 elementor-widget elementor-widget-heading\" data-id=\"2778f34\" data-element_type=\"widget\" data-e-type=\"widget\" data-widget_type=\"heading.default\">\n\t\t\t\t\t<h2 class=\"elementor-heading-title elementor-size-default\">\"\u00a1Gracias a Dios!\"<\/h2>\t\t\t\t<\/div>\n\t\t\t\t\t<\/div>\n\t\t<\/div>\n\t\t\t\t\t<\/div>\n\t\t<\/section>\n\t\t\t\t<section data-particle_enable=\"false\" data-particle-mobile-disabled=\"false\" class=\"elementor-section elementor-top-section elementor-element elementor-element-d418298 elementor-section-boxed elementor-section-height-default elementor-section-height-default\" data-id=\"d418298\" data-element_type=\"section\" data-e-type=\"section\">\n\t\t\t\t\t\t<div class=\"elementor-container elementor-column-gap-default\">\n\t\t\t\t\t<div class=\"elementor-column elementor-col-100 elementor-top-column elementor-element elementor-element-61a4e89\" data-id=\"61a4e89\" data-element_type=\"column\" data-e-type=\"column\">\n\t\t\t<div class=\"elementor-widget-wrap elementor-element-populated\">\n\t\t\t\t\t\t<div class=\"elementor-element elementor-element-05000b6 elementor-widget elementor-widget-text-editor\" data-id=\"05000b6\" data-element_type=\"widget\" data-e-type=\"widget\" data-widget_type=\"text-editor.default\">\n\t\t\t\t\t\t\t\t\t<p>Jorge, sentado en casa de su hermana en la zona 18 de Guatemala, a donde vino a visitar a su mam\u00e1 (de 92 a\u00f1os) cuenta: &#8220;Aprend\u00ed al ojo y al ojo nada m\u00e1s. El traje charro es un arte muy minucioso y siempre diferente. Hay que hacer muchos dise\u00f1os y estilos de dise\u00f1os, las grecas son esos adornos que van de lado. Son dise\u00f1os inspirados en lo azteca y luego viene la botonadura que puede ser de plata cuando el traje es de gala. Hay grados de elegancia&#8221;.<\/p><p><span style=\"color: var( --e-global-color-text );\">Hay trajes que pueden llegar a costar 5 mil d\u00f3lares, por los materiales que se utiliza.\u00a0<\/span><span style=\"color: var( --e-global-color-text );\">&#8220;El artista trae una inspiraci\u00f3n, ideas de detalles y con eso yo le sumo otras para crear un dise\u00f1o original, siempre original&#8221;, cuenta.<\/span><\/p><p>Cuando Jorge ve a un artista mexicano cantando con un traje suyo siempre se emociona. &#8220;ESe traje se hizo all\u00e1 con tanto cari\u00f1o, con pasi\u00f3n. A veces se me salen las l\u00e1grimas al ver hasta donde he llegado. En realidad, <b>Gracias a Dios&#8221;.<\/b><\/p>\t\t\t\t\t\t\t\t<\/div>\n\t\t\t\t\t<\/div>\n\t\t<\/div>\n\t\t\t\t\t<\/div>\n\t\t<\/section>\n\t\t\t\t<section data-particle_enable=\"false\" data-particle-mobile-disabled=\"false\" class=\"elementor-section elementor-top-section elementor-element elementor-element-6fea99b elementor-section-boxed elementor-section-height-default elementor-section-height-default\" data-id=\"6fea99b\" data-element_type=\"section\" data-e-type=\"section\">\n\t\t\t\t\t\t<div class=\"elementor-container elementor-column-gap-default\">\n\t\t\t\t\t<div class=\"elementor-column elementor-col-100 elementor-top-column elementor-element elementor-element-b4f6fdb\" data-id=\"b4f6fdb\" data-element_type=\"column\" data-e-type=\"column\">\n\t\t\t<div class=\"elementor-widget-wrap elementor-element-populated\">\n\t\t\t\t\t\t<div class=\"elementor-element elementor-element-8721bd7 elementor-widget elementor-widget-video\" data-id=\"8721bd7\" data-element_type=\"widget\" data-e-type=\"widget\" data-settings=\"{&quot;youtube_url&quot;:&quot;https:\\\/\\\/www.youtube.com\\\/watch?v=XwSlDMIcnJY&amp;t=233s&quot;,&quot;video_type&quot;:&quot;youtube&quot;,&quot;controls&quot;:&quot;yes&quot;}\" data-widget_type=\"video.default\">\n\t\t\t\t\t\t\t<div class=\"elementor-wrapper elementor-open-inline\">\n\t\t\t<div class=\"elementor-video\"><\/div>\t\t<\/div>\n\t\t\t\t\t\t<\/div>\n\t\t\t\t\t<\/div>\n\t\t<\/div>\n\t\t\t\t\t<\/div>\n\t\t<\/section>\n\t\t\t\t<section data-particle_enable=\"false\" data-particle-mobile-disabled=\"false\" class=\"elementor-section elementor-top-section elementor-element elementor-element-9e04e12 elementor-section-boxed elementor-section-height-default elementor-section-height-default\" data-id=\"9e04e12\" data-element_type=\"section\" data-e-type=\"section\">\n\t\t\t\t\t\t<div class=\"elementor-container elementor-column-gap-default\">\n\t\t\t\t\t<div class=\"elementor-column elementor-col-100 elementor-top-column elementor-element elementor-element-150e3df\" data-id=\"150e3df\" data-element_type=\"column\" data-e-type=\"column\">\n\t\t\t<div class=\"elementor-widget-wrap elementor-element-populated\">\n\t\t\t\t\t\t<div class=\"elementor-element elementor-element-0270aa2 elementor-widget elementor-widget-heading\" data-id=\"0270aa2\" data-element_type=\"widget\" data-e-type=\"widget\" data-widget_type=\"heading.default\">\n\t\t\t\t\t<h2 class=\"elementor-heading-title elementor-size-default\">El m\u00e1s guatemalteco sastre del traje charro mexicano<\/h2>\t\t\t\t<\/div>\n\t\t\t\t\t<\/div>\n\t\t<\/div>\n\t\t\t\t\t<\/div>\n\t\t<\/section>\n\t\t\t\t<section data-particle_enable=\"false\" data-particle-mobile-disabled=\"false\" class=\"elementor-section elementor-top-section elementor-element elementor-element-899d862 elementor-section-boxed elementor-section-height-default elementor-section-height-default\" data-id=\"899d862\" data-element_type=\"section\" data-e-type=\"section\">\n\t\t\t\t\t\t<div class=\"elementor-container elementor-column-gap-default\">\n\t\t\t\t\t<div class=\"elementor-column elementor-col-100 elementor-top-column elementor-element elementor-element-57ccd8f\" data-id=\"57ccd8f\" data-element_type=\"column\" data-e-type=\"column\">\n\t\t\t<div class=\"elementor-widget-wrap elementor-element-populated\">\n\t\t\t\t\t\t<div class=\"elementor-element elementor-element-d122dac elementor-widget elementor-widget-text-editor\" data-id=\"d122dac\" data-element_type=\"widget\" data-e-type=\"widget\" data-widget_type=\"text-editor.default\">\n\t\t\t\t\t\t\t\t\t<p><span style=\"color: var( --e-global-color-text );\">Jorge considera que em su sangre corre el esp\u00edritu de trabajo del chap\u00edn. &#8220;Tengo el valor de haber aprendido este trabajo de mi padre. Tengo el valor de personas como Luis Rojas, Antonio Rojas y Julio V\u00e1squez. Y tengo el valor de ser guatemalteco que no le huye a ning\u00fan trabajo, a todo le entramos&#8221;.<\/span><\/p><p>En su taller ya hay m\u00e1s manos guatemaltecas y ense\u00f1ar su arte es lo que m\u00e1s satisfacci\u00f3n le da. Jorge est\u00e1 evaluando la posibilidad de retirarse para darle paso a una nueva generaci\u00f3n y poder venir a visitar m\u00e1s seguido a su mam\u00e1.<\/p><p>\u00a0<\/p>\t\t\t\t\t\t\t\t<\/div>\n\t\t\t\t\t<\/div>\n\t\t<\/div>\n\t\t\t\t\t<\/div>\n\t\t<\/section>\n\t\t\t\t<section data-particle_enable=\"false\" data-particle-mobile-disabled=\"false\" class=\"elementor-section elementor-top-section elementor-element elementor-element-3da5802 elementor-section-boxed elementor-section-height-default elementor-section-height-default\" data-id=\"3da5802\" data-element_type=\"section\" data-e-type=\"section\">\n\t\t\t\t\t\t<div class=\"elementor-container elementor-column-gap-default\">\n\t\t\t\t\t<div class=\"elementor-column elementor-col-100 elementor-top-column elementor-element elementor-element-26ba7bf\" data-id=\"26ba7bf\" data-element_type=\"column\" data-e-type=\"column\">\n\t\t\t<div class=\"elementor-widget-wrap elementor-element-populated\">\n\t\t\t\t\t\t<div class=\"elementor-element elementor-element-02f3fca elementor-widget elementor-widget-facebook-page\" data-id=\"02f3fca\" data-element_type=\"widget\" data-e-type=\"widget\" data-widget_type=\"facebook-page.default\">\n\t\t\t\t\t<div class=\"elementor-facebook-widget fb-page\" data-href=\"https:\/\/www.facebook.com\/CasaDelMariachi\" data-tabs=\"timeline,events,messages\" data-height=\"219px\" data-width=\"500px\" data-small-header=\"false\" data-hide-cover=\"false\" data-show-facepile=\"true\" data-hide-cta=\"false\" style=\"min-height: 1px;height:219px\"><\/div>\t\t\t\t<\/div>\n\t\t\t\t\t<\/div>\n\t\t<\/div>\n\t\t\t\t\t<\/div>\n\t\t<\/section>\n\t\t\t\t<section data-particle_enable=\"false\" data-particle-mobile-disabled=\"false\" class=\"elementor-section elementor-top-section elementor-element elementor-element-2c97606 elementor-section-boxed elementor-section-height-default elementor-section-height-default\" data-id=\"2c97606\" data-element_type=\"section\" data-e-type=\"section\">\n\t\t\t\t\t\t<div class=\"elementor-container elementor-column-gap-default\">\n\t\t\t\t\t<div class=\"elementor-column elementor-col-100 elementor-top-column elementor-element elementor-element-79f2d46\" data-id=\"79f2d46\" data-element_type=\"column\" data-e-type=\"column\">\n\t\t\t<div class=\"elementor-widget-wrap elementor-element-populated\">\n\t\t\t\t\t\t<div class=\"elementor-element elementor-element-9b0e9d6 elementor-widget elementor-widget-image\" data-id=\"9b0e9d6\" data-element_type=\"widget\" data-e-type=\"widget\" data-widget_type=\"image.default\">\n\t\t\t\t\t\t\t\t\t\t\t\t<figure class=\"wp-caption\">\n\t\t\t\t\t\t\t\t\t\t<img loading=\"lazy\" decoding=\"async\" width=\"768\" height=\"725\" src=\"https:\/\/soymigrante.com\/revista\/wp-content\/uploads\/2024\/01\/Captura-de-pantalla-2024-01-19-123750.webp\" class=\"attachment-large size-large wp-image-4520\" alt=\"\" srcset=\"https:\/\/soymigrante.com\/revista\/wp-content\/uploads\/2024\/01\/Captura-de-pantalla-2024-01-19-123750.webp 807w, https:\/\/soymigrante.com\/revista\/wp-content\/uploads\/2024\/01\/Captura-de-pantalla-2024-01-19-123750-300x283.webp 300w, https:\/\/soymigrante.com\/revista\/wp-content\/uploads\/2024\/01\/Captura-de-pantalla-2024-01-19-123750-768x725.webp 768w, https:\/\/soymigrante.com\/revista\/wp-content\/uploads\/2024\/01\/Captura-de-pantalla-2024-01-19-123750-750x708.webp 750w\" sizes=\"(max-width: 768px) 100vw, 768px\" title=\"&quot;Para realizar este trabajo te tiene que guustar, debes hacerlo con pasi\u00f3n, a veces es cansado pero si tienes la dedicaci\u00f3n lo puedes lograr y hacerlo de forma siempre original&quot;, dice Jorge Tello. \u2013 SoyMigrante.com REVISTA\" \/>\t\t\t\t\t\t\t\t\t\t\t<figcaption class=\"widget-image-caption wp-caption-text\">\"Para realizar este trabajo te tiene que guustar, debes hacerlo con pasi\u00f3n, a veces es cansado pero si tienes la dedicaci\u00f3n lo puedes lograr y hacerlo de forma siempre original\", dice Jorge Tello.<\/figcaption>\n\t\t\t\t\t\t\t\t\t\t<\/figure>\n\t\t\t\t\t\t\t\t\t<\/div>\n\t\t\t\t\t<\/div>\n\t\t<\/div>\n\t\t\t\t\t<\/div>\n\t\t<\/section>\n\t\t\t\t<section data-particle_enable=\"false\" data-particle-mobile-disabled=\"false\" class=\"elementor-section elementor-top-section elementor-element elementor-element-18a2499 elementor-section-boxed elementor-section-height-default elementor-section-height-default\" data-id=\"18a2499\" data-element_type=\"section\" data-e-type=\"section\">\n\t\t\t\t\t\t<div class=\"elementor-container elementor-column-gap-default\">\n\t\t\t\t\t<div class=\"elementor-column elementor-col-100 elementor-top-column elementor-element elementor-element-9a23932\" data-id=\"9a23932\" data-element_type=\"column\" data-e-type=\"column\">\n\t\t\t<div class=\"elementor-widget-wrap elementor-element-populated\">\n\t\t\t\t\t\t<div class=\"elementor-element elementor-element-3e47e69 elementor-widget elementor-widget-heading\" data-id=\"3e47e69\" data-element_type=\"widget\" data-e-type=\"widget\" data-widget_type=\"heading.default\">\n\t\t\t\t\t<h2 class=\"elementor-heading-title elementor-size-default\">Tambi\u00e9n te podr\u00eda interesar... <\/h2>\t\t\t\t<\/div>\n\t\t\t\t\t<\/div>\n\t\t<\/div>\n\t\t\t\t\t<\/div>\n\t\t<\/section>\n\t\t\t\t<section data-particle_enable=\"false\" data-particle-mobile-disabled=\"false\" class=\"elementor-section elementor-top-section elementor-element elementor-element-03f711f elementor-section-boxed elementor-section-height-default elementor-section-height-default\" data-id=\"03f711f\" data-element_type=\"section\" data-e-type=\"section\">\n\t\t\t\t\t\t<div class=\"elementor-container elementor-column-gap-default\">\n\t\t\t\t\t<div class=\"elementor-column elementor-col-100 elementor-top-column elementor-element elementor-element-70b754a\" data-id=\"70b754a\" data-element_type=\"column\" data-e-type=\"column\">\n\t\t\t<div class=\"elementor-widget-wrap elementor-element-populated\">\n\t\t\t\t\t\t<div class=\"elementor-element elementor-element-ffbfd32 elementor-widget elementor-widget-blfe-post-grid\" data-id=\"ffbfd32\" data-element_type=\"widget\" data-e-type=\"widget\" data-settings=\"{&quot;classic1_layout_column_gap&quot;:{&quot;unit&quot;:&quot;px&quot;,&quot;size&quot;:40,&quot;sizes&quot;:[]},&quot;columns&quot;:&quot;3&quot;,&quot;columns_tablet&quot;:&quot;6&quot;,&quot;columns_mobile&quot;:&quot;12&quot;,&quot;classic1_layout_column_gap_tablet&quot;:{&quot;unit&quot;:&quot;px&quot;,&quot;size&quot;:&quot;&quot;,&quot;sizes&quot;:[]},&quot;classic1_layout_column_gap_mobile&quot;:{&quot;unit&quot;:&quot;px&quot;,&quot;size&quot;:&quot;&quot;,&quot;sizes&quot;:[]},&quot;classic1_layout_row_gap&quot;:{&quot;unit&quot;:&quot;px&quot;,&quot;size&quot;:30,&quot;sizes&quot;:[]},&quot;classic1_layout_row_gap_tablet&quot;:{&quot;unit&quot;:&quot;px&quot;,&quot;size&quot;:&quot;&quot;,&quot;sizes&quot;:[]},&quot;classic1_layout_row_gap_mobile&quot;:{&quot;unit&quot;:&quot;px&quot;,&quot;size&quot;:&quot;&quot;,&quot;sizes&quot;:[]}}\" data-widget_type=\"blfe-post-grid.classic1\">\n\t\t\t\t<div class=\"elementor-widget-container\">\n\t\t\t\t\t\n                        <div class=\"blfe-post-grid-container \">\n            \n                <div data-skin=\"classic1\" class=\"blfe-row blfe-posts-inner blfe-classic1 blfe-posts-inner blfe-col-3 blfe-col-tab-6 blfe-col-mob-12     \">\n                            <div class=\"blfe-post-grid-item \">\n            <div class=\"blfe-post-grid-item-inner blfe-modern-zoom\">\n                <a class=\"blfe-post-grid-image\" href=\"https:\/\/soymigrante.com\/revista\/miss-gualan-usa-coronacion-imprevisto-guatemaltecos-en-estados-unidos-union-abril-2026\/\" title=\"Un imprevisto en la coronaci\u00f3n de Miss Gualan U.S.A. 2026 en Los Angeles hizo brillar la uni\u00f3n guatemalteca\" rel=\"nofollow\" target=\"_blank\"><img decoding=\"async\" src=\"https:\/\/soymigrante.com\/revista\/wp-content\/uploads\/2026\/04\/guatemaltecos-en-Estados-Unidos-miss-gualan-USA-coronacion-5.jpg\" alt=\"Un imprevisto en la coronaci\u00f3n de Miss Gualan U.S.A. 2026 en Los Angeles hizo brillar la uni\u00f3n guatemalteca\"\/><\/a>                <span class=\"blfe-post-category\"><a href=\"https:\/\/soymigrante.com\/revista\/category\/estamos-unidos\/\">Estamos Unidos<\/a><\/span>                <div class=\"blfe-post-grid-details\">\n                    <div class=\"blfe-post-grid-details-inner\">\n                        <h3 class=\"blfe-post-grid-title\">\n            <a href=\"https:\/\/soymigrante.com\/revista\/miss-gualan-usa-coronacion-imprevisto-guatemaltecos-en-estados-unidos-union-abril-2026\/\" title=\"Un imprevisto en la coronaci\u00f3n de Miss Gualan U.S.A. 2026 en Los Angeles hizo brillar la uni\u00f3n guatemalteca\" rel=\"nofollow\" target=\"_blank\">Un imprevisto en la coronaci\u00f3n de Miss Gualan U.S.A. 2026 en Los Angeles hizo brillar la uni\u00f3n guatemalteca<\/a>\n            <\/h3>                        <p class=\"blfe-post-grid-excerpt\">A poco de haber comenzado la esperada coronaci\u00f3n de Christal Ivette Cabrera, Miss Gual\u00e1n U.S.A. 2026-2027, el s\u00e1bado 25 de...<\/p>                                    <div class=\"blfe-post-grid-meta\">\n                <span class=\"blfe-post-grid-time\"><i class=\"fas fa-book-reader\"><\/i>6 Min read<\/span>            <\/div>\n                                                        <\/div>\n                <\/div>\n\n            <\/div>\n        <\/div>\n                <div class=\"blfe-post-grid-item \">\n            <div class=\"blfe-post-grid-item-inner blfe-modern-zoom\">\n                <a class=\"blfe-post-grid-image\" href=\"https:\/\/soymigrante.com\/revista\/cantautora-migrante-guatemalteca-wendy-dgi-crea-cancion-desafiante-la-envidia\/\" title=\"&#8220;La Envidia&#8221;: cantautora migrante guatemalteca Wendy DGi crea una canci\u00f3n desafiante\" rel=\"nofollow\" target=\"_blank\"><img decoding=\"async\" src=\"https:\/\/soymigrante.com\/revista\/wp-content\/uploads\/2026\/04\/wendy-DGi-cantautora-migrante-guatemalteca-en-nueva-york-copia.jpg\" alt=\"&#8220;La Envidia&#8221;: cantautora migrante guatemalteca Wendy DGi crea una canci\u00f3n desafiante\"\/><\/a>                <span class=\"blfe-post-category\"><a href=\"https:\/\/soymigrante.com\/revista\/category\/estamos-unidos\/lugar-de-voces\/\">Lugar de Voces<\/a><\/span>                <div class=\"blfe-post-grid-details\">\n                    <div class=\"blfe-post-grid-details-inner\">\n                        <h3 class=\"blfe-post-grid-title\">\n            <a href=\"https:\/\/soymigrante.com\/revista\/cantautora-migrante-guatemalteca-wendy-dgi-crea-cancion-desafiante-la-envidia\/\" title=\"&#8220;La Envidia&#8221;: cantautora migrante guatemalteca Wendy DGi crea una canci\u00f3n desafiante\" rel=\"nofollow\" target=\"_blank\">&#8220;La Envidia&#8221;: cantautora migrante guatemalteca Wendy DGi crea una canci\u00f3n desafiante<\/a>\n            <\/h3>                        <p class=\"blfe-post-grid-excerpt\">Cantautora migrante guatemalteca Wendy DGi cuenta el origen de su m\u00e1s reciente canci\u00f3n La Envidia. Radicada en Nueva York, posee...<\/p>                                    <div class=\"blfe-post-grid-meta\">\n                <span class=\"blfe-post-grid-time\"><i class=\"fas fa-book-reader\"><\/i>3 Min read<\/span>            <\/div>\n                                                        <\/div>\n                <\/div>\n\n            <\/div>\n        <\/div>\n                <div class=\"blfe-post-grid-item \">\n            <div class=\"blfe-post-grid-item-inner blfe-modern-zoom\">\n                <a class=\"blfe-post-grid-image\" href=\"https:\/\/soymigrante.com\/revista\/donacion-migrante-de-equipo-y-capacitacion-desde-nueva-york-fortalece-a-bomberos-de-quetzaltenango\/\" title=\"Donaci\u00f3n migrante de equipo y capacitaci\u00f3n desde Nueva York fortalece a bomberos de Quetzaltenango\" rel=\"nofollow\" target=\"_blank\"><img decoding=\"async\" src=\"https:\/\/soymigrante.com\/revista\/wp-content\/uploads\/2026\/04\/guatemaltecos-en-estados-unidos-migrantes-donacion-a-bomberos-quezaltenango-fundacion-911-ddf.png\" alt=\"Donaci\u00f3n migrante de equipo y capacitaci\u00f3n desde Nueva York fortalece a bomberos de Quetzaltenango\"\/><\/a>                <span class=\"blfe-post-category\"><a href=\"https:\/\/soymigrante.com\/revista\/category\/estamos-unidos\/\">Estamos Unidos<\/a><\/span>                <div class=\"blfe-post-grid-details\">\n                    <div class=\"blfe-post-grid-details-inner\">\n                        <h3 class=\"blfe-post-grid-title\">\n            <a href=\"https:\/\/soymigrante.com\/revista\/donacion-migrante-de-equipo-y-capacitacion-desde-nueva-york-fortalece-a-bomberos-de-quetzaltenango\/\" title=\"Donaci\u00f3n migrante de equipo y capacitaci\u00f3n desde Nueva York fortalece a bomberos de Quetzaltenango\" rel=\"nofollow\" target=\"_blank\">Donaci\u00f3n migrante de equipo y capacitaci\u00f3n desde Nueva York fortalece a bomberos de Quetzaltenango<\/a>\n            <\/h3>                        <p class=\"blfe-post-grid-excerpt\">La emprendedora migrante Ana Prince, residente en Nueva York impulsa el apoyo t\u00e9cnico y equipamiento de bomberos departamentales de su...<\/p>                                    <div class=\"blfe-post-grid-meta\">\n                <span class=\"blfe-post-grid-time\"><i class=\"fas fa-book-reader\"><\/i>6 Min read<\/span>            <\/div>\n                                                        <\/div>\n                <\/div>\n\n            <\/div>\n        <\/div>\n                <div class=\"blfe-post-grid-item \">\n            <div class=\"blfe-post-grid-item-inner blfe-modern-zoom\">\n                <a class=\"blfe-post-grid-image\" href=\"https:\/\/soymigrante.com\/revista\/estrategias-para-fidelizar-clientes-pequenas-acciones-que-te-ayudaran-en-el-comercio-digital\/\" title=\"Estrategias para fidelizar clientes: peque\u00f1as acciones que te ayudar\u00e1n en el comercio digital\" rel=\"nofollow\" target=\"_blank\"><img decoding=\"async\" src=\"https:\/\/soymigrante.com\/revista\/wp-content\/uploads\/2026\/04\/vendedora-soymigrantecom-emprendimiento-emprendedora-comercio-digital.png\" alt=\"Estrategias para fidelizar clientes: peque\u00f1as acciones que te ayudar\u00e1n en el comercio digital\"\/><\/a>                <span class=\"blfe-post-category\"><a href=\"https:\/\/soymigrante.com\/revista\/category\/bienestar\/\">Bienestar<\/a><\/span>                <div class=\"blfe-post-grid-details\">\n                    <div class=\"blfe-post-grid-details-inner\">\n                        <h3 class=\"blfe-post-grid-title\">\n            <a href=\"https:\/\/soymigrante.com\/revista\/estrategias-para-fidelizar-clientes-pequenas-acciones-que-te-ayudaran-en-el-comercio-digital\/\" title=\"Estrategias para fidelizar clientes: peque\u00f1as acciones que te ayudar\u00e1n en el comercio digital\" rel=\"nofollow\" target=\"_blank\">Estrategias para fidelizar clientes: peque\u00f1as acciones que te ayudar\u00e1n en el comercio digital<\/a>\n            <\/h3>                        <p class=\"blfe-post-grid-excerpt\">\u00bfYa tienes tu tienda digital en MERCADO? Excelente. \u00bfYa hiciste tu primera venta? Genial. Ahora viene la parte m\u00e1s importante,...<\/p>                                    <div class=\"blfe-post-grid-meta\">\n                <span class=\"blfe-post-grid-time\"><i class=\"fas fa-book-reader\"><\/i>5 Min read<\/span>            <\/div>\n                                                        <\/div>\n                <\/div>\n\n            <\/div>\n        <\/div>\n                <div class=\"blfe-post-grid-item \">\n            <div class=\"blfe-post-grid-item-inner blfe-modern-zoom\">\n                <a class=\"blfe-post-grid-image\" href=\"https:\/\/soymigrante.com\/revista\/coronaran-a-miss-gualan-usa-2026-27-en-los-angeles-la-belleza-de-la-solidaridad-migrante\/\" title=\"Coronar\u00e1n a Miss Gual\u00e1n USA 2026-27 en Los Angeles: la belleza de la solidaridad migrante\" rel=\"nofollow\" target=\"_blank\"><img decoding=\"async\" src=\"https:\/\/soymigrante.com\/revista\/wp-content\/uploads\/2026\/04\/miss-gualan-usa-2026-2027-krystal-ivette-cabrera-cordon-de-texas.png\" alt=\"Coronar\u00e1n a Miss Gual\u00e1n USA 2026-27 en Los Angeles: la belleza de la solidaridad migrante\"\/><\/a>                <span class=\"blfe-post-category\"><a href=\"https:\/\/soymigrante.com\/revista\/category\/estamos-unidos\/\">Estamos Unidos<\/a><\/span>                <div class=\"blfe-post-grid-details\">\n                    <div class=\"blfe-post-grid-details-inner\">\n                        <h3 class=\"blfe-post-grid-title\">\n            <a href=\"https:\/\/soymigrante.com\/revista\/coronaran-a-miss-gualan-usa-2026-27-en-los-angeles-la-belleza-de-la-solidaridad-migrante\/\" title=\"Coronar\u00e1n a Miss Gual\u00e1n USA 2026-27 en Los Angeles: la belleza de la solidaridad migrante\" rel=\"nofollow\" target=\"_blank\">Coronar\u00e1n a Miss Gual\u00e1n USA 2026-27 en Los Angeles: la belleza de la solidaridad migrante<\/a>\n            <\/h3>                        <p class=\"blfe-post-grid-excerpt\">La uni\u00f3n de los guatemaltecos en Estados Unidos se expresa de muchas formas y la comunidad migrante de Gual\u00e1n nunca...<\/p>                                    <div class=\"blfe-post-grid-meta\">\n                <span class=\"blfe-post-grid-time\"><i class=\"fas fa-book-reader\"><\/i>6 Min read<\/span>            <\/div>\n                                                        <\/div>\n                <\/div>\n\n            <\/div>\n        <\/div>\n                <div class=\"blfe-post-grid-item \">\n            <div class=\"blfe-post-grid-item-inner blfe-modern-zoom\">\n                <a class=\"blfe-post-grid-image\" href=\"https:\/\/soymigrante.com\/revista\/solicitan-ayuda-para-repatriacion-de-dos-migrantes-guatemaltecos-desde-oklahoma-e-illinois\/\" title=\"Solicitan ayuda para repatriaci\u00f3n de dos migrantes guatemaltecos desde Oklahoma e Illinois\" rel=\"nofollow\" target=\"_blank\"><img decoding=\"async\" src=\"https:\/\/soymigrante.com\/revista\/wp-content\/uploads\/2026\/04\/solidaridad-migrante-ayuda-para-repatriar-a-guatemaltecos-desde-oklahoma-e-illinois.png\" alt=\"Solicitan ayuda para repatriaci\u00f3n de dos migrantes guatemaltecos desde Oklahoma e Illinois\"\/><\/a>                <span class=\"blfe-post-category\"><a href=\"https:\/\/soymigrante.com\/revista\/category\/estamos-unidos\/solidaridad\/\">Solidaridad<\/a><\/span>                <div class=\"blfe-post-grid-details\">\n                    <div class=\"blfe-post-grid-details-inner\">\n                        <h3 class=\"blfe-post-grid-title\">\n            <a href=\"https:\/\/soymigrante.com\/revista\/solicitan-ayuda-para-repatriacion-de-dos-migrantes-guatemaltecos-desde-oklahoma-e-illinois\/\" title=\"Solicitan ayuda para repatriaci\u00f3n de dos migrantes guatemaltecos desde Oklahoma e Illinois\" rel=\"nofollow\" target=\"_blank\">Solicitan ayuda para repatriaci\u00f3n de dos migrantes guatemaltecos desde Oklahoma e Illinois<\/a>\n            <\/h3>                        <p class=\"blfe-post-grid-excerpt\">Dos casos totalmente distintos y distantes entre s\u00ed, pero unidos por el afecto de familiares y amigos que quieren cumplir...<\/p>                                    <div class=\"blfe-post-grid-meta\">\n                <span class=\"blfe-post-grid-time\"><i class=\"fas fa-book-reader\"><\/i>4 Min read<\/span>            <\/div>\n                                                        <\/div>\n                <\/div>\n\n            <\/div>\n        <\/div>\n                        <\/div>\n\n                        <\/div>\n            \n                        <div class=\"blfe-post-footer\">\n                        <\/div>\n            \t\t\t\t<\/div>\n\t\t\t\t<\/div>\n\t\t\t\t\t<\/div>\n\t\t<\/div>\n\t\t\t\t\t<\/div>\n\t\t<\/section>\n\t\t\t\t<\/div>\n\t\t","protected":false},"excerpt":{"rendered":"<p>Originario de Mazatenango, Suchitep\u00e9quez e hijo de sastre, Jorge Tello lleva lleva casi 4 d\u00e9cadas de elaborar trajes de charro para artistas de m\u00fasica regional en Los Angeles: un arte emblem\u00e1tico por el cual incluso le han llamado &#8220;el guatemalteco m\u00e1s mexicano&#8221;. Jorge Tello visit\u00f3 a su familia en la ciudad de Guatemala. Relat\u00f3 sus [&hellip;]<\/p>\n","protected":false},"author":7,"featured_media":4487,"comment_status":"open","ping_status":"open","sticky":false,"template":"","format":"standard","meta":{"_acf_changed":false,"_eb_attr":"","footnotes":""},"categories":[50],"tags":[],"class_list":["post-4475","post","type-post","status-publish","format-standard","has-post-thumbnail","hentry","category-exitos"],"acf":[],"aioseo_notices":[],"aioseo_head":"\n\t\t<!-- All in One SEO Pro 4.9.6.2 - aioseo.com -->\n\t<meta name=\"description\" content=\"Dos casos distintos en dos Estados distantes entre s\u00ed, Oklahoma e Illinois: unidos por el cari\u00f1o de seres queridos por ayudar a repatriar a migrantes fallecidos.\" \/>\n\t<meta name=\"robots\" content=\"max-snippet:-1, max-image-preview:large, max-video-preview:-1\" \/>\n\t<meta name=\"author\" content=\"SoyMigrante.com REVISTA\"\/>\n\t<link rel=\"canonical\" href=\"https:\/\/soymigrante.com\/revista\/solicitan-ayuda-para-repatriacion-de-dos-migrantes-guatemaltecos-desde-oklahoma-e-illinois\/\" \/>\n\t<meta name=\"generator\" content=\"All in One SEO Pro (AIOSEO) 4.9.6.2\" \/>\n\n\t\t<link rel=\"preconnect\" href=\"https:\/\/fonts.googleapis.com\" crossorigin>\n<link rel=\"preconnect\" href=\"https:\/\/fonts.gstatic.com\" crossorigin>\n\t\t<meta property=\"og:locale\" content=\"es_ES\" \/>\n\t\t<meta property=\"og:site_name\" content=\"SoyMigrante.com REVISTA \u2013 Nuestra misi\u00f3n es reconocer y dignificar al migrante.\" \/>\n\t\t<meta property=\"og:type\" content=\"article\" \/>\n\t\t<meta property=\"og:title\" content=\"Recaudan ayuda para repatriar a dos migrantes guatemaltecos\" \/>\n\t\t<meta property=\"og:description\" content=\"Dos casos distintos en dos Estados distantes entre s\u00ed, Oklahoma e Illinois: unidos por el cari\u00f1o de seres queridos por ayudar a repatriar a migrantes fallecidos.\" \/>\n\t\t<meta property=\"og:url\" content=\"https:\/\/soymigrante.com\/revista\/solicitan-ayuda-para-repatriacion-de-dos-migrantes-guatemaltecos-desde-oklahoma-e-illinois\/\" \/>\n\t\t<meta property=\"og:image\" content=\"https:\/\/soymigrante.com\/revista\/wp-content\/uploads\/2026\/04\/solidaridad-migrante-ayuda-para-repatriar-a-guatemaltecos-desde-oklahoma-e-illinois.png\" \/>\n\t\t<meta property=\"og:image:secure_url\" content=\"https:\/\/soymigrante.com\/revista\/wp-content\/uploads\/2026\/04\/solidaridad-migrante-ayuda-para-repatriar-a-guatemaltecos-desde-oklahoma-e-illinois.png\" \/>\n\t\t<meta property=\"og:image:width\" content=\"1200\" \/>\n\t\t<meta property=\"og:image:height\" content=\"1200\" \/>\n\t\t<meta property=\"article:published_time\" content=\"2026-04-15T22:13:23+00:00\" \/>\n\t\t<meta property=\"article:modified_time\" content=\"2026-04-15T22:18:04+00:00\" \/>\n\t\t<meta property=\"article:publisher\" content=\"https:\/\/www.facebook.com\/soymigrantecom\" \/>\n\t\t<meta name=\"twitter:card\" content=\"summary_large_image\" \/>\n\t\t<meta name=\"twitter:site\" content=\"@SoyMigrante_com\" \/>\n\t\t<meta name=\"twitter:title\" content=\"Recaudan ayuda para repatriar a dos migrantes guatemaltecos\" \/>\n\t\t<meta name=\"twitter:description\" content=\"Dos casos distintos en dos Estados distantes entre s\u00ed, Oklahoma e Illinois: unidos por el cari\u00f1o de seres queridos por ayudar a repatriar a migrantes fallecidos.\" \/>\n\t\t<meta name=\"twitter:creator\" content=\"@SoyMigrante_com\" \/>\n\t\t<meta name=\"twitter:image\" content=\"https:\/\/soymigrante.com\/revista\/wp-content\/uploads\/2026\/04\/solidaridad-migrante-ayuda-para-repatriar-a-guatemaltecos-desde-oklahoma-e-illinois.png\" \/>\n\t\t<!-- All in One SEO Pro -->\r\n\t\t<title>Recaudan ayuda para repatriar a dos migrantes guatemaltecos<\/title>\n\n","aioseo_head_json":{"title":"Recaudan ayuda para repatriar a dos migrantes guatemaltecos","description":"Dos casos distintos en dos Estados distantes entre s\u00ed, Oklahoma e Illinois: unidos por el cari\u00f1o de seres queridos por ayudar a repatriar a migrantes fallecidos.","canonical_url":"https:\/\/soymigrante.com\/revista\/solicitan-ayuda-para-repatriacion-de-dos-migrantes-guatemaltecos-desde-oklahoma-e-illinois\/","robots":"max-snippet:-1, max-image-preview:large, max-video-preview:-1","keywords":"","webmasterTools":{"miscellaneous":"&lt;link rel=\"preconnect\" href=\"https:\/\/fonts.googleapis.com\" crossorigin&gt;\n&lt;link rel=\"preconnect\" href=\"https:\/\/fonts.gstatic.com\" crossorigin&gt;"},"schema":null,"og:locale":"es_ES","og:site_name":"SoyMigrante.com REVISTA \u2013 Nuestra misi\u00f3n es reconocer y dignificar al migrante.","og:type":"article","og:title":"Recaudan ayuda para repatriar a dos migrantes guatemaltecos","og:description":"Dos casos distintos en dos Estados distantes entre s\u00ed, Oklahoma e Illinois: unidos por el cari\u00f1o de seres queridos por ayudar a repatriar a migrantes fallecidos.","og:url":"https:\/\/soymigrante.com\/revista\/solicitan-ayuda-para-repatriacion-de-dos-migrantes-guatemaltecos-desde-oklahoma-e-illinois\/","og:image":"https:\/\/soymigrante.com\/revista\/wp-content\/uploads\/2026\/04\/solidaridad-migrante-ayuda-para-repatriar-a-guatemaltecos-desde-oklahoma-e-illinois.png","og:image:secure_url":"https:\/\/soymigrante.com\/revista\/wp-content\/uploads\/2026\/04\/solidaridad-migrante-ayuda-para-repatriar-a-guatemaltecos-desde-oklahoma-e-illinois.png","og:image:width":1200,"og:image:height":1200,"article:published_time":"2026-04-15T22:13:23+00:00","article:modified_time":"2026-04-15T22:18:04+00:00","article:publisher":"https:\/\/www.facebook.com\/soymigrantecom","twitter:card":"summary_large_image","twitter:site":"@SoyMigrante_com","twitter:title":"Recaudan ayuda para repatriar a dos migrantes guatemaltecos","twitter:description":"Dos casos distintos en dos Estados distantes entre s\u00ed, Oklahoma e Illinois: unidos por el cari\u00f1o de seres queridos por ayudar a repatriar a migrantes fallecidos.","twitter:creator":"@SoyMigrante_com","twitter:image":"https:\/\/soymigrante.com\/revista\/wp-content\/uploads\/2026\/04\/solidaridad-migrante-ayuda-para-repatriar-a-guatemaltecos-desde-oklahoma-e-illinois.png"},"aioseo_meta_data":{"post_id":"4475","title":null,"description":null,"keywords":[],"keyphrases":{"focus":{"keyphrase":"Migrante","score":91,"analysis":{"keyphraseInTitle":{"score":9,"maxScore":9,"error":0},"keyphraseInDescription":{"score":9,"maxScore":9,"error":0},"keyphraseLength":{"score":9,"maxScore":9,"error":0,"length":1},"keyphraseInURL":{"score":5,"maxScore":5,"error":0},"keyphraseInIntroduction":{"score":9,"maxScore":9,"error":0},"keyphraseInSubHeadings":{"score":3,"maxScore":9,"error":1},"keyphraseInImageAlt":{"score":9,"maxScore":9,"error":0},"keywordDensity":{"type":"best","score":9,"maxScore":9,"error":0}}},"additional":[]},"primary_term":null,"canonical_url":null,"og_title":null,"og_description":null,"og_object_type":"default","og_image_type":"default","og_image_url":null,"og_image_width":null,"og_image_height":null,"og_image_custom_url":null,"og_image_custom_fields":null,"og_video":"","og_custom_url":null,"og_article_section":null,"og_article_tags":[],"twitter_use_og":false,"twitter_card":"default","twitter_image_type":"default","twitter_image_url":null,"twitter_image_custom_url":null,"twitter_image_custom_fields":null,"twitter_title":null,"twitter_description":null,"schema":{"blockGraphs":[],"customGraphs":[],"default":{"data":{"Article":[],"Course":[],"Dataset":[],"FAQPage":[],"Movie":[],"Person":[],"Product":[],"ProductReview":[],"Car":[],"Recipe":[],"Service":[],"SoftwareApplication":[],"WebPage":[]},"graphName":"BlogPosting","isEnabled":true},"graphs":[]},"schema_type":"default","schema_type_options":null,"pillar_content":false,"robots_default":true,"robots_noindex":false,"robots_noarchive":false,"robots_nosnippet":false,"robots_nofollow":false,"robots_noimageindex":false,"robots_noodp":false,"robots_notranslate":false,"robots_max_snippet":"-1","robots_max_videopreview":"-1","robots_max_imagepreview":"large","priority":null,"frequency":"default","local_seo":null,"seo_analyzer_scan_date":"2025-10-08 21:02:35","breadcrumb_settings":null,"limit_modified_date":false,"reviewed_by":null,"open_ai":null,"ai":null,"created":"2024-01-19 17:55:55","updated":"2026-02-04 10:25:54"},"aioseo_breadcrumb":"<div class=\"aioseo-breadcrumbs\"><span class=\"aioseo-breadcrumb\">\n\t<a href=\"https:\/\/soymigrante.com\/revista\" title=\"Home\">Home<\/a>\n<\/span><span class=\"aioseo-breadcrumb-separator\">\u00bb<\/span><span class=\"aioseo-breadcrumb\">\n\t<a href=\"https:\/\/soymigrante.com\/revista\/category\/exitos\/\" title=\"\u00c9xitos\">\u00c9xitos<\/a>\n<\/span><span class=\"aioseo-breadcrumb-separator\">\u00bb<\/span><span class=\"aioseo-breadcrumb\">\n\tMigrante chap\u00edn Jorge Tello es prestigioso sastre de traje charro en L.A.\n<\/span><\/div>","aioseo_breadcrumb_json":[{"label":"Home","link":"https:\/\/soymigrante.com\/revista"},{"label":"\u00c9xitos","link":"https:\/\/soymigrante.com\/revista\/category\/exitos\/"},{"label":"Migrante chap\u00edn Jorge Tello es prestigioso sastre de traje charro en L.A.","link":"https:\/\/soymigrante.com\/revista\/migfrante-guatemalteco-jorge-tello-fabricante-trajes-charros-los-angeles\/"}],"_links":{"self":[{"href":"https:\/\/soymigrante.com\/revista\/wp-json\/wp\/v2\/posts\/4475","targetHints":{"allow":["GET"]}}],"collection":[{"href":"https:\/\/soymigrante.com\/revista\/wp-json\/wp\/v2\/posts"}],"about":[{"href":"https:\/\/soymigrante.com\/revista\/wp-json\/wp\/v2\/types\/post"}],"author":[{"embeddable":true,"href":"https:\/\/soymigrante.com\/revista\/wp-json\/wp\/v2\/users\/7"}],"replies":[{"embeddable":true,"href":"https:\/\/soymigrante.com\/revista\/wp-json\/wp\/v2\/comments?post=4475"}],"version-history":[{"count":0,"href":"https:\/\/soymigrante.com\/revista\/wp-json\/wp\/v2\/posts\/4475\/revisions"}],"wp:featuredmedia":[{"embeddable":true,"href":"https:\/\/soymigrante.com\/revista\/wp-json\/wp\/v2\/media\/4487"}],"wp:attachment":[{"href":"https:\/\/soymigrante.com\/revista\/wp-json\/wp\/v2\/media?parent=4475"}],"wp:term":[{"taxonomy":"category","embeddable":true,"href":"https:\/\/soymigrante.com\/revista\/wp-json\/wp\/v2\/categories?post=4475"},{"taxonomy":"post_tag","embeddable":true,"href":"https:\/\/soymigrante.com\/revista\/wp-json\/wp\/v2\/tags?post=4475"}],"curies":[{"name":"wp","href":"https:\/\/api.w.org\/{rel}","templated":true}]}}