{"id":44673,"date":"2025-09-15T10:50:33","date_gmt":"2025-09-15T16:50:33","guid":{"rendered":"https:\/\/soymigrante.com\/revista\/?p=44673"},"modified":"2025-09-15T11:03:24","modified_gmt":"2025-09-15T17:03:24","slug":"guatemaltecos-conmemoran-fiestas-patrias-en-ciudades-de-usa","status":"publish","type":"post","link":"https:\/\/soymigrante.com\/revista\/guatemaltecos-conmemoran-fiestas-patrias-en-ciudades-de-usa\/","title":{"rendered":"Guatemaltecos conmemoran fiestas patrias en ciudades de USA"},"content":{"rendered":"\t\t<div data-elementor-type=\"wp-post\" data-elementor-id=\"44673\" class=\"elementor elementor-44673\" data-elementor-post-type=\"post\">\n\t\t\t\t<div data-particle_enable=\"false\" data-particle-mobile-disabled=\"false\" class=\"elementor-element elementor-element-02de8b2 e-flex e-con-boxed e-con e-parent\" data-id=\"02de8b2\" data-element_type=\"container\" data-e-type=\"container\">\n\t\t\t\t\t<div class=\"e-con-inner\">\n\t\t\t\t<div class=\"elementor-element elementor-element-b38414d elementor-widget elementor-widget-heading\" data-id=\"b38414d\" data-element_type=\"widget\" data-e-type=\"widget\" data-widget_type=\"heading.default\">\n\t\t\t\t\t<h2 class=\"elementor-heading-title elementor-size-default\">Conmemoraciones septembrinas sin fronteras: guatemaltecos celebran fiestas patrias en ciudades de Estados Unidos, con algarab\u00eda, tradiciones y mucha esperanza. Estos son algunos de esos festejos.<\/h2>\t\t\t\t<\/div>\n\t\t\t\t\t<\/div>\n\t\t\t\t<\/div>\n\t\t<div data-particle_enable=\"false\" data-particle-mobile-disabled=\"false\" class=\"elementor-element elementor-element-2f03f81 e-flex e-con-boxed e-con e-parent\" data-id=\"2f03f81\" data-element_type=\"container\" data-e-type=\"container\">\n\t\t\t\t\t<div class=\"e-con-inner\">\n\t\t\t\t<div class=\"elementor-element elementor-element-606722b elementor-widget elementor-widget-text-editor\" data-id=\"606722b\" data-element_type=\"widget\" data-e-type=\"widget\" data-widget_type=\"text-editor.default\">\n\t\t\t\t\t\t\t\t\t<p>En ciudades de Estados Unidos, grupos de guatemaltecos se reunieron para efectuar actividades en recuerdo de las fiestas patrias. Antorchas, elecciones de reina, actos c\u00edvicos se efectuaron, con respeto a la Naci\u00f3n que los acoge y con profundo amor por sus ra\u00edces guatemaltecas.<\/p><p>Estas son algunas de esas actividades.\u00a0<\/p>\t\t\t\t\t\t\t\t<\/div>\n\t\t\t\t\t<\/div>\n\t\t\t\t<\/div>\n\t\t<div data-particle_enable=\"false\" data-particle-mobile-disabled=\"false\" class=\"elementor-element elementor-element-5c7ba22 e-flex e-con-boxed e-con e-parent\" data-id=\"5c7ba22\" data-element_type=\"container\" data-e-type=\"container\">\n\t\t\t\t\t<div class=\"e-con-inner\">\n\t\t\t\t<div class=\"elementor-element elementor-element-b7afb13 elementor-widget elementor-widget-heading\" data-id=\"b7afb13\" data-element_type=\"widget\" data-e-type=\"widget\" data-widget_type=\"heading.default\">\n\t\t\t\t\t<h3 class=\"elementor-heading-title elementor-size-default\">Eleccion de reinas en Los Angeles<\/h3>\t\t\t\t<\/div>\n\t\t\t\t\t<\/div>\n\t\t\t\t<\/div>\n\t\t<div data-particle_enable=\"false\" data-particle-mobile-disabled=\"false\" class=\"elementor-element elementor-element-129b1ee e-flex e-con-boxed e-con e-parent\" data-id=\"129b1ee\" data-element_type=\"container\" data-e-type=\"container\">\n\t\t\t\t\t<div class=\"e-con-inner\">\n\t\t\t\t<div class=\"elementor-element elementor-element-7d74b57 elementor-widget elementor-widget-text-editor\" data-id=\"7d74b57\" data-element_type=\"widget\" data-e-type=\"widget\" data-widget_type=\"text-editor.default\">\n\t\t\t\t\t\t\t\t\t<p>Una animada y alegre elecci\u00f3n de Reinas de Independencia se efectu\u00f3 en Los Angeles, impulsada por la Asociaci\u00f3n Guatemalteca Americana, dirigida por la migrante connacional Amarylis Ortiz.\u00a0 Hubo varias categor\u00edas y se cont\u00f3 con la participaci\u00f3n de Miss Suchitep\u00e9quez Guatemala.\u00a0<\/p>\t\t\t\t\t\t\t\t<\/div>\n\t\t\t\t\t<\/div>\n\t\t\t\t<\/div>\n\t\t<div data-particle_enable=\"false\" data-particle-mobile-disabled=\"false\" class=\"elementor-element elementor-element-b8961f6 e-flex e-con-boxed e-con e-parent\" data-id=\"b8961f6\" data-element_type=\"container\" data-e-type=\"container\">\n\t\t\t\t\t<div class=\"e-con-inner\">\n\t\t\t\t<div class=\"elementor-element elementor-element-92641bb elementor-widget elementor-widget-html\" data-id=\"92641bb\" data-element_type=\"widget\" data-e-type=\"widget\" data-widget_type=\"html.default\">\n\t\t\t\t\t<iframe src=\"https:\/\/www.facebook.com\/plugins\/video.php?height=314&href=https%3A%2F%2Fwww.facebook.com%2Fkareen.sandoval2%2Fvideos%2F1693773757965714%2F&show_text=true&width=560&t=0\" width=\"560\" height=\"529\" style=\"border:none;overflow:hidden\" scrolling=\"no\" frameborder=\"0\" allowfullscreen=\"true\" allow=\"autoplay; clipboard-write; encrypted-media; picture-in-picture; web-share\" allowFullScreen=\"true\"><\/iframe>\t\t\t\t<\/div>\n\t\t\t\t\t<\/div>\n\t\t\t\t<\/div>\n\t\t<div data-particle_enable=\"false\" data-particle-mobile-disabled=\"false\" class=\"elementor-element elementor-element-acd4c03 e-flex e-con-boxed e-con e-parent\" data-id=\"acd4c03\" data-element_type=\"container\" data-e-type=\"container\">\n\t\t\t\t\t<div class=\"e-con-inner\">\n\t\t\t\t<div class=\"elementor-element elementor-element-75548d6 elementor-widget elementor-widget-heading\" data-id=\"75548d6\" data-element_type=\"widget\" data-e-type=\"widget\" data-widget_type=\"heading.default\">\n\t\t\t\t\t<h3 class=\"elementor-heading-title elementor-size-default\">Antorcha de la libertad en Los Angeles<\/h3>\t\t\t\t<\/div>\n\t\t\t\t\t<\/div>\n\t\t\t\t<\/div>\n\t\t<div data-particle_enable=\"false\" data-particle-mobile-disabled=\"false\" class=\"elementor-element elementor-element-2f18dc2 e-flex e-con-boxed e-con e-parent\" data-id=\"2f18dc2\" data-element_type=\"container\" data-e-type=\"container\">\n\t\t\t\t\t<div class=\"e-con-inner\">\n\t\t\t\t<div class=\"elementor-element elementor-element-ba5c6c2 elementor-widget elementor-widget-text-editor\" data-id=\"ba5c6c2\" data-element_type=\"widget\" data-e-type=\"widget\" data-widget_type=\"text-editor.default\">\n\t\t\t\t\t\t\t\t\t<p>La Red Migrante Guatemalteca efectu\u00f3 una caravana para llevar la antorcha del fuefo patri\u00f3tico.\u00a0 Dicha llama fue portada por el exseleccionado nacional de Futbol, \u00c1lvaro David Rojas, de 72 a\u00f1os,\u00a0 originario de San Benito, Peten. Rojas estuvo en varios equipos como Tipograf\u00eda Nacional, Aurora, Universidad San Carlos, Coban Imperial, Comunicaciones, Xelaju MC, Izabal, entre 1972 y 1990, a\u00f1o en que se radic\u00f3 en Los Angeles.\u00a0<\/p>\t\t\t\t\t\t\t\t<\/div>\n\t\t\t\t\t<\/div>\n\t\t\t\t<\/div>\n\t\t<div data-particle_enable=\"false\" data-particle-mobile-disabled=\"false\" class=\"elementor-element elementor-element-c154e32 e-flex e-con-boxed e-con e-parent\" data-id=\"c154e32\" data-element_type=\"container\" data-e-type=\"container\">\n\t\t\t\t\t<div class=\"e-con-inner\">\n\t\t\t\t<div class=\"elementor-element elementor-element-e695311 elementor-widget elementor-widget-image\" data-id=\"e695311\" data-element_type=\"widget\" data-e-type=\"widget\" data-widget_type=\"image.default\">\n\t\t\t\t\t\t\t\t\t\t\t\t<figure class=\"wp-caption\">\n\t\t\t\t\t\t\t\t\t\t<img fetchpriority=\"high\" decoding=\"async\" width=\"1024\" height=\"718\" src=\"https:\/\/soymigrante.com\/revista\/wp-content\/uploads\/2025\/09\/Imagen-de-WhatsApp-2025-09-14-a-las-090759_e2a3d05a-1024x718.jpg\" class=\"attachment-large size-large wp-image-44677\" alt=\"Exseleccionado nacional de futbol Alvaro David Rojas, radicado en Los Angeles desde 1990, port\u00f3 el fuego patrio en el evento c\u00edvico de la Red Migrante Guatemalteca, el domingo 14 de septiembre.\" srcset=\"https:\/\/soymigrante.com\/revista\/wp-content\/uploads\/2025\/09\/Imagen-de-WhatsApp-2025-09-14-a-las-090759_e2a3d05a-1024x718.jpg 1024w, https:\/\/soymigrante.com\/revista\/wp-content\/uploads\/2025\/09\/Imagen-de-WhatsApp-2025-09-14-a-las-090759_e2a3d05a-300x210.jpg 300w, https:\/\/soymigrante.com\/revista\/wp-content\/uploads\/2025\/09\/Imagen-de-WhatsApp-2025-09-14-a-las-090759_e2a3d05a-768x539.jpg 768w, https:\/\/soymigrante.com\/revista\/wp-content\/uploads\/2025\/09\/Imagen-de-WhatsApp-2025-09-14-a-las-090759_e2a3d05a-750x526.jpg 750w, https:\/\/soymigrante.com\/revista\/wp-content\/uploads\/2025\/09\/Imagen-de-WhatsApp-2025-09-14-a-las-090759_e2a3d05a-1140x799.jpg 1140w, https:\/\/soymigrante.com\/revista\/wp-content\/uploads\/2025\/09\/Imagen-de-WhatsApp-2025-09-14-a-las-090759_e2a3d05a.jpg 1439w\" sizes=\"(max-width: 1024px) 100vw, 1024px\" title=\"Exseleccionado nacional de futbol Alvaro David Rojas, radicado en Los Angeles desde 1990, port\u00f3 el fuego patrio en el evento c\u00edvico de la Red Migrante Guatemalteca, el domingo 14 de septiembre. \u2013 SoyMigrante.com REVISTA\" \/>\t\t\t\t\t\t\t\t\t\t\t<figcaption class=\"widget-image-caption wp-caption-text\">Exseleccionado nacional de futbol Alvaro David Rojas, radicado en Los Angeles desde 1990, port\u00f3 el fuego patrio en el evento c\u00edvico de la Red Migrante Guatemalteca, el domingo 14 de septiembre.<\/figcaption>\n\t\t\t\t\t\t\t\t\t\t<\/figure>\n\t\t\t\t\t\t\t\t\t<\/div>\n\t\t\t\t\t<\/div>\n\t\t\t\t<\/div>\n\t\t<div data-particle_enable=\"false\" data-particle-mobile-disabled=\"false\" class=\"elementor-element elementor-element-866eca7 e-flex e-con-boxed e-con e-parent\" data-id=\"866eca7\" data-element_type=\"container\" data-e-type=\"container\">\n\t\t\t\t\t<div class=\"e-con-inner\">\n\t\t\t\t<div class=\"elementor-element elementor-element-e4abe5d elementor-widget elementor-widget-heading\" data-id=\"e4abe5d\" data-element_type=\"widget\" data-e-type=\"widget\" data-widget_type=\"heading.default\">\n\t\t\t\t\t<h3 class=\"elementor-heading-title elementor-size-default\">Izada de la bandera en Paterson New Jersey<\/h3>\t\t\t\t<\/div>\n\t\t\t\t\t<\/div>\n\t\t\t\t<\/div>\n\t\t<div data-particle_enable=\"false\" data-particle-mobile-disabled=\"false\" class=\"elementor-element elementor-element-b149ab1 e-flex e-con-boxed e-con e-parent\" data-id=\"b149ab1\" data-element_type=\"container\" data-e-type=\"container\">\n\t\t\t\t\t<div class=\"e-con-inner\">\n\t\t\t\t<div class=\"elementor-element elementor-element-93b85b3 elementor-widget elementor-widget-text-editor\" data-id=\"93b85b3\" data-element_type=\"widget\" data-e-type=\"widget\" data-widget_type=\"text-editor.default\">\n\t\t\t\t\t\t\t\t\t<p>En Paterson, New Jersey se desarrollo la izada de la Bandera de Guatemala, frente al ayuntamiento de la ciudad. Danzas tradicionales, entonaci\u00f3n del Himno Nacional y palabras de elogio a los guatemaltecos formaron parte del evento.\u00a0<\/p><p>Esta actividad tuvo sus or\u00edgenes all\u00e1 por 1986, cuando <a href=\"https:\/\/soymigrante.com\/revista\/carlos-horacio-diaz-fue-pionero-en-izar-la-bandera-de-guatemala-en-new-jersey-en-1986\/\">el migrante guatemalteco Carlos D\u00edaz <\/a>lo promoci\u00f3 ante el consejo de la Ciudad.\u00a0 Hoy es desarrollada por la Asociaci\u00f3n Guatemaltecos Unidos de Paterson, con fervor y amor a la tierra natal.<\/p>\t\t\t\t\t\t\t\t<\/div>\n\t\t\t\t\t<\/div>\n\t\t\t\t<\/div>\n\t\t<div data-particle_enable=\"false\" data-particle-mobile-disabled=\"false\" class=\"elementor-element elementor-element-0dcbaab e-flex e-con-boxed e-con e-parent\" data-id=\"0dcbaab\" data-element_type=\"container\" data-e-type=\"container\">\n\t\t\t\t\t<div class=\"e-con-inner\">\n\t\t\t\t<div class=\"elementor-element elementor-element-7d37bee elementor-widget elementor-widget-html\" data-id=\"7d37bee\" data-element_type=\"widget\" data-e-type=\"widget\" data-widget_type=\"html.default\">\n\t\t\t\t\t<iframe src=\"https:\/\/www.facebook.com\/plugins\/video.php?height=252&href=https%3A%2F%2Fwww.facebook.com%2Fnuestra.gente.2025%2Fvideos%2F1483040812943776%2F&show_text=true&width=560&t=0\" width=\"560\" height=\"467\" style=\"border:none;overflow:hidden\" scrolling=\"no\" frameborder=\"0\" allowfullscreen=\"true\" allow=\"autoplay; clipboard-write; encrypted-media; picture-in-picture; web-share\" allowFullScreen=\"true\"><\/iframe>\t\t\t\t<\/div>\n\t\t\t\t\t<\/div>\n\t\t\t\t<\/div>\n\t\t<div data-particle_enable=\"false\" data-particle-mobile-disabled=\"false\" class=\"elementor-element elementor-element-f0fdacb e-flex e-con-boxed e-con e-parent\" data-id=\"f0fdacb\" data-element_type=\"container\" data-e-type=\"container\">\n\t\t\t\t\t<div class=\"e-con-inner\">\n\t\t\t\t<div class=\"elementor-element elementor-element-f1c5ea8 elementor-widget elementor-widget-heading\" data-id=\"f1c5ea8\" data-element_type=\"widget\" data-e-type=\"widget\" data-widget_type=\"heading.default\">\n\t\t\t\t\t<h3 class=\"elementor-heading-title elementor-size-default\">Acto c\u00edvico en Providence, Rhode Island<\/h3>\t\t\t\t<\/div>\n\t\t\t\t\t<\/div>\n\t\t\t\t<\/div>\n\t\t<div data-particle_enable=\"false\" data-particle-mobile-disabled=\"false\" class=\"elementor-element elementor-element-d0c35ee e-flex e-con-boxed e-con e-parent\" data-id=\"d0c35ee\" data-element_type=\"container\" data-e-type=\"container\">\n\t\t\t\t\t<div class=\"e-con-inner\">\n\t\t\t\t<div class=\"elementor-element elementor-element-2e62030 elementor-widget elementor-widget-text-editor\" data-id=\"2e62030\" data-element_type=\"widget\" data-e-type=\"widget\" data-widget_type=\"text-editor.default\">\n\t\t\t\t\t\t\t\t\t<p>En Rhode Island se efectu\u00f3 la izada de la bandera de Guatemala la tarde del domingo 14 de septiembre. Pero la fiesta no comenz\u00f3 all\u00ed. Una semana antes, el Convite Original de Quich\u00e9 efectu\u00f3 presentaciones en espacio p\u00fablico de Providence.<\/p>\t\t\t\t\t\t\t\t<\/div>\n\t\t\t\t\t<\/div>\n\t\t\t\t<\/div>\n\t\t<div data-particle_enable=\"false\" data-particle-mobile-disabled=\"false\" class=\"elementor-element elementor-element-b92c457 e-flex e-con-boxed e-con e-parent\" data-id=\"b92c457\" data-element_type=\"container\" data-e-type=\"container\">\n\t\t\t\t\t<div class=\"e-con-inner\">\n\t\t\t\t<div class=\"elementor-element elementor-element-ed32996 elementor-widget elementor-widget-html\" data-id=\"ed32996\" data-element_type=\"widget\" data-e-type=\"widget\" data-widget_type=\"html.default\">\n\t\t\t\t\t<iframe src=\"https:\/\/www.facebook.com\/plugins\/video.php?height=476&href=https%3A%2F%2Fwww.facebook.com%2FNACHO.MENDEZ%2Fvideos%2F782249504547076%2F&show_text=true&width=267&t=0\" width=\"267\" height=\"591\" style=\"border:none;overflow:hidden\" scrolling=\"no\" frameborder=\"0\" allowfullscreen=\"true\" allow=\"autoplay; clipboard-write; encrypted-media; picture-in-picture; web-share\" allowFullScreen=\"true\"><\/iframe>\t\t\t\t<\/div>\n\t\t\t\t\t<\/div>\n\t\t\t\t<\/div>\n\t\t<div data-particle_enable=\"false\" data-particle-mobile-disabled=\"false\" class=\"elementor-element elementor-element-d955717 e-flex e-con-boxed e-con e-parent\" data-id=\"d955717\" data-element_type=\"container\" data-e-type=\"container\">\n\t\t\t\t\t<div class=\"e-con-inner\">\n\t\t\t\t<div class=\"elementor-element elementor-element-b96a439 elementor-widget elementor-widget-html\" data-id=\"b96a439\" data-element_type=\"widget\" data-e-type=\"widget\" data-widget_type=\"html.default\">\n\t\t\t\t\t<iframe src=\"https:\/\/www.facebook.com\/plugins\/post.php?href=https%3A%2F%2Fwww.facebook.com%2Fel.convite.original.del.quiche%2Fposts%2Fpfbid02Jo7xdqakbMomz9b5oxpusbFquFgWVrtMqhdScNh2z44MKe37hiqNsz2b376N7vRsl&show_text=true&width=500\" width=\"500\" height=\"561\" style=\"border:none;overflow:hidden\" scrolling=\"no\" frameborder=\"0\" allowfullscreen=\"true\" allow=\"autoplay; clipboard-write; encrypted-media; picture-in-picture; web-share\"><\/iframe>\t\t\t\t<\/div>\n\t\t\t\t\t<\/div>\n\t\t\t\t<\/div>\n\t\t<div data-particle_enable=\"false\" data-particle-mobile-disabled=\"false\" class=\"elementor-element elementor-element-29d4874 e-flex e-con-boxed e-con e-parent\" data-id=\"29d4874\" data-element_type=\"container\" data-e-type=\"container\">\n\t\t\t\t\t<div class=\"e-con-inner\">\n\t\t\t\t<div class=\"elementor-element elementor-element-a56b46a elementor-widget elementor-widget-heading\" data-id=\"a56b46a\" data-element_type=\"widget\" data-e-type=\"widget\" data-widget_type=\"heading.default\">\n\t\t\t\t\t<h2 class=\"elementor-heading-title elementor-size-default\">Identidad guatemalteca sin fronteras<\/h2>\t\t\t\t<\/div>\n\t\t\t\t\t<\/div>\n\t\t\t\t<\/div>\n\t\t<div data-particle_enable=\"false\" data-particle-mobile-disabled=\"false\" class=\"elementor-element elementor-element-7f76390 e-flex e-con-boxed e-con e-parent\" data-id=\"7f76390\" data-element_type=\"container\" data-e-type=\"container\">\n\t\t\t\t\t<div class=\"e-con-inner\">\n\t\t\t\t<div class=\"elementor-element elementor-element-e803dbe elementor-grid-eael-col-3 elementor-grid-tablet-eael-col-2 elementor-grid-mobile-eael-col-1 elementor-widget elementor-widget-eael-post-grid\" data-id=\"e803dbe\" data-element_type=\"widget\" data-e-type=\"widget\" data-settings=\"{&quot;eael_post_grid_columns&quot;:&quot;eael-col-3&quot;,&quot;eael_post_grid_columns_tablet&quot;:&quot;eael-col-2&quot;,&quot;eael_post_grid_columns_mobile&quot;:&quot;eael-col-1&quot;}\" data-widget_type=\"eael-post-grid.default\">\n\t\t\t\t\t<div id=\"eael-post-grid-e803dbe\" class=\"eael-post-grid-container\">\n            <div class=\"eael-post-grid eael-post-appender eael-post-appender-e803dbe eael-post-grid-style-one\" data-layout-mode=\"masonry\"><article class=\"eael-grid-post  eael-post-grid-column eael-pg-post-4978 category-guate-nuestra-simbolos-patrios-guate-nuestra\" data-id=\"4978\">\n        <div class=\"eael-grid-post-holder\">\n            <div class=\"eael-grid-post-holder-inner\"><div class=\"eael-entry-media\"><div class=\"eael-entry-overlay fade-in\"><i class=\"far fa-hand-pointer\" aria-hidden=\"true\"><\/i><a href=\"https:\/\/soymigrante.com\/revista\/marimba-guatemalteca-simbolo-patrio-datos-quiza-no-sabias-o-tal-vez-si\/\"><\/a><\/div><div class=\"eael-entry-thumbnail eael-image-ratio\">\n                <img decoding=\"async\" width=\"960\" height=\"743\" src=\"https:\/\/soymigrante.com\/revista\/wp-content\/uploads\/2024\/02\/marimbero.webp\" class=\"attachment-large size-large wp-image-4979\" alt=\"Desde la innovaci\u00f3n del doble teclado, la Marimba Guatemalteca se ha expandido a todas partes del pa\u00eds e incluso del mundo, con un repertorio inmenso en todos los ritmos y adaptaciones de obras de todos los g\u00e9neros, dada su versatilidad. Fotograf\u00eda de la marimba Gaudia Cantorum dirigida por uno de tantos grandes impulsores, el arquitecto Erick Su\u00e1rez\" srcset=\"https:\/\/soymigrante.com\/revista\/wp-content\/uploads\/2024\/02\/marimbero.webp 960w, https:\/\/soymigrante.com\/revista\/wp-content\/uploads\/2024\/02\/marimbero-300x232.webp 300w, https:\/\/soymigrante.com\/revista\/wp-content\/uploads\/2024\/02\/marimbero-768x594.webp 768w, https:\/\/soymigrante.com\/revista\/wp-content\/uploads\/2024\/02\/marimbero-750x580.webp 750w\" sizes=\"(max-width: 960px) 100vw, 960px\" \/>\n            <\/div>\n        <\/div><div class=\"eael-entry-wrapper\"><header class=\"eael-entry-header\"><h2 class=\"eael-entry-title\"><a class=\"eael-grid-post-link\" href=\"https:\/\/soymigrante.com\/revista\/marimba-guatemalteca-simbolo-patrio-datos-quiza-no-sabias-o-tal-vez-si\/\" title=\"\u00bfPorqu\u00e9 se celebra el D\u00eda de la Marimba el 20 de febrero?\">\u00bfPorqu\u00e9 se celebra el D\u00eda de la Marimba el 20 de febrero?<\/a><\/h2><\/header><div class=\"eael-entry-content\">\n                        <div class=\"eael-grid-post-excerpt\"><a href=\"https:\/\/soymigrante.com\/revista\/marimba-guatemalteca-simbolo-patrio-datos-quiza-no-sabias-o-tal-vez-si\/\" class=\"eael-post-elements-readmore-btn\">CONOCE SU HISTORIA <\/a><\/div>\n                    <\/div><\/div><\/div>\n        <\/div>\n    <\/article><article class=\"eael-grid-post  eael-post-grid-column eael-pg-post-4661 category-guate-nuestra-simbolos-patrios-guate-nuestra\" data-id=\"4661\">\n        <div class=\"eael-grid-post-holder\">\n            <div class=\"eael-grid-post-holder-inner\"><div class=\"eael-entry-media\"><div class=\"eael-entry-overlay fade-in\"><i class=\"far fa-hand-pointer\" aria-hidden=\"true\"><\/i><a href=\"https:\/\/soymigrante.com\/revista\/monja-blanca-simbolo-patrio-guatemala-smithsonian-washington-exposicion\/\"><\/a><\/div><div class=\"eael-entry-thumbnail eael-image-ratio\">\n                <img decoding=\"async\" width=\"753\" height=\"578\" src=\"https:\/\/soymigrante.com\/revista\/wp-content\/uploads\/2024\/01\/Captura-de-pantalla-2024-01-29-164708.webp\" class=\"attachment-large size-large wp-image-4662\" alt=\"Ejemplar de Monja Blanca de la colecci\u00f3n bot\u00e1nica del Jard\u00edn Bot\u00e1nico del Smithsonian Insitute. (Fotograf\u00eda archivo Smithsonian Institute)\" srcset=\"https:\/\/soymigrante.com\/revista\/wp-content\/uploads\/2024\/01\/Captura-de-pantalla-2024-01-29-164708.webp 753w, https:\/\/soymigrante.com\/revista\/wp-content\/uploads\/2024\/01\/Captura-de-pantalla-2024-01-29-164708-300x230.webp 300w, https:\/\/soymigrante.com\/revista\/wp-content\/uploads\/2024\/01\/Captura-de-pantalla-2024-01-29-164708-750x576.webp 750w\" sizes=\"(max-width: 753px) 100vw, 753px\" \/>\n            <\/div>\n        <\/div><div class=\"eael-entry-wrapper\"><header class=\"eael-entry-header\"><h2 class=\"eael-entry-title\"><a class=\"eael-grid-post-link\" href=\"https:\/\/soymigrante.com\/revista\/monja-blanca-simbolo-patrio-guatemala-smithsonian-washington-exposicion\/\" title=\"La Monja Blanca, s\u00edmbolo de Guatemala, puede ser admirada en Washington D.C.\">La Monja Blanca, s\u00edmbolo de Guatemala, puede ser admirada en Washington D.C.<\/a><\/h2><\/header><div class=\"eael-entry-content\">\n                        <div class=\"eael-grid-post-excerpt\"><a href=\"https:\/\/soymigrante.com\/revista\/monja-blanca-simbolo-patrio-guatemala-smithsonian-washington-exposicion\/\" class=\"eael-post-elements-readmore-btn\">CONOCE SU HISTORIA <\/a><\/div>\n                    <\/div><\/div><\/div>\n        <\/div>\n    <\/article><article class=\"eael-grid-post  eael-post-grid-column eael-pg-post-3451 category-guate-nuestra-simbolos-patrios-guate-nuestra\" data-id=\"3451\">\n        <div class=\"eael-grid-post-holder\">\n            <div class=\"eael-grid-post-holder-inner\"><div class=\"eael-entry-media\"><div class=\"eael-entry-overlay fade-in\"><i class=\"far fa-hand-pointer\" aria-hidden=\"true\"><\/i><a href=\"https:\/\/soymigrante.com\/revista\/simbolos-patrios-de-guatemala-bandera-nacional\/\"><\/a><\/div><div class=\"eael-entry-thumbnail eael-image-ratio\">\n                <img loading=\"lazy\" decoding=\"async\" width=\"533\" height=\"367\" src=\"https:\/\/soymigrante.com\/revista\/wp-content\/uploads\/2023\/10\/guatemaltecos-houston-1.webp\" class=\"attachment-large size-large wp-image-2991\" alt=\"Migrantes guatemaltecos, al igual que millonees de connacionales en el pa\u00eds, acudieron a las citas c\u00edvicas del 25 de junio y 20 de agosto. Votaron, decidieron y las misiones de observaci\u00f3n electoral certificaron que no hubo anomal\u00edas ni indicio alguno de fraude.\" srcset=\"https:\/\/soymigrante.com\/revista\/wp-content\/uploads\/2023\/10\/guatemaltecos-houston-1.webp 533w, https:\/\/soymigrante.com\/revista\/wp-content\/uploads\/2023\/10\/guatemaltecos-houston-1-300x207.webp 300w\" sizes=\"(max-width: 533px) 100vw, 533px\" \/>\n            <\/div>\n        <\/div><div class=\"eael-entry-wrapper\"><header class=\"eael-entry-header\"><h2 class=\"eael-entry-title\"><a class=\"eael-grid-post-link\" href=\"https:\/\/soymigrante.com\/revista\/simbolos-patrios-de-guatemala-bandera-nacional\/\" title=\"La bandera Nacional de Guatemala: colores azul y blanco tambi\u00e9n son bicentenarios\">La bandera Nacional de Guatemala: colores azul y blanco tambi\u00e9n son bicentenarios<\/a><\/h2><\/header><div class=\"eael-entry-content\">\n                        <div class=\"eael-grid-post-excerpt\"><a href=\"https:\/\/soymigrante.com\/revista\/simbolos-patrios-de-guatemala-bandera-nacional\/\" class=\"eael-post-elements-readmore-btn\">CONOCE SU HISTORIA <\/a><\/div>\n                    <\/div><\/div><\/div>\n        <\/div>\n    <\/article><\/div>\n            <div class=\"clearfix\"><\/div>\n        <\/div>            <div class=\"eael-load-more-button-wrap eael-force-hide\">\n                <button class=\"eael-load-more-button\" id=\"eael-load-more-btn-e803dbe\" data-widget-id=\"e803dbe\" data-widget=\"e803dbe\" data-page-id=\"44673\" data-template=\"{&quot;dir&quot;:&quot;lite&quot;,&quot;file_name&quot;:&quot;one.php&quot;,&quot;name&quot;:&quot;Post-Grid&quot;}\" data-class=\"Essential_Addons_Elementor\\Elements\\Post_Grid\" data-layout=\"masonry\" data-page=\"1\" data-args=\"orderby=rand&amp;order=desc&amp;ignore_sticky_posts=1&amp;post_status=publish&amp;posts_per_page=3&amp;offset=0&amp;post_type=post&amp;tax_query%5B0%5D%5Btaxonomy%5D=category&amp;tax_query%5B0%5D%5Bfield%5D=term_id&amp;tax_query%5B0%5D%5Bterms%5D%5B0%5D=96&amp;tax_query%5Brelation%5D=AND\" data-max-page=\"5\">\n                    <span class=\"eael-btn-loader button__loader\"><\/span>\n                    <span class=\"eael_load_more_text\">Load More<\/span>\n                <\/button>\n            <\/div>\n            \t\t\t\t<\/div>\n\t\t\t\t\t<\/div>\n\t\t\t\t<\/div>\n\t\t\t\t<\/div>\n\t\t","protected":false},"excerpt":{"rendered":"<p>Conmemoraciones septembrinas sin fronteras: guatemaltecos celebran fiestas patrias en ciudades de Estados Unidos, con algarab\u00eda, tradiciones y mucha esperanza. Estos son algunos de esos festejos. En ciudades de Estados Unidos, grupos de guatemaltecos se reunieron para efectuar actividades en recuerdo de las fiestas patrias. Antorchas, elecciones de reina, actos c\u00edvicos se efectuaron, con respeto a [&hellip;]<\/p>\n","protected":false},"author":7,"featured_media":44674,"comment_status":"open","ping_status":"open","sticky":false,"template":"","format":"standard","meta":{"_acf_changed":false,"_eb_attr":"","footnotes":""},"categories":[54],"tags":[],"class_list":["post-44673","post","type-post","status-publish","format-standard","has-post-thumbnail","hentry","category-estamos-unidos"],"acf":[],"aioseo_notices":[],"aioseo_head":"\n\t\t<!-- All in One SEO Pro 4.9.6.2 - aioseo.com -->\n\t<meta name=\"description\" content=\"S\u00edmbolo patrio de los guatemaltecos, dentro y fuera del pa\u00eds: la azul y blanco se luce con orgullo, con dignidad, con respeto y a menudo con nostalgia por la distancia, el tiempo y los ideales. Estos son algunos datos hist\u00f3ricos de la Bandera Nacional de Guatemala. Desde la declaraci\u00f3n de Independencia, en 1821, Guatemala ha\" \/>\n\t<meta name=\"robots\" content=\"max-snippet:-1, max-image-preview:large, max-video-preview:-1\" \/>\n\t<meta name=\"author\" content=\"Gustavo Montenegro\"\/>\n\t<link rel=\"canonical\" href=\"https:\/\/soymigrante.com\/revista\/guatemaltecos-conmemoran-fiestas-patrias-en-ciudades-de-usa\/\" \/>\n\t<meta name=\"generator\" content=\"All in One SEO Pro (AIOSEO) 4.9.6.2\" \/>\n\n\t\t<link rel=\"preconnect\" href=\"https:\/\/fonts.googleapis.com\" crossorigin>\n<link rel=\"preconnect\" href=\"https:\/\/fonts.gstatic.com\" crossorigin>\n\t\t<meta property=\"og:locale\" content=\"es_ES\" \/>\n\t\t<meta property=\"og:site_name\" content=\"SoyMigrante.com REVISTA \u2013 Nuestra misi\u00f3n es reconocer y dignificar al migrante.\" \/>\n\t\t<meta property=\"og:type\" content=\"article\" \/>\n\t\t<meta property=\"og:title\" content=\"Actos c\u00edvicos, elecciones de reinas, desfiles y m\u00e1s: as\u00ed conmemoran los migrantes guatemaltecos las fiestas patrias en ciudades de Estados Unidos.\" \/>\n\t\t<meta property=\"og:description\" content=\"Conmemoraciones septembrinas sin fronteras: guatemaltecos celebran fiestas patrias en ciudades de Estados Unidos, con algarab\u00eda, tradiciones y mucha esperanza. Estos son algunos de esos festejos. En ciudades de Estados Unidos, grupos de guatemaltecos se reunieron para efectuar actividades en recuerdo de las fiestas patrias. Antorchas, elecciones de reina, actos c\u00edvicos se efectuaron, con respeto a\" \/>\n\t\t<meta property=\"og:url\" content=\"https:\/\/soymigrante.com\/revista\/guatemaltecos-conmemoran-fiestas-patrias-en-ciudades-de-usa\/\" \/>\n\t\t<meta property=\"og:image\" content=\"https:\/\/soymigrante.com\/revista\/wp-content\/uploads\/2025\/09\/paterson-new-jersey.jpg\" \/>\n\t\t<meta property=\"og:image:secure_url\" content=\"https:\/\/soymigrante.com\/revista\/wp-content\/uploads\/2025\/09\/paterson-new-jersey.jpg\" \/>\n\t\t<meta property=\"og:image:width\" content=\"720\" \/>\n\t\t<meta property=\"og:image:height\" content=\"720\" \/>\n\t\t<meta property=\"article:published_time\" content=\"2025-09-15T16:50:33+00:00\" \/>\n\t\t<meta property=\"article:modified_time\" content=\"2025-09-15T17:03:24+00:00\" \/>\n\t\t<meta property=\"article:publisher\" content=\"https:\/\/www.facebook.com\/soymigrantecom\" \/>\n\t\t<meta name=\"twitter:card\" content=\"summary_large_image\" \/>\n\t\t<meta name=\"twitter:site\" content=\"@SoyMigrante_com\" \/>\n\t\t<meta name=\"twitter:title\" content=\"Actos c\u00edvicos, elecciones de reinas, desfiles y m\u00e1s: as\u00ed conmemoran los migrantes guatemaltecos las fiestas patrias en ciudades de Estados Unidos.\" \/>\n\t\t<meta name=\"twitter:description\" content=\"Conmemoraciones septembrinas sin fronteras: guatemaltecos celebran fiestas patrias en ciudades de Estados Unidos, con algarab\u00eda, tradiciones y mucha esperanza. Estos son algunos de esos festejos. En ciudades de Estados Unidos, grupos de guatemaltecos se reunieron para efectuar actividades en recuerdo de las fiestas patrias. Antorchas, elecciones de reina, actos c\u00edvicos se efectuaron, con respeto a\" \/>\n\t\t<meta name=\"twitter:creator\" content=\"@SoyMigrante_com\" \/>\n\t\t<meta name=\"twitter:image\" content=\"https:\/\/soymigrante.com\/revista\/wp-content\/uploads\/2025\/09\/paterson-new-jersey.jpg\" \/>\n\t\t<!-- All in One SEO Pro -->\r\n\t\t<title>Actos c\u00edvicos, elecciones de reinas, desfiles y m\u00e1s: as\u00ed conmemoran los migrantes guatemaltecos las fiestas patrias en ciudades de Estados Unidos.<\/title>\n\n","aioseo_head_json":{"title":"Actos c\u00edvicos, elecciones de reinas, desfiles y m\u00e1s: as\u00ed conmemoran los migrantes guatemaltecos las fiestas patrias en ciudades de Estados Unidos.","description":"Conmemoraciones septembrinas sin fronteras: guatemaltecos celebran fiestas patrias en ciudades de Estados Unidos, con algarab\u00eda, tradiciones y mucha esperanza. Estos son algunos de esos festejos. En ciudades de Estados Unidos, grupos de guatemaltecos se reunieron para efectuar actividades en recuerdo de las fiestas patrias. Antorchas, elecciones de reina, actos c\u00edvicos se efectuaron, con respeto a","canonical_url":"https:\/\/soymigrante.com\/revista\/guatemaltecos-conmemoran-fiestas-patrias-en-ciudades-de-usa\/","robots":"max-snippet:-1, max-image-preview:large, max-video-preview:-1","keywords":"","webmasterTools":{"miscellaneous":"&lt;link rel=\"preconnect\" href=\"https:\/\/fonts.googleapis.com\" crossorigin&gt;\n&lt;link rel=\"preconnect\" href=\"https:\/\/fonts.gstatic.com\" crossorigin&gt;"},"schema":null,"og:locale":"es_ES","og:site_name":"SoyMigrante.com REVISTA \u2013 Nuestra misi\u00f3n es reconocer y dignificar al migrante.","og:type":"article","og:title":"Actos c\u00edvicos, elecciones de reinas, desfiles y m\u00e1s: as\u00ed conmemoran los migrantes guatemaltecos las fiestas patrias en ciudades de Estados Unidos.","og:description":"Conmemoraciones septembrinas sin fronteras: guatemaltecos celebran fiestas patrias en ciudades de Estados Unidos, con algarab\u00eda, tradiciones y mucha esperanza. Estos son algunos de esos festejos. En ciudades de Estados Unidos, grupos de guatemaltecos se reunieron para efectuar actividades en recuerdo de las fiestas patrias. Antorchas, elecciones de reina, actos c\u00edvicos se efectuaron, con respeto a","og:url":"https:\/\/soymigrante.com\/revista\/guatemaltecos-conmemoran-fiestas-patrias-en-ciudades-de-usa\/","og:image":"https:\/\/soymigrante.com\/revista\/wp-content\/uploads\/2025\/09\/paterson-new-jersey.jpg","og:image:secure_url":"https:\/\/soymigrante.com\/revista\/wp-content\/uploads\/2025\/09\/paterson-new-jersey.jpg","og:image:width":720,"og:image:height":720,"article:published_time":"2025-09-15T16:50:33+00:00","article:modified_time":"2025-09-15T17:03:24+00:00","article:publisher":"https:\/\/www.facebook.com\/soymigrantecom","twitter:card":"summary_large_image","twitter:site":"@SoyMigrante_com","twitter:title":"Actos c\u00edvicos, elecciones de reinas, desfiles y m\u00e1s: as\u00ed conmemoran los migrantes guatemaltecos las fiestas patrias en ciudades de Estados Unidos.","twitter:description":"Conmemoraciones septembrinas sin fronteras: guatemaltecos celebran fiestas patrias en ciudades de Estados Unidos, con algarab\u00eda, tradiciones y mucha esperanza. Estos son algunos de esos festejos. En ciudades de Estados Unidos, grupos de guatemaltecos se reunieron para efectuar actividades en recuerdo de las fiestas patrias. Antorchas, elecciones de reina, actos c\u00edvicos se efectuaron, con respeto a","twitter:creator":"@SoyMigrante_com","twitter:image":"https:\/\/soymigrante.com\/revista\/wp-content\/uploads\/2025\/09\/paterson-new-jersey.jpg"},"aioseo_meta_data":{"post_id":"44673","title":"Actos c\u00edvicos, elecciones de reinas, desfiles y m\u00e1s: as\u00ed conmemoran los migrantes guatemaltecos las fiestas patrias en ciudades de Estados Unidos.","description":null,"keywords":null,"keyphrases":{"focus":{"keyphrase":"Guatemaltecos","score":100,"analysis":{"keyphraseInTitle":{"score":9,"maxScore":9,"error":0},"keyphraseInDescription":[],"keyphraseLength":{"score":9,"maxScore":9,"error":0,"length":1},"keyphraseInURL":{"score":5,"maxScore":5,"error":0}}},"additional":[{"keyphrase":"Patrias","score":100,"analysis":{"keyphraseInDescription":[],"keyphraseLength":{"score":9,"maxScore":9,"error":0,"length":1}}}]},"primary_term":null,"canonical_url":null,"og_title":null,"og_description":null,"og_object_type":"default","og_image_type":"default","og_image_url":null,"og_image_width":null,"og_image_height":null,"og_image_custom_url":null,"og_image_custom_fields":null,"og_video":"","og_custom_url":null,"og_article_section":null,"og_article_tags":null,"twitter_use_og":false,"twitter_card":"default","twitter_image_type":"default","twitter_image_url":null,"twitter_image_custom_url":null,"twitter_image_custom_fields":null,"twitter_title":null,"twitter_description":null,"schema":{"blockGraphs":[],"customGraphs":[],"default":{"data":{"Article":[],"Course":[],"Dataset":[],"FAQPage":[],"Movie":[],"Person":[],"Product":[],"ProductReview":[],"Car":[],"Recipe":[],"Service":[],"SoftwareApplication":[],"WebPage":[]},"graphName":"none","isEnabled":true},"graphs":[]},"schema_type":"default","schema_type_options":null,"pillar_content":false,"robots_default":true,"robots_noindex":false,"robots_noarchive":false,"robots_nosnippet":false,"robots_nofollow":false,"robots_noimageindex":false,"robots_noodp":false,"robots_notranslate":false,"robots_max_snippet":"-1","robots_max_videopreview":"-1","robots_max_imagepreview":"large","priority":null,"frequency":"default","local_seo":null,"seo_analyzer_scan_date":"2025-10-09 08:31:31","breadcrumb_settings":null,"limit_modified_date":false,"reviewed_by":"0","open_ai":null,"ai":{"faqs":[],"keyPoints":[],"titles":[],"descriptions":[],"socialPosts":{"email":[],"linkedin":[],"twitter":[],"facebook":[],"instagram":[]}},"created":"2025-09-15 15:40:37","updated":"2026-02-05 04:58:06"},"aioseo_breadcrumb":"<div class=\"aioseo-breadcrumbs\"><span class=\"aioseo-breadcrumb\">\n\t<a href=\"https:\/\/soymigrante.com\/revista\" title=\"Home\">Home<\/a>\n<\/span><span class=\"aioseo-breadcrumb-separator\">\u00bb<\/span><span class=\"aioseo-breadcrumb\">\n\t<a href=\"https:\/\/soymigrante.com\/revista\/category\/estamos-unidos\/\" title=\"Estamos Unidos\">Estamos Unidos<\/a>\n<\/span><span class=\"aioseo-breadcrumb-separator\">\u00bb<\/span><span class=\"aioseo-breadcrumb\">\n\tGuatemaltecos conmemoran fiestas patrias en ciudades de USA\n<\/span><\/div>","aioseo_breadcrumb_json":[{"label":"Home","link":"https:\/\/soymigrante.com\/revista"},{"label":"Estamos Unidos","link":"https:\/\/soymigrante.com\/revista\/category\/estamos-unidos\/"},{"label":"Guatemaltecos conmemoran fiestas patrias en ciudades de USA","link":"https:\/\/soymigrante.com\/revista\/guatemaltecos-conmemoran-fiestas-patrias-en-ciudades-de-usa\/"}],"_links":{"self":[{"href":"https:\/\/soymigrante.com\/revista\/wp-json\/wp\/v2\/posts\/44673","targetHints":{"allow":["GET"]}}],"collection":[{"href":"https:\/\/soymigrante.com\/revista\/wp-json\/wp\/v2\/posts"}],"about":[{"href":"https:\/\/soymigrante.com\/revista\/wp-json\/wp\/v2\/types\/post"}],"author":[{"embeddable":true,"href":"https:\/\/soymigrante.com\/revista\/wp-json\/wp\/v2\/users\/7"}],"replies":[{"embeddable":true,"href":"https:\/\/soymigrante.com\/revista\/wp-json\/wp\/v2\/comments?post=44673"}],"version-history":[{"count":4,"href":"https:\/\/soymigrante.com\/revista\/wp-json\/wp\/v2\/posts\/44673\/revisions"}],"predecessor-version":[{"id":44680,"href":"https:\/\/soymigrante.com\/revista\/wp-json\/wp\/v2\/posts\/44673\/revisions\/44680"}],"wp:featuredmedia":[{"embeddable":true,"href":"https:\/\/soymigrante.com\/revista\/wp-json\/wp\/v2\/media\/44674"}],"wp:attachment":[{"href":"https:\/\/soymigrante.com\/revista\/wp-json\/wp\/v2\/media?parent=44673"}],"wp:term":[{"taxonomy":"category","embeddable":true,"href":"https:\/\/soymigrante.com\/revista\/wp-json\/wp\/v2\/categories?post=44673"},{"taxonomy":"post_tag","embeddable":true,"href":"https:\/\/soymigrante.com\/revista\/wp-json\/wp\/v2\/tags?post=44673"}],"curies":[{"name":"wp","href":"https:\/\/api.w.org\/{rel}","templated":true}]}}