{"id":44641,"date":"2025-09-13T17:28:27","date_gmt":"2025-09-13T23:28:27","guid":{"rendered":"https:\/\/soymigrante.com\/revista\/?p=44641"},"modified":"2025-09-13T17:37:04","modified_gmt":"2025-09-13T23:37:04","slug":"guatemala-presente-en-desfile-de-independencia-en-houston","status":"publish","type":"post","link":"https:\/\/soymigrante.com\/revista\/guatemala-presente-en-desfile-de-independencia-en-houston\/","title":{"rendered":"Guatemala presente en Desfile de las fiestas de Independencia en Houston, Texas"},"content":{"rendered":"\t\t<div data-elementor-type=\"wp-post\" data-elementor-id=\"44641\" class=\"elementor elementor-44641\" data-elementor-post-type=\"post\">\n\t\t\t\t<div data-particle_enable=\"false\" data-particle-mobile-disabled=\"false\" class=\"elementor-element elementor-element-7c34bcf e-flex e-con-boxed e-con e-parent\" data-id=\"7c34bcf\" data-element_type=\"container\" data-e-type=\"container\">\n\t\t\t\t\t<div class=\"e-con-inner\">\n\t\t\t\t<div class=\"elementor-element elementor-element-71ab2a2 elementor-widget elementor-widget-heading\" data-id=\"71ab2a2\" data-element_type=\"widget\" data-e-type=\"widget\" data-widget_type=\"heading.default\">\n\t\t\t\t\t<h2 class=\"elementor-heading-title elementor-size-default\">Grupo entusiasta de guatemaltecos se uni\u00f3 a centroamericanos y mexicanos en desfile de conmemoraci\u00f3n de la Independencia, en Houston, Texas. <\/h2>\t\t\t\t<\/div>\n\t\t\t\t\t<\/div>\n\t\t\t\t<\/div>\n\t\t<div data-particle_enable=\"false\" data-particle-mobile-disabled=\"false\" class=\"elementor-element elementor-element-c851538 e-flex e-con-boxed e-con e-parent\" data-id=\"c851538\" data-element_type=\"container\" data-e-type=\"container\">\n\t\t\t\t\t<div class=\"e-con-inner\">\n\t\t\t\t<div class=\"elementor-element elementor-element-8d2cc9c elementor-widget elementor-widget-text-editor\" data-id=\"8d2cc9c\" data-element_type=\"widget\" data-e-type=\"widget\" data-widget_type=\"text-editor.default\">\n\t\t\t\t\t\t\t\t\t<p>Con algarab\u00eda, banderas, sonrisas y mucho amor a las ra\u00edces hispanas, migrantes de Guatemala, M\u00e9xico y pa\u00edses centroamericanos participaron en el\u00a0 tradicional Desfile de Independencia, efectuado en Houston, Texas.<\/p><p>&#8220;Este a\u00f1o, desafortunadamente no hubo tanta presencia de la comunidad guatemalteca, debido a las situaciones de migraci\u00f3n que se est\u00e1n viviendo en el pa\u00eds&#8221;, expres\u00f3 <a href=\"https:\/\/soymigrante.com\/revista\/sali-de-guatemala-pero-guatemala-nunca-saldra-de-mi-migrante-y-promotora-cultural-susana-oxlaj\/\">Susana Oxlaj, del grupo social y art\u00edstico Chapines de Coraz\u00f3n.\u00a0<\/a><\/p>\t\t\t\t\t\t\t\t<\/div>\n\t\t\t\t\t<\/div>\n\t\t\t\t<\/div>\n\t\t<div data-particle_enable=\"false\" data-particle-mobile-disabled=\"false\" class=\"elementor-element elementor-element-4e00b81 e-flex e-con-boxed e-con e-parent\" data-id=\"4e00b81\" data-element_type=\"container\" data-e-type=\"container\">\n\t\t\t\t\t<div class=\"e-con-inner\">\n\t\t\t\t<div class=\"elementor-element elementor-element-8b17ebd elementor-widget elementor-widget-image\" data-id=\"8b17ebd\" data-element_type=\"widget\" data-e-type=\"widget\" data-widget_type=\"image.default\">\n\t\t\t\t\t\t\t\t\t\t\t\t<figure class=\"wp-caption\">\n\t\t\t\t\t\t\t\t\t\t<img fetchpriority=\"high\" decoding=\"async\" width=\"1024\" height=\"473\" src=\"https:\/\/soymigrante.com\/revista\/wp-content\/uploads\/2025\/09\/desfile-independencia-houston-susana-oxlaj-4-1024x473.jpg\" class=\"attachment-large size-large wp-image-44645\" alt=\"Susana Oxlaj, de azul, junto al emblem\u00e1tico autob\u00fas de taquer\u00eda Mi Pueblito, que pertenece tambi\u00e9n a connacionales radicados en Houston, Texas, durante el desfile conmemorativo de fiestas patrias, en el cual participaron tambi\u00e9n mexicanos y centroamericanos. (Foto cortes\u00eda Chapines de Coraz\u00f3n Houston)\" srcset=\"https:\/\/soymigrante.com\/revista\/wp-content\/uploads\/2025\/09\/desfile-independencia-houston-susana-oxlaj-4-1024x473.jpg 1024w, https:\/\/soymigrante.com\/revista\/wp-content\/uploads\/2025\/09\/desfile-independencia-houston-susana-oxlaj-4-300x139.jpg 300w, https:\/\/soymigrante.com\/revista\/wp-content\/uploads\/2025\/09\/desfile-independencia-houston-susana-oxlaj-4-768x355.jpg 768w, https:\/\/soymigrante.com\/revista\/wp-content\/uploads\/2025\/09\/desfile-independencia-houston-susana-oxlaj-4-1536x709.jpg 1536w, https:\/\/soymigrante.com\/revista\/wp-content\/uploads\/2025\/09\/desfile-independencia-houston-susana-oxlaj-4-750x346.jpg 750w, https:\/\/soymigrante.com\/revista\/wp-content\/uploads\/2025\/09\/desfile-independencia-houston-susana-oxlaj-4-1140x527.jpg 1140w, https:\/\/soymigrante.com\/revista\/wp-content\/uploads\/2025\/09\/desfile-independencia-houston-susana-oxlaj-4.jpg 1600w\" sizes=\"(max-width: 1024px) 100vw, 1024px\" title=\"Susana Oxlaj, de azul, junto al emblem\u00e1tico autob\u00fas de taquer\u00eda Mi Pueblito, que pertenece tambi\u00e9n a  connacionales radicados en Houston, Texas, durante el desfile conmemorativo de fiestas patrias, en el cual participaron tambi\u00e9n mexicanos y centroamericanos. (Foto cortes\u00eda Chapines de Coraz\u00f3n Houston) \u2013 SoyMigrante.com REVISTA\" \/>\t\t\t\t\t\t\t\t\t\t\t<figcaption class=\"widget-image-caption wp-caption-text\">Susana Oxlaj, de azul, junto al emblem\u00e1tico autob\u00fas de taquer\u00eda Mi Pueblito, que pertenece tambi\u00e9n a  connacionales radicados en Houston, Texas, durante el desfile conmemorativo de fiestas patrias, en el cual participaron tambi\u00e9n mexicanos y centroamericanos. (Foto cortes\u00eda Chapines de Coraz\u00f3n Houston)<\/figcaption>\n\t\t\t\t\t\t\t\t\t\t<\/figure>\n\t\t\t\t\t\t\t\t\t<\/div>\n\t\t\t\t\t<\/div>\n\t\t\t\t<\/div>\n\t\t<div data-particle_enable=\"false\" data-particle-mobile-disabled=\"false\" class=\"elementor-element elementor-element-21a48dc e-flex e-con-boxed e-con e-parent\" data-id=\"21a48dc\" data-element_type=\"container\" data-e-type=\"container\">\n\t\t\t\t\t<div class=\"e-con-inner\">\n\t\t\t\t<div class=\"elementor-element elementor-element-52e43c3 elementor-widget elementor-widget-heading\" data-id=\"52e43c3\" data-element_type=\"widget\" data-e-type=\"widget\" data-widget_type=\"heading.default\">\n\t\t\t\t\t<h3 class=\"elementor-heading-title elementor-size-default\">Algarab\u00eda y hermandad<\/h3>\t\t\t\t<\/div>\n\t\t\t\t\t<\/div>\n\t\t\t\t<\/div>\n\t\t<div data-particle_enable=\"false\" data-particle-mobile-disabled=\"false\" class=\"elementor-element elementor-element-2cb68e0 e-flex e-con-boxed e-con e-parent\" data-id=\"2cb68e0\" data-element_type=\"container\" data-e-type=\"container\">\n\t\t\t\t\t<div class=\"e-con-inner\">\n\t\t\t\t<div class=\"elementor-element elementor-element-01a98d1 elementor-widget elementor-widget-text-editor\" data-id=\"01a98d1\" data-element_type=\"widget\" data-e-type=\"widget\" data-widget_type=\"text-editor.default\">\n\t\t\t\t\t\t\t\t\t<p>Sin embargo, el entusiasmo de quienes participaron fue grande y jubiloso, porque se hac\u00eda en uni\u00f3n de otras naciones, siempre con el agradecimiento a Estados Unidos por ser tierra de oportunidades.<\/p><p>&#8220;Es una alegr\u00eda poder representar a Guatemala y y demostrar, \u00bfverdad?, que a pesar de tiempos dif\u00edciles, siempre hay algo bueno que conmemorar&#8221; agreg\u00f3 <a href=\"https:\/\/soymigrante.com\/revista\/sali-de-guatemala-pero-guatemala-nunca-saldra-de-mi-migrante-y-promotora-cultural-susana-oxlaj\/\">Oxlaj,<\/a> quien siempre prueve la tradici\u00f3n multicultural guatemalteca.<\/p><p>&#8220;Somos gente honesta y trabajadora, gente feliz, una comunidad alegre y dedicada que est\u00e1 en este pa\u00eds para salir adelante, con trabajo, esfuerzo y creatividad&#8221;.<\/p>\t\t\t\t\t\t\t\t<\/div>\n\t\t\t\t\t<\/div>\n\t\t\t\t<\/div>\n\t\t<div data-particle_enable=\"false\" data-particle-mobile-disabled=\"false\" class=\"elementor-element elementor-element-197be9e e-flex e-con-boxed e-con e-parent\" data-id=\"197be9e\" data-element_type=\"container\" data-e-type=\"container\">\n\t\t\t\t\t<div class=\"e-con-inner\">\n\t\t\t\t<div class=\"elementor-element elementor-element-cdca916 elementor-arrows-position-inside elementor-pagination-position-outside elementor-widget elementor-widget-image-carousel\" data-id=\"cdca916\" data-element_type=\"widget\" data-e-type=\"widget\" data-settings=\"{&quot;slides_to_show&quot;:&quot;1&quot;,&quot;navigation&quot;:&quot;both&quot;,&quot;autoplay&quot;:&quot;yes&quot;,&quot;pause_on_hover&quot;:&quot;yes&quot;,&quot;pause_on_interaction&quot;:&quot;yes&quot;,&quot;autoplay_speed&quot;:5000,&quot;infinite&quot;:&quot;yes&quot;,&quot;effect&quot;:&quot;slide&quot;,&quot;speed&quot;:500}\" data-widget_type=\"image-carousel.default\">\n\t\t\t\t\t\t\t<div class=\"elementor-image-carousel-wrapper swiper\" role=\"region\" aria-roledescription=\"carousel\" aria-label=\"Carrusel de im\u00e1genes\" dir=\"ltr\">\n\t\t\t<div class=\"elementor-image-carousel swiper-wrapper\" aria-live=\"off\">\n\t\t\t\t\t\t\t\t<div class=\"swiper-slide\" role=\"group\" aria-roledescription=\"slide\" aria-label=\"1 de 5\"><figure class=\"swiper-slide-inner\"><img decoding=\"async\" class=\"swiper-slide-image\" src=\"https:\/\/soymigrante.com\/revista\/wp-content\/uploads\/2025\/09\/desfile-independencia-houston-susana-oxlaj-3-472x1024.jpg\" alt=\"El autob\u00fas de taquer\u00eda Mi Pueblito, fundada por migrantes guatemaltecos, llam\u00f3 la atenci\u00f3n durante el recorrido (Foto cortes\u00eda Chapines de Coraz\u00f3n)\" \/><figcaption class=\"elementor-image-carousel-caption\">El autob\u00fas de taquer\u00eda Mi Pueblito, fundada por migrantes guatemaltecos, llam\u00f3 la atenci\u00f3n durante el recorrido (Foto cortes\u00eda Chapines de Coraz\u00f3n)<\/figcaption><\/figure><\/div><div class=\"swiper-slide\" role=\"group\" aria-roledescription=\"slide\" aria-label=\"2 de 5\"><figure class=\"swiper-slide-inner\"><img decoding=\"async\" class=\"swiper-slide-image\" src=\"https:\/\/soymigrante.com\/revista\/wp-content\/uploads\/2025\/09\/desfile-independencia-houston-susana-oxlaj-5-472x1024.jpg\" alt=\"Los trajes de las reinas guatemaltecas fueron elogiados por los asistentes (Foto cortes\u00eda Chapines de Coraz\u00f3n)\" \/><figcaption class=\"elementor-image-carousel-caption\">Los trajes de las reinas guatemaltecas fueron elogiados por los asistentes (Foto cortes\u00eda Chapines de Coraz\u00f3n)<\/figcaption><\/figure><\/div><div class=\"swiper-slide\" role=\"group\" aria-roledescription=\"slide\" aria-label=\"3 de 5\"><figure class=\"swiper-slide-inner\"><img decoding=\"async\" class=\"swiper-slide-image\" src=\"https:\/\/soymigrante.com\/revista\/wp-content\/uploads\/2025\/09\/desfile-independencia-houston-susana-oxlaj-6-473x1024.jpg\" alt=\"La hermandad entre guatemaltecos, centroamericanos y mexicanos se hizo sentir en el desfile de Independencia de Houston, (Foto Chapines de Coraz\u00f3n)\" \/><figcaption class=\"elementor-image-carousel-caption\">La hermandad entre guatemaltecos, centroamericanos y mexicanos se hizo sentir en el desfile de Independencia de Houston, (Foto Chapines de Coraz\u00f3n)<\/figcaption><\/figure><\/div><div class=\"swiper-slide\" role=\"group\" aria-roledescription=\"slide\" aria-label=\"4 de 5\"><figure class=\"swiper-slide-inner\"><img decoding=\"async\" class=\"swiper-slide-image\" src=\"https:\/\/soymigrante.com\/revista\/wp-content\/uploads\/2025\/09\/desfile-independencia-houston-susana-oxlaj-7-472x1024.jpg\" alt=\"El agente policial Juan Gil, de ra\u00edces guatemaltecas, tambi\u00e9n estuvo presente en la conmemoraci\u00f3n (Foto cortes\u00eda Chapines de Coraz\u00f3n)\" \/><figcaption class=\"elementor-image-carousel-caption\">El agente policial Juan Gil, de ra\u00edces guatemaltecas, tambi\u00e9n estuvo presente en la conmemoraci\u00f3n (Foto cortes\u00eda Chapines de Coraz\u00f3n)<\/figcaption><\/figure><\/div><div class=\"swiper-slide\" role=\"group\" aria-roledescription=\"slide\" aria-label=\"5 de 5\"><figure class=\"swiper-slide-inner\"><img decoding=\"async\" class=\"swiper-slide-image\" src=\"https:\/\/soymigrante.com\/revista\/wp-content\/uploads\/2025\/09\/festejo-independencia-houston-susana-oxlaj-2-472x1024.jpg\" alt=\"La hermandad y los recuerdos de identidad predominaron durante este festejo por las calles de Houston Texas, (Foto Chapines de Coraz\u00f3n)\" \/><figcaption class=\"elementor-image-carousel-caption\">La hermandad y los recuerdos de identidad predominaron durante este festejo por las calles de Houston Texas, (Foto Chapines de Coraz\u00f3n)<\/figcaption><\/figure><\/div>\t\t\t<\/div>\n\t\t\t\t\t\t\t\t\t\t\t\t<div class=\"elementor-swiper-button elementor-swiper-button-prev\" role=\"button\" tabindex=\"0\">\n\t\t\t\t\t\t<i aria-hidden=\"true\" class=\"eicon-chevron-left\"><\/i>\t\t\t\t\t<\/div>\n\t\t\t\t\t<div class=\"elementor-swiper-button elementor-swiper-button-next\" role=\"button\" tabindex=\"0\">\n\t\t\t\t\t\t<i aria-hidden=\"true\" class=\"eicon-chevron-right\"><\/i>\t\t\t\t\t<\/div>\n\t\t\t\t\n\t\t\t\t\t\t\t\t\t<div class=\"swiper-pagination\"><\/div>\n\t\t\t\t\t\t\t\t\t<\/div>\n\t\t\t\t\t\t<\/div>\n\t\t\t\t\t<\/div>\n\t\t\t\t<\/div>\n\t\t<div data-particle_enable=\"false\" data-particle-mobile-disabled=\"false\" class=\"elementor-element elementor-element-4aec752 e-flex e-con-boxed e-con e-parent\" data-id=\"4aec752\" data-element_type=\"container\" data-e-type=\"container\">\n\t\t\t\t\t<div class=\"e-con-inner\">\n\t\t\t\t<div class=\"elementor-element elementor-element-167f68f elementor-widget elementor-widget-heading\" data-id=\"167f68f\" data-element_type=\"widget\" data-e-type=\"widget\" data-widget_type=\"heading.default\">\n\t\t\t\t\t<h3 class=\"elementor-heading-title elementor-size-default\">Un autob\u00fas muy chap\u00edn en Texas<\/h3>\t\t\t\t<\/div>\n\t\t\t\t\t<\/div>\n\t\t\t\t<\/div>\n\t\t<div data-particle_enable=\"false\" data-particle-mobile-disabled=\"false\" class=\"elementor-element elementor-element-d8ffe53 e-flex e-con-boxed e-con e-parent\" data-id=\"d8ffe53\" data-element_type=\"container\" data-e-type=\"container\">\n\t\t\t\t\t<div class=\"e-con-inner\">\n\t\t\t\t<div class=\"elementor-element elementor-element-ff81c09 elementor-widget elementor-widget-text-editor\" data-id=\"ff81c09\" data-element_type=\"widget\" data-e-type=\"widget\" data-widget_type=\"text-editor.default\">\n\t\t\t\t\t\t\t\t\t<p>Especialmente notoria y pintoresca fue la participaci\u00f3n de la taquer\u00eda Mi Pueblito, que se hizo presente con su emblem\u00e1tico y colorido <a href=\"https:\/\/soymigrante.com\/revista\/viaje-en-autobus-extraurbano-de-guatemala\/\">autob\u00fas guatemalteco<\/a> (de los que en USA les dicen &#8220;chicken bus&#8221;).\u00a0<\/p><p>&#8220;Es una pareja de esposos guatemaltecos entusiastas y emprendedores del Occidente del pa\u00eds que busca transmitir la multiculturalidad de nuestra patria&#8221;, finaliza <a href=\"https:\/\/soymigrante.com\/revista\/sali-de-guatemala-pero-guatemala-nunca-saldra-de-mi-migrante-y-promotora-cultural-susana-oxlaj\/\">Oxlaj, <\/a>originaria de San Francisco El Alto, <a href=\"https:\/\/soymigrante.com\/revista\/departamentos-de-guatemala-totonicapan-la-tierra-del-gran-atanasio-tzul\/\">Totonicap\u00e1n<\/a>, y quien lleva m\u00e1s de una d\u00e9cada participando en esta actividad.<\/p>\t\t\t\t\t\t\t\t<\/div>\n\t\t\t\t\t<\/div>\n\t\t\t\t<\/div>\n\t\t<div data-particle_enable=\"false\" data-particle-mobile-disabled=\"false\" class=\"elementor-element elementor-element-4e2535f e-flex e-con-boxed e-con e-parent\" data-id=\"4e2535f\" data-element_type=\"container\" data-e-type=\"container\">\n\t\t\t\t\t<div class=\"e-con-inner\">\n\t\t\t\t<div class=\"elementor-element elementor-element-6e4138d elementor-widget elementor-widget-html\" data-id=\"6e4138d\" data-element_type=\"widget\" data-e-type=\"widget\" data-widget_type=\"html.default\">\n\t\t\t\t\t<iframe src=\"https:\/\/www.facebook.com\/plugins\/video.php?height=476&href=https%3A%2F%2Fwww.facebook.com%2Fsusana.oxlaj%2Fvideos%2F1208298027999599%2F&show_text=true&width=267&t=0\" width=\"267\" height=\"591\" style=\"border:none;overflow:hidden\" scrolling=\"no\" frameborder=\"0\" allowfullscreen=\"true\" allow=\"autoplay; clipboard-write; encrypted-media; picture-in-picture; web-share\" allowFullScreen=\"true\"><\/iframe>\t\t\t\t<\/div>\n\t\t\t\t\t<\/div>\n\t\t\t\t<\/div>\n\t\t<div data-particle_enable=\"false\" data-particle-mobile-disabled=\"false\" class=\"elementor-element elementor-element-361e616 e-flex e-con-boxed e-con e-parent\" data-id=\"361e616\" data-element_type=\"container\" data-e-type=\"container\">\n\t\t\t\t\t<div class=\"e-con-inner\">\n\t\t\t\t<div class=\"elementor-element elementor-element-59a4a49 elementor-widget elementor-widget-text-editor\" data-id=\"59a4a49\" data-element_type=\"widget\" data-e-type=\"widget\" data-widget_type=\"text-editor.default\">\n\t\t\t\t\t\t\t\t\t<p>En el estado de <a href=\"https:\/\/soymigrante.com\/revista\/la-chapina-ofrece-sabores-de-casa-en-el-corazon-de-texas\/\">Texas,<\/a> seg\u00fan <a href=\"https:\/\/soymigrante.com\/revista\/cifra-de-migrantes-guatemaltecos-en-usa-subio-entre-2024-y-2025-segun-datos-del-minex\/\">datos de la Red Consular del Ministerio de Relaciones Exteriores <\/a>hay unos 276 mil guatemaltecos. Se estima que al menos 180 mil viven en el \u00e1rea de Houston.<\/p>\t\t\t\t\t\t\t\t<\/div>\n\t\t\t\t\t<\/div>\n\t\t\t\t<\/div>\n\t\t<div data-particle_enable=\"false\" data-particle-mobile-disabled=\"false\" class=\"elementor-element elementor-element-17dde9b e-flex e-con-boxed e-con e-parent\" data-id=\"17dde9b\" data-element_type=\"container\" data-e-type=\"container\">\n\t\t\t\t\t<div class=\"e-con-inner\">\n\t\t\t\t<div class=\"elementor-element elementor-element-1660023 elementor-widget elementor-widget-heading\" data-id=\"1660023\" data-element_type=\"widget\" data-e-type=\"widget\" data-widget_type=\"heading.default\">\n\t\t\t\t\t<h2 class=\"elementor-heading-title elementor-size-default\">S\u00edmbolos guatemaltecos sin fronteras<\/h2>\t\t\t\t<\/div>\n\t\t\t\t\t<\/div>\n\t\t\t\t<\/div>\n\t\t<div data-particle_enable=\"false\" data-particle-mobile-disabled=\"false\" class=\"elementor-element elementor-element-2726512 e-flex e-con-boxed e-con e-parent\" data-id=\"2726512\" data-element_type=\"container\" data-e-type=\"container\">\n\t\t\t\t\t<div class=\"e-con-inner\">\n\t\t\t\t<div class=\"elementor-element elementor-element-adfed19 elementor-grid-eael-col-3 elementor-grid-tablet-eael-col-2 elementor-grid-mobile-eael-col-1 elementor-widget elementor-widget-eael-post-grid\" data-id=\"adfed19\" data-element_type=\"widget\" data-e-type=\"widget\" data-settings=\"{&quot;eael_post_grid_columns&quot;:&quot;eael-col-3&quot;,&quot;eael_post_grid_columns_tablet&quot;:&quot;eael-col-2&quot;,&quot;eael_post_grid_columns_mobile&quot;:&quot;eael-col-1&quot;}\" data-widget_type=\"eael-post-grid.default\">\n\t\t\t\t\t<div id=\"eael-post-grid-adfed19\" class=\"eael-post-grid-container\">\n            <div class=\"eael-post-grid eael-post-appender eael-post-appender-adfed19 eael-post-grid-style-one\" data-layout-mode=\"masonry\"><article class=\"eael-grid-post  eael-post-grid-column eael-pg-post-3242 category-simbolos-patrios-guate-nuestra\" data-id=\"3242\">\n        <div class=\"eael-grid-post-holder\">\n            <div class=\"eael-grid-post-holder-inner\"><div class=\"eael-entry-media\"><div class=\"eael-entry-overlay fade-in\"><i class=\"far fa-hand-pointer\" aria-hidden=\"true\"><\/i><a href=\"https:\/\/soymigrante.com\/revista\/himno-nacional-de-guatemala-6-fechas-que-todo-guatemalteco-debe-conocer\/\"><\/a><\/div><div class=\"eael-entry-thumbnail eael-image-ratio\">\n                <img decoding=\"async\" width=\"698\" height=\"727\" src=\"https:\/\/soymigrante.com\/revista\/wp-content\/uploads\/2025\/03\/himno-nacional.webp\" class=\"attachment-large size-large wp-image-28002\" alt=\"Ilustraci\u00f3n IA para nota del Himno Nacional de Guatemala. Envato Labs\" srcset=\"https:\/\/soymigrante.com\/revista\/wp-content\/uploads\/2025\/03\/himno-nacional.webp 698w, https:\/\/soymigrante.com\/revista\/wp-content\/uploads\/2025\/03\/himno-nacional-288x300.jpg 288w\" sizes=\"(max-width: 698px) 100vw, 698px\" \/>\n            <\/div>\n        <\/div><div class=\"eael-entry-wrapper\"><header class=\"eael-entry-header\"><h2 class=\"eael-entry-title\"><a class=\"eael-grid-post-link\" href=\"https:\/\/soymigrante.com\/revista\/himno-nacional-de-guatemala-6-fechas-que-todo-guatemalteco-debe-conocer\/\" title=\"\u00bfCu\u00e1ndo y d\u00f3nde se estren\u00f3 oficialmente Himno Nacional de Guatemala ?\">\u00bfCu\u00e1ndo y d\u00f3nde se estren\u00f3 oficialmente Himno Nacional de Guatemala ?<\/a><\/h2><\/header><div class=\"eael-entry-content\">\n                        <div class=\"eael-grid-post-excerpt\"><a href=\"https:\/\/soymigrante.com\/revista\/himno-nacional-de-guatemala-6-fechas-que-todo-guatemalteco-debe-conocer\/\" class=\"eael-post-elements-readmore-btn\">CONOCE SU HISTORIA <\/a><\/div>\n                    <\/div><\/div><\/div>\n        <\/div>\n    <\/article><article class=\"eael-grid-post  eael-post-grid-column eael-pg-post-7188 category-guate-nuestra-simbolos-patrios-guate-nuestra\" data-id=\"7188\">\n        <div class=\"eael-grid-post-holder\">\n            <div class=\"eael-grid-post-holder-inner\"><div class=\"eael-entry-media\"><div class=\"eael-entry-overlay fade-in\"><i class=\"far fa-hand-pointer\" aria-hidden=\"true\"><\/i><a href=\"https:\/\/soymigrante.com\/revista\/tecun-uman-500-anos-del-heroe-nacional-de-guatemala\/\"><\/a><\/div><div class=\"eael-entry-thumbnail eael-image-ratio\">\n                <img decoding=\"async\" width=\"697\" height=\"697\" src=\"https:\/\/soymigrante.com\/revista\/wp-content\/uploads\/2024\/06\/tecuncito-1.webp\" class=\"attachment-large size-large wp-image-7189\" alt=\"Tecun Uman o Tec\u00fan Um\u00e1n, con tildes para el buscador. Es el h\u00e9roe nacional de Guatemala desde 1960. Muri\u00f3 en batalla en febrero de 1524 y su nombre se escribi\u00f3 por primera vez hacia 1550 en el T\u00edtulo Coyoy, documento ind\u00edgena. Imagen generada por IA\" srcset=\"https:\/\/soymigrante.com\/revista\/wp-content\/uploads\/2024\/06\/tecuncito-1.webp 697w, https:\/\/soymigrante.com\/revista\/wp-content\/uploads\/2024\/06\/tecuncito-1-300x300.webp 300w, https:\/\/soymigrante.com\/revista\/wp-content\/uploads\/2024\/06\/tecuncito-1-150x150.webp 150w, https:\/\/soymigrante.com\/revista\/wp-content\/uploads\/2024\/06\/tecuncito-1-75x75.webp 75w\" sizes=\"(max-width: 697px) 100vw, 697px\" \/>\n            <\/div>\n        <\/div><div class=\"eael-entry-wrapper\"><header class=\"eael-entry-header\"><h2 class=\"eael-entry-title\"><a class=\"eael-grid-post-link\" href=\"https:\/\/soymigrante.com\/revista\/tecun-uman-500-anos-del-heroe-nacional-de-guatemala\/\" title=\"\u00bfCu\u00e1ndo se conmemora el D\u00eda de Tec\u00fan Uman H\u00e9roe Nacional de Guatemala?\">\u00bfCu\u00e1ndo se conmemora el D\u00eda de Tec\u00fan Uman H\u00e9roe Nacional de Guatemala?<\/a><\/h2><\/header><div class=\"eael-entry-content\">\n                        <div class=\"eael-grid-post-excerpt\"><a href=\"https:\/\/soymigrante.com\/revista\/tecun-uman-500-anos-del-heroe-nacional-de-guatemala\/\" class=\"eael-post-elements-readmore-btn\">CONOCE SU HISTORIA <\/a><\/div>\n                    <\/div><\/div><\/div>\n        <\/div>\n    <\/article><article class=\"eael-grid-post  eael-post-grid-column eael-pg-post-3508 category-simbolos-patrios-guate-nuestra\" data-id=\"3508\">\n        <div class=\"eael-grid-post-holder\">\n            <div class=\"eael-grid-post-holder-inner\"><div class=\"eael-entry-media\"><div class=\"eael-entry-overlay fade-in\"><i class=\"far fa-hand-pointer\" aria-hidden=\"true\"><\/i><a href=\"https:\/\/soymigrante.com\/revista\/simbolos-patrios-la-ceiba-arbol-nacional-de-guatemala\/\"><\/a><\/div><div class=\"eael-entry-thumbnail eael-image-ratio\">\n                <img loading=\"lazy\" decoding=\"async\" width=\"768\" height=\"1024\" src=\"https:\/\/soymigrante.com\/revista\/wp-content\/uploads\/2025\/03\/CEIBA-TIQUISATE-768x1024.jpg\" class=\"attachment-large size-large wp-image-27480\" alt=\"CEIBA TIQUISATE\" srcset=\"https:\/\/soymigrante.com\/revista\/wp-content\/uploads\/2025\/03\/CEIBA-TIQUISATE-768x1024.jpg 768w, https:\/\/soymigrante.com\/revista\/wp-content\/uploads\/2025\/03\/CEIBA-TIQUISATE-225x300.jpg 225w, https:\/\/soymigrante.com\/revista\/wp-content\/uploads\/2025\/03\/CEIBA-TIQUISATE-1152x1536.jpg 1152w, https:\/\/soymigrante.com\/revista\/wp-content\/uploads\/2025\/03\/CEIBA-TIQUISATE-1536x2048.jpg 1536w, https:\/\/soymigrante.com\/revista\/wp-content\/uploads\/2025\/03\/CEIBA-TIQUISATE-750x1000.webp 750w, https:\/\/soymigrante.com\/revista\/wp-content\/uploads\/2025\/03\/CEIBA-TIQUISATE-1140x1520.webp 1140w, https:\/\/soymigrante.com\/revista\/wp-content\/uploads\/2025\/03\/CEIBA-TIQUISATE-scaled.webp 1440w\" sizes=\"(max-width: 768px) 100vw, 768px\" \/>\n            <\/div>\n        <\/div><div class=\"eael-entry-wrapper\"><header class=\"eael-entry-header\"><h2 class=\"eael-entry-title\"><a class=\"eael-grid-post-link\" href=\"https:\/\/soymigrante.com\/revista\/simbolos-patrios-la-ceiba-arbol-nacional-de-guatemala\/\" title=\"\u00bfPorqu\u00e9 el 8 de marzo es d\u00eda de la Ceiba Pentandra,  \u00c1rbol Nacional de Guatemala?\">\u00bfPorqu\u00e9 el 8 de marzo es d\u00eda de la Ceiba Pentandra,  \u00c1rbol Nacional de Guatemala?<\/a><\/h2><\/header><div class=\"eael-entry-content\">\n                        <div class=\"eael-grid-post-excerpt\"><a href=\"https:\/\/soymigrante.com\/revista\/simbolos-patrios-la-ceiba-arbol-nacional-de-guatemala\/\" class=\"eael-post-elements-readmore-btn\">CONOCE SU HISTORIA <\/a><\/div>\n                    <\/div><\/div><\/div>\n        <\/div>\n    <\/article><\/div>\n            <div class=\"clearfix\"><\/div>\n        <\/div>            <div class=\"eael-load-more-button-wrap eael-force-hide\">\n                <button class=\"eael-load-more-button\" id=\"eael-load-more-btn-adfed19\" data-widget-id=\"adfed19\" data-widget=\"adfed19\" data-page-id=\"44641\" data-template=\"{&quot;dir&quot;:&quot;lite&quot;,&quot;file_name&quot;:&quot;one.php&quot;,&quot;name&quot;:&quot;Post-Grid&quot;}\" data-class=\"Essential_Addons_Elementor\\Elements\\Post_Grid\" data-layout=\"masonry\" data-page=\"1\" data-args=\"orderby=rand&amp;order=desc&amp;ignore_sticky_posts=1&amp;post_status=publish&amp;posts_per_page=3&amp;offset=0&amp;post_type=post&amp;tax_query%5B0%5D%5Btaxonomy%5D=category&amp;tax_query%5B0%5D%5Bfield%5D=term_id&amp;tax_query%5B0%5D%5Bterms%5D%5B0%5D=96&amp;tax_query%5Brelation%5D=AND\" data-max-page=\"5\">\n                    <span class=\"eael-btn-loader button__loader\"><\/span>\n                    <span class=\"eael_load_more_text\">Load More<\/span>\n                <\/button>\n            <\/div>\n            \t\t\t\t<\/div>\n\t\t\t\t\t<\/div>\n\t\t\t\t<\/div>\n\t\t\t\t<\/div>\n\t\t","protected":false},"excerpt":{"rendered":"<p>Grupo entusiasta de guatemaltecos se uni\u00f3 a centroamericanos y mexicanos en desfile de conmemoraci\u00f3n de la Independencia, en Houston, Texas. Con algarab\u00eda, banderas, sonrisas y mucho amor a las ra\u00edces hispanas, migrantes de Guatemala, M\u00e9xico y pa\u00edses centroamericanos participaron en el\u00a0 tradicional Desfile de Independencia, efectuado en Houston, Texas. &#8220;Este a\u00f1o, desafortunadamente no hubo tanta [&hellip;]<\/p>\n","protected":false},"author":7,"featured_media":44642,"comment_status":"open","ping_status":"open","sticky":false,"template":"","format":"standard","meta":{"_acf_changed":false,"_eb_attr":"","footnotes":""},"categories":[54],"tags":[],"class_list":["post-44641","post","type-post","status-publish","format-standard","has-post-thumbnail","hentry","category-estamos-unidos"],"acf":[],"aioseo_notices":[],"aioseo_head":"\n\t\t<!-- All in One SEO Pro 4.9.6.2 - aioseo.com -->\n\t<meta name=\"description\" content=\"\u00bfDesde cu\u00e1ndo la Ceiba Pentandra es \u00e1rbol nacional de Guatemala? \u00bfPor qu\u00e9 se conmemora su d\u00eda el 8 de marzo? Esto y m\u00e1s sobre el m\u00e1s frondoso s\u00edmbolo patrio.\" \/>\n\t<meta name=\"robots\" content=\"max-snippet:-1, max-image-preview:large, max-video-preview:-1\" \/>\n\t<meta name=\"author\" content=\"Gustavo Montenegro\"\/>\n\t<link rel=\"canonical\" href=\"https:\/\/soymigrante.com\/revista\/simbolos-patrios-la-ceiba-arbol-nacional-de-guatemala\/\" \/>\n\t<meta name=\"generator\" content=\"All in One SEO Pro (AIOSEO) 4.9.6.2\" \/>\n\n\t\t<link rel=\"preconnect\" href=\"https:\/\/fonts.googleapis.com\" crossorigin>\n<link rel=\"preconnect\" href=\"https:\/\/fonts.gstatic.com\" crossorigin>\n\t\t<meta property=\"og:locale\" content=\"es_ES\" \/>\n\t\t<meta property=\"og:site_name\" content=\"SoyMigrante.com REVISTA \u2013 Nuestra misi\u00f3n es reconocer y dignificar al migrante.\" \/>\n\t\t<meta property=\"og:type\" content=\"article\" \/>\n\t\t<meta property=\"og:title\" content=\"\u00bfEl 8 de marzo es D\u00eda de la Ceiba Arbol Nacional de Guatemala?\" \/>\n\t\t<meta property=\"og:description\" content=\"\u00bfDesde cu\u00e1ndo la Ceiba Pentandra es \u00e1rbol nacional de Guatemala? \u00bfPor qu\u00e9 se conmemora su d\u00eda el 8 de marzo? Esto y m\u00e1s sobre el m\u00e1s frondoso s\u00edmbolo patrio.\" \/>\n\t\t<meta property=\"og:url\" content=\"https:\/\/soymigrante.com\/revista\/simbolos-patrios-la-ceiba-arbol-nacional-de-guatemala\/\" \/>\n\t\t<meta property=\"og:image\" content=\"https:\/\/soymigrante.com\/revista\/wp-content\/uploads\/2025\/03\/CEIBA-TIQUISATE-scaled.webp\" \/>\n\t\t<meta property=\"og:image:secure_url\" content=\"https:\/\/soymigrante.com\/revista\/wp-content\/uploads\/2025\/03\/CEIBA-TIQUISATE-scaled.webp\" \/>\n\t\t<meta property=\"og:image:width\" content=\"1440\" \/>\n\t\t<meta property=\"og:image:height\" content=\"1920\" \/>\n\t\t<meta property=\"article:published_time\" content=\"2025-03-08T15:51:46+00:00\" \/>\n\t\t<meta property=\"article:modified_time\" content=\"2025-09-15T22:11:08+00:00\" \/>\n\t\t<meta property=\"article:publisher\" content=\"https:\/\/www.facebook.com\/soymigrantecom\" \/>\n\t\t<meta name=\"twitter:card\" content=\"summary_large_image\" \/>\n\t\t<meta name=\"twitter:site\" content=\"@SoyMigrante_com\" \/>\n\t\t<meta name=\"twitter:title\" content=\"\u00bfEl 8 de marzo es D\u00eda de la Ceiba Arbol Nacional de Guatemala?\" \/>\n\t\t<meta name=\"twitter:description\" content=\"\u00bfDesde cu\u00e1ndo la Ceiba Pentandra es \u00e1rbol nacional de Guatemala? \u00bfPor qu\u00e9 se conmemora su d\u00eda el 8 de marzo? Esto y m\u00e1s sobre el m\u00e1s frondoso s\u00edmbolo patrio.\" \/>\n\t\t<meta name=\"twitter:creator\" content=\"@SoyMigrante_com\" \/>\n\t\t<meta name=\"twitter:image\" content=\"https:\/\/soymigrante.com\/revista\/wp-content\/uploads\/2025\/03\/CEIBA-TIQUISATE-scaled.webp\" \/>\n\t\t<!-- All in One SEO Pro -->\r\n\t\t<title>\u00bfEl 8 de marzo es D\u00eda de la Ceiba Arbol Nacional de Guatemala?<\/title>\n\n","aioseo_head_json":{"title":"\u00bfEl 8 de marzo es D\u00eda de la Ceiba Arbol Nacional de Guatemala?","description":"\u00bfDesde cu\u00e1ndo la Ceiba Pentandra es \u00e1rbol nacional de Guatemala? \u00bfPor qu\u00e9 se conmemora su d\u00eda el 8 de marzo? Esto y m\u00e1s sobre el m\u00e1s frondoso s\u00edmbolo patrio.","canonical_url":"https:\/\/soymigrante.com\/revista\/simbolos-patrios-la-ceiba-arbol-nacional-de-guatemala\/","robots":"max-snippet:-1, max-image-preview:large, max-video-preview:-1","keywords":"","webmasterTools":{"miscellaneous":"&lt;link rel=\"preconnect\" href=\"https:\/\/fonts.googleapis.com\" crossorigin&gt;\n&lt;link rel=\"preconnect\" href=\"https:\/\/fonts.gstatic.com\" crossorigin&gt;"},"schema":null,"og:locale":"es_ES","og:site_name":"SoyMigrante.com REVISTA \u2013 Nuestra misi\u00f3n es reconocer y dignificar al migrante.","og:type":"article","og:title":"\u00bfEl 8 de marzo es D\u00eda de la Ceiba Arbol Nacional de Guatemala?","og:description":"\u00bfDesde cu\u00e1ndo la Ceiba Pentandra es \u00e1rbol nacional de Guatemala? \u00bfPor qu\u00e9 se conmemora su d\u00eda el 8 de marzo? Esto y m\u00e1s sobre el m\u00e1s frondoso s\u00edmbolo patrio.","og:url":"https:\/\/soymigrante.com\/revista\/simbolos-patrios-la-ceiba-arbol-nacional-de-guatemala\/","og:image":"https:\/\/soymigrante.com\/revista\/wp-content\/uploads\/2025\/03\/CEIBA-TIQUISATE-scaled.webp","og:image:secure_url":"https:\/\/soymigrante.com\/revista\/wp-content\/uploads\/2025\/03\/CEIBA-TIQUISATE-scaled.webp","og:image:width":1440,"og:image:height":1920,"article:published_time":"2025-03-08T15:51:46+00:00","article:modified_time":"2025-09-15T22:11:08+00:00","article:publisher":"https:\/\/www.facebook.com\/soymigrantecom","twitter:card":"summary_large_image","twitter:site":"@SoyMigrante_com","twitter:title":"\u00bfEl 8 de marzo es D\u00eda de la Ceiba Arbol Nacional de Guatemala?","twitter:description":"\u00bfDesde cu\u00e1ndo la Ceiba Pentandra es \u00e1rbol nacional de Guatemala? \u00bfPor qu\u00e9 se conmemora su d\u00eda el 8 de marzo? Esto y m\u00e1s sobre el m\u00e1s frondoso s\u00edmbolo patrio.","twitter:creator":"@SoyMigrante_com","twitter:image":"https:\/\/soymigrante.com\/revista\/wp-content\/uploads\/2025\/03\/CEIBA-TIQUISATE-scaled.webp"},"aioseo_meta_data":{"post_id":"44641","title":null,"description":"Grupo de migrantes guatemaltecos participa en conmemoraci\u00f3n de fiestas de independencia de M\u00e9xico y Centro Am\u00e9rica, en Houston Texas.","keywords":null,"keyphrases":{"focus":{"keyphrase":"Independencia","score":91,"analysis":{"keyphraseInTitle":{"score":9,"maxScore":9,"error":0},"keyphraseInDescription":{"score":9,"maxScore":9,"error":0},"keyphraseLength":{"score":9,"maxScore":9,"error":0,"length":1},"keyphraseInURL":{"score":5,"maxScore":5,"error":0},"keyphraseInIntroduction":{"score":9,"maxScore":9,"error":0},"keyphraseInSubHeadings":{"score":3,"maxScore":9,"error":1},"keyphraseInImageAlt":{"score":9,"maxScore":9,"error":0},"keywordDensity":{"type":"best","score":9,"maxScore":9,"error":0}}},"additional":[{"keyphrase":"Guatemala","score":73,"analysis":{"keyphraseInDescription":{"score":3,"maxScore":9,"error":1},"keyphraseLength":{"score":9,"maxScore":9,"error":0,"length":1},"keyphraseInIntroduction":{"score":9,"maxScore":9,"error":0},"keyphraseInImageAlt":{"score":3,"maxScore":9,"error":1},"keywordDensity":{"type":"best","score":9,"maxScore":9,"error":0}}}]},"primary_term":null,"canonical_url":null,"og_title":null,"og_description":null,"og_object_type":"default","og_image_type":"default","og_image_url":null,"og_image_width":null,"og_image_height":null,"og_image_custom_url":null,"og_image_custom_fields":null,"og_video":"","og_custom_url":null,"og_article_section":null,"og_article_tags":null,"twitter_use_og":false,"twitter_card":"default","twitter_image_type":"default","twitter_image_url":null,"twitter_image_custom_url":null,"twitter_image_custom_fields":null,"twitter_title":null,"twitter_description":null,"schema":{"blockGraphs":[],"customGraphs":[],"default":{"data":{"Article":[],"Course":[],"Dataset":[],"FAQPage":[],"Movie":[],"Person":[],"Product":[],"ProductReview":[],"Car":[],"Recipe":[],"Service":[],"SoftwareApplication":[],"WebPage":[]},"graphName":"none","isEnabled":true},"graphs":[]},"schema_type":"default","schema_type_options":null,"pillar_content":false,"robots_default":true,"robots_noindex":false,"robots_noarchive":false,"robots_nosnippet":false,"robots_nofollow":false,"robots_noimageindex":false,"robots_noodp":false,"robots_notranslate":false,"robots_max_snippet":"-1","robots_max_videopreview":"-1","robots_max_imagepreview":"large","priority":null,"frequency":"default","local_seo":null,"seo_analyzer_scan_date":"2025-10-09 08:29:22","breadcrumb_settings":null,"limit_modified_date":false,"reviewed_by":"0","open_ai":null,"ai":{"faqs":[],"keyPoints":[],"titles":[],"descriptions":[],"socialPosts":{"email":[],"linkedin":[],"twitter":[],"facebook":[],"instagram":[]}},"created":"2025-09-13 23:05:46","updated":"2026-02-05 04:58:05"},"aioseo_breadcrumb":"<div class=\"aioseo-breadcrumbs\"><span class=\"aioseo-breadcrumb\">\n\t<a href=\"https:\/\/soymigrante.com\/revista\" title=\"Home\">Home<\/a>\n<\/span><span class=\"aioseo-breadcrumb-separator\">\u00bb<\/span><span class=\"aioseo-breadcrumb\">\n\t<a href=\"https:\/\/soymigrante.com\/revista\/category\/estamos-unidos\/\" title=\"Estamos Unidos\">Estamos Unidos<\/a>\n<\/span><span class=\"aioseo-breadcrumb-separator\">\u00bb<\/span><span class=\"aioseo-breadcrumb\">\n\tGuatemala presente en Desfile de las fiestas de Independencia en Houston, Texas\n<\/span><\/div>","aioseo_breadcrumb_json":[{"label":"Home","link":"https:\/\/soymigrante.com\/revista"},{"label":"Estamos Unidos","link":"https:\/\/soymigrante.com\/revista\/category\/estamos-unidos\/"},{"label":"Guatemala presente en Desfile de las fiestas de Independencia en Houston, Texas","link":"https:\/\/soymigrante.com\/revista\/guatemala-presente-en-desfile-de-independencia-en-houston\/"}],"_links":{"self":[{"href":"https:\/\/soymigrante.com\/revista\/wp-json\/wp\/v2\/posts\/44641","targetHints":{"allow":["GET"]}}],"collection":[{"href":"https:\/\/soymigrante.com\/revista\/wp-json\/wp\/v2\/posts"}],"about":[{"href":"https:\/\/soymigrante.com\/revista\/wp-json\/wp\/v2\/types\/post"}],"author":[{"embeddable":true,"href":"https:\/\/soymigrante.com\/revista\/wp-json\/wp\/v2\/users\/7"}],"replies":[{"embeddable":true,"href":"https:\/\/soymigrante.com\/revista\/wp-json\/wp\/v2\/comments?post=44641"}],"version-history":[{"count":9,"href":"https:\/\/soymigrante.com\/revista\/wp-json\/wp\/v2\/posts\/44641\/revisions"}],"predecessor-version":[{"id":44660,"href":"https:\/\/soymigrante.com\/revista\/wp-json\/wp\/v2\/posts\/44641\/revisions\/44660"}],"wp:featuredmedia":[{"embeddable":true,"href":"https:\/\/soymigrante.com\/revista\/wp-json\/wp\/v2\/media\/44642"}],"wp:attachment":[{"href":"https:\/\/soymigrante.com\/revista\/wp-json\/wp\/v2\/media?parent=44641"}],"wp:term":[{"taxonomy":"category","embeddable":true,"href":"https:\/\/soymigrante.com\/revista\/wp-json\/wp\/v2\/categories?post=44641"},{"taxonomy":"post_tag","embeddable":true,"href":"https:\/\/soymigrante.com\/revista\/wp-json\/wp\/v2\/tags?post=44641"}],"curies":[{"name":"wp","href":"https:\/\/api.w.org\/{rel}","templated":true}]}}