{"id":44544,"date":"2025-09-17T05:00:00","date_gmt":"2025-09-17T11:00:00","guid":{"rendered":"https:\/\/soymigrante.com\/revista\/?p=44544"},"modified":"2025-09-16T22:50:15","modified_gmt":"2025-09-17T04:50:15","slug":"viveros-municipales-son-pulmones-de-la-ciudad-y-de-la-mente","status":"publish","type":"post","link":"https:\/\/soymigrante.com\/revista\/viveros-municipales-son-pulmones-de-la-ciudad-y-de-la-mente\/","title":{"rendered":"Viveros municipales son pulmones de la ciudad y de la mente"},"content":{"rendered":"\t\t<div data-elementor-type=\"wp-post\" data-elementor-id=\"44544\" class=\"elementor elementor-44544\" data-elementor-post-type=\"post\">\n\t\t\t\t<div data-particle_enable=\"false\" data-particle-mobile-disabled=\"false\" class=\"elementor-element elementor-element-acff813 e-flex e-con-boxed e-con e-parent\" data-id=\"acff813\" data-element_type=\"container\" data-e-type=\"container\">\n\t\t\t\t\t<div class=\"e-con-inner\">\n\t\t\t\t<div class=\"elementor-element elementor-element-a64e8b4 elementor-widget elementor-widget-heading\" data-id=\"a64e8b4\" data-element_type=\"widget\" data-e-type=\"widget\" data-widget_type=\"heading.default\">\n\t\t\t\t\t<h2 class=\"elementor-heading-title elementor-size-default\">En la Ciudad de Guatemala, hay tres viveros municipales que son los pulmones verdes que le dan vida. \n<\/h2>\t\t\t\t<\/div>\n\t\t\t\t\t<\/div>\n\t\t\t\t<\/div>\n\t\t<div data-particle_enable=\"false\" data-particle-mobile-disabled=\"false\" class=\"elementor-element elementor-element-84405aa e-flex e-con-boxed e-con e-parent\" data-id=\"84405aa\" data-element_type=\"container\" data-e-type=\"container\">\n\t\t\t\t\t<div class=\"e-con-inner\">\n\t\t\t\t<div class=\"elementor-element elementor-element-4f4a3df elementor-widget elementor-widget-text-editor\" data-id=\"4f4a3df\" data-element_type=\"widget\" data-e-type=\"widget\" data-widget_type=\"text-editor.default\">\n\t\t\t\t\t\t\t\t\t<p>En la Ciudad de Guatemala, entre barrancos, fuentes de agua y manos trabajadoras, laten tres pulmones verdes que nutren la vida urbana: <a href=\"https:\/\/muniguatealfrente.com\/conoce-los-viveros-municipales\/\" target=\"_blank\" rel=\"noopener\">Vivero La Pen\u00ednsula, Vivero Ojo de Agua y Vivero Urbano Municipal Acat\u00e1n<\/a>. Cada uno, con su historia y especialidad, aporta vida, color y ox\u00edgeno a los parques, bulevares y espacios p\u00fablicos que disfrutan miles de vecinos a diario.<\/p>\t\t\t\t\t\t\t\t<\/div>\n\t\t\t\t\t<\/div>\n\t\t\t\t<\/div>\n\t\t<div data-particle_enable=\"false\" data-particle-mobile-disabled=\"false\" class=\"elementor-element elementor-element-507ff38 e-flex e-con-boxed e-con e-parent\" data-id=\"507ff38\" data-element_type=\"container\" data-e-type=\"container\">\n\t\t\t\t\t<div class=\"e-con-inner\">\n\t\t\t\t<div class=\"elementor-element elementor-element-653c677 elementor-widget elementor-widget-image\" data-id=\"653c677\" data-element_type=\"widget\" data-e-type=\"widget\" data-widget_type=\"image.default\">\n\t\t\t\t\t\t\t\t\t\t\t\t<figure class=\"wp-caption\">\n\t\t\t\t\t\t\t\t\t\t<img fetchpriority=\"high\" decoding=\"async\" width=\"705\" height=\"470\" src=\"https:\/\/soymigrante.com\/revista\/wp-content\/uploads\/2025\/09\/vivero-de-la-ciudad-5.jpg\" class=\"attachment-large size-large wp-image-44562\" alt=\"Los viveros est\u00e1n abiertos al p\u00fablico y son lugares a cargo de la municipalidad de Guatemala. (Foto: Municipalidad de Guatemala)\" srcset=\"https:\/\/soymigrante.com\/revista\/wp-content\/uploads\/2025\/09\/vivero-de-la-ciudad-5.jpg 705w, https:\/\/soymigrante.com\/revista\/wp-content\/uploads\/2025\/09\/vivero-de-la-ciudad-5-300x200.jpg 300w\" sizes=\"(max-width: 705px) 100vw, 705px\" title=\"Los viveros est\u00e1n abiertos al p\u00fablico y son lugares a cargo de la municipalidad de Guatemala. (Foto: Municipalidad de Guatemala) \u2013 SoyMigrante.com REVISTA\" \/>\t\t\t\t\t\t\t\t\t\t\t<figcaption class=\"widget-image-caption wp-caption-text\">Los viveros est\u00e1n abiertos al p\u00fablico y son lugares a cargo de la municipalidad de Guatemala. (Foto: Municipalidad de Guatemala)<\/figcaption>\n\t\t\t\t\t\t\t\t\t\t<\/figure>\n\t\t\t\t\t\t\t\t\t<\/div>\n\t\t\t\t\t<\/div>\n\t\t\t\t<\/div>\n\t\t<div data-particle_enable=\"false\" data-particle-mobile-disabled=\"false\" class=\"elementor-element elementor-element-d70ccdf e-flex e-con-boxed e-con e-parent\" data-id=\"d70ccdf\" data-element_type=\"container\" data-e-type=\"container\">\n\t\t\t\t\t<div class=\"e-con-inner\">\n\t\t\t\t<div class=\"elementor-element elementor-element-37f3a79 elementor-widget elementor-widget-heading\" data-id=\"37f3a79\" data-element_type=\"widget\" data-e-type=\"widget\" data-widget_type=\"heading.default\">\n\t\t\t\t\t<h3 class=\"elementor-heading-title elementor-size-default\">Una apuesta por el verde desde 1986<\/h3>\t\t\t\t<\/div>\n\t\t\t\t\t<\/div>\n\t\t\t\t<\/div>\n\t\t<div data-particle_enable=\"false\" data-particle-mobile-disabled=\"false\" class=\"elementor-element elementor-element-b0e19a0 e-flex e-con-boxed e-con e-parent\" data-id=\"b0e19a0\" data-element_type=\"container\" data-e-type=\"container\">\n\t\t\t\t\t<div class=\"e-con-inner\">\n\t\t\t\t<div class=\"elementor-element elementor-element-95b3379 elementor-widget elementor-widget-text-editor\" data-id=\"95b3379\" data-element_type=\"widget\" data-e-type=\"widget\" data-widget_type=\"text-editor.default\">\n\t\t\t\t\t\t\t\t\t<p>El cuidado de los espacios verdes no es un esfuerzo reciente.<a href=\"https:\/\/muniguatealfrente.com\/conoce-los-viveros-municipales\/\" target=\"_blank\" rel=\"noopener\"> Su historia se remonta a 1986, cuando la Municipalidad de Guatemala consolid\u00f3 tres viveros como parte de un programa de reforestaci\u00f3n con criterios t\u00e9cnicos.<\/a> La meta era clara: garantizar la producci\u00f3n de plantas ornamentales y forestales para embellecer la ciudad, pero tambi\u00e9n conservar especies nativas.<\/p><p>El impacto fue inmediato. Para 1990, gracias a la conformaci\u00f3n del Grupo Metropolitano de Bosques, se alcanz\u00f3 un r\u00e9cord hist\u00f3rico de 135,191 \u00e1rboles sembrados en un solo a\u00f1o. Con el paso de los a\u00f1os, los viveros evolucionaron en verdaderos centros de producci\u00f3n vegetal, con especialistas, infraestructura moderna y procesos t\u00e9cnicos que aseguran plantas de calidad.<\/p>\t\t\t\t\t\t\t\t<\/div>\n\t\t\t\t\t<\/div>\n\t\t\t\t<\/div>\n\t\t<div data-particle_enable=\"false\" data-particle-mobile-disabled=\"false\" class=\"elementor-element elementor-element-f6b3a93 e-flex e-con-boxed e-con e-parent\" data-id=\"f6b3a93\" data-element_type=\"container\" data-e-type=\"container\">\n\t\t\t\t\t<div class=\"e-con-inner\">\n\t\t\t\t<div class=\"elementor-element elementor-element-ffb7f1c elementor-widget elementor-widget-image\" data-id=\"ffb7f1c\" data-element_type=\"widget\" data-e-type=\"widget\" data-widget_type=\"image.default\">\n\t\t\t\t\t\t\t\t\t\t\t\t<figure class=\"wp-caption\">\n\t\t\t\t\t\t\t\t\t\t<img decoding=\"async\" width=\"705\" height=\"470\" src=\"https:\/\/soymigrante.com\/revista\/wp-content\/uploads\/2025\/09\/vivero-de-la-ciudad-7.jpg\" class=\"attachment-large size-large wp-image-44555\" alt=\"Los viveros de la Ciudad de Guatemala, est\u00e1n abiertos al p\u00fablico. (Foto: Municipalidad de Guatemala)\" srcset=\"https:\/\/soymigrante.com\/revista\/wp-content\/uploads\/2025\/09\/vivero-de-la-ciudad-7.jpg 705w, https:\/\/soymigrante.com\/revista\/wp-content\/uploads\/2025\/09\/vivero-de-la-ciudad-7-300x200.jpg 300w\" sizes=\"(max-width: 705px) 100vw, 705px\" title=\"Los viveros de la Ciudad de Guatemala, est\u00e1n abiertos al p\u00fablico. (Foto: Municipalidad de Guatemala) \u2013 SoyMigrante.com REVISTA\" \/>\t\t\t\t\t\t\t\t\t\t\t<figcaption class=\"widget-image-caption wp-caption-text\">Los viveros de la Ciudad de Guatemala, est\u00e1n abiertos al p\u00fablico. (Foto: Municipalidad de Guatemala)<\/figcaption>\n\t\t\t\t\t\t\t\t\t\t<\/figure>\n\t\t\t\t\t\t\t\t\t<\/div>\n\t\t\t\t\t<\/div>\n\t\t\t\t<\/div>\n\t\t<div data-particle_enable=\"false\" data-particle-mobile-disabled=\"false\" class=\"elementor-element elementor-element-1bc8425 e-flex e-con-boxed e-con e-parent\" data-id=\"1bc8425\" data-element_type=\"container\" data-e-type=\"container\">\n\t\t\t\t\t<div class=\"e-con-inner\">\n\t\t\t\t<div class=\"elementor-element elementor-element-2d4058d elementor-widget elementor-widget-heading\" data-id=\"2d4058d\" data-element_type=\"widget\" data-e-type=\"widget\" data-widget_type=\"heading.default\">\n\t\t\t\t\t<h3 class=\"elementor-heading-title elementor-size-default\">Vivero La Pen\u00ednsula: el guardi\u00e1n ornamental<\/h3>\t\t\t\t<\/div>\n\t\t\t\t\t<\/div>\n\t\t\t\t<\/div>\n\t\t<div data-particle_enable=\"false\" data-particle-mobile-disabled=\"false\" class=\"elementor-element elementor-element-ea14a87 e-flex e-con-boxed e-con e-parent\" data-id=\"ea14a87\" data-element_type=\"container\" data-e-type=\"container\">\n\t\t\t\t\t<div class=\"e-con-inner\">\n\t\t\t\t<div class=\"elementor-element elementor-element-c35ee24 elementor-widget elementor-widget-text-editor\" data-id=\"c35ee24\" data-element_type=\"widget\" data-e-type=\"widget\" data-widget_type=\"text-editor.default\">\n\t\t\t\t\t\t\t\t\t<p>Fundado en 1988, se ubica al final de la avenida Sime\u00f3n Ca\u00f1as, en la zona 2, en un terreno rodeado de barrancos que le dio el nombre de \u201cpen\u00ednsula\u201d. Con una extensi\u00f3n de 3 manzanas, este vivero produce cada semana cerca de 2,000 plantas ornamentales, incluyendo especies que atraen mariposas y abejas, aportando as\u00ed al equilibrio ecol\u00f3gico.<\/p><p><a href=\"https:\/\/muniguatealfrente.com\/conoce-los-viveros-municipales\/\" target=\"_blank\" rel=\"noopener\">En este espacio trabajan 20 jardineros y 20 j\u00f3venes del programa \u201cAprende y ed\u00facate en tu vivero<\/a>\u201d, quienes adem\u00e1s aprenden t\u00e9cnicas sostenibles como el compostaje con lombrices y el riego por goteo, un sistema que permite ahorrar agua.<\/p>\t\t\t\t\t\t\t\t<\/div>\n\t\t\t\t\t<\/div>\n\t\t\t\t<\/div>\n\t\t<div data-particle_enable=\"false\" data-particle-mobile-disabled=\"false\" class=\"elementor-element elementor-element-121d146 e-flex e-con-boxed e-con e-parent\" data-id=\"121d146\" data-element_type=\"container\" data-e-type=\"container\">\n\t\t\t\t\t<div class=\"e-con-inner\">\n\t\t\t\t<div class=\"elementor-element elementor-element-9977a65 elementor-widget elementor-widget-image\" data-id=\"9977a65\" data-element_type=\"widget\" data-e-type=\"widget\" data-widget_type=\"image.default\">\n\t\t\t\t\t\t\t\t\t\t\t\t<figure class=\"wp-caption\">\n\t\t\t\t\t\t\t\t\t\t<img decoding=\"async\" width=\"768\" height=\"512\" src=\"https:\/\/soymigrante.com\/revista\/wp-content\/uploads\/2025\/09\/vivero-de-la-ciudad-3.jpg\" class=\"attachment-large size-large wp-image-44556\" alt=\"Los viveros de la Ciudad de Guatemala, son encantadores y llenos de vida. (Foto: Municipalidad de Guatemala)\" srcset=\"https:\/\/soymigrante.com\/revista\/wp-content\/uploads\/2025\/09\/vivero-de-la-ciudad-3.jpg 768w, https:\/\/soymigrante.com\/revista\/wp-content\/uploads\/2025\/09\/vivero-de-la-ciudad-3-300x200.jpg 300w, https:\/\/soymigrante.com\/revista\/wp-content\/uploads\/2025\/09\/vivero-de-la-ciudad-3-750x500.jpg 750w\" sizes=\"(max-width: 768px) 100vw, 768px\" title=\"Los viveros de la Ciudad de Guatemala, son encantadores y llenos de vida. (Foto: Municipalidad de Guatemala) \u2013 SoyMigrante.com REVISTA\" \/>\t\t\t\t\t\t\t\t\t\t\t<figcaption class=\"widget-image-caption wp-caption-text\">Los viveros de la Ciudad de Guatemala, son encantadores y llenos de vida. (Foto: Municipalidad de Guatemala)<\/figcaption>\n\t\t\t\t\t\t\t\t\t\t<\/figure>\n\t\t\t\t\t\t\t\t\t<\/div>\n\t\t\t\t\t<\/div>\n\t\t\t\t<\/div>\n\t\t<div data-particle_enable=\"false\" data-particle-mobile-disabled=\"false\" class=\"elementor-element elementor-element-67227ae e-flex e-con-boxed e-con e-parent\" data-id=\"67227ae\" data-element_type=\"container\" data-e-type=\"container\">\n\t\t\t\t\t<div class=\"e-con-inner\">\n\t\t\t\t<div class=\"elementor-element elementor-element-dfaee8f elementor-widget elementor-widget-heading\" data-id=\"dfaee8f\" data-element_type=\"widget\" data-e-type=\"widget\" data-widget_type=\"heading.default\">\n\t\t\t\t\t<h2 class=\"elementor-heading-title elementor-size-default\">Vivero Ojo de Agua: el especialista forestal<\/h2>\t\t\t\t<\/div>\n\t\t\t\t\t<\/div>\n\t\t\t\t<\/div>\n\t\t<div data-particle_enable=\"false\" data-particle-mobile-disabled=\"false\" class=\"elementor-element elementor-element-7a6d36b e-flex e-con-boxed e-con e-parent\" data-id=\"7a6d36b\" data-element_type=\"container\" data-e-type=\"container\">\n\t\t\t\t\t<div class=\"e-con-inner\">\n\t\t\t\t<div class=\"elementor-element elementor-element-a086170 elementor-widget elementor-widget-text-editor\" data-id=\"a086170\" data-element_type=\"widget\" data-e-type=\"widget\" data-widget_type=\"text-editor.default\">\n\t\t\t\t\t\t\t\t\t<p>Naci\u00f3 el 3 de octubre de 1992, gracias a un convenio entre la Agencia Espa\u00f1ola de Cooperaci\u00f3n Internacional y EMPAGUA. En sus inicios produc\u00eda 10,000 \u00e1rboles, y hoy su capacidad alcanza las 35,000 plantas al a\u00f1o, en especial especies forestales como hormigo, cortez, matilisguate, jacaranda, magnolia y cipr\u00e9s com\u00fan.<\/p><p>Se encuentra en un terreno de 14,000 metros cuadrados, donde 9 colaboradores municipales trabajan en todo el ciclo productivo, desde la recolecci\u00f3n de semillas hasta el trasplante. Aunque su potencial es alto, actualmente est\u00e1 subutilizado, <a href=\"https:\/\/muniguatealfrente.com\/conoce-los-viveros-municipales\/\" target=\"_blank\" rel=\"noopener\">lo que representa un reto y a la vez una oportunidad para fortalecer los programas de reforestaci\u00f3n urbana.<\/a><\/p>\t\t\t\t\t\t\t\t<\/div>\n\t\t\t\t\t<\/div>\n\t\t\t\t<\/div>\n\t\t<div data-particle_enable=\"false\" data-particle-mobile-disabled=\"false\" class=\"elementor-element elementor-element-fa402b3 e-flex e-con-boxed e-con e-parent\" data-id=\"fa402b3\" data-element_type=\"container\" data-e-type=\"container\">\n\t\t\t\t\t<div class=\"e-con-inner\">\n\t\t\t\t<div class=\"elementor-element elementor-element-b849832 elementor-widget elementor-widget-image\" data-id=\"b849832\" data-element_type=\"widget\" data-e-type=\"widget\" data-widget_type=\"image.default\">\n\t\t\t\t\t\t\t\t\t\t\t\t<figure class=\"wp-caption\">\n\t\t\t\t\t\t\t\t\t\t<img loading=\"lazy\" decoding=\"async\" width=\"1024\" height=\"683\" src=\"https:\/\/soymigrante.com\/revista\/wp-content\/uploads\/2025\/09\/vivero-de-la-ciudad-9-1024x683.jpg\" class=\"attachment-large size-large wp-image-44557\" alt=\"El vivero de la Ciudad de Guatemala es uno de los m\u00e1s grandes. (Foto: Municipalidad de Guatemala)\" srcset=\"https:\/\/soymigrante.com\/revista\/wp-content\/uploads\/2025\/09\/vivero-de-la-ciudad-9-1024x683.jpg 1024w, https:\/\/soymigrante.com\/revista\/wp-content\/uploads\/2025\/09\/vivero-de-la-ciudad-9-300x200.jpg 300w, https:\/\/soymigrante.com\/revista\/wp-content\/uploads\/2025\/09\/vivero-de-la-ciudad-9-768x512.jpg 768w, https:\/\/soymigrante.com\/revista\/wp-content\/uploads\/2025\/09\/vivero-de-la-ciudad-9-1536x1024.jpg 1536w, https:\/\/soymigrante.com\/revista\/wp-content\/uploads\/2025\/09\/vivero-de-la-ciudad-9-2048x1365.jpg 2048w, https:\/\/soymigrante.com\/revista\/wp-content\/uploads\/2025\/09\/vivero-de-la-ciudad-9-750x500.jpg 750w, https:\/\/soymigrante.com\/revista\/wp-content\/uploads\/2025\/09\/vivero-de-la-ciudad-9-1140x760.jpg 1140w\" sizes=\"(max-width: 1024px) 100vw, 1024px\" title=\"El vivero de la Ciudad de Guatemala es uno de los m\u00e1s grandes. (Foto: Municipalidad de Guatemala) \u2013 SoyMigrante.com REVISTA\" \/>\t\t\t\t\t\t\t\t\t\t\t<figcaption class=\"widget-image-caption wp-caption-text\">El vivero de la Ciudad de Guatemala es uno de los m\u00e1s grandes. (Foto: Municipalidad de Guatemala)<\/figcaption>\n\t\t\t\t\t\t\t\t\t\t<\/figure>\n\t\t\t\t\t\t\t\t\t<\/div>\n\t\t\t\t\t<\/div>\n\t\t\t\t<\/div>\n\t\t<div data-particle_enable=\"false\" data-particle-mobile-disabled=\"false\" class=\"elementor-element elementor-element-6583923 e-flex e-con-boxed e-con e-parent\" data-id=\"6583923\" data-element_type=\"container\" data-e-type=\"container\">\n\t\t\t\t\t<div class=\"e-con-inner\">\n\t\t\t\t<div class=\"elementor-element elementor-element-d391008 elementor-widget elementor-widget-heading\" data-id=\"d391008\" data-element_type=\"widget\" data-e-type=\"widget\" data-widget_type=\"heading.default\">\n\t\t\t\t\t<h3 class=\"elementor-heading-title elementor-size-default\">Vivero Urbano Municipal Acat\u00e1n: una escuela de vida<\/h3>\t\t\t\t<\/div>\n\t\t\t\t\t<\/div>\n\t\t\t\t<\/div>\n\t\t<div data-particle_enable=\"false\" data-particle-mobile-disabled=\"false\" class=\"elementor-element elementor-element-aafb015 e-flex e-con-boxed e-con e-parent\" data-id=\"aafb015\" data-element_type=\"container\" data-e-type=\"container\">\n\t\t\t\t\t<div class=\"e-con-inner\">\n\t\t\t\t<div class=\"elementor-element elementor-element-d08af29 elementor-widget elementor-widget-text-editor\" data-id=\"d08af29\" data-element_type=\"widget\" data-e-type=\"widget\" data-widget_type=\"text-editor.default\">\n\t\t\t\t\t\t\t\t\t<p>Este vivero naci\u00f3 en 2006, en la zona 16, bajo un proyecto social impulsado por el Programa de Becas-Trabajo del PNUD. Su prop\u00f3sito fue dar formaci\u00f3n t\u00e9cnica a j\u00f3venes en situaci\u00f3n de vulnerabilidad, quienes aprendieron jardiner\u00eda, horticultura y piscicultura mientras produc\u00edan plantas para la ciudad.<\/p><p>Hoy ocupa 1.48 hect\u00e1reas y produce cerca de 30,000 plantas anuales, con un stock de 45,000 unidades listas para embellecer y reforestar la ciudad. <a href=\"https:\/\/muniguatealfrente.com\/conoce-los-viveros-municipales\/\" target=\"_blank\" rel=\"noopener\">En Acat\u00e1n se trabajan especies resistentes a la sequ\u00eda y a la contaminaci\u00f3n,<\/a> lo que lo convierte en un laboratorio verde adaptado a los retos de la vida urbana. Adem\u00e1s, recibe constantemente a estudiantes de escuelas y universidades, fortaleciendo la educaci\u00f3n ambiental desde la pr\u00e1ctica.<\/p>\t\t\t\t\t\t\t\t<\/div>\n\t\t\t\t\t<\/div>\n\t\t\t\t<\/div>\n\t\t<div data-particle_enable=\"false\" data-particle-mobile-disabled=\"false\" class=\"elementor-element elementor-element-82c44a3 e-flex e-con-boxed e-con e-parent\" data-id=\"82c44a3\" data-element_type=\"container\" data-e-type=\"container\">\n\t\t\t\t\t<div class=\"e-con-inner\">\n\t\t\t\t<div class=\"elementor-element elementor-element-0185b0e elementor-widget elementor-widget-image\" data-id=\"0185b0e\" data-element_type=\"widget\" data-e-type=\"widget\" data-widget_type=\"image.default\">\n\t\t\t\t\t\t\t\t\t\t\t\t<figure class=\"wp-caption\">\n\t\t\t\t\t\t\t\t\t\t<img loading=\"lazy\" decoding=\"async\" width=\"300\" height=\"225\" src=\"https:\/\/soymigrante.com\/revista\/wp-content\/uploads\/2025\/09\/vivero-de-la-ciudad-2.jpg\" class=\"attachment-large size-large wp-image-44558\" alt=\"El vivero de la ciudad de Guatemala, es uno de los m\u00e1s visitados. (Foto: Municipalidad de Guatemala)\" title=\"El vivero de la ciudad de Guatemala, es uno de los m\u00e1s visitados. (Foto: Municipalidad de Guatemala) \u2013 SoyMigrante.com REVISTA\" \/>\t\t\t\t\t\t\t\t\t\t\t<figcaption class=\"widget-image-caption wp-caption-text\">El vivero de la ciudad de Guatemala, es uno de los m\u00e1s visitados. (Foto: Municipalidad de Guatemala)<\/figcaption>\n\t\t\t\t\t\t\t\t\t\t<\/figure>\n\t\t\t\t\t\t\t\t\t<\/div>\n\t\t\t\t\t<\/div>\n\t\t\t\t<\/div>\n\t\t<div data-particle_enable=\"false\" data-particle-mobile-disabled=\"false\" class=\"elementor-element elementor-element-c990570 e-flex e-con-boxed e-con e-parent\" data-id=\"c990570\" data-element_type=\"container\" data-e-type=\"container\">\n\t\t\t\t\t<div class=\"e-con-inner\">\n\t\t\t\t<div class=\"elementor-element elementor-element-74f75e2 elementor-widget elementor-widget-heading\" data-id=\"74f75e2\" data-element_type=\"widget\" data-e-type=\"widget\" data-widget_type=\"heading.default\">\n\t\t\t\t\t<h3 class=\"elementor-heading-title elementor-size-default\">Tres pulmones para una ciudad viva<\/h3>\t\t\t\t<\/div>\n\t\t\t\t\t<\/div>\n\t\t\t\t<\/div>\n\t\t<div data-particle_enable=\"false\" data-particle-mobile-disabled=\"false\" class=\"elementor-element elementor-element-929c39e e-flex e-con-boxed e-con e-parent\" data-id=\"929c39e\" data-element_type=\"container\" data-e-type=\"container\">\n\t\t\t\t\t<div class=\"e-con-inner\">\n\t\t\t\t<div class=\"elementor-element elementor-element-8d73845 elementor-widget elementor-widget-text-editor\" data-id=\"8d73845\" data-element_type=\"widget\" data-e-type=\"widget\" data-widget_type=\"text-editor.default\">\n\t\t\t\t\t\t\t\t\t<p><a href=\"https:\/\/muniguatealfrente.com\/conoce-los-viveros-municipales\/\" target=\"_blank\" rel=\"noopener\">Los viveros municipales son m\u00e1s que centros de cultivo: son guardianes silenciosos del paisaje urbano<\/a>. Gracias a ellos, los bulevares, avenidas, parques y barrancos de la capital conservan su verdor, mientras cada nueva generaci\u00f3n aprende que cuidar la naturaleza es tambi\u00e9n cuidar la vida en la ciudad.<\/p>\t\t\t\t\t\t\t\t<\/div>\n\t\t\t\t\t<\/div>\n\t\t\t\t<\/div>\n\t\t<div data-particle_enable=\"false\" data-particle-mobile-disabled=\"false\" class=\"elementor-element elementor-element-0c0f551 e-flex e-con-boxed e-con e-parent\" data-id=\"0c0f551\" data-element_type=\"container\" data-e-type=\"container\">\n\t\t\t\t\t<div class=\"e-con-inner\">\n\t\t\t\t<div class=\"elementor-element elementor-element-d6b541d elementor-widget elementor-widget-heading\" data-id=\"d6b541d\" data-element_type=\"widget\" data-e-type=\"widget\" data-widget_type=\"heading.default\">\n\t\t\t\t\t<h2 class=\"elementor-heading-title elementor-size-default\">Conoce m\u00e1s sobre la Ciudad de Guatemala, ac\u00e1...<\/h2>\t\t\t\t<\/div>\n\t\t\t\t\t<\/div>\n\t\t\t\t<\/div>\n\t\t<div data-particle_enable=\"false\" data-particle-mobile-disabled=\"false\" class=\"elementor-element elementor-element-9bf2a48 e-flex e-con-boxed e-con e-parent\" data-id=\"9bf2a48\" data-element_type=\"container\" data-e-type=\"container\">\n\t\t\t\t\t<div class=\"e-con-inner\">\n\t\t\t\t<div class=\"elementor-element elementor-element-bdabea8 elementor-grid-eael-col-3 elementor-grid-tablet-eael-col-2 elementor-grid-mobile-eael-col-1 elementor-widget elementor-widget-eael-post-grid\" data-id=\"bdabea8\" data-element_type=\"widget\" data-e-type=\"widget\" data-settings=\"{&quot;eael_post_grid_columns&quot;:&quot;eael-col-3&quot;,&quot;eael_post_grid_columns_tablet&quot;:&quot;eael-col-2&quot;,&quot;eael_post_grid_columns_mobile&quot;:&quot;eael-col-1&quot;}\" data-widget_type=\"eael-post-grid.default\">\n\t\t\t\t\t<div id=\"eael-post-grid-bdabea8\" class=\"eael-post-grid-container\">\n            <div class=\"eael-post-grid eael-post-appender eael-post-appender-bdabea8 eael-post-grid-style-one\" data-layout-mode=\"masonry\"><article class=\"eael-grid-post  eael-post-grid-column eael-pg-post-36513 category-guate-nuestra\" data-id=\"36513\">\n        <div class=\"eael-grid-post-holder\">\n            <div class=\"eael-grid-post-holder-inner\"><div class=\"eael-entry-media\"><div class=\"eael-entry-overlay fade-in\"><i class=\"far fa-hand-pointer\" aria-hidden=\"true\"><\/i><a href=\"https:\/\/soymigrante.com\/revista\/visita-camina-y-respira-por-los-pulmones-verdes-de-la-ciudad-de-guatemala\/\"><\/a><\/div><div class=\"eael-entry-thumbnail eael-image-ratio\">\n                <img loading=\"lazy\" decoding=\"async\" width=\"819\" height=\"1024\" src=\"https:\/\/soymigrante.com\/revista\/wp-content\/uploads\/2025\/06\/Parque-ecologico-819x1024.jpg\" class=\"attachment-large size-large wp-image-36514\" alt=\"Personas disfrutando de un paseo por la naturaleza en un mirador de madera con vista a \u00e1rboles y paisaje forestal. Familia con perros y ni\u00f1os en un entorno al aire libre, promoviendo el turismo y la vida saludable.\" srcset=\"https:\/\/soymigrante.com\/revista\/wp-content\/uploads\/2025\/06\/Parque-ecologico-819x1024.jpg 819w, https:\/\/soymigrante.com\/revista\/wp-content\/uploads\/2025\/06\/Parque-ecologico-240x300.jpg 240w, https:\/\/soymigrante.com\/revista\/wp-content\/uploads\/2025\/06\/Parque-ecologico-768x960.jpg 768w, https:\/\/soymigrante.com\/revista\/wp-content\/uploads\/2025\/06\/Parque-ecologico-750x938.webp 750w, https:\/\/soymigrante.com\/revista\/wp-content\/uploads\/2025\/06\/Parque-ecologico.webp 1080w\" sizes=\"(max-width: 819px) 100vw, 819px\" \/>\n            <\/div>\n        <\/div><div class=\"eael-entry-wrapper\"><header class=\"eael-entry-header\"><h2 class=\"eael-entry-title\"><a class=\"eael-grid-post-link\" href=\"https:\/\/soymigrante.com\/revista\/visita-camina-y-respira-por-los-pulmones-verdes-de-la-ciudad-de-guatemala\/\" title=\"Visita, camina y respira por los pulmones verdes de la ciudad de Guatemala\">Visita, camina y respira por los pulmones verdes de la ciudad de Guatemala<\/a><\/h2><\/header><div class=\"eael-entry-content\">\n                        <div class=\"eael-grid-post-excerpt\"><a href=\"https:\/\/soymigrante.com\/revista\/visita-camina-y-respira-por-los-pulmones-verdes-de-la-ciudad-de-guatemala\/\" class=\"eael-post-elements-readmore-btn\">CONOCE SU HISTORIA <\/a><\/div>\n                    <\/div><\/div><\/div>\n        <\/div>\n    <\/article><article class=\"eael-grid-post  eael-post-grid-column eael-pg-post-41216 category-guate-nuestra\" data-id=\"41216\">\n        <div class=\"eael-grid-post-holder\">\n            <div class=\"eael-grid-post-holder-inner\"><div class=\"eael-entry-media\"><div class=\"eael-entry-overlay fade-in\"><i class=\"far fa-hand-pointer\" aria-hidden=\"true\"><\/i><a href=\"https:\/\/soymigrante.com\/revista\/el-portal-del-comercio-historia-viva-en-el-corazon-de-la-ciudad-de-guatemala\/\"><\/a><\/div><div class=\"eael-entry-thumbnail eael-image-ratio\">\n                <img loading=\"lazy\" decoding=\"async\" width=\"1024\" height=\"683\" src=\"https:\/\/soymigrante.com\/revista\/wp-content\/uploads\/2025\/08\/Portal-del-comercio-1-e1754341726556.webp\" class=\"attachment-large size-large wp-image-41217\" alt=\"Puerta colonial de piedra con columnas elegantes en una calle hist\u00f3rica, arquitectura cl\u00e1sica en el centro de una ciudad colonial, patrimonio cultural y tur\u00edstico de Am\u00e9rica Latina.\" \/>\n            <\/div>\n        <\/div><div class=\"eael-entry-wrapper\"><header class=\"eael-entry-header\"><h2 class=\"eael-entry-title\"><a class=\"eael-grid-post-link\" href=\"https:\/\/soymigrante.com\/revista\/el-portal-del-comercio-historia-viva-en-el-corazon-de-la-ciudad-de-guatemala\/\" title=\"El Portal del Comercio: Historia viva en el coraz\u00f3n de la ciudad de Guatemala\">El Portal del Comercio: Historia viva en el coraz\u00f3n de la ciudad de Guatemala<\/a><\/h2><\/header><div class=\"eael-entry-content\">\n                        <div class=\"eael-grid-post-excerpt\"><a href=\"https:\/\/soymigrante.com\/revista\/el-portal-del-comercio-historia-viva-en-el-corazon-de-la-ciudad-de-guatemala\/\" class=\"eael-post-elements-readmore-btn\">CONOCE SU HISTORIA <\/a><\/div>\n                    <\/div><\/div><\/div>\n        <\/div>\n    <\/article><article class=\"eael-grid-post  eael-post-grid-column eael-pg-post-35219 category-guate-nuestra\" data-id=\"35219\">\n        <div class=\"eael-grid-post-holder\">\n            <div class=\"eael-grid-post-holder-inner\"><div class=\"eael-entry-media\"><div class=\"eael-entry-overlay fade-in\"><i class=\"far fa-hand-pointer\" aria-hidden=\"true\"><\/i><a href=\"https:\/\/soymigrante.com\/revista\/descubre-la-ruta-historica-de-la-ciudad-de-guatemala-un-viaje-de-memorias\/\"><\/a><\/div><div class=\"eael-entry-thumbnail eael-image-ratio\">\n                <img loading=\"lazy\" decoding=\"async\" width=\"474\" height=\"291\" src=\"https:\/\/soymigrante.com\/revista\/wp-content\/uploads\/2025\/06\/catedral-metropolitana.webp\" class=\"attachment-large size-large wp-image-35220\" alt=\"Imponente iglesia colonial con arquitectura hist\u00f3rica en centro de ciudad espa\u00f1ola, destacada por su fachada y torres gemelas bajo un cielo despejado.\" srcset=\"https:\/\/soymigrante.com\/revista\/wp-content\/uploads\/2025\/06\/catedral-metropolitana.webp 474w, https:\/\/soymigrante.com\/revista\/wp-content\/uploads\/2025\/06\/catedral-metropolitana-300x184.jpg 300w\" sizes=\"(max-width: 474px) 100vw, 474px\" \/>\n            <\/div>\n        <\/div><div class=\"eael-entry-wrapper\"><header class=\"eael-entry-header\"><h2 class=\"eael-entry-title\"><a class=\"eael-grid-post-link\" href=\"https:\/\/soymigrante.com\/revista\/descubre-la-ruta-historica-de-la-ciudad-de-guatemala-un-viaje-de-memorias\/\" title=\"Descubre la ruta hist\u00f3rica de la ciudad de Guatemala: un viaje de memorias\">Descubre la ruta hist\u00f3rica de la ciudad de Guatemala: un viaje de memorias<\/a><\/h2><\/header><div class=\"eael-entry-content\">\n                        <div class=\"eael-grid-post-excerpt\"><a href=\"https:\/\/soymigrante.com\/revista\/descubre-la-ruta-historica-de-la-ciudad-de-guatemala-un-viaje-de-memorias\/\" class=\"eael-post-elements-readmore-btn\">CONOCE SU HISTORIA <\/a><\/div>\n                    <\/div><\/div><\/div>\n        <\/div>\n    <\/article><\/div>\n            <div class=\"clearfix\"><\/div>\n        <\/div>\t\t\t\t<\/div>\n\t\t\t\t\t<\/div>\n\t\t\t\t<\/div>\n\t\t\t\t<\/div>\n\t\t","protected":false},"excerpt":{"rendered":"<p>En la Ciudad de Guatemala, hay tres viveros municipales que son los pulmones verdes que le dan vida. En la Ciudad de Guatemala, entre barrancos, fuentes de agua y manos trabajadoras, laten tres pulmones verdes que nutren la vida urbana: Vivero La Pen\u00ednsula, Vivero Ojo de Agua y Vivero Urbano Municipal Acat\u00e1n. Cada uno, con [&hellip;]<\/p>\n","protected":false},"author":19,"featured_media":44545,"comment_status":"open","ping_status":"open","sticky":false,"template":"","format":"standard","meta":{"_acf_changed":false,"_eb_attr":"","footnotes":""},"categories":[58],"tags":[],"class_list":["post-44544","post","type-post","status-publish","format-standard","has-post-thumbnail","hentry","category-guate-nuestra"],"acf":[],"aioseo_notices":[],"aioseo_head":"\n\t\t<!-- All in One SEO Pro 4.9.6.2 - aioseo.com -->\n\t<meta name=\"description\" content=\"La ruta hist\u00f3rica de la ciudad de Guatemala est\u00e1 llena de memorias y recuerdos, con\u00f3cela ac\u00e1...\" \/>\n\t<meta name=\"robots\" content=\"max-snippet:-1, max-image-preview:large, max-video-preview:-1\" \/>\n\t<meta name=\"author\" content=\"Marysabel Aldana\"\/>\n\t<link rel=\"canonical\" href=\"https:\/\/soymigrante.com\/revista\/descubre-la-ruta-historica-de-la-ciudad-de-guatemala-un-viaje-de-memorias\/\" \/>\n\t<meta name=\"generator\" content=\"All in One SEO Pro (AIOSEO) 4.9.6.2\" \/>\n\n\t\t<link rel=\"preconnect\" href=\"https:\/\/fonts.googleapis.com\" crossorigin>\n<link rel=\"preconnect\" href=\"https:\/\/fonts.gstatic.com\" crossorigin>\n\t\t<meta property=\"og:locale\" content=\"es_ES\" \/>\n\t\t<meta property=\"og:site_name\" content=\"SoyMigrante.com REVISTA \u2013 Nuestra misi\u00f3n es reconocer y dignificar al migrante.\" \/>\n\t\t<meta property=\"og:type\" content=\"article\" \/>\n\t\t<meta property=\"og:title\" content=\"Descubre la ruta hist\u00f3rica de la ciudad de Guatemala: un viaje de memorias\" \/>\n\t\t<meta property=\"og:description\" content=\"La ruta hist\u00f3rica de la ciudad de Guatemala est\u00e1 llena de memorias y recuerdos, con\u00f3cela ac\u00e1...\" \/>\n\t\t<meta property=\"og:url\" content=\"https:\/\/soymigrante.com\/revista\/descubre-la-ruta-historica-de-la-ciudad-de-guatemala-un-viaje-de-memorias\/\" \/>\n\t\t<meta property=\"og:image\" content=\"https:\/\/soymigrante.com\/revista\/wp-content\/uploads\/2025\/06\/catedral-metropolitana.webp\" \/>\n\t\t<meta property=\"og:image:secure_url\" content=\"https:\/\/soymigrante.com\/revista\/wp-content\/uploads\/2025\/06\/catedral-metropolitana.webp\" \/>\n\t\t<meta property=\"og:image:width\" content=\"474\" \/>\n\t\t<meta property=\"og:image:height\" content=\"291\" \/>\n\t\t<meta property=\"article:published_time\" content=\"2025-06-23T12:58:08+00:00\" \/>\n\t\t<meta property=\"article:modified_time\" content=\"2025-06-23T12:58:10+00:00\" \/>\n\t\t<meta property=\"article:publisher\" content=\"https:\/\/www.facebook.com\/soymigrantecom\" \/>\n\t\t<meta name=\"twitter:card\" content=\"summary_large_image\" \/>\n\t\t<meta name=\"twitter:site\" content=\"@SoyMigrante_com\" \/>\n\t\t<meta name=\"twitter:title\" content=\"Descubre la ruta hist\u00f3rica de la ciudad de Guatemala: un viaje de memorias\" \/>\n\t\t<meta name=\"twitter:description\" content=\"La ruta hist\u00f3rica de la ciudad de Guatemala est\u00e1 llena de memorias y recuerdos, con\u00f3cela ac\u00e1...\" \/>\n\t\t<meta name=\"twitter:creator\" content=\"@SoyMigrante_com\" \/>\n\t\t<meta name=\"twitter:image\" content=\"https:\/\/soymigrante.com\/revista\/wp-content\/uploads\/2025\/06\/catedral-metropolitana.webp\" \/>\n\t\t<!-- All in One SEO Pro -->\r\n\t\t<title>Descubre la ruta hist\u00f3rica de la ciudad de Guatemala: un viaje de memorias<\/title>\n\n","aioseo_head_json":{"title":"Descubre la ruta hist\u00f3rica de la ciudad de Guatemala: un viaje de memorias","description":"La ruta hist\u00f3rica de la ciudad de Guatemala est\u00e1 llena de memorias y recuerdos, con\u00f3cela ac\u00e1...","canonical_url":"https:\/\/soymigrante.com\/revista\/descubre-la-ruta-historica-de-la-ciudad-de-guatemala-un-viaje-de-memorias\/","robots":"max-snippet:-1, max-image-preview:large, max-video-preview:-1","keywords":"","webmasterTools":{"miscellaneous":"&lt;link rel=\"preconnect\" href=\"https:\/\/fonts.googleapis.com\" crossorigin&gt;\n&lt;link rel=\"preconnect\" href=\"https:\/\/fonts.gstatic.com\" crossorigin&gt;"},"schema":null,"og:locale":"es_ES","og:site_name":"SoyMigrante.com REVISTA \u2013 Nuestra misi\u00f3n es reconocer y dignificar al migrante.","og:type":"article","og:title":"Descubre la ruta hist\u00f3rica de la ciudad de Guatemala: un viaje de memorias","og:description":"La ruta hist\u00f3rica de la ciudad de Guatemala est\u00e1 llena de memorias y recuerdos, con\u00f3cela ac\u00e1...","og:url":"https:\/\/soymigrante.com\/revista\/descubre-la-ruta-historica-de-la-ciudad-de-guatemala-un-viaje-de-memorias\/","og:image":"https:\/\/soymigrante.com\/revista\/wp-content\/uploads\/2025\/06\/catedral-metropolitana.webp","og:image:secure_url":"https:\/\/soymigrante.com\/revista\/wp-content\/uploads\/2025\/06\/catedral-metropolitana.webp","og:image:width":474,"og:image:height":291,"article:published_time":"2025-06-23T12:58:08+00:00","article:modified_time":"2025-06-23T12:58:10+00:00","article:publisher":"https:\/\/www.facebook.com\/soymigrantecom","twitter:card":"summary_large_image","twitter:site":"@SoyMigrante_com","twitter:title":"Descubre la ruta hist\u00f3rica de la ciudad de Guatemala: un viaje de memorias","twitter:description":"La ruta hist\u00f3rica de la ciudad de Guatemala est\u00e1 llena de memorias y recuerdos, con\u00f3cela ac\u00e1...","twitter:creator":"@SoyMigrante_com","twitter:image":"https:\/\/soymigrante.com\/revista\/wp-content\/uploads\/2025\/06\/catedral-metropolitana.webp"},"aioseo_meta_data":{"post_id":"44544","title":null,"description":"En la Ciudad de Guatemala, hay tres viveros municipales en donde crecen plantas para jardinizar la ciudad, pero tambi\u00e9n est\u00e1n abiertos al p\u00fablico.","keywords":null,"keyphrases":{"focus":{"keyphrase":"viveros municipales","score":60,"analysis":{"keyphraseInTitle":{"score":9,"maxScore":9,"error":0},"keyphraseInDescription":{"score":9,"maxScore":9,"error":0},"keyphraseLength":{"score":9,"maxScore":9,"error":0,"length":2},"keyphraseInURL":{"score":5,"maxScore":5,"error":0},"keyphraseInIntroduction":{"score":3,"maxScore":9,"error":1},"keyphraseInSubHeadings":{"score":3,"maxScore":9,"error":1},"keyphraseInImageAlt":{"score":3,"maxScore":9,"error":1},"keywordDensity":{"score":0,"type":"low","maxScore":9,"error":1}}},"additional":[{"keyphrase":"ciudad de Guatemala","score":100,"analysis":{"keyphraseInDescription":{"score":9,"maxScore":9,"error":0},"keyphraseLength":{"score":9,"maxScore":9,"error":0,"length":3},"keyphraseInIntroduction":{"score":9,"maxScore":9,"error":0},"keyphraseInImageAlt":{"score":9,"maxScore":9,"error":0},"keywordDensity":{"type":"best","score":9,"maxScore":9,"error":0}}}]},"primary_term":null,"canonical_url":null,"og_title":null,"og_description":null,"og_object_type":"default","og_image_type":"default","og_image_url":null,"og_image_width":null,"og_image_height":null,"og_image_custom_url":null,"og_image_custom_fields":null,"og_video":"","og_custom_url":null,"og_article_section":null,"og_article_tags":null,"twitter_use_og":false,"twitter_card":"default","twitter_image_type":"default","twitter_image_url":null,"twitter_image_custom_url":null,"twitter_image_custom_fields":null,"twitter_title":null,"twitter_description":null,"schema":{"blockGraphs":[],"customGraphs":[],"default":{"data":{"Article":[],"Course":[],"Dataset":[],"FAQPage":[],"Movie":[],"Person":[],"Product":[],"ProductReview":[],"Car":[],"Recipe":[],"Service":[],"SoftwareApplication":[],"WebPage":[]},"graphName":"none","isEnabled":true},"graphs":[]},"schema_type":"default","schema_type_options":null,"pillar_content":false,"robots_default":true,"robots_noindex":false,"robots_noarchive":false,"robots_nosnippet":false,"robots_nofollow":false,"robots_noimageindex":false,"robots_noodp":false,"robots_notranslate":false,"robots_max_snippet":"-1","robots_max_videopreview":"-1","robots_max_imagepreview":"large","priority":null,"frequency":"default","local_seo":null,"seo_analyzer_scan_date":"2025-10-09 08:33:12","breadcrumb_settings":null,"limit_modified_date":false,"reviewed_by":"0","open_ai":null,"ai":{"faqs":[],"keyPoints":[],"titles":[],"descriptions":[],"socialPosts":{"email":[],"linkedin":[],"twitter":[],"facebook":[],"instagram":[]}},"created":"2025-09-12 19:15:17","updated":"2026-02-05 05:01:54"},"aioseo_breadcrumb":"<div class=\"aioseo-breadcrumbs\"><span class=\"aioseo-breadcrumb\">\n\t<a href=\"https:\/\/soymigrante.com\/revista\" title=\"Home\">Home<\/a>\n<\/span><span class=\"aioseo-breadcrumb-separator\">\u00bb<\/span><span class=\"aioseo-breadcrumb\">\n\t<a href=\"https:\/\/soymigrante.com\/revista\/category\/guate-nuestra\/\" title=\"Guate Nuestra\">Guate Nuestra<\/a>\n<\/span><span class=\"aioseo-breadcrumb-separator\">\u00bb<\/span><span class=\"aioseo-breadcrumb\">\n\tViveros municipales son pulmones de la ciudad y de la mente\n<\/span><\/div>","aioseo_breadcrumb_json":[{"label":"Home","link":"https:\/\/soymigrante.com\/revista"},{"label":"Guate Nuestra","link":"https:\/\/soymigrante.com\/revista\/category\/guate-nuestra\/"},{"label":"Viveros municipales son pulmones de la ciudad y de la mente","link":"https:\/\/soymigrante.com\/revista\/viveros-municipales-son-pulmones-de-la-ciudad-y-de-la-mente\/"}],"_links":{"self":[{"href":"https:\/\/soymigrante.com\/revista\/wp-json\/wp\/v2\/posts\/44544","targetHints":{"allow":["GET"]}}],"collection":[{"href":"https:\/\/soymigrante.com\/revista\/wp-json\/wp\/v2\/posts"}],"about":[{"href":"https:\/\/soymigrante.com\/revista\/wp-json\/wp\/v2\/types\/post"}],"author":[{"embeddable":true,"href":"https:\/\/soymigrante.com\/revista\/wp-json\/wp\/v2\/users\/19"}],"replies":[{"embeddable":true,"href":"https:\/\/soymigrante.com\/revista\/wp-json\/wp\/v2\/comments?post=44544"}],"version-history":[{"count":14,"href":"https:\/\/soymigrante.com\/revista\/wp-json\/wp\/v2\/posts\/44544\/revisions"}],"predecessor-version":[{"id":45050,"href":"https:\/\/soymigrante.com\/revista\/wp-json\/wp\/v2\/posts\/44544\/revisions\/45050"}],"wp:featuredmedia":[{"embeddable":true,"href":"https:\/\/soymigrante.com\/revista\/wp-json\/wp\/v2\/media\/44545"}],"wp:attachment":[{"href":"https:\/\/soymigrante.com\/revista\/wp-json\/wp\/v2\/media?parent=44544"}],"wp:term":[{"taxonomy":"category","embeddable":true,"href":"https:\/\/soymigrante.com\/revista\/wp-json\/wp\/v2\/categories?post=44544"},{"taxonomy":"post_tag","embeddable":true,"href":"https:\/\/soymigrante.com\/revista\/wp-json\/wp\/v2\/tags?post=44544"}],"curies":[{"name":"wp","href":"https:\/\/api.w.org\/{rel}","templated":true}]}}