{"id":44510,"date":"2025-09-19T10:32:19","date_gmt":"2025-09-19T16:32:19","guid":{"rendered":"https:\/\/soymigrante.com\/revista\/?p=44510"},"modified":"2025-09-19T10:37:28","modified_gmt":"2025-09-19T16:37:28","slug":"mira-arte-guatemalteco-elmar-rojas-exploro-mundos-alternos-y-misticos","status":"publish","type":"post","link":"https:\/\/soymigrante.com\/revista\/mira-arte-guatemalteco-elmar-rojas-exploro-mundos-alternos-y-misticos\/","title":{"rendered":"Mira arte guatemalteco: Elmar Ren\u00e9 Rojas explor\u00f3 mundos alternos y m\u00edsticos"},"content":{"rendered":"\t\t<div data-elementor-type=\"wp-post\" data-elementor-id=\"44510\" class=\"elementor elementor-44510\" data-elementor-post-type=\"post\">\n\t\t\t\t<div data-particle_enable=\"false\" data-particle-mobile-disabled=\"false\" class=\"elementor-element elementor-element-bbec1da e-flex e-con-boxed e-con e-parent\" data-id=\"bbec1da\" data-element_type=\"container\" data-e-type=\"container\">\n\t\t\t\t\t<div class=\"e-con-inner\">\n\t\t\t\t<div class=\"elementor-element elementor-element-d126c34 elementor-widget elementor-widget-heading\" data-id=\"d126c34\" data-element_type=\"widget\" data-e-type=\"widget\" data-widget_type=\"heading.default\">\n\t\t\t\t\t<h2 class=\"elementor-heading-title elementor-size-default\">Elmar Rojas (1937-2018) fue un artista guatemalteco visionario del arte y la majestuosidad de Guatemala: a trav\u00e9s de sus obras explor\u00f3 leyendas y universos m\u00e1gicos que le dieron fama internacional. <\/h2>\t\t\t\t<\/div>\n\t\t\t\t\t<\/div>\n\t\t\t\t<\/div>\n\t\t<div data-particle_enable=\"false\" data-particle-mobile-disabled=\"false\" class=\"elementor-element elementor-element-620ec1b e-flex e-con-boxed e-con e-parent\" data-id=\"620ec1b\" data-element_type=\"container\" data-e-type=\"container\">\n\t\t\t\t\t<div class=\"e-con-inner\">\n\t\t\t\t<div class=\"elementor-element elementor-element-f8dfe23 elementor-widget elementor-widget-text-editor\" data-id=\"f8dfe23\" data-element_type=\"widget\" data-e-type=\"widget\" data-widget_type=\"text-editor.default\">\n\t\t\t\t\t\t\t\t\t<p>El arte guatemalteco cuenta con nombres que han trascendido fronteras, y entre ellos destaca <a href=\"https:\/\/galeriavalanti.com\/artista\/elmar-rojas\/\" target=\"_blank\" rel=\"noopener\">Elmar Ren\u00e9 Rojas Azurdia<\/a> (1937-2018), pintor, arquitecto y gestor cultural, cuya obra se convirti\u00f3 en un puente entre la tradici\u00f3n, la memoria colectiva y la modernidad.<\/p>\t\t\t\t\t\t\t\t<\/div>\n\t\t\t\t\t<\/div>\n\t\t\t\t<\/div>\n\t\t<div data-particle_enable=\"false\" data-particle-mobile-disabled=\"false\" class=\"elementor-element elementor-element-accda1b e-flex e-con-boxed e-con e-parent\" data-id=\"accda1b\" data-element_type=\"container\" data-e-type=\"container\">\n\t\t\t\t\t<div class=\"e-con-inner\">\n\t\t\t\t<div class=\"elementor-element elementor-element-c6a0e38 elementor-widget elementor-widget-image\" data-id=\"c6a0e38\" data-element_type=\"widget\" data-e-type=\"widget\" data-widget_type=\"image.default\">\n\t\t\t\t\t\t\t\t\t\t\t\t<figure class=\"wp-caption\">\n\t\t\t\t\t\t\t\t\t\t<img fetchpriority=\"high\" decoding=\"async\" width=\"827\" height=\"1024\" src=\"https:\/\/soymigrante.com\/revista\/wp-content\/uploads\/2025\/09\/elmar-rojas-4-827x1024.jpg\" class=\"attachment-large size-large wp-image-44519\" alt=\"El arte de Elmar Rojas se caracterizaba por colores oscuros.\" srcset=\"https:\/\/soymigrante.com\/revista\/wp-content\/uploads\/2025\/09\/elmar-rojas-4-827x1024.jpg 827w, https:\/\/soymigrante.com\/revista\/wp-content\/uploads\/2025\/09\/elmar-rojas-4-242x300.jpg 242w, https:\/\/soymigrante.com\/revista\/wp-content\/uploads\/2025\/09\/elmar-rojas-4-768x951.jpg 768w, https:\/\/soymigrante.com\/revista\/wp-content\/uploads\/2025\/09\/elmar-rojas-4-1241x1536.jpg 1241w, https:\/\/soymigrante.com\/revista\/wp-content\/uploads\/2025\/09\/elmar-rojas-4-750x929.jpg 750w, https:\/\/soymigrante.com\/revista\/wp-content\/uploads\/2025\/09\/elmar-rojas-4-1140x1411.jpg 1140w, https:\/\/soymigrante.com\/revista\/wp-content\/uploads\/2025\/09\/elmar-rojas-4.jpg 1575w\" sizes=\"(max-width: 827px) 100vw, 827px\" title=\"El arte de Elmar Rojas se caracterizaba por colores oscuros. \u2013 SoyMigrante.com REVISTA\" \/>\t\t\t\t\t\t\t\t\t\t\t<figcaption class=\"widget-image-caption wp-caption-text\">El arte de Elmar Rojas se caracterizaba por colores oscuros. <\/figcaption>\n\t\t\t\t\t\t\t\t\t\t<\/figure>\n\t\t\t\t\t\t\t\t\t<\/div>\n\t\t\t\t\t<\/div>\n\t\t\t\t<\/div>\n\t\t<div data-particle_enable=\"false\" data-particle-mobile-disabled=\"false\" class=\"elementor-element elementor-element-6d864f9 e-flex e-con-boxed e-con e-parent\" data-id=\"6d864f9\" data-element_type=\"container\" data-e-type=\"container\">\n\t\t\t\t\t<div class=\"e-con-inner\">\n\t\t\t\t<div class=\"elementor-element elementor-element-ee6b8ae elementor-widget elementor-widget-heading\" data-id=\"ee6b8ae\" data-element_type=\"widget\" data-e-type=\"widget\" data-widget_type=\"heading.default\">\n\t\t\t\t\t<h3 class=\"elementor-heading-title elementor-size-default\">Arquitecto y artista ra\u00edces profundas<\/h3>\t\t\t\t<\/div>\n\t\t\t\t\t<\/div>\n\t\t\t\t<\/div>\n\t\t<div data-particle_enable=\"false\" data-particle-mobile-disabled=\"false\" class=\"elementor-element elementor-element-e84ec8a e-flex e-con-boxed e-con e-parent\" data-id=\"e84ec8a\" data-element_type=\"container\" data-e-type=\"container\">\n\t\t\t\t\t<div class=\"e-con-inner\">\n\t\t\t\t<div class=\"elementor-element elementor-element-9d884bb elementor-widget elementor-widget-text-editor\" data-id=\"9d884bb\" data-element_type=\"widget\" data-e-type=\"widget\" data-widget_type=\"text-editor.default\">\n\t\t\t\t\t\t\t\t\t<p>Nacido en San Raymundo, Guatemala, en 1942,<a href=\"https:\/\/galeriavalanti.com\/artista\/elmar-rojas\/\" target=\"_blank\" rel=\"noopener\"> Elmar Rojas estudi\u00f3 arquitectura en la Universidad de San Carlos y posteriormente se especializ\u00f3 en arte y urbanismo en varios pa\u00edses de Europa y Am\u00e9rica Latina<\/a>. Su formaci\u00f3n le permiti\u00f3 combinar la t\u00e9cnica y el rigor de la arquitectura con la libertad y la expresividad de la pintura, una dualidad que marc\u00f3 su estilo.<\/p><p>Rojas fue un pionero en plasmar, a trav\u00e9s de la pintura, la cosmovisi\u00f3n guatemalteca, cargada de s\u00edmbolos, misticismo y realismo m\u00e1gico. Su obra refleja personajes enigm\u00e1ticos, escenarios que parecen surgir de sue\u00f1os y una narrativa visual que conecta con lo ancestral y lo contempor\u00e1neo.<\/p>\t\t\t\t\t\t\t\t<\/div>\n\t\t\t\t\t<\/div>\n\t\t\t\t<\/div>\n\t\t<div data-particle_enable=\"false\" data-particle-mobile-disabled=\"false\" class=\"elementor-element elementor-element-03e36fe e-flex e-con-boxed e-con e-parent\" data-id=\"03e36fe\" data-element_type=\"container\" data-e-type=\"container\">\n\t\t\t\t\t<div class=\"e-con-inner\">\n\t\t\t\t<div class=\"elementor-element elementor-element-8b30556 elementor-widget elementor-widget-image\" data-id=\"8b30556\" data-element_type=\"widget\" data-e-type=\"widget\" data-widget_type=\"image.default\">\n\t\t\t\t\t\t\t\t\t\t\t\t<figure class=\"wp-caption\">\n\t\t\t\t\t\t\t\t\t\t<img decoding=\"async\" width=\"399\" height=\"348\" src=\"https:\/\/soymigrante.com\/revista\/wp-content\/uploads\/2025\/09\/484872792_23942496428671199_8425770733992631302_n.jpg\" class=\"attachment-large size-large wp-image-45467\" alt=\"Leyendas y personajes de Guatemala, con presencia de nahuales y esp\u00edritus poblaron los \u00f3leos del maestro Elmar Ren\u00e9 Rojas. Muchas de sus pinturas se pueden admirar a\u00fan en la galer\u00eda de su hija, Mayar\u00ed Rojas.\" srcset=\"https:\/\/soymigrante.com\/revista\/wp-content\/uploads\/2025\/09\/484872792_23942496428671199_8425770733992631302_n.jpg 399w, https:\/\/soymigrante.com\/revista\/wp-content\/uploads\/2025\/09\/484872792_23942496428671199_8425770733992631302_n-300x262.jpg 300w\" sizes=\"(max-width: 399px) 100vw, 399px\" title=\"Leyendas y personajes de Guatemala, con presencia de nahuales y esp\u00edritus poblaron los \u00f3leos del maestro Elmar Ren\u00e9 Rojas. Muchas de sus pinturas se pueden admirar a\u00fan en la galer\u00eda de su hija, Mayar\u00ed Rojas. \u2013 SoyMigrante.com REVISTA\" \/>\t\t\t\t\t\t\t\t\t\t\t<figcaption class=\"widget-image-caption wp-caption-text\">Leyendas y personajes de Guatemala, con presencia de nahuales y esp\u00edritus poblaron los \u00f3leos del maestro Elmar Ren\u00e9 Rojas. Muchas de sus pinturas se pueden admirar a\u00fan en la galer\u00eda de su hija, Mayar\u00ed Rojas.<\/figcaption>\n\t\t\t\t\t\t\t\t\t\t<\/figure>\n\t\t\t\t\t\t\t\t\t<\/div>\n\t\t\t\t\t<\/div>\n\t\t\t\t<\/div>\n\t\t<div data-particle_enable=\"false\" data-particle-mobile-disabled=\"false\" class=\"elementor-element elementor-element-b4ff925 e-flex e-con-boxed e-con e-parent\" data-id=\"b4ff925\" data-element_type=\"container\" data-e-type=\"container\">\n\t\t\t\t\t<div class=\"e-con-inner\">\n\t\t\t\t<div class=\"elementor-element elementor-element-fa1bae9 elementor-widget elementor-widget-heading\" data-id=\"fa1bae9\" data-element_type=\"widget\" data-e-type=\"widget\" data-widget_type=\"heading.default\">\n\t\t\t\t\t<h3 class=\"elementor-heading-title elementor-size-default\">Fundador del Ministerio de Cultura<\/h3>\t\t\t\t<\/div>\n\t\t\t\t\t<\/div>\n\t\t\t\t<\/div>\n\t\t<div data-particle_enable=\"false\" data-particle-mobile-disabled=\"false\" class=\"elementor-element elementor-element-a763aa0 e-flex e-con-boxed e-con e-parent\" data-id=\"a763aa0\" data-element_type=\"container\" data-e-type=\"container\">\n\t\t\t\t\t<div class=\"e-con-inner\">\n\t\t\t\t<div class=\"elementor-element elementor-element-b36ab5d elementor-widget elementor-widget-text-editor\" data-id=\"b36ab5d\" data-element_type=\"widget\" data-e-type=\"widget\" data-widget_type=\"text-editor.default\">\n\t\t\t\t\t\t\t\t\t<p>Adem\u00e1s de ser un artista destacado, <a href=\"https:\/\/galeriavalanti.com\/artista\/elmar-rojas\/\" target=\"_blank\" rel=\"noopener\">Rojas tuvo un papel fundamental en la gesti\u00f3n cultural.<\/a> En 1986, durante el gobierno de Vinicio Cerezo, fue el primer Ministro de Cultura y Deportes de Guatemala, desde donde impuls\u00f3 la creaci\u00f3n de programas de apoyo a la identidad nacional y al fortalecimiento del patrimonio cultural.<\/p><p>Este cargo le permiti\u00f3 abrir caminos institucionales para que el arte y la cultura ocuparan un lugar central en la vida del pa\u00eds.<\/p>\t\t\t\t\t\t\t\t<\/div>\n\t\t\t\t\t<\/div>\n\t\t\t\t<\/div>\n\t\t<div data-particle_enable=\"false\" data-particle-mobile-disabled=\"false\" class=\"elementor-element elementor-element-cb3d2d9 e-flex e-con-boxed e-con e-parent\" data-id=\"cb3d2d9\" data-element_type=\"container\" data-e-type=\"container\">\n\t\t\t\t\t<div class=\"e-con-inner\">\n\t\t\t\t<div class=\"elementor-element elementor-element-7c317d3 elementor-widget elementor-widget-html\" data-id=\"7c317d3\" data-element_type=\"widget\" data-e-type=\"widget\" data-widget_type=\"html.default\">\n\t\t\t\t\t<iframe width=\"560\" height=\"415\" src=\"https:\/\/www.youtube.com\/embed\/hWr4R2kCKk4?si=FGUwxRjk8ZzFBqPd&amp;start=25\" title=\"YouTube video player\" frameborder=\"0\" allow=\"accelerometer; autoplay; clipboard-write; encrypted-media; gyroscope; picture-in-picture; web-share\" referrerpolicy=\"strict-origin-when-cross-origin\" allowfullscreen><\/iframe>\t\t\t\t<\/div>\n\t\t\t\t\t<\/div>\n\t\t\t\t<\/div>\n\t\t<div data-particle_enable=\"false\" data-particle-mobile-disabled=\"false\" class=\"elementor-element elementor-element-8e22f43 e-flex e-con-boxed e-con e-parent\" data-id=\"8e22f43\" data-element_type=\"container\" data-e-type=\"container\">\n\t\t\t\t\t<div class=\"e-con-inner\">\n\t\t\t\t<div class=\"elementor-element elementor-element-d5a1a5e elementor-widget elementor-widget-heading\" data-id=\"d5a1a5e\" data-element_type=\"widget\" data-e-type=\"widget\" data-widget_type=\"heading.default\">\n\t\t\t\t\t<h3 class=\"elementor-heading-title elementor-size-default\">Un estilo inconfundible<\/h3>\t\t\t\t<\/div>\n\t\t\t\t\t<\/div>\n\t\t\t\t<\/div>\n\t\t<div data-particle_enable=\"false\" data-particle-mobile-disabled=\"false\" class=\"elementor-element elementor-element-2ff8de4 e-flex e-con-boxed e-con e-parent\" data-id=\"2ff8de4\" data-element_type=\"container\" data-e-type=\"container\">\n\t\t\t\t\t<div class=\"e-con-inner\">\n\t\t\t\t<div class=\"elementor-element elementor-element-bbad364 elementor-widget elementor-widget-text-editor\" data-id=\"bbad364\" data-element_type=\"widget\" data-e-type=\"widget\" data-widget_type=\"text-editor.default\">\n\t\t\t\t\t\t\t\t\t<p><a href=\"https:\/\/galeriavalanti.com\/artista\/elmar-rojas\/\" target=\"_blank\" rel=\"noopener\">La obra de Elmar Rojas ha sido descrita como una manifestaci\u00f3n de realismo m\u00e1gico visual<\/a>, un lenguaje pict\u00f3rico donde lo cotidiano se transforma en extraordinario. Sus cuadros incluyen rostros misteriosos, cuerpos suspendidos, colores intensos y elementos que evocan tanto la espiritualidad como las luchas sociales.<\/p><p>Fue galardonado con el Premio de Cultura Miguel \u00c1ngel Asturias en 2004, el m\u00e1ximo reconocimiento que otorga el Estado de Guatemala a personalidades destacadas en el \u00e1mbito cultural.<\/p>\t\t\t\t\t\t\t\t<\/div>\n\t\t\t\t\t<\/div>\n\t\t\t\t<\/div>\n\t\t<div data-particle_enable=\"false\" data-particle-mobile-disabled=\"false\" class=\"elementor-element elementor-element-9bffa59 e-flex e-con-boxed e-con e-parent\" data-id=\"9bffa59\" data-element_type=\"container\" data-e-type=\"container\">\n\t\t\t\t\t<div class=\"e-con-inner\">\n\t\t\t\t<div class=\"elementor-element elementor-element-c82df7e elementor-widget elementor-widget-html\" data-id=\"c82df7e\" data-element_type=\"widget\" data-e-type=\"widget\" data-widget_type=\"html.default\">\n\t\t\t\t\t<iframe width=\"560\" height=\"415\" src=\"https:\/\/www.youtube.com\/embed\/4Td56Xb8exw?si=S0zQfMx79RBUa5M3&amp;start=25\" title=\"YouTube video player\" frameborder=\"0\" allow=\"accelerometer; autoplay; clipboard-write; encrypted-media; gyroscope; picture-in-picture; web-share\" referrerpolicy=\"strict-origin-when-cross-origin\" allowfullscreen><\/iframe>\t\t\t\t<\/div>\n\t\t\t\t\t<\/div>\n\t\t\t\t<\/div>\n\t\t<div data-particle_enable=\"false\" data-particle-mobile-disabled=\"false\" class=\"elementor-element elementor-element-084e3dd e-flex e-con-boxed e-con e-parent\" data-id=\"084e3dd\" data-element_type=\"container\" data-e-type=\"container\">\n\t\t\t\t\t<div class=\"e-con-inner\">\n\t\t\t\t<div class=\"elementor-element elementor-element-0008d8b elementor-widget elementor-widget-heading\" data-id=\"0008d8b\" data-element_type=\"widget\" data-e-type=\"widget\" data-widget_type=\"heading.default\">\n\t\t\t\t\t<h3 class=\"elementor-heading-title elementor-size-default\">Reconocimiento internacional<\/h3>\t\t\t\t<\/div>\n\t\t\t\t\t<\/div>\n\t\t\t\t<\/div>\n\t\t<div data-particle_enable=\"false\" data-particle-mobile-disabled=\"false\" class=\"elementor-element elementor-element-99ab49e e-flex e-con-boxed e-con e-parent\" data-id=\"99ab49e\" data-element_type=\"container\" data-e-type=\"container\">\n\t\t\t\t\t<div class=\"e-con-inner\">\n\t\t\t\t<div class=\"elementor-element elementor-element-01638ca elementor-widget elementor-widget-text-editor\" data-id=\"01638ca\" data-element_type=\"widget\" data-e-type=\"widget\" data-widget_type=\"text-editor.default\">\n\t\t\t\t\t\t\t\t\t<p>El talento de Rojas trascendi\u00f3 fronteras. Sus exposiciones llegaron a Estados Unidos, Europa y Am\u00e9rica Latina, logrando posicionar a Guatemala en el mapa internacional del arte contempor\u00e1neo. Su estilo singular, cargado de misticismo y simbolismo, le permiti\u00f3 ser considerado uno de los grandes exponentes de la pl\u00e1stica guatemalteca.<\/p>\t\t\t\t\t\t\t\t<\/div>\n\t\t\t\t\t<\/div>\n\t\t\t\t<\/div>\n\t\t<div data-particle_enable=\"false\" data-particle-mobile-disabled=\"false\" class=\"elementor-element elementor-element-176b766 e-flex e-con-boxed e-con e-parent\" data-id=\"176b766\" data-element_type=\"container\" data-e-type=\"container\">\n\t\t\t\t\t<div class=\"e-con-inner\">\n\t\t\t\t<div class=\"elementor-element elementor-element-16d032d elementor-widget elementor-widget-heading\" data-id=\"16d032d\" data-element_type=\"widget\" data-e-type=\"widget\" data-widget_type=\"heading.default\">\n\t\t\t\t\t<h3 class=\"elementor-heading-title elementor-size-default\">Su legado<\/h3>\t\t\t\t<\/div>\n\t\t\t\t\t<\/div>\n\t\t\t\t<\/div>\n\t\t<div data-particle_enable=\"false\" data-particle-mobile-disabled=\"false\" class=\"elementor-element elementor-element-0b0c3e9 e-flex e-con-boxed e-con e-parent\" data-id=\"0b0c3e9\" data-element_type=\"container\" data-e-type=\"container\">\n\t\t\t\t\t<div class=\"e-con-inner\">\n\t\t\t\t<div class=\"elementor-element elementor-element-ea0ce58 elementor-widget elementor-widget-text-editor\" data-id=\"ea0ce58\" data-element_type=\"widget\" data-e-type=\"widget\" data-widget_type=\"text-editor.default\">\n\t\t\t\t\t\t\t\t\t<p><a href=\"https:\/\/galeriavalanti.com\/artista\/elmar-rojas\/\" target=\"_blank\" rel=\"noopener\">Elmar Rojas falleci\u00f3 en Guatemala, el 18 de febrero de 2018, a los 75 a\u00f1os, dejando un legado art\u00edstico invaluable<\/a>. Hoy, su obra sigue viva en museos, galer\u00edas y colecciones privadas, as\u00ed como en la memoria de quienes encontraron en su pintura una puerta hacia la esencia espiritual y cultural de Guatemala.<\/p><p>El nombre de Rojas no solo evoca a un pintor, sino a un constructor de sue\u00f1os y s\u00edmbolos, que transform\u00f3 el lienzo en un territorio de identidad y trascendencia.<\/p>\t\t\t\t\t\t\t\t<\/div>\n\t\t\t\t\t<\/div>\n\t\t\t\t<\/div>\n\t\t<div data-particle_enable=\"false\" data-particle-mobile-disabled=\"false\" class=\"elementor-element elementor-element-81647dd e-flex e-con-boxed e-con e-parent\" data-id=\"81647dd\" data-element_type=\"container\" data-e-type=\"container\">\n\t\t\t\t\t<div class=\"e-con-inner\">\n\t\t\t\t<div class=\"elementor-element elementor-element-8556dbb elementor-widget elementor-widget-image\" data-id=\"8556dbb\" data-element_type=\"widget\" data-e-type=\"widget\" data-widget_type=\"image.default\">\n\t\t\t\t\t\t\t\t\t\t\t\t<figure class=\"wp-caption\">\n\t\t\t\t\t\t\t\t\t\t<img fetchpriority=\"high\" decoding=\"async\" width=\"827\" height=\"1024\" src=\"https:\/\/soymigrante.com\/revista\/wp-content\/uploads\/2025\/09\/elmar-rojas-4-827x1024.jpg\" class=\"attachment-large size-large wp-image-44519\" alt=\"El arte de Elmar Rojas se caracterizaba por colores oscuros.\" srcset=\"https:\/\/soymigrante.com\/revista\/wp-content\/uploads\/2025\/09\/elmar-rojas-4-827x1024.jpg 827w, https:\/\/soymigrante.com\/revista\/wp-content\/uploads\/2025\/09\/elmar-rojas-4-242x300.jpg 242w, https:\/\/soymigrante.com\/revista\/wp-content\/uploads\/2025\/09\/elmar-rojas-4-768x951.jpg 768w, https:\/\/soymigrante.com\/revista\/wp-content\/uploads\/2025\/09\/elmar-rojas-4-1241x1536.jpg 1241w, https:\/\/soymigrante.com\/revista\/wp-content\/uploads\/2025\/09\/elmar-rojas-4-750x929.jpg 750w, https:\/\/soymigrante.com\/revista\/wp-content\/uploads\/2025\/09\/elmar-rojas-4-1140x1411.jpg 1140w, https:\/\/soymigrante.com\/revista\/wp-content\/uploads\/2025\/09\/elmar-rojas-4.jpg 1575w\" sizes=\"(max-width: 827px) 100vw, 827px\" title=\"El arte de Elmar Rojas se caracterizaba por colores oscuros. \u2013 SoyMigrante.com REVISTA\" \/>\t\t\t\t\t\t\t\t\t\t\t<figcaption class=\"widget-image-caption wp-caption-text\">El arte de Elmar Rojas se caracterizaba por colores oscuros. <\/figcaption>\n\t\t\t\t\t\t\t\t\t\t<\/figure>\n\t\t\t\t\t\t\t\t\t<\/div>\n\t\t\t\t\t<\/div>\n\t\t\t\t<\/div>\n\t\t<div data-particle_enable=\"false\" data-particle-mobile-disabled=\"false\" class=\"elementor-element elementor-element-5e8f38c e-flex e-con-boxed e-con e-parent\" data-id=\"5e8f38c\" data-element_type=\"container\" data-e-type=\"container\">\n\t\t\t\t\t<div class=\"e-con-inner\">\n\t\t\t\t<div class=\"elementor-element elementor-element-ed3f568 elementor-widget elementor-widget-heading\" data-id=\"ed3f568\" data-element_type=\"widget\" data-e-type=\"widget\" data-widget_type=\"heading.default\">\n\t\t\t\t\t<h3 class=\"elementor-heading-title elementor-size-default\">Autentificaci\u00f3n y certificaci\u00f3n de su obra<\/h3>\t\t\t\t<\/div>\n\t\t\t\t\t<\/div>\n\t\t\t\t<\/div>\n\t\t<div data-particle_enable=\"false\" data-particle-mobile-disabled=\"false\" class=\"elementor-element elementor-element-87f8952 e-flex e-con-boxed e-con e-parent\" data-id=\"87f8952\" data-element_type=\"container\" data-e-type=\"container\">\n\t\t\t\t\t<div class=\"e-con-inner\">\n\t\t\t\t<div class=\"elementor-element elementor-element-0599956 elementor-widget elementor-widget-text-editor\" data-id=\"0599956\" data-element_type=\"widget\" data-e-type=\"widget\" data-widget_type=\"text-editor.default\">\n\t\t\t\t\t\t\t\t\t<p>Debido a su genialidad y gran \u00e9xito, nacional e internacional, la obra de Elmar Rojas fue objeto, lamentablemente, de falsificaciones e imitaciones.\u00a0 Sin embargo, existen aspectos t\u00e9cnicos y simb\u00f3licos de la obra que permiten diferenciar las verdaderas.<\/p><p>Es por eso que la galer\u00eda de arte de Mayar\u00ed Rojas, hija del maestro, ha lanzado una campa\u00f1a para que, quienes tengan en su colecci\u00f3n \u00f3leos del maestro Elmar Rojas, puedan obtener sin costo un certificado de autenticidad. Esto contribuye a la vez, a registrar y conservar mejor el legado de tan brillante artista.\u00a0<\/p>\t\t\t\t\t\t\t\t<\/div>\n\t\t\t\t\t<\/div>\n\t\t\t\t<\/div>\n\t\t<div data-particle_enable=\"false\" data-particle-mobile-disabled=\"false\" class=\"elementor-element elementor-element-d66193c e-flex e-con-boxed e-con e-parent\" data-id=\"d66193c\" data-element_type=\"container\" data-e-type=\"container\">\n\t\t\t\t\t<div class=\"e-con-inner\">\n\t\t\t\t<div class=\"elementor-element elementor-element-03b61d7 elementor-widget elementor-widget-html\" data-id=\"03b61d7\" data-element_type=\"widget\" data-e-type=\"widget\" data-widget_type=\"html.default\">\n\t\t\t\t\t<iframe src=\"https:\/\/www.facebook.com\/plugins\/post.php?href=https%3A%2F%2Fwww.facebook.com%2Fgaleriamayarirojas%2Fposts%2Fpfbid02CVbZZggaY9b4WESTjAMriNahAWo14AcQutxq34DJ1F4CvBaacan1VNZXMpVH5cSSl&show_text=true&width=500\" width=\"500\" height=\"736\" style=\"border:none;overflow:hidden\" scrolling=\"no\" frameborder=\"0\" allowfullscreen=\"true\" allow=\"autoplay; clipboard-write; encrypted-media; picture-in-picture; web-share\"><\/iframe>\t\t\t\t<\/div>\n\t\t\t\t\t<\/div>\n\t\t\t\t<\/div>\n\t\t<div data-particle_enable=\"false\" data-particle-mobile-disabled=\"false\" class=\"elementor-element elementor-element-0661aad e-flex e-con-boxed e-con e-parent\" data-id=\"0661aad\" data-element_type=\"container\" data-e-type=\"container\">\n\t\t\t\t\t<div class=\"e-con-inner\">\n\t\t\t\t<div class=\"elementor-element elementor-element-d249896 elementor-widget elementor-widget-heading\" data-id=\"d249896\" data-element_type=\"widget\" data-e-type=\"widget\" data-widget_type=\"heading.default\">\n\t\t\t\t\t<h2 class=\"elementor-heading-title elementor-size-default\">Conoce m\u00e1s de otros artistas guatemaltecos, ac\u00e1...<\/h2>\t\t\t\t<\/div>\n\t\t\t\t\t<\/div>\n\t\t\t\t<\/div>\n\t\t<div data-particle_enable=\"false\" data-particle-mobile-disabled=\"false\" class=\"elementor-element elementor-element-a1a08aa e-flex e-con-boxed e-con e-parent\" data-id=\"a1a08aa\" data-element_type=\"container\" data-e-type=\"container\">\n\t\t\t\t\t<div class=\"e-con-inner\">\n\t\t\t\t<div class=\"elementor-element elementor-element-31c0615 elementor-grid-eael-col-3 elementor-grid-tablet-eael-col-2 elementor-grid-mobile-eael-col-1 elementor-widget elementor-widget-eael-post-grid\" data-id=\"31c0615\" data-element_type=\"widget\" data-e-type=\"widget\" data-settings=\"{&quot;eael_post_grid_columns&quot;:&quot;eael-col-3&quot;,&quot;eael_post_grid_columns_tablet&quot;:&quot;eael-col-2&quot;,&quot;eael_post_grid_columns_mobile&quot;:&quot;eael-col-1&quot;}\" data-widget_type=\"eael-post-grid.default\">\n\t\t\t\t\t<div id=\"eael-post-grid-31c0615\" class=\"eael-post-grid-container\">\n            <div class=\"eael-post-grid eael-post-appender eael-post-appender-31c0615 eael-post-grid-style-one\" data-layout-mode=\"masonry\"><article class=\"eael-grid-post  eael-post-grid-column eael-pg-post-43122 category-arte-cultura\" data-id=\"43122\">\n        <div class=\"eael-grid-post-holder\">\n            <div class=\"eael-grid-post-holder-inner\"><div class=\"eael-entry-media\"><div class=\"eael-entry-overlay fade-in\"><i class=\"far fa-hand-pointer\" aria-hidden=\"true\"><\/i><a href=\"https:\/\/soymigrante.com\/revista\/mira-arte-guatemalteco-andres-curruchich-gran-iniciador-de-la-pintura-popular\/\"><\/a><\/div><div class=\"eael-entry-thumbnail eael-image-ratio\">\n                <img decoding=\"async\" width=\"853\" height=\"853\" src=\"https:\/\/soymigrante.com\/revista\/wp-content\/uploads\/2025\/08\/andres-curruchich-pintura-arte-guatemala.png\" class=\"attachment-large size-large wp-image-43225\" alt=\"Colores vibrantes y trajes tradicionales en una danza folcl\u00f3rica mexicana, celebrando cultura y patrimonio en SoyMigrante.com REVISTA.\" srcset=\"https:\/\/soymigrante.com\/revista\/wp-content\/uploads\/2025\/08\/andres-curruchich-pintura-arte-guatemala.png 853w, https:\/\/soymigrante.com\/revista\/wp-content\/uploads\/2025\/08\/andres-curruchich-pintura-arte-guatemala-300x300.png 300w, https:\/\/soymigrante.com\/revista\/wp-content\/uploads\/2025\/08\/andres-curruchich-pintura-arte-guatemala-150x150.png 150w, https:\/\/soymigrante.com\/revista\/wp-content\/uploads\/2025\/08\/andres-curruchich-pintura-arte-guatemala-768x768.png 768w, https:\/\/soymigrante.com\/revista\/wp-content\/uploads\/2025\/08\/andres-curruchich-pintura-arte-guatemala-75x75.png 75w, https:\/\/soymigrante.com\/revista\/wp-content\/uploads\/2025\/08\/andres-curruchich-pintura-arte-guatemala-750x750.png 750w\" sizes=\"(max-width: 853px) 100vw, 853px\" \/>\n            <\/div>\n        <\/div><div class=\"eael-entry-wrapper\"><header class=\"eael-entry-header\"><h2 class=\"eael-entry-title\"><a class=\"eael-grid-post-link\" href=\"https:\/\/soymigrante.com\/revista\/mira-arte-guatemalteco-andres-curruchich-gran-iniciador-de-la-pintura-popular\/\" title=\"Mira arte guatemalteco: Andr\u00e9s Curruchich, gran iniciador de la pintura popular\">Mira arte guatemalteco: Andr\u00e9s Curruchich, gran iniciador de la pintura popular<\/a><\/h2><\/header><div class=\"eael-entry-content\">\n                        <div class=\"eael-grid-post-excerpt\"><a href=\"https:\/\/soymigrante.com\/revista\/mira-arte-guatemalteco-andres-curruchich-gran-iniciador-de-la-pintura-popular\/\" class=\"eael-post-elements-readmore-btn\">CONOCE SU HISTORIA <\/a><\/div>\n                    <\/div><\/div><\/div>\n        <\/div>\n    <\/article><article class=\"eael-grid-post  eael-post-grid-column eael-pg-post-43164 category-arte-cultura\" data-id=\"43164\">\n        <div class=\"eael-grid-post-holder\">\n            <div class=\"eael-grid-post-holder-inner\"><div class=\"eael-entry-media\"><div class=\"eael-entry-overlay fade-in\"><i class=\"far fa-hand-pointer\" aria-hidden=\"true\"><\/i><a href=\"https:\/\/soymigrante.com\/revista\/mira-arte-guatemalteco-margarita-azurdia-nunca-deja-de-sorprender\/\"><\/a><\/div><div class=\"eael-entry-thumbnail eael-image-ratio\">\n                <img loading=\"lazy\" decoding=\"async\" width=\"895\" height=\"884\" src=\"https:\/\/soymigrante.com\/revista\/wp-content\/uploads\/2025\/08\/arte-guatemalteco-Margarita-Azurdia-2.webp\" class=\"attachment-large size-large wp-image-43453\" alt=\"Cultura ind\u00edgena con figuras de animales y personajes tradicionales en una escultura colorida para promover el arte y la tradici\u00f3n en La revista SoyMigrante.\" srcset=\"https:\/\/soymigrante.com\/revista\/wp-content\/uploads\/2025\/08\/arte-guatemalteco-Margarita-Azurdia-2.webp 895w, https:\/\/soymigrante.com\/revista\/wp-content\/uploads\/2025\/08\/arte-guatemalteco-Margarita-Azurdia-2-300x296.png 300w, https:\/\/soymigrante.com\/revista\/wp-content\/uploads\/2025\/08\/arte-guatemalteco-Margarita-Azurdia-2-768x759.png 768w, https:\/\/soymigrante.com\/revista\/wp-content\/uploads\/2025\/08\/arte-guatemalteco-Margarita-Azurdia-2-75x75.webp 75w, https:\/\/soymigrante.com\/revista\/wp-content\/uploads\/2025\/08\/arte-guatemalteco-Margarita-Azurdia-2-750x741.webp 750w\" sizes=\"(max-width: 895px) 100vw, 895px\" \/>\n            <\/div>\n        <\/div><div class=\"eael-entry-wrapper\"><header class=\"eael-entry-header\"><h2 class=\"eael-entry-title\"><a class=\"eael-grid-post-link\" href=\"https:\/\/soymigrante.com\/revista\/mira-arte-guatemalteco-margarita-azurdia-nunca-deja-de-sorprender\/\" title=\"Mira arte guatemalteco: Margarita Azurdia nunca deja de sorprender\">Mira arte guatemalteco: Margarita Azurdia nunca deja de sorprender<\/a><\/h2><\/header><div class=\"eael-entry-content\">\n                        <div class=\"eael-grid-post-excerpt\"><a href=\"https:\/\/soymigrante.com\/revista\/mira-arte-guatemalteco-margarita-azurdia-nunca-deja-de-sorprender\/\" class=\"eael-post-elements-readmore-btn\">CONOCE SU HISTORIA <\/a><\/div>\n                    <\/div><\/div><\/div>\n        <\/div>\n    <\/article><article class=\"eael-grid-post  eael-post-grid-column eael-pg-post-43829 category-arte-cultura-guate-nuestra\" data-id=\"43829\">\n        <div class=\"eael-grid-post-holder\">\n            <div class=\"eael-grid-post-holder-inner\"><div class=\"eael-entry-media\"><div class=\"eael-entry-overlay fade-in\"><i class=\"far fa-hand-pointer\" aria-hidden=\"true\"><\/i><a href=\"https:\/\/soymigrante.com\/revista\/juan-sisay-arte-guatemalteco-maya-tzutujil-atitlan\/\"><\/a><\/div><div class=\"eael-entry-thumbnail eael-image-ratio\">\n                <img loading=\"lazy\" decoding=\"async\" width=\"485\" height=\"485\" src=\"https:\/\/soymigrante.com\/revista\/wp-content\/uploads\/2025\/09\/Juan-Sisay1-e1757021856514.jpeg\" class=\"attachment-large size-large wp-image-43830\" alt=\"Juan Sisay: el artista guatemalteco que retrat\u00f3 la identidad tz&#039;utuj&#039;il desde dentro. El artista fue asesinado en abril de 1989 despu\u00e9s de haber pintado acerca de una masacre cometida en Santiago Atitl\u00e1n durante el conflicto armado interno. (Retrato por Miguel Ch\u00e1vez)\" srcset=\"https:\/\/soymigrante.com\/revista\/wp-content\/uploads\/2025\/09\/Juan-Sisay1-e1757021856514.jpeg 485w, https:\/\/soymigrante.com\/revista\/wp-content\/uploads\/2025\/09\/Juan-Sisay1-e1757021856514-300x300.jpeg 300w, https:\/\/soymigrante.com\/revista\/wp-content\/uploads\/2025\/09\/Juan-Sisay1-e1757021856514-150x150.jpeg 150w, https:\/\/soymigrante.com\/revista\/wp-content\/uploads\/2025\/09\/Juan-Sisay1-e1757021856514-75x75.jpeg 75w\" sizes=\"(max-width: 485px) 100vw, 485px\" \/>\n            <\/div>\n        <\/div><div class=\"eael-entry-wrapper\"><header class=\"eael-entry-header\"><h2 class=\"eael-entry-title\"><a class=\"eael-grid-post-link\" href=\"https:\/\/soymigrante.com\/revista\/juan-sisay-arte-guatemalteco-maya-tzutujil-atitlan\/\" title=\"Mira arte guatemalteco: Pintor tz&#8217;utuj&#8217;il Juan Sisay origin\u00f3 la pintura popular de Atitl\u00e1n\">Mira arte guatemalteco: Pintor tz&#8217;utuj&#8217;il Juan Sisay origin\u00f3 la pintura popular de Atitl\u00e1n<\/a><\/h2><\/header><div class=\"eael-entry-content\">\n                        <div class=\"eael-grid-post-excerpt\"><a href=\"https:\/\/soymigrante.com\/revista\/juan-sisay-arte-guatemalteco-maya-tzutujil-atitlan\/\" class=\"eael-post-elements-readmore-btn\">CONOCE SU HISTORIA <\/a><\/div>\n                    <\/div><\/div><\/div>\n        <\/div>\n    <\/article><\/div>\n            <div class=\"clearfix\"><\/div>\n        <\/div>\t\t\t\t<\/div>\n\t\t\t\t\t<\/div>\n\t\t\t\t<\/div>\n\t\t\t\t<\/div>\n\t\t","protected":false},"excerpt":{"rendered":"<p>Elmar Rojas (1937-2018) fue un artista guatemalteco visionario del arte y la majestuosidad de Guatemala: a trav\u00e9s de sus obras explor\u00f3 leyendas y universos m\u00e1gicos que le dieron fama internacional. El arte guatemalteco cuenta con nombres que han trascendido fronteras, y entre ellos destaca Elmar Ren\u00e9 Rojas Azurdia (1937-2018), pintor, arquitecto y gestor cultural, cuya [&hellip;]<\/p>\n","protected":false},"author":19,"featured_media":45460,"comment_status":"open","ping_status":"open","sticky":false,"template":"","format":"standard","meta":{"_acf_changed":false,"_eb_attr":"","footnotes":""},"categories":[91,58],"tags":[],"class_list":["post-44510","post","type-post","status-publish","format-standard","has-post-thumbnail","hentry","category-arte-cultura","category-guate-nuestra"],"acf":[],"aioseo_notices":[],"aioseo_head":"\n\t\t<!-- All in One SEO Pro 4.9.6.2 - aioseo.com -->\n\t<meta name=\"description\" content=\"Juan Sisay (1921-1989) fue un artista maya tzutujil que empez\u00f3 a pintar escenas de la vida de su pueblo a partir de 1950. Muri\u00f3 v\u00edctima del conflicto armado.\" \/>\n\t<meta name=\"robots\" content=\"max-snippet:-1, max-image-preview:large, max-video-preview:-1\" \/>\n\t<meta name=\"author\" content=\"Marysabel Aldana\"\/>\n\t<link rel=\"canonical\" href=\"https:\/\/soymigrante.com\/revista\/juan-sisay-arte-guatemalteco-maya-tzutujil-atitlan\/\" \/>\n\t<meta name=\"generator\" content=\"All in One SEO Pro (AIOSEO) 4.9.6.2\" \/>\n\n\t\t<link rel=\"preconnect\" href=\"https:\/\/fonts.googleapis.com\" crossorigin>\n<link rel=\"preconnect\" href=\"https:\/\/fonts.gstatic.com\" crossorigin>\n\t\t<meta property=\"og:locale\" content=\"es_ES\" \/>\n\t\t<meta property=\"og:site_name\" content=\"SoyMigrante.com REVISTA \u2013 Nuestra misi\u00f3n es reconocer y dignificar al migrante.\" \/>\n\t\t<meta property=\"og:type\" content=\"article\" \/>\n\t\t<meta property=\"og:title\" content=\"Juan Sisay pionero de la pintura popular en Atitl\u00e1n\" \/>\n\t\t<meta property=\"og:description\" content=\"Juan Sisay (1921-1989) fue un artista maya tzutujil que empez\u00f3 a pintar escenas de la vida de su pueblo a partir de 1950. Muri\u00f3 v\u00edctima del conflicto armado.\" \/>\n\t\t<meta property=\"og:url\" content=\"https:\/\/soymigrante.com\/revista\/juan-sisay-arte-guatemalteco-maya-tzutujil-atitlan\/\" \/>\n\t\t<meta property=\"og:image\" content=\"https:\/\/soymigrante.com\/revista\/wp-content\/uploads\/2025\/09\/Juan-Sisay1-e1757021856514.jpeg\" \/>\n\t\t<meta property=\"og:image:secure_url\" content=\"https:\/\/soymigrante.com\/revista\/wp-content\/uploads\/2025\/09\/Juan-Sisay1-e1757021856514.jpeg\" \/>\n\t\t<meta property=\"og:image:width\" content=\"485\" \/>\n\t\t<meta property=\"og:image:height\" content=\"485\" \/>\n\t\t<meta property=\"article:published_time\" content=\"2025-09-05T14:00:00+00:00\" \/>\n\t\t<meta property=\"article:modified_time\" content=\"2025-09-05T05:27:28+00:00\" \/>\n\t\t<meta property=\"article:publisher\" content=\"https:\/\/www.facebook.com\/soymigrantecom\" \/>\n\t\t<meta name=\"twitter:card\" content=\"summary_large_image\" \/>\n\t\t<meta name=\"twitter:site\" content=\"@SoyMigrante_com\" \/>\n\t\t<meta name=\"twitter:title\" content=\"Juan Sisay pionero de la pintura popular en Atitl\u00e1n\" \/>\n\t\t<meta name=\"twitter:description\" content=\"Juan Sisay (1921-1989) fue un artista maya tzutujil que empez\u00f3 a pintar escenas de la vida de su pueblo a partir de 1950. Muri\u00f3 v\u00edctima del conflicto armado.\" \/>\n\t\t<meta name=\"twitter:creator\" content=\"@SoyMigrante_com\" \/>\n\t\t<meta name=\"twitter:image\" content=\"https:\/\/soymigrante.com\/revista\/wp-content\/uploads\/2025\/09\/Juan-Sisay1-e1757021856514.jpeg\" \/>\n\t\t<!-- All in One SEO Pro -->\r\n\t\t<title>Juan Sisay pionero de la pintura popular en Atitl\u00e1n<\/title>\n\n","aioseo_head_json":{"title":"Juan Sisay pionero de la pintura popular en Atitl\u00e1n","description":"Juan Sisay (1921-1989) fue un artista maya tzutujil que empez\u00f3 a pintar escenas de la vida de su pueblo a partir de 1950. Muri\u00f3 v\u00edctima del conflicto armado.","canonical_url":"https:\/\/soymigrante.com\/revista\/juan-sisay-arte-guatemalteco-maya-tzutujil-atitlan\/","robots":"max-snippet:-1, max-image-preview:large, max-video-preview:-1","keywords":"","webmasterTools":{"miscellaneous":"&lt;link rel=\"preconnect\" href=\"https:\/\/fonts.googleapis.com\" crossorigin&gt;\n&lt;link rel=\"preconnect\" href=\"https:\/\/fonts.gstatic.com\" crossorigin&gt;"},"schema":null,"og:locale":"es_ES","og:site_name":"SoyMigrante.com REVISTA \u2013 Nuestra misi\u00f3n es reconocer y dignificar al migrante.","og:type":"article","og:title":"Juan Sisay pionero de la pintura popular en Atitl\u00e1n","og:description":"Juan Sisay (1921-1989) fue un artista maya tzutujil que empez\u00f3 a pintar escenas de la vida de su pueblo a partir de 1950. Muri\u00f3 v\u00edctima del conflicto armado.","og:url":"https:\/\/soymigrante.com\/revista\/juan-sisay-arte-guatemalteco-maya-tzutujil-atitlan\/","og:image":"https:\/\/soymigrante.com\/revista\/wp-content\/uploads\/2025\/09\/Juan-Sisay1-e1757021856514.jpeg","og:image:secure_url":"https:\/\/soymigrante.com\/revista\/wp-content\/uploads\/2025\/09\/Juan-Sisay1-e1757021856514.jpeg","og:image:width":485,"og:image:height":485,"article:published_time":"2025-09-05T14:00:00+00:00","article:modified_time":"2025-09-05T05:27:28+00:00","article:publisher":"https:\/\/www.facebook.com\/soymigrantecom","twitter:card":"summary_large_image","twitter:site":"@SoyMigrante_com","twitter:title":"Juan Sisay pionero de la pintura popular en Atitl\u00e1n","twitter:description":"Juan Sisay (1921-1989) fue un artista maya tzutujil que empez\u00f3 a pintar escenas de la vida de su pueblo a partir de 1950. Muri\u00f3 v\u00edctima del conflicto armado.","twitter:creator":"@SoyMigrante_com","twitter:image":"https:\/\/soymigrante.com\/revista\/wp-content\/uploads\/2025\/09\/Juan-Sisay1-e1757021856514.jpeg"},"aioseo_meta_data":{"post_id":"44510","title":null,"description":"Elmar Rojas fue un artista guatemalteco visionario del arte y la majestuosidad de Guatemala.","keywords":null,"keyphrases":{"focus":{"keyphrase":"Elmar Rojas","score":74,"analysis":{"keyphraseInTitle":{"score":3,"maxScore":9,"error":1},"keyphraseInDescription":{"score":9,"maxScore":9,"error":0},"keyphraseLength":{"score":9,"maxScore":9,"error":0,"length":2},"keyphraseInURL":{"score":5,"maxScore":5,"error":0},"keyphraseInIntroduction":{"score":3,"maxScore":9,"error":1},"keyphraseInSubHeadings":{"score":3,"maxScore":9,"error":1},"keyphraseInImageAlt":{"score":9,"maxScore":9,"error":0},"keywordDensity":{"type":"best","score":9,"maxScore":9,"error":0}}},"additional":[{"keyphrase":"guatemalteco","score":100,"analysis":{"keyphraseInDescription":{"score":9,"maxScore":9,"error":0},"keyphraseLength":{"score":9,"maxScore":9,"error":0,"length":1},"keyphraseInIntroduction":{"score":9,"maxScore":9,"error":0},"keyphraseInImageAlt":{"score":9,"maxScore":9,"error":0},"keywordDensity":{"type":"best","score":9,"maxScore":9,"error":0}}},{"keyphrase":"arte","score":100,"analysis":{"keyphraseInDescription":{"score":9,"maxScore":9,"error":0},"keyphraseLength":{"score":9,"maxScore":9,"error":0,"length":1},"keyphraseInIntroduction":{"score":9,"maxScore":9,"error":0},"keyphraseInImageAlt":{"score":9,"maxScore":9,"error":0},"keywordDensity":{"type":"best","score":9,"maxScore":9,"error":0}}}]},"primary_term":null,"canonical_url":null,"og_title":null,"og_description":null,"og_object_type":"default","og_image_type":"default","og_image_url":null,"og_image_width":null,"og_image_height":null,"og_image_custom_url":null,"og_image_custom_fields":null,"og_video":"","og_custom_url":null,"og_article_section":null,"og_article_tags":null,"twitter_use_og":false,"twitter_card":"default","twitter_image_type":"default","twitter_image_url":null,"twitter_image_custom_url":null,"twitter_image_custom_fields":null,"twitter_title":null,"twitter_description":null,"schema":{"blockGraphs":[],"customGraphs":[],"default":{"data":{"Article":[],"Course":[],"Dataset":[],"FAQPage":[],"Movie":[],"Person":[],"Product":[],"ProductReview":[],"Car":[],"Recipe":[],"Service":[],"SoftwareApplication":[],"WebPage":[]},"graphName":"none","isEnabled":true},"graphs":[]},"schema_type":"default","schema_type_options":null,"pillar_content":false,"robots_default":true,"robots_noindex":false,"robots_noarchive":false,"robots_nosnippet":false,"robots_nofollow":false,"robots_noimageindex":false,"robots_noodp":false,"robots_notranslate":false,"robots_max_snippet":"-1","robots_max_videopreview":"-1","robots_max_imagepreview":"large","priority":null,"frequency":"default","local_seo":null,"seo_analyzer_scan_date":"2025-10-09 08:40:31","breadcrumb_settings":null,"limit_modified_date":false,"reviewed_by":"0","open_ai":null,"ai":{"faqs":[],"keyPoints":[],"titles":[],"descriptions":[],"socialPosts":{"email":[],"linkedin":[],"twitter":[],"facebook":[],"instagram":[]}},"created":"2025-09-12 17:37:31","updated":"2026-02-05 05:38:38"},"aioseo_breadcrumb":"<div class=\"aioseo-breadcrumbs\"><span class=\"aioseo-breadcrumb\">\n\t<a href=\"https:\/\/soymigrante.com\/revista\" title=\"Home\">Home<\/a>\n<\/span><span class=\"aioseo-breadcrumb-separator\">\u00bb<\/span><span class=\"aioseo-breadcrumb\">\n\t<a href=\"https:\/\/soymigrante.com\/revista\/category\/guate-nuestra\/\" title=\"Guate Nuestra\">Guate Nuestra<\/a>\n<\/span><span class=\"aioseo-breadcrumb-separator\">\u00bb<\/span><span class=\"aioseo-breadcrumb\">\n\t<a href=\"https:\/\/soymigrante.com\/revista\/category\/guate-nuestra\/arte-cultura\/\" title=\"Cultura de Guatemala\">Cultura de Guatemala<\/a>\n<\/span><span class=\"aioseo-breadcrumb-separator\">\u00bb<\/span><span class=\"aioseo-breadcrumb\">\n\tMira arte guatemalteco: Elmar Ren\u00e9 Rojas explor\u00f3 mundos alternos y m\u00edsticos\n<\/span><\/div>","aioseo_breadcrumb_json":[{"label":"Home","link":"https:\/\/soymigrante.com\/revista"},{"label":"Guate Nuestra","link":"https:\/\/soymigrante.com\/revista\/category\/guate-nuestra\/"},{"label":"Cultura de Guatemala","link":"https:\/\/soymigrante.com\/revista\/category\/guate-nuestra\/arte-cultura\/"},{"label":"Mira arte guatemalteco: Elmar Ren\u00e9 Rojas explor\u00f3 mundos alternos y m\u00edsticos","link":"https:\/\/soymigrante.com\/revista\/mira-arte-guatemalteco-elmar-rojas-exploro-mundos-alternos-y-misticos\/"}],"_links":{"self":[{"href":"https:\/\/soymigrante.com\/revista\/wp-json\/wp\/v2\/posts\/44510","targetHints":{"allow":["GET"]}}],"collection":[{"href":"https:\/\/soymigrante.com\/revista\/wp-json\/wp\/v2\/posts"}],"about":[{"href":"https:\/\/soymigrante.com\/revista\/wp-json\/wp\/v2\/types\/post"}],"author":[{"embeddable":true,"href":"https:\/\/soymigrante.com\/revista\/wp-json\/wp\/v2\/users\/19"}],"replies":[{"embeddable":true,"href":"https:\/\/soymigrante.com\/revista\/wp-json\/wp\/v2\/comments?post=44510"}],"version-history":[{"count":17,"href":"https:\/\/soymigrante.com\/revista\/wp-json\/wp\/v2\/posts\/44510\/revisions"}],"predecessor-version":[{"id":45471,"href":"https:\/\/soymigrante.com\/revista\/wp-json\/wp\/v2\/posts\/44510\/revisions\/45471"}],"wp:featuredmedia":[{"embeddable":true,"href":"https:\/\/soymigrante.com\/revista\/wp-json\/wp\/v2\/media\/45460"}],"wp:attachment":[{"href":"https:\/\/soymigrante.com\/revista\/wp-json\/wp\/v2\/media?parent=44510"}],"wp:term":[{"taxonomy":"category","embeddable":true,"href":"https:\/\/soymigrante.com\/revista\/wp-json\/wp\/v2\/categories?post=44510"},{"taxonomy":"post_tag","embeddable":true,"href":"https:\/\/soymigrante.com\/revista\/wp-json\/wp\/v2\/tags?post=44510"}],"curies":[{"name":"wp","href":"https:\/\/api.w.org\/{rel}","templated":true}]}}