{"id":44484,"date":"2025-09-12T04:00:00","date_gmt":"2025-09-12T10:00:00","guid":{"rendered":"https:\/\/soymigrante.com\/revista\/?p=44484"},"modified":"2025-09-25T11:21:03","modified_gmt":"2025-09-25T17:21:03","slug":"guatemalteco-david-aguilar-nominado-entre-los-10-hispanos-mas-influyentes-en-canada","status":"publish","type":"post","link":"https:\/\/soymigrante.com\/revista\/guatemalteco-david-aguilar-nominado-entre-los-10-hispanos-mas-influyentes-en-canada\/","title":{"rendered":"Guatemalteco David Aguilar nominado entre los 10 Hispanos m\u00e1s influyentes en Canad\u00e1."},"content":{"rendered":"\t\t<div data-elementor-type=\"wp-post\" data-elementor-id=\"44484\" class=\"elementor elementor-44484\" data-elementor-post-type=\"post\">\n\t\t\t\t<div data-particle_enable=\"false\" data-particle-mobile-disabled=\"false\" class=\"elementor-element elementor-element-b4ec8ae e-flex e-con-boxed e-con e-parent\" data-id=\"b4ec8ae\" data-element_type=\"container\" data-e-type=\"container\">\n\t\t\t\t\t<div class=\"e-con-inner\">\n\t\t\t\t<div class=\"elementor-element elementor-element-07bdce6 elementor-widget elementor-widget-heading\" data-id=\"07bdce6\" data-element_type=\"widget\" data-e-type=\"widget\" data-widget_type=\"heading.default\">\n\t\t\t\t\t<h2 class=\"elementor-heading-title elementor-size-default\">Promotor cultural David Aguilar Carranza est\u00e1 nominado entre los 10 hispanos m\u00e1s influyentes de Canad\u00e1 y t\u00fa puedes apoyarlo con tu voto. Ent\u00e9rate como y conoce m\u00e1s de su historia.<\/h2>\t\t\t\t<\/div>\n\t\t\t\t<div class=\"elementor-element elementor-element-191604b elementor-widget elementor-widget-html\" data-id=\"191604b\" data-element_type=\"widget\" data-e-type=\"widget\" data-widget_type=\"html.default\">\n\t\t\t\t\t<div id=\"buzzsprout-player-17906101\"><\/div><script src=\"https:\/\/www.buzzsprout.com\/2444168\/episodes\/17906101-david-aguilar-proyecta-la-identidad-de-guatemala-en-canada.js?container_id=buzzsprout-player-17906101&player=small\" type=\"text\/javascript\" charset=\"utf-8\"><\/script>\t\t\t\t<\/div>\n\t\t\t\t\t<\/div>\n\t\t\t\t<\/div>\n\t\t<div data-particle_enable=\"false\" data-particle-mobile-disabled=\"false\" class=\"elementor-element elementor-element-53fa910 e-flex e-con-boxed e-con e-parent\" data-id=\"53fa910\" data-element_type=\"container\" data-e-type=\"container\">\n\t\t\t\t\t<div class=\"e-con-inner\">\n\t\t\t\t<div class=\"elementor-element elementor-element-a742644 elementor-widget elementor-widget-text-editor\" data-id=\"a742644\" data-element_type=\"widget\" data-e-type=\"widget\" data-widget_type=\"text-editor.default\">\n\t\t\t\t\t\t\t\t\t<p>El promotor cultural guatemalteco<a href=\"https:\/\/soymigrante.com\/revista\/david-aguilar-es-jaguar-venado-y-quetzal-migrante-en-canada\/\"> David Aguilar Carranza,<\/a> radicado en Quebec, Canad\u00e1, desde hace casi cuatro d\u00e9cadas, se encuentra nominado a los prestigiosos premios \u201c10 Hispanos M\u00e1s Influyentes en Canad\u00e1\u201d\u00a0 otorgados por la la cadena Telelatino TLN Television Network.<\/p><p>Este es un reconocimiento que destaca el liderazgo y el impacto positivo de la comunidad hispana en ese pa\u00eds.\u00a0 \u00a0<a href=\"https:\/\/soymigrante.com\/revista\/david-aguilar-es-jaguar-venado-y-quetzal-migrante-en-canada\/\">Aguilar Carranza<\/a> es un referente de orgullo para Guatemala y Latinoam\u00e9rica.\u00a0 Puedes apoyarlo con tu voto a trav\u00e9s de la<a href=\"https:\/\/www.tln.ca\/top10\/voting\/?fbclid=IwY2xjawMwZwVleHRuA2FlbQIxMABicmlkETFuT1BGV3BBS3NMbjQzZ3JWAR4lgdsWew4XElN8RQMq6iYP9SY6YbbEMVoBWYUCjaJE5f68zyVRgZeOFpHqLA_aem_XuYzRz3el5GQUNlppF2FXA\"> p\u00e1gina oficial del certamen.<\/a><\/p>\t\t\t\t\t\t\t\t<\/div>\n\t\t\t\t\t<\/div>\n\t\t\t\t<\/div>\n\t\t<div data-particle_enable=\"false\" data-particle-mobile-disabled=\"false\" class=\"elementor-element elementor-element-fa52a34 e-flex e-con-boxed e-con e-parent\" data-id=\"fa52a34\" data-element_type=\"container\" data-e-type=\"container\">\n\t\t\t\t\t<div class=\"e-con-inner\">\n\t\t\t\t<div class=\"elementor-element elementor-element-56fe18a elementor-widget elementor-widget-image\" data-id=\"56fe18a\" data-element_type=\"widget\" data-e-type=\"widget\" data-widget_type=\"image.default\">\n\t\t\t\t\t\t\t\t\t\t\t\t<figure class=\"wp-caption\">\n\t\t\t\t\t\t\t\t\t\t<img fetchpriority=\"high\" decoding=\"async\" width=\"924\" height=\"636\" src=\"https:\/\/soymigrante.com\/revista\/wp-content\/uploads\/2025\/09\/david-aguilar-guatemalteco-en-canada.jpg\" class=\"attachment-large size-large wp-image-44488\" alt=\"A trav\u00e9s del Centro Cultural Ix Balam, David Aguilar Carranza, al centro, impulsa las danzas mayas y tradiciones guatemaltecas. Ha efectuado presentaciones en festivales y en centros culturales de Canad\u00e1. (Foto cortes\u00eda Centro Cultural Ix Balam)\" srcset=\"https:\/\/soymigrante.com\/revista\/wp-content\/uploads\/2025\/09\/david-aguilar-guatemalteco-en-canada.jpg 924w, https:\/\/soymigrante.com\/revista\/wp-content\/uploads\/2025\/09\/david-aguilar-guatemalteco-en-canada-300x206.jpg 300w, https:\/\/soymigrante.com\/revista\/wp-content\/uploads\/2025\/09\/david-aguilar-guatemalteco-en-canada-768x529.jpg 768w, https:\/\/soymigrante.com\/revista\/wp-content\/uploads\/2025\/09\/david-aguilar-guatemalteco-en-canada-750x516.jpg 750w\" sizes=\"(max-width: 924px) 100vw, 924px\" title=\"A trav\u00e9s del Centro Cultural Ix Balam, David Aguilar Carranza, al centro, impulsa las danzas mayas y tradiciones guatemaltecas. Ha efectuado presentaciones en festivales y en centros culturales de Canad\u00e1. (Foto cortes\u00eda Centro Cultural Ix Balam) \u2013 SoyMigrante.com REVISTA\" \/>\t\t\t\t\t\t\t\t\t\t\t<figcaption class=\"widget-image-caption wp-caption-text\">A trav\u00e9s del Centro Cultural Ix Balam, David Aguilar Carranza, al centro, impulsa las danzas mayas y tradiciones guatemaltecas. Ha efectuado presentaciones en festivales y en centros culturales de Canad\u00e1. (Foto cortes\u00eda Centro Cultural Ix Balam)<\/figcaption>\n\t\t\t\t\t\t\t\t\t\t<\/figure>\n\t\t\t\t\t\t\t\t\t<\/div>\n\t\t\t\t\t<\/div>\n\t\t\t\t<\/div>\n\t\t<div data-particle_enable=\"false\" data-particle-mobile-disabled=\"false\" class=\"elementor-element elementor-element-eed297d e-flex e-con-boxed e-con e-parent\" data-id=\"eed297d\" data-element_type=\"container\" data-e-type=\"container\">\n\t\t\t\t\t<div class=\"e-con-inner\">\n\t\t\t\t<div class=\"elementor-element elementor-element-8101235 elementor-widget elementor-widget-heading\" data-id=\"8101235\" data-element_type=\"widget\" data-e-type=\"widget\" data-widget_type=\"heading.default\">\n\t\t\t\t\t<h3 class=\"elementor-heading-title elementor-size-default\">Coraz\u00f3n siempre guatemalteco<\/h3>\t\t\t\t<\/div>\n\t\t\t\t\t<\/div>\n\t\t\t\t<\/div>\n\t\t<div data-particle_enable=\"false\" data-particle-mobile-disabled=\"false\" class=\"elementor-element elementor-element-14c5dd9 e-flex e-con-boxed e-con e-parent\" data-id=\"14c5dd9\" data-element_type=\"container\" data-e-type=\"container\">\n\t\t\t\t\t<div class=\"e-con-inner\">\n\t\t\t\t<div class=\"elementor-element elementor-element-2986bd2 elementor-widget elementor-widget-text-editor\" data-id=\"2986bd2\" data-element_type=\"widget\" data-e-type=\"widget\" data-widget_type=\"text-editor.default\">\n\t\t\t\t\t\t\t\t\t<p>Como fundador del Centre Culturel Jaguar Ix Balam, <a href=\"https:\/\/soymigrante.com\/revista\/david-aguilar-es-jaguar-venado-y-quetzal-migrante-en-canada\/\">el guatemalteco David Aguilar <\/a>ha dedicado su vida a la preservaci\u00f3n de la herencia maya a trav\u00e9s de la danza, la tradici\u00f3n y el arte.\u00a0<\/p><p>Pero su trabajo va m\u00e1s all\u00e1 de la cultura: ha encabezado recaudaciones de ayuda humanitaria\u00a0 que han llevado esperanza a comunidades vulnerables en Guatemala y otros pa\u00edses, v\u00edctimas de pobreza o desastres naturales.<\/p><p>Aguilar trabaj\u00f3 como Bombero en Guatemala en la d\u00e9cada 1980. Posteriormente debido a la situaci\u00f3n de violencia por el conflicto armado interno, tuvo que salir al exilio y encontr\u00f3 refugio en Canad\u00e1. <a href=\"https:\/\/soymigrante.com\/revista\/david-aguilar-es-jaguar-venado-y-quetzal-migrante-en-canada\/\">Para conocer su historia completa, ir al siguiente link.\u00a0<\/a><\/p>\t\t\t\t\t\t\t\t<\/div>\n\t\t\t\t\t<\/div>\n\t\t\t\t<\/div>\n\t\t<div data-particle_enable=\"false\" data-particle-mobile-disabled=\"false\" class=\"elementor-element elementor-element-4b8d2a4 e-flex e-con-boxed e-con e-parent\" data-id=\"4b8d2a4\" data-element_type=\"container\" data-e-type=\"container\">\n\t\t\t\t\t<div class=\"e-con-inner\">\n\t\t\t\t<div class=\"elementor-element elementor-element-b3385f7 elementor-grid-eael-col-1 elementor-grid-tablet-eael-col-2 elementor-grid-mobile-eael-col-1 elementor-widget elementor-widget-eael-post-grid\" data-id=\"b3385f7\" data-element_type=\"widget\" data-e-type=\"widget\" data-settings=\"{&quot;eael_post_grid_columns&quot;:&quot;eael-col-1&quot;,&quot;eael_post_grid_columns_tablet&quot;:&quot;eael-col-2&quot;,&quot;eael_post_grid_columns_mobile&quot;:&quot;eael-col-1&quot;}\" data-widget_type=\"eael-post-grid.default\">\n\t\t\t\t\t<div id=\"eael-post-grid-b3385f7\" class=\"eael-post-grid-container\">\n            <div class=\"eael-post-grid eael-post-appender eael-post-appender-b3385f7 eael-post-grid-style-one\" data-layout-mode=\"masonry\"><article class=\"eael-grid-post  eael-post-grid-column eael-pg-post-7294 category-exitos\" data-id=\"7294\">\n        <div class=\"eael-grid-post-holder\">\n            <div class=\"eael-grid-post-holder-inner\"><div class=\"eael-entry-media\"><div class=\"eael-entry-overlay fade-in\"><i class=\"far fa-hand-pointer\" aria-hidden=\"true\"><\/i><a href=\"https:\/\/soymigrante.com\/revista\/david-aguilar-es-jaguar-venado-y-quetzal-migrante-en-canada\/\"><\/a><\/div><div class=\"eael-entry-thumbnail eael-image-ratio\">\n                <img decoding=\"async\" width=\"482\" height=\"482\" src=\"https:\/\/soymigrante.com\/revista\/wp-content\/uploads\/2024\/07\/migrante-en-canada.webp\" class=\"attachment-large size-large wp-image-7311\" alt=\"Relevancia.\" srcset=\"https:\/\/soymigrante.com\/revista\/wp-content\/uploads\/2024\/07\/migrante-en-canada.webp 482w, https:\/\/soymigrante.com\/revista\/wp-content\/uploads\/2024\/07\/migrante-en-canada-300x300.webp 300w, https:\/\/soymigrante.com\/revista\/wp-content\/uploads\/2024\/07\/migrante-en-canada-150x150.webp 150w, https:\/\/soymigrante.com\/revista\/wp-content\/uploads\/2024\/07\/migrante-en-canada-75x75.webp 75w\" sizes=\"(max-width: 482px) 100vw, 482px\" \/>\n            <\/div>\n        <\/div><div class=\"eael-entry-wrapper\"><header class=\"eael-entry-header\"><h2 class=\"eael-entry-title\"><a class=\"eael-grid-post-link\" href=\"https:\/\/soymigrante.com\/revista\/david-aguilar-es-jaguar-venado-y-quetzal-migrante-en-canada\/\" title=\"David Aguilar es jaguar, venado y quetzal migrante en Canad\u00e1\">David Aguilar es jaguar, venado y quetzal migrante en Canad\u00e1<\/a><\/h2><\/header><div class=\"eael-entry-content\">\n                        <div class=\"eael-grid-post-excerpt\"><a href=\"https:\/\/soymigrante.com\/revista\/david-aguilar-es-jaguar-venado-y-quetzal-migrante-en-canada\/\" class=\"eael-post-elements-readmore-btn\">CONOCE SU HISTORIA <\/a><\/div>\n                    <\/div><\/div><\/div>\n        <\/div>\n    <\/article><\/div>\n            <div class=\"clearfix\"><\/div>\n        <\/div>\t\t\t\t<\/div>\n\t\t\t\t\t<\/div>\n\t\t\t\t<\/div>\n\t\t<div data-particle_enable=\"false\" data-particle-mobile-disabled=\"false\" class=\"elementor-element elementor-element-58b51f0 e-flex e-con-boxed e-con e-parent\" data-id=\"58b51f0\" data-element_type=\"container\" data-e-type=\"container\">\n\t\t\t\t\t<div class=\"e-con-inner\">\n\t\t\t\t<div class=\"elementor-element elementor-element-6ae2ef7 elementor-widget elementor-widget-heading\" data-id=\"6ae2ef7\" data-element_type=\"widget\" data-e-type=\"widget\" data-widget_type=\"heading.default\">\n\t\t\t\t\t<h3 class=\"elementor-heading-title elementor-size-default\">Influencia positiva en Canad\u00e1 con acciones<\/h3>\t\t\t\t<\/div>\n\t\t\t\t\t<\/div>\n\t\t\t\t<\/div>\n\t\t<div data-particle_enable=\"false\" data-particle-mobile-disabled=\"false\" class=\"elementor-element elementor-element-3469d8f e-flex e-con-boxed e-con e-parent\" data-id=\"3469d8f\" data-element_type=\"container\" data-e-type=\"container\">\n\t\t\t\t\t<div class=\"e-con-inner\">\n\t\t\t\t<div class=\"elementor-element elementor-element-253e502 elementor-widget elementor-widget-text-editor\" data-id=\"253e502\" data-element_type=\"widget\" data-e-type=\"widget\" data-widget_type=\"text-editor.default\">\n\t\t\t\t\t\t\t\t\t<p>David Aguilar tiene una trayectoria que combina cultura, servicio y solidaridad, a trav\u00e9s de m\u00faltiples acciones, entre ellas:<\/p><ul><li>Coordin\u00f3 la entrega internacional de m\u00e1s de 100 camas hospitalarias y equipo m\u00e9dico a Guatemala, Per\u00fa, Rep\u00fablica Dominicana, Cuba y \u00c1frica.<\/li><li>Lider\u00f3 campa\u00f1as de reforestaci\u00f3n y colectas de juguetes para ni\u00f1os mayas.<\/li><li>Brind\u00f3 ayuda a comunidades afectadas en Guatemala por huracanes y erupciones volc\u00e1nicas.<\/li><li>Colabora con el Latin American Soldiers Committee Canada, reconociendo las aportaciones de los latinos en las Fuerzas Armadas canadienses. De hecho, para su nominaci\u00f3n ha sido importante la recomendaci\u00f3n del <a href=\"https:\/\/soymigrante.com\/revista\/guatemalteco-rey-garcia-salas-capitan-del-ejercito-canadiense-los-migrantes-aportamos-mucho\/\">capit\u00e1n Rey Garc\u00eda-Salas, del Ej\u00e9rcito Canadiense y de origen guatemalteco.<\/a><\/li><li>Desde la direcci\u00f3n de la Association des Guat\u00e9malt\u00e8ques du Qu\u00e9bec, David Aguilar Carranza impulsa proyectos comunitarios que fortalecen la identidad y la unidad.<\/li><li>Con iniciativas como Miss Latin Canada, inspira a j\u00f3venes a celebrar con orgullo su herencia cultural.<\/li><\/ul>\t\t\t\t\t\t\t\t<\/div>\n\t\t\t\t\t<\/div>\n\t\t\t\t<\/div>\n\t\t<div data-particle_enable=\"false\" data-particle-mobile-disabled=\"false\" class=\"elementor-element elementor-element-6e47087 e-flex e-con-boxed e-con e-parent\" data-id=\"6e47087\" data-element_type=\"container\" data-e-type=\"container\">\n\t\t\t\t\t<div class=\"e-con-inner\">\n\t\t\t\t<div class=\"elementor-element elementor-element-ced563c elementor-widget elementor-widget-image\" data-id=\"ced563c\" data-element_type=\"widget\" data-e-type=\"widget\" data-widget_type=\"image.default\">\n\t\t\t\t\t\t\t\t\t\t\t\t<figure class=\"wp-caption\">\n\t\t\t\t\t\t\t\t\t\t\t<a href=\"https:\/\/www.tln.ca\/top10\/voting\/?fbclid=IwY2xjawMwZwVleHRuA2FlbQIxMABicmlkETFuT1BGV3BBS3NMbjQzZ3JWAR4lgdsWew4XElN8RQMq6iYP9SY6YbbEMVoBWYUCjaJE5f68zyVRgZeOFpHqLA_aem_XuYzRz3el5GQUNlppF2FXA\">\n\t\t\t\t\t\t\t<img decoding=\"async\" width=\"1024\" height=\"910\" src=\"https:\/\/soymigrante.com\/revista\/wp-content\/uploads\/2025\/09\/david-aguilar-vota-1024x910.jpg\" class=\"attachment-large size-large wp-image-44489\" alt=\"Para votar se debe entrar a la p\u00e1gina del concurso y all\u00ed se encontrar\u00e1 la galer\u00eda de nominados a los canadienses hispanos m\u00e1s influyentes. Se debe elegir 5. Cada nominado tiene una breve rese\u00f1a de vida. El primer voto vale 5 puntos, el segundo vale 4, el tercero vale 3, el cuarto vale 2 y el quinto vale 1. Si deseas apoyar m\u00e1s a David, debes elegirlo primero. PARA ENTRAR A LA P\u00c1GINA DE VOTACION CLIC EN LA IMAGEN.\" srcset=\"https:\/\/soymigrante.com\/revista\/wp-content\/uploads\/2025\/09\/david-aguilar-vota-1024x910.jpg 1024w, https:\/\/soymigrante.com\/revista\/wp-content\/uploads\/2025\/09\/david-aguilar-vota-300x267.jpg 300w, https:\/\/soymigrante.com\/revista\/wp-content\/uploads\/2025\/09\/david-aguilar-vota-768x682.jpg 768w, https:\/\/soymigrante.com\/revista\/wp-content\/uploads\/2025\/09\/david-aguilar-vota-750x666.jpg 750w, https:\/\/soymigrante.com\/revista\/wp-content\/uploads\/2025\/09\/david-aguilar-vota-1140x1013.jpg 1140w, https:\/\/soymigrante.com\/revista\/wp-content\/uploads\/2025\/09\/david-aguilar-vota.jpg 1147w\" sizes=\"(max-width: 1024px) 100vw, 1024px\" title=\"Para votar se debe entrar a la p\u00e1gina del concurso y all\u00ed se encontrar\u00e1 la galer\u00eda de nominados a los canadienses hispanos m\u00e1s influyentes.  Se debe elegir 5. Cada nominado tiene una breve rese\u00f1a de vida. El primer voto vale 5 puntos, el segundo vale 4, el tercero vale 3, el cuarto vale 2 y el quinto vale 1. Si deseas apoyar m\u00e1s a David, debes elegirlo primero.  PARA ENTRAR A LA P\u00c1GINA DE VOTACION CLIC EN LA IMAGEN. \u2013 SoyMigrante.com REVISTA\" \/>\t\t\t\t\t\t\t\t<\/a>\n\t\t\t\t\t\t\t\t\t\t\t<figcaption class=\"widget-image-caption wp-caption-text\">Para votar se debe entrar a la p\u00e1gina del concurso y all\u00ed se encontrar\u00e1 la galer\u00eda de nominados a los canadienses hispanos m\u00e1s influyentes.  Se debe elegir 5. Cada nominado tiene una breve rese\u00f1a de vida. El primer voto vale 5 puntos, el segundo vale 4, el tercero vale 3, el cuarto vale 2 y el quinto vale 1. Si deseas apoyar m\u00e1s a David, debes elegirlo primero.  PARA ENTRAR A LA P\u00c1GINA DE VOTACION CLIC EN LA IMAGEN.<\/figcaption>\n\t\t\t\t\t\t\t\t\t\t<\/figure>\n\t\t\t\t\t\t\t\t\t<\/div>\n\t\t\t\t\t<\/div>\n\t\t\t\t<\/div>\n\t\t<div data-particle_enable=\"false\" data-particle-mobile-disabled=\"false\" class=\"elementor-element elementor-element-26f1705 e-flex e-con-boxed e-con e-parent\" data-id=\"26f1705\" data-element_type=\"container\" data-e-type=\"container\">\n\t\t\t\t\t<div class=\"e-con-inner\">\n\t\t\t\t<div class=\"elementor-element elementor-element-fe43204 elementor-widget elementor-widget-heading\" data-id=\"fe43204\" data-element_type=\"widget\" data-e-type=\"widget\" data-widget_type=\"heading.default\">\n\t\t\t\t\t<h3 class=\"elementor-heading-title elementor-size-default\">Un jaguar en Canad\u00e1<\/h3>\t\t\t\t<\/div>\n\t\t\t\t\t<\/div>\n\t\t\t\t<\/div>\n\t\t<div data-particle_enable=\"false\" data-particle-mobile-disabled=\"false\" class=\"elementor-element elementor-element-89f17f5 e-flex e-con-boxed e-con e-parent\" data-id=\"89f17f5\" data-element_type=\"container\" data-e-type=\"container\">\n\t\t\t\t\t<div class=\"e-con-inner\">\n\t\t\t\t<div class=\"elementor-element elementor-element-f06437d elementor-widget elementor-widget-text-editor\" data-id=\"f06437d\" data-element_type=\"widget\" data-e-type=\"widget\" data-widget_type=\"text-editor.default\">\n\t\t\t\t\t\t\t\t\t<p>\u201cDavid no solo representa a Guatemala en Canad\u00e1, sino que se ha convertido en un puente entre naciones y un s\u00edmbolo de compasi\u00f3n, resiliencia y excelencia latinoamericana\u201d, expres\u00f3 el Centre Culturel Jaguar Ix Balam, instituci\u00f3n que preside.<\/p><p>La votaci\u00f3n para apoyar a David Aguilar ya est\u00e1 abierta a nivel internacional y cierra el 30 de septiembre. Para apoyar a David Aguilar Carranza, es necesario votar por cinco nominados en total. El primer voto significa 5 puntos, el segundo 4, y as\u00ed sucesivamente. Se deben leer todas las rese\u00f1as para poder valorar las trayectorias de los nominados.<\/p>\t\t\t\t\t\t\t\t<\/div>\n\t\t\t\t\t<\/div>\n\t\t\t\t<\/div>\n\t\t<div data-particle_enable=\"false\" data-particle-mobile-disabled=\"false\" class=\"elementor-element elementor-element-bd88508 e-flex e-con-boxed e-con e-parent\" data-id=\"bd88508\" data-element_type=\"container\" data-e-type=\"container\">\n\t\t\t\t\t<div class=\"e-con-inner\">\n\t\t\t\t<div class=\"elementor-element elementor-element-54d7111 elementor-widget elementor-widget-html\" data-id=\"54d7111\" data-element_type=\"widget\" data-e-type=\"widget\" data-widget_type=\"html.default\">\n\t\t\t\t\t<iframe width=\"560\" height=\"375\" src=\"https:\/\/www.youtube.com\/embed\/f6evmFpwt5E?si=wh56zxuKmBwAD3GM\" title=\"YouTube video player\" frameborder=\"0\" allow=\"accelerometer; autoplay; clipboard-write; encrypted-media; gyroscope; picture-in-picture; web-share\" referrerpolicy=\"strict-origin-when-cross-origin\" allowfullscreen><\/iframe>\t\t\t\t<\/div>\n\t\t\t\t\t<\/div>\n\t\t\t\t<\/div>\n\t\t<div data-particle_enable=\"false\" data-particle-mobile-disabled=\"false\" class=\"elementor-element elementor-element-a1e96dd e-flex e-con-boxed e-con e-parent\" data-id=\"a1e96dd\" data-element_type=\"container\" data-e-type=\"container\">\n\t\t\t\t\t<div class=\"e-con-inner\">\n\t\t\t\t<div class=\"elementor-element elementor-element-8fc4f2c elementor-widget elementor-widget-heading\" data-id=\"8fc4f2c\" data-element_type=\"widget\" data-e-type=\"widget\" data-widget_type=\"heading.default\">\n\t\t\t\t\t<h2 class=\"elementor-heading-title elementor-size-default\">Talento guatemalteco sin fronteras<\/h2>\t\t\t\t<\/div>\n\t\t\t\t\t<\/div>\n\t\t\t\t<\/div>\n\t\t<div data-particle_enable=\"false\" data-particle-mobile-disabled=\"false\" class=\"elementor-element elementor-element-a2c5814 e-flex e-con-boxed e-con e-parent\" data-id=\"a2c5814\" data-element_type=\"container\" data-e-type=\"container\">\n\t\t\t\t\t<div class=\"e-con-inner\">\n\t\t\t\t<div class=\"elementor-element elementor-element-6eb6d23 elementor-grid-eael-col-3 elementor-grid-tablet-eael-col-2 elementor-grid-mobile-eael-col-1 elementor-widget elementor-widget-eael-post-grid\" data-id=\"6eb6d23\" data-element_type=\"widget\" data-e-type=\"widget\" data-settings=\"{&quot;eael_post_grid_columns&quot;:&quot;eael-col-3&quot;,&quot;eael_post_grid_columns_tablet&quot;:&quot;eael-col-2&quot;,&quot;eael_post_grid_columns_mobile&quot;:&quot;eael-col-1&quot;}\" data-widget_type=\"eael-post-grid.default\">\n\t\t\t\t\t<div id=\"eael-post-grid-6eb6d23\" class=\"eael-post-grid-container\">\n            <div class=\"eael-post-grid eael-post-appender eael-post-appender-6eb6d23 eael-post-grid-style-one\" data-layout-mode=\"masonry\"><article class=\"eael-grid-post  eael-post-grid-column eael-pg-post-2415 category-exitos\" data-id=\"2415\">\n        <div class=\"eael-grid-post-holder\">\n            <div class=\"eael-grid-post-holder-inner\"><div class=\"eael-entry-media\"><div class=\"eael-entry-overlay fade-in\"><i class=\"far fa-hand-pointer\" aria-hidden=\"true\"><\/i><a href=\"https:\/\/soymigrante.com\/revista\/roldan-jose-es-un-migrante-guatemalteco-orgulloso-de-su-raiz-y-de-ser-un-mico-bailador\/\"><\/a><\/div><div class=\"eael-entry-thumbnail eael-image-ratio\">\n                <img loading=\"lazy\" decoding=\"async\" width=\"1024\" height=\"683\" src=\"https:\/\/soymigrante.com\/revista\/wp-content\/uploads\/2023\/08\/LADANZ1-1024x683.webp\" class=\"attachment-large size-large wp-image-2365\" alt=\"El mico y migrante guatemalteco\" srcset=\"https:\/\/soymigrante.com\/revista\/wp-content\/uploads\/2023\/08\/LADANZ1-1024x683.webp 1024w, https:\/\/soymigrante.com\/revista\/wp-content\/uploads\/2023\/08\/LADANZ1-300x200.webp 300w, https:\/\/soymigrante.com\/revista\/wp-content\/uploads\/2023\/08\/LADANZ1-768x512.webp 768w, https:\/\/soymigrante.com\/revista\/wp-content\/uploads\/2023\/08\/LADANZ1-1536x1024.webp 1536w, https:\/\/soymigrante.com\/revista\/wp-content\/uploads\/2023\/08\/LADANZ1-750x500.webp 750w, https:\/\/soymigrante.com\/revista\/wp-content\/uploads\/2023\/08\/LADANZ1-1140x760.webp 1140w, https:\/\/soymigrante.com\/revista\/wp-content\/uploads\/2023\/08\/LADANZ1-600x400.webp 600w, https:\/\/soymigrante.com\/revista\/wp-content\/uploads\/2023\/08\/LADANZ1.webp 1600w\" sizes=\"(max-width: 1024px) 100vw, 1024px\" \/>\n            <\/div>\n        <\/div><div class=\"eael-entry-wrapper\"><header class=\"eael-entry-header\"><h2 class=\"eael-entry-title\"><a class=\"eael-grid-post-link\" href=\"https:\/\/soymigrante.com\/revista\/roldan-jose-es-un-migrante-guatemalteco-orgulloso-de-su-raiz-y-de-ser-un-mico-bailador\/\" title=\"Rold\u00e1n Jos\u00e9 es un  migrante guatemalteco orgulloso de ser mico bailador momosteco en NY\">Rold\u00e1n Jos\u00e9 es un  migrante guatemalteco orgulloso de ser mico bailador momosteco en NY<\/a><\/h2><\/header><div class=\"eael-entry-content\">\n                        <div class=\"eael-grid-post-excerpt\"><a href=\"https:\/\/soymigrante.com\/revista\/roldan-jose-es-un-migrante-guatemalteco-orgulloso-de-su-raiz-y-de-ser-un-mico-bailador\/\" class=\"eael-post-elements-readmore-btn\">CONOCE SU HISTORIA <\/a><\/div>\n                    <\/div><\/div><\/div>\n        <\/div>\n    <\/article><article class=\"eael-grid-post  eael-post-grid-column eael-pg-post-9584 category-estamos-unidos\" data-id=\"9584\">\n        <div class=\"eael-grid-post-holder\">\n            <div class=\"eael-grid-post-holder-inner\"><div class=\"eael-entry-media\"><div class=\"eael-entry-overlay fade-in\"><i class=\"far fa-hand-pointer\" aria-hidden=\"true\"><\/i><a href=\"https:\/\/soymigrante.com\/revista\/emocion-nostalgia-y-creatividad-bailan-con-el-convite-guatemala-rhode-island\/\"><\/a><\/div><div class=\"eael-entry-thumbnail eael-image-ratio\">\n                <img loading=\"lazy\" decoding=\"async\" width=\"1024\" height=\"1024\" src=\"https:\/\/soymigrante.com\/revista\/wp-content\/uploads\/2024\/09\/convite-guatemala-rhode-island-1024x1024.webp\" class=\"attachment-large size-large wp-image-9600\" alt=\"Vistiendo disfraces tradicionales de baile folkl\u00f3rico mexicano con colores vibrantes y accesorios llamativos en una celebraci\u00f3n cultural.\" srcset=\"https:\/\/soymigrante.com\/revista\/wp-content\/uploads\/2024\/09\/convite-guatemala-rhode-island-1024x1024.webp 1024w, https:\/\/soymigrante.com\/revista\/wp-content\/uploads\/2024\/09\/convite-guatemala-rhode-island-300x300.webp 300w, https:\/\/soymigrante.com\/revista\/wp-content\/uploads\/2024\/09\/convite-guatemala-rhode-island-150x150.webp 150w, https:\/\/soymigrante.com\/revista\/wp-content\/uploads\/2024\/09\/convite-guatemala-rhode-island-768x768.webp 768w, https:\/\/soymigrante.com\/revista\/wp-content\/uploads\/2024\/09\/convite-guatemala-rhode-island-75x75.webp 75w, https:\/\/soymigrante.com\/revista\/wp-content\/uploads\/2024\/09\/convite-guatemala-rhode-island-750x750.webp 750w, https:\/\/soymigrante.com\/revista\/wp-content\/uploads\/2024\/09\/convite-guatemala-rhode-island-1140x1140.webp 1140w, https:\/\/soymigrante.com\/revista\/wp-content\/uploads\/2024\/09\/convite-guatemala-rhode-island.webp 1536w\" sizes=\"(max-width: 1024px) 100vw, 1024px\" \/>\n            <\/div>\n        <\/div><div class=\"eael-entry-wrapper\"><header class=\"eael-entry-header\"><h2 class=\"eael-entry-title\"><a class=\"eael-grid-post-link\" href=\"https:\/\/soymigrante.com\/revista\/emocion-nostalgia-y-creatividad-bailan-con-el-convite-guatemala-rhode-island\/\" title=\"Emoci\u00f3n, nostalgia y creatividad bailan con el Convite Guatemala Rhode Island\">Emoci\u00f3n, nostalgia y creatividad bailan con el Convite Guatemala Rhode Island<\/a><\/h2><\/header><div class=\"eael-entry-content\">\n                        <div class=\"eael-grid-post-excerpt\"><a href=\"https:\/\/soymigrante.com\/revista\/emocion-nostalgia-y-creatividad-bailan-con-el-convite-guatemala-rhode-island\/\" class=\"eael-post-elements-readmore-btn\">CONOCE SU HISTORIA <\/a><\/div>\n                    <\/div><\/div><\/div>\n        <\/div>\n    <\/article><article class=\"eael-grid-post  eael-post-grid-column eael-pg-post-35255 category-exitos-guatemala\" data-id=\"35255\">\n        <div class=\"eael-grid-post-holder\">\n            <div class=\"eael-grid-post-holder-inner\"><div class=\"eael-entry-media\"><div class=\"eael-entry-overlay fade-in\"><i class=\"far fa-hand-pointer\" aria-hidden=\"true\"><\/i><a href=\"https:\/\/soymigrante.com\/revista\/guatemalteco-rey-garcia-salas-capitan-del-ejercito-canadiense-los-migrantes-aportamos-mucho\/\"><\/a><\/div><div class=\"eael-entry-thumbnail eael-image-ratio\">\n                <img loading=\"lazy\" decoding=\"async\" width=\"750\" height=\"750\" src=\"https:\/\/soymigrante.com\/revista\/wp-content\/uploads\/2025\/06\/capitan-rey-garcia-salas-guatemalteco-en-el-ejercito-canadiense.png\" class=\"attachment-large size-large wp-image-35299\" alt=\"Celebraci\u00f3n cultural de migrantes en evento internacional, mostrando diversidad y tradiciones ancestrales. Participantes con trajes t\u00edpicos y madres migrantes honradas en acto de recordaci\u00f3n y orgullo.\" srcset=\"https:\/\/soymigrante.com\/revista\/wp-content\/uploads\/2025\/06\/capitan-rey-garcia-salas-guatemalteco-en-el-ejercito-canadiense.png 750w, https:\/\/soymigrante.com\/revista\/wp-content\/uploads\/2025\/06\/capitan-rey-garcia-salas-guatemalteco-en-el-ejercito-canadiense-300x300.png 300w, https:\/\/soymigrante.com\/revista\/wp-content\/uploads\/2025\/06\/capitan-rey-garcia-salas-guatemalteco-en-el-ejercito-canadiense-150x150.png 150w, https:\/\/soymigrante.com\/revista\/wp-content\/uploads\/2025\/06\/capitan-rey-garcia-salas-guatemalteco-en-el-ejercito-canadiense-75x75.png 75w\" sizes=\"(max-width: 750px) 100vw, 750px\" \/>\n            <\/div>\n        <\/div><div class=\"eael-entry-wrapper\"><header class=\"eael-entry-header\"><h2 class=\"eael-entry-title\"><a class=\"eael-grid-post-link\" href=\"https:\/\/soymigrante.com\/revista\/guatemalteco-rey-garcia-salas-capitan-del-ejercito-canadiense-los-migrantes-aportamos-mucho\/\" title=\"Guatemalteco Rey Garc\u00eda-Salas, capit\u00e1n del Ej\u00e9rcito canadiense: &#8220;Los migrantes aportamos mucho&#8221;.\">Guatemalteco Rey Garc\u00eda-Salas, capit\u00e1n del Ej\u00e9rcito canadiense: &#8220;Los migrantes aportamos mucho&#8221;.<\/a><\/h2><\/header><div class=\"eael-entry-content\">\n                        <div class=\"eael-grid-post-excerpt\"><a href=\"https:\/\/soymigrante.com\/revista\/guatemalteco-rey-garcia-salas-capitan-del-ejercito-canadiense-los-migrantes-aportamos-mucho\/\" class=\"eael-post-elements-readmore-btn\">CONOCE SU HISTORIA <\/a><\/div>\n                    <\/div><\/div><\/div>\n        <\/div>\n    <\/article><\/div>\n            <div class=\"clearfix\"><\/div>\n        <\/div>\t\t\t\t<\/div>\n\t\t\t\t\t<\/div>\n\t\t\t\t<\/div>\n\t\t\t\t<\/div>\n\t\t","protected":false},"excerpt":{"rendered":"<p>Promotor cultural David Aguilar Carranza est\u00e1 nominado entre los 10 hispanos m\u00e1s influyentes de Canad\u00e1 y t\u00fa puedes apoyarlo con tu voto. Ent\u00e9rate como y conoce m\u00e1s de su historia. El promotor cultural guatemalteco David Aguilar Carranza, radicado en Quebec, Canad\u00e1, desde hace casi cuatro d\u00e9cadas, se encuentra nominado a los prestigiosos premios \u201c10 Hispanos [&hellip;]<\/p>\n","protected":false},"author":7,"featured_media":44485,"comment_status":"open","ping_status":"open","sticky":false,"template":"","format":"standard","meta":{"_acf_changed":false,"_eb_attr":"","footnotes":""},"categories":[54],"tags":[],"class_list":["post-44484","post","type-post","status-publish","format-standard","has-post-thumbnail","hentry","category-estamos-unidos"],"acf":[],"aioseo_notices":[],"aioseo_head":"\n\t\t<!-- All in One SEO Pro 4.9.6.2 - aioseo.com -->\n\t<meta name=\"description\" content=\"Rey Garc\u00eda-Salas creci\u00f3 en San Miguel Petapa y se gradu\u00f3 de ingenier\u00eda. Migr\u00f3 a Canad\u00e1 en 1996. Fue obrero de construcci\u00f3n. Despu\u00e9s entr\u00f3 al Ej\u00e9rcito de ese pa\u00eds.\" \/>\n\t<meta name=\"robots\" content=\"max-snippet:-1, max-image-preview:large, max-video-preview:-1\" \/>\n\t<meta name=\"author\" content=\"Gustavo Montenegro\"\/>\n\t<link rel=\"canonical\" href=\"https:\/\/soymigrante.com\/revista\/guatemalteco-rey-garcia-salas-capitan-del-ejercito-canadiense-los-migrantes-aportamos-mucho\/\" \/>\n\t<meta name=\"generator\" content=\"All in One SEO Pro (AIOSEO) 4.9.6.2\" \/>\n\n\t\t<link rel=\"preconnect\" href=\"https:\/\/fonts.googleapis.com\" crossorigin>\n<link rel=\"preconnect\" href=\"https:\/\/fonts.gstatic.com\" crossorigin>\n\t\t<meta property=\"og:locale\" content=\"es_ES\" \/>\n\t\t<meta property=\"og:site_name\" content=\"SoyMigrante.com REVISTA \u2013 Nuestra misi\u00f3n es reconocer y dignificar al migrante.\" \/>\n\t\t<meta property=\"og:type\" content=\"article\" \/>\n\t\t<meta property=\"og:title\" content=\"Guatemalteco Rey Garc\u00eda-Salas es capit\u00e1n del ej\u00e9rcito canadiense\" \/>\n\t\t<meta property=\"og:description\" content=\"Rey Garc\u00eda-Salas creci\u00f3 en San Miguel Petapa y se gradu\u00f3 de ingenier\u00eda. Migr\u00f3 a Canad\u00e1 en 1996. Fue obrero de construcci\u00f3n. Despu\u00e9s entr\u00f3 al Ej\u00e9rcito de ese pa\u00eds.\" \/>\n\t\t<meta property=\"og:url\" content=\"https:\/\/soymigrante.com\/revista\/guatemalteco-rey-garcia-salas-capitan-del-ejercito-canadiense-los-migrantes-aportamos-mucho\/\" \/>\n\t\t<meta property=\"og:image\" content=\"https:\/\/soymigrante.com\/revista\/wp-content\/uploads\/2025\/06\/capitan-rey-garcia-salas-guatemalteco-en-el-ejercito-canadiense.png\" \/>\n\t\t<meta property=\"og:image:secure_url\" content=\"https:\/\/soymigrante.com\/revista\/wp-content\/uploads\/2025\/06\/capitan-rey-garcia-salas-guatemalteco-en-el-ejercito-canadiense.png\" \/>\n\t\t<meta property=\"og:image:width\" content=\"750\" \/>\n\t\t<meta property=\"og:image:height\" content=\"750\" \/>\n\t\t<meta property=\"article:published_time\" content=\"2025-06-02T23:11:58+00:00\" \/>\n\t\t<meta property=\"article:modified_time\" content=\"2025-10-03T20:46:32+00:00\" \/>\n\t\t<meta property=\"article:publisher\" content=\"https:\/\/www.facebook.com\/soymigrantecom\" \/>\n\t\t<meta name=\"twitter:card\" content=\"summary_large_image\" \/>\n\t\t<meta name=\"twitter:site\" content=\"@SoyMigrante_com\" \/>\n\t\t<meta name=\"twitter:title\" content=\"Guatemalteco Rey Garc\u00eda-Salas es capit\u00e1n del ej\u00e9rcito canadiense\" \/>\n\t\t<meta name=\"twitter:description\" content=\"Rey Garc\u00eda-Salas creci\u00f3 en San Miguel Petapa y se gradu\u00f3 de ingenier\u00eda. Migr\u00f3 a Canad\u00e1 en 1996. Fue obrero de construcci\u00f3n. Despu\u00e9s entr\u00f3 al Ej\u00e9rcito de ese pa\u00eds.\" \/>\n\t\t<meta name=\"twitter:creator\" content=\"@SoyMigrante_com\" \/>\n\t\t<meta name=\"twitter:image\" content=\"https:\/\/soymigrante.com\/revista\/wp-content\/uploads\/2025\/06\/capitan-rey-garcia-salas-guatemalteco-en-el-ejercito-canadiense.png\" \/>\n\t\t<!-- All in One SEO Pro -->\r\n\t\t<title>Guatemalteco Rey Garc\u00eda-Salas es capit\u00e1n del ej\u00e9rcito canadiense<\/title>\n\n","aioseo_head_json":{"title":"Guatemalteco Rey Garc\u00eda-Salas es capit\u00e1n del ej\u00e9rcito canadiense","description":"Rey Garc\u00eda-Salas creci\u00f3 en San Miguel Petapa y se gradu\u00f3 de ingenier\u00eda. Migr\u00f3 a Canad\u00e1 en 1996. Fue obrero de construcci\u00f3n. Despu\u00e9s entr\u00f3 al Ej\u00e9rcito de ese pa\u00eds.","canonical_url":"https:\/\/soymigrante.com\/revista\/guatemalteco-rey-garcia-salas-capitan-del-ejercito-canadiense-los-migrantes-aportamos-mucho\/","robots":"max-snippet:-1, max-image-preview:large, max-video-preview:-1","keywords":"","webmasterTools":{"miscellaneous":"&lt;link rel=\"preconnect\" href=\"https:\/\/fonts.googleapis.com\" crossorigin&gt;\n&lt;link rel=\"preconnect\" href=\"https:\/\/fonts.gstatic.com\" crossorigin&gt;"},"schema":null,"og:locale":"es_ES","og:site_name":"SoyMigrante.com REVISTA \u2013 Nuestra misi\u00f3n es reconocer y dignificar al migrante.","og:type":"article","og:title":"Guatemalteco Rey Garc\u00eda-Salas es capit\u00e1n del ej\u00e9rcito canadiense","og:description":"Rey Garc\u00eda-Salas creci\u00f3 en San Miguel Petapa y se gradu\u00f3 de ingenier\u00eda. Migr\u00f3 a Canad\u00e1 en 1996. Fue obrero de construcci\u00f3n. Despu\u00e9s entr\u00f3 al Ej\u00e9rcito de ese pa\u00eds.","og:url":"https:\/\/soymigrante.com\/revista\/guatemalteco-rey-garcia-salas-capitan-del-ejercito-canadiense-los-migrantes-aportamos-mucho\/","og:image":"https:\/\/soymigrante.com\/revista\/wp-content\/uploads\/2025\/06\/capitan-rey-garcia-salas-guatemalteco-en-el-ejercito-canadiense.png","og:image:secure_url":"https:\/\/soymigrante.com\/revista\/wp-content\/uploads\/2025\/06\/capitan-rey-garcia-salas-guatemalteco-en-el-ejercito-canadiense.png","og:image:width":750,"og:image:height":750,"article:published_time":"2025-06-02T23:11:58+00:00","article:modified_time":"2025-10-03T20:46:32+00:00","article:publisher":"https:\/\/www.facebook.com\/soymigrantecom","twitter:card":"summary_large_image","twitter:site":"@SoyMigrante_com","twitter:title":"Guatemalteco Rey Garc\u00eda-Salas es capit\u00e1n del ej\u00e9rcito canadiense","twitter:description":"Rey Garc\u00eda-Salas creci\u00f3 en San Miguel Petapa y se gradu\u00f3 de ingenier\u00eda. Migr\u00f3 a Canad\u00e1 en 1996. Fue obrero de construcci\u00f3n. Despu\u00e9s entr\u00f3 al Ej\u00e9rcito de ese pa\u00eds.","twitter:creator":"@SoyMigrante_com","twitter:image":"https:\/\/soymigrante.com\/revista\/wp-content\/uploads\/2025\/06\/capitan-rey-garcia-salas-guatemalteco-en-el-ejercito-canadiense.png"},"aioseo_meta_data":{"post_id":"44484","title":"Guatemalteco figura entre hispanos m\u00e1s influyentes en Canad\u00e1","description":"David Aguilar, promotor cultural y l\u00edder guatemalteco en Canad\u00e1, nominado en votaci\u00f3n entre 10 finalistas de los hispanos m\u00e1s influyentes en dicha naci\u00f3n.","keywords":null,"keyphrases":{"focus":{"keyphrase":"Guatemalteco","score":100,"analysis":{"keyphraseInTitle":{"score":9,"maxScore":9,"error":0},"keyphraseInDescription":{"score":9,"maxScore":9,"error":0},"keyphraseLength":{"score":9,"maxScore":9,"error":0,"length":1},"keyphraseInURL":{"score":5,"maxScore":5,"error":0},"keyphraseInIntroduction":{"score":9,"maxScore":9,"error":0},"keyphraseInSubHeadings":{"score":9,"maxScore":9,"error":0},"keyphraseInImageAlt":{"score":9,"maxScore":9,"error":0},"keywordDensity":{"type":"best","score":9,"maxScore":9,"error":0}}},"additional":[{"keyphrase":"Canad\u00e1","score":100,"analysis":{"keyphraseInDescription":{"score":9,"maxScore":9,"error":0},"keyphraseLength":{"score":9,"maxScore":9,"error":0,"length":1},"keyphraseInIntroduction":{"score":9,"maxScore":9,"error":0},"keyphraseInImageAlt":{"score":9,"maxScore":9,"error":0},"keywordDensity":{"type":"best","score":9,"maxScore":9,"error":0}}},{"keyphrase":"Hispanos","score":80,"analysis":{"keyphraseInDescription":{"score":9,"maxScore":9,"error":0},"keyphraseLength":{"score":9,"maxScore":9,"error":0,"length":1},"keyphraseInIntroduction":{"score":9,"maxScore":9,"error":0},"keyphraseInImageAlt":{"score":9,"maxScore":9,"error":0},"keywordDensity":{"score":0,"type":"low","maxScore":9,"error":1}}}]},"primary_term":null,"canonical_url":null,"og_title":null,"og_description":null,"og_object_type":"default","og_image_type":"default","og_image_url":null,"og_image_width":null,"og_image_height":null,"og_image_custom_url":null,"og_image_custom_fields":null,"og_video":"","og_custom_url":null,"og_article_section":null,"og_article_tags":null,"twitter_use_og":false,"twitter_card":"default","twitter_image_type":"default","twitter_image_url":null,"twitter_image_custom_url":null,"twitter_image_custom_fields":null,"twitter_title":null,"twitter_description":null,"schema":{"blockGraphs":[],"customGraphs":[],"default":{"data":{"Article":[],"Course":[],"Dataset":[],"FAQPage":[],"Movie":[],"Person":[],"Product":[],"ProductReview":[],"Car":[],"Recipe":[],"Service":[],"SoftwareApplication":[],"WebPage":[]},"graphName":"none","isEnabled":true},"graphs":[]},"schema_type":"default","schema_type_options":null,"pillar_content":false,"robots_default":true,"robots_noindex":false,"robots_noarchive":false,"robots_nosnippet":false,"robots_nofollow":false,"robots_noimageindex":false,"robots_noodp":false,"robots_notranslate":false,"robots_max_snippet":"-1","robots_max_videopreview":"-1","robots_max_imagepreview":"large","priority":null,"frequency":"default","local_seo":null,"seo_analyzer_scan_date":"2025-10-09 08:28:06","breadcrumb_settings":null,"limit_modified_date":false,"reviewed_by":"0","open_ai":null,"ai":{"faqs":[],"keyPoints":[],"titles":[],"descriptions":[],"socialPosts":{"email":[],"linkedin":[],"twitter":[],"facebook":[],"instagram":[]}},"created":"2025-09-11 22:21:00","updated":"2026-02-05 04:58:04"},"aioseo_breadcrumb":"<div class=\"aioseo-breadcrumbs\"><span class=\"aioseo-breadcrumb\">\n\t<a href=\"https:\/\/soymigrante.com\/revista\" title=\"Home\">Home<\/a>\n<\/span><span class=\"aioseo-breadcrumb-separator\">\u00bb<\/span><span class=\"aioseo-breadcrumb\">\n\t<a href=\"https:\/\/soymigrante.com\/revista\/category\/estamos-unidos\/\" title=\"Estamos Unidos\">Estamos Unidos<\/a>\n<\/span><span class=\"aioseo-breadcrumb-separator\">\u00bb<\/span><span class=\"aioseo-breadcrumb\">\n\tGuatemalteco David Aguilar nominado entre los 10 Hispanos m\u00e1s influyentes en Canad\u00e1.\n<\/span><\/div>","aioseo_breadcrumb_json":[{"label":"Home","link":"https:\/\/soymigrante.com\/revista"},{"label":"Estamos Unidos","link":"https:\/\/soymigrante.com\/revista\/category\/estamos-unidos\/"},{"label":"Guatemalteco David Aguilar nominado entre los 10 Hispanos m\u00e1s influyentes en Canad\u00e1.","link":"https:\/\/soymigrante.com\/revista\/guatemalteco-david-aguilar-nominado-entre-los-10-hispanos-mas-influyentes-en-canada\/"}],"_links":{"self":[{"href":"https:\/\/soymigrante.com\/revista\/wp-json\/wp\/v2\/posts\/44484","targetHints":{"allow":["GET"]}}],"collection":[{"href":"https:\/\/soymigrante.com\/revista\/wp-json\/wp\/v2\/posts"}],"about":[{"href":"https:\/\/soymigrante.com\/revista\/wp-json\/wp\/v2\/types\/post"}],"author":[{"embeddable":true,"href":"https:\/\/soymigrante.com\/revista\/wp-json\/wp\/v2\/users\/7"}],"replies":[{"embeddable":true,"href":"https:\/\/soymigrante.com\/revista\/wp-json\/wp\/v2\/comments?post=44484"}],"version-history":[{"count":9,"href":"https:\/\/soymigrante.com\/revista\/wp-json\/wp\/v2\/posts\/44484\/revisions"}],"predecessor-version":[{"id":45996,"href":"https:\/\/soymigrante.com\/revista\/wp-json\/wp\/v2\/posts\/44484\/revisions\/45996"}],"wp:featuredmedia":[{"embeddable":true,"href":"https:\/\/soymigrante.com\/revista\/wp-json\/wp\/v2\/media\/44485"}],"wp:attachment":[{"href":"https:\/\/soymigrante.com\/revista\/wp-json\/wp\/v2\/media?parent=44484"}],"wp:term":[{"taxonomy":"category","embeddable":true,"href":"https:\/\/soymigrante.com\/revista\/wp-json\/wp\/v2\/categories?post=44484"},{"taxonomy":"post_tag","embeddable":true,"href":"https:\/\/soymigrante.com\/revista\/wp-json\/wp\/v2\/tags?post=44484"}],"curies":[{"name":"wp","href":"https:\/\/api.w.org\/{rel}","templated":true}]}}