{"id":44439,"date":"2025-09-12T08:09:00","date_gmt":"2025-09-12T14:09:00","guid":{"rendered":"https:\/\/soymigrante.com\/revista\/?p=44439"},"modified":"2025-09-11T21:14:33","modified_gmt":"2025-09-12T03:14:33","slug":"san-juan-comalapa-la-cuna-del-arte-popular-en-guatemala","status":"publish","type":"post","link":"https:\/\/soymigrante.com\/revista\/san-juan-comalapa-la-cuna-del-arte-popular-en-guatemala\/","title":{"rendered":"San Juan Comalapa, la cuna del arte popular en Guatemala"},"content":{"rendered":"\t\t<div data-elementor-type=\"wp-post\" data-elementor-id=\"44439\" class=\"elementor elementor-44439\" data-elementor-post-type=\"post\">\n\t\t\t\t<div data-particle_enable=\"false\" data-particle-mobile-disabled=\"false\" class=\"elementor-element elementor-element-8da9394 e-flex e-con-boxed e-con e-parent\" data-id=\"8da9394\" data-element_type=\"container\" data-e-type=\"container\">\n\t\t\t\t\t<div class=\"e-con-inner\">\n\t\t\t\t<div class=\"elementor-element elementor-element-6b85652 elementor-widget elementor-widget-heading\" data-id=\"6b85652\" data-element_type=\"widget\" data-e-type=\"widget\" data-widget_type=\"heading.default\">\n\t\t\t\t\t<h2 class=\"elementor-heading-title elementor-size-default\">San Juan Comalapa es un municipio de Guatemala que cuenta la historia de varios artistas, quienes desde la cuna del lugar llevar el arte en la sangre. <\/h2>\t\t\t\t<\/div>\n\t\t\t\t\t<\/div>\n\t\t\t\t<\/div>\n\t\t<div data-particle_enable=\"false\" data-particle-mobile-disabled=\"false\" class=\"elementor-element elementor-element-0674663 e-flex e-con-boxed e-con e-parent\" data-id=\"0674663\" data-element_type=\"container\" data-e-type=\"container\">\n\t\t\t\t\t<div class=\"e-con-inner\">\n\t\t\t\t<div class=\"elementor-element elementor-element-f74c874 elementor-widget elementor-widget-text-editor\" data-id=\"f74c874\" data-element_type=\"widget\" data-e-type=\"widget\" data-widget_type=\"text-editor.default\">\n\t\t\t\t\t\t\t\t\t<p>Conocido como \u201cla Florencia de Am\u00e9rica\u201d o \u201cla cuna del arte en Guatemala\u201d, <a href=\"https:\/\/soymigrante.com\/revista\/mira-arte-guatemalteco-andres-curruchich-gran-iniciador-de-la-pintura-popular\/\" target=\"_blank\" rel=\"noopener\">este municipio se ha ganado un lugar en la memoria cultural del pa\u00eds gracias a su inagotable producci\u00f3n art\u00edstica.<\/a> En sus calles, murales y talleres se respira creatividad: desde la pintura y la escultura hasta la m\u00fasica y las tradiciones mayas kaqchiqueles que alimentan su identidad.<\/p>\t\t\t\t\t\t\t\t<\/div>\n\t\t\t\t\t<\/div>\n\t\t\t\t<\/div>\n\t\t<div data-particle_enable=\"false\" data-particle-mobile-disabled=\"false\" class=\"elementor-element elementor-element-5451f96 e-flex e-con-boxed e-con e-parent\" data-id=\"5451f96\" data-element_type=\"container\" data-e-type=\"container\">\n\t\t\t\t\t<div class=\"e-con-inner\">\n\t\t\t\t<div class=\"elementor-element elementor-element-dcfe3fe elementor-widget elementor-widget-heading\" data-id=\"dcfe3fe\" data-element_type=\"widget\" data-e-type=\"widget\" data-widget_type=\"heading.default\">\n\t\t\t\t\t<h3 class=\"elementor-heading-title elementor-size-default\">Historia y ra\u00edces culturales<\/h3>\t\t\t\t<\/div>\n\t\t\t\t\t<\/div>\n\t\t\t\t<\/div>\n\t\t<div data-particle_enable=\"false\" data-particle-mobile-disabled=\"false\" class=\"elementor-element elementor-element-1fd06ac e-flex e-con-boxed e-con e-parent\" data-id=\"1fd06ac\" data-element_type=\"container\" data-e-type=\"container\">\n\t\t\t\t\t<div class=\"e-con-inner\">\n\t\t\t\t<div class=\"elementor-element elementor-element-19fb5f4 elementor-widget elementor-widget-text-editor\" data-id=\"19fb5f4\" data-element_type=\"widget\" data-e-type=\"widget\" data-widget_type=\"text-editor.default\">\n\t\t\t\t\t\t\t\t\t<p>San Juan Comalapa fue fundado en 1540 y est\u00e1 ubicado a unos 80 kil\u00f3metros de la Ciudad de Guatemala. El municipio pertenece al departamento de Chimaltenango y su poblaci\u00f3n es mayoritariamente kaqchiquel. Durante siglos, la comunidad ha conservado su idioma, sus trajes t\u00edpicos y sus ceremonias ancestrales.<\/p><p>El arte floreci\u00f3 de manera particular en este lugar a mediados del siglo XX, cuando surgieron los primeros pintores ind\u00edgenas reconocidos a nivel nacional e internacional. La tradici\u00f3n oral, los paisajes del altiplano y la vida comunitaria se convirtieron en temas recurrentes en sus lienzos, formando una escuela pict\u00f3rica propia.<\/p>\t\t\t\t\t\t\t\t<\/div>\n\t\t\t\t\t<\/div>\n\t\t\t\t<\/div>\n\t\t<div data-particle_enable=\"false\" data-particle-mobile-disabled=\"false\" class=\"elementor-element elementor-element-e17f4a8 e-flex e-con-boxed e-con e-parent\" data-id=\"e17f4a8\" data-element_type=\"container\" data-e-type=\"container\">\n\t\t\t\t\t<div class=\"e-con-inner\">\n\t\t\t\t<div class=\"elementor-element elementor-element-8f5e8d9 elementor-widget elementor-widget-image\" data-id=\"8f5e8d9\" data-element_type=\"widget\" data-e-type=\"widget\" data-widget_type=\"image.default\">\n\t\t\t\t\t\t\t\t\t\t\t\t<figure class=\"wp-caption\">\n\t\t\t\t\t\t\t\t\t\t<img fetchpriority=\"high\" decoding=\"async\" width=\"1024\" height=\"683\" src=\"https:\/\/soymigrante.com\/revista\/wp-content\/uploads\/2025\/09\/San-Juan-Comalapa-6-1024x683.jpg\" class=\"attachment-large size-large wp-image-44446\" alt=\"San Juan Comalapa es un lugar lleno de arte en cada calle.\" srcset=\"https:\/\/soymigrante.com\/revista\/wp-content\/uploads\/2025\/09\/San-Juan-Comalapa-6-1024x683.jpg 1024w, https:\/\/soymigrante.com\/revista\/wp-content\/uploads\/2025\/09\/San-Juan-Comalapa-6-300x200.jpg 300w, https:\/\/soymigrante.com\/revista\/wp-content\/uploads\/2025\/09\/San-Juan-Comalapa-6-768x512.jpg 768w, https:\/\/soymigrante.com\/revista\/wp-content\/uploads\/2025\/09\/San-Juan-Comalapa-6-1536x1024.jpg 1536w, https:\/\/soymigrante.com\/revista\/wp-content\/uploads\/2025\/09\/San-Juan-Comalapa-6-750x500.jpg 750w, https:\/\/soymigrante.com\/revista\/wp-content\/uploads\/2025\/09\/San-Juan-Comalapa-6-1140x760.jpg 1140w, https:\/\/soymigrante.com\/revista\/wp-content\/uploads\/2025\/09\/San-Juan-Comalapa-6.jpg 1920w\" sizes=\"(max-width: 1024px) 100vw, 1024px\" title=\"San Juan Comalapa es un lugar lleno de arte en cada calle. \u2013 SoyMigrante.com REVISTA\" \/>\t\t\t\t\t\t\t\t\t\t\t<figcaption class=\"widget-image-caption wp-caption-text\">San Juan Comalapa es un lugar lleno de arte en cada calle.<\/figcaption>\n\t\t\t\t\t\t\t\t\t\t<\/figure>\n\t\t\t\t\t\t\t\t\t<\/div>\n\t\t\t\t\t<\/div>\n\t\t\t\t<\/div>\n\t\t<div data-particle_enable=\"false\" data-particle-mobile-disabled=\"false\" class=\"elementor-element elementor-element-a1a9237 e-flex e-con-boxed e-con e-parent\" data-id=\"a1a9237\" data-element_type=\"container\" data-e-type=\"container\">\n\t\t\t\t\t<div class=\"e-con-inner\">\n\t\t\t\t<div class=\"elementor-element elementor-element-386ba8c elementor-widget elementor-widget-heading\" data-id=\"386ba8c\" data-element_type=\"widget\" data-e-type=\"widget\" data-widget_type=\"heading.default\">\n\t\t\t\t\t<h3 class=\"elementor-heading-title elementor-size-default\">Los artistas de San Juan Comalapa<\/h3>\t\t\t\t<\/div>\n\t\t\t\t\t<\/div>\n\t\t\t\t<\/div>\n\t\t<div data-particle_enable=\"false\" data-particle-mobile-disabled=\"false\" class=\"elementor-element elementor-element-e9146ad e-flex e-con-boxed e-con e-parent\" data-id=\"e9146ad\" data-element_type=\"container\" data-e-type=\"container\">\n\t\t\t\t\t<div class=\"e-con-inner\">\n\t\t\t\t<div class=\"elementor-element elementor-element-fd321f2 elementor-widget elementor-widget-text-editor\" data-id=\"fd321f2\" data-element_type=\"widget\" data-e-type=\"widget\" data-widget_type=\"text-editor.default\">\n\t\t\t\t\t\t\t\t\t<div><a href=\"https:\/\/soymigrante.com\/revista\/mira-arte-guatemalteco-andres-curruchich-gran-iniciador-de-la-pintura-popular\/\" target=\"_blank\" rel=\"noopener\">El referente m\u00e1s conocido es <strong>Andr\u00e9s Curruchich (1891-1969)<\/strong>,<\/a> considerado el primer pintor ind\u00edgena de Guatemala en alcanzar notoriedad. Su estilo na\u00edf, lleno de color y escenas cotidianas, abri\u00f3 camino a generaciones de artistas en la localidad.<\/div><div>\u00a0<\/div><div>Tras \u00e9l, otros pintores continuaron la tradici\u00f3n, entre ellos:<\/div><div><strong>\u2022Oscar Peren<\/strong> (1932-2022), Premio Nacional de Cultura, quien plasm\u00f3 en sus cuadros la vida comunitaria, mercados, costumbres y ceremonias religiosas.<\/div><div><strong>\u2022Rosa Elena Curruchich<\/strong>, nieta de Andr\u00e9s, una de las primeras mujeres en dedicarse profesionalmente a la pintura en Comalapa.<\/div><div><strong>\u2022Paula Nicho C\u00famez,<\/strong> reconocida por introducir elementos surrealistas y simb\u00f3licos de la cosmovisi\u00f3n maya en sus obras.<\/div><div><strong>\u2022Domingo Cumez<\/strong>, que mezcla lo tradicional con t\u00e9cnicas contempor\u00e1neas.<\/div><div>\u00a0<\/div><div>Adem\u00e1s, muchos j\u00f3venes siguen la senda de estos maestros, por lo que casi en cada cuadra del municipio se encuentra un taller, una galer\u00eda o un mural que da testimonio de esta herencia art\u00edstica.<\/div>\t\t\t\t\t\t\t\t<\/div>\n\t\t\t\t\t<\/div>\n\t\t\t\t<\/div>\n\t\t<div data-particle_enable=\"false\" data-particle-mobile-disabled=\"false\" class=\"elementor-element elementor-element-71d3689 e-flex e-con-boxed e-con e-parent\" data-id=\"71d3689\" data-element_type=\"container\" data-e-type=\"container\">\n\t\t\t\t\t<div class=\"e-con-inner\">\n\t\t\t\t<div class=\"elementor-element elementor-element-3448f4e elementor-widget elementor-widget-heading\" data-id=\"3448f4e\" data-element_type=\"widget\" data-e-type=\"widget\" data-widget_type=\"heading.default\">\n\t\t\t\t\t<h3 class=\"elementor-heading-title elementor-size-default\">Murales que narran historia<\/h3>\t\t\t\t<\/div>\n\t\t\t\t\t<\/div>\n\t\t\t\t<\/div>\n\t\t<div data-particle_enable=\"false\" data-particle-mobile-disabled=\"false\" class=\"elementor-element elementor-element-7aaf0e1 e-flex e-con-boxed e-con e-parent\" data-id=\"7aaf0e1\" data-element_type=\"container\" data-e-type=\"container\">\n\t\t\t\t\t<div class=\"e-con-inner\">\n\t\t\t\t<div class=\"elementor-element elementor-element-9b36c67 elementor-widget elementor-widget-text-editor\" data-id=\"9b36c67\" data-element_type=\"widget\" data-e-type=\"widget\" data-widget_type=\"text-editor.default\">\n\t\t\t\t\t\t\t\t\t<p>En 1990, un grupo de artistas de Comalapa comenz\u00f3 a pintar murales colectivos en las calles principales. Estos murales no solo embellecieron el municipio, sino que se convirtieron en una cr\u00f3nica visual de la historia de Guatemala: la \u00e9poca precolombina, la colonizaci\u00f3n, la guerra interna, la firma de la paz y la lucha de los pueblos ind\u00edgenas.<\/p><p>Uno de los m\u00e1s famosos es el mural de 200 metros que recorre parte del cementerio municipal, donde se cuenta la historia del pa\u00eds y la resistencia ind\u00edgena.<\/p>\t\t\t\t\t\t\t\t<\/div>\n\t\t\t\t\t<\/div>\n\t\t\t\t<\/div>\n\t\t<div data-particle_enable=\"false\" data-particle-mobile-disabled=\"false\" class=\"elementor-element elementor-element-c70947a e-flex e-con-boxed e-con e-parent\" data-id=\"c70947a\" data-element_type=\"container\" data-e-type=\"container\">\n\t\t\t\t\t<div class=\"e-con-inner\">\n\t\t\t\t<div class=\"elementor-element elementor-element-d26303a elementor-widget elementor-widget-image\" data-id=\"d26303a\" data-element_type=\"widget\" data-e-type=\"widget\" data-widget_type=\"image.default\">\n\t\t\t\t\t\t\t\t\t\t\t\t<figure class=\"wp-caption\">\n\t\t\t\t\t\t\t\t\t\t<img decoding=\"async\" width=\"885\" height=\"500\" src=\"https:\/\/soymigrante.com\/revista\/wp-content\/uploads\/2025\/09\/San-juan-comalapa-7.jpg\" class=\"attachment-large size-large wp-image-44447\" alt=\"San Juan Comalapa tiene arte en cada calle que evidencia la creatividad de cada persona.\" srcset=\"https:\/\/soymigrante.com\/revista\/wp-content\/uploads\/2025\/09\/San-juan-comalapa-7.jpg 885w, https:\/\/soymigrante.com\/revista\/wp-content\/uploads\/2025\/09\/San-juan-comalapa-7-300x169.jpg 300w, https:\/\/soymigrante.com\/revista\/wp-content\/uploads\/2025\/09\/San-juan-comalapa-7-768x434.jpg 768w, https:\/\/soymigrante.com\/revista\/wp-content\/uploads\/2025\/09\/San-juan-comalapa-7-750x424.jpg 750w\" sizes=\"(max-width: 885px) 100vw, 885px\" title=\"San Juan Comalapa tiene arte en cada calle que evidencia la creatividad de cada persona. \u2013 SoyMigrante.com REVISTA\" \/>\t\t\t\t\t\t\t\t\t\t\t<figcaption class=\"widget-image-caption wp-caption-text\">San Juan Comalapa tiene arte en cada calle que evidencia la creatividad de cada persona. <\/figcaption>\n\t\t\t\t\t\t\t\t\t\t<\/figure>\n\t\t\t\t\t\t\t\t\t<\/div>\n\t\t\t\t\t<\/div>\n\t\t\t\t<\/div>\n\t\t<div data-particle_enable=\"false\" data-particle-mobile-disabled=\"false\" class=\"elementor-element elementor-element-f2cd4b7 e-flex e-con-boxed e-con e-parent\" data-id=\"f2cd4b7\" data-element_type=\"container\" data-e-type=\"container\">\n\t\t\t\t\t<div class=\"e-con-inner\">\n\t\t\t\t<div class=\"elementor-element elementor-element-36b02a5 elementor-widget elementor-widget-heading\" data-id=\"36b02a5\" data-element_type=\"widget\" data-e-type=\"widget\" data-widget_type=\"heading.default\">\n\t\t\t\t\t<h3 class=\"elementor-heading-title elementor-size-default\">\u00bfPor qu\u00e9 el arte se promueve tanto en Comalapa?<\/h3>\t\t\t\t<\/div>\n\t\t\t\t\t<\/div>\n\t\t\t\t<\/div>\n\t\t<div data-particle_enable=\"false\" data-particle-mobile-disabled=\"false\" class=\"elementor-element elementor-element-49c07bf e-flex e-con-boxed e-con e-parent\" data-id=\"49c07bf\" data-element_type=\"container\" data-e-type=\"container\">\n\t\t\t\t\t<div class=\"e-con-inner\">\n\t\t\t\t<div class=\"elementor-element elementor-element-6941eba elementor-widget elementor-widget-text-editor\" data-id=\"6941eba\" data-element_type=\"widget\" data-e-type=\"widget\" data-widget_type=\"text-editor.default\">\n\t\t\t\t\t\t\t\t\t<p>En este municipio, el arte es m\u00e1s que una profesi\u00f3n: es parte de la identidad. La transmisi\u00f3n es intergeneracional; padres y madres ense\u00f1an a sus hijos a dibujar y pintar desde peque\u00f1os. Adem\u00e1s, instituciones locales y colectivos de artistas han impulsado talleres, ferias y galer\u00edas comunitarias para mantener viva la tradici\u00f3n.<\/p><p><a href=\"https:\/\/soymigrante.com\/revista\/mira-arte-guatemalteco-andres-curruchich-gran-iniciador-de-la-pintura-popular\/\" target=\"_blank\" rel=\"noopener\">El arte tambi\u00e9n se ha convertido en una forma de resistencia cultural y econ\u00f3mica.<\/a> En medio de la pobreza y la migraci\u00f3n, la pintura ha sido un medio para preservar la memoria, reforzar la identidad y generar ingresos. Muchos artistas de Comalapa venden sus obras dentro y fuera del pa\u00eds, y algunos han llegado a exponer en Europa y Estados Unidos.<\/p>\t\t\t\t\t\t\t\t<\/div>\n\t\t\t\t\t<\/div>\n\t\t\t\t<\/div>\n\t\t<div data-particle_enable=\"false\" data-particle-mobile-disabled=\"false\" class=\"elementor-element elementor-element-36e6eaa e-flex e-con-boxed e-con e-parent\" data-id=\"36e6eaa\" data-element_type=\"container\" data-e-type=\"container\">\n\t\t\t\t\t<div class=\"e-con-inner\">\n\t\t\t\t<div class=\"elementor-element elementor-element-e75ef6c elementor-widget elementor-widget-image\" data-id=\"e75ef6c\" data-element_type=\"widget\" data-e-type=\"widget\" data-widget_type=\"image.default\">\n\t\t\t\t\t\t\t\t\t\t\t\t<figure class=\"wp-caption\">\n\t\t\t\t\t\t\t\t\t\t<img decoding=\"async\" width=\"1024\" height=\"478\" src=\"https:\/\/soymigrante.com\/revista\/wp-content\/uploads\/2025\/09\/san-juan-comalapa-3-1024x478.jpg\" class=\"attachment-large size-large wp-image-44448\" alt=\"San Juan Comalapa es un lugar lleno de tradiciones, pero sobre todo de creatividad.\" srcset=\"https:\/\/soymigrante.com\/revista\/wp-content\/uploads\/2025\/09\/san-juan-comalapa-3-1024x478.jpg 1024w, https:\/\/soymigrante.com\/revista\/wp-content\/uploads\/2025\/09\/san-juan-comalapa-3-300x140.jpg 300w, https:\/\/soymigrante.com\/revista\/wp-content\/uploads\/2025\/09\/san-juan-comalapa-3-768x359.jpg 768w, https:\/\/soymigrante.com\/revista\/wp-content\/uploads\/2025\/09\/san-juan-comalapa-3-1536x718.jpg 1536w, https:\/\/soymigrante.com\/revista\/wp-content\/uploads\/2025\/09\/san-juan-comalapa-3-750x350.jpg 750w, https:\/\/soymigrante.com\/revista\/wp-content\/uploads\/2025\/09\/san-juan-comalapa-3-1140x533.jpg 1140w, https:\/\/soymigrante.com\/revista\/wp-content\/uploads\/2025\/09\/san-juan-comalapa-3.jpg 1599w\" sizes=\"(max-width: 1024px) 100vw, 1024px\" title=\"San Juan Comalapa es un lugar lleno de tradiciones, pero sobre todo de creatividad. \u2013 SoyMigrante.com REVISTA\" \/>\t\t\t\t\t\t\t\t\t\t\t<figcaption class=\"widget-image-caption wp-caption-text\">San Juan Comalapa es un lugar lleno de tradiciones, pero sobre todo de creatividad. <\/figcaption>\n\t\t\t\t\t\t\t\t\t\t<\/figure>\n\t\t\t\t\t\t\t\t\t<\/div>\n\t\t\t\t\t<\/div>\n\t\t\t\t<\/div>\n\t\t<div data-particle_enable=\"false\" data-particle-mobile-disabled=\"false\" class=\"elementor-element elementor-element-676f707 e-flex e-con-boxed e-con e-parent\" data-id=\"676f707\" data-element_type=\"container\" data-e-type=\"container\">\n\t\t\t\t\t<div class=\"e-con-inner\">\n\t\t\t\t<div class=\"elementor-element elementor-element-91f96d7 elementor-widget elementor-widget-heading\" data-id=\"91f96d7\" data-element_type=\"widget\" data-e-type=\"widget\" data-widget_type=\"heading.default\">\n\t\t\t\t\t<h3 class=\"elementor-heading-title elementor-size-default\">Un legado vivo<\/h3>\t\t\t\t<\/div>\n\t\t\t\t\t<\/div>\n\t\t\t\t<\/div>\n\t\t<div data-particle_enable=\"false\" data-particle-mobile-disabled=\"false\" class=\"elementor-element elementor-element-7c14cd6 e-flex e-con-boxed e-con e-parent\" data-id=\"7c14cd6\" data-element_type=\"container\" data-e-type=\"container\">\n\t\t\t\t\t<div class=\"e-con-inner\">\n\t\t\t\t<div class=\"elementor-element elementor-element-1deb310 elementor-widget elementor-widget-text-editor\" data-id=\"1deb310\" data-element_type=\"widget\" data-e-type=\"widget\" data-widget_type=\"text-editor.default\">\n\t\t\t\t\t\t\t\t\t<p>Hoy, San Juan Comalapa no solo es conocido por sus pintores, sino tambi\u00e9n por su m\u00fasica y su arte textil. Las bandas municipales, los grupos de marimba y los tejedores forman parte del ecosistema cultural que enriquece a la localidad.<\/p><p>Caminar por sus calles es encontrarse con murales que hablan, galer\u00edas improvisadas en casas particulares y un pueblo que respira creatividad en cada rinc\u00f3n.<\/p><p><a href=\"https:\/\/soymigrante.com\/revista\/mira-arte-guatemalteco-andres-curruchich-gran-iniciador-de-la-pintura-popular\/\" target=\"_blank\" rel=\"noopener\">San Juan Comalapa<\/a> es, sin duda, un s\u00edmbolo de que el arte en Guatemala no solo nace en academias o ciudades, sino tambi\u00e9n en comunidades que, a trav\u00e9s del color y la memoria, mantienen viva la esencia de su cultura.<\/p>\t\t\t\t\t\t\t\t<\/div>\n\t\t\t\t\t<\/div>\n\t\t\t\t<\/div>\n\t\t<div data-particle_enable=\"false\" data-particle-mobile-disabled=\"false\" class=\"elementor-element elementor-element-1c95068 e-flex e-con-boxed e-con e-parent\" data-id=\"1c95068\" data-element_type=\"container\" data-e-type=\"container\">\n\t\t\t\t\t<div class=\"e-con-inner\">\n\t\t\t\t<div class=\"elementor-element elementor-element-4151ab8 elementor-widget elementor-widget-heading\" data-id=\"4151ab8\" data-element_type=\"widget\" data-e-type=\"widget\" data-widget_type=\"heading.default\">\n\t\t\t\t\t<h2 class=\"elementor-heading-title elementor-size-default\">Conoce m\u00e1s de los artistas de Guatemala, ac\u00e1...<\/h2>\t\t\t\t<\/div>\n\t\t\t\t\t<\/div>\n\t\t\t\t<\/div>\n\t\t<div data-particle_enable=\"false\" data-particle-mobile-disabled=\"false\" class=\"elementor-element elementor-element-ebd54ac e-flex e-con-boxed e-con e-parent\" data-id=\"ebd54ac\" data-element_type=\"container\" data-e-type=\"container\">\n\t\t\t\t\t<div class=\"e-con-inner\">\n\t\t\t\t<div class=\"elementor-element elementor-element-3625ebb elementor-grid-eael-col-3 elementor-grid-tablet-eael-col-2 elementor-grid-mobile-eael-col-1 elementor-widget elementor-widget-eael-post-grid\" data-id=\"3625ebb\" data-element_type=\"widget\" data-e-type=\"widget\" data-settings=\"{&quot;eael_post_grid_columns&quot;:&quot;eael-col-3&quot;,&quot;eael_post_grid_columns_tablet&quot;:&quot;eael-col-2&quot;,&quot;eael_post_grid_columns_mobile&quot;:&quot;eael-col-1&quot;}\" data-widget_type=\"eael-post-grid.default\">\n\t\t\t\t\t<div id=\"eael-post-grid-3625ebb\" class=\"eael-post-grid-container\">\n            <div class=\"eael-post-grid eael-post-appender eael-post-appender-3625ebb eael-post-grid-style-one\" data-layout-mode=\"masonry\"><article class=\"eael-grid-post  eael-post-grid-column eael-pg-post-44269 category-arte-cultura-guate-nuestra\" data-id=\"44269\">\n        <div class=\"eael-grid-post-holder\">\n            <div class=\"eael-grid-post-holder-inner\"><div class=\"eael-entry-media\"><div class=\"eael-entry-overlay fade-in\"><i class=\"far fa-hand-pointer\" aria-hidden=\"true\"><\/i><a href=\"https:\/\/soymigrante.com\/revista\/mira-arte-guatemalteco-humberto-garavito-retrato-culturas-pueblos-y-paisajes\/\"><\/a><\/div><div class=\"eael-entry-thumbnail \">\n                <img loading=\"lazy\" decoding=\"async\" width=\"684\" height=\"684\" src=\"https:\/\/soymigrante.com\/revista\/wp-content\/uploads\/2025\/09\/Humberto-Garavito-inmortalizo-la-esencia-de-Guatemala-7-e1757531595978.jpeg\" class=\"attachment-large size-large wp-image-44270\" alt=\"Humberto Garavito inmortalizo la esencia de Guatemala\" srcset=\"https:\/\/soymigrante.com\/revista\/wp-content\/uploads\/2025\/09\/Humberto-Garavito-inmortalizo-la-esencia-de-Guatemala-7-e1757531595978.jpeg 684w, https:\/\/soymigrante.com\/revista\/wp-content\/uploads\/2025\/09\/Humberto-Garavito-inmortalizo-la-esencia-de-Guatemala-7-e1757531595978-300x300.jpeg 300w, https:\/\/soymigrante.com\/revista\/wp-content\/uploads\/2025\/09\/Humberto-Garavito-inmortalizo-la-esencia-de-Guatemala-7-e1757531595978-150x150.jpeg 150w, https:\/\/soymigrante.com\/revista\/wp-content\/uploads\/2025\/09\/Humberto-Garavito-inmortalizo-la-esencia-de-Guatemala-7-e1757531595978-75x75.jpeg 75w\" sizes=\"(max-width: 684px) 100vw, 684px\" \/>\n            <\/div>\n        <\/div><div class=\"eael-entry-wrapper\"><header class=\"eael-entry-header\"><h2 class=\"eael-entry-title\"><a class=\"eael-grid-post-link\" href=\"https:\/\/soymigrante.com\/revista\/mira-arte-guatemalteco-humberto-garavito-retrato-culturas-pueblos-y-paisajes\/\" title=\"Mira arte guatemalteco: Humberto Garavito retrat\u00f3 culturas, pueblos y paisajes\">Mira arte guatemalteco: Humberto Garavito retrat\u00f3 culturas, pueblos y paisajes<\/a><\/h2><\/header><div class=\"eael-entry-content\">\n                        <div class=\"eael-grid-post-excerpt\"><a href=\"https:\/\/soymigrante.com\/revista\/mira-arte-guatemalteco-humberto-garavito-retrato-culturas-pueblos-y-paisajes\/\" class=\"eael-post-elements-readmore-btn\">CONOCE SU HISTORIA <\/a><\/div>\n                    <\/div><\/div><\/div>\n        <\/div>\n    <\/article><article class=\"eael-grid-post  eael-post-grid-column eael-pg-post-43400 category-arte-cultura\" data-id=\"43400\">\n        <div class=\"eael-grid-post-holder\">\n            <div class=\"eael-grid-post-holder-inner\"><div class=\"eael-entry-media\"><div class=\"eael-entry-overlay fade-in\"><i class=\"far fa-hand-pointer\" aria-hidden=\"true\"><\/i><a href=\"https:\/\/soymigrante.com\/revista\/efrain-recinos-un-genio-del-arte-guatemalteco-que-vivira-siempre\/\"><\/a><\/div><div class=\"eael-entry-thumbnail \">\n                <img loading=\"lazy\" decoding=\"async\" width=\"421\" height=\"416\" src=\"https:\/\/soymigrante.com\/revista\/wp-content\/uploads\/2025\/09\/Guatemalita-de-Efrain-Recinos.png\" class=\"attachment-large size-large wp-image-43608\" alt=\"Guatemalita de Efra\u00edn Recinos\" srcset=\"https:\/\/soymigrante.com\/revista\/wp-content\/uploads\/2025\/09\/Guatemalita-de-Efrain-Recinos.png 421w, https:\/\/soymigrante.com\/revista\/wp-content\/uploads\/2025\/09\/Guatemalita-de-Efrain-Recinos-300x296.png 300w, https:\/\/soymigrante.com\/revista\/wp-content\/uploads\/2025\/09\/Guatemalita-de-Efrain-Recinos-75x75.png 75w\" sizes=\"(max-width: 421px) 100vw, 421px\" \/>\n            <\/div>\n        <\/div><div class=\"eael-entry-wrapper\"><header class=\"eael-entry-header\"><h2 class=\"eael-entry-title\"><a class=\"eael-grid-post-link\" href=\"https:\/\/soymigrante.com\/revista\/efrain-recinos-un-genio-del-arte-guatemalteco-que-vivira-siempre\/\" title=\"Mira arte guatemalteco: Efra\u00edn Recinos, un genio que sigue a la vista de todos\">Mira arte guatemalteco: Efra\u00edn Recinos, un genio que sigue a la vista de todos<\/a><\/h2><\/header><div class=\"eael-entry-content\">\n                        <div class=\"eael-grid-post-excerpt\"><a href=\"https:\/\/soymigrante.com\/revista\/efrain-recinos-un-genio-del-arte-guatemalteco-que-vivira-siempre\/\" class=\"eael-post-elements-readmore-btn\">CONOCE SU HISTORIA <\/a><\/div>\n                    <\/div><\/div><\/div>\n        <\/div>\n    <\/article><article class=\"eael-grid-post  eael-post-grid-column eael-pg-post-43122 category-arte-cultura\" data-id=\"43122\">\n        <div class=\"eael-grid-post-holder\">\n            <div class=\"eael-grid-post-holder-inner\"><div class=\"eael-entry-media\"><div class=\"eael-entry-overlay fade-in\"><i class=\"far fa-hand-pointer\" aria-hidden=\"true\"><\/i><a href=\"https:\/\/soymigrante.com\/revista\/mira-arte-guatemalteco-andres-curruchich-gran-iniciador-de-la-pintura-popular\/\"><\/a><\/div><div class=\"eael-entry-thumbnail \">\n                <img loading=\"lazy\" decoding=\"async\" width=\"853\" height=\"853\" src=\"https:\/\/soymigrante.com\/revista\/wp-content\/uploads\/2025\/08\/andres-curruchich-pintura-arte-guatemala.png\" class=\"attachment-large size-large wp-image-43225\" alt=\"Colores vibrantes y trajes tradicionales en una danza folcl\u00f3rica mexicana, celebrando cultura y patrimonio en SoyMigrante.com REVISTA.\" srcset=\"https:\/\/soymigrante.com\/revista\/wp-content\/uploads\/2025\/08\/andres-curruchich-pintura-arte-guatemala.png 853w, https:\/\/soymigrante.com\/revista\/wp-content\/uploads\/2025\/08\/andres-curruchich-pintura-arte-guatemala-300x300.png 300w, https:\/\/soymigrante.com\/revista\/wp-content\/uploads\/2025\/08\/andres-curruchich-pintura-arte-guatemala-150x150.png 150w, https:\/\/soymigrante.com\/revista\/wp-content\/uploads\/2025\/08\/andres-curruchich-pintura-arte-guatemala-768x768.png 768w, https:\/\/soymigrante.com\/revista\/wp-content\/uploads\/2025\/08\/andres-curruchich-pintura-arte-guatemala-75x75.png 75w, https:\/\/soymigrante.com\/revista\/wp-content\/uploads\/2025\/08\/andres-curruchich-pintura-arte-guatemala-750x750.png 750w\" sizes=\"(max-width: 853px) 100vw, 853px\" \/>\n            <\/div>\n        <\/div><div class=\"eael-entry-wrapper\"><header class=\"eael-entry-header\"><h2 class=\"eael-entry-title\"><a class=\"eael-grid-post-link\" href=\"https:\/\/soymigrante.com\/revista\/mira-arte-guatemalteco-andres-curruchich-gran-iniciador-de-la-pintura-popular\/\" title=\"Mira arte guatemalteco: Andr\u00e9s Curruchich, gran iniciador de la pintura popular\">Mira arte guatemalteco: Andr\u00e9s Curruchich, gran iniciador de la pintura popular<\/a><\/h2><\/header><div class=\"eael-entry-content\">\n                        <div class=\"eael-grid-post-excerpt\"><a href=\"https:\/\/soymigrante.com\/revista\/mira-arte-guatemalteco-andres-curruchich-gran-iniciador-de-la-pintura-popular\/\" class=\"eael-post-elements-readmore-btn\">CONOCE SU HISTORIA <\/a><\/div>\n                    <\/div><\/div><\/div>\n        <\/div>\n    <\/article><\/div>\n            <div class=\"clearfix\"><\/div>\n        <\/div>\t\t\t\t<\/div>\n\t\t\t\t\t<\/div>\n\t\t\t\t<\/div>\n\t\t\t\t<\/div>\n\t\t","protected":false},"excerpt":{"rendered":"<p>San Juan Comalapa es un municipio de Guatemala que cuenta la historia de varios artistas, quienes desde la cuna del lugar llevar el arte en la sangre. Conocido como \u201cla Florencia de Am\u00e9rica\u201d o \u201cla cuna del arte en Guatemala\u201d, este municipio se ha ganado un lugar en la memoria cultural del pa\u00eds gracias a [&hellip;]<\/p>\n","protected":false},"author":19,"featured_media":44440,"comment_status":"open","ping_status":"open","sticky":false,"template":"","format":"standard","meta":{"_acf_changed":false,"_eb_attr":"","footnotes":""},"categories":[58,125],"tags":[],"class_list":["post-44439","post","type-post","status-publish","format-standard","has-post-thumbnail","hentry","category-guate-nuestra","category-pueblos-de-guatemala"],"acf":[],"aioseo_notices":[],"aioseo_head":"\n\t\t<!-- All in One SEO Pro 4.9.6.2 - aioseo.com -->\n\t<meta name=\"description\" content=\"Andr\u00e9s Curruchich (1891-1969) empez\u00f3 a pintar en la d\u00e9cada 1920 las tradiciones de su pueblo San Juan Comalapa y cre\u00f3 un tipo de arte que a\u00fan sigue floreciendo.\" \/>\n\t<meta name=\"robots\" content=\"max-snippet:-1, max-image-preview:large, max-video-preview:-1\" \/>\n\t<meta name=\"author\" content=\"Marysabel Aldana\"\/>\n\t<link rel=\"canonical\" href=\"https:\/\/soymigrante.com\/revista\/mira-arte-guatemalteco-andres-curruchich-gran-iniciador-de-la-pintura-popular\/\" \/>\n\t<meta name=\"generator\" content=\"All in One SEO Pro (AIOSEO) 4.9.6.2\" \/>\n\n\t\t<link rel=\"preconnect\" href=\"https:\/\/fonts.googleapis.com\" crossorigin>\n<link rel=\"preconnect\" href=\"https:\/\/fonts.gstatic.com\" crossorigin>\n\t\t<meta property=\"og:locale\" content=\"es_ES\" \/>\n\t\t<meta property=\"og:site_name\" content=\"SoyMigrante.com REVISTA \u2013 Nuestra misi\u00f3n es reconocer y dignificar al migrante.\" \/>\n\t\t<meta property=\"og:type\" content=\"article\" \/>\n\t\t<meta property=\"og:title\" content=\"Arte de Guatemala: Andr\u00e9s Curruchich inici\u00f3 pintura popular\" \/>\n\t\t<meta property=\"og:description\" content=\"Andr\u00e9s Curruchich (1891-1969) empez\u00f3 a pintar en la d\u00e9cada 1920 las tradiciones de su pueblo San Juan Comalapa y cre\u00f3 un tipo de arte que a\u00fan sigue floreciendo.\" \/>\n\t\t<meta property=\"og:url\" content=\"https:\/\/soymigrante.com\/revista\/mira-arte-guatemalteco-andres-curruchich-gran-iniciador-de-la-pintura-popular\/\" \/>\n\t\t<meta property=\"og:image\" content=\"https:\/\/soymigrante.com\/revista\/wp-content\/uploads\/2025\/08\/andres-curruchich-pintura-arte-guatemala.png\" \/>\n\t\t<meta property=\"og:image:secure_url\" content=\"https:\/\/soymigrante.com\/revista\/wp-content\/uploads\/2025\/08\/andres-curruchich-pintura-arte-guatemala.png\" \/>\n\t\t<meta property=\"og:image:width\" content=\"853\" \/>\n\t\t<meta property=\"og:image:height\" content=\"853\" \/>\n\t\t<meta property=\"article:published_time\" content=\"2025-09-01T11:00:00+00:00\" \/>\n\t\t<meta property=\"article:modified_time\" content=\"2025-09-01T17:35:40+00:00\" \/>\n\t\t<meta property=\"article:publisher\" content=\"https:\/\/www.facebook.com\/soymigrantecom\" \/>\n\t\t<meta name=\"twitter:card\" content=\"summary_large_image\" \/>\n\t\t<meta name=\"twitter:site\" content=\"@SoyMigrante_com\" \/>\n\t\t<meta name=\"twitter:title\" content=\"Arte de Guatemala: Andr\u00e9s Curruchich inici\u00f3 pintura popular\" \/>\n\t\t<meta name=\"twitter:description\" content=\"Andr\u00e9s Curruchich (1891-1969) empez\u00f3 a pintar en la d\u00e9cada 1920 las tradiciones de su pueblo San Juan Comalapa y cre\u00f3 un tipo de arte que a\u00fan sigue floreciendo.\" \/>\n\t\t<meta name=\"twitter:creator\" content=\"@SoyMigrante_com\" \/>\n\t\t<meta name=\"twitter:image\" content=\"https:\/\/soymigrante.com\/revista\/wp-content\/uploads\/2025\/08\/andres-curruchich-pintura-arte-guatemala.png\" \/>\n\t\t<!-- All in One SEO Pro -->\r\n\t\t<title>Arte de Guatemala: Andr\u00e9s Curruchich inici\u00f3 pintura popular<\/title>\n\n","aioseo_head_json":{"title":"Arte de Guatemala: Andr\u00e9s Curruchich inici\u00f3 pintura popular","description":"Andr\u00e9s Curruchich (1891-1969) empez\u00f3 a pintar en la d\u00e9cada 1920 las tradiciones de su pueblo San Juan Comalapa y cre\u00f3 un tipo de arte que a\u00fan sigue floreciendo.","canonical_url":"https:\/\/soymigrante.com\/revista\/mira-arte-guatemalteco-andres-curruchich-gran-iniciador-de-la-pintura-popular\/","robots":"max-snippet:-1, max-image-preview:large, max-video-preview:-1","keywords":"","webmasterTools":{"miscellaneous":"&lt;link rel=\"preconnect\" href=\"https:\/\/fonts.googleapis.com\" crossorigin&gt;\n&lt;link rel=\"preconnect\" href=\"https:\/\/fonts.gstatic.com\" crossorigin&gt;"},"schema":null,"og:locale":"es_ES","og:site_name":"SoyMigrante.com REVISTA \u2013 Nuestra misi\u00f3n es reconocer y dignificar al migrante.","og:type":"article","og:title":"Arte de Guatemala: Andr\u00e9s Curruchich inici\u00f3 pintura popular","og:description":"Andr\u00e9s Curruchich (1891-1969) empez\u00f3 a pintar en la d\u00e9cada 1920 las tradiciones de su pueblo San Juan Comalapa y cre\u00f3 un tipo de arte que a\u00fan sigue floreciendo.","og:url":"https:\/\/soymigrante.com\/revista\/mira-arte-guatemalteco-andres-curruchich-gran-iniciador-de-la-pintura-popular\/","og:image":"https:\/\/soymigrante.com\/revista\/wp-content\/uploads\/2025\/08\/andres-curruchich-pintura-arte-guatemala.png","og:image:secure_url":"https:\/\/soymigrante.com\/revista\/wp-content\/uploads\/2025\/08\/andres-curruchich-pintura-arte-guatemala.png","og:image:width":853,"og:image:height":853,"article:published_time":"2025-09-01T11:00:00+00:00","article:modified_time":"2025-09-01T17:35:40+00:00","article:publisher":"https:\/\/www.facebook.com\/soymigrantecom","twitter:card":"summary_large_image","twitter:site":"@SoyMigrante_com","twitter:title":"Arte de Guatemala: Andr\u00e9s Curruchich inici\u00f3 pintura popular","twitter:description":"Andr\u00e9s Curruchich (1891-1969) empez\u00f3 a pintar en la d\u00e9cada 1920 las tradiciones de su pueblo San Juan Comalapa y cre\u00f3 un tipo de arte que a\u00fan sigue floreciendo.","twitter:creator":"@SoyMigrante_com","twitter:image":"https:\/\/soymigrante.com\/revista\/wp-content\/uploads\/2025\/08\/andres-curruchich-pintura-arte-guatemala.png"},"aioseo_meta_data":{"post_id":"44439","title":null,"description":"San Juan Comalapa es un municipio de Guatemala que cuenta la historia de varios artistas, quienes desde la cuna del lugar llevar el arte en la sangre.","keywords":null,"keyphrases":{"focus":{"keyphrase":"San Juan Comalapa","score":82,"analysis":{"keyphraseInTitle":{"score":9,"maxScore":9,"error":0},"keyphraseInDescription":{"score":9,"maxScore":9,"error":0},"keyphraseLength":{"score":9,"maxScore":9,"error":0,"length":3},"keyphraseInURL":{"score":5,"maxScore":5,"error":0},"keyphraseInIntroduction":{"score":3,"maxScore":9,"error":1},"keyphraseInSubHeadings":{"score":3,"maxScore":9,"error":1},"keyphraseInImageAlt":{"score":9,"maxScore":9,"error":0},"keywordDensity":{"type":"best","score":9,"maxScore":9,"error":0}}},"additional":[{"keyphrase":"arte","score":100,"analysis":{"keyphraseInDescription":{"score":9,"maxScore":9,"error":0},"keyphraseLength":{"score":9,"maxScore":9,"error":0,"length":1},"keyphraseInIntroduction":{"score":9,"maxScore":9,"error":0},"keyphraseInImageAlt":{"score":9,"maxScore":9,"error":0},"keywordDensity":{"type":"best","score":9,"maxScore":9,"error":0}}},{"keyphrase":"Guatemala","score":100,"analysis":{"keyphraseInDescription":{"score":9,"maxScore":9,"error":0},"keyphraseLength":{"score":9,"maxScore":9,"error":0,"length":1},"keyphraseInIntroduction":{"score":9,"maxScore":9,"error":0},"keyphraseInImageAlt":{"score":9,"maxScore":9,"error":0},"keywordDensity":{"type":"best","score":9,"maxScore":9,"error":0}}}]},"primary_term":null,"canonical_url":null,"og_title":null,"og_description":null,"og_object_type":"default","og_image_type":"default","og_image_url":null,"og_image_width":null,"og_image_height":null,"og_image_custom_url":null,"og_image_custom_fields":null,"og_video":"","og_custom_url":null,"og_article_section":null,"og_article_tags":null,"twitter_use_og":false,"twitter_card":"default","twitter_image_type":"default","twitter_image_url":null,"twitter_image_custom_url":null,"twitter_image_custom_fields":null,"twitter_title":null,"twitter_description":null,"schema":{"blockGraphs":[],"customGraphs":[],"default":{"data":{"Article":[],"Course":[],"Dataset":[],"FAQPage":[],"Movie":[],"Person":[],"Product":[],"ProductReview":[],"Car":[],"Recipe":[],"Service":[],"SoftwareApplication":[],"WebPage":[]},"graphName":"none","isEnabled":true},"graphs":[]},"schema_type":"default","schema_type_options":null,"pillar_content":false,"robots_default":true,"robots_noindex":false,"robots_noarchive":false,"robots_nosnippet":false,"robots_nofollow":false,"robots_noimageindex":false,"robots_noodp":false,"robots_notranslate":false,"robots_max_snippet":"-1","robots_max_videopreview":"-1","robots_max_imagepreview":"large","priority":null,"frequency":"default","local_seo":null,"seo_analyzer_scan_date":"2025-10-09 08:29:22","breadcrumb_settings":null,"limit_modified_date":false,"reviewed_by":"0","open_ai":null,"ai":{"faqs":[],"keyPoints":[],"titles":[],"descriptions":[],"socialPosts":{"email":[],"linkedin":[],"twitter":[],"facebook":[],"instagram":[]}},"created":"2025-09-11 18:36:03","updated":"2026-02-05 04:58:04"},"aioseo_breadcrumb":"<div class=\"aioseo-breadcrumbs\"><span class=\"aioseo-breadcrumb\">\n\t<a href=\"https:\/\/soymigrante.com\/revista\" title=\"Home\">Home<\/a>\n<\/span><span class=\"aioseo-breadcrumb-separator\">\u00bb<\/span><span class=\"aioseo-breadcrumb\">\n\t<a href=\"https:\/\/soymigrante.com\/revista\/category\/guate-nuestra\/\" title=\"Guate Nuestra\">Guate Nuestra<\/a>\n<\/span><span class=\"aioseo-breadcrumb-separator\">\u00bb<\/span><span class=\"aioseo-breadcrumb\">\n\t<a href=\"https:\/\/soymigrante.com\/revista\/category\/guate-nuestra\/pueblos-de-guatemala\/\" title=\"Pueblos de Guatemala\">Pueblos de Guatemala<\/a>\n<\/span><span class=\"aioseo-breadcrumb-separator\">\u00bb<\/span><span class=\"aioseo-breadcrumb\">\n\tSan Juan Comalapa, la cuna del arte popular en Guatemala\n<\/span><\/div>","aioseo_breadcrumb_json":[{"label":"Home","link":"https:\/\/soymigrante.com\/revista"},{"label":"Guate Nuestra","link":"https:\/\/soymigrante.com\/revista\/category\/guate-nuestra\/"},{"label":"Pueblos de Guatemala","link":"https:\/\/soymigrante.com\/revista\/category\/guate-nuestra\/pueblos-de-guatemala\/"},{"label":"San Juan Comalapa, la cuna del arte popular en Guatemala","link":"https:\/\/soymigrante.com\/revista\/san-juan-comalapa-la-cuna-del-arte-popular-en-guatemala\/"}],"_links":{"self":[{"href":"https:\/\/soymigrante.com\/revista\/wp-json\/wp\/v2\/posts\/44439","targetHints":{"allow":["GET"]}}],"collection":[{"href":"https:\/\/soymigrante.com\/revista\/wp-json\/wp\/v2\/posts"}],"about":[{"href":"https:\/\/soymigrante.com\/revista\/wp-json\/wp\/v2\/types\/post"}],"author":[{"embeddable":true,"href":"https:\/\/soymigrante.com\/revista\/wp-json\/wp\/v2\/users\/19"}],"replies":[{"embeddable":true,"href":"https:\/\/soymigrante.com\/revista\/wp-json\/wp\/v2\/comments?post=44439"}],"version-history":[{"count":12,"href":"https:\/\/soymigrante.com\/revista\/wp-json\/wp\/v2\/posts\/44439\/revisions"}],"predecessor-version":[{"id":44499,"href":"https:\/\/soymigrante.com\/revista\/wp-json\/wp\/v2\/posts\/44439\/revisions\/44499"}],"wp:featuredmedia":[{"embeddable":true,"href":"https:\/\/soymigrante.com\/revista\/wp-json\/wp\/v2\/media\/44440"}],"wp:attachment":[{"href":"https:\/\/soymigrante.com\/revista\/wp-json\/wp\/v2\/media?parent=44439"}],"wp:term":[{"taxonomy":"category","embeddable":true,"href":"https:\/\/soymigrante.com\/revista\/wp-json\/wp\/v2\/categories?post=44439"},{"taxonomy":"post_tag","embeddable":true,"href":"https:\/\/soymigrante.com\/revista\/wp-json\/wp\/v2\/tags?post=44439"}],"curies":[{"name":"wp","href":"https:\/\/api.w.org\/{rel}","templated":true}]}}