{"id":44421,"date":"2025-09-18T08:11:21","date_gmt":"2025-09-18T14:11:21","guid":{"rendered":"https:\/\/soymigrante.com\/revista\/?p=44421"},"modified":"2025-09-18T08:13:13","modified_gmt":"2025-09-18T14:13:13","slug":"mira-arte-guatemalteco-el-magico-realismo-de-manolo-gallardo","status":"publish","type":"post","link":"https:\/\/soymigrante.com\/revista\/mira-arte-guatemalteco-el-magico-realismo-de-manolo-gallardo\/","title":{"rendered":"Mira arte guatemalteco: el m\u00e1gico realismo de Manolo Gallardo"},"content":{"rendered":"\t\t<div data-elementor-type=\"wp-post\" data-elementor-id=\"44421\" class=\"elementor elementor-44421\" data-elementor-post-type=\"post\">\n\t\t\t\t<div data-particle_enable=\"false\" data-particle-mobile-disabled=\"false\" class=\"elementor-element elementor-element-9eb27ab e-flex e-con-boxed e-con e-parent\" data-id=\"9eb27ab\" data-element_type=\"container\" data-e-type=\"container\">\n\t\t\t\t\t<div class=\"e-con-inner\">\n\t\t\t\t<div class=\"elementor-element elementor-element-2104d84 elementor-widget elementor-widget-heading\" data-id=\"2104d84\" data-element_type=\"widget\" data-e-type=\"widget\" data-widget_type=\"heading.default\">\n\t\t\t\t\t<h2 class=\"elementor-heading-title elementor-size-default\">Manolo Gallardo (1936-2021) ten\u00eda un trazo prodigioso y una pincelada que convert\u00eda en realidad cada rostro, cada cuerpo y cada textura representada. <\/h2>\t\t\t\t<\/div>\n\t\t\t\t\t<\/div>\n\t\t\t\t<\/div>\n\t\t<div data-particle_enable=\"false\" data-particle-mobile-disabled=\"false\" class=\"elementor-element elementor-element-236da19 e-flex e-con-boxed e-con e-parent\" data-id=\"236da19\" data-element_type=\"container\" data-e-type=\"container\">\n\t\t\t\t\t<div class=\"e-con-inner\">\n\t\t\t\t<div class=\"elementor-element elementor-element-97043d6 elementor-widget elementor-widget-text-editor\" data-id=\"97043d6\" data-element_type=\"widget\" data-e-type=\"widget\" data-widget_type=\"text-editor.default\">\n\t\t\t\t\t\t\t\t\t<p>Una gran ausencia se marc\u00f3 en la escena art\u00edstica guatemalteca con la muerte de <a href=\"https:\/\/www.facebook.com\/100064902781831\/videos\/519769530683344\" target=\"_blank\" rel=\"noopener\">Manolo Gallardo Mansylla, uno de los pintores, escultores, dibujantes y retratistas m\u00e1s destacados de su generaci\u00f3n.<\/a>\u00a0<\/p><p>Falleci\u00f3 el domingo 3 de octubre de 2021, a los 85 a\u00f1os, pero no sin dejar\u00a0un legado de arte provocativo, a menudo pol\u00e9mico, plasmado con un estilo realista que casi se pod\u00eda tocar , pero que a menudo lo meti\u00f3 en m\u00e1s de una pol\u00e9mica.<\/p>\t\t\t\t\t\t\t\t<\/div>\n\t\t\t\t\t<\/div>\n\t\t\t\t<\/div>\n\t\t<div data-particle_enable=\"false\" data-particle-mobile-disabled=\"false\" class=\"elementor-element elementor-element-40205c6 e-flex e-con-boxed e-con e-parent\" data-id=\"40205c6\" data-element_type=\"container\" data-e-type=\"container\">\n\t\t\t\t\t<div class=\"e-con-inner\">\n\t\t\t\t<div class=\"elementor-element elementor-element-8aa0288 elementor-widget elementor-widget-image\" data-id=\"8aa0288\" data-element_type=\"widget\" data-e-type=\"widget\" data-widget_type=\"image.default\">\n\t\t\t\t\t\t\t\t\t\t\t\t<figure class=\"wp-caption\">\n\t\t\t\t\t\t\t\t\t\t<img fetchpriority=\"high\" decoding=\"async\" width=\"640\" height=\"575\" src=\"https:\/\/soymigrante.com\/revista\/wp-content\/uploads\/2025\/09\/manolo-gallardo2-14.jpg\" class=\"attachment-large size-large wp-image-45291\" alt=\"Las pinturas de Manolo Gallardo (1936-2021) creaban universos paralelos con texturas realistas.\" srcset=\"https:\/\/soymigrante.com\/revista\/wp-content\/uploads\/2025\/09\/manolo-gallardo2-14.jpg 640w, https:\/\/soymigrante.com\/revista\/wp-content\/uploads\/2025\/09\/manolo-gallardo2-14-300x270.jpg 300w\" sizes=\"(max-width: 640px) 100vw, 640px\" title=\"Las pinturas de Manolo Gallardo (1936-2021) creaban universos paralelos con texturas realistas. \u2013 SoyMigrante.com REVISTA\" \/>\t\t\t\t\t\t\t\t\t\t\t<figcaption class=\"widget-image-caption wp-caption-text\">Las pinturas de Manolo Gallardo (1936-2021) creaban universos paralelos con texturas realistas.<\/figcaption>\n\t\t\t\t\t\t\t\t\t\t<\/figure>\n\t\t\t\t\t\t\t\t\t<\/div>\n\t\t\t\t\t<\/div>\n\t\t\t\t<\/div>\n\t\t<div data-particle_enable=\"false\" data-particle-mobile-disabled=\"false\" class=\"elementor-element elementor-element-326bb9b e-flex e-con-boxed e-con e-parent\" data-id=\"326bb9b\" data-element_type=\"container\" data-e-type=\"container\">\n\t\t\t\t\t<div class=\"e-con-inner\">\n\t\t\t\t<div class=\"elementor-element elementor-element-be2a095 elementor-widget elementor-widget-heading\" data-id=\"be2a095\" data-element_type=\"widget\" data-e-type=\"widget\" data-widget_type=\"heading.default\">\n\t\t\t\t\t<h3 class=\"elementor-heading-title elementor-size-default\">Trayectoria y vida<\/h3>\t\t\t\t<\/div>\n\t\t\t\t\t<\/div>\n\t\t\t\t<\/div>\n\t\t<div data-particle_enable=\"false\" data-particle-mobile-disabled=\"false\" class=\"elementor-element elementor-element-8c85261 e-flex e-con-boxed e-con e-parent\" data-id=\"8c85261\" data-element_type=\"container\" data-e-type=\"container\">\n\t\t\t\t\t<div class=\"e-con-inner\">\n\t\t\t\t<div class=\"elementor-element elementor-element-d26349b elementor-widget elementor-widget-text-editor\" data-id=\"d26349b\" data-element_type=\"widget\" data-e-type=\"widget\" data-widget_type=\"text-editor.default\">\n\t\t\t\t\t\t\t\t\t<p>Manolo Gallardo naci\u00f3 el 10 de junio de 1936 en la Ciudad de Guatemala. Durante sus primeros a\u00f1os mostr\u00f3 ya inclinaciones art\u00edsticas, influenciado por su entorno familiar y por la belleza humana como inspiraci\u00f3n constante.<\/p><p>Inicialmente, estudi\u00f3 Medicina en la Universidad de San Carlos de Guatemala, pero abandon\u00f3 ese camino para dedicarse al arte. En la Escuela Nacional de Artes Pl\u00e1sticas (ENAP) comenz\u00f3 su formaci\u00f3n formal en arte a mediados de los a\u00f1os 50.<\/p>\t\t\t\t\t\t\t\t<\/div>\n\t\t\t\t\t<\/div>\n\t\t\t\t<\/div>\n\t\t<div data-particle_enable=\"false\" data-particle-mobile-disabled=\"false\" class=\"elementor-element elementor-element-30ae6c0 e-flex e-con-boxed e-con e-parent\" data-id=\"30ae6c0\" data-element_type=\"container\" data-e-type=\"container\">\n\t\t\t\t\t<div class=\"e-con-inner\">\n\t\t\t\t<div class=\"elementor-element elementor-element-a8902e6 elementor-arrows-position-inside elementor-pagination-position-outside elementor-widget elementor-widget-image-carousel\" data-id=\"a8902e6\" data-element_type=\"widget\" data-e-type=\"widget\" data-settings=\"{&quot;slides_to_show&quot;:&quot;1&quot;,&quot;navigation&quot;:&quot;both&quot;,&quot;autoplay&quot;:&quot;yes&quot;,&quot;pause_on_hover&quot;:&quot;yes&quot;,&quot;pause_on_interaction&quot;:&quot;yes&quot;,&quot;autoplay_speed&quot;:5000,&quot;infinite&quot;:&quot;yes&quot;,&quot;effect&quot;:&quot;slide&quot;,&quot;speed&quot;:500}\" data-widget_type=\"image-carousel.default\">\n\t\t\t\t\t\t\t<div class=\"elementor-image-carousel-wrapper swiper\" role=\"region\" aria-roledescription=\"carousel\" aria-label=\"Carrusel de im\u00e1genes\" dir=\"ltr\">\n\t\t\t<div class=\"elementor-image-carousel swiper-wrapper\" aria-live=\"off\">\n\t\t\t\t\t\t\t\t<div class=\"swiper-slide\" role=\"group\" aria-roledescription=\"slide\" aria-label=\"1 de 5\"><figure class=\"swiper-slide-inner\"><img decoding=\"async\" class=\"swiper-slide-image\" src=\"https:\/\/soymigrante.com\/revista\/wp-content\/uploads\/2025\/09\/manolo-gallardo5-15.jpg\" alt=\"Retratos y figura humana fueron el principal ingrediente de una obra que por momentos desafiaba la realidad y en otras, convert\u00eda la fantas\u00eda en una escena de este mundo.\" \/><figcaption class=\"elementor-image-carousel-caption\">Retratos y figura humana fueron el principal ingrediente de una obra que por momentos desafiaba la realidad y en otras, convert\u00eda la fantas\u00eda en una escena de este mundo. <\/figcaption><\/figure><\/div><div class=\"swiper-slide\" role=\"group\" aria-roledescription=\"slide\" aria-label=\"2 de 5\"><figure class=\"swiper-slide-inner\"><img decoding=\"async\" class=\"swiper-slide-image\" src=\"https:\/\/soymigrante.com\/revista\/wp-content\/uploads\/2025\/09\/manolo-gallardo3-28.jpg\" alt=\"Retratos y figura humana fueron el principal ingrediente de una obra que por momentos desafiaba la realidad y en otras, convert\u00eda la fantas\u00eda en una escena de este mundo.\" \/><figcaption class=\"elementor-image-carousel-caption\">Retratos y figura humana fueron el principal ingrediente de una obra que por momentos desafiaba la realidad y en otras, convert\u00eda la fantas\u00eda en una escena de este mundo. <\/figcaption><\/figure><\/div><div class=\"swiper-slide\" role=\"group\" aria-roledescription=\"slide\" aria-label=\"3 de 5\"><figure class=\"swiper-slide-inner\"><img decoding=\"async\" class=\"swiper-slide-image\" src=\"https:\/\/soymigrante.com\/revista\/wp-content\/uploads\/2025\/09\/manolo-gallardo3-29.jpg\" alt=\"Retratos y figura humana fueron el principal ingrediente de una obra que por momentos desafiaba la realidad y en otras, convert\u00eda la fantas\u00eda en una escena de este mundo.\" \/><figcaption class=\"elementor-image-carousel-caption\">Retratos y figura humana fueron el principal ingrediente de una obra que por momentos desafiaba la realidad y en otras, convert\u00eda la fantas\u00eda en una escena de este mundo. <\/figcaption><\/figure><\/div><div class=\"swiper-slide\" role=\"group\" aria-roledescription=\"slide\" aria-label=\"4 de 5\"><figure class=\"swiper-slide-inner\"><img decoding=\"async\" class=\"swiper-slide-image\" src=\"https:\/\/soymigrante.com\/revista\/wp-content\/uploads\/2025\/09\/manolo-gallardo3-17.jpg\" alt=\"Retratos y figura humana fueron el principal ingrediente de una obra que por momentos desafiaba la realidad y en otras, convert\u00eda la fantas\u00eda en una escena de este mundo.\" \/><figcaption class=\"elementor-image-carousel-caption\">Retratos y figura humana fueron el principal ingrediente de una obra que por momentos desafiaba la realidad y en otras, convert\u00eda la fantas\u00eda en una escena de este mundo. <\/figcaption><\/figure><\/div><div class=\"swiper-slide\" role=\"group\" aria-roledescription=\"slide\" aria-label=\"5 de 5\"><figure class=\"swiper-slide-inner\"><img decoding=\"async\" class=\"swiper-slide-image\" src=\"https:\/\/soymigrante.com\/revista\/wp-content\/uploads\/2025\/09\/img-default-big-01.jpg\" alt=\"Retratos y figura humana fueron el principal ingrediente de una obra que por momentos desafiaba la realidad y en otras, convert\u00eda la fantas\u00eda en una escena de este mundo.\" \/><figcaption class=\"elementor-image-carousel-caption\">Retratos y figura humana fueron el principal ingrediente de una obra que por momentos desafiaba la realidad y en otras, convert\u00eda la fantas\u00eda en una escena de este mundo. <\/figcaption><\/figure><\/div>\t\t\t<\/div>\n\t\t\t\t\t\t\t\t\t\t\t\t<div class=\"elementor-swiper-button elementor-swiper-button-prev\" role=\"button\" tabindex=\"0\">\n\t\t\t\t\t\t<i aria-hidden=\"true\" class=\"eicon-chevron-left\"><\/i>\t\t\t\t\t<\/div>\n\t\t\t\t\t<div class=\"elementor-swiper-button elementor-swiper-button-next\" role=\"button\" tabindex=\"0\">\n\t\t\t\t\t\t<i aria-hidden=\"true\" class=\"eicon-chevron-right\"><\/i>\t\t\t\t\t<\/div>\n\t\t\t\t\n\t\t\t\t\t\t\t\t\t<div class=\"swiper-pagination\"><\/div>\n\t\t\t\t\t\t\t\t\t<\/div>\n\t\t\t\t\t\t<\/div>\n\t\t\t\t\t<\/div>\n\t\t\t\t<\/div>\n\t\t<div data-particle_enable=\"false\" data-particle-mobile-disabled=\"false\" class=\"elementor-element elementor-element-a69c394 e-flex e-con-boxed e-con e-parent\" data-id=\"a69c394\" data-element_type=\"container\" data-e-type=\"container\">\n\t\t\t\t\t<div class=\"e-con-inner\">\n\t\t\t\t<div class=\"elementor-element elementor-element-3568ed0 elementor-widget elementor-widget-text-editor\" data-id=\"3568ed0\" data-element_type=\"widget\" data-e-type=\"widget\" data-widget_type=\"text-editor.default\">\n\t\t\t\t\t\t\t\t\t<p>Entre 1957 y 1965, Gallardo viaj\u00f3 a Espa\u00f1a para continuar su formaci\u00f3n. Estudi\u00f3 en la Real Academia de Bellas Artes de San Fernando, la Academia Artium, la Academia Pe\u00f1a y en la Academia de Eduardo Pe\u00f1a, adem\u00e1s de otras instituciones vinculadas al arte cl\u00e1sico y moderno.<\/p><p><a href=\"https:\/\/www.facebook.com\/100064902781831\/videos\/519769530683344\" target=\"_blank\" rel=\"noopener\">Su primera exposici\u00f3n importante fue en 1957 en el Instituto Guatemalteco Americano (IGA).<\/a> Con el tiempo particip\u00f3 en m\u00e1s de 100 exposiciones personales y colectivas tanto dentro como fuera del pa\u00eds: M\u00e9xico (Chiapas), Sevilla (Expo \u201992), Roma (Museo Vaticano), Casa do Brasil en Madrid, entre otras.<\/p><p>Adem\u00e1s de su obra pl\u00e1stica, Gallardo comparti\u00f3 su conocimiento como docente en la Escuela Nacional de Artes Pl\u00e1sticas de Guatemala, en la Facultad de Humanidades de la Universidad de San Carlos (Usac) y en la Academia Gallardo de Guatemala.<\/p>\t\t\t\t\t\t\t\t<\/div>\n\t\t\t\t\t<\/div>\n\t\t\t\t<\/div>\n\t\t<div data-particle_enable=\"false\" data-particle-mobile-disabled=\"false\" class=\"elementor-element elementor-element-d24efb6 e-flex e-con-boxed e-con e-parent\" data-id=\"d24efb6\" data-element_type=\"container\" data-e-type=\"container\">\n\t\t\t\t\t<div class=\"e-con-inner\">\n\t\t\t\t<div class=\"elementor-element elementor-element-de05b0c elementor-widget elementor-widget-image\" data-id=\"de05b0c\" data-element_type=\"widget\" data-e-type=\"widget\" data-widget_type=\"image.default\">\n\t\t\t\t\t\t\t\t\t\t\t\t<figure class=\"wp-caption\">\n\t\t\t\t\t\t\t\t\t\t<img decoding=\"async\" width=\"730\" height=\"1024\" src=\"https:\/\/soymigrante.com\/revista\/wp-content\/uploads\/2025\/09\/Manolo-Gallardo-Obra-2-730x1024.webp\" class=\"attachment-large size-large wp-image-45298\" alt=\"Retrato doble del papa Juan Pablo II y del Santo Hermano Pedro de Betancur, realizado en 2002 con motivo de la canonizaci\u00f3n del primer santo de Guatemala.\" srcset=\"https:\/\/soymigrante.com\/revista\/wp-content\/uploads\/2025\/09\/Manolo-Gallardo-Obra-2-730x1024.webp 730w, https:\/\/soymigrante.com\/revista\/wp-content\/uploads\/2025\/09\/Manolo-Gallardo-Obra-2-214x300.webp 214w, https:\/\/soymigrante.com\/revista\/wp-content\/uploads\/2025\/09\/Manolo-Gallardo-Obra-2-768x1077.webp 768w, https:\/\/soymigrante.com\/revista\/wp-content\/uploads\/2025\/09\/Manolo-Gallardo-Obra-2-360x504.webp 360w, https:\/\/soymigrante.com\/revista\/wp-content\/uploads\/2025\/09\/Manolo-Gallardo-Obra-2-750x1052.webp 750w, https:\/\/soymigrante.com\/revista\/wp-content\/uploads\/2025\/09\/Manolo-Gallardo-Obra-2.webp 1092w\" sizes=\"(max-width: 730px) 100vw, 730px\" title=\"Retrato doble del papa Juan Pablo II y del Santo Hermano Pedro de Betancur, realizado en 2002 con motivo de la canonizaci\u00f3n del primer santo de Guatemala. \u2013 SoyMigrante.com REVISTA\" \/>\t\t\t\t\t\t\t\t\t\t\t<figcaption class=\"widget-image-caption wp-caption-text\">Retrato doble del papa Juan Pablo II y del Santo Hermano Pedro de Betancur, realizado en 2002 con motivo de la canonizaci\u00f3n del primer santo de Guatemala.<\/figcaption>\n\t\t\t\t\t\t\t\t\t\t<\/figure>\n\t\t\t\t\t\t\t\t\t<\/div>\n\t\t\t\t\t<\/div>\n\t\t\t\t<\/div>\n\t\t<div data-particle_enable=\"false\" data-particle-mobile-disabled=\"false\" class=\"elementor-element elementor-element-0ab308d e-flex e-con-boxed e-con e-parent\" data-id=\"0ab308d\" data-element_type=\"container\" data-e-type=\"container\">\n\t\t\t\t\t<div class=\"e-con-inner\">\n\t\t\t\t<div class=\"elementor-element elementor-element-6020462 elementor-widget elementor-widget-heading\" data-id=\"6020462\" data-element_type=\"widget\" data-e-type=\"widget\" data-widget_type=\"heading.default\">\n\t\t\t\t\t<h3 class=\"elementor-heading-title elementor-size-default\">Estilo, t\u00e9cnica y tem\u00e1ticas<\/h3>\t\t\t\t<\/div>\n\t\t\t\t\t<\/div>\n\t\t\t\t<\/div>\n\t\t<div data-particle_enable=\"false\" data-particle-mobile-disabled=\"false\" class=\"elementor-element elementor-element-7c659d2 e-flex e-con-boxed e-con e-parent\" data-id=\"7c659d2\" data-element_type=\"container\" data-e-type=\"container\">\n\t\t\t\t\t<div class=\"e-con-inner\">\n\t\t\t\t<div class=\"elementor-element elementor-element-f6c5dc2 elementor-widget elementor-widget-text-editor\" data-id=\"f6c5dc2\" data-element_type=\"widget\" data-e-type=\"widget\" data-widget_type=\"text-editor.default\">\n\t\t\t\t\t\t\t\t\t<div>El estilo de Manolo Gallardo se reconoce por una combinaci\u00f3n de realismo, hiperrealismo y surrealismo. Su pintura se distinguen por una t\u00e9cnica acad\u00e9mica muy depurada, donde el dibujo y la composici\u00f3n tienen gran fuerza.\u00a0 \u00a0<\/div><div><strong>\u2022T\u00e9cnicas:<\/strong> \u00f3leo, l\u00e1piz, cray\u00f3n, carboncillo; en la escultura trabaj\u00f3 barro y fundici\u00f3n en bronce.\u00a0 \u00a0<\/div><div><strong>\u2022Temas recurrentes:<\/strong> la figura humana, desnudos, bodegones, paisajes, retratos, temas mitol\u00f3gicos, pol\u00edticos, hist\u00f3ricos y sociales. Su obra no rehuy\u00f3 de la controversia.\u00a0 \u00a0<\/div><div>\u00a0<\/div><div>Algunas de sus obras m\u00e1s reconocidas: Entre el cielo y el infierno, Dios creando la V\u00eda L\u00e1ctea, Meditaci\u00f3n y levitaci\u00f3n, Judas, Cari\u00f1o, Autopsia, La \u00daltima Comida, Ixquic, entre otras.\u00a0 \u00a0<\/div><div>\u00a0<\/div><div>Una de sus esculturas m\u00e1s comentadas es No al femicidio, ubicada en el Centro Cultural Miguel \u00c1ngel Asturias, que gener\u00f3 reacciones por su carga simb\u00f3lica potente.\u00a0 \u00a0<\/div><div>\u00a0<\/div><div>Gallardo dec\u00eda que \u201ctodo es pintable, hasta lo inexistente\u201d: sus sue\u00f1os, ideas, visiones, emociones configuraban muchas veces la materia prima de su obra.\u00a0 \u00a0<\/div><div>\u00a0<\/div>\t\t\t\t\t\t\t\t<\/div>\n\t\t\t\t\t<\/div>\n\t\t\t\t<\/div>\n\t\t<div data-particle_enable=\"false\" data-particle-mobile-disabled=\"false\" class=\"elementor-element elementor-element-c2067b9 e-flex e-con-boxed e-con e-parent\" data-id=\"c2067b9\" data-element_type=\"container\" data-e-type=\"container\">\n\t\t\t\t\t<div class=\"e-con-inner\">\n\t\t\t\t<div class=\"elementor-element elementor-element-05a65e9 elementor-widget elementor-widget-image\" data-id=\"05a65e9\" data-element_type=\"widget\" data-e-type=\"widget\" data-widget_type=\"image.default\">\n\t\t\t\t\t\t\t\t\t\t\t\t<figure class=\"wp-caption\">\n\t\t\t\t\t\t\t\t\t\t<img decoding=\"async\" width=\"755\" height=\"614\" src=\"https:\/\/soymigrante.com\/revista\/wp-content\/uploads\/2025\/09\/manolo-gallardo.png\" class=\"attachment-large size-large wp-image-45299\" alt=\"Manolo Gallardo (1936-2021) siempre comparti\u00f3 con generosidad sus conocimientos, con estudiantes de arte o en otros foros, como esta conferencia en el Club Fotogr\u00e1fico de Guatemala.\" srcset=\"https:\/\/soymigrante.com\/revista\/wp-content\/uploads\/2025\/09\/manolo-gallardo.png 755w, https:\/\/soymigrante.com\/revista\/wp-content\/uploads\/2025\/09\/manolo-gallardo-300x244.png 300w, https:\/\/soymigrante.com\/revista\/wp-content\/uploads\/2025\/09\/manolo-gallardo-750x610.png 750w\" sizes=\"(max-width: 755px) 100vw, 755px\" title=\"Manolo Gallardo (1936-2021) siempre comparti\u00f3 con generosidad sus conocimientos, con estudiantes de arte o en otros foros, como esta conferencia en el Club Fotogr\u00e1fico de Guatemala. \u2013 SoyMigrante.com REVISTA\" \/>\t\t\t\t\t\t\t\t\t\t\t<figcaption class=\"widget-image-caption wp-caption-text\">Manolo Gallardo (1936-2021) siempre comparti\u00f3 con generosidad sus conocimientos, con estudiantes de arte o en otros foros, como esta conferencia en el Club Fotogr\u00e1fico de Guatemala. <\/figcaption>\n\t\t\t\t\t\t\t\t\t\t<\/figure>\n\t\t\t\t\t\t\t\t\t<\/div>\n\t\t\t\t\t<\/div>\n\t\t\t\t<\/div>\n\t\t<div data-particle_enable=\"false\" data-particle-mobile-disabled=\"false\" class=\"elementor-element elementor-element-5fa98c9 e-flex e-con-boxed e-con e-parent\" data-id=\"5fa98c9\" data-element_type=\"container\" data-e-type=\"container\">\n\t\t\t\t\t<div class=\"e-con-inner\">\n\t\t\t\t<div class=\"elementor-element elementor-element-5438d51 elementor-widget elementor-widget-heading\" data-id=\"5438d51\" data-element_type=\"widget\" data-e-type=\"widget\" data-widget_type=\"heading.default\">\n\t\t\t\t\t<h3 class=\"elementor-heading-title elementor-size-default\">Reconocimientos<\/h3>\t\t\t\t<\/div>\n\t\t\t\t\t<\/div>\n\t\t\t\t<\/div>\n\t\t<div data-particle_enable=\"false\" data-particle-mobile-disabled=\"false\" class=\"elementor-element elementor-element-e465928 e-flex e-con-boxed e-con e-parent\" data-id=\"e465928\" data-element_type=\"container\" data-e-type=\"container\">\n\t\t\t\t\t<div class=\"e-con-inner\">\n\t\t\t\t<div class=\"elementor-element elementor-element-b871b1f elementor-widget elementor-widget-text-editor\" data-id=\"b871b1f\" data-element_type=\"widget\" data-e-type=\"widget\" data-widget_type=\"text-editor.default\">\n\t\t\t\t\t\t\t\t\t<div>A lo largo de su carrera obtuvo numerosos premios y distinciones:<\/div><div>\u2022Orden del Quetzal en grado de Gran Oficial, en 1995.\u00a0 \u00a0<\/div><div>\u2022Premio Meritorio de la Pl\u00e1stica, Arco Iris Maya, en el a\u00f1o 2000.\u00a0 \u00a0<\/div><div>\u2022Grado de Emeritissimum otorgado por la Universidad de San Carlos de Guatemala, en 2002.\u00a0 \u00a0<\/div>\t\t\t\t\t\t\t\t<\/div>\n\t\t\t\t\t<\/div>\n\t\t\t\t<\/div>\n\t\t<div data-particle_enable=\"false\" data-particle-mobile-disabled=\"false\" class=\"elementor-element elementor-element-7179bdc e-flex e-con-boxed e-con e-parent\" data-id=\"7179bdc\" data-element_type=\"container\" data-e-type=\"container\">\n\t\t\t\t\t<div class=\"e-con-inner\">\n\t\t\t\t<div class=\"elementor-element elementor-element-3e33c5b elementor-widget elementor-widget-image\" data-id=\"3e33c5b\" data-element_type=\"widget\" data-e-type=\"widget\" data-widget_type=\"image.default\">\n\t\t\t\t\t\t\t\t\t\t\t\t<figure class=\"wp-caption\">\n\t\t\t\t\t\t\t\t\t\t<img loading=\"lazy\" decoding=\"async\" width=\"1024\" height=\"698\" src=\"https:\/\/soymigrante.com\/revista\/wp-content\/uploads\/2025\/09\/manolo-gallardo-artista-1024x698.jpg\" class=\"attachment-large size-large wp-image-45301\" alt=\"Temas hist\u00f3ricos, religiosos y tambi\u00e9n sociales fueron abordados por Manolo Gallardo, quien siempre esperaba aportar a la construcci\u00f3n de una Guatemala mejor.\" srcset=\"https:\/\/soymigrante.com\/revista\/wp-content\/uploads\/2025\/09\/manolo-gallardo-artista-1024x698.jpg 1024w, https:\/\/soymigrante.com\/revista\/wp-content\/uploads\/2025\/09\/manolo-gallardo-artista-300x204.jpg 300w, https:\/\/soymigrante.com\/revista\/wp-content\/uploads\/2025\/09\/manolo-gallardo-artista-768x523.jpg 768w, https:\/\/soymigrante.com\/revista\/wp-content\/uploads\/2025\/09\/manolo-gallardo-artista-1536x1046.jpg 1536w, https:\/\/soymigrante.com\/revista\/wp-content\/uploads\/2025\/09\/manolo-gallardo-artista-750x511.jpg 750w, https:\/\/soymigrante.com\/revista\/wp-content\/uploads\/2025\/09\/manolo-gallardo-artista-1140x777.jpg 1140w, https:\/\/soymigrante.com\/revista\/wp-content\/uploads\/2025\/09\/manolo-gallardo-artista.jpg 1600w\" sizes=\"(max-width: 1024px) 100vw, 1024px\" title=\"Temas hist\u00f3ricos, religiosos y tambi\u00e9n sociales fueron abordados por Manolo Gallardo, quien siempre esperaba aportar a la construcci\u00f3n de una Guatemala mejor. \u2013 SoyMigrante.com REVISTA\" \/>\t\t\t\t\t\t\t\t\t\t\t<figcaption class=\"widget-image-caption wp-caption-text\">Temas hist\u00f3ricos, religiosos y tambi\u00e9n sociales fueron abordados por Manolo Gallardo, quien siempre esperaba aportar a la construcci\u00f3n de una Guatemala mejor.<\/figcaption>\n\t\t\t\t\t\t\t\t\t\t<\/figure>\n\t\t\t\t\t\t\t\t\t<\/div>\n\t\t\t\t\t<\/div>\n\t\t\t\t<\/div>\n\t\t<div data-particle_enable=\"false\" data-particle-mobile-disabled=\"false\" class=\"elementor-element elementor-element-83e08da e-flex e-con-boxed e-con e-parent\" data-id=\"83e08da\" data-element_type=\"container\" data-e-type=\"container\">\n\t\t\t\t\t<div class=\"e-con-inner\">\n\t\t\t\t<div class=\"elementor-element elementor-element-1666421 elementor-widget elementor-widget-text-editor\" data-id=\"1666421\" data-element_type=\"widget\" data-e-type=\"widget\" data-widget_type=\"text-editor.default\">\n\t\t\t\t\t\t\t\t\t<p>El 3 de octubre de 2021, el Ministerio de Cultura y Deportes de Guatemala confirm\u00f3 su fallecimiento, informando que ten\u00eda 85 a\u00f1os. Se realizaron honras f\u00fanebres en el Centro Cultural Miguel \u00c1ngel Asturias, y fue despedido por la comunidad art\u00edstica y cultural del pa\u00eds.<\/p><p><a href=\"https:\/\/www.facebook.com\/100064902781831\/videos\/519769530683344\" target=\"_blank\" rel=\"noopener\">Su deceso deja un vac\u00edo real en el panorama cultural guatemalteco, pero tambi\u00e9n un cuerpo de obra que sigue inspirando<\/a>: por su virtuoso dominio t\u00e9cnico, por su valent\u00eda al explorar temas sociales, pol\u00edticos, simb\u00f3licos, y porque su obra convoca al espectador a cuestionar, a sentir y, sobre todo, a ver m\u00e1s all\u00e1 de lo aparente.<\/p>\t\t\t\t\t\t\t\t<\/div>\n\t\t\t\t\t<\/div>\n\t\t\t\t<\/div>\n\t\t<div data-particle_enable=\"false\" data-particle-mobile-disabled=\"false\" class=\"elementor-element elementor-element-c026cc3 e-flex e-con-boxed e-con e-parent\" data-id=\"c026cc3\" data-element_type=\"container\" data-e-type=\"container\">\n\t\t\t\t\t<div class=\"e-con-inner\">\n\t\t\t\t<div class=\"elementor-element elementor-element-153cf9b elementor-widget elementor-widget-image\" data-id=\"153cf9b\" data-element_type=\"widget\" data-e-type=\"widget\" data-widget_type=\"image.default\">\n\t\t\t\t\t\t\t\t\t\t\t\t<figure class=\"wp-caption\">\n\t\t\t\t\t\t\t\t\t\t<img loading=\"lazy\" decoding=\"async\" width=\"622\" height=\"447\" src=\"https:\/\/soymigrante.com\/revista\/wp-content\/uploads\/2025\/09\/Captura-de-pantalla-2025-09-17-223111.png\" class=\"attachment-large size-large wp-image-45300\" alt=\"La exigencia anat\u00f3mica de Manolo Gallardo era llevada hasta el extremo de la expresividad, como en este Cristo. A menudo este s\u00faper realismo generaba pol\u00e9mica, pero el artista dec\u00eda que era necesario abordar hasta los temas m\u00e1s dif\u00edciles.\" srcset=\"https:\/\/soymigrante.com\/revista\/wp-content\/uploads\/2025\/09\/Captura-de-pantalla-2025-09-17-223111.png 622w, https:\/\/soymigrante.com\/revista\/wp-content\/uploads\/2025\/09\/Captura-de-pantalla-2025-09-17-223111-300x216.png 300w, https:\/\/soymigrante.com\/revista\/wp-content\/uploads\/2025\/09\/Captura-de-pantalla-2025-09-17-223111-120x86.png 120w\" sizes=\"(max-width: 622px) 100vw, 622px\" title=\"La exigencia anat\u00f3mica de Manolo Gallardo era llevada hasta el extremo de la expresividad, como en este Cristo. A menudo este s\u00faper realismo generaba pol\u00e9mica, pero el artista dec\u00eda que era necesario abordar hasta los temas m\u00e1s dif\u00edciles. \u2013 SoyMigrante.com REVISTA\" \/>\t\t\t\t\t\t\t\t\t\t\t<figcaption class=\"widget-image-caption wp-caption-text\">La exigencia anat\u00f3mica de Manolo Gallardo era llevada hasta el extremo de la expresividad, como en este Cristo. A menudo este s\u00faper realismo generaba pol\u00e9mica, pero el artista dec\u00eda que era necesario abordar hasta los temas m\u00e1s dif\u00edciles.<\/figcaption>\n\t\t\t\t\t\t\t\t\t\t<\/figure>\n\t\t\t\t\t\t\t\t\t<\/div>\n\t\t\t\t\t<\/div>\n\t\t\t\t<\/div>\n\t\t<div data-particle_enable=\"false\" data-particle-mobile-disabled=\"false\" class=\"elementor-element elementor-element-363468e e-flex e-con-boxed e-con e-parent\" data-id=\"363468e\" data-element_type=\"container\" data-e-type=\"container\">\n\t\t\t\t\t<div class=\"e-con-inner\">\n\t\t\t\t<div class=\"elementor-element elementor-element-9a9b7b1 elementor-widget elementor-widget-heading\" data-id=\"9a9b7b1\" data-element_type=\"widget\" data-e-type=\"widget\" data-widget_type=\"heading.default\">\n\t\t\t\t\t<h3 class=\"elementor-heading-title elementor-size-default\">\u00bfContra qui\u00e9n o qu\u00e9 se levantaba?\n<\/h3>\t\t\t\t<\/div>\n\t\t\t\t\t<\/div>\n\t\t\t\t<\/div>\n\t\t<div data-particle_enable=\"false\" data-particle-mobile-disabled=\"false\" class=\"elementor-element elementor-element-d8af216 e-flex e-con-boxed e-con e-parent\" data-id=\"d8af216\" data-element_type=\"container\" data-e-type=\"container\">\n\t\t\t\t\t<div class=\"e-con-inner\">\n\t\t\t\t<div class=\"elementor-element elementor-element-af557b3 elementor-widget elementor-widget-text-editor\" data-id=\"af557b3\" data-element_type=\"widget\" data-e-type=\"widget\" data-widget_type=\"text-editor.default\">\n\t\t\t\t\t\t\t\t\t<div>M\u00e1s que \u201ccontra alguien\u201d espec\u00edfico, la obra de Gallardo suele leerse como confrontaci\u00f3n con:<\/div><div>\u2022La inercia social, la indiferencia ante la problem\u00e1tica de g\u00e9nero (como en No al femicidio).\u00a0 \u00a0<\/div><div>\u2022La situaci\u00f3n pol\u00edtica, hist\u00f3rica y cultural de Guatemala, en la que plasmaba s\u00edmbolos, mitos, memoria.<\/div><div>\u2022La tradici\u00f3n del arte que no se atreve a ser cuestionador. Gallardo fue pol\u00e9mico, critico: su arte muchas veces incomodaba porque tocaba temas que no se hablan f\u00e1cil, como la violencia, los mitos religiosos, la identidad, el cuerpo humano.<\/div>\t\t\t\t\t\t\t\t<\/div>\n\t\t\t\t\t<\/div>\n\t\t\t\t<\/div>\n\t\t<div data-particle_enable=\"false\" data-particle-mobile-disabled=\"false\" class=\"elementor-element elementor-element-c1cb287 e-flex e-con-boxed e-con e-parent\" data-id=\"c1cb287\" data-element_type=\"container\" data-e-type=\"container\">\n\t\t\t\t\t<div class=\"e-con-inner\">\n\t\t\t\t<div class=\"elementor-element elementor-element-5df8b0a elementor-widget elementor-widget-html\" data-id=\"5df8b0a\" data-element_type=\"widget\" data-e-type=\"widget\" data-widget_type=\"html.default\">\n\t\t\t\t\t<iframe width=\"560\" height=\"415\" src=\"https:\/\/www.youtube.com\/embed\/8PTw_jTgOBE?si=8G0K9whn3k3rj2gO&amp;start=6\" title=\"YouTube video player\" frameborder=\"0\" allow=\"accelerometer; autoplay; clipboard-write; encrypted-media; gyroscope; picture-in-picture; web-share\" referrerpolicy=\"strict-origin-when-cross-origin\" allowfullscreen><\/iframe>\t\t\t\t<\/div>\n\t\t\t\t\t<\/div>\n\t\t\t\t<\/div>\n\t\t<div data-particle_enable=\"false\" data-particle-mobile-disabled=\"false\" class=\"elementor-element elementor-element-e94f71d e-flex e-con-boxed e-con e-parent\" data-id=\"e94f71d\" data-element_type=\"container\" data-e-type=\"container\">\n\t\t\t\t\t<div class=\"e-con-inner\">\n\t\t\t\t<div class=\"elementor-element elementor-element-3ea7603 elementor-widget elementor-widget-text-editor\" data-id=\"3ea7603\" data-element_type=\"widget\" data-e-type=\"widget\" data-widget_type=\"text-editor.default\">\n\t\t\t\t\t\t\t\t\t<p><a href=\"https:\/\/www.facebook.com\/100064902781831\/videos\/519769530683344\" target=\"_blank\" rel=\"noopener\">Manolo Gallardo Mansylla fue sin duda un maestro que dej\u00f3 de existir f\u00edsicamente,<\/a> pero cuyo legado sigue vivo en los muros de galer\u00edas, en las esculturas p\u00fablicas, en los estudiantes que ense\u00f1\u00f3 y en quienes ven en su arte un espejo cr\u00edtico. Su vida ejemplifica la persistencia, la t\u00e9cnica refinada, la mirada audaz. Guatemala pierde a un gigante de la pl\u00e1stica, pero su pintura, escultura y pensamiento siguen alimentando el imaginario colectivo.<\/p>\t\t\t\t\t\t\t\t<\/div>\n\t\t\t\t\t<\/div>\n\t\t\t\t<\/div>\n\t\t<div data-particle_enable=\"false\" data-particle-mobile-disabled=\"false\" class=\"elementor-element elementor-element-bf6a17d e-flex e-con-boxed e-con e-parent\" data-id=\"bf6a17d\" data-element_type=\"container\" data-e-type=\"container\">\n\t\t\t\t\t<div class=\"e-con-inner\">\n\t\t\t\t<div class=\"elementor-element elementor-element-a548b4c elementor-widget elementor-widget-heading\" data-id=\"a548b4c\" data-element_type=\"widget\" data-e-type=\"widget\" data-widget_type=\"heading.default\">\n\t\t\t\t\t<h2 class=\"elementor-heading-title elementor-size-default\">Conoce m\u00e1s de otros artistas, ac\u00e1...<\/h2>\t\t\t\t<\/div>\n\t\t\t\t\t<\/div>\n\t\t\t\t<\/div>\n\t\t<div data-particle_enable=\"false\" data-particle-mobile-disabled=\"false\" class=\"elementor-element elementor-element-fd03e60 e-flex e-con-boxed e-con e-parent\" data-id=\"fd03e60\" data-element_type=\"container\" data-e-type=\"container\">\n\t\t\t\t\t<div class=\"e-con-inner\">\n\t\t\t\t<div class=\"elementor-element elementor-element-3f65f8f elementor-grid-eael-col-3 elementor-grid-tablet-eael-col-2 elementor-grid-mobile-eael-col-1 elementor-widget elementor-widget-eael-post-grid\" data-id=\"3f65f8f\" data-element_type=\"widget\" data-e-type=\"widget\" data-settings=\"{&quot;eael_post_grid_columns&quot;:&quot;eael-col-3&quot;,&quot;eael_post_grid_columns_tablet&quot;:&quot;eael-col-2&quot;,&quot;eael_post_grid_columns_mobile&quot;:&quot;eael-col-1&quot;}\" data-widget_type=\"eael-post-grid.default\">\n\t\t\t\t\t<div id=\"eael-post-grid-3f65f8f\" class=\"eael-post-grid-container\">\n            <div class=\"eael-post-grid eael-post-appender eael-post-appender-3f65f8f eael-post-grid-style-one\" data-layout-mode=\"masonry\"><article class=\"eael-grid-post  eael-post-grid-column eael-pg-post-43400 category-arte-cultura\" data-id=\"43400\">\n        <div class=\"eael-grid-post-holder\">\n            <div class=\"eael-grid-post-holder-inner\"><div class=\"eael-entry-media\"><div class=\"eael-entry-overlay fade-in\"><i class=\"far fa-hand-pointer\" aria-hidden=\"true\"><\/i><a href=\"https:\/\/soymigrante.com\/revista\/efrain-recinos-un-genio-del-arte-guatemalteco-que-vivira-siempre\/\"><\/a><\/div><div class=\"eael-entry-thumbnail \">\n                <img loading=\"lazy\" decoding=\"async\" width=\"421\" height=\"416\" src=\"https:\/\/soymigrante.com\/revista\/wp-content\/uploads\/2025\/09\/Guatemalita-de-Efrain-Recinos.png\" class=\"attachment-large size-large wp-image-43608\" alt=\"Guatemalita de Efra\u00edn Recinos\" srcset=\"https:\/\/soymigrante.com\/revista\/wp-content\/uploads\/2025\/09\/Guatemalita-de-Efrain-Recinos.png 421w, https:\/\/soymigrante.com\/revista\/wp-content\/uploads\/2025\/09\/Guatemalita-de-Efrain-Recinos-300x296.png 300w, https:\/\/soymigrante.com\/revista\/wp-content\/uploads\/2025\/09\/Guatemalita-de-Efrain-Recinos-75x75.png 75w\" sizes=\"(max-width: 421px) 100vw, 421px\" \/>\n            <\/div>\n        <\/div><div class=\"eael-entry-wrapper\"><header class=\"eael-entry-header\"><h2 class=\"eael-entry-title\"><a class=\"eael-grid-post-link\" href=\"https:\/\/soymigrante.com\/revista\/efrain-recinos-un-genio-del-arte-guatemalteco-que-vivira-siempre\/\" title=\"Mira arte guatemalteco: Efra\u00edn Recinos, un genio que sigue a la vista de todos\">Mira arte guatemalteco: Efra\u00edn Recinos, un genio que sigue a la vista de todos<\/a><\/h2><\/header><div class=\"eael-entry-content\">\n                        <div class=\"eael-grid-post-excerpt\"><a href=\"https:\/\/soymigrante.com\/revista\/efrain-recinos-un-genio-del-arte-guatemalteco-que-vivira-siempre\/\" class=\"eael-post-elements-readmore-btn\">CONOCE SU HISTORIA <\/a><\/div>\n                    <\/div><\/div><\/div>\n        <\/div>\n    <\/article><article class=\"eael-grid-post  eael-post-grid-column eael-pg-post-5234 category-estamos-unidos tags-dia-internacional-de-la-mujer\" data-id=\"5234\">\n        <div class=\"eael-grid-post-holder\">\n            <div class=\"eael-grid-post-holder-inner\"><div class=\"eael-entry-media\"><div class=\"eael-entry-overlay fade-in\"><i class=\"far fa-hand-pointer\" aria-hidden=\"true\"><\/i><a href=\"https:\/\/soymigrante.com\/revista\/cantautora-maya-gira-estados-unidos-migrantes\/\"><\/a><\/div><div class=\"eael-entry-thumbnail \">\n                <img loading=\"lazy\" decoding=\"async\" width=\"1024\" height=\"1024\" src=\"https:\/\/soymigrante.com\/revista\/wp-content\/uploads\/2024\/03\/BANNER-Chumilkaj-Curruchiche-Nicho-3-1024x1024.webp\" class=\"attachment-large size-large wp-image-5235\" alt=\"Cantautora Ch&#039;umilkaj Nicho reivindica con su m\u00fasica el idioma kaqchikel el cual se habla en varios pobladores de departamentos del centro de Guatemala.\" srcset=\"https:\/\/soymigrante.com\/revista\/wp-content\/uploads\/2024\/03\/BANNER-Chumilkaj-Curruchiche-Nicho-3-1024x1024.webp 1024w, https:\/\/soymigrante.com\/revista\/wp-content\/uploads\/2024\/03\/BANNER-Chumilkaj-Curruchiche-Nicho-3-300x300.webp 300w, https:\/\/soymigrante.com\/revista\/wp-content\/uploads\/2024\/03\/BANNER-Chumilkaj-Curruchiche-Nicho-3-150x150.webp 150w, https:\/\/soymigrante.com\/revista\/wp-content\/uploads\/2024\/03\/BANNER-Chumilkaj-Curruchiche-Nicho-3-768x768.webp 768w, https:\/\/soymigrante.com\/revista\/wp-content\/uploads\/2024\/03\/BANNER-Chumilkaj-Curruchiche-Nicho-3-75x75.webp 75w, https:\/\/soymigrante.com\/revista\/wp-content\/uploads\/2024\/03\/BANNER-Chumilkaj-Curruchiche-Nicho-3-750x750.webp 750w, https:\/\/soymigrante.com\/revista\/wp-content\/uploads\/2024\/03\/BANNER-Chumilkaj-Curruchiche-Nicho-3-1140x1140.webp 1140w, https:\/\/soymigrante.com\/revista\/wp-content\/uploads\/2024\/03\/BANNER-Chumilkaj-Curruchiche-Nicho-3-600x600.webp 600w, https:\/\/soymigrante.com\/revista\/wp-content\/uploads\/2024\/03\/BANNER-Chumilkaj-Curruchiche-Nicho-3.webp 1221w\" sizes=\"(max-width: 1024px) 100vw, 1024px\" \/>\n            <\/div>\n        <\/div><div class=\"eael-entry-wrapper\"><header class=\"eael-entry-header\"><h2 class=\"eael-entry-title\"><a class=\"eael-grid-post-link\" href=\"https:\/\/soymigrante.com\/revista\/cantautora-maya-gira-estados-unidos-migrantes\/\" title=\"Artista maya Ch&#8217;umilkaj Nicho le canta a las migrantes en gira por EE.UU.\">Artista maya Ch&#8217;umilkaj Nicho le canta a las migrantes en gira por EE.UU.<\/a><\/h2><\/header><div class=\"eael-entry-content\">\n                        <div class=\"eael-grid-post-excerpt\"><a href=\"https:\/\/soymigrante.com\/revista\/cantautora-maya-gira-estados-unidos-migrantes\/\" class=\"eael-post-elements-readmore-btn\">CONOCE SU HISTORIA <\/a><\/div>\n                    <\/div><\/div><\/div>\n        <\/div>\n    <\/article><article class=\"eael-grid-post  eael-post-grid-column eael-pg-post-19344 category-guate-nuestra tags-mercado-emprendedores\" data-id=\"19344\">\n        <div class=\"eael-grid-post-holder\">\n            <div class=\"eael-grid-post-holder-inner\"><div class=\"eael-entry-media\"><div class=\"eael-entry-overlay fade-in\"><i class=\"far fa-hand-pointer\" aria-hidden=\"true\"><\/i><a href=\"https:\/\/soymigrante.com\/revista\/artista-david-de-paz-convierte-el-sentimiento-en-pinturas-de-arte-qeq\/\"><\/a><\/div><div class=\"eael-entry-thumbnail \">\n                <img loading=\"lazy\" decoding=\"async\" width=\"914\" height=\"914\" src=\"https:\/\/soymigrante.com\/revista\/wp-content\/uploads\/2025\/01\/David-Armando-De-Paz-Lopez-2.webp\" class=\"attachment-large size-large wp-image-19398\" alt=\"Retrato de un hombre con gafas y cabello largo en una galer\u00eda de arte, sonriendo.\" srcset=\"https:\/\/soymigrante.com\/revista\/wp-content\/uploads\/2025\/01\/David-Armando-De-Paz-Lopez-2.webp 914w, https:\/\/soymigrante.com\/revista\/wp-content\/uploads\/2025\/01\/David-Armando-De-Paz-Lopez-2-300x300.jpeg 300w, https:\/\/soymigrante.com\/revista\/wp-content\/uploads\/2025\/01\/David-Armando-De-Paz-Lopez-2-150x150.jpeg 150w, https:\/\/soymigrante.com\/revista\/wp-content\/uploads\/2025\/01\/David-Armando-De-Paz-Lopez-2-768x768.jpeg 768w, https:\/\/soymigrante.com\/revista\/wp-content\/uploads\/2025\/01\/David-Armando-De-Paz-Lopez-2-75x75.webp 75w, https:\/\/soymigrante.com\/revista\/wp-content\/uploads\/2025\/01\/David-Armando-De-Paz-Lopez-2-750x750.webp 750w\" sizes=\"(max-width: 914px) 100vw, 914px\" \/>\n            <\/div>\n        <\/div><div class=\"eael-entry-wrapper\"><header class=\"eael-entry-header\"><h2 class=\"eael-entry-title\"><a class=\"eael-grid-post-link\" href=\"https:\/\/soymigrante.com\/revista\/artista-david-de-paz-convierte-el-sentimiento-en-pinturas-de-arte-qeq\/\" title=\"Artista David de Paz transforma emociones en la expresi\u00f3n viva de Arte Q&#8217;eq y est\u00e1 en Mercado\">Artista David de Paz transforma emociones en la expresi\u00f3n viva de Arte Q&#8217;eq y est\u00e1 en Mercado<\/a><\/h2><\/header><div class=\"eael-entry-content\">\n                        <div class=\"eael-grid-post-excerpt\"><a href=\"https:\/\/soymigrante.com\/revista\/artista-david-de-paz-convierte-el-sentimiento-en-pinturas-de-arte-qeq\/\" class=\"eael-post-elements-readmore-btn\">CONOCE SU HISTORIA <\/a><\/div>\n                    <\/div><\/div><\/div>\n        <\/div>\n    <\/article><\/div>\n            <div class=\"clearfix\"><\/div>\n        <\/div>\t\t\t\t<\/div>\n\t\t\t\t\t<\/div>\n\t\t\t\t<\/div>\n\t\t\t\t<\/div>\n\t\t","protected":false},"excerpt":{"rendered":"<p>Manolo Gallardo (1936-2021) ten\u00eda un trazo prodigioso y una pincelada que convert\u00eda en realidad cada rostro, cada cuerpo y cada textura representada. Una gran ausencia se marc\u00f3 en la escena art\u00edstica guatemalteca con la muerte de Manolo Gallardo Mansylla, uno de los pintores, escultores, dibujantes y retratistas m\u00e1s destacados de su generaci\u00f3n.\u00a0 Falleci\u00f3 el domingo [&hellip;]<\/p>\n","protected":false},"author":19,"featured_media":45288,"comment_status":"open","ping_status":"open","sticky":false,"template":"","format":"standard","meta":{"_acf_changed":false,"_eb_attr":"","footnotes":""},"categories":[91,58],"tags":[],"class_list":["post-44421","post","type-post","status-publish","format-standard","has-post-thumbnail","hentry","category-arte-cultura","category-guate-nuestra"],"acf":[],"aioseo_notices":[],"aioseo_head":"\n\t\t<!-- All in One SEO Pro 4.9.6.2 - aioseo.com -->\n\t<meta name=\"description\" content=\"David Armando De Paz L\u00f3pez encontr\u00f3 en el arte su su pasi\u00f3n. Su emprendimiento Arte Q\u2019eq, celebra la belleza de la vida y est\u00e1 presente en SoyMigrante MERCADO.\" \/>\n\t<meta name=\"robots\" content=\"max-snippet:-1, max-image-preview:large, max-video-preview:-1\" \/>\n\t<meta name=\"author\" content=\"Beatriz Tercero\"\/>\n\t<link rel=\"canonical\" href=\"https:\/\/soymigrante.com\/revista\/artista-david-de-paz-convierte-el-sentimiento-en-pinturas-de-arte-qeq\/\" \/>\n\t<meta name=\"generator\" content=\"All in One SEO Pro (AIOSEO) 4.9.6.2\" \/>\n\n\t\t<link rel=\"preconnect\" href=\"https:\/\/fonts.googleapis.com\" crossorigin>\n<link rel=\"preconnect\" href=\"https:\/\/fonts.gstatic.com\" crossorigin>\n\t\t<meta property=\"og:locale\" content=\"es_ES\" \/>\n\t\t<meta property=\"og:site_name\" content=\"SoyMigrante.com REVISTA \u2013 Nuestra misi\u00f3n es reconocer y dignificar al migrante.\" \/>\n\t\t<meta property=\"og:type\" content=\"article\" \/>\n\t\t<meta property=\"og:title\" content=\"Arte Q\u2019eq: Donde las emociones se transforman en arte\" \/>\n\t\t<meta property=\"og:description\" content=\"David Armando De Paz L\u00f3pez encontr\u00f3 en el arte su su pasi\u00f3n. Su emprendimiento Arte Q\u2019eq, celebra la belleza de la vida y est\u00e1 presente en SoyMigrante MERCADO.\" \/>\n\t\t<meta property=\"og:url\" content=\"https:\/\/soymigrante.com\/revista\/artista-david-de-paz-convierte-el-sentimiento-en-pinturas-de-arte-qeq\/\" \/>\n\t\t<meta property=\"og:image\" content=\"https:\/\/soymigrante.com\/revista\/wp-content\/uploads\/2025\/01\/David-Armando-De-Paz-Lopez-2.webp\" \/>\n\t\t<meta property=\"og:image:secure_url\" content=\"https:\/\/soymigrante.com\/revista\/wp-content\/uploads\/2025\/01\/David-Armando-De-Paz-Lopez-2.webp\" \/>\n\t\t<meta property=\"og:image:width\" content=\"914\" \/>\n\t\t<meta property=\"og:image:height\" content=\"914\" \/>\n\t\t<meta property=\"article:published_time\" content=\"2025-01-07T14:44:25+00:00\" \/>\n\t\t<meta property=\"article:modified_time\" content=\"2025-07-19T21:48:58+00:00\" \/>\n\t\t<meta property=\"article:publisher\" content=\"https:\/\/www.facebook.com\/soymigrantecom\" \/>\n\t\t<meta name=\"twitter:card\" content=\"summary_large_image\" \/>\n\t\t<meta name=\"twitter:site\" content=\"@SoyMigrante_com\" \/>\n\t\t<meta name=\"twitter:title\" content=\"Arte Q\u2019eq: Donde las emociones se transforman en arte\" \/>\n\t\t<meta name=\"twitter:description\" content=\"David Armando De Paz L\u00f3pez encontr\u00f3 en el arte su su pasi\u00f3n. Su emprendimiento Arte Q\u2019eq, celebra la belleza de la vida y est\u00e1 presente en SoyMigrante MERCADO.\" \/>\n\t\t<meta name=\"twitter:creator\" content=\"@SoyMigrante_com\" \/>\n\t\t<meta name=\"twitter:image\" content=\"https:\/\/soymigrante.com\/revista\/wp-content\/uploads\/2025\/01\/David-Armando-De-Paz-Lopez-2.webp\" \/>\n\t\t<!-- All in One SEO Pro -->\r\n\t\t<title>Arte Q\u2019eq: Donde las emociones se transforman en arte<\/title>\n\n","aioseo_head_json":{"title":"Arte Q\u2019eq: Donde las emociones se transforman en arte","description":"David Armando De Paz L\u00f3pez encontr\u00f3 en el arte su su pasi\u00f3n. Su emprendimiento Arte Q\u2019eq, celebra la belleza de la vida y est\u00e1 presente en SoyMigrante MERCADO.","canonical_url":"https:\/\/soymigrante.com\/revista\/artista-david-de-paz-convierte-el-sentimiento-en-pinturas-de-arte-qeq\/","robots":"max-snippet:-1, max-image-preview:large, max-video-preview:-1","keywords":"","webmasterTools":{"miscellaneous":"&lt;link rel=\"preconnect\" href=\"https:\/\/fonts.googleapis.com\" crossorigin&gt;\n&lt;link rel=\"preconnect\" href=\"https:\/\/fonts.gstatic.com\" crossorigin&gt;"},"schema":null,"og:locale":"es_ES","og:site_name":"SoyMigrante.com REVISTA \u2013 Nuestra misi\u00f3n es reconocer y dignificar al migrante.","og:type":"article","og:title":"Arte Q\u2019eq: Donde las emociones se transforman en arte","og:description":"David Armando De Paz L\u00f3pez encontr\u00f3 en el arte su su pasi\u00f3n. Su emprendimiento Arte Q\u2019eq, celebra la belleza de la vida y est\u00e1 presente en SoyMigrante MERCADO.","og:url":"https:\/\/soymigrante.com\/revista\/artista-david-de-paz-convierte-el-sentimiento-en-pinturas-de-arte-qeq\/","og:image":"https:\/\/soymigrante.com\/revista\/wp-content\/uploads\/2025\/01\/David-Armando-De-Paz-Lopez-2.webp","og:image:secure_url":"https:\/\/soymigrante.com\/revista\/wp-content\/uploads\/2025\/01\/David-Armando-De-Paz-Lopez-2.webp","og:image:width":914,"og:image:height":914,"article:published_time":"2025-01-07T14:44:25+00:00","article:modified_time":"2025-07-19T21:48:58+00:00","article:publisher":"https:\/\/www.facebook.com\/soymigrantecom","twitter:card":"summary_large_image","twitter:site":"@SoyMigrante_com","twitter:title":"Arte Q\u2019eq: Donde las emociones se transforman en arte","twitter:description":"David Armando De Paz L\u00f3pez encontr\u00f3 en el arte su su pasi\u00f3n. Su emprendimiento Arte Q\u2019eq, celebra la belleza de la vida y est\u00e1 presente en SoyMigrante MERCADO.","twitter:creator":"@SoyMigrante_com","twitter:image":"https:\/\/soymigrante.com\/revista\/wp-content\/uploads\/2025\/01\/David-Armando-De-Paz-Lopez-2.webp"},"aioseo_meta_data":{"post_id":"44421","title":null,"description":"Nadie se quedaba indiferente ante las obras del pintor Manolo Gallardo (1936-2021), quien cultiv\u00f3 un estilo de extremo realismo que ten\u00eda vida propia.","keywords":null,"keyphrases":{"focus":{"keyphrase":"Manolo gallardo","score":91,"analysis":{"keyphraseInTitle":{"score":9,"maxScore":9,"error":0},"keyphraseInDescription":{"score":9,"maxScore":9,"error":0},"keyphraseLength":{"score":9,"maxScore":9,"error":0,"length":2},"keyphraseInURL":{"score":5,"maxScore":5,"error":0},"keyphraseInIntroduction":{"score":9,"maxScore":9,"error":0},"keyphraseInSubHeadings":{"score":3,"maxScore":9,"error":1},"keyphraseInImageAlt":{"score":9,"maxScore":9,"error":0},"keywordDensity":{"type":"best","score":9,"maxScore":9,"error":0}}},"additional":[{"keyphrase":"Guatemala","score":73,"analysis":{"keyphraseInDescription":{"score":3,"maxScore":9,"error":1},"keyphraseLength":{"score":9,"maxScore":9,"error":0,"length":1},"keyphraseInIntroduction":{"score":3,"maxScore":9,"error":1},"keyphraseInImageAlt":{"score":9,"maxScore":9,"error":0},"keywordDensity":{"type":"best","score":9,"maxScore":9,"error":0}}},{"keyphrase":"arte","score":87,"analysis":{"keyphraseInDescription":{"score":3,"maxScore":9,"error":1},"keyphraseLength":{"score":9,"maxScore":9,"error":0,"length":1},"keyphraseInIntroduction":{"score":9,"maxScore":9,"error":0},"keyphraseInImageAlt":{"score":9,"maxScore":9,"error":0},"keywordDensity":{"type":"best","score":9,"maxScore":9,"error":0}}}]},"primary_term":null,"canonical_url":null,"og_title":null,"og_description":null,"og_object_type":"default","og_image_type":"default","og_image_url":null,"og_image_width":null,"og_image_height":null,"og_image_custom_url":null,"og_image_custom_fields":null,"og_video":"","og_custom_url":null,"og_article_section":null,"og_article_tags":null,"twitter_use_og":false,"twitter_card":"default","twitter_image_type":"default","twitter_image_url":null,"twitter_image_custom_url":null,"twitter_image_custom_fields":null,"twitter_title":null,"twitter_description":null,"schema":{"blockGraphs":[],"customGraphs":[],"default":{"data":{"Article":[],"Course":[],"Dataset":[],"FAQPage":[],"Movie":[],"Person":[],"Product":[],"ProductReview":[],"Car":[],"Recipe":[],"Service":[],"SoftwareApplication":[],"WebPage":[]},"graphName":"none","isEnabled":true},"graphs":[]},"schema_type":"default","schema_type_options":null,"pillar_content":false,"robots_default":true,"robots_noindex":false,"robots_noarchive":false,"robots_nosnippet":false,"robots_nofollow":false,"robots_noimageindex":false,"robots_noodp":false,"robots_notranslate":false,"robots_max_snippet":"-1","robots_max_videopreview":"-1","robots_max_imagepreview":"large","priority":null,"frequency":"default","local_seo":null,"seo_analyzer_scan_date":"2025-10-09 08:37:43","breadcrumb_settings":null,"limit_modified_date":false,"reviewed_by":"0","open_ai":null,"ai":{"faqs":[],"keyPoints":[],"titles":[],"descriptions":[],"socialPosts":{"email":[],"linkedin":[],"twitter":[],"facebook":[],"instagram":[]}},"created":"2025-09-11 17:44:51","updated":"2026-02-05 05:38:36"},"aioseo_breadcrumb":"<div class=\"aioseo-breadcrumbs\"><span class=\"aioseo-breadcrumb\">\n\t<a href=\"https:\/\/soymigrante.com\/revista\" title=\"Home\">Home<\/a>\n<\/span><span class=\"aioseo-breadcrumb-separator\">\u00bb<\/span><span class=\"aioseo-breadcrumb\">\n\t<a href=\"https:\/\/soymigrante.com\/revista\/category\/guate-nuestra\/\" title=\"Guate Nuestra\">Guate Nuestra<\/a>\n<\/span><span class=\"aioseo-breadcrumb-separator\">\u00bb<\/span><span class=\"aioseo-breadcrumb\">\n\t<a href=\"https:\/\/soymigrante.com\/revista\/category\/guate-nuestra\/arte-cultura\/\" title=\"Cultura de Guatemala\">Cultura de Guatemala<\/a>\n<\/span><span class=\"aioseo-breadcrumb-separator\">\u00bb<\/span><span class=\"aioseo-breadcrumb\">\n\tMira arte guatemalteco: el m\u00e1gico realismo de Manolo Gallardo\n<\/span><\/div>","aioseo_breadcrumb_json":[{"label":"Home","link":"https:\/\/soymigrante.com\/revista"},{"label":"Guate Nuestra","link":"https:\/\/soymigrante.com\/revista\/category\/guate-nuestra\/"},{"label":"Cultura de Guatemala","link":"https:\/\/soymigrante.com\/revista\/category\/guate-nuestra\/arte-cultura\/"},{"label":"Mira arte guatemalteco: el m\u00e1gico realismo de Manolo Gallardo","link":"https:\/\/soymigrante.com\/revista\/mira-arte-guatemalteco-el-magico-realismo-de-manolo-gallardo\/"}],"_links":{"self":[{"href":"https:\/\/soymigrante.com\/revista\/wp-json\/wp\/v2\/posts\/44421","targetHints":{"allow":["GET"]}}],"collection":[{"href":"https:\/\/soymigrante.com\/revista\/wp-json\/wp\/v2\/posts"}],"about":[{"href":"https:\/\/soymigrante.com\/revista\/wp-json\/wp\/v2\/types\/post"}],"author":[{"embeddable":true,"href":"https:\/\/soymigrante.com\/revista\/wp-json\/wp\/v2\/users\/19"}],"replies":[{"embeddable":true,"href":"https:\/\/soymigrante.com\/revista\/wp-json\/wp\/v2\/comments?post=44421"}],"version-history":[{"count":16,"href":"https:\/\/soymigrante.com\/revista\/wp-json\/wp\/v2\/posts\/44421\/revisions"}],"predecessor-version":[{"id":45362,"href":"https:\/\/soymigrante.com\/revista\/wp-json\/wp\/v2\/posts\/44421\/revisions\/45362"}],"wp:featuredmedia":[{"embeddable":true,"href":"https:\/\/soymigrante.com\/revista\/wp-json\/wp\/v2\/media\/45288"}],"wp:attachment":[{"href":"https:\/\/soymigrante.com\/revista\/wp-json\/wp\/v2\/media?parent=44421"}],"wp:term":[{"taxonomy":"category","embeddable":true,"href":"https:\/\/soymigrante.com\/revista\/wp-json\/wp\/v2\/categories?post=44421"},{"taxonomy":"post_tag","embeddable":true,"href":"https:\/\/soymigrante.com\/revista\/wp-json\/wp\/v2\/tags?post=44421"}],"curies":[{"name":"wp","href":"https:\/\/api.w.org\/{rel}","templated":true}]}}