{"id":44319,"date":"2025-09-11T06:00:00","date_gmt":"2025-09-11T12:00:00","guid":{"rendered":"https:\/\/soymigrante.com\/revista\/?p=44319"},"modified":"2025-09-10T20:40:15","modified_gmt":"2025-09-11T02:40:15","slug":"ancestrales-guardianes-de-tierra-los-riscos-de-momostenango","status":"publish","type":"post","link":"https:\/\/soymigrante.com\/revista\/ancestrales-guardianes-de-tierra-los-riscos-de-momostenango\/","title":{"rendered":"Riscos de Momostenango son enigm\u00e1ticos guardianes"},"content":{"rendered":"\t\t<div data-elementor-type=\"wp-post\" data-elementor-id=\"44319\" class=\"elementor elementor-44319\" data-elementor-post-type=\"post\">\n\t\t\t\t<div data-particle_enable=\"false\" data-particle-mobile-disabled=\"false\" class=\"elementor-element elementor-element-9808e35 e-flex e-con-boxed e-con e-parent\" data-id=\"9808e35\" data-element_type=\"container\" data-e-type=\"container\">\n\t\t\t\t\t<div class=\"e-con-inner\">\n\t\t\t\t<div class=\"elementor-element elementor-element-284fd0d elementor-widget elementor-widget-heading\" data-id=\"284fd0d\" data-element_type=\"widget\" data-e-type=\"widget\" data-widget_type=\"heading.default\">\n\t\t\t\t\t<h2 class=\"elementor-heading-title elementor-size-default\">Los riscos de Momostenango son los guardianes de la historia y tradiciones, las rocas parecen esculturas talladas por gigantes. \n<\/h2>\t\t\t\t<\/div>\n\t\t\t\t\t<\/div>\n\t\t\t\t<\/div>\n\t\t<div data-particle_enable=\"false\" data-particle-mobile-disabled=\"false\" class=\"elementor-element elementor-element-0f84f21 e-flex e-con-boxed e-con e-parent\" data-id=\"0f84f21\" data-element_type=\"container\" data-e-type=\"container\">\n\t\t\t\t\t<div class=\"e-con-inner\">\n\t\t\t\t<div class=\"elementor-element elementor-element-03424cf elementor-widget elementor-widget-text-editor\" data-id=\"03424cf\" data-element_type=\"widget\" data-e-type=\"widget\" data-widget_type=\"text-editor.default\">\n\t\t\t\t\t\t\t\t\t<p>En el coraz\u00f3n de Totonicap\u00e1n, Guatemala, se levantan majestuosos los Riscos de Momostenango, un conjunto de formaciones rocosas que parecen esculturas talladas por gigantes. Este sitio natural no solo es un atractivo tur\u00edstico, sino tambi\u00e9n un s\u00edmbolo cultural y espiritual para la poblaci\u00f3n local.<\/p>\t\t\t\t\t\t\t\t<\/div>\n\t\t\t\t\t<\/div>\n\t\t\t\t<\/div>\n\t\t<div data-particle_enable=\"false\" data-particle-mobile-disabled=\"false\" class=\"elementor-element elementor-element-5e18d4a e-flex e-con-boxed e-con e-parent\" data-id=\"5e18d4a\" data-element_type=\"container\" data-e-type=\"container\">\n\t\t\t\t\t<div class=\"e-con-inner\">\n\t\t\t\t<div class=\"elementor-element elementor-element-198a201 elementor-widget elementor-widget-heading\" data-id=\"198a201\" data-element_type=\"widget\" data-e-type=\"widget\" data-widget_type=\"heading.default\">\n\t\t\t\t\t<h3 class=\"elementor-heading-title elementor-size-default\">\u00bfCu\u00e1ntos son y qu\u00e9 los hace \u00fanicos?<\/h3>\t\t\t\t<\/div>\n\t\t\t\t\t<\/div>\n\t\t\t\t<\/div>\n\t\t<div data-particle_enable=\"false\" data-particle-mobile-disabled=\"false\" class=\"elementor-element elementor-element-3a003b5 e-flex e-con-boxed e-con e-parent\" data-id=\"3a003b5\" data-element_type=\"container\" data-e-type=\"container\">\n\t\t\t\t\t<div class=\"e-con-inner\">\n\t\t\t\t<div class=\"elementor-element elementor-element-85a7120 elementor-widget elementor-widget-text-editor\" data-id=\"85a7120\" data-element_type=\"widget\" data-e-type=\"widget\" data-widget_type=\"text-editor.default\">\n\t\t\t\t\t\t\t\t\t<p><a href=\"https:\/\/soymigrante.com\/revista\/el-fervor-de-semana-santa-en-momostenango-refleja-el-fotografo-marcos-zarate\/\" target=\"_blank\" rel=\"noopener\">Los riscos son m\u00e1s de 200 columnas de piedra arenisca que se elevan hasta 15 metros de altura en algunos puntos, distribuidos en un \u00e1rea de m\u00e1s de 30 hect\u00e1reas<\/a>. Con el paso de miles de a\u00f1os, la erosi\u00f3n del agua y el viento dio forma a estas impresionantes torres naturales que hoy atraen tanto a viajeros como a investigadores.<\/p>\t\t\t\t\t\t\t\t<\/div>\n\t\t\t\t\t<\/div>\n\t\t\t\t<\/div>\n\t\t<div data-particle_enable=\"false\" data-particle-mobile-disabled=\"false\" class=\"elementor-element elementor-element-6a1d5bf e-flex e-con-boxed e-con e-parent\" data-id=\"6a1d5bf\" data-element_type=\"container\" data-e-type=\"container\">\n\t\t\t\t\t<div class=\"e-con-inner\">\n\t\t\t\t<div class=\"elementor-element elementor-element-2f95f0a elementor-widget elementor-widget-image\" data-id=\"2f95f0a\" data-element_type=\"widget\" data-e-type=\"widget\" data-widget_type=\"image.default\">\n\t\t\t\t\t\t\t\t\t\t\t\t<figure class=\"wp-caption\">\n\t\t\t\t\t\t\t\t\t\t<img fetchpriority=\"high\" decoding=\"async\" width=\"1024\" height=\"678\" src=\"https:\/\/soymigrante.com\/revista\/wp-content\/uploads\/2025\/09\/riscos-de-momostenango-1-1024x678.jpg\" class=\"attachment-large size-large wp-image-44327\" alt=\"Momostenango es un lugar lleno de cultura y tradiciones. (Foto: INGUAT)\" srcset=\"https:\/\/soymigrante.com\/revista\/wp-content\/uploads\/2025\/09\/riscos-de-momostenango-1-1024x678.jpg 1024w, https:\/\/soymigrante.com\/revista\/wp-content\/uploads\/2025\/09\/riscos-de-momostenango-1-300x199.jpg 300w, https:\/\/soymigrante.com\/revista\/wp-content\/uploads\/2025\/09\/riscos-de-momostenango-1-768x508.jpg 768w, https:\/\/soymigrante.com\/revista\/wp-content\/uploads\/2025\/09\/riscos-de-momostenango-1-750x497.jpg 750w, https:\/\/soymigrante.com\/revista\/wp-content\/uploads\/2025\/09\/riscos-de-momostenango-1.jpg 1080w\" sizes=\"(max-width: 1024px) 100vw, 1024px\" title=\"Momostenango es un lugar lleno de cultura y tradiciones. (Foto: INGUAT) \u2013 SoyMigrante.com REVISTA\" \/>\t\t\t\t\t\t\t\t\t\t\t<figcaption class=\"widget-image-caption wp-caption-text\">Momostenango es un lugar lleno de cultura y tradiciones. (Foto: INGUAT)<\/figcaption>\n\t\t\t\t\t\t\t\t\t\t<\/figure>\n\t\t\t\t\t\t\t\t\t<\/div>\n\t\t\t\t\t<\/div>\n\t\t\t\t<\/div>\n\t\t<div data-particle_enable=\"false\" data-particle-mobile-disabled=\"false\" class=\"elementor-element elementor-element-84d13dc e-flex e-con-boxed e-con e-parent\" data-id=\"84d13dc\" data-element_type=\"container\" data-e-type=\"container\">\n\t\t\t\t\t<div class=\"e-con-inner\">\n\t\t\t\t<div class=\"elementor-element elementor-element-0459470 elementor-widget elementor-widget-heading\" data-id=\"0459470\" data-element_type=\"widget\" data-e-type=\"widget\" data-widget_type=\"heading.default\">\n\t\t\t\t\t<h3 class=\"elementor-heading-title elementor-size-default\">Un espacio para la naturaleza y la espiritualidad<\/h3>\t\t\t\t<\/div>\n\t\t\t\t\t<\/div>\n\t\t\t\t<\/div>\n\t\t<div data-particle_enable=\"false\" data-particle-mobile-disabled=\"false\" class=\"elementor-element elementor-element-0d7fcad e-flex e-con-boxed e-con e-parent\" data-id=\"0d7fcad\" data-element_type=\"container\" data-e-type=\"container\">\n\t\t\t\t\t<div class=\"e-con-inner\">\n\t\t\t\t<div class=\"elementor-element elementor-element-a75a65a elementor-widget elementor-widget-text-editor\" data-id=\"a75a65a\" data-element_type=\"widget\" data-e-type=\"widget\" data-widget_type=\"text-editor.default\">\n\t\t\t\t\t\t\t\t\t<p>El lugar no solo deslumbra por su belleza, tambi\u00e9n es considerado un espacio sagrado. Diversas comunidades mayas de la regi\u00f3n realizan ceremonias en honor a la naturaleza y a sus ancestros en los alrededores de los riscos. Para los habitantes de Momostenango, estas formaciones son un recordatorio de la conexi\u00f3n entre el ser humano y la tierra.<\/p>\t\t\t\t\t\t\t\t<\/div>\n\t\t\t\t\t<\/div>\n\t\t\t\t<\/div>\n\t\t<div data-particle_enable=\"false\" data-particle-mobile-disabled=\"false\" class=\"elementor-element elementor-element-e52d7dc e-flex e-con-boxed e-con e-parent\" data-id=\"e52d7dc\" data-element_type=\"container\" data-e-type=\"container\">\n\t\t\t\t\t<div class=\"e-con-inner\">\n\t\t\t\t<div class=\"elementor-element elementor-element-38fd4af elementor-widget elementor-widget-heading\" data-id=\"38fd4af\" data-element_type=\"widget\" data-e-type=\"widget\" data-widget_type=\"heading.default\">\n\t\t\t\t\t<h3 class=\"elementor-heading-title elementor-size-default\">\u00bfQu\u00e9 debemos conocer si visitamos?<\/h3>\t\t\t\t<\/div>\n\t\t\t\t\t<\/div>\n\t\t\t\t<\/div>\n\t\t<div data-particle_enable=\"false\" data-particle-mobile-disabled=\"false\" class=\"elementor-element elementor-element-bf0bd2c e-flex e-con-boxed e-con e-parent\" data-id=\"bf0bd2c\" data-element_type=\"container\" data-e-type=\"container\">\n\t\t\t\t\t<div class=\"e-con-inner\">\n\t\t\t\t<div class=\"elementor-element elementor-element-b541d03 elementor-widget elementor-widget-text-editor\" data-id=\"b541d03\" data-element_type=\"widget\" data-e-type=\"widget\" data-widget_type=\"text-editor.default\">\n\t\t\t\t\t\t\t\t\t<div><strong>\u2022 Ubicaci\u00f3n:<\/strong> Se encuentran a unos 8 kil\u00f3metros del casco urbano de Momostenango, en Totonicap\u00e1n.<\/div><div><strong>\u2022Paisajes:<\/strong> Adem\u00e1s de los riscos, la zona ofrece miradores naturales desde donde se aprecian monta\u00f1as, bosques de pino y un cielo despejado.<\/div><div><strong>\u2022Clima:<\/strong> La temperatura es fresca, t\u00edpica del altiplano guatemalteco, con ma\u00f1anas soleadas y noches fr\u00edas.<\/div><div><strong>\u2022Accesibilidad:<\/strong> El ingreso suele hacerse por carretera de terracer\u00eda; se recomienda veh\u00edculo adecuado o contratar gu\u00edas locales.<\/div>\t\t\t\t\t\t\t\t<\/div>\n\t\t\t\t\t<\/div>\n\t\t\t\t<\/div>\n\t\t<div data-particle_enable=\"false\" data-particle-mobile-disabled=\"false\" class=\"elementor-element elementor-element-08f658e e-flex e-con-boxed e-con e-parent\" data-id=\"08f658e\" data-element_type=\"container\" data-e-type=\"container\">\n\t\t\t\t\t<div class=\"e-con-inner\">\n\t\t\t\t<div class=\"elementor-element elementor-element-c6f1e08 elementor-widget elementor-widget-heading\" data-id=\"c6f1e08\" data-element_type=\"widget\" data-e-type=\"widget\" data-widget_type=\"heading.default\">\n\t\t\t\t\t<h3 class=\"elementor-heading-title elementor-size-default\">Un destino tur\u00edstico en crecimiento<\/h3>\t\t\t\t<\/div>\n\t\t\t\t\t<\/div>\n\t\t\t\t<\/div>\n\t\t<div data-particle_enable=\"false\" data-particle-mobile-disabled=\"false\" class=\"elementor-element elementor-element-fb113ba e-flex e-con-boxed e-con e-parent\" data-id=\"fb113ba\" data-element_type=\"container\" data-e-type=\"container\">\n\t\t\t\t\t<div class=\"e-con-inner\">\n\t\t\t\t<div class=\"elementor-element elementor-element-7bafb45 elementor-widget elementor-widget-text-editor\" data-id=\"7bafb45\" data-element_type=\"widget\" data-e-type=\"widget\" data-widget_type=\"text-editor.default\">\n\t\t\t\t\t\t\t\t\t<p><a href=\"https:\/\/soymigrante.com\/revista\/el-fervor-de-semana-santa-en-momostenango-refleja-el-fotografo-marcos-zarate\/\" target=\"_blank\" rel=\"noopener\">En los \u00faltimos a\u00f1os, los riscos se han convertido en un punto de atracci\u00f3n para el turismo ecol\u00f3gico y cultural.<\/a> Visitantes nacionales y extranjeros llegan para caminar entre las formaciones, fotografiar los paisajes y aprender sobre las tradiciones mayas que rodean este lugar.<\/p><p>El gu\u00eda tur\u00edstico local, Juan Chay, comenta: \u201cCada risco tiene su historia. Para nosotros no son solo piedras, son parte de la memoria de nuestros abuelos y un regalo de la naturaleza que debemos cuidar\u201d.<\/p>\t\t\t\t\t\t\t\t<\/div>\n\t\t\t\t\t<\/div>\n\t\t\t\t<\/div>\n\t\t<div data-particle_enable=\"false\" data-particle-mobile-disabled=\"false\" class=\"elementor-element elementor-element-8019f9e e-flex e-con-boxed e-con e-parent\" data-id=\"8019f9e\" data-element_type=\"container\" data-e-type=\"container\">\n\t\t\t\t\t<div class=\"e-con-inner\">\n\t\t\t\t<div class=\"elementor-element elementor-element-9e308ee elementor-widget elementor-widget-image\" data-id=\"9e308ee\" data-element_type=\"widget\" data-e-type=\"widget\" data-widget_type=\"image.default\">\n\t\t\t\t\t\t\t\t\t\t\t\t<figure class=\"wp-caption\">\n\t\t\t\t\t\t\t\t\t\t<img decoding=\"async\" width=\"885\" height=\"500\" src=\"https:\/\/soymigrante.com\/revista\/wp-content\/uploads\/2025\/09\/riscos-de-momostenango-5.jpg\" class=\"attachment-large size-large wp-image-44328\" alt=\"Los riscos de Momostenango se caracterizan por su grandeza. (Foto: INGUAT)\" srcset=\"https:\/\/soymigrante.com\/revista\/wp-content\/uploads\/2025\/09\/riscos-de-momostenango-5.jpg 885w, https:\/\/soymigrante.com\/revista\/wp-content\/uploads\/2025\/09\/riscos-de-momostenango-5-300x169.jpg 300w, https:\/\/soymigrante.com\/revista\/wp-content\/uploads\/2025\/09\/riscos-de-momostenango-5-768x434.jpg 768w, https:\/\/soymigrante.com\/revista\/wp-content\/uploads\/2025\/09\/riscos-de-momostenango-5-750x424.jpg 750w\" sizes=\"(max-width: 885px) 100vw, 885px\" title=\"Los riscos de Momostenango se caracterizan por su grandeza. (Foto: INGUAT) \u2013 SoyMigrante.com REVISTA\" \/>\t\t\t\t\t\t\t\t\t\t\t<figcaption class=\"widget-image-caption wp-caption-text\">Los riscos de Momostenango se caracterizan por su grandeza. (Foto: INGUAT)<\/figcaption>\n\t\t\t\t\t\t\t\t\t\t<\/figure>\n\t\t\t\t\t\t\t\t\t<\/div>\n\t\t\t\t\t<\/div>\n\t\t\t\t<\/div>\n\t\t<div data-particle_enable=\"false\" data-particle-mobile-disabled=\"false\" class=\"elementor-element elementor-element-1df5868 e-flex e-con-boxed e-con e-parent\" data-id=\"1df5868\" data-element_type=\"container\" data-e-type=\"container\">\n\t\t\t\t\t<div class=\"e-con-inner\">\n\t\t\t\t<div class=\"elementor-element elementor-element-743f725 elementor-widget elementor-widget-heading\" data-id=\"743f725\" data-element_type=\"widget\" data-e-type=\"widget\" data-widget_type=\"heading.default\">\n\t\t\t\t\t<h3 class=\"elementor-heading-title elementor-size-default\">Importancia en la historia y la ciencia<\/h3>\t\t\t\t<\/div>\n\t\t\t\t\t<\/div>\n\t\t\t\t<\/div>\n\t\t<div data-particle_enable=\"false\" data-particle-mobile-disabled=\"false\" class=\"elementor-element elementor-element-fd07888 e-flex e-con-boxed e-con e-parent\" data-id=\"fd07888\" data-element_type=\"container\" data-e-type=\"container\">\n\t\t\t\t\t<div class=\"e-con-inner\">\n\t\t\t\t<div class=\"elementor-element elementor-element-17f30a8 elementor-widget elementor-widget-text-editor\" data-id=\"17f30a8\" data-element_type=\"widget\" data-e-type=\"widget\" data-widget_type=\"text-editor.default\">\n\t\t\t\t\t\t\t\t\t<p>Los ge\u00f3logos consideran que los riscos son un ejemplo vivo de c\u00f3mo la erosi\u00f3n puede moldear el paisaje durante millones de a\u00f1os. Por su parte, los historiadores destacan que la zona ha sido testigo de rituales mayas desde tiempos antiguos, convirti\u00e9ndose en un punto de encuentro entre la ciencia y la espiritualidad.<\/p>\t\t\t\t\t\t\t\t<\/div>\n\t\t\t\t\t<\/div>\n\t\t\t\t<\/div>\n\t\t<div data-particle_enable=\"false\" data-particle-mobile-disabled=\"false\" class=\"elementor-element elementor-element-6f2bd69 e-flex e-con-boxed e-con e-parent\" data-id=\"6f2bd69\" data-element_type=\"container\" data-e-type=\"container\">\n\t\t\t\t\t<div class=\"e-con-inner\">\n\t\t\t\t<div class=\"elementor-element elementor-element-2dc062e elementor-widget elementor-widget-heading\" data-id=\"2dc062e\" data-element_type=\"widget\" data-e-type=\"widget\" data-widget_type=\"heading.default\">\n\t\t\t\t\t<h3 class=\"elementor-heading-title elementor-size-default\">Un llamado a conservarlos<\/h3>\t\t\t\t<\/div>\n\t\t\t\t\t<\/div>\n\t\t\t\t<\/div>\n\t\t<div data-particle_enable=\"false\" data-particle-mobile-disabled=\"false\" class=\"elementor-element elementor-element-0a3296f e-flex e-con-boxed e-con e-parent\" data-id=\"0a3296f\" data-element_type=\"container\" data-e-type=\"container\">\n\t\t\t\t\t<div class=\"e-con-inner\">\n\t\t\t\t<div class=\"elementor-element elementor-element-6e07dad elementor-widget elementor-widget-text-editor\" data-id=\"6e07dad\" data-element_type=\"widget\" data-e-type=\"widget\" data-widget_type=\"text-editor.default\">\n\t\t\t\t\t\t\t\t\t<p><a href=\"https:\/\/soymigrante.com\/revista\/el-fervor-de-semana-santa-en-momostenango-refleja-el-fotografo-marcos-zarate\/\" target=\"_blank\" rel=\"noopener\">Como todo patrimonio natural, los riesgos enfrentan amenazas:<\/a> la deforestaci\u00f3n, la contaminaci\u00f3n y la falta de control en el turismo masivo. Las comunidades locales han impulsado proyectos para conservar el \u00e1rea y promover visitas responsables que respeten tanto la naturaleza como las pr\u00e1cticas culturales.<\/p>\t\t\t\t\t\t\t\t<\/div>\n\t\t\t\t\t<\/div>\n\t\t\t\t<\/div>\n\t\t<div data-particle_enable=\"false\" data-particle-mobile-disabled=\"false\" class=\"elementor-element elementor-element-ec4ab3b e-flex e-con-boxed e-con e-parent\" data-id=\"ec4ab3b\" data-element_type=\"container\" data-e-type=\"container\">\n\t\t\t\t\t<div class=\"e-con-inner\">\n\t\t\t\t<div class=\"elementor-element elementor-element-61816a0 elementor-widget elementor-widget-heading\" data-id=\"61816a0\" data-element_type=\"widget\" data-e-type=\"widget\" data-widget_type=\"heading.default\">\n\t\t\t\t\t<h3 class=\"elementor-heading-title elementor-size-default\">De Momostenango para el mundo<\/h3>\t\t\t\t<\/div>\n\t\t\t\t\t<\/div>\n\t\t\t\t<\/div>\n\t\t<div data-particle_enable=\"false\" data-particle-mobile-disabled=\"false\" class=\"elementor-element elementor-element-c119666 e-flex e-con-boxed e-con e-parent\" data-id=\"c119666\" data-element_type=\"container\" data-e-type=\"container\">\n\t\t\t\t\t<div class=\"e-con-inner\">\n\t\t\t\t<div class=\"elementor-element elementor-element-feddf68 elementor-widget elementor-widget-text-editor\" data-id=\"feddf68\" data-element_type=\"widget\" data-e-type=\"widget\" data-widget_type=\"text-editor.default\">\n\t\t\t\t\t\t\t\t\t<p><a href=\"https:\/\/soymigrante.com\/revista\/el-fervor-de-semana-santa-en-momostenango-refleja-el-fotografo-marcos-zarate\/\" target=\"_blank\" rel=\"noopener\">Los Riscos de Momostenango son mucho m\u00e1s que un paisaje imponente: son un s\u00edmbolo de resistencia, identidad y belleza natural<\/a>. Al recorrer sus senderos, uno no solo se maravilla con la grandeza de la tierra, sino que tambi\u00e9n descubre la riqueza cultural de Guatemala.<\/p><p>Visitar los riscos es caminar entre gigantes de piedra, guardianes del tiempo que, desde lo alto, cuentan en silencio la historia de un pueblo que sigue vivo y orgulloso de sus ra\u00edces.<\/p>\t\t\t\t\t\t\t\t<\/div>\n\t\t\t\t\t<\/div>\n\t\t\t\t<\/div>\n\t\t<div data-particle_enable=\"false\" data-particle-mobile-disabled=\"false\" class=\"elementor-element elementor-element-638de03 e-flex e-con-boxed e-con e-parent\" data-id=\"638de03\" data-element_type=\"container\" data-e-type=\"container\">\n\t\t\t\t\t<div class=\"e-con-inner\">\n\t\t\t\t<div class=\"elementor-element elementor-element-50bffbd elementor-widget elementor-widget-heading\" data-id=\"50bffbd\" data-element_type=\"widget\" data-e-type=\"widget\" data-widget_type=\"heading.default\">\n\t\t\t\t\t<h2 class=\"elementor-heading-title elementor-size-default\">Te puede interesar...<\/h2>\t\t\t\t<\/div>\n\t\t\t\t\t<\/div>\n\t\t\t\t<\/div>\n\t\t<div data-particle_enable=\"false\" data-particle-mobile-disabled=\"false\" class=\"elementor-element elementor-element-6e4ea4b e-flex e-con-boxed e-con e-parent\" data-id=\"6e4ea4b\" data-element_type=\"container\" data-e-type=\"container\">\n\t\t\t\t\t<div class=\"e-con-inner\">\n\t\t\t\t<div class=\"elementor-element elementor-element-1d9ae9d elementor-grid-eael-col-3 elementor-grid-tablet-eael-col-2 elementor-grid-mobile-eael-col-1 elementor-widget elementor-widget-eael-post-grid\" data-id=\"1d9ae9d\" data-element_type=\"widget\" data-e-type=\"widget\" data-settings=\"{&quot;eael_post_grid_columns&quot;:&quot;eael-col-3&quot;,&quot;eael_post_grid_columns_tablet&quot;:&quot;eael-col-2&quot;,&quot;eael_post_grid_columns_mobile&quot;:&quot;eael-col-1&quot;}\" data-widget_type=\"eael-post-grid.default\">\n\t\t\t\t\t<div id=\"eael-post-grid-1d9ae9d\" class=\"eael-post-grid-container\">\n            <div class=\"eael-post-grid eael-post-appender eael-post-appender-1d9ae9d eael-post-grid-style-one\" data-layout-mode=\"masonry\"><article class=\"eael-grid-post  eael-post-grid-column eael-pg-post-40424 category-guate-nuestra tags-danzas-de-guatemala\" data-id=\"40424\">\n        <div class=\"eael-grid-post-holder\">\n            <div class=\"eael-grid-post-holder-inner\"><div class=\"eael-entry-media\"><div class=\"eael-entry-overlay fade-in\"><i class=\"far fa-hand-pointer\" aria-hidden=\"true\"><\/i><a href=\"https:\/\/soymigrante.com\/revista\/danza-del-venado-leones-y-monos-en-momostenango-se-presenta-solo-cada-2-anos\/\"><\/a><\/div><div class=\"eael-entry-thumbnail \">\n                <img decoding=\"async\" width=\"1024\" height=\"1024\" src=\"https:\/\/soymigrante.com\/revista\/wp-content\/uploads\/2025\/07\/danza-del-venado-leones-tigres-momostenango-3-1024x1024.jpg\" class=\"attachment-large size-large wp-image-40426\" alt=\"Figura decorativa en el techo de una iglesia en una celebraci\u00f3n tradicional, vestida con disfraz amarillo y m\u00e1scara, sosteniendo un s\u00edmbolo religioso, en un d\u00eda soleado con cielo azul y nubes.\" srcset=\"https:\/\/soymigrante.com\/revista\/wp-content\/uploads\/2025\/07\/danza-del-venado-leones-tigres-momostenango-3-1024x1024.jpg 1024w, https:\/\/soymigrante.com\/revista\/wp-content\/uploads\/2025\/07\/danza-del-venado-leones-tigres-momostenango-3-300x300.jpg 300w, https:\/\/soymigrante.com\/revista\/wp-content\/uploads\/2025\/07\/danza-del-venado-leones-tigres-momostenango-3-150x150.jpg 150w, https:\/\/soymigrante.com\/revista\/wp-content\/uploads\/2025\/07\/danza-del-venado-leones-tigres-momostenango-3-768x768.jpg 768w, https:\/\/soymigrante.com\/revista\/wp-content\/uploads\/2025\/07\/danza-del-venado-leones-tigres-momostenango-3-1536x1536.jpg 1536w, https:\/\/soymigrante.com\/revista\/wp-content\/uploads\/2025\/07\/danza-del-venado-leones-tigres-momostenango-3-75x75.jpg 75w, https:\/\/soymigrante.com\/revista\/wp-content\/uploads\/2025\/07\/danza-del-venado-leones-tigres-momostenango-3-750x750.jpg 750w, https:\/\/soymigrante.com\/revista\/wp-content\/uploads\/2025\/07\/danza-del-venado-leones-tigres-momostenango-3-1140x1140.jpg 1140w, https:\/\/soymigrante.com\/revista\/wp-content\/uploads\/2025\/07\/danza-del-venado-leones-tigres-momostenango-3.webp 1883w\" sizes=\"(max-width: 1024px) 100vw, 1024px\" \/>\n            <\/div>\n        <\/div><div class=\"eael-entry-wrapper\"><header class=\"eael-entry-header\"><h2 class=\"eael-entry-title\"><a class=\"eael-grid-post-link\" href=\"https:\/\/soymigrante.com\/revista\/danza-del-venado-leones-y-monos-en-momostenango-se-presenta-solo-cada-2-anos\/\" title=\"Danza del venado, leones y monos en Momostenango se presenta solo cada 2 a\u00f1os\">Danza del venado, leones y monos en Momostenango se presenta solo cada 2 a\u00f1os<\/a><\/h2><\/header><div class=\"eael-entry-content\">\n                        <div class=\"eael-grid-post-excerpt\"><a href=\"https:\/\/soymigrante.com\/revista\/danza-del-venado-leones-y-monos-en-momostenango-se-presenta-solo-cada-2-anos\/\" class=\"eael-post-elements-readmore-btn\">CONOCE SU HISTORIA <\/a><\/div>\n                    <\/div><\/div><\/div>\n        <\/div>\n    <\/article><article class=\"eael-grid-post  eael-post-grid-column eael-pg-post-30984 category-guate-nuestra\" data-id=\"30984\">\n        <div class=\"eael-grid-post-holder\">\n            <div class=\"eael-grid-post-holder-inner\"><div class=\"eael-entry-media\"><div class=\"eael-entry-overlay fade-in\"><i class=\"far fa-hand-pointer\" aria-hidden=\"true\"><\/i><a href=\"https:\/\/soymigrante.com\/revista\/el-fervor-de-semana-santa-en-momostenango-refleja-el-fotografo-marcos-zarate\/\"><\/a><\/div><div class=\"eael-entry-thumbnail \">\n                <img loading=\"lazy\" decoding=\"async\" width=\"1024\" height=\"1024\" src=\"https:\/\/soymigrante.com\/revista\/wp-content\/uploads\/2025\/04\/momostenango-foto-marcos-zarate-1024x1024.jpg\" class=\"attachment-large size-large wp-image-31051\" alt=\"Ni\u00f1o con casco romano en una celebraci\u00f3n cultural en la revista SoyMigrante.\" srcset=\"https:\/\/soymigrante.com\/revista\/wp-content\/uploads\/2025\/04\/momostenango-foto-marcos-zarate-1024x1024.jpg 1024w, https:\/\/soymigrante.com\/revista\/wp-content\/uploads\/2025\/04\/momostenango-foto-marcos-zarate-300x300.jpg 300w, https:\/\/soymigrante.com\/revista\/wp-content\/uploads\/2025\/04\/momostenango-foto-marcos-zarate-150x150.jpg 150w, https:\/\/soymigrante.com\/revista\/wp-content\/uploads\/2025\/04\/momostenango-foto-marcos-zarate-768x768.jpg 768w, https:\/\/soymigrante.com\/revista\/wp-content\/uploads\/2025\/04\/momostenango-foto-marcos-zarate-75x75.webp 75w, https:\/\/soymigrante.com\/revista\/wp-content\/uploads\/2025\/04\/momostenango-foto-marcos-zarate-750x750.webp 750w, https:\/\/soymigrante.com\/revista\/wp-content\/uploads\/2025\/04\/momostenango-foto-marcos-zarate-1140x1140.webp 1140w, https:\/\/soymigrante.com\/revista\/wp-content\/uploads\/2025\/04\/momostenango-foto-marcos-zarate.webp 1365w\" sizes=\"(max-width: 1024px) 100vw, 1024px\" \/>\n            <\/div>\n        <\/div><div class=\"eael-entry-wrapper\"><header class=\"eael-entry-header\"><h2 class=\"eael-entry-title\"><a class=\"eael-grid-post-link\" href=\"https:\/\/soymigrante.com\/revista\/el-fervor-de-semana-santa-en-momostenango-refleja-el-fotografo-marcos-zarate\/\" title=\"El fervor de Viernes Santo en Momostenango retrata el fot\u00f3grafo Marcos Z\u00e1rate\">El fervor de Viernes Santo en Momostenango retrata el fot\u00f3grafo Marcos Z\u00e1rate<\/a><\/h2><\/header><div class=\"eael-entry-content\">\n                        <div class=\"eael-grid-post-excerpt\"><a href=\"https:\/\/soymigrante.com\/revista\/el-fervor-de-semana-santa-en-momostenango-refleja-el-fotografo-marcos-zarate\/\" class=\"eael-post-elements-readmore-btn\">CONOCE SU HISTORIA <\/a><\/div>\n                    <\/div><\/div><\/div>\n        <\/div>\n    <\/article><article class=\"eael-grid-post  eael-post-grid-column eael-pg-post-31636 category-estamos-unidos\" data-id=\"31636\">\n        <div class=\"eael-grid-post-holder\">\n            <div class=\"eael-grid-post-holder-inner\"><div class=\"eael-entry-media\"><div class=\"eael-entry-overlay fade-in\"><i class=\"far fa-hand-pointer\" aria-hidden=\"true\"><\/i><a href=\"https:\/\/soymigrante.com\/revista\/cuatro-trajes-tres-personajes-y-un-corazon-en-nueva-york-late-por-su-pueblo-momostenango\/\"><\/a><\/div><div class=\"eael-entry-thumbnail \">\n                <img loading=\"lazy\" decoding=\"async\" width=\"1024\" height=\"1024\" src=\"https:\/\/soymigrante.com\/revista\/wp-content\/uploads\/2025\/04\/roldan-wix-momostenango-trajes-ny-11-1024x1024.jpg\" class=\"attachment-large size-large wp-image-31637\" alt=\"Hombre disfrazado de jaguar y otro con m\u00e1scara de payaso en celebraci\u00f3n tradicional mexicana en una plaza p\u00fablica al atardecer. Personas y espacios abiertos en el fondo, ambiente festivo y cultural.\" srcset=\"https:\/\/soymigrante.com\/revista\/wp-content\/uploads\/2025\/04\/roldan-wix-momostenango-trajes-ny-11-1024x1024.jpg 1024w, https:\/\/soymigrante.com\/revista\/wp-content\/uploads\/2025\/04\/roldan-wix-momostenango-trajes-ny-11-300x300.jpg 300w, https:\/\/soymigrante.com\/revista\/wp-content\/uploads\/2025\/04\/roldan-wix-momostenango-trajes-ny-11-150x150.jpg 150w, https:\/\/soymigrante.com\/revista\/wp-content\/uploads\/2025\/04\/roldan-wix-momostenango-trajes-ny-11-768x768.jpg 768w, https:\/\/soymigrante.com\/revista\/wp-content\/uploads\/2025\/04\/roldan-wix-momostenango-trajes-ny-11-75x75.jpg 75w, https:\/\/soymigrante.com\/revista\/wp-content\/uploads\/2025\/04\/roldan-wix-momostenango-trajes-ny-11-750x750.jpg 750w, https:\/\/soymigrante.com\/revista\/wp-content\/uploads\/2025\/04\/roldan-wix-momostenango-trajes-ny-11-1140x1140.jpg 1140w, https:\/\/soymigrante.com\/revista\/wp-content\/uploads\/2025\/04\/roldan-wix-momostenango-trajes-ny-11.jpg 1390w\" sizes=\"(max-width: 1024px) 100vw, 1024px\" \/>\n            <\/div>\n        <\/div><div class=\"eael-entry-wrapper\"><header class=\"eael-entry-header\"><h2 class=\"eael-entry-title\"><a class=\"eael-grid-post-link\" href=\"https:\/\/soymigrante.com\/revista\/cuatro-trajes-tres-personajes-y-un-corazon-en-nueva-york-late-por-su-pueblo-momostenango\/\" title=\"Cuatro trajes, tres personajes y un coraz\u00f3n en Nueva York late por su pueblo Momostenango\">Cuatro trajes, tres personajes y un coraz\u00f3n en Nueva York late por su pueblo Momostenango<\/a><\/h2><\/header><div class=\"eael-entry-content\">\n                        <div class=\"eael-grid-post-excerpt\"><a href=\"https:\/\/soymigrante.com\/revista\/cuatro-trajes-tres-personajes-y-un-corazon-en-nueva-york-late-por-su-pueblo-momostenango\/\" class=\"eael-post-elements-readmore-btn\">CONOCE SU HISTORIA <\/a><\/div>\n                    <\/div><\/div><\/div>\n        <\/div>\n    <\/article><\/div>\n            <div class=\"clearfix\"><\/div>\n        <\/div>\t\t\t\t<\/div>\n\t\t\t\t\t<\/div>\n\t\t\t\t<\/div>\n\t\t\t\t<\/div>\n\t\t","protected":false},"excerpt":{"rendered":"<p>Los riscos de Momostenango son los guardianes de la historia y tradiciones, las rocas parecen esculturas talladas por gigantes. En el coraz\u00f3n de Totonicap\u00e1n, Guatemala, se levantan majestuosos los Riscos de Momostenango, un conjunto de formaciones rocosas que parecen esculturas talladas por gigantes. Este sitio natural no solo es un atractivo tur\u00edstico, sino tambi\u00e9n un [&hellip;]<\/p>\n","protected":false},"author":19,"featured_media":44320,"comment_status":"open","ping_status":"open","sticky":false,"template":"","format":"standard","meta":{"_acf_changed":false,"_eb_attr":"","footnotes":""},"categories":[58],"tags":[],"class_list":["post-44319","post","type-post","status-publish","format-standard","has-post-thumbnail","hentry","category-guate-nuestra"],"acf":[],"aioseo_notices":[],"aioseo_head":"\n\t\t<!-- All in One SEO Pro 4.9.6.2 - aioseo.com -->\n\t<meta name=\"description\" content=\"Rold\u00e1n Jos\u00e9 se hizo viral en 2023 por lucir un traje del personaje de mono en Nueva York, pero ha llegado a otras ciudades con otras m\u00e1scaras ancestrales\" \/>\n\t<meta name=\"robots\" content=\"max-snippet:-1, max-image-preview:large, max-video-preview:-1\" \/>\n\t<meta name=\"author\" content=\"Gustavo Montenegro\"\/>\n\t<link rel=\"canonical\" href=\"https:\/\/soymigrante.com\/revista\/cuatro-trajes-tres-personajes-y-un-corazon-en-nueva-york-late-por-su-pueblo-momostenango\/\" \/>\n\t<meta name=\"generator\" content=\"All in One SEO Pro (AIOSEO) 4.9.6.2\" \/>\n\n\t\t<link rel=\"preconnect\" href=\"https:\/\/fonts.googleapis.com\" crossorigin>\n<link rel=\"preconnect\" href=\"https:\/\/fonts.gstatic.com\" crossorigin>\n\t\t<meta property=\"og:locale\" content=\"es_ES\" \/>\n\t\t<meta property=\"og:site_name\" content=\"SoyMigrante.com REVISTA \u2013 Nuestra misi\u00f3n es reconocer y dignificar al migrante.\" \/>\n\t\t<meta property=\"og:type\" content=\"article\" \/>\n\t\t<meta property=\"og:title\" content=\"Cuatro trajes, tres personajes y un coraz\u00f3n momosteco en NY\" \/>\n\t\t<meta property=\"og:description\" content=\"Rold\u00e1n Jos\u00e9 se hizo viral en 2023 por lucir un traje del personaje de mono en Nueva York, pero ha llegado a otras ciudades con otras m\u00e1scaras ancestrales\" \/>\n\t\t<meta property=\"og:url\" content=\"https:\/\/soymigrante.com\/revista\/cuatro-trajes-tres-personajes-y-un-corazon-en-nueva-york-late-por-su-pueblo-momostenango\/\" \/>\n\t\t<meta property=\"og:image\" content=\"https:\/\/soymigrante.com\/revista\/wp-content\/uploads\/2025\/04\/roldan-wix-momostenango-trajes-ny-11.jpg\" \/>\n\t\t<meta property=\"og:image:secure_url\" content=\"https:\/\/soymigrante.com\/revista\/wp-content\/uploads\/2025\/04\/roldan-wix-momostenango-trajes-ny-11.jpg\" \/>\n\t\t<meta property=\"og:image:width\" content=\"1390\" \/>\n\t\t<meta property=\"og:image:height\" content=\"1390\" \/>\n\t\t<meta property=\"article:published_time\" content=\"2025-04-22T12:59:10+00:00\" \/>\n\t\t<meta property=\"article:modified_time\" content=\"2025-05-06T04:58:36+00:00\" \/>\n\t\t<meta property=\"article:publisher\" content=\"https:\/\/www.facebook.com\/soymigrantecom\" \/>\n\t\t<meta name=\"twitter:card\" content=\"summary_large_image\" \/>\n\t\t<meta name=\"twitter:site\" content=\"@SoyMigrante_com\" \/>\n\t\t<meta name=\"twitter:title\" content=\"Cuatro trajes, tres personajes y un coraz\u00f3n momosteco en NY\" \/>\n\t\t<meta name=\"twitter:description\" content=\"Rold\u00e1n Jos\u00e9 se hizo viral en 2023 por lucir un traje del personaje de mono en Nueva York, pero ha llegado a otras ciudades con otras m\u00e1scaras ancestrales\" \/>\n\t\t<meta name=\"twitter:creator\" content=\"@SoyMigrante_com\" \/>\n\t\t<meta name=\"twitter:image\" content=\"https:\/\/soymigrante.com\/revista\/wp-content\/uploads\/2025\/04\/roldan-wix-momostenango-trajes-ny-11.jpg\" \/>\n\t\t<!-- All in One SEO Pro -->\r\n\t\t<title>Cuatro trajes, tres personajes y un coraz\u00f3n momosteco en NY<\/title>\n\n","aioseo_head_json":{"title":"Cuatro trajes, tres personajes y un coraz\u00f3n momosteco en NY","description":"Rold\u00e1n Jos\u00e9 se hizo viral en 2023 por lucir un traje del personaje de mono en Nueva York, pero ha llegado a otras ciudades con otras m\u00e1scaras ancestrales","canonical_url":"https:\/\/soymigrante.com\/revista\/cuatro-trajes-tres-personajes-y-un-corazon-en-nueva-york-late-por-su-pueblo-momostenango\/","robots":"max-snippet:-1, max-image-preview:large, max-video-preview:-1","keywords":"","webmasterTools":{"miscellaneous":"&lt;link rel=\"preconnect\" href=\"https:\/\/fonts.googleapis.com\" crossorigin&gt;\n&lt;link rel=\"preconnect\" href=\"https:\/\/fonts.gstatic.com\" crossorigin&gt;"},"schema":null,"og:locale":"es_ES","og:site_name":"SoyMigrante.com REVISTA \u2013 Nuestra misi\u00f3n es reconocer y dignificar al migrante.","og:type":"article","og:title":"Cuatro trajes, tres personajes y un coraz\u00f3n momosteco en NY","og:description":"Rold\u00e1n Jos\u00e9 se hizo viral en 2023 por lucir un traje del personaje de mono en Nueva York, pero ha llegado a otras ciudades con otras m\u00e1scaras ancestrales","og:url":"https:\/\/soymigrante.com\/revista\/cuatro-trajes-tres-personajes-y-un-corazon-en-nueva-york-late-por-su-pueblo-momostenango\/","og:image":"https:\/\/soymigrante.com\/revista\/wp-content\/uploads\/2025\/04\/roldan-wix-momostenango-trajes-ny-11.jpg","og:image:secure_url":"https:\/\/soymigrante.com\/revista\/wp-content\/uploads\/2025\/04\/roldan-wix-momostenango-trajes-ny-11.jpg","og:image:width":1390,"og:image:height":1390,"article:published_time":"2025-04-22T12:59:10+00:00","article:modified_time":"2025-05-06T04:58:36+00:00","article:publisher":"https:\/\/www.facebook.com\/soymigrantecom","twitter:card":"summary_large_image","twitter:site":"@SoyMigrante_com","twitter:title":"Cuatro trajes, tres personajes y un coraz\u00f3n momosteco en NY","twitter:description":"Rold\u00e1n Jos\u00e9 se hizo viral en 2023 por lucir un traje del personaje de mono en Nueva York, pero ha llegado a otras ciudades con otras m\u00e1scaras ancestrales","twitter:creator":"@SoyMigrante_com","twitter:image":"https:\/\/soymigrante.com\/revista\/wp-content\/uploads\/2025\/04\/roldan-wix-momostenango-trajes-ny-11.jpg"},"aioseo_meta_data":{"post_id":"44319","title":null,"description":"Los riscos de Momostenango son los guardianes de la historia y tradiciones, las rocas parecen esculturas talladas por gigantes.","keywords":null,"keyphrases":{"focus":{"keyphrase":"momostenango","score":100,"analysis":{"keyphraseInTitle":{"score":9,"maxScore":9,"error":0},"keyphraseInDescription":{"score":9,"maxScore":9,"error":0},"keyphraseLength":{"score":9,"maxScore":9,"error":0,"length":1},"keyphraseInURL":{"score":5,"maxScore":5,"error":0},"keyphraseInIntroduction":{"score":9,"maxScore":9,"error":0},"keyphraseInSubHeadings":{"score":9,"maxScore":9,"error":0},"keyphraseInImageAlt":{"score":9,"maxScore":9,"error":0},"keywordDensity":{"type":"best","score":9,"maxScore":9,"error":0}}},"additional":[{"keyphrase":"historia","score":73,"analysis":{"keyphraseInDescription":{"score":9,"maxScore":9,"error":0},"keyphraseLength":{"score":9,"maxScore":9,"error":0,"length":1},"keyphraseInIntroduction":{"score":3,"maxScore":9,"error":1},"keyphraseInImageAlt":{"score":3,"maxScore":9,"error":1},"keywordDensity":{"type":"best","score":9,"maxScore":9,"error":0}}},{"keyphrase":"tradiciones","score":67,"analysis":{"keyphraseInDescription":{"score":9,"maxScore":9,"error":0},"keyphraseLength":{"score":9,"maxScore":9,"error":0,"length":1},"keyphraseInIntroduction":{"score":3,"maxScore":9,"error":1},"keyphraseInImageAlt":{"score":9,"maxScore":9,"error":0},"keywordDensity":{"score":0,"type":"low","maxScore":9,"error":1}}}]},"primary_term":null,"canonical_url":null,"og_title":null,"og_description":null,"og_object_type":"default","og_image_type":"default","og_image_url":null,"og_image_width":null,"og_image_height":null,"og_image_custom_url":null,"og_image_custom_fields":null,"og_video":"","og_custom_url":null,"og_article_section":null,"og_article_tags":null,"twitter_use_og":false,"twitter_card":"default","twitter_image_type":"default","twitter_image_url":null,"twitter_image_custom_url":null,"twitter_image_custom_fields":null,"twitter_title":null,"twitter_description":null,"schema":{"blockGraphs":[],"customGraphs":[],"default":{"data":{"Article":[],"Course":[],"Dataset":[],"FAQPage":[],"Movie":[],"Person":[],"Product":[],"ProductReview":[],"Car":[],"Recipe":[],"Service":[],"SoftwareApplication":[],"WebPage":[]},"graphName":"none","isEnabled":true},"graphs":[]},"schema_type":"default","schema_type_options":null,"pillar_content":false,"robots_default":true,"robots_noindex":false,"robots_noarchive":false,"robots_nosnippet":false,"robots_nofollow":false,"robots_noimageindex":false,"robots_noodp":false,"robots_notranslate":false,"robots_max_snippet":"-1","robots_max_videopreview":"-1","robots_max_imagepreview":"large","priority":null,"frequency":"default","local_seo":null,"seo_analyzer_scan_date":"2025-10-09 08:28:05","breadcrumb_settings":null,"limit_modified_date":false,"reviewed_by":"0","open_ai":null,"ai":{"faqs":[],"keyPoints":[],"titles":[],"descriptions":[],"socialPosts":{"email":[],"linkedin":[],"twitter":[],"facebook":[],"instagram":[]}},"created":"2025-09-10 21:49:42","updated":"2026-02-05 04:42:27"},"aioseo_breadcrumb":"<div class=\"aioseo-breadcrumbs\"><span class=\"aioseo-breadcrumb\">\n\t<a href=\"https:\/\/soymigrante.com\/revista\" title=\"Home\">Home<\/a>\n<\/span><span class=\"aioseo-breadcrumb-separator\">\u00bb<\/span><span class=\"aioseo-breadcrumb\">\n\t<a href=\"https:\/\/soymigrante.com\/revista\/category\/guate-nuestra\/\" title=\"Guate Nuestra\">Guate Nuestra<\/a>\n<\/span><span class=\"aioseo-breadcrumb-separator\">\u00bb<\/span><span class=\"aioseo-breadcrumb\">\n\tRiscos de Momostenango son enigm\u00e1ticos guardianes\n<\/span><\/div>","aioseo_breadcrumb_json":[{"label":"Home","link":"https:\/\/soymigrante.com\/revista"},{"label":"Guate Nuestra","link":"https:\/\/soymigrante.com\/revista\/category\/guate-nuestra\/"},{"label":"Riscos de Momostenango son enigm\u00e1ticos guardianes","link":"https:\/\/soymigrante.com\/revista\/ancestrales-guardianes-de-tierra-los-riscos-de-momostenango\/"}],"_links":{"self":[{"href":"https:\/\/soymigrante.com\/revista\/wp-json\/wp\/v2\/posts\/44319","targetHints":{"allow":["GET"]}}],"collection":[{"href":"https:\/\/soymigrante.com\/revista\/wp-json\/wp\/v2\/posts"}],"about":[{"href":"https:\/\/soymigrante.com\/revista\/wp-json\/wp\/v2\/types\/post"}],"author":[{"embeddable":true,"href":"https:\/\/soymigrante.com\/revista\/wp-json\/wp\/v2\/users\/19"}],"replies":[{"embeddable":true,"href":"https:\/\/soymigrante.com\/revista\/wp-json\/wp\/v2\/comments?post=44319"}],"version-history":[{"count":14,"href":"https:\/\/soymigrante.com\/revista\/wp-json\/wp\/v2\/posts\/44319\/revisions"}],"predecessor-version":[{"id":44380,"href":"https:\/\/soymigrante.com\/revista\/wp-json\/wp\/v2\/posts\/44319\/revisions\/44380"}],"wp:featuredmedia":[{"embeddable":true,"href":"https:\/\/soymigrante.com\/revista\/wp-json\/wp\/v2\/media\/44320"}],"wp:attachment":[{"href":"https:\/\/soymigrante.com\/revista\/wp-json\/wp\/v2\/media?parent=44319"}],"wp:term":[{"taxonomy":"category","embeddable":true,"href":"https:\/\/soymigrante.com\/revista\/wp-json\/wp\/v2\/categories?post=44319"},{"taxonomy":"post_tag","embeddable":true,"href":"https:\/\/soymigrante.com\/revista\/wp-json\/wp\/v2\/tags?post=44319"}],"curies":[{"name":"wp","href":"https:\/\/api.w.org\/{rel}","templated":true}]}}