{"id":44296,"date":"2025-09-10T16:17:52","date_gmt":"2025-09-10T22:17:52","guid":{"rendered":"https:\/\/soymigrante.com\/revista\/?p=44296"},"modified":"2025-10-06T08:11:04","modified_gmt":"2025-10-06T14:11:04","slug":"textiles-dla-rossa-de-totonicapan-se-presenta-en-new-york-fashion-week-2025","status":"publish","type":"post","link":"https:\/\/soymigrante.com\/revista\/textiles-dla-rossa-de-totonicapan-se-presenta-en-new-york-fashion-week-2025\/","title":{"rendered":"Textiles D\u2019La Rossa de Totonicap\u00e1n se presenta  en New York Fashion Week 2025"},"content":{"rendered":"\t\t<div data-elementor-type=\"wp-post\" data-elementor-id=\"44296\" class=\"elementor elementor-44296\" data-elementor-post-type=\"post\">\n\t\t\t\t<div data-particle_enable=\"false\" data-particle-mobile-disabled=\"false\" class=\"elementor-element elementor-element-bcc0ef8 e-flex e-con-boxed e-con e-parent\" data-id=\"bcc0ef8\" data-element_type=\"container\" data-e-type=\"container\">\n\t\t\t\t\t<div class=\"e-con-inner\">\n\t\t\t\t<div class=\"elementor-element elementor-element-a186094 elementor-widget elementor-widget-heading\" data-id=\"a186094\" data-element_type=\"widget\" data-e-type=\"widget\" data-widget_type=\"heading.default\">\n\t\t\t\t\t<h2 class=\"elementor-heading-title elementor-size-default\">A la mundialmente famosa Semana de la Moda de Nueva York, fue invitada la f\u00e1brica textil maya artesanal D'La Rossa, de Totonicap\u00e1n. Sus fundadores Alexander Sic y Rosa Tzul comparten sobre esta hist\u00f3rica participaci\u00f3n el s\u00e1bado 13 de septiembre.<\/h2>\t\t\t\t<\/div>\n\t\t\t\t<div class=\"elementor-element elementor-element-e9d851f elementor-widget elementor-widget-html\" data-id=\"e9d851f\" data-element_type=\"widget\" data-e-type=\"widget\" data-widget_type=\"html.default\">\n\t\t\t\t\t<div id=\"buzzsprout-player-17824857\"><\/div><script src=\"https:\/\/www.buzzsprout.com\/2444168\/episodes\/17824857-de-totonicapan-a-new-york-fashion-week-textiles-mayas-d-la-rossa.js?container_id=buzzsprout-player-17824857&player=small\" type=\"text\/javascript\" charset=\"utf-8\"><\/script>\t\t\t\t<\/div>\n\t\t\t\t\t<\/div>\n\t\t\t\t<\/div>\n\t\t<div data-particle_enable=\"false\" data-particle-mobile-disabled=\"false\" class=\"elementor-element elementor-element-b9f35b3 e-flex e-con-boxed e-con e-parent\" data-id=\"b9f35b3\" data-element_type=\"container\" data-e-type=\"container\">\n\t\t\t\t\t<div class=\"e-con-inner\">\n\t\t\t\t<div class=\"elementor-element elementor-element-ebab13e elementor-widget elementor-widget-text-editor\" data-id=\"ebab13e\" data-element_type=\"widget\" data-e-type=\"widget\" data-widget_type=\"text-editor.default\">\n\t\t\t\t\t\t\t\t\t<p>Lo que empez\u00f3 en 2002 como el sue\u00f1o de una pareja emprendedora se ha convertido en un hito cultural para Guatemala. La f\u00e1brica Textiles D\u2019La Rossa, de <a href=\"https:\/\/soymigrante.com\/revista\/departamentos-de-guatemala-totonicapan-la-tierra-del-gran-atanasio-tzul\/\">Totonicap\u00e1n<\/a>, fundada y dirigda por los esposos Alexander Sic y Rosa Tzul, presentar\u00e1 sus creaciones en la prestigiosa New York Fashion Week 2025 (Semana de la Moda de<a href=\"https:\/\/soymigrante.com\/revista\/guatemaltecas-migrantes-taqueria-el-patron-nueva-york-10-aniversario\/\"> Nueva York <\/a>2025), a la cual fueron invitados. Y tambi\u00e9n <a href=\"https:\/\/soymigrante.com\/revista\/en-imagenes-textiles-dla-rossa-deslumbra-en-paris\/\">estar\u00e1n en octubre en la Semana de la Moda de Par\u00eds<\/a>.<\/p><p>De esta forma, est\u00e1n llevando el arte textil maya desde Totonicap\u00e1n hasta una de las pasarelas m\u00e1s importantes del mundo. SoyMigrante.com convers\u00f3 con Alexander y Rosa acerca de esta hist\u00f3rica invitacion.\u00a0<\/p><p>&#8220;Es un orgullo poder llevar nuestra cultura a una pasarela tan famosa, sobre todo en el <a href=\"https:\/\/soymigrante.com\/revista\/septiembre-mes-patrio-de-guatemala-te-acuerdas-de-algo-asi\/\">mes de la Patria<\/a>&#8220;, expresa Rosa,\u00a0 cuyo nombre es el del emprendimiento gracias a sus propios clientes.<\/p>\t\t\t\t\t\t\t\t<\/div>\n\t\t\t\t\t<\/div>\n\t\t\t\t<\/div>\n\t\t<div data-particle_enable=\"false\" data-particle-mobile-disabled=\"false\" class=\"elementor-element elementor-element-188f3de e-flex e-con-boxed e-con e-parent\" data-id=\"188f3de\" data-element_type=\"container\" data-e-type=\"container\">\n\t\t\t\t\t<div class=\"e-con-inner\">\n\t\t\t\t<div class=\"elementor-element elementor-element-c7d5203 elementor-widget elementor-widget-image\" data-id=\"c7d5203\" data-element_type=\"widget\" data-e-type=\"widget\" data-widget_type=\"image.default\">\n\t\t\t\t\t\t\t\t\t\t\t\t<figure class=\"wp-caption\">\n\t\t\t\t\t\t\t\t\t\t<img fetchpriority=\"high\" decoding=\"async\" width=\"1024\" height=\"1024\" src=\"https:\/\/soymigrante.com\/revista\/wp-content\/uploads\/2025\/09\/515438902_767089419267632_942074742205355213_n-1024x1024.jpg\" class=\"attachment-large size-large wp-image-44323\" alt=\"Hist\u00f3rico debut de Textiles D&#039;La Rossa de Totonicap\u00e1n, Guatemala en la Semana de la Moda de Nueva York. La pasarela ser\u00e1 el s\u00e1bado 13 de septiembre a las 20 horas.\" srcset=\"https:\/\/soymigrante.com\/revista\/wp-content\/uploads\/2025\/09\/515438902_767089419267632_942074742205355213_n-1024x1024.jpg 1024w, https:\/\/soymigrante.com\/revista\/wp-content\/uploads\/2025\/09\/515438902_767089419267632_942074742205355213_n-300x300.jpg 300w, https:\/\/soymigrante.com\/revista\/wp-content\/uploads\/2025\/09\/515438902_767089419267632_942074742205355213_n-150x150.jpg 150w, https:\/\/soymigrante.com\/revista\/wp-content\/uploads\/2025\/09\/515438902_767089419267632_942074742205355213_n-768x768.jpg 768w, https:\/\/soymigrante.com\/revista\/wp-content\/uploads\/2025\/09\/515438902_767089419267632_942074742205355213_n-75x75.jpg 75w, https:\/\/soymigrante.com\/revista\/wp-content\/uploads\/2025\/09\/515438902_767089419267632_942074742205355213_n-750x750.jpg 750w, https:\/\/soymigrante.com\/revista\/wp-content\/uploads\/2025\/09\/515438902_767089419267632_942074742205355213_n-1140x1140.jpg 1140w, https:\/\/soymigrante.com\/revista\/wp-content\/uploads\/2025\/09\/515438902_767089419267632_942074742205355213_n.jpg 1200w\" sizes=\"(max-width: 1024px) 100vw, 1024px\" title=\"Hist\u00f3rico debut de Textiles D&#039;La Rossa de Totonicap\u00e1n, Guatemala en la Semana de la Moda de Nueva York. La pasarela ser\u00e1 el s\u00e1bado 13 de septiembre a las 20 horas. \u2013 SoyMigrante.com REVISTA\" \/>\t\t\t\t\t\t\t\t\t\t\t<figcaption class=\"widget-image-caption wp-caption-text\">Hist\u00f3rico debut de Textiles D'La Rossa de Totonicap\u00e1n, Guatemala en la Semana de la Moda de Nueva York. La pasarela ser\u00e1 el s\u00e1bado 13 de septiembre a las 20 horas.<\/figcaption>\n\t\t\t\t\t\t\t\t\t\t<\/figure>\n\t\t\t\t\t\t\t\t\t<\/div>\n\t\t\t\t\t<\/div>\n\t\t\t\t<\/div>\n\t\t<div data-particle_enable=\"false\" data-particle-mobile-disabled=\"false\" class=\"elementor-element elementor-element-1a124bc e-flex e-con-boxed e-con e-parent\" data-id=\"1a124bc\" data-element_type=\"container\" data-e-type=\"container\">\n\t\t\t\t\t<div class=\"e-con-inner\">\n\t\t\t\t<div class=\"elementor-element elementor-element-a43c35f elementor-widget elementor-widget-heading\" data-id=\"a43c35f\" data-element_type=\"widget\" data-e-type=\"widget\" data-widget_type=\"heading.default\">\n\t\t\t\t\t<h3 class=\"elementor-heading-title elementor-size-default\">Con alma de Guatemala en cada hilo<\/h3>\t\t\t\t<\/div>\n\t\t\t\t\t<\/div>\n\t\t\t\t<\/div>\n\t\t<div data-particle_enable=\"false\" data-particle-mobile-disabled=\"false\" class=\"elementor-element elementor-element-4eb4d3a e-flex e-con-boxed e-con e-parent\" data-id=\"4eb4d3a\" data-element_type=\"container\" data-e-type=\"container\">\n\t\t\t\t\t<div class=\"e-con-inner\">\n\t\t\t\t<div class=\"elementor-element elementor-element-ffa2aba elementor-widget elementor-widget-text-editor\" data-id=\"ffa2aba\" data-element_type=\"widget\" data-e-type=\"widget\" data-widget_type=\"text-editor.default\">\n\t\t\t\t\t\t\t\t\t<p>\u201cCada prenda que elaboramos lleva el alma de nuestro pueblo, de nuestras abuelas tejedoras\u201d, dice Alex\u00e1nder, recordando c\u00f3mo el oficio textil lo aprendi\u00f3 de su padre en <a href=\"https:\/\/soymigrante.com\/revista\/departamentos-de-guatemala-totonicapan-la-tierra-del-gran-atanasio-tzul\/\">Totonicap\u00e1n<\/a>. &#8220;Cuando nos casamos con Rosa, quer\u00edamos tener un negocio para vivir, pero tambi\u00e9n ten\u00edamos el ideal, el objetivo de aportar a recuperar el uso de la indumentaria maya en nuevas generaciones&#8221;, cuenta.\u00a0<\/p><p>Desde sus inicios, D\u2019La Rossa no solo se ha dedicado a confeccionar trajes t\u00edpicos, sino tambi\u00e9n a reivindicar la identidad cultural y textil.\u00a0<span style=\"font-family: Roboto, sans-serif; font-size: 22px; font-style: normal; font-variant-ligatures: normal; font-variant-caps: normal; font-weight: 400;\">El taller artesanal de cortes y tejidos mayas existe desde 2002. En los a\u00f1os siguientes hubo cierto decaimiento en la demanda.<\/span><span style=\"font-family: Roboto, sans-serif; font-size: 22px; font-style: normal; font-variant-ligatures: normal; font-variant-caps: normal; font-weight: 400;\">\u00a0<\/span>\u00a0<\/p><p>&#8220;Hubo momentos en los que estaba decayendo el uso de las prendas mayas, por temas de discriminaci\u00f3n y uso de uniformes en empresas. Pero eso ha ido cambiando y por ejemplo hay cooperativas en donde se integran textiles mayas a los uniformes para proyectar identidad&#8221;, relata Alex\u00e1nder.<\/p>\t\t\t\t\t\t\t\t<\/div>\n\t\t\t\t\t<\/div>\n\t\t\t\t<\/div>\n\t\t<div data-particle_enable=\"false\" data-particle-mobile-disabled=\"false\" class=\"elementor-element elementor-element-e6b46fa e-flex e-con-boxed e-con e-parent\" data-id=\"e6b46fa\" data-element_type=\"container\" data-e-type=\"container\">\n\t\t\t\t\t<div class=\"e-con-inner\">\n\t\t\t\t<div class=\"elementor-element elementor-element-9b8d27c elementor-widget elementor-widget-html\" data-id=\"9b8d27c\" data-element_type=\"widget\" data-e-type=\"widget\" data-widget_type=\"html.default\">\n\t\t\t\t\t<iframe width=\"560\" height=\"415\" src=\"https:\/\/www.youtube.com\/embed\/yWKeQnjf_LI?si=rc3Lw123dE7gw2YP&amp;start=11\" title=\"YouTube video player\" frameborder=\"0\" allow=\"accelerometer; autoplay; clipboard-write; encrypted-media; gyroscope; picture-in-picture; web-share\" referrerpolicy=\"strict-origin-when-cross-origin\" allowfullscreen><\/iframe>\t\t\t\t<\/div>\n\t\t\t\t\t<\/div>\n\t\t\t\t<\/div>\n\t\t<div data-particle_enable=\"false\" data-particle-mobile-disabled=\"false\" class=\"elementor-element elementor-element-e432ace e-flex e-con-boxed e-con e-parent\" data-id=\"e432ace\" data-element_type=\"container\" data-e-type=\"container\">\n\t\t\t\t\t<div class=\"e-con-inner\">\n\t\t\t\t<div class=\"elementor-element elementor-element-34da0c1 elementor-widget elementor-widget-heading\" data-id=\"34da0c1\" data-element_type=\"widget\" data-e-type=\"widget\" data-widget_type=\"heading.default\">\n\t\t\t\t\t<h3 class=\"elementor-heading-title elementor-size-default\">D'La Rossa introdujo las pasarelas de prendas mayas <\/h3>\t\t\t\t<\/div>\n\t\t\t\t\t<\/div>\n\t\t\t\t<\/div>\n\t\t<div data-particle_enable=\"false\" data-particle-mobile-disabled=\"false\" class=\"elementor-element elementor-element-017fe24 e-flex e-con-boxed e-con e-parent\" data-id=\"017fe24\" data-element_type=\"container\" data-e-type=\"container\">\n\t\t\t\t\t<div class=\"e-con-inner\">\n\t\t\t\t<div class=\"elementor-element elementor-element-7cf32a8 elementor-widget elementor-widget-text-editor\" data-id=\"7cf32a8\" data-element_type=\"widget\" data-e-type=\"widget\" data-widget_type=\"text-editor.default\">\n\t\t\t\t\t\t\t\t\t<p>Pero entonces algo cambi\u00f3. &#8220;En el equipo de D&#8217;La Rossa surgi\u00f3 una idea que lo cambi\u00f3 todo&#8221;: organizar una pasarela de moda con prendas t\u00edpicas. &#8220;Mi esposa Rosa dise\u00f1aba los huipiles y tambi\u00e9n los nuevos estilos de cortes&#8221;.\u00a0<\/p><p>En plena pandemia, en 2021, sorprendieron con su primera pasarela presencial. Muchos les dijeron que no funcionar\u00eda, pero ellos se lanzaron a mostrar la indumentaria tradicional como propuesta de moda contempor\u00e1nea, sin fronteras, con identidad propia, elaborada a mano con una tradici\u00f3n milenaria.<\/p><p>\u201cGracias a Dios fue un \u00e9xito, y ahora vemos a m\u00e1s se\u00f1oritas portar su traje con orgullo, incluso en cooperativas y empresas que han adoptado los textiles t\u00edpicos como parte de su aporte a la comunidad\u201d, relata Rosa.\u00a0 En <a href=\"https:\/\/www.youtube.com\/watch?v=yWKeQnjf_LI\">agosto de 2025 efectuaron su m\u00e1s reciente pasarela, en el sal\u00f3n Azaria de Ciudad Cayal\u00e1.\u00a0<\/a><\/p>\t\t\t\t\t\t\t\t<\/div>\n\t\t\t\t\t<\/div>\n\t\t\t\t<\/div>\n\t\t<div data-particle_enable=\"false\" data-particle-mobile-disabled=\"false\" class=\"elementor-element elementor-element-3023d0b e-flex e-con-boxed e-con e-parent\" data-id=\"3023d0b\" data-element_type=\"container\" data-e-type=\"container\">\n\t\t\t\t\t<div class=\"e-con-inner\">\n\t\t\t\t<div class=\"elementor-element elementor-element-6e91bad elementor-widget elementor-widget-image\" data-id=\"6e91bad\" data-element_type=\"widget\" data-e-type=\"widget\" data-widget_type=\"image.default\">\n\t\t\t\t\t\t\t\t\t\t\t\t<figure class=\"wp-caption\">\n\t\t\t\t\t\t\t\t\t\t<img decoding=\"async\" width=\"1024\" height=\"505\" src=\"https:\/\/soymigrante.com\/revista\/wp-content\/uploads\/2025\/09\/textiles-d-la-rossa-totonicapan-en-new-york-fashion-week-1024x505.jpg\" class=\"attachment-large size-large wp-image-44318\" alt=\"Textiles D&#039;La Rossa se lanz\u00f3 a presentar pasarelas de prendas tradicionales mayas, con elementos innovadores de dise\u00f1o en2021. La pasarela den New York Fashion Week ser\u00e1 el s\u00e1bado 13 de septiembre a las 8:00 p.m. (hora de Guatemala, con transmisi\u00f3n en vivo en las plataformas digitales de D&#039;La Rossa. Para ir a su fanpage clic aqu\u00ed.\" srcset=\"https:\/\/soymigrante.com\/revista\/wp-content\/uploads\/2025\/09\/textiles-d-la-rossa-totonicapan-en-new-york-fashion-week-1024x505.jpg 1024w, https:\/\/soymigrante.com\/revista\/wp-content\/uploads\/2025\/09\/textiles-d-la-rossa-totonicapan-en-new-york-fashion-week-300x148.jpg 300w, https:\/\/soymigrante.com\/revista\/wp-content\/uploads\/2025\/09\/textiles-d-la-rossa-totonicapan-en-new-york-fashion-week-768x379.jpg 768w, https:\/\/soymigrante.com\/revista\/wp-content\/uploads\/2025\/09\/textiles-d-la-rossa-totonicapan-en-new-york-fashion-week-1536x758.jpg 1536w, https:\/\/soymigrante.com\/revista\/wp-content\/uploads\/2025\/09\/textiles-d-la-rossa-totonicapan-en-new-york-fashion-week-750x370.jpg 750w, https:\/\/soymigrante.com\/revista\/wp-content\/uploads\/2025\/09\/textiles-d-la-rossa-totonicapan-en-new-york-fashion-week-1140x562.jpg 1140w, https:\/\/soymigrante.com\/revista\/wp-content\/uploads\/2025\/09\/textiles-d-la-rossa-totonicapan-en-new-york-fashion-week.jpg 2048w\" sizes=\"(max-width: 1024px) 100vw, 1024px\" title=\"Textiles D&#039;La Rossa se lanz\u00f3 a presentar pasarelas de prendas tradicionales mayas, con elementos innovadores de dise\u00f1o en2021. La pasarela  den New York Fashion Week ser\u00e1 el s\u00e1bado 13 de septiembre a las 8:00 p.m. (hora de Guatemala, con transmisi\u00f3n en vivo en las plataformas digitales de D&#039;La Rossa. Para ir a su fanpage clic aqu\u00ed. \u2013 SoyMigrante.com REVISTA\" \/>\t\t\t\t\t\t\t\t\t\t\t<figcaption class=\"widget-image-caption wp-caption-text\">Textiles D'La Rossa se lanz\u00f3 a presentar pasarelas de prendas tradicionales mayas, con elementos innovadores de dise\u00f1o en2021. La pasarela  den New York Fashion Week ser\u00e1 el s\u00e1bado 13 de septiembre a las 8:00 p.m. (hora de Guatemala, con transmisi\u00f3n en vivo en las plataformas digitales de D'La Rossa. Para ir a su fanpage clic aqu\u00ed.<\/figcaption>\n\t\t\t\t\t\t\t\t\t\t<\/figure>\n\t\t\t\t\t\t\t\t\t<\/div>\n\t\t\t\t\t<\/div>\n\t\t\t\t<\/div>\n\t\t<div data-particle_enable=\"false\" data-particle-mobile-disabled=\"false\" class=\"elementor-element elementor-element-fe47b71 e-flex e-con-boxed e-con e-parent\" data-id=\"fe47b71\" data-element_type=\"container\" data-e-type=\"container\">\n\t\t\t\t\t<div class=\"e-con-inner\">\n\t\t\t\t<div class=\"elementor-element elementor-element-7381505 elementor-widget elementor-widget-heading\" data-id=\"7381505\" data-element_type=\"widget\" data-e-type=\"widget\" data-widget_type=\"heading.default\">\n\t\t\t\t\t<h3 class=\"elementor-heading-title elementor-size-default\">Una invitaci\u00f3n inesperada pero muy merecida <\/h3>\t\t\t\t<\/div>\n\t\t\t\t\t<\/div>\n\t\t\t\t<\/div>\n\t\t<div data-particle_enable=\"false\" data-particle-mobile-disabled=\"false\" class=\"elementor-element elementor-element-e28b52f e-flex e-con-boxed e-con e-parent\" data-id=\"e28b52f\" data-element_type=\"container\" data-e-type=\"container\">\n\t\t\t\t\t<div class=\"e-con-inner\">\n\t\t\t\t<div class=\"elementor-element elementor-element-9337e19 elementor-widget elementor-widget-text-editor\" data-id=\"9337e19\" data-element_type=\"widget\" data-e-type=\"widget\" data-widget_type=\"text-editor.default\">\n\t\t\t\t\t\t\t\t\t<p>Rosa Tzul revela que fue una aut\u00e9ntica sorpresa para ellos el haber sido invitados a la Semana de la Moda de Nueva York. &#8220;No lo esper\u00e1bamos, pero lo agradecemos, porque todo lo hace posible Dios&#8221;.<\/p><p>La selecci\u00f3n de los trajes a presentar se realiz\u00f3 \u201cminuciosamente\u201d, buscando piezas que \u201cimpacten al p\u00fablico de tantos pa\u00edses que asisten a esta pasarela&#8221;.\u00a0<\/p><p>Con gran emoci\u00f3n Rosa\u00a0 afirma: &#8220;Queremos representar dignamente a Guatemala y a la cultura maya frente a dise\u00f1adores de Europa, Asia y Sudam\u00e9rica&#8221;.\u00a0 Aunque ser\u00e1 la primera vez que est\u00e9n presentes en una semana internacional de la moda, ya llevan tiempo presentes en Estados Unidos.<\/p><p>Las creaciones de Textiles D\u2019La Rossa ya se encuentran en algunas tiendas guatemaltecas en Nueva York.\u00a0 Son promocionadas, por ejemplo, por la influencer maya Yamila,\u00a0 quien luce y promociona sus dise\u00f1os en redes sociales.\u00a0\u00a0<\/p>\t\t\t\t\t\t\t\t<\/div>\n\t\t\t\t\t<\/div>\n\t\t\t\t<\/div>\n\t\t<div data-particle_enable=\"false\" data-particle-mobile-disabled=\"false\" class=\"elementor-element elementor-element-dee09ee e-flex e-con-boxed e-con e-parent\" data-id=\"dee09ee\" data-element_type=\"container\" data-e-type=\"container\">\n\t\t\t\t\t<div class=\"e-con-inner\">\n\t\t\t\t<div class=\"elementor-element elementor-element-00c5df1 elementor-arrows-position-inside elementor-pagination-position-outside elementor-widget elementor-widget-image-carousel\" data-id=\"00c5df1\" data-element_type=\"widget\" data-e-type=\"widget\" data-settings=\"{&quot;slides_to_show&quot;:&quot;1&quot;,&quot;effect&quot;:&quot;fade&quot;,&quot;navigation&quot;:&quot;both&quot;,&quot;autoplay&quot;:&quot;yes&quot;,&quot;pause_on_hover&quot;:&quot;yes&quot;,&quot;pause_on_interaction&quot;:&quot;yes&quot;,&quot;autoplay_speed&quot;:5000,&quot;infinite&quot;:&quot;yes&quot;,&quot;speed&quot;:500}\" data-widget_type=\"image-carousel.default\">\n\t\t\t\t\t\t\t<div class=\"elementor-image-carousel-wrapper swiper\" role=\"region\" aria-roledescription=\"carousel\" aria-label=\"Carrusel de im\u00e1genes\" dir=\"ltr\">\n\t\t\t<div class=\"elementor-image-carousel swiper-wrapper\" aria-live=\"off\">\n\t\t\t\t\t\t\t\t<div class=\"swiper-slide\" role=\"group\" aria-roledescription=\"slide\" aria-label=\"1 de 4\"><figure class=\"swiper-slide-inner\"><img decoding=\"async\" class=\"swiper-slide-image\" src=\"https:\/\/soymigrante.com\/revista\/wp-content\/uploads\/2025\/09\/textiles-d-la-rossa-de-totonicapan-en-desfile-de-cayala-1-1024x638.png\" alt=\"En agosto de 2025, Textiles D&#039;La Rossa present\u00f3 su desfile en el sal\u00f3n principal de Ciudad Cayal\u00e1, en la ciudad capital de Guatemala. Ahora va a uno de los mayores escenarios de la moda mundial: New York Fashion Week 2025. (Fotos cortes\u00eda D&#039;La Rossa)\" \/><figcaption class=\"elementor-image-carousel-caption\">En agosto de 2025, Textiles D'La Rossa present\u00f3 su desfile en el sal\u00f3n principal de Ciudad Cayal\u00e1, en la ciudad capital de Guatemala. Ahora va a uno de los mayores escenarios de la moda mundial: New York Fashion Week 2025. (Fotos cortes\u00eda D'La Rossa)<\/figcaption><\/figure><\/div><div class=\"swiper-slide\" role=\"group\" aria-roledescription=\"slide\" aria-label=\"2 de 4\"><figure class=\"swiper-slide-inner\"><img decoding=\"async\" class=\"swiper-slide-image\" src=\"https:\/\/soymigrante.com\/revista\/wp-content\/uploads\/2025\/09\/textiles-d-la-rossa-de-totonicapan-en-desfile-de-cayala-2-1024x655.png\" alt=\"En agosto de 2025, Textiles D&#039;La Rossa present\u00f3 su desfile en el sal\u00f3n principal de Ciudad Cayal\u00e1, en la ciudad capital de Guatemala. Ahora va a uno de los mayores escenarios de la moda mundial: New York Fashion Week 2025. (Fotos cortes\u00eda D&#039;La Rossa)\" \/><figcaption class=\"elementor-image-carousel-caption\">En agosto de 2025, Textiles D'La Rossa present\u00f3 su desfile en el sal\u00f3n principal de Ciudad Cayal\u00e1, en la ciudad capital de Guatemala. Ahora va a uno de los mayores escenarios de la moda mundial: New York Fashion Week 2025. (Fotos cortes\u00eda D'La Rossa)<\/figcaption><\/figure><\/div><div class=\"swiper-slide\" role=\"group\" aria-roledescription=\"slide\" aria-label=\"3 de 4\"><figure class=\"swiper-slide-inner\"><img decoding=\"async\" class=\"swiper-slide-image\" src=\"https:\/\/soymigrante.com\/revista\/wp-content\/uploads\/2025\/09\/textiles-d-la-rossa-de-totonicapan-en-desfile-de-cayala-3-1024x633.png\" alt=\"En agosto de 2025, Textiles D&#039;La Rossa present\u00f3 su desfile en el sal\u00f3n principal de Ciudad Cayal\u00e1, en la ciudad capital de Guatemala. Ahora va a uno de los mayores escenarios de la moda mundial: New York Fashion Week 2025. (Fotos cortes\u00eda D&#039;La Rossa)\" \/><figcaption class=\"elementor-image-carousel-caption\">En agosto de 2025, Textiles D'La Rossa present\u00f3 su desfile en el sal\u00f3n principal de Ciudad Cayal\u00e1, en la ciudad capital de Guatemala. Ahora va a uno de los mayores escenarios de la moda mundial: New York Fashion Week 2025. (Fotos cortes\u00eda D'La Rossa)<\/figcaption><\/figure><\/div><div class=\"swiper-slide\" role=\"group\" aria-roledescription=\"slide\" aria-label=\"4 de 4\"><figure class=\"swiper-slide-inner\"><img decoding=\"async\" class=\"swiper-slide-image\" src=\"https:\/\/soymigrante.com\/revista\/wp-content\/uploads\/2025\/09\/textiles-d-la-rossa-de-totonicapan-en-desfile-de-cayala-4-1024x642.png\" alt=\"En agosto de 2025, Textiles D&#039;La Rossa present\u00f3 su desfile en el sal\u00f3n principal de Ciudad Cayal\u00e1, en la ciudad capital de Guatemala. Ahora va a uno de los mayores escenarios de la moda mundial: New York Fashion Week 2025. (Fotos cortes\u00eda D&#039;La Rossa)\" \/><figcaption class=\"elementor-image-carousel-caption\">En agosto de 2025, Textiles D'La Rossa present\u00f3 su desfile en el sal\u00f3n principal de Ciudad Cayal\u00e1, en la ciudad capital de Guatemala. Ahora va a uno de los mayores escenarios de la moda mundial: New York Fashion Week 2025. (Fotos cortes\u00eda D'La Rossa)<\/figcaption><\/figure><\/div>\t\t\t<\/div>\n\t\t\t\t\t\t\t\t\t\t\t\t<div class=\"elementor-swiper-button elementor-swiper-button-prev\" role=\"button\" tabindex=\"0\">\n\t\t\t\t\t\t<i aria-hidden=\"true\" class=\"eicon-chevron-left\"><\/i>\t\t\t\t\t<\/div>\n\t\t\t\t\t<div class=\"elementor-swiper-button elementor-swiper-button-next\" role=\"button\" tabindex=\"0\">\n\t\t\t\t\t\t<i aria-hidden=\"true\" class=\"eicon-chevron-right\"><\/i>\t\t\t\t\t<\/div>\n\t\t\t\t\n\t\t\t\t\t\t\t\t\t<div class=\"swiper-pagination\"><\/div>\n\t\t\t\t\t\t\t\t\t<\/div>\n\t\t\t\t\t\t<\/div>\n\t\t\t\t\t<\/div>\n\t\t\t\t<\/div>\n\t\t<div data-particle_enable=\"false\" data-particle-mobile-disabled=\"false\" class=\"elementor-element elementor-element-4510c9b e-flex e-con-boxed e-con e-parent\" data-id=\"4510c9b\" data-element_type=\"container\" data-e-type=\"container\">\n\t\t\t\t\t<div class=\"e-con-inner\">\n\t\t\t\t<div class=\"elementor-element elementor-element-be7fc31 elementor-widget elementor-widget-heading\" data-id=\"be7fc31\" data-element_type=\"widget\" data-e-type=\"widget\" data-widget_type=\"heading.default\">\n\t\t\t\t\t<h3 class=\"elementor-heading-title elementor-size-default\">S\u00e1bado 13 de septiembre 2025 a las 20 horas<\/h3>\t\t\t\t<\/div>\n\t\t\t\t\t<\/div>\n\t\t\t\t<\/div>\n\t\t<div data-particle_enable=\"false\" data-particle-mobile-disabled=\"false\" class=\"elementor-element elementor-element-e3ccf93 e-flex e-con-boxed e-con e-parent\" data-id=\"e3ccf93\" data-element_type=\"container\" data-e-type=\"container\">\n\t\t\t\t\t<div class=\"e-con-inner\">\n\t\t\t\t<div class=\"elementor-element elementor-element-3b8abdc elementor-widget elementor-widget-text-editor\" data-id=\"3b8abdc\" data-element_type=\"widget\" data-e-type=\"widget\" data-widget_type=\"text-editor.default\">\n\t\t\t\t\t\t\t\t\t<p>El desfile de Textiles D&#8217;La Rossa en New York Fashion Week ser\u00e1 el pr\u00f3ximo s\u00e1bado 13 de septiembre y ser\u00e1 transmitido en vivo. \u201cEstamos muy felices y orgullosos, porque nunca imaginamos llegar tan lejos. Solo agradecemos a Dios y a nuestro equipo de trabajo. Dedicamos la pasarela a nuestros pueblos\u201d, expresa Tzul.\u00a0\u00a0<\/p><p>\u201cNos sentimos contentos de representar nuestra cultura en un escenario tan grande, y m\u00e1s en este mes tan significativo, septiembre, mes de la patria\u201d, subraya Rosa.\u00a0 \u00a0<\/p>\t\t\t\t\t\t\t\t<\/div>\n\t\t\t\t\t<\/div>\n\t\t\t\t<\/div>\n\t\t<div data-particle_enable=\"false\" data-particle-mobile-disabled=\"false\" class=\"elementor-element elementor-element-e492b2b e-flex e-con-boxed e-con e-parent\" data-id=\"e492b2b\" data-element_type=\"container\" data-e-type=\"container\">\n\t\t\t\t\t<div class=\"e-con-inner\">\n\t\t\t\t<div class=\"elementor-element elementor-element-53ddd0c elementor-widget elementor-widget-html\" data-id=\"53ddd0c\" data-element_type=\"widget\" data-e-type=\"widget\" data-widget_type=\"html.default\">\n\t\t\t\t\t<iframe src=\"https:\/\/www.facebook.com\/plugins\/video.php?height=476&href=https%3A%2F%2Fwww.facebook.com%2Freel%2F1529567955065179%2F&show_text=true&width=267&t=0\" width=\"267\" height=\"591\" style=\"border:none;overflow:hidden\" scrolling=\"no\" frameborder=\"0\" allowfullscreen=\"true\" allow=\"autoplay; clipboard-write; encrypted-media; picture-in-picture; web-share\" allowFullScreen=\"true\"><\/iframe>\t\t\t\t<\/div>\n\t\t\t\t\t<\/div>\n\t\t\t\t<\/div>\n\t\t<div data-particle_enable=\"false\" data-particle-mobile-disabled=\"false\" class=\"elementor-element elementor-element-fc53410 e-flex e-con-boxed e-con e-parent\" data-id=\"fc53410\" data-element_type=\"container\" data-e-type=\"container\">\n\t\t\t\t\t<div class=\"e-con-inner\">\n\t\t\t\t<div class=\"elementor-element elementor-element-34337cb elementor-widget elementor-widget-heading\" data-id=\"34337cb\" data-element_type=\"widget\" data-e-type=\"widget\" data-widget_type=\"heading.default\">\n\t\t\t\t\t<h3 class=\"elementor-heading-title elementor-size-default\">\u00bfPor qu\u00e9 le pusieron D'La Rossa?<\/h3>\t\t\t\t<\/div>\n\t\t\t\t\t<\/div>\n\t\t\t\t<\/div>\n\t\t<div data-particle_enable=\"false\" data-particle-mobile-disabled=\"false\" class=\"elementor-element elementor-element-3a3d71b e-flex e-con-boxed e-con e-parent\" data-id=\"3a3d71b\" data-element_type=\"container\" data-e-type=\"container\">\n\t\t\t\t\t<div class=\"e-con-inner\">\n\t\t\t\t<div class=\"elementor-element elementor-element-983987d elementor-widget elementor-widget-text-editor\" data-id=\"983987d\" data-element_type=\"widget\" data-e-type=\"widget\" data-widget_type=\"text-editor.default\">\n\t\t\t\t\t\t\t\t\t<p>Alexander lo cuenta. \u201cAlgunas personas al ver un traje puesto en la calle, le preguntaban a quien lo portaba: \u00bfD\u00f3nde compr\u00f3 su traje? Y respond\u00edan: &#8220;Con la Rosa\u201d, en alusi\u00f3n a Rosa, mi esposa.&nbsp;<\/p>\n<p>As\u00ed que fue la misma gente quien nos puso nombre&#8221;. Y con orgullo, D&#8217;La Rossa hoy se pronuncia hoycomo un s\u00edmbolo de tendencia de moda, elegancia y expresi\u00f3n cultural, ante el mundo entero.<\/p>\n<p>La pasarela del <a href=\"https:\/\/www.youtube.com\/watch?v=91dVsV1OtmQ&amp;t=2161s\">s\u00e1bado 13 de septiembre, en New York se puede ver aqu\u00ed.<\/a><br><a href=\"https:\/\/www.youtube.com\/watch?v=E-uv7y5Ilac&amp;t=1225s\">La pasarela&nbsp; del 6 de octubre en Par\u00eds, se puede ver aqu\u00ed.<\/a><\/p>\n<div>&nbsp;<\/div>\t\t\t\t\t\t\t\t<\/div>\n\t\t\t\t\t<\/div>\n\t\t\t\t<\/div>\n\t\t<div data-particle_enable=\"false\" data-particle-mobile-disabled=\"false\" class=\"elementor-element elementor-element-9779a3d e-flex e-con-boxed e-con e-parent\" data-id=\"9779a3d\" data-element_type=\"container\" data-e-type=\"container\">\n\t\t\t\t\t<div class=\"e-con-inner\">\n\t\t\t\t<div class=\"elementor-element elementor-element-7621f8c elementor-widget elementor-widget-facebook-page\" data-id=\"7621f8c\" data-element_type=\"widget\" data-e-type=\"widget\" data-widget_type=\"facebook-page.default\">\n\t\t\t\t\t<div class=\"elementor-facebook-widget fb-page\" data-href=\"https:\/\/www.facebook.com\/textilesdlarossa\" data-tabs=\"timeline\" data-height=\"500px\" data-width=\"500px\" data-small-header=\"false\" data-hide-cover=\"false\" data-show-facepile=\"true\" data-hide-cta=\"false\" style=\"min-height: 1px;height:500px\"><\/div>\t\t\t\t<\/div>\n\t\t\t\t\t<\/div>\n\t\t\t\t<\/div>\n\t\t<div data-particle_enable=\"false\" data-particle-mobile-disabled=\"false\" class=\"elementor-element elementor-element-4023db7 e-flex e-con-boxed e-con e-parent\" data-id=\"4023db7\" data-element_type=\"container\" data-e-type=\"container\">\n\t\t\t\t\t<div class=\"e-con-inner\">\n\t\t\t\t<div class=\"elementor-element elementor-element-b029fa3 elementor-widget elementor-widget-heading\" data-id=\"b029fa3\" data-element_type=\"widget\" data-e-type=\"widget\" data-widget_type=\"heading.default\">\n\t\t\t\t\t<h2 class=\"elementor-heading-title elementor-size-default\">Tradici\u00f3n ancestral sin fronteras<\/h2>\t\t\t\t<\/div>\n\t\t\t\t\t<\/div>\n\t\t\t\t<\/div>\n\t\t<div data-particle_enable=\"false\" data-particle-mobile-disabled=\"false\" class=\"elementor-element elementor-element-8404be7 e-flex e-con-boxed e-con e-parent\" data-id=\"8404be7\" data-element_type=\"container\" data-e-type=\"container\">\n\t\t\t\t\t<div class=\"e-con-inner\">\n\t\t\t\t<div class=\"elementor-element elementor-element-a68e7f3 elementor-grid-eael-col-3 elementor-grid-tablet-eael-col-2 elementor-grid-mobile-eael-col-1 elementor-widget elementor-widget-eael-post-grid\" data-id=\"a68e7f3\" data-element_type=\"widget\" data-e-type=\"widget\" data-settings=\"{&quot;eael_post_grid_columns&quot;:&quot;eael-col-3&quot;,&quot;eael_post_grid_columns_tablet&quot;:&quot;eael-col-2&quot;,&quot;eael_post_grid_columns_mobile&quot;:&quot;eael-col-1&quot;}\" data-widget_type=\"eael-post-grid.default\">\n\t\t\t\t\t<div id=\"eael-post-grid-a68e7f3\" class=\"eael-post-grid-container\">\n            <div class=\"eael-post-grid eael-post-appender eael-post-appender-a68e7f3 eael-post-grid-style-one\" data-layout-mode=\"masonry\"><article class=\"eael-grid-post  eael-post-grid-column eael-pg-post-31202 category-guate-nuestra tags-joyas-mayas-migrantes\" data-id=\"31202\">\n        <div class=\"eael-grid-post-holder\">\n            <div class=\"eael-grid-post-holder-inner\"><div class=\"eael-entry-media\"><div class=\"eael-entry-overlay fade-in\"><i class=\"far fa-hand-pointer\" aria-hidden=\"true\"><\/i><a href=\"https:\/\/soymigrante.com\/revista\/joyas-mayas-migrantes-textiles-tradicionales-se-atesoran-en-el-museo-de-diseno-goldstein-de-minnesota\/\"><\/a><\/div><div class=\"eael-entry-thumbnail \">\n                <img decoding=\"async\" width=\"1024\" height=\"683\" src=\"https:\/\/soymigrante.com\/revista\/wp-content\/uploads\/2025\/04\/GMD1996043002A_1-jpg635333438404937878-1024x683.jpg\" class=\"attachment-large size-large wp-image-31229\" alt=\"Colorido mandil tradicional con bordado artesanal y dise\u00f1o de aves y flores, representando la cultura ind\u00edgena mexicana en la revista SoyMigrante.com REVISTA.\" \/>\n            <\/div>\n        <\/div><div class=\"eael-entry-wrapper\"><header class=\"eael-entry-header\"><h2 class=\"eael-entry-title\"><a class=\"eael-grid-post-link\" href=\"https:\/\/soymigrante.com\/revista\/joyas-mayas-migrantes-textiles-tradicionales-se-atesoran-en-el-museo-de-diseno-goldstein-de-minnesota\/\" title=\"Joyas mayas migrantes: Textiles guatemaltecos en el Museo Goldstein de Dise\u00f1o, en Minnesota\">Joyas mayas migrantes: Textiles guatemaltecos en el Museo Goldstein de Dise\u00f1o, en Minnesota<\/a><\/h2><\/header><div class=\"eael-entry-content\">\n                        <div class=\"eael-grid-post-excerpt\"><a href=\"https:\/\/soymigrante.com\/revista\/joyas-mayas-migrantes-textiles-tradicionales-se-atesoran-en-el-museo-de-diseno-goldstein-de-minnesota\/\" class=\"eael-post-elements-readmore-btn\">CONOCE SU HISTORIA <\/a><\/div>\n                    <\/div><\/div><\/div>\n        <\/div>\n    <\/article><article class=\"eael-grid-post  eael-post-grid-column eael-pg-post-18254 category-guate-nuestra tags-mercado-emprendedores\" data-id=\"18254\">\n        <div class=\"eael-grid-post-holder\">\n            <div class=\"eael-grid-post-holder-inner\"><div class=\"eael-entry-media\"><div class=\"eael-entry-overlay fade-in\"><i class=\"far fa-hand-pointer\" aria-hidden=\"true\"><\/i><a href=\"https:\/\/soymigrante.com\/revista\/kemon-collection-tejiendo-suenos-y-conservando-tradiciones-ancestrales\/\"><\/a><\/div><div class=\"eael-entry-thumbnail \">\n                <img loading=\"lazy\" decoding=\"async\" width=\"1024\" height=\"1024\" src=\"https:\/\/soymigrante.com\/revista\/wp-content\/uploads\/2024\/12\/kemon-1024x1024.jpg\" class=\"attachment-large size-large wp-image-18269\" alt=\"Artesana mostrando textiles tradicionales en feria de cultura ind\u00edgena en M\u00e9xico.\" srcset=\"https:\/\/soymigrante.com\/revista\/wp-content\/uploads\/2024\/12\/kemon-1024x1024.jpg 1024w, https:\/\/soymigrante.com\/revista\/wp-content\/uploads\/2024\/12\/kemon-300x300.jpg 300w, https:\/\/soymigrante.com\/revista\/wp-content\/uploads\/2024\/12\/kemon-150x150.jpg 150w, https:\/\/soymigrante.com\/revista\/wp-content\/uploads\/2024\/12\/kemon-768x768.jpg 768w, https:\/\/soymigrante.com\/revista\/wp-content\/uploads\/2024\/12\/kemon-75x75.webp 75w, https:\/\/soymigrante.com\/revista\/wp-content\/uploads\/2024\/12\/kemon-750x750.webp 750w, https:\/\/soymigrante.com\/revista\/wp-content\/uploads\/2024\/12\/kemon.webp 1080w\" sizes=\"(max-width: 1024px) 100vw, 1024px\" \/>\n            <\/div>\n        <\/div><div class=\"eael-entry-wrapper\"><header class=\"eael-entry-header\"><h2 class=\"eael-entry-title\"><a class=\"eael-grid-post-link\" href=\"https:\/\/soymigrante.com\/revista\/kemon-collection-tejiendo-suenos-y-conservando-tradiciones-ancestrales\/\" title=\"Kemon Collection: Tejiendo sue\u00f1os y conservando tradiciones ancestrales\">Kemon Collection: Tejiendo sue\u00f1os y conservando tradiciones ancestrales<\/a><\/h2><\/header><div class=\"eael-entry-content\">\n                        <div class=\"eael-grid-post-excerpt\"><a href=\"https:\/\/soymigrante.com\/revista\/kemon-collection-tejiendo-suenos-y-conservando-tradiciones-ancestrales\/\" class=\"eael-post-elements-readmore-btn\">CONOCE SU HISTORIA <\/a><\/div>\n                    <\/div><\/div><\/div>\n        <\/div>\n    <\/article><article class=\"eael-grid-post  eael-post-grid-column eael-pg-post-41297 category-guate-nuestra tags-mercado-emprendedores\" data-id=\"41297\">\n        <div class=\"eael-grid-post-holder\">\n            <div class=\"eael-grid-post-holder-inner\"><div class=\"eael-entry-media\"><div class=\"eael-entry-overlay fade-in\"><i class=\"far fa-hand-pointer\" aria-hidden=\"true\"><\/i><a href=\"https:\/\/soymigrante.com\/revista\/textiles-kem-colorido-e-identidad-de-adelina-nicho-desde-comalapa\/\"><\/a><\/div><div class=\"eael-entry-thumbnail \">\n                <img loading=\"lazy\" decoding=\"async\" width=\"1024\" height=\"1024\" src=\"https:\/\/soymigrante.com\/revista\/wp-content\/uploads\/2025\/08\/adelina-nicho-cumez-textiles-kem-comalapa-mercado-1-1024x1024.jpg\" class=\"attachment-large size-large wp-image-41302\" alt=\"Mujer ind\u00edgena con gafas, sonriendo y vestida con ropa colorida y patr\u00f3n tradicional, representando cultura y comunidad en un entorno natural.\" srcset=\"https:\/\/soymigrante.com\/revista\/wp-content\/uploads\/2025\/08\/adelina-nicho-cumez-textiles-kem-comalapa-mercado-1-1024x1024.jpg 1024w, https:\/\/soymigrante.com\/revista\/wp-content\/uploads\/2025\/08\/adelina-nicho-cumez-textiles-kem-comalapa-mercado-1-300x300.jpg 300w, https:\/\/soymigrante.com\/revista\/wp-content\/uploads\/2025\/08\/adelina-nicho-cumez-textiles-kem-comalapa-mercado-1-150x150.jpg 150w, https:\/\/soymigrante.com\/revista\/wp-content\/uploads\/2025\/08\/adelina-nicho-cumez-textiles-kem-comalapa-mercado-1-768x768.jpg 768w, https:\/\/soymigrante.com\/revista\/wp-content\/uploads\/2025\/08\/adelina-nicho-cumez-textiles-kem-comalapa-mercado-1-75x75.webp 75w, https:\/\/soymigrante.com\/revista\/wp-content\/uploads\/2025\/08\/adelina-nicho-cumez-textiles-kem-comalapa-mercado-1-750x750.webp 750w, https:\/\/soymigrante.com\/revista\/wp-content\/uploads\/2025\/08\/adelina-nicho-cumez-textiles-kem-comalapa-mercado-1-1140x1140.webp 1140w, https:\/\/soymigrante.com\/revista\/wp-content\/uploads\/2025\/08\/adelina-nicho-cumez-textiles-kem-comalapa-mercado-1.webp 1187w\" sizes=\"(max-width: 1024px) 100vw, 1024px\" \/>\n            <\/div>\n        <\/div><div class=\"eael-entry-wrapper\"><header class=\"eael-entry-header\"><h2 class=\"eael-entry-title\"><a class=\"eael-grid-post-link\" href=\"https:\/\/soymigrante.com\/revista\/textiles-kem-colorido-e-identidad-de-adelina-nicho-desde-comalapa\/\" title=\"Kem Textiles Mayas: colorido e identidad de Adelina Nicho desde Comalapa\">Kem Textiles Mayas: colorido e identidad de Adelina Nicho desde Comalapa<\/a><\/h2><\/header><div class=\"eael-entry-content\">\n                        <div class=\"eael-grid-post-excerpt\"><a href=\"https:\/\/soymigrante.com\/revista\/textiles-kem-colorido-e-identidad-de-adelina-nicho-desde-comalapa\/\" class=\"eael-post-elements-readmore-btn\">CONOCE SU HISTORIA <\/a><\/div>\n                    <\/div><\/div><\/div>\n        <\/div>\n    <\/article><\/div>\n            <div class=\"clearfix\"><\/div>\n        <\/div>\t\t\t\t<\/div>\n\t\t\t\t\t<\/div>\n\t\t\t\t<\/div>\n\t\t\t\t<\/div>\n\t\t","protected":false},"excerpt":{"rendered":"<p>A la mundialmente famosa Semana de la Moda de Nueva York, fue invitada la f\u00e1brica textil maya artesanal D&#8217;La Rossa, de Totonicap\u00e1n. Sus fundadores Alexander Sic y Rosa Tzul comparten sobre esta hist\u00f3rica participaci\u00f3n el s\u00e1bado 13 de septiembre. Lo que empez\u00f3 en 2002 como el sue\u00f1o de una pareja emprendedora se ha convertido en [&hellip;]<\/p>\n","protected":false},"author":7,"featured_media":44349,"comment_status":"open","ping_status":"open","sticky":false,"template":"","format":"standard","meta":{"_acf_changed":false,"_eb_attr":"","footnotes":""},"categories":[58],"tags":[],"class_list":["post-44296","post","type-post","status-publish","format-standard","has-post-thumbnail","hentry","category-guate-nuestra"],"acf":[],"aioseo_notices":[],"aioseo_head":"\n\t\t<!-- All in One SEO Pro 4.9.6.2 - aioseo.com -->\n\t<meta name=\"description\" content=\"Fundado por Adelina Nicho C\u00famez, Kem Textiles Mayas impulsa el tejido artesanal y genera oportunidades. Tiene tienda digital en MERCADO. Conoce su historia.\" \/>\n\t<meta name=\"robots\" content=\"max-snippet:-1, max-image-preview:large, max-video-preview:-1\" \/>\n\t<meta name=\"author\" content=\"Gustavo Montenegro\"\/>\n\t<link rel=\"canonical\" href=\"https:\/\/soymigrante.com\/revista\/textiles-kem-colorido-e-identidad-de-adelina-nicho-desde-comalapa\/\" \/>\n\t<meta name=\"generator\" content=\"All in One SEO Pro (AIOSEO) 4.9.6.2\" \/>\n\n\t\t<link rel=\"preconnect\" href=\"https:\/\/fonts.googleapis.com\" crossorigin>\n<link rel=\"preconnect\" href=\"https:\/\/fonts.gstatic.com\" crossorigin>\n\t\t<meta property=\"og:locale\" content=\"es_ES\" \/>\n\t\t<meta property=\"og:site_name\" content=\"SoyMigrante.com REVISTA \u2013 Nuestra misi\u00f3n es reconocer y dignificar al migrante.\" \/>\n\t\t<meta property=\"og:type\" content=\"article\" \/>\n\t\t<meta property=\"og:title\" content=\"Textiles Kem: tradici\u00f3n desde Comalapa ya est\u00e1 en MERCADO\" \/>\n\t\t<meta property=\"og:description\" content=\"Fundado por Adelina Nicho C\u00famez, Kem Textiles Mayas impulsa el tejido artesanal y genera oportunidades. Tiene tienda digital en MERCADO. Conoce su historia.\" \/>\n\t\t<meta property=\"og:url\" content=\"https:\/\/soymigrante.com\/revista\/textiles-kem-colorido-e-identidad-de-adelina-nicho-desde-comalapa\/\" \/>\n\t\t<meta property=\"og:image\" content=\"https:\/\/soymigrante.com\/revista\/wp-content\/uploads\/2025\/08\/adelina-nicho-cumez-textiles-kem-comalapa-mercado-1.webp\" \/>\n\t\t<meta property=\"og:image:secure_url\" content=\"https:\/\/soymigrante.com\/revista\/wp-content\/uploads\/2025\/08\/adelina-nicho-cumez-textiles-kem-comalapa-mercado-1.webp\" \/>\n\t\t<meta property=\"og:image:width\" content=\"1187\" \/>\n\t\t<meta property=\"og:image:height\" content=\"1187\" \/>\n\t\t<meta property=\"article:published_time\" content=\"2025-08-05T22:26:21+00:00\" \/>\n\t\t<meta property=\"article:modified_time\" content=\"2025-08-06T18:36:23+00:00\" \/>\n\t\t<meta property=\"article:publisher\" content=\"https:\/\/www.facebook.com\/soymigrantecom\" \/>\n\t\t<meta name=\"twitter:card\" content=\"summary_large_image\" \/>\n\t\t<meta name=\"twitter:site\" content=\"@SoyMigrante_com\" \/>\n\t\t<meta name=\"twitter:title\" content=\"Textiles Kem: tradici\u00f3n desde Comalapa ya est\u00e1 en MERCADO\" \/>\n\t\t<meta name=\"twitter:description\" content=\"Fundado por Adelina Nicho C\u00famez, Kem Textiles Mayas impulsa el tejido artesanal y genera oportunidades. Tiene tienda digital en MERCADO. Conoce su historia.\" \/>\n\t\t<meta name=\"twitter:creator\" content=\"@SoyMigrante_com\" \/>\n\t\t<meta name=\"twitter:image\" content=\"https:\/\/soymigrante.com\/revista\/wp-content\/uploads\/2025\/08\/adelina-nicho-cumez-textiles-kem-comalapa-mercado-1.webp\" \/>\n\t\t<!-- All in One SEO Pro -->\r\n\t\t<title>Textiles Kem: tradici\u00f3n desde Comalapa ya est\u00e1 en MERCADO<\/title>\n\n","aioseo_head_json":{"title":"Textiles Kem: tradici\u00f3n desde Comalapa ya est\u00e1 en MERCADO","description":"Fundado por Adelina Nicho C\u00famez, Kem Textiles Mayas impulsa el tejido artesanal y genera oportunidades. Tiene tienda digital en MERCADO. Conoce su historia.","canonical_url":"https:\/\/soymigrante.com\/revista\/textiles-kem-colorido-e-identidad-de-adelina-nicho-desde-comalapa\/","robots":"max-snippet:-1, max-image-preview:large, max-video-preview:-1","keywords":"","webmasterTools":{"miscellaneous":"&lt;link rel=\"preconnect\" href=\"https:\/\/fonts.googleapis.com\" crossorigin&gt;\n&lt;link rel=\"preconnect\" href=\"https:\/\/fonts.gstatic.com\" crossorigin&gt;"},"schema":null,"og:locale":"es_ES","og:site_name":"SoyMigrante.com REVISTA \u2013 Nuestra misi\u00f3n es reconocer y dignificar al migrante.","og:type":"article","og:title":"Textiles Kem: tradici\u00f3n desde Comalapa ya est\u00e1 en MERCADO","og:description":"Fundado por Adelina Nicho C\u00famez, Kem Textiles Mayas impulsa el tejido artesanal y genera oportunidades. Tiene tienda digital en MERCADO. Conoce su historia.","og:url":"https:\/\/soymigrante.com\/revista\/textiles-kem-colorido-e-identidad-de-adelina-nicho-desde-comalapa\/","og:image":"https:\/\/soymigrante.com\/revista\/wp-content\/uploads\/2025\/08\/adelina-nicho-cumez-textiles-kem-comalapa-mercado-1.webp","og:image:secure_url":"https:\/\/soymigrante.com\/revista\/wp-content\/uploads\/2025\/08\/adelina-nicho-cumez-textiles-kem-comalapa-mercado-1.webp","og:image:width":1187,"og:image:height":1187,"article:published_time":"2025-08-05T22:26:21+00:00","article:modified_time":"2025-08-06T18:36:23+00:00","article:publisher":"https:\/\/www.facebook.com\/soymigrantecom","twitter:card":"summary_large_image","twitter:site":"@SoyMigrante_com","twitter:title":"Textiles Kem: tradici\u00f3n desde Comalapa ya est\u00e1 en MERCADO","twitter:description":"Fundado por Adelina Nicho C\u00famez, Kem Textiles Mayas impulsa el tejido artesanal y genera oportunidades. Tiene tienda digital en MERCADO. Conoce su historia.","twitter:creator":"@SoyMigrante_com","twitter:image":"https:\/\/soymigrante.com\/revista\/wp-content\/uploads\/2025\/08\/adelina-nicho-cumez-textiles-kem-comalapa-mercado-1.webp"},"aioseo_meta_data":{"post_id":"44296","title":"Textiles D\u2019La Rossa de Toto en New York Fashion Week 2025","description":"F\u00e1brica artesanal de prendas mayas D'La Rossa, de Totonicap\u00e1n, Guatemala participa en Nueva York Fashion Week este13 de septiembre. Y esta es su historia.","keywords":null,"keyphrases":{"focus":{"keyphrase":"Fashion Week","score":91,"analysis":{"keyphraseInTitle":{"score":9,"maxScore":9,"error":0},"keyphraseInDescription":{"score":9,"maxScore":9,"error":0},"keyphraseLength":{"score":9,"maxScore":9,"error":0,"length":2},"keyphraseInURL":{"score":5,"maxScore":5,"error":0},"keyphraseInIntroduction":{"score":9,"maxScore":9,"error":0},"keyphraseInSubHeadings":{"score":3,"maxScore":9,"error":1},"keyphraseInImageAlt":{"score":9,"maxScore":9,"error":0},"keywordDensity":{"type":"best","score":9,"maxScore":9,"error":0}}},"additional":[{"keyphrase":"Mayas","score":87,"analysis":{"keyphraseInDescription":{"score":9,"maxScore":9,"error":0},"keyphraseLength":{"score":9,"maxScore":9,"error":0,"length":1},"keyphraseInIntroduction":{"score":3,"maxScore":9,"error":1},"keyphraseInImageAlt":{"score":9,"maxScore":9,"error":0},"keywordDensity":{"type":"best","score":9,"maxScore":9,"error":0}}},{"keyphrase":"Totonicap\u00e1n","score":80,"analysis":{"keyphraseInDescription":{"score":9,"maxScore":9,"error":0},"keyphraseLength":{"score":9,"maxScore":9,"error":0,"length":2},"keyphraseInIntroduction":{"score":9,"maxScore":9,"error":0},"keyphraseInImageAlt":{"score":9,"maxScore":9,"error":0},"keywordDensity":{"score":0,"type":"low","maxScore":9,"error":1}}},{"keyphrase":"New York","score":87,"analysis":{"keyphraseInDescription":{"score":3,"maxScore":9,"error":1},"keyphraseLength":{"score":9,"maxScore":9,"error":0,"length":2},"keyphraseInIntroduction":{"score":9,"maxScore":9,"error":0},"keyphraseInImageAlt":{"score":9,"maxScore":9,"error":0},"keywordDensity":{"type":"best","score":9,"maxScore":9,"error":0}}},{"keyphrase":"Guatemala","score":100,"analysis":{"keyphraseInDescription":{"score":9,"maxScore":9,"error":0},"keyphraseLength":{"score":9,"maxScore":9,"error":0,"length":1},"keyphraseInIntroduction":{"score":9,"maxScore":9,"error":0},"keyphraseInImageAlt":{"score":9,"maxScore":9,"error":0},"keywordDensity":{"type":"best","score":9,"maxScore":9,"error":0}}}]},"primary_term":null,"canonical_url":null,"og_title":null,"og_description":null,"og_object_type":"default","og_image_type":"default","og_image_url":null,"og_image_width":null,"og_image_height":null,"og_image_custom_url":null,"og_image_custom_fields":null,"og_video":"","og_custom_url":null,"og_article_section":null,"og_article_tags":null,"twitter_use_og":false,"twitter_card":"default","twitter_image_type":"default","twitter_image_url":null,"twitter_image_custom_url":null,"twitter_image_custom_fields":null,"twitter_title":null,"twitter_description":null,"schema":{"blockGraphs":[],"customGraphs":[],"default":{"data":{"Article":[],"Course":[],"Dataset":[],"FAQPage":[],"Movie":[],"Person":[],"Product":[],"ProductReview":[],"Car":[],"Recipe":[],"Service":[],"SoftwareApplication":[],"WebPage":[]},"graphName":"none","isEnabled":true},"graphs":[]},"schema_type":"default","schema_type_options":null,"pillar_content":false,"robots_default":true,"robots_noindex":false,"robots_noarchive":false,"robots_nosnippet":false,"robots_nofollow":false,"robots_noimageindex":false,"robots_noodp":false,"robots_notranslate":false,"robots_max_snippet":"-1","robots_max_videopreview":"-1","robots_max_imagepreview":"large","priority":null,"frequency":"default","local_seo":null,"seo_analyzer_scan_date":"2025-10-09 08:26:44","breadcrumb_settings":null,"limit_modified_date":false,"reviewed_by":"0","open_ai":null,"ai":{"faqs":[],"keyPoints":[],"titles":[],"descriptions":[],"socialPosts":{"email":[],"linkedin":[],"twitter":[],"facebook":[],"instagram":[]}},"created":"2025-09-10 21:08:54","updated":"2026-02-05 04:42:27"},"aioseo_breadcrumb":"<div class=\"aioseo-breadcrumbs\"><span class=\"aioseo-breadcrumb\">\n\t<a href=\"https:\/\/soymigrante.com\/revista\" title=\"Home\">Home<\/a>\n<\/span><span class=\"aioseo-breadcrumb-separator\">\u00bb<\/span><span class=\"aioseo-breadcrumb\">\n\t<a href=\"https:\/\/soymigrante.com\/revista\/category\/guate-nuestra\/\" title=\"Guate Nuestra\">Guate Nuestra<\/a>\n<\/span><span class=\"aioseo-breadcrumb-separator\">\u00bb<\/span><span class=\"aioseo-breadcrumb\">\n\tTextiles D\u2019La Rossa de Totonicap\u00e1n se presenta  en New York Fashion Week 2025\n<\/span><\/div>","aioseo_breadcrumb_json":[{"label":"Home","link":"https:\/\/soymigrante.com\/revista"},{"label":"Guate Nuestra","link":"https:\/\/soymigrante.com\/revista\/category\/guate-nuestra\/"},{"label":"Textiles D\u2019La Rossa de Totonicap\u00e1n se presenta  en New York Fashion Week 2025","link":"https:\/\/soymigrante.com\/revista\/textiles-dla-rossa-de-totonicapan-se-presenta-en-new-york-fashion-week-2025\/"}],"_links":{"self":[{"href":"https:\/\/soymigrante.com\/revista\/wp-json\/wp\/v2\/posts\/44296","targetHints":{"allow":["GET"]}}],"collection":[{"href":"https:\/\/soymigrante.com\/revista\/wp-json\/wp\/v2\/posts"}],"about":[{"href":"https:\/\/soymigrante.com\/revista\/wp-json\/wp\/v2\/types\/post"}],"author":[{"embeddable":true,"href":"https:\/\/soymigrante.com\/revista\/wp-json\/wp\/v2\/users\/7"}],"replies":[{"embeddable":true,"href":"https:\/\/soymigrante.com\/revista\/wp-json\/wp\/v2\/comments?post=44296"}],"version-history":[{"count":13,"href":"https:\/\/soymigrante.com\/revista\/wp-json\/wp\/v2\/posts\/44296\/revisions"}],"predecessor-version":[{"id":46756,"href":"https:\/\/soymigrante.com\/revista\/wp-json\/wp\/v2\/posts\/44296\/revisions\/46756"}],"wp:featuredmedia":[{"embeddable":true,"href":"https:\/\/soymigrante.com\/revista\/wp-json\/wp\/v2\/media\/44349"}],"wp:attachment":[{"href":"https:\/\/soymigrante.com\/revista\/wp-json\/wp\/v2\/media?parent=44296"}],"wp:term":[{"taxonomy":"category","embeddable":true,"href":"https:\/\/soymigrante.com\/revista\/wp-json\/wp\/v2\/categories?post=44296"},{"taxonomy":"post_tag","embeddable":true,"href":"https:\/\/soymigrante.com\/revista\/wp-json\/wp\/v2\/tags?post=44296"}],"curies":[{"name":"wp","href":"https:\/\/api.w.org\/{rel}","templated":true}]}}