{"id":4423,"date":"2024-08-16T15:34:33","date_gmt":"2024-08-16T21:34:33","guid":{"rendered":"https:\/\/soymigrante.com\/revista\/?p=4423"},"modified":"2024-08-16T15:44:33","modified_gmt":"2024-08-16T21:44:33","slug":"chef-migrante-guatemalteca-veronica-celada-oklahoma-solidaridad-premiada","status":"publish","type":"post","link":"https:\/\/soymigrante.com\/revista\/chef-migrante-guatemalteca-veronica-celada-oklahoma-solidaridad-premiada\/","title":{"rendered":"Chef chapina Ver\u00f3nica Zelada es nominada a Mujer del A\u00f1o 2024 en Oklahoma"},"content":{"rendered":"\t\t<div data-elementor-type=\"wp-post\" data-elementor-id=\"4423\" class=\"elementor elementor-4423\" data-elementor-post-type=\"post\">\n\t\t\t\t\t\t<section data-particle_enable=\"false\" data-particle-mobile-disabled=\"false\" class=\"elementor-section elementor-top-section elementor-element elementor-element-33b2457 elementor-section-boxed elementor-section-height-default elementor-section-height-default\" data-id=\"33b2457\" data-element_type=\"section\" data-e-type=\"section\">\n\t\t\t\t\t\t<div class=\"elementor-container elementor-column-gap-default\">\n\t\t\t\t\t<div class=\"elementor-column elementor-col-100 elementor-top-column elementor-element elementor-element-d752312\" data-id=\"d752312\" data-element_type=\"column\" data-e-type=\"column\">\n\t\t\t<div class=\"elementor-widget-wrap elementor-element-populated\">\n\t\t\t\t\t\t<div class=\"elementor-element elementor-element-591cee0 elementor-widget elementor-widget-heading\" data-id=\"591cee0\" data-element_type=\"widget\" data-e-type=\"widget\" data-widget_type=\"heading.default\">\n\t\t\t\t\t<h2 class=\"elementor-heading-title elementor-size-default\">La chef Ver\u00f3nica Zelada fusiona sabores muy guatemaltecos con el gusto estadounidense en  restaurante Kacao, de Oklahoma. Su af\u00e1n de excelencia y servicio le ha valido ser nominada en los reconocimientos Mujer del A\u00f1o, del diario de negocios Journal Record.\n<\/h2>\t\t\t\t<\/div>\n\t\t\t\t\t<\/div>\n\t\t<\/div>\n\t\t\t\t\t<\/div>\n\t\t<\/section>\n\t\t<div data-particle_enable=\"false\" data-particle-mobile-disabled=\"false\" class=\"elementor-element elementor-element-229c6ff e-flex e-con-boxed e-con e-parent\" data-id=\"229c6ff\" data-element_type=\"container\" data-e-type=\"container\">\n\t\t\t\t\t<div class=\"e-con-inner\">\n\t\t\t\t<div class=\"elementor-element elementor-element-1ded996 elementor-widget elementor-widget-text-editor\" data-id=\"1ded996\" data-element_type=\"widget\" data-e-type=\"widget\" data-widget_type=\"text-editor.default\">\n\t\t\t\t\t\t\t\t\t<p><span style=\"font-weight: 400;\">Ver\u00f3nica Zelada es una chef guatemalteca, migrante y emprendedora, cuyo restaurante Caf\u00e9 Kacao en Oklahoma, tiene gran \u00e9xito y ha sido reconocido incluso por el propio Estado. Y es que adem\u00e1s de la fusi\u00f3n de sabores guatemaltecos y americanos y de la excelencia en servicio, Zelada tiene una fuerte proyecci\u00f3n comunitaria.\u00a0<\/span><\/p><p><span style=\"font-weight: 400;\">Por sus m\u00e9ritos al frente de este negocio y por sus facetas de apoyo a sectores necesitados, la publicaci\u00f3n de negocios Journal R\u00e9cord la incluy\u00f3 en la edici\u00f3n 2024 del premio Mujer del A\u00f1o. La velada de premiaci\u00f3n ser\u00e1 en octubre pr\u00f3ximo.\u00a0<\/span><\/p><p>&#8220;Creo estamos representando bien nuestra gastronom\u00eda , lo humilde de desayunar en casa, en la ciudad como en una aldea ; nuestros frijoles ; pl\u00e1tanos y sobre todo nuestro caf\u00e9 de tierras guatemaltecas hecho especialmente para nosotros&#8221;, expresa Zelada en una publicaci\u00f3n de redes sociales.\u00a0<\/p><p>\u00a0<\/p>\t\t\t\t\t\t\t\t<\/div>\n\t\t\t\t\t<\/div>\n\t\t\t\t<\/div>\n\t\t\t\t<section data-particle_enable=\"false\" data-particle-mobile-disabled=\"false\" class=\"elementor-section elementor-top-section elementor-element elementor-element-ef6ee43 elementor-section-boxed elementor-section-height-default elementor-section-height-default\" data-id=\"ef6ee43\" data-element_type=\"section\" data-e-type=\"section\">\n\t\t\t\t\t\t<div class=\"elementor-container elementor-column-gap-default\">\n\t\t\t\t\t<div class=\"elementor-column elementor-col-100 elementor-top-column elementor-element elementor-element-a5cd34b\" data-id=\"a5cd34b\" data-element_type=\"column\" data-e-type=\"column\">\n\t\t\t<div class=\"elementor-widget-wrap elementor-element-populated\">\n\t\t\t\t\t\t<div class=\"elementor-element elementor-element-44292f4 elementor-widget elementor-widget-image\" data-id=\"44292f4\" data-element_type=\"widget\" data-e-type=\"widget\" data-widget_type=\"image.default\">\n\t\t\t\t\t\t\t\t\t\t\t\t<figure class=\"wp-caption\">\n\t\t\t\t\t\t\t\t\t\t<img fetchpriority=\"high\" decoding=\"async\" width=\"500\" height=\"600\" src=\"https:\/\/soymigrante.com\/revista\/wp-content\/uploads\/2024\/01\/pasion-por-la-cocina.webp\" class=\"attachment-medium_large size-medium_large wp-image-4411\" alt=\"Veronica Zelada se separ\u00f3 de su esposo entonces naci\u00f3 el esp\u00edritu emprendedor. En Guatemala al recoger a sus hijos vio la necesidad de otros ni\u00f1os ya que estos no tienen c\u00f3mo movilizarse. Al poco tiempo compr\u00f3 un bus descontinuado, que funcionaba con gas propano y no gasolina, Entonces desde temprano recorr\u00eda de 30 a 45 min para llenar el tanque y comenz\u00f3 a realizar los viajes para llevar a los estudiantes. Primero con seis ni\u00f1os hasta llegar con 80 ni\u00f1os. Negocio que le permiti\u00f3 ahorrar y llevar a sus hijos a Estados Unidos.\" srcset=\"https:\/\/soymigrante.com\/revista\/wp-content\/uploads\/2024\/01\/pasion-por-la-cocina.webp 500w, https:\/\/soymigrante.com\/revista\/wp-content\/uploads\/2024\/01\/pasion-por-la-cocina-250x300.webp 250w\" sizes=\"(max-width: 500px) 100vw, 500px\" title=\"pasion por la cocina \u2013 SoyMigrante.com REVISTA\" \/>\t\t\t\t\t\t\t\t\t\t\t<figcaption class=\"widget-image-caption wp-caption-text\">Veronica Zelada siempre ha tenido el esp\u00edritu emprendedor. En Guatemala al recoger a sus hijos de la escuela  vio la necesidad de otros ni\u00f1os ya que estos no ten\u00edan c\u00f3mo movilizarse. Al poco tiempo compr\u00f3 un bus descontinuado, que funcionaba con gas propano y no gasolina, entonces desde temprano recorr\u00eda de 30 a 45 min para llenar el tanque y comenz\u00f3 a realizar los viajes para llevar a los estudiantes. Primero con seis ni\u00f1os hasta llegar con 80 ni\u00f1os. Negocio que le permiti\u00f3 ahorrar y llevar a sus hijos a Estados Unidos. <\/figcaption>\n\t\t\t\t\t\t\t\t\t\t<\/figure>\n\t\t\t\t\t\t\t\t\t<\/div>\n\t\t\t\t\t<\/div>\n\t\t<\/div>\n\t\t\t\t\t<\/div>\n\t\t<\/section>\n\t\t\t\t<section data-particle_enable=\"false\" data-particle-mobile-disabled=\"false\" class=\"elementor-section elementor-top-section elementor-element elementor-element-8f7321f elementor-section-boxed elementor-section-height-default elementor-section-height-default\" data-id=\"8f7321f\" data-element_type=\"section\" data-e-type=\"section\">\n\t\t\t\t\t\t<div class=\"elementor-container elementor-column-gap-default\">\n\t\t\t\t\t<div class=\"elementor-column elementor-col-100 elementor-top-column elementor-element elementor-element-df3c513\" data-id=\"df3c513\" data-element_type=\"column\" data-e-type=\"column\">\n\t\t\t<div class=\"elementor-widget-wrap elementor-element-populated\">\n\t\t\t\t\t\t<div class=\"elementor-element elementor-element-bf85393 elementor-widget elementor-widget-text-editor\" data-id=\"bf85393\" data-element_type=\"widget\" data-e-type=\"widget\" data-widget_type=\"text-editor.default\">\n\t\t\t\t\t\t\t\t\t<p><span style=\"font-weight: 400;\">Ver\u00f3nica&nbsp; asumi\u00f3&nbsp;<\/span><span style=\"color: var( --e-global-color-text ); font-weight: 400;\">desde muy joven el cuidado de sus hermanos menores. A los 21 a\u00f1os se cas\u00f3, pero fue una etapa complicada, porque sufri\u00f3 de violencia intrafamiliar. Es madre de tres hijos: Alex, Ana Iris y Luigi. Tom\u00f3 la decisi\u00f3n de migrar a Estados Unidos en 2001, lleg\u00f3 a California.<\/span><\/p>\n<p><span style=\"font-weight: 400;\">El af\u00e1n de superaci\u00f3n se top\u00f3 con dificultades. Decidi\u00f3 mudarse a Oklahoma, donde trabaj\u00f3 como conserje nocturno en una escuela. Su vida cambi\u00f3 cuando empez\u00f3 a servir mesas en el caf\u00e9 Don Brasil, lugar dirigido por Ana Paxio. Ver\u00f3nica descubri\u00f3 su talento y habilidades culinarias adem\u00e1s de implementar la saz\u00f3n guatemalteca ya en su propio restaurante &#8220;Caf\u00e9 Kacao&#8221;.<\/span><\/p>\t\t\t\t\t\t\t\t<\/div>\n\t\t\t\t\t<\/div>\n\t\t<\/div>\n\t\t\t\t\t<\/div>\n\t\t<\/section>\n\t\t<div data-particle_enable=\"false\" data-particle-mobile-disabled=\"false\" class=\"elementor-element elementor-element-db7c80a e-flex e-con-boxed e-con e-parent\" data-id=\"db7c80a\" data-element_type=\"container\" data-e-type=\"container\">\n\t\t\t\t\t<div class=\"e-con-inner\">\n\t\t\t\t<div class=\"elementor-element elementor-element-67fe14b elementor-widget elementor-widget-image\" data-id=\"67fe14b\" data-element_type=\"widget\" data-e-type=\"widget\" data-widget_type=\"image.default\">\n\t\t\t\t\t\t\t\t\t\t\t\t<figure class=\"wp-caption\">\n\t\t\t\t\t\t\t\t\t\t<img decoding=\"async\" width=\"768\" height=\"485\" src=\"https:\/\/soymigrante.com\/revista\/wp-content\/uploads\/2024\/01\/veronica-zelada-1024x647.webp\" class=\"attachment-large size-large wp-image-8118\" alt=\"Mamadeira de uma mulher idosa com cabelo grisalho, vestindo roupa branca, usando um colar grande, olhando para fora da janela, refletindo temas de sa\u00fade, bem-estar, migrantes e comunidade.\" srcset=\"https:\/\/soymigrante.com\/revista\/wp-content\/uploads\/2024\/01\/veronica-zelada-1024x647.webp 1024w, https:\/\/soymigrante.com\/revista\/wp-content\/uploads\/2024\/01\/veronica-zelada-300x190.webp 300w, https:\/\/soymigrante.com\/revista\/wp-content\/uploads\/2024\/01\/veronica-zelada-768x486.webp 768w, https:\/\/soymigrante.com\/revista\/wp-content\/uploads\/2024\/01\/veronica-zelada-1536x971.webp 1536w, https:\/\/soymigrante.com\/revista\/wp-content\/uploads\/2024\/01\/veronica-zelada-750x474.webp 750w, https:\/\/soymigrante.com\/revista\/wp-content\/uploads\/2024\/01\/veronica-zelada-1140x721.webp 1140w, https:\/\/soymigrante.com\/revista\/wp-content\/uploads\/2024\/01\/veronica-zelada.webp 1920w\" sizes=\"(max-width: 768px) 100vw, 768px\" title=\"Ver\u00f3nica Zelada ha recibido multiples reconocimientos por su labor como empresaria y chef, as\u00ed como por sus aportes a la comunidad de Oklahoma. \u2013 SoyMigrante.com REVISTA\" \/>\t\t\t\t\t\t\t\t\t\t\t<figcaption class=\"widget-image-caption wp-caption-text\">Mujer migrante mayor reflexionando, con estilo y dignidad, mirando por la ventana, representando la resiliencia y la experiencia de las personas migrantes en la comunidad.<\/figcaption>\n\t\t\t\t\t\t\t\t\t\t<\/figure>\n\t\t\t\t\t\t\t\t\t<\/div>\n\t\t\t\t\t<\/div>\n\t\t\t\t<\/div>\n\t\t\t\t<section data-particle_enable=\"false\" data-particle-mobile-disabled=\"false\" class=\"elementor-section elementor-top-section elementor-element elementor-element-bd346ed elementor-section-boxed elementor-section-height-default elementor-section-height-default\" data-id=\"bd346ed\" data-element_type=\"section\" data-e-type=\"section\">\n\t\t\t\t\t\t<div class=\"elementor-container elementor-column-gap-default\">\n\t\t\t\t\t<div class=\"elementor-column elementor-col-100 elementor-top-column elementor-element elementor-element-81e2aee\" data-id=\"81e2aee\" data-element_type=\"column\" data-e-type=\"column\">\n\t\t\t<div class=\"elementor-widget-wrap elementor-element-populated\">\n\t\t\t\t\t\t<div class=\"elementor-element elementor-element-910aaef elementor-widget elementor-widget-heading\" data-id=\"910aaef\" data-element_type=\"widget\" data-e-type=\"widget\" data-widget_type=\"heading.default\">\n\t\t\t\t\t<h2 class=\"elementor-heading-title elementor-size-default\">El primer paso\n<\/h2>\t\t\t\t<\/div>\n\t\t\t\t\t<\/div>\n\t\t<\/div>\n\t\t\t\t\t<\/div>\n\t\t<\/section>\n\t\t\t\t<section data-particle_enable=\"false\" data-particle-mobile-disabled=\"false\" class=\"elementor-section elementor-top-section elementor-element elementor-element-6f344e3 elementor-section-boxed elementor-section-height-default elementor-section-height-default\" data-id=\"6f344e3\" data-element_type=\"section\" data-e-type=\"section\">\n\t\t\t\t\t\t<div class=\"elementor-container elementor-column-gap-default\">\n\t\t\t\t\t<div class=\"elementor-column elementor-col-100 elementor-top-column elementor-element elementor-element-5e62065\" data-id=\"5e62065\" data-element_type=\"column\" data-e-type=\"column\">\n\t\t\t<div class=\"elementor-widget-wrap elementor-element-populated\">\n\t\t\t\t\t\t<div class=\"elementor-element elementor-element-c6e667f elementor-widget elementor-widget-text-editor\" data-id=\"c6e667f\" data-element_type=\"widget\" data-e-type=\"widget\" data-widget_type=\"text-editor.default\">\n\t\t\t\t\t\t\t\t\t<p><span style=\"font-weight: 400;\">La migrante guatemalteca Ver\u00f3nica Zelada se caracteriza por su resiliencia y determinaci\u00f3n de forjar una vida mejor.\u00a0 As\u00ed lo cuenta Luidgi Del Cid, uno de los tres hijos de Ver\u00f3nica. Ella abr\u00edo en 2004 su primer restaurante llamado \u201cEl Portal Caf\u00e9\u201d. Su \u00e9xito estuvo en ascenso pero despu\u00e9s de tres a\u00f1os tuvo que cerrar. \u201cA pesar que el restaurante se volvi\u00f3 popular, era un poco pesado para mi mam\u00e1 y lo vendi\u00f3\u201d.<\/span><\/p><p><span style=\"font-weight: 400;\">Luego por varios a\u00f1os tuvo dos trabajos uno en las ma\u00f1anas como Olive Garden y en las tardes trabaj\u00f3 en The Cheesecake Factory, pero la meta era clara para Ver\u00f3nica, as\u00ed que durante ese tiempo ahorr\u00f3 lo que pudo para establecerse con mayor fuerza y experiencia. \u201cUn d\u00eda mi mam\u00e1 me llamo y me dijo: a unas cuadras de donde vivimos esta una llantera y cerro, hablemos con el due\u00f1o para alquilar el local, a los tres d\u00edas ya nos encontr\u00e1bamos firmando el contrato\u201d<\/span><\/p><p><span style=\"font-weight: 400;\">La visi\u00f3n era clara y en el momento indicado las oportunidades se dieron. Ver\u00f3nica Junto a su hijo le dieron vida a &#8220;Caf\u00e9 Kacao&#8221;. A finales del a\u00f1o 2010 se comenz\u00f3 con los trabajos de remodelaci\u00f3n y adaptaci\u00f3n. El 26 de enero de 2011 comenzaron operaciones al p\u00fablico\u00a0 \u201cMe recuerdo todav\u00eda vendimos mil d\u00f3lares en nuestro primer d\u00eda de ventas\u201d, cuenta Luidgi,hijo de la migrante guatemalteca.<\/span><\/p><p><span style=\"font-weight: 400;\">La popularidad del restaurante creci\u00f3 gracias a la idea de tener un restaurante con sabores centroamericanos en especial guatemalteco \u201cla comida de la chef Ver\u00f3nica era y ser\u00e1 la sensaci\u00f3n de Oklahoma City por la innovaci\u00f3n y fusi\u00f3n de sabores, en 2011 era un desierto de comida, claro hab\u00eda comida r\u00e1pida pero no restaurantes con la esencia guatemalteca\u201d relata\u00a0 Luidgi Del Cid.<\/span><\/p>\t\t\t\t\t\t\t\t<\/div>\n\t\t\t\t\t<\/div>\n\t\t<\/div>\n\t\t\t\t\t<\/div>\n\t\t<\/section>\n\t\t\t\t<section data-particle_enable=\"false\" data-particle-mobile-disabled=\"false\" class=\"elementor-section elementor-top-section elementor-element elementor-element-4dad47f elementor-section-boxed elementor-section-height-default elementor-section-height-default\" data-id=\"4dad47f\" data-element_type=\"section\" data-e-type=\"section\">\n\t\t\t\t\t\t<div class=\"elementor-container elementor-column-gap-default\">\n\t\t\t\t\t<div class=\"elementor-column elementor-col-100 elementor-top-column elementor-element elementor-element-d133695\" data-id=\"d133695\" data-element_type=\"column\" data-e-type=\"column\">\n\t\t\t<div class=\"elementor-widget-wrap elementor-element-populated\">\n\t\t\t\t\t\t<div class=\"elementor-element elementor-element-812c177 elementor-arrows-position-inside elementor-pagination-position-outside elementor-widget elementor-widget-image-carousel\" data-id=\"812c177\" data-element_type=\"widget\" data-e-type=\"widget\" data-settings=\"{&quot;slides_to_show&quot;:&quot;1&quot;,&quot;autoplay_speed&quot;:500,&quot;navigation&quot;:&quot;both&quot;,&quot;autoplay&quot;:&quot;yes&quot;,&quot;pause_on_hover&quot;:&quot;yes&quot;,&quot;pause_on_interaction&quot;:&quot;yes&quot;,&quot;infinite&quot;:&quot;yes&quot;,&quot;effect&quot;:&quot;slide&quot;,&quot;speed&quot;:500}\" data-widget_type=\"image-carousel.default\">\n\t\t\t\t\t\t\t<div class=\"elementor-image-carousel-wrapper swiper\" role=\"region\" aria-roledescription=\"carousel\" aria-label=\"Carrusel de im\u00e1genes\" dir=\"ltr\">\n\t\t\t<div class=\"elementor-image-carousel swiper-wrapper\" aria-live=\"off\">\n\t\t\t\t\t\t\t\t<div class=\"swiper-slide\" role=\"group\" aria-roledescription=\"slide\" aria-label=\"1 de 8\"><figure class=\"swiper-slide-inner\"><img decoding=\"async\" class=\"swiper-slide-image\" src=\"https:\/\/soymigrante.com\/revista\/wp-content\/uploads\/2024\/01\/el-sueno.webp\" alt=\"Este local era una llantera. A finales del a\u00f1o 2010 se comenz\u00f3 con los trabajos de remodelaci\u00f3n y adaptaci\u00f3n. Hoy, esta pared tiene un mural dedicado a Guatemala\" \/><figcaption class=\"elementor-image-carousel-caption\">Este local era una llantera. A finales del a\u00f1o 2010 se comenz\u00f3 con los trabajos de remodelaci\u00f3n y adaptaci\u00f3n.  Hoy, esta pared tiene un mural dedicado a Guatemala<\/figcaption><\/figure><\/div><div class=\"swiper-slide\" role=\"group\" aria-roledescription=\"slide\" aria-label=\"2 de 8\"><figure class=\"swiper-slide-inner\"><img decoding=\"async\" class=\"swiper-slide-image\" src=\"https:\/\/soymigrante.com\/revista\/wp-content\/uploads\/2024\/01\/remodelacion.webp\" alt=\"Este lugar se proclam\u00f3 como un restaurante popular por la comida guatemalteca\" \/><figcaption class=\"elementor-image-carousel-caption\">Este lugar se proclam\u00f3 como un restaurante popular por la comida guatemalteca <\/figcaption><\/figure><\/div><div class=\"swiper-slide\" role=\"group\" aria-roledescription=\"slide\" aria-label=\"3 de 8\"><figure class=\"swiper-slide-inner\"><img decoding=\"async\" class=\"swiper-slide-image\" src=\"https:\/\/soymigrante.com\/revista\/wp-content\/uploads\/2024\/01\/en-camino-al-sueno.webp\" alt=\"El primer mostrador del restaurante Caf\u00e9 Kacao\" \/><figcaption class=\"elementor-image-carousel-caption\">El primer mostrador del restaurante Caf\u00e9 Kacao <\/figcaption><\/figure><\/div><div class=\"swiper-slide\" role=\"group\" aria-roledescription=\"slide\" aria-label=\"4 de 8\"><figure class=\"swiper-slide-inner\"><img decoding=\"async\" class=\"swiper-slide-image\" src=\"https:\/\/soymigrante.com\/revista\/wp-content\/uploads\/2024\/01\/inicios.webp\" alt=\"Se realizaron los primeros cambios y modificaciones en su interior, requiri\u00f3 de trabajo inversi\u00f3n\" \/><figcaption class=\"elementor-image-carousel-caption\">Se realizaron los primeros cambios y modificaciones en su interior, requiri\u00f3 de trabajo  inversi\u00f3n<\/figcaption><\/figure><\/div><div class=\"swiper-slide\" role=\"group\" aria-roledescription=\"slide\" aria-label=\"5 de 8\"><figure class=\"swiper-slide-inner\"><img decoding=\"async\" class=\"swiper-slide-image\" src=\"https:\/\/soymigrante.com\/revista\/wp-content\/uploads\/2024\/01\/mesas-y-sillas.webp\" alt=\"Las primeras mesas y sillas del restaurante caf\u00e9 Kacao\" \/><figcaption class=\"elementor-image-carousel-caption\">Las primeras mesas y sillas del restaurante caf\u00e9 Kacao <\/figcaption><\/figure><\/div><div class=\"swiper-slide\" role=\"group\" aria-roledescription=\"slide\" aria-label=\"6 de 8\"><figure class=\"swiper-slide-inner\"><img decoding=\"async\" class=\"swiper-slide-image\" src=\"https:\/\/soymigrante.com\/revista\/wp-content\/uploads\/2024\/01\/remodelacion-restaurante.webp\" alt=\"Un equipo de trabajo y los hijos de Ver\u00f3nica fueron parte de este sue\u00f1o que se construy\u00f3 con los pocos ahorros y sobre todo esfuerzo\" \/><figcaption class=\"elementor-image-carousel-caption\">En 2011 Ver\u00f3nica junto a su hijo luidgi, le dieron vida al restaurante Caf\u00e9 Kacao.<\/figcaption><\/figure><\/div><div class=\"swiper-slide\" role=\"group\" aria-roledescription=\"slide\" aria-label=\"7 de 8\"><figure class=\"swiper-slide-inner\"><img decoding=\"async\" class=\"swiper-slide-image\" src=\"https:\/\/soymigrante.com\/revista\/wp-content\/uploads\/2024\/01\/un-paso-a-la-vez.webp\" alt=\"El sue\u00f1o se construy\u00f3 poco a poco, ese fue el inicio de Caf\u00e9 Kacao\" \/><figcaption class=\"elementor-image-carousel-caption\">El sue\u00f1o se construy\u00f3 poco a poco, ese fue el inicio de Caf\u00e9 Kacao<\/figcaption><\/figure><\/div><div class=\"swiper-slide\" role=\"group\" aria-roledescription=\"slide\" aria-label=\"8 de 8\"><figure class=\"swiper-slide-inner\"><img decoding=\"async\" class=\"swiper-slide-image\" src=\"https:\/\/soymigrante.com\/revista\/wp-content\/uploads\/2024\/01\/cafe-kacao-1-1024x768.webp\" alt=\"El 26 de enero de 2011 comenzaron operaciones al p\u00fablico\" \/><figcaption class=\"elementor-image-carousel-caption\">El 26 de enero de 2011 comenzaron operaciones al p\u00fablico<\/figcaption><\/figure><\/div>\t\t\t<\/div>\n\t\t\t\t\t\t\t\t\t\t\t\t<div class=\"elementor-swiper-button elementor-swiper-button-prev\" role=\"button\" tabindex=\"0\">\n\t\t\t\t\t\t<i aria-hidden=\"true\" class=\"eicon-chevron-left\"><\/i>\t\t\t\t\t<\/div>\n\t\t\t\t\t<div class=\"elementor-swiper-button elementor-swiper-button-next\" role=\"button\" tabindex=\"0\">\n\t\t\t\t\t\t<i aria-hidden=\"true\" class=\"eicon-chevron-right\"><\/i>\t\t\t\t\t<\/div>\n\t\t\t\t\n\t\t\t\t\t\t\t\t\t<div class=\"swiper-pagination\"><\/div>\n\t\t\t\t\t\t\t\t\t<\/div>\n\t\t\t\t\t\t<\/div>\n\t\t\t\t\t<\/div>\n\t\t<\/div>\n\t\t\t\t\t<\/div>\n\t\t<\/section>\n\t\t\t\t<section data-particle_enable=\"false\" data-particle-mobile-disabled=\"false\" class=\"elementor-section elementor-top-section elementor-element elementor-element-f601312 elementor-section-boxed elementor-section-height-default elementor-section-height-default\" data-id=\"f601312\" data-element_type=\"section\" data-e-type=\"section\">\n\t\t\t\t\t\t<div class=\"elementor-container elementor-column-gap-default\">\n\t\t\t\t\t<div class=\"elementor-column elementor-col-100 elementor-top-column elementor-element elementor-element-97ea7c0\" data-id=\"97ea7c0\" data-element_type=\"column\" data-e-type=\"column\">\n\t\t\t<div class=\"elementor-widget-wrap elementor-element-populated\">\n\t\t\t\t\t\t<div class=\"elementor-element elementor-element-4bcce9e elementor-widget elementor-widget-heading\" data-id=\"4bcce9e\" data-element_type=\"widget\" data-e-type=\"widget\" data-widget_type=\"heading.default\">\n\t\t\t\t\t<h2 class=\"elementor-heading-title elementor-size-default\">Fusi\u00f3n de lo chap\u00edn y lo \"americano\" \n<\/h2>\t\t\t\t<\/div>\n\t\t\t\t\t<\/div>\n\t\t<\/div>\n\t\t\t\t\t<\/div>\n\t\t<\/section>\n\t\t\t\t<section data-particle_enable=\"false\" data-particle-mobile-disabled=\"false\" class=\"elementor-section elementor-top-section elementor-element elementor-element-236c21e elementor-section-boxed elementor-section-height-default elementor-section-height-default\" data-id=\"236c21e\" data-element_type=\"section\" data-e-type=\"section\">\n\t\t\t\t\t\t<div class=\"elementor-container elementor-column-gap-default\">\n\t\t\t\t\t<div class=\"elementor-column elementor-col-100 elementor-top-column elementor-element elementor-element-a31dc18\" data-id=\"a31dc18\" data-element_type=\"column\" data-e-type=\"column\">\n\t\t\t<div class=\"elementor-widget-wrap elementor-element-populated\">\n\t\t\t\t\t\t<div class=\"elementor-element elementor-element-5a7bb13 elementor-widget elementor-widget-text-editor\" data-id=\"5a7bb13\" data-element_type=\"widget\" data-e-type=\"widget\" data-widget_type=\"text-editor.default\">\n\t\t\t\t\t\t\t\t\t<p><span style=\"font-weight: 400;\">El concepto de la comida guatemalteca se fusiona con otros sabores y sazones centroamericanas y ahora suramericana debido a la variedad y exigencia de los comensales \u201cPor ejemplo, hay un plato que es la vaca frita, lleva pupusas salvadore\u00f1as de chicharr\u00f3n arriba con la carne de vaca frita, estilo cubano, huevos estrellados y salsa francesa. Una combinaci\u00f3n entre los salvadore\u00f1o, cubano y franc\u00e9s\u201d<\/span><\/p><p><span style=\"font-weight: 400;\">Los platillos m\u00e1s populares son el \u201cEl Tikal\u201d es una variaci\u00f3n de huveos con carne con el twist americano acompa\u00f1ados de frijol negro, chorizo, tortillas de ma\u00edz. \u201cEl french\u201d es una cubierta, trae crema de queso, caramelo, banano y berries frescas y \u201cmotule\u00f1os\u201d son a base de tortillas\u00a0 de ma\u00edz con frijol arriba, huevos, salsa ranchera, aguacate, queso fresco, queso feta y rodeado por chips.\u00a0<\/span><\/p><p><span style=\"font-weight: 400;\">Otra de las especialidades de Cafe Kacao son las bebidas est\u00e1s se implementaron en 2014,\u00a0 comenzaron con lo b\u00e1sico como; caf\u00e9 espresso, moka, capuchino y ahora con bebidas ex\u00f3ticas entre licuados y refrescos naturales tambi\u00e9n el chocolate colombiano y chocolate mexicano. \u201cEmpezamos a involucrar m\u00e1s la cultura latinoamericana con el men\u00fa del restaurante\u201d.<\/span><\/p><p><span style=\"font-weight: 400;\">\u201cComo cualquier restaurante siempre es s\u00faper competitivo, han habido varias empresas que han tratado de imitarnos entonces siempre nos preocupamos por innovar y dar el mejor servicio para nuestros clientes, ha sido dif\u00edcil\u201d<\/span><\/p>\t\t\t\t\t\t\t\t<\/div>\n\t\t\t\t\t<\/div>\n\t\t<\/div>\n\t\t\t\t\t<\/div>\n\t\t<\/section>\n\t\t\t\t<section data-particle_enable=\"false\" data-particle-mobile-disabled=\"false\" class=\"elementor-section elementor-top-section elementor-element elementor-element-57d46bb elementor-section-boxed elementor-section-height-default elementor-section-height-default\" data-id=\"57d46bb\" data-element_type=\"section\" data-e-type=\"section\">\n\t\t\t\t\t\t<div class=\"elementor-container elementor-column-gap-default\">\n\t\t\t\t\t<div class=\"elementor-column elementor-col-100 elementor-top-column elementor-element elementor-element-abe95c1\" data-id=\"abe95c1\" data-element_type=\"column\" data-e-type=\"column\">\n\t\t\t<div class=\"elementor-widget-wrap elementor-element-populated\">\n\t\t\t\t\t\t<div class=\"elementor-element elementor-element-da0ac3b elementor-arrows-position-inside elementor-pagination-position-outside elementor-widget elementor-widget-image-carousel\" data-id=\"da0ac3b\" data-element_type=\"widget\" data-e-type=\"widget\" data-settings=\"{&quot;slides_to_show&quot;:&quot;1&quot;,&quot;navigation&quot;:&quot;both&quot;,&quot;autoplay&quot;:&quot;yes&quot;,&quot;pause_on_hover&quot;:&quot;yes&quot;,&quot;pause_on_interaction&quot;:&quot;yes&quot;,&quot;autoplay_speed&quot;:5000,&quot;infinite&quot;:&quot;yes&quot;,&quot;effect&quot;:&quot;slide&quot;,&quot;speed&quot;:500}\" data-widget_type=\"image-carousel.default\">\n\t\t\t\t\t\t\t<div class=\"elementor-image-carousel-wrapper swiper\" role=\"region\" aria-roledescription=\"carousel\" aria-label=\"Carrusel de im\u00e1genes\" dir=\"ltr\">\n\t\t\t<div class=\"elementor-image-carousel swiper-wrapper\" aria-live=\"off\">\n\t\t\t\t\t\t\t\t<div class=\"swiper-slide\" role=\"group\" aria-roledescription=\"slide\" aria-label=\"1 de 8\"><figure class=\"swiper-slide-inner\"><img decoding=\"async\" class=\"swiper-slide-image\" src=\"https:\/\/soymigrante.com\/revista\/wp-content\/uploads\/2024\/01\/plato-tradicional.webp\" alt=\"platillo tradicional\" \/><\/figure><\/div><div class=\"swiper-slide\" role=\"group\" aria-roledescription=\"slide\" aria-label=\"2 de 8\"><figure class=\"swiper-slide-inner\"><img decoding=\"async\" class=\"swiper-slide-image\" src=\"https:\/\/soymigrante.com\/revista\/wp-content\/uploads\/2024\/01\/Pan-frances-1.webp\" alt=\"Pan frances\" \/><\/figure><\/div><div class=\"swiper-slide\" role=\"group\" aria-roledescription=\"slide\" aria-label=\"3 de 8\"><figure class=\"swiper-slide-inner\"><img decoding=\"async\" class=\"swiper-slide-image\" src=\"https:\/\/soymigrante.com\/revista\/wp-content\/uploads\/2024\/01\/Desayuno.webp\" alt=\"Desayuno\" \/><\/figure><\/div><div class=\"swiper-slide\" role=\"group\" aria-roledescription=\"slide\" aria-label=\"4 de 8\"><figure class=\"swiper-slide-inner\"><img decoding=\"async\" class=\"swiper-slide-image\" src=\"https:\/\/soymigrante.com\/revista\/wp-content\/uploads\/2024\/01\/platillo-popular.webp\" alt=\"carne azada tradicional\" \/><\/figure><\/div><div class=\"swiper-slide\" role=\"group\" aria-roledescription=\"slide\" aria-label=\"5 de 8\"><figure class=\"swiper-slide-inner\"><img decoding=\"async\" class=\"swiper-slide-image\" src=\"https:\/\/soymigrante.com\/revista\/wp-content\/uploads\/2024\/01\/platillo-tradicional.webp\" alt=\"platillo tradicional\" \/><\/figure><\/div><div class=\"swiper-slide\" role=\"group\" aria-roledescription=\"slide\" aria-label=\"6 de 8\"><figure class=\"swiper-slide-inner\"><img decoding=\"async\" class=\"swiper-slide-image\" src=\"https:\/\/soymigrante.com\/revista\/wp-content\/uploads\/2024\/01\/Tostadas-tradicional.webp\" alt=\"Tostadas tradicional\" \/><\/figure><\/div><div class=\"swiper-slide\" role=\"group\" aria-roledescription=\"slide\" aria-label=\"7 de 8\"><figure class=\"swiper-slide-inner\"><img decoding=\"async\" class=\"swiper-slide-image\" src=\"https:\/\/soymigrante.com\/revista\/wp-content\/uploads\/2024\/01\/tikal.webp\" alt=\"tikal\" \/><\/figure><\/div><div class=\"swiper-slide\" role=\"group\" aria-roledescription=\"slide\" aria-label=\"8 de 8\"><figure class=\"swiper-slide-inner\"><img decoding=\"async\" class=\"swiper-slide-image\" src=\"https:\/\/soymigrante.com\/revista\/wp-content\/uploads\/2024\/01\/popular.webp\" alt=\"popular\" \/><\/figure><\/div>\t\t\t<\/div>\n\t\t\t\t\t\t\t\t\t\t\t\t<div class=\"elementor-swiper-button elementor-swiper-button-prev\" role=\"button\" tabindex=\"0\">\n\t\t\t\t\t\t<i aria-hidden=\"true\" class=\"eicon-chevron-left\"><\/i>\t\t\t\t\t<\/div>\n\t\t\t\t\t<div class=\"elementor-swiper-button elementor-swiper-button-next\" role=\"button\" tabindex=\"0\">\n\t\t\t\t\t\t<i aria-hidden=\"true\" class=\"eicon-chevron-right\"><\/i>\t\t\t\t\t<\/div>\n\t\t\t\t\n\t\t\t\t\t\t\t\t\t<div class=\"swiper-pagination\"><\/div>\n\t\t\t\t\t\t\t\t\t<\/div>\n\t\t\t\t\t\t<\/div>\n\t\t\t\t\t<\/div>\n\t\t<\/div>\n\t\t\t\t\t<\/div>\n\t\t<\/section>\n\t\t\t\t<section data-particle_enable=\"false\" data-particle-mobile-disabled=\"false\" class=\"elementor-section elementor-top-section elementor-element elementor-element-2335664 elementor-section-boxed elementor-section-height-default elementor-section-height-default\" data-id=\"2335664\" data-element_type=\"section\" data-e-type=\"section\">\n\t\t\t\t\t\t<div class=\"elementor-container elementor-column-gap-default\">\n\t\t\t\t\t<div class=\"elementor-column elementor-col-100 elementor-top-column elementor-element elementor-element-4636024\" data-id=\"4636024\" data-element_type=\"column\" data-e-type=\"column\">\n\t\t\t<div class=\"elementor-widget-wrap elementor-element-populated\">\n\t\t\t\t\t\t<div class=\"elementor-element elementor-element-2924d1c elementor-widget elementor-widget-facebook-embed\" data-id=\"2924d1c\" data-element_type=\"widget\" data-e-type=\"widget\" data-widget_type=\"facebook-embed.default\">\n\t\t\t\t\t<div style=\"min-height: 1px\" class=\"elementor-facebook-widget fb-video\" data-href=\"https:\/\/fb.watch\/pCCa23AZ-x\/\" data-show-text=\"false\" data-allowfullscreen=\"false\" data-autoplay=\"true\" data-show-captions=\"false\"><\/div>\t\t\t\t<\/div>\n\t\t\t\t\t<\/div>\n\t\t<\/div>\n\t\t\t\t\t<\/div>\n\t\t<\/section>\n\t\t\t\t<section data-particle_enable=\"false\" data-particle-mobile-disabled=\"false\" class=\"elementor-section elementor-top-section elementor-element elementor-element-6289f42 elementor-section-boxed elementor-section-height-default elementor-section-height-default\" data-id=\"6289f42\" data-element_type=\"section\" data-e-type=\"section\">\n\t\t\t\t\t\t<div class=\"elementor-container elementor-column-gap-default\">\n\t\t\t\t\t<div class=\"elementor-column elementor-col-100 elementor-top-column elementor-element elementor-element-7e34fcd\" data-id=\"7e34fcd\" data-element_type=\"column\" data-e-type=\"column\">\n\t\t\t<div class=\"elementor-widget-wrap elementor-element-populated\">\n\t\t\t\t\t\t<div class=\"elementor-element elementor-element-6790665 elementor-widget elementor-widget-heading\" data-id=\"6790665\" data-element_type=\"widget\" data-e-type=\"widget\" data-widget_type=\"heading.default\">\n\t\t\t\t\t<h2 class=\"elementor-heading-title elementor-size-default\">Cada desaf\u00edo se supera<\/h2>\t\t\t\t<\/div>\n\t\t\t\t\t<\/div>\n\t\t<\/div>\n\t\t\t\t\t<\/div>\n\t\t<\/section>\n\t\t\t\t<section data-particle_enable=\"false\" data-particle-mobile-disabled=\"false\" class=\"elementor-section elementor-top-section elementor-element elementor-element-6e9628d elementor-section-boxed elementor-section-height-default elementor-section-height-default\" data-id=\"6e9628d\" data-element_type=\"section\" data-e-type=\"section\">\n\t\t\t\t\t\t<div class=\"elementor-container elementor-column-gap-default\">\n\t\t\t\t\t<div class=\"elementor-column elementor-col-100 elementor-top-column elementor-element elementor-element-8f696fa\" data-id=\"8f696fa\" data-element_type=\"column\" data-e-type=\"column\">\n\t\t\t<div class=\"elementor-widget-wrap elementor-element-populated\">\n\t\t\t\t\t\t<div class=\"elementor-element elementor-element-cbbc531 elementor-widget elementor-widget-text-editor\" data-id=\"cbbc531\" data-element_type=\"widget\" data-e-type=\"widget\" data-widget_type=\"text-editor.default\">\n\t\t\t\t\t\t\t\t\t<p><span style=\"font-weight: 400;\">Al inicio de la pandemia en 2020 afect\u00f3 a varios restaurantes incluyendo Caf\u00e9 Kacao quienes cerraron por un mes por seguridad y reabrieron \u00fanicamente con el servicio para llevar \u201cEso fue dif\u00edcil tambi\u00e9n, porque las ventas no eran las mismas entonces est\u00e1bamos solo manteniendo la paga para los empleados, pero en realidad cada d\u00eda era un d\u00eda de p\u00e9rdida\u201d, afirma Luigi, quien trabaja junto a su mam\u00e1.<\/span><\/p><p><span style=\"font-weight: 400;\">No solo se refer\u00edan a reunir los suelos de los empleados sino tambi\u00e9n reinvertir en las instalaciones por las modificaciones que las autoridades establecieron para reabrir los restaurantes \u201cCada semana cambiaba algo, que usar doble mascarilla, careta, mesas a distancia con pl\u00e1sticos de por medio\u201d<\/span><\/p><p><span style=\"font-weight: 400;\">\u201cRecuerdo que compramos 10.000 d\u00f3lares de plexiglass para poder recuperar todas las mesas posibles: era un caos. Pero toda prueba se ha superado, gracias a Dios hemos sobresalido\u201d<\/span><\/p>\t\t\t\t\t\t\t\t<\/div>\n\t\t\t\t\t<\/div>\n\t\t<\/div>\n\t\t\t\t\t<\/div>\n\t\t<\/section>\n\t\t\t\t<section data-particle_enable=\"false\" data-particle-mobile-disabled=\"false\" class=\"elementor-section elementor-top-section elementor-element elementor-element-7a2ea98 elementor-section-boxed elementor-section-height-default elementor-section-height-default\" data-id=\"7a2ea98\" data-element_type=\"section\" data-e-type=\"section\">\n\t\t\t\t\t\t<div class=\"elementor-container elementor-column-gap-default\">\n\t\t\t\t\t<div class=\"elementor-column elementor-col-100 elementor-top-column elementor-element elementor-element-f22f048\" data-id=\"f22f048\" data-element_type=\"column\" data-e-type=\"column\">\n\t\t\t<div class=\"elementor-widget-wrap elementor-element-populated\">\n\t\t\t\t\t\t<div class=\"elementor-element elementor-element-9c1c5ae elementor-widget elementor-widget-image\" data-id=\"9c1c5ae\" data-element_type=\"widget\" data-e-type=\"widget\" data-widget_type=\"image.default\">\n\t\t\t\t\t\t\t\t\t\t\t\t<figure class=\"wp-caption\">\n\t\t\t\t\t\t\t\t\t\t<img decoding=\"async\" width=\"500\" height=\"600\" src=\"https:\/\/soymigrante.com\/revista\/wp-content\/uploads\/2024\/01\/banner.webp\" class=\"attachment-medium_large size-medium_large wp-image-4402\" alt=\"Ver\u00f3nica Migrante guatemalteca lleva el \u00e9xito de su emprendimiento Caf\u00e9 Kacao\" srcset=\"https:\/\/soymigrante.com\/revista\/wp-content\/uploads\/2024\/01\/banner.webp 500w, https:\/\/soymigrante.com\/revista\/wp-content\/uploads\/2024\/01\/banner-250x300.webp 250w\" sizes=\"(max-width: 500px) 100vw, 500px\" title=\"banner \u2013 SoyMigrante.com REVISTA\" \/>\t\t\t\t\t\t\t\t\t\t\t<figcaption class=\"widget-image-caption wp-caption-text\">Ver\u00f3nica Migrante guatemalteca lleva el \u00e9xito de su emprendimiento Caf\u00e9 Kacao, supera cada reto desde su llegada a Estados Unidos. \"Era una forma de escapar de la realidad de la pobreza y de los problemas familiares, y hoy es un sue\u00f1o hecho realidad, en los planes de Dios hay algo lindo\" agreg\u00f3 Ver\u00f3nica<\/figcaption>\n\t\t\t\t\t\t\t\t\t\t<\/figure>\n\t\t\t\t\t\t\t\t\t<\/div>\n\t\t\t\t\t<\/div>\n\t\t<\/div>\n\t\t\t\t\t<\/div>\n\t\t<\/section>\n\t\t\t\t<section data-particle_enable=\"false\" data-particle-mobile-disabled=\"false\" class=\"elementor-section elementor-top-section elementor-element elementor-element-18c19b1 elementor-section-boxed elementor-section-height-default elementor-section-height-default\" data-id=\"18c19b1\" data-element_type=\"section\" data-e-type=\"section\">\n\t\t\t\t\t\t<div class=\"elementor-container elementor-column-gap-default\">\n\t\t\t\t\t<div class=\"elementor-column elementor-col-100 elementor-top-column elementor-element elementor-element-ebd0648\" data-id=\"ebd0648\" data-element_type=\"column\" data-e-type=\"column\">\n\t\t\t<div class=\"elementor-widget-wrap elementor-element-populated\">\n\t\t\t\t\t\t<div class=\"elementor-element elementor-element-b3cbd9b elementor-widget elementor-widget-heading\" data-id=\"b3cbd9b\" data-element_type=\"widget\" data-e-type=\"widget\" data-widget_type=\"heading.default\">\n\t\t\t\t\t<h2 class=\"elementor-heading-title elementor-size-default\">\u201cMi mam\u00e1 es mi inspiraci\u00f3n\u201d\n<\/h2>\t\t\t\t<\/div>\n\t\t\t\t\t<\/div>\n\t\t<\/div>\n\t\t\t\t\t<\/div>\n\t\t<\/section>\n\t\t\t\t<section data-particle_enable=\"false\" data-particle-mobile-disabled=\"false\" class=\"elementor-section elementor-top-section elementor-element elementor-element-4d1ae1d elementor-section-boxed elementor-section-height-default elementor-section-height-default\" data-id=\"4d1ae1d\" data-element_type=\"section\" data-e-type=\"section\">\n\t\t\t\t\t\t<div class=\"elementor-container elementor-column-gap-default\">\n\t\t\t\t\t<div class=\"elementor-column elementor-col-100 elementor-top-column elementor-element elementor-element-6eae09a\" data-id=\"6eae09a\" data-element_type=\"column\" data-e-type=\"column\">\n\t\t\t<div class=\"elementor-widget-wrap elementor-element-populated\">\n\t\t\t\t\t\t<div class=\"elementor-element elementor-element-2e2b3a5 elementor-widget elementor-widget-text-editor\" data-id=\"2e2b3a5\" data-element_type=\"widget\" data-e-type=\"widget\" data-widget_type=\"text-editor.default\">\n\t\t\t\t\t\t\t\t\t<p><span style=\"font-weight: 400;\">\u201cTodos decidimos qu\u00e9 persona ser, mi mam\u00e1 es mi ejemplo. Viaj\u00e9 con mi mam\u00e1 desde Guatemala, M\u00e9xico, cruzamos la frontera, dormimos en las calles de California, despu\u00e9s en las calles de Oklahoma, pero mi mam\u00e1 siempre se enfoc\u00f3 en cuidarnos y salir adelante. Mis hermanos Alex, Ana Iris y yo estuvimos con ella\u201d\u00a0\u00a0<\/span><\/p><p><span style=\"font-weight: 400;\">Al llegar a este pa\u00eds Ver\u00f3nica se dedic\u00f3 a trabajar pero siempre en buscar un emprendimiento propio que construy\u00f3 a lo largo de los a\u00f1os. <\/span><span style=\"font-weight: 400;\">Su historia como mujer, madre y emprendedora ha inspirado a mujeres inmigrantes radicadas en Oklahoma y el resto de Estados Unidos. Recientemente gan\u00f3 el premio Journal Recorrer en el centro de historia de Oklahoma, nominada al premio The State of Oklahoma y recibi\u00f3 el premio Oklahoma Human Rights Awards.<\/span><\/p><p><span style=\"font-weight: 400;\">Este \u00faltimo premio se le otorg\u00f3 en reconocimiento a su trabajo y apoyo a la comunidad de mujeres migrantes solteras \u201cRealiza actividades con madres solteras, tambi\u00e9n apoya a la iglesia va a las casas, hospitales a predicar y orar con los enfermos. ha sido un a\u00f1o muy bonito ver que la historia de mi mam\u00e1 es compartido e inspira a mucha gente\u201d<\/span><\/p>\t\t\t\t\t\t\t\t<\/div>\n\t\t\t\t\t<\/div>\n\t\t<\/div>\n\t\t\t\t\t<\/div>\n\t\t<\/section>\n\t\t<div data-particle_enable=\"false\" data-particle-mobile-disabled=\"false\" class=\"elementor-element elementor-element-b2b8481 e-flex e-con-boxed e-con e-parent\" data-id=\"b2b8481\" data-element_type=\"container\" data-e-type=\"container\">\n\t\t\t\t\t<div class=\"e-con-inner\">\n\t\t\t\t<div class=\"elementor-element elementor-element-1457343 elementor-widget elementor-widget-image\" data-id=\"1457343\" data-element_type=\"widget\" data-e-type=\"widget\" data-widget_type=\"image.default\">\n\t\t\t\t\t\t\t\t\t\t\t\t<figure class=\"wp-caption\">\n\t\t\t\t\t\t\t\t\t\t<img loading=\"lazy\" decoding=\"async\" width=\"768\" height=\"773\" src=\"https:\/\/soymigrante.com\/revista\/wp-content\/uploads\/2024\/08\/veronica-zelada-2-1017x1024.webp\" class=\"attachment-large size-large wp-image-8122\" alt=\"Reconocimiento a la cultura latinoamericana en SoyMigrante.com REVISTA, mujer con certificado de gastronom\u00eda latina en un restaurante de Oklahoma.\" srcset=\"https:\/\/soymigrante.com\/revista\/wp-content\/uploads\/2024\/08\/veronica-zelada-2-1017x1024.webp 1017w, https:\/\/soymigrante.com\/revista\/wp-content\/uploads\/2024\/08\/veronica-zelada-2-298x300.webp 298w, https:\/\/soymigrante.com\/revista\/wp-content\/uploads\/2024\/08\/veronica-zelada-2-150x150.webp 150w, https:\/\/soymigrante.com\/revista\/wp-content\/uploads\/2024\/08\/veronica-zelada-2-768x773.webp 768w, https:\/\/soymigrante.com\/revista\/wp-content\/uploads\/2024\/08\/veronica-zelada-2-75x75.webp 75w, https:\/\/soymigrante.com\/revista\/wp-content\/uploads\/2024\/08\/veronica-zelada-2-750x755.webp 750w, https:\/\/soymigrante.com\/revista\/wp-content\/uploads\/2024\/08\/veronica-zelada-2-1140x1148.webp 1140w, https:\/\/soymigrante.com\/revista\/wp-content\/uploads\/2024\/08\/veronica-zelada-2.webp 1365w\" sizes=\"(max-width: 768px) 100vw, 768px\" title=\"En 2022, Ver\u00f3nica Zelada y Caf\u00e9 Kacao recibieron un reconocimiento del Estado de Oklahoma por sus aportes a la cultura gastron\u00f3mica y a la comunidad. \u2013 SoyMigrante.com REVISTA\" \/>\t\t\t\t\t\t\t\t\t\t\t<figcaption class=\"widget-image-caption wp-caption-text\">En 2022, Ver\u00f3nica Zelada y Caf\u00e9 Kacao recibieron un reconocimiento del Estado de Oklahoma por sus aportes a la cultura gastron\u00f3mica y a la comunidad.<\/figcaption>\n\t\t\t\t\t\t\t\t\t\t<\/figure>\n\t\t\t\t\t\t\t\t\t<\/div>\n\t\t\t\t\t<\/div>\n\t\t\t\t<\/div>\n\t\t\t\t<section data-particle_enable=\"false\" data-particle-mobile-disabled=\"false\" class=\"elementor-section elementor-top-section elementor-element elementor-element-a6ae8cc elementor-section-boxed elementor-section-height-default elementor-section-height-default\" data-id=\"a6ae8cc\" data-element_type=\"section\" data-e-type=\"section\">\n\t\t\t\t\t\t<div class=\"elementor-container elementor-column-gap-default\">\n\t\t\t\t\t<div class=\"elementor-column elementor-col-100 elementor-top-column elementor-element elementor-element-a494d11\" data-id=\"a494d11\" data-element_type=\"column\" data-e-type=\"column\">\n\t\t\t<div class=\"elementor-widget-wrap elementor-element-populated\">\n\t\t\t\t\t\t<div class=\"elementor-element elementor-element-4048949 elementor-blockquote--skin-boxed elementor-widget elementor-widget-blockquote\" data-id=\"4048949\" data-element_type=\"widget\" data-e-type=\"widget\" data-widget_type=\"blockquote.default\">\n\t\t\t\t\t\t\t<blockquote class=\"elementor-blockquote\">\n\t\t\t<p class=\"elementor-blockquote__content\">\n\t\t\t\t\u201cDesde la traves\u00eda vivimos momentos dif\u00edciles nunca vi llorar a mi mam\u00e1, ella siempre fue valiente y fuerte, una vez nos echaron de una casa en California pero no dejaron que mi hermano entrara por tener 18 a\u00f1os, entonces mi mam\u00e1 dijo, no si no puede entrar \u00e9l, no se queda nadie, incluso cuando cerr\u00f3 su primer restaurante se que le doli\u00f3 pero ella tuvo y tiene mucho valor\u201d\t\t\t<\/p>\n\t\t\t\t\t\t\t<div class=\"e-q-footer\">\n\t\t\t\t\t\t\t\t\t\t\t<cite class=\"elementor-blockquote__author\">Luidgi Del Cid <\/cite>\n\t\t\t\t\t\t\t\t\t\t\t\t\t\t<\/div>\n\t\t\t\t\t<\/blockquote>\n\t\t\t\t\t\t<\/div>\n\t\t\t\t\t<\/div>\n\t\t<\/div>\n\t\t\t\t\t<\/div>\n\t\t<\/section>\n\t\t\t\t<section data-particle_enable=\"false\" data-particle-mobile-disabled=\"false\" class=\"elementor-section elementor-top-section elementor-element elementor-element-ec364e7 elementor-section-boxed elementor-section-height-default elementor-section-height-default\" data-id=\"ec364e7\" data-element_type=\"section\" data-e-type=\"section\">\n\t\t\t\t\t\t<div class=\"elementor-container elementor-column-gap-default\">\n\t\t\t\t\t<div class=\"elementor-column elementor-col-100 elementor-top-column elementor-element elementor-element-663392d\" data-id=\"663392d\" data-element_type=\"column\" data-e-type=\"column\">\n\t\t\t<div class=\"elementor-widget-wrap elementor-element-populated\">\n\t\t\t\t\t\t<div class=\"elementor-element elementor-element-5380380 elementor-arrows-position-inside elementor-pagination-position-outside elementor-widget elementor-widget-image-carousel\" data-id=\"5380380\" data-element_type=\"widget\" data-e-type=\"widget\" data-settings=\"{&quot;slides_to_show&quot;:&quot;1&quot;,&quot;navigation&quot;:&quot;both&quot;,&quot;autoplay&quot;:&quot;yes&quot;,&quot;pause_on_hover&quot;:&quot;yes&quot;,&quot;pause_on_interaction&quot;:&quot;yes&quot;,&quot;autoplay_speed&quot;:5000,&quot;infinite&quot;:&quot;yes&quot;,&quot;effect&quot;:&quot;slide&quot;,&quot;speed&quot;:500}\" data-widget_type=\"image-carousel.default\">\n\t\t\t\t\t\t\t<div class=\"elementor-image-carousel-wrapper swiper\" role=\"region\" aria-roledescription=\"carousel\" aria-label=\"Carrusel de im\u00e1genes\" dir=\"ltr\">\n\t\t\t<div class=\"elementor-image-carousel swiper-wrapper\" aria-live=\"off\">\n\t\t\t\t\t\t\t\t<div class=\"swiper-slide\" role=\"group\" aria-roledescription=\"slide\" aria-label=\"1 de 4\"><figure class=\"swiper-slide-inner\"><img decoding=\"async\" class=\"swiper-slide-image\" src=\"https:\/\/soymigrante.com\/revista\/wp-content\/uploads\/2024\/01\/Veronica-y-su-hijo.webp\" alt=\"Ver\u00f3nica y su hijo Luiwi Del Cid\" \/><figcaption class=\"elementor-image-carousel-caption\">Ver\u00f3nica y su hijo Luidgi Del Cid<\/figcaption><\/figure><\/div><div class=\"swiper-slide\" role=\"group\" aria-roledescription=\"slide\" aria-label=\"2 de 4\"><figure class=\"swiper-slide-inner\"><img decoding=\"async\" class=\"swiper-slide-image\" src=\"https:\/\/soymigrante.com\/revista\/wp-content\/uploads\/2024\/01\/the-state-of-Oklahoma.webp\" alt=\"the state of Oklahoma\" \/><figcaption class=\"elementor-image-carousel-caption\">La ciudad de Oklahoma le otorg\u00f3 a Ver\u00f3nica un reconocimiento por su proyecci\u00f3n a la comunidad. <\/figcaption><\/figure><\/div><div class=\"swiper-slide\" role=\"group\" aria-roledescription=\"slide\" aria-label=\"3 de 4\"><figure class=\"swiper-slide-inner\"><img decoding=\"async\" class=\"swiper-slide-image\" src=\"https:\/\/soymigrante.com\/revista\/wp-content\/uploads\/2024\/01\/best-latin.webp\" alt=\"best latin\" \/><figcaption class=\"elementor-image-carousel-caption\">El sabor de la gastronom\u00eda creada por Ver\u00f3nica ha sido reconocidao.<\/figcaption><\/figure><\/div><div class=\"swiper-slide\" role=\"group\" aria-roledescription=\"slide\" aria-label=\"4 de 4\"><figure class=\"swiper-slide-inner\"><img decoding=\"async\" class=\"swiper-slide-image\" src=\"https:\/\/soymigrante.com\/revista\/wp-content\/uploads\/2024\/01\/Veronoca-Zelada.webp\" alt=\"Recientemente recibi\u00f3 el galard\u00f3n guatemaltecos en Oklahoma\" \/><figcaption class=\"elementor-image-carousel-caption\">Recientemente recibi\u00f3 el galard\u00f3n guatemaltecos en Oklahoma<\/figcaption><\/figure><\/div>\t\t\t<\/div>\n\t\t\t\t\t\t\t\t\t\t\t\t<div class=\"elementor-swiper-button elementor-swiper-button-prev\" role=\"button\" tabindex=\"0\">\n\t\t\t\t\t\t<i aria-hidden=\"true\" class=\"eicon-chevron-left\"><\/i>\t\t\t\t\t<\/div>\n\t\t\t\t\t<div class=\"elementor-swiper-button elementor-swiper-button-next\" role=\"button\" tabindex=\"0\">\n\t\t\t\t\t\t<i aria-hidden=\"true\" class=\"eicon-chevron-right\"><\/i>\t\t\t\t\t<\/div>\n\t\t\t\t\n\t\t\t\t\t\t\t\t\t<div class=\"swiper-pagination\"><\/div>\n\t\t\t\t\t\t\t\t\t<\/div>\n\t\t\t\t\t\t<\/div>\n\t\t\t\t\t<\/div>\n\t\t<\/div>\n\t\t\t\t\t<\/div>\n\t\t<\/section>\n\t\t\t\t<section data-particle_enable=\"false\" data-particle-mobile-disabled=\"false\" class=\"elementor-section elementor-top-section elementor-element elementor-element-5fe1cd8 elementor-section-boxed elementor-section-height-default elementor-section-height-default\" data-id=\"5fe1cd8\" data-element_type=\"section\" data-e-type=\"section\">\n\t\t\t\t\t\t<div class=\"elementor-container elementor-column-gap-default\">\n\t\t\t\t\t<div class=\"elementor-column elementor-col-100 elementor-top-column elementor-element elementor-element-896b29f\" data-id=\"896b29f\" data-element_type=\"column\" data-e-type=\"column\">\n\t\t\t<div class=\"elementor-widget-wrap elementor-element-populated\">\n\t\t\t\t\t\t<div class=\"elementor-element elementor-element-3b6b731 elementor-testimonial--skin-default elementor-testimonial--layout-image_inline elementor-testimonial--align-center elementor-arrows-yes elementor-pagination-type-bullets elementor-widget elementor-widget-testimonial-carousel\" data-id=\"3b6b731\" data-element_type=\"widget\" data-e-type=\"widget\" data-settings=\"{&quot;show_arrows&quot;:&quot;yes&quot;,&quot;pagination&quot;:&quot;bullets&quot;,&quot;speed&quot;:500,&quot;autoplay&quot;:&quot;yes&quot;,&quot;autoplay_speed&quot;:5000,&quot;loop&quot;:&quot;yes&quot;,&quot;pause_on_hover&quot;:&quot;yes&quot;,&quot;pause_on_interaction&quot;:&quot;yes&quot;,&quot;space_between&quot;:{&quot;unit&quot;:&quot;px&quot;,&quot;size&quot;:10,&quot;sizes&quot;:[]},&quot;space_between_tablet&quot;:{&quot;unit&quot;:&quot;px&quot;,&quot;size&quot;:10,&quot;sizes&quot;:[]},&quot;space_between_mobile&quot;:{&quot;unit&quot;:&quot;px&quot;,&quot;size&quot;:10,&quot;sizes&quot;:[]}}\" data-widget_type=\"testimonial-carousel.default\">\n\t\t\t\t\t\t\t\t\t\t<div class=\"elementor-main-swiper swiper\" role=\"region\" aria-roledescription=\"carousel\" aria-label=\"Diapositivas\">\n\t\t\t\t<div class=\"swiper-wrapper\">\n\t\t\t\t\t\t\t\t\t\t\t<div class=\"swiper-slide\" role=\"group\" aria-roledescription=\"slide\">\n\t\t\t\t\t\t\t\t\t<div class=\"elementor-testimonial\">\n\t\t\t\t\t\t\t<div class=\"elementor-testimonial__content\">\n\t\t\t\t\t<div class=\"elementor-testimonial__text\">\n\t\t\t\t\t\t\u201cEliazar L\u00f3pez es un joven que vino sin saber ingl\u00e9s y ahora est\u00e1 pr\u00f3ximo a graduarse, Entonce hay muchos j\u00f3venes que piensan que al no tener papeles no pueden salir adelante y se quedan estancados trabajando en oficios por mucho tiempo,  por lo contrario hay que aprovechar, prepararse, educarse esto nos permite cometer menos errores\u201d\n\t\t\t\t\t<\/div>\n\t\t\t\t\t\t\t\t\t<\/div>\n\t\t\t\t\t\t<div class=\"elementor-testimonial__footer\">\n\t\t\t\t\t\t\t\t\t<div class=\"elementor-testimonial__image\">\n\t\t\t\t\t\t<img decoding=\"async\" src=\"https:\/\/soymigrante.com\/revista\/wp-content\/uploads\/2024\/01\/405300045_356661177017040_3259810526697347953_n-e1705434701723.webp\" alt=\"Luiwi Del Cid \">\n\t\t\t\t\t\t\t\t\t\t\t<\/div>\n\t\t\t\t\t\t\t\t<cite class=\"elementor-testimonial__cite\"><span class=\"elementor-testimonial__name\">Luidgi Del Cid <\/span><span class=\"elementor-testimonial__title\">Hijo de Ver\u00f3nica Zelada y migrante guatemla<\/span><\/cite>\t\t\t<\/div>\n\t\t<\/div>\n\t\t\t\t\t\t\t\t<\/div>\n\t\t\t\t\t\t\t\t\t<\/div>\n\t\t\t\t\t\t\t<\/div>\n\t\t\t\t\t\t\t\t<\/div>\n\t\t\t\t\t<\/div>\n\t\t<\/div>\n\t\t\t\t\t<\/div>\n\t\t<\/section>\n\t\t\t\t<section data-particle_enable=\"false\" data-particle-mobile-disabled=\"false\" class=\"elementor-section elementor-top-section elementor-element elementor-element-38cd570 elementor-section-boxed elementor-section-height-default elementor-section-height-default\" data-id=\"38cd570\" data-element_type=\"section\" data-e-type=\"section\">\n\t\t\t\t\t\t<div class=\"elementor-container elementor-column-gap-default\">\n\t\t\t\t\t<div class=\"elementor-column elementor-col-100 elementor-top-column elementor-element elementor-element-9ee998f\" data-id=\"9ee998f\" data-element_type=\"column\" data-e-type=\"column\">\n\t\t\t<div class=\"elementor-widget-wrap elementor-element-populated\">\n\t\t\t\t\t\t<div class=\"elementor-element elementor-element-6a55341 elementor-widget elementor-widget-text-editor\" data-id=\"6a55341\" data-element_type=\"widget\" data-e-type=\"widget\" data-widget_type=\"text-editor.default\">\n\t\t\t\t\t\t\t\t\t<p><span style=\"font-weight: 400;\">Los planes de Caf\u00e9 Kakao enfoca su trabajo en poner en alto el nombre de Guatemala pero tambi\u00e9n apoyar a la comunidad migrante en Oklahoma y en Guatemala, el restaurante alberga a m\u00e1s de 50 empleados inmigrantes latinoamericanos en su mayor\u00eda guatemaltecos. Cumple 13 a\u00f1os de servicio a la comunidad latinoamericana en Oklahoma, Estados Unidos.<\/span><\/p>\t\t\t\t\t\t\t\t<\/div>\n\t\t\t\t\t<\/div>\n\t\t<\/div>\n\t\t\t\t\t<\/div>\n\t\t<\/section>\n\t\t\t\t<section data-particle_enable=\"false\" data-particle-mobile-disabled=\"false\" class=\"elementor-section elementor-top-section elementor-element elementor-element-781e772 elementor-section-boxed elementor-section-height-default elementor-section-height-default\" data-id=\"781e772\" data-element_type=\"section\" data-e-type=\"section\">\n\t\t\t\t\t\t<div class=\"elementor-container elementor-column-gap-default\">\n\t\t\t\t\t<div class=\"elementor-column elementor-col-100 elementor-top-column elementor-element elementor-element-d8950dd\" data-id=\"d8950dd\" data-element_type=\"column\" data-e-type=\"column\">\n\t\t\t<div class=\"elementor-widget-wrap elementor-element-populated\">\n\t\t\t\t\t\t<div class=\"elementor-element elementor-element-1adc6ad elementor-widget elementor-widget-facebook-page\" data-id=\"1adc6ad\" data-element_type=\"widget\" data-e-type=\"widget\" data-widget_type=\"facebook-page.default\">\n\t\t\t\t\t<div class=\"elementor-facebook-widget fb-page\" data-href=\"https:\/\/www.facebook.com\/cafekacao\" data-tabs=\"timeline\" data-height=\"500px\" data-width=\"500px\" data-small-header=\"false\" data-hide-cover=\"false\" data-show-facepile=\"true\" data-hide-cta=\"false\" style=\"min-height: 1px;height:500px\"><\/div>\t\t\t\t<\/div>\n\t\t\t\t\t<\/div>\n\t\t<\/div>\n\t\t\t\t\t<\/div>\n\t\t<\/section>\n\t\t\t\t<section data-particle_enable=\"false\" data-particle-mobile-disabled=\"false\" class=\"elementor-section elementor-top-section elementor-element elementor-element-476c4bd elementor-section-boxed elementor-section-height-default elementor-section-height-default\" data-id=\"476c4bd\" data-element_type=\"section\" data-e-type=\"section\">\n\t\t\t\t\t\t<div class=\"elementor-container elementor-column-gap-default\">\n\t\t\t\t\t<div class=\"elementor-column elementor-col-100 elementor-top-column elementor-element elementor-element-527c0f7\" data-id=\"527c0f7\" data-element_type=\"column\" data-e-type=\"column\">\n\t\t\t<div class=\"elementor-widget-wrap elementor-element-populated\">\n\t\t\t\t\t\t<div class=\"elementor-element elementor-element-997e6ab elementor-widget elementor-widget-heading\" data-id=\"997e6ab\" data-element_type=\"widget\" data-e-type=\"widget\" data-widget_type=\"heading.default\">\n\t\t\t\t\t<h2 class=\"elementor-heading-title elementor-size-default\">Lee m\u00e1s historias inspirada<\/h2>\t\t\t\t<\/div>\n\t\t\t\t\t<\/div>\n\t\t<\/div>\n\t\t\t\t\t<\/div>\n\t\t<\/section>\n\t\t\t\t<section data-particle_enable=\"false\" data-particle-mobile-disabled=\"false\" class=\"elementor-section elementor-top-section elementor-element elementor-element-0881a37 elementor-section-boxed elementor-section-height-default elementor-section-height-default\" data-id=\"0881a37\" data-element_type=\"section\" data-e-type=\"section\">\n\t\t\t\t\t\t<div class=\"elementor-container elementor-column-gap-default\">\n\t\t\t\t\t<div class=\"elementor-column elementor-col-100 elementor-top-column elementor-element elementor-element-dc1a694\" data-id=\"dc1a694\" data-element_type=\"column\" data-e-type=\"column\">\n\t\t\t<div class=\"elementor-widget-wrap elementor-element-populated\">\n\t\t\t\t\t\t<div class=\"elementor-element elementor-element-c3f91e2 elementor-grid-eael-col-2 elementor-grid-tablet-eael-col-2 elementor-grid-mobile-eael-col-1 elementor-widget elementor-widget-eael-post-grid\" data-id=\"c3f91e2\" data-element_type=\"widget\" data-e-type=\"widget\" data-settings=\"{&quot;eael_post_grid_columns&quot;:&quot;eael-col-2&quot;,&quot;eael_post_grid_columns_tablet&quot;:&quot;eael-col-2&quot;,&quot;eael_post_grid_columns_mobile&quot;:&quot;eael-col-1&quot;}\" data-widget_type=\"eael-post-grid.default\">\n\t\t\t\t\t<div id=\"eael-post-grid-c3f91e2\" class=\"eael-post-grid-container\">\n            <div class=\"eael-post-grid eael-post-appender eael-post-appender-c3f91e2 eael-post-grid-style-one\" data-layout-mode=\"masonry\"><article class=\"eael-grid-post  eael-post-grid-column eael-pg-post-4416 category-estamos-unidos\" data-id=\"4416\">\n        <div class=\"eael-grid-post-holder\">\n            <div class=\"eael-grid-post-holder-inner\"><div class=\"eael-entry-media\"><div class=\"eael-entry-overlay fade-in\"><i class=\"fas fa-long-arrow-alt-right\" aria-hidden=\"true\"><\/i><a href=\"https:\/\/soymigrante.com\/revista\/guatemala-migrantes-crisis-politica-golpe-finaliza-asume-bernardo-arevalo\/\"><\/a><\/div><div class=\"eael-entry-thumbnail \">\n                <img loading=\"lazy\" decoding=\"async\" width=\"300\" height=\"218\" src=\"https:\/\/soymigrante.com\/revista\/wp-content\/uploads\/2024\/01\/Captura-de-pantalla-2023-12-11-095155-300x218.webp\" class=\"attachment-medium size-medium wp-image-4418\" alt=\"\" srcset=\"https:\/\/soymigrante.com\/revista\/wp-content\/uploads\/2024\/01\/Captura-de-pantalla-2023-12-11-095155-300x218.webp 300w, https:\/\/soymigrante.com\/revista\/wp-content\/uploads\/2024\/01\/Captura-de-pantalla-2023-12-11-095155-768x558.webp 768w, https:\/\/soymigrante.com\/revista\/wp-content\/uploads\/2024\/01\/Captura-de-pantalla-2023-12-11-095155-120x86.webp 120w, https:\/\/soymigrante.com\/revista\/wp-content\/uploads\/2024\/01\/Captura-de-pantalla-2023-12-11-095155-750x545.webp 750w, https:\/\/soymigrante.com\/revista\/wp-content\/uploads\/2024\/01\/Captura-de-pantalla-2023-12-11-095155.webp 937w\" sizes=\"(max-width: 300px) 100vw, 300px\" \/>\n            <\/div>\n        <\/div><div class=\"eael-entry-wrapper\"><header class=\"eael-entry-header\"><h2 class=\"eael-entry-title\"><a class=\"eael-grid-post-link\" href=\"https:\/\/soymigrante.com\/revista\/guatemala-migrantes-crisis-politica-golpe-finaliza-asume-bernardo-arevalo\/\" title=\"EDITORIAL: Una sola Guatemala, dentro y fuera del pa\u00eds, defendi\u00f3 su democracia\">EDITORIAL: Una sola Guatemala, dentro y fuera del pa\u00eds, defendi\u00f3 su democracia<\/a><\/h2><\/header><\/div><\/div>\n        <\/div>\n    <\/article><article class=\"eael-grid-post  eael-post-grid-column eael-pg-post-4370 category-exitos\" data-id=\"4370\">\n        <div class=\"eael-grid-post-holder\">\n            <div class=\"eael-grid-post-holder-inner\"><div class=\"eael-entry-media\"><div class=\"eael-entry-overlay fade-in\"><i class=\"fas fa-long-arrow-alt-right\" aria-hidden=\"true\"><\/i><a href=\"https:\/\/soymigrante.com\/revista\/migrante-regresa-a-guatemala-despues-de-14-anos-saco-adelante-hermanos\/\"><\/a><\/div><div class=\"eael-entry-thumbnail \">\n                <img loading=\"lazy\" decoding=\"async\" width=\"300\" height=\"281\" src=\"https:\/\/soymigrante.com\/revista\/wp-content\/uploads\/2024\/01\/miltoniano-300x281.webp\" class=\"attachment-medium size-medium wp-image-4371\" alt=\"\" srcset=\"https:\/\/soymigrante.com\/revista\/wp-content\/uploads\/2024\/01\/miltoniano-300x281.webp 300w, https:\/\/soymigrante.com\/revista\/wp-content\/uploads\/2024\/01\/miltoniano.webp 600w\" sizes=\"(max-width: 300px) 100vw, 300px\" \/>\n            <\/div>\n        <\/div><div class=\"eael-entry-wrapper\"><header class=\"eael-entry-header\"><h2 class=\"eael-entry-title\"><a class=\"eael-grid-post-link\" href=\"https:\/\/soymigrante.com\/revista\/migrante-regresa-a-guatemala-despues-de-14-anos-saco-adelante-hermanos\/\" title=\"El migrante Milton Villeda se fue por un sue\u00f1o y regresa, 14 a\u00f1os despu\u00e9s, con otro\">El migrante Milton Villeda se fue por un sue\u00f1o y regresa, 14 a\u00f1os despu\u00e9s, con otro<\/a><\/h2><\/header><\/div><\/div>\n        <\/div>\n    <\/article><article class=\"eael-grid-post  eael-post-grid-column eael-pg-post-4317 category-exitos\" data-id=\"4317\">\n        <div class=\"eael-grid-post-holder\">\n            <div class=\"eael-grid-post-holder-inner\"><div class=\"eael-entry-media\"><div class=\"eael-entry-overlay fade-in\"><i class=\"fas fa-long-arrow-alt-right\" aria-hidden=\"true\"><\/i><a href=\"https:\/\/soymigrante.com\/revista\/maynor-migrante-guatemalteco-la-voz-de-guate-primaveral\/\"><\/a><\/div><div class=\"eael-entry-thumbnail \">\n                <img loading=\"lazy\" decoding=\"async\" width=\"300\" height=\"250\" src=\"https:\/\/soymigrante.com\/revista\/wp-content\/uploads\/2024\/01\/maynor-1-300x250.webp\" class=\"attachment-medium size-medium wp-image-4333\" alt=\"\" srcset=\"https:\/\/soymigrante.com\/revista\/wp-content\/uploads\/2024\/01\/maynor-1-300x250.webp 300w, https:\/\/soymigrante.com\/revista\/wp-content\/uploads\/2024\/01\/maynor-1.webp 722w\" sizes=\"(max-width: 300px) 100vw, 300px\" \/>\n            <\/div>\n        <\/div><div class=\"eael-entry-wrapper\"><header class=\"eael-entry-header\"><h2 class=\"eael-entry-title\"><a class=\"eael-grid-post-link\" href=\"https:\/\/soymigrante.com\/revista\/maynor-migrante-guatemalteco-la-voz-de-guate-primaveral\/\" title=\"Maynor Dom\u00ednguez es la din\u00e1mica voz migrante de Guate Primaveral\">Maynor Dom\u00ednguez es la din\u00e1mica voz migrante de Guate Primaveral<\/a><\/h2><\/header><\/div><\/div>\n        <\/div>\n    <\/article><article class=\"eael-grid-post  eael-post-grid-column eael-pg-post-4221 category-exitos\" data-id=\"4221\">\n        <div class=\"eael-grid-post-holder\">\n            <div class=\"eael-grid-post-holder-inner\"><div class=\"eael-entry-media\"><div class=\"eael-entry-overlay fade-in\"><i class=\"fas fa-long-arrow-alt-right\" aria-hidden=\"true\"><\/i><a href=\"https:\/\/soymigrante.com\/revista\/walter-batres-presidente-red-migrante-guatemalteca-experiencia-los-angeles\/\"><\/a><\/div><div class=\"eael-entry-thumbnail \">\n                <img loading=\"lazy\" decoding=\"async\" width=\"300\" height=\"237\" src=\"https:\/\/soymigrante.com\/revista\/wp-content\/uploads\/2024\/01\/Captura-de-pantalla-2024-01-06-122654-e1704565722939-300x237.webp\" class=\"attachment-medium size-medium wp-image-4257\" alt=\"\" srcset=\"https:\/\/soymigrante.com\/revista\/wp-content\/uploads\/2024\/01\/Captura-de-pantalla-2024-01-06-122654-e1704565722939-300x237.webp 300w, https:\/\/soymigrante.com\/revista\/wp-content\/uploads\/2024\/01\/Captura-de-pantalla-2024-01-06-122654-e1704565722939.webp 661w\" sizes=\"(max-width: 300px) 100vw, 300px\" \/>\n            <\/div>\n        <\/div><div class=\"eael-entry-wrapper\"><header class=\"eael-entry-header\"><h2 class=\"eael-entry-title\"><a class=\"eael-grid-post-link\" href=\"https:\/\/soymigrante.com\/revista\/walter-batres-presidente-red-migrante-guatemalteca-experiencia-los-angeles\/\" title=\"Una red de hermandad y servicio preside el migrante Walter Batres\">Una red de hermandad y servicio preside el migrante Walter Batres<\/a><\/h2><\/header><\/div><\/div>\n        <\/div>\n    <\/article><article class=\"eael-grid-post  eael-post-grid-column eael-pg-post-3963 category-exitos\" data-id=\"3963\">\n        <div class=\"eael-grid-post-holder\">\n            <div class=\"eael-grid-post-holder-inner\"><div class=\"eael-entry-media\"><div class=\"eael-entry-overlay fade-in\"><i class=\"fas fa-long-arrow-alt-right\" aria-hidden=\"true\"><\/i><a href=\"https:\/\/soymigrante.com\/revista\/tirar-regalar-vender-cambiar-la-ruta-migrante-de-silvia-obregon\/\"><\/a><\/div><div class=\"eael-entry-thumbnail \">\n                <img loading=\"lazy\" decoding=\"async\" width=\"300\" height=\"253\" src=\"https:\/\/soymigrante.com\/revista\/wp-content\/uploads\/2023\/12\/silvia-colibri-volando-300x253.webp\" class=\"attachment-medium size-medium wp-image-3971\" alt=\"\" srcset=\"https:\/\/soymigrante.com\/revista\/wp-content\/uploads\/2023\/12\/silvia-colibri-volando-300x253.webp 300w, https:\/\/soymigrante.com\/revista\/wp-content\/uploads\/2023\/12\/silvia-colibri-volando-1024x863.webp 1024w, https:\/\/soymigrante.com\/revista\/wp-content\/uploads\/2023\/12\/silvia-colibri-volando-768x647.webp 768w, https:\/\/soymigrante.com\/revista\/wp-content\/uploads\/2023\/12\/silvia-colibri-volando-1536x1295.webp 1536w, https:\/\/soymigrante.com\/revista\/wp-content\/uploads\/2023\/12\/silvia-colibri-volando-750x632.webp 750w, https:\/\/soymigrante.com\/revista\/wp-content\/uploads\/2023\/12\/silvia-colibri-volando-1140x961.webp 1140w, https:\/\/soymigrante.com\/revista\/wp-content\/uploads\/2023\/12\/silvia-colibri-volando.webp 1554w\" sizes=\"(max-width: 300px) 100vw, 300px\" \/>\n            <\/div>\n        <\/div><div class=\"eael-entry-wrapper\"><header class=\"eael-entry-header\"><h2 class=\"eael-entry-title\"><a class=\"eael-grid-post-link\" href=\"https:\/\/soymigrante.com\/revista\/tirar-regalar-vender-cambiar-la-ruta-migrante-de-silvia-obregon\/\" title=\"El vuelo migrante de la emprendedora Silvia Leonora Obreg\u00f3n\">El vuelo migrante de la emprendedora Silvia Leonora Obreg\u00f3n<\/a><\/h2><\/header><\/div><\/div>\n        <\/div>\n    <\/article><article class=\"eael-grid-post  eael-post-grid-column eael-pg-post-3799 category-exitos\" data-id=\"3799\">\n        <div class=\"eael-grid-post-holder\">\n            <div class=\"eael-grid-post-holder-inner\"><div class=\"eael-entry-media\"><div class=\"eael-entry-overlay fade-in\"><i class=\"fas fa-long-arrow-alt-right\" aria-hidden=\"true\"><\/i><a href=\"https:\/\/soymigrante.com\/revista\/migrante-estilista-guatemalteco-sergio-arevalo-increible-historia-ayuda-ninez\/\"><\/a><\/div><div class=\"eael-entry-thumbnail \">\n                <img loading=\"lazy\" decoding=\"async\" width=\"300\" height=\"259\" src=\"https:\/\/soymigrante.com\/revista\/wp-content\/uploads\/2023\/12\/sergio-fernando-arevalo-chilera-300x259.webp\" class=\"attachment-medium size-medium wp-image-3800\" alt=\"sergio fernando arevalo chilera\" srcset=\"https:\/\/soymigrante.com\/revista\/wp-content\/uploads\/2023\/12\/sergio-fernando-arevalo-chilera-300x259.webp 300w, https:\/\/soymigrante.com\/revista\/wp-content\/uploads\/2023\/12\/sergio-fernando-arevalo-chilera-1024x883.webp 1024w, https:\/\/soymigrante.com\/revista\/wp-content\/uploads\/2023\/12\/sergio-fernando-arevalo-chilera-768x662.webp 768w, https:\/\/soymigrante.com\/revista\/wp-content\/uploads\/2023\/12\/sergio-fernando-arevalo-chilera-750x646.jpg 750w, https:\/\/soymigrante.com\/revista\/wp-content\/uploads\/2023\/12\/sergio-fernando-arevalo-chilera-1140x983.jpg 1140w, https:\/\/soymigrante.com\/revista\/wp-content\/uploads\/2023\/12\/sergio-fernando-arevalo-chilera.webp 1333w\" sizes=\"(max-width: 300px) 100vw, 300px\" \/>\n            <\/div>\n        <\/div><div class=\"eael-entry-wrapper\"><header class=\"eael-entry-header\"><h2 class=\"eael-entry-title\"><a class=\"eael-grid-post-link\" href=\"https:\/\/soymigrante.com\/revista\/migrante-estilista-guatemalteco-sergio-arevalo-increible-historia-ayuda-ninez\/\" title=\"&#8220;Nunca paro de so\u00f1ar&#8221;: la incre\u00edble historia del estilista y migrante Sergio Fernando Ar\u00e9valo\">&#8220;Nunca paro de so\u00f1ar&#8221;: la incre\u00edble historia del estilista y migrante Sergio Fernando Ar\u00e9valo<\/a><\/h2><\/header><\/div><\/div>\n        <\/div>\n    <\/article><\/div>\n            <div class=\"clearfix\"><\/div>\n        <\/div>\t\t\t\t<\/div>\n\t\t\t\t\t<\/div>\n\t\t<\/div>\n\t\t\t\t\t<\/div>\n\t\t<\/section>\n\t\t\t\t<\/div>\n\t\t","protected":false},"excerpt":{"rendered":"<p>La chef Ver\u00f3nica Zelada fusiona sabores muy guatemaltecos con el gusto estadounidense en restaurante Kacao, de Oklahoma. Su af\u00e1n de excelencia y servicio le ha valido ser nominada en los reconocimientos Mujer del A\u00f1o, del diario de negocios Journal Record. Ver\u00f3nica Zelada es una chef guatemalteca, migrante y emprendedora, cuyo restaurante Caf\u00e9 Kacao en Oklahoma, [&hellip;]<\/p>\n","protected":false},"author":1,"featured_media":8121,"comment_status":"open","ping_status":"open","sticky":false,"template":"","format":"standard","meta":{"_acf_changed":false,"_eb_attr":"","footnotes":""},"categories":[50],"tags":[],"class_list":["post-4423","post","type-post","status-publish","format-standard","has-post-thumbnail","hentry","category-exitos"],"acf":[],"aioseo_notices":[],"aioseo_head":"\n\t\t<!-- All in One SEO Pro 4.9.6.2 - aioseo.com -->\n\t<meta name=\"description\" content=\"Sufri\u00f3 pobreza, violencia intrafamiliar y burlas en sus inicios dentro del mundo de la belleza: pero nada bloquea los sue\u00f1os del migrante y estilista de estrellas, que cre\u00f3 una l\u00ednea de cepillos para destinar las ventas a ayuda educativa de la ni\u00f1ez de zonas rurales de su natal Guatemala. \u00c9l relata su camino. Sergio Fernando\" \/>\n\t<meta name=\"robots\" content=\"max-snippet:-1, max-image-preview:large, max-video-preview:-1\" \/>\n\t<meta name=\"author\" content=\"SoyMigrante.com REVISTA\"\/>\n\t<link rel=\"canonical\" href=\"https:\/\/soymigrante.com\/revista\/chef-migrante-guatemalteca-veronica-celada-oklahoma-solidaridad-premiada\/\" \/>\n\t<meta name=\"generator\" content=\"All in One SEO Pro (AIOSEO) 4.9.6.2\" \/>\n\n\t\t<link rel=\"preconnect\" href=\"https:\/\/fonts.googleapis.com\" crossorigin>\n<link rel=\"preconnect\" href=\"https:\/\/fonts.gstatic.com\" crossorigin>\n\t\t<meta property=\"og:locale\" content=\"es_ES\" \/>\n\t\t<meta property=\"og:site_name\" content=\"SoyMigrante.com REVISTA \u2013 Nuestra misi\u00f3n es reconocer y dignificar al migrante.\" \/>\n\t\t<meta property=\"og:type\" content=\"article\" \/>\n\t\t<meta property=\"og:title\" content=\"Chef Ver\u00f3nica Zelada est\u00e1 nominada a Mujer del A\u00f1o en Oklahoma\" \/>\n\t\t<meta property=\"og:description\" content=\"Migrante guatemalteca Ver\u00f3nica Zelada, fundadora de Caf\u00e9 Kacao, es nominada al premio Mujer del A\u00f1o, entregado por el Journal Record de Oklahoma. Esta es su historia\" \/>\n\t\t<meta property=\"og:url\" content=\"https:\/\/soymigrante.com\/revista\/chef-migrante-guatemalteca-veronica-celada-oklahoma-solidaridad-premiada\/\" \/>\n\t\t<meta property=\"og:image\" content=\"https:\/\/soymigrante.com\/revista\/wp-content\/uploads\/2024\/08\/veronica-zelada-cafe.webp\" \/>\n\t\t<meta property=\"og:image:secure_url\" content=\"https:\/\/soymigrante.com\/revista\/wp-content\/uploads\/2024\/08\/veronica-zelada-cafe.webp\" \/>\n\t\t<meta property=\"og:image:width\" content=\"720\" \/>\n\t\t<meta property=\"og:image:height\" content=\"720\" \/>\n\t\t<meta property=\"article:published_time\" content=\"2024-08-16T21:34:33+00:00\" \/>\n\t\t<meta property=\"article:modified_time\" content=\"2024-08-16T21:44:33+00:00\" \/>\n\t\t<meta property=\"article:publisher\" content=\"https:\/\/www.facebook.com\/soymigrantecom\" \/>\n\t\t<meta name=\"twitter:card\" content=\"summary_large_image\" \/>\n\t\t<meta name=\"twitter:site\" content=\"@SoyMigrante_com\" \/>\n\t\t<meta name=\"twitter:title\" content=\"Chef Ver\u00f3nica Zelada est\u00e1 nominada a Mujer del A\u00f1o en Oklahoma\" \/>\n\t\t<meta name=\"twitter:description\" content=\"Migrante guatemalteca Ver\u00f3nica Zelada, fundadora de Caf\u00e9 Kacao, es nominada al premio Mujer del A\u00f1o, entregado por el Journal Record de Oklahoma. Esta es su historia\" \/>\n\t\t<meta name=\"twitter:creator\" content=\"@SoyMigrante_com\" \/>\n\t\t<meta name=\"twitter:image\" content=\"https:\/\/soymigrante.com\/revista\/wp-content\/uploads\/2024\/08\/veronica-zelada-cafe.webp\" \/>\n\t\t<!-- All in One SEO Pro -->\r\n\t\t<title>Chef Ver\u00f3nica Zelada est\u00e1 nominada a Mujer del A\u00f1o en Oklahoma<\/title>\n\n","aioseo_head_json":{"title":"Chef Ver\u00f3nica Zelada est\u00e1 nominada a Mujer del A\u00f1o en Oklahoma","description":"Migrante guatemalteca Ver\u00f3nica Zelada, fundadora de Caf\u00e9 Kacao, es nominada al premio Mujer del A\u00f1o, entregado por el Journal Record de Oklahoma. Esta es su historia","canonical_url":"https:\/\/soymigrante.com\/revista\/chef-migrante-guatemalteca-veronica-celada-oklahoma-solidaridad-premiada\/","robots":"max-snippet:-1, max-image-preview:large, max-video-preview:-1","keywords":"","webmasterTools":{"miscellaneous":"&lt;link rel=\"preconnect\" href=\"https:\/\/fonts.googleapis.com\" crossorigin&gt;\n&lt;link rel=\"preconnect\" href=\"https:\/\/fonts.gstatic.com\" crossorigin&gt;"},"schema":null,"og:locale":"es_ES","og:site_name":"SoyMigrante.com REVISTA \u2013 Nuestra misi\u00f3n es reconocer y dignificar al migrante.","og:type":"article","og:title":"Chef Ver\u00f3nica Zelada est\u00e1 nominada a Mujer del A\u00f1o en Oklahoma","og:description":"Migrante guatemalteca Ver\u00f3nica Zelada, fundadora de Caf\u00e9 Kacao, es nominada al premio Mujer del A\u00f1o, entregado por el Journal Record de Oklahoma. Esta es su historia","og:url":"https:\/\/soymigrante.com\/revista\/chef-migrante-guatemalteca-veronica-celada-oklahoma-solidaridad-premiada\/","og:image":"https:\/\/soymigrante.com\/revista\/wp-content\/uploads\/2024\/08\/veronica-zelada-cafe.webp","og:image:secure_url":"https:\/\/soymigrante.com\/revista\/wp-content\/uploads\/2024\/08\/veronica-zelada-cafe.webp","og:image:width":720,"og:image:height":720,"article:published_time":"2024-08-16T21:34:33+00:00","article:modified_time":"2024-08-16T21:44:33+00:00","article:publisher":"https:\/\/www.facebook.com\/soymigrantecom","twitter:card":"summary_large_image","twitter:site":"@SoyMigrante_com","twitter:title":"Chef Ver\u00f3nica Zelada est\u00e1 nominada a Mujer del A\u00f1o en Oklahoma","twitter:description":"Migrante guatemalteca Ver\u00f3nica Zelada, fundadora de Caf\u00e9 Kacao, es nominada al premio Mujer del A\u00f1o, entregado por el Journal Record de Oklahoma. Esta es su historia","twitter:creator":"@SoyMigrante_com","twitter:image":"https:\/\/soymigrante.com\/revista\/wp-content\/uploads\/2024\/08\/veronica-zelada-cafe.webp"},"aioseo_meta_data":{"post_id":"4423","title":"Chef Ver\u00f3nica Zelada est\u00e1 nominada a Mujer del A\u00f1o en Oklahoma","description":"Migrante guatemalteca Ver\u00f3nica Zelada, fundadora de Caf\u00e9 Kacao, es nominada al premio Mujer del A\u00f1o, entregado por el Journal Record de Oklahoma. Esta es su historia","keywords":null,"keyphrases":{"focus":{"keyphrase":"migrante","score":82,"analysis":{"keyphraseInTitle":{"score":3,"maxScore":9,"error":1},"keyphraseInDescription":{"score":9,"maxScore":9,"error":0},"keyphraseLength":{"score":9,"maxScore":9,"error":0,"length":1},"keyphraseInURL":{"score":5,"maxScore":5,"error":0},"keyphraseInIntroduction":{"score":9,"maxScore":9,"error":0},"keyphraseInSubHeadings":{"score":3,"maxScore":9,"error":1},"keyphraseInImageAlt":{"score":9,"maxScore":9,"error":0},"keywordDensity":{"type":"best","score":9,"maxScore":9,"error":0}}},"additional":[{"keyphrase":"Premio","score":53,"analysis":{"keyphraseInDescription":{"score":9,"maxScore":9,"error":0},"keyphraseLength":{"score":9,"maxScore":9,"error":0,"length":1},"keyphraseInIntroduction":{"score":3,"maxScore":9,"error":1},"keyphraseInImageAlt":{"score":3,"maxScore":9,"error":1},"keywordDensity":{"score":0,"type":"low","maxScore":9,"error":1}}},{"keyphrase":"Mujer del A\u00f1o","score":53,"analysis":{"keyphraseInDescription":{"score":9,"maxScore":9,"error":0},"keyphraseLength":{"score":9,"maxScore":9,"error":0,"length":4},"keyphraseInIntroduction":{"score":3,"maxScore":9,"error":1},"keyphraseInImageAlt":{"score":3,"maxScore":9,"error":1},"keywordDensity":{"score":0,"type":"low","maxScore":9,"error":1}}}]},"primary_term":null,"canonical_url":null,"og_title":null,"og_description":null,"og_object_type":"default","og_image_type":"default","og_image_url":null,"og_image_width":null,"og_image_height":null,"og_image_custom_url":null,"og_image_custom_fields":null,"og_video":"","og_custom_url":null,"og_article_section":null,"og_article_tags":null,"twitter_use_og":false,"twitter_card":"default","twitter_image_type":"default","twitter_image_url":null,"twitter_image_custom_url":null,"twitter_image_custom_fields":null,"twitter_title":null,"twitter_description":null,"schema":{"blockGraphs":[],"customGraphs":[],"default":{"data":{"Article":[],"Course":[],"Dataset":[],"FAQPage":[],"Movie":[],"Person":[],"Product":[],"ProductReview":[],"Car":[],"Recipe":[],"Service":[],"SoftwareApplication":[],"WebPage":[]},"graphName":"Article","isEnabled":true},"graphs":[]},"schema_type":"default","schema_type_options":null,"pillar_content":false,"robots_default":true,"robots_noindex":false,"robots_noarchive":false,"robots_nosnippet":false,"robots_nofollow":false,"robots_noimageindex":false,"robots_noodp":false,"robots_notranslate":false,"robots_max_snippet":"-1","robots_max_videopreview":"-1","robots_max_imagepreview":"large","priority":null,"frequency":"default","local_seo":null,"seo_analyzer_scan_date":"2025-10-08 22:34:18","breadcrumb_settings":null,"limit_modified_date":false,"reviewed_by":null,"open_ai":"{\"title\":{\"suggestions\":[],\"usage\":0},\"description\":{\"suggestions\":[],\"usage\":0}}","ai":null,"created":"2024-01-16 06:16:26","updated":"2026-02-04 12:39:48"},"aioseo_breadcrumb":"<div class=\"aioseo-breadcrumbs\"><span class=\"aioseo-breadcrumb\">\n\t<a href=\"https:\/\/soymigrante.com\/revista\" title=\"Home\">Home<\/a>\n<\/span><span class=\"aioseo-breadcrumb-separator\">\u00bb<\/span><span class=\"aioseo-breadcrumb\">\n\t<a href=\"https:\/\/soymigrante.com\/revista\/category\/exitos\/\" title=\"\u00c9xitos\">\u00c9xitos<\/a>\n<\/span><span class=\"aioseo-breadcrumb-separator\">\u00bb<\/span><span class=\"aioseo-breadcrumb\">\n\tChef chapina Ver\u00f3nica Zelada es nominada a Mujer del A\u00f1o 2024 en Oklahoma\n<\/span><\/div>","aioseo_breadcrumb_json":[{"label":"Home","link":"https:\/\/soymigrante.com\/revista"},{"label":"\u00c9xitos","link":"https:\/\/soymigrante.com\/revista\/category\/exitos\/"},{"label":"Chef chapina Ver\u00f3nica Zelada es nominada a Mujer del A\u00f1o 2024 en Oklahoma","link":"https:\/\/soymigrante.com\/revista\/chef-migrante-guatemalteca-veronica-celada-oklahoma-solidaridad-premiada\/"}],"_links":{"self":[{"href":"https:\/\/soymigrante.com\/revista\/wp-json\/wp\/v2\/posts\/4423","targetHints":{"allow":["GET"]}}],"collection":[{"href":"https:\/\/soymigrante.com\/revista\/wp-json\/wp\/v2\/posts"}],"about":[{"href":"https:\/\/soymigrante.com\/revista\/wp-json\/wp\/v2\/types\/post"}],"author":[{"embeddable":true,"href":"https:\/\/soymigrante.com\/revista\/wp-json\/wp\/v2\/users\/1"}],"replies":[{"embeddable":true,"href":"https:\/\/soymigrante.com\/revista\/wp-json\/wp\/v2\/comments?post=4423"}],"version-history":[{"count":0,"href":"https:\/\/soymigrante.com\/revista\/wp-json\/wp\/v2\/posts\/4423\/revisions"}],"wp:featuredmedia":[{"embeddable":true,"href":"https:\/\/soymigrante.com\/revista\/wp-json\/wp\/v2\/media\/8121"}],"wp:attachment":[{"href":"https:\/\/soymigrante.com\/revista\/wp-json\/wp\/v2\/media?parent=4423"}],"wp:term":[{"taxonomy":"category","embeddable":true,"href":"https:\/\/soymigrante.com\/revista\/wp-json\/wp\/v2\/categories?post=4423"},{"taxonomy":"post_tag","embeddable":true,"href":"https:\/\/soymigrante.com\/revista\/wp-json\/wp\/v2\/tags?post=4423"}],"curies":[{"name":"wp","href":"https:\/\/api.w.org\/{rel}","templated":true}]}}