{"id":44196,"date":"2025-09-10T09:00:00","date_gmt":"2025-09-10T15:00:00","guid":{"rendered":"https:\/\/soymigrante.com\/revista\/?p=44196"},"modified":"2025-09-11T16:17:44","modified_gmt":"2025-09-11T22:17:44","slug":"atanasio-tzul-sabes-por-que-se-convirtio-en-simbolo-de-libertad","status":"publish","type":"post","link":"https:\/\/soymigrante.com\/revista\/atanasio-tzul-sabes-por-que-se-convirtio-en-simbolo-de-libertad\/","title":{"rendered":"Atanasio Tzul \u00bfSabes por qu\u00e9 se convirti\u00f3 en s\u00edmbolo de libertad?"},"content":{"rendered":"\t\t<div data-elementor-type=\"wp-post\" data-elementor-id=\"44196\" class=\"elementor elementor-44196\" data-elementor-post-type=\"post\">\n\t\t\t\t<div data-particle_enable=\"false\" data-particle-mobile-disabled=\"false\" class=\"elementor-element elementor-element-5072d93 e-flex e-con-boxed e-con e-parent\" data-id=\"5072d93\" data-element_type=\"container\" data-e-type=\"container\">\n\t\t\t\t\t<div class=\"e-con-inner\">\n\t\t\t\t<div class=\"elementor-element elementor-element-c95d0f3 elementor-widget elementor-widget-heading\" data-id=\"c95d0f3\" data-element_type=\"widget\" data-e-type=\"widget\" data-widget_type=\"heading.default\">\n\t\t\t\t\t<h2 class=\"elementor-heading-title elementor-size-default\">\u00bfQui\u00e9n era Atanasio Tzul? \u00bfPor qu\u00e9 se convirti\u00f3 en l\u00edder de un movimiento en Totonicap\u00e1n en 1820? \u00bfQu\u00e9 comunidades se unieron? Esta y otras respuestas, aqu\u00ed.<\/h2>\t\t\t\t<\/div>\n\t\t\t\t<div class=\"elementor-element elementor-element-343ffe0 elementor-widget elementor-widget-html\" data-id=\"343ffe0\" data-element_type=\"widget\" data-e-type=\"widget\" data-widget_type=\"html.default\">\n\t\t\t\t\t<div id=\"buzzsprout-player-17830351\"><\/div><script src=\"https:\/\/www.buzzsprout.com\/2444168\/episodes\/17830351-atanasio-tzul-heroe-historico-de-la-dignidad-maya-y-precursor-de-la-independencia.js?container_id=buzzsprout-player-17830351&player=small\" type=\"text\/javascript\" charset=\"utf-8\"><\/script>\t\t\t\t<\/div>\n\t\t\t\t\t<\/div>\n\t\t\t\t<\/div>\n\t\t<div data-particle_enable=\"false\" data-particle-mobile-disabled=\"false\" class=\"elementor-element elementor-element-0c2dc1d e-flex e-con-boxed e-con e-parent\" data-id=\"0c2dc1d\" data-element_type=\"container\" data-e-type=\"container\">\n\t\t\t\t\t<div class=\"e-con-inner\">\n\t\t\t\t<div class=\"elementor-element elementor-element-c078112 elementor-widget elementor-widget-text-editor\" data-id=\"c078112\" data-element_type=\"widget\" data-e-type=\"widget\" data-widget_type=\"text-editor.default\">\n\t\t\t\t\t\t\t\t\t<p>El 11 de julio de 1820 se produjo un movimiento ind\u00edgena en contra de tributos que&nbsp; ya se hab\u00edan eliminado pero que el gobierno colonial intent\u00f3 reinstaurar. Al frente del mismo estaba Atanasio Tzul, figura que se ha convertido en testimonio de dignidad y s\u00edmbolo de la uni\u00f3n comunitaria. Conoce m\u00e1s sobre \u00e9l.<\/p>\t\t\t\t\t\t\t\t<\/div>\n\t\t\t\t\t<\/div>\n\t\t\t\t<\/div>\n\t\t<div data-particle_enable=\"false\" data-particle-mobile-disabled=\"false\" class=\"elementor-element elementor-element-35d3be8 e-flex e-con-boxed e-con e-parent\" data-id=\"35d3be8\" data-element_type=\"container\" data-e-type=\"container\">\n\t\t\t\t\t<div class=\"e-con-inner\">\n\t\t\t\t<div class=\"elementor-element elementor-element-76f4707 elementor-widget elementor-widget-text-editor\" data-id=\"76f4707\" data-element_type=\"widget\" data-e-type=\"widget\" data-widget_type=\"text-editor.default\">\n\t\t\t\t\t\t\t\t\t<h3><strong data-start=\"169\" data-end=\"198\">\u00bfQui\u00e9n fue Atanasio Tzul?<\/strong><\/h3><p data-start=\"169\" data-end=\"661\">Atanasio Tzul fue un l\u00edder ind\u00edgena maya k\u2019iche\u2019 del Altiplano de Guatemala, originario de <a href=\"https:\/\/soymigrante.com\/revista\/departamentos-de-guatemala-totonicapan-la-tierra-del-gran-atanasio-tzul\/\">Totonicap\u00e1n<\/a>. Seg\u00fan la Historia General de Guatemala: era \u201cmayor de 60 a\u00f1os, indio principal, de oficio labrador\u201d y gozaba de gran prestigio por haber sido justicia en su comunidad.\u00a0<\/p><p data-start=\"169\" data-end=\"661\">Su figura se volvi\u00f3 emblem\u00e1tica porque se neg\u00f3 a colaborar con difundir la orden o recolectar los tributos coloniales. Estos hab\u00edan sido eliminados o reducidos en 1812, por las Cortes de C\u00e1diz. Pero al recuperar poder el rey Fernando VII, orden\u00f3 volver a cobrarlos.<\/p><p data-start=\"169\" data-end=\"661\">Atanasio Tzul \u201cse hab\u00eda mostrado renuente a cobrar los Reales Tributos, limit\u00e1ndose a exigir el pago de los impuestos de comunidad, sueldos y eclesi\u00e1sticos\u201d.<\/p><h3><strong data-start=\"663\" data-end=\"689\">\u00bfC\u00f3mo era f\u00edsicamente?<\/strong><\/h3><p data-start=\"663\" data-end=\"970\">La memoria hist\u00f3rica lo describe como un hombre de porte imponente: corpulento, de piel morena, cabello abundante y algo cano, rostro alargado y facciones recias.\u00a0<\/p><p data-start=\"663\" data-end=\"970\">Sus caracter\u00edsticas transmit\u00edan autoridad, y su edad reforzaba la imagen de Principal y referente de la unidad de su pueblo.<\/p>\t\t\t\t\t\t\t\t<\/div>\n\t\t\t\t\t<\/div>\n\t\t\t\t<\/div>\n\t\t<div data-particle_enable=\"false\" data-particle-mobile-disabled=\"false\" class=\"elementor-element elementor-element-f431065 e-flex e-con-boxed e-con e-parent\" data-id=\"f431065\" data-element_type=\"container\" data-e-type=\"container\">\n\t\t\t\t\t<div class=\"e-con-inner\">\n\t\t\t\t<div class=\"elementor-element elementor-element-5830856 elementor-widget elementor-widget-image\" data-id=\"5830856\" data-element_type=\"widget\" data-e-type=\"widget\" data-widget_type=\"image.default\">\n\t\t\t\t\t\t\t\t\t\t\t\t<figure class=\"wp-caption\">\n\t\t\t\t\t\t\t\t\t\t<img fetchpriority=\"high\" decoding=\"async\" width=\"1024\" height=\"1024\" src=\"https:\/\/soymigrante.com\/revista\/wp-content\/uploads\/2025\/09\/atanasio-tzul-totonicapan-5.png\" class=\"attachment-large size-large wp-image-44200\" alt=\"Seg\u00fan el relato hist\u00f3rico, al dejar su puesto el alcalde espa\u00f1ol de Totonicap\u00e1n, Atanasio Tzul fue nombrado gobernante por el pueblo ind\u00edgena. Algunas versiones afirman que lo declararon &quot;rey&quot; pero no son exactas. Aquel r\u00e9gimen comunitario dur\u00f3 20 d\u00edas. (Imagen generada con IA, con base en detalles de cr\u00f3nicas hist\u00f3ricas)\" srcset=\"https:\/\/soymigrante.com\/revista\/wp-content\/uploads\/2025\/09\/atanasio-tzul-totonicapan-5.png 1024w, https:\/\/soymigrante.com\/revista\/wp-content\/uploads\/2025\/09\/atanasio-tzul-totonicapan-5-300x300.png 300w, https:\/\/soymigrante.com\/revista\/wp-content\/uploads\/2025\/09\/atanasio-tzul-totonicapan-5-150x150.png 150w, https:\/\/soymigrante.com\/revista\/wp-content\/uploads\/2025\/09\/atanasio-tzul-totonicapan-5-768x768.png 768w, https:\/\/soymigrante.com\/revista\/wp-content\/uploads\/2025\/09\/atanasio-tzul-totonicapan-5-75x75.png 75w, https:\/\/soymigrante.com\/revista\/wp-content\/uploads\/2025\/09\/atanasio-tzul-totonicapan-5-750x750.png 750w\" sizes=\"(max-width: 1024px) 100vw, 1024px\" title=\"Seg\u00fan el relato hist\u00f3rico, al dejar su puesto el alcalde espa\u00f1ol de Totonicap\u00e1n, Atanasio Tzul fue nombrado gobernante por el pueblo ind\u00edgena. Algunas versiones afirman que lo declararon &quot;rey&quot; pero no son exactas.  Aquel r\u00e9gimen comunitario dur\u00f3 20 d\u00edas. (Imagen generada con IA, con base en detalles de cr\u00f3nicas hist\u00f3ricas) \u2013 SoyMigrante.com REVISTA\" \/>\t\t\t\t\t\t\t\t\t\t\t<figcaption class=\"widget-image-caption wp-caption-text\">Seg\u00fan el relato hist\u00f3rico, al dejar su puesto el alcalde espa\u00f1ol de Totonicap\u00e1n, Atanasio Tzul fue nombrado gobernante por el pueblo ind\u00edgena. Algunas versiones afirman que lo declararon \"rey\" pero no son exactas.  Aquel r\u00e9gimen comunitario dur\u00f3 20 d\u00edas. (Imagen generada con IA, con base en detalles de cr\u00f3nicas hist\u00f3ricas)<\/figcaption>\n\t\t\t\t\t\t\t\t\t\t<\/figure>\n\t\t\t\t\t\t\t\t\t<\/div>\n\t\t\t\t\t<\/div>\n\t\t\t\t<\/div>\n\t\t<div data-particle_enable=\"false\" data-particle-mobile-disabled=\"false\" class=\"elementor-element elementor-element-ad6bb20 e-flex e-con-boxed e-con e-parent\" data-id=\"ad6bb20\" data-element_type=\"container\" data-e-type=\"container\">\n\t\t\t\t\t<div class=\"e-con-inner\">\n\t\t\t\t<div class=\"elementor-element elementor-element-e516796 elementor-widget elementor-widget-text-editor\" data-id=\"e516796\" data-element_type=\"widget\" data-e-type=\"widget\" data-widget_type=\"text-editor.default\">\n\t\t\t\t\t\t\t\t\t<h3><strong style=\"font-family: Mulish, sans-serif; font-size: 29px;\" data-start=\"972\" data-end=\"995\">\u00bfPor qu\u00e9 se rebel\u00f3?<\/strong><\/h3><p>El origen de la rebeli\u00f3n estuvo en la negativa de los pueblos ind\u00edgenas a pagar tributos que consideraban injustos. La tensi\u00f3n se acumul\u00f3 cuando las autoridades locales insistieron en el cobro.\u00a0<\/p><p>El 11 de julio de 1820 el alcalde mayor, espa\u00f1ol, tuvo que huir de Totonicap\u00e1n \u201cante el temor de que los ind\u00edgenas k&#8217;iche&#8217; cumplieran la amenaza de decapitarlo, pues estaban convencidos de que era un ladr\u00f3n, que les exig\u00eda tributos, teni\u00e9ndolos el rey absueltos de esa contribuci\u00f3n\u201d.<\/p><h3><strong data-start=\"1443\" data-end=\"1485\">\u00bfQu\u00e9 ocurri\u00f3 durante el levantamiento?<\/strong><\/h3><p>El 12 de julio, en un acto de gran simbolismo, \u201cAtanasio Tzul fue coronado rey, y otro l\u00edder ind\u00edgena, m\u00e1s joven, Lucas Aguilar nombrado presidente\u201d. Tzul ocup\u00f3<a href=\"https:\/\/soymigrante.com\/revista\/silla-de-atanasio-tzul-es-simbolo-de-dignidad-y-libertad\/\"> una silla a manera de trono, la cual a\u00fan se conserva y es resguardada por los 48 cantones de Totonicap\u00e1n.<\/a><\/p><p>La poblaci\u00f3n lo celebr\u00f3 con procesiones, fuegos artificiales y corrida de toros. Cinco pueblos vecinos a San Miguel Totonicap\u00e1n (San Francisco El Alto, <a href=\"https:\/\/soymigrante.com\/revista\/danza-del-venado-leones-y-monos-en-momostenango-se-presenta-solo-cada-2-anos\/\">Momostenango<\/a>, San Andr\u00e9s Xecul, San Crist\u00f3bal Totonicap\u00e1n)\u00a0se unieron a la insurrecci\u00f3n, lo que hizo que los espa\u00f1oles temieran que se extendiera por todo el Altiplano.<\/p><p>La rebeli\u00f3n se prolong\u00f3 por m\u00e1s de veinte d\u00edas, un hecho ins\u00f3lito para la \u00e9poca, pues normalmente los disturbios eran sofocados en menos de una semana.\u00a0<\/p>\t\t\t\t\t\t\t\t<\/div>\n\t\t\t\t\t<\/div>\n\t\t\t\t<\/div>\n\t\t<div data-particle_enable=\"false\" data-particle-mobile-disabled=\"false\" class=\"elementor-element elementor-element-da9186d e-flex e-con-boxed e-con e-parent\" data-id=\"da9186d\" data-element_type=\"container\" data-e-type=\"container\">\n\t\t\t\t\t<div class=\"e-con-inner\">\n\t\t\t\t<div class=\"elementor-element elementor-element-a412754 elementor-widget elementor-widget-image\" data-id=\"a412754\" data-element_type=\"widget\" data-e-type=\"widget\" data-widget_type=\"image.default\">\n\t\t\t\t\t\t\t\t\t\t\t\t<figure class=\"wp-caption\">\n\t\t\t\t\t\t\t\t\t\t<img decoding=\"async\" width=\"539\" height=\"539\" src=\"https:\/\/soymigrante.com\/revista\/wp-content\/uploads\/2025\/09\/atanasio-tzul-totonicapan-2-1.png\" class=\"attachment-large size-large wp-image-44201\" alt=\"Atanasio Tzul era originario del Cant\u00f3n Paqu\u00ed, en Totonicap\u00e1n, proven\u00eda de una familia de jaboneros que habitaban el Barrio Linkah, de donde fue electo Principal en 1813. Para 1820, ya era reconocido como representante no oficial de las parcialidades de Linkah, Pachah, Uculjuyub, Chich\u00e9 y Tinamit. En julio de 1820 lider\u00f3 la rebeli\u00f3n contra la imposici\u00f3n de tributos espa\u00f1oles que ya hab\u00edan sido eliminados.\" srcset=\"https:\/\/soymigrante.com\/revista\/wp-content\/uploads\/2025\/09\/atanasio-tzul-totonicapan-2-1.png 539w, https:\/\/soymigrante.com\/revista\/wp-content\/uploads\/2025\/09\/atanasio-tzul-totonicapan-2-1-300x300.png 300w, https:\/\/soymigrante.com\/revista\/wp-content\/uploads\/2025\/09\/atanasio-tzul-totonicapan-2-1-150x150.png 150w, https:\/\/soymigrante.com\/revista\/wp-content\/uploads\/2025\/09\/atanasio-tzul-totonicapan-2-1-75x75.png 75w\" sizes=\"(max-width: 539px) 100vw, 539px\" title=\"Atanasio Tzul era originario del Cant\u00f3n Paqu\u00ed, en Totonicap\u00e1n, proven\u00eda de una familia de jaboneros que habitaban el Barrio Linkah, de donde fue electo Principal en 1813. Para 1820, ya era reconocido como representante no oficial de las parcialidades de Linkah, Pachah, Uculjuyub, Chich\u00e9 y Tinamit. En julio de 1820 lider\u00f3 la rebeli\u00f3n contra la imposici\u00f3n de tributos espa\u00f1oles que ya hab\u00edan sido eliminados. \u2013 SoyMigrante.com REVISTA\" \/>\t\t\t\t\t\t\t\t\t\t\t<figcaption class=\"widget-image-caption wp-caption-text\">Atanasio Tzul era originario del Cant\u00f3n Paqu\u00ed, en Totonicap\u00e1n, proven\u00eda de una familia de jaboneros que habitaban el Barrio Linkah, de donde fue electo Principal en 1813. Para 1820, ya era reconocido como representante no oficial de las parcialidades de Linkah, Pachah, Uculjuyub, Chich\u00e9 y Tinamit. En julio de 1820 lider\u00f3 la rebeli\u00f3n contra la imposici\u00f3n de tributos espa\u00f1oles que ya hab\u00edan sido eliminados.<\/figcaption>\n\t\t\t\t\t\t\t\t\t\t<\/figure>\n\t\t\t\t\t\t\t\t\t<\/div>\n\t\t\t\t\t<\/div>\n\t\t\t\t<\/div>\n\t\t<div data-particle_enable=\"false\" data-particle-mobile-disabled=\"false\" class=\"elementor-element elementor-element-7f36f38 e-flex e-con-boxed e-con e-parent\" data-id=\"7f36f38\" data-element_type=\"container\" data-e-type=\"container\">\n\t\t\t\t\t<div class=\"e-con-inner\">\n\t\t\t\t<div class=\"elementor-element elementor-element-c5c5074 elementor-widget elementor-widget-text-editor\" data-id=\"c5c5074\" data-element_type=\"widget\" data-e-type=\"widget\" data-widget_type=\"text-editor.default\">\n\t\t\t\t\t\t\t\t\t<h3><strong style=\"font-family: Mulish, sans-serif; font-size: 29px;\" data-start=\"1971\" data-end=\"2006\">\u00bfC\u00f3mo termin\u00f3 aquella rebeli\u00f3n?<\/strong><\/h3><p>El 3 de agosto de 1820 el comisionado Prudencio de C\u00f3zar entr\u00f3 en Totonicap\u00e1n \u201ccon m\u00e1s de 1,000 hombres\u201d. Hubo enfrentamientos con los pueblos sublevados y \u201calrededor de 42\u201d l\u00edderes fueron capturados, entre ellos Atanasio Tzul y Lucas Aguilar. Fueron azotados p\u00fablicamente y enviados presos a Quetzaltenango.<\/p><h3><strong data-start=\"2319\" data-end=\"2359\">\u00bfQu\u00e9 pas\u00f3 con Atanasio Tzul despu\u00e9s?<\/strong><\/h3><p>El proceso judicial contra los rebeldes nunca se concluy\u00f3. En 1821, Tzul y sus compa\u00f1eros solicitaron la gracia del perd\u00f3n: \u201cAtanasio Tzul, Lucas Aguilar y los otros acusados solicitaron la gracia del indulto el 25 de enero de 1821, y les fue concedida la libertad el 1\u00ba de marzo de 1821\u201d, relata la Historia General de Guatemala.\u00a0<\/p>\t\t\t\t\t\t\t\t<\/div>\n\t\t\t\t\t<\/div>\n\t\t\t\t<\/div>\n\t\t<div data-particle_enable=\"false\" data-particle-mobile-disabled=\"false\" class=\"elementor-element elementor-element-ebd61be e-flex e-con-boxed e-con e-parent\" data-id=\"ebd61be\" data-element_type=\"container\" data-e-type=\"container\">\n\t\t\t\t\t<div class=\"e-con-inner\">\n\t\t\t\t<div class=\"elementor-element elementor-element-22aa8a8 elementor-widget elementor-widget-video\" data-id=\"22aa8a8\" data-element_type=\"widget\" data-e-type=\"widget\" data-settings=\"{&quot;video_type&quot;:&quot;hosted&quot;,&quot;controls&quot;:&quot;yes&quot;}\" data-widget_type=\"video.default\">\n\t\t\t\t\t\t\t<div class=\"e-hosted-video elementor-wrapper elementor-open-inline\">\n\t\t\t\t\t<video class=\"elementor-video\" src=\"https:\/\/soymigrante.com\/revista\/wp-content\/uploads\/2025\/09\/atanasio-tzul.mp4\" controls=\"\" preload=\"metadata\" controlsList=\"nodownload\"><\/video>\n\t\t\t\t<\/div>\n\t\t\t\t\t\t<\/div>\n\t\t\t\t\t<\/div>\n\t\t\t\t<\/div>\n\t\t<div data-particle_enable=\"false\" data-particle-mobile-disabled=\"false\" class=\"elementor-element elementor-element-603d8d6 e-flex e-con-boxed e-con e-parent\" data-id=\"603d8d6\" data-element_type=\"container\" data-e-type=\"container\">\n\t\t\t\t\t<div class=\"e-con-inner\">\n\t\t\t\t<div class=\"elementor-element elementor-element-d84e77d elementor-widget elementor-widget-text-editor\" data-id=\"d84e77d\" data-element_type=\"widget\" data-e-type=\"widget\" data-widget_type=\"text-editor.default\">\n\t\t\t\t\t\t\t\t\t<h3><strong style=\"font-family: Mulish, sans-serif; font-size: 29px;\" data-start=\"2655\" data-end=\"2720\">\u00bfPor qu\u00e9 es importante la figura y simbolismo de Atanasio Tzul en la historia de Guatemala?<\/strong><\/h3>\n<p>La rebeli\u00f3n de Totonicap\u00e1n fue \u201cel \u00faltimo mot\u00edn documentado del per\u00edodo colonial\u201d y se recuerda porque logr\u00f3 unir a varios pueblos ind\u00edgenas en contra de un tributo considerado injusto.&nbsp;<\/p>\n<p>Atanasio Tzul, con su imagen de anciano de cabellos canos y su prestigio comunitario, encarn\u00f3 la dignidad y resistencia de los pueblos mayas frente al poder colonial, y por ello es recordado como precursor ind\u00edgena de la independencia.&nbsp; El monumento m\u00e1s famoso erigido a su memoria es la escultura del artista guatemalteco <a href=\"https:\/\/soymigrante.com\/revista\/arte-de-guatemala-artista-rodolfo-galeotti-quetzalteco-historia\/\">Rodolfo Galeotti Torres<\/a>, que se encuentra precisamente en Totonicap\u00e1n.&nbsp;<\/p>\t\t\t\t\t\t\t\t<\/div>\n\t\t\t\t\t<\/div>\n\t\t\t\t<\/div>\n\t\t<div data-particle_enable=\"false\" data-particle-mobile-disabled=\"false\" class=\"elementor-element elementor-element-6cfd034 e-flex e-con-boxed e-con e-parent\" data-id=\"6cfd034\" data-element_type=\"container\" data-e-type=\"container\">\n\t\t\t\t\t<div class=\"e-con-inner\">\n\t\t\t\t<div class=\"elementor-element elementor-element-ff1aca6 elementor-widget elementor-widget-image\" data-id=\"ff1aca6\" data-element_type=\"widget\" data-e-type=\"widget\" data-widget_type=\"image.default\">\n\t\t\t\t\t\t\t\t\t\t\t\t<figure class=\"wp-caption\">\n\t\t\t\t\t\t\t\t\t\t<img decoding=\"async\" width=\"413\" height=\"560\" src=\"https:\/\/soymigrante.com\/revista\/wp-content\/uploads\/2025\/09\/atanasio-tzul-galeotti-torres.png\" class=\"attachment-large size-large wp-image-44204\" alt=\"El artista guatemalteco Rodolfo Galeotti Torres esculpi\u00f3 un monumento a Atanasio Tzul, el cual se encuentra en Totonicap\u00e1n.\" srcset=\"https:\/\/soymigrante.com\/revista\/wp-content\/uploads\/2025\/09\/atanasio-tzul-galeotti-torres.png 413w, https:\/\/soymigrante.com\/revista\/wp-content\/uploads\/2025\/09\/atanasio-tzul-galeotti-torres-221x300.png 221w\" sizes=\"(max-width: 413px) 100vw, 413px\" title=\"El artista guatemalteco Rodolfo Galeotti Torres esculpi\u00f3 un monumento a Atanasio Tzul, el cual se encuentra en Totonicap\u00e1n. \u2013 SoyMigrante.com REVISTA\" \/>\t\t\t\t\t\t\t\t\t\t\t<figcaption class=\"widget-image-caption wp-caption-text\">El artista guatemalteco Rodolfo Galeotti Torres esculpi\u00f3 un monumento a Atanasio Tzul, como l\u00edder y precursor de la libertad, el cual se encuentra en Totonicap\u00e1n.<\/figcaption>\n\t\t\t\t\t\t\t\t\t\t<\/figure>\n\t\t\t\t\t\t\t\t\t<\/div>\n\t\t\t\t\t<\/div>\n\t\t\t\t<\/div>\n\t\t<div data-particle_enable=\"false\" data-particle-mobile-disabled=\"false\" class=\"elementor-element elementor-element-25f101e e-flex e-con-boxed e-con e-parent\" data-id=\"25f101e\" data-element_type=\"container\" data-e-type=\"container\">\n\t\t\t\t\t<div class=\"e-con-inner\">\n\t\t\t\t<div class=\"elementor-element elementor-element-356ed45 elementor-widget elementor-widget-heading\" data-id=\"356ed45\" data-element_type=\"widget\" data-e-type=\"widget\" data-widget_type=\"heading.default\">\n\t\t\t\t\t<h2 class=\"elementor-heading-title elementor-size-default\">H\u00e9roes y s\u00edmbolos guatemaltecos<\/h2>\t\t\t\t<\/div>\n\t\t\t\t\t<\/div>\n\t\t\t\t<\/div>\n\t\t<div data-particle_enable=\"false\" data-particle-mobile-disabled=\"false\" class=\"elementor-element elementor-element-3fdef39 e-flex e-con-boxed e-con e-parent\" data-id=\"3fdef39\" data-element_type=\"container\" data-e-type=\"container\">\n\t\t\t\t\t<div class=\"e-con-inner\">\n\t\t\t\t<div class=\"elementor-element elementor-element-7fd3a99 elementor-grid-eael-col-3 elementor-grid-tablet-eael-col-2 elementor-grid-mobile-eael-col-1 elementor-widget elementor-widget-eael-post-grid\" data-id=\"7fd3a99\" data-element_type=\"widget\" data-e-type=\"widget\" data-settings=\"{&quot;eael_post_grid_columns&quot;:&quot;eael-col-3&quot;,&quot;eael_post_grid_columns_tablet&quot;:&quot;eael-col-2&quot;,&quot;eael_post_grid_columns_mobile&quot;:&quot;eael-col-1&quot;}\" data-widget_type=\"eael-post-grid.default\">\n\t\t\t\t\t<div id=\"eael-post-grid-7fd3a99\" class=\"eael-post-grid-container\">\n            <div class=\"eael-post-grid eael-post-appender eael-post-appender-7fd3a99 eael-post-grid-style-one\" data-layout-mode=\"masonry\"><article class=\"eael-grid-post  eael-post-grid-column eael-pg-post-7188 category-guate-nuestra-simbolos-patrios-guate-nuestra\" data-id=\"7188\">\n        <div class=\"eael-grid-post-holder\">\n            <div class=\"eael-grid-post-holder-inner\"><div class=\"eael-entry-media\"><div class=\"eael-entry-overlay fade-in\"><i class=\"far fa-hand-pointer\" aria-hidden=\"true\"><\/i><a href=\"https:\/\/soymigrante.com\/revista\/tecun-uman-500-anos-del-heroe-nacional-de-guatemala\/\"><\/a><\/div><div class=\"eael-entry-thumbnail \">\n                <img loading=\"lazy\" decoding=\"async\" width=\"697\" height=\"697\" src=\"https:\/\/soymigrante.com\/revista\/wp-content\/uploads\/2024\/06\/tecuncito-1.webp\" class=\"attachment-large size-large wp-image-7189\" alt=\"Tecun Uman o Tec\u00fan Um\u00e1n, con tildes para el buscador. Es el h\u00e9roe nacional de Guatemala desde 1960. Muri\u00f3 en batalla en febrero de 1524 y su nombre se escribi\u00f3 por primera vez hacia 1550 en el T\u00edtulo Coyoy, documento ind\u00edgena. Imagen generada por IA\" srcset=\"https:\/\/soymigrante.com\/revista\/wp-content\/uploads\/2024\/06\/tecuncito-1.webp 697w, https:\/\/soymigrante.com\/revista\/wp-content\/uploads\/2024\/06\/tecuncito-1-300x300.webp 300w, https:\/\/soymigrante.com\/revista\/wp-content\/uploads\/2024\/06\/tecuncito-1-150x150.webp 150w, https:\/\/soymigrante.com\/revista\/wp-content\/uploads\/2024\/06\/tecuncito-1-75x75.webp 75w\" sizes=\"(max-width: 697px) 100vw, 697px\" \/>\n            <\/div>\n        <\/div><div class=\"eael-entry-wrapper\"><header class=\"eael-entry-header\"><h2 class=\"eael-entry-title\"><a class=\"eael-grid-post-link\" href=\"https:\/\/soymigrante.com\/revista\/tecun-uman-500-anos-del-heroe-nacional-de-guatemala\/\" title=\"\u00bfCu\u00e1ndo se conmemora el D\u00eda de Tec\u00fan Uman H\u00e9roe Nacional de Guatemala?\">\u00bfCu\u00e1ndo se conmemora el D\u00eda de Tec\u00fan Uman H\u00e9roe Nacional de Guatemala?<\/a><\/h2><\/header><div class=\"eael-entry-content\">\n                        <div class=\"eael-grid-post-excerpt\"><a href=\"https:\/\/soymigrante.com\/revista\/tecun-uman-500-anos-del-heroe-nacional-de-guatemala\/\" class=\"eael-post-elements-readmore-btn\">CONOCE SU HISTORIA <\/a><\/div>\n                    <\/div><\/div><\/div>\n        <\/div>\n    <\/article><article class=\"eael-grid-post  eael-post-grid-column eael-pg-post-5083 category-guate-nuestra\" data-id=\"5083\">\n        <div class=\"eael-grid-post-holder\">\n            <div class=\"eael-grid-post-holder-inner\"><div class=\"eael-entry-media\"><div class=\"eael-entry-overlay fade-in\"><i class=\"far fa-hand-pointer\" aria-hidden=\"true\"><\/i><a href=\"https:\/\/soymigrante.com\/revista\/silla-de-atanasio-tzul-es-simbolo-de-dignidad-y-libertad\/\"><\/a><\/div><div class=\"eael-entry-thumbnail \">\n                <img loading=\"lazy\" decoding=\"async\" width=\"789\" height=\"672\" src=\"https:\/\/soymigrante.com\/revista\/wp-content\/uploads\/2024\/02\/atas.webp\" class=\"attachment-large size-large wp-image-5113\" alt=\"\" srcset=\"https:\/\/soymigrante.com\/revista\/wp-content\/uploads\/2024\/02\/atas.webp 789w, https:\/\/soymigrante.com\/revista\/wp-content\/uploads\/2024\/02\/atas-300x256.webp 300w, https:\/\/soymigrante.com\/revista\/wp-content\/uploads\/2024\/02\/atas-768x654.webp 768w, https:\/\/soymigrante.com\/revista\/wp-content\/uploads\/2024\/02\/atas-750x639.webp 750w\" sizes=\"(max-width: 789px) 100vw, 789px\" \/>\n            <\/div>\n        <\/div><div class=\"eael-entry-wrapper\"><header class=\"eael-entry-header\"><h2 class=\"eael-entry-title\"><a class=\"eael-grid-post-link\" href=\"https:\/\/soymigrante.com\/revista\/silla-de-atanasio-tzul-es-simbolo-de-dignidad-y-libertad\/\" title=\"La silla de Atanasio Tzul es s\u00edmbolo de dignidad, resiliencia y libertad\">La silla de Atanasio Tzul es s\u00edmbolo de dignidad, resiliencia y libertad<\/a><\/h2><\/header><div class=\"eael-entry-content\">\n                        <div class=\"eael-grid-post-excerpt\"><a href=\"https:\/\/soymigrante.com\/revista\/silla-de-atanasio-tzul-es-simbolo-de-dignidad-y-libertad\/\" class=\"eael-post-elements-readmore-btn\">CONOCE SU HISTORIA <\/a><\/div>\n                    <\/div><\/div><\/div>\n        <\/div>\n    <\/article><article class=\"eael-grid-post  eael-post-grid-column eael-pg-post-827 category-guate-nuestra-simbolos-patrios-guate-nuestra\" data-id=\"827\">\n        <div class=\"eael-grid-post-holder\">\n            <div class=\"eael-grid-post-holder-inner\"><div class=\"eael-entry-media\"><div class=\"eael-entry-overlay fade-in\"><i class=\"far fa-hand-pointer\" aria-hidden=\"true\"><\/i><a href=\"https:\/\/soymigrante.com\/revista\/10-datos-del-quetzal-que-tal-vez-ya-conocias-o-quiza-no\/\"><\/a><\/div><div class=\"eael-entry-thumbnail \">\n                <img loading=\"lazy\" decoding=\"async\" width=\"1024\" height=\"745\" src=\"https:\/\/soymigrante.com\/revista\/wp-content\/uploads\/2023\/03\/soy-migrante-quetzal-alimenta-se-ve-pichon-credito-ottoniel-cojulun-1024x745.jpg\" class=\"attachment-large size-large wp-image-625\" alt=\"Foto: Ottoniel Cojul\u00fan\" srcset=\"https:\/\/soymigrante.com\/revista\/wp-content\/uploads\/2023\/03\/soy-migrante-quetzal-alimenta-se-ve-pichon-credito-ottoniel-cojulun-1024x745.jpg 1024w, https:\/\/soymigrante.com\/revista\/wp-content\/uploads\/2023\/03\/soy-migrante-quetzal-alimenta-se-ve-pichon-credito-ottoniel-cojulun-300x218.webp 300w, https:\/\/soymigrante.com\/revista\/wp-content\/uploads\/2023\/03\/soy-migrante-quetzal-alimenta-se-ve-pichon-credito-ottoniel-cojulun-768x558.jpg 768w, https:\/\/soymigrante.com\/revista\/wp-content\/uploads\/2023\/03\/soy-migrante-quetzal-alimenta-se-ve-pichon-credito-ottoniel-cojulun-1536x1117.jpg 1536w, https:\/\/soymigrante.com\/revista\/wp-content\/uploads\/2023\/03\/soy-migrante-quetzal-alimenta-se-ve-pichon-credito-ottoniel-cojulun-120x86.webp 120w, https:\/\/soymigrante.com\/revista\/wp-content\/uploads\/2023\/03\/soy-migrante-quetzal-alimenta-se-ve-pichon-credito-ottoniel-cojulun-750x545.webp 750w, https:\/\/soymigrante.com\/revista\/wp-content\/uploads\/2023\/03\/soy-migrante-quetzal-alimenta-se-ve-pichon-credito-ottoniel-cojulun-1140x829.jpg 1140w, https:\/\/soymigrante.com\/revista\/wp-content\/uploads\/2023\/03\/soy-migrante-quetzal-alimenta-se-ve-pichon-credito-ottoniel-cojulun.webp 1920w\" sizes=\"(max-width: 1024px) 100vw, 1024px\" \/>\n            <\/div>\n        <\/div><div class=\"eael-entry-wrapper\"><header class=\"eael-entry-header\"><h2 class=\"eael-entry-title\"><a class=\"eael-grid-post-link\" href=\"https:\/\/soymigrante.com\/revista\/10-datos-del-quetzal-que-tal-vez-ya-conocias-o-quiza-no\/\" title=\"\u00bfEn d\u00f3nde habita el Quetzal?&#8230; y otras 10 preguntas sobre el ave s\u00edmbolo de Guatemala\">\u00bfEn d\u00f3nde habita el Quetzal?&#8230; y otras 10 preguntas sobre el ave s\u00edmbolo de Guatemala<\/a><\/h2><\/header><div class=\"eael-entry-content\">\n                        <div class=\"eael-grid-post-excerpt\"><a href=\"https:\/\/soymigrante.com\/revista\/10-datos-del-quetzal-que-tal-vez-ya-conocias-o-quiza-no\/\" class=\"eael-post-elements-readmore-btn\">CONOCE SU HISTORIA <\/a><\/div>\n                    <\/div><\/div><\/div>\n        <\/div>\n    <\/article><\/div>\n            <div class=\"clearfix\"><\/div>\n        <\/div>\t\t\t\t<\/div>\n\t\t\t\t\t<\/div>\n\t\t\t\t<\/div>\n\t\t\t\t<\/div>\n\t\t","protected":false},"excerpt":{"rendered":"<p>\u00bfQui\u00e9n era Atanasio Tzul? \u00bfPor qu\u00e9 se convirti\u00f3 en l\u00edder de un movimiento en Totonicap\u00e1n en 1820? \u00bfQu\u00e9 comunidades se unieron? Esta y otras respuestas, aqu\u00ed. El 11 de julio de 1820 se produjo un movimiento ind\u00edgena en contra de tributos que&nbsp; ya se hab\u00edan eliminado pero que el gobierno colonial intent\u00f3 reinstaurar. Al frente [&hellip;]<\/p>\n","protected":false},"author":7,"featured_media":44197,"comment_status":"open","ping_status":"open","sticky":false,"template":"","format":"standard","meta":{"_acf_changed":false,"_eb_attr":"","footnotes":""},"categories":[58],"tags":[],"class_list":["post-44196","post","type-post","status-publish","format-standard","has-post-thumbnail","hentry","category-guate-nuestra"],"acf":[],"aioseo_notices":[],"aioseo_head":"\n\t\t<!-- All in One SEO Pro 4.9.6.2 - aioseo.com -->\n\t<meta name=\"description\" content=\"El Quetzal es s\u00edmbolo patrio de Guatemala. \u00bfC\u00f3mo se llama el ave nacional de Guatemala en idioma maya? \u00bfDe d\u00f3nde viene la palabra quetzal=\" \/>\n\t<meta name=\"robots\" content=\"max-snippet:-1, max-image-preview:large, max-video-preview:-1\" \/>\n\t<meta name=\"author\" content=\"Gustavo Montenegro\"\/>\n\t<link rel=\"canonical\" href=\"https:\/\/soymigrante.com\/revista\/10-datos-del-quetzal-que-tal-vez-ya-conocias-o-quiza-no\/\" \/>\n\t<meta name=\"generator\" content=\"All in One SEO Pro (AIOSEO) 4.9.6.2\" \/>\n\n\t\t<link rel=\"preconnect\" href=\"https:\/\/fonts.googleapis.com\" crossorigin>\n<link rel=\"preconnect\" href=\"https:\/\/fonts.gstatic.com\" crossorigin>\n\t\t<meta property=\"og:locale\" content=\"es_ES\" \/>\n\t\t<meta property=\"og:site_name\" content=\"SoyMigrante.com REVISTA \u2013 Nuestra misi\u00f3n es reconocer y dignificar al migrante.\" \/>\n\t\t<meta property=\"og:type\" content=\"article\" \/>\n\t\t<meta property=\"og:title\" content=\"\u00bfEn d\u00f3nde habita el Quetzal?\u2026 y otras 10 preguntas sobre el ave s\u00edmbolo de Guatemala\" \/>\n\t\t<meta property=\"og:description\" content=\"\u00bfC\u00f3mo se llama el ave nacional de Guatemala y de donde proviene su nombre? \u00bfDesde cu\u00e1ndo el Quetzal es s\u00edmbolo patrio? \u00bfDonde habita? Estas y otras respuestas aqu\u00ed. \u00bfC\u00f3mo se llama el ave nacional de Guatemala? Se llama Quetzal y aunque fue una especie de gran importancia en tiempos prehisp\u00e1nicos, solo fue reportado cient\u00edficamente hasta\" \/>\n\t\t<meta property=\"og:url\" content=\"https:\/\/soymigrante.com\/revista\/10-datos-del-quetzal-que-tal-vez-ya-conocias-o-quiza-no\/\" \/>\n\t\t<meta property=\"og:image\" content=\"https:\/\/soymigrante.com\/revista\/wp-content\/uploads\/2025\/09\/atanasio-tzul-totonicapan-2.png\" \/>\n\t\t<meta property=\"og:image:secure_url\" content=\"https:\/\/soymigrante.com\/revista\/wp-content\/uploads\/2025\/09\/atanasio-tzul-totonicapan-2.png\" \/>\n\t\t<meta property=\"og:image:width\" content=\"539\" \/>\n\t\t<meta property=\"og:image:height\" content=\"539\" \/>\n\t\t<meta property=\"article:published_time\" content=\"2025-09-10T15:00:00+00:00\" \/>\n\t\t<meta property=\"article:modified_time\" content=\"2025-09-11T22:17:44+00:00\" \/>\n\t\t<meta property=\"article:publisher\" content=\"https:\/\/www.facebook.com\/soymigrantecom\" \/>\n\t\t<meta name=\"twitter:card\" content=\"summary_large_image\" \/>\n\t\t<meta name=\"twitter:site\" content=\"@SoyMigrante_com\" \/>\n\t\t<meta name=\"twitter:title\" content=\"\u00bfQui\u00e9n fue Atanasio Tzul y porqu\u00e9 es s\u00edmbolo de libertad?\" \/>\n\t\t<meta name=\"twitter:description\" content=\"Descubre la historia de Atanasio Tzul, l\u00edder k\u2019iche\u2019, que desafi\u00f3 tributos coloniales en 1820 en Totonicap\u00e1n. \u00bfQu\u00e9 edad ten\u00eda? \u00bfC\u00f3mo era f\u00edsicamente?\" \/>\n\t\t<meta name=\"twitter:creator\" content=\"@SoyMigrante_com\" \/>\n\t\t<meta name=\"twitter:image\" content=\"https:\/\/soymigrante.com\/revista\/wp-content\/uploads\/2025\/09\/atanasio-tzul-totonicapan-2.png\" \/>\n\t\t<!-- All in One SEO Pro -->\r\n\t\t<title>\u00bfQui\u00e9n fue Atanasio Tzul y porqu\u00e9 es s\u00edmbolo de libertad?<\/title>\n\n","aioseo_head_json":{"title":"\u00bfQui\u00e9n fue Atanasio Tzul y porqu\u00e9 es s\u00edmbolo de libertad?","description":"Descubre la historia de Atanasio Tzul, l\u00edder k\u2019iche\u2019, que desafi\u00f3 tributos coloniales en 1820 en Totonicap\u00e1n. \u00bfQu\u00e9 edad ten\u00eda? \u00bfC\u00f3mo era f\u00edsicamente?","canonical_url":"https:\/\/soymigrante.com\/revista\/10-datos-del-quetzal-que-tal-vez-ya-conocias-o-quiza-no\/","robots":"max-snippet:-1, max-image-preview:large, max-video-preview:-1","keywords":"","webmasterTools":{"miscellaneous":"&lt;link rel=\"preconnect\" href=\"https:\/\/fonts.googleapis.com\" crossorigin&gt;\n&lt;link rel=\"preconnect\" href=\"https:\/\/fonts.gstatic.com\" crossorigin&gt;"},"schema":null,"og:locale":"es_ES","og:site_name":"SoyMigrante.com REVISTA \u2013 Nuestra misi\u00f3n es reconocer y dignificar al migrante.","og:type":"article","og:title":"\u00bfQui\u00e9n fue Atanasio Tzul y porqu\u00e9 es s\u00edmbolo de libertad?","og:description":"Descubre la historia de Atanasio Tzul, l\u00edder k\u2019iche\u2019, que desafi\u00f3 tributos coloniales en 1820 en Totonicap\u00e1n. \u00bfQu\u00e9 edad ten\u00eda? \u00bfC\u00f3mo era f\u00edsicamente?","og:url":"https:\/\/soymigrante.com\/revista\/10-datos-del-quetzal-que-tal-vez-ya-conocias-o-quiza-no\/","og:image":"https:\/\/soymigrante.com\/revista\/wp-content\/uploads\/2025\/09\/atanasio-tzul-totonicapan-2.png","og:image:secure_url":"https:\/\/soymigrante.com\/revista\/wp-content\/uploads\/2025\/09\/atanasio-tzul-totonicapan-2.png","og:image:width":539,"og:image:height":539,"article:published_time":"2025-09-10T15:00:00+00:00","article:modified_time":"2025-09-11T22:17:44+00:00","article:publisher":"https:\/\/www.facebook.com\/soymigrantecom","twitter:card":"summary_large_image","twitter:site":"@SoyMigrante_com","twitter:title":"\u00bfQui\u00e9n fue Atanasio Tzul y porqu\u00e9 es s\u00edmbolo de libertad?","twitter:description":"Descubre la historia de Atanasio Tzul, l\u00edder k\u2019iche\u2019, que desafi\u00f3 tributos coloniales en 1820 en Totonicap\u00e1n. \u00bfQu\u00e9 edad ten\u00eda? \u00bfC\u00f3mo era f\u00edsicamente?","twitter:creator":"@SoyMigrante_com","twitter:image":"https:\/\/soymigrante.com\/revista\/wp-content\/uploads\/2025\/09\/atanasio-tzul-totonicapan-2.png"},"aioseo_meta_data":{"post_id":"44196","title":"\u00bfQui\u00e9n fue Atanasio Tzul y porqu\u00e9 es s\u00edmbolo de libertad?","description":"Descubre la historia de Atanasio Tzul, l\u00edder k\u2019iche\u2019, que desafi\u00f3 tributos coloniales en 1820 en Totonicap\u00e1n. \u00bfQu\u00e9 edad ten\u00eda? \u00bfC\u00f3mo era f\u00edsicamente?","keywords":null,"keyphrases":{"focus":{"keyphrase":"Atanasio Tzul","score":100,"analysis":{"keyphraseInTitle":{"score":9,"maxScore":9,"error":0},"keyphraseInDescription":{"score":9,"maxScore":9,"error":0},"keyphraseLength":{"score":9,"maxScore":9,"error":0,"length":2},"keyphraseInURL":{"score":5,"maxScore":5,"error":0},"keyphraseInIntroduction":{"score":9,"maxScore":9,"error":0},"keyphraseInSubHeadings":{"score":9,"maxScore":9,"error":0},"keyphraseInImageAlt":{"score":9,"maxScore":9,"error":0},"keywordDensity":{"type":"best","score":9,"maxScore":9,"error":0}}},"additional":[{"keyphrase":"Totonicap\u00e1n","score":100,"analysis":{"keyphraseInDescription":{"score":9,"maxScore":9,"error":0},"keyphraseLength":{"score":9,"maxScore":9,"error":0,"length":2},"keyphraseInIntroduction":{"score":9,"maxScore":9,"error":0},"keyphraseInImageAlt":{"score":9,"maxScore":9,"error":0},"keywordDensity":{"type":"best","score":9,"maxScore":9,"error":0}}}]},"primary_term":null,"canonical_url":null,"og_title":null,"og_description":null,"og_object_type":"default","og_image_type":"default","og_image_url":null,"og_image_width":null,"og_image_height":null,"og_image_custom_url":null,"og_image_custom_fields":null,"og_video":"","og_custom_url":null,"og_article_section":null,"og_article_tags":null,"twitter_use_og":false,"twitter_card":"default","twitter_image_type":"default","twitter_image_url":null,"twitter_image_custom_url":null,"twitter_image_custom_fields":null,"twitter_title":null,"twitter_description":null,"schema":{"blockGraphs":[],"customGraphs":[],"default":{"data":{"Article":[],"Course":[],"Dataset":[],"FAQPage":[],"Movie":[],"Person":[],"Product":[],"ProductReview":[],"Car":[],"Recipe":[],"Service":[],"SoftwareApplication":[],"WebPage":[]},"graphName":"none","isEnabled":true},"graphs":[]},"schema_type":"default","schema_type_options":null,"pillar_content":false,"robots_default":true,"robots_noindex":false,"robots_noarchive":false,"robots_nosnippet":false,"robots_nofollow":false,"robots_noimageindex":false,"robots_noodp":false,"robots_notranslate":false,"robots_max_snippet":"-1","robots_max_videopreview":"-1","robots_max_imagepreview":"large","priority":null,"frequency":"default","local_seo":null,"seo_analyzer_scan_date":"2025-10-09 08:26:44","breadcrumb_settings":null,"limit_modified_date":false,"reviewed_by":"0","open_ai":null,"ai":{"faqs":[],"keyPoints":[],"titles":[],"descriptions":[],"socialPosts":{"email":[],"linkedin":[],"twitter":[],"facebook":[],"instagram":[]}},"created":"2025-09-10 05:31:30","updated":"2026-02-05 04:42:26"},"aioseo_breadcrumb":"<div class=\"aioseo-breadcrumbs\"><span class=\"aioseo-breadcrumb\">\n\t<a href=\"https:\/\/soymigrante.com\/revista\" title=\"Home\">Home<\/a>\n<\/span><span class=\"aioseo-breadcrumb-separator\">\u00bb<\/span><span class=\"aioseo-breadcrumb\">\n\t<a href=\"https:\/\/soymigrante.com\/revista\/category\/guate-nuestra\/\" title=\"Guate Nuestra\">Guate Nuestra<\/a>\n<\/span><span class=\"aioseo-breadcrumb-separator\">\u00bb<\/span><span class=\"aioseo-breadcrumb\">\n\tAtanasio Tzul \u00bfSabes por qu\u00e9 se convirti\u00f3 en s\u00edmbolo de libertad?\n<\/span><\/div>","aioseo_breadcrumb_json":[{"label":"Home","link":"https:\/\/soymigrante.com\/revista"},{"label":"Guate Nuestra","link":"https:\/\/soymigrante.com\/revista\/category\/guate-nuestra\/"},{"label":"Atanasio Tzul \u00bfSabes por qu\u00e9 se convirti\u00f3 en s\u00edmbolo de libertad?","link":"https:\/\/soymigrante.com\/revista\/atanasio-tzul-sabes-por-que-se-convirtio-en-simbolo-de-libertad\/"}],"_links":{"self":[{"href":"https:\/\/soymigrante.com\/revista\/wp-json\/wp\/v2\/posts\/44196","targetHints":{"allow":["GET"]}}],"collection":[{"href":"https:\/\/soymigrante.com\/revista\/wp-json\/wp\/v2\/posts"}],"about":[{"href":"https:\/\/soymigrante.com\/revista\/wp-json\/wp\/v2\/types\/post"}],"author":[{"embeddable":true,"href":"https:\/\/soymigrante.com\/revista\/wp-json\/wp\/v2\/users\/7"}],"replies":[{"embeddable":true,"href":"https:\/\/soymigrante.com\/revista\/wp-json\/wp\/v2\/comments?post=44196"}],"version-history":[{"count":11,"href":"https:\/\/soymigrante.com\/revista\/wp-json\/wp\/v2\/posts\/44196\/revisions"}],"predecessor-version":[{"id":44483,"href":"https:\/\/soymigrante.com\/revista\/wp-json\/wp\/v2\/posts\/44196\/revisions\/44483"}],"wp:featuredmedia":[{"embeddable":true,"href":"https:\/\/soymigrante.com\/revista\/wp-json\/wp\/v2\/media\/44197"}],"wp:attachment":[{"href":"https:\/\/soymigrante.com\/revista\/wp-json\/wp\/v2\/media?parent=44196"}],"wp:term":[{"taxonomy":"category","embeddable":true,"href":"https:\/\/soymigrante.com\/revista\/wp-json\/wp\/v2\/categories?post=44196"},{"taxonomy":"post_tag","embeddable":true,"href":"https:\/\/soymigrante.com\/revista\/wp-json\/wp\/v2\/tags?post=44196"}],"curies":[{"name":"wp","href":"https:\/\/api.w.org\/{rel}","templated":true}]}}