{"id":4416,"date":"2024-01-15T12:11:10","date_gmt":"2024-01-15T18:11:10","guid":{"rendered":"https:\/\/soymigrante.com\/revista\/?p=4416"},"modified":"2024-11-01T11:54:05","modified_gmt":"2024-11-01T17:54:05","slug":"guatemala-migrantes-crisis-politica-golpe-finaliza-asume-bernardo-arevalo","status":"publish","type":"post","link":"https:\/\/soymigrante.com\/revista\/guatemala-migrantes-crisis-politica-golpe-finaliza-asume-bernardo-arevalo\/","title":{"rendered":"EDITORIAL: Una sola Guatemala, dentro y fuera del pa\u00eds, defendi\u00f3 su democracia"},"content":{"rendered":"\t\t<div data-elementor-type=\"wp-post\" data-elementor-id=\"4416\" class=\"elementor elementor-4416\" data-elementor-post-type=\"post\">\n\t\t\t\t\t\t<section data-particle_enable=\"false\" data-particle-mobile-disabled=\"false\" class=\"elementor-section elementor-top-section elementor-element elementor-element-49e569a elementor-section-boxed elementor-section-height-default elementor-section-height-default\" data-id=\"49e569a\" data-element_type=\"section\" data-e-type=\"section\">\n\t\t\t\t\t\t<div class=\"elementor-container elementor-column-gap-default\">\n\t\t\t\t\t<div class=\"elementor-column elementor-col-100 elementor-top-column elementor-element elementor-element-1ccbb86\" data-id=\"1ccbb86\" data-element_type=\"column\" data-e-type=\"column\">\n\t\t\t<div class=\"elementor-widget-wrap elementor-element-populated\">\n\t\t\t\t\t\t<div class=\"elementor-element elementor-element-2a63371 elementor-widget elementor-widget-heading\" data-id=\"2a63371\" data-element_type=\"widget\" data-e-type=\"widget\" data-widget_type=\"heading.default\">\n\t\t\t\t\t<h1 class=\"elementor-heading-title elementor-size-default\">Durante meses migrantes guatemaltecos en EE.UU. hicieron historia al sumarse  a la exigencia de respeto a la democracia, desde diversos Estados: merecen que el nuevo gobierno tambi\u00e9n priorice la atenci\u00f3n de sus necesidades ciudadanas.<\/h1>\t\t\t\t<\/div>\n\t\t\t\t\t<\/div>\n\t\t<\/div>\n\t\t\t\t\t<\/div>\n\t\t<\/section>\n\t\t\t\t<section data-particle_enable=\"false\" data-particle-mobile-disabled=\"false\" class=\"elementor-section elementor-top-section elementor-element elementor-element-4e697fe elementor-section-boxed elementor-section-height-default elementor-section-height-default\" data-id=\"4e697fe\" data-element_type=\"section\" data-e-type=\"section\">\n\t\t\t\t\t\t<div class=\"elementor-container elementor-column-gap-default\">\n\t\t\t\t\t<div class=\"elementor-column elementor-col-100 elementor-top-column elementor-element elementor-element-1fc9b15\" data-id=\"1fc9b15\" data-element_type=\"column\" data-e-type=\"column\">\n\t\t\t<div class=\"elementor-widget-wrap elementor-element-populated\">\n\t\t\t\t\t\t<div class=\"elementor-element elementor-element-de9110d elementor-widget elementor-widget-image\" data-id=\"de9110d\" data-element_type=\"widget\" data-e-type=\"widget\" data-widget_type=\"image.default\">\n\t\t\t\t\t\t\t\t\t\t\t\t<figure class=\"wp-caption\">\n\t\t\t\t\t\t\t\t\t\t<img fetchpriority=\"high\" decoding=\"async\" width=\"768\" height=\"437\" src=\"https:\/\/soymigrante.com\/revista\/wp-content\/uploads\/2023\/10\/megavision-canal-5-1024x583.webp\" class=\"attachment-large size-large wp-image-2790\" alt=\"El canto del himno nacional frente a la bandera de Guatemala fue el inicio de esta protesta pac\u00edfica de migrantes en contra del acoso a la democracia en el pa\u00eds.\" srcset=\"https:\/\/soymigrante.com\/revista\/wp-content\/uploads\/2023\/10\/megavision-canal-5-1024x583.webp 1024w, https:\/\/soymigrante.com\/revista\/wp-content\/uploads\/2023\/10\/megavision-canal-5-300x171.webp 300w, https:\/\/soymigrante.com\/revista\/wp-content\/uploads\/2023\/10\/megavision-canal-5-768x437.webp 768w, https:\/\/soymigrante.com\/revista\/wp-content\/uploads\/2023\/10\/megavision-canal-5-750x427.webp 750w, https:\/\/soymigrante.com\/revista\/wp-content\/uploads\/2023\/10\/megavision-canal-5-1140x649.webp 1140w, https:\/\/soymigrante.com\/revista\/wp-content\/uploads\/2023\/10\/megavision-canal-5.webp 1251w\" sizes=\"(max-width: 768px) 100vw, 768px\" title=\"El canto del himno nacional frente a la bandera de Guatemala fue el inicio de esta protesta pac\u00edfica de migrantes en contra del acoso a la democracia en el pa\u00eds. \u2013 SoyMigrante.com REVISTA\" \/>\t\t\t\t\t\t\t\t\t\t\t<figcaption class=\"widget-image-caption wp-caption-text\">El canto del himno nacional frente a la bandera de Guatemala fue el inicio de esta protesta pac\u00edfica de migrantes en contra del acoso a la democracia en el pa\u00eds.<\/figcaption>\n\t\t\t\t\t\t\t\t\t\t<\/figure>\n\t\t\t\t\t\t\t\t\t<\/div>\n\t\t\t\t\t<\/div>\n\t\t<\/div>\n\t\t\t\t\t<\/div>\n\t\t<\/section>\n\t\t\t\t<section data-particle_enable=\"false\" data-particle-mobile-disabled=\"false\" class=\"elementor-section elementor-top-section elementor-element elementor-element-e5d5ff3 elementor-section-boxed elementor-section-height-default elementor-section-height-default\" data-id=\"e5d5ff3\" data-element_type=\"section\" data-e-type=\"section\">\n\t\t\t\t\t\t<div class=\"elementor-container elementor-column-gap-default\">\n\t\t\t\t\t<div class=\"elementor-column elementor-col-100 elementor-top-column elementor-element elementor-element-519425e\" data-id=\"519425e\" data-element_type=\"column\" data-e-type=\"column\">\n\t\t\t<div class=\"elementor-widget-wrap elementor-element-populated\">\n\t\t\t\t\t\t<div class=\"elementor-element elementor-element-19b50e5 elementor-widget elementor-widget-text-editor\" data-id=\"19b50e5\" data-element_type=\"widget\" data-e-type=\"widget\" data-widget_type=\"text-editor.default\">\n\t\t\t\t\t\t\t\t\t<p>La democracia guatemalteca estuvo al borde del abismo de una dictadura de corrupci\u00f3n\u00a0 y pactos oscuros. Los ataques contra los resultados electorales pusieron en riesgo los principios constitucionales del Estado de Derecho. Pero prevaleci\u00f3 la gallard\u00eda del pueblo de Guatemala: dentro y fuera del territorio nacional.\u00a0<\/p><p>Los migrantes guatemaltecos radicados en Estados Unidos, quienes aportan una quinta parte de la econom\u00eda nacional a trav\u00e9s de sus remesas, se expresaron pac\u00edficamente para demandar respeto a los resultados electorales.\u00a0 Frente a la Embajada en Washington o frente a consulados guatemaltecos, hicieron ondear banderas, entonaron el himno nacional, mostraron mantas y pancartas para rechazar el autoritarismo de funcionarios desbocados.<\/p>\t\t\t\t\t\t\t\t<\/div>\n\t\t\t\t\t<\/div>\n\t\t<\/div>\n\t\t\t\t\t<\/div>\n\t\t<\/section>\n\t\t\t\t<section data-particle_enable=\"false\" data-particle-mobile-disabled=\"false\" class=\"elementor-section elementor-top-section elementor-element elementor-element-085d233 elementor-section-boxed elementor-section-height-default elementor-section-height-default\" data-id=\"085d233\" data-element_type=\"section\" data-e-type=\"section\">\n\t\t\t\t\t\t<div class=\"elementor-container elementor-column-gap-default\">\n\t\t\t\t\t<div class=\"elementor-column elementor-col-100 elementor-top-column elementor-element elementor-element-ef04a90\" data-id=\"ef04a90\" data-element_type=\"column\" data-e-type=\"column\">\n\t\t\t<div class=\"elementor-widget-wrap elementor-element-populated\">\n\t\t\t\t\t\t<div class=\"elementor-element elementor-element-3e23217 elementor-widget elementor-widget-image\" data-id=\"3e23217\" data-element_type=\"widget\" data-e-type=\"widget\" data-widget_type=\"image.default\">\n\t\t\t\t\t\t\t\t\t\t\t\t\t\t\t<img decoding=\"async\" width=\"768\" height=\"620\" src=\"https:\/\/soymigrante.com\/revista\/wp-content\/uploads\/2024\/01\/pareja-quetzal-1024x827.webp\" class=\"attachment-large size-large wp-image-4420\" alt=\"\" srcset=\"https:\/\/soymigrante.com\/revista\/wp-content\/uploads\/2024\/01\/pareja-quetzal-1024x827.webp 1024w, https:\/\/soymigrante.com\/revista\/wp-content\/uploads\/2024\/01\/pareja-quetzal-300x242.webp 300w, https:\/\/soymigrante.com\/revista\/wp-content\/uploads\/2024\/01\/pareja-quetzal-768x620.webp 768w, https:\/\/soymigrante.com\/revista\/wp-content\/uploads\/2024\/01\/pareja-quetzal-1536x1240.webp 1536w, https:\/\/soymigrante.com\/revista\/wp-content\/uploads\/2024\/01\/pareja-quetzal-750x605.webp 750w, https:\/\/soymigrante.com\/revista\/wp-content\/uploads\/2024\/01\/pareja-quetzal-1140x920.webp 1140w, https:\/\/soymigrante.com\/revista\/wp-content\/uploads\/2024\/01\/pareja-quetzal.webp 1566w\" sizes=\"(max-width: 768px) 100vw, 768px\" title=\"Mural del Quetzal en el Museo de Aves de Oxnard, California, el cual est\u00e1 bajo la direcci\u00f3n del bi\u00f3logo y migrante guatemalteco Ren\u00e9 Corado. \u2013 SoyMigrante.com REVISTA\" \/>\t\t\t\t\t\t\t\t\t\t\t\t\t\t\t<\/div>\n\t\t\t\t\t<\/div>\n\t\t<\/div>\n\t\t\t\t\t<\/div>\n\t\t<\/section>\n\t\t\t\t<section data-particle_enable=\"false\" data-particle-mobile-disabled=\"false\" class=\"elementor-section elementor-top-section elementor-element elementor-element-7729206 elementor-section-boxed elementor-section-height-default elementor-section-height-default\" data-id=\"7729206\" data-element_type=\"section\" data-e-type=\"section\">\n\t\t\t\t\t\t<div class=\"elementor-container elementor-column-gap-default\">\n\t\t\t\t\t<div class=\"elementor-column elementor-col-100 elementor-top-column elementor-element elementor-element-863a868\" data-id=\"863a868\" data-element_type=\"column\" data-e-type=\"column\">\n\t\t\t<div class=\"elementor-widget-wrap elementor-element-populated\">\n\t\t\t\t\t\t<div class=\"elementor-element elementor-element-0d78ca0 elementor-widget elementor-widget-text-editor\" data-id=\"0d78ca0\" data-element_type=\"widget\" data-e-type=\"widget\" data-widget_type=\"text-editor.default\">\n\t\t\t\t\t\t\t\t\t<p>La democracia guatemalteca estuvo al borde del abismo de una dictadura de corrupci\u00f3n\u00a0 y pactos oscuros. Los ataques contra los resultados electorales pusieron en riesgo los principios constitucionales del Estado de Derecho. Pero prevaleci\u00f3 la gallard\u00eda del pueblo de Guatemala: dentro y fuera del territorio nacional.\u00a0<\/p><p>Los migrantes guatemaltecos radicados en Estados Unidos, quienes aportan una quinta parte de la econom\u00eda nacional a trav\u00e9s de sus remesas, se expresaron pac\u00edficamente para demandar respeto a los resultados electorales.\u00a0 Frente a la Embajada en Washington o frente a consulados guatemaltecos, hicieron ondear banderas, entonaron el himno nacional, mostraron mantas y pancartas para rechazar el autoritarismo de funcionarios desbocados.<\/p><p>Est\u00e1n lejos de su tierra, pero la llevan en el alma. Trabajan duro en largos horarios, con climas extremos, desempe\u00f1ando dos y tres empleos por esa misma raz\u00f3n: aqu\u00ed en Guatemala est\u00e1n sus seres queridos que son la raz\u00f3n de su esfuerzo.<\/p><p>Son una verg\u00fcenza los p\u00e9simos desempe\u00f1os de diputados que han utilizado la plataforma migrante como veh\u00edculo para sus ambiciones mezquinas. Se han aprovechado de sus compatriotas y no han impulsado mayor mejora en los servicios de identificaci\u00f3n, auxilio legal o defensa de derechos. Lo mismo vale decir del llamado Consejo Nacional de Atenci\u00f3n al Migrante, Conamigua, en el cual se nombr\u00f3 subdirector a un exdiputado que ni siquiera tiene visa para entrar a los Estados Unidos, debido a sanciones impuestas por atentar contra la democracia.\u00a0\u00a0<\/p>\t\t\t\t\t\t\t\t<\/div>\n\t\t\t\t\t<\/div>\n\t\t<\/div>\n\t\t\t\t\t<\/div>\n\t\t<\/section>\n\t\t\t\t<section data-particle_enable=\"false\" data-particle-mobile-disabled=\"false\" class=\"elementor-section elementor-top-section elementor-element elementor-element-03065fe elementor-section-boxed elementor-section-height-default elementor-section-height-default\" data-id=\"03065fe\" data-element_type=\"section\" data-e-type=\"section\">\n\t\t\t\t\t\t<div class=\"elementor-container elementor-column-gap-default\">\n\t\t\t\t\t<div class=\"elementor-column elementor-col-100 elementor-top-column elementor-element elementor-element-954f860\" data-id=\"954f860\" data-element_type=\"column\" data-e-type=\"column\">\n\t\t\t<div class=\"elementor-widget-wrap elementor-element-populated\">\n\t\t\t\t\t\t<div class=\"elementor-element elementor-element-ac04247 elementor-widget elementor-widget-image\" data-id=\"ac04247\" data-element_type=\"widget\" data-e-type=\"widget\" data-widget_type=\"image.default\">\n\t\t\t\t\t\t\t\t\t\t\t\t<figure class=\"wp-caption\">\n\t\t\t\t\t\t\t\t\t\t<img decoding=\"async\" width=\"768\" height=\"286\" src=\"https:\/\/soymigrante.com\/revista\/wp-content\/uploads\/2024\/01\/qq-1024x381.webp\" class=\"attachment-large size-large wp-image-4419\" alt=\"\" srcset=\"https:\/\/soymigrante.com\/revista\/wp-content\/uploads\/2024\/01\/qq-1024x381.webp 1024w, https:\/\/soymigrante.com\/revista\/wp-content\/uploads\/2024\/01\/qq-300x111.webp 300w, https:\/\/soymigrante.com\/revista\/wp-content\/uploads\/2024\/01\/qq-768x285.webp 768w, https:\/\/soymigrante.com\/revista\/wp-content\/uploads\/2024\/01\/qq-750x279.webp 750w, https:\/\/soymigrante.com\/revista\/wp-content\/uploads\/2024\/01\/qq-1140x424.webp 1140w, https:\/\/soymigrante.com\/revista\/wp-content\/uploads\/2024\/01\/qq.webp 1297w\" sizes=\"(max-width: 768px) 100vw, 768px\" title=\"qq \u2013 SoyMigrante.com REVISTA\" \/>\t\t\t\t\t\t\t\t\t\t\t<figcaption class=\"widget-image-caption wp-caption-text\">El Quetzal en pleno vuelo, en el mural del museo de aves de Oxnard, dirigido por el migrante guatemalteco Ren\u00e9 Corado.<\/figcaption>\n\t\t\t\t\t\t\t\t\t\t<\/figure>\n\t\t\t\t\t\t\t\t\t<\/div>\n\t\t\t\t\t<\/div>\n\t\t<\/div>\n\t\t\t\t\t<\/div>\n\t\t<\/section>\n\t\t\t\t<section data-particle_enable=\"false\" data-particle-mobile-disabled=\"false\" class=\"elementor-section elementor-top-section elementor-element elementor-element-b37cb64 elementor-section-boxed elementor-section-height-default elementor-section-height-default\" data-id=\"b37cb64\" data-element_type=\"section\" data-e-type=\"section\">\n\t\t\t\t\t\t<div class=\"elementor-container elementor-column-gap-default\">\n\t\t\t\t\t<div class=\"elementor-column elementor-col-100 elementor-top-column elementor-element elementor-element-b361d02\" data-id=\"b361d02\" data-element_type=\"column\" data-e-type=\"column\">\n\t\t\t<div class=\"elementor-widget-wrap elementor-element-populated\">\n\t\t\t\t\t\t<div class=\"elementor-element elementor-element-4569d4f elementor-widget elementor-widget-text-editor\" data-id=\"4569d4f\" data-element_type=\"widget\" data-e-type=\"widget\" data-widget_type=\"text-editor.default\">\n\t\t\t\t\t\t\t\t\t<p><span style=\"color: var( --e-global-color-text );\">Comienza el gobierno del doctor Bernardo Ar\u00e9valo a pesar de tantos ataques judiciales e intentos de sabotear el relevo, los cuales se extendieron hasta el d\u00eda mismo de la toma de posesi\u00f3n.\u00a0<\/span><\/p><p><span style=\"color: var( --e-global-color-text );\">Se despiertan\u00a0<\/span><span style=\"color: var( --e-global-color-text );\">\u00a0esperanzas de una respuesta concreta y coherente a las\u00a0 ingentes necesidades de los guatemaltecos migrantes en Estados Unidos. No solo lo merecen sino que lo necesitan. No solo es urgente sino tambi\u00e9n justo. Los migrantes tambi\u00e9n construyen Guatemala con su trabajo m\u00e1s all\u00e1 de las fronteras y se les debe corresponder con acciones efectivas desde su tierra natal.<\/span><\/p>\t\t\t\t\t\t\t\t<\/div>\n\t\t\t\t<div class=\"elementor-element elementor-element-12f53c3 elementor-widget elementor-widget-video\" data-id=\"12f53c3\" data-element_type=\"widget\" data-e-type=\"widget\" data-settings=\"{&quot;youtube_url&quot;:&quot;https:\\\/\\\/www.youtube.com\\\/watch?v=vEzHL7m8Y7g&quot;,&quot;start&quot;:248,&quot;end&quot;:289,&quot;video_type&quot;:&quot;youtube&quot;,&quot;controls&quot;:&quot;yes&quot;}\" data-widget_type=\"video.default\">\n\t\t\t\t\t\t\t<div class=\"elementor-wrapper elementor-open-inline\">\n\t\t\t<div class=\"elementor-video\"><\/div>\t\t<\/div>\n\t\t\t\t\t\t<\/div>\n\t\t\t\t\t<\/div>\n\t\t<\/div>\n\t\t\t\t\t<\/div>\n\t\t<\/section>\n\t\t\t\t<section data-particle_enable=\"false\" data-particle-mobile-disabled=\"false\" class=\"elementor-section elementor-top-section elementor-element elementor-element-a96c71d elementor-section-boxed elementor-section-height-default elementor-section-height-default\" data-id=\"a96c71d\" data-element_type=\"section\" data-e-type=\"section\">\n\t\t\t\t\t\t<div class=\"elementor-container elementor-column-gap-default\">\n\t\t\t\t\t<div class=\"elementor-column elementor-col-100 elementor-top-column elementor-element elementor-element-5ce8c4a\" data-id=\"5ce8c4a\" data-element_type=\"column\" data-e-type=\"column\">\n\t\t\t<div class=\"elementor-widget-wrap elementor-element-populated\">\n\t\t\t\t\t\t<div class=\"elementor-element elementor-element-9603eba elementor-grid-eael-col-3 elementor-grid-tablet-eael-col-2 elementor-grid-mobile-eael-col-1 elementor-widget elementor-widget-eael-post-grid\" data-id=\"9603eba\" data-element_type=\"widget\" data-e-type=\"widget\" data-settings=\"{&quot;eael_post_grid_columns&quot;:&quot;eael-col-3&quot;,&quot;eael_post_grid_columns_tablet&quot;:&quot;eael-col-2&quot;,&quot;eael_post_grid_columns_mobile&quot;:&quot;eael-col-1&quot;}\" data-widget_type=\"eael-post-grid.default\">\n\t\t\t\t\t<div id=\"eael-post-grid-9603eba\" class=\"eael-post-grid-container\">\n            <div class=\"eael-post-grid eael-post-appender eael-post-appender-9603eba eael-post-grid-style-one\" data-layout-mode=\"masonry\"><article class=\"eael-grid-post  eael-post-grid-column eael-pg-post-3396 category-guate-nuestra-simbolos-patrios-guate-nuestra\" data-id=\"3396\">\n        <div class=\"eael-grid-post-holder\">\n            <div class=\"eael-grid-post-holder-inner\"><div class=\"eael-entry-media\"><div class=\"eael-entry-overlay fade-in\"><i class=\"fas fa-long-arrow-alt-right\" aria-hidden=\"true\"><\/i><a href=\"https:\/\/soymigrante.com\/revista\/simbolos-patrios-8-datos-de-la-monja-blanca-que-tal-vez-ya-conocias-o-quiza-no\/\"><\/a><\/div><div class=\"eael-entry-thumbnail \">\n                <img loading=\"lazy\" decoding=\"async\" width=\"300\" height=\"300\" src=\"https:\/\/soymigrante.com\/revista\/wp-content\/uploads\/2023\/11\/archilarium-5-1-300x300.webp\" class=\"attachment-medium size-medium wp-image-3413\" alt=\"Monja blanca, uno de los s\u00edmbolos patrios de Guatemala. Fotograf\u00eda Archilarium\" srcset=\"https:\/\/soymigrante.com\/revista\/wp-content\/uploads\/2023\/11\/archilarium-5-1-300x300.webp 300w, https:\/\/soymigrante.com\/revista\/wp-content\/uploads\/2023\/11\/archilarium-5-1-1024x1024.webp 1024w, https:\/\/soymigrante.com\/revista\/wp-content\/uploads\/2023\/11\/archilarium-5-1-150x150.webp 150w, https:\/\/soymigrante.com\/revista\/wp-content\/uploads\/2023\/11\/archilarium-5-1-768x768.webp 768w, https:\/\/soymigrante.com\/revista\/wp-content\/uploads\/2023\/11\/archilarium-5-1-75x75.webp 75w, https:\/\/soymigrante.com\/revista\/wp-content\/uploads\/2023\/11\/archilarium-5-1-750x750.webp 750w, https:\/\/soymigrante.com\/revista\/wp-content\/uploads\/2023\/11\/archilarium-5-1-1140x1140.webp 1140w, https:\/\/soymigrante.com\/revista\/wp-content\/uploads\/2023\/11\/archilarium-5-1-600x600.webp 600w, https:\/\/soymigrante.com\/revista\/wp-content\/uploads\/2023\/11\/archilarium-5-1.webp 1440w\" sizes=\"(max-width: 300px) 100vw, 300px\" \/>\n            <\/div>\n        <\/div><div class=\"eael-entry-wrapper\"><header class=\"eael-entry-header\"><h2 class=\"eael-entry-title\"><a class=\"eael-grid-post-link\" href=\"https:\/\/soymigrante.com\/revista\/simbolos-patrios-8-datos-de-la-monja-blanca-que-tal-vez-ya-conocias-o-quiza-no\/\" title=\"\u00bfPor qu\u00e9 el 11 de febrero es el d\u00eda de la Monja Blanca, S\u00edmbolo Nacional de Guatemala?\">\u00bfPor qu\u00e9 el 11 de febrero es el d\u00eda de la Monja Blanca, S\u00edmbolo Nacional de Guatemala?<\/a><\/h2><\/header><div class=\"eael-entry-content\">\n                        <div class=\"eael-grid-post-excerpt\"><p>\u00bfSab\u00edas que la Monja Blanca estuvo pr\u00e1cticamente extinta durante 21...<\/p><a href=\"https:\/\/soymigrante.com\/revista\/simbolos-patrios-8-datos-de-la-monja-blanca-que-tal-vez-ya-conocias-o-quiza-no\/\" class=\"eael-post-elements-readmore-btn\">Leer m\u00e1s<\/a><\/div>\n                    <\/div><\/div><\/div>\n        <\/div>\n    <\/article><article class=\"eael-grid-post  eael-post-grid-column eael-pg-post-3508 category-simbolos-patrios-guate-nuestra\" data-id=\"3508\">\n        <div class=\"eael-grid-post-holder\">\n            <div class=\"eael-grid-post-holder-inner\"><div class=\"eael-entry-media\"><div class=\"eael-entry-overlay fade-in\"><i class=\"fas fa-long-arrow-alt-right\" aria-hidden=\"true\"><\/i><a href=\"https:\/\/soymigrante.com\/revista\/simbolos-patrios-la-ceiba-arbol-nacional-de-guatemala\/\"><\/a><\/div><div class=\"eael-entry-thumbnail \">\n                <img loading=\"lazy\" decoding=\"async\" width=\"225\" height=\"300\" src=\"https:\/\/soymigrante.com\/revista\/wp-content\/uploads\/2025\/03\/CEIBA-TIQUISATE-225x300.jpg\" class=\"attachment-medium size-medium wp-image-27480\" alt=\"CEIBA TIQUISATE\" srcset=\"https:\/\/soymigrante.com\/revista\/wp-content\/uploads\/2025\/03\/CEIBA-TIQUISATE-225x300.jpg 225w, https:\/\/soymigrante.com\/revista\/wp-content\/uploads\/2025\/03\/CEIBA-TIQUISATE-768x1024.jpg 768w, https:\/\/soymigrante.com\/revista\/wp-content\/uploads\/2025\/03\/CEIBA-TIQUISATE-1152x1536.jpg 1152w, https:\/\/soymigrante.com\/revista\/wp-content\/uploads\/2025\/03\/CEIBA-TIQUISATE-1536x2048.jpg 1536w, https:\/\/soymigrante.com\/revista\/wp-content\/uploads\/2025\/03\/CEIBA-TIQUISATE-750x1000.webp 750w, https:\/\/soymigrante.com\/revista\/wp-content\/uploads\/2025\/03\/CEIBA-TIQUISATE-1140x1520.webp 1140w, https:\/\/soymigrante.com\/revista\/wp-content\/uploads\/2025\/03\/CEIBA-TIQUISATE-scaled.webp 1440w\" sizes=\"(max-width: 225px) 100vw, 225px\" \/>\n            <\/div>\n        <\/div><div class=\"eael-entry-wrapper\"><header class=\"eael-entry-header\"><h2 class=\"eael-entry-title\"><a class=\"eael-grid-post-link\" href=\"https:\/\/soymigrante.com\/revista\/simbolos-patrios-la-ceiba-arbol-nacional-de-guatemala\/\" title=\"\u00bfPorqu\u00e9 el 8 de marzo es d\u00eda de la Ceiba Pentandra,  \u00c1rbol Nacional de Guatemala?\">\u00bfPorqu\u00e9 el 8 de marzo es d\u00eda de la Ceiba Pentandra,  \u00c1rbol Nacional de Guatemala?<\/a><\/h2><\/header><div class=\"eael-entry-content\">\n                        <div class=\"eael-grid-post-excerpt\"><p>La Ceiba pentandra une el cielo, la tierra y el...<\/p><a href=\"https:\/\/soymigrante.com\/revista\/simbolos-patrios-la-ceiba-arbol-nacional-de-guatemala\/\" class=\"eael-post-elements-readmore-btn\">Leer m\u00e1s<\/a><\/div>\n                    <\/div><\/div><\/div>\n        <\/div>\n    <\/article><article class=\"eael-grid-post  eael-post-grid-column eael-pg-post-827 category-guate-nuestra-simbolos-patrios-guate-nuestra\" data-id=\"827\">\n        <div class=\"eael-grid-post-holder\">\n            <div class=\"eael-grid-post-holder-inner\"><div class=\"eael-entry-media\"><div class=\"eael-entry-overlay fade-in\"><i class=\"fas fa-long-arrow-alt-right\" aria-hidden=\"true\"><\/i><a href=\"https:\/\/soymigrante.com\/revista\/10-datos-del-quetzal-que-tal-vez-ya-conocias-o-quiza-no\/\"><\/a><\/div><div class=\"eael-entry-thumbnail \">\n                <img loading=\"lazy\" decoding=\"async\" width=\"300\" height=\"218\" src=\"https:\/\/soymigrante.com\/revista\/wp-content\/uploads\/2023\/03\/soy-migrante-quetzal-alimenta-se-ve-pichon-credito-ottoniel-cojulun-300x218.webp\" class=\"attachment-medium size-medium wp-image-625\" alt=\"Foto: Ottoniel Cojul\u00fan\" srcset=\"https:\/\/soymigrante.com\/revista\/wp-content\/uploads\/2023\/03\/soy-migrante-quetzal-alimenta-se-ve-pichon-credito-ottoniel-cojulun-300x218.webp 300w, https:\/\/soymigrante.com\/revista\/wp-content\/uploads\/2023\/03\/soy-migrante-quetzal-alimenta-se-ve-pichon-credito-ottoniel-cojulun-1024x745.jpg 1024w, https:\/\/soymigrante.com\/revista\/wp-content\/uploads\/2023\/03\/soy-migrante-quetzal-alimenta-se-ve-pichon-credito-ottoniel-cojulun-768x558.jpg 768w, https:\/\/soymigrante.com\/revista\/wp-content\/uploads\/2023\/03\/soy-migrante-quetzal-alimenta-se-ve-pichon-credito-ottoniel-cojulun-1536x1117.jpg 1536w, https:\/\/soymigrante.com\/revista\/wp-content\/uploads\/2023\/03\/soy-migrante-quetzal-alimenta-se-ve-pichon-credito-ottoniel-cojulun-120x86.webp 120w, https:\/\/soymigrante.com\/revista\/wp-content\/uploads\/2023\/03\/soy-migrante-quetzal-alimenta-se-ve-pichon-credito-ottoniel-cojulun-750x545.webp 750w, https:\/\/soymigrante.com\/revista\/wp-content\/uploads\/2023\/03\/soy-migrante-quetzal-alimenta-se-ve-pichon-credito-ottoniel-cojulun-1140x829.jpg 1140w, https:\/\/soymigrante.com\/revista\/wp-content\/uploads\/2023\/03\/soy-migrante-quetzal-alimenta-se-ve-pichon-credito-ottoniel-cojulun.webp 1920w\" sizes=\"(max-width: 300px) 100vw, 300px\" \/>\n            <\/div>\n        <\/div><div class=\"eael-entry-wrapper\"><header class=\"eael-entry-header\"><h2 class=\"eael-entry-title\"><a class=\"eael-grid-post-link\" href=\"https:\/\/soymigrante.com\/revista\/10-datos-del-quetzal-que-tal-vez-ya-conocias-o-quiza-no\/\" title=\"\u00bfEn d\u00f3nde habita el Quetzal?&#8230; y otras 10 preguntas sobre el ave s\u00edmbolo de Guatemala\">\u00bfEn d\u00f3nde habita el Quetzal?&#8230; y otras 10 preguntas sobre el ave s\u00edmbolo de Guatemala<\/a><\/h2><\/header><div class=\"eael-entry-content\">\n                        <div class=\"eael-grid-post-excerpt\"><p>\u00bfC\u00f3mo se llama el ave nacional de Guatemala y de...<\/p><a href=\"https:\/\/soymigrante.com\/revista\/10-datos-del-quetzal-que-tal-vez-ya-conocias-o-quiza-no\/\" class=\"eael-post-elements-readmore-btn\">Leer m\u00e1s<\/a><\/div>\n                    <\/div><\/div><\/div>\n        <\/div>\n    <\/article><\/div>\n            <div class=\"clearfix\"><\/div>\n        <\/div>\t\t\t\t<\/div>\n\t\t\t\t\t<\/div>\n\t\t<\/div>\n\t\t\t\t\t<\/div>\n\t\t<\/section>\n\t\t\t\t<\/div>\n\t\t","protected":false},"excerpt":{"rendered":"<p>Durante meses migrantes guatemaltecos en EE.UU. hicieron historia al sumarse a la exigencia de respeto a la democracia, desde diversos Estados: merecen que el nuevo gobierno tambi\u00e9n priorice la atenci\u00f3n de sus necesidades ciudadanas. El canto del himno nacional frente a la bandera de Guatemala fue el inicio de esta protesta pac\u00edfica de migrantes en [&hellip;]<\/p>\n","protected":false},"author":1,"featured_media":4418,"comment_status":"open","ping_status":"open","sticky":false,"template":"","format":"standard","meta":{"_acf_changed":false,"_eb_attr":"","footnotes":""},"categories":[54],"tags":[],"class_list":["post-4416","post","type-post","status-publish","format-standard","has-post-thumbnail","hentry","category-estamos-unidos"],"acf":[],"aioseo_notices":[],"aioseo_head":"\n\t\t<!-- All in One SEO Pro 4.9.6.2 - aioseo.com -->\n\t<meta name=\"description\" content=\"El Quetzal es s\u00edmbolo patrio de Guatemala. \u00bfC\u00f3mo se llama el ave nacional de Guatemala en idioma maya? \u00bfDe d\u00f3nde viene la palabra quetzal=\" \/>\n\t<meta name=\"robots\" content=\"max-snippet:-1, max-image-preview:large, max-video-preview:-1\" \/>\n\t<meta name=\"author\" content=\"Gustavo Montenegro\"\/>\n\t<link rel=\"canonical\" href=\"https:\/\/soymigrante.com\/revista\/10-datos-del-quetzal-que-tal-vez-ya-conocias-o-quiza-no\/\" \/>\n\t<meta name=\"generator\" content=\"All in One SEO Pro (AIOSEO) 4.9.6.2\" \/>\n\n\t\t<link rel=\"preconnect\" href=\"https:\/\/fonts.googleapis.com\" crossorigin>\n<link rel=\"preconnect\" href=\"https:\/\/fonts.gstatic.com\" crossorigin>\n\t\t<meta property=\"og:locale\" content=\"es_ES\" \/>\n\t\t<meta property=\"og:site_name\" content=\"SoyMigrante.com REVISTA \u2013 Nuestra misi\u00f3n es reconocer y dignificar al migrante.\" \/>\n\t\t<meta property=\"og:type\" content=\"article\" \/>\n\t\t<meta property=\"og:title\" content=\"\u00bfEn d\u00f3nde habita el Quetzal?\u2026 y otras 10 preguntas sobre el ave s\u00edmbolo de Guatemala\" \/>\n\t\t<meta property=\"og:description\" content=\"\u00bfC\u00f3mo se llama el ave nacional de Guatemala y de donde proviene su nombre? \u00bfDesde cu\u00e1ndo el Quetzal es s\u00edmbolo patrio? \u00bfDonde habita? Estas y otras respuestas aqu\u00ed. \u00bfC\u00f3mo se llama el ave nacional de Guatemala? Se llama Quetzal y aunque fue una especie de gran importancia en tiempos prehisp\u00e1nicos, solo fue reportado cient\u00edficamente hasta\" \/>\n\t\t<meta property=\"og:url\" content=\"https:\/\/soymigrante.com\/revista\/10-datos-del-quetzal-que-tal-vez-ya-conocias-o-quiza-no\/\" \/>\n\t\t<meta property=\"og:image\" content=\"https:\/\/soymigrante.com\/revista\/wp-content\/uploads\/2024\/01\/Captura-de-pantalla-2023-12-11-095155.webp\" \/>\n\t\t<meta property=\"og:image:secure_url\" content=\"https:\/\/soymigrante.com\/revista\/wp-content\/uploads\/2024\/01\/Captura-de-pantalla-2023-12-11-095155.webp\" \/>\n\t\t<meta property=\"og:image:width\" content=\"937\" \/>\n\t\t<meta property=\"og:image:height\" content=\"681\" \/>\n\t\t<meta property=\"article:published_time\" content=\"2024-01-15T18:11:10+00:00\" \/>\n\t\t<meta property=\"article:modified_time\" content=\"2024-11-01T17:54:05+00:00\" \/>\n\t\t<meta property=\"article:publisher\" content=\"https:\/\/www.facebook.com\/soymigrantecom\" \/>\n\t\t<meta name=\"twitter:card\" content=\"summary_large_image\" \/>\n\t\t<meta name=\"twitter:site\" content=\"@SoyMigrante_com\" \/>\n\t\t<meta name=\"twitter:title\" content=\"EDITORIAL: Una sola Guatemala, dentro y fuera del pa\u00eds, defendi\u00f3 su democracia\" \/>\n\t\t<meta name=\"twitter:description\" content=\"Durante meses migrantes guatemaltecos en EE.UU. hicieron historia al sumarse a la exigencia de respeto a la democracia, desde diversos Estados: merecen que el nuevo gobierno tambi\u00e9n priorice la atenci\u00f3n de sus necesidades ciudadanas. La democracia guatemalteca estuvo al borde del abismo de una dictadura de corrupci\u00f3n y pactos oscuros. Los ataques contra los resultados\" \/>\n\t\t<meta name=\"twitter:creator\" content=\"@SoyMigrante_com\" \/>\n\t\t<meta name=\"twitter:image\" content=\"https:\/\/soymigrante.com\/revista\/wp-content\/uploads\/2024\/01\/Captura-de-pantalla-2023-12-11-095155.webp\" \/>\n\t\t<!-- All in One SEO Pro -->\r\n\t\t<title>EDITORIAL: Una sola Guatemala, dentro y fuera del pa\u00eds, defendi\u00f3 su democracia<\/title>\n\n","aioseo_head_json":{"title":"EDITORIAL: Una sola Guatemala, dentro y fuera del pa\u00eds, defendi\u00f3 su democracia","description":"Durante meses migrantes guatemaltecos en EE.UU. hicieron historia al sumarse a la exigencia de respeto a la democracia, desde diversos Estados: merecen que el nuevo gobierno tambi\u00e9n priorice la atenci\u00f3n de sus necesidades ciudadanas. La democracia guatemalteca estuvo al borde del abismo de una dictadura de corrupci\u00f3n y pactos oscuros. Los ataques contra los resultados","canonical_url":"https:\/\/soymigrante.com\/revista\/10-datos-del-quetzal-que-tal-vez-ya-conocias-o-quiza-no\/","robots":"max-snippet:-1, max-image-preview:large, max-video-preview:-1","keywords":"","webmasterTools":{"miscellaneous":"&lt;link rel=\"preconnect\" href=\"https:\/\/fonts.googleapis.com\" crossorigin&gt;\n&lt;link rel=\"preconnect\" href=\"https:\/\/fonts.gstatic.com\" crossorigin&gt;"},"schema":null,"og:locale":"es_ES","og:site_name":"SoyMigrante.com REVISTA \u2013 Nuestra misi\u00f3n es reconocer y dignificar al migrante.","og:type":"article","og:title":"EDITORIAL: Una sola Guatemala, dentro y fuera del pa\u00eds, defendi\u00f3 su democracia","og:description":"Durante meses migrantes guatemaltecos en EE.UU. hicieron historia al sumarse a la exigencia de respeto a la democracia, desde diversos Estados: merecen que el nuevo gobierno tambi\u00e9n priorice la atenci\u00f3n de sus necesidades ciudadanas. La democracia guatemalteca estuvo al borde del abismo de una dictadura de corrupci\u00f3n y pactos oscuros. Los ataques contra los resultados","og:url":"https:\/\/soymigrante.com\/revista\/10-datos-del-quetzal-que-tal-vez-ya-conocias-o-quiza-no\/","og:image":"https:\/\/soymigrante.com\/revista\/wp-content\/uploads\/2024\/01\/Captura-de-pantalla-2023-12-11-095155.webp","og:image:secure_url":"https:\/\/soymigrante.com\/revista\/wp-content\/uploads\/2024\/01\/Captura-de-pantalla-2023-12-11-095155.webp","og:image:width":937,"og:image:height":681,"article:published_time":"2024-01-15T18:11:10+00:00","article:modified_time":"2024-11-01T17:54:05+00:00","article:publisher":"https:\/\/www.facebook.com\/soymigrantecom","twitter:card":"summary_large_image","twitter:site":"@SoyMigrante_com","twitter:title":"EDITORIAL: Una sola Guatemala, dentro y fuera del pa\u00eds, defendi\u00f3 su democracia","twitter:description":"Durante meses migrantes guatemaltecos en EE.UU. hicieron historia al sumarse a la exigencia de respeto a la democracia, desde diversos Estados: merecen que el nuevo gobierno tambi\u00e9n priorice la atenci\u00f3n de sus necesidades ciudadanas. La democracia guatemalteca estuvo al borde del abismo de una dictadura de corrupci\u00f3n y pactos oscuros. Los ataques contra los resultados","twitter:creator":"@SoyMigrante_com","twitter:image":"https:\/\/soymigrante.com\/revista\/wp-content\/uploads\/2024\/01\/Captura-de-pantalla-2023-12-11-095155.webp"},"aioseo_meta_data":{"post_id":"4416","title":null,"description":null,"keywords":[],"keyphrases":{"focus":{"keyphrase":"Guatemala","score":90,"analysis":{"keyphraseInTitle":{"score":9,"maxScore":9,"error":0},"keyphraseInDescription":{"score":9,"maxScore":9,"error":0},"keyphraseLength":{"score":9,"maxScore":9,"error":0,"length":1},"keyphraseInURL":{"score":5,"maxScore":5,"error":0},"keyphraseInIntroduction":{"score":3,"maxScore":9,"error":1},"keyphraseInSubHeadings":[],"keyphraseInImageAlt":{"score":9,"maxScore":9,"error":0},"keywordDensity":{"type":"best","score":9,"maxScore":9,"error":0}}},"additional":[]},"primary_term":null,"canonical_url":null,"og_title":null,"og_description":null,"og_object_type":"default","og_image_type":"default","og_image_url":null,"og_image_width":null,"og_image_height":null,"og_image_custom_url":null,"og_image_custom_fields":null,"og_video":"","og_custom_url":null,"og_article_section":null,"og_article_tags":[],"twitter_use_og":false,"twitter_card":"default","twitter_image_type":"default","twitter_image_url":null,"twitter_image_custom_url":null,"twitter_image_custom_fields":null,"twitter_title":null,"twitter_description":null,"schema":{"blockGraphs":[],"customGraphs":[],"default":{"data":{"Article":[],"Course":[],"Dataset":[],"FAQPage":[],"Movie":[],"Person":[],"Product":[],"ProductReview":[],"Car":[],"Recipe":[],"Service":[],"SoftwareApplication":[],"WebPage":[]},"graphName":"BlogPosting","isEnabled":true},"graphs":[]},"schema_type":"default","schema_type_options":null,"pillar_content":false,"robots_default":true,"robots_noindex":false,"robots_noarchive":false,"robots_nosnippet":false,"robots_nofollow":false,"robots_noimageindex":false,"robots_noodp":false,"robots_notranslate":false,"robots_max_snippet":"-1","robots_max_videopreview":"-1","robots_max_imagepreview":"large","priority":null,"frequency":"default","local_seo":null,"seo_analyzer_scan_date":"2025-10-08 21:02:34","breadcrumb_settings":null,"limit_modified_date":false,"reviewed_by":null,"open_ai":null,"ai":null,"created":"2024-01-15 17:27:55","updated":"2026-02-04 10:25:53"},"aioseo_breadcrumb":"<div class=\"aioseo-breadcrumbs\"><span class=\"aioseo-breadcrumb\">\n\t<a href=\"https:\/\/soymigrante.com\/revista\" title=\"Home\">Home<\/a>\n<\/span><span class=\"aioseo-breadcrumb-separator\">\u00bb<\/span><span class=\"aioseo-breadcrumb\">\n\t<a href=\"https:\/\/soymigrante.com\/revista\/category\/estamos-unidos\/\" title=\"Estamos Unidos\">Estamos Unidos<\/a>\n<\/span><span class=\"aioseo-breadcrumb-separator\">\u00bb<\/span><span class=\"aioseo-breadcrumb\">\n\tEDITORIAL: Una sola Guatemala, dentro y fuera del pa\u00eds, defendi\u00f3 su democracia\n<\/span><\/div>","aioseo_breadcrumb_json":[{"label":"Home","link":"https:\/\/soymigrante.com\/revista"},{"label":"Estamos Unidos","link":"https:\/\/soymigrante.com\/revista\/category\/estamos-unidos\/"},{"label":"EDITORIAL: Una sola Guatemala, dentro y fuera del pa\u00eds, defendi\u00f3 su democracia","link":"https:\/\/soymigrante.com\/revista\/guatemala-migrantes-crisis-politica-golpe-finaliza-asume-bernardo-arevalo\/"}],"_links":{"self":[{"href":"https:\/\/soymigrante.com\/revista\/wp-json\/wp\/v2\/posts\/4416","targetHints":{"allow":["GET"]}}],"collection":[{"href":"https:\/\/soymigrante.com\/revista\/wp-json\/wp\/v2\/posts"}],"about":[{"href":"https:\/\/soymigrante.com\/revista\/wp-json\/wp\/v2\/types\/post"}],"author":[{"embeddable":true,"href":"https:\/\/soymigrante.com\/revista\/wp-json\/wp\/v2\/users\/1"}],"replies":[{"embeddable":true,"href":"https:\/\/soymigrante.com\/revista\/wp-json\/wp\/v2\/comments?post=4416"}],"version-history":[{"count":0,"href":"https:\/\/soymigrante.com\/revista\/wp-json\/wp\/v2\/posts\/4416\/revisions"}],"wp:featuredmedia":[{"embeddable":true,"href":"https:\/\/soymigrante.com\/revista\/wp-json\/wp\/v2\/media\/4418"}],"wp:attachment":[{"href":"https:\/\/soymigrante.com\/revista\/wp-json\/wp\/v2\/media?parent=4416"}],"wp:term":[{"taxonomy":"category","embeddable":true,"href":"https:\/\/soymigrante.com\/revista\/wp-json\/wp\/v2\/categories?post=4416"},{"taxonomy":"post_tag","embeddable":true,"href":"https:\/\/soymigrante.com\/revista\/wp-json\/wp\/v2\/tags?post=4416"}],"curies":[{"name":"wp","href":"https:\/\/api.w.org\/{rel}","templated":true}]}}