{"id":44129,"date":"2025-09-12T11:02:00","date_gmt":"2025-09-12T17:02:00","guid":{"rendered":"https:\/\/soymigrante.com\/revista\/?p=44129"},"modified":"2025-10-01T12:30:12","modified_gmt":"2025-10-01T18:30:12","slug":"mira-arte-guatemalteco-murales-de-alfredo-galvez-suarez-siguen-deslumbrando","status":"publish","type":"post","link":"https:\/\/soymigrante.com\/revista\/mira-arte-guatemalteco-murales-de-alfredo-galvez-suarez-siguen-deslumbrando\/","title":{"rendered":"Mira arte guatemalteco: murales de Alfredo G\u00e1lvez Su\u00e1rez siguen deslumbrando"},"content":{"rendered":"\t\t<div data-elementor-type=\"wp-post\" data-elementor-id=\"44129\" class=\"elementor elementor-44129\" data-elementor-post-type=\"post\">\n\t\t\t\t<div data-particle_enable=\"false\" data-particle-mobile-disabled=\"false\" class=\"elementor-element elementor-element-c5db99f e-flex e-con-boxed e-con e-parent\" data-id=\"c5db99f\" data-element_type=\"container\" data-e-type=\"container\">\n\t\t\t\t\t<div class=\"e-con-inner\">\n\t\t\t\t<div class=\"elementor-element elementor-element-6458380 elementor-widget elementor-widget-heading\" data-id=\"6458380\" data-element_type=\"widget\" data-e-type=\"widget\" data-widget_type=\"heading.default\">\n\t\t\t\t\t<h2 class=\"elementor-heading-title elementor-size-default\">Alfredo G\u00e1lvez Su\u00e1rez fue un pionero del arte guatemalteco, su muralismo dej\u00f3 una huella imborrable en Guatemala. <\/h2>\t\t\t\t<\/div>\n\t\t\t\t<div class=\"elementor-element elementor-element-77832dc elementor-widget elementor-widget-html\" data-id=\"77832dc\" data-element_type=\"widget\" data-e-type=\"widget\" data-widget_type=\"html.default\">\n\t\t\t\t\t<div id=\"buzzsprout-player-17940369\"><\/div><script src=\"https:\/\/www.buzzsprout.com\/2444168\/episodes\/17940369-el-genio-muralista-guatemalteco-alfredo-galvez-suarez.js?container_id=buzzsprout-player-17940369&player=small\" type=\"text\/javascript\" charset=\"utf-8\"><\/script>\t\t\t\t<\/div>\n\t\t\t\t\t<\/div>\n\t\t\t\t<\/div>\n\t\t<div data-particle_enable=\"false\" data-particle-mobile-disabled=\"false\" class=\"elementor-element elementor-element-d1ac6b9 e-flex e-con-boxed e-con e-parent\" data-id=\"d1ac6b9\" data-element_type=\"container\" data-e-type=\"container\">\n\t\t\t\t\t<div class=\"e-con-inner\">\n\t\t\t\t<div class=\"elementor-element elementor-element-eb4477c elementor-widget elementor-widget-text-editor\" data-id=\"eb4477c\" data-element_type=\"widget\" data-e-type=\"widget\" data-widget_type=\"text-editor.default\">\n\t\t\t\t\t\t\t\t\t<p>Guatemala ha tenido grandes exponentes de las artes pl\u00e1sticas, y entre ellos destaca <a href=\"https:\/\/www.deguate.com\/arte-cultura\/pintura\/alfredo-galvez-suarez.shtml\" target=\"_blank\" rel=\"noopener\">Alfredo G\u00e1lvez Su\u00e1rez<\/a>, un pintor y muralista que dej\u00f3 una huella imborrable en la historia cultural del pa\u00eds. Su obra, marcada por el retrato, la pintura religiosa y los murales, sigue siendo referente de la identidad nacional y del desarrollo del arte acad\u00e9mico en Guatemala.<\/p>\t\t\t\t\t\t\t\t<\/div>\n\t\t\t\t\t<\/div>\n\t\t\t\t<\/div>\n\t\t<div data-particle_enable=\"false\" data-particle-mobile-disabled=\"false\" class=\"elementor-element elementor-element-d97b446 e-flex e-con-boxed e-con e-parent\" data-id=\"d97b446\" data-element_type=\"container\" data-e-type=\"container\">\n\t\t\t\t\t<div class=\"e-con-inner\">\n\t\t\t\t<div class=\"elementor-element elementor-element-2d363ba elementor-widget elementor-widget-image\" data-id=\"2d363ba\" data-element_type=\"widget\" data-e-type=\"widget\" data-widget_type=\"image.default\">\n\t\t\t\t\t\t\t\t\t\t\t\t<figure class=\"wp-caption\">\n\t\t\t\t\t\t\t\t\t\t<img fetchpriority=\"high\" decoding=\"async\" width=\"555\" height=\"300\" src=\"https:\/\/soymigrante.com\/revista\/wp-content\/uploads\/2025\/09\/alfredo-galvez-suarez.png\" class=\"attachment-large size-large wp-image-46498\" alt=\"El choque de culturas presenta una dram\u00e1tica escena: la muerte del h\u00e9roe nacional Tec\u00fan Um\u00e1n. Mural de Alfredo G\u00e1lvez Su\u00e1rez en el Palacio Nacional de la Cultura de Guatemala.\" srcset=\"https:\/\/soymigrante.com\/revista\/wp-content\/uploads\/2025\/09\/alfredo-galvez-suarez.png 555w, https:\/\/soymigrante.com\/revista\/wp-content\/uploads\/2025\/09\/alfredo-galvez-suarez-300x162.png 300w\" sizes=\"(max-width: 555px) 100vw, 555px\" title=\"El choque de culturas presenta una dram\u00e1tica escena: la muerte del h\u00e9roe nacional Tec\u00fan Um\u00e1n. Mural de Alfredo G\u00e1lvez Su\u00e1rez en el Palacio Nacional de la Cultura de Guatemala. \u2013 SoyMigrante.com REVISTA\" \/>\t\t\t\t\t\t\t\t\t\t\t<figcaption class=\"widget-image-caption wp-caption-text\">El choque de culturas presenta una dram\u00e1tica escena: la muerte del h\u00e9roe nacional Tec\u00fan Um\u00e1n. Mural de Alfredo G\u00e1lvez Su\u00e1rez en el Palacio Nacional de la Cultura de Guatemala.<\/figcaption>\n\t\t\t\t\t\t\t\t\t\t<\/figure>\n\t\t\t\t\t\t\t\t\t<\/div>\n\t\t\t\t\t<\/div>\n\t\t\t\t<\/div>\n\t\t<div data-particle_enable=\"false\" data-particle-mobile-disabled=\"false\" class=\"elementor-element elementor-element-d7c2d82 e-flex e-con-boxed e-con e-parent\" data-id=\"d7c2d82\" data-element_type=\"container\" data-e-type=\"container\">\n\t\t\t\t\t<div class=\"e-con-inner\">\n\t\t\t\t<div class=\"elementor-element elementor-element-a74a638 elementor-widget elementor-widget-heading\" data-id=\"a74a638\" data-element_type=\"widget\" data-e-type=\"widget\" data-widget_type=\"heading.default\">\n\t\t\t\t\t<h3 class=\"elementor-heading-title elementor-size-default\">Origen y formaci\u00f3n<\/h3>\t\t\t\t<\/div>\n\t\t\t\t\t<\/div>\n\t\t\t\t<\/div>\n\t\t<div data-particle_enable=\"false\" data-particle-mobile-disabled=\"false\" class=\"elementor-element elementor-element-18a00b1 e-flex e-con-boxed e-con e-parent\" data-id=\"18a00b1\" data-element_type=\"container\" data-e-type=\"container\">\n\t\t\t\t\t<div class=\"e-con-inner\">\n\t\t\t\t<div class=\"elementor-element elementor-element-3ff3770 elementor-widget elementor-widget-text-editor\" data-id=\"3ff3770\" data-element_type=\"widget\" data-e-type=\"widget\" data-widget_type=\"text-editor.default\">\n\t\t\t\t\t\t\t\t\t<p><a href=\"https:\/\/www.deguate.com\/arte-cultura\/pintura\/alfredo-galvez-suarez.shtml\" target=\"_blank\" rel=\"noopener\">Alfredo G\u00e1lvez Su\u00e1rez<\/a> naci\u00f3 en Guatemala en 1899. Desde muy joven mostr\u00f3 inclinaci\u00f3n por el dibujo y la pintura, lo que lo llev\u00f3 a formarse en la Academia de Bellas Artes de Guatemala. Posteriormente, viaj\u00f3 a M\u00e9xico, donde tuvo contacto con los grandes muralistas de ese pa\u00eds, como Diego Rivera y Jos\u00e9 Clemente Orozco, quienes influenciaron parte de su trabajo.<\/p>\t\t\t\t\t\t\t\t<\/div>\n\t\t\t\t\t<\/div>\n\t\t\t\t<\/div>\n\t\t<div data-particle_enable=\"false\" data-particle-mobile-disabled=\"false\" class=\"elementor-element elementor-element-7d25f24 e-flex e-con-boxed e-con e-parent\" data-id=\"7d25f24\" data-element_type=\"container\" data-e-type=\"container\">\n\t\t\t\t\t<div class=\"e-con-inner\">\n\t\t\t\t<div class=\"elementor-element elementor-element-86e0e22 elementor-widget elementor-widget-image\" data-id=\"86e0e22\" data-element_type=\"widget\" data-e-type=\"widget\" data-widget_type=\"image.default\">\n\t\t\t\t\t\t\t\t\t\t\t\t<figure class=\"wp-caption\">\n\t\t\t\t\t\t\t\t\t\t<img decoding=\"async\" width=\"1024\" height=\"458\" src=\"https:\/\/soymigrante.com\/revista\/wp-content\/uploads\/2025\/09\/Alfredo-Galvez-Suarez3-1024x458.jpeg\" class=\"attachment-large size-large wp-image-44136\" alt=\"El artista mostraba la perspectiva de la vida y el arte en cada lienzo.\" srcset=\"https:\/\/soymigrante.com\/revista\/wp-content\/uploads\/2025\/09\/Alfredo-Galvez-Suarez3-1024x458.jpeg 1024w, https:\/\/soymigrante.com\/revista\/wp-content\/uploads\/2025\/09\/Alfredo-Galvez-Suarez3-300x134.jpeg 300w, https:\/\/soymigrante.com\/revista\/wp-content\/uploads\/2025\/09\/Alfredo-Galvez-Suarez3-768x343.jpeg 768w, https:\/\/soymigrante.com\/revista\/wp-content\/uploads\/2025\/09\/Alfredo-Galvez-Suarez3-750x335.jpeg 750w, https:\/\/soymigrante.com\/revista\/wp-content\/uploads\/2025\/09\/Alfredo-Galvez-Suarez3-1140x509.jpeg 1140w, https:\/\/soymigrante.com\/revista\/wp-content\/uploads\/2025\/09\/Alfredo-Galvez-Suarez3.jpeg 1280w\" sizes=\"(max-width: 1024px) 100vw, 1024px\" title=\"El artista mostraba la perspectiva de la vida y el arte en cada lienzo. \u2013 SoyMigrante.com REVISTA\" \/>\t\t\t\t\t\t\t\t\t\t\t<figcaption class=\"widget-image-caption wp-caption-text\">El artista mostraba la perspectiva de la vida y el arte en cada lienzo. <\/figcaption>\n\t\t\t\t\t\t\t\t\t\t<\/figure>\n\t\t\t\t\t\t\t\t\t<\/div>\n\t\t\t\t\t<\/div>\n\t\t\t\t<\/div>\n\t\t<div data-particle_enable=\"false\" data-particle-mobile-disabled=\"false\" class=\"elementor-element elementor-element-c8cee00 e-flex e-con-boxed e-con e-parent\" data-id=\"c8cee00\" data-element_type=\"container\" data-e-type=\"container\">\n\t\t\t\t\t<div class=\"e-con-inner\">\n\t\t\t\t<div class=\"elementor-element elementor-element-c3bfa36 elementor-widget elementor-widget-heading\" data-id=\"c3bfa36\" data-element_type=\"widget\" data-e-type=\"widget\" data-widget_type=\"heading.default\">\n\t\t\t\t\t<h3 class=\"elementor-heading-title elementor-size-default\">Su arte<\/h3>\t\t\t\t<\/div>\n\t\t\t\t\t<\/div>\n\t\t\t\t<\/div>\n\t\t<div data-particle_enable=\"false\" data-particle-mobile-disabled=\"false\" class=\"elementor-element elementor-element-ba5d58a e-flex e-con-boxed e-con e-parent\" data-id=\"ba5d58a\" data-element_type=\"container\" data-e-type=\"container\">\n\t\t\t\t\t<div class=\"e-con-inner\">\n\t\t\t\t<div class=\"elementor-element elementor-element-3113ebc elementor-widget elementor-widget-text-editor\" data-id=\"3113ebc\" data-element_type=\"widget\" data-e-type=\"widget\" data-widget_type=\"text-editor.default\">\n\t\t\t\t\t\t\t\t\t<p>G\u00e1lvez Su\u00e1rez se especializ\u00f3 en la pintura de retrato y en la pintura mural. Fue reconocido por su dominio del realismo acad\u00e9mico y por su capacidad de plasmar escenas con gran detalle y sensibilidad. Tambi\u00e9n incursion\u00f3 en la pintura religiosa, creando obras que a\u00fan se conservan en templos y edificios guatemaltecos.<\/p><p>Uno de sus mayores aportes fue introducir la t\u00e9cnica del muralismo en Guatemala, adapt\u00e1ndola al contexto nacional. Sus murales no solo eran decorativos, sino que transmit\u00edan mensajes sociales, hist\u00f3ricos y culturales, consolidando la mariposa del arte guatemalteco en el siglo XX.<\/p>\t\t\t\t\t\t\t\t<\/div>\n\t\t\t\t\t<\/div>\n\t\t\t\t<\/div>\n\t\t<div data-particle_enable=\"false\" data-particle-mobile-disabled=\"false\" class=\"elementor-element elementor-element-25bc9f5 e-flex e-con-boxed e-con e-parent\" data-id=\"25bc9f5\" data-element_type=\"container\" data-e-type=\"container\">\n\t\t\t\t\t<div class=\"e-con-inner\">\n\t\t\t\t<div class=\"elementor-element elementor-element-ebfbf9b elementor-widget elementor-widget-html\" data-id=\"ebfbf9b\" data-element_type=\"widget\" data-e-type=\"widget\" data-widget_type=\"html.default\">\n\t\t\t\t\t<iframe src=\"https:\/\/www.google.com\/maps\/embed?pb=!4v1759342766980!6m8!1m7!1sqaDh827MDhoAAAQvxe9XKg!2m2!1d14.6426971299131!2d-90.51315422738578!3f184.7387778509085!4f12.168367105599046!5f0.7820865974627469\" width=\"600\" height=\"450\" style=\"border:0;\" allowfullscreen=\"\" loading=\"lazy\" referrerpolicy=\"no-referrer-when-downgrade\"><\/iframe>\t\t\t\t<\/div>\n\t\t\t\t\t<\/div>\n\t\t\t\t<\/div>\n\t\t<div data-particle_enable=\"false\" data-particle-mobile-disabled=\"false\" class=\"elementor-element elementor-element-5566056 e-flex e-con-boxed e-con e-parent\" data-id=\"5566056\" data-element_type=\"container\" data-e-type=\"container\">\n\t\t\t\t\t<div class=\"e-con-inner\">\n\t\t\t\t<div class=\"elementor-element elementor-element-61ea35e elementor-widget elementor-widget-heading\" data-id=\"61ea35e\" data-element_type=\"widget\" data-e-type=\"widget\" data-widget_type=\"heading.default\">\n\t\t\t\t\t<h3 class=\"elementor-heading-title elementor-size-default\">Reconocimientos y legado<\/h3>\t\t\t\t<\/div>\n\t\t\t\t\t<\/div>\n\t\t\t\t<\/div>\n\t\t<div data-particle_enable=\"false\" data-particle-mobile-disabled=\"false\" class=\"elementor-element elementor-element-90c0d58 e-flex e-con-boxed e-con e-parent\" data-id=\"90c0d58\" data-element_type=\"container\" data-e-type=\"container\">\n\t\t\t\t\t<div class=\"e-con-inner\">\n\t\t\t\t<div class=\"elementor-element elementor-element-812866e elementor-widget elementor-widget-text-editor\" data-id=\"812866e\" data-element_type=\"widget\" data-e-type=\"widget\" data-widget_type=\"text-editor.default\">\n\t\t\t\t\t\t\t\t\t<p>A lo largo de su carrera, <a href=\"https:\/\/www.deguate.com\/arte-cultura\/pintura\/alfredo-galvez-suarez.shtml\" target=\"_blank\" rel=\"noopener\">Alfredo G\u00e1lvez Su\u00e1rez fue director de la Escuela Nacional de Artes Pl\u00e1sticas<\/a> \u201cRafael Rodr\u00edguez Padilla\u201d, donde form\u00f3 a nuevas generaciones de artistas. Su legado no se limita \u00fanicamente a su producci\u00f3n art\u00edstica, sino tambi\u00e9n a su influencia en la formaci\u00f3n acad\u00e9mica de muchos creadores guatemaltecos.<\/p>\t\t\t\t\t\t\t\t<\/div>\n\t\t\t\t\t<\/div>\n\t\t\t\t<\/div>\n\t\t<div data-particle_enable=\"false\" data-particle-mobile-disabled=\"false\" class=\"elementor-element elementor-element-b4b0bd2 e-flex e-con-boxed e-con e-parent\" data-id=\"b4b0bd2\" data-element_type=\"container\" data-e-type=\"container\">\n\t\t\t\t\t<div class=\"e-con-inner\">\n\t\t\t\t<div class=\"elementor-element elementor-element-2e7f6ce elementor-widget elementor-widget-image\" data-id=\"2e7f6ce\" data-element_type=\"widget\" data-e-type=\"widget\" data-widget_type=\"image.default\">\n\t\t\t\t\t\t\t\t\t\t\t\t<figure class=\"wp-caption\">\n\t\t\t\t\t\t\t\t\t\t<img decoding=\"async\" width=\"820\" height=\"1024\" src=\"https:\/\/soymigrante.com\/revista\/wp-content\/uploads\/2025\/09\/Alfredo-Galvez-Suarez4-820x1024.jpeg\" class=\"attachment-large size-large wp-image-44137\" alt=\"En las obras de Alfredo G\u00e1lvez Su\u00e1rez se mostraba la realidad de la vida.\" srcset=\"https:\/\/soymigrante.com\/revista\/wp-content\/uploads\/2025\/09\/Alfredo-Galvez-Suarez4-820x1024.jpeg 820w, https:\/\/soymigrante.com\/revista\/wp-content\/uploads\/2025\/09\/Alfredo-Galvez-Suarez4-240x300.jpeg 240w, https:\/\/soymigrante.com\/revista\/wp-content\/uploads\/2025\/09\/Alfredo-Galvez-Suarez4-768x959.jpeg 768w, https:\/\/soymigrante.com\/revista\/wp-content\/uploads\/2025\/09\/Alfredo-Galvez-Suarez4-750x937.jpeg 750w, https:\/\/soymigrante.com\/revista\/wp-content\/uploads\/2025\/09\/Alfredo-Galvez-Suarez4.jpeg 1025w\" sizes=\"(max-width: 820px) 100vw, 820px\" title=\"En las obras de Alfredo G\u00e1lvez Su\u00e1rez se mostraba la realidad de la vida. \u2013 SoyMigrante.com REVISTA\" \/>\t\t\t\t\t\t\t\t\t\t\t<figcaption class=\"widget-image-caption wp-caption-text\">En las obras de Alfredo G\u00e1lvez Su\u00e1rez se mostraba la realidad de la vida. <\/figcaption>\n\t\t\t\t\t\t\t\t\t\t<\/figure>\n\t\t\t\t\t\t\t\t\t<\/div>\n\t\t\t\t\t<\/div>\n\t\t\t\t<\/div>\n\t\t<div data-particle_enable=\"false\" data-particle-mobile-disabled=\"false\" class=\"elementor-element elementor-element-8cd4861 e-flex e-con-boxed e-con e-parent\" data-id=\"8cd4861\" data-element_type=\"container\" data-e-type=\"container\">\n\t\t\t\t\t<div class=\"e-con-inner\">\n\t\t\t\t<div class=\"elementor-element elementor-element-75dde2e elementor-widget elementor-widget-heading\" data-id=\"75dde2e\" data-element_type=\"widget\" data-e-type=\"widget\" data-widget_type=\"heading.default\">\n\t\t\t\t\t<h3 class=\"elementor-heading-title elementor-size-default\">Fallecimiento<\/h3>\t\t\t\t<\/div>\n\t\t\t\t\t<\/div>\n\t\t\t\t<\/div>\n\t\t<div data-particle_enable=\"false\" data-particle-mobile-disabled=\"false\" class=\"elementor-element elementor-element-bf3dd78 e-flex e-con-boxed e-con e-parent\" data-id=\"bf3dd78\" data-element_type=\"container\" data-e-type=\"container\">\n\t\t\t\t\t<div class=\"e-con-inner\">\n\t\t\t\t<div class=\"elementor-element elementor-element-d497114 elementor-widget elementor-widget-text-editor\" data-id=\"d497114\" data-element_type=\"widget\" data-e-type=\"widget\" data-widget_type=\"text-editor.default\">\n\t\t\t\t\t\t\t\t\t<p>El artista falleci\u00f3 en 1946 en Guatemala, a los 47 a\u00f1os de edad. Su muerte temprana dej\u00f3 inconclusos algunos proyectos, pero su obra consolidada bast\u00f3 para ubicarlo entre los grandes referentes de la pintura guatemalteca.<\/p>\t\t\t\t\t\t\t\t<\/div>\n\t\t\t\t\t<\/div>\n\t\t\t\t<\/div>\n\t\t<div data-particle_enable=\"false\" data-particle-mobile-disabled=\"false\" class=\"elementor-element elementor-element-985060a e-flex e-con-boxed e-con e-parent\" data-id=\"985060a\" data-element_type=\"container\" data-e-type=\"container\">\n\t\t\t\t\t<div class=\"e-con-inner\">\n\t\t\t\t<div class=\"elementor-element elementor-element-69132cf elementor-widget elementor-widget-heading\" data-id=\"69132cf\" data-element_type=\"widget\" data-e-type=\"widget\" data-widget_type=\"heading.default\">\n\t\t\t\t\t<h3 class=\"elementor-heading-title elementor-size-default\">Un artista para la memoria<\/h3>\t\t\t\t<\/div>\n\t\t\t\t\t<\/div>\n\t\t\t\t<\/div>\n\t\t<div data-particle_enable=\"false\" data-particle-mobile-disabled=\"false\" class=\"elementor-element elementor-element-daeb7cb e-flex e-con-boxed e-con e-parent\" data-id=\"daeb7cb\" data-element_type=\"container\" data-e-type=\"container\">\n\t\t\t\t\t<div class=\"e-con-inner\">\n\t\t\t\t<div class=\"elementor-element elementor-element-fe6b9a0 elementor-widget elementor-widget-text-editor\" data-id=\"fe6b9a0\" data-element_type=\"widget\" data-e-type=\"widget\" data-widget_type=\"text-editor.default\">\n\t\t\t\t\t\t\t\t\t<p>Hoy, <a href=\"https:\/\/www.deguate.com\/arte-cultura\/pintura\/alfredo-galvez-suarez.shtml\" target=\"_blank\" rel=\"noopener\">Alfredo G\u00e1lvez Su\u00e1rez es recordado como uno de los artistas que marc\u00f3 un puente entre la tradici\u00f3n acad\u00e9mica y la modernidad,<\/a> entre la pintura cl\u00e1sica y el muralismo social. Su nombre sigue vivo en museos, galer\u00edas y en los muros que todav\u00eda hablan con los colores y formas que \u00e9l plasm\u00f3.<\/p>\t\t\t\t\t\t\t\t<\/div>\n\t\t\t\t\t<\/div>\n\t\t\t\t<\/div>\n\t\t<div data-particle_enable=\"false\" data-particle-mobile-disabled=\"false\" class=\"elementor-element elementor-element-35a9064 e-flex e-con-boxed e-con e-parent\" data-id=\"35a9064\" data-element_type=\"container\" data-e-type=\"container\">\n\t\t\t\t\t<div class=\"e-con-inner\">\n\t\t\t\t<div class=\"elementor-element elementor-element-5d74544 elementor-widget elementor-widget-heading\" data-id=\"5d74544\" data-element_type=\"widget\" data-e-type=\"widget\" data-widget_type=\"heading.default\">\n\t\t\t\t\t<h2 class=\"elementor-heading-title elementor-size-default\">Conoce la obra de otros artistas, ac\u00e1...<\/h2>\t\t\t\t<\/div>\n\t\t\t\t\t<\/div>\n\t\t\t\t<\/div>\n\t\t<div data-particle_enable=\"false\" data-particle-mobile-disabled=\"false\" class=\"elementor-element elementor-element-66ea232 e-flex e-con-boxed e-con e-parent\" data-id=\"66ea232\" data-element_type=\"container\" data-e-type=\"container\">\n\t\t\t\t\t<div class=\"e-con-inner\">\n\t\t\t\t<div class=\"elementor-element elementor-element-5d9b7c8 elementor-grid-eael-col-3 elementor-grid-tablet-eael-col-2 elementor-grid-mobile-eael-col-1 elementor-widget elementor-widget-eael-post-grid\" data-id=\"5d9b7c8\" data-element_type=\"widget\" data-e-type=\"widget\" data-settings=\"{&quot;eael_post_grid_columns&quot;:&quot;eael-col-3&quot;,&quot;eael_post_grid_columns_tablet&quot;:&quot;eael-col-2&quot;,&quot;eael_post_grid_columns_mobile&quot;:&quot;eael-col-1&quot;}\" data-widget_type=\"eael-post-grid.default\">\n\t\t\t\t\t<div id=\"eael-post-grid-5d9b7c8\" class=\"eael-post-grid-container\">\n            <div class=\"eael-post-grid eael-post-appender eael-post-appender-5d9b7c8 eael-post-grid-style-one\" data-layout-mode=\"masonry\"><article class=\"eael-grid-post  eael-post-grid-column eael-pg-post-3245 category-estamos-unidos\" data-id=\"3245\">\n        <div class=\"eael-grid-post-holder\">\n            <div class=\"eael-grid-post-holder-inner\"><div class=\"eael-entry-media\"><div class=\"eael-entry-overlay fade-in\"><i class=\"far fa-hand-pointer\" aria-hidden=\"true\"><\/i><a href=\"https:\/\/soymigrante.com\/revista\/houston-artista-maya-tzutujil-efectua-un-performance-en-homenaje-a-migrantes\/\"><\/a><\/div><div class=\"eael-entry-thumbnail \">\n                <img loading=\"lazy\" decoding=\"async\" width=\"1024\" height=\"658\" src=\"https:\/\/soymigrante.com\/revista\/wp-content\/uploads\/2023\/11\/Artista-guatemalteco-Benvenuto-Chavajay-efectua-homenaje-a-migrantes-fallecidos-en-Houston-Texas-3-1024x658.webp\" class=\"attachment-large size-large wp-image-3246\" alt=\"\" srcset=\"https:\/\/soymigrante.com\/revista\/wp-content\/uploads\/2023\/11\/Artista-guatemalteco-Benvenuto-Chavajay-efectua-homenaje-a-migrantes-fallecidos-en-Houston-Texas-3-1024x658.webp 1024w, https:\/\/soymigrante.com\/revista\/wp-content\/uploads\/2023\/11\/Artista-guatemalteco-Benvenuto-Chavajay-efectua-homenaje-a-migrantes-fallecidos-en-Houston-Texas-3-300x193.webp 300w, https:\/\/soymigrante.com\/revista\/wp-content\/uploads\/2023\/11\/Artista-guatemalteco-Benvenuto-Chavajay-efectua-homenaje-a-migrantes-fallecidos-en-Houston-Texas-3-768x493.webp 768w, https:\/\/soymigrante.com\/revista\/wp-content\/uploads\/2023\/11\/Artista-guatemalteco-Benvenuto-Chavajay-efectua-homenaje-a-migrantes-fallecidos-en-Houston-Texas-3-1536x987.webp 1536w, https:\/\/soymigrante.com\/revista\/wp-content\/uploads\/2023\/11\/Artista-guatemalteco-Benvenuto-Chavajay-efectua-homenaje-a-migrantes-fallecidos-en-Houston-Texas-3-750x482.webp 750w, https:\/\/soymigrante.com\/revista\/wp-content\/uploads\/2023\/11\/Artista-guatemalteco-Benvenuto-Chavajay-efectua-homenaje-a-migrantes-fallecidos-en-Houston-Texas-3-1140x732.webp 1140w, https:\/\/soymigrante.com\/revista\/wp-content\/uploads\/2023\/11\/Artista-guatemalteco-Benvenuto-Chavajay-efectua-homenaje-a-migrantes-fallecidos-en-Houston-Texas-3.webp 1600w\" sizes=\"(max-width: 1024px) 100vw, 1024px\" \/>\n            <\/div>\n        <\/div><div class=\"eael-entry-wrapper\"><header class=\"eael-entry-header\"><h2 class=\"eael-entry-title\"><a class=\"eael-grid-post-link\" href=\"https:\/\/soymigrante.com\/revista\/houston-artista-maya-tzutujil-efectua-un-performance-en-homenaje-a-migrantes\/\" title=\"Artista tzutujil efect\u00faa performance en Houston a la memoria de almas de migrantes\">Artista tzutujil efect\u00faa performance en Houston a la memoria de almas de migrantes<\/a><\/h2><\/header><div class=\"eael-entry-content\">\n                        <div class=\"eael-grid-post-excerpt\"><a href=\"https:\/\/soymigrante.com\/revista\/houston-artista-maya-tzutujil-efectua-un-performance-en-homenaje-a-migrantes\/\" class=\"eael-post-elements-readmore-btn\">CONOCE SU HISTORIA <\/a><\/div>\n                    <\/div><\/div><\/div>\n        <\/div>\n    <\/article><article class=\"eael-grid-post  eael-post-grid-column eael-pg-post-33014 category-exitos-guatemala\" data-id=\"33014\">\n        <div class=\"eael-grid-post-holder\">\n            <div class=\"eael-grid-post-holder-inner\"><div class=\"eael-entry-media\"><div class=\"eael-entry-overlay fade-in\"><i class=\"far fa-hand-pointer\" aria-hidden=\"true\"><\/i><a href=\"https:\/\/soymigrante.com\/revista\/artista-guatemalteca-sharley-rodriguez-vive-para-crear-y-crea-para-inspirar-en-nashville-tennessee\/\"><\/a><\/div><div class=\"eael-entry-thumbnail \">\n                <img loading=\"lazy\" decoding=\"async\" width=\"1024\" height=\"1024\" src=\"https:\/\/soymigrante.com\/revista\/wp-content\/uploads\/2025\/05\/shirley-rodriguez-pintora-guatemalteca-tennessee-cuadrada-1024x1024.jpg\" class=\"attachment-large size-large wp-image-33015\" alt=\"Coj\u00edn de piel con pintura art\u00edstica que representa la cultura y paisajes de M\u00e9xico, con tem\u00e1tica de migrantes y ra\u00edces mexicanas.\" srcset=\"https:\/\/soymigrante.com\/revista\/wp-content\/uploads\/2025\/05\/shirley-rodriguez-pintora-guatemalteca-tennessee-cuadrada-1024x1024.jpg 1024w, https:\/\/soymigrante.com\/revista\/wp-content\/uploads\/2025\/05\/shirley-rodriguez-pintora-guatemalteca-tennessee-cuadrada-300x300.jpg 300w, https:\/\/soymigrante.com\/revista\/wp-content\/uploads\/2025\/05\/shirley-rodriguez-pintora-guatemalteca-tennessee-cuadrada-150x150.jpg 150w, https:\/\/soymigrante.com\/revista\/wp-content\/uploads\/2025\/05\/shirley-rodriguez-pintora-guatemalteca-tennessee-cuadrada-768x768.jpg 768w, https:\/\/soymigrante.com\/revista\/wp-content\/uploads\/2025\/05\/shirley-rodriguez-pintora-guatemalteca-tennessee-cuadrada-75x75.webp 75w, https:\/\/soymigrante.com\/revista\/wp-content\/uploads\/2025\/05\/shirley-rodriguez-pintora-guatemalteca-tennessee-cuadrada-750x750.webp 750w, https:\/\/soymigrante.com\/revista\/wp-content\/uploads\/2025\/05\/shirley-rodriguez-pintora-guatemalteca-tennessee-cuadrada.webp 1094w\" sizes=\"(max-width: 1024px) 100vw, 1024px\" \/>\n            <\/div>\n        <\/div><div class=\"eael-entry-wrapper\"><header class=\"eael-entry-header\"><h2 class=\"eael-entry-title\"><a class=\"eael-grid-post-link\" href=\"https:\/\/soymigrante.com\/revista\/artista-guatemalteca-sharley-rodriguez-vive-para-crear-y-crea-para-inspirar-en-nashville-tennessee\/\" title=\"Artista guatemalteca Sharley Rodr\u00edguez vive para crear y crea para inspirar en Nashville, Tennessee\">Artista guatemalteca Sharley Rodr\u00edguez vive para crear y crea para inspirar en Nashville, Tennessee<\/a><\/h2><\/header><div class=\"eael-entry-content\">\n                        <div class=\"eael-grid-post-excerpt\"><a href=\"https:\/\/soymigrante.com\/revista\/artista-guatemalteca-sharley-rodriguez-vive-para-crear-y-crea-para-inspirar-en-nashville-tennessee\/\" class=\"eael-post-elements-readmore-btn\">CONOCE SU HISTORIA <\/a><\/div>\n                    <\/div><\/div><\/div>\n        <\/div>\n    <\/article><article class=\"eael-grid-post  eael-post-grid-column eael-pg-post-5234 category-estamos-unidos tags-dia-internacional-de-la-mujer\" data-id=\"5234\">\n        <div class=\"eael-grid-post-holder\">\n            <div class=\"eael-grid-post-holder-inner\"><div class=\"eael-entry-media\"><div class=\"eael-entry-overlay fade-in\"><i class=\"far fa-hand-pointer\" aria-hidden=\"true\"><\/i><a href=\"https:\/\/soymigrante.com\/revista\/cantautora-maya-gira-estados-unidos-migrantes\/\"><\/a><\/div><div class=\"eael-entry-thumbnail \">\n                <img loading=\"lazy\" decoding=\"async\" width=\"1024\" height=\"1024\" src=\"https:\/\/soymigrante.com\/revista\/wp-content\/uploads\/2024\/03\/BANNER-Chumilkaj-Curruchiche-Nicho-3-1024x1024.webp\" class=\"attachment-large size-large wp-image-5235\" alt=\"Cantautora Ch&#039;umilkaj Nicho reivindica con su m\u00fasica el idioma kaqchikel el cual se habla en varios pobladores de departamentos del centro de Guatemala.\" srcset=\"https:\/\/soymigrante.com\/revista\/wp-content\/uploads\/2024\/03\/BANNER-Chumilkaj-Curruchiche-Nicho-3-1024x1024.webp 1024w, https:\/\/soymigrante.com\/revista\/wp-content\/uploads\/2024\/03\/BANNER-Chumilkaj-Curruchiche-Nicho-3-300x300.webp 300w, https:\/\/soymigrante.com\/revista\/wp-content\/uploads\/2024\/03\/BANNER-Chumilkaj-Curruchiche-Nicho-3-150x150.webp 150w, https:\/\/soymigrante.com\/revista\/wp-content\/uploads\/2024\/03\/BANNER-Chumilkaj-Curruchiche-Nicho-3-768x768.webp 768w, https:\/\/soymigrante.com\/revista\/wp-content\/uploads\/2024\/03\/BANNER-Chumilkaj-Curruchiche-Nicho-3-75x75.webp 75w, https:\/\/soymigrante.com\/revista\/wp-content\/uploads\/2024\/03\/BANNER-Chumilkaj-Curruchiche-Nicho-3-750x750.webp 750w, https:\/\/soymigrante.com\/revista\/wp-content\/uploads\/2024\/03\/BANNER-Chumilkaj-Curruchiche-Nicho-3-1140x1140.webp 1140w, https:\/\/soymigrante.com\/revista\/wp-content\/uploads\/2024\/03\/BANNER-Chumilkaj-Curruchiche-Nicho-3-600x600.webp 600w, https:\/\/soymigrante.com\/revista\/wp-content\/uploads\/2024\/03\/BANNER-Chumilkaj-Curruchiche-Nicho-3.webp 1221w\" sizes=\"(max-width: 1024px) 100vw, 1024px\" \/>\n            <\/div>\n        <\/div><div class=\"eael-entry-wrapper\"><header class=\"eael-entry-header\"><h2 class=\"eael-entry-title\"><a class=\"eael-grid-post-link\" href=\"https:\/\/soymigrante.com\/revista\/cantautora-maya-gira-estados-unidos-migrantes\/\" title=\"Artista maya Ch&#8217;umilkaj Nicho le canta a las migrantes en gira por EE.UU.\">Artista maya Ch&#8217;umilkaj Nicho le canta a las migrantes en gira por EE.UU.<\/a><\/h2><\/header><div class=\"eael-entry-content\">\n                        <div class=\"eael-grid-post-excerpt\"><a href=\"https:\/\/soymigrante.com\/revista\/cantautora-maya-gira-estados-unidos-migrantes\/\" class=\"eael-post-elements-readmore-btn\">CONOCE SU HISTORIA <\/a><\/div>\n                    <\/div><\/div><\/div>\n        <\/div>\n    <\/article><\/div>\n            <div class=\"clearfix\"><\/div>\n        <\/div>\t\t\t\t<\/div>\n\t\t\t\t\t<\/div>\n\t\t\t\t<\/div>\n\t\t\t\t<\/div>\n\t\t","protected":false},"excerpt":{"rendered":"<p>Alfredo G\u00e1lvez Su\u00e1rez fue un pionero del arte guatemalteco, su muralismo dej\u00f3 una huella imborrable en Guatemala. Guatemala ha tenido grandes exponentes de las artes pl\u00e1sticas, y entre ellos destaca Alfredo G\u00e1lvez Su\u00e1rez, un pintor y muralista que dej\u00f3 una huella imborrable en la historia cultural del pa\u00eds. Su obra, marcada por el retrato, la [&hellip;]<\/p>\n","protected":false},"author":19,"featured_media":44507,"comment_status":"open","ping_status":"open","sticky":false,"template":"","format":"standard","meta":{"_acf_changed":false,"_eb_attr":"","footnotes":""},"categories":[91,58],"tags":[],"class_list":["post-44129","post","type-post","status-publish","format-standard","has-post-thumbnail","hentry","category-arte-cultura","category-guate-nuestra"],"acf":[],"aioseo_notices":[],"aioseo_head":"\n\t\t<!-- All in One SEO Pro 4.9.6.2 - aioseo.com -->\n\t<meta name=\"description\" content=\"Ch&#039;umilkaj Nicho canta en kaqchikel las desigualdades que provocaron la migraci\u00f3n de miles de guatemaltecos hacia Estados Unidos.\" \/>\n\t<meta name=\"robots\" content=\"max-snippet:-1, max-image-preview:large, max-video-preview:-1\" \/>\n\t<meta name=\"author\" content=\"Mynor Toc\"\/>\n\t<link rel=\"canonical\" href=\"https:\/\/soymigrante.com\/revista\/cantautora-maya-gira-estados-unidos-migrantes\/\" \/>\n\t<meta name=\"generator\" content=\"All in One SEO Pro (AIOSEO) 4.9.6.2\" \/>\n\n\t\t<link rel=\"preconnect\" href=\"https:\/\/fonts.googleapis.com\" crossorigin>\n<link rel=\"preconnect\" href=\"https:\/\/fonts.gstatic.com\" crossorigin>\n\t\t<meta property=\"og:locale\" content=\"es_ES\" \/>\n\t\t<meta property=\"og:site_name\" content=\"SoyMigrante.com REVISTA \u2013 Nuestra misi\u00f3n es reconocer y dignificar al migrante.\" \/>\n\t\t<meta property=\"og:type\" content=\"article\" \/>\n\t\t<meta property=\"og:title\" content=\"Artista maya Ch\u2019umilkaj Nicho le canta a las migrantes en gira por EE.UU.\" \/>\n\t\t<meta property=\"og:description\" content=\"Ch&#039;umilkaj Nicho canta en kaqchikel las desigualdades que provocaron la migraci\u00f3n de miles de guatemaltecos hacia Estados Unidos.\" \/>\n\t\t<meta property=\"og:url\" content=\"https:\/\/soymigrante.com\/revista\/cantautora-maya-gira-estados-unidos-migrantes\/\" \/>\n\t\t<meta property=\"og:image\" content=\"https:\/\/soymigrante.com\/revista\/wp-content\/uploads\/2024\/03\/BANNER-Chumilkaj-Curruchiche-Nicho-3.webp\" \/>\n\t\t<meta property=\"og:image:secure_url\" content=\"https:\/\/soymigrante.com\/revista\/wp-content\/uploads\/2024\/03\/BANNER-Chumilkaj-Curruchiche-Nicho-3.webp\" \/>\n\t\t<meta property=\"og:image:width\" content=\"1221\" \/>\n\t\t<meta property=\"og:image:height\" content=\"1221\" \/>\n\t\t<meta property=\"article:published_time\" content=\"2024-03-08T01:03:38+00:00\" \/>\n\t\t<meta property=\"article:modified_time\" content=\"2024-07-30T18:44:52+00:00\" \/>\n\t\t<meta property=\"article:publisher\" content=\"https:\/\/www.facebook.com\/soymigrantecom\" \/>\n\t\t<meta name=\"twitter:card\" content=\"summary_large_image\" \/>\n\t\t<meta name=\"twitter:site\" content=\"@SoyMigrante_com\" \/>\n\t\t<meta name=\"twitter:title\" content=\"Artista maya Ch\u2019umilkaj Nicho le canta a las migrantes en gira por EE.UU.\" \/>\n\t\t<meta name=\"twitter:description\" content=\"Ch&#039;umilkaj Nicho canta en kaqchikel las desigualdades que provocaron la migraci\u00f3n de miles de guatemaltecos hacia Estados Unidos.\" \/>\n\t\t<meta name=\"twitter:creator\" content=\"@SoyMigrante_com\" \/>\n\t\t<meta name=\"twitter:image\" content=\"https:\/\/soymigrante.com\/revista\/wp-content\/uploads\/2024\/03\/BANNER-Chumilkaj-Curruchiche-Nicho-3.webp\" \/>\n\t\t<!-- All in One SEO Pro -->\r\n\t\t<title>Artista maya Ch\u2019umilkaj Nicho le canta a las migrantes en gira por EE.UU.<\/title>\n\n","aioseo_head_json":{"title":"Artista maya Ch\u2019umilkaj Nicho le canta a las migrantes en gira por EE.UU.","description":"Ch'umilkaj Nicho canta en kaqchikel las desigualdades que provocaron la migraci\u00f3n de miles de guatemaltecos hacia Estados Unidos.","canonical_url":"https:\/\/soymigrante.com\/revista\/cantautora-maya-gira-estados-unidos-migrantes\/","robots":"max-snippet:-1, max-image-preview:large, max-video-preview:-1","keywords":"","webmasterTools":{"miscellaneous":"&lt;link rel=\"preconnect\" href=\"https:\/\/fonts.googleapis.com\" crossorigin&gt;\n&lt;link rel=\"preconnect\" href=\"https:\/\/fonts.gstatic.com\" crossorigin&gt;"},"schema":null,"og:locale":"es_ES","og:site_name":"SoyMigrante.com REVISTA \u2013 Nuestra misi\u00f3n es reconocer y dignificar al migrante.","og:type":"article","og:title":"Artista maya Ch\u2019umilkaj Nicho le canta a las migrantes en gira por EE.UU.","og:description":"Ch'umilkaj Nicho canta en kaqchikel las desigualdades que provocaron la migraci\u00f3n de miles de guatemaltecos hacia Estados Unidos.","og:url":"https:\/\/soymigrante.com\/revista\/cantautora-maya-gira-estados-unidos-migrantes\/","og:image":"https:\/\/soymigrante.com\/revista\/wp-content\/uploads\/2024\/03\/BANNER-Chumilkaj-Curruchiche-Nicho-3.webp","og:image:secure_url":"https:\/\/soymigrante.com\/revista\/wp-content\/uploads\/2024\/03\/BANNER-Chumilkaj-Curruchiche-Nicho-3.webp","og:image:width":1221,"og:image:height":1221,"article:published_time":"2024-03-08T01:03:38+00:00","article:modified_time":"2024-07-30T18:44:52+00:00","article:publisher":"https:\/\/www.facebook.com\/soymigrantecom","twitter:card":"summary_large_image","twitter:site":"@SoyMigrante_com","twitter:title":"Artista maya Ch\u2019umilkaj Nicho le canta a las migrantes en gira por EE.UU.","twitter:description":"Ch'umilkaj Nicho canta en kaqchikel las desigualdades que provocaron la migraci\u00f3n de miles de guatemaltecos hacia Estados Unidos.","twitter:creator":"@SoyMigrante_com","twitter:image":"https:\/\/soymigrante.com\/revista\/wp-content\/uploads\/2024\/03\/BANNER-Chumilkaj-Curruchiche-Nicho-3.webp"},"aioseo_meta_data":{"post_id":"44129","title":null,"description":"Alfredo G\u00e1lvez Su\u00e1rez (1899-1946) de Alta Verapaz, dej\u00f3 una impresionante huella en sus murales referentes a la identidad multicultural en el Palacio Nacional de la Cultura.","keywords":null,"keyphrases":{"focus":{"keyphrase":"Alfredo G\u00e1lvez Su\u00e1rez","score":87,"analysis":{"keyphraseInTitle":{"score":9,"maxScore":9,"error":0},"keyphraseInDescription":{"score":9,"maxScore":9,"error":0},"keyphraseLength":{"score":6,"maxScore":9,"error":1,"length":5},"keyphraseInURL":{"score":5,"maxScore":5,"error":0},"keyphraseInIntroduction":{"score":9,"maxScore":9,"error":0},"keyphraseInSubHeadings":{"score":3,"maxScore":9,"error":1},"keyphraseInImageAlt":{"score":9,"maxScore":9,"error":0},"keywordDensity":{"type":"best","score":9,"maxScore":9,"error":0}}},"additional":[{"keyphrase":"arte","score":87,"analysis":{"keyphraseInDescription":{"score":3,"maxScore":9,"error":1},"keyphraseLength":{"score":9,"maxScore":9,"error":0,"length":1},"keyphraseInIntroduction":{"score":9,"maxScore":9,"error":0},"keyphraseInImageAlt":{"score":9,"maxScore":9,"error":0},"keywordDensity":{"type":"best","score":9,"maxScore":9,"error":0}}},{"keyphrase":"guatemalteco","score":60,"analysis":{"keyphraseInDescription":{"score":3,"maxScore":9,"error":1},"keyphraseLength":{"score":9,"maxScore":9,"error":0,"length":1},"keyphraseInIntroduction":{"score":3,"maxScore":9,"error":1},"keyphraseInImageAlt":{"score":3,"maxScore":9,"error":1},"keywordDensity":{"type":"best","score":9,"maxScore":9,"error":0}}}]},"primary_term":null,"canonical_url":null,"og_title":null,"og_description":null,"og_object_type":"default","og_image_type":"default","og_image_url":null,"og_image_width":null,"og_image_height":null,"og_image_custom_url":null,"og_image_custom_fields":null,"og_video":"","og_custom_url":null,"og_article_section":null,"og_article_tags":null,"twitter_use_og":false,"twitter_card":"default","twitter_image_type":"default","twitter_image_url":null,"twitter_image_custom_url":null,"twitter_image_custom_fields":null,"twitter_title":null,"twitter_description":null,"schema":{"blockGraphs":[],"customGraphs":[],"default":{"data":{"Article":[],"Course":[],"Dataset":[],"FAQPage":[],"Movie":[],"Person":[],"Product":[],"ProductReview":[],"Car":[],"Recipe":[],"Service":[],"SoftwareApplication":[],"WebPage":[]},"graphName":"none","isEnabled":true},"graphs":[]},"schema_type":"default","schema_type_options":null,"pillar_content":false,"robots_default":true,"robots_noindex":false,"robots_noarchive":false,"robots_nosnippet":false,"robots_nofollow":false,"robots_noimageindex":false,"robots_noodp":false,"robots_notranslate":false,"robots_max_snippet":"-1","robots_max_videopreview":"-1","robots_max_imagepreview":"large","priority":null,"frequency":"default","local_seo":null,"seo_analyzer_scan_date":"2025-10-09 08:29:22","breadcrumb_settings":null,"limit_modified_date":false,"reviewed_by":"0","open_ai":null,"ai":{"faqs":[],"keyPoints":[],"titles":[],"descriptions":[],"socialPosts":{"email":[],"linkedin":[],"twitter":[],"facebook":[],"instagram":[]}},"created":"2025-09-09 20:06:24","updated":"2026-02-05 04:58:05"},"aioseo_breadcrumb":"<div class=\"aioseo-breadcrumbs\"><span class=\"aioseo-breadcrumb\">\n\t<a href=\"https:\/\/soymigrante.com\/revista\" title=\"Home\">Home<\/a>\n<\/span><span class=\"aioseo-breadcrumb-separator\">\u00bb<\/span><span class=\"aioseo-breadcrumb\">\n\t<a href=\"https:\/\/soymigrante.com\/revista\/category\/guate-nuestra\/\" title=\"Guate Nuestra\">Guate Nuestra<\/a>\n<\/span><span class=\"aioseo-breadcrumb-separator\">\u00bb<\/span><span class=\"aioseo-breadcrumb\">\n\t<a href=\"https:\/\/soymigrante.com\/revista\/category\/guate-nuestra\/arte-cultura\/\" title=\"Cultura de Guatemala\">Cultura de Guatemala<\/a>\n<\/span><span class=\"aioseo-breadcrumb-separator\">\u00bb<\/span><span class=\"aioseo-breadcrumb\">\n\tMira arte guatemalteco: murales de Alfredo G\u00e1lvez Su\u00e1rez siguen deslumbrando\n<\/span><\/div>","aioseo_breadcrumb_json":[{"label":"Home","link":"https:\/\/soymigrante.com\/revista"},{"label":"Guate Nuestra","link":"https:\/\/soymigrante.com\/revista\/category\/guate-nuestra\/"},{"label":"Cultura de Guatemala","link":"https:\/\/soymigrante.com\/revista\/category\/guate-nuestra\/arte-cultura\/"},{"label":"Mira arte guatemalteco: murales de Alfredo G\u00e1lvez Su\u00e1rez siguen deslumbrando","link":"https:\/\/soymigrante.com\/revista\/mira-arte-guatemalteco-murales-de-alfredo-galvez-suarez-siguen-deslumbrando\/"}],"_links":{"self":[{"href":"https:\/\/soymigrante.com\/revista\/wp-json\/wp\/v2\/posts\/44129","targetHints":{"allow":["GET"]}}],"collection":[{"href":"https:\/\/soymigrante.com\/revista\/wp-json\/wp\/v2\/posts"}],"about":[{"href":"https:\/\/soymigrante.com\/revista\/wp-json\/wp\/v2\/types\/post"}],"author":[{"embeddable":true,"href":"https:\/\/soymigrante.com\/revista\/wp-json\/wp\/v2\/users\/19"}],"replies":[{"embeddable":true,"href":"https:\/\/soymigrante.com\/revista\/wp-json\/wp\/v2\/comments?post=44129"}],"version-history":[{"count":27,"href":"https:\/\/soymigrante.com\/revista\/wp-json\/wp\/v2\/posts\/44129\/revisions"}],"predecessor-version":[{"id":46513,"href":"https:\/\/soymigrante.com\/revista\/wp-json\/wp\/v2\/posts\/44129\/revisions\/46513"}],"wp:featuredmedia":[{"embeddable":true,"href":"https:\/\/soymigrante.com\/revista\/wp-json\/wp\/v2\/media\/44507"}],"wp:attachment":[{"href":"https:\/\/soymigrante.com\/revista\/wp-json\/wp\/v2\/media?parent=44129"}],"wp:term":[{"taxonomy":"category","embeddable":true,"href":"https:\/\/soymigrante.com\/revista\/wp-json\/wp\/v2\/categories?post=44129"},{"taxonomy":"post_tag","embeddable":true,"href":"https:\/\/soymigrante.com\/revista\/wp-json\/wp\/v2\/tags?post=44129"}],"curies":[{"name":"wp","href":"https:\/\/api.w.org\/{rel}","templated":true}]}}