{"id":44116,"date":"2025-09-09T15:41:15","date_gmt":"2025-09-09T21:41:15","guid":{"rendered":"https:\/\/soymigrante.com\/revista\/?p=44116"},"modified":"2025-09-09T17:56:11","modified_gmt":"2025-09-09T23:56:11","slug":"luna-de-xelaju-sono-en-la-india-con-la-marimba-femenina-de-concierto-de-malacatancito","status":"publish","type":"post","link":"https:\/\/soymigrante.com\/revista\/luna-de-xelaju-sono-en-la-india-con-la-marimba-femenina-de-concierto-de-malacatancito\/","title":{"rendered":"Luna de Xelaj\u00fa son\u00f3 en la India con la Marimba Femenina de Concierto de Malacatancito"},"content":{"rendered":"\t\t<div data-elementor-type=\"wp-post\" data-elementor-id=\"44116\" class=\"elementor elementor-44116\" data-elementor-post-type=\"post\">\n\t\t\t\t<div data-particle_enable=\"false\" data-particle-mobile-disabled=\"false\" class=\"elementor-element elementor-element-0bd1b13 e-flex e-con-boxed e-con e-parent\" data-id=\"0bd1b13\" data-element_type=\"container\" data-e-type=\"container\">\n\t\t\t\t\t<div class=\"e-con-inner\">\n\t\t\t\t<div class=\"elementor-element elementor-element-4cb1780 elementor-widget elementor-widget-heading\" data-id=\"4cb1780\" data-element_type=\"widget\" data-e-type=\"widget\" data-widget_type=\"heading.default\">\n\t\t\t\t\t<h2 class=\"elementor-heading-title elementor-size-default\">Luna de Xelaj\u00fa suena en la India: la Marimba Femenina del Centro Cultural de Malacatancito, San Marcos, lleva el alma de Guatemala a festival internacional de cultura efectuado en India.<\/h2>\t\t\t\t<\/div>\n\t\t\t\t\t<\/div>\n\t\t\t\t<\/div>\n\t\t<div data-particle_enable=\"false\" data-particle-mobile-disabled=\"false\" class=\"elementor-element elementor-element-7edcce2 e-flex e-con-boxed e-con e-parent\" data-id=\"7edcce2\" data-element_type=\"container\" data-e-type=\"container\">\n\t\t\t\t\t<div class=\"e-con-inner\">\n\t\t\t\t<div class=\"elementor-element elementor-element-ef49fa8 elementor-widget elementor-widget-text-editor\" data-id=\"ef49fa8\" data-element_type=\"widget\" data-e-type=\"widget\" data-widget_type=\"text-editor.default\">\n\t\t\t\t\t\t\t\t\t<p>El sonido profundo y alegre de la marimba, instrumento nacional de Guatemala, cruz\u00f3 continentes para emocionar a un p\u00fablico que nunca antes hab\u00eda visto tan de cerca la riqueza cultural del pa\u00eds centroamericano. <a href=\"https:\/\/www.facebook.com\/profile.php?id=100063536501739\" target=\"_blank\" rel=\"noopener\">La Marimba Femenina del Centro Cultural de Malacatancito,<\/a> Huehuetenango, fue protagonista en el Festival Mundial Cultural en la India 2025, donde recibi\u00f3 un emotivo homenaje por su labor como int\u00e9rprete y promotora de la identidad guatemalteca.<\/p><p>El escenario se ilumin\u00f3 cuando las j\u00f3venes artistas guatemaltecas tocaron los primeros acordes de \u201c<a href=\"https:\/\/www.facebook.com\/profile.php?id=100063536501739\" target=\"_blank\" rel=\"noopener\">Luna de Xelaj\u00fa\u201d, una de las melod\u00edas m\u00e1s emblem\u00e1ticas de la naci\u00f3n.<\/a> El p\u00fablico en la India escuch\u00f3 con atenci\u00f3n, algunos incluso conmovidos, al descubrir c\u00f3mo un peque\u00f1o pa\u00eds de Am\u00e9rica Central pod\u00eda transmitir tanta fuerza, dulzura y orgullo a trav\u00e9s de su m\u00fasica. La velada incluy\u00f3 tambi\u00e9n la tradicional Noche de Luna entre ruinas.<\/p>\t\t\t\t\t\t\t\t<\/div>\n\t\t\t\t\t<\/div>\n\t\t\t\t<\/div>\n\t\t<div data-particle_enable=\"false\" data-particle-mobile-disabled=\"false\" class=\"elementor-element elementor-element-26f87d5 e-flex e-con-boxed e-con e-parent\" data-id=\"26f87d5\" data-element_type=\"container\" data-e-type=\"container\">\n\t\t\t\t\t<div class=\"e-con-inner\">\n\t\t\t\t<div class=\"elementor-element elementor-element-0d7e0d1 elementor-widget elementor-widget-image\" data-id=\"0d7e0d1\" data-element_type=\"widget\" data-e-type=\"widget\" data-widget_type=\"image.default\">\n\t\t\t\t\t\t\t\t\t\t\t\t<figure class=\"wp-caption\">\n\t\t\t\t\t\t\t\t\t\t<img fetchpriority=\"high\" decoding=\"async\" width=\"1024\" height=\"729\" src=\"https:\/\/soymigrante.com\/revista\/wp-content\/uploads\/2025\/09\/Captura-de-pantalla-2025-09-09-175148-1024x729.png\" class=\"attachment-large size-large wp-image-44175\" alt=\"Por motivos de log\u00edstica y costos, no fue posible transportar la marimba original de concierto, por lo que utilizaron un instrumento provisto por los organizadores en India.\" srcset=\"https:\/\/soymigrante.com\/revista\/wp-content\/uploads\/2025\/09\/Captura-de-pantalla-2025-09-09-175148-1024x729.png 1024w, https:\/\/soymigrante.com\/revista\/wp-content\/uploads\/2025\/09\/Captura-de-pantalla-2025-09-09-175148-300x214.png 300w, https:\/\/soymigrante.com\/revista\/wp-content\/uploads\/2025\/09\/Captura-de-pantalla-2025-09-09-175148-768x547.png 768w, https:\/\/soymigrante.com\/revista\/wp-content\/uploads\/2025\/09\/Captura-de-pantalla-2025-09-09-175148-120x86.png 120w, https:\/\/soymigrante.com\/revista\/wp-content\/uploads\/2025\/09\/Captura-de-pantalla-2025-09-09-175148-350x250.png 350w, https:\/\/soymigrante.com\/revista\/wp-content\/uploads\/2025\/09\/Captura-de-pantalla-2025-09-09-175148-750x534.png 750w, https:\/\/soymigrante.com\/revista\/wp-content\/uploads\/2025\/09\/Captura-de-pantalla-2025-09-09-175148.png 1104w\" sizes=\"(max-width: 1024px) 100vw, 1024px\" title=\"Por motivos de log\u00edstica y costos, no fue posible transportar la marimba original de concierto, por lo que utilizaron un instrumento provisto por los organizadores en India. \u2013 SoyMigrante.com REVISTA\" \/>\t\t\t\t\t\t\t\t\t\t\t<figcaption class=\"widget-image-caption wp-caption-text\">Por motivos de log\u00edstica y costos, no fue posible transportar la marimba original de concierto, por lo que utilizaron un instrumento provisto por los organizadores en India. <\/figcaption>\n\t\t\t\t\t\t\t\t\t\t<\/figure>\n\t\t\t\t\t\t\t\t\t<\/div>\n\t\t\t\t\t<\/div>\n\t\t\t\t<\/div>\n\t\t<div data-particle_enable=\"false\" data-particle-mobile-disabled=\"false\" class=\"elementor-element elementor-element-1004ccf e-flex e-con-boxed e-con e-parent\" data-id=\"1004ccf\" data-element_type=\"container\" data-e-type=\"container\">\n\t\t\t\t\t<div class=\"e-con-inner\">\n\t\t\t\t<div class=\"elementor-element elementor-element-32b8ca5 elementor-widget elementor-widget-heading\" data-id=\"32b8ca5\" data-element_type=\"widget\" data-e-type=\"widget\" data-widget_type=\"heading.default\">\n\t\t\t\t\t<h3 class=\"elementor-heading-title elementor-size-default\">Mujeres que hacen historia<\/h3>\t\t\t\t<\/div>\n\t\t\t\t\t<\/div>\n\t\t\t\t<\/div>\n\t\t<div data-particle_enable=\"false\" data-particle-mobile-disabled=\"false\" class=\"elementor-element elementor-element-a70897e e-flex e-con-boxed e-con e-parent\" data-id=\"a70897e\" data-element_type=\"container\" data-e-type=\"container\">\n\t\t\t\t\t<div class=\"e-con-inner\">\n\t\t\t\t<div class=\"elementor-element elementor-element-9b41b3c elementor-widget elementor-widget-text-editor\" data-id=\"9b41b3c\" data-element_type=\"widget\" data-e-type=\"widget\" data-widget_type=\"text-editor.default\">\n\t\t\t\t\t\t\t\t\t<p><a href=\"https:\/\/www.facebook.com\/profile.php?id=100063536501739\" target=\"_blank\" rel=\"noopener\">La marimba femenina de Malacatancito est\u00e1 conformada por un grupo de mujeres que han dedicado a\u00f1os a perfeccionar la interpretaci\u00f3n de este instrumento.<\/a> Su participaci\u00f3n en un evento de talla mundial no solo las coloca en un lugar de honor art\u00edstico, sino que tambi\u00e9n env\u00eda un mensaje de empoderamiento femenino y preservaci\u00f3n cultural.<\/p><p>\u201cNos llena de alegr\u00eda estar aqu\u00ed, en India, llevando con orgullo un pedacito de nuestra cultura guatemalteca\u201d, expresaron las integrantes en medio de aplausos. Con trajes t\u00edpicos y sonrisas que reflejaban emoci\u00f3n, cada golpe en la marimba fue un eco de la tradici\u00f3n ancestral que ha acompa\u00f1ado a generaciones enteras en Guatemala.<\/p>\t\t\t\t\t\t\t\t<\/div>\n\t\t\t\t\t<\/div>\n\t\t\t\t<\/div>\n\t\t<div data-particle_enable=\"false\" data-particle-mobile-disabled=\"false\" class=\"elementor-element elementor-element-76f1dda e-flex e-con-boxed e-con e-parent\" data-id=\"76f1dda\" data-element_type=\"container\" data-e-type=\"container\">\n\t\t\t\t\t<div class=\"e-con-inner\">\n\t\t\t\t<div class=\"elementor-element elementor-element-7f53f91 elementor-invisible elementor-widget elementor-widget-facebook-embed\" data-id=\"7f53f91\" data-element_type=\"widget\" data-e-type=\"widget\" data-settings=\"{&quot;_animation&quot;:&quot;zoomInDown&quot;}\" data-widget_type=\"facebook-embed.default\">\n\t\t\t\t\t<div style=\"min-height: 1px\" class=\"elementor-facebook-widget fb-video\" data-href=\"https:\/\/www.facebook.com\/watch\/?v=1452257206227428\" data-show-text=\"false\" data-allowfullscreen=\"false\" data-autoplay=\"false\" data-show-captions=\"false\"><\/div>\t\t\t\t<\/div>\n\t\t\t\t\t<\/div>\n\t\t\t\t<\/div>\n\t\t<div data-particle_enable=\"false\" data-particle-mobile-disabled=\"false\" class=\"elementor-element elementor-element-e7d4665 e-flex e-con-boxed e-con e-parent\" data-id=\"e7d4665\" data-element_type=\"container\" data-e-type=\"container\">\n\t\t\t\t\t<div class=\"e-con-inner\">\n\t\t\t\t<div class=\"elementor-element elementor-element-a6c9721 elementor-widget elementor-widget-heading\" data-id=\"a6c9721\" data-element_type=\"widget\" data-e-type=\"widget\" data-widget_type=\"heading.default\">\n\t\t\t\t\t<h3 class=\"elementor-heading-title elementor-size-default\">Una voz que uni\u00f3 fronteras<\/h3>\t\t\t\t<\/div>\n\t\t\t\t\t<\/div>\n\t\t\t\t<\/div>\n\t\t<div data-particle_enable=\"false\" data-particle-mobile-disabled=\"false\" class=\"elementor-element elementor-element-cd6a1df e-flex e-con-boxed e-con e-parent\" data-id=\"cd6a1df\" data-element_type=\"container\" data-e-type=\"container\">\n\t\t\t\t\t<div class=\"e-con-inner\">\n\t\t\t\t<div class=\"elementor-element elementor-element-859af5c elementor-widget elementor-widget-text-editor\" data-id=\"859af5c\" data-element_type=\"widget\" data-e-type=\"widget\" data-widget_type=\"text-editor.default\">\n\t\t\t\t\t\t\t\t\t<p>La presentaci\u00f3n cont\u00f3 con la participaci\u00f3n especial de la cantante Sara Mishel Escobar, quien acompa\u00f1\u00f3 a la marimba con su voz c\u00e1lida y potente. <a href=\"https:\/\/www.facebook.com\/profile.php?id=100063536501739\" target=\"_blank\" rel=\"noopener\">Su interpretaci\u00f3n, en conjunto con las marimbistas, teji\u00f3 un puente sonoro entre Guatemala y la India.<\/a> \u201cEsta experiencia es inolvidable. Es un honor compartir escenario con estas mujeres talentosas y representar juntas a nuestro pa\u00eds\u201d, coment\u00f3 Escobar tras su actuaci\u00f3n.<\/p><p>Es necesario mencionar que por motivos de log\u00edstica no fue posible trasladar hasta India la marimba del grupo, por lo cual utilizaron una marimba de madera y metal, cuyo sonido presenta variantes respecto de la de madera. No obstante, el amor y el sentimiento lograron sobrepasar con maestr\u00eda esta situaci\u00f3n.\u00a0<\/p>\t\t\t\t\t\t\t\t<\/div>\n\t\t\t\t\t<\/div>\n\t\t\t\t<\/div>\n\t\t<div data-particle_enable=\"false\" data-particle-mobile-disabled=\"false\" class=\"elementor-element elementor-element-6a3cceb e-flex e-con-boxed e-con e-parent\" data-id=\"6a3cceb\" data-element_type=\"container\" data-e-type=\"container\">\n\t\t\t\t\t<div class=\"e-con-inner\">\n\t\t\t\t<div class=\"elementor-element elementor-element-ab84989 elementor-widget elementor-widget-heading\" data-id=\"ab84989\" data-element_type=\"widget\" data-e-type=\"widget\" data-widget_type=\"heading.default\">\n\t\t\t\t\t<h4 class=\"elementor-heading-title elementor-size-default\">Escucha el concierto de marimba en India<\/h4>\t\t\t\t<\/div>\n\t\t\t\t\t<\/div>\n\t\t\t\t<\/div>\n\t\t<div data-particle_enable=\"false\" data-particle-mobile-disabled=\"false\" class=\"elementor-element elementor-element-9f62f8b e-flex e-con-boxed e-con e-parent\" data-id=\"9f62f8b\" data-element_type=\"container\" data-e-type=\"container\">\n\t\t\t\t\t<div class=\"e-con-inner\">\n\t\t\t\t<div class=\"elementor-element elementor-element-29b954c elementor-widget elementor-widget-html\" data-id=\"29b954c\" data-element_type=\"widget\" data-e-type=\"widget\" data-widget_type=\"html.default\">\n\t\t\t\t\t <iframe width=\"560\" height=\"415\" src=\"https:\/\/www.youtube.com\/embed\/YeZ3ArtDE8I?si=5eITqrKxC1moDxLV&amp;start=6786\" title=\"YouTube video player\" frameborder=\"0\" allow=\"accelerometer; autoplay; clipboard-write; encrypted-media; gyroscope; picture-in-picture; web-share\" referrerpolicy=\"strict-origin-when-cross-origin\" allowfullscreen><\/iframe>\t\t\t\t<\/div>\n\t\t\t\t\t<\/div>\n\t\t\t\t<\/div>\n\t\t<div data-particle_enable=\"false\" data-particle-mobile-disabled=\"false\" class=\"elementor-element elementor-element-42b48e3 e-flex e-con-boxed e-con e-parent\" data-id=\"42b48e3\" data-element_type=\"container\" data-e-type=\"container\">\n\t\t\t\t\t<div class=\"e-con-inner\">\n\t\t\t\t<div class=\"elementor-element elementor-element-0aa7216 elementor-widget elementor-widget-heading\" data-id=\"0aa7216\" data-element_type=\"widget\" data-e-type=\"widget\" data-widget_type=\"heading.default\">\n\t\t\t\t\t<h3 class=\"elementor-heading-title elementor-size-default\">Orgullo que trasciende fronteras<\/h3>\t\t\t\t<\/div>\n\t\t\t\t\t<\/div>\n\t\t\t\t<\/div>\n\t\t<div data-particle_enable=\"false\" data-particle-mobile-disabled=\"false\" class=\"elementor-element elementor-element-dad178d e-flex e-con-boxed e-con e-parent\" data-id=\"dad178d\" data-element_type=\"container\" data-e-type=\"container\">\n\t\t\t\t\t<div class=\"e-con-inner\">\n\t\t\t\t<div class=\"elementor-element elementor-element-6991d00 elementor-widget elementor-widget-text-editor\" data-id=\"6991d00\" data-element_type=\"widget\" data-e-type=\"widget\" data-widget_type=\"text-editor.default\">\n\t\t\t\t\t\t\t\t\t<p><a href=\"https:\/\/www.facebook.com\/profile.php?id=100063536501739\" target=\"_blank\" rel=\"noopener\">El homenaje otorgado a la marimba femenina fue m\u00e1s que un reconocimiento art\u00edstico<\/a>: se trat\u00f3 de un acto simb\u00f3lico que reafirma el lugar de Guatemala en el mapa cultural del mundo. Desde Malacatancito, un municipio de Huehuetenango, estas mujeres han demostrado que el talento guatemalteco no tiene l\u00edmites y que la marimba sigue viva, resonando m\u00e1s all\u00e1 de las fronteras.<\/p><p>El festival reuni\u00f3 a delegaciones de varios pa\u00edses, pero la propuesta guatemalteca fue una de las m\u00e1s celebradas. El p\u00fablico indio reconoci\u00f3 la energ\u00eda de la marimba como algo \u00fanico, cargado de alegr\u00eda y sentimiento.<\/p>\t\t\t\t\t\t\t\t<\/div>\n\t\t\t\t\t<\/div>\n\t\t\t\t<\/div>\n\t\t<div data-particle_enable=\"false\" data-particle-mobile-disabled=\"false\" class=\"elementor-element elementor-element-7cd468c e-flex e-con-boxed e-con e-parent\" data-id=\"7cd468c\" data-element_type=\"container\" data-e-type=\"container\">\n\t\t\t\t\t<div class=\"e-con-inner\">\n\t\t\t\t<div class=\"elementor-element elementor-element-e250541 elementor-widget elementor-widget-image\" data-id=\"e250541\" data-element_type=\"widget\" data-e-type=\"widget\" data-widget_type=\"image.default\">\n\t\t\t\t\t\t\t\t\t\t\t\t<figure class=\"wp-caption\">\n\t\t\t\t\t\t\t\t\t\t<img decoding=\"async\" width=\"1024\" height=\"581\" src=\"https:\/\/soymigrante.com\/revista\/wp-content\/uploads\/2025\/09\/Marimba-4-1024x581.jpg\" class=\"attachment-large size-large wp-image-44120\" alt=\"Las mujeres han mostrado su talento desde Guatemala a la India. (Foto: Facebook)\" srcset=\"https:\/\/soymigrante.com\/revista\/wp-content\/uploads\/2025\/09\/Marimba-4-1024x581.jpg 1024w, https:\/\/soymigrante.com\/revista\/wp-content\/uploads\/2025\/09\/Marimba-4-300x170.jpg 300w, https:\/\/soymigrante.com\/revista\/wp-content\/uploads\/2025\/09\/Marimba-4-768x436.jpg 768w, https:\/\/soymigrante.com\/revista\/wp-content\/uploads\/2025\/09\/Marimba-4-750x426.jpg 750w, https:\/\/soymigrante.com\/revista\/wp-content\/uploads\/2025\/09\/Marimba-4-1140x647.jpg 1140w, https:\/\/soymigrante.com\/revista\/wp-content\/uploads\/2025\/09\/Marimba-4.jpg 1440w\" sizes=\"(max-width: 1024px) 100vw, 1024px\" title=\"Las mujeres han mostrado su talento desde Guatemala a la India. (Foto: Facebook) \u2013 SoyMigrante.com REVISTA\" \/>\t\t\t\t\t\t\t\t\t\t\t<figcaption class=\"widget-image-caption wp-caption-text\">Las mujeres han mostrado su talento desde Guatemala a la India. (Foto: Facebook)<\/figcaption>\n\t\t\t\t\t\t\t\t\t\t<\/figure>\n\t\t\t\t\t\t\t\t\t<\/div>\n\t\t\t\t\t<\/div>\n\t\t\t\t<\/div>\n\t\t<div data-particle_enable=\"false\" data-particle-mobile-disabled=\"false\" class=\"elementor-element elementor-element-acd40b3 e-flex e-con-boxed e-con e-parent\" data-id=\"acd40b3\" data-element_type=\"container\" data-e-type=\"container\">\n\t\t\t\t\t<div class=\"e-con-inner\">\n\t\t\t\t<div class=\"elementor-element elementor-element-3d98e21 elementor-widget elementor-widget-heading\" data-id=\"3d98e21\" data-element_type=\"widget\" data-e-type=\"widget\" data-widget_type=\"heading.default\">\n\t\t\t\t\t<h3 class=\"elementor-heading-title elementor-size-default\">La marimba: s\u00edmbolo de identidad<\/h3>\t\t\t\t<\/div>\n\t\t\t\t\t<\/div>\n\t\t\t\t<\/div>\n\t\t<div data-particle_enable=\"false\" data-particle-mobile-disabled=\"false\" class=\"elementor-element elementor-element-e5f22ae e-flex e-con-boxed e-con e-parent\" data-id=\"e5f22ae\" data-element_type=\"container\" data-e-type=\"container\">\n\t\t\t\t\t<div class=\"e-con-inner\">\n\t\t\t\t<div class=\"elementor-element elementor-element-86f19c9 elementor-widget elementor-widget-text-editor\" data-id=\"86f19c9\" data-element_type=\"widget\" data-e-type=\"widget\" data-widget_type=\"text-editor.default\">\n\t\t\t\t\t\t\t\t\t<p>Declarada Patrimonio Cultural de la Naci\u00f3n en 1999, la marimba es mucho m\u00e1s que un instrumento musical; es la esencia de la identidad guatemalteca. Con ella se celebran bodas, ferias patronales, actos c\u00edvicos y despedidas. En ella se guarda la memoria de pueblos enteros.<\/p><p>Que este instrumento haya sido interpretado en un escenario tan lejano, y por un grupo de mujeres artistas, es una muestra de c\u00f3mo la cultura guatemalteca puede inspirar al mundo.<\/p>\t\t\t\t\t\t\t\t<\/div>\n\t\t\t\t\t<\/div>\n\t\t\t\t<\/div>\n\t\t<div data-particle_enable=\"false\" data-particle-mobile-disabled=\"false\" class=\"elementor-element elementor-element-913b65d e-flex e-con-boxed e-con e-parent\" data-id=\"913b65d\" data-element_type=\"container\" data-e-type=\"container\">\n\t\t\t\t\t<div class=\"e-con-inner\">\n\t\t\t\t<div class=\"elementor-element elementor-element-20e488c elementor-widget elementor-widget-image\" data-id=\"20e488c\" data-element_type=\"widget\" data-e-type=\"widget\" data-widget_type=\"image.default\">\n\t\t\t\t\t\t\t\t\t\t\t\t<figure class=\"wp-caption\">\n\t\t\t\t\t\t\t\t\t\t<img decoding=\"async\" width=\"1024\" height=\"768\" src=\"https:\/\/soymigrante.com\/revista\/wp-content\/uploads\/2025\/09\/Marimba-3-1024x768.jpg\" class=\"attachment-large size-large wp-image-44121\" alt=\"Las mujeres han demostrado que su talento traspasa barreras. (Foto: Facebook)\" srcset=\"https:\/\/soymigrante.com\/revista\/wp-content\/uploads\/2025\/09\/Marimba-3-1024x768.jpg 1024w, https:\/\/soymigrante.com\/revista\/wp-content\/uploads\/2025\/09\/Marimba-3-300x225.jpg 300w, https:\/\/soymigrante.com\/revista\/wp-content\/uploads\/2025\/09\/Marimba-3-768x576.jpg 768w, https:\/\/soymigrante.com\/revista\/wp-content\/uploads\/2025\/09\/Marimba-3-750x563.jpg 750w, https:\/\/soymigrante.com\/revista\/wp-content\/uploads\/2025\/09\/Marimba-3-1140x855.jpg 1140w, https:\/\/soymigrante.com\/revista\/wp-content\/uploads\/2025\/09\/Marimba-3.jpg 1440w\" sizes=\"(max-width: 1024px) 100vw, 1024px\" title=\"Las mujeres han demostrado que su talento traspasa barreras. (Foto: Facebook) \u2013 SoyMigrante.com REVISTA\" \/>\t\t\t\t\t\t\t\t\t\t\t<figcaption class=\"widget-image-caption wp-caption-text\">Las mujeres han demostrado que su talento traspasa barreras. (Foto: Facebook)<\/figcaption>\n\t\t\t\t\t\t\t\t\t\t<\/figure>\n\t\t\t\t\t\t\t\t\t<\/div>\n\t\t\t\t\t<\/div>\n\t\t\t\t<\/div>\n\t\t<div data-particle_enable=\"false\" data-particle-mobile-disabled=\"false\" class=\"elementor-element elementor-element-f7148eb e-flex e-con-boxed e-con e-parent\" data-id=\"f7148eb\" data-element_type=\"container\" data-e-type=\"container\">\n\t\t\t\t\t<div class=\"e-con-inner\">\n\t\t\t\t<div class=\"elementor-element elementor-element-c675cb2 elementor-widget elementor-widget-heading\" data-id=\"c675cb2\" data-element_type=\"widget\" data-e-type=\"widget\" data-widget_type=\"heading.default\">\n\t\t\t\t\t<h3 class=\"elementor-heading-title elementor-size-default\">De Malacatancito para el mundo<\/h3>\t\t\t\t<\/div>\n\t\t\t\t\t<\/div>\n\t\t\t\t<\/div>\n\t\t<div data-particle_enable=\"false\" data-particle-mobile-disabled=\"false\" class=\"elementor-element elementor-element-e3df738 e-flex e-con-boxed e-con e-parent\" data-id=\"e3df738\" data-element_type=\"container\" data-e-type=\"container\">\n\t\t\t\t\t<div class=\"e-con-inner\">\n\t\t\t\t<div class=\"elementor-element elementor-element-085c73c elementor-widget elementor-widget-text-editor\" data-id=\"085c73c\" data-element_type=\"widget\" data-e-type=\"widget\" data-widget_type=\"text-editor.default\">\n\t\t\t\t\t\t\t\t\t<p>El viaje de la Marimba Femenina del Centro Cultural de Malacatancito hasta la India representa un cap\u00edtulo especial en la historia cultural de Guatemala. Es un recordatorio de que el arte trasciende fronteras y que cada nota puede convertirse en un mensaje de uni\u00f3n, identidad y orgullo nacional.<\/p><p>\u201cLuna de Xelaj\u00fa\u201d son\u00f3 a miles de kil\u00f3metros de su tierra natal, pero cada guatemalteco que escuch\u00f3 la noticia sinti\u00f3 un nudo en la garganta y un orgullo inmenso. Porque desde un peque\u00f1o rinc\u00f3n de Huehuetenango, estas mujeres demostraron que Guatemala tiene mucho que compartir con el mundo.<\/p>\t\t\t\t\t\t\t\t<\/div>\n\t\t\t\t\t<\/div>\n\t\t\t\t<\/div>\n\t\t<div data-particle_enable=\"false\" data-particle-mobile-disabled=\"false\" class=\"elementor-element elementor-element-0b70efe e-flex e-con-boxed e-con e-parent\" data-id=\"0b70efe\" data-element_type=\"container\" data-e-type=\"container\">\n\t\t\t\t\t<div class=\"e-con-inner\">\n\t\t\t\t<div class=\"elementor-element elementor-element-77f4eaa elementor-widget elementor-widget-heading\" data-id=\"77f4eaa\" data-element_type=\"widget\" data-e-type=\"widget\" data-widget_type=\"heading.default\">\n\t\t\t\t\t<h2 class=\"elementor-heading-title elementor-size-default\">Conoce m\u00e1s de otros artistas ac\u00e1...<\/h2>\t\t\t\t<\/div>\n\t\t\t\t\t<\/div>\n\t\t\t\t<\/div>\n\t\t<div data-particle_enable=\"false\" data-particle-mobile-disabled=\"false\" class=\"elementor-element elementor-element-0f22fab e-flex e-con-boxed e-con e-parent\" data-id=\"0f22fab\" data-element_type=\"container\" data-e-type=\"container\">\n\t\t\t\t\t<div class=\"e-con-inner\">\n\t\t\t\t<div class=\"elementor-element elementor-element-93ee735 elementor-grid-eael-col-3 elementor-grid-tablet-eael-col-2 elementor-grid-mobile-eael-col-1 elementor-widget elementor-widget-eael-post-grid\" data-id=\"93ee735\" data-element_type=\"widget\" data-e-type=\"widget\" data-settings=\"{&quot;eael_post_grid_columns&quot;:&quot;eael-col-3&quot;,&quot;eael_post_grid_columns_tablet&quot;:&quot;eael-col-2&quot;,&quot;eael_post_grid_columns_mobile&quot;:&quot;eael-col-1&quot;}\" data-widget_type=\"eael-post-grid.default\">\n\t\t\t\t\t<div id=\"eael-post-grid-93ee735\" class=\"eael-post-grid-container\">\n            <div class=\"eael-post-grid eael-post-appender eael-post-appender-93ee735 eael-post-grid-style-one\" data-layout-mode=\"masonry\"><article class=\"eael-grid-post  eael-post-grid-column eael-pg-post-4589 category-exitos\" data-id=\"4589\">\n        <div class=\"eael-grid-post-holder\">\n            <div class=\"eael-grid-post-holder-inner\"><div class=\"eael-entry-media\"><div class=\"eael-entry-overlay fade-in\"><i class=\"far fa-hand-pointer\" aria-hidden=\"true\"><\/i><a href=\"https:\/\/soymigrante.com\/revista\/jose-gamez-marimba-digital-502-migrante-sonador-originario-de-quiche\/\"><\/a><\/div><div class=\"eael-entry-thumbnail \">\n                <img loading=\"lazy\" decoding=\"async\" width=\"1024\" height=\"947\" src=\"https:\/\/soymigrante.com\/revista\/wp-content\/uploads\/2024\/01\/marimba-502-1-1024x947.webp\" class=\"attachment-large size-large wp-image-4608\" alt=\"Migrante guatemalteco Jos\u00e9 G\u00e1mez\" srcset=\"https:\/\/soymigrante.com\/revista\/wp-content\/uploads\/2024\/01\/marimba-502-1-1024x947.webp 1024w, https:\/\/soymigrante.com\/revista\/wp-content\/uploads\/2024\/01\/marimba-502-1-300x278.webp 300w, https:\/\/soymigrante.com\/revista\/wp-content\/uploads\/2024\/01\/marimba-502-1-768x711.webp 768w, https:\/\/soymigrante.com\/revista\/wp-content\/uploads\/2024\/01\/marimba-502-1-750x694.webp 750w, https:\/\/soymigrante.com\/revista\/wp-content\/uploads\/2024\/01\/marimba-502-1-1140x1055.webp 1140w, https:\/\/soymigrante.com\/revista\/wp-content\/uploads\/2024\/01\/marimba-502-1.webp 1536w\" sizes=\"(max-width: 1024px) 100vw, 1024px\" \/>\n            <\/div>\n        <\/div><div class=\"eael-entry-wrapper\"><header class=\"eael-entry-header\"><h2 class=\"eael-entry-title\"><a class=\"eael-grid-post-link\" href=\"https:\/\/soymigrante.com\/revista\/jose-gamez-marimba-digital-502-migrante-sonador-originario-de-quiche\/\" title=\"Jos\u00e9 G\u00e1mez y un sue\u00f1o migrante llamado Marimba Digital 502\">Jos\u00e9 G\u00e1mez y un sue\u00f1o migrante llamado Marimba Digital 502<\/a><\/h2><\/header><div class=\"eael-entry-content\">\n                        <div class=\"eael-grid-post-excerpt\"><a href=\"https:\/\/soymigrante.com\/revista\/jose-gamez-marimba-digital-502-migrante-sonador-originario-de-quiche\/\" class=\"eael-post-elements-readmore-btn\">CONOCE SU HISTORIA <\/a><\/div>\n                    <\/div><\/div><\/div>\n        <\/div>\n    <\/article><article class=\"eael-grid-post  eael-post-grid-column eael-pg-post-5274 category-guate-nuestra\" data-id=\"5274\">\n        <div class=\"eael-grid-post-holder\">\n            <div class=\"eael-grid-post-holder-inner\"><div class=\"eael-entry-media\"><div class=\"eael-entry-overlay fade-in\"><i class=\"far fa-hand-pointer\" aria-hidden=\"true\"><\/i><a href=\"https:\/\/soymigrante.com\/revista\/marimba-de-guatemala-roberth-orozco-musico-quetzaltenango\/\"><\/a><\/div><div class=\"eael-entry-thumbnail \">\n                <img loading=\"lazy\" decoding=\"async\" width=\"1024\" height=\"577\" src=\"https:\/\/soymigrante.com\/revista\/wp-content\/uploads\/2024\/03\/roberto-orozco-e1709923104177-1024x577.webp\" class=\"attachment-large size-large wp-image-5281\" alt=\"El joven guatemalteco Roberth Orozco con sus interpretaciones en marimba se ha vuelto tendencia en redes sociales.\" srcset=\"https:\/\/soymigrante.com\/revista\/wp-content\/uploads\/2024\/03\/roberto-orozco-e1709923104177-1024x577.webp 1024w, https:\/\/soymigrante.com\/revista\/wp-content\/uploads\/2024\/03\/roberto-orozco-e1709923104177-300x169.webp 300w, https:\/\/soymigrante.com\/revista\/wp-content\/uploads\/2024\/03\/roberto-orozco-e1709923104177-768x433.webp 768w, https:\/\/soymigrante.com\/revista\/wp-content\/uploads\/2024\/03\/roberto-orozco-e1709923104177-750x423.webp 750w, https:\/\/soymigrante.com\/revista\/wp-content\/uploads\/2024\/03\/roberto-orozco-e1709923104177-1140x643.webp 1140w, https:\/\/soymigrante.com\/revista\/wp-content\/uploads\/2024\/03\/roberto-orozco-e1709923104177.webp 1495w\" sizes=\"(max-width: 1024px) 100vw, 1024px\" \/>\n            <\/div>\n        <\/div><div class=\"eael-entry-wrapper\"><header class=\"eael-entry-header\"><h2 class=\"eael-entry-title\"><a class=\"eael-grid-post-link\" href=\"https:\/\/soymigrante.com\/revista\/marimba-de-guatemala-roberth-orozco-musico-quetzaltenango\/\" title=\"Roberth Orozco sue\u00f1a con interpretar su marimba ante migrantes\">Roberth Orozco sue\u00f1a con interpretar su marimba ante migrantes<\/a><\/h2><\/header><div class=\"eael-entry-content\">\n                        <div class=\"eael-grid-post-excerpt\"><a href=\"https:\/\/soymigrante.com\/revista\/marimba-de-guatemala-roberth-orozco-musico-quetzaltenango\/\" class=\"eael-post-elements-readmore-btn\">CONOCE SU HISTORIA <\/a><\/div>\n                    <\/div><\/div><\/div>\n        <\/div>\n    <\/article><article class=\"eael-grid-post  eael-post-grid-column eael-pg-post-8513 category-guate-nuestra\" data-id=\"8513\">\n        <div class=\"eael-grid-post-holder\">\n            <div class=\"eael-grid-post-holder-inner\"><div class=\"eael-entry-media\"><div class=\"eael-entry-overlay fade-in\"><i class=\"far fa-hand-pointer\" aria-hidden=\"true\"><\/i><a href=\"https:\/\/soymigrante.com\/revista\/10-piezas-de-marimba-de-guatemala-para-bailar-y-recordar-tus-raices\/\"><\/a><\/div><div class=\"eael-entry-thumbnail \">\n                <img loading=\"lazy\" decoding=\"async\" width=\"960\" height=\"958\" src=\"https:\/\/soymigrante.com\/revista\/wp-content\/uploads\/2023\/12\/marimba-maya-awal.webp\" class=\"attachment-large size-large wp-image-3657\" alt=\"\" srcset=\"https:\/\/soymigrante.com\/revista\/wp-content\/uploads\/2023\/12\/marimba-maya-awal.webp 960w, https:\/\/soymigrante.com\/revista\/wp-content\/uploads\/2023\/12\/marimba-maya-awal-300x300.webp 300w, https:\/\/soymigrante.com\/revista\/wp-content\/uploads\/2023\/12\/marimba-maya-awal-150x150.webp 150w, https:\/\/soymigrante.com\/revista\/wp-content\/uploads\/2023\/12\/marimba-maya-awal-768x766.webp 768w, https:\/\/soymigrante.com\/revista\/wp-content\/uploads\/2023\/12\/marimba-maya-awal-75x75.webp 75w, https:\/\/soymigrante.com\/revista\/wp-content\/uploads\/2023\/12\/marimba-maya-awal-750x748.jpg 750w, https:\/\/soymigrante.com\/revista\/wp-content\/uploads\/2023\/12\/marimba-maya-awal-600x600.jpg 600w\" sizes=\"(max-width: 960px) 100vw, 960px\" \/>\n            <\/div>\n        <\/div><div class=\"eael-entry-wrapper\"><header class=\"eael-entry-header\"><h2 class=\"eael-entry-title\"><a class=\"eael-grid-post-link\" href=\"https:\/\/soymigrante.com\/revista\/10-piezas-de-marimba-de-guatemala-para-bailar-y-recordar-tus-raices\/\" title=\"Marimba de Guatemala: Diez melod\u00edas  que despiertan recuerdos y emociones\">Marimba de Guatemala: Diez melod\u00edas  que despiertan recuerdos y emociones<\/a><\/h2><\/header><div class=\"eael-entry-content\">\n                        <div class=\"eael-grid-post-excerpt\"><a href=\"https:\/\/soymigrante.com\/revista\/10-piezas-de-marimba-de-guatemala-para-bailar-y-recordar-tus-raices\/\" class=\"eael-post-elements-readmore-btn\">CONOCE SU HISTORIA <\/a><\/div>\n                    <\/div><\/div><\/div>\n        <\/div>\n    <\/article><\/div>\n            <div class=\"clearfix\"><\/div>\n        <\/div>\t\t\t\t<\/div>\n\t\t\t\t\t<\/div>\n\t\t\t\t<\/div>\n\t\t\t\t<\/div>\n\t\t","protected":false},"excerpt":{"rendered":"<p>Luna de Xelaj\u00fa suena en la India: la Marimba Femenina del Centro Cultural de Malacatancito, San Marcos, lleva el alma de Guatemala a festival internacional de cultura efectuado en India. El sonido profundo y alegre de la marimba, instrumento nacional de Guatemala, cruz\u00f3 continentes para emocionar a un p\u00fablico que nunca antes hab\u00eda visto tan [&hellip;]<\/p>\n","protected":false},"author":19,"featured_media":44117,"comment_status":"open","ping_status":"open","sticky":false,"template":"","format":"standard","meta":{"_acf_changed":false,"_eb_attr":"","footnotes":""},"categories":[54],"tags":[],"class_list":["post-44116","post","type-post","status-publish","format-standard","has-post-thumbnail","hentry","category-estamos-unidos"],"acf":[],"aioseo_notices":[],"aioseo_head":"\n\t\t<!-- All in One SEO Pro 4.9.6.2 - aioseo.com -->\n\t<meta name=\"description\" content=\"El sonido de la marimba guatemalteca sencillamente \u00fanico en el mundo. Este instrumento fue considerado s\u00edmbolo patrio en 1999. Estas son 10 melod\u00edas inolvidables.\" \/>\n\t<meta name=\"robots\" content=\"max-snippet:-1, max-image-preview:large, max-video-preview:-1\" \/>\n\t<meta name=\"author\" content=\"Beatriz Tercero\"\/>\n\t<link rel=\"canonical\" href=\"https:\/\/soymigrante.com\/revista\/10-piezas-de-marimba-de-guatemala-para-bailar-y-recordar-tus-raices\/\" \/>\n\t<meta name=\"generator\" content=\"All in One SEO Pro (AIOSEO) 4.9.6.2\" \/>\n\n\t\t<link rel=\"preconnect\" href=\"https:\/\/fonts.googleapis.com\" crossorigin>\n<link rel=\"preconnect\" href=\"https:\/\/fonts.gstatic.com\" crossorigin>\n\t\t<meta property=\"og:locale\" content=\"es_ES\" \/>\n\t\t<meta property=\"og:site_name\" content=\"SoyMigrante.com REVISTA \u2013 Nuestra misi\u00f3n es reconocer y dignificar al migrante.\" \/>\n\t\t<meta property=\"og:type\" content=\"article\" \/>\n\t\t<meta property=\"og:title\" content=\"Marimba de Guatemala: Diez melod\u00edas que despiertan recuerdos y emociones\" \/>\n\t\t<meta property=\"og:description\" content=\"El sonido de la marimba guatemalteca sencillamente \u00fanico en el mundo. Este instrumento fue considerado s\u00edmbolo patrio en 1999. Estas son 10 melod\u00edas inolvidables.\" \/>\n\t\t<meta property=\"og:url\" content=\"https:\/\/soymigrante.com\/revista\/10-piezas-de-marimba-de-guatemala-para-bailar-y-recordar-tus-raices\/\" \/>\n\t\t<meta property=\"og:image\" content=\"https:\/\/soymigrante.com\/revista\/wp-content\/uploads\/2023\/12\/marimba-maya-awal.webp\" \/>\n\t\t<meta property=\"og:image:secure_url\" content=\"https:\/\/soymigrante.com\/revista\/wp-content\/uploads\/2023\/12\/marimba-maya-awal.webp\" \/>\n\t\t<meta property=\"og:image:width\" content=\"960\" \/>\n\t\t<meta property=\"og:image:height\" content=\"958\" \/>\n\t\t<meta property=\"article:published_time\" content=\"2025-02-09T23:39:16+00:00\" \/>\n\t\t<meta property=\"article:modified_time\" content=\"2025-02-13T20:21:48+00:00\" \/>\n\t\t<meta property=\"article:publisher\" content=\"https:\/\/www.facebook.com\/soymigrantecom\" \/>\n\t\t<meta name=\"twitter:card\" content=\"summary_large_image\" \/>\n\t\t<meta name=\"twitter:site\" content=\"@SoyMigrante_com\" \/>\n\t\t<meta name=\"twitter:title\" content=\"Marimba de Guatemala: Diez melod\u00edas que despiertan recuerdos y emociones\" \/>\n\t\t<meta name=\"twitter:description\" content=\"El sonido de la marimba guatemalteca sencillamente \u00fanico en el mundo. Este instrumento fue considerado s\u00edmbolo patrio en 1999. Estas son 10 melod\u00edas inolvidables.\" \/>\n\t\t<meta name=\"twitter:creator\" content=\"@SoyMigrante_com\" \/>\n\t\t<meta name=\"twitter:image\" content=\"https:\/\/soymigrante.com\/revista\/wp-content\/uploads\/2023\/12\/marimba-maya-awal.webp\" \/>\n\t\t<!-- All in One SEO Pro -->\r\n\t\t<title>Marimba de Guatemala: Diez melod\u00edas que despiertan recuerdos y emociones<\/title>\n\n","aioseo_head_json":{"title":"Marimba de Guatemala: Diez melod\u00edas que despiertan recuerdos y emociones","description":"El sonido de la marimba guatemalteca sencillamente \u00fanico en el mundo. Este instrumento fue considerado s\u00edmbolo patrio en 1999. Estas son 10 melod\u00edas inolvidables.","canonical_url":"https:\/\/soymigrante.com\/revista\/10-piezas-de-marimba-de-guatemala-para-bailar-y-recordar-tus-raices\/","robots":"max-snippet:-1, max-image-preview:large, max-video-preview:-1","keywords":"","webmasterTools":{"miscellaneous":"&lt;link rel=\"preconnect\" href=\"https:\/\/fonts.googleapis.com\" crossorigin&gt;\n&lt;link rel=\"preconnect\" href=\"https:\/\/fonts.gstatic.com\" crossorigin&gt;"},"schema":null,"og:locale":"es_ES","og:site_name":"SoyMigrante.com REVISTA \u2013 Nuestra misi\u00f3n es reconocer y dignificar al migrante.","og:type":"article","og:title":"Marimba de Guatemala: Diez melod\u00edas que despiertan recuerdos y emociones","og:description":"El sonido de la marimba guatemalteca sencillamente \u00fanico en el mundo. Este instrumento fue considerado s\u00edmbolo patrio en 1999. Estas son 10 melod\u00edas inolvidables.","og:url":"https:\/\/soymigrante.com\/revista\/10-piezas-de-marimba-de-guatemala-para-bailar-y-recordar-tus-raices\/","og:image":"https:\/\/soymigrante.com\/revista\/wp-content\/uploads\/2023\/12\/marimba-maya-awal.webp","og:image:secure_url":"https:\/\/soymigrante.com\/revista\/wp-content\/uploads\/2023\/12\/marimba-maya-awal.webp","og:image:width":960,"og:image:height":958,"article:published_time":"2025-02-09T23:39:16+00:00","article:modified_time":"2025-02-13T20:21:48+00:00","article:publisher":"https:\/\/www.facebook.com\/soymigrantecom","twitter:card":"summary_large_image","twitter:site":"@SoyMigrante_com","twitter:title":"Marimba de Guatemala: Diez melod\u00edas que despiertan recuerdos y emociones","twitter:description":"El sonido de la marimba guatemalteca sencillamente \u00fanico en el mundo. Este instrumento fue considerado s\u00edmbolo patrio en 1999. Estas son 10 melod\u00edas inolvidables.","twitter:creator":"@SoyMigrante_com","twitter:image":"https:\/\/soymigrante.com\/revista\/wp-content\/uploads\/2023\/12\/marimba-maya-awal.webp"},"aioseo_meta_data":{"post_id":"44116","title":"As\u00ed son\u00f3 la Luna de Xelaj\u00fa en escenario de la India","description":"Marimba femenina de concierto de Malacatancito, San Marcos, fue invitada a festival internacional de artes celebrado en India. As\u00ed son\u00f3 el alma de Guatemala .","keywords":null,"keyphrases":{"focus":{"keyphrase":"marimba","score":91,"analysis":{"keyphraseInTitle":{"score":3,"maxScore":9,"error":1},"keyphraseInDescription":{"score":9,"maxScore":9,"error":0},"keyphraseLength":{"score":9,"maxScore":9,"error":0,"length":1},"keyphraseInURL":{"score":5,"maxScore":5,"error":0},"keyphraseInIntroduction":{"score":9,"maxScore":9,"error":0},"keyphraseInSubHeadings":{"score":9,"maxScore":9,"error":0},"keyphraseInImageAlt":{"score":9,"maxScore":9,"error":0},"keywordDensity":{"type":"best","score":9,"maxScore":9,"error":0}}},"additional":[{"keyphrase":"Guatemala","score":100,"analysis":{"keyphraseInDescription":{"score":9,"maxScore":9,"error":0},"keyphraseLength":{"score":9,"maxScore":9,"error":0,"length":1},"keyphraseInIntroduction":{"score":9,"maxScore":9,"error":0},"keyphraseInImageAlt":{"score":9,"maxScore":9,"error":0},"keywordDensity":{"type":"best","score":9,"maxScore":9,"error":0}}},{"keyphrase":"india","score":100,"analysis":{"keyphraseInDescription":{"score":9,"maxScore":9,"error":0},"keyphraseLength":{"score":9,"maxScore":9,"error":0,"length":1},"keyphraseInIntroduction":{"score":9,"maxScore":9,"error":0},"keyphraseInImageAlt":{"score":9,"maxScore":9,"error":0},"keywordDensity":{"type":"best","score":9,"maxScore":9,"error":0}}}]},"primary_term":null,"canonical_url":null,"og_title":null,"og_description":null,"og_object_type":"default","og_image_type":"default","og_image_url":null,"og_image_width":null,"og_image_height":null,"og_image_custom_url":null,"og_image_custom_fields":null,"og_video":"","og_custom_url":null,"og_article_section":null,"og_article_tags":null,"twitter_use_og":false,"twitter_card":"default","twitter_image_type":"default","twitter_image_url":null,"twitter_image_custom_url":null,"twitter_image_custom_fields":null,"twitter_title":null,"twitter_description":null,"schema":{"blockGraphs":[],"customGraphs":[],"default":{"data":{"Article":[],"Course":[],"Dataset":[],"FAQPage":[],"Movie":[],"Person":[],"Product":[],"ProductReview":[],"Car":[],"Recipe":[],"Service":[],"SoftwareApplication":[],"WebPage":[]},"graphName":"none","isEnabled":true},"graphs":[]},"schema_type":"default","schema_type_options":null,"pillar_content":false,"robots_default":true,"robots_noindex":false,"robots_noarchive":false,"robots_nosnippet":false,"robots_nofollow":false,"robots_noimageindex":false,"robots_noodp":false,"robots_notranslate":false,"robots_max_snippet":"-1","robots_max_videopreview":"-1","robots_max_imagepreview":"large","priority":null,"frequency":"default","local_seo":null,"seo_analyzer_scan_date":"2025-10-09 08:24:57","breadcrumb_settings":null,"limit_modified_date":false,"reviewed_by":"0","open_ai":null,"ai":{"faqs":[],"keyPoints":[],"titles":[],"descriptions":[],"socialPosts":{"email":[],"linkedin":[],"twitter":[],"facebook":[],"instagram":[]}},"created":"2025-09-09 19:35:08","updated":"2026-02-05 04:42:25"},"aioseo_breadcrumb":"<div class=\"aioseo-breadcrumbs\"><span class=\"aioseo-breadcrumb\">\n\t<a href=\"https:\/\/soymigrante.com\/revista\" title=\"Home\">Home<\/a>\n<\/span><span class=\"aioseo-breadcrumb-separator\">\u00bb<\/span><span class=\"aioseo-breadcrumb\">\n\t<a href=\"https:\/\/soymigrante.com\/revista\/category\/estamos-unidos\/\" title=\"Estamos Unidos\">Estamos Unidos<\/a>\n<\/span><span class=\"aioseo-breadcrumb-separator\">\u00bb<\/span><span class=\"aioseo-breadcrumb\">\n\tLuna de Xelaj\u00fa son\u00f3 en la India con la Marimba Femenina de Concierto de Malacatancito\n<\/span><\/div>","aioseo_breadcrumb_json":[{"label":"Home","link":"https:\/\/soymigrante.com\/revista"},{"label":"Estamos Unidos","link":"https:\/\/soymigrante.com\/revista\/category\/estamos-unidos\/"},{"label":"Luna de Xelaj\u00fa son\u00f3 en la India con la Marimba Femenina de Concierto de Malacatancito","link":"https:\/\/soymigrante.com\/revista\/luna-de-xelaju-sono-en-la-india-con-la-marimba-femenina-de-concierto-de-malacatancito\/"}],"_links":{"self":[{"href":"https:\/\/soymigrante.com\/revista\/wp-json\/wp\/v2\/posts\/44116","targetHints":{"allow":["GET"]}}],"collection":[{"href":"https:\/\/soymigrante.com\/revista\/wp-json\/wp\/v2\/posts"}],"about":[{"href":"https:\/\/soymigrante.com\/revista\/wp-json\/wp\/v2\/types\/post"}],"author":[{"embeddable":true,"href":"https:\/\/soymigrante.com\/revista\/wp-json\/wp\/v2\/users\/19"}],"replies":[{"embeddable":true,"href":"https:\/\/soymigrante.com\/revista\/wp-json\/wp\/v2\/comments?post=44116"}],"version-history":[{"count":24,"href":"https:\/\/soymigrante.com\/revista\/wp-json\/wp\/v2\/posts\/44116\/revisions"}],"predecessor-version":[{"id":44182,"href":"https:\/\/soymigrante.com\/revista\/wp-json\/wp\/v2\/posts\/44116\/revisions\/44182"}],"wp:featuredmedia":[{"embeddable":true,"href":"https:\/\/soymigrante.com\/revista\/wp-json\/wp\/v2\/media\/44117"}],"wp:attachment":[{"href":"https:\/\/soymigrante.com\/revista\/wp-json\/wp\/v2\/media?parent=44116"}],"wp:term":[{"taxonomy":"category","embeddable":true,"href":"https:\/\/soymigrante.com\/revista\/wp-json\/wp\/v2\/categories?post=44116"},{"taxonomy":"post_tag","embeddable":true,"href":"https:\/\/soymigrante.com\/revista\/wp-json\/wp\/v2\/tags?post=44116"}],"curies":[{"name":"wp","href":"https:\/\/api.w.org\/{rel}","templated":true}]}}