{"id":44085,"date":"2026-04-05T08:39:46","date_gmt":"2026-04-05T14:39:46","guid":{"rendered":"https:\/\/soymigrante.com\/revista\/?p=44085"},"modified":"2026-04-05T08:39:54","modified_gmt":"2026-04-05T14:39:54","slug":"mira-arte-guatemalteco-rosa-elena-curruchich-heredo-un-estilo-que-hizo-florecer","status":"publish","type":"post","link":"https:\/\/soymigrante.com\/revista\/mira-arte-guatemalteco-rosa-elena-curruchich-heredo-un-estilo-que-hizo-florecer\/","title":{"rendered":"Mira arte guatemalteco: Rosa Elena Curruchich hered\u00f3 un estilo que hizo florecer"},"content":{"rendered":"\t\t<div data-elementor-type=\"wp-post\" data-elementor-id=\"44085\" class=\"elementor elementor-44085\" data-elementor-post-type=\"post\">\n\t\t\t\t<div data-particle_enable=\"false\" data-particle-mobile-disabled=\"false\" class=\"elementor-element elementor-element-fba8c3b e-flex e-con-boxed e-con e-parent\" data-id=\"fba8c3b\" data-element_type=\"container\" data-e-type=\"container\">\n\t\t\t\t\t<div class=\"e-con-inner\">\n\t\t\t\t<div class=\"elementor-element elementor-element-1d4f434 elementor-widget elementor-widget-heading\" data-id=\"1d4f434\" data-element_type=\"widget\" data-e-type=\"widget\" data-widget_type=\"heading.default\">\n\t\t\t\t\t<h2 class=\"elementor-heading-title elementor-size-default\">Rosa Elena Curruchich (1958-2005), nieta de Andr\u00e9s Curruchich, combin\u00f3 sus trabajos cotidianos en San Juan Comalapa, con una pintura autodidacta cuya sencillez deslumbra y es un registro hist\u00f3rico.<\/h2>\t\t\t\t<\/div>\n\t\t\t\t\t<\/div>\n\t\t\t\t<\/div>\n\t\t<div data-particle_enable=\"false\" data-particle-mobile-disabled=\"false\" class=\"elementor-element elementor-element-d2f2598 e-flex e-con-boxed e-con e-parent\" data-id=\"d2f2598\" data-element_type=\"container\" data-e-type=\"container\">\n\t\t\t\t\t<div class=\"e-con-inner\">\n\t\t\t\t<div class=\"elementor-element elementor-element-1998ee5 elementor-widget elementor-widget-text-editor\" data-id=\"1998ee5\" data-element_type=\"widget\" data-e-type=\"widget\" data-widget_type=\"text-editor.default\">\n\t\t\t\t\t\t\t\t\t<p>San Juan Comalapa, en Chimaltenango, ha sido cuna de grandes artistas guatemaltecos, pero entre ellos brilla el nombre de Rosa Elena Curruchich (1958-2005), <a href=\"https:\/\/soymigrante.com\/revista\/mira-arte-guatemalteco-andres-curruchich-gran-iniciador-de-la-pintura-popular\/\" target=\"_blank\" rel=\"noopener\">pintora que no solo hered\u00f3 la tradici\u00f3n de su abuelo, el maestro Andr\u00e9s Curruchich<\/a>, sino que tambi\u00e9n abri\u00f3 camino como una de las mujeres m\u00e1s representativas del arte comalapense.<\/p><p>Su creaci\u00f3n, autodidacta y sincera,\u00a0 fue como un reto\u00f1o de una ra\u00edz art\u00edstica sembrada por don Andr\u00e9s. Ella le dio nueva continuidad y significado a la pintura popular maya guatemalteca.<\/p>\t\t\t\t\t\t\t\t<\/div>\n\t\t\t\t\t<\/div>\n\t\t\t\t<\/div>\n\t\t<div data-particle_enable=\"false\" data-particle-mobile-disabled=\"false\" class=\"elementor-element elementor-element-621d665 e-flex e-con-boxed e-con e-parent\" data-id=\"621d665\" data-element_type=\"container\" data-e-type=\"container\">\n\t\t\t\t\t<div class=\"e-con-inner\">\n\t\t\t\t<div class=\"elementor-element elementor-element-7f17e72 elementor-widget elementor-widget-image\" data-id=\"7f17e72\" data-element_type=\"widget\" data-e-type=\"widget\" data-widget_type=\"image.default\">\n\t\t\t\t\t\t\t\t\t\t\t\t<figure class=\"wp-caption\">\n\t\t\t\t\t\t\t\t\t\t<img fetchpriority=\"high\" decoding=\"async\" width=\"686\" height=\"383\" src=\"https:\/\/soymigrante.com\/revista\/wp-content\/uploads\/2025\/09\/rosa-elena-curruchich-1.jpg\" class=\"attachment-large size-large wp-image-44667\" alt=\"]Rosa Elena Curruchich grab\u00f3 en su memoria las im\u00e1genes de sucesos comunitarios y actividades cotidianas de la vida de Comalapa, para luego trasladarlos a lienzos que soy verdaderas joyas del arte popular\" srcset=\"https:\/\/soymigrante.com\/revista\/wp-content\/uploads\/2025\/09\/rosa-elena-curruchich-1.jpg 686w, https:\/\/soymigrante.com\/revista\/wp-content\/uploads\/2025\/09\/rosa-elena-curruchich-1-300x167.jpg 300w\" sizes=\"(max-width: 686px) 100vw, 686px\" title=\"]Rosa Elena Curruchich grab\u00f3 en su memoria las im\u00e1genes de sucesos comunitarios y actividades cotidianas de la vida de Comalapa, para luego trasladarlos a lienzos que soy verdaderas joyas del arte popular \u2013 SoyMigrante.com REVISTA\" \/>\t\t\t\t\t\t\t\t\t\t\t<figcaption class=\"widget-image-caption wp-caption-text\">]Rosa Elena Curruchich grab\u00f3 en su memoria las im\u00e1genes de sucesos comunitarios y actividades cotidianas de la vida de Comalapa, para luego trasladarlos a lienzos que soy verdaderas joyas del arte popular<\/figcaption>\n\t\t\t\t\t\t\t\t\t\t<\/figure>\n\t\t\t\t\t\t\t\t\t<\/div>\n\t\t\t\t\t<\/div>\n\t\t\t\t<\/div>\n\t\t<div data-particle_enable=\"false\" data-particle-mobile-disabled=\"false\" class=\"elementor-element elementor-element-e541845 e-flex e-con-boxed e-con e-parent\" data-id=\"e541845\" data-element_type=\"container\" data-e-type=\"container\">\n\t\t\t\t\t<div class=\"e-con-inner\">\n\t\t\t\t<div class=\"elementor-element elementor-element-7ef90c8 elementor-widget elementor-widget-heading\" data-id=\"7ef90c8\" data-element_type=\"widget\" data-e-type=\"widget\" data-widget_type=\"heading.default\">\n\t\t\t\t\t<h3 class=\"elementor-heading-title elementor-size-default\">Una historia marcada por el arte<\/h3>\t\t\t\t<\/div>\n\t\t\t\t\t<\/div>\n\t\t\t\t<\/div>\n\t\t<div data-particle_enable=\"false\" data-particle-mobile-disabled=\"false\" class=\"elementor-element elementor-element-fd8e4e8 e-flex e-con-boxed e-con e-parent\" data-id=\"fd8e4e8\" data-element_type=\"container\" data-e-type=\"container\">\n\t\t\t\t\t<div class=\"e-con-inner\">\n\t\t\t\t<div class=\"elementor-element elementor-element-17f2ae5 elementor-widget elementor-widget-text-editor\" data-id=\"17f2ae5\" data-element_type=\"widget\" data-e-type=\"widget\" data-widget_type=\"text-editor.default\">\n\t\t\t\t\t\t\t\t\t<p>Nacida en San Juan Comalapa, Rosa Elena creci\u00f3 rodeada de lienzos, pinceles y colores. Desde temprana edad mostr\u00f3 inter\u00e9s por la pintura, aprendiendo de la tradici\u00f3n pict\u00f3rica ind\u00edgena que su abuelo inici\u00f3 y que hoy es reconocida en el \u00e1mbito nacional e internacional como \u201cel arte na\u00edf de Comalapa\u201d.<\/p><p>Fue parte de una generaci\u00f3n de mujeres que, en un entorno marcado por el machismo, se atrevieron a tomar el pincel y expresarse. Su estilo se caracteriz\u00f3 por plasmar la vida cotidiana de los pueblos mayas, sus costumbres, vestimenta, paisajes y rituales, siempre con colores vibrantes y un profundo sentido de identidad.<\/p>\t\t\t\t\t\t\t\t<\/div>\n\t\t\t\t\t<\/div>\n\t\t\t\t<\/div>\n\t\t<div data-particle_enable=\"false\" data-particle-mobile-disabled=\"false\" class=\"elementor-element elementor-element-5bb2692 e-flex e-con-boxed e-con e-parent\" data-id=\"5bb2692\" data-element_type=\"container\" data-e-type=\"container\">\n\t\t\t\t\t<div class=\"e-con-inner\">\n\t\t\t\t<div class=\"elementor-element elementor-element-391de99 elementor-widget elementor-widget-image\" data-id=\"391de99\" data-element_type=\"widget\" data-e-type=\"widget\" data-widget_type=\"image.default\">\n\t\t\t\t\t\t\t\t\t\t\t\t<figure class=\"wp-caption\">\n\t\t\t\t\t\t\t\t\t\t<img decoding=\"async\" width=\"960\" height=\"768\" src=\"https:\/\/soymigrante.com\/revista\/wp-content\/uploads\/2025\/09\/Rosa-Elena-Curruchich3.jpeg\" class=\"attachment-large size-large wp-image-44092\" alt=\"Rosa Elena marc\u00f3 su arte en colores y paisajes.\" srcset=\"https:\/\/soymigrante.com\/revista\/wp-content\/uploads\/2025\/09\/Rosa-Elena-Curruchich3.jpeg 960w, https:\/\/soymigrante.com\/revista\/wp-content\/uploads\/2025\/09\/Rosa-Elena-Curruchich3-300x240.jpeg 300w, https:\/\/soymigrante.com\/revista\/wp-content\/uploads\/2025\/09\/Rosa-Elena-Curruchich3-768x614.jpeg 768w, https:\/\/soymigrante.com\/revista\/wp-content\/uploads\/2025\/09\/Rosa-Elena-Curruchich3-750x600.jpeg 750w\" sizes=\"(max-width: 960px) 100vw, 960px\" title=\"Rosa Elena marc\u00f3 su arte en colores y paisajes. \u2013 SoyMigrante.com REVISTA\" \/>\t\t\t\t\t\t\t\t\t\t\t<figcaption class=\"widget-image-caption wp-caption-text\">Rosa Elena marc\u00f3 su arte en colores y paisajes. <\/figcaption>\n\t\t\t\t\t\t\t\t\t\t<\/figure>\n\t\t\t\t\t\t\t\t\t<\/div>\n\t\t\t\t\t<\/div>\n\t\t\t\t<\/div>\n\t\t<div data-particle_enable=\"false\" data-particle-mobile-disabled=\"false\" class=\"elementor-element elementor-element-b14ec89 e-flex e-con-boxed e-con e-parent\" data-id=\"b14ec89\" data-element_type=\"container\" data-e-type=\"container\">\n\t\t\t\t\t<div class=\"e-con-inner\">\n\t\t\t\t<div class=\"elementor-element elementor-element-9e7a788 elementor-widget elementor-widget-heading\" data-id=\"9e7a788\" data-element_type=\"widget\" data-e-type=\"widget\" data-widget_type=\"heading.default\">\n\t\t\t\t\t<h3 class=\"elementor-heading-title elementor-size-default\">Su vida entre lienzos<\/h3>\t\t\t\t<\/div>\n\t\t\t\t\t<\/div>\n\t\t\t\t<\/div>\n\t\t<div data-particle_enable=\"false\" data-particle-mobile-disabled=\"false\" class=\"elementor-element elementor-element-47a54ae e-flex e-con-boxed e-con e-parent\" data-id=\"47a54ae\" data-element_type=\"container\" data-e-type=\"container\">\n\t\t\t\t\t<div class=\"e-con-inner\">\n\t\t\t\t<div class=\"elementor-element elementor-element-c1c0944 elementor-widget elementor-widget-text-editor\" data-id=\"c1c0944\" data-element_type=\"widget\" data-e-type=\"widget\" data-widget_type=\"text-editor.default\">\n\t\t\t\t\t\t\t\t\t<p>A lo largo de su vida, Rosa Elena combin\u00f3 su papel de madre, mujer y artista, abriendo espacio para que otras mujeres tambi\u00e9n creyeran en su talento. Con esfuerzo logr\u00f3 exponer sus obras dentro y fuera de Guatemala, lo que la coloc\u00f3 como referente de las pintoras ind\u00edgenas.<\/p><p><a href=\"https:\/\/soymigrante.com\/revista\/mira-arte-guatemalteco-andres-curruchich-gran-iniciador-de-la-pintura-popular\/\" target=\"_blank\" rel=\"noopener\">Su taller en Comalapa se convirti\u00f3 en un punto de encuentro para turistas<\/a>, coleccionistas y j\u00f3venes artistas que buscaban inspiraci\u00f3n. Con cada obra, reafirmaba la importancia de mantener vivas las ra\u00edces mayas y proyectarlas al mundo.<\/p>\t\t\t\t\t\t\t\t<\/div>\n\t\t\t\t\t<\/div>\n\t\t\t\t<\/div>\n\t\t<div data-particle_enable=\"false\" data-particle-mobile-disabled=\"false\" class=\"elementor-element elementor-element-0a993a8 e-flex e-con-boxed e-con e-parent\" data-id=\"0a993a8\" data-element_type=\"container\" data-e-type=\"container\">\n\t\t\t\t\t<div class=\"e-con-inner\">\n\t\t\t\t<div class=\"elementor-element elementor-element-16e0cd3 elementor-widget elementor-widget-image\" data-id=\"16e0cd3\" data-element_type=\"widget\" data-e-type=\"widget\" data-widget_type=\"image.default\">\n\t\t\t\t\t\t\t\t\t\t\t\t<figure class=\"wp-caption\">\n\t\t\t\t\t\t\t\t\t\t<img decoding=\"async\" width=\"469\" height=\"352\" src=\"https:\/\/soymigrante.com\/revista\/wp-content\/uploads\/2025\/09\/rosa-elena-curruchich-2.png\" class=\"attachment-large size-large wp-image-44668\" alt=\"La propia artista Rosa Elena Curruchich mostr\u00f3 su d\u00eda a d\u00eda. Pintaba en el patio de su casa, junto a las siembras. Esta escena es de un gran valor expresivo.\" srcset=\"https:\/\/soymigrante.com\/revista\/wp-content\/uploads\/2025\/09\/rosa-elena-curruchich-2.png 469w, https:\/\/soymigrante.com\/revista\/wp-content\/uploads\/2025\/09\/rosa-elena-curruchich-2-300x225.png 300w\" sizes=\"(max-width: 469px) 100vw, 469px\" title=\"La propia artista Rosa Elena Curruchich  mostr\u00f3 su d\u00eda a d\u00eda. Pintaba en el patio de su casa, junto a las siembras.  Esta escena es de un gran valor expresivo. \u2013 SoyMigrante.com REVISTA\" \/>\t\t\t\t\t\t\t\t\t\t\t<figcaption class=\"widget-image-caption wp-caption-text\">La propia artista Rosa Elena Curruchich  mostr\u00f3 su d\u00eda a d\u00eda. Pintaba en el patio de su casa, junto a las siembras.  Esta escena es de un gran valor expresivo.<\/figcaption>\n\t\t\t\t\t\t\t\t\t\t<\/figure>\n\t\t\t\t\t\t\t\t\t<\/div>\n\t\t\t\t\t<\/div>\n\t\t\t\t<\/div>\n\t\t<div data-particle_enable=\"false\" data-particle-mobile-disabled=\"false\" class=\"elementor-element elementor-element-875eeeb e-flex e-con-boxed e-con e-parent\" data-id=\"875eeeb\" data-element_type=\"container\" data-e-type=\"container\">\n\t\t\t\t\t<div class=\"e-con-inner\">\n\t\t\t\t<div class=\"elementor-element elementor-element-f1aecaf elementor-widget elementor-widget-heading\" data-id=\"f1aecaf\" data-element_type=\"widget\" data-e-type=\"widget\" data-widget_type=\"heading.default\">\n\t\t\t\t\t<h3 class=\"elementor-heading-title elementor-size-default\">Su arte, espejo de identidad<\/h3>\t\t\t\t<\/div>\n\t\t\t\t\t<\/div>\n\t\t\t\t<\/div>\n\t\t<div data-particle_enable=\"false\" data-particle-mobile-disabled=\"false\" class=\"elementor-element elementor-element-2fd1592 e-flex e-con-boxed e-con e-parent\" data-id=\"2fd1592\" data-element_type=\"container\" data-e-type=\"container\">\n\t\t\t\t\t<div class=\"e-con-inner\">\n\t\t\t\t<div class=\"elementor-element elementor-element-d0e63c2 elementor-widget elementor-widget-text-editor\" data-id=\"d0e63c2\" data-element_type=\"widget\" data-e-type=\"widget\" data-widget_type=\"text-editor.default\">\n\t\t\t\t\t\t\t\t\t<p>Las pinturas de Rosa Elena Curruchich son una ventana a la cosmovisi\u00f3n kaqchikel: mercados rebosantes de frutas, mujeres tejiendo, ceremonias espirituales y escenas de la vida rural. Su trazo sencillo, pero lleno de significado, convirti\u00f3 sus cuadros en piezas de memoria cultural.<\/p><p>M\u00e1s all\u00e1 de la est\u00e9tica, su obra tiene un valor testimonial: retrata la historia de un pueblo que resiste y se expresa a trav\u00e9s del arte.<\/p>\t\t\t\t\t\t\t\t<\/div>\n\t\t\t\t\t<\/div>\n\t\t\t\t<\/div>\n\t\t<div data-particle_enable=\"false\" data-particle-mobile-disabled=\"false\" class=\"elementor-element elementor-element-040ddee e-flex e-con-boxed e-con e-parent\" data-id=\"040ddee\" data-element_type=\"container\" data-e-type=\"container\">\n\t\t\t\t\t<div class=\"e-con-inner\">\n\t\t\t\t<div class=\"elementor-element elementor-element-5ee1528 elementor-widget elementor-widget-image\" data-id=\"5ee1528\" data-element_type=\"widget\" data-e-type=\"widget\" data-widget_type=\"image.default\">\n\t\t\t\t\t\t\t\t\t\t\t\t<figure class=\"wp-caption\">\n\t\t\t\t\t\t\t\t\t\t<img loading=\"lazy\" decoding=\"async\" width=\"674\" height=\"1024\" src=\"https:\/\/soymigrante.com\/revista\/wp-content\/uploads\/2025\/09\/Rosa-Elena-Curruchich4-674x1024.jpeg\" class=\"attachment-large size-large wp-image-44093\" alt=\"Rosa Elena enfrent\u00f3 oposici\u00f3n y cr\u00edticas, debido a que en su \u00e9poca no se consideraba a\u00fan que una mujer maya pudiera ser artista, pero ella persever\u00f3 y trascendi\u00f3 fronteras.\" srcset=\"https:\/\/soymigrante.com\/revista\/wp-content\/uploads\/2025\/09\/Rosa-Elena-Curruchich4-674x1024.jpeg 674w, https:\/\/soymigrante.com\/revista\/wp-content\/uploads\/2025\/09\/Rosa-Elena-Curruchich4-197x300.jpeg 197w, https:\/\/soymigrante.com\/revista\/wp-content\/uploads\/2025\/09\/Rosa-Elena-Curruchich4-768x1168.jpeg 768w, https:\/\/soymigrante.com\/revista\/wp-content\/uploads\/2025\/09\/Rosa-Elena-Curruchich4-750x1140.jpeg 750w, https:\/\/soymigrante.com\/revista\/wp-content\/uploads\/2025\/09\/Rosa-Elena-Curruchich4.jpeg 842w\" sizes=\"(max-width: 674px) 100vw, 674px\" title=\"Rosa Elena  enfrent\u00f3 oposici\u00f3n y cr\u00edticas, debido a que en su \u00e9poca no se consideraba a\u00fan que una mujer maya pudiera ser artista, pero ella persever\u00f3 y trascendi\u00f3 fronteras. \u2013 SoyMigrante.com REVISTA\" \/>\t\t\t\t\t\t\t\t\t\t\t<figcaption class=\"widget-image-caption wp-caption-text\">Rosa Elena  enfrent\u00f3 oposici\u00f3n y cr\u00edticas, debido a que en su \u00e9poca no se consideraba a\u00fan que una mujer maya pudiera ser artista, pero ella persever\u00f3 y trascendi\u00f3 fronteras. <\/figcaption>\n\t\t\t\t\t\t\t\t\t\t<\/figure>\n\t\t\t\t\t\t\t\t\t<\/div>\n\t\t\t\t\t<\/div>\n\t\t\t\t<\/div>\n\t\t<div data-particle_enable=\"false\" data-particle-mobile-disabled=\"false\" class=\"elementor-element elementor-element-5d9de4c e-flex e-con-boxed e-con e-parent\" data-id=\"5d9de4c\" data-element_type=\"container\" data-e-type=\"container\">\n\t\t\t\t\t<div class=\"e-con-inner\">\n\t\t\t\t<div class=\"elementor-element elementor-element-6b9e36f elementor-widget elementor-widget-heading\" data-id=\"6b9e36f\" data-element_type=\"widget\" data-e-type=\"widget\" data-widget_type=\"heading.default\">\n\t\t\t\t\t<h3 class=\"elementor-heading-title elementor-size-default\">Su legado sigue floreciendo<\/h3>\t\t\t\t<\/div>\n\t\t\t\t\t<\/div>\n\t\t\t\t<\/div>\n\t\t<div data-particle_enable=\"false\" data-particle-mobile-disabled=\"false\" class=\"elementor-element elementor-element-31e6072 e-flex e-con-boxed e-con e-parent\" data-id=\"31e6072\" data-element_type=\"container\" data-e-type=\"container\">\n\t\t\t\t\t<div class=\"e-con-inner\">\n\t\t\t\t<div class=\"elementor-element elementor-element-04b95c6 elementor-widget elementor-widget-text-editor\" data-id=\"04b95c6\" data-element_type=\"widget\" data-e-type=\"widget\" data-widget_type=\"text-editor.default\">\n\t\t\t\t\t\t\t\t\t<p>La vida de Rosa Elena Curruchich termin\u00f3 a temprana edad, v\u00edctima de compliaciones de diabetes.&nbsp; Su muerte dej\u00f3 un vac\u00edo enorme, pero tambi\u00e9n un legado que anim\u00f3 a m\u00e1s mujeres de San Juan Comalapa a dedicarse al arte.<\/p><p>Rosa Elena rompio barreras y fue inspiradora de un trabajo art\u00edstico que contin\u00faa floreciendo, que sigue vivo en cada lienzo y en la inspiraci\u00f3n que sembr\u00f3 en nuevas generaciones de artistas comalapenses.<\/p>\t\t\t\t\t\t\t\t<\/div>\n\t\t\t\t\t<\/div>\n\t\t\t\t<\/div>\n\t\t<div data-particle_enable=\"false\" data-particle-mobile-disabled=\"false\" class=\"elementor-element elementor-element-1ca7edc e-flex e-con-boxed e-con e-parent\" data-id=\"1ca7edc\" data-element_type=\"container\" data-e-type=\"container\">\n\t\t\t\t\t<div class=\"e-con-inner\">\n\t\t\t\t<div class=\"elementor-element elementor-element-69fe050 elementor-widget elementor-widget-image\" data-id=\"69fe050\" data-element_type=\"widget\" data-e-type=\"widget\" data-widget_type=\"image.default\">\n\t\t\t\t\t\t\t\t\t\t\t\t<figure class=\"wp-caption\">\n\t\t\t\t\t\t\t\t\t\t<img loading=\"lazy\" decoding=\"async\" width=\"603\" height=\"612\" src=\"https:\/\/soymigrante.com\/revista\/wp-content\/uploads\/2025\/09\/Rosa-Elena-Curruchich5.jpeg\" class=\"attachment-large size-large wp-image-44094\" alt=\"El arte de Rosa Elena era mostrar la vida en San Juan Comalapa.\" srcset=\"https:\/\/soymigrante.com\/revista\/wp-content\/uploads\/2025\/09\/Rosa-Elena-Curruchich5.jpeg 603w, https:\/\/soymigrante.com\/revista\/wp-content\/uploads\/2025\/09\/Rosa-Elena-Curruchich5-296x300.jpeg 296w, https:\/\/soymigrante.com\/revista\/wp-content\/uploads\/2025\/09\/Rosa-Elena-Curruchich5-75x75.jpeg 75w\" sizes=\"(max-width: 603px) 100vw, 603px\" title=\"El arte de Rosa Elena era mostrar la vida en San Juan Comalapa. \u2013 SoyMigrante.com REVISTA\" \/>\t\t\t\t\t\t\t\t\t\t\t<figcaption class=\"widget-image-caption wp-caption-text\">El arte de Rosa Elena era mostrar la vida en San Juan Comalapa.<\/figcaption>\n\t\t\t\t\t\t\t\t\t\t<\/figure>\n\t\t\t\t\t\t\t\t\t<\/div>\n\t\t\t\t\t<\/div>\n\t\t\t\t<\/div>\n\t\t<div data-particle_enable=\"false\" data-particle-mobile-disabled=\"false\" class=\"elementor-element elementor-element-c3715a4 e-flex e-con-boxed e-con e-parent\" data-id=\"c3715a4\" data-element_type=\"container\" data-e-type=\"container\">\n\t\t\t\t\t<div class=\"e-con-inner\">\n\t\t\t\t<div class=\"elementor-element elementor-element-6261749 elementor-widget elementor-widget-heading\" data-id=\"6261749\" data-element_type=\"widget\" data-e-type=\"widget\" data-widget_type=\"heading.default\">\n\t\t\t\t\t<h3 class=\"elementor-heading-title elementor-size-default\">Un legado que perdura<\/h3>\t\t\t\t<\/div>\n\t\t\t\t\t<\/div>\n\t\t\t\t<\/div>\n\t\t<div data-particle_enable=\"false\" data-particle-mobile-disabled=\"false\" class=\"elementor-element elementor-element-de618e9 e-flex e-con-boxed e-con e-parent\" data-id=\"de618e9\" data-element_type=\"container\" data-e-type=\"container\">\n\t\t\t\t\t<div class=\"e-con-inner\">\n\t\t\t\t<div class=\"elementor-element elementor-element-5ac3d65 elementor-widget elementor-widget-text-editor\" data-id=\"5ac3d65\" data-element_type=\"widget\" data-e-type=\"widget\" data-widget_type=\"text-editor.default\">\n\t\t\t\t\t\t\t\t\t<p>Hoy, el nombre de Rosa Elena Curruchich es recordado como s\u00edmbolo de lucha, arte y resistencia cultural. Su vida y su obra contin\u00faan siendo ejemplo de que el arte es una manera de contar historias, de honrar ra\u00edces y de mantener viva la identidad de un pueblo.<\/p>\t\t\t\t\t\t\t\t<\/div>\n\t\t\t\t\t<\/div>\n\t\t\t\t<\/div>\n\t\t<div data-particle_enable=\"false\" data-particle-mobile-disabled=\"false\" class=\"elementor-element elementor-element-76d9573 e-flex e-con-boxed e-con e-parent\" data-id=\"76d9573\" data-element_type=\"container\" data-e-type=\"container\">\n\t\t\t\t\t<div class=\"e-con-inner\">\n\t\t\t\t<div class=\"elementor-element elementor-element-c03174c elementor-widget elementor-widget-heading\" data-id=\"c03174c\" data-element_type=\"widget\" data-e-type=\"widget\" data-widget_type=\"heading.default\">\n\t\t\t\t\t<h2 class=\"elementor-heading-title elementor-size-default\">Conoce m\u00e1s de otros artistas, ac\u00e1...<\/h2>\t\t\t\t<\/div>\n\t\t\t\t\t<\/div>\n\t\t\t\t<\/div>\n\t\t<div data-particle_enable=\"false\" data-particle-mobile-disabled=\"false\" class=\"elementor-element elementor-element-a3f904e e-flex e-con-boxed e-con e-parent\" data-id=\"a3f904e\" data-element_type=\"container\" data-e-type=\"container\">\n\t\t\t\t\t<div class=\"e-con-inner\">\n\t\t\t\t<div class=\"elementor-element elementor-element-9237444 elementor-grid-eael-col-3 elementor-grid-tablet-eael-col-2 elementor-grid-mobile-eael-col-1 elementor-widget elementor-widget-eael-post-grid\" data-id=\"9237444\" data-element_type=\"widget\" data-e-type=\"widget\" data-settings=\"{&quot;eael_post_grid_columns&quot;:&quot;eael-col-3&quot;,&quot;eael_post_grid_columns_tablet&quot;:&quot;eael-col-2&quot;,&quot;eael_post_grid_columns_mobile&quot;:&quot;eael-col-1&quot;}\" data-widget_type=\"eael-post-grid.default\">\n\t\t\t\t\t<div id=\"eael-post-grid-9237444\" class=\"eael-post-grid-container\">\n            <div class=\"eael-post-grid eael-post-appender eael-post-appender-9237444 eael-post-grid-style-one\" data-layout-mode=\"masonry\"><article class=\"eael-grid-post  eael-post-grid-column eael-pg-post-19344 category-guate-nuestra tags-mercado-emprendedores\" data-id=\"19344\">\n        <div class=\"eael-grid-post-holder\">\n            <div class=\"eael-grid-post-holder-inner\"><div class=\"eael-entry-media\"><div class=\"eael-entry-overlay fade-in\"><i class=\"far fa-hand-pointer\" aria-hidden=\"true\"><\/i><a href=\"https:\/\/soymigrante.com\/revista\/artista-david-de-paz-convierte-el-sentimiento-en-pinturas-de-arte-qeq\/\"><\/a><\/div><div class=\"eael-entry-thumbnail \">\n                <img loading=\"lazy\" decoding=\"async\" width=\"914\" height=\"914\" src=\"https:\/\/soymigrante.com\/revista\/wp-content\/uploads\/2025\/01\/David-Armando-De-Paz-Lopez-2.webp\" class=\"attachment-large size-large wp-image-19398\" alt=\"Retrato de un hombre con gafas y cabello largo en una galer\u00eda de arte, sonriendo.\" srcset=\"https:\/\/soymigrante.com\/revista\/wp-content\/uploads\/2025\/01\/David-Armando-De-Paz-Lopez-2.webp 914w, https:\/\/soymigrante.com\/revista\/wp-content\/uploads\/2025\/01\/David-Armando-De-Paz-Lopez-2-300x300.jpeg 300w, https:\/\/soymigrante.com\/revista\/wp-content\/uploads\/2025\/01\/David-Armando-De-Paz-Lopez-2-150x150.jpeg 150w, https:\/\/soymigrante.com\/revista\/wp-content\/uploads\/2025\/01\/David-Armando-De-Paz-Lopez-2-768x768.jpeg 768w, https:\/\/soymigrante.com\/revista\/wp-content\/uploads\/2025\/01\/David-Armando-De-Paz-Lopez-2-75x75.webp 75w, https:\/\/soymigrante.com\/revista\/wp-content\/uploads\/2025\/01\/David-Armando-De-Paz-Lopez-2-750x750.webp 750w\" sizes=\"(max-width: 914px) 100vw, 914px\" \/>\n            <\/div>\n        <\/div><div class=\"eael-entry-wrapper\"><header class=\"eael-entry-header\"><h2 class=\"eael-entry-title\"><a class=\"eael-grid-post-link\" href=\"https:\/\/soymigrante.com\/revista\/artista-david-de-paz-convierte-el-sentimiento-en-pinturas-de-arte-qeq\/\" title=\"Artista David de Paz transforma emociones en la expresi\u00f3n viva de Arte Q&#8217;eq y est\u00e1 en Mercado\">Artista David de Paz transforma emociones en la expresi\u00f3n viva de Arte Q&#8217;eq y est\u00e1 en Mercado<\/a><\/h2><\/header><div class=\"eael-entry-content\">\n                        <div class=\"eael-grid-post-excerpt\"><a href=\"https:\/\/soymigrante.com\/revista\/artista-david-de-paz-convierte-el-sentimiento-en-pinturas-de-arte-qeq\/\" class=\"eael-post-elements-readmore-btn\">CONOCE SU HISTORIA <\/a><\/div>\n                    <\/div><\/div><\/div>\n        <\/div>\n    <\/article><article class=\"eael-grid-post  eael-post-grid-column eael-pg-post-3245 category-estamos-unidos\" data-id=\"3245\">\n        <div class=\"eael-grid-post-holder\">\n            <div class=\"eael-grid-post-holder-inner\"><div class=\"eael-entry-media\"><div class=\"eael-entry-overlay fade-in\"><i class=\"far fa-hand-pointer\" aria-hidden=\"true\"><\/i><a href=\"https:\/\/soymigrante.com\/revista\/houston-artista-maya-tzutujil-efectua-un-performance-en-homenaje-a-migrantes\/\"><\/a><\/div><div class=\"eael-entry-thumbnail \">\n                <img loading=\"lazy\" decoding=\"async\" width=\"1024\" height=\"658\" src=\"https:\/\/soymigrante.com\/revista\/wp-content\/uploads\/2023\/11\/Artista-guatemalteco-Benvenuto-Chavajay-efectua-homenaje-a-migrantes-fallecidos-en-Houston-Texas-3-1024x658.webp\" class=\"attachment-large size-large wp-image-3246\" alt=\"\" srcset=\"https:\/\/soymigrante.com\/revista\/wp-content\/uploads\/2023\/11\/Artista-guatemalteco-Benvenuto-Chavajay-efectua-homenaje-a-migrantes-fallecidos-en-Houston-Texas-3-1024x658.webp 1024w, https:\/\/soymigrante.com\/revista\/wp-content\/uploads\/2023\/11\/Artista-guatemalteco-Benvenuto-Chavajay-efectua-homenaje-a-migrantes-fallecidos-en-Houston-Texas-3-300x193.webp 300w, https:\/\/soymigrante.com\/revista\/wp-content\/uploads\/2023\/11\/Artista-guatemalteco-Benvenuto-Chavajay-efectua-homenaje-a-migrantes-fallecidos-en-Houston-Texas-3-768x493.webp 768w, https:\/\/soymigrante.com\/revista\/wp-content\/uploads\/2023\/11\/Artista-guatemalteco-Benvenuto-Chavajay-efectua-homenaje-a-migrantes-fallecidos-en-Houston-Texas-3-1536x987.webp 1536w, https:\/\/soymigrante.com\/revista\/wp-content\/uploads\/2023\/11\/Artista-guatemalteco-Benvenuto-Chavajay-efectua-homenaje-a-migrantes-fallecidos-en-Houston-Texas-3-750x482.webp 750w, https:\/\/soymigrante.com\/revista\/wp-content\/uploads\/2023\/11\/Artista-guatemalteco-Benvenuto-Chavajay-efectua-homenaje-a-migrantes-fallecidos-en-Houston-Texas-3-1140x732.webp 1140w, https:\/\/soymigrante.com\/revista\/wp-content\/uploads\/2023\/11\/Artista-guatemalteco-Benvenuto-Chavajay-efectua-homenaje-a-migrantes-fallecidos-en-Houston-Texas-3.webp 1600w\" sizes=\"(max-width: 1024px) 100vw, 1024px\" \/>\n            <\/div>\n        <\/div><div class=\"eael-entry-wrapper\"><header class=\"eael-entry-header\"><h2 class=\"eael-entry-title\"><a class=\"eael-grid-post-link\" href=\"https:\/\/soymigrante.com\/revista\/houston-artista-maya-tzutujil-efectua-un-performance-en-homenaje-a-migrantes\/\" title=\"Artista tzutujil efect\u00faa performance en Houston a la memoria de almas de migrantes\">Artista tzutujil efect\u00faa performance en Houston a la memoria de almas de migrantes<\/a><\/h2><\/header><div class=\"eael-entry-content\">\n                        <div class=\"eael-grid-post-excerpt\"><a href=\"https:\/\/soymigrante.com\/revista\/houston-artista-maya-tzutujil-efectua-un-performance-en-homenaje-a-migrantes\/\" class=\"eael-post-elements-readmore-btn\">CONOCE SU HISTORIA <\/a><\/div>\n                    <\/div><\/div><\/div>\n        <\/div>\n    <\/article><article class=\"eael-grid-post  eael-post-grid-column eael-pg-post-39088 category-estamos-unidos\" data-id=\"39088\">\n        <div class=\"eael-grid-post-holder\">\n            <div class=\"eael-grid-post-holder-inner\"><div class=\"eael-entry-media\"><div class=\"eael-entry-overlay fade-in\"><i class=\"far fa-hand-pointer\" aria-hidden=\"true\"><\/i><a href=\"https:\/\/soymigrante.com\/revista\/colores-sin-fronteras-brilla-el-arte-de-la-artista-cubano-guatemalteca-kika-garces\/\"><\/a><\/div><div class=\"eael-entry-thumbnail \">\n                <img loading=\"lazy\" decoding=\"async\" width=\"1024\" height=\"1024\" src=\"https:\/\/soymigrante.com\/revista\/wp-content\/uploads\/2025\/07\/Colores-sin-Fronteras-Kika-Garces-de-Marcilla-y-el-Arte-como-Puente-Cultural5-e1752258511792-1024x1024.jpeg\" class=\"attachment-large size-large wp-image-39089\" alt=\"Bote de vidrio con l\u00edquido naranja, envuelto en pl\u00e1stico transparente, sobre fondo blanco.\" srcset=\"https:\/\/soymigrante.com\/revista\/wp-content\/uploads\/2025\/07\/Colores-sin-Fronteras-Kika-Garces-de-Marcilla-y-el-Arte-como-Puente-Cultural5-e1752258511792-1024x1024.jpeg 1024w, https:\/\/soymigrante.com\/revista\/wp-content\/uploads\/2025\/07\/Colores-sin-Fronteras-Kika-Garces-de-Marcilla-y-el-Arte-como-Puente-Cultural5-e1752258511792-300x300.jpeg 300w, https:\/\/soymigrante.com\/revista\/wp-content\/uploads\/2025\/07\/Colores-sin-Fronteras-Kika-Garces-de-Marcilla-y-el-Arte-como-Puente-Cultural5-e1752258511792-150x150.jpeg 150w, https:\/\/soymigrante.com\/revista\/wp-content\/uploads\/2025\/07\/Colores-sin-Fronteras-Kika-Garces-de-Marcilla-y-el-Arte-como-Puente-Cultural5-e1752258511792-768x768.jpeg 768w, https:\/\/soymigrante.com\/revista\/wp-content\/uploads\/2025\/07\/Colores-sin-Fronteras-Kika-Garces-de-Marcilla-y-el-Arte-como-Puente-Cultural5-e1752258511792-75x75.webp 75w, https:\/\/soymigrante.com\/revista\/wp-content\/uploads\/2025\/07\/Colores-sin-Fronteras-Kika-Garces-de-Marcilla-y-el-Arte-como-Puente-Cultural5-e1752258511792-750x750.jpeg 750w, https:\/\/soymigrante.com\/revista\/wp-content\/uploads\/2025\/07\/Colores-sin-Fronteras-Kika-Garces-de-Marcilla-y-el-Arte-como-Puente-Cultural5-e1752258511792.webp 1080w\" sizes=\"(max-width: 1024px) 100vw, 1024px\" \/>\n            <\/div>\n        <\/div><div class=\"eael-entry-wrapper\"><header class=\"eael-entry-header\"><h2 class=\"eael-entry-title\"><a class=\"eael-grid-post-link\" href=\"https:\/\/soymigrante.com\/revista\/colores-sin-fronteras-brilla-el-arte-de-la-artista-cubano-guatemalteca-kika-garces\/\" title=\"Colores sin fronteras: brilla el arte de la artista cubano-guatemalteca Kika Garc\u00e9s\">Colores sin fronteras: brilla el arte de la artista cubano-guatemalteca Kika Garc\u00e9s<\/a><\/h2><\/header><div class=\"eael-entry-content\">\n                        <div class=\"eael-grid-post-excerpt\"><a href=\"https:\/\/soymigrante.com\/revista\/colores-sin-fronteras-brilla-el-arte-de-la-artista-cubano-guatemalteca-kika-garces\/\" class=\"eael-post-elements-readmore-btn\">CONOCE SU HISTORIA <\/a><\/div>\n                    <\/div><\/div><\/div>\n        <\/div>\n    <\/article><\/div>\n            <div class=\"clearfix\"><\/div>\n        <\/div>\t\t\t\t<\/div>\n\t\t\t\t\t<\/div>\n\t\t\t\t<\/div>\n\t\t\t\t<\/div>\n\t\t","protected":false},"excerpt":{"rendered":"<p>Rosa Elena Curruchich (1958-2005), nieta de Andr\u00e9s Curruchich, combin\u00f3 sus trabajos cotidianos en San Juan Comalapa, con una pintura autodidacta cuya sencillez deslumbra y es un registro hist\u00f3rico. San Juan Comalapa, en Chimaltenango, ha sido cuna de grandes artistas guatemaltecos, pero entre ellos brilla el nombre de Rosa Elena Curruchich (1958-2005), pintora que no solo [&hellip;]<\/p>\n","protected":false},"author":1,"featured_media":44663,"comment_status":"open","ping_status":"open","sticky":false,"template":"","format":"standard","meta":{"_acf_changed":false,"_eb_attr":"","footnotes":""},"categories":[91,58],"tags":[],"class_list":["post-44085","post","type-post","status-publish","format-standard","has-post-thumbnail","hentry","category-arte-cultura","category-guate-nuestra"],"acf":[],"aioseo_notices":[],"aioseo_head":"\n\t\t<!-- All in One SEO Pro 4.9.6.2 - aioseo.com -->\n\t<meta name=\"description\" content=\"Kika Garces expone su trabajo en Miami. Artista cubano-guatemalteca migrante que expresa la nostalgia, la vivacidad y el amor por la identidad hispana.\" \/>\n\t<meta name=\"robots\" content=\"max-snippet:-1, max-image-preview:large, max-video-preview:-1\" \/>\n\t<meta name=\"author\" content=\"Marysabel Aldana\"\/>\n\t<link rel=\"canonical\" href=\"https:\/\/soymigrante.com\/revista\/colores-sin-fronteras-brilla-el-arte-de-la-artista-cubano-guatemalteca-kika-garces\/\" \/>\n\t<meta name=\"generator\" content=\"All in One SEO Pro (AIOSEO) 4.9.6.2\" \/>\n\n\t\t<link rel=\"preconnect\" href=\"https:\/\/fonts.googleapis.com\" crossorigin>\n<link rel=\"preconnect\" href=\"https:\/\/fonts.gstatic.com\" crossorigin>\n\t\t<meta property=\"og:locale\" content=\"es_ES\" \/>\n\t\t<meta property=\"og:site_name\" content=\"SoyMigrante.com REVISTA \u2013 Nuestra misi\u00f3n es reconocer y dignificar al migrante.\" \/>\n\t\t<meta property=\"og:type\" content=\"article\" \/>\n\t\t<meta property=\"og:title\" content=\"Los colores sin fronteras de la artista migrante Kika Garc\u00e9s\" \/>\n\t\t<meta property=\"og:description\" content=\"Kika Garces expone su trabajo en Miami. Artista cubano-guatemalteca migrante que expresa la nostalgia, la vivacidad y el amor por la identidad hispana.\" \/>\n\t\t<meta property=\"og:url\" content=\"https:\/\/soymigrante.com\/revista\/colores-sin-fronteras-brilla-el-arte-de-la-artista-cubano-guatemalteca-kika-garces\/\" \/>\n\t\t<meta property=\"og:image\" content=\"https:\/\/soymigrante.com\/revista\/wp-content\/uploads\/2025\/07\/Colores-sin-Fronteras-Kika-Garces-de-Marcilla-y-el-Arte-como-Puente-Cultural5-e1752258511792.webp\" \/>\n\t\t<meta property=\"og:image:secure_url\" content=\"https:\/\/soymigrante.com\/revista\/wp-content\/uploads\/2025\/07\/Colores-sin-Fronteras-Kika-Garces-de-Marcilla-y-el-Arte-como-Puente-Cultural5-e1752258511792.webp\" \/>\n\t\t<meta property=\"og:image:width\" content=\"1080\" \/>\n\t\t<meta property=\"og:image:height\" content=\"1080\" \/>\n\t\t<meta property=\"article:published_time\" content=\"2025-07-11T12:00:00+00:00\" \/>\n\t\t<meta property=\"article:modified_time\" content=\"2025-07-11T23:06:58+00:00\" \/>\n\t\t<meta property=\"article:publisher\" content=\"https:\/\/www.facebook.com\/soymigrantecom\" \/>\n\t\t<meta name=\"twitter:card\" content=\"summary_large_image\" \/>\n\t\t<meta name=\"twitter:site\" content=\"@SoyMigrante_com\" \/>\n\t\t<meta name=\"twitter:title\" content=\"Los colores sin fronteras de la artista migrante Kika Garc\u00e9s\" \/>\n\t\t<meta name=\"twitter:description\" content=\"Kika Garces expone su trabajo en Miami. Artista cubano-guatemalteca migrante que expresa la nostalgia, la vivacidad y el amor por la identidad hispana.\" \/>\n\t\t<meta name=\"twitter:creator\" content=\"@SoyMigrante_com\" \/>\n\t\t<meta name=\"twitter:image\" content=\"https:\/\/soymigrante.com\/revista\/wp-content\/uploads\/2025\/07\/Colores-sin-Fronteras-Kika-Garces-de-Marcilla-y-el-Arte-como-Puente-Cultural5-e1752258511792.webp\" \/>\n\t\t<!-- All in One SEO Pro -->\r\n\t\t<title>Los colores sin fronteras de la artista migrante Kika Garc\u00e9s<\/title>\n\n","aioseo_head_json":{"title":"Los colores sin fronteras de la artista migrante Kika Garc\u00e9s","description":"Kika Garces expone su trabajo en Miami. Artista cubano-guatemalteca migrante que expresa la nostalgia, la vivacidad y el amor por la identidad hispana.","canonical_url":"https:\/\/soymigrante.com\/revista\/colores-sin-fronteras-brilla-el-arte-de-la-artista-cubano-guatemalteca-kika-garces\/","robots":"max-snippet:-1, max-image-preview:large, max-video-preview:-1","keywords":"","webmasterTools":{"miscellaneous":"&lt;link rel=\"preconnect\" href=\"https:\/\/fonts.googleapis.com\" crossorigin&gt;\n&lt;link rel=\"preconnect\" href=\"https:\/\/fonts.gstatic.com\" crossorigin&gt;"},"schema":null,"og:locale":"es_ES","og:site_name":"SoyMigrante.com REVISTA \u2013 Nuestra misi\u00f3n es reconocer y dignificar al migrante.","og:type":"article","og:title":"Los colores sin fronteras de la artista migrante Kika Garc\u00e9s","og:description":"Kika Garces expone su trabajo en Miami. Artista cubano-guatemalteca migrante que expresa la nostalgia, la vivacidad y el amor por la identidad hispana.","og:url":"https:\/\/soymigrante.com\/revista\/colores-sin-fronteras-brilla-el-arte-de-la-artista-cubano-guatemalteca-kika-garces\/","og:image":"https:\/\/soymigrante.com\/revista\/wp-content\/uploads\/2025\/07\/Colores-sin-Fronteras-Kika-Garces-de-Marcilla-y-el-Arte-como-Puente-Cultural5-e1752258511792.webp","og:image:secure_url":"https:\/\/soymigrante.com\/revista\/wp-content\/uploads\/2025\/07\/Colores-sin-Fronteras-Kika-Garces-de-Marcilla-y-el-Arte-como-Puente-Cultural5-e1752258511792.webp","og:image:width":1080,"og:image:height":1080,"article:published_time":"2025-07-11T12:00:00+00:00","article:modified_time":"2025-07-11T23:06:58+00:00","article:publisher":"https:\/\/www.facebook.com\/soymigrantecom","twitter:card":"summary_large_image","twitter:site":"@SoyMigrante_com","twitter:title":"Los colores sin fronteras de la artista migrante Kika Garc\u00e9s","twitter:description":"Kika Garces expone su trabajo en Miami. Artista cubano-guatemalteca migrante que expresa la nostalgia, la vivacidad y el amor por la identidad hispana.","twitter:creator":"@SoyMigrante_com","twitter:image":"https:\/\/soymigrante.com\/revista\/wp-content\/uploads\/2025\/07\/Colores-sin-Fronteras-Kika-Garces-de-Marcilla-y-el-Arte-como-Puente-Cultural5-e1752258511792.webp"},"aioseo_meta_data":{"post_id":"44085","title":null,"description":"Rosa Elena Curruchich (1958-2005) nieta de Andr\u00e9s Curruchich. Junto a sus labores cotidianos pint\u00f3 escenas que hoy brillan en la historia del arte nacional.","keywords":null,"keyphrases":{"focus":{"keyphrase":"rosa elena","score":91,"analysis":{"keyphraseInTitle":{"score":9,"maxScore":9,"error":0},"keyphraseInDescription":{"score":9,"maxScore":9,"error":0},"keyphraseLength":{"score":9,"maxScore":9,"error":0,"length":2},"keyphraseInURL":{"score":5,"maxScore":5,"error":0},"keyphraseInIntroduction":{"score":9,"maxScore":9,"error":0},"keyphraseInSubHeadings":{"score":3,"maxScore":9,"error":1},"keyphraseInImageAlt":{"score":9,"maxScore":9,"error":0},"keywordDensity":{"type":"best","score":9,"maxScore":9,"error":0}}},"additional":[{"keyphrase":"San Juan Comalapa","score":87,"analysis":{"keyphraseInDescription":{"score":3,"maxScore":9,"error":1},"keyphraseLength":{"score":9,"maxScore":9,"error":0,"length":3},"keyphraseInIntroduction":{"score":9,"maxScore":9,"error":0},"keyphraseInImageAlt":{"score":9,"maxScore":9,"error":0},"keywordDensity":{"type":"best","score":9,"maxScore":9,"error":0}}}]},"primary_term":null,"canonical_url":null,"og_title":null,"og_description":null,"og_object_type":"default","og_image_type":"default","og_image_url":null,"og_image_width":null,"og_image_height":null,"og_image_custom_url":null,"og_image_custom_fields":null,"og_video":"","og_custom_url":null,"og_article_section":null,"og_article_tags":null,"twitter_use_og":false,"twitter_card":"default","twitter_image_type":"default","twitter_image_url":null,"twitter_image_custom_url":null,"twitter_image_custom_fields":null,"twitter_title":null,"twitter_description":null,"schema":{"blockGraphs":[],"customGraphs":[],"default":{"data":{"Article":[],"Course":[],"Dataset":[],"FAQPage":[],"Movie":[],"Person":[],"Product":[],"ProductReview":[],"Car":[],"Recipe":[],"Service":[],"SoftwareApplication":[],"WebPage":[]},"graphName":"NewsArticle","isEnabled":true},"graphs":[]},"schema_type":"default","schema_type_options":null,"pillar_content":false,"robots_default":true,"robots_noindex":false,"robots_noarchive":false,"robots_nosnippet":false,"robots_nofollow":false,"robots_noimageindex":false,"robots_noodp":false,"robots_notranslate":false,"robots_max_snippet":"-1","robots_max_videopreview":"-1","robots_max_imagepreview":"large","priority":null,"frequency":"default","local_seo":null,"seo_analyzer_scan_date":null,"breadcrumb_settings":null,"limit_modified_date":false,"reviewed_by":"0","open_ai":null,"ai":{"faqs":[],"keyPoints":[],"titles":[],"descriptions":[],"socialPosts":{"email":[],"linkedin":[],"twitter":[],"facebook":[],"instagram":[]}},"created":"2025-09-08 20:39:25","updated":"2026-04-05 15:22:26"},"aioseo_breadcrumb":"<div class=\"aioseo-breadcrumbs\"><span class=\"aioseo-breadcrumb\">\n\t<a href=\"https:\/\/soymigrante.com\/revista\" title=\"Home\">Home<\/a>\n<\/span><span class=\"aioseo-breadcrumb-separator\">\u00bb<\/span><span class=\"aioseo-breadcrumb\">\n\t<a href=\"https:\/\/soymigrante.com\/revista\/category\/guate-nuestra\/\" title=\"Guate Nuestra\">Guate Nuestra<\/a>\n<\/span><span class=\"aioseo-breadcrumb-separator\">\u00bb<\/span><span class=\"aioseo-breadcrumb\">\n\t<a href=\"https:\/\/soymigrante.com\/revista\/category\/guate-nuestra\/arte-cultura\/\" title=\"Cultura de Guatemala\">Cultura de Guatemala<\/a>\n<\/span><span class=\"aioseo-breadcrumb-separator\">\u00bb<\/span><span class=\"aioseo-breadcrumb\">\n\tMira arte guatemalteco: Rosa Elena Curruchich hered\u00f3 un estilo que hizo florecer\n<\/span><\/div>","aioseo_breadcrumb_json":[{"label":"Home","link":"https:\/\/soymigrante.com\/revista"},{"label":"Guate Nuestra","link":"https:\/\/soymigrante.com\/revista\/category\/guate-nuestra\/"},{"label":"Cultura de Guatemala","link":"https:\/\/soymigrante.com\/revista\/category\/guate-nuestra\/arte-cultura\/"},{"label":"Mira arte guatemalteco: Rosa Elena Curruchich hered\u00f3 un estilo que hizo florecer","link":"https:\/\/soymigrante.com\/revista\/mira-arte-guatemalteco-rosa-elena-curruchich-heredo-un-estilo-que-hizo-florecer\/"}],"_links":{"self":[{"href":"https:\/\/soymigrante.com\/revista\/wp-json\/wp\/v2\/posts\/44085","targetHints":{"allow":["GET"]}}],"collection":[{"href":"https:\/\/soymigrante.com\/revista\/wp-json\/wp\/v2\/posts"}],"about":[{"href":"https:\/\/soymigrante.com\/revista\/wp-json\/wp\/v2\/types\/post"}],"author":[{"embeddable":true,"href":"https:\/\/soymigrante.com\/revista\/wp-json\/wp\/v2\/users\/1"}],"replies":[{"embeddable":true,"href":"https:\/\/soymigrante.com\/revista\/wp-json\/wp\/v2\/comments?post=44085"}],"version-history":[{"count":17,"href":"https:\/\/soymigrante.com\/revista\/wp-json\/wp\/v2\/posts\/44085\/revisions"}],"predecessor-version":[{"id":54536,"href":"https:\/\/soymigrante.com\/revista\/wp-json\/wp\/v2\/posts\/44085\/revisions\/54536"}],"wp:featuredmedia":[{"embeddable":true,"href":"https:\/\/soymigrante.com\/revista\/wp-json\/wp\/v2\/media\/44663"}],"wp:attachment":[{"href":"https:\/\/soymigrante.com\/revista\/wp-json\/wp\/v2\/media?parent=44085"}],"wp:term":[{"taxonomy":"category","embeddable":true,"href":"https:\/\/soymigrante.com\/revista\/wp-json\/wp\/v2\/categories?post=44085"},{"taxonomy":"post_tag","embeddable":true,"href":"https:\/\/soymigrante.com\/revista\/wp-json\/wp\/v2\/tags?post=44085"}],"curies":[{"name":"wp","href":"https:\/\/api.w.org\/{rel}","templated":true}]}}