{"id":44070,"date":"2025-09-09T04:00:00","date_gmt":"2025-09-09T10:00:00","guid":{"rendered":"https:\/\/soymigrante.com\/revista\/?p=44070"},"modified":"2025-09-09T07:50:06","modified_gmt":"2025-09-09T13:50:06","slug":"danzas-de-guatemala-la-danza-de-mexicanos-es-una-corrida-de-toros","status":"publish","type":"post","link":"https:\/\/soymigrante.com\/revista\/danzas-de-guatemala-la-danza-de-mexicanos-es-una-corrida-de-toros\/","title":{"rendered":"Danzas de Guatemala: la Danza de Mexicanos es una corrida de toros"},"content":{"rendered":"\t\t<div data-elementor-type=\"wp-post\" data-elementor-id=\"44070\" class=\"elementor elementor-44070\" data-elementor-post-type=\"post\">\n\t\t\t\t<div data-particle_enable=\"false\" data-particle-mobile-disabled=\"false\" class=\"elementor-element elementor-element-2efdcbd e-flex e-con-boxed e-con e-parent\" data-id=\"2efdcbd\" data-element_type=\"container\" data-e-type=\"container\">\n\t\t\t\t\t<div class=\"e-con-inner\">\n\t\t\t\t<div class=\"elementor-element elementor-element-a31740d elementor-widget elementor-widget-heading\" data-id=\"a31740d\" data-element_type=\"widget\" data-e-type=\"widget\" data-widget_type=\"heading.default\">\n\t\t\t\t\t<h2 class=\"elementor-heading-title elementor-size-default\">La Danza de Mexicanos en Guatemala es un s\u00edmbolo de tradici\u00f3n, fe y resistencia cultural de los a\u00f1os. <\/h2>\t\t\t\t<\/div>\n\t\t\t\t\t<\/div>\n\t\t\t\t<\/div>\n\t\t<div data-particle_enable=\"false\" data-particle-mobile-disabled=\"false\" class=\"elementor-element elementor-element-9e693b3 e-flex e-con-boxed e-con e-parent\" data-id=\"9e693b3\" data-element_type=\"container\" data-e-type=\"container\">\n\t\t\t\t\t<div class=\"e-con-inner\">\n\t\t\t\t<div class=\"elementor-element elementor-element-9140fd5 elementor-widget elementor-widget-text-editor\" data-id=\"9140fd5\" data-element_type=\"widget\" data-e-type=\"widget\" data-widget_type=\"text-editor.default\">\n\t\t\t\t\t\t\t\t\t<p><a href=\"https:\/\/soymigrante.com\/revista\/danza-del-venado-leones-y-monos-en-momostenango-se-presenta-solo-cada-2-anos\/\" target=\"_blank\" rel=\"noopener\">En varios pueblos de Guatemala todav\u00eda se conserva una de las expresiones m\u00e1s antiguas y representativas de la fusi\u00f3n<\/a> cultural tras la llegada de los espa\u00f1oles: la Danza de Mexicanos, un baile ritual que mezcla la cosmovisi\u00f3n ind\u00edgena con elementos de la evangelizaci\u00f3n cat\u00f3lica.<\/p>\t\t\t\t\t\t\t\t<\/div>\n\t\t\t\t\t<\/div>\n\t\t\t\t<\/div>\n\t\t<div data-particle_enable=\"false\" data-particle-mobile-disabled=\"false\" class=\"elementor-element elementor-element-1148e3a e-flex e-con-boxed e-con e-parent\" data-id=\"1148e3a\" data-element_type=\"container\" data-e-type=\"container\">\n\t\t\t\t\t<div class=\"e-con-inner\">\n\t\t\t\t<div class=\"elementor-element elementor-element-2db297e elementor-widget elementor-widget-heading\" data-id=\"2db297e\" data-element_type=\"widget\" data-e-type=\"widget\" data-widget_type=\"heading.default\">\n\t\t\t\t\t<h3 class=\"elementor-heading-title elementor-size-default\">\u00bfQu\u00e9 es la Danza de Mexicanos?<\/h3>\t\t\t\t<\/div>\n\t\t\t\t\t<\/div>\n\t\t\t\t<\/div>\n\t\t<div data-particle_enable=\"false\" data-particle-mobile-disabled=\"false\" class=\"elementor-element elementor-element-b6105ea e-flex e-con-boxed e-con e-parent\" data-id=\"b6105ea\" data-element_type=\"container\" data-e-type=\"container\">\n\t\t\t\t\t<div class=\"e-con-inner\">\n\t\t\t\t<div class=\"elementor-element elementor-element-d36ae44 elementor-widget elementor-widget-text-editor\" data-id=\"d36ae44\" data-element_type=\"widget\" data-e-type=\"widget\" data-widget_type=\"text-editor.default\">\n\t\t\t\t\t\t\t\t\t<p>La Danza de Mexicanos es una representaci\u00f3n teatral y danc\u00edstica que se ejecuta en las fiestas patronales de distintas comunidades mayas, especialmente en el altiplano guatemalteco. Se caracteriza por el uso de trajes coloridos, m\u00e1scaras de madera talladas a mano y m\u00fasica de marimba o tun.<\/p>\n<p>Durante la danza, los participantes encarnan personajes que representan a espa\u00f1oles, conquistadores, ind\u00edgenas y figuras religiosas. El objetivo es recrear, a trav\u00e9s del baile, episodios hist\u00f3ricos y espirituales, transmitidos de generaci\u00f3n en generaci\u00f3n.<\/p>\t\t\t\t\t\t\t\t<\/div>\n\t\t\t\t\t<\/div>\n\t\t\t\t<\/div>\n\t\t<div data-particle_enable=\"false\" data-particle-mobile-disabled=\"false\" class=\"elementor-element elementor-element-8e9de6e e-flex e-con-boxed e-con e-parent\" data-id=\"8e9de6e\" data-element_type=\"container\" data-e-type=\"container\">\n\t\t\t\t\t<div class=\"e-con-inner\">\n\t\t\t\t<div class=\"elementor-element elementor-element-f3d1e52 elementor-widget elementor-widget-image\" data-id=\"f3d1e52\" data-element_type=\"widget\" data-e-type=\"widget\" data-widget_type=\"image.default\">\n\t\t\t\t\t\t\t\t\t\t\t\t<figure class=\"wp-caption\">\n\t\t\t\t\t\t\t\t\t\t<img fetchpriority=\"high\" decoding=\"async\" width=\"500\" height=\"500\" src=\"https:\/\/soymigrante.com\/revista\/wp-content\/uploads\/2025\/09\/la-danza-de-los-mexicanos.jpg\" class=\"attachment-large size-large wp-image-44077\" alt=\"La danza de mexicanos es un baile tradicional en Guatemala.\" srcset=\"https:\/\/soymigrante.com\/revista\/wp-content\/uploads\/2025\/09\/la-danza-de-los-mexicanos.jpg 500w, https:\/\/soymigrante.com\/revista\/wp-content\/uploads\/2025\/09\/la-danza-de-los-mexicanos-300x300.jpg 300w, https:\/\/soymigrante.com\/revista\/wp-content\/uploads\/2025\/09\/la-danza-de-los-mexicanos-150x150.jpg 150w, https:\/\/soymigrante.com\/revista\/wp-content\/uploads\/2025\/09\/la-danza-de-los-mexicanos-75x75.jpg 75w\" sizes=\"(max-width: 500px) 100vw, 500px\" title=\"La danza de mexicanos es un baile tradicional en Guatemala. \u2013 SoyMigrante.com REVISTA\" \/>\t\t\t\t\t\t\t\t\t\t\t<figcaption class=\"widget-image-caption wp-caption-text\">La danza de mexicanos es un baile tradicional en Guatemala. <\/figcaption>\n\t\t\t\t\t\t\t\t\t\t<\/figure>\n\t\t\t\t\t\t\t\t\t<\/div>\n\t\t\t\t\t<\/div>\n\t\t\t\t<\/div>\n\t\t<div data-particle_enable=\"false\" data-particle-mobile-disabled=\"false\" class=\"elementor-element elementor-element-5ba50aa e-flex e-con-boxed e-con e-parent\" data-id=\"5ba50aa\" data-element_type=\"container\" data-e-type=\"container\">\n\t\t\t\t\t<div class=\"e-con-inner\">\n\t\t\t\t<div class=\"elementor-element elementor-element-71d31a1 elementor-widget elementor-widget-heading\" data-id=\"71d31a1\" data-element_type=\"widget\" data-e-type=\"widget\" data-widget_type=\"heading.default\">\n\t\t\t\t\t<h3 class=\"elementor-heading-title elementor-size-default\">Su historia y origen<\/h3>\t\t\t\t<\/div>\n\t\t\t\t\t<\/div>\n\t\t\t\t<\/div>\n\t\t<div data-particle_enable=\"false\" data-particle-mobile-disabled=\"false\" class=\"elementor-element elementor-element-6389185 e-flex e-con-boxed e-con e-parent\" data-id=\"6389185\" data-element_type=\"container\" data-e-type=\"container\">\n\t\t\t\t\t<div class=\"e-con-inner\">\n\t\t\t\t<div class=\"elementor-element elementor-element-d918505 elementor-widget elementor-widget-text-editor\" data-id=\"d918505\" data-element_type=\"widget\" data-e-type=\"widget\" data-widget_type=\"text-editor.default\">\n\t\t\t\t\t\t\t\t\t<p>Su origen se remonta a la \u00e9poca colonial. Se dice que los misioneros franciscanos introdujeron este tipo de danzas como una forma de evangelizar a los pueblos ind\u00edgenas, combinando elementos de teatro, m\u00fasica y catequesis.<\/p><p><a href=\"https:\/\/soymigrante.com\/revista\/danza-del-venado-leones-y-monos-en-momostenango-se-presenta-solo-cada-2-anos\/\" target=\"_blank\" rel=\"noopener\">Con el tiempo, las comunidades ind\u00edgenas adoptaron la danza y la reinterpretaron a su manera<\/a>, incorporando s\u00edmbolos de resistencia y de orgullo cultural. Aunque se le llama \u201cmexicanos\u201d, no necesariamente hace referencia a los pueblos de M\u00e9xico, sino al t\u00e9rmino que los espa\u00f1oles usaban para referirse a los ind\u00edgenas del norte de Mesoam\u00e9rica.<\/p>\t\t\t\t\t\t\t\t<\/div>\n\t\t\t\t\t<\/div>\n\t\t\t\t<\/div>\n\t\t<div data-particle_enable=\"false\" data-particle-mobile-disabled=\"false\" class=\"elementor-element elementor-element-a03261b e-flex e-con-boxed e-con e-parent\" data-id=\"a03261b\" data-element_type=\"container\" data-e-type=\"container\">\n\t\t\t\t\t<div class=\"e-con-inner\">\n\t\t\t\t<div class=\"elementor-element elementor-element-eae6545 elementor-widget elementor-widget-heading\" data-id=\"eae6545\" data-element_type=\"widget\" data-e-type=\"widget\" data-widget_type=\"heading.default\">\n\t\t\t\t\t<h3 class=\"elementor-heading-title elementor-size-default\">\u00bfDe qu\u00e9 se trata la tradici\u00f3n?<\/h3>\t\t\t\t<\/div>\n\t\t\t\t\t<\/div>\n\t\t\t\t<\/div>\n\t\t<div data-particle_enable=\"false\" data-particle-mobile-disabled=\"false\" class=\"elementor-element elementor-element-490a867 e-flex e-con-boxed e-con e-parent\" data-id=\"490a867\" data-element_type=\"container\" data-e-type=\"container\">\n\t\t\t\t\t<div class=\"e-con-inner\">\n\t\t\t\t<div class=\"elementor-element elementor-element-6dd45ab elementor-widget elementor-widget-text-editor\" data-id=\"6dd45ab\" data-element_type=\"widget\" data-e-type=\"widget\" data-widget_type=\"text-editor.default\">\n\t\t\t\t\t\t\t\t\t<div>En la danza participan principalmente hombres, aunque en algunos pueblos ya se permite la participaci\u00f3n de mujeres. Cada personaje lleva un vestuario espec\u00edfico:<\/div><div>\u2022Los \u201cmexicanos\u201d visten con trajes coloridos y sombreros adornados con plumas.<\/div><div>\u2022Los \u201cespa\u00f1oles\u201d portan m\u00e1scaras de facciones finas y barbas.<\/div><div>\u2022En ocasiones tambi\u00e9n aparecen personajes religiosos, como la Virgen Mar\u00eda o santos patronos.<\/div><div>\u00a0<\/div><div>El baile se realiza en procesiones o en plazas centrales durante las fiestas patronales. Los danzantes se mueven en c\u00edrculos y en coreograf\u00edas repetitivas que simbolizan la lucha, la fe y la uni\u00f3n de culturas.<\/div>\t\t\t\t\t\t\t\t<\/div>\n\t\t\t\t\t<\/div>\n\t\t\t\t<\/div>\n\t\t<div data-particle_enable=\"false\" data-particle-mobile-disabled=\"false\" class=\"elementor-element elementor-element-8d88395 e-flex e-con-boxed e-con e-parent\" data-id=\"8d88395\" data-element_type=\"container\" data-e-type=\"container\">\n\t\t\t\t\t<div class=\"e-con-inner\">\n\t\t\t\t<div class=\"elementor-element elementor-element-04abc59 elementor-widget elementor-widget-heading\" data-id=\"04abc59\" data-element_type=\"widget\" data-e-type=\"widget\" data-widget_type=\"heading.default\">\n\t\t\t\t\t<h3 class=\"elementor-heading-title elementor-size-default\">Significado cultural<\/h3>\t\t\t\t<\/div>\n\t\t\t\t\t<\/div>\n\t\t\t\t<\/div>\n\t\t<div data-particle_enable=\"false\" data-particle-mobile-disabled=\"false\" class=\"elementor-element elementor-element-b3bba07 e-flex e-con-boxed e-con e-parent\" data-id=\"b3bba07\" data-element_type=\"container\" data-e-type=\"container\">\n\t\t\t\t\t<div class=\"e-con-inner\">\n\t\t\t\t<div class=\"elementor-element elementor-element-5c691de elementor-widget elementor-widget-text-editor\" data-id=\"5c691de\" data-element_type=\"widget\" data-e-type=\"widget\" data-widget_type=\"text-editor.default\">\n\t\t\t\t\t\t\t\t\t<p><a href=\"https:\/\/soymigrante.com\/revista\/danza-del-venado-leones-y-monos-en-momostenango-se-presenta-solo-cada-2-anos\/\" target=\"_blank\" rel=\"noopener\">M\u00e1s all\u00e1 de un espect\u00e1culo, la Danza de Mexicanos es un acto de identidad.<\/a> Representa la memoria colectiva de los pueblos originarios y la forma en que adaptaron el proceso de conquista a su cosmovisi\u00f3n. Es tambi\u00e9n un homenaje a la resistencia cultural, pues con ella se mantuvieron vivas costumbres, m\u00fasica y formas de expresi\u00f3n comunitaria.<\/p>\t\t\t\t\t\t\t\t<\/div>\n\t\t\t\t\t<\/div>\n\t\t\t\t<\/div>\n\t\t<div data-particle_enable=\"false\" data-particle-mobile-disabled=\"false\" class=\"elementor-element elementor-element-faf1857 e-flex e-con-boxed e-con e-parent\" data-id=\"faf1857\" data-element_type=\"container\" data-e-type=\"container\">\n\t\t\t\t\t<div class=\"e-con-inner\">\n\t\t\t\t<div class=\"elementor-element elementor-element-3aefcca elementor-widget elementor-widget-heading\" data-id=\"3aefcca\" data-element_type=\"widget\" data-e-type=\"widget\" data-widget_type=\"heading.default\">\n\t\t\t\t\t<h3 class=\"elementor-heading-title elementor-size-default\">Vigencia en la actualidad<\/h3>\t\t\t\t<\/div>\n\t\t\t\t\t<\/div>\n\t\t\t\t<\/div>\n\t\t<div data-particle_enable=\"false\" data-particle-mobile-disabled=\"false\" class=\"elementor-element elementor-element-1aafb6a e-flex e-con-boxed e-con e-parent\" data-id=\"1aafb6a\" data-element_type=\"container\" data-e-type=\"container\">\n\t\t\t\t\t<div class=\"e-con-inner\">\n\t\t\t\t<div class=\"elementor-element elementor-element-a790c26 elementor-widget elementor-widget-text-editor\" data-id=\"a790c26\" data-element_type=\"widget\" data-e-type=\"widget\" data-widget_type=\"text-editor.default\">\n\t\t\t\t\t\t\t\t\t<p>Hoy en d\u00eda, la danza sigue viva en departamentos como Totonicap\u00e1n, Quetzaltenango, Solol\u00e1 y Chimaltenango. Cada pueblo le imprime variaciones en m\u00fasica, vestuario y personajes, pero la esencia se mantiene: honrar a los ancestros, reforzar la espiritualidad y mantener la tradici\u00f3n para las nuevas generaciones.<\/p>\t\t\t\t\t\t\t\t<\/div>\n\t\t\t\t\t<\/div>\n\t\t\t\t<\/div>\n\t\t<div data-particle_enable=\"false\" data-particle-mobile-disabled=\"false\" class=\"elementor-element elementor-element-cbd9832 e-flex e-con-boxed e-con e-parent\" data-id=\"cbd9832\" data-element_type=\"container\" data-e-type=\"container\">\n\t\t\t\t\t<div class=\"e-con-inner\">\n\t\t\t\t<div class=\"elementor-element elementor-element-a39c64f elementor-widget elementor-widget-video\" data-id=\"a39c64f\" data-element_type=\"widget\" data-e-type=\"widget\" data-settings=\"{&quot;youtube_url&quot;:&quot;https:\\\/\\\/www.youtube.com\\\/watch?v=gK-DNhYXBXk&quot;,&quot;video_type&quot;:&quot;youtube&quot;,&quot;controls&quot;:&quot;yes&quot;}\" data-widget_type=\"video.default\">\n\t\t\t\t\t\t\t<div class=\"elementor-wrapper elementor-open-inline\">\n\t\t\t<div class=\"elementor-video\"><\/div>\t\t<\/div>\n\t\t\t\t\t\t<\/div>\n\t\t\t\t\t<\/div>\n\t\t\t\t<\/div>\n\t\t<div data-particle_enable=\"false\" data-particle-mobile-disabled=\"false\" class=\"elementor-element elementor-element-cf919a9 e-flex e-con-boxed e-con e-parent\" data-id=\"cf919a9\" data-element_type=\"container\" data-e-type=\"container\">\n\t\t\t\t\t<div class=\"e-con-inner\">\n\t\t\t\t<div class=\"elementor-element elementor-element-23df078 elementor-widget elementor-widget-heading\" data-id=\"23df078\" data-element_type=\"widget\" data-e-type=\"widget\" data-widget_type=\"heading.default\">\n\t\t\t\t\t<h2 class=\"elementor-heading-title elementor-size-default\">Conoce m\u00e1s de Guatemala, ac\u00e1...<\/h2>\t\t\t\t<\/div>\n\t\t\t\t\t<\/div>\n\t\t\t\t<\/div>\n\t\t<div data-particle_enable=\"false\" data-particle-mobile-disabled=\"false\" class=\"elementor-element elementor-element-5f5938e e-flex e-con-boxed e-con e-parent\" data-id=\"5f5938e\" data-element_type=\"container\" data-e-type=\"container\">\n\t\t\t\t\t<div class=\"e-con-inner\">\n\t\t\t\t<div class=\"elementor-element elementor-element-7056657 elementor-grid-eael-col-3 elementor-grid-tablet-eael-col-2 elementor-grid-mobile-eael-col-1 elementor-widget elementor-widget-eael-post-grid\" data-id=\"7056657\" data-element_type=\"widget\" data-e-type=\"widget\" data-settings=\"{&quot;eael_post_grid_columns&quot;:&quot;eael-col-3&quot;,&quot;eael_post_grid_columns_tablet&quot;:&quot;eael-col-2&quot;,&quot;eael_post_grid_columns_mobile&quot;:&quot;eael-col-1&quot;}\" data-widget_type=\"eael-post-grid.default\">\n\t\t\t\t\t<div id=\"eael-post-grid-7056657\" class=\"eael-post-grid-container\">\n            <div class=\"eael-post-grid eael-post-appender eael-post-appender-7056657 eael-post-grid-style-one\" data-layout-mode=\"masonry\"><article class=\"eael-grid-post  eael-post-grid-column eael-pg-post-2449 category-guate-nuestra tags-danzas-de-guatemala\" data-id=\"2449\">\n        <div class=\"eael-grid-post-holder\">\n            <div class=\"eael-grid-post-holder-inner\"><div class=\"eael-entry-media\"><div class=\"eael-entry-overlay fade-in\"><i class=\"far fa-hand-pointer\" aria-hidden=\"true\"><\/i><a href=\"https:\/\/soymigrante.com\/revista\/danza-guatemala-el-ancestral-baile-del-venado\/\"><\/a><\/div><div class=\"eael-entry-thumbnail \">\n                <img decoding=\"async\" width=\"1024\" height=\"683\" src=\"https:\/\/soymigrante.com\/revista\/wp-content\/uploads\/2023\/09\/DANZA-DEL-VENADO-CUNEN-QUICHE-1024x683.webp\" class=\"attachment-large size-large wp-image-2450\" alt=\"DANZA DEL VENADO CUNEN QUICHE\" srcset=\"https:\/\/soymigrante.com\/revista\/wp-content\/uploads\/2023\/09\/DANZA-DEL-VENADO-CUNEN-QUICHE-1024x683.webp 1024w, https:\/\/soymigrante.com\/revista\/wp-content\/uploads\/2023\/09\/DANZA-DEL-VENADO-CUNEN-QUICHE-300x200.webp 300w, https:\/\/soymigrante.com\/revista\/wp-content\/uploads\/2023\/09\/DANZA-DEL-VENADO-CUNEN-QUICHE-768x512.webp 768w, https:\/\/soymigrante.com\/revista\/wp-content\/uploads\/2023\/09\/DANZA-DEL-VENADO-CUNEN-QUICHE-1536x1024.webp 1536w, https:\/\/soymigrante.com\/revista\/wp-content\/uploads\/2023\/09\/DANZA-DEL-VENADO-CUNEN-QUICHE-750x500.webp 750w, https:\/\/soymigrante.com\/revista\/wp-content\/uploads\/2023\/09\/DANZA-DEL-VENADO-CUNEN-QUICHE-1140x760.webp 1140w, https:\/\/soymigrante.com\/revista\/wp-content\/uploads\/2023\/09\/DANZA-DEL-VENADO-CUNEN-QUICHE-600x400.webp 600w, https:\/\/soymigrante.com\/revista\/wp-content\/uploads\/2023\/09\/DANZA-DEL-VENADO-CUNEN-QUICHE.webp 1920w\" sizes=\"(max-width: 1024px) 100vw, 1024px\" \/>\n            <\/div>\n        <\/div><div class=\"eael-entry-wrapper\"><header class=\"eael-entry-header\"><h2 class=\"eael-entry-title\"><a class=\"eael-grid-post-link\" href=\"https:\/\/soymigrante.com\/revista\/danza-guatemala-el-ancestral-baile-del-venado\/\" title=\"Danzas de Guatemala: El  Baile del Venado est\u00e1 en la memoria de muchos migrantes.\">Danzas de Guatemala: El  Baile del Venado est\u00e1 en la memoria de muchos migrantes.<\/a><\/h2><\/header><div class=\"eael-entry-content\">\n                        <div class=\"eael-grid-post-excerpt\"><a href=\"https:\/\/soymigrante.com\/revista\/danza-guatemala-el-ancestral-baile-del-venado\/\" class=\"eael-post-elements-readmore-btn\">CONOCE SU HISTORIA <\/a><\/div>\n                    <\/div><\/div><\/div>\n        <\/div>\n    <\/article><article class=\"eael-grid-post  eael-post-grid-column eael-pg-post-2456 category-guate-nuestra tags-danzas-de-guatemala\" data-id=\"2456\">\n        <div class=\"eael-grid-post-holder\">\n            <div class=\"eael-grid-post-holder-inner\"><div class=\"eael-entry-media\"><div class=\"eael-entry-overlay fade-in\"><i class=\"far fa-hand-pointer\" aria-hidden=\"true\"><\/i><a href=\"https:\/\/soymigrante.com\/revista\/guatemala-danza-el-palo-volador-en-joyabaj-cubulco-o-chichicastenango-siempre-es-memorable\/\"><\/a><\/div><div class=\"eael-entry-thumbnail \">\n                <img decoding=\"async\" width=\"1024\" height=\"604\" src=\"https:\/\/soymigrante.com\/revista\/wp-content\/uploads\/2023\/09\/Captura-de-pantalla-2023-09-04-073800-e1693837574983-1024x604.webp\" class=\"attachment-large size-large wp-image-2458\" alt=\"Los monos Hun Batz y Hun Chouen en lo alto del palo antes de descender. Captura de pantalla de video de TV Asunci\u00f3n Joyabaj.\" srcset=\"https:\/\/soymigrante.com\/revista\/wp-content\/uploads\/2023\/09\/Captura-de-pantalla-2023-09-04-073800-e1693837574983-1024x604.webp 1024w, https:\/\/soymigrante.com\/revista\/wp-content\/uploads\/2023\/09\/Captura-de-pantalla-2023-09-04-073800-e1693837574983-300x177.webp 300w, https:\/\/soymigrante.com\/revista\/wp-content\/uploads\/2023\/09\/Captura-de-pantalla-2023-09-04-073800-e1693837574983-768x453.webp 768w, https:\/\/soymigrante.com\/revista\/wp-content\/uploads\/2023\/09\/Captura-de-pantalla-2023-09-04-073800-e1693837574983-750x442.webp 750w, https:\/\/soymigrante.com\/revista\/wp-content\/uploads\/2023\/09\/Captura-de-pantalla-2023-09-04-073800-e1693837574983-1140x673.webp 1140w, https:\/\/soymigrante.com\/revista\/wp-content\/uploads\/2023\/09\/Captura-de-pantalla-2023-09-04-073800-e1693837574983.webp 1256w\" sizes=\"(max-width: 1024px) 100vw, 1024px\" \/>\n            <\/div>\n        <\/div><div class=\"eael-entry-wrapper\"><header class=\"eael-entry-header\"><h2 class=\"eael-entry-title\"><a class=\"eael-grid-post-link\" href=\"https:\/\/soymigrante.com\/revista\/guatemala-danza-el-palo-volador-en-joyabaj-cubulco-o-chichicastenango-siempre-es-memorable\/\" title=\"Danzas de Guatemala: El Palo Volador en Joyabaj, Cubulco o Chichicastenango es inolvidable\">Danzas de Guatemala: El Palo Volador en Joyabaj, Cubulco o Chichicastenango es inolvidable<\/a><\/h2><\/header><div class=\"eael-entry-content\">\n                        <div class=\"eael-grid-post-excerpt\"><a href=\"https:\/\/soymigrante.com\/revista\/guatemala-danza-el-palo-volador-en-joyabaj-cubulco-o-chichicastenango-siempre-es-memorable\/\" class=\"eael-post-elements-readmore-btn\">CONOCE SU HISTORIA <\/a><\/div>\n                    <\/div><\/div><\/div>\n        <\/div>\n    <\/article><article class=\"eael-grid-post  eael-post-grid-column eael-pg-post-2390 category-guate-nuestra tags-danzas-de-guatemala\" data-id=\"2390\">\n        <div class=\"eael-grid-post-holder\">\n            <div class=\"eael-grid-post-holder-inner\"><div class=\"eael-entry-media\"><div class=\"eael-entry-overlay fade-in\"><i class=\"far fa-hand-pointer\" aria-hidden=\"true\"><\/i><a href=\"https:\/\/soymigrante.com\/revista\/guatemala-danza-el-baile-de-la-paach-de-san-marcos-es-patrimonio-de-la-humanidad\/\"><\/a><\/div><div class=\"eael-entry-thumbnail \">\n                <img loading=\"lazy\" decoding=\"async\" width=\"1000\" height=\"636\" src=\"https:\/\/soymigrante.com\/revista\/wp-content\/uploads\/2023\/09\/03672-HUG.webp\" class=\"attachment-large size-large wp-image-2424\" alt=\"La percusi\u00f3n del tambor abre paso al recorrido de los ancianos, padrinos y comunidad, en camino a la Casa de la Paazh (Fotograf\u00eda Archivo FLAAR-Unesco)\" srcset=\"https:\/\/soymigrante.com\/revista\/wp-content\/uploads\/2023\/09\/03672-HUG.webp 1000w, https:\/\/soymigrante.com\/revista\/wp-content\/uploads\/2023\/09\/03672-HUG-300x191.webp 300w, https:\/\/soymigrante.com\/revista\/wp-content\/uploads\/2023\/09\/03672-HUG-768x488.webp 768w, https:\/\/soymigrante.com\/revista\/wp-content\/uploads\/2023\/09\/03672-HUG-750x477.webp 750w\" sizes=\"(max-width: 1000px) 100vw, 1000px\" \/>\n            <\/div>\n        <\/div><div class=\"eael-entry-wrapper\"><header class=\"eael-entry-header\"><h2 class=\"eael-entry-title\"><a class=\"eael-grid-post-link\" href=\"https:\/\/soymigrante.com\/revista\/guatemala-danza-el-baile-de-la-paach-de-san-marcos-es-patrimonio-de-la-humanidad\/\" title=\"Danzas de Guatemala: El baile de La Paach, de San Marcos es Patrimonio de la Humanidad\">Danzas de Guatemala: El baile de La Paach, de San Marcos es Patrimonio de la Humanidad<\/a><\/h2><\/header><div class=\"eael-entry-content\">\n                        <div class=\"eael-grid-post-excerpt\"><a href=\"https:\/\/soymigrante.com\/revista\/guatemala-danza-el-baile-de-la-paach-de-san-marcos-es-patrimonio-de-la-humanidad\/\" class=\"eael-post-elements-readmore-btn\">CONOCE SU HISTORIA <\/a><\/div>\n                    <\/div><\/div><\/div>\n        <\/div>\n    <\/article><\/div>\n            <div class=\"clearfix\"><\/div>\n        <\/div>\t\t\t\t<\/div>\n\t\t\t\t\t<\/div>\n\t\t\t\t<\/div>\n\t\t\t\t<\/div>\n\t\t","protected":false},"excerpt":{"rendered":"<p>La Danza de Mexicanos en Guatemala es un s\u00edmbolo de tradici\u00f3n, fe y resistencia cultural de los a\u00f1os. En varios pueblos de Guatemala todav\u00eda se conserva una de las expresiones m\u00e1s antiguas y representativas de la fusi\u00f3n cultural tras la llegada de los espa\u00f1oles: la Danza de Mexicanos, un baile ritual que mezcla la cosmovisi\u00f3n [&hellip;]<\/p>\n","protected":false},"author":19,"featured_media":44071,"comment_status":"open","ping_status":"open","sticky":false,"template":"","format":"standard","meta":{"_acf_changed":false,"_eb_attr":"","footnotes":""},"categories":[58],"tags":[244],"class_list":["post-44070","post","type-post","status-publish","format-standard","has-post-thumbnail","hentry","category-guate-nuestra","tag-danzas-de-guatemala"],"acf":[],"aioseo_notices":[],"aioseo_head":"\n\t\t<!-- All in One SEO Pro 4.9.6.2 - aioseo.com -->\n\t<meta name=\"description\" content=\"La Paach es una ceremonia dedicada al maiz y se efect\u00faa en San Marcos. Es Patrimonio Cultural Inmaterial declarada por la Unesco. Conoce m\u00e1s sobre ella.\" \/>\n\t<meta name=\"robots\" content=\"max-snippet:-1, max-image-preview:large, max-video-preview:-1\" \/>\n\t<meta name=\"author\" content=\"Gustavo Montenegro\"\/>\n\t<link rel=\"canonical\" href=\"https:\/\/soymigrante.com\/revista\/guatemala-danza-el-baile-de-la-paach-de-san-marcos-es-patrimonio-de-la-humanidad\/\" \/>\n\t<meta name=\"generator\" content=\"All in One SEO Pro (AIOSEO) 4.9.6.2\" \/>\n\n\t\t<link rel=\"preconnect\" href=\"https:\/\/fonts.googleapis.com\" crossorigin>\n<link rel=\"preconnect\" href=\"https:\/\/fonts.gstatic.com\" crossorigin>\n\t\t<meta property=\"og:locale\" content=\"es_ES\" \/>\n\t\t<meta property=\"og:site_name\" content=\"SoyMigrante.com REVISTA \u2013 Nuestra misi\u00f3n es reconocer y dignificar al migrante.\" \/>\n\t\t<meta property=\"og:type\" content=\"article\" \/>\n\t\t<meta property=\"og:title\" content=\"Baile de La Paach tambi\u00e9n es Patrimonio de la Humanidad\" \/>\n\t\t<meta property=\"og:description\" content=\"La Paach es una ceremonia dedicada al maiz y se efect\u00faa en San Marcos. Es Patrimonio Cultural Inmaterial declarada por la Unesco. Conoce m\u00e1s sobre ella.\" \/>\n\t\t<meta property=\"og:url\" content=\"https:\/\/soymigrante.com\/revista\/guatemala-danza-el-baile-de-la-paach-de-san-marcos-es-patrimonio-de-la-humanidad\/\" \/>\n\t\t<meta property=\"og:image\" content=\"https:\/\/soymigrante.com\/revista\/wp-content\/uploads\/2023\/09\/03672-HUG.webp\" \/>\n\t\t<meta property=\"og:image:secure_url\" content=\"https:\/\/soymigrante.com\/revista\/wp-content\/uploads\/2023\/09\/03672-HUG.webp\" \/>\n\t\t<meta property=\"og:image:width\" content=\"1000\" \/>\n\t\t<meta property=\"og:image:height\" content=\"636\" \/>\n\t\t<meta property=\"article:published_time\" content=\"2026-02-01T21:08:19+00:00\" \/>\n\t\t<meta property=\"article:modified_time\" content=\"2026-02-01T21:08:27+00:00\" \/>\n\t\t<meta property=\"article:publisher\" content=\"https:\/\/www.facebook.com\/soymigrantecom\" \/>\n\t\t<meta name=\"twitter:card\" content=\"summary_large_image\" \/>\n\t\t<meta name=\"twitter:site\" content=\"@SoyMigrante_com\" \/>\n\t\t<meta name=\"twitter:title\" content=\"Baile de La Paach tambi\u00e9n es Patrimonio de la Humanidad\" \/>\n\t\t<meta name=\"twitter:description\" content=\"La Paach es una ceremonia dedicada al maiz y se efect\u00faa en San Marcos. Es Patrimonio Cultural Inmaterial declarada por la Unesco. Conoce m\u00e1s sobre ella.\" \/>\n\t\t<meta name=\"twitter:creator\" content=\"@SoyMigrante_com\" \/>\n\t\t<meta name=\"twitter:image\" content=\"https:\/\/soymigrante.com\/revista\/wp-content\/uploads\/2023\/09\/03672-HUG.webp\" \/>\n\t\t<!-- All in One SEO Pro -->\r\n\t\t<title>Baile de La Paach tambi\u00e9n es Patrimonio de la Humanidad<\/title>\n\n","aioseo_head_json":{"title":"Baile de La Paach tambi\u00e9n es Patrimonio de la Humanidad","description":"La Paach es una ceremonia dedicada al maiz y se efect\u00faa en San Marcos. Es Patrimonio Cultural Inmaterial declarada por la Unesco. Conoce m\u00e1s sobre ella.","canonical_url":"https:\/\/soymigrante.com\/revista\/guatemala-danza-el-baile-de-la-paach-de-san-marcos-es-patrimonio-de-la-humanidad\/","robots":"max-snippet:-1, max-image-preview:large, max-video-preview:-1","keywords":"","webmasterTools":{"miscellaneous":"&lt;link rel=\"preconnect\" href=\"https:\/\/fonts.googleapis.com\" crossorigin&gt;\n&lt;link rel=\"preconnect\" href=\"https:\/\/fonts.gstatic.com\" crossorigin&gt;"},"schema":null,"og:locale":"es_ES","og:site_name":"SoyMigrante.com REVISTA \u2013 Nuestra misi\u00f3n es reconocer y dignificar al migrante.","og:type":"article","og:title":"Baile de La Paach tambi\u00e9n es Patrimonio de la Humanidad","og:description":"La Paach es una ceremonia dedicada al maiz y se efect\u00faa en San Marcos. Es Patrimonio Cultural Inmaterial declarada por la Unesco. Conoce m\u00e1s sobre ella.","og:url":"https:\/\/soymigrante.com\/revista\/guatemala-danza-el-baile-de-la-paach-de-san-marcos-es-patrimonio-de-la-humanidad\/","og:image":"https:\/\/soymigrante.com\/revista\/wp-content\/uploads\/2023\/09\/03672-HUG.webp","og:image:secure_url":"https:\/\/soymigrante.com\/revista\/wp-content\/uploads\/2023\/09\/03672-HUG.webp","og:image:width":1000,"og:image:height":636,"article:published_time":"2026-02-01T21:08:19+00:00","article:modified_time":"2026-02-01T21:08:27+00:00","article:publisher":"https:\/\/www.facebook.com\/soymigrantecom","twitter:card":"summary_large_image","twitter:site":"@SoyMigrante_com","twitter:title":"Baile de La Paach tambi\u00e9n es Patrimonio de la Humanidad","twitter:description":"La Paach es una ceremonia dedicada al maiz y se efect\u00faa en San Marcos. Es Patrimonio Cultural Inmaterial declarada por la Unesco. Conoce m\u00e1s sobre ella.","twitter:creator":"@SoyMigrante_com","twitter:image":"https:\/\/soymigrante.com\/revista\/wp-content\/uploads\/2023\/09\/03672-HUG.webp"},"aioseo_meta_data":{"post_id":"44070","title":null,"description":"La Danza de Mexicanos lleg\u00f3 desde Chiapas en la \u00e9p\u00f3ca colonial. Suele celebrarse en Totonicap\u00e1n, Huehuetenango y Quetzaltenango.","keywords":null,"keyphrases":{"focus":{"keyphrase":"danza de mexicanos","score":91,"analysis":{"keyphraseInTitle":{"score":9,"maxScore":9,"error":0},"keyphraseInDescription":{"score":9,"maxScore":9,"error":0},"keyphraseLength":{"score":9,"maxScore":9,"error":0,"length":3},"keyphraseInURL":{"score":5,"maxScore":5,"error":0},"keyphraseInIntroduction":{"score":9,"maxScore":9,"error":0},"keyphraseInSubHeadings":{"score":3,"maxScore":9,"error":1},"keyphraseInImageAlt":{"score":9,"maxScore":9,"error":0},"keywordDensity":{"type":"best","score":9,"maxScore":9,"error":0}}},"additional":[{"keyphrase":"tradici\u00f3n","score":60,"analysis":{"keyphraseInDescription":{"score":3,"maxScore":9,"error":1},"keyphraseLength":{"score":9,"maxScore":9,"error":0,"length":2},"keyphraseInIntroduction":{"score":3,"maxScore":9,"error":1},"keyphraseInImageAlt":{"score":3,"maxScore":9,"error":1},"keywordDensity":{"type":"best","score":9,"maxScore":9,"error":0}}},{"keyphrase":"fe","score":60,"analysis":{"keyphraseInDescription":{"score":3,"maxScore":9,"error":1},"keyphraseLength":{"score":9,"maxScore":9,"error":0,"length":1},"keyphraseInIntroduction":{"score":3,"maxScore":9,"error":1},"keyphraseInImageAlt":{"score":3,"maxScore":9,"error":1},"keywordDensity":{"type":"best","score":9,"maxScore":9,"error":0}}}]},"primary_term":null,"canonical_url":null,"og_title":null,"og_description":null,"og_object_type":"default","og_image_type":"default","og_image_url":null,"og_image_width":null,"og_image_height":null,"og_image_custom_url":null,"og_image_custom_fields":null,"og_video":"","og_custom_url":null,"og_article_section":null,"og_article_tags":null,"twitter_use_og":false,"twitter_card":"default","twitter_image_type":"default","twitter_image_url":null,"twitter_image_custom_url":null,"twitter_image_custom_fields":null,"twitter_title":null,"twitter_description":null,"schema":{"blockGraphs":[],"customGraphs":[],"default":{"data":{"Article":[],"Course":[],"Dataset":[],"FAQPage":[],"Movie":[],"Person":[],"Product":[],"ProductReview":[],"Car":[],"Recipe":[],"Service":[],"SoftwareApplication":[],"WebPage":[]},"graphName":"none","isEnabled":true},"graphs":[]},"schema_type":"default","schema_type_options":null,"pillar_content":false,"robots_default":true,"robots_noindex":false,"robots_noarchive":false,"robots_nosnippet":false,"robots_nofollow":false,"robots_noimageindex":false,"robots_noodp":false,"robots_notranslate":false,"robots_max_snippet":"-1","robots_max_videopreview":"-1","robots_max_imagepreview":"large","priority":null,"frequency":"default","local_seo":null,"seo_analyzer_scan_date":"2025-10-09 08:24:56","breadcrumb_settings":null,"limit_modified_date":false,"reviewed_by":"0","open_ai":null,"ai":{"faqs":[],"keyPoints":[],"titles":[],"descriptions":[],"socialPosts":{"email":[],"linkedin":[],"twitter":[],"facebook":[],"instagram":[]}},"created":"2025-09-08 19:43:27","updated":"2026-02-05 04:42:25"},"aioseo_breadcrumb":"<div class=\"aioseo-breadcrumbs\"><span class=\"aioseo-breadcrumb\">\n\t<a href=\"https:\/\/soymigrante.com\/revista\" title=\"Home\">Home<\/a>\n<\/span><span class=\"aioseo-breadcrumb-separator\">\u00bb<\/span><span class=\"aioseo-breadcrumb\">\n\t<a href=\"https:\/\/soymigrante.com\/revista\/category\/guate-nuestra\/\" title=\"Guate Nuestra\">Guate Nuestra<\/a>\n<\/span><span class=\"aioseo-breadcrumb-separator\">\u00bb<\/span><span class=\"aioseo-breadcrumb\">\n\tDanzas de Guatemala: la Danza de Mexicanos es una corrida de toros\n<\/span><\/div>","aioseo_breadcrumb_json":[{"label":"Home","link":"https:\/\/soymigrante.com\/revista"},{"label":"Guate Nuestra","link":"https:\/\/soymigrante.com\/revista\/category\/guate-nuestra\/"},{"label":"Danzas de Guatemala: la Danza de Mexicanos es una corrida de toros","link":"https:\/\/soymigrante.com\/revista\/danzas-de-guatemala-la-danza-de-mexicanos-es-una-corrida-de-toros\/"}],"_links":{"self":[{"href":"https:\/\/soymigrante.com\/revista\/wp-json\/wp\/v2\/posts\/44070","targetHints":{"allow":["GET"]}}],"collection":[{"href":"https:\/\/soymigrante.com\/revista\/wp-json\/wp\/v2\/posts"}],"about":[{"href":"https:\/\/soymigrante.com\/revista\/wp-json\/wp\/v2\/types\/post"}],"author":[{"embeddable":true,"href":"https:\/\/soymigrante.com\/revista\/wp-json\/wp\/v2\/users\/19"}],"replies":[{"embeddable":true,"href":"https:\/\/soymigrante.com\/revista\/wp-json\/wp\/v2\/comments?post=44070"}],"version-history":[{"count":21,"href":"https:\/\/soymigrante.com\/revista\/wp-json\/wp\/v2\/posts\/44070\/revisions"}],"predecessor-version":[{"id":44114,"href":"https:\/\/soymigrante.com\/revista\/wp-json\/wp\/v2\/posts\/44070\/revisions\/44114"}],"wp:featuredmedia":[{"embeddable":true,"href":"https:\/\/soymigrante.com\/revista\/wp-json\/wp\/v2\/media\/44071"}],"wp:attachment":[{"href":"https:\/\/soymigrante.com\/revista\/wp-json\/wp\/v2\/media?parent=44070"}],"wp:term":[{"taxonomy":"category","embeddable":true,"href":"https:\/\/soymigrante.com\/revista\/wp-json\/wp\/v2\/categories?post=44070"},{"taxonomy":"post_tag","embeddable":true,"href":"https:\/\/soymigrante.com\/revista\/wp-json\/wp\/v2\/tags?post=44070"}],"curies":[{"name":"wp","href":"https:\/\/api.w.org\/{rel}","templated":true}]}}