{"id":44038,"date":"2025-09-09T06:00:00","date_gmt":"2025-09-09T12:00:00","guid":{"rendered":"https:\/\/soymigrante.com\/revista\/?p=44038"},"modified":"2025-09-08T21:47:46","modified_gmt":"2025-09-09T03:47:46","slug":"la-pitaya-una-vistosa-fruta-exotica-que-nutre-el-cuerpo","status":"publish","type":"post","link":"https:\/\/soymigrante.com\/revista\/la-pitaya-una-vistosa-fruta-exotica-que-nutre-el-cuerpo\/","title":{"rendered":"La pitaya: una vistosa fruta ex\u00f3tica que nutre el cuerpo"},"content":{"rendered":"\t\t<div data-elementor-type=\"wp-post\" data-elementor-id=\"44038\" class=\"elementor elementor-44038\" data-elementor-post-type=\"post\">\n\t\t\t\t<div data-particle_enable=\"false\" data-particle-mobile-disabled=\"false\" class=\"elementor-element elementor-element-90697a3 e-flex e-con-boxed e-con e-parent\" data-id=\"90697a3\" data-element_type=\"container\" data-e-type=\"container\">\n\t\t\t\t\t<div class=\"e-con-inner\">\n\t\t\t\t<div class=\"elementor-element elementor-element-05a934e elementor-widget elementor-widget-heading\" data-id=\"05a934e\" data-element_type=\"widget\" data-e-type=\"widget\" data-widget_type=\"heading.default\">\n\t\t\t\t\t<h2 class=\"elementor-heading-title elementor-size-default\">La pitaya es una fruta ex\u00f3tica que nutre el cuerpo, pero tambi\u00e9n es para fomentar las vitaminas contra las enfermedades. \n<\/h2>\t\t\t\t<\/div>\n\t\t\t\t\t<\/div>\n\t\t\t\t<\/div>\n\t\t<div data-particle_enable=\"false\" data-particle-mobile-disabled=\"false\" class=\"elementor-element elementor-element-cea0be7 e-flex e-con-boxed e-con e-parent\" data-id=\"cea0be7\" data-element_type=\"container\" data-e-type=\"container\">\n\t\t\t\t\t<div class=\"e-con-inner\">\n\t\t\t\t<div class=\"elementor-element elementor-element-2669ca1 elementor-widget elementor-widget-text-editor\" data-id=\"2669ca1\" data-element_type=\"widget\" data-e-type=\"widget\" data-widget_type=\"text-editor.default\">\n\t\t\t\t\t\t\t\t\t<p>En los mercados de Guatemala y otros pa\u00edses tropicales, <a href=\"https:\/\/soymigrante.com\/revista\/dias-de-frio-que-frutas-fortalecen-mejor-las-defensas-contra-resfriados-y-gripes\/\" target=\"_blank\" rel=\"noopener\">la pitaya, tambi\u00e9n conocida como \u201cfruta del drag\u00f3n<\/a>\u201d, se ha ganado un lugar especial por su apariencia llamativa y su sabor refrescante. Pero m\u00e1s all\u00e1 de ser una fruta colorida, tiene verdaderos \u201cs\u00faperpoderes\u201d que aportan grandes beneficios al cuerpo humano.<\/p>\t\t\t\t\t\t\t\t<\/div>\n\t\t\t\t\t<\/div>\n\t\t\t\t<\/div>\n\t\t<div data-particle_enable=\"false\" data-particle-mobile-disabled=\"false\" class=\"elementor-element elementor-element-ed9daa3 e-flex e-con-boxed e-con e-parent\" data-id=\"ed9daa3\" data-element_type=\"container\" data-e-type=\"container\">\n\t\t\t\t\t<div class=\"e-con-inner\">\n\t\t\t\t<div class=\"elementor-element elementor-element-c621db2 elementor-widget elementor-widget-heading\" data-id=\"c621db2\" data-element_type=\"widget\" data-e-type=\"widget\" data-widget_type=\"heading.default\">\n\t\t\t\t\t<h3 class=\"elementor-heading-title elementor-size-default\">Un tesoro natural<\/h3>\t\t\t\t<\/div>\n\t\t\t\t\t<\/div>\n\t\t\t\t<\/div>\n\t\t<div data-particle_enable=\"false\" data-particle-mobile-disabled=\"false\" class=\"elementor-element elementor-element-370672c e-flex e-con-boxed e-con e-parent\" data-id=\"370672c\" data-element_type=\"container\" data-e-type=\"container\">\n\t\t\t\t\t<div class=\"e-con-inner\">\n\t\t\t\t<div class=\"elementor-element elementor-element-65096e2 elementor-widget elementor-widget-text-editor\" data-id=\"65096e2\" data-element_type=\"widget\" data-e-type=\"widget\" data-widget_type=\"text-editor.default\">\n\t\t\t\t\t\t\t\t\t<p>La pitaya proviene de un cactus y se reconoce por su c\u00e1scara rosa o amarilla con escamas, y su pulpa blanca o roja llena de peque\u00f1as semillas negras. Su textura suave y su dulzura ligera la hacen ideal para consumir fresca, en jugos o en ensaladas.<\/p>\t\t\t\t\t\t\t\t<\/div>\n\t\t\t\t\t<\/div>\n\t\t\t\t<\/div>\n\t\t<div data-particle_enable=\"false\" data-particle-mobile-disabled=\"false\" class=\"elementor-element elementor-element-8f039f9 e-flex e-con-boxed e-con e-parent\" data-id=\"8f039f9\" data-element_type=\"container\" data-e-type=\"container\">\n\t\t\t\t\t<div class=\"e-con-inner\">\n\t\t\t\t<div class=\"elementor-element elementor-element-dcbf42e elementor-widget elementor-widget-image\" data-id=\"dcbf42e\" data-element_type=\"widget\" data-e-type=\"widget\" data-widget_type=\"image.default\">\n\t\t\t\t\t\t\t\t\t\t\t\t<figure class=\"wp-caption\">\n\t\t\t\t\t\t\t\t\t\t<img fetchpriority=\"high\" decoding=\"async\" width=\"860\" height=\"573\" src=\"https:\/\/soymigrante.com\/revista\/wp-content\/uploads\/2025\/09\/Pitaya-2.jpg\" class=\"attachment-large size-large wp-image-44049\" alt=\"La pitaya es una fruta conocida por su sabor, pero tambi\u00e9n por su color. (Foto: Envato)\" srcset=\"https:\/\/soymigrante.com\/revista\/wp-content\/uploads\/2025\/09\/Pitaya-2.jpg 860w, https:\/\/soymigrante.com\/revista\/wp-content\/uploads\/2025\/09\/Pitaya-2-300x200.jpg 300w, https:\/\/soymigrante.com\/revista\/wp-content\/uploads\/2025\/09\/Pitaya-2-768x512.jpg 768w, https:\/\/soymigrante.com\/revista\/wp-content\/uploads\/2025\/09\/Pitaya-2-750x500.jpg 750w\" sizes=\"(max-width: 860px) 100vw, 860px\" title=\"La pitaya es una fruta conocida por su sabor, pero tambi\u00e9n por su color. (Foto: Envato) \u2013 SoyMigrante.com REVISTA\" \/>\t\t\t\t\t\t\t\t\t\t\t<figcaption class=\"widget-image-caption wp-caption-text\">La pitaya es una fruta conocida por su sabor, pero tambi\u00e9n por su color. (Foto: Envato)<\/figcaption>\n\t\t\t\t\t\t\t\t\t\t<\/figure>\n\t\t\t\t\t\t\t\t\t<\/div>\n\t\t\t\t\t<\/div>\n\t\t\t\t<\/div>\n\t\t<div data-particle_enable=\"false\" data-particle-mobile-disabled=\"false\" class=\"elementor-element elementor-element-7c2ebea e-flex e-con-boxed e-con e-parent\" data-id=\"7c2ebea\" data-element_type=\"container\" data-e-type=\"container\">\n\t\t\t\t\t<div class=\"e-con-inner\">\n\t\t\t\t<div class=\"elementor-element elementor-element-65e131f elementor-widget elementor-widget-heading\" data-id=\"65e131f\" data-element_type=\"widget\" data-e-type=\"widget\" data-widget_type=\"heading.default\">\n\t\t\t\t\t<h3 class=\"elementor-heading-title elementor-size-default\">Dos s\u00faperpoderes de la pitaya<\/h3>\t\t\t\t<\/div>\n\t\t\t\t\t<\/div>\n\t\t\t\t<\/div>\n\t\t<div data-particle_enable=\"false\" data-particle-mobile-disabled=\"false\" class=\"elementor-element elementor-element-2ec9acf e-flex e-con-boxed e-con e-parent\" data-id=\"2ec9acf\" data-element_type=\"container\" data-e-type=\"container\">\n\t\t\t\t\t<div class=\"e-con-inner\">\n\t\t\t\t<div class=\"elementor-element elementor-element-ab8b99a elementor-widget elementor-widget-text-editor\" data-id=\"ab8b99a\" data-element_type=\"widget\" data-e-type=\"widget\" data-widget_type=\"text-editor.default\">\n\t\t\t\t\t\t\t\t\t<div><strong>1. Antioxidante poderosa<\/strong><\/div><div>La pitaya es rica en vitamina C y betala\u00ednas, compuestos que ayudan a combatir los radicales libres en el organismo. Esto fortalece el sistema inmunol\u00f3gico, previene el envejecimiento prematuro y contribuye a mantener la piel saludable.<\/div><div><strong>2.Amiga del coraz\u00f3n y la digesti\u00f3n<\/strong><\/div><div>Gracias a su alto contenido de fibra, la pitaya favorece la digesti\u00f3n y ayuda a mantener un intestino saludable. Adem\u00e1s, sus semillas contienen \u00e1cidos grasos esenciales que contribuyen a reducir el colesterol y a proteger la salud cardiovascular.<\/div>\t\t\t\t\t\t\t\t<\/div>\n\t\t\t\t\t<\/div>\n\t\t\t\t<\/div>\n\t\t<div data-particle_enable=\"false\" data-particle-mobile-disabled=\"false\" class=\"elementor-element elementor-element-30b67c8 e-flex e-con-boxed e-con e-parent\" data-id=\"30b67c8\" data-element_type=\"container\" data-e-type=\"container\">\n\t\t\t\t\t<div class=\"e-con-inner\">\n\t\t\t\t<div class=\"elementor-element elementor-element-8739728 elementor-widget elementor-widget-heading\" data-id=\"8739728\" data-element_type=\"widget\" data-e-type=\"widget\" data-widget_type=\"heading.default\">\n\t\t\t\t\t<h3 class=\"elementor-heading-title elementor-size-default\">\u00bfEn qu\u00e9 ayuda al cuerpo humano?<\/h3>\t\t\t\t<\/div>\n\t\t\t\t\t<\/div>\n\t\t\t\t<\/div>\n\t\t<div data-particle_enable=\"false\" data-particle-mobile-disabled=\"false\" class=\"elementor-element elementor-element-5072e09 e-flex e-con-boxed e-con e-parent\" data-id=\"5072e09\" data-element_type=\"container\" data-e-type=\"container\">\n\t\t\t\t\t<div class=\"e-con-inner\">\n\t\t\t\t<div class=\"elementor-element elementor-element-3e8eb51 elementor-widget elementor-widget-text-editor\" data-id=\"3e8eb51\" data-element_type=\"widget\" data-e-type=\"widget\" data-widget_type=\"text-editor.default\">\n\t\t\t\t\t\t\t\t\t<p><a href=\"https:\/\/soymigrante.com\/revista\/dias-de-frio-que-frutas-fortalecen-mejor-las-defensas-contra-resfriados-y-gripes\/\" target=\"_blank\" rel=\"noopener\">Consumir pitaya de manera regular puede mejorar la digesti\u00f3n, fortalecer las defensas,<\/a> dar m\u00e1s energ\u00eda y ayudar a mantener un peso equilibrado. Su bajo contenido cal\u00f3rico la hace una opci\u00f3n saludable para quienes buscan una dieta balanceada sin renunciar al sabor.<\/p>\t\t\t\t\t\t\t\t<\/div>\n\t\t\t\t\t<\/div>\n\t\t\t\t<\/div>\n\t\t<div data-particle_enable=\"false\" data-particle-mobile-disabled=\"false\" class=\"elementor-element elementor-element-9490f9c e-flex e-con-boxed e-con e-parent\" data-id=\"9490f9c\" data-element_type=\"container\" data-e-type=\"container\">\n\t\t\t\t\t<div class=\"e-con-inner\">\n\t\t\t\t<div class=\"elementor-element elementor-element-5331943 elementor-widget elementor-widget-image\" data-id=\"5331943\" data-element_type=\"widget\" data-e-type=\"widget\" data-widget_type=\"image.default\">\n\t\t\t\t\t\t\t\t\t\t\t\t<figure class=\"wp-caption\">\n\t\t\t\t\t\t\t\t\t\t<img decoding=\"async\" width=\"1024\" height=\"1024\" src=\"https:\/\/soymigrante.com\/revista\/wp-content\/uploads\/2025\/09\/Pitaya-4-1-1024x1024.jpg\" class=\"attachment-large size-large wp-image-44062\" alt=\"La pitaya es una fruta conocida por su aspecto. (Foto: Envato)\" srcset=\"https:\/\/soymigrante.com\/revista\/wp-content\/uploads\/2025\/09\/Pitaya-4-1-1024x1024.jpg 1024w, https:\/\/soymigrante.com\/revista\/wp-content\/uploads\/2025\/09\/Pitaya-4-1-300x300.jpg 300w, https:\/\/soymigrante.com\/revista\/wp-content\/uploads\/2025\/09\/Pitaya-4-1-150x150.jpg 150w, https:\/\/soymigrante.com\/revista\/wp-content\/uploads\/2025\/09\/Pitaya-4-1-768x768.jpg 768w, https:\/\/soymigrante.com\/revista\/wp-content\/uploads\/2025\/09\/Pitaya-4-1-75x75.jpg 75w, https:\/\/soymigrante.com\/revista\/wp-content\/uploads\/2025\/09\/Pitaya-4-1-750x750.jpg 750w, https:\/\/soymigrante.com\/revista\/wp-content\/uploads\/2025\/09\/Pitaya-4-1.jpg 1080w\" sizes=\"(max-width: 1024px) 100vw, 1024px\" title=\"La pitaya es una fruta conocida por su aspecto. (Foto: Envato) \u2013 SoyMigrante.com REVISTA\" \/>\t\t\t\t\t\t\t\t\t\t\t<figcaption class=\"widget-image-caption wp-caption-text\">La pitaya es una fruta conocida por su aspecto. (Foto: Envato)<\/figcaption>\n\t\t\t\t\t\t\t\t\t\t<\/figure>\n\t\t\t\t\t\t\t\t\t<\/div>\n\t\t\t\t\t<\/div>\n\t\t\t\t<\/div>\n\t\t<div data-particle_enable=\"false\" data-particle-mobile-disabled=\"false\" class=\"elementor-element elementor-element-3067067 e-flex e-con-boxed e-con e-parent\" data-id=\"3067067\" data-element_type=\"container\" data-e-type=\"container\">\n\t\t\t\t\t<div class=\"e-con-inner\">\n\t\t\t\t<div class=\"elementor-element elementor-element-f78d078 elementor-widget elementor-widget-heading\" data-id=\"f78d078\" data-element_type=\"widget\" data-e-type=\"widget\" data-widget_type=\"heading.default\">\n\t\t\t\t\t<h3 class=\"elementor-heading-title elementor-size-default\">Una fruta para disfrutar<\/h3>\t\t\t\t<\/div>\n\t\t\t\t\t<\/div>\n\t\t\t\t<\/div>\n\t\t<div data-particle_enable=\"false\" data-particle-mobile-disabled=\"false\" class=\"elementor-element elementor-element-473acd8 e-flex e-con-boxed e-con e-parent\" data-id=\"473acd8\" data-element_type=\"container\" data-e-type=\"container\">\n\t\t\t\t\t<div class=\"e-con-inner\">\n\t\t\t\t<div class=\"elementor-element elementor-element-b25b685 elementor-widget elementor-widget-text-editor\" data-id=\"b25b685\" data-element_type=\"widget\" data-e-type=\"widget\" data-widget_type=\"text-editor.default\">\n\t\t\t\t\t\t\t\t\t<p>La pitaya no solo es nutritiva, tambi\u00e9n es vers\u00e1til: se puede preparar en batidos, postres, ensaladas y hasta en agua fresca. Su belleza y sabor ex\u00f3tico la convierten en una de las frutas m\u00e1s apreciadas de la regi\u00f3n.<\/p>\t\t\t\t\t\t\t\t<\/div>\n\t\t\t\t\t<\/div>\n\t\t\t\t<\/div>\n\t\t<div data-particle_enable=\"false\" data-particle-mobile-disabled=\"false\" class=\"elementor-element elementor-element-7a593cc e-flex e-con-boxed e-con e-parent\" data-id=\"7a593cc\" data-element_type=\"container\" data-e-type=\"container\">\n\t\t\t\t\t<div class=\"e-con-inner\">\n\t\t\t\t<div class=\"elementor-element elementor-element-f22fe8f elementor-widget elementor-widget-heading\" data-id=\"f22fe8f\" data-element_type=\"widget\" data-e-type=\"widget\" data-widget_type=\"heading.default\">\n\t\t\t\t\t<h2 class=\"elementor-heading-title elementor-size-default\">Conoce esta informaci\u00f3n que debes conocer...<\/h2>\t\t\t\t<\/div>\n\t\t\t\t\t<\/div>\n\t\t\t\t<\/div>\n\t\t<div data-particle_enable=\"false\" data-particle-mobile-disabled=\"false\" class=\"elementor-element elementor-element-5c962f1 e-flex e-con-boxed e-con e-parent\" data-id=\"5c962f1\" data-element_type=\"container\" data-e-type=\"container\">\n\t\t\t\t\t<div class=\"e-con-inner\">\n\t\t\t\t<div class=\"elementor-element elementor-element-c3c33db elementor-grid-eael-col-3 elementor-grid-tablet-eael-col-2 elementor-grid-mobile-eael-col-1 elementor-widget elementor-widget-eael-post-grid\" data-id=\"c3c33db\" data-element_type=\"widget\" data-e-type=\"widget\" data-settings=\"{&quot;eael_post_grid_columns&quot;:&quot;eael-col-3&quot;,&quot;eael_post_grid_columns_tablet&quot;:&quot;eael-col-2&quot;,&quot;eael_post_grid_columns_mobile&quot;:&quot;eael-col-1&quot;}\" data-widget_type=\"eael-post-grid.default\">\n\t\t\t\t\t<div id=\"eael-post-grid-c3c33db\" class=\"eael-post-grid-container\">\n            <div class=\"eael-post-grid eael-post-appender eael-post-appender-c3c33db eael-post-grid-style-one\" data-layout-mode=\"masonry\"><article class=\"eael-grid-post  eael-post-grid-column eael-pg-post-43795 category-salud-fisica\" data-id=\"43795\">\n        <div class=\"eael-grid-post-holder\">\n            <div class=\"eael-grid-post-holder-inner\"><div class=\"eael-entry-media\"><div class=\"eael-entry-overlay fade-in\"><i class=\"far fa-hand-pointer\" aria-hidden=\"true\"><\/i><a href=\"https:\/\/soymigrante.com\/revista\/la-uva-es-una-fruta-pequena-pero-muy-poderosa\/\"><\/a><\/div><div class=\"eael-entry-thumbnail \">\n                <img decoding=\"async\" width=\"500\" height=\"500\" src=\"https:\/\/soymigrante.com\/revista\/wp-content\/uploads\/2025\/09\/uvas-1-e1757016695898.jpg\" class=\"attachment-large size-large wp-image-43796\" alt=\"La uva: una fruta con grandes beneficios para el cuerpo\" srcset=\"https:\/\/soymigrante.com\/revista\/wp-content\/uploads\/2025\/09\/uvas-1-e1757016695898.jpg 500w, https:\/\/soymigrante.com\/revista\/wp-content\/uploads\/2025\/09\/uvas-1-e1757016695898-300x300.jpg 300w, https:\/\/soymigrante.com\/revista\/wp-content\/uploads\/2025\/09\/uvas-1-e1757016695898-150x150.jpg 150w, https:\/\/soymigrante.com\/revista\/wp-content\/uploads\/2025\/09\/uvas-1-e1757016695898-75x75.jpg 75w\" sizes=\"(max-width: 500px) 100vw, 500px\" \/>\n            <\/div>\n        <\/div><div class=\"eael-entry-wrapper\"><header class=\"eael-entry-header\"><h2 class=\"eael-entry-title\"><a class=\"eael-grid-post-link\" href=\"https:\/\/soymigrante.com\/revista\/la-uva-es-una-fruta-pequena-pero-muy-poderosa\/\" title=\"La uva es una fruta peque\u00f1a pero muy poderosa\">La uva es una fruta peque\u00f1a pero muy poderosa<\/a><\/h2><\/header><div class=\"eael-entry-content\">\n                        <div class=\"eael-grid-post-excerpt\"><a href=\"https:\/\/soymigrante.com\/revista\/la-uva-es-una-fruta-pequena-pero-muy-poderosa\/\" class=\"eael-post-elements-readmore-btn\">CONOCE SU HISTORIA <\/a><\/div>\n                    <\/div><\/div><\/div>\n        <\/div>\n    <\/article><article class=\"eael-grid-post  eael-post-grid-column eael-pg-post-21013 category-salud-fisica tags-salud-fisica\" data-id=\"21013\">\n        <div class=\"eael-grid-post-holder\">\n            <div class=\"eael-grid-post-holder-inner\"><div class=\"eael-entry-media\"><div class=\"eael-entry-overlay fade-in\"><i class=\"far fa-hand-pointer\" aria-hidden=\"true\"><\/i><a href=\"https:\/\/soymigrante.com\/revista\/dias-de-frio-que-frutas-fortalecen-mejor-las-defensas-contra-resfriados-y-gripes\/\"><\/a><\/div><div class=\"eael-entry-thumbnail \">\n                <img loading=\"lazy\" decoding=\"async\" width=\"1024\" height=\"1024\" src=\"https:\/\/soymigrante.com\/revista\/wp-content\/uploads\/2025\/01\/Las-frutas-que-fortalecen-tus-defensas-contra-las-gripes-1-e1736963283753-1024x1024.jpg\" class=\"attachment-large size-large wp-image-21015\" alt=\"Refresco de acai con frutas tropicales, berries, kiwis y mango, en un bol colorido que representa salud, bienestar y estilo de vida saludable para la comunidad migrante en tendencia.\" srcset=\"https:\/\/soymigrante.com\/revista\/wp-content\/uploads\/2025\/01\/Las-frutas-que-fortalecen-tus-defensas-contra-las-gripes-1-e1736963283753-1024x1024.jpg 1024w, https:\/\/soymigrante.com\/revista\/wp-content\/uploads\/2025\/01\/Las-frutas-que-fortalecen-tus-defensas-contra-las-gripes-1-e1736963283753-300x300.jpg 300w, https:\/\/soymigrante.com\/revista\/wp-content\/uploads\/2025\/01\/Las-frutas-que-fortalecen-tus-defensas-contra-las-gripes-1-e1736963283753-150x150.jpg 150w, https:\/\/soymigrante.com\/revista\/wp-content\/uploads\/2025\/01\/Las-frutas-que-fortalecen-tus-defensas-contra-las-gripes-1-e1736963283753-768x768.jpg 768w, https:\/\/soymigrante.com\/revista\/wp-content\/uploads\/2025\/01\/Las-frutas-que-fortalecen-tus-defensas-contra-las-gripes-1-e1736963283753-75x75.webp 75w, https:\/\/soymigrante.com\/revista\/wp-content\/uploads\/2025\/01\/Las-frutas-que-fortalecen-tus-defensas-contra-las-gripes-1-e1736963283753-750x750.webp 750w, https:\/\/soymigrante.com\/revista\/wp-content\/uploads\/2025\/01\/Las-frutas-que-fortalecen-tus-defensas-contra-las-gripes-1-e1736963283753-1140x1140.webp 1140w, https:\/\/soymigrante.com\/revista\/wp-content\/uploads\/2025\/01\/Las-frutas-que-fortalecen-tus-defensas-contra-las-gripes-1-e1736963283753.webp 1536w\" sizes=\"(max-width: 1024px) 100vw, 1024px\" \/>\n            <\/div>\n        <\/div><div class=\"eael-entry-wrapper\"><header class=\"eael-entry-header\"><h2 class=\"eael-entry-title\"><a class=\"eael-grid-post-link\" href=\"https:\/\/soymigrante.com\/revista\/dias-de-frio-que-frutas-fortalecen-mejor-las-defensas-contra-resfriados-y-gripes\/\" title=\"\u00bfQu\u00e9 frutas fortalecen mejor las defensas contra resfriados y gripes?\">\u00bfQu\u00e9 frutas fortalecen mejor las defensas contra resfriados y gripes?<\/a><\/h2><\/header><div class=\"eael-entry-content\">\n                        <div class=\"eael-grid-post-excerpt\"><a href=\"https:\/\/soymigrante.com\/revista\/dias-de-frio-que-frutas-fortalecen-mejor-las-defensas-contra-resfriados-y-gripes\/\" class=\"eael-post-elements-readmore-btn\">CONOCE SU HISTORIA <\/a><\/div>\n                    <\/div><\/div><\/div>\n        <\/div>\n    <\/article><article class=\"eael-grid-post  eael-post-grid-column eael-pg-post-43930 category-salud-fisica\" data-id=\"43930\">\n        <div class=\"eael-grid-post-holder\">\n            <div class=\"eael-grid-post-holder-inner\"><div class=\"eael-entry-media\"><div class=\"eael-entry-overlay fade-in\"><i class=\"far fa-hand-pointer\" aria-hidden=\"true\"><\/i><a href=\"https:\/\/soymigrante.com\/revista\/la-sandia-una-fruta-poderosamente-refrescante\/\"><\/a><\/div><div class=\"eael-entry-thumbnail \">\n                <img loading=\"lazy\" decoding=\"async\" width=\"866\" height=\"866\" src=\"https:\/\/soymigrante.com\/revista\/wp-content\/uploads\/2025\/09\/sandia-2.jpg\" class=\"attachment-large size-large wp-image-43931\" alt=\"La sand\u00eda: la fruta m\u00e1s refrescante por naturaleza\" srcset=\"https:\/\/soymigrante.com\/revista\/wp-content\/uploads\/2025\/09\/sandia-2.jpg 866w, https:\/\/soymigrante.com\/revista\/wp-content\/uploads\/2025\/09\/sandia-2-300x300.jpg 300w, https:\/\/soymigrante.com\/revista\/wp-content\/uploads\/2025\/09\/sandia-2-150x150.jpg 150w, https:\/\/soymigrante.com\/revista\/wp-content\/uploads\/2025\/09\/sandia-2-768x768.jpg 768w, https:\/\/soymigrante.com\/revista\/wp-content\/uploads\/2025\/09\/sandia-2-75x75.jpg 75w, https:\/\/soymigrante.com\/revista\/wp-content\/uploads\/2025\/09\/sandia-2-750x750.jpg 750w\" sizes=\"(max-width: 866px) 100vw, 866px\" \/>\n            <\/div>\n        <\/div><div class=\"eael-entry-wrapper\"><header class=\"eael-entry-header\"><h2 class=\"eael-entry-title\"><a class=\"eael-grid-post-link\" href=\"https:\/\/soymigrante.com\/revista\/la-sandia-una-fruta-poderosamente-refrescante\/\" title=\"La sand\u00eda: una fruta poderosamente refrescante\">La sand\u00eda: una fruta poderosamente refrescante<\/a><\/h2><\/header><div class=\"eael-entry-content\">\n                        <div class=\"eael-grid-post-excerpt\"><a href=\"https:\/\/soymigrante.com\/revista\/la-sandia-una-fruta-poderosamente-refrescante\/\" class=\"eael-post-elements-readmore-btn\">CONOCE SU HISTORIA <\/a><\/div>\n                    <\/div><\/div><\/div>\n        <\/div>\n    <\/article><\/div>\n            <div class=\"clearfix\"><\/div>\n        <\/div>\t\t\t\t<\/div>\n\t\t\t\t\t<\/div>\n\t\t\t\t<\/div>\n\t\t\t\t<\/div>\n\t\t","protected":false},"excerpt":{"rendered":"<p>La pitaya es una fruta ex\u00f3tica que nutre el cuerpo, pero tambi\u00e9n es para fomentar las vitaminas contra las enfermedades. En los mercados de Guatemala y otros pa\u00edses tropicales, la pitaya, tambi\u00e9n conocida como \u201cfruta del drag\u00f3n\u201d, se ha ganado un lugar especial por su apariencia llamativa y su sabor refrescante. Pero m\u00e1s all\u00e1 de [&hellip;]<\/p>\n","protected":false},"author":19,"featured_media":44039,"comment_status":"open","ping_status":"open","sticky":false,"template":"","format":"standard","meta":{"_acf_changed":false,"_eb_attr":"","footnotes":""},"categories":[265],"tags":[],"class_list":["post-44038","post","type-post","status-publish","format-standard","has-post-thumbnail","hentry","category-salud-fisica"],"acf":[],"aioseo_notices":[],"aioseo_head":"\n\t\t<!-- All in One SEO Pro 4.9.6.2 - aioseo.com -->\n\t<meta name=\"description\" content=\"La sand\u00eda es una fruta refrescante, pero tambi\u00e9n ayuda a la salud y est\u00e1 rica en vitaminas.\" \/>\n\t<meta name=\"robots\" content=\"max-snippet:-1, max-image-preview:large, max-video-preview:-1\" \/>\n\t<meta name=\"author\" content=\"Marysabel Aldana\"\/>\n\t<link rel=\"canonical\" href=\"https:\/\/soymigrante.com\/revista\/la-sandia-una-fruta-poderosamente-refrescante\/\" \/>\n\t<meta name=\"generator\" content=\"All in One SEO Pro (AIOSEO) 4.9.6.2\" \/>\n\n\t\t<link rel=\"preconnect\" href=\"https:\/\/fonts.googleapis.com\" crossorigin>\n<link rel=\"preconnect\" href=\"https:\/\/fonts.gstatic.com\" crossorigin>\n\t\t<meta property=\"og:locale\" content=\"es_ES\" \/>\n\t\t<meta property=\"og:site_name\" content=\"SoyMigrante.com REVISTA \u2013 Nuestra misi\u00f3n es reconocer y dignificar al migrante.\" \/>\n\t\t<meta property=\"og:type\" content=\"article\" \/>\n\t\t<meta property=\"og:title\" content=\"La sand\u00eda: una fruta poderosamente refrescante\" \/>\n\t\t<meta property=\"og:description\" content=\"La sand\u00eda es una fruta refrescante, pero tambi\u00e9n ayuda a la salud y est\u00e1 rica en vitaminas.\" \/>\n\t\t<meta property=\"og:url\" content=\"https:\/\/soymigrante.com\/revista\/la-sandia-una-fruta-poderosamente-refrescante\/\" \/>\n\t\t<meta property=\"og:image\" content=\"https:\/\/soymigrante.com\/revista\/wp-content\/uploads\/2025\/09\/sandia-2.jpg\" \/>\n\t\t<meta property=\"og:image:secure_url\" content=\"https:\/\/soymigrante.com\/revista\/wp-content\/uploads\/2025\/09\/sandia-2.jpg\" \/>\n\t\t<meta property=\"og:image:width\" content=\"866\" \/>\n\t\t<meta property=\"og:image:height\" content=\"866\" \/>\n\t\t<meta property=\"article:published_time\" content=\"2025-09-08T11:00:00+00:00\" \/>\n\t\t<meta property=\"article:modified_time\" content=\"2025-09-08T03:23:18+00:00\" \/>\n\t\t<meta property=\"article:publisher\" content=\"https:\/\/www.facebook.com\/soymigrantecom\" \/>\n\t\t<meta name=\"twitter:card\" content=\"summary_large_image\" \/>\n\t\t<meta name=\"twitter:site\" content=\"@SoyMigrante_com\" \/>\n\t\t<meta name=\"twitter:title\" content=\"La sand\u00eda: una fruta poderosamente refrescante\" \/>\n\t\t<meta name=\"twitter:description\" content=\"La sand\u00eda es una fruta refrescante, pero tambi\u00e9n ayuda a la salud y est\u00e1 rica en vitaminas.\" \/>\n\t\t<meta name=\"twitter:creator\" content=\"@SoyMigrante_com\" \/>\n\t\t<meta name=\"twitter:image\" content=\"https:\/\/soymigrante.com\/revista\/wp-content\/uploads\/2025\/09\/sandia-2.jpg\" \/>\n\t\t<!-- All in One SEO Pro -->\r\n\t\t<title>La sand\u00eda: una fruta poderosamente refrescante<\/title>\n\n","aioseo_head_json":{"title":"La sand\u00eda: una fruta poderosamente refrescante","description":"La sand\u00eda es una fruta refrescante, pero tambi\u00e9n ayuda a la salud y est\u00e1 rica en vitaminas.","canonical_url":"https:\/\/soymigrante.com\/revista\/la-sandia-una-fruta-poderosamente-refrescante\/","robots":"max-snippet:-1, max-image-preview:large, max-video-preview:-1","keywords":"","webmasterTools":{"miscellaneous":"&lt;link rel=\"preconnect\" href=\"https:\/\/fonts.googleapis.com\" crossorigin&gt;\n&lt;link rel=\"preconnect\" href=\"https:\/\/fonts.gstatic.com\" crossorigin&gt;"},"schema":null,"og:locale":"es_ES","og:site_name":"SoyMigrante.com REVISTA \u2013 Nuestra misi\u00f3n es reconocer y dignificar al migrante.","og:type":"article","og:title":"La sand\u00eda: una fruta poderosamente refrescante","og:description":"La sand\u00eda es una fruta refrescante, pero tambi\u00e9n ayuda a la salud y est\u00e1 rica en vitaminas.","og:url":"https:\/\/soymigrante.com\/revista\/la-sandia-una-fruta-poderosamente-refrescante\/","og:image":"https:\/\/soymigrante.com\/revista\/wp-content\/uploads\/2025\/09\/sandia-2.jpg","og:image:secure_url":"https:\/\/soymigrante.com\/revista\/wp-content\/uploads\/2025\/09\/sandia-2.jpg","og:image:width":866,"og:image:height":866,"article:published_time":"2025-09-08T11:00:00+00:00","article:modified_time":"2025-09-08T03:23:18+00:00","article:publisher":"https:\/\/www.facebook.com\/soymigrantecom","twitter:card":"summary_large_image","twitter:site":"@SoyMigrante_com","twitter:title":"La sand\u00eda: una fruta poderosamente refrescante","twitter:description":"La sand\u00eda es una fruta refrescante, pero tambi\u00e9n ayuda a la salud y est\u00e1 rica en vitaminas.","twitter:creator":"@SoyMigrante_com","twitter:image":"https:\/\/soymigrante.com\/revista\/wp-content\/uploads\/2025\/09\/sandia-2.jpg"},"aioseo_meta_data":{"post_id":"44038","title":null,"description":"La pitaya es una fruta de peculiar aspecto cuyo sabor cautiva, pero adem\u00e1s posee nutrientes que fortalecen las defensas del cuerpo.","keywords":null,"keyphrases":{"focus":{"keyphrase":"Pitaya","score":78,"analysis":{"keyphraseInTitle":{"score":9,"maxScore":9,"error":0},"keyphraseInDescription":{"score":9,"maxScore":9,"error":0},"keyphraseLength":{"score":9,"maxScore":9,"error":0,"length":1},"keyphraseInURL":{"score":5,"maxScore":5,"error":0},"keyphraseInIntroduction":{"score":9,"maxScore":9,"error":0},"keyphraseInSubHeadings":{"score":3,"maxScore":9,"error":1},"keyphraseInImageAlt":{"score":9,"maxScore":9,"error":0},"keywordDensity":{"type":"high","score":0,"maxScore":9,"error":1}}},"additional":[{"keyphrase":"vitaminas","score":40,"analysis":{"keyphraseInDescription":{"score":3,"maxScore":9,"error":1},"keyphraseLength":{"score":9,"maxScore":9,"error":0,"length":1},"keyphraseInIntroduction":{"score":3,"maxScore":9,"error":1},"keyphraseInImageAlt":{"score":3,"maxScore":9,"error":1},"keywordDensity":{"score":0,"type":"low","maxScore":9,"error":1}}}]},"primary_term":null,"canonical_url":null,"og_title":null,"og_description":null,"og_object_type":"default","og_image_type":"default","og_image_url":null,"og_image_width":null,"og_image_height":null,"og_image_custom_url":null,"og_image_custom_fields":null,"og_video":"","og_custom_url":null,"og_article_section":null,"og_article_tags":null,"twitter_use_og":false,"twitter_card":"default","twitter_image_type":"default","twitter_image_url":null,"twitter_image_custom_url":null,"twitter_image_custom_fields":null,"twitter_title":null,"twitter_description":null,"schema":{"blockGraphs":[],"customGraphs":[],"default":{"data":{"Article":[],"Course":[],"Dataset":[],"FAQPage":[],"Movie":[],"Person":[],"Product":[],"ProductReview":[],"Car":[],"Recipe":[],"Service":[],"SoftwareApplication":[],"WebPage":[]},"graphName":"none","isEnabled":true},"graphs":[]},"schema_type":"default","schema_type_options":null,"pillar_content":false,"robots_default":true,"robots_noindex":false,"robots_noarchive":false,"robots_nosnippet":false,"robots_nofollow":false,"robots_noimageindex":false,"robots_noodp":false,"robots_notranslate":false,"robots_max_snippet":"-1","robots_max_videopreview":"-1","robots_max_imagepreview":"large","priority":null,"frequency":"default","local_seo":null,"seo_analyzer_scan_date":"2025-10-09 08:24:56","breadcrumb_settings":null,"limit_modified_date":false,"reviewed_by":"0","open_ai":null,"ai":{"faqs":[],"keyPoints":[],"titles":[],"descriptions":[],"socialPosts":{"email":[],"linkedin":[],"twitter":[],"facebook":[],"instagram":[]}},"created":"2025-09-08 18:05:06","updated":"2026-02-05 04:42:25"},"aioseo_breadcrumb":"<div class=\"aioseo-breadcrumbs\"><span class=\"aioseo-breadcrumb\">\n\t<a href=\"https:\/\/soymigrante.com\/revista\" title=\"Home\">Home<\/a>\n<\/span><span class=\"aioseo-breadcrumb-separator\">\u00bb<\/span><span class=\"aioseo-breadcrumb\">\n\t<a href=\"https:\/\/soymigrante.com\/revista\/category\/bienestar\/\" title=\"Bienestar\">Bienestar<\/a>\n<\/span><span class=\"aioseo-breadcrumb-separator\">\u00bb<\/span><span class=\"aioseo-breadcrumb\">\n\t<a href=\"https:\/\/soymigrante.com\/revista\/category\/bienestar\/salud-fisica\/\" title=\"Salud F\u00edsica\">Salud F\u00edsica<\/a>\n<\/span><span class=\"aioseo-breadcrumb-separator\">\u00bb<\/span><span class=\"aioseo-breadcrumb\">\n\tLa pitaya: una vistosa fruta ex\u00f3tica que nutre el cuerpo\n<\/span><\/div>","aioseo_breadcrumb_json":[{"label":"Home","link":"https:\/\/soymigrante.com\/revista"},{"label":"Bienestar","link":"https:\/\/soymigrante.com\/revista\/category\/bienestar\/"},{"label":"Salud F\u00edsica","link":"https:\/\/soymigrante.com\/revista\/category\/bienestar\/salud-fisica\/"},{"label":"La pitaya: una vistosa fruta ex\u00f3tica que nutre el cuerpo","link":"https:\/\/soymigrante.com\/revista\/la-pitaya-una-vistosa-fruta-exotica-que-nutre-el-cuerpo\/"}],"_links":{"self":[{"href":"https:\/\/soymigrante.com\/revista\/wp-json\/wp\/v2\/posts\/44038","targetHints":{"allow":["GET"]}}],"collection":[{"href":"https:\/\/soymigrante.com\/revista\/wp-json\/wp\/v2\/posts"}],"about":[{"href":"https:\/\/soymigrante.com\/revista\/wp-json\/wp\/v2\/types\/post"}],"author":[{"embeddable":true,"href":"https:\/\/soymigrante.com\/revista\/wp-json\/wp\/v2\/users\/19"}],"replies":[{"embeddable":true,"href":"https:\/\/soymigrante.com\/revista\/wp-json\/wp\/v2\/comments?post=44038"}],"version-history":[{"count":13,"href":"https:\/\/soymigrante.com\/revista\/wp-json\/wp\/v2\/posts\/44038\/revisions"}],"predecessor-version":[{"id":44115,"href":"https:\/\/soymigrante.com\/revista\/wp-json\/wp\/v2\/posts\/44038\/revisions\/44115"}],"wp:featuredmedia":[{"embeddable":true,"href":"https:\/\/soymigrante.com\/revista\/wp-json\/wp\/v2\/media\/44039"}],"wp:attachment":[{"href":"https:\/\/soymigrante.com\/revista\/wp-json\/wp\/v2\/media?parent=44038"}],"wp:term":[{"taxonomy":"category","embeddable":true,"href":"https:\/\/soymigrante.com\/revista\/wp-json\/wp\/v2\/categories?post=44038"},{"taxonomy":"post_tag","embeddable":true,"href":"https:\/\/soymigrante.com\/revista\/wp-json\/wp\/v2\/tags?post=44038"}],"curies":[{"name":"wp","href":"https:\/\/api.w.org\/{rel}","templated":true}]}}