{"id":43930,"date":"2025-09-08T05:00:00","date_gmt":"2025-09-08T11:00:00","guid":{"rendered":"https:\/\/soymigrante.com\/revista\/?p=43930"},"modified":"2025-09-07T21:23:18","modified_gmt":"2025-09-08T03:23:18","slug":"la-sandia-una-fruta-poderosamente-refrescante","status":"publish","type":"post","link":"https:\/\/soymigrante.com\/revista\/la-sandia-una-fruta-poderosamente-refrescante\/","title":{"rendered":"La sand\u00eda: una fruta poderosamente refrescante"},"content":{"rendered":"\t\t<div data-elementor-type=\"wp-post\" data-elementor-id=\"43930\" class=\"elementor elementor-43930\" data-elementor-post-type=\"post\">\n\t\t\t\t<div data-particle_enable=\"false\" data-particle-mobile-disabled=\"false\" class=\"elementor-element elementor-element-67eea0f e-flex e-con-boxed e-con e-parent\" data-id=\"67eea0f\" data-element_type=\"container\" data-e-type=\"container\">\n\t\t\t\t\t<div class=\"e-con-inner\">\n\t\t\t\t<div class=\"elementor-element elementor-element-47af174 elementor-widget elementor-widget-heading\" data-id=\"47af174\" data-element_type=\"widget\" data-e-type=\"widget\" data-widget_type=\"heading.default\">\n\t\t\t\t\t<h2 class=\"elementor-heading-title elementor-size-default\">La sand\u00eda es una fruta refrescante, pero tambi\u00e9n ayuda a la salud y est\u00e1 rica en vitaminas. <\/h2>\t\t\t\t<\/div>\n\t\t\t\t\t<\/div>\n\t\t\t\t<\/div>\n\t\t<div data-particle_enable=\"false\" data-particle-mobile-disabled=\"false\" class=\"elementor-element elementor-element-72ac1d9 e-flex e-con-boxed e-con e-parent\" data-id=\"72ac1d9\" data-element_type=\"container\" data-e-type=\"container\">\n\t\t\t\t\t<div class=\"e-con-inner\">\n\t\t\t\t<div class=\"elementor-element elementor-element-e3e4c94 elementor-widget elementor-widget-text-editor\" data-id=\"e3e4c94\" data-element_type=\"widget\" data-e-type=\"widget\" data-widget_type=\"text-editor.default\">\n\t\t\t\t\t\t\t\t\t<p><a href=\"https:\/\/soymigrante.com\/revista\/como-cuidar-la-alimentacion-de-tus-hijos-instituto-americano-de-salud-digiestiva\/\" target=\"_blank\" rel=\"noopener\">En los d\u00edas soleados de verano, pocas cosas son tan refrescantes como una tajada de sand\u00eda.<\/a> Con su pulpa roja, jugosa y dulce, la sand\u00eda no solo es un deleite para el paladar, sino tambi\u00e9n un alimento cargado de beneficios para la salud. Esta fruta, originaria de \u00c1frica, ha conquistado al mundo entero y hoy es parte infaltable de las mesas guatemaltecas.<\/p>\t\t\t\t\t\t\t\t<\/div>\n\t\t\t\t\t<\/div>\n\t\t\t\t<\/div>\n\t\t<div data-particle_enable=\"false\" data-particle-mobile-disabled=\"false\" class=\"elementor-element elementor-element-e91847e e-flex e-con-boxed e-con e-parent\" data-id=\"e91847e\" data-element_type=\"container\" data-e-type=\"container\">\n\t\t\t\t\t<div class=\"e-con-inner\">\n\t\t\t\t<div class=\"elementor-element elementor-element-e971528 elementor-widget elementor-widget-heading\" data-id=\"e971528\" data-element_type=\"widget\" data-e-type=\"widget\" data-widget_type=\"heading.default\">\n\t\t\t\t\t<h3 class=\"elementor-heading-title elementor-size-default\">Los superpoderes de la sand\u00eda<\/h3>\t\t\t\t<\/div>\n\t\t\t\t\t<\/div>\n\t\t\t\t<\/div>\n\t\t<div data-particle_enable=\"false\" data-particle-mobile-disabled=\"false\" class=\"elementor-element elementor-element-501c5ed e-flex e-con-boxed e-con e-parent\" data-id=\"501c5ed\" data-element_type=\"container\" data-e-type=\"container\">\n\t\t\t\t\t<div class=\"e-con-inner\">\n\t\t\t\t<div class=\"elementor-element elementor-element-7de58ca elementor-widget elementor-widget-text-editor\" data-id=\"7de58ca\" data-element_type=\"widget\" data-e-type=\"widget\" data-widget_type=\"text-editor.default\">\n\t\t\t\t\t\t\t\t\t<div>La sand\u00eda es mucho m\u00e1s que agua y az\u00facar natural. Entre sus principales propiedades destacan:<\/div><div><strong>\u2022Hidrataci\u00f3n total<\/strong>: est\u00e1 compuesta en un 92% de agua, lo que la convierte en un aliado perfecto contra el calor y la deshidrataci\u00f3n.<\/div><div><strong>\u2022Antioxidante natural:<\/strong> contiene licopeno, el mismo pigmento que le da el color rojo al tomate. Este antioxidante protege contra el envejecimiento celular y ayuda a reducir el riesgo de enfermedades cardiovasculares.<\/div><div><strong>\u2022Fuente de vitaminas y minerales:<\/strong> es rica en vitamina A (para la vista y la piel), vitamina C (fortalece el sistema inmunol\u00f3gico) y potasio (regula la presi\u00f3n arterial).<\/div><div>\u2022<strong>Amiga del coraz\u00f3n<\/strong>: estudios cient\u00edficos indican que la citrulina, un amino\u00e1cido presente en la sand\u00eda, favorece la circulaci\u00f3n sangu\u00ednea.<\/div><div><strong>\u2022Baja en calor\u00edas<\/strong>: con apenas 30 calor\u00edas por cada 100 gramos, es ideal para quienes cuidan su peso.<\/div>\t\t\t\t\t\t\t\t<\/div>\n\t\t\t\t\t<\/div>\n\t\t\t\t<\/div>\n\t\t<div data-particle_enable=\"false\" data-particle-mobile-disabled=\"false\" class=\"elementor-element elementor-element-a310634 e-flex e-con-boxed e-con e-parent\" data-id=\"a310634\" data-element_type=\"container\" data-e-type=\"container\">\n\t\t\t\t\t<div class=\"e-con-inner\">\n\t\t\t\t<div class=\"elementor-element elementor-element-447de58 elementor-widget elementor-widget-image\" data-id=\"447de58\" data-element_type=\"widget\" data-e-type=\"widget\" data-widget_type=\"image.default\">\n\t\t\t\t\t\t\t\t\t\t\t\t<figure class=\"wp-caption\">\n\t\t\t\t\t\t\t\t\t\t<img fetchpriority=\"high\" decoding=\"async\" width=\"750\" height=\"500\" src=\"https:\/\/soymigrante.com\/revista\/wp-content\/uploads\/2025\/09\/sandia-5.jpg\" class=\"attachment-large size-large wp-image-43937\" alt=\"La sand\u00eda es rica en vitaminas e hidrata el cuerpo. (Foto: Envato)\" srcset=\"https:\/\/soymigrante.com\/revista\/wp-content\/uploads\/2025\/09\/sandia-5.jpg 750w, https:\/\/soymigrante.com\/revista\/wp-content\/uploads\/2025\/09\/sandia-5-300x200.jpg 300w\" sizes=\"(max-width: 750px) 100vw, 750px\" title=\"La sand\u00eda es rica en vitaminas e hidrata el cuerpo. (Foto: Envato) \u2013 SoyMigrante.com REVISTA\" \/>\t\t\t\t\t\t\t\t\t\t\t<figcaption class=\"widget-image-caption wp-caption-text\">La sand\u00eda es rica en vitaminas e hidrata el cuerpo. (Foto: Envato)<\/figcaption>\n\t\t\t\t\t\t\t\t\t\t<\/figure>\n\t\t\t\t\t\t\t\t\t<\/div>\n\t\t\t\t\t<\/div>\n\t\t\t\t<\/div>\n\t\t<div data-particle_enable=\"false\" data-particle-mobile-disabled=\"false\" class=\"elementor-element elementor-element-8c6849d e-flex e-con-boxed e-con e-parent\" data-id=\"8c6849d\" data-element_type=\"container\" data-e-type=\"container\">\n\t\t\t\t\t<div class=\"e-con-inner\">\n\t\t\t\t<div class=\"elementor-element elementor-element-efe24a7 elementor-widget elementor-widget-heading\" data-id=\"efe24a7\" data-element_type=\"widget\" data-e-type=\"widget\" data-widget_type=\"heading.default\">\n\t\t\t\t\t<h3 class=\"elementor-heading-title elementor-size-default\">\u00bfLa pueden comer los diab\u00e9ticos?<\/h3>\t\t\t\t<\/div>\n\t\t\t\t\t<\/div>\n\t\t\t\t<\/div>\n\t\t<div data-particle_enable=\"false\" data-particle-mobile-disabled=\"false\" class=\"elementor-element elementor-element-1417ccd e-flex e-con-boxed e-con e-parent\" data-id=\"1417ccd\" data-element_type=\"container\" data-e-type=\"container\">\n\t\t\t\t\t<div class=\"e-con-inner\">\n\t\t\t\t<div class=\"elementor-element elementor-element-ab56865 elementor-widget elementor-widget-text-editor\" data-id=\"ab56865\" data-element_type=\"widget\" data-e-type=\"widget\" data-widget_type=\"text-editor.default\">\n\t\t\t\t\t\t\t\t\t<p><a href=\"https:\/\/soymigrante.com\/revista\/como-cuidar-la-alimentacion-de-tus-hijos-instituto-americano-de-salud-digiestiva\/\" target=\"_blank\" rel=\"noopener\">La respuesta es s\u00ed, pero con moderaci\u00f3n.<\/a> La sand\u00eda tiene un \u00edndice gluc\u00e9mico medio-alto, lo que significa que eleva el az\u00facar en sangre r\u00e1pidamente; sin embargo, su carga gluc\u00e9mica es baja debido a la gran cantidad de agua que contiene. Eso quiere decir que una porci\u00f3n peque\u00f1a no representa un problema para los diab\u00e9ticos si se consume dentro de una dieta balanceada. Los nutricionistas recomiendan no abusar y siempre acompa\u00f1arla con otros alimentos que ayuden a estabilizar la glucosa.<\/p>\t\t\t\t\t\t\t\t<\/div>\n\t\t\t\t\t<\/div>\n\t\t\t\t<\/div>\n\t\t<div data-particle_enable=\"false\" data-particle-mobile-disabled=\"false\" class=\"elementor-element elementor-element-686502d e-flex e-con-boxed e-con e-parent\" data-id=\"686502d\" data-element_type=\"container\" data-e-type=\"container\">\n\t\t\t\t\t<div class=\"e-con-inner\">\n\t\t\t\t<div class=\"elementor-element elementor-element-bf6e15f elementor-widget elementor-widget-heading\" data-id=\"bf6e15f\" data-element_type=\"widget\" data-e-type=\"widget\" data-widget_type=\"heading.default\">\n\t\t\t\t\t<h3 class=\"elementor-heading-title elementor-size-default\">Curiosidades de la sand\u00eda<\/h3>\t\t\t\t<\/div>\n\t\t\t\t\t<\/div>\n\t\t\t\t<\/div>\n\t\t<div data-particle_enable=\"false\" data-particle-mobile-disabled=\"false\" class=\"elementor-element elementor-element-b50c7ec e-flex e-con-boxed e-con e-parent\" data-id=\"b50c7ec\" data-element_type=\"container\" data-e-type=\"container\">\n\t\t\t\t\t<div class=\"e-con-inner\">\n\t\t\t\t<div class=\"elementor-element elementor-element-f6df02c elementor-widget elementor-widget-text-editor\" data-id=\"f6df02c\" data-element_type=\"widget\" data-e-type=\"widget\" data-widget_type=\"text-editor.default\">\n\t\t\t\t\t\t\t\t\t<div><a href=\"https:\/\/soymigrante.com\/revista\/no-todos-pensamos-en-una-refaccion-saludable-pero-debemos\/\" target=\"_blank\" rel=\"noopener\">\u2022 La sand\u00eda es considerada fruta y hortaliza al mismo tiempo,<\/a> ya que pertenece a la familia de las cucurbit\u00e1ceas, como el pepino y la calabaza.<\/div><div>\u2022China es el mayor productor de sand\u00eda del mundo.<\/div><div>\u2022Existen variedades con pulpa amarilla, menos comunes pero igual de dulces.<\/div><div>\u2022Sus semillas, lejos de ser un estorbo, son comestibles y nutritivas: aportan prote\u00ednas, grasas saludables y magnesio.<\/div>\t\t\t\t\t\t\t\t<\/div>\n\t\t\t\t\t<\/div>\n\t\t\t\t<\/div>\n\t\t<div data-particle_enable=\"false\" data-particle-mobile-disabled=\"false\" class=\"elementor-element elementor-element-334afc6 e-flex e-con-boxed e-con e-parent\" data-id=\"334afc6\" data-element_type=\"container\" data-e-type=\"container\">\n\t\t\t\t\t<div class=\"e-con-inner\">\n\t\t\t\t<div class=\"elementor-element elementor-element-cff0f86 elementor-widget elementor-widget-image\" data-id=\"cff0f86\" data-element_type=\"widget\" data-e-type=\"widget\" data-widget_type=\"image.default\">\n\t\t\t\t\t\t\t\t\t\t\t\t<figure class=\"wp-caption\">\n\t\t\t\t\t\t\t\t\t\t<img decoding=\"async\" width=\"1024\" height=\"683\" src=\"https:\/\/soymigrante.com\/revista\/wp-content\/uploads\/2025\/09\/sandia-4-1024x683.jpg\" class=\"attachment-large size-large wp-image-43938\" alt=\"La sand\u00eda se debe consumir con moderaci\u00f3n para las personas con problemas de az\u00facar. (Foto: Envato)\" srcset=\"https:\/\/soymigrante.com\/revista\/wp-content\/uploads\/2025\/09\/sandia-4-1024x683.jpg 1024w, https:\/\/soymigrante.com\/revista\/wp-content\/uploads\/2025\/09\/sandia-4-300x200.jpg 300w, https:\/\/soymigrante.com\/revista\/wp-content\/uploads\/2025\/09\/sandia-4-768x512.jpg 768w, https:\/\/soymigrante.com\/revista\/wp-content\/uploads\/2025\/09\/sandia-4-750x500.jpg 750w, https:\/\/soymigrante.com\/revista\/wp-content\/uploads\/2025\/09\/sandia-4-1140x760.jpg 1140w, https:\/\/soymigrante.com\/revista\/wp-content\/uploads\/2025\/09\/sandia-4.jpg 1200w\" sizes=\"(max-width: 1024px) 100vw, 1024px\" title=\"La sand\u00eda se debe consumir con moderaci\u00f3n para las personas con problemas de az\u00facar. (Foto: Envato) \u2013 SoyMigrante.com REVISTA\" \/>\t\t\t\t\t\t\t\t\t\t\t<figcaption class=\"widget-image-caption wp-caption-text\">La sand\u00eda se debe consumir con moderaci\u00f3n para las personas con problemas de az\u00facar. (Foto: Envato)<\/figcaption>\n\t\t\t\t\t\t\t\t\t\t<\/figure>\n\t\t\t\t\t\t\t\t\t<\/div>\n\t\t\t\t\t<\/div>\n\t\t\t\t<\/div>\n\t\t<div data-particle_enable=\"false\" data-particle-mobile-disabled=\"false\" class=\"elementor-element elementor-element-03d31cb e-flex e-con-boxed e-con e-parent\" data-id=\"03d31cb\" data-element_type=\"container\" data-e-type=\"container\">\n\t\t\t\t\t<div class=\"e-con-inner\">\n\t\t\t\t<div class=\"elementor-element elementor-element-51f3dab elementor-widget elementor-widget-heading\" data-id=\"51f3dab\" data-element_type=\"widget\" data-e-type=\"widget\" data-widget_type=\"heading.default\">\n\t\t\t\t\t<h3 class=\"elementor-heading-title elementor-size-default\">Tres recetas deliciosas con sand\u00eda<\/h3>\t\t\t\t<\/div>\n\t\t\t\t\t<\/div>\n\t\t\t\t<\/div>\n\t\t<div data-particle_enable=\"false\" data-particle-mobile-disabled=\"false\" class=\"elementor-element elementor-element-cd009a6 e-flex e-con-boxed e-con e-parent\" data-id=\"cd009a6\" data-element_type=\"container\" data-e-type=\"container\">\n\t\t\t\t\t<div class=\"e-con-inner\">\n\t\t\t\t<div class=\"elementor-element elementor-element-c71b5b6 elementor-widget elementor-widget-text-editor\" data-id=\"c71b5b6\" data-element_type=\"widget\" data-e-type=\"widget\" data-widget_type=\"text-editor.default\">\n\t\t\t\t\t\t\t\t\t<p>La sand\u00eda no solo se disfruta en rebanadas. Aqu\u00ed te compartimos tres formas creativas y f\u00e1ciles de aprovecharla en la cocina:<\/p>\t\t\t\t\t\t\t\t<\/div>\n\t\t\t\t\t<\/div>\n\t\t\t\t<\/div>\n\t\t<div data-particle_enable=\"false\" data-particle-mobile-disabled=\"false\" class=\"elementor-element elementor-element-79901e8 e-flex e-con-boxed e-con e-parent\" data-id=\"79901e8\" data-element_type=\"container\" data-e-type=\"container\">\n\t\t\t\t\t<div class=\"e-con-inner\">\n\t\t\t\t<div class=\"elementor-element elementor-element-0022faa elementor-widget elementor-widget-text-editor\" data-id=\"0022faa\" data-element_type=\"widget\" data-e-type=\"widget\" data-widget_type=\"text-editor.default\">\n\t\t\t\t\t\t\t\t\t<div><strong>1. Ensalada fresca de sand\u00eda y queso feta<\/strong><\/div><div>\u00a0<\/div><div>Ingredientes:<\/div><div>\u20222 tazas de sand\u00eda en cubos<\/div><div>\u2022\u00bd taza de queso feta desmenuzado<\/div><div>\u2022Hojas de menta fresca<\/div><div>\u2022Aceite de oliva y un toque de sal<\/div><div>\u00a0<\/div><div><strong>Preparaci\u00f3n:<\/strong><\/div><div>Mezcla la sand\u00eda con el queso feta y las hojas de menta. Roc\u00eda con un chorrito de aceite de oliva. Una combinaci\u00f3n refrescante, ideal como entrada o acompa\u00f1amiento.<\/div><div>\u00a0<\/div><div>\u00a0<\/div>\t\t\t\t\t\t\t\t<\/div>\n\t\t\t\t\t<\/div>\n\t\t\t\t<\/div>\n\t\t<div data-particle_enable=\"false\" data-particle-mobile-disabled=\"false\" class=\"elementor-element elementor-element-55329b4 e-flex e-con-boxed e-con e-parent\" data-id=\"55329b4\" data-element_type=\"container\" data-e-type=\"container\">\n\t\t\t\t\t<div class=\"e-con-inner\">\n\t\t\t\t<div class=\"elementor-element elementor-element-b2c3c2c elementor-widget elementor-widget-image\" data-id=\"b2c3c2c\" data-element_type=\"widget\" data-e-type=\"widget\" data-widget_type=\"image.default\">\n\t\t\t\t\t\t\t\t\t\t\t\t<figure class=\"wp-caption\">\n\t\t\t\t\t\t\t\t\t\t<img decoding=\"async\" width=\"1024\" height=\"683\" src=\"https:\/\/soymigrante.com\/revista\/wp-content\/uploads\/2025\/09\/sandia-1-1024x683.jpg\" class=\"attachment-large size-large wp-image-43939\" alt=\"La sand\u00eda es una fruta deliciosa que te mantiene fresco. (Foto: Envato)\" srcset=\"https:\/\/soymigrante.com\/revista\/wp-content\/uploads\/2025\/09\/sandia-1-1024x683.jpg 1024w, https:\/\/soymigrante.com\/revista\/wp-content\/uploads\/2025\/09\/sandia-1-300x200.jpg 300w, https:\/\/soymigrante.com\/revista\/wp-content\/uploads\/2025\/09\/sandia-1-768x512.jpg 768w, https:\/\/soymigrante.com\/revista\/wp-content\/uploads\/2025\/09\/sandia-1-1536x1024.jpg 1536w, https:\/\/soymigrante.com\/revista\/wp-content\/uploads\/2025\/09\/sandia-1-2048x1365.jpg 2048w, https:\/\/soymigrante.com\/revista\/wp-content\/uploads\/2025\/09\/sandia-1-750x500.jpg 750w, https:\/\/soymigrante.com\/revista\/wp-content\/uploads\/2025\/09\/sandia-1-1140x760.jpg 1140w\" sizes=\"(max-width: 1024px) 100vw, 1024px\" title=\"La sand\u00eda es una fruta deliciosa que te mantiene fresco. (Foto: Envato) \u2013 SoyMigrante.com REVISTA\" \/>\t\t\t\t\t\t\t\t\t\t\t<figcaption class=\"widget-image-caption wp-caption-text\">La sand\u00eda es una fruta deliciosa que te mantiene fresco. (Foto: Envato)<\/figcaption>\n\t\t\t\t\t\t\t\t\t\t<\/figure>\n\t\t\t\t\t\t\t\t\t<\/div>\n\t\t\t\t\t<\/div>\n\t\t\t\t<\/div>\n\t\t<div data-particle_enable=\"false\" data-particle-mobile-disabled=\"false\" class=\"elementor-element elementor-element-827b8a3 e-flex e-con-boxed e-con e-parent\" data-id=\"827b8a3\" data-element_type=\"container\" data-e-type=\"container\">\n\t\t\t\t\t<div class=\"e-con-inner\">\n\t\t\t\t<div class=\"elementor-element elementor-element-f2b0c86 elementor-widget elementor-widget-text-editor\" data-id=\"f2b0c86\" data-element_type=\"widget\" data-e-type=\"widget\" data-widget_type=\"text-editor.default\">\n\t\t\t\t\t\t\t\t\t<div><strong>2. Agua de sand\u00eda natural<\/strong><\/div><div>\u00a0<\/div><div>Ingredientes:<\/div><div>\u20224 tazas de sand\u00eda sin semillas<\/div><div>\u20223 tazas de agua<\/div><div>\u2022Jugo de 1 lim\u00f3n<\/div><div>\u2022Hielo al gusto<\/div><div>\u00a0<\/div><div><strong>Preparaci\u00f3n:<\/strong><\/div><div>Lic\u00faa la sand\u00eda con el agua y el lim\u00f3n. Cuela si lo prefieres y sirve con bastante hielo. Es una bebida perfecta para hidratarse en d\u00edas calurosos.<\/div><div>\u00a0<\/div>\t\t\t\t\t\t\t\t<\/div>\n\t\t\t\t\t<\/div>\n\t\t\t\t<\/div>\n\t\t<div data-particle_enable=\"false\" data-particle-mobile-disabled=\"false\" class=\"elementor-element elementor-element-66286a3 e-flex e-con-boxed e-con e-parent\" data-id=\"66286a3\" data-element_type=\"container\" data-e-type=\"container\">\n\t\t\t\t\t<div class=\"e-con-inner\">\n\t\t\t\t<div class=\"elementor-element elementor-element-fdda8f5 elementor-widget elementor-widget-text-editor\" data-id=\"fdda8f5\" data-element_type=\"widget\" data-e-type=\"widget\" data-widget_type=\"text-editor.default\">\n\t\t\t\t\t\t\t\t\t<div><strong>3. Paletas heladas de sand\u00eda<\/strong><\/div><div>\u00a0<\/div><div>Ingredientes:<\/div><div>\u20223 tazas de sand\u00eda<\/div><div>\u20222 cucharadas de miel o az\u00facar al gusto<\/div><div>\u2022Jugo de \u00bd lim\u00f3n<\/div><div>\u00a0<\/div><div><strong>Preparaci\u00f3n:<\/strong><\/div><div>Lic\u00faa todos los ingredientes y coloca la mezcla en moldes para paleta. Ll\u00e9valas al congelador durante 4 horas. Un postre natural y saludable para ni\u00f1os y adultos.<\/div>\t\t\t\t\t\t\t\t<\/div>\n\t\t\t\t\t<\/div>\n\t\t\t\t<\/div>\n\t\t<div data-particle_enable=\"false\" data-particle-mobile-disabled=\"false\" class=\"elementor-element elementor-element-6e75812 e-flex e-con-boxed e-con e-parent\" data-id=\"6e75812\" data-element_type=\"container\" data-e-type=\"container\">\n\t\t\t\t\t<div class=\"e-con-inner\">\n\t\t\t\t<div class=\"elementor-element elementor-element-3210d6e elementor-widget elementor-widget-text-editor\" data-id=\"3210d6e\" data-element_type=\"widget\" data-e-type=\"widget\" data-widget_type=\"text-editor.default\">\n\t\t\t\t\t\t\t\t\t<p><a href=\"https:\/\/soymigrante.com\/revista\/no-todos-pensamos-en-una-refaccion-saludable-pero-debemos\/\" target=\"_blank\" rel=\"noopener\">La sand\u00eda es mucho m\u00e1s que una fruta veraniega: es un superalimento que hidrata, fortalece y refresca.<\/a> Rica en antioxidantes, baja en calor\u00edas y deliciosa en sabor, se convierte en una opci\u00f3n saludable para toda la familia, incluso para quienes tienen restricciones como la diabetes. Ya sea en tajadas, en bebidas o en creativas recetas, la sand\u00eda nos recuerda que la naturaleza guarda en sus frutos los mejores regalos para nuestra salud.<\/p>\t\t\t\t\t\t\t\t<\/div>\n\t\t\t\t\t<\/div>\n\t\t\t\t<\/div>\n\t\t<div data-particle_enable=\"false\" data-particle-mobile-disabled=\"false\" class=\"elementor-element elementor-element-1882011 e-flex e-con-boxed e-con e-parent\" data-id=\"1882011\" data-element_type=\"container\" data-e-type=\"container\">\n\t\t\t\t\t<div class=\"e-con-inner\">\n\t\t\t\t<div class=\"elementor-element elementor-element-0d27296 elementor-widget elementor-widget-heading\" data-id=\"0d27296\" data-element_type=\"widget\" data-e-type=\"widget\" data-widget_type=\"heading.default\">\n\t\t\t\t\t<h2 class=\"elementor-heading-title elementor-size-default\">Conoce otros alimentos que te podr\u00edan caer bien...<\/h2>\t\t\t\t<\/div>\n\t\t\t\t\t<\/div>\n\t\t\t\t<\/div>\n\t\t<div data-particle_enable=\"false\" data-particle-mobile-disabled=\"false\" class=\"elementor-element elementor-element-3b7d4c1 e-flex e-con-boxed e-con e-parent\" data-id=\"3b7d4c1\" data-element_type=\"container\" data-e-type=\"container\">\n\t\t\t\t\t<div class=\"e-con-inner\">\n\t\t\t\t<div class=\"elementor-element elementor-element-192daac elementor-grid-eael-col-3 elementor-grid-tablet-eael-col-2 elementor-grid-mobile-eael-col-1 elementor-widget elementor-widget-eael-post-grid\" data-id=\"192daac\" data-element_type=\"widget\" data-e-type=\"widget\" data-settings=\"{&quot;eael_post_grid_columns&quot;:&quot;eael-col-3&quot;,&quot;eael_post_grid_columns_tablet&quot;:&quot;eael-col-2&quot;,&quot;eael_post_grid_columns_mobile&quot;:&quot;eael-col-1&quot;}\" data-widget_type=\"eael-post-grid.default\">\n\t\t\t\t\t<div id=\"eael-post-grid-192daac\" class=\"eael-post-grid-container\">\n            <div class=\"eael-post-grid eael-post-appender eael-post-appender-192daac eael-post-grid-style-one\" data-layout-mode=\"masonry\"><article class=\"eael-grid-post  eael-post-grid-column eael-pg-post-43525 category-salud-fisica\" data-id=\"43525\">\n        <div class=\"eael-grid-post-holder\">\n            <div class=\"eael-grid-post-holder-inner\"><div class=\"eael-entry-media\"><div class=\"eael-entry-overlay fade-in\"><i class=\"far fa-hand-pointer\" aria-hidden=\"true\"><\/i><a href=\"https:\/\/soymigrante.com\/revista\/los-superpoderes-del-melon-una-delicia-refrescante\/\"><\/a><\/div><div class=\"eael-entry-thumbnail \">\n                <img loading=\"lazy\" decoding=\"async\" width=\"1024\" height=\"1024\" src=\"https:\/\/soymigrante.com\/revista\/wp-content\/uploads\/2025\/09\/melon-3-1024x1024.png\" class=\"attachment-large size-large wp-image-43526\" alt=\"Los superpoderes del mel\u00f3n: una fruta refrescante\" srcset=\"https:\/\/soymigrante.com\/revista\/wp-content\/uploads\/2025\/09\/melon-3-1024x1024.png 1024w, https:\/\/soymigrante.com\/revista\/wp-content\/uploads\/2025\/09\/melon-3-300x300.png 300w, https:\/\/soymigrante.com\/revista\/wp-content\/uploads\/2025\/09\/melon-3-150x150.png 150w, https:\/\/soymigrante.com\/revista\/wp-content\/uploads\/2025\/09\/melon-3-768x768.png 768w, https:\/\/soymigrante.com\/revista\/wp-content\/uploads\/2025\/09\/melon-3-75x75.png 75w, https:\/\/soymigrante.com\/revista\/wp-content\/uploads\/2025\/09\/melon-3-750x750.png 750w, https:\/\/soymigrante.com\/revista\/wp-content\/uploads\/2025\/09\/melon-3-1140x1140.png 1140w, https:\/\/soymigrante.com\/revista\/wp-content\/uploads\/2025\/09\/melon-3.png 1486w\" sizes=\"(max-width: 1024px) 100vw, 1024px\" \/>\n            <\/div>\n        <\/div><div class=\"eael-entry-wrapper\"><header class=\"eael-entry-header\"><h2 class=\"eael-entry-title\"><a class=\"eael-grid-post-link\" href=\"https:\/\/soymigrante.com\/revista\/los-superpoderes-del-melon-una-delicia-refrescante\/\" title=\"Los superpoderes del mel\u00f3n, una delicia refrescante\">Los superpoderes del mel\u00f3n, una delicia refrescante<\/a><\/h2><\/header><div class=\"eael-entry-content\">\n                        <div class=\"eael-grid-post-excerpt\"><a href=\"https:\/\/soymigrante.com\/revista\/los-superpoderes-del-melon-una-delicia-refrescante\/\" class=\"eael-post-elements-readmore-btn\">CONOCE SU HISTORIA <\/a><\/div>\n                    <\/div><\/div><\/div>\n        <\/div>\n    <\/article><article class=\"eael-grid-post  eael-post-grid-column eael-pg-post-43100 category-salud-fisica\" data-id=\"43100\">\n        <div class=\"eael-grid-post-holder\">\n            <div class=\"eael-grid-post-holder-inner\"><div class=\"eael-entry-media\"><div class=\"eael-entry-overlay fade-in\"><i class=\"far fa-hand-pointer\" aria-hidden=\"true\"><\/i><a href=\"https:\/\/soymigrante.com\/revista\/los-superpoderes-de-la-papaya-pueden-transformar-tu-salud\/\"><\/a><\/div><div class=\"eael-entry-thumbnail \">\n                <img loading=\"lazy\" decoding=\"async\" width=\"1024\" height=\"575\" src=\"https:\/\/soymigrante.com\/revista\/wp-content\/uploads\/2025\/08\/papaya-1-1024x575.jpg\" class=\"attachment-large size-large wp-image-43101\" alt=\"Jugosidad de papaya con semillas negras en una mesa de madera natural, saludable y nutritiva, ideal para quienes valoran la alimentaci\u00f3n natural y el bienestar, promoci\u00f3n de recetas y beneficios de frutas tropicales.\" srcset=\"https:\/\/soymigrante.com\/revista\/wp-content\/uploads\/2025\/08\/papaya-1-1024x575.jpg 1024w, https:\/\/soymigrante.com\/revista\/wp-content\/uploads\/2025\/08\/papaya-1-300x169.jpg 300w, https:\/\/soymigrante.com\/revista\/wp-content\/uploads\/2025\/08\/papaya-1-768x431.jpg 768w, https:\/\/soymigrante.com\/revista\/wp-content\/uploads\/2025\/08\/papaya-1-750x421.webp 750w, https:\/\/soymigrante.com\/revista\/wp-content\/uploads\/2025\/08\/papaya-1-1140x640.webp 1140w, https:\/\/soymigrante.com\/revista\/wp-content\/uploads\/2025\/08\/papaya-1.webp 1296w\" sizes=\"(max-width: 1024px) 100vw, 1024px\" \/>\n            <\/div>\n        <\/div><div class=\"eael-entry-wrapper\"><header class=\"eael-entry-header\"><h2 class=\"eael-entry-title\"><a class=\"eael-grid-post-link\" href=\"https:\/\/soymigrante.com\/revista\/los-superpoderes-de-la-papaya-pueden-transformar-tu-salud\/\" title=\"Los superpoderes de la papaya pueden transformar tu salud\">Los superpoderes de la papaya pueden transformar tu salud<\/a><\/h2><\/header><div class=\"eael-entry-content\">\n                        <div class=\"eael-grid-post-excerpt\"><a href=\"https:\/\/soymigrante.com\/revista\/los-superpoderes-de-la-papaya-pueden-transformar-tu-salud\/\" class=\"eael-post-elements-readmore-btn\">CONOCE SU HISTORIA <\/a><\/div>\n                    <\/div><\/div><\/div>\n        <\/div>\n    <\/article><article class=\"eael-grid-post  eael-post-grid-column eael-pg-post-43795 category-salud-fisica\" data-id=\"43795\">\n        <div class=\"eael-grid-post-holder\">\n            <div class=\"eael-grid-post-holder-inner\"><div class=\"eael-entry-media\"><div class=\"eael-entry-overlay fade-in\"><i class=\"far fa-hand-pointer\" aria-hidden=\"true\"><\/i><a href=\"https:\/\/soymigrante.com\/revista\/la-uva-es-una-fruta-pequena-pero-muy-poderosa\/\"><\/a><\/div><div class=\"eael-entry-thumbnail \">\n                <img loading=\"lazy\" decoding=\"async\" width=\"500\" height=\"500\" src=\"https:\/\/soymigrante.com\/revista\/wp-content\/uploads\/2025\/09\/uvas-1-e1757016695898.jpg\" class=\"attachment-large size-large wp-image-43796\" alt=\"La uva: una fruta con grandes beneficios para el cuerpo\" srcset=\"https:\/\/soymigrante.com\/revista\/wp-content\/uploads\/2025\/09\/uvas-1-e1757016695898.jpg 500w, https:\/\/soymigrante.com\/revista\/wp-content\/uploads\/2025\/09\/uvas-1-e1757016695898-300x300.jpg 300w, https:\/\/soymigrante.com\/revista\/wp-content\/uploads\/2025\/09\/uvas-1-e1757016695898-150x150.jpg 150w, https:\/\/soymigrante.com\/revista\/wp-content\/uploads\/2025\/09\/uvas-1-e1757016695898-75x75.jpg 75w\" sizes=\"(max-width: 500px) 100vw, 500px\" \/>\n            <\/div>\n        <\/div><div class=\"eael-entry-wrapper\"><header class=\"eael-entry-header\"><h2 class=\"eael-entry-title\"><a class=\"eael-grid-post-link\" href=\"https:\/\/soymigrante.com\/revista\/la-uva-es-una-fruta-pequena-pero-muy-poderosa\/\" title=\"La uva es una fruta peque\u00f1a pero muy poderosa\">La uva es una fruta peque\u00f1a pero muy poderosa<\/a><\/h2><\/header><div class=\"eael-entry-content\">\n                        <div class=\"eael-grid-post-excerpt\"><a href=\"https:\/\/soymigrante.com\/revista\/la-uva-es-una-fruta-pequena-pero-muy-poderosa\/\" class=\"eael-post-elements-readmore-btn\">CONOCE SU HISTORIA <\/a><\/div>\n                    <\/div><\/div><\/div>\n        <\/div>\n    <\/article><\/div>\n            <div class=\"clearfix\"><\/div>\n        <\/div>\t\t\t\t<\/div>\n\t\t\t\t\t<\/div>\n\t\t\t\t<\/div>\n\t\t\t\t<\/div>\n\t\t","protected":false},"excerpt":{"rendered":"<p>La sand\u00eda es una fruta refrescante, pero tambi\u00e9n ayuda a la salud y est\u00e1 rica en vitaminas. En los d\u00edas soleados de verano, pocas cosas son tan refrescantes como una tajada de sand\u00eda. Con su pulpa roja, jugosa y dulce, la sand\u00eda no solo es un deleite para el paladar, sino tambi\u00e9n un alimento cargado [&hellip;]<\/p>\n","protected":false},"author":19,"featured_media":43931,"comment_status":"open","ping_status":"open","sticky":false,"template":"","format":"standard","meta":{"_acf_changed":false,"_eb_attr":"","footnotes":""},"categories":[265],"tags":[],"class_list":["post-43930","post","type-post","status-publish","format-standard","has-post-thumbnail","hentry","category-salud-fisica"],"acf":[],"aioseo_notices":[],"aioseo_head":"\n\t\t<!-- All in One SEO Pro 4.9.6.2 - aioseo.com -->\n\t<meta name=\"description\" content=\"La uva es una de las frutas m\u00e1s peque\u00f1as, pero sus beneficios para el cuerpo son grandes, aporta vitaminas que ayudan contra las enfermedades.\" \/>\n\t<meta name=\"robots\" content=\"max-snippet:-1, max-image-preview:large, max-video-preview:-1\" \/>\n\t<meta name=\"author\" content=\"Marysabel Aldana\"\/>\n\t<link rel=\"canonical\" href=\"https:\/\/soymigrante.com\/revista\/la-uva-es-una-fruta-pequena-pero-muy-poderosa\/\" \/>\n\t<meta name=\"generator\" content=\"All in One SEO Pro (AIOSEO) 4.9.6.2\" \/>\n\n\t\t<link rel=\"preconnect\" href=\"https:\/\/fonts.googleapis.com\" crossorigin>\n<link rel=\"preconnect\" href=\"https:\/\/fonts.gstatic.com\" crossorigin>\n\t\t<meta property=\"og:locale\" content=\"es_ES\" \/>\n\t\t<meta property=\"og:site_name\" content=\"SoyMigrante.com REVISTA \u2013 Nuestra misi\u00f3n es reconocer y dignificar al migrante.\" \/>\n\t\t<meta property=\"og:type\" content=\"article\" \/>\n\t\t<meta property=\"og:title\" content=\"La uva es una fruta peque\u00f1a pero muy poderosa\" \/>\n\t\t<meta property=\"og:description\" content=\"La uva es una de las frutas m\u00e1s peque\u00f1as, pero sus beneficios para el cuerpo son grandes, aporta vitaminas que ayudan contra las enfermedades.\" \/>\n\t\t<meta property=\"og:url\" content=\"https:\/\/soymigrante.com\/revista\/la-uva-es-una-fruta-pequena-pero-muy-poderosa\/\" \/>\n\t\t<meta property=\"og:image\" content=\"https:\/\/soymigrante.com\/revista\/wp-content\/uploads\/2025\/09\/uvas-1-e1757016695898.jpg\" \/>\n\t\t<meta property=\"og:image:secure_url\" content=\"https:\/\/soymigrante.com\/revista\/wp-content\/uploads\/2025\/09\/uvas-1-e1757016695898.jpg\" \/>\n\t\t<meta property=\"og:image:width\" content=\"500\" \/>\n\t\t<meta property=\"og:image:height\" content=\"500\" \/>\n\t\t<meta property=\"article:published_time\" content=\"2025-09-05T10:00:00+00:00\" \/>\n\t\t<meta property=\"article:modified_time\" content=\"2025-09-05T04:17:30+00:00\" \/>\n\t\t<meta property=\"article:publisher\" content=\"https:\/\/www.facebook.com\/soymigrantecom\" \/>\n\t\t<meta name=\"twitter:card\" content=\"summary_large_image\" \/>\n\t\t<meta name=\"twitter:site\" content=\"@SoyMigrante_com\" \/>\n\t\t<meta name=\"twitter:title\" content=\"La uva es una fruta peque\u00f1a pero muy poderosa\" \/>\n\t\t<meta name=\"twitter:description\" content=\"La uva es una de las frutas m\u00e1s peque\u00f1as, pero sus beneficios para el cuerpo son grandes, aporta vitaminas que ayudan contra las enfermedades.\" \/>\n\t\t<meta name=\"twitter:creator\" content=\"@SoyMigrante_com\" \/>\n\t\t<meta name=\"twitter:image\" content=\"https:\/\/soymigrante.com\/revista\/wp-content\/uploads\/2025\/09\/uvas-1-e1757016695898.jpg\" \/>\n\t\t<!-- All in One SEO Pro -->\r\n\t\t<title>La uva es una fruta peque\u00f1a pero muy poderosa<\/title>\n\n","aioseo_head_json":{"title":"La uva es una fruta peque\u00f1a pero muy poderosa","description":"La uva es una de las frutas m\u00e1s peque\u00f1as, pero sus beneficios para el cuerpo son grandes, aporta vitaminas que ayudan contra las enfermedades.","canonical_url":"https:\/\/soymigrante.com\/revista\/la-uva-es-una-fruta-pequena-pero-muy-poderosa\/","robots":"max-snippet:-1, max-image-preview:large, max-video-preview:-1","keywords":"","webmasterTools":{"miscellaneous":"&lt;link rel=\"preconnect\" href=\"https:\/\/fonts.googleapis.com\" crossorigin&gt;\n&lt;link rel=\"preconnect\" href=\"https:\/\/fonts.gstatic.com\" crossorigin&gt;"},"schema":null,"og:locale":"es_ES","og:site_name":"SoyMigrante.com REVISTA \u2013 Nuestra misi\u00f3n es reconocer y dignificar al migrante.","og:type":"article","og:title":"La uva es una fruta peque\u00f1a pero muy poderosa","og:description":"La uva es una de las frutas m\u00e1s peque\u00f1as, pero sus beneficios para el cuerpo son grandes, aporta vitaminas que ayudan contra las enfermedades.","og:url":"https:\/\/soymigrante.com\/revista\/la-uva-es-una-fruta-pequena-pero-muy-poderosa\/","og:image":"https:\/\/soymigrante.com\/revista\/wp-content\/uploads\/2025\/09\/uvas-1-e1757016695898.jpg","og:image:secure_url":"https:\/\/soymigrante.com\/revista\/wp-content\/uploads\/2025\/09\/uvas-1-e1757016695898.jpg","og:image:width":500,"og:image:height":500,"article:published_time":"2025-09-05T10:00:00+00:00","article:modified_time":"2025-09-05T04:17:30+00:00","article:publisher":"https:\/\/www.facebook.com\/soymigrantecom","twitter:card":"summary_large_image","twitter:site":"@SoyMigrante_com","twitter:title":"La uva es una fruta peque\u00f1a pero muy poderosa","twitter:description":"La uva es una de las frutas m\u00e1s peque\u00f1as, pero sus beneficios para el cuerpo son grandes, aporta vitaminas que ayudan contra las enfermedades.","twitter:creator":"@SoyMigrante_com","twitter:image":"https:\/\/soymigrante.com\/revista\/wp-content\/uploads\/2025\/09\/uvas-1-e1757016695898.jpg"},"aioseo_meta_data":{"post_id":"43930","title":null,"description":"La sand\u00eda es una fruta refrescante, pero tambi\u00e9n ayuda a la salud y est\u00e1 rica en vitaminas.","keywords":null,"keyphrases":{"focus":{"keyphrase":"sand\u00eda","score":87,"analysis":{"keyphraseInTitle":{"score":9,"maxScore":9,"error":0},"keyphraseInDescription":{"score":9,"maxScore":9,"error":0},"keyphraseLength":{"score":9,"maxScore":9,"error":0,"length":2},"keyphraseInURL":{"score":5,"maxScore":5,"error":0},"keyphraseInIntroduction":{"score":9,"maxScore":9,"error":0},"keyphraseInSubHeadings":{"score":9,"maxScore":9,"error":0},"keyphraseInImageAlt":{"score":9,"maxScore":9,"error":0},"keywordDensity":{"type":"high","score":0,"maxScore":9,"error":1}}},"additional":[{"keyphrase":"vitaminas","score":67,"analysis":{"keyphraseInDescription":{"score":9,"maxScore":9,"error":0},"keyphraseLength":{"score":9,"maxScore":9,"error":0,"length":1},"keyphraseInIntroduction":{"score":3,"maxScore":9,"error":1},"keyphraseInImageAlt":{"score":9,"maxScore":9,"error":0},"keywordDensity":{"score":0,"type":"low","maxScore":9,"error":1}}},{"keyphrase":"refrescante","score":87,"analysis":{"keyphraseInDescription":{"score":9,"maxScore":9,"error":0},"keyphraseLength":{"score":9,"maxScore":9,"error":0,"length":1},"keyphraseInIntroduction":{"score":3,"maxScore":9,"error":1},"keyphraseInImageAlt":{"score":9,"maxScore":9,"error":0},"keywordDensity":{"type":"best","score":9,"maxScore":9,"error":0}}}]},"primary_term":null,"canonical_url":null,"og_title":null,"og_description":null,"og_object_type":"default","og_image_type":"default","og_image_url":null,"og_image_width":null,"og_image_height":null,"og_image_custom_url":null,"og_image_custom_fields":null,"og_video":"","og_custom_url":null,"og_article_section":null,"og_article_tags":null,"twitter_use_og":false,"twitter_card":"default","twitter_image_type":"default","twitter_image_url":null,"twitter_image_custom_url":null,"twitter_image_custom_fields":null,"twitter_title":null,"twitter_description":null,"schema":{"blockGraphs":[],"customGraphs":[],"default":{"data":{"Article":[],"Course":[],"Dataset":[],"FAQPage":[],"Movie":[],"Person":[],"Product":[],"ProductReview":[],"Car":[],"Recipe":[],"Service":[],"SoftwareApplication":[],"WebPage":[]},"graphName":"none","isEnabled":true},"graphs":[]},"schema_type":"default","schema_type_options":null,"pillar_content":false,"robots_default":true,"robots_noindex":false,"robots_noarchive":false,"robots_nosnippet":false,"robots_nofollow":false,"robots_noimageindex":false,"robots_noodp":false,"robots_notranslate":false,"robots_max_snippet":"-1","robots_max_videopreview":"-1","robots_max_imagepreview":"large","priority":null,"frequency":"default","local_seo":null,"seo_analyzer_scan_date":"2025-10-09 08:22:41","breadcrumb_settings":null,"limit_modified_date":false,"reviewed_by":"0","open_ai":null,"ai":{"faqs":[],"keyPoints":[],"titles":[],"descriptions":[],"socialPosts":{"email":[],"linkedin":[],"twitter":[],"facebook":[],"instagram":[]}},"created":"2025-09-05 19:38:59","updated":"2026-02-05 04:36:26"},"aioseo_breadcrumb":"<div class=\"aioseo-breadcrumbs\"><span class=\"aioseo-breadcrumb\">\n\t<a href=\"https:\/\/soymigrante.com\/revista\" title=\"Home\">Home<\/a>\n<\/span><span class=\"aioseo-breadcrumb-separator\">\u00bb<\/span><span class=\"aioseo-breadcrumb\">\n\t<a href=\"https:\/\/soymigrante.com\/revista\/category\/bienestar\/\" title=\"Bienestar\">Bienestar<\/a>\n<\/span><span class=\"aioseo-breadcrumb-separator\">\u00bb<\/span><span class=\"aioseo-breadcrumb\">\n\t<a href=\"https:\/\/soymigrante.com\/revista\/category\/bienestar\/salud-fisica\/\" title=\"Salud F\u00edsica\">Salud F\u00edsica<\/a>\n<\/span><span class=\"aioseo-breadcrumb-separator\">\u00bb<\/span><span class=\"aioseo-breadcrumb\">\n\tLa sand\u00eda: una fruta poderosamente refrescante\n<\/span><\/div>","aioseo_breadcrumb_json":[{"label":"Home","link":"https:\/\/soymigrante.com\/revista"},{"label":"Bienestar","link":"https:\/\/soymigrante.com\/revista\/category\/bienestar\/"},{"label":"Salud F\u00edsica","link":"https:\/\/soymigrante.com\/revista\/category\/bienestar\/salud-fisica\/"},{"label":"La sand\u00eda: una fruta poderosamente refrescante","link":"https:\/\/soymigrante.com\/revista\/la-sandia-una-fruta-poderosamente-refrescante\/"}],"_links":{"self":[{"href":"https:\/\/soymigrante.com\/revista\/wp-json\/wp\/v2\/posts\/43930","targetHints":{"allow":["GET"]}}],"collection":[{"href":"https:\/\/soymigrante.com\/revista\/wp-json\/wp\/v2\/posts"}],"about":[{"href":"https:\/\/soymigrante.com\/revista\/wp-json\/wp\/v2\/types\/post"}],"author":[{"embeddable":true,"href":"https:\/\/soymigrante.com\/revista\/wp-json\/wp\/v2\/users\/19"}],"replies":[{"embeddable":true,"href":"https:\/\/soymigrante.com\/revista\/wp-json\/wp\/v2\/comments?post=43930"}],"version-history":[{"count":12,"href":"https:\/\/soymigrante.com\/revista\/wp-json\/wp\/v2\/posts\/43930\/revisions"}],"predecessor-version":[{"id":43974,"href":"https:\/\/soymigrante.com\/revista\/wp-json\/wp\/v2\/posts\/43930\/revisions\/43974"}],"wp:featuredmedia":[{"embeddable":true,"href":"https:\/\/soymigrante.com\/revista\/wp-json\/wp\/v2\/media\/43931"}],"wp:attachment":[{"href":"https:\/\/soymigrante.com\/revista\/wp-json\/wp\/v2\/media?parent=43930"}],"wp:term":[{"taxonomy":"category","embeddable":true,"href":"https:\/\/soymigrante.com\/revista\/wp-json\/wp\/v2\/categories?post=43930"},{"taxonomy":"post_tag","embeddable":true,"href":"https:\/\/soymigrante.com\/revista\/wp-json\/wp\/v2\/tags?post=43930"}],"curies":[{"name":"wp","href":"https:\/\/api.w.org\/{rel}","templated":true}]}}