{"id":43912,"date":"2025-09-08T04:00:00","date_gmt":"2025-09-08T10:00:00","guid":{"rendered":"https:\/\/soymigrante.com\/revista\/?p=43912"},"modified":"2025-09-07T21:18:52","modified_gmt":"2025-09-08T03:18:52","slug":"memoria-escrita-guatemalteca-la-biblioteca-y-la-hemeroteca-nacional","status":"publish","type":"post","link":"https:\/\/soymigrante.com\/revista\/memoria-escrita-guatemalteca-la-biblioteca-y-la-hemeroteca-nacional\/","title":{"rendered":"Memoria escrita guatemalteca: La Biblioteca y la Hemeroteca Nacional"},"content":{"rendered":"\t\t<div data-elementor-type=\"wp-post\" data-elementor-id=\"43912\" class=\"elementor elementor-43912\" data-elementor-post-type=\"post\">\n\t\t\t\t<div data-particle_enable=\"false\" data-particle-mobile-disabled=\"false\" class=\"elementor-element elementor-element-96ade0f e-flex e-con-boxed e-con e-parent\" data-id=\"96ade0f\" data-element_type=\"container\" data-e-type=\"container\">\n\t\t\t\t\t<div class=\"e-con-inner\">\n\t\t\t\t<div class=\"elementor-element elementor-element-afbb7ee elementor-widget elementor-widget-heading\" data-id=\"afbb7ee\" data-element_type=\"widget\" data-e-type=\"widget\" data-widget_type=\"heading.default\">\n\t\t\t\t\t<h2 class=\"elementor-heading-title elementor-size-default\">La memoria de Guatemala, empez\u00f3 escribi\u00e9ndose en libros, peri\u00f3dicos y textos, pero la historia en papel, a\u00fan se encuentra en la zona 1. \n<\/h2>\t\t\t\t<\/div>\n\t\t\t\t\t<\/div>\n\t\t\t\t<\/div>\n\t\t<div data-particle_enable=\"false\" data-particle-mobile-disabled=\"false\" class=\"elementor-element elementor-element-9aad13c e-flex e-con-boxed e-con e-parent\" data-id=\"9aad13c\" data-element_type=\"container\" data-e-type=\"container\">\n\t\t\t\t\t<div class=\"e-con-inner\">\n\t\t\t\t<div class=\"elementor-element elementor-element-84f57e8 elementor-widget elementor-widget-text-editor\" data-id=\"84f57e8\" data-element_type=\"widget\" data-e-type=\"widget\" data-widget_type=\"text-editor.default\">\n\t\t\t\t\t\t\t\t\t<p>En una \u00e9poca en la que el conocimiento cab\u00eda entre estantes de madera y hojas amarillentas por el tiempo, miles de guatemaltecos encontraron en dos instituciones un refugio: <a href=\"https:\/\/agendacultural.mcd.gob.gt\/?_gl=1*4jzx7a*_ga*MzIyMjk2OTY4LjE3NTY3NzIzMTk.*_ga_ZEWGHBQ41G*czE3NTcwOTk5MjMkbzEkZzAkdDE3NTcwOTk5MjMkajYwJGwwJGgw\" target=\"_blank\" rel=\"noopener\">la Biblioteca Nacional \u201cLuis Cardoza y Arag\u00f3n\u201d y la Hemeroteca Nacional \u201cClemente Marroqu\u00edn Rojas\u201d.<\/a> Antes de que existieran los buscadores digitales y las pantallas de cristal l\u00edquido, la investigaci\u00f3n era un viaje f\u00edsico y emocional hacia estos templos de papel, donde cada p\u00e1gina parec\u00eda guardar la voz de generaciones pasadas.<\/p>\t\t\t\t\t\t\t\t<\/div>\n\t\t\t\t\t<\/div>\n\t\t\t\t<\/div>\n\t\t<div data-particle_enable=\"false\" data-particle-mobile-disabled=\"false\" class=\"elementor-element elementor-element-d816ff4 e-flex e-con-boxed e-con e-parent\" data-id=\"d816ff4\" data-element_type=\"container\" data-e-type=\"container\">\n\t\t\t\t\t<div class=\"e-con-inner\">\n\t\t\t\t<div class=\"elementor-element elementor-element-56dc9d5 elementor-widget elementor-widget-heading\" data-id=\"56dc9d5\" data-element_type=\"widget\" data-e-type=\"widget\" data-widget_type=\"heading.default\">\n\t\t\t\t\t<h3 class=\"elementor-heading-title elementor-size-default\">La Biblioteca Nacional: inauguraci\u00f3n y legado<\/h3>\t\t\t\t<\/div>\n\t\t\t\t\t<\/div>\n\t\t\t\t<\/div>\n\t\t<div data-particle_enable=\"false\" data-particle-mobile-disabled=\"false\" class=\"elementor-element elementor-element-7748072 e-flex e-con-boxed e-con e-parent\" data-id=\"7748072\" data-element_type=\"container\" data-e-type=\"container\">\n\t\t\t\t\t<div class=\"e-con-inner\">\n\t\t\t\t<div class=\"elementor-element elementor-element-b91fa49 elementor-widget elementor-widget-text-editor\" data-id=\"b91fa49\" data-element_type=\"widget\" data-e-type=\"widget\" data-widget_type=\"text-editor.default\">\n\t\t\t\t\t\t\t\t\t<p>La Biblioteca Nacional fue inaugurada el 18 de octubre de 1879, durante el gobierno del general Justo Rufino Barrios, con el prop\u00f3sito de centralizar y resguardar el patrimonio bibliogr\u00e1fico del pa\u00eds. Desde entonces se convirti\u00f3 en el coraz\u00f3n de la memoria impresa de Guatemala. Actualmente lleva el nombre de Luis Cardoza y Arag\u00f3n, en honor al c\u00e9lebre poeta y ensayista guatemalteco.<\/p><p>Dentro de sus estantes se guardan m\u00e1s de 150,000 vol\u00famenes que incluyen literatura guatemalteca, universal, textos hist\u00f3ricos, jur\u00eddicos y obras de consulta general. Es un espacio que ha sido testigo de incontables horas de estudio: estudiantes preparando su tesis, investigadores buscando fuentes primarias, escritores en busca de inspiraci\u00f3n. Ubicada en la 6a. avenida 7-57, zona 1 de la ciudad de Guatemala, la Biblioteca Nacional es un santuario donde las letras resisten al olvido.<\/p>\t\t\t\t\t\t\t\t<\/div>\n\t\t\t\t\t<\/div>\n\t\t\t\t<\/div>\n\t\t<div data-particle_enable=\"false\" data-particle-mobile-disabled=\"false\" class=\"elementor-element elementor-element-a32e499 e-flex e-con-boxed e-con e-parent\" data-id=\"a32e499\" data-element_type=\"container\" data-e-type=\"container\">\n\t\t\t\t\t<div class=\"e-con-inner\">\n\t\t\t\t<div class=\"elementor-element elementor-element-c7a8486 elementor-widget elementor-widget-image\" data-id=\"c7a8486\" data-element_type=\"widget\" data-e-type=\"widget\" data-widget_type=\"image.default\">\n\t\t\t\t\t\t\t\t\t\t\t\t<figure class=\"wp-caption\">\n\t\t\t\t\t\t\t\t\t\t<img fetchpriority=\"high\" decoding=\"async\" width=\"1000\" height=\"667\" src=\"https:\/\/soymigrante.com\/revista\/wp-content\/uploads\/2025\/09\/biblioteca-nacional-3.JPG\" class=\"attachment-large size-large wp-image-43920\" alt=\"La biblioteca nacional est\u00e1 llena de libros que cuentan la historia de Guatemala. (Foto: INGUAT)\" srcset=\"https:\/\/soymigrante.com\/revista\/wp-content\/uploads\/2025\/09\/biblioteca-nacional-3.JPG 1000w, https:\/\/soymigrante.com\/revista\/wp-content\/uploads\/2025\/09\/biblioteca-nacional-3-300x200.jpg 300w, https:\/\/soymigrante.com\/revista\/wp-content\/uploads\/2025\/09\/biblioteca-nacional-3-768x512.jpg 768w, https:\/\/soymigrante.com\/revista\/wp-content\/uploads\/2025\/09\/biblioteca-nacional-3-750x500.jpg 750w\" sizes=\"(max-width: 1000px) 100vw, 1000px\" title=\"La biblioteca nacional est\u00e1 llena de libros que cuentan la historia de Guatemala. (Foto: INGUAT) \u2013 SoyMigrante.com REVISTA\" \/>\t\t\t\t\t\t\t\t\t\t\t<figcaption class=\"widget-image-caption wp-caption-text\">La biblioteca nacional est\u00e1 llena de libros que cuentan la historia de Guatemala. (Foto: INGUAT)<\/figcaption>\n\t\t\t\t\t\t\t\t\t\t<\/figure>\n\t\t\t\t\t\t\t\t\t<\/div>\n\t\t\t\t\t<\/div>\n\t\t\t\t<\/div>\n\t\t<div data-particle_enable=\"false\" data-particle-mobile-disabled=\"false\" class=\"elementor-element elementor-element-faf1dec e-flex e-con-boxed e-con e-parent\" data-id=\"faf1dec\" data-element_type=\"container\" data-e-type=\"container\">\n\t\t\t\t\t<div class=\"e-con-inner\">\n\t\t\t\t<div class=\"elementor-element elementor-element-d41a5b7 elementor-widget elementor-widget-heading\" data-id=\"d41a5b7\" data-element_type=\"widget\" data-e-type=\"widget\" data-widget_type=\"heading.default\">\n\t\t\t\t\t<h3 class=\"elementor-heading-title elementor-size-default\">La Hemeroteca Nacional: el espejo de los d\u00edas<\/h3>\t\t\t\t<\/div>\n\t\t\t\t\t<\/div>\n\t\t\t\t<\/div>\n\t\t<div data-particle_enable=\"false\" data-particle-mobile-disabled=\"false\" class=\"elementor-element elementor-element-4afe06a e-flex e-con-boxed e-con e-parent\" data-id=\"4afe06a\" data-element_type=\"container\" data-e-type=\"container\">\n\t\t\t\t\t<div class=\"e-con-inner\">\n\t\t\t\t<div class=\"elementor-element elementor-element-461a553 elementor-widget elementor-widget-text-editor\" data-id=\"461a553\" data-element_type=\"widget\" data-e-type=\"widget\" data-widget_type=\"text-editor.default\">\n\t\t\t\t\t\t\t\t\t<p>D\u00e9cadas m\u00e1s tarde, el 16 de septiembre de 1978, se inaugur\u00f3 la Hemeroteca Nacional \u201cClemente Marroqu\u00edn Rojas\u201d, como respuesta a la necesidad de organizar, conservar y poner a disposici\u00f3n de los guatemaltecos la memoria period\u00edstica del pa\u00eds. Lleva el nombre del destacado periodista y pol\u00edtico Clemente Marroqu\u00edn Rojas, quien defendi\u00f3 la libertad de prensa y el derecho a la informaci\u00f3n.<\/p><p><a href=\"https:\/\/agendacultural.mcd.gob.gt\/?_gl=1*4jzx7a*_ga*MzIyMjk2OTY4LjE3NTY3NzIzMTk.*_ga_ZEWGHBQ41G*czE3NTcwOTk5MjMkbzEkZzAkdDE3NTcwOTk5MjMkajYwJGwwJGgw\" target=\"_blank\" rel=\"noopener\">La Hemeroteca se convirti\u00f3 en un archivo viviente del d\u00eda a d\u00eda de Guatemala.<\/a> Sus colecciones incluyen peri\u00f3dicos, revistas, boletines y publicaciones peri\u00f3dicas que relatan desde los acontecimientos pol\u00edticos m\u00e1s trascendentales hasta los anuncios m\u00e1s cotidianos que hoy resultan piezas de nostalgia. Aqu\u00ed, el investigador pod\u00eda recorrer d\u00e9cadas de historia nacional con solo pasar las p\u00e1ginas de diarios como El Imparcial, Prensa Libre, La Hora o El Gr\u00e1fico. Su sede est\u00e1 en el Edificio Nacional, 8a. avenida y 9a. calle, zona 1, en pleno coraz\u00f3n hist\u00f3rico de la capital.<\/p>\t\t\t\t\t\t\t\t<\/div>\n\t\t\t\t\t<\/div>\n\t\t\t\t<\/div>\n\t\t<div data-particle_enable=\"false\" data-particle-mobile-disabled=\"false\" class=\"elementor-element elementor-element-4c49788 e-flex e-con-boxed e-con e-parent\" data-id=\"4c49788\" data-element_type=\"container\" data-e-type=\"container\">\n\t\t\t\t\t<div class=\"e-con-inner\">\n\t\t\t\t<div class=\"elementor-element elementor-element-eb49ced elementor-widget elementor-widget-image\" data-id=\"eb49ced\" data-element_type=\"widget\" data-e-type=\"widget\" data-widget_type=\"image.default\">\n\t\t\t\t\t\t\t\t\t\t\t\t<figure class=\"wp-caption\">\n\t\t\t\t\t\t\t\t\t\t<img decoding=\"async\" width=\"1024\" height=\"768\" src=\"https:\/\/soymigrante.com\/revista\/wp-content\/uploads\/2025\/09\/Hemeroteca-nacional-1-1024x768.jpg\" class=\"attachment-large size-large wp-image-43921\" alt=\"La Hemeroteca es un lugar con todas las publicaciones de medios en Guatemala. (Foto: INGUAT)\" srcset=\"https:\/\/soymigrante.com\/revista\/wp-content\/uploads\/2025\/09\/Hemeroteca-nacional-1-1024x768.jpg 1024w, https:\/\/soymigrante.com\/revista\/wp-content\/uploads\/2025\/09\/Hemeroteca-nacional-1-300x225.jpg 300w, https:\/\/soymigrante.com\/revista\/wp-content\/uploads\/2025\/09\/Hemeroteca-nacional-1-768x576.jpg 768w, https:\/\/soymigrante.com\/revista\/wp-content\/uploads\/2025\/09\/Hemeroteca-nacional-1-1536x1152.jpg 1536w, https:\/\/soymigrante.com\/revista\/wp-content\/uploads\/2025\/09\/Hemeroteca-nacional-1-750x563.jpg 750w, https:\/\/soymigrante.com\/revista\/wp-content\/uploads\/2025\/09\/Hemeroteca-nacional-1-1140x855.jpg 1140w, https:\/\/soymigrante.com\/revista\/wp-content\/uploads\/2025\/09\/Hemeroteca-nacional-1.jpg 2048w\" sizes=\"(max-width: 1024px) 100vw, 1024px\" title=\"La Hemeroteca es un lugar con todas las publicaciones de medios en Guatemala. (Foto: INGUAT) \u2013 SoyMigrante.com REVISTA\" \/>\t\t\t\t\t\t\t\t\t\t\t<figcaption class=\"widget-image-caption wp-caption-text\">La Hemeroteca es un lugar con todas las publicaciones de medios en Guatemala. (Foto: INGUAT)<\/figcaption>\n\t\t\t\t\t\t\t\t\t\t<\/figure>\n\t\t\t\t\t\t\t\t\t<\/div>\n\t\t\t\t\t<\/div>\n\t\t\t\t<\/div>\n\t\t<div data-particle_enable=\"false\" data-particle-mobile-disabled=\"false\" class=\"elementor-element elementor-element-296679f e-flex e-con-boxed e-con e-parent\" data-id=\"296679f\" data-element_type=\"container\" data-e-type=\"container\">\n\t\t\t\t\t<div class=\"e-con-inner\">\n\t\t\t\t<div class=\"elementor-element elementor-element-d6d26fa elementor-widget elementor-widget-heading\" data-id=\"d6d26fa\" data-element_type=\"widget\" data-e-type=\"widget\" data-widget_type=\"heading.default\">\n\t\t\t\t\t<h3 class=\"elementor-heading-title elementor-size-default\">Una experiencia que marcaba generaciones<\/h3>\t\t\t\t<\/div>\n\t\t\t\t\t<\/div>\n\t\t\t\t<\/div>\n\t\t<div data-particle_enable=\"false\" data-particle-mobile-disabled=\"false\" class=\"elementor-element elementor-element-a2ca232 e-flex e-con-boxed e-con e-parent\" data-id=\"a2ca232\" data-element_type=\"container\" data-e-type=\"container\">\n\t\t\t\t\t<div class=\"e-con-inner\">\n\t\t\t\t<div class=\"elementor-element elementor-element-ad82801 elementor-widget elementor-widget-text-editor\" data-id=\"ad82801\" data-element_type=\"widget\" data-e-type=\"widget\" data-widget_type=\"text-editor.default\">\n\t\t\t\t\t\t\t\t\t<p>Quienes estudiaron en las d\u00e9cadas de 1980 y 1990 a\u00fan recuerdan la peregrinaci\u00f3n hacia estos espacios: entrar a la Biblioteca o a la Hemeroteca era atravesar un silencio reverente, interrumpido \u00fanicamente por el roce de las p\u00e1ginas y el sonido de los l\u00e1pices sobre el papel. No exist\u00eda el \u201ccopiar y pegar\u201d, hab\u00eda que leer, subrayar, transcribir a mano. El conocimiento era un descubrimiento paciente, casi artesanal.<\/p><p>La investigaci\u00f3n se hac\u00eda recorriendo pasillos, llenando fichas de pr\u00e9stamo, esperando que un bibliotecario o un archivista trajera el tomo o el peri\u00f3dico solicitado. Los d\u00edas se acortaban entre columnas de tinta y hojas gastadas. Y en ese proceso no solo se aprend\u00eda de un tema: se aprend\u00eda el valor de la paciencia, de la lectura profunda y de la b\u00fasqueda minuciosa de la verdad.<\/p>\t\t\t\t\t\t\t\t<\/div>\n\t\t\t\t\t<\/div>\n\t\t\t\t<\/div>\n\t\t<div data-particle_enable=\"false\" data-particle-mobile-disabled=\"false\" class=\"elementor-element elementor-element-0195142 e-flex e-con-boxed e-con e-parent\" data-id=\"0195142\" data-element_type=\"container\" data-e-type=\"container\">\n\t\t\t\t\t<div class=\"e-con-inner\">\n\t\t\t\t<div class=\"elementor-element elementor-element-d98185e elementor-widget elementor-widget-heading\" data-id=\"d98185e\" data-element_type=\"widget\" data-e-type=\"widget\" data-widget_type=\"heading.default\">\n\t\t\t\t\t<h3 class=\"elementor-heading-title elementor-size-default\">Guardianes de la memoria nacional<\/h3>\t\t\t\t<\/div>\n\t\t\t\t\t<\/div>\n\t\t\t\t<\/div>\n\t\t<div data-particle_enable=\"false\" data-particle-mobile-disabled=\"false\" class=\"elementor-element elementor-element-0459a7e e-flex e-con-boxed e-con e-parent\" data-id=\"0459a7e\" data-element_type=\"container\" data-e-type=\"container\">\n\t\t\t\t\t<div class=\"e-con-inner\">\n\t\t\t\t<div class=\"elementor-element elementor-element-10539fb elementor-widget elementor-widget-text-editor\" data-id=\"10539fb\" data-element_type=\"widget\" data-e-type=\"widget\" data-widget_type=\"text-editor.default\">\n\t\t\t\t\t\t\t\t\t<p>Hoy, en plena era digital, tanto la Biblioteca como la Hemeroteca enfrentan el reto de seguir siendo relevantes. Sus acervos representan m\u00e1s que datos: son el testimonio f\u00edsico de la historia, la memoria de un pa\u00eds que, en cada libro y en cada edici\u00f3n de peri\u00f3dico, refleja sus luchas, sus sue\u00f1os y sus contradicciones.<\/p><p>Visitar la Biblioteca Nacional es sentir el peso de la cultura guatemalteca en cada estante; recorrer la Hemeroteca Nacional es hojear la vida cotidiana de los guatemaltecos durante m\u00e1s de un siglo. Son instituciones que recuerdan que antes de la inmediatez digital, la verdad y el conocimiento se buscaban con paciencia y con respeto hacia el papel impreso.<\/p>\t\t\t\t\t\t\t\t<\/div>\n\t\t\t\t\t<\/div>\n\t\t\t\t<\/div>\n\t\t<div data-particle_enable=\"false\" data-particle-mobile-disabled=\"false\" class=\"elementor-element elementor-element-d163c4a e-flex e-con-boxed e-con e-parent\" data-id=\"d163c4a\" data-element_type=\"container\" data-e-type=\"container\">\n\t\t\t\t\t<div class=\"e-con-inner\">\n\t\t\t\t<div class=\"elementor-element elementor-element-8a784e3 elementor-widget elementor-widget-image\" data-id=\"8a784e3\" data-element_type=\"widget\" data-e-type=\"widget\" data-widget_type=\"image.default\">\n\t\t\t\t\t\t\t\t\t\t\t\t<figure class=\"wp-caption\">\n\t\t\t\t\t\t\t\t\t\t<img decoding=\"async\" width=\"400\" height=\"400\" src=\"https:\/\/soymigrante.com\/revista\/wp-content\/uploads\/2025\/09\/hemeroteca-nacional-3.jpg\" class=\"attachment-large size-large wp-image-43922\" alt=\"La hemeroteca guarda la historia de d\u00e9cadas de Guatemala. (Foto: INGUAT)\" srcset=\"https:\/\/soymigrante.com\/revista\/wp-content\/uploads\/2025\/09\/hemeroteca-nacional-3.jpg 400w, https:\/\/soymigrante.com\/revista\/wp-content\/uploads\/2025\/09\/hemeroteca-nacional-3-300x300.jpg 300w, https:\/\/soymigrante.com\/revista\/wp-content\/uploads\/2025\/09\/hemeroteca-nacional-3-150x150.jpg 150w, https:\/\/soymigrante.com\/revista\/wp-content\/uploads\/2025\/09\/hemeroteca-nacional-3-75x75.jpg 75w\" sizes=\"(max-width: 400px) 100vw, 400px\" title=\"La hemeroteca guarda la historia de d\u00e9cadas de Guatemala. (Foto: INGUAT) \u2013 SoyMigrante.com REVISTA\" \/>\t\t\t\t\t\t\t\t\t\t\t<figcaption class=\"widget-image-caption wp-caption-text\">La hemeroteca guarda la historia de d\u00e9cadas de Guatemala. (Foto: INGUAT)<\/figcaption>\n\t\t\t\t\t\t\t\t\t\t<\/figure>\n\t\t\t\t\t\t\t\t\t<\/div>\n\t\t\t\t\t<\/div>\n\t\t\t\t<\/div>\n\t\t<div data-particle_enable=\"false\" data-particle-mobile-disabled=\"false\" class=\"elementor-element elementor-element-1cab857 e-flex e-con-boxed e-con e-parent\" data-id=\"1cab857\" data-element_type=\"container\" data-e-type=\"container\">\n\t\t\t\t\t<div class=\"e-con-inner\">\n\t\t\t\t<div class=\"elementor-element elementor-element-6085e7d elementor-widget elementor-widget-heading\" data-id=\"6085e7d\" data-element_type=\"widget\" data-e-type=\"widget\" data-widget_type=\"heading.default\">\n\t\t\t\t\t<h3 class=\"elementor-heading-title elementor-size-default\">Un llamado a no olvidar<\/h3>\t\t\t\t<\/div>\n\t\t\t\t\t<\/div>\n\t\t\t\t<\/div>\n\t\t<div data-particle_enable=\"false\" data-particle-mobile-disabled=\"false\" class=\"elementor-element elementor-element-39afa6d e-flex e-con-boxed e-con e-parent\" data-id=\"39afa6d\" data-element_type=\"container\" data-e-type=\"container\">\n\t\t\t\t\t<div class=\"e-con-inner\">\n\t\t\t\t<div class=\"elementor-element elementor-element-1090e26 elementor-widget elementor-widget-text-editor\" data-id=\"1090e26\" data-element_type=\"widget\" data-e-type=\"widget\" data-widget_type=\"text-editor.default\">\n\t\t\t\t\t\t\t\t\t<p><a href=\"https:\/\/agendacultural.mcd.gob.gt\/?_gl=1*4jzx7a*_ga*MzIyMjk2OTY4LjE3NTY3NzIzMTk.*_ga_ZEWGHBQ41G*czE3NTcwOTk5MjMkbzEkZzAkdDE3NTcwOTk5MjMkajYwJGwwJGgw\" target=\"_blank\" rel=\"noopener\">La Biblioteca y la Hemeroteca Nacional no son solo edificios de la zona 1.<\/a> Son la memoria de generaciones, un recordatorio de que la historia del pa\u00eds est\u00e1 escrita y preservada en p\u00e1ginas que a\u00fan esperan ser consultadas. Son lugares donde cada consulta es un encuentro con el pasado, y cada visita, un acto de resistencia frente al olvido.<\/p><p>Mientras el mundo avanza hacia la digitalizaci\u00f3n total, estos espacios nos recuerdan la emoci\u00f3n de abrir un libro viejo y sentir el olor de la tinta gastada, o de descubrir en un peri\u00f3dico amarillento la noticia que alguna vez marc\u00f3 la vida de miles. En sus pasillos, a\u00fan resuenan las voces de aquellos estudiantes, escritores y ciudadanos que, con paciencia, encontraron entre p\u00e1ginas la respuesta que buscaban.<\/p>\t\t\t\t\t\t\t\t<\/div>\n\t\t\t\t\t<\/div>\n\t\t\t\t<\/div>\n\t\t<div data-particle_enable=\"false\" data-particle-mobile-disabled=\"false\" class=\"elementor-element elementor-element-70a3cf5 e-flex e-con-boxed e-con e-parent\" data-id=\"70a3cf5\" data-element_type=\"container\" data-e-type=\"container\">\n\t\t\t\t\t<div class=\"e-con-inner\">\n\t\t\t\t<div class=\"elementor-element elementor-element-557850d elementor-widget elementor-widget-heading\" data-id=\"557850d\" data-element_type=\"widget\" data-e-type=\"widget\" data-widget_type=\"heading.default\">\n\t\t\t\t\t<h2 class=\"elementor-heading-title elementor-size-default\">Conoce m\u00e1s de los lugares emblem\u00e1ticos de Guatemala, ac\u00e1...<\/h2>\t\t\t\t<\/div>\n\t\t\t\t\t<\/div>\n\t\t\t\t<\/div>\n\t\t<div data-particle_enable=\"false\" data-particle-mobile-disabled=\"false\" class=\"elementor-element elementor-element-d64aa76 e-flex e-con-boxed e-con e-parent\" data-id=\"d64aa76\" data-element_type=\"container\" data-e-type=\"container\">\n\t\t\t\t\t<div class=\"e-con-inner\">\n\t\t\t\t<div class=\"elementor-element elementor-element-78987cc elementor-grid-eael-col-3 elementor-grid-tablet-eael-col-2 elementor-grid-mobile-eael-col-1 elementor-widget elementor-widget-eael-post-grid\" data-id=\"78987cc\" data-element_type=\"widget\" data-e-type=\"widget\" data-settings=\"{&quot;eael_post_grid_columns&quot;:&quot;eael-col-3&quot;,&quot;eael_post_grid_columns_tablet&quot;:&quot;eael-col-2&quot;,&quot;eael_post_grid_columns_mobile&quot;:&quot;eael-col-1&quot;}\" data-widget_type=\"eael-post-grid.default\">\n\t\t\t\t\t<div id=\"eael-post-grid-78987cc\" class=\"eael-post-grid-container\">\n            <div class=\"eael-post-grid eael-post-appender eael-post-appender-78987cc eael-post-grid-style-one\" data-layout-mode=\"masonry\"><article class=\"eael-grid-post  eael-post-grid-column eael-pg-post-38394 category-guate-nuestra\" data-id=\"38394\">\n        <div class=\"eael-grid-post-holder\">\n            <div class=\"eael-grid-post-holder-inner\"><div class=\"eael-entry-media\"><div class=\"eael-entry-overlay fade-in\"><i class=\"far fa-hand-pointer\" aria-hidden=\"true\"><\/i><a href=\"https:\/\/soymigrante.com\/revista\/lugares-emblematicos-de-guatemala-el-palacio-nacional-de-la-cultura\/\"><\/a><\/div><div class=\"eael-entry-thumbnail \">\n                <img loading=\"lazy\" decoding=\"async\" width=\"940\" height=\"627\" src=\"https:\/\/soymigrante.com\/revista\/wp-content\/uploads\/2025\/07\/palacio-nacional-de-la-cultura-e1751579496903.webp\" class=\"attachment-large size-large wp-image-38395\" alt=\"Palacio del Congreso de Guatemala con bandera nacional y vista del edificio hist\u00f3rico en el centro de la ciudad.\" \/>\n            <\/div>\n        <\/div><div class=\"eael-entry-wrapper\"><header class=\"eael-entry-header\"><h2 class=\"eael-entry-title\"><a class=\"eael-grid-post-link\" href=\"https:\/\/soymigrante.com\/revista\/lugares-emblematicos-de-guatemala-el-palacio-nacional-de-la-cultura\/\" title=\"Lugares emblem\u00e1ticos de Guatemala: el Palacio Nacional de la Cultura\">Lugares emblem\u00e1ticos de Guatemala: el Palacio Nacional de la Cultura<\/a><\/h2><\/header><div class=\"eael-entry-content\">\n                        <div class=\"eael-grid-post-excerpt\"><a href=\"https:\/\/soymigrante.com\/revista\/lugares-emblematicos-de-guatemala-el-palacio-nacional-de-la-cultura\/\" class=\"eael-post-elements-readmore-btn\">CONOCE SU HISTORIA <\/a><\/div>\n                    <\/div><\/div><\/div>\n        <\/div>\n    <\/article><article class=\"eael-grid-post  eael-post-grid-column eael-pg-post-41027 category-guate-nuestra\" data-id=\"41027\">\n        <div class=\"eael-grid-post-holder\">\n            <div class=\"eael-grid-post-holder-inner\"><div class=\"eael-entry-media\"><div class=\"eael-entry-overlay fade-in\"><i class=\"far fa-hand-pointer\" aria-hidden=\"true\"><\/i><a href=\"https:\/\/soymigrante.com\/revista\/el-mercado-central-de-guatemala-historia-ubicacion-y-datos-curiosos\/\"><\/a><\/div><div class=\"eael-entry-thumbnail \">\n                <img loading=\"lazy\" decoding=\"async\" width=\"1024\" height=\"576\" src=\"https:\/\/soymigrante.com\/revista\/wp-content\/uploads\/2025\/08\/mercado-central-1-1024x576.jpg\" class=\"attachment-large size-large wp-image-41028\" alt=\"Bolsos y accesorios tradicionales en mercado mexicano, artesan\u00eda mexicana, productos culturales, tiendas de souvenirs, compras en M\u00e9xico, art\u00edculos de regalo, mercado artesanal mexicano.\" srcset=\"https:\/\/soymigrante.com\/revista\/wp-content\/uploads\/2025\/08\/mercado-central-1-1024x576.jpg 1024w, https:\/\/soymigrante.com\/revista\/wp-content\/uploads\/2025\/08\/mercado-central-1-300x169.jpg 300w, https:\/\/soymigrante.com\/revista\/wp-content\/uploads\/2025\/08\/mercado-central-1-768x432.jpg 768w, https:\/\/soymigrante.com\/revista\/wp-content\/uploads\/2025\/08\/mercado-central-1-750x422.jpg 750w, https:\/\/soymigrante.com\/revista\/wp-content\/uploads\/2025\/08\/mercado-central-1-1140x641.jpg 1140w, https:\/\/soymigrante.com\/revista\/wp-content\/uploads\/2025\/08\/mercado-central-1.webp 1280w\" sizes=\"(max-width: 1024px) 100vw, 1024px\" \/>\n            <\/div>\n        <\/div><div class=\"eael-entry-wrapper\"><header class=\"eael-entry-header\"><h2 class=\"eael-entry-title\"><a class=\"eael-grid-post-link\" href=\"https:\/\/soymigrante.com\/revista\/el-mercado-central-de-guatemala-historia-ubicacion-y-datos-curiosos\/\" title=\"Es infaltable la visita al Mercado Central de Guatemala: historia, ubicaci\u00f3n y \u00e1reas\">Es infaltable la visita al Mercado Central de Guatemala: historia, ubicaci\u00f3n y \u00e1reas<\/a><\/h2><\/header><div class=\"eael-entry-content\">\n                        <div class=\"eael-grid-post-excerpt\"><a href=\"https:\/\/soymigrante.com\/revista\/el-mercado-central-de-guatemala-historia-ubicacion-y-datos-curiosos\/\" class=\"eael-post-elements-readmore-btn\">CONOCE SU HISTORIA <\/a><\/div>\n                    <\/div><\/div><\/div>\n        <\/div>\n    <\/article><article class=\"eael-grid-post  eael-post-grid-column eael-pg-post-38639 category-guate-nuestra\" data-id=\"38639\">\n        <div class=\"eael-grid-post-holder\">\n            <div class=\"eael-grid-post-holder-inner\"><div class=\"eael-entry-media\"><div class=\"eael-entry-overlay fade-in\"><i class=\"far fa-hand-pointer\" aria-hidden=\"true\"><\/i><a href=\"https:\/\/soymigrante.com\/revista\/el-arco-de-correos-un-icono-historico-en-la-capital\/\"><\/a><\/div><div class=\"eael-entry-thumbnail \">\n                <img loading=\"lazy\" decoding=\"async\" width=\"1024\" height=\"1024\" src=\"https:\/\/soymigrante.com\/revista\/wp-content\/uploads\/2025\/07\/arco-de-correos-1-1024x1024.jpg\" class=\"attachment-large size-large wp-image-38640\" alt=\"Puente hist\u00f3rico en Guatemala, arquitectura colonial y patrimonio cultural.\" srcset=\"https:\/\/soymigrante.com\/revista\/wp-content\/uploads\/2025\/07\/arco-de-correos-1-1024x1024.jpg 1024w, https:\/\/soymigrante.com\/revista\/wp-content\/uploads\/2025\/07\/arco-de-correos-1-300x300.jpg 300w, https:\/\/soymigrante.com\/revista\/wp-content\/uploads\/2025\/07\/arco-de-correos-1-150x150.jpg 150w, https:\/\/soymigrante.com\/revista\/wp-content\/uploads\/2025\/07\/arco-de-correos-1-768x768.jpg 768w, https:\/\/soymigrante.com\/revista\/wp-content\/uploads\/2025\/07\/arco-de-correos-1-75x75.jpg 75w, https:\/\/soymigrante.com\/revista\/wp-content\/uploads\/2025\/07\/arco-de-correos-1-750x750.jpg 750w, https:\/\/soymigrante.com\/revista\/wp-content\/uploads\/2025\/07\/arco-de-correos-1.webp 1080w\" sizes=\"(max-width: 1024px) 100vw, 1024px\" \/>\n            <\/div>\n        <\/div><div class=\"eael-entry-wrapper\"><header class=\"eael-entry-header\"><h2 class=\"eael-entry-title\"><a class=\"eael-grid-post-link\" href=\"https:\/\/soymigrante.com\/revista\/el-arco-de-correos-un-icono-historico-en-la-capital\/\" title=\"El Arco de Correos: un \u00edcono hist\u00f3rico en la capital\">El Arco de Correos: un \u00edcono hist\u00f3rico en la capital<\/a><\/h2><\/header><div class=\"eael-entry-content\">\n                        <div class=\"eael-grid-post-excerpt\"><a href=\"https:\/\/soymigrante.com\/revista\/el-arco-de-correos-un-icono-historico-en-la-capital\/\" class=\"eael-post-elements-readmore-btn\">CONOCE SU HISTORIA <\/a><\/div>\n                    <\/div><\/div><\/div>\n        <\/div>\n    <\/article><\/div>\n            <div class=\"clearfix\"><\/div>\n        <\/div>\t\t\t\t<\/div>\n\t\t\t\t\t<\/div>\n\t\t\t\t<\/div>\n\t\t\t\t<\/div>\n\t\t","protected":false},"excerpt":{"rendered":"<p>La memoria de Guatemala, empez\u00f3 escribi\u00e9ndose en libros, peri\u00f3dicos y textos, pero la historia en papel, a\u00fan se encuentra en la zona 1. En una \u00e9poca en la que el conocimiento cab\u00eda entre estantes de madera y hojas amarillentas por el tiempo, miles de guatemaltecos encontraron en dos instituciones un refugio: la Biblioteca Nacional \u201cLuis [&hellip;]<\/p>\n","protected":false},"author":19,"featured_media":43913,"comment_status":"open","ping_status":"open","sticky":false,"template":"","format":"standard","meta":{"_acf_changed":false,"_eb_attr":"","footnotes":""},"categories":[58],"tags":[],"class_list":["post-43912","post","type-post","status-publish","format-standard","has-post-thumbnail","hentry","category-guate-nuestra"],"acf":[],"aioseo_notices":[],"aioseo_head":"\n\t\t<!-- All in One SEO Pro 4.9.6.2 - aioseo.com -->\n\t<meta name=\"description\" content=\"Ubicado en la Zona 1 de Ciudad de Guatemala, el Arco del Palacio de Correos es uno de los monumentos m\u00e1s emblem\u00e1ticos de la capital.\" \/>\n\t<meta name=\"robots\" content=\"max-snippet:-1, max-image-preview:large, max-video-preview:-1\" \/>\n\t<meta name=\"author\" content=\"Marysabel Aldana\"\/>\n\t<link rel=\"canonical\" href=\"https:\/\/soymigrante.com\/revista\/el-arco-de-correos-un-icono-historico-en-la-capital\/\" \/>\n\t<meta name=\"generator\" content=\"All in One SEO Pro (AIOSEO) 4.9.6.2\" \/>\n\n\t\t<link rel=\"preconnect\" href=\"https:\/\/fonts.googleapis.com\" crossorigin>\n<link rel=\"preconnect\" href=\"https:\/\/fonts.gstatic.com\" crossorigin>\n\t\t<meta property=\"og:locale\" content=\"es_ES\" \/>\n\t\t<meta property=\"og:site_name\" content=\"SoyMigrante.com REVISTA \u2013 Nuestra misi\u00f3n es reconocer y dignificar al migrante.\" \/>\n\t\t<meta property=\"og:type\" content=\"article\" \/>\n\t\t<meta property=\"og:title\" content=\"El Arco de Correos: un \u00edcono hist\u00f3rico en la capital\" \/>\n\t\t<meta property=\"og:description\" content=\"Ubicado en la Zona 1 de Ciudad de Guatemala, el Arco del Palacio de Correos es uno de los monumentos m\u00e1s emblem\u00e1ticos de la capital.\" \/>\n\t\t<meta property=\"og:url\" content=\"https:\/\/soymigrante.com\/revista\/el-arco-de-correos-un-icono-historico-en-la-capital\/\" \/>\n\t\t<meta property=\"og:image\" content=\"https:\/\/soymigrante.com\/revista\/wp-content\/uploads\/2025\/07\/arco-de-correos-1.webp\" \/>\n\t\t<meta property=\"og:image:secure_url\" content=\"https:\/\/soymigrante.com\/revista\/wp-content\/uploads\/2025\/07\/arco-de-correos-1.webp\" \/>\n\t\t<meta property=\"og:image:width\" content=\"1080\" \/>\n\t\t<meta property=\"og:image:height\" content=\"1080\" \/>\n\t\t<meta property=\"article:published_time\" content=\"2025-07-08T13:00:00+00:00\" \/>\n\t\t<meta property=\"article:modified_time\" content=\"2025-07-08T05:10:08+00:00\" \/>\n\t\t<meta property=\"article:publisher\" content=\"https:\/\/www.facebook.com\/soymigrantecom\" \/>\n\t\t<meta name=\"twitter:card\" content=\"summary_large_image\" \/>\n\t\t<meta name=\"twitter:site\" content=\"@SoyMigrante_com\" \/>\n\t\t<meta name=\"twitter:title\" content=\"El Arco de Correos: un \u00edcono hist\u00f3rico en la capital\" \/>\n\t\t<meta name=\"twitter:description\" content=\"Ubicado en la Zona 1 de Ciudad de Guatemala, el Arco del Palacio de Correos es uno de los monumentos m\u00e1s emblem\u00e1ticos de la capital.\" \/>\n\t\t<meta name=\"twitter:creator\" content=\"@SoyMigrante_com\" \/>\n\t\t<meta name=\"twitter:image\" content=\"https:\/\/soymigrante.com\/revista\/wp-content\/uploads\/2025\/07\/arco-de-correos-1.webp\" \/>\n\t\t<!-- All in One SEO Pro -->\r\n\t\t<title>El Arco de Correos: un \u00edcono hist\u00f3rico en la capital<\/title>\n\n","aioseo_head_json":{"title":"El Arco de Correos: un \u00edcono hist\u00f3rico en la capital","description":"Ubicado en la Zona 1 de Ciudad de Guatemala, el Arco del Palacio de Correos es uno de los monumentos m\u00e1s emblem\u00e1ticos de la capital.","canonical_url":"https:\/\/soymigrante.com\/revista\/el-arco-de-correos-un-icono-historico-en-la-capital\/","robots":"max-snippet:-1, max-image-preview:large, max-video-preview:-1","keywords":"","webmasterTools":{"miscellaneous":"&lt;link rel=\"preconnect\" href=\"https:\/\/fonts.googleapis.com\" crossorigin&gt;\n&lt;link rel=\"preconnect\" href=\"https:\/\/fonts.gstatic.com\" crossorigin&gt;"},"schema":null,"og:locale":"es_ES","og:site_name":"SoyMigrante.com REVISTA \u2013 Nuestra misi\u00f3n es reconocer y dignificar al migrante.","og:type":"article","og:title":"El Arco de Correos: un \u00edcono hist\u00f3rico en la capital","og:description":"Ubicado en la Zona 1 de Ciudad de Guatemala, el Arco del Palacio de Correos es uno de los monumentos m\u00e1s emblem\u00e1ticos de la capital.","og:url":"https:\/\/soymigrante.com\/revista\/el-arco-de-correos-un-icono-historico-en-la-capital\/","og:image":"https:\/\/soymigrante.com\/revista\/wp-content\/uploads\/2025\/07\/arco-de-correos-1.webp","og:image:secure_url":"https:\/\/soymigrante.com\/revista\/wp-content\/uploads\/2025\/07\/arco-de-correos-1.webp","og:image:width":1080,"og:image:height":1080,"article:published_time":"2025-07-08T13:00:00+00:00","article:modified_time":"2025-07-08T05:10:08+00:00","article:publisher":"https:\/\/www.facebook.com\/soymigrantecom","twitter:card":"summary_large_image","twitter:site":"@SoyMigrante_com","twitter:title":"El Arco de Correos: un \u00edcono hist\u00f3rico en la capital","twitter:description":"Ubicado en la Zona 1 de Ciudad de Guatemala, el Arco del Palacio de Correos es uno de los monumentos m\u00e1s emblem\u00e1ticos de la capital.","twitter:creator":"@SoyMigrante_com","twitter:image":"https:\/\/soymigrante.com\/revista\/wp-content\/uploads\/2025\/07\/arco-de-correos-1.webp"},"aioseo_meta_data":{"post_id":"43912","title":"Memoria escrita: la Biblioteca y Hemeroteca Nacional","description":"Cuando no exist\u00eda el internet, este era el \"Google\" impreso. Los estudiantes ven\u00edan a investigar toda clase de temas en La Biblioteca o la Hemeroteca Nacional","keywords":null,"keyphrases":{"focus":{"keyphrase":"biblioteca","score":91,"analysis":{"keyphraseInTitle":{"score":9,"maxScore":9,"error":0},"keyphraseInDescription":{"score":9,"maxScore":9,"error":0},"keyphraseLength":{"score":9,"maxScore":9,"error":0,"length":1},"keyphraseInURL":{"score":5,"maxScore":5,"error":0},"keyphraseInIntroduction":{"score":9,"maxScore":9,"error":0},"keyphraseInSubHeadings":{"score":3,"maxScore":9,"error":1},"keyphraseInImageAlt":{"score":9,"maxScore":9,"error":0},"keywordDensity":{"type":"best","score":9,"maxScore":9,"error":0}}},"additional":[{"keyphrase":"Guatemala","score":73,"analysis":{"keyphraseInDescription":{"score":3,"maxScore":9,"error":1},"keyphraseLength":{"score":9,"maxScore":9,"error":0,"length":1},"keyphraseInIntroduction":{"score":3,"maxScore":9,"error":1},"keyphraseInImageAlt":{"score":9,"maxScore":9,"error":0},"keywordDensity":{"type":"best","score":9,"maxScore":9,"error":0}}},{"keyphrase":"hemeroteca","score":100,"analysis":{"keyphraseInDescription":{"score":9,"maxScore":9,"error":0},"keyphraseLength":{"score":9,"maxScore":9,"error":0,"length":1},"keyphraseInIntroduction":{"score":9,"maxScore":9,"error":0},"keyphraseInImageAlt":{"score":9,"maxScore":9,"error":0},"keywordDensity":{"type":"best","score":9,"maxScore":9,"error":0}}}]},"primary_term":null,"canonical_url":null,"og_title":null,"og_description":null,"og_object_type":"default","og_image_type":"default","og_image_url":null,"og_image_width":null,"og_image_height":null,"og_image_custom_url":null,"og_image_custom_fields":null,"og_video":"","og_custom_url":null,"og_article_section":null,"og_article_tags":null,"twitter_use_og":false,"twitter_card":"default","twitter_image_type":"default","twitter_image_url":null,"twitter_image_custom_url":null,"twitter_image_custom_fields":null,"twitter_title":null,"twitter_description":null,"schema":{"blockGraphs":[],"customGraphs":[],"default":{"data":{"Article":[],"Course":[],"Dataset":[],"FAQPage":[],"Movie":[],"Person":[],"Product":[],"ProductReview":[],"Car":[],"Recipe":[],"Service":[],"SoftwareApplication":[],"WebPage":[]},"graphName":"none","isEnabled":true},"graphs":[]},"schema_type":"default","schema_type_options":null,"pillar_content":false,"robots_default":true,"robots_noindex":false,"robots_noarchive":false,"robots_nosnippet":false,"robots_nofollow":false,"robots_noimageindex":false,"robots_noodp":false,"robots_notranslate":false,"robots_max_snippet":"-1","robots_max_videopreview":"-1","robots_max_imagepreview":"large","priority":null,"frequency":"default","local_seo":null,"seo_analyzer_scan_date":"2025-10-09 08:22:41","breadcrumb_settings":null,"limit_modified_date":false,"reviewed_by":"0","open_ai":null,"ai":{"faqs":[],"keyPoints":[],"titles":[],"descriptions":[],"socialPosts":{"email":[],"linkedin":[],"twitter":[],"facebook":[],"instagram":[]}},"created":"2025-09-05 18:54:29","updated":"2026-02-05 04:36:26"},"aioseo_breadcrumb":"<div class=\"aioseo-breadcrumbs\"><span class=\"aioseo-breadcrumb\">\n\t<a href=\"https:\/\/soymigrante.com\/revista\" title=\"Home\">Home<\/a>\n<\/span><span class=\"aioseo-breadcrumb-separator\">\u00bb<\/span><span class=\"aioseo-breadcrumb\">\n\t<a href=\"https:\/\/soymigrante.com\/revista\/category\/guate-nuestra\/\" title=\"Guate Nuestra\">Guate Nuestra<\/a>\n<\/span><span class=\"aioseo-breadcrumb-separator\">\u00bb<\/span><span class=\"aioseo-breadcrumb\">\n\tMemoria escrita guatemalteca: La Biblioteca y la Hemeroteca Nacional\n<\/span><\/div>","aioseo_breadcrumb_json":[{"label":"Home","link":"https:\/\/soymigrante.com\/revista"},{"label":"Guate Nuestra","link":"https:\/\/soymigrante.com\/revista\/category\/guate-nuestra\/"},{"label":"Memoria escrita guatemalteca: La Biblioteca y la Hemeroteca Nacional","link":"https:\/\/soymigrante.com\/revista\/memoria-escrita-guatemalteca-la-biblioteca-y-la-hemeroteca-nacional\/"}],"_links":{"self":[{"href":"https:\/\/soymigrante.com\/revista\/wp-json\/wp\/v2\/posts\/43912","targetHints":{"allow":["GET"]}}],"collection":[{"href":"https:\/\/soymigrante.com\/revista\/wp-json\/wp\/v2\/posts"}],"about":[{"href":"https:\/\/soymigrante.com\/revista\/wp-json\/wp\/v2\/types\/post"}],"author":[{"embeddable":true,"href":"https:\/\/soymigrante.com\/revista\/wp-json\/wp\/v2\/users\/19"}],"replies":[{"embeddable":true,"href":"https:\/\/soymigrante.com\/revista\/wp-json\/wp\/v2\/comments?post=43912"}],"version-history":[{"count":13,"href":"https:\/\/soymigrante.com\/revista\/wp-json\/wp\/v2\/posts\/43912\/revisions"}],"predecessor-version":[{"id":43972,"href":"https:\/\/soymigrante.com\/revista\/wp-json\/wp\/v2\/posts\/43912\/revisions\/43972"}],"wp:featuredmedia":[{"embeddable":true,"href":"https:\/\/soymigrante.com\/revista\/wp-json\/wp\/v2\/media\/43913"}],"wp:attachment":[{"href":"https:\/\/soymigrante.com\/revista\/wp-json\/wp\/v2\/media?parent=43912"}],"wp:term":[{"taxonomy":"category","embeddable":true,"href":"https:\/\/soymigrante.com\/revista\/wp-json\/wp\/v2\/categories?post=43912"},{"taxonomy":"post_tag","embeddable":true,"href":"https:\/\/soymigrante.com\/revista\/wp-json\/wp\/v2\/tags?post=43912"}],"curies":[{"name":"wp","href":"https:\/\/api.w.org\/{rel}","templated":true}]}}