{"id":43891,"date":"2025-09-08T05:30:00","date_gmt":"2025-09-08T11:30:00","guid":{"rendered":"https:\/\/soymigrante.com\/revista\/?p=43891"},"modified":"2025-09-07T22:42:09","modified_gmt":"2025-09-08T04:42:09","slug":"mira-arte-guatemalteco-la-mirada-magica-de-rina-lazo","status":"publish","type":"post","link":"https:\/\/soymigrante.com\/revista\/mira-arte-guatemalteco-la-mirada-magica-de-rina-lazo\/","title":{"rendered":"Mira arte guatemalteco: La mirada m\u00e1gica de Rina Lazo"},"content":{"rendered":"\t\t<div data-elementor-type=\"wp-post\" data-elementor-id=\"43891\" class=\"elementor elementor-43891\" data-elementor-post-type=\"post\">\n\t\t\t\t<div data-particle_enable=\"false\" data-particle-mobile-disabled=\"false\" class=\"elementor-element elementor-element-94bebfc e-flex e-con-boxed e-con e-parent\" data-id=\"94bebfc\" data-element_type=\"container\" data-e-type=\"container\">\n\t\t\t\t\t<div class=\"e-con-inner\">\n\t\t\t\t<div class=\"elementor-element elementor-element-a81c65a elementor-widget elementor-widget-heading\" data-id=\"a81c65a\" data-element_type=\"widget\" data-e-type=\"widget\" data-widget_type=\"heading.default\">\n\t\t\t\t\t<h2 class=\"elementor-heading-title elementor-size-default\">Rina Lazo (1923-2019) se form\u00f3 como artista en M\u00e9xico y all\u00ed descubri\u00f3 su gran pasi\u00f3n por el muralismo. En sus obras predomina la tem\u00e1tica sobre la grandeza de la civilizaci\u00f3n maya.\n<\/h2>\t\t\t\t<\/div>\n\t\t\t\t\t<\/div>\n\t\t\t\t<\/div>\n\t\t<div data-particle_enable=\"false\" data-particle-mobile-disabled=\"false\" class=\"elementor-element elementor-element-8ad90fc e-flex e-con-boxed e-con e-parent\" data-id=\"8ad90fc\" data-element_type=\"container\" data-e-type=\"container\">\n\t\t\t\t\t<div class=\"e-con-inner\">\n\t\t\t\t<div class=\"elementor-element elementor-element-1c6e3dc elementor-widget elementor-widget-text-editor\" data-id=\"1c6e3dc\" data-element_type=\"widget\" data-e-type=\"widget\" data-widget_type=\"text-editor.default\">\n\t\t\t\t\t\t\t\t\t<p>En una familia de origen mestizo, hija de Arturo Lazo (de ra\u00edces hondure\u00f1as) y Melanea Wasem (guatemalteca de ascendencia alemana), naci\u00f3 la que ser\u00eda una de las voces art\u00edsticas m\u00e1s emblem\u00e1ticas de Guatemala: <a href=\"https:\/\/www.facebook.com\/rinalazopintora\" target=\"_blank\" rel=\"noopener\">Rina Melanie Lazo Wasem, mejor conocida como Rina Lazo.<\/a>\u00a0<\/p><p>Durante su infancia en Cob\u00e1n, vivi\u00f3 cerca de comunidades q&#8217;eqchi&#8217; y absorbi\u00f3 la riqueza cultural maya, una influencia que moldear\u00eda toda su obra de formas deslumbrantes.\u00a0<\/p>\t\t\t\t\t\t\t\t<\/div>\n\t\t\t\t\t<\/div>\n\t\t\t\t<\/div>\n\t\t<div data-particle_enable=\"false\" data-particle-mobile-disabled=\"false\" class=\"elementor-element elementor-element-9e0eaa2 e-flex e-con-boxed e-con e-parent\" data-id=\"9e0eaa2\" data-element_type=\"container\" data-e-type=\"container\">\n\t\t\t\t\t<div class=\"e-con-inner\">\n\t\t\t\t<div class=\"elementor-element elementor-element-ad08b7e elementor-widget elementor-widget-image\" data-id=\"ad08b7e\" data-element_type=\"widget\" data-e-type=\"widget\" data-widget_type=\"image.default\">\n\t\t\t\t\t\t\t\t\t\t\t\t<figure class=\"wp-caption\">\n\t\t\t\t\t\t\t\t\t\t<img fetchpriority=\"high\" decoding=\"async\" width=\"600\" height=\"599\" src=\"https:\/\/soymigrante.com\/revista\/wp-content\/uploads\/2025\/09\/rina-lazo-trabajando-replicas-de-los-murales-de-bonampak-en-mexico.jpg\" class=\"attachment-large size-large wp-image-43981\" alt=\"Entre 1964 y 1967 Rina Lazo pint\u00f3 r\u00e9plicas de los murales del sitio maya Bonampak en el Museo Nacional de Antropolog\u00eda de M\u00e9xico, una obra que hasta la fecha sigue deslumbrando.\" srcset=\"https:\/\/soymigrante.com\/revista\/wp-content\/uploads\/2025\/09\/rina-lazo-trabajando-replicas-de-los-murales-de-bonampak-en-mexico.jpg 600w, https:\/\/soymigrante.com\/revista\/wp-content\/uploads\/2025\/09\/rina-lazo-trabajando-replicas-de-los-murales-de-bonampak-en-mexico-300x300.jpg 300w, https:\/\/soymigrante.com\/revista\/wp-content\/uploads\/2025\/09\/rina-lazo-trabajando-replicas-de-los-murales-de-bonampak-en-mexico-150x150.jpg 150w, https:\/\/soymigrante.com\/revista\/wp-content\/uploads\/2025\/09\/rina-lazo-trabajando-replicas-de-los-murales-de-bonampak-en-mexico-75x75.jpg 75w\" sizes=\"(max-width: 600px) 100vw, 600px\" title=\"Entre 1964 y 1967 Rina Lazo pint\u00f3 r\u00e9plicas de los murales del sitio maya Bonampak en el Museo Nacional de Antropolog\u00eda de M\u00e9xico, una obra que hasta la fecha sigue deslumbrando. \u2013 SoyMigrante.com REVISTA\" \/>\t\t\t\t\t\t\t\t\t\t\t<figcaption class=\"widget-image-caption wp-caption-text\">Entre 1964 y 1967 Rina Lazo pint\u00f3 r\u00e9plicas de los murales del sitio maya Bonampak en el Museo Nacional de Antropolog\u00eda de M\u00e9xico, una obra que hasta la fecha sigue deslumbrando.<\/figcaption>\n\t\t\t\t\t\t\t\t\t\t<\/figure>\n\t\t\t\t\t\t\t\t\t<\/div>\n\t\t\t\t\t<\/div>\n\t\t\t\t<\/div>\n\t\t<div data-particle_enable=\"false\" data-particle-mobile-disabled=\"false\" class=\"elementor-element elementor-element-ce7dcfb e-flex e-con-boxed e-con e-parent\" data-id=\"ce7dcfb\" data-element_type=\"container\" data-e-type=\"container\">\n\t\t\t\t\t<div class=\"e-con-inner\">\n\t\t\t\t<div class=\"elementor-element elementor-element-cedde9f elementor-widget elementor-widget-heading\" data-id=\"cedde9f\" data-element_type=\"widget\" data-e-type=\"widget\" data-widget_type=\"heading.default\">\n\t\t\t\t\t<h3 class=\"elementor-heading-title elementor-size-default\">Primeros pasos y formaci\u00f3n<\/h3>\t\t\t\t<\/div>\n\t\t\t\t\t<\/div>\n\t\t\t\t<\/div>\n\t\t<div data-particle_enable=\"false\" data-particle-mobile-disabled=\"false\" class=\"elementor-element elementor-element-5b2910d e-flex e-con-boxed e-con e-parent\" data-id=\"5b2910d\" data-element_type=\"container\" data-e-type=\"container\">\n\t\t\t\t\t<div class=\"e-con-inner\">\n\t\t\t\t<div class=\"elementor-element elementor-element-1b1c04d elementor-widget elementor-widget-text-editor\" data-id=\"1b1c04d\" data-element_type=\"widget\" data-e-type=\"widget\" data-widget_type=\"text-editor.default\">\n\t\t\t\t\t\t\t\t\t<p>Estudi\u00f3 en un colegio alem\u00e1n en la ciudad de Guatemala; luego inici\u00f3 sus estudios en la Academia Nacional de Bellas Artes (hoy Escuela Nacional de Artes Pl\u00e1sticas \u201cRafael Rodr\u00edguez Padilla\u201d), donde se form\u00f3 en pintura mural bajo la tutela de Julio Urruela, quien fue el autor de los vitrales del Palacio Nacional de la Cultura. Rina Lazo trabaj\u00f3 en la realizaci\u00f3n de dichos vitrales.\u00a0<\/p><p>En 1945 gan\u00f3 una beca otorgada por el gobierno del presidente Juan Jos\u00e9 Ar\u00e9valo, tras ser reconocida por su obra Naturaleza muerta con Xipe, lo que le permiti\u00f3 continuar sus estudios en M\u00e9xico en la Escuela Nacional de Pintura, Escultura y Grabado \u201cLa Esmeralda\u201d.<\/p>\t\t\t\t\t\t\t\t<\/div>\n\t\t\t\t\t<\/div>\n\t\t\t\t<\/div>\n\t\t<div data-particle_enable=\"false\" data-particle-mobile-disabled=\"false\" class=\"elementor-element elementor-element-4b457c0 e-flex e-con-boxed e-con e-parent\" data-id=\"4b457c0\" data-element_type=\"container\" data-e-type=\"container\">\n\t\t\t\t\t<div class=\"e-con-inner\">\n\t\t\t\t<div class=\"elementor-element elementor-element-d002e4d elementor-arrows-position-inside elementor-pagination-position-outside elementor-widget elementor-widget-image-carousel\" data-id=\"d002e4d\" data-element_type=\"widget\" data-e-type=\"widget\" data-settings=\"{&quot;slides_to_show&quot;:&quot;1&quot;,&quot;navigation&quot;:&quot;both&quot;,&quot;autoplay&quot;:&quot;yes&quot;,&quot;pause_on_hover&quot;:&quot;yes&quot;,&quot;pause_on_interaction&quot;:&quot;yes&quot;,&quot;autoplay_speed&quot;:5000,&quot;infinite&quot;:&quot;yes&quot;,&quot;effect&quot;:&quot;slide&quot;,&quot;speed&quot;:500}\" data-widget_type=\"image-carousel.default\">\n\t\t\t\t\t\t\t<div class=\"elementor-image-carousel-wrapper swiper\" role=\"region\" aria-roledescription=\"carousel\" aria-label=\"Carrusel de im\u00e1genes\" dir=\"ltr\">\n\t\t\t<div class=\"elementor-image-carousel swiper-wrapper\" aria-live=\"off\">\n\t\t\t\t\t\t\t\t<div class=\"swiper-slide\" role=\"group\" aria-roledescription=\"slide\" aria-label=\"1 de 4\"><figure class=\"swiper-slide-inner\"><img decoding=\"async\" class=\"swiper-slide-image\" src=\"https:\/\/soymigrante.com\/revista\/wp-content\/uploads\/2025\/09\/rina-lazo-2-1.jpeg\" alt=\"Rina Lazo (1923-2019) fue alumna de la Escuela Nacional de Artes Pl\u00e1sticas y tambi\u00e9n estudi\u00f3 con el maestro guatemalteco Julio Urruela, autor de los vitrales del Palacio Nacional de la Cultura.\" \/><figcaption class=\"elementor-image-carousel-caption\">Rina Lazo (1923-2019) fue alumna de la Escuela Nacional de Artes Pl\u00e1sticas y tambi\u00e9n estudi\u00f3 con el maestro guatemalteco Julio Urruela, autor de los vitrales del Palacio Nacional de la Cultura.<\/figcaption><\/figure><\/div><div class=\"swiper-slide\" role=\"group\" aria-roledescription=\"slide\" aria-label=\"2 de 4\"><figure class=\"swiper-slide-inner\"><img decoding=\"async\" class=\"swiper-slide-image\" src=\"https:\/\/soymigrante.com\/revista\/wp-content\/uploads\/2025\/09\/Captura-de-pantalla-2025-09-07-221445.png\" alt=\"Con este dibujo: Naturaleza muerta con Xipe, Rina gan\u00f3 un concurso para recibir una beca de arte en M\u00e9xico.\" \/><figcaption class=\"elementor-image-carousel-caption\">Con este dibujo: Naturaleza muerta con Xipe, Rina gan\u00f3 un concurso para recibir una beca de arte en M\u00e9xico.<\/figcaption><\/figure><\/div><div class=\"swiper-slide\" role=\"group\" aria-roledescription=\"slide\" aria-label=\"3 de 4\"><figure class=\"swiper-slide-inner\"><img decoding=\"async\" class=\"swiper-slide-image\" src=\"https:\/\/soymigrante.com\/revista\/wp-content\/uploads\/2025\/09\/Captura-de-pantalla-2025-09-07-221412.png\" alt=\"Rina Lazo recibe en 1947 el diploma y la beca de arte en M\u00e9xico de manos del presidente Juan Jos\u00e9 Ar\u00e9valo.\" \/><figcaption class=\"elementor-image-carousel-caption\">Rina Lazo recibe en 1947 el diploma y la beca de arte en M\u00e9xico de manos del presidente Juan Jos\u00e9 Ar\u00e9valo.<\/figcaption><\/figure><\/div><div class=\"swiper-slide\" role=\"group\" aria-roledescription=\"slide\" aria-label=\"4 de 4\"><figure class=\"swiper-slide-inner\"><img decoding=\"async\" class=\"swiper-slide-image\" src=\"https:\/\/soymigrante.com\/revista\/wp-content\/uploads\/2025\/09\/Rina-Lazo-en-Corea-observa-a-un-arquero-1024x1014-1.jpg\" alt=\"En M\u00e9xico, Rina Lazo acudi\u00f3 a la escuela de arte La Esmeralda. Posteriormente empez\u00f3 a trabajar en muralismo, bajo la gu\u00eda del artista Diego Rivera. En M\u00e9xico conoci\u00f3 al grabador Arturo Garc\u00eda Bustos, quien llegar\u00eda a ser su esposo.\" \/><figcaption class=\"elementor-image-carousel-caption\">En M\u00e9xico, Rina Lazo acudi\u00f3 a la escuela de arte La Esmeralda. Posteriormente empez\u00f3 a trabajar en muralismo, bajo la gu\u00eda del artista Diego Rivera. En M\u00e9xico conoci\u00f3 al grabador Arturo Garc\u00eda Bustos, quien llegar\u00eda a ser su esposo.<\/figcaption><\/figure><\/div>\t\t\t<\/div>\n\t\t\t\t\t\t\t\t\t\t\t\t<div class=\"elementor-swiper-button elementor-swiper-button-prev\" role=\"button\" tabindex=\"0\">\n\t\t\t\t\t\t<i aria-hidden=\"true\" class=\"eicon-chevron-left\"><\/i>\t\t\t\t\t<\/div>\n\t\t\t\t\t<div class=\"elementor-swiper-button elementor-swiper-button-next\" role=\"button\" tabindex=\"0\">\n\t\t\t\t\t\t<i aria-hidden=\"true\" class=\"eicon-chevron-right\"><\/i>\t\t\t\t\t<\/div>\n\t\t\t\t\n\t\t\t\t\t\t\t\t\t<div class=\"swiper-pagination\"><\/div>\n\t\t\t\t\t\t\t\t\t<\/div>\n\t\t\t\t\t\t<\/div>\n\t\t\t\t\t<\/div>\n\t\t\t\t<\/div>\n\t\t<div data-particle_enable=\"false\" data-particle-mobile-disabled=\"false\" class=\"elementor-element elementor-element-e9d0f49 e-flex e-con-boxed e-con e-parent\" data-id=\"e9d0f49\" data-element_type=\"container\" data-e-type=\"container\">\n\t\t\t\t\t<div class=\"e-con-inner\">\n\t\t\t\t<div class=\"elementor-element elementor-element-9f93b0a elementor-widget elementor-widget-heading\" data-id=\"9f93b0a\" data-element_type=\"widget\" data-e-type=\"widget\" data-widget_type=\"heading.default\">\n\t\t\t\t\t<h3 class=\"elementor-heading-title elementor-size-default\">Compa\u00f1era de Diego Rivera<\/h3>\t\t\t\t<\/div>\n\t\t\t\t\t<\/div>\n\t\t\t\t<\/div>\n\t\t<div data-particle_enable=\"false\" data-particle-mobile-disabled=\"false\" class=\"elementor-element elementor-element-8f49b06 e-flex e-con-boxed e-con e-parent\" data-id=\"8f49b06\" data-element_type=\"container\" data-e-type=\"container\">\n\t\t\t\t\t<div class=\"e-con-inner\">\n\t\t\t\t<div class=\"elementor-element elementor-element-f9d292d elementor-widget elementor-widget-text-editor\" data-id=\"f9d292d\" data-element_type=\"widget\" data-e-type=\"widget\" data-widget_type=\"text-editor.default\">\n\t\t\t\t\t\t\t\t\t<p>Tan solo medio a\u00f1o despu\u00e9s de su ingreso a La Esmeralda, fue invitada por el t\u00e9cnico de Diego Rivera, Andr\u00e9s S\u00e1nchez Flores, a colaborar en el mural Sue\u00f1o de una tarde dominical en la Alameda Central, en el Hotel del Prado (hoy Museo Mural Diego Rivera).\u00a0<\/p><p>Diego Rivera la consider\u00f3 su \u201cmejor estudiante\u201d y su \u201cmano derecha\u201d. Desde 1947 hasta la muerte de Rivera en 1957, Rina particip\u00f3 como asistente en numerosos murales emblem\u00e1ticos:<\/p>\t\t\t\t\t\t\t\t<\/div>\n\t\t\t\t\t<\/div>\n\t\t\t\t<\/div>\n\t\t<div data-particle_enable=\"false\" data-particle-mobile-disabled=\"false\" class=\"elementor-element elementor-element-691b968 e-flex e-con-boxed e-con e-parent\" data-id=\"691b968\" data-element_type=\"container\" data-e-type=\"container\">\n\t\t\t\t\t<div class=\"e-con-inner\">\n\t\t\t\t<div class=\"elementor-element elementor-element-1982ef9 elementor-widget elementor-widget-text-editor\" data-id=\"1982ef9\" data-element_type=\"widget\" data-e-type=\"widget\" data-widget_type=\"text-editor.default\">\n\t\t\t\t\t\t\t\t\t<div>\u2022 El agua, origen de la vida sobre la tierra (1951), C\u00e1rcamo de Dolores, Chapultepec.<\/div><div>\u2022La universidad, la familia y el deporte en M\u00e9xico (1952), Estadio Ol\u00edmpico Universitario.<\/div><div>\u2022El pueblo en demanda de salud (Historia de la medicina en M\u00e9xico) (1953), Hospital La Raza.<\/div><div>\u2022R\u00e9plica de los murales prehisp\u00e1nicos de Bonampak, para el Instituto Nacional de Antropolog\u00eda de M\u00e9xico.<\/div>\t\t\t\t\t\t\t\t<\/div>\n\t\t\t\t\t<\/div>\n\t\t\t\t<\/div>\n\t\t<div data-particle_enable=\"false\" data-particle-mobile-disabled=\"false\" class=\"elementor-element elementor-element-6c7e8d6 e-flex e-con-boxed e-con e-parent\" data-id=\"6c7e8d6\" data-element_type=\"container\" data-e-type=\"container\">\n\t\t\t\t\t<div class=\"e-con-inner\">\n\t\t\t\t<div class=\"elementor-element elementor-element-eef6d24 elementor-widget elementor-widget-image\" data-id=\"eef6d24\" data-element_type=\"widget\" data-e-type=\"widget\" data-widget_type=\"image.default\">\n\t\t\t\t\t\t\t\t\t\t\t\t<figure class=\"wp-caption\">\n\t\t\t\t\t\t\t\t\t\t<img decoding=\"async\" width=\"1024\" height=\"676\" src=\"https:\/\/soymigrante.com\/revista\/wp-content\/uploads\/2025\/09\/Rina-Lazo-5-1024x676.jpg\" class=\"attachment-large size-large wp-image-43903\" alt=\"El arte de Rina era \u00fanico, su creatividad se desarroll\u00f3 en M\u00e9xico.\" srcset=\"https:\/\/soymigrante.com\/revista\/wp-content\/uploads\/2025\/09\/Rina-Lazo-5-1024x676.jpg 1024w, https:\/\/soymigrante.com\/revista\/wp-content\/uploads\/2025\/09\/Rina-Lazo-5-300x198.jpg 300w, https:\/\/soymigrante.com\/revista\/wp-content\/uploads\/2025\/09\/Rina-Lazo-5-768x507.jpg 768w, https:\/\/soymigrante.com\/revista\/wp-content\/uploads\/2025\/09\/Rina-Lazo-5-750x495.jpg 750w, https:\/\/soymigrante.com\/revista\/wp-content\/uploads\/2025\/09\/Rina-Lazo-5-1140x752.jpg 1140w, https:\/\/soymigrante.com\/revista\/wp-content\/uploads\/2025\/09\/Rina-Lazo-5.jpg 1500w\" sizes=\"(max-width: 1024px) 100vw, 1024px\" title=\"El arte de Rina era \u00fanico, su creatividad se desarroll\u00f3 en M\u00e9xico. \u2013 SoyMigrante.com REVISTA\" \/>\t\t\t\t\t\t\t\t\t\t\t<figcaption class=\"widget-image-caption wp-caption-text\">El arte de Rina era \u00fanico, su creatividad se desarroll\u00f3 en M\u00e9xico. <\/figcaption>\n\t\t\t\t\t\t\t\t\t\t<\/figure>\n\t\t\t\t\t\t\t\t\t<\/div>\n\t\t\t\t\t<\/div>\n\t\t\t\t<\/div>\n\t\t<div data-particle_enable=\"false\" data-particle-mobile-disabled=\"false\" class=\"elementor-element elementor-element-51e48f8 e-flex e-con-boxed e-con e-parent\" data-id=\"51e48f8\" data-element_type=\"container\" data-e-type=\"container\">\n\t\t\t\t\t<div class=\"e-con-inner\">\n\t\t\t\t<div class=\"elementor-element elementor-element-40b26ff elementor-widget elementor-widget-heading\" data-id=\"40b26ff\" data-element_type=\"widget\" data-e-type=\"widget\" data-widget_type=\"heading.default\">\n\t\t\t\t\t<h3 class=\"elementor-heading-title elementor-size-default\">Una voz propia en muralismo<\/h3>\t\t\t\t<\/div>\n\t\t\t\t\t<\/div>\n\t\t\t\t<\/div>\n\t\t<div data-particle_enable=\"false\" data-particle-mobile-disabled=\"false\" class=\"elementor-element elementor-element-b4989a7 e-flex e-con-boxed e-con e-parent\" data-id=\"b4989a7\" data-element_type=\"container\" data-e-type=\"container\">\n\t\t\t\t\t<div class=\"e-con-inner\">\n\t\t\t\t<div class=\"elementor-element elementor-element-d2b2b48 elementor-widget elementor-widget-text-editor\" data-id=\"d2b2b48\" data-element_type=\"widget\" data-e-type=\"widget\" data-widget_type=\"text-editor.default\">\n\t\t\t\t\t\t\t\t\t<p><a href=\"https:\/\/www.facebook.com\/rinalazopintora\" target=\"_blank\" rel=\"noopener\">Tras el fallecimiento de Rivera, Rina continu\u00f3 desarrollando su obra muralista con identidad propia.<\/a> En 1949 pint\u00f3 Los cuatro elementos, su primer mural independiente.\u00a0<\/p><p>En 1954, realiz\u00f3 el significativo mural Tierra f\u00e9rtil en Guatemala, inspirado en escenas de la zona de Tikal. Este es su \u00fanico mural realizado en Guatemala. Originalmente encargado para el comedor del Club Italiano, finalmente fue donado y restaurado en el Museo de la Universidad de San Carlos en 1981.<\/p><p>En 1959, cre\u00f3 Venceremos, otro mural con clara carga pol\u00edtica, tambi\u00e9n en Guatemala, por el que recibi\u00f3 reconocimientos nacionales.<\/p>\t\t\t\t\t\t\t\t<\/div>\n\t\t\t\t\t<\/div>\n\t\t\t\t<\/div>\n\t\t<div data-particle_enable=\"false\" data-particle-mobile-disabled=\"false\" class=\"elementor-element elementor-element-9007706 e-flex e-con-boxed e-con e-parent\" data-id=\"9007706\" data-element_type=\"container\" data-e-type=\"container\">\n\t\t\t\t\t<div class=\"e-con-inner\">\n\t\t\t\t<div class=\"elementor-element elementor-element-4584653 elementor-widget elementor-widget-image\" data-id=\"4584653\" data-element_type=\"widget\" data-e-type=\"widget\" data-widget_type=\"image.default\">\n\t\t\t\t\t\t\t\t\t\t\t\t<figure class=\"wp-caption\">\n\t\t\t\t\t\t\t\t\t\t<img decoding=\"async\" width=\"1024\" height=\"650\" src=\"https:\/\/soymigrante.com\/revista\/wp-content\/uploads\/2025\/09\/muralistamesoamericana12-1024x650.webp\" class=\"attachment-large size-large wp-image-43987\" alt=\"Tierra F\u00e9rtil, \u00fanico mural de Rina Lazo elaborado en Guatemala.\" srcset=\"https:\/\/soymigrante.com\/revista\/wp-content\/uploads\/2025\/09\/muralistamesoamericana12-1024x650.webp 1024w, https:\/\/soymigrante.com\/revista\/wp-content\/uploads\/2025\/09\/muralistamesoamericana12-300x190.webp 300w, https:\/\/soymigrante.com\/revista\/wp-content\/uploads\/2025\/09\/muralistamesoamericana12-768x487.webp 768w, https:\/\/soymigrante.com\/revista\/wp-content\/uploads\/2025\/09\/muralistamesoamericana12-1536x974.webp 1536w, https:\/\/soymigrante.com\/revista\/wp-content\/uploads\/2025\/09\/muralistamesoamericana12-2048x1299.webp 2048w, https:\/\/soymigrante.com\/revista\/wp-content\/uploads\/2025\/09\/muralistamesoamericana12-750x476.webp 750w, https:\/\/soymigrante.com\/revista\/wp-content\/uploads\/2025\/09\/muralistamesoamericana12-1140x723.webp 1140w\" sizes=\"(max-width: 1024px) 100vw, 1024px\" title=\"Tierra F\u00e9rtil, \u00fanico mural de Rina Lazo elaborado en Guatemala. \u2013 SoyMigrante.com REVISTA\" \/>\t\t\t\t\t\t\t\t\t\t\t<figcaption class=\"widget-image-caption wp-caption-text\">Tierra F\u00e9rtil, \u00fanico mural de Rina Lazo elaborado en Guatemala.<\/figcaption>\n\t\t\t\t\t\t\t\t\t\t<\/figure>\n\t\t\t\t\t\t\t\t\t<\/div>\n\t\t\t\t\t<\/div>\n\t\t\t\t<\/div>\n\t\t<div data-particle_enable=\"false\" data-particle-mobile-disabled=\"false\" class=\"elementor-element elementor-element-bc20ff9 e-flex e-con-boxed e-con e-parent\" data-id=\"bc20ff9\" data-element_type=\"container\" data-e-type=\"container\">\n\t\t\t\t\t<div class=\"e-con-inner\">\n\t\t\t\t<div class=\"elementor-element elementor-element-b1c20e6 elementor-widget elementor-widget-text-editor\" data-id=\"b1c20e6\" data-element_type=\"widget\" data-e-type=\"widget\" data-widget_type=\"text-editor.default\">\n\t\t\t\t\t\t\t\t\t<p>En 1966, empez\u00f3 a trabajar en r\u00e9plicas de los murales de Bonampak, dentro del Museo Nacional de Antropolog\u00eda de Ciudad de M\u00e9xico, por encargo de Pedro Ram\u00edrez V\u00e1zquez; estas reproducciones reflejan su profundo respeto por las culturas prehisp\u00e1nicas.<\/p><p>Adem\u00e1s, realiz\u00f3 el mural transportable Inframundo de los mayas destinado al Mexic-Arte Museum en Austin, Texas, inspirado en las cuevas de Cob\u00e1n, su regi\u00f3n natal.<\/p>\t\t\t\t\t\t\t\t<\/div>\n\t\t\t\t\t<\/div>\n\t\t\t\t<\/div>\n\t\t<div data-particle_enable=\"false\" data-particle-mobile-disabled=\"false\" class=\"elementor-element elementor-element-b3317dd e-flex e-con-boxed e-con e-parent\" data-id=\"b3317dd\" data-element_type=\"container\" data-e-type=\"container\">\n\t\t\t\t\t<div class=\"e-con-inner\">\n\t\t\t\t<div class=\"elementor-element elementor-element-a80ec78 elementor-widget elementor-widget-html\" data-id=\"a80ec78\" data-element_type=\"widget\" data-e-type=\"widget\" data-widget_type=\"html.default\">\n\t\t\t\t\t<iframe width=\"560\" height=\"415\" src=\"https:\/\/www.youtube.com\/embed\/NDhM7oTWfis?si=MYFSix4fKAfTruKj&amp;start=68\" title=\"YouTube video player\" frameborder=\"0\" allow=\"accelerometer; autoplay; clipboard-write; encrypted-media; gyroscope; picture-in-picture; web-share\" referrerpolicy=\"strict-origin-when-cross-origin\" allowfullscreen><\/iframe>\t\t\t\t<\/div>\n\t\t\t\t\t<\/div>\n\t\t\t\t<\/div>\n\t\t<div data-particle_enable=\"false\" data-particle-mobile-disabled=\"false\" class=\"elementor-element elementor-element-7835a2b e-flex e-con-boxed e-con e-parent\" data-id=\"7835a2b\" data-element_type=\"container\" data-e-type=\"container\">\n\t\t\t\t\t<div class=\"e-con-inner\">\n\t\t\t\t<div class=\"elementor-element elementor-element-1c36f5a elementor-widget elementor-widget-heading\" data-id=\"1c36f5a\" data-element_type=\"widget\" data-e-type=\"widget\" data-widget_type=\"heading.default\">\n\t\t\t\t\t<h3 class=\"elementor-heading-title elementor-size-default\">Obra de caballete y docencia<\/h3>\t\t\t\t<\/div>\n\t\t\t\t\t<\/div>\n\t\t\t\t<\/div>\n\t\t<div data-particle_enable=\"false\" data-particle-mobile-disabled=\"false\" class=\"elementor-element elementor-element-f942d35 e-flex e-con-boxed e-con e-parent\" data-id=\"f942d35\" data-element_type=\"container\" data-e-type=\"container\">\n\t\t\t\t\t<div class=\"e-con-inner\">\n\t\t\t\t<div class=\"elementor-element elementor-element-66536bf elementor-widget elementor-widget-text-editor\" data-id=\"66536bf\" data-element_type=\"widget\" data-e-type=\"widget\" data-widget_type=\"text-editor.default\">\n\t\t\t\t\t\t\t\t\t<p>Aunque su fama se consolid\u00f3 en los grandes murales, Rina tambi\u00e9n cultiv\u00f3 la pintura en lienzo. Su primera obra premiada fue Por los caminos de la libertad (1944) y aproximadamente unas 40 piezas de caballete y gr\u00e1fica fueron identificadas en museos y colecciones privadas de M\u00e9xico y Guatemala.<\/p><p>Egresada en 1954 de La Esmeralda, se dedic\u00f3 tambi\u00e9n a la docencia: imparti\u00f3 clases en la Escuela de Restauraci\u00f3n del INBAL, en la escuela de Bellas Artes de Oaxaca, en la Casa del Lago (Chapultepec) y en seminarios y talleres en diversos espacios como el Museo Nacional de Antropolog\u00eda, la Casa de la Cultura de Oaxaca, as\u00ed como en ciudades extranjeras como Leipzig y Pyong Yang.<\/p>\t\t\t\t\t\t\t\t<\/div>\n\t\t\t\t\t<\/div>\n\t\t\t\t<\/div>\n\t\t<div data-particle_enable=\"false\" data-particle-mobile-disabled=\"false\" class=\"elementor-element elementor-element-cd7c93e e-flex e-con-boxed e-con e-parent\" data-id=\"cd7c93e\" data-element_type=\"container\" data-e-type=\"container\">\n\t\t\t\t\t<div class=\"e-con-inner\">\n\t\t\t\t<div class=\"elementor-element elementor-element-f584bc0 elementor-widget elementor-widget-image\" data-id=\"f584bc0\" data-element_type=\"widget\" data-e-type=\"widget\" data-widget_type=\"image.default\">\n\t\t\t\t\t\t\t\t\t\t\t\t<figure class=\"wp-caption\">\n\t\t\t\t\t\t\t\t\t\t<img loading=\"lazy\" decoding=\"async\" width=\"1024\" height=\"545\" src=\"https:\/\/soymigrante.com\/revista\/wp-content\/uploads\/2025\/09\/1-1-1024x545.png\" class=\"attachment-large size-large wp-image-43988\" alt=\"El inframundo maya fue la \u00faltima obra que pint\u00f3 Rina Lazo en 2019, a\u00f1o en que falleci\u00f3.\" srcset=\"https:\/\/soymigrante.com\/revista\/wp-content\/uploads\/2025\/09\/1-1-1024x545.png 1024w, https:\/\/soymigrante.com\/revista\/wp-content\/uploads\/2025\/09\/1-1-300x160.png 300w, https:\/\/soymigrante.com\/revista\/wp-content\/uploads\/2025\/09\/1-1-768x409.png 768w, https:\/\/soymigrante.com\/revista\/wp-content\/uploads\/2025\/09\/1-1-750x399.png 750w, https:\/\/soymigrante.com\/revista\/wp-content\/uploads\/2025\/09\/1-1-1140x607.png 1140w, https:\/\/soymigrante.com\/revista\/wp-content\/uploads\/2025\/09\/1-1.png 1400w\" sizes=\"(max-width: 1024px) 100vw, 1024px\" title=\"El inframundo maya fue la \u00faltima obra que pint\u00f3 Rina Lazo en 2019, a\u00f1o en que falleci\u00f3. \u2013 SoyMigrante.com REVISTA\" \/>\t\t\t\t\t\t\t\t\t\t\t<figcaption class=\"widget-image-caption wp-caption-text\">El inframundo maya fue la \u00faltima obra que pint\u00f3 Rina Lazo en 2019, a\u00f1o en que falleci\u00f3.<\/figcaption>\n\t\t\t\t\t\t\t\t\t\t<\/figure>\n\t\t\t\t\t\t\t\t\t<\/div>\n\t\t\t\t\t<\/div>\n\t\t\t\t<\/div>\n\t\t<div data-particle_enable=\"false\" data-particle-mobile-disabled=\"false\" class=\"elementor-element elementor-element-f733539 e-flex e-con-boxed e-con e-parent\" data-id=\"f733539\" data-element_type=\"container\" data-e-type=\"container\">\n\t\t\t\t\t<div class=\"e-con-inner\">\n\t\t\t\t<div class=\"elementor-element elementor-element-07c6cb6 elementor-widget elementor-widget-heading\" data-id=\"07c6cb6\" data-element_type=\"widget\" data-e-type=\"widget\" data-widget_type=\"heading.default\">\n\t\t\t\t\t<h3 class=\"elementor-heading-title elementor-size-default\">Reconocimientos y legado<\/h3>\t\t\t\t<\/div>\n\t\t\t\t\t<\/div>\n\t\t\t\t<\/div>\n\t\t<div data-particle_enable=\"false\" data-particle-mobile-disabled=\"false\" class=\"elementor-element elementor-element-b18dff2 e-flex e-con-boxed e-con e-parent\" data-id=\"b18dff2\" data-element_type=\"container\" data-e-type=\"container\">\n\t\t\t\t\t<div class=\"e-con-inner\">\n\t\t\t\t<div class=\"elementor-element elementor-element-7514e77 elementor-widget elementor-widget-text-editor\" data-id=\"7514e77\" data-element_type=\"widget\" data-e-type=\"widget\" data-widget_type=\"text-editor.default\">\n\t\t\t\t\t\t\t\t\t<div>Rina Lazo recibi\u00f3 numerosos reconocimientos por su contribuci\u00f3n art\u00edstica y cultural:<\/div><div>\u2022Emerit\u00edssimum de la Facultad de Humanidades de la Universidad de San Carlos de Guatemala.<\/div><div>\u2022Orden del Quetzal, m\u00e1xima distinci\u00f3n de Guatemala (2004).<\/div><div>\u2022Medalla de la Paz otorgada por Guatemala (2005).<\/div><div>\u2022Medalla al M\u00e9rito docente \u201cMaestro Rafael Ram\u00edrez\u201d por sus m\u00e1s de 30 a\u00f1os de labor docente en el INBAL.<\/div><div>\u2022Premio Nacional Mar\u00eda Lavalle Urbina (Secretar\u00eda de Relaciones Exteriores, M\u00e9xico).<\/div><div>\u2022Premio Internacional Coatlicue, por la Coordinadora Internacional de Mujeres en el Arte.<\/div><div>\u2022Reconocimiento del gobierno de Rumania (2010).<\/div><div>\u2022Adem\u00e1s, fue miembro del Sal\u00f3n de la Pl\u00e1stica Mexicana desde 1964 hasta su muerte.<\/div><div>\u00a0<\/div><div>Su legado ha sido homenajeado en m\u00faltiples espacios: el INBAL realiz\u00f3 actos y exposiciones en su honor, incluyendo la exhibici\u00f3n de los paneles de Bonampak en el Centro Cultural Luis Cardoza y Arag\u00f3n (2010), y su figura ha sido tema de conferencias como \u201cConciencia social y muralismo en la obra de Rina Lazo\u201d.<\/div>\t\t\t\t\t\t\t\t<\/div>\n\t\t\t\t\t<\/div>\n\t\t\t\t<\/div>\n\t\t<div data-particle_enable=\"false\" data-particle-mobile-disabled=\"false\" class=\"elementor-element elementor-element-28d50ae e-flex e-con-boxed e-con e-parent\" data-id=\"28d50ae\" data-element_type=\"container\" data-e-type=\"container\">\n\t\t\t\t\t<div class=\"e-con-inner\">\n\t\t\t\t<div class=\"elementor-element elementor-element-34a5bcf elementor-widget elementor-widget-image\" data-id=\"34a5bcf\" data-element_type=\"widget\" data-e-type=\"widget\" data-widget_type=\"image.default\">\n\t\t\t\t\t\t\t\t\t\t\t\t<figure class=\"wp-caption\">\n\t\t\t\t\t\t\t\t\t\t<img loading=\"lazy\" decoding=\"async\" width=\"843\" height=\"637\" src=\"https:\/\/soymigrante.com\/revista\/wp-content\/uploads\/2025\/09\/Captura-de-pantalla-2025-09-07-222714.png\" class=\"attachment-large size-large wp-image-43989\" alt=\"A partir de la beca en 1947, Rina Lazo vivi\u00f3 buena parte de su vida en M\u00e9xico, junto a su esposo el muralista Arturo Garc\u00eda Bustos. Sin embargo, el recuerdo de Guatemala y su multiculturalidad siempre impregn\u00f3 cada creaci\u00f3n.\" srcset=\"https:\/\/soymigrante.com\/revista\/wp-content\/uploads\/2025\/09\/Captura-de-pantalla-2025-09-07-222714.png 843w, https:\/\/soymigrante.com\/revista\/wp-content\/uploads\/2025\/09\/Captura-de-pantalla-2025-09-07-222714-300x227.png 300w, https:\/\/soymigrante.com\/revista\/wp-content\/uploads\/2025\/09\/Captura-de-pantalla-2025-09-07-222714-768x580.png 768w, https:\/\/soymigrante.com\/revista\/wp-content\/uploads\/2025\/09\/Captura-de-pantalla-2025-09-07-222714-750x567.png 750w\" sizes=\"(max-width: 843px) 100vw, 843px\" title=\"A partir de la beca en 1947, Rina Lazo vivi\u00f3 buena parte de su vida en M\u00e9xico, junto a su esposo el muralista Arturo Garc\u00eda Bustos. Sin embargo, el recuerdo de Guatemala y su multiculturalidad siempre impregn\u00f3 cada creaci\u00f3n. \u2013 SoyMigrante.com REVISTA\" \/>\t\t\t\t\t\t\t\t\t\t\t<figcaption class=\"widget-image-caption wp-caption-text\">A partir de la beca en 1947, Rina Lazo vivi\u00f3 buena parte de su vida en M\u00e9xico, junto a su esposo el muralista Arturo Garc\u00eda Bustos. Sin embargo, el recuerdo de Guatemala y su multiculturalidad siempre impregn\u00f3 cada creaci\u00f3n.<\/figcaption>\n\t\t\t\t\t\t\t\t\t\t<\/figure>\n\t\t\t\t\t\t\t\t\t<\/div>\n\t\t\t\t\t<\/div>\n\t\t\t\t<\/div>\n\t\t<div data-particle_enable=\"false\" data-particle-mobile-disabled=\"false\" class=\"elementor-element elementor-element-7ec2560 e-flex e-con-boxed e-con e-parent\" data-id=\"7ec2560\" data-element_type=\"container\" data-e-type=\"container\">\n\t\t\t\t\t<div class=\"e-con-inner\">\n\t\t\t\t<div class=\"elementor-element elementor-element-b57fce0 elementor-widget elementor-widget-heading\" data-id=\"b57fce0\" data-element_type=\"widget\" data-e-type=\"widget\" data-widget_type=\"heading.default\">\n\t\t\t\t\t<h3 class=\"elementor-heading-title elementor-size-default\">Valores e importancia cultural<\/h3>\t\t\t\t<\/div>\n\t\t\t\t\t<\/div>\n\t\t\t\t<\/div>\n\t\t<div data-particle_enable=\"false\" data-particle-mobile-disabled=\"false\" class=\"elementor-element elementor-element-064db66 e-flex e-con-boxed e-con e-parent\" data-id=\"064db66\" data-element_type=\"container\" data-e-type=\"container\">\n\t\t\t\t\t<div class=\"e-con-inner\">\n\t\t\t\t<div class=\"elementor-element elementor-element-d3f86fa elementor-widget elementor-widget-text-editor\" data-id=\"d3f86fa\" data-element_type=\"widget\" data-e-type=\"widget\" data-widget_type=\"text-editor.default\">\n\t\t\t\t\t\t\t\t\t<p><a href=\"https:\/\/www.facebook.com\/rinalazopintora\" target=\"_blank\" rel=\"noopener\">Rina Lazo represent\u00f3 una voz art\u00edstica que defin\u00eda el muralismo como herramienta de memoria hist\u00f3rica, identidad y lucha social.<\/a> Fue una de las primeras mujeres muralistas en M\u00e9xico, lo que la posiciona tambi\u00e9n como referente en la defensa del espacio de las mujeres en el arte p\u00fablico.<\/p><p>Ella afirmaba con orgullo ser \u201cmesoamericana\u201d, entendiendo que M\u00e9xico y Guatemala compart\u00edan un mismo legado cultural profundo. Su trabajo con las culturas ind\u00edgenas, especialmente la maya, fue una constante tem\u00e1tica y motivaci\u00f3n en toda su obra (Bonampak, Tikal, cosmovisiones, mitos, espiritualidad).<\/p>\t\t\t\t\t\t\t\t<\/div>\n\t\t\t\t\t<\/div>\n\t\t\t\t<\/div>\n\t\t<div data-particle_enable=\"false\" data-particle-mobile-disabled=\"false\" class=\"elementor-element elementor-element-e0fc8e7 e-flex e-con-boxed e-con e-parent\" data-id=\"e0fc8e7\" data-element_type=\"container\" data-e-type=\"container\">\n\t\t\t\t\t<div class=\"e-con-inner\">\n\t\t\t\t<div class=\"elementor-element elementor-element-e5490a6 elementor-invisible elementor-widget elementor-widget-facebook-embed\" data-id=\"e5490a6\" data-element_type=\"widget\" data-e-type=\"widget\" data-settings=\"{&quot;_animation&quot;:&quot;zoomInDown&quot;}\" data-widget_type=\"facebook-embed.default\">\n\t\t\t\t\t<div style=\"min-height: 1px\" class=\"elementor-facebook-widget fb-post\" data-href=\"https:\/\/www.facebook.com\/photo.php?fbid=413546329320345&#038;set=t.100001274473246&#038;type=3\" data-show-text=\"false\"><\/div>\t\t\t\t<\/div>\n\t\t\t\t\t<\/div>\n\t\t\t\t<\/div>\n\t\t<div data-particle_enable=\"false\" data-particle-mobile-disabled=\"false\" class=\"elementor-element elementor-element-f4b3a37 e-flex e-con-boxed e-con e-parent\" data-id=\"f4b3a37\" data-element_type=\"container\" data-e-type=\"container\">\n\t\t\t\t\t<div class=\"e-con-inner\">\n\t\t\t\t<div class=\"elementor-element elementor-element-f90db48 elementor-widget elementor-widget-heading\" data-id=\"f90db48\" data-element_type=\"widget\" data-e-type=\"widget\" data-widget_type=\"heading.default\">\n\t\t\t\t\t<h3 class=\"elementor-heading-title elementor-size-default\">Su partida y legado final<\/h3>\t\t\t\t<\/div>\n\t\t\t\t\t<\/div>\n\t\t\t\t<\/div>\n\t\t<div data-particle_enable=\"false\" data-particle-mobile-disabled=\"false\" class=\"elementor-element elementor-element-0aa3b6c e-flex e-con-boxed e-con e-parent\" data-id=\"0aa3b6c\" data-element_type=\"container\" data-e-type=\"container\">\n\t\t\t\t\t<div class=\"e-con-inner\">\n\t\t\t\t<div class=\"elementor-element elementor-element-c0700d3 elementor-widget elementor-widget-text-editor\" data-id=\"c0700d3\" data-element_type=\"widget\" data-e-type=\"widget\" data-widget_type=\"text-editor.default\">\n\t\t\t\t\t\t\t\t\t<p>Rina Lazo falleci\u00f3 el 1 de noviembre de 2019, en su casa en Coyoac\u00e1n, Ciudad de M\u00e9xico, a los 96 a\u00f1os de edad, tras sufrir un infarto. Su muerte fue lamentada por instituciones como el INBAL, la Secretar\u00eda de Cultura, y el Sistema de Transporte Colectivo Metro, que record\u00f3 su legado art\u00edstico y su influencia en espacios p\u00fablicos desde la d\u00e9cada de 1970.<\/p><p>Seg\u00fan su hija, Rina sigui\u00f3 pintando hasta poco despu\u00e9s del fallecimiento de su esposo, el tambi\u00e9n artista Arturo Garc\u00eda Bustos (2017). Solo tras su partida detuvo su labor art\u00edstica, aunque retom\u00f3 en 2018 para concluir su mural final, el Inframundo de los mayas, que fue expuesto en el Palacio de Bellas Artes, cumpliendo as\u00ed su gran aspiraci\u00f3n como artista femenina en un espacio tradicionalmente dominado por hombres.<\/p>\t\t\t\t\t\t\t\t<\/div>\n\t\t\t\t\t<\/div>\n\t\t\t\t<\/div>\n\t\t<div data-particle_enable=\"false\" data-particle-mobile-disabled=\"false\" class=\"elementor-element elementor-element-d6b94bc e-flex e-con-boxed e-con e-parent\" data-id=\"d6b94bc\" data-element_type=\"container\" data-e-type=\"container\">\n\t\t\t\t\t<div class=\"e-con-inner\">\n\t\t\t\t<div class=\"elementor-element elementor-element-1355bff elementor-widget elementor-widget-facebook-page\" data-id=\"1355bff\" data-element_type=\"widget\" data-e-type=\"widget\" data-widget_type=\"facebook-page.default\">\n\t\t\t\t\t<div class=\"elementor-facebook-widget fb-page\" data-href=\"https:\/\/www.facebook.com\/profile.php?id=100063607209676\" data-tabs=\"timeline\" data-height=\"500px\" data-width=\"500px\" data-small-header=\"false\" data-hide-cover=\"false\" data-show-facepile=\"true\" data-hide-cta=\"false\" style=\"min-height: 1px;height:500px\"><\/div>\t\t\t\t<\/div>\n\t\t\t\t\t<\/div>\n\t\t\t\t<\/div>\n\t\t<div data-particle_enable=\"false\" data-particle-mobile-disabled=\"false\" class=\"elementor-element elementor-element-e396cd4 e-flex e-con-boxed e-con e-parent\" data-id=\"e396cd4\" data-element_type=\"container\" data-e-type=\"container\">\n\t\t\t\t\t<div class=\"e-con-inner\">\n\t\t\t\t<div class=\"elementor-element elementor-element-741c474 elementor-widget elementor-widget-text-editor\" data-id=\"741c474\" data-element_type=\"widget\" data-e-type=\"widget\" data-widget_type=\"text-editor.default\">\n\t\t\t\t\t\t\t\t\t<p><a href=\"https:\/\/www.facebook.com\/rinalazopintora\" target=\"_blank\" rel=\"noopener\">Rina Lazo fue una figura fundamental del muralismo mesoamericano.<\/a> Su trayectoria desde Guatemala hasta M\u00e9xico dio origen a una obra monumental, impregnada de identidad, justicia social y memoria ancestral.&nbsp;&nbsp;<\/p><p>Como dato curioso, al final de toda una vida plet\u00f3rica de arte y creatividad, Rina Lazo pint\u00f3 un \u00faltimo cuadro: el Inframundo Maya, en 2019. Aquel 1 de noviembre falleci\u00f3. Pero su legado sigue vivo.<\/p>\t\t\t\t\t\t\t\t<\/div>\n\t\t\t\t\t<\/div>\n\t\t\t\t<\/div>\n\t\t<div data-particle_enable=\"false\" data-particle-mobile-disabled=\"false\" class=\"elementor-element elementor-element-cfca5e6 e-flex e-con-boxed e-con e-parent\" data-id=\"cfca5e6\" data-element_type=\"container\" data-e-type=\"container\">\n\t\t\t\t\t<div class=\"e-con-inner\">\n\t\t\t\t<div class=\"elementor-element elementor-element-065068e elementor-widget elementor-widget-heading\" data-id=\"065068e\" data-element_type=\"widget\" data-e-type=\"widget\" data-widget_type=\"heading.default\">\n\t\t\t\t\t<h2 class=\"elementor-heading-title elementor-size-default\">Conoce otros artistas guatemaltecos, ac\u00e1...<\/h2>\t\t\t\t<\/div>\n\t\t\t\t\t<\/div>\n\t\t\t\t<\/div>\n\t\t<div data-particle_enable=\"false\" data-particle-mobile-disabled=\"false\" class=\"elementor-element elementor-element-cbbec4d e-flex e-con-boxed e-con e-parent\" data-id=\"cbbec4d\" data-element_type=\"container\" data-e-type=\"container\">\n\t\t\t\t\t<div class=\"e-con-inner\">\n\t\t\t\t<div class=\"elementor-element elementor-element-3148389 elementor-grid-eael-col-3 elementor-grid-tablet-eael-col-2 elementor-grid-mobile-eael-col-1 elementor-widget elementor-widget-eael-post-grid\" data-id=\"3148389\" data-element_type=\"widget\" data-e-type=\"widget\" data-settings=\"{&quot;eael_post_grid_columns&quot;:&quot;eael-col-3&quot;,&quot;eael_post_grid_columns_tablet&quot;:&quot;eael-col-2&quot;,&quot;eael_post_grid_columns_mobile&quot;:&quot;eael-col-1&quot;}\" data-widget_type=\"eael-post-grid.default\">\n\t\t\t\t\t<div id=\"eael-post-grid-3148389\" class=\"eael-post-grid-container\">\n            <div class=\"eael-post-grid eael-post-appender eael-post-appender-3148389 eael-post-grid-style-one\" data-layout-mode=\"masonry\"><article class=\"eael-grid-post  eael-post-grid-column eael-pg-post-43164 category-arte-cultura\" data-id=\"43164\">\n        <div class=\"eael-grid-post-holder\">\n            <div class=\"eael-grid-post-holder-inner\"><div class=\"eael-entry-media\"><div class=\"eael-entry-overlay fade-in\"><i class=\"far fa-hand-pointer\" aria-hidden=\"true\"><\/i><a href=\"https:\/\/soymigrante.com\/revista\/mira-arte-guatemalteco-margarita-azurdia-nunca-deja-de-sorprender\/\"><\/a><\/div><div class=\"eael-entry-thumbnail \">\n                <img loading=\"lazy\" decoding=\"async\" width=\"895\" height=\"884\" src=\"https:\/\/soymigrante.com\/revista\/wp-content\/uploads\/2025\/08\/arte-guatemalteco-Margarita-Azurdia-2.webp\" class=\"attachment-large size-large wp-image-43453\" alt=\"Cultura ind\u00edgena con figuras de animales y personajes tradicionales en una escultura colorida para promover el arte y la tradici\u00f3n en La revista SoyMigrante.\" srcset=\"https:\/\/soymigrante.com\/revista\/wp-content\/uploads\/2025\/08\/arte-guatemalteco-Margarita-Azurdia-2.webp 895w, https:\/\/soymigrante.com\/revista\/wp-content\/uploads\/2025\/08\/arte-guatemalteco-Margarita-Azurdia-2-300x296.png 300w, https:\/\/soymigrante.com\/revista\/wp-content\/uploads\/2025\/08\/arte-guatemalteco-Margarita-Azurdia-2-768x759.png 768w, https:\/\/soymigrante.com\/revista\/wp-content\/uploads\/2025\/08\/arte-guatemalteco-Margarita-Azurdia-2-75x75.webp 75w, https:\/\/soymigrante.com\/revista\/wp-content\/uploads\/2025\/08\/arte-guatemalteco-Margarita-Azurdia-2-750x741.webp 750w\" sizes=\"(max-width: 895px) 100vw, 895px\" \/>\n            <\/div>\n        <\/div><div class=\"eael-entry-wrapper\"><header class=\"eael-entry-header\"><h2 class=\"eael-entry-title\"><a class=\"eael-grid-post-link\" href=\"https:\/\/soymigrante.com\/revista\/mira-arte-guatemalteco-margarita-azurdia-nunca-deja-de-sorprender\/\" title=\"Mira arte guatemalteco: Margarita Azurdia nunca deja de sorprender\">Mira arte guatemalteco: Margarita Azurdia nunca deja de sorprender<\/a><\/h2><\/header><div class=\"eael-entry-content\">\n                        <div class=\"eael-grid-post-excerpt\"><a href=\"https:\/\/soymigrante.com\/revista\/mira-arte-guatemalteco-margarita-azurdia-nunca-deja-de-sorprender\/\" class=\"eael-post-elements-readmore-btn\">CONOCE SU HISTORIA <\/a><\/div>\n                    <\/div><\/div><\/div>\n        <\/div>\n    <\/article><article class=\"eael-grid-post  eael-post-grid-column eael-pg-post-43400 category-arte-cultura\" data-id=\"43400\">\n        <div class=\"eael-grid-post-holder\">\n            <div class=\"eael-grid-post-holder-inner\"><div class=\"eael-entry-media\"><div class=\"eael-entry-overlay fade-in\"><i class=\"far fa-hand-pointer\" aria-hidden=\"true\"><\/i><a href=\"https:\/\/soymigrante.com\/revista\/efrain-recinos-un-genio-del-arte-guatemalteco-que-vivira-siempre\/\"><\/a><\/div><div class=\"eael-entry-thumbnail \">\n                <img loading=\"lazy\" decoding=\"async\" width=\"421\" height=\"416\" src=\"https:\/\/soymigrante.com\/revista\/wp-content\/uploads\/2025\/09\/Guatemalita-de-Efrain-Recinos.png\" class=\"attachment-large size-large wp-image-43608\" alt=\"Guatemalita de Efra\u00edn Recinos\" srcset=\"https:\/\/soymigrante.com\/revista\/wp-content\/uploads\/2025\/09\/Guatemalita-de-Efrain-Recinos.png 421w, https:\/\/soymigrante.com\/revista\/wp-content\/uploads\/2025\/09\/Guatemalita-de-Efrain-Recinos-300x296.png 300w, https:\/\/soymigrante.com\/revista\/wp-content\/uploads\/2025\/09\/Guatemalita-de-Efrain-Recinos-75x75.png 75w\" sizes=\"(max-width: 421px) 100vw, 421px\" \/>\n            <\/div>\n        <\/div><div class=\"eael-entry-wrapper\"><header class=\"eael-entry-header\"><h2 class=\"eael-entry-title\"><a class=\"eael-grid-post-link\" href=\"https:\/\/soymigrante.com\/revista\/efrain-recinos-un-genio-del-arte-guatemalteco-que-vivira-siempre\/\" title=\"Mira arte guatemalteco: Efra\u00edn Recinos, un genio que sigue a la vista de todos\">Mira arte guatemalteco: Efra\u00edn Recinos, un genio que sigue a la vista de todos<\/a><\/h2><\/header><div class=\"eael-entry-content\">\n                        <div class=\"eael-grid-post-excerpt\"><a href=\"https:\/\/soymigrante.com\/revista\/efrain-recinos-un-genio-del-arte-guatemalteco-que-vivira-siempre\/\" class=\"eael-post-elements-readmore-btn\">CONOCE SU HISTORIA <\/a><\/div>\n                    <\/div><\/div><\/div>\n        <\/div>\n    <\/article><article class=\"eael-grid-post  eael-post-grid-column eael-pg-post-43829 category-arte-cultura-guate-nuestra\" data-id=\"43829\">\n        <div class=\"eael-grid-post-holder\">\n            <div class=\"eael-grid-post-holder-inner\"><div class=\"eael-entry-media\"><div class=\"eael-entry-overlay fade-in\"><i class=\"far fa-hand-pointer\" aria-hidden=\"true\"><\/i><a href=\"https:\/\/soymigrante.com\/revista\/juan-sisay-arte-guatemalteco-maya-tzutujil-atitlan\/\"><\/a><\/div><div class=\"eael-entry-thumbnail \">\n                <img loading=\"lazy\" decoding=\"async\" width=\"485\" height=\"485\" src=\"https:\/\/soymigrante.com\/revista\/wp-content\/uploads\/2025\/09\/Juan-Sisay1-e1757021856514.jpeg\" class=\"attachment-large size-large wp-image-43830\" alt=\"Juan Sisay: el artista guatemalteco que retrat\u00f3 la identidad tz&#039;utuj&#039;il desde dentro. El artista fue asesinado en abril de 1989 despu\u00e9s de haber pintado acerca de una masacre cometida en Santiago Atitl\u00e1n durante el conflicto armado interno. (Retrato por Miguel Ch\u00e1vez)\" srcset=\"https:\/\/soymigrante.com\/revista\/wp-content\/uploads\/2025\/09\/Juan-Sisay1-e1757021856514.jpeg 485w, https:\/\/soymigrante.com\/revista\/wp-content\/uploads\/2025\/09\/Juan-Sisay1-e1757021856514-300x300.jpeg 300w, https:\/\/soymigrante.com\/revista\/wp-content\/uploads\/2025\/09\/Juan-Sisay1-e1757021856514-150x150.jpeg 150w, https:\/\/soymigrante.com\/revista\/wp-content\/uploads\/2025\/09\/Juan-Sisay1-e1757021856514-75x75.jpeg 75w\" sizes=\"(max-width: 485px) 100vw, 485px\" \/>\n            <\/div>\n        <\/div><div class=\"eael-entry-wrapper\"><header class=\"eael-entry-header\"><h2 class=\"eael-entry-title\"><a class=\"eael-grid-post-link\" href=\"https:\/\/soymigrante.com\/revista\/juan-sisay-arte-guatemalteco-maya-tzutujil-atitlan\/\" title=\"Mira arte guatemalteco: Pintor tz&#8217;utuj&#8217;il Juan Sisay origin\u00f3 la pintura popular de Atitl\u00e1n\">Mira arte guatemalteco: Pintor tz&#8217;utuj&#8217;il Juan Sisay origin\u00f3 la pintura popular de Atitl\u00e1n<\/a><\/h2><\/header><div class=\"eael-entry-content\">\n                        <div class=\"eael-grid-post-excerpt\"><a href=\"https:\/\/soymigrante.com\/revista\/juan-sisay-arte-guatemalteco-maya-tzutujil-atitlan\/\" class=\"eael-post-elements-readmore-btn\">CONOCE SU HISTORIA <\/a><\/div>\n                    <\/div><\/div><\/div>\n        <\/div>\n    <\/article><\/div>\n            <div class=\"clearfix\"><\/div>\n        <\/div>\t\t\t\t<\/div>\n\t\t\t\t\t<\/div>\n\t\t\t\t<\/div>\n\t\t\t\t<\/div>\n\t\t","protected":false},"excerpt":{"rendered":"<p>Rina Lazo (1923-2019) se form\u00f3 como artista en M\u00e9xico y all\u00ed descubri\u00f3 su gran pasi\u00f3n por el muralismo. En sus obras predomina la tem\u00e1tica sobre la grandeza de la civilizaci\u00f3n maya. En una familia de origen mestizo, hija de Arturo Lazo (de ra\u00edces hondure\u00f1as) y Melanea Wasem (guatemalteca de ascendencia alemana), naci\u00f3 la que ser\u00eda [&hellip;]<\/p>\n","protected":false},"author":19,"featured_media":43892,"comment_status":"open","ping_status":"open","sticky":false,"template":"","format":"standard","meta":{"_acf_changed":false,"_eb_attr":"","footnotes":""},"categories":[91,58],"tags":[],"class_list":["post-43891","post","type-post","status-publish","format-standard","has-post-thumbnail","hentry","category-arte-cultura","category-guate-nuestra"],"acf":[],"aioseo_notices":[],"aioseo_head":"\n\t\t<!-- All in One SEO Pro 4.9.6.2 - aioseo.com -->\n\t<meta name=\"description\" content=\"Juan Sisay (1921-1989) fue un artista maya tzutujil que empez\u00f3 a pintar escenas de la vida de su pueblo a partir de 1950. Muri\u00f3 v\u00edctima del conflicto armado.\" \/>\n\t<meta name=\"robots\" content=\"max-snippet:-1, max-image-preview:large, max-video-preview:-1\" \/>\n\t<meta name=\"author\" content=\"Marysabel Aldana\"\/>\n\t<link rel=\"canonical\" href=\"https:\/\/soymigrante.com\/revista\/juan-sisay-arte-guatemalteco-maya-tzutujil-atitlan\/\" \/>\n\t<meta name=\"generator\" content=\"All in One SEO Pro (AIOSEO) 4.9.6.2\" \/>\n\n\t\t<link rel=\"preconnect\" href=\"https:\/\/fonts.googleapis.com\" crossorigin>\n<link rel=\"preconnect\" href=\"https:\/\/fonts.gstatic.com\" crossorigin>\n\t\t<meta property=\"og:locale\" content=\"es_ES\" \/>\n\t\t<meta property=\"og:site_name\" content=\"SoyMigrante.com REVISTA \u2013 Nuestra misi\u00f3n es reconocer y dignificar al migrante.\" \/>\n\t\t<meta property=\"og:type\" content=\"article\" \/>\n\t\t<meta property=\"og:title\" content=\"Juan Sisay pionero de la pintura popular en Atitl\u00e1n\" \/>\n\t\t<meta property=\"og:description\" content=\"Juan Sisay (1921-1989) fue un artista maya tzutujil que empez\u00f3 a pintar escenas de la vida de su pueblo a partir de 1950. Muri\u00f3 v\u00edctima del conflicto armado.\" \/>\n\t\t<meta property=\"og:url\" content=\"https:\/\/soymigrante.com\/revista\/juan-sisay-arte-guatemalteco-maya-tzutujil-atitlan\/\" \/>\n\t\t<meta property=\"og:image\" content=\"https:\/\/soymigrante.com\/revista\/wp-content\/uploads\/2025\/09\/Juan-Sisay1-e1757021856514.jpeg\" \/>\n\t\t<meta property=\"og:image:secure_url\" content=\"https:\/\/soymigrante.com\/revista\/wp-content\/uploads\/2025\/09\/Juan-Sisay1-e1757021856514.jpeg\" \/>\n\t\t<meta property=\"og:image:width\" content=\"485\" \/>\n\t\t<meta property=\"og:image:height\" content=\"485\" \/>\n\t\t<meta property=\"article:published_time\" content=\"2025-09-05T14:00:00+00:00\" \/>\n\t\t<meta property=\"article:modified_time\" content=\"2025-09-05T05:27:28+00:00\" \/>\n\t\t<meta property=\"article:publisher\" content=\"https:\/\/www.facebook.com\/soymigrantecom\" \/>\n\t\t<meta name=\"twitter:card\" content=\"summary_large_image\" \/>\n\t\t<meta name=\"twitter:site\" content=\"@SoyMigrante_com\" \/>\n\t\t<meta name=\"twitter:title\" content=\"Juan Sisay pionero de la pintura popular en Atitl\u00e1n\" \/>\n\t\t<meta name=\"twitter:description\" content=\"Juan Sisay (1921-1989) fue un artista maya tzutujil que empez\u00f3 a pintar escenas de la vida de su pueblo a partir de 1950. Muri\u00f3 v\u00edctima del conflicto armado.\" \/>\n\t\t<meta name=\"twitter:creator\" content=\"@SoyMigrante_com\" \/>\n\t\t<meta name=\"twitter:image\" content=\"https:\/\/soymigrante.com\/revista\/wp-content\/uploads\/2025\/09\/Juan-Sisay1-e1757021856514.jpeg\" \/>\n\t\t<!-- All in One SEO Pro -->\r\n\t\t<title>Juan Sisay pionero de la pintura popular en Atitl\u00e1n<\/title>\n\n","aioseo_head_json":{"title":"Juan Sisay pionero de la pintura popular en Atitl\u00e1n","description":"Juan Sisay (1921-1989) fue un artista maya tzutujil que empez\u00f3 a pintar escenas de la vida de su pueblo a partir de 1950. Muri\u00f3 v\u00edctima del conflicto armado.","canonical_url":"https:\/\/soymigrante.com\/revista\/juan-sisay-arte-guatemalteco-maya-tzutujil-atitlan\/","robots":"max-snippet:-1, max-image-preview:large, max-video-preview:-1","keywords":"","webmasterTools":{"miscellaneous":"&lt;link rel=\"preconnect\" href=\"https:\/\/fonts.googleapis.com\" crossorigin&gt;\n&lt;link rel=\"preconnect\" href=\"https:\/\/fonts.gstatic.com\" crossorigin&gt;"},"schema":null,"og:locale":"es_ES","og:site_name":"SoyMigrante.com REVISTA \u2013 Nuestra misi\u00f3n es reconocer y dignificar al migrante.","og:type":"article","og:title":"Juan Sisay pionero de la pintura popular en Atitl\u00e1n","og:description":"Juan Sisay (1921-1989) fue un artista maya tzutujil que empez\u00f3 a pintar escenas de la vida de su pueblo a partir de 1950. Muri\u00f3 v\u00edctima del conflicto armado.","og:url":"https:\/\/soymigrante.com\/revista\/juan-sisay-arte-guatemalteco-maya-tzutujil-atitlan\/","og:image":"https:\/\/soymigrante.com\/revista\/wp-content\/uploads\/2025\/09\/Juan-Sisay1-e1757021856514.jpeg","og:image:secure_url":"https:\/\/soymigrante.com\/revista\/wp-content\/uploads\/2025\/09\/Juan-Sisay1-e1757021856514.jpeg","og:image:width":485,"og:image:height":485,"article:published_time":"2025-09-05T14:00:00+00:00","article:modified_time":"2025-09-05T05:27:28+00:00","article:publisher":"https:\/\/www.facebook.com\/soymigrantecom","twitter:card":"summary_large_image","twitter:site":"@SoyMigrante_com","twitter:title":"Juan Sisay pionero de la pintura popular en Atitl\u00e1n","twitter:description":"Juan Sisay (1921-1989) fue un artista maya tzutujil que empez\u00f3 a pintar escenas de la vida de su pueblo a partir de 1950. Muri\u00f3 v\u00edctima del conflicto armado.","twitter:creator":"@SoyMigrante_com","twitter:image":"https:\/\/soymigrante.com\/revista\/wp-content\/uploads\/2025\/09\/Juan-Sisay1-e1757021856514.jpeg"},"aioseo_meta_data":{"post_id":"43891","title":null,"description":"Rina Lazo (1923-2019) retrat\u00f3 la grandeza maya y reflej\u00f3 la cultura guatemalteca en lienzos y murales. Se form\u00f3 y gan\u00f3 fama en M\u00e9xico pero su alma era de quetzal.","keywords":null,"keyphrases":{"focus":{"keyphrase":"Rina Lazo","score":91,"analysis":{"keyphraseInTitle":{"score":9,"maxScore":9,"error":0},"keyphraseInDescription":{"score":9,"maxScore":9,"error":0},"keyphraseLength":{"score":9,"maxScore":9,"error":0,"length":2},"keyphraseInURL":{"score":5,"maxScore":5,"error":0},"keyphraseInIntroduction":{"score":9,"maxScore":9,"error":0},"keyphraseInSubHeadings":{"score":3,"maxScore":9,"error":1},"keyphraseInImageAlt":{"score":9,"maxScore":9,"error":0},"keywordDensity":{"type":"best","score":9,"maxScore":9,"error":0}}},"additional":[{"keyphrase":"M\u00e9xico","score":87,"analysis":{"keyphraseInDescription":{"score":9,"maxScore":9,"error":0},"keyphraseLength":{"score":9,"maxScore":9,"error":0,"length":2},"keyphraseInIntroduction":{"score":3,"maxScore":9,"error":1},"keyphraseInImageAlt":{"score":9,"maxScore":9,"error":0},"keywordDensity":{"type":"best","score":9,"maxScore":9,"error":0}}},{"keyphrase":"Diego Rivera","score":53,"analysis":{"keyphraseInDescription":{"score":3,"maxScore":9,"error":1},"keyphraseLength":{"score":9,"maxScore":9,"error":0,"length":2},"keyphraseInIntroduction":{"score":3,"maxScore":9,"error":1},"keyphraseInImageAlt":{"score":9,"maxScore":9,"error":0},"keywordDensity":{"score":0,"type":"low","maxScore":9,"error":1}}},{"keyphrase":"guatemalteca","score":67,"analysis":{"keyphraseInDescription":{"score":9,"maxScore":9,"error":0},"keyphraseLength":{"score":9,"maxScore":9,"error":0,"length":1},"keyphraseInIntroduction":{"score":9,"maxScore":9,"error":0},"keyphraseInImageAlt":{"score":3,"maxScore":9,"error":1},"keywordDensity":{"score":0,"type":"low","maxScore":9,"error":1}}}]},"primary_term":null,"canonical_url":null,"og_title":null,"og_description":null,"og_object_type":"default","og_image_type":"default","og_image_url":null,"og_image_width":null,"og_image_height":null,"og_image_custom_url":null,"og_image_custom_fields":null,"og_video":"","og_custom_url":null,"og_article_section":null,"og_article_tags":null,"twitter_use_og":false,"twitter_card":"default","twitter_image_type":"default","twitter_image_url":null,"twitter_image_custom_url":null,"twitter_image_custom_fields":null,"twitter_title":null,"twitter_description":null,"schema":{"blockGraphs":[],"customGraphs":[],"default":{"data":{"Article":[],"Course":[],"Dataset":[],"FAQPage":[],"Movie":[],"Person":[],"Product":[],"ProductReview":[],"Car":[],"Recipe":[],"Service":[],"SoftwareApplication":[],"WebPage":[]},"graphName":"none","isEnabled":true},"graphs":[]},"schema_type":"default","schema_type_options":null,"pillar_content":false,"robots_default":true,"robots_noindex":false,"robots_noarchive":false,"robots_nosnippet":false,"robots_nofollow":false,"robots_noimageindex":false,"robots_noodp":false,"robots_notranslate":false,"robots_max_snippet":"-1","robots_max_videopreview":"-1","robots_max_imagepreview":"large","priority":null,"frequency":"default","local_seo":null,"seo_analyzer_scan_date":"2025-10-09 08:22:42","breadcrumb_settings":null,"limit_modified_date":false,"reviewed_by":"0","open_ai":null,"ai":{"faqs":[],"keyPoints":[],"titles":[],"descriptions":[],"socialPosts":{"email":[],"linkedin":[],"twitter":[],"facebook":[],"instagram":[]}},"created":"2025-09-05 17:47:24","updated":"2026-02-05 04:36:27"},"aioseo_breadcrumb":"<div class=\"aioseo-breadcrumbs\"><span class=\"aioseo-breadcrumb\">\n\t<a href=\"https:\/\/soymigrante.com\/revista\" title=\"Home\">Home<\/a>\n<\/span><span class=\"aioseo-breadcrumb-separator\">\u00bb<\/span><span class=\"aioseo-breadcrumb\">\n\t<a href=\"https:\/\/soymigrante.com\/revista\/category\/guate-nuestra\/\" title=\"Guate Nuestra\">Guate Nuestra<\/a>\n<\/span><span class=\"aioseo-breadcrumb-separator\">\u00bb<\/span><span class=\"aioseo-breadcrumb\">\n\t<a href=\"https:\/\/soymigrante.com\/revista\/category\/guate-nuestra\/arte-cultura\/\" title=\"Cultura de Guatemala\">Cultura de Guatemala<\/a>\n<\/span><span class=\"aioseo-breadcrumb-separator\">\u00bb<\/span><span class=\"aioseo-breadcrumb\">\n\tMira arte guatemalteco: La mirada m\u00e1gica de Rina Lazo\n<\/span><\/div>","aioseo_breadcrumb_json":[{"label":"Home","link":"https:\/\/soymigrante.com\/revista"},{"label":"Guate Nuestra","link":"https:\/\/soymigrante.com\/revista\/category\/guate-nuestra\/"},{"label":"Cultura de Guatemala","link":"https:\/\/soymigrante.com\/revista\/category\/guate-nuestra\/arte-cultura\/"},{"label":"Mira arte guatemalteco: La mirada m\u00e1gica de Rina Lazo","link":"https:\/\/soymigrante.com\/revista\/mira-arte-guatemalteco-la-mirada-magica-de-rina-lazo\/"}],"_links":{"self":[{"href":"https:\/\/soymigrante.com\/revista\/wp-json\/wp\/v2\/posts\/43891","targetHints":{"allow":["GET"]}}],"collection":[{"href":"https:\/\/soymigrante.com\/revista\/wp-json\/wp\/v2\/posts"}],"about":[{"href":"https:\/\/soymigrante.com\/revista\/wp-json\/wp\/v2\/types\/post"}],"author":[{"embeddable":true,"href":"https:\/\/soymigrante.com\/revista\/wp-json\/wp\/v2\/users\/19"}],"replies":[{"embeddable":true,"href":"https:\/\/soymigrante.com\/revista\/wp-json\/wp\/v2\/comments?post=43891"}],"version-history":[{"count":22,"href":"https:\/\/soymigrante.com\/revista\/wp-json\/wp\/v2\/posts\/43891\/revisions"}],"predecessor-version":[{"id":43994,"href":"https:\/\/soymigrante.com\/revista\/wp-json\/wp\/v2\/posts\/43891\/revisions\/43994"}],"wp:featuredmedia":[{"embeddable":true,"href":"https:\/\/soymigrante.com\/revista\/wp-json\/wp\/v2\/media\/43892"}],"wp:attachment":[{"href":"https:\/\/soymigrante.com\/revista\/wp-json\/wp\/v2\/media?parent=43891"}],"wp:term":[{"taxonomy":"category","embeddable":true,"href":"https:\/\/soymigrante.com\/revista\/wp-json\/wp\/v2\/categories?post=43891"},{"taxonomy":"post_tag","embeddable":true,"href":"https:\/\/soymigrante.com\/revista\/wp-json\/wp\/v2\/tags?post=43891"}],"curies":[{"name":"wp","href":"https:\/\/api.w.org\/{rel}","templated":true}]}}