{"id":43878,"date":"2025-09-05T11:00:00","date_gmt":"2025-09-05T17:00:00","guid":{"rendered":"https:\/\/soymigrante.com\/revista\/?p=43878"},"modified":"2025-09-05T00:18:45","modified_gmt":"2025-09-05T06:18:45","slug":"grupo-agua-danzara-en-noche-guatemalteca-de-los-dodgers","status":"publish","type":"post","link":"https:\/\/soymigrante.com\/revista\/grupo-agua-danzara-en-noche-guatemalteca-de-los-dodgers\/","title":{"rendered":"Grupo AGUA danzar\u00e1 en Noche Guatemalteca de Los Dodgers"},"content":{"rendered":"\t\t<div data-elementor-type=\"wp-post\" data-elementor-id=\"43878\" class=\"elementor elementor-43878\" data-elementor-post-type=\"post\">\n\t\t\t\t<div data-particle_enable=\"false\" data-particle-mobile-disabled=\"false\" class=\"elementor-element elementor-element-db0d805 e-flex e-con-boxed e-con e-parent\" data-id=\"db0d805\" data-element_type=\"container\" data-e-type=\"container\">\n\t\t\t\t\t<div class=\"e-con-inner\">\n\t\t\t\t<div class=\"elementor-element elementor-element-4aa79d9 elementor-widget elementor-widget-heading\" data-id=\"4aa79d9\" data-element_type=\"widget\" data-e-type=\"widget\" data-widget_type=\"heading.default\">\n\t\t\t\t\t<h2 class=\"elementor-heading-title elementor-size-default\">Grupo de danza de la Asociaci\u00f3n Guatemalteca Americana bailar\u00e1 al son de marimba con 13 integrantes durante la Noche dedicada a la Herencia Cultural Guatemalteca el 9 de septiembre.<\/h2>\t\t\t\t<\/div>\n\t\t\t\t\t<\/div>\n\t\t\t\t<\/div>\n\t\t<div data-particle_enable=\"false\" data-particle-mobile-disabled=\"false\" class=\"elementor-element elementor-element-a68239f e-flex e-con-boxed e-con e-parent\" data-id=\"a68239f\" data-element_type=\"container\" data-e-type=\"container\">\n\t\t\t\t\t<div class=\"e-con-inner\">\n\t\t\t\t<div class=\"elementor-element elementor-element-d68faa7 elementor-widget elementor-widget-text-editor\" data-id=\"d68faa7\" data-element_type=\"widget\" data-e-type=\"widget\" data-widget_type=\"text-editor.default\">\n\t\t\t\t\t\t\t\t\t<p>&#8220;Todas las participantes del grupo de danza de la Asociaci\u00f3n Guatemalteca Americana, AGUA, pertenecen a la comunidad guatemalteca, en varias ciudades del \u00e1rea de Los Angeles. Nos pidieron 13 integrantes para la presentaci\u00f3n en la <a href=\"https:\/\/soymigrante.com\/revista\/los-dodgers-celebran-la-noche-de-la-herencia-guatemalteca-en-los-angeles\/\">Noche Guatemalteca del equipo de b\u00e9isbol Los Dodgers<\/a>&#8220;, cuenta <a href=\"https:\/\/soymigrante.com\/revista\/tuve-que-buscar-un-mejor-futuro-amarilys-ortiz-lider-guatemalteca-que-migro-a-california-desde-hace-mas-de-tres-decadas\/\">Amarilys Ortiz, l\u00edder migrante guatemalteca<\/a> y presidenta de la asociaci\u00f3n.<\/p><p>En efecto, el pr\u00f3ximo martes 9 de septiembre, en una plaza pr\u00f3xima al Estadio de Los Dodgers de Los Angeles, se presentar\u00e1n como parte de la exhibici\u00f3n de cultura guatemalteca.\u00a0<\/p>\t\t\t\t\t\t\t\t<\/div>\n\t\t\t\t\t<\/div>\n\t\t\t\t<\/div>\n\t\t<div data-particle_enable=\"false\" data-particle-mobile-disabled=\"false\" class=\"elementor-element elementor-element-e95dc93 e-flex e-con-boxed e-con e-parent\" data-id=\"e95dc93\" data-element_type=\"container\" data-e-type=\"container\">\n\t\t\t\t\t<div class=\"e-con-inner\">\n\t\t\t\t<div class=\"elementor-element elementor-element-1efd075 elementor-widget elementor-widget-image\" data-id=\"1efd075\" data-element_type=\"widget\" data-e-type=\"widget\" data-widget_type=\"image.default\">\n\t\t\t\t\t\t\t\t\t\t\t\t<figure class=\"wp-caption\">\n\t\t\t\t\t\t\t\t\t\t<img fetchpriority=\"high\" decoding=\"async\" width=\"1024\" height=\"1019\" src=\"https:\/\/soymigrante.com\/revista\/wp-content\/uploads\/2025\/09\/grupo-Asociacion-guatemalteca-americana-danza-los-angeles-2-1024x1019.jpg\" class=\"attachment-large size-large wp-image-43884\" alt=\"El grupo de danza de la Asociacion Guatemalteca Americana, AGUA presentar\u00e1 coreograf\u00edas basadas en tradiciones guatemaltecas, con m\u00fasica de marimba. Todas sus integrantes son guatemaltecas residentes en el \u00e1rea de Los Angeles. (Foto cortes\u00eda Amarilys Ort\u00edz)\" srcset=\"https:\/\/soymigrante.com\/revista\/wp-content\/uploads\/2025\/09\/grupo-Asociacion-guatemalteca-americana-danza-los-angeles-2-1024x1019.jpg 1024w, https:\/\/soymigrante.com\/revista\/wp-content\/uploads\/2025\/09\/grupo-Asociacion-guatemalteca-americana-danza-los-angeles-2-300x298.jpg 300w, https:\/\/soymigrante.com\/revista\/wp-content\/uploads\/2025\/09\/grupo-Asociacion-guatemalteca-americana-danza-los-angeles-2-150x150.jpg 150w, https:\/\/soymigrante.com\/revista\/wp-content\/uploads\/2025\/09\/grupo-Asociacion-guatemalteca-americana-danza-los-angeles-2-768x764.jpg 768w, https:\/\/soymigrante.com\/revista\/wp-content\/uploads\/2025\/09\/grupo-Asociacion-guatemalteca-americana-danza-los-angeles-2-75x75.jpg 75w, https:\/\/soymigrante.com\/revista\/wp-content\/uploads\/2025\/09\/grupo-Asociacion-guatemalteca-americana-danza-los-angeles-2-750x746.jpg 750w, https:\/\/soymigrante.com\/revista\/wp-content\/uploads\/2025\/09\/grupo-Asociacion-guatemalteca-americana-danza-los-angeles-2-1140x1134.jpg 1140w, https:\/\/soymigrante.com\/revista\/wp-content\/uploads\/2025\/09\/grupo-Asociacion-guatemalteca-americana-danza-los-angeles-2.jpg 1366w\" sizes=\"(max-width: 1024px) 100vw, 1024px\" title=\"El grupo de danza de la Asociacion Guatemalteca Americana, AGUA presentar\u00e1 coreograf\u00edas basadas en tradiciones guatemaltecas, con m\u00fasica de marimba. Todas sus integrantes son guatemaltecas residentes en el \u00e1rea de Los Angeles. (Foto cortes\u00eda Amarilys Ort\u00edz) \u2013 SoyMigrante.com REVISTA\" \/>\t\t\t\t\t\t\t\t\t\t\t<figcaption class=\"widget-image-caption wp-caption-text\">El grupo de danza de la Asociacion Guatemalteca Americana, AGUA presentar\u00e1 coreograf\u00edas basadas en tradiciones guatemaltecas, con m\u00fasica de marimba. Todas sus integrantes son guatemaltecas residentes en el \u00e1rea de Los Angeles. (Foto cortes\u00eda Amarilys Ort\u00edz)<\/figcaption>\n\t\t\t\t\t\t\t\t\t\t<\/figure>\n\t\t\t\t\t\t\t\t\t<\/div>\n\t\t\t\t\t<\/div>\n\t\t\t\t<\/div>\n\t\t<div data-particle_enable=\"false\" data-particle-mobile-disabled=\"false\" class=\"elementor-element elementor-element-431f20f e-flex e-con-boxed e-con e-parent\" data-id=\"431f20f\" data-element_type=\"container\" data-e-type=\"container\">\n\t\t\t\t\t<div class=\"e-con-inner\">\n\t\t\t\t<div class=\"elementor-element elementor-element-348c9c9 elementor-widget elementor-widget-text-editor\" data-id=\"348c9c9\" data-element_type=\"widget\" data-e-type=\"widget\" data-widget_type=\"text-editor.default\">\n\t\t\t\t\t\t\t\t\t<p>AGUA es ua organizaci\u00f3n civil y una entidad sin fines de lucro, conformada por ciudadanos guatemaltecos\u00a0 que se unen para promover el bien, los valores, la cultura y\u00a0la hermandad, pero tambi\u00e9n para aportar con acciones positivas en Estados Unidos.<\/p><p>&#8220;Fuimos invitadas a participar por la organizaci\u00f3n de los Dodgers a la <a href=\"https:\/\/soymigrante.com\/revista\/los-dodgers-celebran-la-noche-de-la-herencia-guatemalteca-en-los-angeles\/\">noche de la herencia hispana en reconocimiento a toda Guatemala<\/a> y a sus migrantes por toda su riqueza cultural y el aporte social\u00a0 econ\u00f3mico,y laboral que brindamos a este pa\u00eds&#8221;, agrega Ortiz.\u00a0<\/p>\t\t\t\t\t\t\t\t<\/div>\n\t\t\t\t\t<\/div>\n\t\t\t\t<\/div>\n\t\t<div data-particle_enable=\"false\" data-particle-mobile-disabled=\"false\" class=\"elementor-element elementor-element-4984cc1 e-flex e-con-boxed e-con e-parent\" data-id=\"4984cc1\" data-element_type=\"container\" data-e-type=\"container\">\n\t\t\t\t\t<div class=\"e-con-inner\">\n\t\t\t\t<div class=\"elementor-element elementor-element-3451491 elementor-widget elementor-widget-video\" data-id=\"3451491\" data-element_type=\"widget\" data-e-type=\"widget\" data-settings=\"{&quot;video_type&quot;:&quot;hosted&quot;,&quot;controls&quot;:&quot;yes&quot;}\" data-widget_type=\"video.default\">\n\t\t\t\t\t\t\t<div class=\"e-hosted-video elementor-wrapper elementor-open-inline\">\n\t\t\t\t\t<video class=\"elementor-video\" src=\"https:\/\/soymigrante.com\/revista\/wp-content\/uploads\/2025\/09\/asociacion-guatemalteca-americana-agua-grupo-de-danza-1.mp4\" controls=\"\" preload=\"metadata\" controlsList=\"nodownload\"><\/video>\n\t\t\t\t<\/div>\n\t\t\t\t\t\t<\/div>\n\t\t\t\t\t<\/div>\n\t\t\t\t<\/div>\n\t\t<div data-particle_enable=\"false\" data-particle-mobile-disabled=\"false\" class=\"elementor-element elementor-element-648f2a0 e-flex e-con-boxed e-con e-parent\" data-id=\"648f2a0\" data-element_type=\"container\" data-e-type=\"container\">\n\t\t\t\t\t<div class=\"e-con-inner\">\n\t\t\t\t<div class=\"elementor-element elementor-element-f91cfbc elementor-widget elementor-widget-text-editor\" data-id=\"f91cfbc\" data-element_type=\"widget\" data-e-type=\"widget\" data-widget_type=\"text-editor.default\">\n\t\t\t\t\t\t\t\t\t<p>&#8220;El grupo folkl\u00f3rico Bellezas Guatemaltecas que bailan por la libertad, es un grupo que naci\u00f3 de una funci\u00f3n de varias integrantes de grupos folkl\u00f3ricos en los \u00c1ngeles, para presentarse en escenarios donde puedan dar a conocer la riqueza cultural guatemalteca&#8221;, cuenta <a href=\"https:\/\/soymigrante.com\/revista\/tuve-que-buscar-un-mejor-futuro-amarilys-ortiz-lider-guatemalteca-que-migro-a-california-desde-hace-mas-de-tres-decadas\/\">Amarilys Ort\u00edz<\/a>\u00a0quien constantemente participa en actividades relacionadas con la comunidad migrante.<\/p>\t\t\t\t\t\t\t\t<\/div>\n\t\t\t\t\t<\/div>\n\t\t\t\t<\/div>\n\t\t<div data-particle_enable=\"false\" data-particle-mobile-disabled=\"false\" class=\"elementor-element elementor-element-c596125 e-flex e-con-boxed e-con e-parent\" data-id=\"c596125\" data-element_type=\"container\" data-e-type=\"container\">\n\t\t\t\t\t<div class=\"e-con-inner\">\n\t\t\t\t<div class=\"elementor-element elementor-element-95cc73c elementor-widget elementor-widget-image\" data-id=\"95cc73c\" data-element_type=\"widget\" data-e-type=\"widget\" data-widget_type=\"image.default\">\n\t\t\t\t\t\t\t\t\t\t\t\t<figure class=\"wp-caption\">\n\t\t\t\t\t\t\t\t\t\t<img decoding=\"async\" width=\"1024\" height=\"520\" src=\"https:\/\/soymigrante.com\/revista\/wp-content\/uploads\/2025\/09\/grupo-agua-danza-1024x520.jpg\" class=\"attachment-large size-large wp-image-43886\" alt=\"El grupo de danza de la Asociaci\u00f3n Guatemalteca Americana AGUA participa en actividades culturales de la comunidad guatemalteca en Los Angeles y ha sido invitada a algunas actividades del consulado de Guatemala. El objetivo siempre es exaltar la identidad multicultural.\" srcset=\"https:\/\/soymigrante.com\/revista\/wp-content\/uploads\/2025\/09\/grupo-agua-danza-1024x520.jpg 1024w, https:\/\/soymigrante.com\/revista\/wp-content\/uploads\/2025\/09\/grupo-agua-danza-300x152.jpg 300w, https:\/\/soymigrante.com\/revista\/wp-content\/uploads\/2025\/09\/grupo-agua-danza-768x390.jpg 768w, https:\/\/soymigrante.com\/revista\/wp-content\/uploads\/2025\/09\/grupo-agua-danza-750x381.jpg 750w, https:\/\/soymigrante.com\/revista\/wp-content\/uploads\/2025\/09\/grupo-agua-danza.jpg 1080w\" sizes=\"(max-width: 1024px) 100vw, 1024px\" title=\"El grupo de danza de la Asociaci\u00f3n Guatemalteca Americana AGUA participa en actividades culturales de la comunidad guatemalteca en Los Angeles y ha sido invitada a algunas actividades del consulado de Guatemala. El objetivo siempre es exaltar la identidad multicultural. \u2013 SoyMigrante.com REVISTA\" \/>\t\t\t\t\t\t\t\t\t\t\t<figcaption class=\"widget-image-caption wp-caption-text\">El grupo de danza de la Asociaci\u00f3n Guatemalteca Americana AGUA participa en actividades culturales de la comunidad guatemalteca en Los Angeles y ha sido invitada a algunas actividades del consulado de Guatemala. El objetivo siempre es exaltar la identidad multicultural. <\/figcaption>\n\t\t\t\t\t\t\t\t\t\t<\/figure>\n\t\t\t\t\t\t\t\t\t<\/div>\n\t\t\t\t\t<\/div>\n\t\t\t\t<\/div>\n\t\t<div data-particle_enable=\"false\" data-particle-mobile-disabled=\"false\" class=\"elementor-element elementor-element-bd59459 e-flex e-con-boxed e-con e-parent\" data-id=\"bd59459\" data-element_type=\"container\" data-e-type=\"container\">\n\t\t\t\t\t<div class=\"e-con-inner\">\n\t\t\t\t<div class=\"elementor-element elementor-element-d959bb7 elementor-widget elementor-widget-text-editor\" data-id=\"d959bb7\" data-element_type=\"widget\" data-e-type=\"widget\" data-widget_type=\"text-editor.default\">\n\t\t\t\t\t\t\t\t\t<p>&#8220;Todas ellas integran un rico tapiz de tradiciones que fusionan influencias ind\u00edgenas mayas, coloniales y espa\u00f1olas, evocando festividades religiosas y mayas como la Semana Santa y la <a href=\"https:\/\/soymigrante.com\/revista\/rabin-ajaw-2025-mireily-chan-jubilo-en-su-natal-san-cristobal-totonicapan\/\">Rab\u00edn Ajaw<\/a>&#8220;, dice <a href=\"https:\/\/soymigrante.com\/revista\/tuve-que-buscar-un-mejor-futuro-amarilys-ortiz-lider-guatemalteca-que-migro-a-california-desde-hace-mas-de-tres-decadas\/\">Amarilys Ortiz<\/a>.<\/p><p>&#8220;Tambi\u00e9n hay inspiraci\u00f3n de danzas patrimoniales como el <a href=\"https:\/\/soymigrante.com\/revista\/rabinal-achi-drama-prehispanico-patrimonio-cultural-de-guatemala\/\">Rabinal Ach\u00ed<\/a>, con m\u00fasica de <a href=\"https:\/\/soymigrante.com\/revista\/la-marimba-de-tecomates-maravilla-sonora-ancestral-esta-en-peligro\/\">marimba pura<\/a>, textiles mayas llenos de color, as\u00ed como ra\u00edces hist\u00f3ricas y multiculturales&#8221;, finaliza.\u00a0<\/p><p>La presentaci\u00f3n del grupo de danza AGUA se prev\u00e9 para las 18 horas, seg\u00fan el programa de la Noche Guatemalteca.\u00a0<\/p>\t\t\t\t\t\t\t\t<\/div>\n\t\t\t\t\t<\/div>\n\t\t\t\t<\/div>\n\t\t<div data-particle_enable=\"false\" data-particle-mobile-disabled=\"false\" class=\"elementor-element elementor-element-2c45f74 e-flex e-con-boxed e-con e-parent\" data-id=\"2c45f74\" data-element_type=\"container\" data-e-type=\"container\">\n\t\t\t\t\t<div class=\"e-con-inner\">\n\t\t\t\t<div class=\"elementor-element elementor-element-c1b4ebc elementor-widget elementor-widget-heading\" data-id=\"c1b4ebc\" data-element_type=\"widget\" data-e-type=\"widget\" data-widget_type=\"heading.default\">\n\t\t\t\t\t<h2 class=\"elementor-heading-title elementor-size-default\">Danzas guatemaltecas sin fronteras<\/h2>\t\t\t\t<\/div>\n\t\t\t\t\t<\/div>\n\t\t\t\t<\/div>\n\t\t<div data-particle_enable=\"false\" data-particle-mobile-disabled=\"false\" class=\"elementor-element elementor-element-d77aff2 e-flex e-con-boxed e-con e-parent\" data-id=\"d77aff2\" data-element_type=\"container\" data-e-type=\"container\">\n\t\t\t\t\t<div class=\"e-con-inner\">\n\t\t\t\t<div class=\"elementor-element elementor-element-dab7dbb elementor-grid-eael-col-3 elementor-grid-tablet-eael-col-2 elementor-grid-mobile-eael-col-1 elementor-widget elementor-widget-eael-post-grid\" data-id=\"dab7dbb\" data-element_type=\"widget\" data-e-type=\"widget\" data-settings=\"{&quot;eael_post_grid_columns&quot;:&quot;eael-col-3&quot;,&quot;eael_post_grid_columns_tablet&quot;:&quot;eael-col-2&quot;,&quot;eael_post_grid_columns_mobile&quot;:&quot;eael-col-1&quot;}\" data-widget_type=\"eael-post-grid.default\">\n\t\t\t\t\t<div id=\"eael-post-grid-dab7dbb\" class=\"eael-post-grid-container\">\n            <div class=\"eael-post-grid eael-post-appender eael-post-appender-dab7dbb eael-post-grid-style-one\" data-layout-mode=\"masonry\"><article class=\"eael-grid-post  eael-post-grid-column eael-pg-post-2073 category-guate-nuestra\" data-id=\"2073\">\n        <div class=\"eael-grid-post-holder\">\n            <div class=\"eael-grid-post-holder-inner\"><div class=\"eael-entry-media\"><div class=\"eael-entry-overlay fade-in\"><i class=\"far fa-hand-pointer\" aria-hidden=\"true\"><\/i><a href=\"https:\/\/soymigrante.com\/revista\/ajpon-danzas-mayas-homenaje-migrantes\/\"><\/a><\/div><div class=\"eael-entry-thumbnail \">\n                <img decoding=\"async\" width=\"1024\" height=\"683\" src=\"https:\/\/soymigrante.com\/revista\/wp-content\/uploads\/2023\/08\/Grupo-de-Danza-Tradicionales-Ajpon-fundado-por-Teresa-Ramirez-dedican-un-baile-tradional-a-los-migrantes-guatemlatecos-como-recordatorio-de-sus-raices-foto-por-Omar-Menchu-1024x683.webp\" class=\"attachment-large size-large wp-image-2138\" alt=\"Grupo de Danza Tradicionales Ajpon fundado por Teresa Ram\u00edrez dedican un baile tradicional a los migrantes guatemaltecos como recordatorio de sus ra\u00edces foto por Omar Mench\u00fa\" srcset=\"https:\/\/soymigrante.com\/revista\/wp-content\/uploads\/2023\/08\/Grupo-de-Danza-Tradicionales-Ajpon-fundado-por-Teresa-Ramirez-dedican-un-baile-tradional-a-los-migrantes-guatemlatecos-como-recordatorio-de-sus-raices-foto-por-Omar-Menchu-1024x683.webp 1024w, https:\/\/soymigrante.com\/revista\/wp-content\/uploads\/2023\/08\/Grupo-de-Danza-Tradicionales-Ajpon-fundado-por-Teresa-Ramirez-dedican-un-baile-tradional-a-los-migrantes-guatemlatecos-como-recordatorio-de-sus-raices-foto-por-Omar-Menchu-300x200.webp 300w, https:\/\/soymigrante.com\/revista\/wp-content\/uploads\/2023\/08\/Grupo-de-Danza-Tradicionales-Ajpon-fundado-por-Teresa-Ramirez-dedican-un-baile-tradional-a-los-migrantes-guatemlatecos-como-recordatorio-de-sus-raices-foto-por-Omar-Menchu-768x512.webp 768w, https:\/\/soymigrante.com\/revista\/wp-content\/uploads\/2023\/08\/Grupo-de-Danza-Tradicionales-Ajpon-fundado-por-Teresa-Ramirez-dedican-un-baile-tradional-a-los-migrantes-guatemlatecos-como-recordatorio-de-sus-raices-foto-por-Omar-Menchu-1536x1024.webp 1536w, https:\/\/soymigrante.com\/revista\/wp-content\/uploads\/2023\/08\/Grupo-de-Danza-Tradicionales-Ajpon-fundado-por-Teresa-Ramirez-dedican-un-baile-tradional-a-los-migrantes-guatemlatecos-como-recordatorio-de-sus-raices-foto-por-Omar-Menchu.webp 1920w, https:\/\/soymigrante.com\/revista\/wp-content\/uploads\/2023\/08\/Grupo-de-Danza-Tradicionales-Ajpon-fundado-por-Teresa-Ramirez-dedican-un-baile-tradional-a-los-migrantes-guatemlatecos-como-recordatorio-de-sus-raices-foto-por-Omar-Menchu-750x500.webp 750w, https:\/\/soymigrante.com\/revista\/wp-content\/uploads\/2023\/08\/Grupo-de-Danza-Tradicionales-Ajpon-fundado-por-Teresa-Ramirez-dedican-un-baile-tradional-a-los-migrantes-guatemlatecos-como-recordatorio-de-sus-raices-foto-por-Omar-Menchu-1140x760.webp 1140w, https:\/\/soymigrante.com\/revista\/wp-content\/uploads\/2023\/08\/Grupo-de-Danza-Tradicionales-Ajpon-fundado-por-Teresa-Ramirez-dedican-un-baile-tradional-a-los-migrantes-guatemlatecos-como-recordatorio-de-sus-raices-foto-por-Omar-Menchu-600x400.webp 600w\" sizes=\"(max-width: 1024px) 100vw, 1024px\" \/>\n            <\/div>\n        <\/div><div class=\"eael-entry-wrapper\"><header class=\"eael-entry-header\"><h2 class=\"eael-entry-title\"><a class=\"eael-grid-post-link\" href=\"https:\/\/soymigrante.com\/revista\/ajpon-danzas-mayas-homenaje-migrantes\/\" title=\"Ajpon: Danzas mayas que honran a migrantes guatemaltecos\">Ajpon: Danzas mayas que honran a migrantes guatemaltecos<\/a><\/h2><\/header><div class=\"eael-entry-content\">\n                        <div class=\"eael-grid-post-excerpt\"><a href=\"https:\/\/soymigrante.com\/revista\/ajpon-danzas-mayas-homenaje-migrantes\/\" class=\"eael-post-elements-readmore-btn\">CONOCE SU HISTORIA <\/a><\/div>\n                    <\/div><\/div><\/div>\n        <\/div>\n    <\/article><article class=\"eael-grid-post  eael-post-grid-column eael-pg-post-3639 category-exitos\" data-id=\"3639\">\n        <div class=\"eael-grid-post-holder\">\n            <div class=\"eael-grid-post-holder-inner\"><div class=\"eael-entry-media\"><div class=\"eael-entry-overlay fade-in\"><i class=\"far fa-hand-pointer\" aria-hidden=\"true\"><\/i><a href=\"https:\/\/soymigrante.com\/revista\/migrante-awal-marimba-tradicion-guatemala-washington\/\"><\/a><\/div><div class=\"eael-entry-thumbnail \">\n                <img loading=\"lazy\" decoding=\"async\" width=\"1024\" height=\"714\" src=\"https:\/\/soymigrante.com\/revista\/wp-content\/uploads\/2023\/12\/grupo-maya-awal-e1701797039856-1024x714.webp\" class=\"attachment-large size-large wp-image-3659\" alt=\"\" srcset=\"https:\/\/soymigrante.com\/revista\/wp-content\/uploads\/2023\/12\/grupo-maya-awal-e1701797039856-1024x714.webp 1024w, https:\/\/soymigrante.com\/revista\/wp-content\/uploads\/2023\/12\/grupo-maya-awal-e1701797039856-300x209.webp 300w, https:\/\/soymigrante.com\/revista\/wp-content\/uploads\/2023\/12\/grupo-maya-awal-e1701797039856-768x535.webp 768w, https:\/\/soymigrante.com\/revista\/wp-content\/uploads\/2023\/12\/grupo-maya-awal-e1701797039856-750x523.webp 750w, https:\/\/soymigrante.com\/revista\/wp-content\/uploads\/2023\/12\/grupo-maya-awal-e1701797039856.webp 1030w\" sizes=\"(max-width: 1024px) 100vw, 1024px\" \/>\n            <\/div>\n        <\/div><div class=\"eael-entry-wrapper\"><header class=\"eael-entry-header\"><h2 class=\"eael-entry-title\"><a class=\"eael-grid-post-link\" href=\"https:\/\/soymigrante.com\/revista\/migrante-awal-marimba-tradicion-guatemala-washington\/\" title=\"Familias migrantes integran una sola en Danza Awal\">Familias migrantes integran una sola en Danza Awal<\/a><\/h2><\/header><div class=\"eael-entry-content\">\n                        <div class=\"eael-grid-post-excerpt\"><a href=\"https:\/\/soymigrante.com\/revista\/migrante-awal-marimba-tradicion-guatemala-washington\/\" class=\"eael-post-elements-readmore-btn\">CONOCE SU HISTORIA <\/a><\/div>\n                    <\/div><\/div><\/div>\n        <\/div>\n    <\/article><article class=\"eael-grid-post  eael-post-grid-column eael-pg-post-9584 category-estamos-unidos\" data-id=\"9584\">\n        <div class=\"eael-grid-post-holder\">\n            <div class=\"eael-grid-post-holder-inner\"><div class=\"eael-entry-media\"><div class=\"eael-entry-overlay fade-in\"><i class=\"far fa-hand-pointer\" aria-hidden=\"true\"><\/i><a href=\"https:\/\/soymigrante.com\/revista\/emocion-nostalgia-y-creatividad-bailan-con-el-convite-guatemala-rhode-island\/\"><\/a><\/div><div class=\"eael-entry-thumbnail \">\n                <img loading=\"lazy\" decoding=\"async\" width=\"1024\" height=\"1024\" src=\"https:\/\/soymigrante.com\/revista\/wp-content\/uploads\/2024\/09\/convite-guatemala-rhode-island-1024x1024.webp\" class=\"attachment-large size-large wp-image-9600\" alt=\"Vistiendo disfraces tradicionales de baile folkl\u00f3rico mexicano con colores vibrantes y accesorios llamativos en una celebraci\u00f3n cultural.\" srcset=\"https:\/\/soymigrante.com\/revista\/wp-content\/uploads\/2024\/09\/convite-guatemala-rhode-island-1024x1024.webp 1024w, https:\/\/soymigrante.com\/revista\/wp-content\/uploads\/2024\/09\/convite-guatemala-rhode-island-300x300.webp 300w, https:\/\/soymigrante.com\/revista\/wp-content\/uploads\/2024\/09\/convite-guatemala-rhode-island-150x150.webp 150w, https:\/\/soymigrante.com\/revista\/wp-content\/uploads\/2024\/09\/convite-guatemala-rhode-island-768x768.webp 768w, https:\/\/soymigrante.com\/revista\/wp-content\/uploads\/2024\/09\/convite-guatemala-rhode-island-75x75.webp 75w, https:\/\/soymigrante.com\/revista\/wp-content\/uploads\/2024\/09\/convite-guatemala-rhode-island-750x750.webp 750w, https:\/\/soymigrante.com\/revista\/wp-content\/uploads\/2024\/09\/convite-guatemala-rhode-island-1140x1140.webp 1140w, https:\/\/soymigrante.com\/revista\/wp-content\/uploads\/2024\/09\/convite-guatemala-rhode-island.webp 1536w\" sizes=\"(max-width: 1024px) 100vw, 1024px\" \/>\n            <\/div>\n        <\/div><div class=\"eael-entry-wrapper\"><header class=\"eael-entry-header\"><h2 class=\"eael-entry-title\"><a class=\"eael-grid-post-link\" href=\"https:\/\/soymigrante.com\/revista\/emocion-nostalgia-y-creatividad-bailan-con-el-convite-guatemala-rhode-island\/\" title=\"Emoci\u00f3n, nostalgia y creatividad bailan con el Convite Guatemala Rhode Island\">Emoci\u00f3n, nostalgia y creatividad bailan con el Convite Guatemala Rhode Island<\/a><\/h2><\/header><div class=\"eael-entry-content\">\n                        <div class=\"eael-grid-post-excerpt\"><a href=\"https:\/\/soymigrante.com\/revista\/emocion-nostalgia-y-creatividad-bailan-con-el-convite-guatemala-rhode-island\/\" class=\"eael-post-elements-readmore-btn\">CONOCE SU HISTORIA <\/a><\/div>\n                    <\/div><\/div><\/div>\n        <\/div>\n    <\/article><\/div>\n            <div class=\"clearfix\"><\/div>\n        <\/div>\t\t\t\t<\/div>\n\t\t\t\t\t<\/div>\n\t\t\t\t<\/div>\n\t\t\t\t<\/div>\n\t\t","protected":false},"excerpt":{"rendered":"<p>Grupo de danza de la Asociaci\u00f3n Guatemalteca Americana bailar\u00e1 al son de marimba con 13 integrantes durante la Noche dedicada a la Herencia Cultural Guatemalteca el 9 de septiembre. &#8220;Todas las participantes del grupo de danza de la Asociaci\u00f3n Guatemalteca Americana, AGUA, pertenecen a la comunidad guatemalteca, en varias ciudades del \u00e1rea de Los Angeles. [&hellip;]<\/p>\n","protected":false},"author":1,"featured_media":43879,"comment_status":"open","ping_status":"open","sticky":false,"template":"","format":"standard","meta":{"_acf_changed":false,"_eb_attr":"","footnotes":""},"categories":[54],"tags":[],"class_list":["post-43878","post","type-post","status-publish","format-standard","has-post-thumbnail","hentry","category-estamos-unidos"],"acf":[],"aioseo_notices":[],"aioseo_head":"\n\t\t<!-- All in One SEO Pro 4.9.6.2 - aioseo.com -->\n\t<meta name=\"description\" content=\"Migrantes guatemaltecos integran el Convite Guatemala Rhode Island, con m\u00e1scaras, trajes, marimba y por supuesto, el recuerdo de una fiesta patria en su tierra natal. Su cofundador y presidente Jos\u00e9 Pascual Ijchajchal Haz, originario de Chicacao, habl\u00f3 con SoyMigrante.com La inquietud y la nostalgia de tres amigos, migrantes guatemaltecos radicados en Rhode Island, fue el Jos\u00e9 Pascual Ijchajchal preside el convite Guatemala Rhode Island, que desde 2022 baila en cada septiembre patrio, evocando tradici\u00f3n y recuerdos a la distancia\" \/>\n\t<meta name=\"robots\" content=\"max-snippet:-1, max-image-preview:large, max-video-preview:-1\" \/>\n\t<meta name=\"author\" content=\"SoyMigrante.com REVISTA\"\/>\n\t<link rel=\"canonical\" href=\"https:\/\/soymigrante.com\/revista\/grupo-agua-danzara-en-noche-guatemalteca-de-los-dodgers\/\" \/>\n\t<meta name=\"generator\" content=\"All in One SEO Pro (AIOSEO) 4.9.6.2\" \/>\n\n\t\t<link rel=\"preconnect\" href=\"https:\/\/fonts.googleapis.com\" crossorigin>\n<link rel=\"preconnect\" href=\"https:\/\/fonts.gstatic.com\" crossorigin>\n\t\t<meta property=\"og:locale\" content=\"es_ES\" \/>\n\t\t<meta property=\"og:site_name\" content=\"SoyMigrante.com REVISTA \u2013 Nuestra misi\u00f3n es reconocer y dignificar al migrante.\" \/>\n\t\t<meta property=\"og:type\" content=\"article\" \/>\n\t\t<meta property=\"og:title\" content=\"Grupo de danza AGUA en noche guatemalteca de Los Dodgers 2025\" \/>\n\t\t<meta property=\"og:description\" content=\"Agrupaci\u00f3n de danza forma parte de la Asociaci\u00f3n Guatemalteca Americana, AGUA, dirigida por Amarilys Ortiz. Se presentar\u00e1n el martes 9 en estadio de Los Dodgers\" \/>\n\t\t<meta property=\"og:url\" content=\"https:\/\/soymigrante.com\/revista\/grupo-agua-danzara-en-noche-guatemalteca-de-los-dodgers\/\" \/>\n\t\t<meta property=\"og:image\" content=\"https:\/\/soymigrante.com\/revista\/wp-content\/uploads\/2025\/09\/grupo-Asociacion-guatemalteca-americana-danza-los-angeles-1.jpg\" \/>\n\t\t<meta property=\"og:image:secure_url\" content=\"https:\/\/soymigrante.com\/revista\/wp-content\/uploads\/2025\/09\/grupo-Asociacion-guatemalteca-americana-danza-los-angeles-1.jpg\" \/>\n\t\t<meta property=\"og:image:width\" content=\"1080\" \/>\n\t\t<meta property=\"og:image:height\" content=\"1080\" \/>\n\t\t<meta property=\"article:published_time\" content=\"2025-09-05T17:00:00+00:00\" \/>\n\t\t<meta property=\"article:modified_time\" content=\"2025-09-05T06:18:45+00:00\" \/>\n\t\t<meta property=\"article:publisher\" content=\"https:\/\/www.facebook.com\/soymigrantecom\" \/>\n\t\t<meta name=\"twitter:card\" content=\"summary_large_image\" \/>\n\t\t<meta name=\"twitter:site\" content=\"@SoyMigrante_com\" \/>\n\t\t<meta name=\"twitter:title\" content=\"Grupo de danza AGUA en noche guatemalteca de Los Dodgers 2025\" \/>\n\t\t<meta name=\"twitter:description\" content=\"Agrupaci\u00f3n de danza forma parte de la Asociaci\u00f3n Guatemalteca Americana, AGUA, dirigida por Amarilys Ortiz. Se presentar\u00e1n el martes 9 en estadio de Los Dodgers\" \/>\n\t\t<meta name=\"twitter:creator\" content=\"@SoyMigrante_com\" \/>\n\t\t<meta name=\"twitter:image\" content=\"https:\/\/soymigrante.com\/revista\/wp-content\/uploads\/2025\/09\/grupo-Asociacion-guatemalteca-americana-danza-los-angeles-1.jpg\" \/>\n\t\t<!-- All in One SEO Pro -->\r\n\t\t<title>Grupo de danza AGUA en noche guatemalteca de Los Dodgers 2025<\/title>\n\n","aioseo_head_json":{"title":"Grupo de danza AGUA en noche guatemalteca de Los Dodgers 2025","description":"Agrupaci\u00f3n de danza forma parte de la Asociaci\u00f3n Guatemalteca Americana, AGUA, dirigida por Amarilys Ortiz. Se presentar\u00e1n el martes 9 en estadio de Los Dodgers","canonical_url":"https:\/\/soymigrante.com\/revista\/grupo-agua-danzara-en-noche-guatemalteca-de-los-dodgers\/","robots":"max-snippet:-1, max-image-preview:large, max-video-preview:-1","keywords":"","webmasterTools":{"miscellaneous":"&lt;link rel=\"preconnect\" href=\"https:\/\/fonts.googleapis.com\" crossorigin&gt;\n&lt;link rel=\"preconnect\" href=\"https:\/\/fonts.gstatic.com\" crossorigin&gt;"},"schema":null,"og:locale":"es_ES","og:site_name":"SoyMigrante.com REVISTA \u2013 Nuestra misi\u00f3n es reconocer y dignificar al migrante.","og:type":"article","og:title":"Grupo de danza AGUA en noche guatemalteca de Los Dodgers 2025","og:description":"Agrupaci\u00f3n de danza forma parte de la Asociaci\u00f3n Guatemalteca Americana, AGUA, dirigida por Amarilys Ortiz. Se presentar\u00e1n el martes 9 en estadio de Los Dodgers","og:url":"https:\/\/soymigrante.com\/revista\/grupo-agua-danzara-en-noche-guatemalteca-de-los-dodgers\/","og:image":"https:\/\/soymigrante.com\/revista\/wp-content\/uploads\/2025\/09\/grupo-Asociacion-guatemalteca-americana-danza-los-angeles-1.jpg","og:image:secure_url":"https:\/\/soymigrante.com\/revista\/wp-content\/uploads\/2025\/09\/grupo-Asociacion-guatemalteca-americana-danza-los-angeles-1.jpg","og:image:width":1080,"og:image:height":1080,"article:published_time":"2025-09-05T17:00:00+00:00","article:modified_time":"2025-09-05T06:18:45+00:00","article:publisher":"https:\/\/www.facebook.com\/soymigrantecom","twitter:card":"summary_large_image","twitter:site":"@SoyMigrante_com","twitter:title":"Grupo de danza AGUA en noche guatemalteca de Los Dodgers 2025","twitter:description":"Agrupaci\u00f3n de danza forma parte de la Asociaci\u00f3n Guatemalteca Americana, AGUA, dirigida por Amarilys Ortiz. Se presentar\u00e1n el martes 9 en estadio de Los Dodgers","twitter:creator":"@SoyMigrante_com","twitter:image":"https:\/\/soymigrante.com\/revista\/wp-content\/uploads\/2025\/09\/grupo-Asociacion-guatemalteca-americana-danza-los-angeles-1.jpg"},"aioseo_meta_data":{"post_id":"43878","title":"Grupo de danza AGUA en noche guatemalteca de Los Dodgers 2025","description":"Agrupaci\u00f3n de danza forma parte de la Asociaci\u00f3n Guatemalteca Americana, AGUA, dirigida por Amarilys Ortiz. Se presentar\u00e1n el martes 9 en estadio de Los Dodgers","keywords":null,"keyphrases":{"focus":{"keyphrase":"Guatemalteca","score":78,"analysis":{"keyphraseInTitle":{"score":9,"maxScore":9,"error":0},"keyphraseInDescription":{"score":9,"maxScore":9,"error":0},"keyphraseLength":{"score":9,"maxScore":9,"error":0,"length":1},"keyphraseInURL":{"score":5,"maxScore":5,"error":0},"keyphraseInIntroduction":{"score":9,"maxScore":9,"error":0},"keyphraseInSubHeadings":{"score":3,"maxScore":9,"error":1},"keyphraseInImageAlt":{"score":9,"maxScore":9,"error":0},"keywordDensity":{"type":"high","score":0,"maxScore":9,"error":1}}},"additional":[{"keyphrase":"Dodgers","score":87,"analysis":{"keyphraseInDescription":{"score":9,"maxScore":9,"error":0},"keyphraseLength":{"score":9,"maxScore":9,"error":0,"length":1},"keyphraseInIntroduction":{"score":9,"maxScore":9,"error":0},"keyphraseInImageAlt":{"score":3,"maxScore":9,"error":1},"keywordDensity":{"type":"best","score":9,"maxScore":9,"error":0}}},{"keyphrase":"Danza","score":100,"analysis":{"keyphraseInDescription":{"score":9,"maxScore":9,"error":0},"keyphraseLength":{"score":9,"maxScore":9,"error":0,"length":1},"keyphraseInIntroduction":{"score":9,"maxScore":9,"error":0},"keyphraseInImageAlt":{"score":9,"maxScore":9,"error":0},"keywordDensity":{"type":"best","score":9,"maxScore":9,"error":0}}}]},"primary_term":null,"canonical_url":null,"og_title":null,"og_description":null,"og_object_type":"default","og_image_type":"default","og_image_url":null,"og_image_width":null,"og_image_height":null,"og_image_custom_url":null,"og_image_custom_fields":null,"og_video":"","og_custom_url":null,"og_article_section":null,"og_article_tags":null,"twitter_use_og":false,"twitter_card":"default","twitter_image_type":"default","twitter_image_url":null,"twitter_image_custom_url":null,"twitter_image_custom_fields":null,"twitter_title":null,"twitter_description":null,"schema":{"blockGraphs":[],"customGraphs":[],"default":{"data":{"Article":[],"Course":[],"Dataset":[],"FAQPage":[],"Movie":[],"Person":[],"Product":[],"ProductReview":[],"Car":[],"Recipe":[],"Service":[],"SoftwareApplication":[],"WebPage":[]},"graphName":"none","isEnabled":true},"graphs":[]},"schema_type":"default","schema_type_options":null,"pillar_content":false,"robots_default":true,"robots_noindex":false,"robots_noarchive":false,"robots_nosnippet":false,"robots_nofollow":false,"robots_noimageindex":false,"robots_noodp":false,"robots_notranslate":false,"robots_max_snippet":"-1","robots_max_videopreview":"-1","robots_max_imagepreview":"large","priority":null,"frequency":"default","local_seo":null,"seo_analyzer_scan_date":"2025-10-09 08:20:59","breadcrumb_settings":null,"limit_modified_date":false,"reviewed_by":"0","open_ai":null,"ai":{"faqs":[],"keyPoints":[],"titles":[],"descriptions":[],"socialPosts":{"email":[],"linkedin":[],"twitter":[],"facebook":[],"instagram":[]}},"created":"2025-09-05 05:40:37","updated":"2026-02-05 04:36:25"},"aioseo_breadcrumb":"<div class=\"aioseo-breadcrumbs\"><span class=\"aioseo-breadcrumb\">\n\t<a href=\"https:\/\/soymigrante.com\/revista\" title=\"Home\">Home<\/a>\n<\/span><span class=\"aioseo-breadcrumb-separator\">\u00bb<\/span><span class=\"aioseo-breadcrumb\">\n\t<a href=\"https:\/\/soymigrante.com\/revista\/category\/estamos-unidos\/\" title=\"Estamos Unidos\">Estamos Unidos<\/a>\n<\/span><span class=\"aioseo-breadcrumb-separator\">\u00bb<\/span><span class=\"aioseo-breadcrumb\">\n\tGrupo AGUA danzar\u00e1 en Noche Guatemalteca de Los Dodgers\n<\/span><\/div>","aioseo_breadcrumb_json":[{"label":"Home","link":"https:\/\/soymigrante.com\/revista"},{"label":"Estamos Unidos","link":"https:\/\/soymigrante.com\/revista\/category\/estamos-unidos\/"},{"label":"Grupo AGUA danzar\u00e1 en Noche Guatemalteca de Los Dodgers","link":"https:\/\/soymigrante.com\/revista\/grupo-agua-danzara-en-noche-guatemalteca-de-los-dodgers\/"}],"_links":{"self":[{"href":"https:\/\/soymigrante.com\/revista\/wp-json\/wp\/v2\/posts\/43878","targetHints":{"allow":["GET"]}}],"collection":[{"href":"https:\/\/soymigrante.com\/revista\/wp-json\/wp\/v2\/posts"}],"about":[{"href":"https:\/\/soymigrante.com\/revista\/wp-json\/wp\/v2\/types\/post"}],"author":[{"embeddable":true,"href":"https:\/\/soymigrante.com\/revista\/wp-json\/wp\/v2\/users\/1"}],"replies":[{"embeddable":true,"href":"https:\/\/soymigrante.com\/revista\/wp-json\/wp\/v2\/comments?post=43878"}],"version-history":[{"count":7,"href":"https:\/\/soymigrante.com\/revista\/wp-json\/wp\/v2\/posts\/43878\/revisions"}],"predecessor-version":[{"id":43890,"href":"https:\/\/soymigrante.com\/revista\/wp-json\/wp\/v2\/posts\/43878\/revisions\/43890"}],"wp:featuredmedia":[{"embeddable":true,"href":"https:\/\/soymigrante.com\/revista\/wp-json\/wp\/v2\/media\/43879"}],"wp:attachment":[{"href":"https:\/\/soymigrante.com\/revista\/wp-json\/wp\/v2\/media?parent=43878"}],"wp:term":[{"taxonomy":"category","embeddable":true,"href":"https:\/\/soymigrante.com\/revista\/wp-json\/wp\/v2\/categories?post=43878"},{"taxonomy":"post_tag","embeddable":true,"href":"https:\/\/soymigrante.com\/revista\/wp-json\/wp\/v2\/tags?post=43878"}],"curies":[{"name":"wp","href":"https:\/\/api.w.org\/{rel}","templated":true}]}}