{"id":4383,"date":"2025-01-11T11:42:22","date_gmt":"2025-01-11T17:42:22","guid":{"rendered":"https:\/\/soymigrante.com\/revista\/?p=4383"},"modified":"2025-01-26T18:52:36","modified_gmt":"2025-01-27T00:52:36","slug":"parroquias-estados-unidos-festejan-dia-del-cristo-de-esquipulas","status":"publish","type":"post","link":"https:\/\/soymigrante.com\/revista\/parroquias-estados-unidos-festejan-dia-del-cristo-de-esquipulas\/","title":{"rendered":"\u00bfEn qu\u00e9 iglesias de USA se venera al Cristo de Esquipulas? Listado y ubicaci\u00f3n"},"content":{"rendered":"\t\t<div data-elementor-type=\"wp-post\" data-elementor-id=\"4383\" class=\"elementor elementor-4383\" data-elementor-post-type=\"post\">\n\t\t\t\t\t\t<section data-particle_enable=\"false\" data-particle-mobile-disabled=\"false\" class=\"elementor-section elementor-top-section elementor-element elementor-element-9511df9 elementor-section-boxed elementor-section-height-default elementor-section-height-default\" data-id=\"9511df9\" data-element_type=\"section\" data-e-type=\"section\">\n\t\t\t\t\t\t<div class=\"elementor-container elementor-column-gap-default\">\n\t\t\t\t\t<div class=\"elementor-column elementor-col-100 elementor-top-column elementor-element elementor-element-9d570d7\" data-id=\"9d570d7\" data-element_type=\"column\" data-e-type=\"column\">\n\t\t\t<div class=\"elementor-widget-wrap elementor-element-populated\">\n\t\t\t\t\t\t<div class=\"elementor-element elementor-element-e0423e2 elementor-widget elementor-widget-heading\" data-id=\"e0423e2\" data-element_type=\"widget\" data-e-type=\"widget\" data-widget_type=\"heading.default\">\n\t\t\t\t\t<h2 class=\"elementor-heading-title elementor-size-default\">En  templos y comunidades de ciudades de Estados Unidos se venera al Santo Cristo de Esquipulas. Esta devoci\u00f3n re\u00fane a devotos guatemaltecos e hispanos, que van en busca de paz, consuelo espiritual y un milagro.<\/h2>\t\t\t\t<\/div>\n\t\t\t\t\t<\/div>\n\t\t<\/div>\n\t\t\t\t\t<\/div>\n\t\t<\/section>\n\t\t\t\t<section data-particle_enable=\"false\" data-particle-mobile-disabled=\"false\" class=\"elementor-section elementor-top-section elementor-element elementor-element-47b8af7 elementor-section-boxed elementor-section-height-default elementor-section-height-default\" data-id=\"47b8af7\" data-element_type=\"section\" data-e-type=\"section\">\n\t\t\t\t\t\t<div class=\"elementor-container elementor-column-gap-default\">\n\t\t\t\t\t<div class=\"elementor-column elementor-col-100 elementor-top-column elementor-element elementor-element-72b3d3c\" data-id=\"72b3d3c\" data-element_type=\"column\" data-e-type=\"column\">\n\t\t\t<div class=\"elementor-widget-wrap elementor-element-populated\">\n\t\t\t\t\t\t<div class=\"elementor-element elementor-element-611aef5 elementor-widget elementor-widget-html\" data-id=\"611aef5\" data-element_type=\"widget\" data-e-type=\"widget\" data-widget_type=\"html.default\">\n\t\t\t\t\t<div id=\"buzzsprout-player-16473890\"><\/div><script src=\"https:\/\/www.buzzsprout.com\/2444168\/episodes\/16473890-cristo-de-esquipulas-en-los-estados-unidos.js?container_id=buzzsprout-player-16473890&player=small\" type=\"text\/javascript\" charset=\"utf-8\"><\/script>\t\t\t\t<\/div>\n\t\t\t\t<div class=\"elementor-element elementor-element-89264b6 elementor-widget elementor-widget-text-editor\" data-id=\"89264b6\" data-element_type=\"widget\" data-e-type=\"widget\" data-widget_type=\"text-editor.default\">\n\t\t\t\t\t\t\t\t\t<p>Sin ninguna duda, la devoci\u00f3n al Santo Cristo de Esquipulas se fue lejos con el coraz\u00f3n de los migrantes guatemaltecos y constituye un verdadero elemento de identidad a traves de la fe. Pero tambi\u00e9n hay devotos mexicanos, hondure\u00f1os, salvadore\u00f1os y de otras nacionalidades, que han visitado el Santuario de Esquipulas, Chiquimula.Por eso, quienes llegan como migrantes a EE.UU. buscan en d\u00f3nde venerar la consagrada imagen.<\/p><p>Estas son algunas de las comunidades que festejar\u00e1n este 15 de enero la cuatricentenaria veneraci\u00f3n, pero que durante todo el a\u00f1o tienen una r\u00e9plica de la imagen para meditar, orar, pedir favores y fortaleza espiritual.\u00a0<\/p>\t\t\t\t\t\t\t\t<\/div>\n\t\t\t\t\t<\/div>\n\t\t<\/div>\n\t\t\t\t\t<\/div>\n\t\t<\/section>\n\t\t\t\t<section data-particle_enable=\"false\" data-particle-mobile-disabled=\"false\" class=\"elementor-section elementor-top-section elementor-element elementor-element-425269e elementor-section-boxed elementor-section-height-default elementor-section-height-default\" data-id=\"425269e\" data-element_type=\"section\" data-e-type=\"section\">\n\t\t\t\t\t\t<div class=\"elementor-container elementor-column-gap-default\">\n\t\t\t\t\t<div class=\"elementor-column elementor-col-100 elementor-top-column elementor-element elementor-element-fdd9469\" data-id=\"fdd9469\" data-element_type=\"column\" data-e-type=\"column\">\n\t\t\t<div class=\"elementor-widget-wrap elementor-element-populated\">\n\t\t\t\t\t\t<div class=\"elementor-element elementor-element-8411633 elementor-widget elementor-widget-heading\" data-id=\"8411633\" data-element_type=\"widget\" data-e-type=\"widget\" data-widget_type=\"heading.default\">\n\t\t\t\t\t<h2 class=\"elementor-heading-title elementor-size-default\">Parroquia San Jos\u00e9 y San Bonifacio, Spring Valley, Nueva York<\/h2>\t\t\t\t<\/div>\n\t\t\t\t\t<\/div>\n\t\t<\/div>\n\t\t\t\t\t<\/div>\n\t\t<\/section>\n\t\t\t\t<section data-particle_enable=\"false\" data-particle-mobile-disabled=\"false\" class=\"elementor-section elementor-top-section elementor-element elementor-element-5aa9cea elementor-section-boxed elementor-section-height-default elementor-section-height-default\" data-id=\"5aa9cea\" data-element_type=\"section\" data-e-type=\"section\">\n\t\t\t\t\t\t<div class=\"elementor-container elementor-column-gap-default\">\n\t\t\t\t\t<div class=\"elementor-column elementor-col-100 elementor-top-column elementor-element elementor-element-529916b\" data-id=\"529916b\" data-element_type=\"column\" data-e-type=\"column\">\n\t\t\t<div class=\"elementor-widget-wrap elementor-element-populated\">\n\t\t\t\t\t\t<div class=\"elementor-element elementor-element-2c8e317 elementor-widget elementor-widget-image\" data-id=\"2c8e317\" data-element_type=\"widget\" data-e-type=\"widget\" data-widget_type=\"image.default\">\n\t\t\t\t\t\t\t\t\t\t\t\t\t\t\t<img fetchpriority=\"high\" decoding=\"async\" width=\"768\" height=\"509\" src=\"https:\/\/soymigrante.com\/revista\/wp-content\/uploads\/2024\/01\/parroquia-saint-joseph-ny-1024x678.jpg\" class=\"attachment-large size-large wp-image-20359\" alt=\"Cristo Negro de Esquipulas, Santa Misa, guatemalteca, celebraci\u00f3n religiosa, reliquia, festividad, iglesia cat\u00f3lica, tradici\u00f3n ancestral, parroquia, ceremonia religiosa, cultura guatemalteca, evento religioso.\" srcset=\"https:\/\/soymigrante.com\/revista\/wp-content\/uploads\/2024\/01\/parroquia-saint-joseph-ny-1024x678.jpg 1024w, https:\/\/soymigrante.com\/revista\/wp-content\/uploads\/2024\/01\/parroquia-saint-joseph-ny-300x199.jpg 300w, https:\/\/soymigrante.com\/revista\/wp-content\/uploads\/2024\/01\/parroquia-saint-joseph-ny-768x509.jpg 768w, https:\/\/soymigrante.com\/revista\/wp-content\/uploads\/2024\/01\/parroquia-saint-joseph-ny-750x497.webp 750w, https:\/\/soymigrante.com\/revista\/wp-content\/uploads\/2024\/01\/parroquia-saint-joseph-ny-1140x755.webp 1140w, https:\/\/soymigrante.com\/revista\/wp-content\/uploads\/2024\/01\/parroquia-saint-joseph-ny.webp 1369w\" sizes=\"(max-width: 768px) 100vw, 768px\" title=\"parroquia saint joseph ny \u2013 SoyMigrante.com REVISTA\" \/>\t\t\t\t\t\t\t\t\t\t\t\t\t\t\t<\/div>\n\t\t\t\t\t<\/div>\n\t\t<\/div>\n\t\t\t\t\t<\/div>\n\t\t<\/section>\n\t\t\t\t<section data-particle_enable=\"false\" data-particle-mobile-disabled=\"false\" class=\"elementor-section elementor-top-section elementor-element elementor-element-d0dceda elementor-section-boxed elementor-section-height-default elementor-section-height-default\" data-id=\"d0dceda\" data-element_type=\"section\" data-e-type=\"section\">\n\t\t\t\t\t\t<div class=\"elementor-container elementor-column-gap-default\">\n\t\t\t\t\t<div class=\"elementor-column elementor-col-100 elementor-top-column elementor-element elementor-element-e11616a\" data-id=\"e11616a\" data-element_type=\"column\" data-e-type=\"column\">\n\t\t\t<div class=\"elementor-widget-wrap elementor-element-populated\">\n\t\t\t\t\t\t<div class=\"elementor-element elementor-element-16dd01d elementor-widget elementor-widget-text-editor\" data-id=\"16dd01d\" data-element_type=\"widget\" data-e-type=\"widget\" data-widget_type=\"text-editor.default\">\n\t\t\t\t\t\t\t\t\t<p>La parroquia de San Jos\u00e9 y San Bonifacio, en Spring Valley Nueva York conmemorar\u00e1 el D\u00eda del Cristo de Esquipulas con una misa celebrada por fray Edwin Segura, rector del templo de San Francisco El Grande, Antigua Guatemala. La actividad ser\u00e1 el 15 de enero de 2024 a las 19.30 horas locales. La novena del Santo Cristo se reza todos los d\u00edas del 6 al 15 de enero, a las 19 horas.<\/p><p>Como detalle especial, este a\u00f1o se tendr\u00e1 una reliquia del Santo Hermano Pedro de Betancur, primer santo guatemalteco, cuya tumba est\u00e1 en San Francisco El Grande, Antigua Guatemala.<\/p><p>Esta parroquia fue erigida en 1894, pero su actual templo data de 1994, cuando fue construido en su actual ubicaci\u00f3n. En 1967 la parroquia construy\u00f3 un colegio. El terreno que ocupaba el primer templo fue vendido y durante 25 a\u00f1os la misa se celebr\u00f3 en el auditorio del Colegio. Pero en 1985, el padre Eisler, p\u00e1rroco, propuso a la arquidi\u00f3cesis de Nueva York, comprar un nuevo terreno. La mayor parte del precio se pag\u00f3 con colectas de los fieles.<\/p>\t\t\t\t\t\t\t\t<\/div>\n\t\t\t\t\t<\/div>\n\t\t<\/div>\n\t\t\t\t\t<\/div>\n\t\t<\/section>\n\t\t\t\t<section data-particle_enable=\"false\" data-particle-mobile-disabled=\"false\" class=\"elementor-section elementor-top-section elementor-element elementor-element-bf4253c elementor-section-boxed elementor-section-height-default elementor-section-height-default\" data-id=\"bf4253c\" data-element_type=\"section\" data-e-type=\"section\">\n\t\t\t\t\t\t<div class=\"elementor-container elementor-column-gap-default\">\n\t\t\t\t\t<div class=\"elementor-column elementor-col-100 elementor-top-column elementor-element elementor-element-9d46e33\" data-id=\"9d46e33\" data-element_type=\"column\" data-e-type=\"column\">\n\t\t\t<div class=\"elementor-widget-wrap elementor-element-populated\">\n\t\t\t\t\t\t<div class=\"elementor-element elementor-element-814b047 elementor-widget elementor-widget-google_maps\" data-id=\"814b047\" data-element_type=\"widget\" data-e-type=\"widget\" data-widget_type=\"google_maps.default\">\n\t\t\t\t\t\t\t<div class=\"elementor-custom-embed\">\n\t\t\t<iframe loading=\"lazy\"\n\t\t\t\t\tsrc=\"https:\/\/maps.google.com\/maps?q=Sain%20Joseph%20%20Church%20Spring%20Valley%20New%20York&#038;t=m&#038;z=10&#038;output=embed&#038;iwloc=near\"\n\t\t\t\t\ttitle=\"Sain Joseph  Church Spring Valley New York\"\n\t\t\t\t\taria-label=\"Sain Joseph  Church Spring Valley New York\"\n\t\t\t><\/iframe>\n\t\t<\/div>\n\t\t\t\t\t\t<\/div>\n\t\t\t\t\t<\/div>\n\t\t<\/div>\n\t\t\t\t\t<\/div>\n\t\t<\/section>\n\t\t\t\t<section data-particle_enable=\"false\" data-particle-mobile-disabled=\"false\" class=\"elementor-section elementor-top-section elementor-element elementor-element-e91bb1e elementor-section-boxed elementor-section-height-default elementor-section-height-default\" data-id=\"e91bb1e\" data-element_type=\"section\" data-e-type=\"section\">\n\t\t\t\t\t\t<div class=\"elementor-container elementor-column-gap-default\">\n\t\t\t\t\t<div class=\"elementor-column elementor-col-100 elementor-top-column elementor-element elementor-element-ee1a04d\" data-id=\"ee1a04d\" data-element_type=\"column\" data-e-type=\"column\">\n\t\t\t<div class=\"elementor-widget-wrap elementor-element-populated\">\n\t\t\t\t\t\t<div class=\"elementor-element elementor-element-7f5f4df elementor-widget-divider--view-line elementor-widget elementor-widget-divider\" data-id=\"7f5f4df\" data-element_type=\"widget\" data-e-type=\"widget\" data-widget_type=\"divider.default\">\n\t\t\t\t\t\t\t<div class=\"elementor-divider\">\n\t\t\t<span class=\"elementor-divider-separator\">\n\t\t\t\t\t\t<\/span>\n\t\t<\/div>\n\t\t\t\t\t\t<\/div>\n\t\t\t\t\t<\/div>\n\t\t<\/div>\n\t\t\t\t\t<\/div>\n\t\t<\/section>\n\t\t\t\t<section data-particle_enable=\"false\" data-particle-mobile-disabled=\"false\" class=\"elementor-section elementor-top-section elementor-element elementor-element-c5781ee elementor-section-boxed elementor-section-height-default elementor-section-height-default\" data-id=\"c5781ee\" data-element_type=\"section\" data-e-type=\"section\">\n\t\t\t\t\t\t<div class=\"elementor-container elementor-column-gap-default\">\n\t\t\t\t\t<div class=\"elementor-column elementor-col-100 elementor-top-column elementor-element elementor-element-6b9dd4e\" data-id=\"6b9dd4e\" data-element_type=\"column\" data-e-type=\"column\">\n\t\t\t<div class=\"elementor-widget-wrap elementor-element-populated\">\n\t\t\t\t\t\t<div class=\"elementor-element elementor-element-05cc251 elementor-widget elementor-widget-heading\" data-id=\"05cc251\" data-element_type=\"widget\" data-e-type=\"widget\" data-widget_type=\"heading.default\">\n\t\t\t\t\t<h2 class=\"elementor-heading-title elementor-size-default\">Santa Mar\u00eda, Plainfield, New Jersey<\/h2>\t\t\t\t<\/div>\n\t\t\t\t\t<\/div>\n\t\t<\/div>\n\t\t\t\t\t<\/div>\n\t\t<\/section>\n\t\t\t\t<section data-particle_enable=\"false\" data-particle-mobile-disabled=\"false\" class=\"elementor-section elementor-top-section elementor-element elementor-element-339c680 elementor-section-boxed elementor-section-height-default elementor-section-height-default\" data-id=\"339c680\" data-element_type=\"section\" data-e-type=\"section\">\n\t\t\t\t\t\t<div class=\"elementor-container elementor-column-gap-default\">\n\t\t\t\t\t<div class=\"elementor-column elementor-col-100 elementor-top-column elementor-element elementor-element-e1c6832\" data-id=\"e1c6832\" data-element_type=\"column\" data-e-type=\"column\">\n\t\t\t<div class=\"elementor-widget-wrap elementor-element-populated\">\n\t\t\t\t\t\t<div class=\"elementor-element elementor-element-53f9e90 elementor-widget elementor-widget-image\" data-id=\"53f9e90\" data-element_type=\"widget\" data-e-type=\"widget\" data-widget_type=\"image.default\">\n\t\t\t\t\t\t\t\t\t\t\t\t\t\t\t<img decoding=\"async\" width=\"768\" height=\"733\" src=\"https:\/\/soymigrante.com\/revista\/wp-content\/uploads\/2024\/01\/santo-cristo-plainfield.webp\" class=\"attachment-large size-large wp-image-4385\" alt=\"\" srcset=\"https:\/\/soymigrante.com\/revista\/wp-content\/uploads\/2024\/01\/santo-cristo-plainfield.webp 956w, https:\/\/soymigrante.com\/revista\/wp-content\/uploads\/2024\/01\/santo-cristo-plainfield-300x286.webp 300w, https:\/\/soymigrante.com\/revista\/wp-content\/uploads\/2024\/01\/santo-cristo-plainfield-768x733.webp 768w, https:\/\/soymigrante.com\/revista\/wp-content\/uploads\/2024\/01\/santo-cristo-plainfield-750x715.webp 750w\" sizes=\"(max-width: 768px) 100vw, 768px\" title=\"En cada lugar donde estemos seguramente habr\u00e1 un templo para acudir a orar y unirse a la comunidad.. Imagen:  Parroquia de Plainfield, New Jersey, donde se venera al Santo Cristo de Esquipulas. La comunidad migrante ha impulsado esta devoci\u00f3n. \u2013 SoyMigrante.com REVISTA\" \/>\t\t\t\t\t\t\t\t\t\t\t\t\t\t\t<\/div>\n\t\t\t\t\t<\/div>\n\t\t<\/div>\n\t\t\t\t\t<\/div>\n\t\t<\/section>\n\t\t\t\t<section data-particle_enable=\"false\" data-particle-mobile-disabled=\"false\" class=\"elementor-section elementor-top-section elementor-element elementor-element-1a1d265 elementor-section-boxed elementor-section-height-default elementor-section-height-default\" data-id=\"1a1d265\" data-element_type=\"section\" data-e-type=\"section\">\n\t\t\t\t\t\t<div class=\"elementor-container elementor-column-gap-default\">\n\t\t\t\t\t<div class=\"elementor-column elementor-col-100 elementor-top-column elementor-element elementor-element-4d6ad68\" data-id=\"4d6ad68\" data-element_type=\"column\" data-e-type=\"column\">\n\t\t\t<div class=\"elementor-widget-wrap elementor-element-populated\">\n\t\t\t\t\t\t<div class=\"elementor-element elementor-element-6d14282 elementor-widget elementor-widget-text-editor\" data-id=\"6d14282\" data-element_type=\"widget\" data-e-type=\"widget\" data-widget_type=\"text-editor.default\">\n\t\t\t\t\t\t\t\t\t<p>Migrantes devotos celebran el rezo de un novenario dedicado al Cristo de Esquipulas.\u00a0 Esta es una fotograf\u00eda de un 15 de enero anterior.\u00a0<\/p><p>N\u00f3tese el t\u00edpico decorado con gusano de colores elaborado con pino, as\u00ed como los tradicionales sombreros decorados de Esquipulas. &#8220;Aqu\u00ed reside una gran comunidad guatemalteca&#8221;, dijo uno de los integrantes. Esta parroquia de Santa Mar\u00eda en Plainfield es muy antigua: fue fundada en 1851.<\/p>\t\t\t\t\t\t\t\t<\/div>\n\t\t\t\t\t<\/div>\n\t\t<\/div>\n\t\t\t\t\t<\/div>\n\t\t<\/section>\n\t\t\t\t<section data-particle_enable=\"false\" data-particle-mobile-disabled=\"false\" class=\"elementor-section elementor-top-section elementor-element elementor-element-ba211cb elementor-section-boxed elementor-section-height-default elementor-section-height-default\" data-id=\"ba211cb\" data-element_type=\"section\" data-e-type=\"section\">\n\t\t\t\t\t\t<div class=\"elementor-container elementor-column-gap-default\">\n\t\t\t\t\t<div class=\"elementor-column elementor-col-100 elementor-top-column elementor-element elementor-element-1c7917a\" data-id=\"1c7917a\" data-element_type=\"column\" data-e-type=\"column\">\n\t\t\t<div class=\"elementor-widget-wrap elementor-element-populated\">\n\t\t\t\t\t\t<div class=\"elementor-element elementor-element-7bc7bc6 elementor-widget elementor-widget-google_maps\" data-id=\"7bc7bc6\" data-element_type=\"widget\" data-e-type=\"widget\" data-widget_type=\"google_maps.default\">\n\t\t\t\t\t\t\t<div class=\"elementor-custom-embed\">\n\t\t\t<iframe loading=\"lazy\"\n\t\t\t\t\tsrc=\"https:\/\/maps.google.com\/maps?q=Saint%20Mary%27s%20R.C%20Church%29%2C%20Plainfield%2C%20New%20Jersey&#038;t=m&#038;z=10&#038;output=embed&#038;iwloc=near\"\n\t\t\t\t\ttitle=\"Saint Mary&#039;s R.C Church), Plainfield, New Jersey\"\n\t\t\t\t\taria-label=\"Saint Mary&#039;s R.C Church), Plainfield, New Jersey\"\n\t\t\t><\/iframe>\n\t\t<\/div>\n\t\t\t\t\t\t<\/div>\n\t\t\t\t\t<\/div>\n\t\t<\/div>\n\t\t\t\t\t<\/div>\n\t\t<\/section>\n\t\t\t\t<section data-particle_enable=\"false\" data-particle-mobile-disabled=\"false\" class=\"elementor-section elementor-top-section elementor-element elementor-element-4b779c8 elementor-section-boxed elementor-section-height-default elementor-section-height-default\" data-id=\"4b779c8\" data-element_type=\"section\" data-e-type=\"section\">\n\t\t\t\t\t\t<div class=\"elementor-container elementor-column-gap-default\">\n\t\t\t\t\t<div class=\"elementor-column elementor-col-100 elementor-top-column elementor-element elementor-element-2f4d714\" data-id=\"2f4d714\" data-element_type=\"column\" data-e-type=\"column\">\n\t\t\t<div class=\"elementor-widget-wrap elementor-element-populated\">\n\t\t\t\t\t\t<div class=\"elementor-element elementor-element-91ab682 elementor-widget elementor-widget-heading\" data-id=\"91ab682\" data-element_type=\"widget\" data-e-type=\"widget\" data-widget_type=\"heading.default\">\n\t\t\t\t\t<h2 class=\"elementor-heading-title elementor-size-default\">Parroquia San Jos\u00e9 Palisades, \nEast New York, NJ<\/h2>\t\t\t\t<\/div>\n\t\t\t\t\t<\/div>\n\t\t<\/div>\n\t\t\t\t\t<\/div>\n\t\t<\/section>\n\t\t\t\t<section data-particle_enable=\"false\" data-particle-mobile-disabled=\"false\" class=\"elementor-section elementor-top-section elementor-element elementor-element-b6b21df elementor-section-boxed elementor-section-height-default elementor-section-height-default\" data-id=\"b6b21df\" data-element_type=\"section\" data-e-type=\"section\">\n\t\t\t\t\t\t<div class=\"elementor-container elementor-column-gap-default\">\n\t\t\t\t\t<div class=\"elementor-column elementor-col-100 elementor-top-column elementor-element elementor-element-42246a2\" data-id=\"42246a2\" data-element_type=\"column\" data-e-type=\"column\">\n\t\t\t<div class=\"elementor-widget-wrap elementor-element-populated\">\n\t\t\t\t\t\t<div class=\"elementor-element elementor-element-5cfd9d7 elementor-widget elementor-widget-image\" data-id=\"5cfd9d7\" data-element_type=\"widget\" data-e-type=\"widget\" data-widget_type=\"image.default\">\n\t\t\t\t\t\t\t\t\t\t\t\t\t\t\t<img decoding=\"async\" width=\"768\" height=\"1024\" src=\"https:\/\/soymigrante.com\/revista\/wp-content\/uploads\/2024\/01\/cristo-san-jose-palisades-1-768x1024.webp\" class=\"attachment-large size-large wp-image-4388\" alt=\"\" srcset=\"https:\/\/soymigrante.com\/revista\/wp-content\/uploads\/2024\/01\/cristo-san-jose-palisades-1-768x1024.webp 768w, https:\/\/soymigrante.com\/revista\/wp-content\/uploads\/2024\/01\/cristo-san-jose-palisades-1-225x300.webp 225w, https:\/\/soymigrante.com\/revista\/wp-content\/uploads\/2024\/01\/cristo-san-jose-palisades-1-1152x1536.webp 1152w, https:\/\/soymigrante.com\/revista\/wp-content\/uploads\/2024\/01\/cristo-san-jose-palisades-1-750x1000.webp 750w, https:\/\/soymigrante.com\/revista\/wp-content\/uploads\/2024\/01\/cristo-san-jose-palisades-1-1140x1520.webp 1140w, https:\/\/soymigrante.com\/revista\/wp-content\/uploads\/2024\/01\/cristo-san-jose-palisades-1.webp 1440w\" sizes=\"(max-width: 768px) 100vw, 768px\" title=\"cristo san jose palisades \u2013 SoyMigrante.com REVISTA\" \/>\t\t\t\t\t\t\t\t\t\t\t\t\t\t\t<\/div>\n\t\t\t\t\t<\/div>\n\t\t<\/div>\n\t\t\t\t\t<\/div>\n\t\t<\/section>\n\t\t\t\t<section data-particle_enable=\"false\" data-particle-mobile-disabled=\"false\" class=\"elementor-section elementor-top-section elementor-element elementor-element-17ce8bc elementor-section-boxed elementor-section-height-default elementor-section-height-default\" data-id=\"17ce8bc\" data-element_type=\"section\" data-e-type=\"section\">\n\t\t\t\t\t\t<div class=\"elementor-container elementor-column-gap-default\">\n\t\t\t\t\t<div class=\"elementor-column elementor-col-100 elementor-top-column elementor-element elementor-element-7b1f216\" data-id=\"7b1f216\" data-element_type=\"column\" data-e-type=\"column\">\n\t\t\t<div class=\"elementor-widget-wrap elementor-element-populated\">\n\t\t\t\t\t\t<div class=\"elementor-element elementor-element-e2160cd elementor-widget elementor-widget-text-editor\" data-id=\"e2160cd\" data-element_type=\"widget\" data-e-type=\"widget\" data-widget_type=\"text-editor.default\">\n\t\t\t\t\t\t\t\t\t<p>La parroquia Saint Joseph de Palisades, en West New York, New Jersey se viste de gala cada 15 de enero. A las 6.30 de la tarde de este 11 de enero ser\u00e1 la misa conmemorativa del Cristo de Esquipulas que se venera en dicho templo.\u00a0<\/p><p>Despu\u00e9s, los peregrinos est\u00e1n invitados a compartir una actividad social en el Community Center. Habr\u00e1 venta de comida y amenizar\u00e1 la marimba Lira Huehueteca.<\/p>\t\t\t\t\t\t\t\t<\/div>\n\t\t\t\t\t<\/div>\n\t\t<\/div>\n\t\t\t\t\t<\/div>\n\t\t<\/section>\n\t\t\t\t<section data-particle_enable=\"false\" data-particle-mobile-disabled=\"false\" class=\"elementor-section elementor-top-section elementor-element elementor-element-ffeb0c8 elementor-section-boxed elementor-section-height-default elementor-section-height-default\" data-id=\"ffeb0c8\" data-element_type=\"section\" data-e-type=\"section\">\n\t\t\t\t\t\t<div class=\"elementor-container elementor-column-gap-default\">\n\t\t\t\t\t<div class=\"elementor-column elementor-col-100 elementor-top-column elementor-element elementor-element-0a3057c\" data-id=\"0a3057c\" data-element_type=\"column\" data-e-type=\"column\">\n\t\t\t<div class=\"elementor-widget-wrap elementor-element-populated\">\n\t\t\t\t\t\t<div class=\"elementor-element elementor-element-6be9e83 elementor-widget elementor-widget-google_maps\" data-id=\"6be9e83\" data-element_type=\"widget\" data-e-type=\"widget\" data-widget_type=\"google_maps.default\">\n\t\t\t\t\t\t\t<div class=\"elementor-custom-embed\">\n\t\t\t<iframe loading=\"lazy\"\n\t\t\t\t\tsrc=\"https:\/\/maps.google.com\/maps?q=Saint%20Joseph%20Palisades&#038;t=m&#038;z=10&#038;output=embed&#038;iwloc=near\"\n\t\t\t\t\ttitle=\"Saint Joseph Palisades\"\n\t\t\t\t\taria-label=\"Saint Joseph Palisades\"\n\t\t\t><\/iframe>\n\t\t<\/div>\n\t\t\t\t\t\t<\/div>\n\t\t\t\t\t<\/div>\n\t\t<\/div>\n\t\t\t\t\t<\/div>\n\t\t<\/section>\n\t\t\t\t<section data-particle_enable=\"false\" data-particle-mobile-disabled=\"false\" class=\"elementor-section elementor-top-section elementor-element elementor-element-e7b0cd3 elementor-section-boxed elementor-section-height-default elementor-section-height-default\" data-id=\"e7b0cd3\" data-element_type=\"section\" data-e-type=\"section\">\n\t\t\t\t\t\t<div class=\"elementor-container elementor-column-gap-default\">\n\t\t\t\t\t<div class=\"elementor-column elementor-col-100 elementor-top-column elementor-element elementor-element-b7033e5\" data-id=\"b7033e5\" data-element_type=\"column\" data-e-type=\"column\">\n\t\t\t<div class=\"elementor-widget-wrap elementor-element-populated\">\n\t\t\t\t\t\t<div class=\"elementor-element elementor-element-24fb0dd elementor-widget-divider--view-line elementor-widget elementor-widget-divider\" data-id=\"24fb0dd\" data-element_type=\"widget\" data-e-type=\"widget\" data-widget_type=\"divider.default\">\n\t\t\t\t\t\t\t<div class=\"elementor-divider\">\n\t\t\t<span class=\"elementor-divider-separator\">\n\t\t\t\t\t\t<\/span>\n\t\t<\/div>\n\t\t\t\t\t\t<\/div>\n\t\t\t\t\t<\/div>\n\t\t<\/div>\n\t\t\t\t\t<\/div>\n\t\t<\/section>\n\t\t\t\t<section data-particle_enable=\"false\" data-particle-mobile-disabled=\"false\" class=\"elementor-section elementor-top-section elementor-element elementor-element-83a3493 elementor-section-boxed elementor-section-height-default elementor-section-height-default\" data-id=\"83a3493\" data-element_type=\"section\" data-e-type=\"section\">\n\t\t\t\t\t\t<div class=\"elementor-container elementor-column-gap-default\">\n\t\t\t\t\t<div class=\"elementor-column elementor-col-100 elementor-top-column elementor-element elementor-element-f196cc2\" data-id=\"f196cc2\" data-element_type=\"column\" data-e-type=\"column\">\n\t\t\t<div class=\"elementor-widget-wrap elementor-element-populated\">\n\t\t\t\t\t\t<div class=\"elementor-element elementor-element-401bdd9 elementor-widget elementor-widget-heading\" data-id=\"401bdd9\" data-element_type=\"widget\" data-e-type=\"widget\" data-widget_type=\"heading.default\">\n\t\t\t\t\t<h2 class=\"elementor-heading-title elementor-size-default\">Catedral de San Patricio, Nueva York <\/h2>\t\t\t\t<\/div>\n\t\t\t\t\t<\/div>\n\t\t<\/div>\n\t\t\t\t\t<\/div>\n\t\t<\/section>\n\t\t\t\t<section data-particle_enable=\"false\" data-particle-mobile-disabled=\"false\" class=\"elementor-section elementor-top-section elementor-element elementor-element-6823cc8 elementor-section-boxed elementor-section-height-default elementor-section-height-default\" data-id=\"6823cc8\" data-element_type=\"section\" data-e-type=\"section\">\n\t\t\t\t\t\t<div class=\"elementor-container elementor-column-gap-default\">\n\t\t\t\t\t<div class=\"elementor-column elementor-col-100 elementor-top-column elementor-element elementor-element-42191b8\" data-id=\"42191b8\" data-element_type=\"column\" data-e-type=\"column\">\n\t\t\t<div class=\"elementor-widget-wrap elementor-element-populated\">\n\t\t\t\t\t\t<div class=\"elementor-element elementor-element-95ac16f elementor-widget elementor-widget-text-editor\" data-id=\"95ac16f\" data-element_type=\"widget\" data-e-type=\"widget\" data-widget_type=\"text-editor.default\">\n\t\t\t\t\t\t\t\t\t<p>La misa de conmemoraci\u00f3n del Cristo de Esquipulas en la Catedral de San Patricio, de Nueva York, fue el 5 de enero de 2024. Asistieron feligreses e integrantes del Comit\u00e9 Arquidiocesano del Cristo de Esquipulas.\u00a0<\/p><p>La fecha se adelanta debido a que el 15 de enero coincide tambi\u00e9n con la Fiesta de la Se\u00f1ora de la Altagracia, venerada por la comunida migrante dominicana. En el video\u00a0 se puede observar el inicio de la solemne celebraci\u00f3n de 2025, que ya es toda una tradici\u00f3n que reune a muchos guatemaltecos, que acuden el d\u00eda 15 a venerar la imagen.<\/p>\t\t\t\t\t\t\t\t<\/div>\n\t\t\t\t\t<\/div>\n\t\t<\/div>\n\t\t\t\t\t<\/div>\n\t\t<\/section>\n\t\t<div data-particle_enable=\"false\" data-particle-mobile-disabled=\"false\" class=\"elementor-element elementor-element-5e9fd87 e-flex e-con-boxed e-con e-parent\" data-id=\"5e9fd87\" data-element_type=\"container\" data-e-type=\"container\">\n\t\t\t\t\t<div class=\"e-con-inner\">\n\t\t\t\t<div class=\"elementor-element elementor-element-144ed5e elementor-widget elementor-widget-heading\" data-id=\"144ed5e\" data-element_type=\"widget\" data-e-type=\"widget\" data-widget_type=\"heading.default\">\n\t\t\t\t\t<h4 class=\"elementor-heading-title elementor-size-default\">Mira y escucha el emotivo momento en que se canta el tradicional canto He venido de tierras lejanas...<\/h4>\t\t\t\t<\/div>\n\t\t\t\t\t<\/div>\n\t\t\t\t<\/div>\n\t\t<div data-particle_enable=\"false\" data-particle-mobile-disabled=\"false\" class=\"elementor-element elementor-element-8f2a150 e-flex e-con-boxed e-con e-parent\" data-id=\"8f2a150\" data-element_type=\"container\" data-e-type=\"container\">\n\t\t\t\t\t<div class=\"e-con-inner\">\n\t\t\t\t<div class=\"elementor-element elementor-element-dc0ed21 elementor-widget elementor-widget-video\" data-id=\"dc0ed21\" data-element_type=\"widget\" data-e-type=\"widget\" data-settings=\"{&quot;youtube_url&quot;:&quot;https:\\\/\\\/www.youtube.com\\\/watch?v=Qj5MW1b2eVk&quot;,&quot;start&quot;:900,&quot;video_type&quot;:&quot;youtube&quot;,&quot;controls&quot;:&quot;yes&quot;}\" data-widget_type=\"video.default\">\n\t\t\t\t\t\t\t<div class=\"elementor-wrapper elementor-open-inline\">\n\t\t\t<div class=\"elementor-video\"><\/div>\t\t<\/div>\n\t\t\t\t\t\t<\/div>\n\t\t\t\t\t<\/div>\n\t\t\t\t<\/div>\n\t\t\t\t<section data-particle_enable=\"false\" data-particle-mobile-disabled=\"false\" class=\"elementor-section elementor-top-section elementor-element elementor-element-6130fb5 elementor-section-boxed elementor-section-height-default elementor-section-height-default\" data-id=\"6130fb5\" data-element_type=\"section\" data-e-type=\"section\">\n\t\t\t\t\t\t<div class=\"elementor-container elementor-column-gap-default\">\n\t\t\t\t\t<div class=\"elementor-column elementor-col-100 elementor-top-column elementor-element elementor-element-ff25a53\" data-id=\"ff25a53\" data-element_type=\"column\" data-e-type=\"column\">\n\t\t\t<div class=\"elementor-widget-wrap elementor-element-populated\">\n\t\t\t\t\t\t<div class=\"elementor-element elementor-element-524eded elementor-widget-divider--view-line elementor-widget elementor-widget-divider\" data-id=\"524eded\" data-element_type=\"widget\" data-e-type=\"widget\" data-widget_type=\"divider.default\">\n\t\t\t\t\t\t\t<div class=\"elementor-divider\">\n\t\t\t<span class=\"elementor-divider-separator\">\n\t\t\t\t\t\t<\/span>\n\t\t<\/div>\n\t\t\t\t\t\t<\/div>\n\t\t\t\t\t<\/div>\n\t\t<\/div>\n\t\t\t\t\t<\/div>\n\t\t<\/section>\n\t\t\t\t<section data-particle_enable=\"false\" data-particle-mobile-disabled=\"false\" class=\"elementor-section elementor-top-section elementor-element elementor-element-9d2d4eb elementor-section-boxed elementor-section-height-default elementor-section-height-default\" data-id=\"9d2d4eb\" data-element_type=\"section\" data-e-type=\"section\">\n\t\t\t\t\t\t<div class=\"elementor-container elementor-column-gap-default\">\n\t\t\t\t\t<div class=\"elementor-column elementor-col-100 elementor-top-column elementor-element elementor-element-9428888\" data-id=\"9428888\" data-element_type=\"column\" data-e-type=\"column\">\n\t\t\t<div class=\"elementor-widget-wrap elementor-element-populated\">\n\t\t\t\t\t\t<div class=\"elementor-element elementor-element-e69cd47 elementor-widget elementor-widget-heading\" data-id=\"e69cd47\" data-element_type=\"widget\" data-e-type=\"widget\" data-widget_type=\"heading.default\">\n\t\t\t\t\t<h2 class=\"elementor-heading-title elementor-size-default\">Misi\u00f3n Nuestra Se\u00f1ora de las Am\u00e9ricas, Lilburn, Georgia<\/h2>\t\t\t\t<\/div>\n\t\t\t\t\t<\/div>\n\t\t<\/div>\n\t\t\t\t\t<\/div>\n\t\t<\/section>\n\t\t\t\t<section data-particle_enable=\"false\" data-particle-mobile-disabled=\"false\" class=\"elementor-section elementor-top-section elementor-element elementor-element-c8d8ed4 elementor-section-boxed elementor-section-height-default elementor-section-height-default\" data-id=\"c8d8ed4\" data-element_type=\"section\" data-e-type=\"section\">\n\t\t\t\t\t\t<div class=\"elementor-container elementor-column-gap-default\">\n\t\t\t\t\t<div class=\"elementor-column elementor-col-100 elementor-top-column elementor-element elementor-element-5403b18\" data-id=\"5403b18\" data-element_type=\"column\" data-e-type=\"column\">\n\t\t\t<div class=\"elementor-widget-wrap elementor-element-populated\">\n\t\t\t\t\t\t<div class=\"elementor-element elementor-element-7c4030a elementor-widget elementor-widget-image\" data-id=\"7c4030a\" data-element_type=\"widget\" data-e-type=\"widget\" data-widget_type=\"image.default\">\n\t\t\t\t\t\t\t\t\t\t\t\t<figure class=\"wp-caption\">\n\t\t\t\t\t\t\t\t\t\t<img loading=\"lazy\" decoding=\"async\" width=\"612\" height=\"1024\" src=\"https:\/\/soymigrante.com\/revista\/wp-content\/uploads\/2024\/01\/ATLANTA-612x1024.webp\" class=\"attachment-large size-large wp-image-4389\" alt=\"\" srcset=\"https:\/\/soymigrante.com\/revista\/wp-content\/uploads\/2024\/01\/ATLANTA-612x1024.webp 612w, https:\/\/soymigrante.com\/revista\/wp-content\/uploads\/2024\/01\/ATLANTA-179x300.webp 179w, https:\/\/soymigrante.com\/revista\/wp-content\/uploads\/2024\/01\/ATLANTA-768x1285.webp 768w, https:\/\/soymigrante.com\/revista\/wp-content\/uploads\/2024\/01\/ATLANTA-918x1536.webp 918w, https:\/\/soymigrante.com\/revista\/wp-content\/uploads\/2024\/01\/ATLANTA-750x1255.webp 750w, https:\/\/soymigrante.com\/revista\/wp-content\/uploads\/2024\/01\/ATLANTA-1140x1907.webp 1140w, https:\/\/soymigrante.com\/revista\/wp-content\/uploads\/2024\/01\/ATLANTA.webp 1148w\" sizes=\"(max-width: 612px) 100vw, 612px\" title=\"Procesi\u00f3n del Santo Cristo de Esquipulas en Lilburn, Atlanta, llevada por migrantes guatemaltecas. Imagen de 2023 de la comunidad Unidos por la fe Atlanta. \u2013 SoyMigrante.com REVISTA\" \/>\t\t\t\t\t\t\t\t\t\t\t<figcaption class=\"widget-image-caption wp-caption-text\">Procesi\u00f3n del Santo Cristo de Esquipulas en Lilburn, Atlanta, llevada por migrantes guatemaltecas. Imagen de 2023 de la comunidad Unidos por la fe Atlanta.<\/figcaption>\n\t\t\t\t\t\t\t\t\t\t<\/figure>\n\t\t\t\t\t\t\t\t\t<\/div>\n\t\t\t\t\t<\/div>\n\t\t<\/div>\n\t\t\t\t\t<\/div>\n\t\t<\/section>\n\t\t\t\t<section data-particle_enable=\"false\" data-particle-mobile-disabled=\"false\" class=\"elementor-section elementor-top-section elementor-element elementor-element-e0420cf elementor-section-boxed elementor-section-height-default elementor-section-height-default\" data-id=\"e0420cf\" data-element_type=\"section\" data-e-type=\"section\">\n\t\t\t\t\t\t<div class=\"elementor-container elementor-column-gap-default\">\n\t\t\t\t\t<div class=\"elementor-column elementor-col-100 elementor-top-column elementor-element elementor-element-a2873ef\" data-id=\"a2873ef\" data-element_type=\"column\" data-e-type=\"column\">\n\t\t\t<div class=\"elementor-widget-wrap elementor-element-populated\">\n\t\t\t\t\t\t<div class=\"elementor-element elementor-element-ce91835 elementor-widget elementor-widget-text-editor\" data-id=\"ce91835\" data-element_type=\"widget\" data-e-type=\"widget\" data-widget_type=\"text-editor.default\">\n\t\t\t\t\t\t\t\t\t<p>Para el domingo 12 de enero a las 3 de la tarde est\u00e1 programada la procesi\u00f3n de la imagen del Cristo de Esquipulas, en la misi\u00f3n Nuestra Se\u00f1ora de las Am\u00e9ricas, en Lilburn, Georgia. La comunidad guatemalteca participa activamente e invita a todos los asistentes de etnia maya a lucir su traje tradicional para darle mayor realce y mayor identidad a esta festividad.<\/p>\t\t\t\t\t\t\t\t<\/div>\n\t\t\t\t\t<\/div>\n\t\t<\/div>\n\t\t\t\t\t<\/div>\n\t\t<\/section>\n\t\t\t\t<section data-particle_enable=\"false\" data-particle-mobile-disabled=\"false\" class=\"elementor-section elementor-top-section elementor-element elementor-element-24392cb elementor-section-boxed elementor-section-height-default elementor-section-height-default\" data-id=\"24392cb\" data-element_type=\"section\" data-e-type=\"section\">\n\t\t\t\t\t\t<div class=\"elementor-container elementor-column-gap-default\">\n\t\t\t\t\t<div class=\"elementor-column elementor-col-100 elementor-top-column elementor-element elementor-element-c482a8a\" data-id=\"c482a8a\" data-element_type=\"column\" data-e-type=\"column\">\n\t\t\t<div class=\"elementor-widget-wrap elementor-element-populated\">\n\t\t\t\t\t\t<div class=\"elementor-element elementor-element-f2e5891 elementor-widget elementor-widget-google_maps\" data-id=\"f2e5891\" data-element_type=\"widget\" data-e-type=\"widget\" data-widget_type=\"google_maps.default\">\n\t\t\t\t\t\t\t<div class=\"elementor-custom-embed\">\n\t\t\t<iframe loading=\"lazy\"\n\t\t\t\t\tsrc=\"https:\/\/maps.google.com\/maps?q=Nuestra%20se%C3%B1ora%20de%20las%20Americas%20Lilburn&#038;t=m&#038;z=10&#038;output=embed&#038;iwloc=near\"\n\t\t\t\t\ttitle=\"Nuestra se\u00f1ora de las Americas Lilburn\"\n\t\t\t\t\taria-label=\"Nuestra se\u00f1ora de las Americas Lilburn\"\n\t\t\t><\/iframe>\n\t\t<\/div>\n\t\t\t\t\t\t<\/div>\n\t\t\t\t\t<\/div>\n\t\t<\/div>\n\t\t\t\t\t<\/div>\n\t\t<\/section>\n\t\t<div data-particle_enable=\"false\" data-particle-mobile-disabled=\"false\" class=\"elementor-element elementor-element-29a96d4 e-flex e-con-boxed e-con e-parent\" data-id=\"29a96d4\" data-element_type=\"container\" data-e-type=\"container\">\n\t\t\t\t\t<div class=\"e-con-inner\">\n\t\t\t\t<div class=\"elementor-element elementor-element-10af1c5 elementor-widget elementor-widget-image\" data-id=\"10af1c5\" data-element_type=\"widget\" data-e-type=\"widget\" data-widget_type=\"image.default\">\n\t\t\t\t\t\t\t\t\t\t\t\t\t\t\t<img loading=\"lazy\" decoding=\"async\" width=\"768\" height=\"994\" src=\"https:\/\/soymigrante.com\/revista\/wp-content\/uploads\/2024\/01\/senor-de-esquipulas-liburn-791x1024.jpg\" class=\"attachment-large size-large wp-image-20364\" alt=\"Celebra la solemnidad de Se\u00f1or de Esquipulas con una misa en la Misi\u00f3n Cat\u00f3lica de Nuestra Se\u00f1ora de las Am\u00e9ricas en Atlanta, invitando a la comunidad hispanohablante a un acto de fe y tradici\u00f3n anual.\" srcset=\"https:\/\/soymigrante.com\/revista\/wp-content\/uploads\/2024\/01\/senor-de-esquipulas-liburn-791x1024.jpg 791w, https:\/\/soymigrante.com\/revista\/wp-content\/uploads\/2024\/01\/senor-de-esquipulas-liburn-232x300.jpg 232w, https:\/\/soymigrante.com\/revista\/wp-content\/uploads\/2024\/01\/senor-de-esquipulas-liburn-768x995.jpg 768w, https:\/\/soymigrante.com\/revista\/wp-content\/uploads\/2024\/01\/senor-de-esquipulas-liburn-1186x1536.jpg 1186w, https:\/\/soymigrante.com\/revista\/wp-content\/uploads\/2024\/01\/senor-de-esquipulas-liburn-750x972.webp 750w, https:\/\/soymigrante.com\/revista\/wp-content\/uploads\/2024\/01\/senor-de-esquipulas-liburn-1140x1477.webp 1140w, https:\/\/soymigrante.com\/revista\/wp-content\/uploads\/2024\/01\/senor-de-esquipulas-liburn.webp 1439w\" sizes=\"(max-width: 768px) 100vw, 768px\" title=\"se\u00f1or de esquipulas liburn \u2013 SoyMigrante.com REVISTA\" \/>\t\t\t\t\t\t\t\t\t\t\t\t\t\t\t<\/div>\n\t\t\t\t\t<\/div>\n\t\t\t\t<\/div>\n\t\t\t\t<section data-particle_enable=\"false\" data-particle-mobile-disabled=\"false\" class=\"elementor-section elementor-top-section elementor-element elementor-element-45df9ce elementor-section-boxed elementor-section-height-default elementor-section-height-default\" data-id=\"45df9ce\" data-element_type=\"section\" data-e-type=\"section\">\n\t\t\t\t\t\t<div class=\"elementor-container elementor-column-gap-default\">\n\t\t\t\t\t<div class=\"elementor-column elementor-col-100 elementor-top-column elementor-element elementor-element-fcfef82\" data-id=\"fcfef82\" data-element_type=\"column\" data-e-type=\"column\">\n\t\t\t<div class=\"elementor-widget-wrap elementor-element-populated\">\n\t\t\t\t\t\t<div class=\"elementor-element elementor-element-168fcc3 elementor-widget-divider--view-line elementor-widget elementor-widget-divider\" data-id=\"168fcc3\" data-element_type=\"widget\" data-e-type=\"widget\" data-widget_type=\"divider.default\">\n\t\t\t\t\t\t\t<div class=\"elementor-divider\">\n\t\t\t<span class=\"elementor-divider-separator\">\n\t\t\t\t\t\t<\/span>\n\t\t<\/div>\n\t\t\t\t\t\t<\/div>\n\t\t\t\t\t<\/div>\n\t\t<\/div>\n\t\t\t\t\t<\/div>\n\t\t<\/section>\n\t\t\t\t<section data-particle_enable=\"false\" data-particle-mobile-disabled=\"false\" class=\"elementor-section elementor-top-section elementor-element elementor-element-87c6ac0 elementor-section-boxed elementor-section-height-default elementor-section-height-default\" data-id=\"87c6ac0\" data-element_type=\"section\" data-e-type=\"section\">\n\t\t\t\t\t\t<div class=\"elementor-container elementor-column-gap-default\">\n\t\t\t\t\t<div class=\"elementor-column elementor-col-100 elementor-top-column elementor-element elementor-element-fb2d897\" data-id=\"fb2d897\" data-element_type=\"column\" data-e-type=\"column\">\n\t\t\t<div class=\"elementor-widget-wrap elementor-element-populated\">\n\t\t\t\t\t\t<div class=\"elementor-element elementor-element-25dc65a elementor-widget elementor-widget-heading\" data-id=\"25dc65a\" data-element_type=\"widget\" data-e-type=\"widget\" data-widget_type=\"heading.default\">\n\t\t\t\t\t<h2 class=\"elementor-heading-title elementor-size-default\">Iglesia San Jos\u00e9, en Hawthorne, California <\/h2>\t\t\t\t<\/div>\n\t\t\t\t\t<\/div>\n\t\t<\/div>\n\t\t\t\t\t<\/div>\n\t\t<\/section>\n\t\t\t\t<section data-particle_enable=\"false\" data-particle-mobile-disabled=\"false\" class=\"elementor-section elementor-top-section elementor-element elementor-element-766d8c3 elementor-section-boxed elementor-section-height-default elementor-section-height-default\" data-id=\"766d8c3\" data-element_type=\"section\" data-e-type=\"section\">\n\t\t\t\t\t\t<div class=\"elementor-container elementor-column-gap-default\">\n\t\t\t\t\t<div class=\"elementor-column elementor-col-100 elementor-top-column elementor-element elementor-element-42384ef\" data-id=\"42384ef\" data-element_type=\"column\" data-e-type=\"column\">\n\t\t\t<div class=\"elementor-widget-wrap elementor-element-populated\">\n\t\t\t\t\t\t<div class=\"elementor-element elementor-element-571c848 elementor-widget elementor-widget-image\" data-id=\"571c848\" data-element_type=\"widget\" data-e-type=\"widget\" data-widget_type=\"image.default\">\n\t\t\t\t\t\t\t\t\t\t\t\t<figure class=\"wp-caption\">\n\t\t\t\t\t\t\t\t\t\t<img loading=\"lazy\" decoding=\"async\" width=\"768\" height=\"643\" src=\"https:\/\/soymigrante.com\/revista\/wp-content\/uploads\/2024\/01\/Captura-de-pantalla-2024-01-12-165413.webp\" class=\"attachment-large size-large wp-image-4392\" alt=\"\" srcset=\"https:\/\/soymigrante.com\/revista\/wp-content\/uploads\/2024\/01\/Captura-de-pantalla-2024-01-12-165413.webp 832w, https:\/\/soymigrante.com\/revista\/wp-content\/uploads\/2024\/01\/Captura-de-pantalla-2024-01-12-165413-300x250.webp 300w, https:\/\/soymigrante.com\/revista\/wp-content\/uploads\/2024\/01\/Captura-de-pantalla-2024-01-12-165413-768x643.webp 768w, https:\/\/soymigrante.com\/revista\/wp-content\/uploads\/2024\/01\/Captura-de-pantalla-2024-01-12-165413-750x628.webp 750w\" sizes=\"(max-width: 768px) 100vw, 768px\" title=\"Venerada imagen del Cristo de Esquipulas, con una maqueta del atrio de la Bas\u00edlica elaborada por el artista migrante Ra\u00fal Monterroso \u2013 SoyMigrante.com REVISTA\" \/>\t\t\t\t\t\t\t\t\t\t\t<figcaption class=\"widget-image-caption wp-caption-text\">Venerada imagen del Cristo de Esquipulas, con una maqueta del atrio de la Bas\u00edlica elaborada por el artista migrante Ra\u00fal Monterroso<\/figcaption>\n\t\t\t\t\t\t\t\t\t\t<\/figure>\n\t\t\t\t\t\t\t\t\t<\/div>\n\t\t\t\t\t<\/div>\n\t\t<\/div>\n\t\t\t\t\t<\/div>\n\t\t<\/section>\n\t\t\t\t<section data-particle_enable=\"false\" data-particle-mobile-disabled=\"false\" class=\"elementor-section elementor-top-section elementor-element elementor-element-531e62d elementor-section-boxed elementor-section-height-default elementor-section-height-default\" data-id=\"531e62d\" data-element_type=\"section\" data-e-type=\"section\">\n\t\t\t\t\t\t<div class=\"elementor-container elementor-column-gap-default\">\n\t\t\t\t\t<div class=\"elementor-column elementor-col-100 elementor-top-column elementor-element elementor-element-a780fc8\" data-id=\"a780fc8\" data-element_type=\"column\" data-e-type=\"column\">\n\t\t\t<div class=\"elementor-widget-wrap elementor-element-populated\">\n\t\t\t\t\t\t<div class=\"elementor-element elementor-element-4235efb elementor-widget elementor-widget-text-editor\" data-id=\"4235efb\" data-element_type=\"widget\" data-e-type=\"widget\" data-widget_type=\"text-editor.default\">\n\t\t\t\t\t\t\t\t\t<p>En la comunidad parroquial San Jos\u00e9, en Hawthorne, California tambi\u00e9n se venera con devoci\u00f3n al Se\u00f1or de Esquipulas.\u00a0 En esta iglesia, la imagen tiene un relieve, r\u00e9plica del frontispicio de la Bas\u00edlica de Esquipulas, elaborado por <a href=\"https:\/\/soymigrante.com\/revista\/nuestro-deber-es-impulsar-nuevos-suenos-raul-monterroso-artista-y-constructor-en-l-a\/\">el artista guatemalteco migrante Ra\u00fal Monterroso.\u00a0<\/a><\/p><p>En esta parroquia se ora por el fin de los incendios que han azotado a Los Angeles. Se espera que devotos lleguen a venerarlo y a orar ante la imagen el 15 de enero.<\/p>\t\t\t\t\t\t\t\t<\/div>\n\t\t\t\t\t<\/div>\n\t\t<\/div>\n\t\t\t\t\t<\/div>\n\t\t<\/section>\n\t\t<div data-particle_enable=\"false\" data-particle-mobile-disabled=\"false\" class=\"elementor-element elementor-element-a704140 e-flex e-con-boxed e-con e-parent\" data-id=\"a704140\" data-element_type=\"container\" data-e-type=\"container\">\n\t\t\t\t\t<div class=\"e-con-inner\">\n\t\t\t\t<div class=\"elementor-element elementor-element-3e07a7e elementor-invisible elementor-widget elementor-widget-facebook-embed\" data-id=\"3e07a7e\" data-element_type=\"widget\" data-e-type=\"widget\" data-settings=\"{&quot;_animation&quot;:&quot;zoomInDown&quot;}\" data-widget_type=\"facebook-embed.default\">\n\t\t\t\t\t<div style=\"min-height: 1px\" class=\"elementor-facebook-widget fb-post\" data-href=\"https:\/\/www.facebook.com\/photo?fbid=9507906205936527&#038;set=a.264001880327052\" data-show-text=\"false\"><\/div>\t\t\t\t<\/div>\n\t\t\t\t\t<\/div>\n\t\t\t\t<\/div>\n\t\t\t\t<section data-particle_enable=\"false\" data-particle-mobile-disabled=\"false\" class=\"elementor-section elementor-top-section elementor-element elementor-element-3a2fdce elementor-section-boxed elementor-section-height-default elementor-section-height-default\" data-id=\"3a2fdce\" data-element_type=\"section\" data-e-type=\"section\">\n\t\t\t\t\t\t<div class=\"elementor-container elementor-column-gap-default\">\n\t\t\t\t\t<div class=\"elementor-column elementor-col-100 elementor-top-column elementor-element elementor-element-312815b\" data-id=\"312815b\" data-element_type=\"column\" data-e-type=\"column\">\n\t\t\t<div class=\"elementor-widget-wrap elementor-element-populated\">\n\t\t\t\t\t\t<div class=\"elementor-element elementor-element-b1ad3b3 elementor-widget elementor-widget-google_maps\" data-id=\"b1ad3b3\" data-element_type=\"widget\" data-e-type=\"widget\" data-widget_type=\"google_maps.default\">\n\t\t\t\t\t\t\t<div class=\"elementor-custom-embed\">\n\t\t\t<iframe loading=\"lazy\"\n\t\t\t\t\tsrc=\"https:\/\/maps.google.com\/maps?q=saint%20joseph%20hawthorne&#038;t=m&#038;z=10&#038;output=embed&#038;iwloc=near\"\n\t\t\t\t\ttitle=\"saint joseph hawthorne\"\n\t\t\t\t\taria-label=\"saint joseph hawthorne\"\n\t\t\t><\/iframe>\n\t\t<\/div>\n\t\t\t\t\t\t<\/div>\n\t\t\t\t\t<\/div>\n\t\t<\/div>\n\t\t\t\t\t<\/div>\n\t\t<\/section>\n\t\t\t\t<section data-particle_enable=\"false\" data-particle-mobile-disabled=\"false\" class=\"elementor-section elementor-top-section elementor-element elementor-element-4a34a9c elementor-section-boxed elementor-section-height-default elementor-section-height-default\" data-id=\"4a34a9c\" data-element_type=\"section\" data-e-type=\"section\">\n\t\t\t\t\t\t<div class=\"elementor-container elementor-column-gap-default\">\n\t\t\t\t\t<div class=\"elementor-column elementor-col-100 elementor-top-column elementor-element elementor-element-d5e68fa\" data-id=\"d5e68fa\" data-element_type=\"column\" data-e-type=\"column\">\n\t\t\t<div class=\"elementor-widget-wrap elementor-element-populated\">\n\t\t\t\t\t\t<div class=\"elementor-element elementor-element-6fef9c3 elementor-widget-divider--view-line elementor-widget elementor-widget-divider\" data-id=\"6fef9c3\" data-element_type=\"widget\" data-e-type=\"widget\" data-widget_type=\"divider.default\">\n\t\t\t\t\t\t\t<div class=\"elementor-divider\">\n\t\t\t<span class=\"elementor-divider-separator\">\n\t\t\t\t\t\t<\/span>\n\t\t<\/div>\n\t\t\t\t\t\t<\/div>\n\t\t\t\t\t<\/div>\n\t\t<\/div>\n\t\t\t\t\t<\/div>\n\t\t<\/section>\n\t\t\t\t<section data-particle_enable=\"false\" data-particle-mobile-disabled=\"false\" class=\"elementor-section elementor-top-section elementor-element elementor-element-338632d elementor-section-boxed elementor-section-height-default elementor-section-height-default\" data-id=\"338632d\" data-element_type=\"section\" data-e-type=\"section\">\n\t\t\t\t\t\t<div class=\"elementor-container elementor-column-gap-default\">\n\t\t\t\t\t<div class=\"elementor-column elementor-col-100 elementor-top-column elementor-element elementor-element-c0516cb\" data-id=\"c0516cb\" data-element_type=\"column\" data-e-type=\"column\">\n\t\t\t<div class=\"elementor-widget-wrap elementor-element-populated\">\n\t\t\t\t\t\t<div class=\"elementor-element elementor-element-aae4182 elementor-widget elementor-widget-heading\" data-id=\"aae4182\" data-element_type=\"widget\" data-e-type=\"widget\" data-widget_type=\"heading.default\">\n\t\t\t\t\t<h2 class=\"elementor-heading-title elementor-size-default\"><a href=\"https:\/\/soymigrante.com\/revista\/cristo-mojado-de-esquipulas-los-angeles\/\">El \"Cristo Mojado\" de la parroquia Santa Cecilia, en Los Angeles, California<\/a><\/h2>\t\t\t\t<\/div>\n\t\t\t\t\t<\/div>\n\t\t<\/div>\n\t\t\t\t\t<\/div>\n\t\t<\/section>\n\t\t\t\t<section data-particle_enable=\"false\" data-particle-mobile-disabled=\"false\" class=\"elementor-section elementor-top-section elementor-element elementor-element-9b0faea elementor-section-boxed elementor-section-height-default elementor-section-height-default\" data-id=\"9b0faea\" data-element_type=\"section\" data-e-type=\"section\">\n\t\t\t\t\t\t<div class=\"elementor-container elementor-column-gap-default\">\n\t\t\t\t\t<div class=\"elementor-column elementor-col-100 elementor-top-column elementor-element elementor-element-d9aed46\" data-id=\"d9aed46\" data-element_type=\"column\" data-e-type=\"column\">\n\t\t\t<div class=\"elementor-widget-wrap elementor-element-populated\">\n\t\t\t\t\t\t<div class=\"elementor-element elementor-element-4f7f27e elementor-widget elementor-widget-image\" data-id=\"4f7f27e\" data-element_type=\"widget\" data-e-type=\"widget\" data-widget_type=\"image.default\">\n\t\t\t\t\t\t\t\t\t\t\t\t\t\t\t\t<a href=\"https:\/\/soymigrante.com\/revista\/cristo-mojado-de-esquipulas-los-angeles\/\">\n\t\t\t\t\t\t\t<img loading=\"lazy\" decoding=\"async\" width=\"578\" height=\"657\" src=\"https:\/\/soymigrante.com\/revista\/wp-content\/uploads\/2024\/01\/santa-cecilia.webp\" class=\"attachment-large size-large wp-image-4393\" alt=\"Esta imagen fue trasladada a trav\u00e9s de la frontera de M\u00e9xico y Estados Unidos, de ah\u00ed su nombre de &quot;Cristo Mojado&quot;.\" srcset=\"https:\/\/soymigrante.com\/revista\/wp-content\/uploads\/2024\/01\/santa-cecilia.webp 578w, https:\/\/soymigrante.com\/revista\/wp-content\/uploads\/2024\/01\/santa-cecilia-264x300.webp 264w\" sizes=\"(max-width: 578px) 100vw, 578px\" title=\"Esta imagen fue trasladada a trav\u00e9s de la frontera de M\u00e9xico y Estados Unidos, de ah\u00ed su nombre de &quot;Cristo Mojado&quot;. \u2013 SoyMigrante.com REVISTA\" \/>\t\t\t\t\t\t\t\t<\/a>\n\t\t\t\t\t\t\t\t\t\t\t\t\t\t\t<\/div>\n\t\t\t\t\t<\/div>\n\t\t<\/div>\n\t\t\t\t\t<\/div>\n\t\t<\/section>\n\t\t\t\t<section data-particle_enable=\"false\" data-particle-mobile-disabled=\"false\" class=\"elementor-section elementor-top-section elementor-element elementor-element-22fb526 elementor-section-boxed elementor-section-height-default elementor-section-height-default\" data-id=\"22fb526\" data-element_type=\"section\" data-e-type=\"section\">\n\t\t\t\t\t\t<div class=\"elementor-container elementor-column-gap-default\">\n\t\t\t\t\t<div class=\"elementor-column elementor-col-100 elementor-top-column elementor-element elementor-element-c334d69\" data-id=\"c334d69\" data-element_type=\"column\" data-e-type=\"column\">\n\t\t\t<div class=\"elementor-widget-wrap elementor-element-populated\">\n\t\t\t\t\t\t<div class=\"elementor-element elementor-element-da40cde elementor-widget elementor-widget-text-editor\" data-id=\"da40cde\" data-element_type=\"widget\" data-e-type=\"widget\" data-widget_type=\"text-editor.default\">\n\t\t\t\t\t\t\t\t\t<p>Esta r\u00e9plica del Cristo de Esquipulas es venerada en la iglesia de Santa Cecilia, en Los Angeles desde 2003. Debido a varias circunstancias, los devotos guatemaltecos que los llevaron a Los Angeles tuvieron que trasegarlo por la frontera, como si se tratara de un migrante ilegal.\u00a0<span style=\"color: var( --e-global-color-text );\">De all\u00ed el apelativo de Cristo Mojado.\u00a0 <a href=\"https:\/\/soymigrante.com\/revista\/cristo-mojado-de-esquipulas-los-angeles\">Si quieres conocer m\u00e1s sobre \u00e9l, clic en este enlace.<\/a><\/span><\/p><p>Este domingo 12 de enero ser\u00e1 la solemne procesi\u00f3n del Santo Cristo de Esquipulas o Cristo Mojado de Santa Cecilia.\u00a0<br \/>El domingo 15, habr\u00e1 serenata a las 6 de la ma\u00f1ana, misa a las 7 de la ma\u00f1ana y a las7 de la noche.<\/p>\t\t\t\t\t\t\t\t<\/div>\n\t\t\t\t\t<\/div>\n\t\t<\/div>\n\t\t\t\t\t<\/div>\n\t\t<\/section>\n\t\t<div data-particle_enable=\"false\" data-particle-mobile-disabled=\"false\" class=\"elementor-element elementor-element-8b6f0ac e-flex e-con-boxed e-con e-parent\" data-id=\"8b6f0ac\" data-element_type=\"container\" data-e-type=\"container\">\n\t\t\t\t\t<div class=\"e-con-inner\">\n\t\t\t\t<div class=\"elementor-element elementor-element-43bd93c elementor-invisible elementor-widget elementor-widget-facebook-embed\" data-id=\"43bd93c\" data-element_type=\"widget\" data-e-type=\"widget\" data-settings=\"{&quot;_animation&quot;:&quot;zoomInDown&quot;}\" data-widget_type=\"facebook-embed.default\">\n\t\t\t\t\t<div style=\"min-height: 1px\" class=\"elementor-facebook-widget fb-post\" data-href=\"https:\/\/www.facebook.com\/elcristomojado.org\/posts\/pfbid0uNWvedQUs5qH7q1qNTP216Drn4eAzvcLm3aU6zfZWbrXoKUetPBXfm9kn9zkAhu5l\" data-show-text=\"false\"><\/div>\t\t\t\t<\/div>\n\t\t\t\t\t<\/div>\n\t\t\t\t<\/div>\n\t\t<div data-particle_enable=\"false\" data-particle-mobile-disabled=\"false\" class=\"elementor-element elementor-element-07c262a e-flex e-con-boxed e-con e-parent\" data-id=\"07c262a\" data-element_type=\"container\" data-e-type=\"container\">\n\t\t\t\t\t<div class=\"e-con-inner\">\n\t\t\t\t<div class=\"elementor-element elementor-element-a854337 elementor-widget elementor-widget-google_maps\" data-id=\"a854337\" data-element_type=\"widget\" data-e-type=\"widget\" data-widget_type=\"google_maps.default\">\n\t\t\t\t\t\t\t<div class=\"elementor-custom-embed\">\n\t\t\t<iframe loading=\"lazy\"\n\t\t\t\t\tsrc=\"https:\/\/maps.google.com\/maps?q=Santa%20Cecilia%20normandie&#038;t=m&#038;z=10&#038;output=embed&#038;iwloc=near\"\n\t\t\t\t\ttitle=\"Santa Cecilia normandie\"\n\t\t\t\t\taria-label=\"Santa Cecilia normandie\"\n\t\t\t><\/iframe>\n\t\t<\/div>\n\t\t\t\t\t\t<\/div>\n\t\t\t\t\t<\/div>\n\t\t\t\t<\/div>\n\t\t\t\t<section data-particle_enable=\"false\" data-particle-mobile-disabled=\"false\" class=\"elementor-section elementor-top-section elementor-element elementor-element-48c7d56 elementor-section-boxed elementor-section-height-default elementor-section-height-default\" data-id=\"48c7d56\" data-element_type=\"section\" data-e-type=\"section\">\n\t\t\t\t\t\t<div class=\"elementor-container elementor-column-gap-default\">\n\t\t\t\t\t<div class=\"elementor-column elementor-col-100 elementor-top-column elementor-element elementor-element-27bcf1a\" data-id=\"27bcf1a\" data-element_type=\"column\" data-e-type=\"column\">\n\t\t\t<div class=\"elementor-widget-wrap elementor-element-populated\">\n\t\t\t\t\t\t<div class=\"elementor-element elementor-element-432d525 elementor-widget elementor-widget-heading\" data-id=\"432d525\" data-element_type=\"widget\" data-e-type=\"widget\" data-widget_type=\"heading.default\">\n\t\t\t\t\t<h2 class=\"elementor-heading-title elementor-size-default\">Catedral de San Fernando, San Antonio, Texas <\/h2>\t\t\t\t<\/div>\n\t\t\t\t\t<\/div>\n\t\t<\/div>\n\t\t\t\t\t<\/div>\n\t\t<\/section>\n\t\t\t\t<section data-particle_enable=\"false\" data-particle-mobile-disabled=\"false\" class=\"elementor-section elementor-top-section elementor-element elementor-element-3cd763d elementor-section-boxed elementor-section-height-default elementor-section-height-default\" data-id=\"3cd763d\" data-element_type=\"section\" data-e-type=\"section\">\n\t\t\t\t\t\t<div class=\"elementor-container elementor-column-gap-default\">\n\t\t\t\t\t<div class=\"elementor-column elementor-col-100 elementor-top-column elementor-element elementor-element-d932712\" data-id=\"d932712\" data-element_type=\"column\" data-e-type=\"column\">\n\t\t\t<div class=\"elementor-widget-wrap elementor-element-populated\">\n\t\t\t\t\t\t<div class=\"elementor-element elementor-element-3b26477 elementor-widget elementor-widget-text-editor\" data-id=\"3b26477\" data-element_type=\"widget\" data-e-type=\"widget\" data-widget_type=\"text-editor.default\">\n\t\t\t\t\t\t\t\t\t<p>En esta iglesia se venera una imagen del Cristo de Esquipulas muy antigua. Peregrinos centroamericanos llegan con frecuencia para orar ante ella.<\/p><p>Este templo es el m\u00e1s antiguo de Texas. De hecho se estableci\u00f3 cuando este territorio a\u00fan pertenec\u00eda a M\u00e9xico. La primera iglesia se construy\u00f3 entre 1738 y 1749. Su c\u00fapula fue el punto central o kil\u00f3metro cero, desde el cual se med\u00edan las distancias a cualquier lugar de Texas durante el siglo XVIII\u00a0<\/p>\t\t\t\t\t\t\t\t<\/div>\n\t\t\t\t\t<\/div>\n\t\t<\/div>\n\t\t\t\t\t<\/div>\n\t\t<\/section>\n\t\t\t\t<section data-particle_enable=\"false\" data-particle-mobile-disabled=\"false\" class=\"elementor-section elementor-top-section elementor-element elementor-element-f969265 elementor-section-boxed elementor-section-height-default elementor-section-height-default\" data-id=\"f969265\" data-element_type=\"section\" data-e-type=\"section\">\n\t\t\t\t\t\t<div class=\"elementor-container elementor-column-gap-default\">\n\t\t\t\t\t<div class=\"elementor-column elementor-col-100 elementor-top-column elementor-element elementor-element-ed079e2\" data-id=\"ed079e2\" data-element_type=\"column\" data-e-type=\"column\">\n\t\t\t<div class=\"elementor-widget-wrap elementor-element-populated\">\n\t\t\t\t\t\t<div class=\"elementor-element elementor-element-eb7b76b elementor-widget elementor-widget-image\" data-id=\"eb7b76b\" data-element_type=\"widget\" data-e-type=\"widget\" data-widget_type=\"image.default\">\n\t\t\t\t\t\t\t\t\t\t\t\t\t\t\t<img loading=\"lazy\" decoding=\"async\" width=\"768\" height=\"432\" src=\"https:\/\/soymigrante.com\/revista\/wp-content\/uploads\/2024\/01\/cristo-texas-1024x576.webp\" class=\"attachment-large size-large wp-image-4398\" alt=\"\" srcset=\"https:\/\/soymigrante.com\/revista\/wp-content\/uploads\/2024\/01\/cristo-texas-1024x576.webp 1024w, https:\/\/soymigrante.com\/revista\/wp-content\/uploads\/2024\/01\/cristo-texas-300x169.webp 300w, https:\/\/soymigrante.com\/revista\/wp-content\/uploads\/2024\/01\/cristo-texas-768x432.webp 768w, https:\/\/soymigrante.com\/revista\/wp-content\/uploads\/2024\/01\/cristo-texas-750x422.webp 750w, https:\/\/soymigrante.com\/revista\/wp-content\/uploads\/2024\/01\/cristo-texas-1140x641.webp 1140w, https:\/\/soymigrante.com\/revista\/wp-content\/uploads\/2024\/01\/cristo-texas.webp 1440w\" sizes=\"(max-width: 768px) 100vw, 768px\" title=\"cristo texas \u2013 SoyMigrante.com REVISTA\" \/>\t\t\t\t\t\t\t\t\t\t\t\t\t\t\t<\/div>\n\t\t\t\t\t<\/div>\n\t\t<\/div>\n\t\t\t\t\t<\/div>\n\t\t<\/section>\n\t\t\t\t<section data-particle_enable=\"false\" data-particle-mobile-disabled=\"false\" class=\"elementor-section elementor-top-section elementor-element elementor-element-fba148d elementor-section-boxed elementor-section-height-default elementor-section-height-default\" data-id=\"fba148d\" data-element_type=\"section\" data-e-type=\"section\">\n\t\t\t\t\t\t<div class=\"elementor-container elementor-column-gap-default\">\n\t\t\t\t\t<div class=\"elementor-column elementor-col-100 elementor-top-column elementor-element elementor-element-f3eeddf\" data-id=\"f3eeddf\" data-element_type=\"column\" data-e-type=\"column\">\n\t\t\t<div class=\"elementor-widget-wrap elementor-element-populated\">\n\t\t\t\t\t\t<div class=\"elementor-element elementor-element-6c869c7 elementor-widget elementor-widget-google_maps\" data-id=\"6c869c7\" data-element_type=\"widget\" data-e-type=\"widget\" data-widget_type=\"google_maps.default\">\n\t\t\t\t\t\t\t<div class=\"elementor-custom-embed\">\n\t\t\t<iframe loading=\"lazy\"\n\t\t\t\t\tsrc=\"https:\/\/maps.google.com\/maps?q=San%20Fernando%20Cathedral&#038;t=m&#038;z=10&#038;output=embed&#038;iwloc=near\"\n\t\t\t\t\ttitle=\"San Fernando Cathedral\"\n\t\t\t\t\taria-label=\"San Fernando Cathedral\"\n\t\t\t><\/iframe>\n\t\t<\/div>\n\t\t\t\t\t\t<\/div>\n\t\t\t\t\t<\/div>\n\t\t<\/div>\n\t\t\t\t\t<\/div>\n\t\t<\/section>\n\t\t\t\t<section data-particle_enable=\"false\" data-particle-mobile-disabled=\"false\" class=\"elementor-section elementor-top-section elementor-element elementor-element-d67762b elementor-section-boxed elementor-section-height-default elementor-section-height-default\" data-id=\"d67762b\" data-element_type=\"section\" data-e-type=\"section\">\n\t\t\t\t\t\t<div class=\"elementor-container elementor-column-gap-default\">\n\t\t\t\t\t<div class=\"elementor-column elementor-col-100 elementor-top-column elementor-element elementor-element-426e2ff\" data-id=\"426e2ff\" data-element_type=\"column\" data-e-type=\"column\">\n\t\t\t<div class=\"elementor-widget-wrap elementor-element-populated\">\n\t\t\t\t\t\t<div class=\"elementor-element elementor-element-fc89c43 elementor-widget elementor-widget-heading\" data-id=\"fc89c43\" data-element_type=\"widget\" data-e-type=\"widget\" data-widget_type=\"heading.default\">\n\t\t\t\t\t<h2 class=\"elementor-heading-title elementor-size-default\">Se\u00f1or de Esquipulas en el santuario de Chimay\u00f3, Nuevo M\u00e9xico, data de 1820<\/h2>\t\t\t\t<\/div>\n\t\t\t\t\t<\/div>\n\t\t<\/div>\n\t\t\t\t\t<\/div>\n\t\t<\/section>\n\t\t\t\t<section data-particle_enable=\"false\" data-particle-mobile-disabled=\"false\" class=\"elementor-section elementor-top-section elementor-element elementor-element-a285948 elementor-section-boxed elementor-section-height-default elementor-section-height-default\" data-id=\"a285948\" data-element_type=\"section\" data-e-type=\"section\">\n\t\t\t\t\t\t<div class=\"elementor-container elementor-column-gap-default\">\n\t\t\t\t\t<div class=\"elementor-column elementor-col-100 elementor-top-column elementor-element elementor-element-7f051d0\" data-id=\"7f051d0\" data-element_type=\"column\" data-e-type=\"column\">\n\t\t\t<div class=\"elementor-widget-wrap elementor-element-populated\">\n\t\t\t\t\t\t<div class=\"elementor-element elementor-element-1fe5a81 elementor-widget elementor-widget-image\" data-id=\"1fe5a81\" data-element_type=\"widget\" data-e-type=\"widget\" data-widget_type=\"image.default\">\n\t\t\t\t\t\t\t\t\t\t\t\t\t\t\t<img loading=\"lazy\" decoding=\"async\" width=\"369\" height=\"472\" src=\"https:\/\/soymigrante.com\/revista\/wp-content\/uploads\/2024\/01\/cristo-chimayo.webp\" class=\"attachment-large size-large wp-image-4399\" alt=\"\" srcset=\"https:\/\/soymigrante.com\/revista\/wp-content\/uploads\/2024\/01\/cristo-chimayo.webp 369w, https:\/\/soymigrante.com\/revista\/wp-content\/uploads\/2024\/01\/cristo-chimayo-235x300.webp 235w\" sizes=\"(max-width: 369px) 100vw, 369px\" title=\"cristo chimayo \u2013 SoyMigrante.com REVISTA\" \/>\t\t\t\t\t\t\t\t\t\t\t\t\t\t\t<\/div>\n\t\t\t\t\t<\/div>\n\t\t<\/div>\n\t\t\t\t\t<\/div>\n\t\t<\/section>\n\t\t\t\t<section data-particle_enable=\"false\" data-particle-mobile-disabled=\"false\" class=\"elementor-section elementor-top-section elementor-element elementor-element-341c26f elementor-section-boxed elementor-section-height-default elementor-section-height-default\" data-id=\"341c26f\" data-element_type=\"section\" data-e-type=\"section\">\n\t\t\t\t\t\t<div class=\"elementor-container elementor-column-gap-default\">\n\t\t\t\t\t<div class=\"elementor-column elementor-col-100 elementor-top-column elementor-element elementor-element-e8b1c6c\" data-id=\"e8b1c6c\" data-element_type=\"column\" data-e-type=\"column\">\n\t\t\t<div class=\"elementor-widget-wrap elementor-element-populated\">\n\t\t\t\t\t\t<div class=\"elementor-element elementor-element-43d9b94 elementor-widget elementor-widget-text-editor\" data-id=\"43d9b94\" data-element_type=\"widget\" data-e-type=\"widget\" data-widget_type=\"text-editor.default\">\n\t\t\t\t\t\t\t\t\t<p>La tradici\u00f3n refiere que en 1810 un campesino llamado Bernardo Aberyta encontr\u00f3\u00a0 la imagen del Se\u00f1or de Esquipulas en un lugar despoblado de Nuevo M\u00e9xico, territorio que antes pertenec\u00eda a M\u00e9xico y hoy a Estados Unidos. La tom\u00f3 y la llev\u00f3 a la iglesia, pero al d\u00eda siguiente, la imagen estaba otra vez en el camp\u00f3 donde la hall\u00f3 la primera vez. Entendi\u00f3 que el mensaje era que deseaba tener una capilla en ese sitio. As\u00ed surgi\u00f3 el Santuario de Chimay\u00f3, que es frecuentado por cientos de peregrinos al a\u00f1o.<\/p>\t\t\t\t\t\t\t\t<\/div>\n\t\t\t\t\t<\/div>\n\t\t<\/div>\n\t\t\t\t\t<\/div>\n\t\t<\/section>\n\t\t\t\t<section data-particle_enable=\"false\" data-particle-mobile-disabled=\"false\" class=\"elementor-section elementor-top-section elementor-element elementor-element-2f6b1cc elementor-section-boxed elementor-section-height-default elementor-section-height-default\" data-id=\"2f6b1cc\" data-element_type=\"section\" data-e-type=\"section\">\n\t\t\t\t\t\t<div class=\"elementor-container elementor-column-gap-default\">\n\t\t\t\t\t<div class=\"elementor-column elementor-col-100 elementor-top-column elementor-element elementor-element-2cf7826\" data-id=\"2cf7826\" data-element_type=\"column\" data-e-type=\"column\">\n\t\t\t<div class=\"elementor-widget-wrap elementor-element-populated\">\n\t\t\t\t\t\t<div class=\"elementor-element elementor-element-55c1018 elementor-widget elementor-widget-google_maps\" data-id=\"55c1018\" data-element_type=\"widget\" data-e-type=\"widget\" data-widget_type=\"google_maps.default\">\n\t\t\t\t\t\t\t<div class=\"elementor-custom-embed\">\n\t\t\t<iframe loading=\"lazy\"\n\t\t\t\t\tsrc=\"https:\/\/maps.google.com\/maps?q=chimayo%20sanctuary&#038;t=m&#038;z=10&#038;output=embed&#038;iwloc=near\"\n\t\t\t\t\ttitle=\"chimayo sanctuary\"\n\t\t\t\t\taria-label=\"chimayo sanctuary\"\n\t\t\t><\/iframe>\n\t\t<\/div>\n\t\t\t\t\t\t<\/div>\n\t\t\t\t\t<\/div>\n\t\t<\/div>\n\t\t\t\t\t<\/div>\n\t\t<\/section>\n\t\t\t\t<section data-particle_enable=\"false\" data-particle-mobile-disabled=\"false\" class=\"elementor-section elementor-top-section elementor-element elementor-element-151b171 elementor-section-boxed elementor-section-height-default elementor-section-height-default\" data-id=\"151b171\" data-element_type=\"section\" data-e-type=\"section\">\n\t\t\t\t\t\t<div class=\"elementor-container elementor-column-gap-default\">\n\t\t\t\t\t<div class=\"elementor-column elementor-col-100 elementor-top-column elementor-element elementor-element-31bf962\" data-id=\"31bf962\" data-element_type=\"column\" data-e-type=\"column\">\n\t\t\t<div class=\"elementor-widget-wrap elementor-element-populated\">\n\t\t\t\t\t\t<div class=\"elementor-element elementor-element-aaaad05 elementor-widget elementor-widget-heading\" data-id=\"aaaad05\" data-element_type=\"widget\" data-e-type=\"widget\" data-widget_type=\"heading.default\">\n\t\t\t\t\t<h2 class=\"elementor-heading-title elementor-size-default\">Nuestra Se\u00f1ora de Dolores de Tacoma Park, Maryland<\/h2>\t\t\t\t<\/div>\n\t\t\t\t\t<\/div>\n\t\t<\/div>\n\t\t\t\t\t<\/div>\n\t\t<\/section>\n\t\t\t\t<section data-particle_enable=\"false\" data-particle-mobile-disabled=\"false\" class=\"elementor-section elementor-top-section elementor-element elementor-element-cea6e11 elementor-section-boxed elementor-section-height-default elementor-section-height-default\" data-id=\"cea6e11\" data-element_type=\"section\" data-e-type=\"section\">\n\t\t\t\t\t\t<div class=\"elementor-container elementor-column-gap-default\">\n\t\t\t\t\t<div class=\"elementor-column elementor-col-100 elementor-top-column elementor-element elementor-element-e40efd7\" data-id=\"e40efd7\" data-element_type=\"column\" data-e-type=\"column\">\n\t\t\t<div class=\"elementor-widget-wrap elementor-element-populated\">\n\t\t\t\t\t\t<div class=\"elementor-element elementor-element-3f963a8 elementor-widget elementor-widget-text-editor\" data-id=\"3f963a8\" data-element_type=\"widget\" data-e-type=\"widget\" data-widget_type=\"text-editor.default\">\n\t\t\t\t\t\t\t\t\t<p>En Maryland viven muchos guatemaltecos devotos del Se\u00f1or de Esquipulas. La imagen venerada en la iglesia Nuestra Se\u00f1ora de Dolores (Our Lady of Sorrows) fue tra\u00edda aproximadamente en 1984 por un matrimonio, por lo cual este a\u00f1o se cumplen 40 a\u00f1os de celebrar su d\u00eda. Debido a su ubicaci\u00f3n recibe visitas de peregrinos que llegan desde Washington y Virginia tambi\u00e9n.<\/p><p>\u00a0<\/p>\t\t\t\t\t\t\t\t<\/div>\n\t\t\t\t\t<\/div>\n\t\t<\/div>\n\t\t\t\t\t<\/div>\n\t\t<\/section>\n\t\t<div data-particle_enable=\"false\" data-particle-mobile-disabled=\"false\" class=\"elementor-element elementor-element-27df529 e-flex e-con-boxed e-con e-parent\" data-id=\"27df529\" data-element_type=\"container\" data-e-type=\"container\">\n\t\t\t\t\t<div class=\"e-con-inner\">\n\t\t\t\t<div class=\"elementor-element elementor-element-b26ef28 elementor-invisible elementor-widget elementor-widget-facebook-embed\" data-id=\"b26ef28\" data-element_type=\"widget\" data-e-type=\"widget\" data-settings=\"{&quot;_animation&quot;:&quot;zoomInDown&quot;}\" data-widget_type=\"facebook-embed.default\">\n\t\t\t\t\t<div style=\"min-height: 1px\" class=\"elementor-facebook-widget fb-video\" data-href=\"https:\/\/www.facebook.com\/olosmd\/videos\/341175249806264\" data-show-text=\"false\" data-allowfullscreen=\"false\" data-autoplay=\"false\" data-show-captions=\"false\"><\/div>\t\t\t\t<\/div>\n\t\t\t\t\t<\/div>\n\t\t\t\t<\/div>\n\t\t<div data-particle_enable=\"false\" data-particle-mobile-disabled=\"false\" class=\"elementor-element elementor-element-cfe121c e-flex e-con-boxed e-con e-parent\" data-id=\"cfe121c\" data-element_type=\"container\" data-e-type=\"container\">\n\t\t\t\t\t<div class=\"e-con-inner\">\n\t\t\t\t<div class=\"elementor-element elementor-element-6e056e0 elementor-widget elementor-widget-google_maps\" data-id=\"6e056e0\" data-element_type=\"widget\" data-e-type=\"widget\" data-widget_type=\"google_maps.default\">\n\t\t\t\t\t\t\t<div class=\"elementor-custom-embed\">\n\t\t\t<iframe loading=\"lazy\"\n\t\t\t\t\tsrc=\"https:\/\/maps.google.com\/maps?q=Our%20lady%20of%20sorrows%20church%20maryland&#038;t=m&#038;z=10&#038;output=embed&#038;iwloc=near\"\n\t\t\t\t\ttitle=\"Our lady of sorrows church maryland\"\n\t\t\t\t\taria-label=\"Our lady of sorrows church maryland\"\n\t\t\t><\/iframe>\n\t\t<\/div>\n\t\t\t\t\t\t<\/div>\n\t\t\t\t\t<\/div>\n\t\t\t\t<\/div>\n\t\t<div data-particle_enable=\"false\" data-particle-mobile-disabled=\"false\" class=\"elementor-element elementor-element-975c9dc e-flex e-con-boxed e-con e-parent\" data-id=\"975c9dc\" data-element_type=\"container\" data-e-type=\"container\">\n\t\t\t\t\t<div class=\"e-con-inner\">\n\t\t\t\t<div class=\"elementor-element elementor-element-2b5b5ae elementor-widget elementor-widget-heading\" data-id=\"2b5b5ae\" data-element_type=\"widget\" data-e-type=\"widget\" data-widget_type=\"heading.default\">\n\t\t\t\t\t<h2 class=\"elementor-heading-title elementor-size-default\">Parroquia Nuestra Se\u00f1ora de Loretto, Hempstead NY<\/h2>\t\t\t\t<\/div>\n\t\t\t\t\t<\/div>\n\t\t\t\t<\/div>\n\t\t<div data-particle_enable=\"false\" data-particle-mobile-disabled=\"false\" class=\"elementor-element elementor-element-ed36ec4 e-flex e-con-boxed e-con e-parent\" data-id=\"ed36ec4\" data-element_type=\"container\" data-e-type=\"container\">\n\t\t\t\t\t<div class=\"e-con-inner\">\n\t\t\t\t<div class=\"elementor-element elementor-element-c608f79 elementor-widget elementor-widget-text-editor\" data-id=\"c608f79\" data-element_type=\"widget\" data-e-type=\"widget\" data-widget_type=\"text-editor.default\">\n\t\t\t\t\t\t\t\t\t<p>Las celebraciones en honor al Santo Cristo de Esquipuas en la parroquia Nuestra Se\u00f1ora de Loretto, en Hempstead, Nueva York, ser\u00e1n en la semana siguiente a su d\u00eda, el 15 de enero.\u00a0 Con el tema &#8220;Se\u00f1or muestranos al Padre&#8221; habr\u00e1 exposici\u00f3n del Sant\u00edsimo Sacramento el 16 de enero a las 19.30 horas locales.\u00a0 El viernes 17 habr\u00e1 Santa Misa a las 19.30 horas y una conferencia.\u00a0<\/p><p>El s\u00e1bado 18 de enero h abr\u00e1 serenata con mariachi a las 6 de la ma\u00f1ana en el s\u00f3tano de la Iglesia (por aquello del clima fr\u00edo). De nuevo exposici\u00f3n y adoraci\u00f3n de Jes\u00fas Eucarist\u00eda de 9 a 16 horas. Santa misa a las 19 horas y noche cultural a las 20 horas.\u00a0<\/p><p>Las actividades cierran el domingo 19 de enero con santa misa a las 19 horas.\u00a0<\/p>\t\t\t\t\t\t\t\t<\/div>\n\t\t\t\t\t<\/div>\n\t\t\t\t<\/div>\n\t\t<div data-particle_enable=\"false\" data-particle-mobile-disabled=\"false\" class=\"elementor-element elementor-element-8e25b50 e-flex e-con-boxed e-con e-parent\" data-id=\"8e25b50\" data-element_type=\"container\" data-e-type=\"container\">\n\t\t\t\t\t<div class=\"e-con-inner\">\n\t\t\t\t<div class=\"elementor-element elementor-element-2e482ad elementor-widget elementor-widget-image\" data-id=\"2e482ad\" data-element_type=\"widget\" data-e-type=\"widget\" data-widget_type=\"image.default\">\n\t\t\t\t\t\t\t\t\t\t\t\t\t\t\t<img loading=\"lazy\" decoding=\"async\" width=\"768\" height=\"960\" src=\"https:\/\/soymigrante.com\/revista\/wp-content\/uploads\/2025\/01\/hempstead-nueva-york-819x1024.jpg\" class=\"attachment-large size-large wp-image-20391\" alt=\"Exposici\u00f3n religiosa, programa de actividades en la iglesia, celebraci\u00f3n religiosa, eventos parroquiales en honor al Se\u00f1or de Esquipulas, festividad en la iglesia cat\u00f3lica en Nueva York.\" srcset=\"https:\/\/soymigrante.com\/revista\/wp-content\/uploads\/2025\/01\/hempstead-nueva-york-819x1024.jpg 819w, https:\/\/soymigrante.com\/revista\/wp-content\/uploads\/2025\/01\/hempstead-nueva-york-240x300.jpg 240w, https:\/\/soymigrante.com\/revista\/wp-content\/uploads\/2025\/01\/hempstead-nueva-york-768x960.jpg 768w, https:\/\/soymigrante.com\/revista\/wp-content\/uploads\/2025\/01\/hempstead-nueva-york-750x937.webp 750w, https:\/\/soymigrante.com\/revista\/wp-content\/uploads\/2025\/01\/hempstead-nueva-york.webp 1069w\" sizes=\"(max-width: 768px) 100vw, 768px\" title=\"hempstead nueva york \u2013 SoyMigrante.com REVISTA\" \/>\t\t\t\t\t\t\t\t\t\t\t\t\t\t\t<\/div>\n\t\t\t\t\t<\/div>\n\t\t\t\t<\/div>\n\t\t<div data-particle_enable=\"false\" data-particle-mobile-disabled=\"false\" class=\"elementor-element elementor-element-d600cb4 e-flex e-con-boxed e-con e-parent\" data-id=\"d600cb4\" data-element_type=\"container\" data-e-type=\"container\">\n\t\t\t\t\t<div class=\"e-con-inner\">\n\t\t\t\t<div class=\"elementor-element elementor-element-e6e9a9b elementor-widget elementor-widget-text-editor\" data-id=\"e6e9a9b\" data-element_type=\"widget\" data-e-type=\"widget\" data-widget_type=\"text-editor.default\">\n\t\t\t\t\t\t\t\t\t<p><span style=\"color: var( --e-global-color-text ); text-align: var(--text-align);\">La comunidad guatemalteca tiene fuerte participaci\u00f3n en estas actividades e invitan a todas las comunidades hispanas y migrantes a asistir.\u00a0<\/span><\/p>\t\t\t\t\t\t\t\t<\/div>\n\t\t\t\t\t<\/div>\n\t\t\t\t<\/div>\n\t\t<div data-particle_enable=\"false\" data-particle-mobile-disabled=\"false\" class=\"elementor-element elementor-element-6199b9e e-flex e-con-boxed e-con e-parent\" data-id=\"6199b9e\" data-element_type=\"container\" data-e-type=\"container\">\n\t\t\t\t\t<div class=\"e-con-inner\">\n\t\t\t\t<div class=\"elementor-element elementor-element-a4c71f6 elementor-widget elementor-widget-google_maps\" data-id=\"a4c71f6\" data-element_type=\"widget\" data-e-type=\"widget\" data-widget_type=\"google_maps.default\">\n\t\t\t\t\t\t\t<div class=\"elementor-custom-embed\">\n\t\t\t<iframe loading=\"lazy\"\n\t\t\t\t\tsrc=\"https:\/\/maps.google.com\/maps?q=Nuestra%20Se%C3%B1ora%20de%20Loretto%2C%20104%20greenwich%20st.%20Hemp&#038;t=m&#038;z=10&#038;output=embed&#038;iwloc=near\"\n\t\t\t\t\ttitle=\"Nuestra Se\u00f1ora de Loretto, 104 greenwich st. Hemp\"\n\t\t\t\t\taria-label=\"Nuestra Se\u00f1ora de Loretto, 104 greenwich st. Hemp\"\n\t\t\t><\/iframe>\n\t\t<\/div>\n\t\t\t\t\t\t<\/div>\n\t\t\t\t\t<\/div>\n\t\t\t\t<\/div>\n\t\t<div data-particle_enable=\"false\" data-particle-mobile-disabled=\"false\" class=\"elementor-element elementor-element-adb1775 e-flex e-con-boxed e-con e-parent\" data-id=\"adb1775\" data-element_type=\"container\" data-e-type=\"container\">\n\t\t\t\t\t<div class=\"e-con-inner\">\n\t\t\t\t<div class=\"elementor-element elementor-element-0d30633 elementor-widget elementor-widget-heading\" data-id=\"0d30633\" data-element_type=\"widget\" data-e-type=\"widget\" data-widget_type=\"heading.default\">\n\t\t\t\t\t<h2 class=\"elementor-heading-title elementor-size-default\">Iglesia de Santa Ita, Chicago<\/h2>\t\t\t\t<\/div>\n\t\t\t\t\t<\/div>\n\t\t\t\t<\/div>\n\t\t<div data-particle_enable=\"false\" data-particle-mobile-disabled=\"false\" class=\"elementor-element elementor-element-076b0f9 e-flex e-con-boxed e-con e-parent\" data-id=\"076b0f9\" data-element_type=\"container\" data-e-type=\"container\">\n\t\t\t\t\t<div class=\"e-con-inner\">\n\t\t\t\t<div class=\"elementor-element elementor-element-84de618 elementor-widget elementor-widget-image\" data-id=\"84de618\" data-element_type=\"widget\" data-e-type=\"widget\" data-widget_type=\"image.default\">\n\t\t\t\t\t\t\t\t\t\t\t\t<figure class=\"wp-caption\">\n\t\t\t\t\t\t\t\t\t\t<img loading=\"lazy\" decoding=\"async\" width=\"768\" height=\"395\" src=\"https:\/\/soymigrante.com\/revista\/wp-content\/uploads\/2025\/01\/santa-ita-chicago-2-1024x526.jpg\" class=\"attachment-large size-large wp-image-20393\" alt=\"FOTO de un sacerdote realizando una ceremonia religiosa en una iglesia, rodeado de flores y objetos lit\u00fargicos, con fieles en el fondo, en una celebraci\u00f3n cat\u00f3lica.\" srcset=\"https:\/\/soymigrante.com\/revista\/wp-content\/uploads\/2025\/01\/santa-ita-chicago-2-1024x526.jpg 1024w, https:\/\/soymigrante.com\/revista\/wp-content\/uploads\/2025\/01\/santa-ita-chicago-2-300x154.jpg 300w, https:\/\/soymigrante.com\/revista\/wp-content\/uploads\/2025\/01\/santa-ita-chicago-2-768x394.jpg 768w, https:\/\/soymigrante.com\/revista\/wp-content\/uploads\/2025\/01\/santa-ita-chicago-2-750x385.webp 750w, https:\/\/soymigrante.com\/revista\/wp-content\/uploads\/2025\/01\/santa-ita-chicago-2-1140x585.webp 1140w, https:\/\/soymigrante.com\/revista\/wp-content\/uploads\/2025\/01\/santa-ita-chicago-2.webp 1358w\" sizes=\"(max-width: 768px) 100vw, 768px\" title=\"Ante la imagen del Cristo de Esquipulas de la iglesia Santa Ita, de Chicago, llegan a orar muchos fieles de  Guatemala y otros pa\u00edses. N\u00f3tese la bandera guatemalteca en el altar del Se\u00f1or de Esquipulas. Ceremonia de 2024. \u2013 SoyMigrante.com REVISTA\" \/>\t\t\t\t\t\t\t\t\t\t\t<figcaption class=\"widget-image-caption wp-caption-text\">Ceremonia religiosa en una iglesia con sacerdote, flores y devotos presentes, destacando la tradici\u00f3n cat\u00f3lica y la celebraci\u00f3n lit\u00fargica.<\/figcaption>\n\t\t\t\t\t\t\t\t\t\t<\/figure>\n\t\t\t\t\t\t\t\t\t<\/div>\n\t\t\t\t\t<\/div>\n\t\t\t\t<\/div>\n\t\t<div data-particle_enable=\"false\" data-particle-mobile-disabled=\"false\" class=\"elementor-element elementor-element-7a519b2 e-flex e-con-boxed e-con e-parent\" data-id=\"7a519b2\" data-element_type=\"container\" data-e-type=\"container\">\n\t\t\t\t\t<div class=\"e-con-inner\">\n\t\t\t\t<div class=\"elementor-element elementor-element-8299523 elementor-widget elementor-widget-text-editor\" data-id=\"8299523\" data-element_type=\"widget\" data-e-type=\"widget\" data-widget_type=\"text-editor.default\">\n\t\t\t\t\t\t\t\t\t<p>La comunidad guatemalteca de la parroquia Mar\u00eda Madre de Dios invita a todos los fieles devotos del Se\u00f1or de Esquipulas a celebrar su fiesta el domingo 19 de enero. Habr\u00e1 misa a las 12.30 horas en la iglesia Santa Ita (ver mapa abajo). Despu\u00e9s habr\u00e1 una recepci\u00f3n en el sal\u00f3n de jubileo.<\/p>\t\t\t\t\t\t\t\t<\/div>\n\t\t\t\t\t<\/div>\n\t\t\t\t<\/div>\n\t\t<div data-particle_enable=\"false\" data-particle-mobile-disabled=\"false\" class=\"elementor-element elementor-element-a34c352 e-flex e-con-boxed e-con e-parent\" data-id=\"a34c352\" data-element_type=\"container\" data-e-type=\"container\">\n\t\t\t\t\t<div class=\"e-con-inner\">\n\t\t\t\t<div class=\"elementor-element elementor-element-3dc3ab6 elementor-widget elementor-widget-google_maps\" data-id=\"3dc3ab6\" data-element_type=\"widget\" data-e-type=\"widget\" data-widget_type=\"google_maps.default\">\n\t\t\t\t\t\t\t<div class=\"elementor-custom-embed\">\n\t\t\t<iframe loading=\"lazy\"\n\t\t\t\t\tsrc=\"https:\/\/maps.google.com\/maps?q=Santa%20Ita%20Chicago&#038;t=m&#038;z=10&#038;output=embed&#038;iwloc=near\"\n\t\t\t\t\ttitle=\"Santa Ita Chicago\"\n\t\t\t\t\taria-label=\"Santa Ita Chicago\"\n\t\t\t><\/iframe>\n\t\t<\/div>\n\t\t\t\t\t\t<\/div>\n\t\t\t\t\t<\/div>\n\t\t\t\t<\/div>\n\t\t\t\t<section data-particle_enable=\"false\" data-particle-mobile-disabled=\"false\" class=\"elementor-section elementor-top-section elementor-element elementor-element-0972065 elementor-section-boxed elementor-section-height-default elementor-section-height-default\" data-id=\"0972065\" data-element_type=\"section\" data-e-type=\"section\">\n\t\t\t\t\t\t<div class=\"elementor-container elementor-column-gap-default\">\n\t\t\t\t\t<div class=\"elementor-column elementor-col-100 elementor-top-column elementor-element elementor-element-2e397d1\" data-id=\"2e397d1\" data-element_type=\"column\" data-e-type=\"column\">\n\t\t\t<div class=\"elementor-widget-wrap elementor-element-populated\">\n\t\t\t\t\t\t<div class=\"elementor-element elementor-element-06ebc24 elementor-widget elementor-widget-heading\" data-id=\"06ebc24\" data-element_type=\"widget\" data-e-type=\"widget\" data-widget_type=\"heading.default\">\n\t\t\t\t\t<h2 class=\"elementor-heading-title elementor-size-default\">\u00bfCu\u00e1nto sabe sobre el Se\u00f1or de Esquipulas?<\/h2>\t\t\t\t<\/div>\n\t\t\t\t\t<\/div>\n\t\t<\/div>\n\t\t\t\t\t<\/div>\n\t\t<\/section>\n\t\t\t\t<section data-particle_enable=\"false\" data-particle-mobile-disabled=\"false\" class=\"elementor-section elementor-top-section elementor-element elementor-element-03a3c80 elementor-section-boxed elementor-section-height-default elementor-section-height-default\" data-id=\"03a3c80\" data-element_type=\"section\" data-e-type=\"section\">\n\t\t\t\t\t\t<div class=\"elementor-container elementor-column-gap-default\">\n\t\t\t\t\t<div class=\"elementor-column elementor-col-100 elementor-top-column elementor-element elementor-element-acf78fb\" data-id=\"acf78fb\" data-element_type=\"column\" data-e-type=\"column\">\n\t\t\t<div class=\"elementor-widget-wrap elementor-element-populated\">\n\t\t\t\t\t\t<div class=\"elementor-element elementor-element-737fe3f elementor-grid-eael-col-1 elementor-grid-tablet-eael-col-2 elementor-grid-mobile-eael-col-1 elementor-widget elementor-widget-eael-post-grid\" data-id=\"737fe3f\" data-element_type=\"widget\" data-e-type=\"widget\" data-settings=\"{&quot;eael_post_grid_columns&quot;:&quot;eael-col-1&quot;,&quot;eael_post_grid_columns_tablet&quot;:&quot;eael-col-2&quot;,&quot;eael_post_grid_columns_mobile&quot;:&quot;eael-col-1&quot;}\" data-widget_type=\"eael-post-grid.default\">\n\t\t\t\t\t<div id=\"eael-post-grid-737fe3f\" class=\"eael-post-grid-container\">\n            <div class=\"eael-post-grid eael-post-appender eael-post-appender-737fe3f eael-post-grid-style-one\" data-layout-mode=\"masonry\"><article class=\"eael-grid-post  eael-post-grid-column eael-pg-post-4337 category-guate-nuestra\" data-id=\"4337\">\n        <div class=\"eael-grid-post-holder\">\n            <div class=\"eael-grid-post-holder-inner\"><div class=\"eael-entry-media\"><div class=\"eael-entry-overlay fade-in\"><i class=\"fas fa-long-arrow-alt-right\" aria-hidden=\"true\"><\/i><a href=\"https:\/\/soymigrante.com\/revista\/cristo-esquipulas-veneracion-migrantes-basilica-estados-unidos-guatemala\/\"><\/a><\/div><div class=\"eael-entry-thumbnail \">\n                <img loading=\"lazy\" decoding=\"async\" width=\"300\" height=\"272\" src=\"https:\/\/soymigrante.com\/revista\/wp-content\/uploads\/2024\/01\/Captura-de-pantalla-2024-01-10-161343-300x272.webp\" class=\"attachment-medium size-medium wp-image-4338\" alt=\"\" srcset=\"https:\/\/soymigrante.com\/revista\/wp-content\/uploads\/2024\/01\/Captura-de-pantalla-2024-01-10-161343-300x272.webp 300w, https:\/\/soymigrante.com\/revista\/wp-content\/uploads\/2024\/01\/Captura-de-pantalla-2024-01-10-161343.webp 718w\" sizes=\"(max-width: 300px) 100vw, 300px\" \/>\n            <\/div>\n        <\/div><div class=\"eael-entry-wrapper\"><header class=\"eael-entry-header\"><h2 class=\"eael-entry-title\"><a class=\"eael-grid-post-link\" href=\"https:\/\/soymigrante.com\/revista\/cristo-esquipulas-veneracion-migrantes-basilica-estados-unidos-guatemala\/\" title=\"Santo Cristo de Esquipulas: m\u00e1s de cuatro siglos de veneraci\u00f3n sin fronteras\">Santo Cristo de Esquipulas: m\u00e1s de cuatro siglos de veneraci\u00f3n sin fronteras<\/a><\/h2><\/header><div class=\"eael-entry-content\">\n                        <div class=\"eael-grid-post-excerpt\"><p>Cristo de Esquipulas es el centro de la devoci\u00f3n de...<\/p><a href=\"https:\/\/soymigrante.com\/revista\/cristo-esquipulas-veneracion-migrantes-basilica-estados-unidos-guatemala\/\" class=\"eael-post-elements-readmore-btn\">Leer m\u00e1s<\/a><\/div>\n                    <\/div><\/div><\/div>\n        <\/div>\n    <\/article><\/div>\n            <div class=\"clearfix\"><\/div>\n        <\/div>\t\t\t\t<\/div>\n\t\t\t\t\t<\/div>\n\t\t<\/div>\n\t\t\t\t\t<\/div>\n\t\t<\/section>\n\t\t\t\t<\/div>\n\t\t","protected":false},"excerpt":{"rendered":"<p>En templos y comunidades de ciudades de Estados Unidos se venera al Santo Cristo de Esquipulas. Esta devoci\u00f3n re\u00fane a devotos guatemaltecos e hispanos, que van en busca de paz, consuelo espiritual y un milagro. Sin ninguna duda, la devoci\u00f3n al Santo Cristo de Esquipulas se fue lejos con el coraz\u00f3n de los migrantes guatemaltecos [&hellip;]<\/p>\n","protected":false},"author":7,"featured_media":20377,"comment_status":"open","ping_status":"open","sticky":false,"template":"","format":"standard","meta":{"_acf_changed":false,"_eb_attr":"","footnotes":""},"categories":[54],"tags":[],"class_list":["post-4383","post","type-post","status-publish","format-standard","has-post-thumbnail","hentry","category-estamos-unidos"],"acf":[],"aioseo_notices":[],"aioseo_head":"\n\t\t<!-- All in One SEO Pro 4.9.6.2 - aioseo.com -->\n\t<meta name=\"description\" content=\"\u00bfPor qu\u00e9 se celebra su fiesta 15 de enero? \u00bfEn cu\u00e1nto tiempo fue esculpido? \u00bfDesde cu\u00e1nto se le venera en la Bas\u00edlica? \u00bfD\u00f3nde m\u00e1s est\u00e1 la venerada imagen? Q&amp;A aqu\" \/>\n\t<meta name=\"robots\" content=\"max-snippet:-1, max-image-preview:large, max-video-preview:-1\" \/>\n\t<meta name=\"author\" content=\"Gustavo Montenegro\"\/>\n\t<link rel=\"canonical\" href=\"https:\/\/soymigrante.com\/revista\/cristo-esquipulas-veneracion-migrantes-basilica-estados-unidos-guatemala\/\" \/>\n\t<meta name=\"generator\" content=\"All in One SEO Pro (AIOSEO) 4.9.6.2\" \/>\n\n\t\t<link rel=\"preconnect\" href=\"https:\/\/fonts.googleapis.com\" crossorigin>\n<link rel=\"preconnect\" href=\"https:\/\/fonts.gstatic.com\" crossorigin>\n\t\t<meta property=\"og:locale\" content=\"es_ES\" \/>\n\t\t<meta property=\"og:site_name\" content=\"SoyMigrante.com REVISTA \u2013 Nuestra misi\u00f3n es reconocer y dignificar al migrante.\" \/>\n\t\t<meta property=\"og:type\" content=\"article\" \/>\n\t\t<meta property=\"og:title\" content=\"Santo Cristo de Esquipulas: preguntas y respuestas\" \/>\n\t\t<meta property=\"og:description\" content=\"\u00bfPor qu\u00e9 se celebra su fiesta 15 de enero? \u00bfEn cu\u00e1nto tiempo fue esculpido? \u00bfDesde cu\u00e1nto se le venera en la Bas\u00edlica? \u00bfD\u00f3nde m\u00e1s est\u00e1 la venerada imagen? Q&amp;A aqu\" \/>\n\t\t<meta property=\"og:url\" content=\"https:\/\/soymigrante.com\/revista\/cristo-esquipulas-veneracion-migrantes-basilica-estados-unidos-guatemala\/\" \/>\n\t\t<meta property=\"og:image\" content=\"https:\/\/soymigrante.com\/revista\/wp-content\/uploads\/2024\/01\/Captura-de-pantalla-2024-01-10-161343.webp\" \/>\n\t\t<meta property=\"og:image:secure_url\" content=\"https:\/\/soymigrante.com\/revista\/wp-content\/uploads\/2024\/01\/Captura-de-pantalla-2024-01-10-161343.webp\" \/>\n\t\t<meta property=\"og:image:width\" content=\"718\" \/>\n\t\t<meta property=\"og:image:height\" content=\"651\" \/>\n\t\t<meta property=\"article:published_time\" content=\"2025-01-04T17:38:41+00:00\" \/>\n\t\t<meta property=\"article:modified_time\" content=\"2026-01-08T15:32:17+00:00\" \/>\n\t\t<meta property=\"article:publisher\" content=\"https:\/\/www.facebook.com\/soymigrantecom\" \/>\n\t\t<meta name=\"twitter:card\" content=\"summary_large_image\" \/>\n\t\t<meta name=\"twitter:site\" content=\"@SoyMigrante_com\" \/>\n\t\t<meta name=\"twitter:title\" content=\"Santo Cristo de Esquipulas: preguntas y respuestas\" \/>\n\t\t<meta name=\"twitter:description\" content=\"\u00bfPor qu\u00e9 se celebra su fiesta 15 de enero? \u00bfEn cu\u00e1nto tiempo fue esculpido? \u00bfDesde cu\u00e1nto se le venera en la Bas\u00edlica? \u00bfD\u00f3nde m\u00e1s est\u00e1 la venerada imagen? Q&amp;A aqu\" \/>\n\t\t<meta name=\"twitter:creator\" content=\"@SoyMigrante_com\" \/>\n\t\t<meta name=\"twitter:image\" content=\"https:\/\/soymigrante.com\/revista\/wp-content\/uploads\/2024\/01\/Captura-de-pantalla-2024-01-10-161343.webp\" \/>\n\t\t<!-- All in One SEO Pro -->\r\n\t\t<title>Santo Cristo de Esquipulas: preguntas y respuestas<\/title>\n\n","aioseo_head_json":{"title":"Santo Cristo de Esquipulas: preguntas y respuestas","description":"\u00bfPor qu\u00e9 se celebra su fiesta 15 de enero? \u00bfEn cu\u00e1nto tiempo fue esculpido? \u00bfDesde cu\u00e1nto se le venera en la Bas\u00edlica? \u00bfD\u00f3nde m\u00e1s est\u00e1 la venerada imagen? Q&A aqu","canonical_url":"https:\/\/soymigrante.com\/revista\/cristo-esquipulas-veneracion-migrantes-basilica-estados-unidos-guatemala\/","robots":"max-snippet:-1, max-image-preview:large, max-video-preview:-1","keywords":"","webmasterTools":{"miscellaneous":"&lt;link rel=\"preconnect\" href=\"https:\/\/fonts.googleapis.com\" crossorigin&gt;\n&lt;link rel=\"preconnect\" href=\"https:\/\/fonts.gstatic.com\" crossorigin&gt;"},"schema":null,"og:locale":"es_ES","og:site_name":"SoyMigrante.com REVISTA \u2013 Nuestra misi\u00f3n es reconocer y dignificar al migrante.","og:type":"article","og:title":"Santo Cristo de Esquipulas: preguntas y respuestas","og:description":"\u00bfPor qu\u00e9 se celebra su fiesta 15 de enero? \u00bfEn cu\u00e1nto tiempo fue esculpido? \u00bfDesde cu\u00e1nto se le venera en la Bas\u00edlica? \u00bfD\u00f3nde m\u00e1s est\u00e1 la venerada imagen? Q&amp;A aqu","og:url":"https:\/\/soymigrante.com\/revista\/cristo-esquipulas-veneracion-migrantes-basilica-estados-unidos-guatemala\/","og:image":"https:\/\/soymigrante.com\/revista\/wp-content\/uploads\/2024\/01\/Captura-de-pantalla-2024-01-10-161343.webp","og:image:secure_url":"https:\/\/soymigrante.com\/revista\/wp-content\/uploads\/2024\/01\/Captura-de-pantalla-2024-01-10-161343.webp","og:image:width":718,"og:image:height":651,"article:published_time":"2025-01-04T17:38:41+00:00","article:modified_time":"2026-01-08T15:32:17+00:00","article:publisher":"https:\/\/www.facebook.com\/soymigrantecom","twitter:card":"summary_large_image","twitter:site":"@SoyMigrante_com","twitter:title":"Santo Cristo de Esquipulas: preguntas y respuestas","twitter:description":"\u00bfPor qu\u00e9 se celebra su fiesta 15 de enero? \u00bfEn cu\u00e1nto tiempo fue esculpido? \u00bfDesde cu\u00e1nto se le venera en la Bas\u00edlica? \u00bfD\u00f3nde m\u00e1s est\u00e1 la venerada imagen? Q&amp;A aqu","twitter:creator":"@SoyMigrante_com","twitter:image":"https:\/\/soymigrante.com\/revista\/wp-content\/uploads\/2024\/01\/Captura-de-pantalla-2024-01-10-161343.webp"},"aioseo_meta_data":{"post_id":"4383","title":"Cristo de Esquipulas en USA: \u00bfEn qu\u00e9 templos se encuentra?","description":"R\u00e9plicas del Santo Cristo de Esquipulas se veneran en varias iglesias y parroquias de Estados Unidos. Algunas son muy antiguas. Esta es su ubicaci\u00f3n.","keywords":null,"keyphrases":{"focus":{"keyphrase":"Esquipulas","score":82,"analysis":{"keyphraseInTitle":{"score":9,"maxScore":9,"error":0},"keyphraseInDescription":{"score":9,"maxScore":9,"error":0},"keyphraseLength":{"score":9,"maxScore":9,"error":0,"length":1},"keyphraseInURL":{"score":5,"maxScore":5,"error":0},"keyphraseInIntroduction":{"score":9,"maxScore":9,"error":0},"keyphraseInSubHeadings":{"score":3,"maxScore":9,"error":1},"keyphraseInImageAlt":{"score":3,"maxScore":9,"error":1},"keywordDensity":{"type":"best","score":9,"maxScore":9,"error":0}}},"additional":[{"keyphrase":"Cristo de Esquipulas","score":87,"analysis":{"keyphraseInDescription":{"score":9,"maxScore":9,"error":0},"keyphraseLength":{"score":9,"maxScore":9,"error":0,"length":3},"keyphraseInIntroduction":{"score":9,"maxScore":9,"error":0},"keyphraseInImageAlt":{"score":3,"maxScore":9,"error":1},"keywordDensity":{"type":"best","score":9,"maxScore":9,"error":0}}}]},"primary_term":null,"canonical_url":null,"og_title":null,"og_description":null,"og_object_type":"default","og_image_type":"default","og_image_url":null,"og_image_width":null,"og_image_height":null,"og_image_custom_url":null,"og_image_custom_fields":null,"og_video":"","og_custom_url":null,"og_article_section":null,"og_article_tags":null,"twitter_use_og":false,"twitter_card":"default","twitter_image_type":"default","twitter_image_url":null,"twitter_image_custom_url":null,"twitter_image_custom_fields":null,"twitter_title":null,"twitter_description":null,"schema":{"blockGraphs":[],"customGraphs":[],"default":{"data":{"Article":[],"Course":[],"Dataset":[],"FAQPage":[],"Movie":[],"Person":[],"Product":[],"ProductReview":[],"Car":[],"Recipe":[],"Service":[],"SoftwareApplication":[],"WebPage":[]},"graphName":"BlogPosting","isEnabled":true},"graphs":[]},"schema_type":"default","schema_type_options":null,"pillar_content":false,"robots_default":true,"robots_noindex":false,"robots_noarchive":false,"robots_nosnippet":false,"robots_nofollow":false,"robots_noimageindex":false,"robots_noodp":false,"robots_notranslate":false,"robots_max_snippet":"-1","robots_max_videopreview":"-1","robots_max_imagepreview":"large","priority":null,"frequency":"default","local_seo":null,"seo_analyzer_scan_date":"2025-10-09 01:43:57","breadcrumb_settings":null,"limit_modified_date":false,"reviewed_by":null,"open_ai":"{\"title\":{\"suggestions\":[],\"usage\":0},\"description\":{\"suggestions\":[],\"usage\":0}}","ai":null,"created":"2024-01-12 21:41:14","updated":"2026-02-04 18:55:20"},"aioseo_breadcrumb":"<div class=\"aioseo-breadcrumbs\"><span class=\"aioseo-breadcrumb\">\n\t<a href=\"https:\/\/soymigrante.com\/revista\" title=\"Home\">Home<\/a>\n<\/span><span class=\"aioseo-breadcrumb-separator\">\u00bb<\/span><span class=\"aioseo-breadcrumb\">\n\t<a href=\"https:\/\/soymigrante.com\/revista\/category\/estamos-unidos\/\" title=\"Estamos Unidos\">Estamos Unidos<\/a>\n<\/span><span class=\"aioseo-breadcrumb-separator\">\u00bb<\/span><span class=\"aioseo-breadcrumb\">\n\t\u00bfEn qu\u00e9 iglesias de USA se venera al Cristo de Esquipulas? Listado y ubicaci\u00f3n\n<\/span><\/div>","aioseo_breadcrumb_json":[{"label":"Home","link":"https:\/\/soymigrante.com\/revista"},{"label":"Estamos Unidos","link":"https:\/\/soymigrante.com\/revista\/category\/estamos-unidos\/"},{"label":"\u00bfEn qu\u00e9 iglesias de USA se venera al Cristo de Esquipulas? Listado y ubicaci\u00f3n","link":"https:\/\/soymigrante.com\/revista\/parroquias-estados-unidos-festejan-dia-del-cristo-de-esquipulas\/"}],"_links":{"self":[{"href":"https:\/\/soymigrante.com\/revista\/wp-json\/wp\/v2\/posts\/4383","targetHints":{"allow":["GET"]}}],"collection":[{"href":"https:\/\/soymigrante.com\/revista\/wp-json\/wp\/v2\/posts"}],"about":[{"href":"https:\/\/soymigrante.com\/revista\/wp-json\/wp\/v2\/types\/post"}],"author":[{"embeddable":true,"href":"https:\/\/soymigrante.com\/revista\/wp-json\/wp\/v2\/users\/7"}],"replies":[{"embeddable":true,"href":"https:\/\/soymigrante.com\/revista\/wp-json\/wp\/v2\/comments?post=4383"}],"version-history":[{"count":0,"href":"https:\/\/soymigrante.com\/revista\/wp-json\/wp\/v2\/posts\/4383\/revisions"}],"wp:featuredmedia":[{"embeddable":true,"href":"https:\/\/soymigrante.com\/revista\/wp-json\/wp\/v2\/media\/20377"}],"wp:attachment":[{"href":"https:\/\/soymigrante.com\/revista\/wp-json\/wp\/v2\/media?parent=4383"}],"wp:term":[{"taxonomy":"category","embeddable":true,"href":"https:\/\/soymigrante.com\/revista\/wp-json\/wp\/v2\/categories?post=4383"},{"taxonomy":"post_tag","embeddable":true,"href":"https:\/\/soymigrante.com\/revista\/wp-json\/wp\/v2\/tags?post=4383"}],"curies":[{"name":"wp","href":"https:\/\/api.w.org\/{rel}","templated":true}]}}