{"id":43829,"date":"2025-09-05T08:00:00","date_gmt":"2025-09-05T14:00:00","guid":{"rendered":"https:\/\/soymigrante.com\/revista\/?p=43829"},"modified":"2025-09-04T23:27:28","modified_gmt":"2025-09-05T05:27:28","slug":"juan-sisay-arte-guatemalteco-maya-tzutujil-atitlan","status":"publish","type":"post","link":"https:\/\/soymigrante.com\/revista\/juan-sisay-arte-guatemalteco-maya-tzutujil-atitlan\/","title":{"rendered":"Mira arte guatemalteco: Pintor tz&#8217;utuj&#8217;il Juan Sisay origin\u00f3 la pintura popular de Atitl\u00e1n"},"content":{"rendered":"\t\t<div data-elementor-type=\"wp-post\" data-elementor-id=\"43829\" class=\"elementor elementor-43829\" data-elementor-post-type=\"post\">\n\t\t\t\t<div data-particle_enable=\"false\" data-particle-mobile-disabled=\"false\" class=\"elementor-element elementor-element-59bb49e e-flex e-con-boxed e-con e-parent\" data-id=\"59bb49e\" data-element_type=\"container\" data-e-type=\"container\">\n\t\t\t\t\t<div class=\"e-con-inner\">\n\t\t\t\t<div class=\"elementor-element elementor-element-cf96d9e elementor-widget elementor-widget-heading\" data-id=\"cf96d9e\" data-element_type=\"widget\" data-e-type=\"widget\" data-widget_type=\"heading.default\">\n\t\t\t\t\t<h2 class=\"elementor-heading-title elementor-size-default\">Juan Sisay (1921-1989) fue un artista maya t'zutuj'il nacido en Santiago Atitl\u00e1n. Fue el gran iniciador de la pintura de la vida, cultura, tradici\u00f3n y paisaje en el lago de Atitl\u00e1n. \n<\/h2>\t\t\t\t<\/div>\n\t\t\t\t\t<\/div>\n\t\t\t\t<\/div>\n\t\t<div data-particle_enable=\"false\" data-particle-mobile-disabled=\"false\" class=\"elementor-element elementor-element-82435bf e-flex e-con-boxed e-con e-parent\" data-id=\"82435bf\" data-element_type=\"container\" data-e-type=\"container\">\n\t\t\t\t\t<div class=\"e-con-inner\">\n\t\t\t\t<div class=\"elementor-element elementor-element-e01bd55 elementor-widget elementor-widget-text-editor\" data-id=\"e01bd55\" data-element_type=\"widget\" data-e-type=\"widget\" data-widget_type=\"text-editor.default\">\n\t\t\t\t\t\t\t\t\t<p>Juan Sisay fue un reconocido pintor <a href=\"https:\/\/www.google.com\/search?q=tzutujil+soymigrante.com&amp;oq=tzutujil+soymigrante.com&amp;gs_lcrp=EgZjaHJvbWUqBggAEEUYOzIGCAAQRRg70gEINTM4M2owajSoAgCwAgE&amp;sourceid=chrome&amp;ie=UTF-8\">maya t&#8217;zutuj&#8217;il<\/a> guatemalteco\u00a0<a href=\"https:\/\/soymigrante.com\/revista\/pueblos-de-atitlan-santa-cruz-la-laguna-es-un-joyero-cultural-y-natural\/\" target=\"_blank\" rel=\"noopener\">nacido en Santiago Atitl\u00e1n, Solol\u00e1, en 1921<\/a>. Se le recuerda como uno de los m\u00e1ximos exponentes del arte ind\u00edgena en Guatemala, ya que plasm\u00f3 en sus obras las costumbres, tradiciones y la vida cotidiana de su comunidad.<\/p><p>No\u00a0 tuvo oportunidad de asistir a la escuela y no tuvo una instrucci\u00f3n formal en el arte de la pintura: as\u00ed que su formaci\u00f3n fue autodidacta, pero eso le permiti\u00f3 desarrollar un estilo aut\u00e9ntico, \u00fanico, hist\u00f3rico: reflej\u00f3 la vida de su pueblo desde dentro.<\/p>\t\t\t\t\t\t\t\t<\/div>\n\t\t\t\t\t<\/div>\n\t\t\t\t<\/div>\n\t\t<div data-particle_enable=\"false\" data-particle-mobile-disabled=\"false\" class=\"elementor-element elementor-element-de2d748 e-flex e-con-boxed e-con e-parent\" data-id=\"de2d748\" data-element_type=\"container\" data-e-type=\"container\">\n\t\t\t\t\t<div class=\"e-con-inner\">\n\t\t\t\t<div class=\"elementor-element elementor-element-b9af530 elementor-widget elementor-widget-image\" data-id=\"b9af530\" data-element_type=\"widget\" data-e-type=\"widget\" data-widget_type=\"image.default\">\n\t\t\t\t\t\t\t\t\t\t\t\t<figure class=\"wp-caption\">\n\t\t\t\t\t\t\t\t\t\t<img fetchpriority=\"high\" decoding=\"async\" width=\"582\" height=\"459\" src=\"https:\/\/soymigrante.com\/revista\/wp-content\/uploads\/2025\/09\/tejedora-1.jpg\" class=\"attachment-large size-large wp-image-43865\" alt=\"Durante muchos a\u00f1os se denomin\u00f3 a la pintura de Juan Sisay como &quot;primitivista&quot;, pero este era un t\u00e9rmino equivocado y denigrante. Actualmente se le denomina pintura popular ind\u00edgena. Fue el gran iniciador de la cultura de pintar el paisaje del Lago de Atitl\u00e1n. (Pintura de Juan Sisay, cuya firma est\u00e1 en la esquina inferior)\" srcset=\"https:\/\/soymigrante.com\/revista\/wp-content\/uploads\/2025\/09\/tejedora-1.jpg 582w, https:\/\/soymigrante.com\/revista\/wp-content\/uploads\/2025\/09\/tejedora-1-300x237.jpg 300w\" sizes=\"(max-width: 582px) 100vw, 582px\" title=\"Durante muchos a\u00f1os se denomin\u00f3 a la pintura de Juan Sisay como &quot;primitivista&quot;, pero este era un t\u00e9rmino equivocado y denigrante. Actualmente se le denomina pintura popular ind\u00edgena. Fue el gran iniciador de la cultura de pintar el paisaje del Lago de Atitl\u00e1n. (Pintura de Juan Sisay, cuya firma est\u00e1 en la esquina inferior) \u2013 SoyMigrante.com REVISTA\" \/>\t\t\t\t\t\t\t\t\t\t\t<figcaption class=\"widget-image-caption wp-caption-text\">Durante muchos a\u00f1os se denomin\u00f3 a la pintura de Juan Sisay como \"primitivista\", pero este era un t\u00e9rmino equivocado y denigrante. Actualmente se le denomina pintura popular ind\u00edgena. Fue el gran iniciador de la cultura de pintar el paisaje del Lago de Atitl\u00e1n. (Pintura de Juan Sisay, cuya firma est\u00e1 en la esquina inferior)<\/figcaption>\n\t\t\t\t\t\t\t\t\t\t<\/figure>\n\t\t\t\t\t\t\t\t\t<\/div>\n\t\t\t\t\t<\/div>\n\t\t\t\t<\/div>\n\t\t<div data-particle_enable=\"false\" data-particle-mobile-disabled=\"false\" class=\"elementor-element elementor-element-b69bb2e e-flex e-con-boxed e-con e-parent\" data-id=\"b69bb2e\" data-element_type=\"container\" data-e-type=\"container\">\n\t\t\t\t\t<div class=\"e-con-inner\">\n\t\t\t\t<div class=\"elementor-element elementor-element-f0ffd7c elementor-widget elementor-widget-heading\" data-id=\"f0ffd7c\" data-element_type=\"widget\" data-e-type=\"widget\" data-widget_type=\"heading.default\">\n\t\t\t\t\t<h3 class=\"elementor-heading-title elementor-size-default\">\u00bfPor qu\u00e9 Juan Sisay es tan importante en la historia del arte guatemalteco?<\/h3>\t\t\t\t<\/div>\n\t\t\t\t\t<\/div>\n\t\t\t\t<\/div>\n\t\t<div data-particle_enable=\"false\" data-particle-mobile-disabled=\"false\" class=\"elementor-element elementor-element-34b9b32 e-flex e-con-boxed e-con e-parent\" data-id=\"34b9b32\" data-element_type=\"container\" data-e-type=\"container\">\n\t\t\t\t\t<div class=\"e-con-inner\">\n\t\t\t\t<div class=\"elementor-element elementor-element-2cec311 elementor-widget elementor-widget-text-editor\" data-id=\"2cec311\" data-element_type=\"widget\" data-e-type=\"widget\" data-widget_type=\"text-editor.default\">\n\t\t\t\t\t\t\t\t\t<p>Su importancia radica en que logr\u00f3 internacionalizar la visi\u00f3n del <a href=\"https:\/\/www.google.com\/search?q=tzutujil+soymigrante.com&amp;oq=tzutujil+soymigrante.com&amp;gs_lcrp=EgZjaHJvbWUqBggAEEUYOzIGCAAQRRg70gEINTM4M2owajSoAgCwAgE&amp;sourceid=chrome&amp;ie=UTF-8\">pueblo tz\u2019utujil<\/a> a trav\u00e9s de la pintura. Sus lienzos mostraban procesiones religiosas, mercados, paisajes del lago de Atitl\u00e1n y escenas de la vida comunitaria con un estilo lleno de color y detalle.\u00a0<\/p><p>De esa manera, se convirti\u00f3 en un embajador cultural de Guatemala ante el mundo. Su obra fue expuesta\u00a0 y elogiada fuera del pa\u00eds, como un testimonio vivo de la vida de las comunidades alrededor del Lago de Atitl\u00e1n, sobre todo de su natal Santiago.<\/p>\t\t\t\t\t\t\t\t<\/div>\n\t\t\t\t\t<\/div>\n\t\t\t\t<\/div>\n\t\t<div data-particle_enable=\"false\" data-particle-mobile-disabled=\"false\" class=\"elementor-element elementor-element-2793230 e-flex e-con-boxed e-con e-parent\" data-id=\"2793230\" data-element_type=\"container\" data-e-type=\"container\">\n\t\t\t\t\t<div class=\"e-con-inner\">\n\t\t\t\t<div class=\"elementor-element elementor-element-506d92b elementor-widget elementor-widget-image\" data-id=\"506d92b\" data-element_type=\"widget\" data-e-type=\"widget\" data-widget_type=\"image.default\">\n\t\t\t\t\t\t\t\t\t\t\t\t<figure class=\"wp-caption\">\n\t\t\t\t\t\t\t\t\t\t<img decoding=\"async\" width=\"601\" height=\"470\" src=\"https:\/\/soymigrante.com\/revista\/wp-content\/uploads\/2025\/09\/Juan-Sisay7.jpeg\" class=\"attachment-large size-large wp-image-43846\" alt=\"Juan Sisay fue autodidacta y nunca dej\u00f3 de aprender. Aunque no se gu\u00edaba por las reglas tradicionales o acad\u00e9micas, su obra est\u00e1 llena de luz, autenticidad y de una visi\u00f3n afectuosa hacia la cultura tzutujil. (Pintura de Juan Sisay, cuya firma aparece en la obra)\" srcset=\"https:\/\/soymigrante.com\/revista\/wp-content\/uploads\/2025\/09\/Juan-Sisay7.jpeg 601w, https:\/\/soymigrante.com\/revista\/wp-content\/uploads\/2025\/09\/Juan-Sisay7-300x235.jpeg 300w\" sizes=\"(max-width: 601px) 100vw, 601px\" title=\"Juan Sisay fue autodidacta y nunca dej\u00f3 de aprender. Aunque no se gu\u00edaba por las reglas tradicionales o acad\u00e9micas, su obra est\u00e1 llena de luz, autenticidad y de una visi\u00f3n afectuosa hacia la cultura tzutujil. (Pintura de Juan Sisay, cuya firma aparece en la obra) \u2013 SoyMigrante.com REVISTA\" \/>\t\t\t\t\t\t\t\t\t\t\t<figcaption class=\"widget-image-caption wp-caption-text\">Juan Sisay fue autodidacta y nunca dej\u00f3 de aprender. Aunque no se gu\u00edaba por las reglas tradicionales o acad\u00e9micas, su obra est\u00e1 llena de luz, autenticidad y de una visi\u00f3n afectuosa hacia la cultura tzutujil. (Pintura de Juan Sisay, cuya firma aparece en la obra)<\/figcaption>\n\t\t\t\t\t\t\t\t\t\t<\/figure>\n\t\t\t\t\t\t\t\t\t<\/div>\n\t\t\t\t\t<\/div>\n\t\t\t\t<\/div>\n\t\t<div data-particle_enable=\"false\" data-particle-mobile-disabled=\"false\" class=\"elementor-element elementor-element-e9de776 e-flex e-con-boxed e-con e-parent\" data-id=\"e9de776\" data-element_type=\"container\" data-e-type=\"container\">\n\t\t\t\t\t<div class=\"e-con-inner\">\n\t\t\t\t<div class=\"elementor-element elementor-element-9c3fd17 elementor-widget elementor-widget-heading\" data-id=\"9c3fd17\" data-element_type=\"widget\" data-e-type=\"widget\" data-widget_type=\"heading.default\">\n\t\t\t\t\t<h3 class=\"elementor-heading-title elementor-size-default\">\u00bfCu\u00e1l fue el estilo que caracteriz\u00f3 a Juan Sisay?<\/h3>\t\t\t\t<\/div>\n\t\t\t\t\t<\/div>\n\t\t\t\t<\/div>\n\t\t<div data-particle_enable=\"false\" data-particle-mobile-disabled=\"false\" class=\"elementor-element elementor-element-dd6b81a e-flex e-con-boxed e-con e-parent\" data-id=\"dd6b81a\" data-element_type=\"container\" data-e-type=\"container\">\n\t\t\t\t\t<div class=\"e-con-inner\">\n\t\t\t\t<div class=\"elementor-element elementor-element-a8549b5 elementor-widget elementor-widget-text-editor\" data-id=\"a8549b5\" data-element_type=\"widget\" data-e-type=\"widget\" data-widget_type=\"text-editor.default\">\n\t\t\t\t\t\t\t\t\t<p>Se le reconoce como uno de los pioneros de la pintura popular ind\u00edgena en Guatemala. En sus inicios se le denominaba como &#8220;primitivista&#8221;, pero este era un t\u00e9rmino m\u00e1s bien despectivo y lo mismo cabe decir de otro nombre que se le dio: &#8220;naif&#8221;, que se podr\u00eda traducir como ingenuo.\u00a0<\/p><p><a href=\"https:\/\/soymigrante.com\/revista\/10-pueblos-a-la-orilla-del-lago-de-atitlan-que-debes-descubrir\/\" target=\"_blank\" rel=\"noopener\">Este estilo se caracteriza por la representaci\u00f3n espont\u00e1nea y detallada, con colores vivos, perspectiva intuitiva y una fuerte conexi\u00f3n con la cultura popular de su comunidad.<\/a> En su caso, estuvo profundamente marcado por su identidad ind\u00edgena<a href=\"https:\/\/www.google.com\/search?q=tzutujil+soymigrante.com&amp;oq=tzutujil+soymigrante.com&amp;gs_lcrp=EgZjaHJvbWUqBggAEEUYOzIGCAAQRRg70gEINTM4M2owajSoAgCwAgE&amp;sourceid=chrome&amp;ie=UTF-8\"> tz\u2019utujil.<\/a><\/p>\t\t\t\t\t\t\t\t<\/div>\n\t\t\t\t\t<\/div>\n\t\t\t\t<\/div>\n\t\t<div data-particle_enable=\"false\" data-particle-mobile-disabled=\"false\" class=\"elementor-element elementor-element-399f1e6 e-flex e-con-boxed e-con e-parent\" data-id=\"399f1e6\" data-element_type=\"container\" data-e-type=\"container\">\n\t\t\t\t\t<div class=\"e-con-inner\">\n\t\t\t\t<div class=\"elementor-element elementor-element-edafc42 elementor-widget elementor-widget-image\" data-id=\"edafc42\" data-element_type=\"widget\" data-e-type=\"widget\" data-widget_type=\"image.default\">\n\t\t\t\t\t\t\t\t\t\t\t\t<figure class=\"wp-caption\">\n\t\t\t\t\t\t\t\t\t\t<img decoding=\"async\" width=\"552\" height=\"470\" src=\"https:\/\/soymigrante.com\/revista\/wp-content\/uploads\/2025\/09\/Juan-Sisay4.jpeg\" class=\"attachment-large size-large wp-image-43847\" alt=\"El arte de Juan Sisay estaba lleno de colores y realidades.\" srcset=\"https:\/\/soymigrante.com\/revista\/wp-content\/uploads\/2025\/09\/Juan-Sisay4.jpeg 552w, https:\/\/soymigrante.com\/revista\/wp-content\/uploads\/2025\/09\/Juan-Sisay4-300x255.jpeg 300w\" sizes=\"(max-width: 552px) 100vw, 552px\" title=\"El arte de Juan Sisay estaba lleno de colores y realidades. \u2013 SoyMigrante.com REVISTA\" \/>\t\t\t\t\t\t\t\t\t\t\t<figcaption class=\"widget-image-caption wp-caption-text\">El arte de Juan Sisay estaba lleno de colores y realidades. <\/figcaption>\n\t\t\t\t\t\t\t\t\t\t<\/figure>\n\t\t\t\t\t\t\t\t\t<\/div>\n\t\t\t\t\t<\/div>\n\t\t\t\t<\/div>\n\t\t<div data-particle_enable=\"false\" data-particle-mobile-disabled=\"false\" class=\"elementor-element elementor-element-d7f515a e-flex e-con-boxed e-con e-parent\" data-id=\"d7f515a\" data-element_type=\"container\" data-e-type=\"container\">\n\t\t\t\t\t<div class=\"e-con-inner\">\n\t\t\t\t<div class=\"elementor-element elementor-element-542f420 elementor-widget elementor-widget-heading\" data-id=\"542f420\" data-element_type=\"widget\" data-e-type=\"widget\" data-widget_type=\"heading.default\">\n\t\t\t\t\t<h3 class=\"elementor-heading-title elementor-size-default\">\u00bfEn qu\u00e9 pa\u00edses se conoci\u00f3 su obra?<\/h3>\t\t\t\t<\/div>\n\t\t\t\t\t<\/div>\n\t\t\t\t<\/div>\n\t\t<div data-particle_enable=\"false\" data-particle-mobile-disabled=\"false\" class=\"elementor-element elementor-element-4890160 e-flex e-con-boxed e-con e-parent\" data-id=\"4890160\" data-element_type=\"container\" data-e-type=\"container\">\n\t\t\t\t\t<div class=\"e-con-inner\">\n\t\t\t\t<div class=\"elementor-element elementor-element-a409c0b elementor-widget elementor-widget-text-editor\" data-id=\"a409c0b\" data-element_type=\"widget\" data-e-type=\"widget\" data-widget_type=\"text-editor.default\">\n\t\t\t\t\t\t\t\t\t<p>Las pinturas de Juan Sisay trascendieron fronteras y llegaron a colecciones y exposiciones en Estados Unidos, M\u00e9xico, Europa y otros lugares.\u00a0<\/p><p>Muchos coleccionistas y turistas que visitaban Guatemala adquirieron sus cuadros, lo que ayud\u00f3 a difundir su visi\u00f3n art\u00edstica a nivel internacional.<\/p>\t\t\t\t\t\t\t\t<\/div>\n\t\t\t\t\t<\/div>\n\t\t\t\t<\/div>\n\t\t<div data-particle_enable=\"false\" data-particle-mobile-disabled=\"false\" class=\"elementor-element elementor-element-6eecbf3 e-flex e-con-boxed e-con e-parent\" data-id=\"6eecbf3\" data-element_type=\"container\" data-e-type=\"container\">\n\t\t\t\t\t<div class=\"e-con-inner\">\n\t\t\t\t<div class=\"elementor-element elementor-element-d4c3a33 elementor-widget elementor-widget-image\" data-id=\"d4c3a33\" data-element_type=\"widget\" data-e-type=\"widget\" data-widget_type=\"image.default\">\n\t\t\t\t\t\t\t\t\t\t\t\t<figure class=\"wp-caption\">\n\t\t\t\t\t\t\t\t\t\t<img loading=\"lazy\" decoding=\"async\" width=\"405\" height=\"470\" src=\"https:\/\/soymigrante.com\/revista\/wp-content\/uploads\/2025\/09\/Juan-Sisay6.jpeg\" class=\"attachment-large size-large wp-image-43848\" alt=\"Juan Sisay mostraba desde sus artes la realidad que lo segu\u00eda.\" srcset=\"https:\/\/soymigrante.com\/revista\/wp-content\/uploads\/2025\/09\/Juan-Sisay6.jpeg 405w, https:\/\/soymigrante.com\/revista\/wp-content\/uploads\/2025\/09\/Juan-Sisay6-259x300.jpeg 259w\" sizes=\"(max-width: 405px) 100vw, 405px\" title=\"Juan Sisay mostraba desde sus artes la realidad que lo segu\u00eda. \u2013 SoyMigrante.com REVISTA\" \/>\t\t\t\t\t\t\t\t\t\t\t<figcaption class=\"widget-image-caption wp-caption-text\">Juan Sisay mostraba desde sus artes la realidad que lo segu\u00eda. <\/figcaption>\n\t\t\t\t\t\t\t\t\t\t<\/figure>\n\t\t\t\t\t\t\t\t\t<\/div>\n\t\t\t\t\t<\/div>\n\t\t\t\t<\/div>\n\t\t<div data-particle_enable=\"false\" data-particle-mobile-disabled=\"false\" class=\"elementor-element elementor-element-13d1fc0 e-flex e-con-boxed e-con e-parent\" data-id=\"13d1fc0\" data-element_type=\"container\" data-e-type=\"container\">\n\t\t\t\t\t<div class=\"e-con-inner\">\n\t\t\t\t<div class=\"elementor-element elementor-element-8adab48 elementor-widget elementor-widget-heading\" data-id=\"8adab48\" data-element_type=\"widget\" data-e-type=\"widget\" data-widget_type=\"heading.default\">\n\t\t\t\t\t<h3 class=\"elementor-heading-title elementor-size-default\">\u00bfQu\u00e9 temas retrataba con mayor frecuencia?<\/h3>\t\t\t\t<\/div>\n\t\t\t\t\t<\/div>\n\t\t\t\t<\/div>\n\t\t<div data-particle_enable=\"false\" data-particle-mobile-disabled=\"false\" class=\"elementor-element elementor-element-d2f7caa e-flex e-con-boxed e-con e-parent\" data-id=\"d2f7caa\" data-element_type=\"container\" data-e-type=\"container\">\n\t\t\t\t\t<div class=\"e-con-inner\">\n\t\t\t\t<div class=\"elementor-element elementor-element-34b2b84 elementor-widget elementor-widget-text-editor\" data-id=\"34b2b84\" data-element_type=\"widget\" data-e-type=\"widget\" data-widget_type=\"text-editor.default\">\n\t\t\t\t\t\t\t\t\t<div>Entre los temas m\u00e1s recurrentes est\u00e1n:<\/div><div>\u2022Escenas religiosas como procesiones y ceremonias mayas-cat\u00f3licas.<\/div><div>\u2022Actividades cotidianas de su pueblo, como la pesca, el tejido y el comercio.<\/div><div>\u2022Paisajes naturales del lago de Atitl\u00e1n y su entorno.<\/div><div>\u2022Momentos de sincretismo cultural entre las tradiciones ind\u00edgenas y las pr\u00e1cticas religiosas cat\u00f3licas.<\/div>\t\t\t\t\t\t\t\t<\/div>\n\t\t\t\t\t<\/div>\n\t\t\t\t<\/div>\n\t\t<div data-particle_enable=\"false\" data-particle-mobile-disabled=\"false\" class=\"elementor-element elementor-element-50e2fd7 e-flex e-con-boxed e-con e-parent\" data-id=\"50e2fd7\" data-element_type=\"container\" data-e-type=\"container\">\n\t\t\t\t\t<div class=\"e-con-inner\">\n\t\t\t\t<div class=\"elementor-element elementor-element-7ac2e45 elementor-widget elementor-widget-image\" data-id=\"7ac2e45\" data-element_type=\"widget\" data-e-type=\"widget\" data-widget_type=\"image.default\">\n\t\t\t\t\t\t\t\t\t\t\t\t<figure class=\"wp-caption\">\n\t\t\t\t\t\t\t\t\t\t<img loading=\"lazy\" decoding=\"async\" width=\"565\" height=\"470\" src=\"https:\/\/soymigrante.com\/revista\/wp-content\/uploads\/2025\/09\/Juan-Sisay9.jpeg\" class=\"attachment-large size-large wp-image-43849\" alt=\"La falta de reglas de perspectiva o proporci\u00f3n se convirti\u00f3 en un estilo m\u00e1gico y aut\u00e9ntico. Conforme fue pintando, Juan Sisay fue puliendo y depurando sus obras, pero nunca perdi\u00f3 ese ojo afectuoso hacia su comunidad Santiago Atitl\u00e1n.\" srcset=\"https:\/\/soymigrante.com\/revista\/wp-content\/uploads\/2025\/09\/Juan-Sisay9.jpeg 565w, https:\/\/soymigrante.com\/revista\/wp-content\/uploads\/2025\/09\/Juan-Sisay9-300x250.jpeg 300w\" sizes=\"(max-width: 565px) 100vw, 565px\" title=\"La falta de reglas de perspectiva o proporci\u00f3n se convirti\u00f3 en un estilo m\u00e1gico y aut\u00e9ntico. Conforme fue pintando, Juan Sisay fue puliendo y depurando sus obras, pero nunca perdi\u00f3 ese ojo afectuoso hacia su comunidad Santiago Atitl\u00e1n. \u2013 SoyMigrante.com REVISTA\" \/>\t\t\t\t\t\t\t\t\t\t\t<figcaption class=\"widget-image-caption wp-caption-text\">La falta de reglas de perspectiva o proporci\u00f3n se convirti\u00f3 en un estilo m\u00e1gico y aut\u00e9ntico. Conforme fue pintando, Juan Sisay fue puliendo y depurando sus obras, pero nunca perdi\u00f3 ese ojo afectuoso hacia su comunidad Santiago Atitl\u00e1n.<\/figcaption>\n\t\t\t\t\t\t\t\t\t\t<\/figure>\n\t\t\t\t\t\t\t\t\t<\/div>\n\t\t\t\t\t<\/div>\n\t\t\t\t<\/div>\n\t\t<div data-particle_enable=\"false\" data-particle-mobile-disabled=\"false\" class=\"elementor-element elementor-element-8d58548 e-flex e-con-boxed e-con e-parent\" data-id=\"8d58548\" data-element_type=\"container\" data-e-type=\"container\">\n\t\t\t\t\t<div class=\"e-con-inner\">\n\t\t\t\t<div class=\"elementor-element elementor-element-3ee841e elementor-widget elementor-widget-heading\" data-id=\"3ee841e\" data-element_type=\"widget\" data-e-type=\"widget\" data-widget_type=\"heading.default\">\n\t\t\t\t\t<h3 class=\"elementor-heading-title elementor-size-default\">\u00bfC\u00f3mo fue su vida personal?<\/h3>\t\t\t\t<\/div>\n\t\t\t\t\t<\/div>\n\t\t\t\t<\/div>\n\t\t<div data-particle_enable=\"false\" data-particle-mobile-disabled=\"false\" class=\"elementor-element elementor-element-0188aef e-flex e-con-boxed e-con e-parent\" data-id=\"0188aef\" data-element_type=\"container\" data-e-type=\"container\">\n\t\t\t\t\t<div class=\"e-con-inner\">\n\t\t\t\t<div class=\"elementor-element elementor-element-b86c437 elementor-widget elementor-widget-text-editor\" data-id=\"b86c437\" data-element_type=\"widget\" data-e-type=\"widget\" data-widget_type=\"text-editor.default\">\n\t\t\t\t\t\t\t\t\t<p><a href=\"https:\/\/soymigrante.com\/revista\/programa-pueblos-pintorescos-impulsando-el-turismo-cultural-en-guatemala\/\" target=\"_blank\" rel=\"noopener\">Vivi\u00f3 la mayor parte de su vida en Santiago Atitl\u00e1n, donde mantuvo un estrecho v\u00ednculo con su comunidad.<\/a> Su sencillez lo hac\u00eda cercano a los habitantes del pueblo, quienes lo reconoc\u00edan tanto como pintor como l\u00edder comunitario.<\/p>\t\t\t\t\t\t\t\t<\/div>\n\t\t\t\t\t<\/div>\n\t\t\t\t<\/div>\n\t\t<div data-particle_enable=\"false\" data-particle-mobile-disabled=\"false\" class=\"elementor-element elementor-element-8c769bb e-flex e-con-boxed e-con e-parent\" data-id=\"8c769bb\" data-element_type=\"container\" data-e-type=\"container\">\n\t\t\t\t\t<div class=\"e-con-inner\">\n\t\t\t\t<div class=\"elementor-element elementor-element-a54fcb1 elementor-widget elementor-widget-image\" data-id=\"a54fcb1\" data-element_type=\"widget\" data-e-type=\"widget\" data-widget_type=\"image.default\">\n\t\t\t\t\t\t\t\t\t\t\t\t<figure class=\"wp-caption\">\n\t\t\t\t\t\t\t\t\t\t<img loading=\"lazy\" decoding=\"async\" width=\"485\" height=\"485\" src=\"https:\/\/soymigrante.com\/revista\/wp-content\/uploads\/2025\/09\/Juan-Sisay1-e1757021856514.jpeg\" class=\"attachment-large size-large wp-image-43830\" alt=\"Juan Sisay: el artista guatemalteco que retrat\u00f3 la identidad tz&#039;utuj&#039;il desde dentro. El artista fue asesinado en abril de 1989 despu\u00e9s de haber pintado acerca de una masacre cometida en Santiago Atitl\u00e1n durante el conflicto armado interno. (Retrato por Miguel Ch\u00e1vez)\" srcset=\"https:\/\/soymigrante.com\/revista\/wp-content\/uploads\/2025\/09\/Juan-Sisay1-e1757021856514.jpeg 485w, https:\/\/soymigrante.com\/revista\/wp-content\/uploads\/2025\/09\/Juan-Sisay1-e1757021856514-300x300.jpeg 300w, https:\/\/soymigrante.com\/revista\/wp-content\/uploads\/2025\/09\/Juan-Sisay1-e1757021856514-150x150.jpeg 150w, https:\/\/soymigrante.com\/revista\/wp-content\/uploads\/2025\/09\/Juan-Sisay1-e1757021856514-75x75.jpeg 75w\" sizes=\"(max-width: 485px) 100vw, 485px\" title=\"Juan Sisay: el artista guatemalteco que retrat\u00f3 la identidad tz&#039;utuj&#039;il desde dentro. El artista fue asesinado en abril de 1989 despu\u00e9s de haber pintado acerca de una masacre cometida en Santiago Atitl\u00e1n durante el conflicto armado interno. (Retrato por Miguel Ch\u00e1vez) \u2013 SoyMigrante.com REVISTA\" \/>\t\t\t\t\t\t\t\t\t\t\t<figcaption class=\"widget-image-caption wp-caption-text\">Juan Sisay: el artista guatemalteco que retrat\u00f3 la identidad tz'utuj'il desde dentro. El artista fue asesinado en abril de 1989 despu\u00e9s de haber pintado acerca de una masacre cometida en Santiago Atitl\u00e1n durante el conflicto armado interno. (Retrato por Miguel Ch\u00e1vez)<\/figcaption>\n\t\t\t\t\t\t\t\t\t\t<\/figure>\n\t\t\t\t\t\t\t\t\t<\/div>\n\t\t\t\t\t<\/div>\n\t\t\t\t<\/div>\n\t\t<div data-particle_enable=\"false\" data-particle-mobile-disabled=\"false\" class=\"elementor-element elementor-element-722f3f2 e-flex e-con-boxed e-con e-parent\" data-id=\"722f3f2\" data-element_type=\"container\" data-e-type=\"container\">\n\t\t\t\t\t<div class=\"e-con-inner\">\n\t\t\t\t<div class=\"elementor-element elementor-element-2b64fad elementor-widget elementor-widget-heading\" data-id=\"2b64fad\" data-element_type=\"widget\" data-e-type=\"widget\" data-widget_type=\"heading.default\">\n\t\t\t\t\t<h3 class=\"elementor-heading-title elementor-size-default\">Tr\u00e1gico final, pero su legado vive<\/h3>\t\t\t\t<\/div>\n\t\t\t\t\t<\/div>\n\t\t\t\t<\/div>\n\t\t<div data-particle_enable=\"false\" data-particle-mobile-disabled=\"false\" class=\"elementor-element elementor-element-c6263fe e-flex e-con-boxed e-con e-parent\" data-id=\"c6263fe\" data-element_type=\"container\" data-e-type=\"container\">\n\t\t\t\t\t<div class=\"e-con-inner\">\n\t\t\t\t<div class=\"elementor-element elementor-element-628e76d elementor-widget elementor-widget-text-editor\" data-id=\"628e76d\" data-element_type=\"widget\" data-e-type=\"widget\" data-widget_type=\"text-editor.default\">\n\t\t\t\t\t\t\t\t\t<p>Lamentablemente, Juan Sisay fue asesinado en 1989, durante una \u00e9poca de gran violencia pol\u00edtica en Guatemala. El artista pint\u00f3 un cuadro sobre una reciente matanza cometida en Santiago Atitl\u00e1n durante el Conflicto Armado Interno, y a eso se atribuye el ataque: una represalia.<\/p><p>Su muerte caus\u00f3 conmoci\u00f3n nacional e internacional, ya que adem\u00e1s de ser artista, era una autoridad comunitaria tz\u2019utujil.<\/p>\t\t\t\t\t\t\t\t<\/div>\n\t\t\t\t\t<\/div>\n\t\t\t\t<\/div>\n\t\t<div data-particle_enable=\"false\" data-particle-mobile-disabled=\"false\" class=\"elementor-element elementor-element-54c5233 e-flex e-con-boxed e-con e-parent\" data-id=\"54c5233\" data-element_type=\"container\" data-e-type=\"container\">\n\t\t\t\t\t<div class=\"e-con-inner\">\n\t\t\t\t<div class=\"elementor-element elementor-element-a758a7e elementor-widget elementor-widget-image\" data-id=\"a758a7e\" data-element_type=\"widget\" data-e-type=\"widget\" data-widget_type=\"image.default\">\n\t\t\t\t\t\t\t\t\t\t\t\t<figure class=\"wp-caption\">\n\t\t\t\t\t\t\t\t\t\t<img loading=\"lazy\" decoding=\"async\" width=\"369\" height=\"470\" src=\"https:\/\/soymigrante.com\/revista\/wp-content\/uploads\/2025\/09\/Juan-Sisay5.jpeg\" class=\"attachment-large size-large wp-image-43850\" alt=\"La creatividad de Juan Sisay se plasm\u00f3 en todas sus obras.\" srcset=\"https:\/\/soymigrante.com\/revista\/wp-content\/uploads\/2025\/09\/Juan-Sisay5.jpeg 369w, https:\/\/soymigrante.com\/revista\/wp-content\/uploads\/2025\/09\/Juan-Sisay5-236x300.jpeg 236w\" sizes=\"(max-width: 369px) 100vw, 369px\" title=\"La creatividad de Juan Sisay se plasm\u00f3 en todas sus obras. \u2013 SoyMigrante.com REVISTA\" \/>\t\t\t\t\t\t\t\t\t\t\t<figcaption class=\"widget-image-caption wp-caption-text\">La creatividad de Juan Sisay se plasm\u00f3 en todas sus obras. <\/figcaption>\n\t\t\t\t\t\t\t\t\t\t<\/figure>\n\t\t\t\t\t\t\t\t\t<\/div>\n\t\t\t\t\t<\/div>\n\t\t\t\t<\/div>\n\t\t<div data-particle_enable=\"false\" data-particle-mobile-disabled=\"false\" class=\"elementor-element elementor-element-d74a746 e-flex e-con-boxed e-con e-parent\" data-id=\"d74a746\" data-element_type=\"container\" data-e-type=\"container\">\n\t\t\t\t\t<div class=\"e-con-inner\">\n\t\t\t\t<div class=\"elementor-element elementor-element-106198f elementor-widget elementor-widget-heading\" data-id=\"106198f\" data-element_type=\"widget\" data-e-type=\"widget\" data-widget_type=\"heading.default\">\n\t\t\t\t\t<h3 class=\"elementor-heading-title elementor-size-default\">\u00bfCu\u00e1l es su legado en la actualidad?<\/h3>\t\t\t\t<\/div>\n\t\t\t\t\t<\/div>\n\t\t\t\t<\/div>\n\t\t<div data-particle_enable=\"false\" data-particle-mobile-disabled=\"false\" class=\"elementor-element elementor-element-9268507 e-flex e-con-boxed e-con e-parent\" data-id=\"9268507\" data-element_type=\"container\" data-e-type=\"container\">\n\t\t\t\t\t<div class=\"e-con-inner\">\n\t\t\t\t<div class=\"elementor-element elementor-element-dfc5b39 elementor-widget elementor-widget-text-editor\" data-id=\"dfc5b39\" data-element_type=\"widget\" data-e-type=\"widget\" data-widget_type=\"text-editor.default\">\n\t\t\t\t\t\t\t\t\t<p>El legado de Juan Sisay perdura en la memoria de Santiago Atitl\u00e1n y en el arte guatemalteco. Sus pinturas son testimonio de una \u00e9poca y una forma de vida que \u00e9l ayud\u00f3 a preservar en lienzos.\u00a0<\/p><p>Adem\u00e1s, inspir\u00f3 a nuevas generaciones de artistas ind\u00edgenas a expresarse a trav\u00e9s del arte y dar a conocer su cosmovisi\u00f3n. Sus hijos tambi\u00e9n prosiguieron el trabajo art\u00edstico.<\/p>\t\t\t\t\t\t\t\t<\/div>\n\t\t\t\t\t<\/div>\n\t\t\t\t<\/div>\n\t\t<div data-particle_enable=\"false\" data-particle-mobile-disabled=\"false\" class=\"elementor-element elementor-element-f00f0d8 e-flex e-con-boxed e-con e-parent\" data-id=\"f00f0d8\" data-element_type=\"container\" data-e-type=\"container\">\n\t\t\t\t\t<div class=\"e-con-inner\">\n\t\t\t\t<div class=\"elementor-element elementor-element-379393b elementor-widget elementor-widget-heading\" data-id=\"379393b\" data-element_type=\"widget\" data-e-type=\"widget\" data-widget_type=\"heading.default\">\n\t\t\t\t\t<h2 class=\"elementor-heading-title elementor-size-default\">Conoce m\u00e1s de otros artistas guatemaltecos, ac\u00e1...<\/h2>\t\t\t\t<\/div>\n\t\t\t\t\t<\/div>\n\t\t\t\t<\/div>\n\t\t<div data-particle_enable=\"false\" data-particle-mobile-disabled=\"false\" class=\"elementor-element elementor-element-3c50a78 e-flex e-con-boxed e-con e-parent\" data-id=\"3c50a78\" data-element_type=\"container\" data-e-type=\"container\">\n\t\t\t\t\t<div class=\"e-con-inner\">\n\t\t\t\t<div class=\"elementor-element elementor-element-1f71714 elementor-grid-eael-col-3 elementor-grid-tablet-eael-col-2 elementor-grid-mobile-eael-col-1 elementor-widget elementor-widget-eael-post-grid\" data-id=\"1f71714\" data-element_type=\"widget\" data-e-type=\"widget\" data-settings=\"{&quot;eael_post_grid_columns&quot;:&quot;eael-col-3&quot;,&quot;eael_post_grid_columns_tablet&quot;:&quot;eael-col-2&quot;,&quot;eael_post_grid_columns_mobile&quot;:&quot;eael-col-1&quot;}\" data-widget_type=\"eael-post-grid.default\">\n\t\t\t\t\t<div id=\"eael-post-grid-1f71714\" class=\"eael-post-grid-container\">\n            <div class=\"eael-post-grid eael-post-appender eael-post-appender-1f71714 eael-post-grid-style-one\" data-layout-mode=\"masonry\"><article class=\"eael-grid-post  eael-post-grid-column eael-pg-post-43400 category-arte-cultura\" data-id=\"43400\">\n        <div class=\"eael-grid-post-holder\">\n            <div class=\"eael-grid-post-holder-inner\"><div class=\"eael-entry-media\"><div class=\"eael-entry-overlay fade-in\"><i class=\"far fa-hand-pointer\" aria-hidden=\"true\"><\/i><a href=\"https:\/\/soymigrante.com\/revista\/efrain-recinos-un-genio-del-arte-guatemalteco-que-vivira-siempre\/\"><\/a><\/div><div class=\"eael-entry-thumbnail \">\n                <img loading=\"lazy\" decoding=\"async\" width=\"421\" height=\"416\" src=\"https:\/\/soymigrante.com\/revista\/wp-content\/uploads\/2025\/09\/Guatemalita-de-Efrain-Recinos.png\" class=\"attachment-large size-large wp-image-43608\" alt=\"Guatemalita de Efra\u00edn Recinos\" srcset=\"https:\/\/soymigrante.com\/revista\/wp-content\/uploads\/2025\/09\/Guatemalita-de-Efrain-Recinos.png 421w, https:\/\/soymigrante.com\/revista\/wp-content\/uploads\/2025\/09\/Guatemalita-de-Efrain-Recinos-300x296.png 300w, https:\/\/soymigrante.com\/revista\/wp-content\/uploads\/2025\/09\/Guatemalita-de-Efrain-Recinos-75x75.png 75w\" sizes=\"(max-width: 421px) 100vw, 421px\" \/>\n            <\/div>\n        <\/div><div class=\"eael-entry-wrapper\"><header class=\"eael-entry-header\"><h2 class=\"eael-entry-title\"><a class=\"eael-grid-post-link\" href=\"https:\/\/soymigrante.com\/revista\/efrain-recinos-un-genio-del-arte-guatemalteco-que-vivira-siempre\/\" title=\"Mira arte guatemalteco: Efra\u00edn Recinos, un genio que sigue a la vista de todos\">Mira arte guatemalteco: Efra\u00edn Recinos, un genio que sigue a la vista de todos<\/a><\/h2><\/header><div class=\"eael-entry-content\">\n                        <div class=\"eael-grid-post-excerpt\"><a href=\"https:\/\/soymigrante.com\/revista\/efrain-recinos-un-genio-del-arte-guatemalteco-que-vivira-siempre\/\" class=\"eael-post-elements-readmore-btn\">CONOCE SU HISTORIA <\/a><\/div>\n                    <\/div><\/div><\/div>\n        <\/div>\n    <\/article><article class=\"eael-grid-post  eael-post-grid-column eael-pg-post-43122 category-arte-cultura\" data-id=\"43122\">\n        <div class=\"eael-grid-post-holder\">\n            <div class=\"eael-grid-post-holder-inner\"><div class=\"eael-entry-media\"><div class=\"eael-entry-overlay fade-in\"><i class=\"far fa-hand-pointer\" aria-hidden=\"true\"><\/i><a href=\"https:\/\/soymigrante.com\/revista\/mira-arte-guatemalteco-andres-curruchich-gran-iniciador-de-la-pintura-popular\/\"><\/a><\/div><div class=\"eael-entry-thumbnail \">\n                <img loading=\"lazy\" decoding=\"async\" width=\"853\" height=\"853\" src=\"https:\/\/soymigrante.com\/revista\/wp-content\/uploads\/2025\/08\/andres-curruchich-pintura-arte-guatemala.png\" class=\"attachment-large size-large wp-image-43225\" alt=\"Colores vibrantes y trajes tradicionales en una danza folcl\u00f3rica mexicana, celebrando cultura y patrimonio en SoyMigrante.com REVISTA.\" srcset=\"https:\/\/soymigrante.com\/revista\/wp-content\/uploads\/2025\/08\/andres-curruchich-pintura-arte-guatemala.png 853w, https:\/\/soymigrante.com\/revista\/wp-content\/uploads\/2025\/08\/andres-curruchich-pintura-arte-guatemala-300x300.png 300w, https:\/\/soymigrante.com\/revista\/wp-content\/uploads\/2025\/08\/andres-curruchich-pintura-arte-guatemala-150x150.png 150w, https:\/\/soymigrante.com\/revista\/wp-content\/uploads\/2025\/08\/andres-curruchich-pintura-arte-guatemala-768x768.png 768w, https:\/\/soymigrante.com\/revista\/wp-content\/uploads\/2025\/08\/andres-curruchich-pintura-arte-guatemala-75x75.png 75w, https:\/\/soymigrante.com\/revista\/wp-content\/uploads\/2025\/08\/andres-curruchich-pintura-arte-guatemala-750x750.png 750w\" sizes=\"(max-width: 853px) 100vw, 853px\" \/>\n            <\/div>\n        <\/div><div class=\"eael-entry-wrapper\"><header class=\"eael-entry-header\"><h2 class=\"eael-entry-title\"><a class=\"eael-grid-post-link\" href=\"https:\/\/soymigrante.com\/revista\/mira-arte-guatemalteco-andres-curruchich-gran-iniciador-de-la-pintura-popular\/\" title=\"Mira arte guatemalteco: Andr\u00e9s Curruchich, gran iniciador de la pintura popular\">Mira arte guatemalteco: Andr\u00e9s Curruchich, gran iniciador de la pintura popular<\/a><\/h2><\/header><div class=\"eael-entry-content\">\n                        <div class=\"eael-grid-post-excerpt\"><a href=\"https:\/\/soymigrante.com\/revista\/mira-arte-guatemalteco-andres-curruchich-gran-iniciador-de-la-pintura-popular\/\" class=\"eael-post-elements-readmore-btn\">CONOCE SU HISTORIA <\/a><\/div>\n                    <\/div><\/div><\/div>\n        <\/div>\n    <\/article><article class=\"eael-grid-post  eael-post-grid-column eael-pg-post-43164 category-arte-cultura\" data-id=\"43164\">\n        <div class=\"eael-grid-post-holder\">\n            <div class=\"eael-grid-post-holder-inner\"><div class=\"eael-entry-media\"><div class=\"eael-entry-overlay fade-in\"><i class=\"far fa-hand-pointer\" aria-hidden=\"true\"><\/i><a href=\"https:\/\/soymigrante.com\/revista\/mira-arte-guatemalteco-margarita-azurdia-nunca-deja-de-sorprender\/\"><\/a><\/div><div class=\"eael-entry-thumbnail \">\n                <img loading=\"lazy\" decoding=\"async\" width=\"895\" height=\"884\" src=\"https:\/\/soymigrante.com\/revista\/wp-content\/uploads\/2025\/08\/arte-guatemalteco-Margarita-Azurdia-2.webp\" class=\"attachment-large size-large wp-image-43453\" alt=\"Cultura ind\u00edgena con figuras de animales y personajes tradicionales en una escultura colorida para promover el arte y la tradici\u00f3n en La revista SoyMigrante.\" srcset=\"https:\/\/soymigrante.com\/revista\/wp-content\/uploads\/2025\/08\/arte-guatemalteco-Margarita-Azurdia-2.webp 895w, https:\/\/soymigrante.com\/revista\/wp-content\/uploads\/2025\/08\/arte-guatemalteco-Margarita-Azurdia-2-300x296.png 300w, https:\/\/soymigrante.com\/revista\/wp-content\/uploads\/2025\/08\/arte-guatemalteco-Margarita-Azurdia-2-768x759.png 768w, https:\/\/soymigrante.com\/revista\/wp-content\/uploads\/2025\/08\/arte-guatemalteco-Margarita-Azurdia-2-75x75.webp 75w, https:\/\/soymigrante.com\/revista\/wp-content\/uploads\/2025\/08\/arte-guatemalteco-Margarita-Azurdia-2-750x741.webp 750w\" sizes=\"(max-width: 895px) 100vw, 895px\" \/>\n            <\/div>\n        <\/div><div class=\"eael-entry-wrapper\"><header class=\"eael-entry-header\"><h2 class=\"eael-entry-title\"><a class=\"eael-grid-post-link\" href=\"https:\/\/soymigrante.com\/revista\/mira-arte-guatemalteco-margarita-azurdia-nunca-deja-de-sorprender\/\" title=\"Mira arte guatemalteco: Margarita Azurdia nunca deja de sorprender\">Mira arte guatemalteco: Margarita Azurdia nunca deja de sorprender<\/a><\/h2><\/header><div class=\"eael-entry-content\">\n                        <div class=\"eael-grid-post-excerpt\"><a href=\"https:\/\/soymigrante.com\/revista\/mira-arte-guatemalteco-margarita-azurdia-nunca-deja-de-sorprender\/\" class=\"eael-post-elements-readmore-btn\">CONOCE SU HISTORIA <\/a><\/div>\n                    <\/div><\/div><\/div>\n        <\/div>\n    <\/article><\/div>\n            <div class=\"clearfix\"><\/div>\n        <\/div>\t\t\t\t<\/div>\n\t\t\t\t\t<\/div>\n\t\t\t\t<\/div>\n\t\t\t\t<\/div>\n\t\t","protected":false},"excerpt":{"rendered":"<p>Juan Sisay (1921-1989) fue un artista maya t&#8217;zutuj&#8217;il nacido en Santiago Atitl\u00e1n. Fue el gran iniciador de la pintura de la vida, cultura, tradici\u00f3n y paisaje en el lago de Atitl\u00e1n. Juan Sisay fue un reconocido pintor maya t&#8217;zutuj&#8217;il guatemalteco\u00a0nacido en Santiago Atitl\u00e1n, Solol\u00e1, en 1921. Se le recuerda como uno de los m\u00e1ximos exponentes [&hellip;]<\/p>\n","protected":false},"author":19,"featured_media":43830,"comment_status":"open","ping_status":"open","sticky":false,"template":"","format":"standard","meta":{"_acf_changed":false,"_eb_attr":"","footnotes":""},"categories":[91,58],"tags":[],"class_list":["post-43829","post","type-post","status-publish","format-standard","has-post-thumbnail","hentry","category-arte-cultura","category-guate-nuestra"],"acf":[],"aioseo_notices":[],"aioseo_head":"\n\t\t<!-- All in One SEO Pro 4.9.6.2 - aioseo.com -->\n\t<meta name=\"description\" content=\"Margarita Azurdia (1931-1998) sigue sorprendiendo con sus esculturas desafiantes y en movimiento, con un colorido basado en la multiculturalidad guatemalteca.\" \/>\n\t<meta name=\"robots\" content=\"max-snippet:-1, max-image-preview:large, max-video-preview:-1\" \/>\n\t<meta name=\"author\" content=\"Marysabel Aldana\"\/>\n\t<link rel=\"canonical\" href=\"https:\/\/soymigrante.com\/revista\/mira-arte-guatemalteco-margarita-azurdia-nunca-deja-de-sorprender\/\" \/>\n\t<meta name=\"generator\" content=\"All in One SEO Pro (AIOSEO) 4.9.6.2\" \/>\n\n\t\t<link rel=\"preconnect\" href=\"https:\/\/fonts.googleapis.com\" crossorigin>\n<link rel=\"preconnect\" href=\"https:\/\/fonts.gstatic.com\" crossorigin>\n\t\t<meta property=\"og:locale\" content=\"es_ES\" \/>\n\t\t<meta property=\"og:site_name\" content=\"SoyMigrante.com REVISTA \u2013 Nuestra misi\u00f3n es reconocer y dignificar al migrante.\" \/>\n\t\t<meta property=\"og:type\" content=\"article\" \/>\n\t\t<meta property=\"og:title\" content=\"Mira arte guatemalteco: Margarita Azurdia nunca deja de sorprender\" \/>\n\t\t<meta property=\"og:description\" content=\"Margarita Azurdia (1931-1998) sigue sorprendiendo con sus esculturas desafiantes y en movimiento, con un colorido basado en la multiculturalidad guatemalteca.\" \/>\n\t\t<meta property=\"og:url\" content=\"https:\/\/soymigrante.com\/revista\/mira-arte-guatemalteco-margarita-azurdia-nunca-deja-de-sorprender\/\" \/>\n\t\t<meta property=\"og:image\" content=\"https:\/\/soymigrante.com\/revista\/wp-content\/uploads\/2025\/08\/arte-guatemalteco-Margarita-Azurdia-2.webp\" \/>\n\t\t<meta property=\"og:image:secure_url\" content=\"https:\/\/soymigrante.com\/revista\/wp-content\/uploads\/2025\/08\/arte-guatemalteco-Margarita-Azurdia-2.webp\" \/>\n\t\t<meta property=\"og:image:width\" content=\"895\" \/>\n\t\t<meta property=\"og:image:height\" content=\"884\" \/>\n\t\t<meta property=\"article:published_time\" content=\"2025-09-02T13:00:00+00:00\" \/>\n\t\t<meta property=\"article:modified_time\" content=\"2025-09-19T13:25:17+00:00\" \/>\n\t\t<meta property=\"article:publisher\" content=\"https:\/\/www.facebook.com\/soymigrantecom\" \/>\n\t\t<meta name=\"twitter:card\" content=\"summary_large_image\" \/>\n\t\t<meta name=\"twitter:site\" content=\"@SoyMigrante_com\" \/>\n\t\t<meta name=\"twitter:title\" content=\"Mira arte guatemalteco: Margarita Azurdia nunca deja de sorprender\" \/>\n\t\t<meta name=\"twitter:description\" content=\"Margarita Azurdia (1931-1998) sigue sorprendiendo con sus esculturas desafiantes y en movimiento, con un colorido basado en la multiculturalidad guatemalteca.\" \/>\n\t\t<meta name=\"twitter:creator\" content=\"@SoyMigrante_com\" \/>\n\t\t<meta name=\"twitter:image\" content=\"https:\/\/soymigrante.com\/revista\/wp-content\/uploads\/2025\/08\/arte-guatemalteco-Margarita-Azurdia-2.webp\" \/>\n\t\t<!-- All in One SEO Pro -->\r\n\t\t<title>Mira arte guatemalteco: Margarita Azurdia nunca deja de sorprender<\/title>\n\n","aioseo_head_json":{"title":"Mira arte guatemalteco: Margarita Azurdia nunca deja de sorprender","description":"Margarita Azurdia (1931-1998) sigue sorprendiendo con sus esculturas desafiantes y en movimiento, con un colorido basado en la multiculturalidad guatemalteca.","canonical_url":"https:\/\/soymigrante.com\/revista\/mira-arte-guatemalteco-margarita-azurdia-nunca-deja-de-sorprender\/","robots":"max-snippet:-1, max-image-preview:large, max-video-preview:-1","keywords":"","webmasterTools":{"miscellaneous":"&lt;link rel=\"preconnect\" href=\"https:\/\/fonts.googleapis.com\" crossorigin&gt;\n&lt;link rel=\"preconnect\" href=\"https:\/\/fonts.gstatic.com\" crossorigin&gt;"},"schema":null,"og:locale":"es_ES","og:site_name":"SoyMigrante.com REVISTA \u2013 Nuestra misi\u00f3n es reconocer y dignificar al migrante.","og:type":"article","og:title":"Mira arte guatemalteco: Margarita Azurdia nunca deja de sorprender","og:description":"Margarita Azurdia (1931-1998) sigue sorprendiendo con sus esculturas desafiantes y en movimiento, con un colorido basado en la multiculturalidad guatemalteca.","og:url":"https:\/\/soymigrante.com\/revista\/mira-arte-guatemalteco-margarita-azurdia-nunca-deja-de-sorprender\/","og:image":"https:\/\/soymigrante.com\/revista\/wp-content\/uploads\/2025\/08\/arte-guatemalteco-Margarita-Azurdia-2.webp","og:image:secure_url":"https:\/\/soymigrante.com\/revista\/wp-content\/uploads\/2025\/08\/arte-guatemalteco-Margarita-Azurdia-2.webp","og:image:width":895,"og:image:height":884,"article:published_time":"2025-09-02T13:00:00+00:00","article:modified_time":"2025-09-19T13:25:17+00:00","article:publisher":"https:\/\/www.facebook.com\/soymigrantecom","twitter:card":"summary_large_image","twitter:site":"@SoyMigrante_com","twitter:title":"Mira arte guatemalteco: Margarita Azurdia nunca deja de sorprender","twitter:description":"Margarita Azurdia (1931-1998) sigue sorprendiendo con sus esculturas desafiantes y en movimiento, con un colorido basado en la multiculturalidad guatemalteca.","twitter:creator":"@SoyMigrante_com","twitter:image":"https:\/\/soymigrante.com\/revista\/wp-content\/uploads\/2025\/08\/arte-guatemalteco-Margarita-Azurdia-2.webp"},"aioseo_meta_data":{"post_id":"43829","title":"Juan Sisay pionero de la pintura popular en Atitl\u00e1n","description":"Juan Sisay (1921-1989) fue un artista maya tzutujil que empez\u00f3 a pintar escenas de la vida de su pueblo a partir de 1950. Muri\u00f3 v\u00edctima del conflicto armado.","keywords":null,"keyphrases":{"focus":{"keyphrase":"Juan Sisay","score":91,"analysis":{"keyphraseInTitle":{"score":9,"maxScore":9,"error":0},"keyphraseInDescription":{"score":9,"maxScore":9,"error":0},"keyphraseLength":{"score":9,"maxScore":9,"error":0,"length":2},"keyphraseInURL":{"score":5,"maxScore":5,"error":0},"keyphraseInIntroduction":{"score":9,"maxScore":9,"error":0},"keyphraseInSubHeadings":{"score":3,"maxScore":9,"error":1},"keyphraseInImageAlt":{"score":9,"maxScore":9,"error":0},"keywordDensity":{"type":"best","score":9,"maxScore":9,"error":0}}},"additional":[{"keyphrase":"guatemalteco","score":87,"analysis":{"keyphraseInDescription":{"score":3,"maxScore":9,"error":1},"keyphraseLength":{"score":9,"maxScore":9,"error":0,"length":1},"keyphraseInIntroduction":{"score":9,"maxScore":9,"error":0},"keyphraseInImageAlt":{"score":9,"maxScore":9,"error":0},"keywordDensity":{"type":"best","score":9,"maxScore":9,"error":0}}},{"keyphrase":"Arte","score":87,"analysis":{"keyphraseInDescription":{"score":3,"maxScore":9,"error":1},"keyphraseLength":{"score":9,"maxScore":9,"error":0,"length":1},"keyphraseInIntroduction":{"score":9,"maxScore":9,"error":0},"keyphraseInImageAlt":{"score":9,"maxScore":9,"error":0},"keywordDensity":{"type":"best","score":9,"maxScore":9,"error":0}}}]},"primary_term":null,"canonical_url":null,"og_title":null,"og_description":null,"og_object_type":"default","og_image_type":"default","og_image_url":null,"og_image_width":null,"og_image_height":null,"og_image_custom_url":null,"og_image_custom_fields":null,"og_video":"","og_custom_url":null,"og_article_section":null,"og_article_tags":null,"twitter_use_og":false,"twitter_card":"default","twitter_image_type":"default","twitter_image_url":null,"twitter_image_custom_url":null,"twitter_image_custom_fields":null,"twitter_title":null,"twitter_description":null,"schema":{"blockGraphs":[],"customGraphs":[],"default":{"data":{"Article":[],"Course":[],"Dataset":[],"FAQPage":[],"Movie":[],"Person":[],"Product":[],"ProductReview":[],"Car":[],"Recipe":[],"Service":[],"SoftwareApplication":[],"WebPage":[]},"graphName":"none","isEnabled":true},"graphs":[]},"schema_type":"default","schema_type_options":null,"pillar_content":false,"robots_default":true,"robots_noindex":false,"robots_noarchive":false,"robots_nosnippet":false,"robots_nofollow":false,"robots_noimageindex":false,"robots_noodp":false,"robots_notranslate":false,"robots_max_snippet":"-1","robots_max_videopreview":"-1","robots_max_imagepreview":"large","priority":null,"frequency":"default","local_seo":null,"seo_analyzer_scan_date":"2025-10-09 08:20:59","breadcrumb_settings":null,"limit_modified_date":false,"reviewed_by":"0","open_ai":null,"ai":{"faqs":[],"keyPoints":[],"titles":[],"descriptions":[],"socialPosts":{"email":[],"linkedin":[],"twitter":[],"facebook":[],"instagram":[]}},"created":"2025-09-04 21:36:22","updated":"2026-02-05 04:36:25"},"aioseo_breadcrumb":"<div class=\"aioseo-breadcrumbs\"><span class=\"aioseo-breadcrumb\">\n\t<a href=\"https:\/\/soymigrante.com\/revista\" title=\"Home\">Home<\/a>\n<\/span><span class=\"aioseo-breadcrumb-separator\">\u00bb<\/span><span class=\"aioseo-breadcrumb\">\n\t<a href=\"https:\/\/soymigrante.com\/revista\/category\/guate-nuestra\/\" title=\"Guate Nuestra\">Guate Nuestra<\/a>\n<\/span><span class=\"aioseo-breadcrumb-separator\">\u00bb<\/span><span class=\"aioseo-breadcrumb\">\n\t<a href=\"https:\/\/soymigrante.com\/revista\/category\/guate-nuestra\/arte-cultura\/\" title=\"Cultura de Guatemala\">Cultura de Guatemala<\/a>\n<\/span><span class=\"aioseo-breadcrumb-separator\">\u00bb<\/span><span class=\"aioseo-breadcrumb\">\n\tMira arte guatemalteco: Pintor tz\u2019utuj\u2019il Juan Sisay origin\u00f3 la pintura popular de Atitl\u00e1n\n<\/span><\/div>","aioseo_breadcrumb_json":[{"label":"Home","link":"https:\/\/soymigrante.com\/revista"},{"label":"Guate Nuestra","link":"https:\/\/soymigrante.com\/revista\/category\/guate-nuestra\/"},{"label":"Cultura de Guatemala","link":"https:\/\/soymigrante.com\/revista\/category\/guate-nuestra\/arte-cultura\/"},{"label":"Mira arte guatemalteco: Pintor tz&#8217;utuj&#8217;il Juan Sisay origin\u00f3 la pintura popular de Atitl\u00e1n","link":"https:\/\/soymigrante.com\/revista\/juan-sisay-arte-guatemalteco-maya-tzutujil-atitlan\/"}],"_links":{"self":[{"href":"https:\/\/soymigrante.com\/revista\/wp-json\/wp\/v2\/posts\/43829","targetHints":{"allow":["GET"]}}],"collection":[{"href":"https:\/\/soymigrante.com\/revista\/wp-json\/wp\/v2\/posts"}],"about":[{"href":"https:\/\/soymigrante.com\/revista\/wp-json\/wp\/v2\/types\/post"}],"author":[{"embeddable":true,"href":"https:\/\/soymigrante.com\/revista\/wp-json\/wp\/v2\/users\/19"}],"replies":[{"embeddable":true,"href":"https:\/\/soymigrante.com\/revista\/wp-json\/wp\/v2\/comments?post=43829"}],"version-history":[{"count":23,"href":"https:\/\/soymigrante.com\/revista\/wp-json\/wp\/v2\/posts\/43829\/revisions"}],"predecessor-version":[{"id":43875,"href":"https:\/\/soymigrante.com\/revista\/wp-json\/wp\/v2\/posts\/43829\/revisions\/43875"}],"wp:featuredmedia":[{"embeddable":true,"href":"https:\/\/soymigrante.com\/revista\/wp-json\/wp\/v2\/media\/43830"}],"wp:attachment":[{"href":"https:\/\/soymigrante.com\/revista\/wp-json\/wp\/v2\/media?parent=43829"}],"wp:term":[{"taxonomy":"category","embeddable":true,"href":"https:\/\/soymigrante.com\/revista\/wp-json\/wp\/v2\/categories?post=43829"},{"taxonomy":"post_tag","embeddable":true,"href":"https:\/\/soymigrante.com\/revista\/wp-json\/wp\/v2\/tags?post=43829"}],"curies":[{"name":"wp","href":"https:\/\/api.w.org\/{rel}","templated":true}]}}