{"id":43795,"date":"2025-09-05T04:00:00","date_gmt":"2025-09-05T10:00:00","guid":{"rendered":"https:\/\/soymigrante.com\/revista\/?p=43795"},"modified":"2025-09-04T22:17:30","modified_gmt":"2025-09-05T04:17:30","slug":"la-uva-es-una-fruta-pequena-pero-muy-poderosa","status":"publish","type":"post","link":"https:\/\/soymigrante.com\/revista\/la-uva-es-una-fruta-pequena-pero-muy-poderosa\/","title":{"rendered":"La uva es una fruta peque\u00f1a pero muy poderosa"},"content":{"rendered":"\t\t<div data-elementor-type=\"wp-post\" data-elementor-id=\"43795\" class=\"elementor elementor-43795\" data-elementor-post-type=\"post\">\n\t\t\t\t<div data-particle_enable=\"false\" data-particle-mobile-disabled=\"false\" class=\"elementor-element elementor-element-4b1ecca e-flex e-con-boxed e-con e-parent\" data-id=\"4b1ecca\" data-element_type=\"container\" data-e-type=\"container\">\n\t\t\t\t\t<div class=\"e-con-inner\">\n\t\t\t\t<div class=\"elementor-element elementor-element-7ebf013 elementor-widget elementor-widget-heading\" data-id=\"7ebf013\" data-element_type=\"widget\" data-e-type=\"widget\" data-widget_type=\"heading.default\">\n\t\t\t\t\t<h2 class=\"elementor-heading-title elementor-size-default\">La uva es una de las frutas m\u00e1s peque\u00f1as, pero sus beneficios para el cuerpo son grandes, aportan varias vitaminas que ayudan contra las enfermedades. <\/h2>\t\t\t\t<\/div>\n\t\t\t\t\t<\/div>\n\t\t\t\t<\/div>\n\t\t<div data-particle_enable=\"false\" data-particle-mobile-disabled=\"false\" class=\"elementor-element elementor-element-df3c7e9 e-flex e-con-boxed e-con e-parent\" data-id=\"df3c7e9\" data-element_type=\"container\" data-e-type=\"container\">\n\t\t\t\t\t<div class=\"e-con-inner\">\n\t\t\t\t<div class=\"elementor-element elementor-element-1cb30c5 elementor-widget elementor-widget-text-editor\" data-id=\"1cb30c5\" data-element_type=\"widget\" data-e-type=\"widget\" data-widget_type=\"text-editor.default\">\n\t\t\t\t\t\t\t\t\t<p>Las uvas, consumidas desde la antig\u00fcedad y s\u00edmbolo de prosperidad en muchas culturas, no solo destacan por su sabor dulce y refrescante, sino tambi\u00e9n por sus m\u00faltiples beneficios para la salud.<\/p>\t\t\t\t\t\t\t\t<\/div>\n\t\t\t\t\t<\/div>\n\t\t\t\t<\/div>\n\t\t<div data-particle_enable=\"false\" data-particle-mobile-disabled=\"false\" class=\"elementor-element elementor-element-2a6675c e-flex e-con-boxed e-con e-parent\" data-id=\"2a6675c\" data-element_type=\"container\" data-e-type=\"container\">\n\t\t\t\t\t<div class=\"e-con-inner\">\n\t\t\t\t<div class=\"elementor-element elementor-element-575b4fa elementor-widget elementor-widget-heading\" data-id=\"575b4fa\" data-element_type=\"widget\" data-e-type=\"widget\" data-widget_type=\"heading.default\">\n\t\t\t\t\t<h3 class=\"elementor-heading-title elementor-size-default\">\u00bfQu\u00e9 aporta la uva al cuerpo?<\/h3>\t\t\t\t<\/div>\n\t\t\t\t\t<\/div>\n\t\t\t\t<\/div>\n\t\t<div data-particle_enable=\"false\" data-particle-mobile-disabled=\"false\" class=\"elementor-element elementor-element-fb1da64 e-flex e-con-boxed e-con e-parent\" data-id=\"fb1da64\" data-element_type=\"container\" data-e-type=\"container\">\n\t\t\t\t\t<div class=\"e-con-inner\">\n\t\t\t\t<div class=\"elementor-element elementor-element-bd808d9 elementor-widget elementor-widget-text-editor\" data-id=\"bd808d9\" data-element_type=\"widget\" data-e-type=\"widget\" data-widget_type=\"text-editor.default\">\n\t\t\t\t\t\t\t\t\t<p><a href=\"https:\/\/soymigrante.com\/revista\/como-cuidar-la-alimentacion-de-tus-hijos-instituto-americano-de-salud-digiestiva\/\" target=\"_blank\" rel=\"noopener\">Las uvas son una fuente importante de vitaminas C y K, adem\u00e1s de minerales como el potasio, hierro y calcio<\/a>. Tambi\u00e9n contienen fibra y agua, lo que ayuda a mantener una buena digesti\u00f3n y a hidratar el organismo.<\/p>\t\t\t\t\t\t\t\t<\/div>\n\t\t\t\t\t<\/div>\n\t\t\t\t<\/div>\n\t\t<div data-particle_enable=\"false\" data-particle-mobile-disabled=\"false\" class=\"elementor-element elementor-element-50a5d47 e-flex e-con-boxed e-con e-parent\" data-id=\"50a5d47\" data-element_type=\"container\" data-e-type=\"container\">\n\t\t\t\t\t<div class=\"e-con-inner\">\n\t\t\t\t<div class=\"elementor-element elementor-element-3e6e3fb elementor-widget elementor-widget-image\" data-id=\"3e6e3fb\" data-element_type=\"widget\" data-e-type=\"widget\" data-widget_type=\"image.default\">\n\t\t\t\t\t\t\t\t\t\t\t\t<figure class=\"wp-caption\">\n\t\t\t\t\t\t\t\t\t\t<img fetchpriority=\"high\" decoding=\"async\" width=\"1000\" height=\"640\" src=\"https:\/\/soymigrante.com\/revista\/wp-content\/uploads\/2025\/09\/uvas-3.jpg\" class=\"attachment-large size-large wp-image-43802\" alt=\"La uva aporta vitaminas que evitar\u00e1n que te enfermes. (Foto: Envato)\" srcset=\"https:\/\/soymigrante.com\/revista\/wp-content\/uploads\/2025\/09\/uvas-3.jpg 1000w, https:\/\/soymigrante.com\/revista\/wp-content\/uploads\/2025\/09\/uvas-3-300x192.jpg 300w, https:\/\/soymigrante.com\/revista\/wp-content\/uploads\/2025\/09\/uvas-3-768x492.jpg 768w, https:\/\/soymigrante.com\/revista\/wp-content\/uploads\/2025\/09\/uvas-3-750x480.jpg 750w\" sizes=\"(max-width: 1000px) 100vw, 1000px\" title=\"La uva aporta vitaminas que evitar\u00e1n que te enfermes. (Foto: Envato) \u2013 SoyMigrante.com REVISTA\" \/>\t\t\t\t\t\t\t\t\t\t\t<figcaption class=\"widget-image-caption wp-caption-text\">La uva aporta vitaminas que evitar\u00e1n que te enfermes. (Foto: Envato)<\/figcaption>\n\t\t\t\t\t\t\t\t\t\t<\/figure>\n\t\t\t\t\t\t\t\t\t<\/div>\n\t\t\t\t\t<\/div>\n\t\t\t\t<\/div>\n\t\t<div data-particle_enable=\"false\" data-particle-mobile-disabled=\"false\" class=\"elementor-element elementor-element-e2340e4 e-flex e-con-boxed e-con e-parent\" data-id=\"e2340e4\" data-element_type=\"container\" data-e-type=\"container\">\n\t\t\t\t\t<div class=\"e-con-inner\">\n\t\t\t\t<div class=\"elementor-element elementor-element-1075afa elementor-widget elementor-widget-heading\" data-id=\"1075afa\" data-element_type=\"widget\" data-e-type=\"widget\" data-widget_type=\"heading.default\">\n\t\t\t\t\t<h3 class=\"elementor-heading-title elementor-size-default\">\u00bfCu\u00e1les son sus principales beneficios?<\/h3>\t\t\t\t<\/div>\n\t\t\t\t\t<\/div>\n\t\t\t\t<\/div>\n\t\t<div data-particle_enable=\"false\" data-particle-mobile-disabled=\"false\" class=\"elementor-element elementor-element-ff59ff2 e-flex e-con-boxed e-con e-parent\" data-id=\"ff59ff2\" data-element_type=\"container\" data-e-type=\"container\">\n\t\t\t\t\t<div class=\"e-con-inner\">\n\t\t\t\t<div class=\"elementor-element elementor-element-e377a82 elementor-widget elementor-widget-text-editor\" data-id=\"e377a82\" data-element_type=\"widget\" data-e-type=\"widget\" data-widget_type=\"text-editor.default\">\n\t\t\t\t\t\t\t\t\t<div><strong>\u2022 Antioxidantes naturales:<\/strong> Contienen resveratrol y flavonoides, compuestos que protegen las c\u00e9lulas del envejecimiento y reducen el riesgo de enfermedades cr\u00f3nicas.<\/div><div><strong>\u2022Coraz\u00f3n saludable<\/strong>: Ayudan a mejorar la circulaci\u00f3n sangu\u00ednea, reducir la presi\u00f3n arterial y proteger el coraz\u00f3n.<\/div><div><strong>\u2022Energ\u00eda natural:<\/strong> Gracias a sus az\u00facares naturales, son un excelente snack para recuperar energ\u00eda de manera r\u00e1pida.<\/div><div><strong>\u2022Cuidado de la piel:<\/strong> Sus antioxidantes ayudan a mantener una piel m\u00e1s joven y luminosa.<\/div><div><strong>\u2022Sistema inmunol\u00f3gico fuerte:<\/strong> La vitamina C refuerza las defensas del cuerpo.<\/div>\t\t\t\t\t\t\t\t<\/div>\n\t\t\t\t\t<\/div>\n\t\t\t\t<\/div>\n\t\t<div data-particle_enable=\"false\" data-particle-mobile-disabled=\"false\" class=\"elementor-element elementor-element-4f74e01 e-flex e-con-boxed e-con e-parent\" data-id=\"4f74e01\" data-element_type=\"container\" data-e-type=\"container\">\n\t\t\t\t\t<div class=\"e-con-inner\">\n\t\t\t\t<div class=\"elementor-element elementor-element-e7c9c3f elementor-widget elementor-widget-image\" data-id=\"e7c9c3f\" data-element_type=\"widget\" data-e-type=\"widget\" data-widget_type=\"image.default\">\n\t\t\t\t\t\t\t\t\t\t\t\t<figure class=\"wp-caption\">\n\t\t\t\t\t\t\t\t\t\t<img decoding=\"async\" width=\"900\" height=\"506\" src=\"https:\/\/soymigrante.com\/revista\/wp-content\/uploads\/2025\/09\/uvas-5.jpg\" class=\"attachment-large size-large wp-image-43804\" alt=\"Las uvas ayudan a mejorar la digesti\u00f3n. (Foto: Envato)\" srcset=\"https:\/\/soymigrante.com\/revista\/wp-content\/uploads\/2025\/09\/uvas-5.jpg 900w, https:\/\/soymigrante.com\/revista\/wp-content\/uploads\/2025\/09\/uvas-5-300x169.jpg 300w, https:\/\/soymigrante.com\/revista\/wp-content\/uploads\/2025\/09\/uvas-5-768x432.jpg 768w, https:\/\/soymigrante.com\/revista\/wp-content\/uploads\/2025\/09\/uvas-5-750x422.jpg 750w\" sizes=\"(max-width: 900px) 100vw, 900px\" title=\"Las uvas ayudan a mejorar la digesti\u00f3n. (Foto: Envato) \u2013 SoyMigrante.com REVISTA\" \/>\t\t\t\t\t\t\t\t\t\t\t<figcaption class=\"widget-image-caption wp-caption-text\">Las uvas ayudan a mejorar la digesti\u00f3n. (Foto: Envato)<\/figcaption>\n\t\t\t\t\t\t\t\t\t\t<\/figure>\n\t\t\t\t\t\t\t\t\t<\/div>\n\t\t\t\t\t<\/div>\n\t\t\t\t<\/div>\n\t\t<div data-particle_enable=\"false\" data-particle-mobile-disabled=\"false\" class=\"elementor-element elementor-element-6f23d61 e-flex e-con-boxed e-con e-parent\" data-id=\"6f23d61\" data-element_type=\"container\" data-e-type=\"container\">\n\t\t\t\t\t<div class=\"e-con-inner\">\n\t\t\t\t<div class=\"elementor-element elementor-element-99db95d elementor-widget elementor-widget-heading\" data-id=\"99db95d\" data-element_type=\"widget\" data-e-type=\"widget\" data-widget_type=\"heading.default\">\n\t\t\t\t\t<h3 class=\"elementor-heading-title elementor-size-default\">\u00bfCu\u00e1les son los \u201csuperpoderes\u201d de la uva?<\/h3>\t\t\t\t<\/div>\n\t\t\t\t\t<\/div>\n\t\t\t\t<\/div>\n\t\t<div data-particle_enable=\"false\" data-particle-mobile-disabled=\"false\" class=\"elementor-element elementor-element-36b0c06 e-flex e-con-boxed e-con e-parent\" data-id=\"36b0c06\" data-element_type=\"container\" data-e-type=\"container\">\n\t\t\t\t\t<div class=\"e-con-inner\">\n\t\t\t\t<div class=\"elementor-element elementor-element-bc6837e elementor-widget elementor-widget-text-editor\" data-id=\"bc6837e\" data-element_type=\"widget\" data-e-type=\"widget\" data-widget_type=\"text-editor.default\">\n\t\t\t\t\t\t\t\t\t<div><strong>1. Antienvejecimiento:<\/strong> Su resveratrol es famoso por retrasar el envejecimiento celular.<\/div><div><strong>2.Protecci\u00f3n cerebral:<\/strong> Favorece la memoria y la concentraci\u00f3n.<\/div><div><strong>3.Defensa contra el c\u00e1ncer:<\/strong> Estudios sugieren que algunos compuestos de la uva ayudan a prevenir ciertos tipos de c\u00e1ncer.<\/div><div><strong>4.Aliada en la dieta:<\/strong> Son bajas en calor\u00edas y grasas, ideales para un estilo de vida saludable.<\/div><div><strong>5.Desintoxicante natural:<\/strong> Su alto contenido de agua y fibra ayuda a depurar el organismo.<\/div>\t\t\t\t\t\t\t\t<\/div>\n\t\t\t\t\t<\/div>\n\t\t\t\t<\/div>\n\t\t<div data-particle_enable=\"false\" data-particle-mobile-disabled=\"false\" class=\"elementor-element elementor-element-5d15376 e-flex e-con-boxed e-con e-parent\" data-id=\"5d15376\" data-element_type=\"container\" data-e-type=\"container\">\n\t\t\t\t\t<div class=\"e-con-inner\">\n\t\t\t\t<div class=\"elementor-element elementor-element-33d3b11 elementor-widget elementor-widget-image\" data-id=\"33d3b11\" data-element_type=\"widget\" data-e-type=\"widget\" data-widget_type=\"image.default\">\n\t\t\t\t\t\t\t\t\t\t\t\t<figure class=\"wp-caption\">\n\t\t\t\t\t\t\t\t\t\t<img decoding=\"async\" width=\"800\" height=\"420\" src=\"https:\/\/soymigrante.com\/revista\/wp-content\/uploads\/2025\/09\/uvas-4.jpg\" class=\"attachment-large size-large wp-image-43803\" alt=\"Las uvas ayudan a bajar de peso. (Foto: Envato)\" srcset=\"https:\/\/soymigrante.com\/revista\/wp-content\/uploads\/2025\/09\/uvas-4.jpg 800w, https:\/\/soymigrante.com\/revista\/wp-content\/uploads\/2025\/09\/uvas-4-300x158.jpg 300w, https:\/\/soymigrante.com\/revista\/wp-content\/uploads\/2025\/09\/uvas-4-768x403.jpg 768w, https:\/\/soymigrante.com\/revista\/wp-content\/uploads\/2025\/09\/uvas-4-750x394.jpg 750w\" sizes=\"(max-width: 800px) 100vw, 800px\" title=\"Las uvas ayudan a bajar de peso. (Foto: Envato) \u2013 SoyMigrante.com REVISTA\" \/>\t\t\t\t\t\t\t\t\t\t\t<figcaption class=\"widget-image-caption wp-caption-text\">Las uvas ayudan a bajar de peso. (Foto: Envato)<\/figcaption>\n\t\t\t\t\t\t\t\t\t\t<\/figure>\n\t\t\t\t\t\t\t\t\t<\/div>\n\t\t\t\t\t<\/div>\n\t\t\t\t<\/div>\n\t\t<div data-particle_enable=\"false\" data-particle-mobile-disabled=\"false\" class=\"elementor-element elementor-element-976d85b e-flex e-con-boxed e-con e-parent\" data-id=\"976d85b\" data-element_type=\"container\" data-e-type=\"container\">\n\t\t\t\t\t<div class=\"e-con-inner\">\n\t\t\t\t<div class=\"elementor-element elementor-element-7d77ed4 elementor-widget elementor-widget-heading\" data-id=\"7d77ed4\" data-element_type=\"widget\" data-e-type=\"widget\" data-widget_type=\"heading.default\">\n\t\t\t\t\t<h3 class=\"elementor-heading-title elementor-size-default\">\u00bfC\u00f3mo se recomienda consumirlas?<\/h3>\t\t\t\t<\/div>\n\t\t\t\t\t<\/div>\n\t\t\t\t<\/div>\n\t\t<div data-particle_enable=\"false\" data-particle-mobile-disabled=\"false\" class=\"elementor-element elementor-element-23768be e-flex e-con-boxed e-con e-parent\" data-id=\"23768be\" data-element_type=\"container\" data-e-type=\"container\">\n\t\t\t\t\t<div class=\"e-con-inner\">\n\t\t\t\t<div class=\"elementor-element elementor-element-a261216 elementor-widget elementor-widget-text-editor\" data-id=\"a261216\" data-element_type=\"widget\" data-e-type=\"widget\" data-widget_type=\"text-editor.default\">\n\t\t\t\t\t\t\t\t\t<p><a href=\"https:\/\/soymigrante.com\/revista\/no-todos-pensamos-en-una-refaccion-saludable-pero-debemos\/\" target=\"_blank\" rel=\"noopener\">Las uvas pueden comerse frescas, en jugo, ensaladas o postres.<\/a> Lo ideal es consumirlas con c\u00e1scara, ya que ah\u00ed se concentra gran parte de sus antioxidantes.<\/p>\t\t\t\t\t\t\t\t<\/div>\n\t\t\t\t\t<\/div>\n\t\t\t\t<\/div>\n\t\t<div data-particle_enable=\"false\" data-particle-mobile-disabled=\"false\" class=\"elementor-element elementor-element-2c5bd5f e-flex e-con-boxed e-con e-parent\" data-id=\"2c5bd5f\" data-element_type=\"container\" data-e-type=\"container\">\n\t\t\t\t\t<div class=\"e-con-inner\">\n\t\t\t\t<div class=\"elementor-element elementor-element-e533395 elementor-widget elementor-widget-text-editor\" data-id=\"e533395\" data-element_type=\"widget\" data-e-type=\"widget\" data-widget_type=\"text-editor.default\">\n\t\t\t\t\t\t\t\t\t<p>La uva no es solo una fruta com\u00fan en mesas y celebraciones, es un alimento lleno de \u201csuperpoderes\u201d para cuidar el coraz\u00f3n, la piel, la memoria y la energ\u00eda diaria. Una peque\u00f1a fruta con un gran impacto en la salud.<\/p>\t\t\t\t\t\t\t\t<\/div>\n\t\t\t\t\t<\/div>\n\t\t\t\t<\/div>\n\t\t<div data-particle_enable=\"false\" data-particle-mobile-disabled=\"false\" class=\"elementor-element elementor-element-50111a0 e-flex e-con-boxed e-con e-parent\" data-id=\"50111a0\" data-element_type=\"container\" data-e-type=\"container\">\n\t\t\t\t\t<div class=\"e-con-inner\">\n\t\t\t\t<div class=\"elementor-element elementor-element-b908b74 elementor-widget elementor-widget-heading\" data-id=\"b908b74\" data-element_type=\"widget\" data-e-type=\"widget\" data-widget_type=\"heading.default\">\n\t\t\t\t\t<h2 class=\"elementor-heading-title elementor-size-default\">Conoce estos temas que te pueden interesar...<\/h2>\t\t\t\t<\/div>\n\t\t\t\t\t<\/div>\n\t\t\t\t<\/div>\n\t\t<div data-particle_enable=\"false\" data-particle-mobile-disabled=\"false\" class=\"elementor-element elementor-element-695e77a e-flex e-con-boxed e-con e-parent\" data-id=\"695e77a\" data-element_type=\"container\" data-e-type=\"container\">\n\t\t\t\t\t<div class=\"e-con-inner\">\n\t\t\t\t<div class=\"elementor-element elementor-element-ad608aa elementor-grid-eael-col-3 elementor-grid-tablet-eael-col-2 elementor-grid-mobile-eael-col-1 elementor-widget elementor-widget-eael-post-grid\" data-id=\"ad608aa\" data-element_type=\"widget\" data-e-type=\"widget\" data-settings=\"{&quot;eael_post_grid_columns&quot;:&quot;eael-col-3&quot;,&quot;eael_post_grid_columns_tablet&quot;:&quot;eael-col-2&quot;,&quot;eael_post_grid_columns_mobile&quot;:&quot;eael-col-1&quot;}\" data-widget_type=\"eael-post-grid.default\">\n\t\t\t\t\t<div id=\"eael-post-grid-ad608aa\" class=\"eael-post-grid-container\">\n            <div class=\"eael-post-grid eael-post-appender eael-post-appender-ad608aa eael-post-grid-style-one\" data-layout-mode=\"masonry\"><article class=\"eael-grid-post  eael-post-grid-column eael-pg-post-21013 category-salud-fisica tags-salud-fisica\" data-id=\"21013\">\n        <div class=\"eael-grid-post-holder\">\n            <div class=\"eael-grid-post-holder-inner\"><div class=\"eael-entry-media\"><div class=\"eael-entry-overlay fade-in\"><i class=\"far fa-hand-pointer\" aria-hidden=\"true\"><\/i><a href=\"https:\/\/soymigrante.com\/revista\/dias-de-frio-que-frutas-fortalecen-mejor-las-defensas-contra-resfriados-y-gripes\/\"><\/a><\/div><div class=\"eael-entry-thumbnail \">\n                <img loading=\"lazy\" decoding=\"async\" width=\"1024\" height=\"1024\" src=\"https:\/\/soymigrante.com\/revista\/wp-content\/uploads\/2025\/01\/Las-frutas-que-fortalecen-tus-defensas-contra-las-gripes-1-e1736963283753-1024x1024.jpg\" class=\"attachment-large size-large wp-image-21015\" alt=\"Refresco de acai con frutas tropicales, berries, kiwis y mango, en un bol colorido que representa salud, bienestar y estilo de vida saludable para la comunidad migrante en tendencia.\" srcset=\"https:\/\/soymigrante.com\/revista\/wp-content\/uploads\/2025\/01\/Las-frutas-que-fortalecen-tus-defensas-contra-las-gripes-1-e1736963283753-1024x1024.jpg 1024w, https:\/\/soymigrante.com\/revista\/wp-content\/uploads\/2025\/01\/Las-frutas-que-fortalecen-tus-defensas-contra-las-gripes-1-e1736963283753-300x300.jpg 300w, https:\/\/soymigrante.com\/revista\/wp-content\/uploads\/2025\/01\/Las-frutas-que-fortalecen-tus-defensas-contra-las-gripes-1-e1736963283753-150x150.jpg 150w, https:\/\/soymigrante.com\/revista\/wp-content\/uploads\/2025\/01\/Las-frutas-que-fortalecen-tus-defensas-contra-las-gripes-1-e1736963283753-768x768.jpg 768w, https:\/\/soymigrante.com\/revista\/wp-content\/uploads\/2025\/01\/Las-frutas-que-fortalecen-tus-defensas-contra-las-gripes-1-e1736963283753-75x75.webp 75w, https:\/\/soymigrante.com\/revista\/wp-content\/uploads\/2025\/01\/Las-frutas-que-fortalecen-tus-defensas-contra-las-gripes-1-e1736963283753-750x750.webp 750w, https:\/\/soymigrante.com\/revista\/wp-content\/uploads\/2025\/01\/Las-frutas-que-fortalecen-tus-defensas-contra-las-gripes-1-e1736963283753-1140x1140.webp 1140w, https:\/\/soymigrante.com\/revista\/wp-content\/uploads\/2025\/01\/Las-frutas-que-fortalecen-tus-defensas-contra-las-gripes-1-e1736963283753.webp 1536w\" sizes=\"(max-width: 1024px) 100vw, 1024px\" \/>\n            <\/div>\n        <\/div><div class=\"eael-entry-wrapper\"><header class=\"eael-entry-header\"><h2 class=\"eael-entry-title\"><a class=\"eael-grid-post-link\" href=\"https:\/\/soymigrante.com\/revista\/dias-de-frio-que-frutas-fortalecen-mejor-las-defensas-contra-resfriados-y-gripes\/\" title=\"\u00bfQu\u00e9 frutas fortalecen mejor las defensas contra resfriados y gripes?\">\u00bfQu\u00e9 frutas fortalecen mejor las defensas contra resfriados y gripes?<\/a><\/h2><\/header><div class=\"eael-entry-content\">\n                        <div class=\"eael-grid-post-excerpt\"><a href=\"https:\/\/soymigrante.com\/revista\/dias-de-frio-que-frutas-fortalecen-mejor-las-defensas-contra-resfriados-y-gripes\/\" class=\"eael-post-elements-readmore-btn\">CONOCE SU HISTORIA <\/a><\/div>\n                    <\/div><\/div><\/div>\n        <\/div>\n    <\/article><article class=\"eael-grid-post  eael-post-grid-column eael-pg-post-10022 category-guate-nuestra\" data-id=\"10022\">\n        <div class=\"eael-grid-post-holder\">\n            <div class=\"eael-grid-post-holder-inner\"><div class=\"eael-entry-media\"><div class=\"eael-entry-overlay fade-in\"><i class=\"far fa-hand-pointer\" aria-hidden=\"true\"><\/i><a href=\"https:\/\/soymigrante.com\/revista\/tres-comidas-guatemaltecas-que-son-saludables-por-sus-ingredientes-prehispanicos\/\"><\/a><\/div><div class=\"eael-entry-thumbnail \">\n                <img loading=\"lazy\" decoding=\"async\" width=\"760\" height=\"760\" src=\"https:\/\/soymigrante.com\/revista\/wp-content\/uploads\/2024\/10\/feature-comida-saludable.webp\" class=\"attachment-large size-large wp-image-10024\" alt=\"Deleite de un plato tradicional mexicano con pollo, arroz, tortillas y vegetales frescos en un ambiente cultural. Ideal para quienes buscan gastronom\u00eda aut\u00e9ntica y sabores tradicionales.\" srcset=\"https:\/\/soymigrante.com\/revista\/wp-content\/uploads\/2024\/10\/feature-comida-saludable.webp 760w, https:\/\/soymigrante.com\/revista\/wp-content\/uploads\/2024\/10\/feature-comida-saludable-300x300.webp 300w, https:\/\/soymigrante.com\/revista\/wp-content\/uploads\/2024\/10\/feature-comida-saludable-150x150.webp 150w, https:\/\/soymigrante.com\/revista\/wp-content\/uploads\/2024\/10\/feature-comida-saludable-75x75.webp 75w, https:\/\/soymigrante.com\/revista\/wp-content\/uploads\/2024\/10\/feature-comida-saludable-750x750.webp 750w\" sizes=\"(max-width: 760px) 100vw, 760px\" \/>\n            <\/div>\n        <\/div><div class=\"eael-entry-wrapper\"><header class=\"eael-entry-header\"><h2 class=\"eael-entry-title\"><a class=\"eael-grid-post-link\" href=\"https:\/\/soymigrante.com\/revista\/tres-comidas-guatemaltecas-que-son-saludables-por-sus-ingredientes-prehispanicos\/\" title=\"Tres comidas guatemaltecas que son saludables por sus ingredientes prehisp\u00e1nicos\">Tres comidas guatemaltecas que son saludables por sus ingredientes prehisp\u00e1nicos<\/a><\/h2><\/header><div class=\"eael-entry-content\">\n                        <div class=\"eael-grid-post-excerpt\"><a href=\"https:\/\/soymigrante.com\/revista\/tres-comidas-guatemaltecas-que-son-saludables-por-sus-ingredientes-prehispanicos\/\" class=\"eael-post-elements-readmore-btn\">CONOCE SU HISTORIA <\/a><\/div>\n                    <\/div><\/div><\/div>\n        <\/div>\n    <\/article><article class=\"eael-grid-post  eael-post-grid-column eael-pg-post-11861 category-bienestar\" data-id=\"11861\">\n        <div class=\"eael-grid-post-holder\">\n            <div class=\"eael-grid-post-holder-inner\"><div class=\"eael-entry-media\"><div class=\"eael-entry-overlay fade-in\"><i class=\"far fa-hand-pointer\" aria-hidden=\"true\"><\/i><a href=\"https:\/\/soymigrante.com\/revista\/evita-llevar-estas-frutas-si-viajas-a-usa-hay-restricciones\/\"><\/a><\/div><div class=\"eael-entry-thumbnail \">\n                <img loading=\"lazy\" decoding=\"async\" width=\"1024\" height=\"1024\" src=\"https:\/\/soymigrante.com\/revista\/wp-content\/uploads\/2024\/11\/Frutas-prohibidas-de-entrar-a-USA-1024x1024.jpg\" class=\"attachment-large size-large wp-image-11885\" alt=\"Maletas de viaje, sombrero de paja, pi\u00f1a, sand\u00eda inflable y equipo de snorkel en color pastel, lista para vacaciones y verano.\" srcset=\"https:\/\/soymigrante.com\/revista\/wp-content\/uploads\/2024\/11\/Frutas-prohibidas-de-entrar-a-USA-1024x1024.jpg 1024w, https:\/\/soymigrante.com\/revista\/wp-content\/uploads\/2024\/11\/Frutas-prohibidas-de-entrar-a-USA-300x300.webp 300w, https:\/\/soymigrante.com\/revista\/wp-content\/uploads\/2024\/11\/Frutas-prohibidas-de-entrar-a-USA-150x150.webp 150w, https:\/\/soymigrante.com\/revista\/wp-content\/uploads\/2024\/11\/Frutas-prohibidas-de-entrar-a-USA-768x768.jpg 768w, https:\/\/soymigrante.com\/revista\/wp-content\/uploads\/2024\/11\/Frutas-prohibidas-de-entrar-a-USA-1536x1536.jpg 1536w, https:\/\/soymigrante.com\/revista\/wp-content\/uploads\/2024\/11\/Frutas-prohibidas-de-entrar-a-USA-2048x2048.jpg 2048w, https:\/\/soymigrante.com\/revista\/wp-content\/uploads\/2024\/11\/Frutas-prohibidas-de-entrar-a-USA-75x75.webp 75w, https:\/\/soymigrante.com\/revista\/wp-content\/uploads\/2024\/11\/Frutas-prohibidas-de-entrar-a-USA-750x750.webp 750w, https:\/\/soymigrante.com\/revista\/wp-content\/uploads\/2024\/11\/Frutas-prohibidas-de-entrar-a-USA-1140x1140.jpg 1140w, https:\/\/soymigrante.com\/revista\/wp-content\/uploads\/2024\/11\/Frutas-prohibidas-de-entrar-a-USA-scaled.webp 1920w\" sizes=\"(max-width: 1024px) 100vw, 1024px\" \/>\n            <\/div>\n        <\/div><div class=\"eael-entry-wrapper\"><header class=\"eael-entry-header\"><h2 class=\"eael-entry-title\"><a class=\"eael-grid-post-link\" href=\"https:\/\/soymigrante.com\/revista\/evita-llevar-estas-frutas-si-viajas-a-usa-hay-restricciones\/\" title=\"Evita llevar estas frutas si viajas a USA. Hay restricciones\">Evita llevar estas frutas si viajas a USA. Hay restricciones<\/a><\/h2><\/header><div class=\"eael-entry-content\">\n                        <div class=\"eael-grid-post-excerpt\"><a href=\"https:\/\/soymigrante.com\/revista\/evita-llevar-estas-frutas-si-viajas-a-usa-hay-restricciones\/\" class=\"eael-post-elements-readmore-btn\">CONOCE SU HISTORIA <\/a><\/div>\n                    <\/div><\/div><\/div>\n        <\/div>\n    <\/article><\/div>\n            <div class=\"clearfix\"><\/div>\n        <\/div>\t\t\t\t<\/div>\n\t\t\t\t\t<\/div>\n\t\t\t\t<\/div>\n\t\t\t\t<\/div>\n\t\t","protected":false},"excerpt":{"rendered":"<p>La uva es una de las frutas m\u00e1s peque\u00f1as, pero sus beneficios para el cuerpo son grandes, aportan varias vitaminas que ayudan contra las enfermedades. Las uvas, consumidas desde la antig\u00fcedad y s\u00edmbolo de prosperidad en muchas culturas, no solo destacan por su sabor dulce y refrescante, sino tambi\u00e9n por sus m\u00faltiples beneficios para la [&hellip;]<\/p>\n","protected":false},"author":19,"featured_media":43796,"comment_status":"open","ping_status":"open","sticky":false,"template":"","format":"standard","meta":{"_acf_changed":false,"_eb_attr":"","footnotes":""},"categories":[265],"tags":[],"class_list":["post-43795","post","type-post","status-publish","format-standard","has-post-thumbnail","hentry","category-salud-fisica"],"acf":[],"aioseo_notices":[],"aioseo_head":"\n\t\t<!-- All in One SEO Pro 4.9.6.2 - aioseo.com -->\n\t<meta name=\"description\" content=\"\u00bfHas pensado en llevar alguna fruta en la maleta al viajar a Estados Unidos? Hay frutas prohibidas de ingresar a ese pa\u00eds. Conoce cu\u00e1les y por qu\u00e9. Estados Unidos tiene regulaciones estrictas sobre la importaci\u00f3n de frutas y otros productos agr\u00edcolas para proteger su agricultura de plagas y enfermedades que podr\u00edan da\u00f1ar cultivos y ecosistemas\" \/>\n\t<meta name=\"robots\" content=\"max-snippet:-1, max-image-preview:large, max-video-preview:-1\" \/>\n\t<meta name=\"author\" content=\"Marysabel Aldana\"\/>\n\t<link rel=\"canonical\" href=\"https:\/\/soymigrante.com\/revista\/la-uva-es-una-fruta-pequena-pero-muy-poderosa\/\" \/>\n\t<meta name=\"generator\" content=\"All in One SEO Pro (AIOSEO) 4.9.6.2\" \/>\n\n\t\t<link rel=\"preconnect\" href=\"https:\/\/fonts.googleapis.com\" crossorigin>\n<link rel=\"preconnect\" href=\"https:\/\/fonts.gstatic.com\" crossorigin>\n\t\t<meta property=\"og:locale\" content=\"es_ES\" \/>\n\t\t<meta property=\"og:site_name\" content=\"SoyMigrante.com REVISTA \u2013 Nuestra misi\u00f3n es reconocer y dignificar al migrante.\" \/>\n\t\t<meta property=\"og:type\" content=\"article\" \/>\n\t\t<meta property=\"og:title\" content=\"La uva es una fruta peque\u00f1a pero muy poderosa\" \/>\n\t\t<meta property=\"og:description\" content=\"La uva es una de las frutas m\u00e1s peque\u00f1as, pero sus beneficios para el cuerpo son grandes, aporta vitaminas que ayudan contra las enfermedades.\" \/>\n\t\t<meta property=\"og:url\" content=\"https:\/\/soymigrante.com\/revista\/la-uva-es-una-fruta-pequena-pero-muy-poderosa\/\" \/>\n\t\t<meta property=\"og:image\" content=\"https:\/\/soymigrante.com\/revista\/wp-content\/uploads\/2025\/09\/uvas-1-e1757016695898.jpg\" \/>\n\t\t<meta property=\"og:image:secure_url\" content=\"https:\/\/soymigrante.com\/revista\/wp-content\/uploads\/2025\/09\/uvas-1-e1757016695898.jpg\" \/>\n\t\t<meta property=\"og:image:width\" content=\"500\" \/>\n\t\t<meta property=\"og:image:height\" content=\"500\" \/>\n\t\t<meta property=\"article:published_time\" content=\"2025-09-05T10:00:00+00:00\" \/>\n\t\t<meta property=\"article:modified_time\" content=\"2025-09-05T04:17:30+00:00\" \/>\n\t\t<meta property=\"article:publisher\" content=\"https:\/\/www.facebook.com\/soymigrantecom\" \/>\n\t\t<meta name=\"twitter:card\" content=\"summary_large_image\" \/>\n\t\t<meta name=\"twitter:site\" content=\"@SoyMigrante_com\" \/>\n\t\t<meta name=\"twitter:title\" content=\"La uva es una fruta peque\u00f1a pero muy poderosa\" \/>\n\t\t<meta name=\"twitter:description\" content=\"La uva es una de las frutas m\u00e1s peque\u00f1as, pero sus beneficios para el cuerpo son grandes, aporta vitaminas que ayudan contra las enfermedades.\" \/>\n\t\t<meta name=\"twitter:creator\" content=\"@SoyMigrante_com\" \/>\n\t\t<meta name=\"twitter:image\" content=\"https:\/\/soymigrante.com\/revista\/wp-content\/uploads\/2025\/09\/uvas-1-e1757016695898.jpg\" \/>\n\t\t<!-- All in One SEO Pro -->\r\n\t\t<title>La uva es una fruta peque\u00f1a pero muy poderosa<\/title>\n\n","aioseo_head_json":{"title":"La uva es una fruta peque\u00f1a pero muy poderosa","description":"La uva es una de las frutas m\u00e1s peque\u00f1as, pero sus beneficios para el cuerpo son grandes, aporta vitaminas que ayudan contra las enfermedades.","canonical_url":"https:\/\/soymigrante.com\/revista\/la-uva-es-una-fruta-pequena-pero-muy-poderosa\/","robots":"max-snippet:-1, max-image-preview:large, max-video-preview:-1","keywords":"","webmasterTools":{"miscellaneous":"&lt;link rel=\"preconnect\" href=\"https:\/\/fonts.googleapis.com\" crossorigin&gt;\n&lt;link rel=\"preconnect\" href=\"https:\/\/fonts.gstatic.com\" crossorigin&gt;"},"schema":null,"og:locale":"es_ES","og:site_name":"SoyMigrante.com REVISTA \u2013 Nuestra misi\u00f3n es reconocer y dignificar al migrante.","og:type":"article","og:title":"La uva es una fruta peque\u00f1a pero muy poderosa","og:description":"La uva es una de las frutas m\u00e1s peque\u00f1as, pero sus beneficios para el cuerpo son grandes, aporta vitaminas que ayudan contra las enfermedades.","og:url":"https:\/\/soymigrante.com\/revista\/la-uva-es-una-fruta-pequena-pero-muy-poderosa\/","og:image":"https:\/\/soymigrante.com\/revista\/wp-content\/uploads\/2025\/09\/uvas-1-e1757016695898.jpg","og:image:secure_url":"https:\/\/soymigrante.com\/revista\/wp-content\/uploads\/2025\/09\/uvas-1-e1757016695898.jpg","og:image:width":500,"og:image:height":500,"article:published_time":"2025-09-05T10:00:00+00:00","article:modified_time":"2025-09-05T04:17:30+00:00","article:publisher":"https:\/\/www.facebook.com\/soymigrantecom","twitter:card":"summary_large_image","twitter:site":"@SoyMigrante_com","twitter:title":"La uva es una fruta peque\u00f1a pero muy poderosa","twitter:description":"La uva es una de las frutas m\u00e1s peque\u00f1as, pero sus beneficios para el cuerpo son grandes, aporta vitaminas que ayudan contra las enfermedades.","twitter:creator":"@SoyMigrante_com","twitter:image":"https:\/\/soymigrante.com\/revista\/wp-content\/uploads\/2025\/09\/uvas-1-e1757016695898.jpg"},"aioseo_meta_data":{"post_id":"43795","title":null,"description":"La uva es una de las frutas m\u00e1s peque\u00f1as, pero sus beneficios para el cuerpo son grandes, aporta vitaminas que ayudan contra las enfermedades.","keywords":null,"keyphrases":{"focus":{"keyphrase":"Uva","score":91,"analysis":{"keyphraseInTitle":{"score":9,"maxScore":9,"error":0},"keyphraseInDescription":{"score":9,"maxScore":9,"error":0},"keyphraseLength":{"score":9,"maxScore":9,"error":0,"length":1},"keyphraseInURL":{"score":5,"maxScore":5,"error":0},"keyphraseInIntroduction":{"score":3,"maxScore":9,"error":1},"keyphraseInSubHeadings":{"score":9,"maxScore":9,"error":0},"keyphraseInImageAlt":{"score":9,"maxScore":9,"error":0},"keywordDensity":{"type":"best","score":9,"maxScore":9,"error":0}}},"additional":[{"keyphrase":"vitaminas","score":87,"analysis":{"keyphraseInDescription":{"score":9,"maxScore":9,"error":0},"keyphraseLength":{"score":9,"maxScore":9,"error":0,"length":1},"keyphraseInIntroduction":{"score":3,"maxScore":9,"error":1},"keyphraseInImageAlt":{"score":9,"maxScore":9,"error":0},"keywordDensity":{"type":"best","score":9,"maxScore":9,"error":0}}}]},"primary_term":null,"canonical_url":null,"og_title":null,"og_description":null,"og_object_type":"default","og_image_type":"default","og_image_url":null,"og_image_width":null,"og_image_height":null,"og_image_custom_url":null,"og_image_custom_fields":null,"og_video":"","og_custom_url":null,"og_article_section":null,"og_article_tags":null,"twitter_use_og":false,"twitter_card":"default","twitter_image_type":"default","twitter_image_url":null,"twitter_image_custom_url":null,"twitter_image_custom_fields":null,"twitter_title":null,"twitter_description":null,"schema":{"blockGraphs":[],"customGraphs":[],"default":{"data":{"Article":[],"Course":[],"Dataset":[],"FAQPage":[],"Movie":[],"Person":[],"Product":[],"ProductReview":[],"Car":[],"Recipe":[],"Service":[],"SoftwareApplication":[],"WebPage":[]},"graphName":"none","isEnabled":true},"graphs":[]},"schema_type":"default","schema_type_options":null,"pillar_content":false,"robots_default":true,"robots_noindex":false,"robots_noarchive":false,"robots_nosnippet":false,"robots_nofollow":false,"robots_noimageindex":false,"robots_noodp":false,"robots_notranslate":false,"robots_max_snippet":"-1","robots_max_videopreview":"-1","robots_max_imagepreview":"large","priority":null,"frequency":"default","local_seo":null,"seo_analyzer_scan_date":"2025-10-09 08:18:37","breadcrumb_settings":null,"limit_modified_date":false,"reviewed_by":"0","open_ai":null,"ai":{"faqs":[],"keyPoints":[],"titles":[],"descriptions":[],"socialPosts":{"email":[],"linkedin":[],"twitter":[],"facebook":[],"instagram":[]}},"created":"2025-09-04 20:10:06","updated":"2026-02-05 04:36:24"},"aioseo_breadcrumb":"<div class=\"aioseo-breadcrumbs\"><span class=\"aioseo-breadcrumb\">\n\t<a href=\"https:\/\/soymigrante.com\/revista\" title=\"Home\">Home<\/a>\n<\/span><span class=\"aioseo-breadcrumb-separator\">\u00bb<\/span><span class=\"aioseo-breadcrumb\">\n\t<a href=\"https:\/\/soymigrante.com\/revista\/category\/bienestar\/\" title=\"Bienestar\">Bienestar<\/a>\n<\/span><span class=\"aioseo-breadcrumb-separator\">\u00bb<\/span><span class=\"aioseo-breadcrumb\">\n\t<a href=\"https:\/\/soymigrante.com\/revista\/category\/bienestar\/salud-fisica\/\" title=\"Salud F\u00edsica\">Salud F\u00edsica<\/a>\n<\/span><span class=\"aioseo-breadcrumb-separator\">\u00bb<\/span><span class=\"aioseo-breadcrumb\">\n\tLa uva es una fruta peque\u00f1a pero muy poderosa\n<\/span><\/div>","aioseo_breadcrumb_json":[{"label":"Home","link":"https:\/\/soymigrante.com\/revista"},{"label":"Bienestar","link":"https:\/\/soymigrante.com\/revista\/category\/bienestar\/"},{"label":"Salud F\u00edsica","link":"https:\/\/soymigrante.com\/revista\/category\/bienestar\/salud-fisica\/"},{"label":"La uva es una fruta peque\u00f1a pero muy poderosa","link":"https:\/\/soymigrante.com\/revista\/la-uva-es-una-fruta-pequena-pero-muy-poderosa\/"}],"_links":{"self":[{"href":"https:\/\/soymigrante.com\/revista\/wp-json\/wp\/v2\/posts\/43795","targetHints":{"allow":["GET"]}}],"collection":[{"href":"https:\/\/soymigrante.com\/revista\/wp-json\/wp\/v2\/posts"}],"about":[{"href":"https:\/\/soymigrante.com\/revista\/wp-json\/wp\/v2\/types\/post"}],"author":[{"embeddable":true,"href":"https:\/\/soymigrante.com\/revista\/wp-json\/wp\/v2\/users\/19"}],"replies":[{"embeddable":true,"href":"https:\/\/soymigrante.com\/revista\/wp-json\/wp\/v2\/comments?post=43795"}],"version-history":[{"count":12,"href":"https:\/\/soymigrante.com\/revista\/wp-json\/wp\/v2\/posts\/43795\/revisions"}],"predecessor-version":[{"id":43859,"href":"https:\/\/soymigrante.com\/revista\/wp-json\/wp\/v2\/posts\/43795\/revisions\/43859"}],"wp:featuredmedia":[{"embeddable":true,"href":"https:\/\/soymigrante.com\/revista\/wp-json\/wp\/v2\/media\/43796"}],"wp:attachment":[{"href":"https:\/\/soymigrante.com\/revista\/wp-json\/wp\/v2\/media?parent=43795"}],"wp:term":[{"taxonomy":"category","embeddable":true,"href":"https:\/\/soymigrante.com\/revista\/wp-json\/wp\/v2\/categories?post=43795"},{"taxonomy":"post_tag","embeddable":true,"href":"https:\/\/soymigrante.com\/revista\/wp-json\/wp\/v2\/tags?post=43795"}],"curies":[{"name":"wp","href":"https:\/\/api.w.org\/{rel}","templated":true}]}}