{"id":43704,"date":"2025-09-03T16:55:36","date_gmt":"2025-09-03T22:55:36","guid":{"rendered":"https:\/\/soymigrante.com\/revista\/?p=43704"},"modified":"2025-09-03T17:10:08","modified_gmt":"2025-09-03T23:10:08","slug":"los-dodgers-celebran-la-noche-de-la-herencia-guatemalteca-en-los-angeles","status":"publish","type":"post","link":"https:\/\/soymigrante.com\/revista\/los-dodgers-celebran-la-noche-de-la-herencia-guatemalteca-en-los-angeles\/","title":{"rendered":"Los Dodgers celebran la Noche de la Herencia Guatemalteca en Los \u00c1ngeles"},"content":{"rendered":"\t\t<div data-elementor-type=\"wp-post\" data-elementor-id=\"43704\" class=\"elementor elementor-43704\" data-elementor-post-type=\"post\">\n\t\t\t\t<div data-particle_enable=\"false\" data-particle-mobile-disabled=\"false\" class=\"elementor-element elementor-element-fbdb714 e-flex e-con-boxed e-con e-parent\" data-id=\"fbdb714\" data-element_type=\"container\" data-e-type=\"container\">\n\t\t\t\t\t<div class=\"e-con-inner\">\n\t\t\t\t<div class=\"elementor-element elementor-element-f81dc4e elementor-widget elementor-widget-heading\" data-id=\"f81dc4e\" data-element_type=\"widget\" data-e-type=\"widget\" data-widget_type=\"heading.default\">\n\t\t\t\t\t<h2 class=\"elementor-heading-title elementor-size-default\">El equipo de grandes ligas Los Dodgers celebra la Noche de la Herencia Guatemalteca en Los \u00c1ngeles en la que se homenajear\u00e1 a colectivos chapines. Fabiola Rhouda cantar\u00e1 el himno. <\/h2>\t\t\t\t<\/div>\n\t\t\t\t\t<\/div>\n\t\t\t\t<\/div>\n\t\t<div data-particle_enable=\"false\" data-particle-mobile-disabled=\"false\" class=\"elementor-element elementor-element-3a073b8 e-flex e-con-boxed e-con e-parent\" data-id=\"3a073b8\" data-element_type=\"container\" data-e-type=\"container\">\n\t\t\t\t\t<div class=\"e-con-inner\">\n\t\t\t\t<div class=\"elementor-element elementor-element-3af3083 elementor-widget elementor-widget-text-editor\" data-id=\"3af3083\" data-element_type=\"widget\" data-e-type=\"widget\" data-widget_type=\"text-editor.default\">\n\t\t\t\t\t\t\t\t\t<p>La comunidad guatemalteca en Estados Unidos contin\u00faa ganando espacios de reconocimiento cultural. Uno de los eventos m\u00e1s destacados es la <a href=\"https:\/\/www.facebook.com\/LosDodgersBeisbol\" target=\"_blank\" rel=\"noopener\">Noche de la Herencia Guatemalteca, que se celebra en el Dodger Stadium de Los \u00c1ngeles,<\/a> donde el ic\u00f3nico equipo de b\u00e9isbol dedica una jornada especial para honrar a los guatemaltecos migrantes y sus aportes a la ciudad.<\/p>\t\t\t\t\t\t\t\t<\/div>\n\t\t\t\t\t<\/div>\n\t\t\t\t<\/div>\n\t\t<div data-particle_enable=\"false\" data-particle-mobile-disabled=\"false\" class=\"elementor-element elementor-element-d7730ec e-flex e-con-boxed e-con e-parent\" data-id=\"d7730ec\" data-element_type=\"container\" data-e-type=\"container\">\n\t\t\t\t\t<div class=\"e-con-inner\">\n\t\t\t\t<div class=\"elementor-element elementor-element-8a7bad7 elementor-widget elementor-widget-image\" data-id=\"8a7bad7\" data-element_type=\"widget\" data-e-type=\"widget\" data-widget_type=\"image.default\">\n\t\t\t\t\t\t\t\t\t\t\t\t<figure class=\"wp-caption\">\n\t\t\t\t\t\t\t\t\t\t<img fetchpriority=\"high\" decoding=\"async\" width=\"971\" height=\"971\" src=\"https:\/\/soymigrante.com\/revista\/wp-content\/uploads\/2025\/09\/dodgers-heritage-night.jpg\" class=\"attachment-large size-large wp-image-43719\" alt=\"La cantante guatemalteca Fabiola Rhouda estar\u00e1 nuevamente a cargo de la interpretaci\u00f3n del Himno de Estados Unidos durante la velada.\" srcset=\"https:\/\/soymigrante.com\/revista\/wp-content\/uploads\/2025\/09\/dodgers-heritage-night.jpg 971w, https:\/\/soymigrante.com\/revista\/wp-content\/uploads\/2025\/09\/dodgers-heritage-night-300x300.jpg 300w, https:\/\/soymigrante.com\/revista\/wp-content\/uploads\/2025\/09\/dodgers-heritage-night-150x150.jpg 150w, https:\/\/soymigrante.com\/revista\/wp-content\/uploads\/2025\/09\/dodgers-heritage-night-768x768.jpg 768w, https:\/\/soymigrante.com\/revista\/wp-content\/uploads\/2025\/09\/dodgers-heritage-night-75x75.jpg 75w, https:\/\/soymigrante.com\/revista\/wp-content\/uploads\/2025\/09\/dodgers-heritage-night-750x750.jpg 750w\" sizes=\"(max-width: 971px) 100vw, 971px\" title=\"La cantante guatemalteca Fabiola Rhouda estar\u00e1 nuevamente a cargo de la interpretaci\u00f3n del Himno de Estados Unidos durante la velada. \u2013 SoyMigrante.com REVISTA\" \/>\t\t\t\t\t\t\t\t\t\t\t<figcaption class=\"widget-image-caption wp-caption-text\">La cantante guatemalteca Fabiola Rhouda estar\u00e1 nuevamente a cargo de la interpretaci\u00f3n del Himno de Estados Unidos durante la velada.<\/figcaption>\n\t\t\t\t\t\t\t\t\t\t<\/figure>\n\t\t\t\t\t\t\t\t\t<\/div>\n\t\t\t\t\t<\/div>\n\t\t\t\t<\/div>\n\t\t<div data-particle_enable=\"false\" data-particle-mobile-disabled=\"false\" class=\"elementor-element elementor-element-cb208f1 e-flex e-con-boxed e-con e-parent\" data-id=\"cb208f1\" data-element_type=\"container\" data-e-type=\"container\">\n\t\t\t\t\t<div class=\"e-con-inner\">\n\t\t\t\t<div class=\"elementor-element elementor-element-0650b65 elementor-widget elementor-widget-heading\" data-id=\"0650b65\" data-element_type=\"widget\" data-e-type=\"widget\" data-widget_type=\"heading.default\">\n\t\t\t\t\t<h3 class=\"elementor-heading-title elementor-size-default\">Un homenaje en el diamante<\/h3>\t\t\t\t<\/div>\n\t\t\t\t\t<\/div>\n\t\t\t\t<\/div>\n\t\t<div data-particle_enable=\"false\" data-particle-mobile-disabled=\"false\" class=\"elementor-element elementor-element-877eeef e-flex e-con-boxed e-con e-parent\" data-id=\"877eeef\" data-element_type=\"container\" data-e-type=\"container\">\n\t\t\t\t\t<div class=\"e-con-inner\">\n\t\t\t\t<div class=\"elementor-element elementor-element-38ea962 elementor-widget elementor-widget-text-editor\" data-id=\"38ea962\" data-element_type=\"widget\" data-e-type=\"widget\" data-widget_type=\"text-editor.default\">\n\t\t\t\t\t\t\t\t\t<p>Durante este evento, el estadio se viste con los colores azul y blanco de la bandera de Guatemala. Los asistentes disfrutan de m\u00fasica, bailes folcl\u00f3ricos y la presencia de artistas guatemaltecos que llevan parte de las tradiciones al escenario deportivo.\u00a0<\/p><p>Adem\u00e1s, los Dodgers suelen ofrecer souvenirs conmemorativos \u2014como camisetas o gorras alusivas a Guatemala\u2014 .<\/p>\t\t\t\t\t\t\t\t<\/div>\n\t\t\t\t\t<\/div>\n\t\t\t\t<\/div>\n\t\t<div data-particle_enable=\"false\" data-particle-mobile-disabled=\"false\" class=\"elementor-element elementor-element-a07aaf6 e-flex e-con-boxed e-con e-parent\" data-id=\"a07aaf6\" data-element_type=\"container\" data-e-type=\"container\">\n\t\t\t\t\t<div class=\"e-con-inner\">\n\t\t\t\t<div class=\"elementor-element elementor-element-3c70393 elementor-widget elementor-widget-image\" data-id=\"3c70393\" data-element_type=\"widget\" data-e-type=\"widget\" data-widget_type=\"image.default\">\n\t\t\t\t\t\t\t\t\t\t\t\t<figure class=\"wp-caption\">\n\t\t\t\t\t\t\t\t\t\t\t<a href=\"https:\/\/www.mlb.com\/es\/dodgers\/tickets\/specials\/guatemalan-heritage\">\n\t\t\t\t\t\t\t<img decoding=\"async\" width=\"1024\" height=\"576\" src=\"https:\/\/soymigrante.com\/revista\/wp-content\/uploads\/2025\/09\/dodgers-1.jpg\" class=\"attachment-large size-large wp-image-43725\" alt=\"Este es el dise\u00f1o de las camisolas tem\u00e1ticas para la noche de la herencia guatemalteca de Los Dodgers. Disponibles en la compra de boletos para asistir.\" srcset=\"https:\/\/soymigrante.com\/revista\/wp-content\/uploads\/2025\/09\/dodgers-1.jpg 1024w, https:\/\/soymigrante.com\/revista\/wp-content\/uploads\/2025\/09\/dodgers-1-300x169.jpg 300w, https:\/\/soymigrante.com\/revista\/wp-content\/uploads\/2025\/09\/dodgers-1-768x432.jpg 768w, https:\/\/soymigrante.com\/revista\/wp-content\/uploads\/2025\/09\/dodgers-1-750x422.jpg 750w\" sizes=\"(max-width: 1024px) 100vw, 1024px\" title=\"Este es el dise\u00f1o de las camisolas tem\u00e1ticas para  la noche de la herencia guatemalteca de Los Dodgers. Disponibles en la compra de boletos para asistir. \u2013 SoyMigrante.com REVISTA\" \/>\t\t\t\t\t\t\t\t<\/a>\n\t\t\t\t\t\t\t\t\t\t\t<figcaption class=\"widget-image-caption wp-caption-text\">Este es el dise\u00f1o de las camisolas tem\u00e1ticas para  la noche de la herencia guatemalteca de Los Dodgers. Disponibles en la compra de boletos para asistir.<\/figcaption>\n\t\t\t\t\t\t\t\t\t\t<\/figure>\n\t\t\t\t\t\t\t\t\t<\/div>\n\t\t\t\t\t<\/div>\n\t\t\t\t<\/div>\n\t\t<div data-particle_enable=\"false\" data-particle-mobile-disabled=\"false\" class=\"elementor-element elementor-element-e769f50 e-flex e-con-boxed e-con e-parent\" data-id=\"e769f50\" data-element_type=\"container\" data-e-type=\"container\">\n\t\t\t\t\t<div class=\"e-con-inner\">\n\t\t\t\t<div class=\"elementor-element elementor-element-9cf4350 elementor-widget elementor-widget-heading\" data-id=\"9cf4350\" data-element_type=\"widget\" data-e-type=\"widget\" data-widget_type=\"heading.default\">\n\t\t\t\t\t<h2 class=\"elementor-heading-title elementor-size-default\">El programa del evento<\/h2>\t\t\t\t<\/div>\n\t\t\t\t\t<\/div>\n\t\t\t\t<\/div>\n\t\t<div data-particle_enable=\"false\" data-particle-mobile-disabled=\"false\" class=\"elementor-element elementor-element-ffa77a1 e-flex e-con-boxed e-con e-parent\" data-id=\"ffa77a1\" data-element_type=\"container\" data-e-type=\"container\">\n\t\t\t\t\t<div class=\"e-con-inner\">\n\t\t\t\t<div class=\"elementor-element elementor-element-dbe99ed elementor-widget elementor-widget-text-editor\" data-id=\"dbe99ed\" data-element_type=\"widget\" data-e-type=\"widget\" data-widget_type=\"text-editor.default\">\n\t\t\t\t\t\t\t\t\t<p>A las 17.10, en la plaza Centerfield,\u00a0cercana al estadio de Los Dodgers, comienza la velada con la intervenci\u00f3n del DJ Christian, guatemalteco.<\/p><p>A las 17.45 viene la escena de danza tradicional con el grupo folcl\u00f3rico Los Chapincitos.\u00a0<\/p><p>A las 18.15 es el turno de la asociaci\u00f3n cultural AGUA, que presentar\u00e1 una estampa de identidad multicultural.<\/p><p>Previo al inicio del juego, ya en el campo del Estadio Fabiola Rhouda interpretar\u00e1 el Himno Nacional de los Estados Unidos.<\/p><p>\u00a0<\/p>\t\t\t\t\t\t\t\t<\/div>\n\t\t\t\t\t<\/div>\n\t\t\t\t<\/div>\n\t\t<div data-particle_enable=\"false\" data-particle-mobile-disabled=\"false\" class=\"elementor-element elementor-element-3c2867b e-flex e-con-boxed e-con e-parent\" data-id=\"3c2867b\" data-element_type=\"container\" data-e-type=\"container\">\n\t\t\t\t\t<div class=\"e-con-inner\">\n\t\t\t\t<div class=\"elementor-element elementor-element-1cf0ea2 elementor-widget elementor-widget-image\" data-id=\"1cf0ea2\" data-element_type=\"widget\" data-e-type=\"widget\" data-widget_type=\"image.default\">\n\t\t\t\t\t\t\t\t\t\t\t\t<figure class=\"wp-caption\">\n\t\t\t\t\t\t\t\t\t\t<img decoding=\"async\" width=\"662\" height=\"1024\" src=\"https:\/\/soymigrante.com\/revista\/wp-content\/uploads\/2025\/09\/542264528_776098768486735_1118225865692433001_n-1-662x1024.jpg\" class=\"attachment-large size-large wp-image-43726\" alt=\"Afiche de la Noche Cultural Guatemalteca de Los Angeles\" srcset=\"https:\/\/soymigrante.com\/revista\/wp-content\/uploads\/2025\/09\/542264528_776098768486735_1118225865692433001_n-1-662x1024.jpg 662w, https:\/\/soymigrante.com\/revista\/wp-content\/uploads\/2025\/09\/542264528_776098768486735_1118225865692433001_n-1-194x300.jpg 194w, https:\/\/soymigrante.com\/revista\/wp-content\/uploads\/2025\/09\/542264528_776098768486735_1118225865692433001_n-1-768x1189.jpg 768w, https:\/\/soymigrante.com\/revista\/wp-content\/uploads\/2025\/09\/542264528_776098768486735_1118225865692433001_n-1-992x1536.jpg 992w, https:\/\/soymigrante.com\/revista\/wp-content\/uploads\/2025\/09\/542264528_776098768486735_1118225865692433001_n-1-750x1161.jpg 750w, https:\/\/soymigrante.com\/revista\/wp-content\/uploads\/2025\/09\/542264528_776098768486735_1118225865692433001_n-1-1140x1765.jpg 1140w, https:\/\/soymigrante.com\/revista\/wp-content\/uploads\/2025\/09\/542264528_776098768486735_1118225865692433001_n-1.jpg 1323w\" sizes=\"(max-width: 662px) 100vw, 662px\" title=\"Afiche de la Noche Cultural Guatemalteca de Los Angeles \u2013 SoyMigrante.com REVISTA\" \/>\t\t\t\t\t\t\t\t\t\t\t<figcaption class=\"widget-image-caption wp-caption-text\">Afiche de la Noche Cultural Guatemalteca de Los Angeles<\/figcaption>\n\t\t\t\t\t\t\t\t\t\t<\/figure>\n\t\t\t\t\t\t\t\t\t<\/div>\n\t\t\t\t\t<\/div>\n\t\t\t\t<\/div>\n\t\t<div data-particle_enable=\"false\" data-particle-mobile-disabled=\"false\" class=\"elementor-element elementor-element-8e88f29 e-flex e-con-boxed e-con e-parent\" data-id=\"8e88f29\" data-element_type=\"container\" data-e-type=\"container\">\n\t\t\t\t\t<div class=\"e-con-inner\">\n\t\t\t\t<div class=\"elementor-element elementor-element-4b43ba1 elementor-widget elementor-widget-heading\" data-id=\"4b43ba1\" data-element_type=\"widget\" data-e-type=\"widget\" data-widget_type=\"heading.default\">\n\t\t\t\t\t<h3 class=\"elementor-heading-title elementor-size-default\">Un puente entre deporte y cultura<\/h3>\t\t\t\t<\/div>\n\t\t\t\t\t<\/div>\n\t\t\t\t<\/div>\n\t\t<div data-particle_enable=\"false\" data-particle-mobile-disabled=\"false\" class=\"elementor-element elementor-element-655284c e-flex e-con-boxed e-con e-parent\" data-id=\"655284c\" data-element_type=\"container\" data-e-type=\"container\">\n\t\t\t\t\t<div class=\"e-con-inner\">\n\t\t\t\t<div class=\"elementor-element elementor-element-31bc4ec elementor-widget elementor-widget-text-editor\" data-id=\"31bc4ec\" data-element_type=\"widget\" data-e-type=\"widget\" data-widget_type=\"text-editor.default\">\n\t\t\t\t\t\t\t\t\t<p><a href=\"https:\/\/www.facebook.com\/LosDodgersBeisbol\" target=\"_blank\" rel=\"noopener\">La iniciativa busca fortalecer el v\u00ednculo entre el equipo angelino y la diversa comunidad latina que llena las gradas.<\/a> Para los guatemaltecos residentes en California, esta noche representa m\u00e1s que un partido: es una oportunidad para mostrar orgullo por sus ra\u00edces y mantener vivas sus tradiciones lejos de casa.<\/p><p>\u201cEs emocionante ver nuestra bandera ondeando en un estadio tan grande. Nos sentimos visibles y valorados\u201d, expres\u00f3, Ferm\u00edn P\u00e9rez, un migrante guatemalteco que asisti\u00f3 a la \u00faltima edici\u00f3n.<\/p>\t\t\t\t\t\t\t\t<\/div>\n\t\t\t\t\t<\/div>\n\t\t\t\t<\/div>\n\t\t<div data-particle_enable=\"false\" data-particle-mobile-disabled=\"false\" class=\"elementor-element elementor-element-440de7e e-flex e-con-boxed e-con e-parent\" data-id=\"440de7e\" data-element_type=\"container\" data-e-type=\"container\">\n\t\t\t\t\t<div class=\"e-con-inner\">\n\t\t\t\t<div class=\"elementor-element elementor-element-8f7df45 elementor-widget elementor-widget-image\" data-id=\"8f7df45\" data-element_type=\"widget\" data-e-type=\"widget\" data-widget_type=\"image.default\">\n\t\t\t\t\t\t\t\t\t\t\t\t<figure class=\"wp-caption\">\n\t\t\t\t\t\t\t\t\t\t<img loading=\"lazy\" decoding=\"async\" width=\"1024\" height=\"344\" src=\"https:\/\/soymigrante.com\/revista\/wp-content\/uploads\/2025\/09\/anuncio-en-las-afueras-del-estadio-1024x344.jpg\" class=\"attachment-large size-large wp-image-43727\" alt=\"En el exterior del estadio de Los Dodgers de Los Angeles ya se anuncia la noche de la Herencia Cultural Guatemalteca, para el 9 de septiembre.\" srcset=\"https:\/\/soymigrante.com\/revista\/wp-content\/uploads\/2025\/09\/anuncio-en-las-afueras-del-estadio-1024x344.jpg 1024w, https:\/\/soymigrante.com\/revista\/wp-content\/uploads\/2025\/09\/anuncio-en-las-afueras-del-estadio-300x101.jpg 300w, https:\/\/soymigrante.com\/revista\/wp-content\/uploads\/2025\/09\/anuncio-en-las-afueras-del-estadio-768x258.jpg 768w, https:\/\/soymigrante.com\/revista\/wp-content\/uploads\/2025\/09\/anuncio-en-las-afueras-del-estadio-750x252.jpg 750w, https:\/\/soymigrante.com\/revista\/wp-content\/uploads\/2025\/09\/anuncio-en-las-afueras-del-estadio-1140x383.jpg 1140w, https:\/\/soymigrante.com\/revista\/wp-content\/uploads\/2025\/09\/anuncio-en-las-afueras-del-estadio.jpg 1170w\" sizes=\"(max-width: 1024px) 100vw, 1024px\" title=\"En el exterior del estadio de Los Dodgers de Los Angeles ya se anuncia la noche de la Herencia Cultural Guatemalteca, para el 9 de septiembre. \u2013 SoyMigrante.com REVISTA\" \/>\t\t\t\t\t\t\t\t\t\t\t<figcaption class=\"widget-image-caption wp-caption-text\">En el exterior del estadio de Los Dodgers de Los Angeles ya se anuncia la noche de la Herencia Cultural Guatemalteca, para el 9 de septiembre.<\/figcaption>\n\t\t\t\t\t\t\t\t\t\t<\/figure>\n\t\t\t\t\t\t\t\t\t<\/div>\n\t\t\t\t\t<\/div>\n\t\t\t\t<\/div>\n\t\t<div data-particle_enable=\"false\" data-particle-mobile-disabled=\"false\" class=\"elementor-element elementor-element-d65483b e-flex e-con-boxed e-con e-parent\" data-id=\"d65483b\" data-element_type=\"container\" data-e-type=\"container\">\n\t\t\t\t\t<div class=\"e-con-inner\">\n\t\t\t\t<div class=\"elementor-element elementor-element-a7b79a4 elementor-widget elementor-widget-heading\" data-id=\"a7b79a4\" data-element_type=\"widget\" data-e-type=\"widget\" data-widget_type=\"heading.default\">\n\t\t\t\t\t<h3 class=\"elementor-heading-title elementor-size-default\">Guatemala presente en Los \u00c1ngeles<\/h3>\t\t\t\t<\/div>\n\t\t\t\t\t<\/div>\n\t\t\t\t<\/div>\n\t\t<div data-particle_enable=\"false\" data-particle-mobile-disabled=\"false\" class=\"elementor-element elementor-element-faefbf7 e-flex e-con-boxed e-con e-parent\" data-id=\"faefbf7\" data-element_type=\"container\" data-e-type=\"container\">\n\t\t\t\t\t<div class=\"e-con-inner\">\n\t\t\t\t<div class=\"elementor-element elementor-element-731a412 elementor-widget elementor-widget-text-editor\" data-id=\"731a412\" data-element_type=\"widget\" data-e-type=\"widget\" data-widget_type=\"text-editor.default\">\n\t\t\t\t\t\t\t\t\t<p>La Noche de la Herencia Guatemalteca se ha convertido en una de las celebraciones m\u00e1s esperadas del calendario cultural de la comunidad chapina en Estados Unidos. Junto a otros eventos como festivales gastron\u00f3micos, desfiles y presentaciones art\u00edsticas, este homenaje reafirma la importancia de la di\u00e1spora guatemalteca en la vida social y econ\u00f3mica de Los \u00c1ngeles.<\/p><p>M\u00e1s que un simple juego de b\u00e9isbol, esta noche especial en el Dodger Stadium<a href=\"https:\/\/www.facebook.com\/LosDodgersBeisbol\" target=\"_blank\" rel=\"noopener\"> es una forma de reconocer la riqueza cultural que los guatemaltecos han aportado a Estados Unidos<\/a>, recordando que el deporte tambi\u00e9n puede ser un espacio de uni\u00f3n, identidad y celebraci\u00f3n.<\/p>\t\t\t\t\t\t\t\t<\/div>\n\t\t\t\t\t<\/div>\n\t\t\t\t<\/div>\n\t\t<div data-particle_enable=\"false\" data-particle-mobile-disabled=\"false\" class=\"elementor-element elementor-element-2a4fb43 e-flex e-con-boxed e-con e-parent\" data-id=\"2a4fb43\" data-element_type=\"container\" data-e-type=\"container\">\n\t\t\t\t\t<div class=\"e-con-inner\">\n\t\t\t\t<div class=\"elementor-element elementor-element-5018039 elementor-widget elementor-widget-html\" data-id=\"5018039\" data-element_type=\"widget\" data-e-type=\"widget\" data-widget_type=\"html.default\">\n\t\t\t\t\t<blockquote class=\"tiktok-embed\" cite=\"https:\/\/www.tiktok.com\/@kimberly.05\/video\/7413277925694360863\" data-video-id=\"7413277925694360863\" style=\"max-width: 605px;min-width: 325px;\" > <section> <a target=\"_blank\" title=\"@kimberly.05\" href=\"https:\/\/www.tiktok.com\/@kimberly.05?refer=embed\">@kimberly.05<\/a> Guatemalan Heritage Night at Dodger Stadium \ud83c\uddec\ud83c\uddf9\ud83e\udd0d <a title=\"guatemala\" target=\"_blank\" href=\"https:\/\/www.tiktok.com\/tag\/guatemala?refer=embed\">#guatemala<\/a> <a title=\"dodgerstadium\" target=\"_blank\" href=\"https:\/\/www.tiktok.com\/tag\/dodgerstadium?refer=embed\">#dodgerstadium<\/a> <a title=\"heritage\" target=\"_blank\" href=\"https:\/\/www.tiktok.com\/tag\/heritage?refer=embed\">#heritage<\/a> <a target=\"_blank\" title=\"\u266c Guatemala - From Swaecation - Rae Sremmurd &#38; Swae Lee &#38; Slim Jxmmi\" href=\"https:\/\/www.tiktok.com\/music\/Guatemala-From-Swaecation-6928395335850117121?refer=embed\">\u266c Guatemala - From Swaecation - Rae Sremmurd &#38; Swae Lee &#38; Slim Jxmmi<\/a> <\/section> <\/blockquote> <script async src=\"https:\/\/www.tiktok.com\/embed.js\"><\/script>\t\t\t\t<\/div>\n\t\t\t\t\t<\/div>\n\t\t\t\t<\/div>\n\t\t<div data-particle_enable=\"false\" data-particle-mobile-disabled=\"false\" class=\"elementor-element elementor-element-626cdad e-flex e-con-boxed e-con e-parent\" data-id=\"626cdad\" data-element_type=\"container\" data-e-type=\"container\">\n\t\t\t\t\t<div class=\"e-con-inner\">\n\t\t\t\t<div class=\"elementor-element elementor-element-9153f64 elementor-widget elementor-widget-heading\" data-id=\"9153f64\" data-element_type=\"widget\" data-e-type=\"widget\" data-widget_type=\"heading.default\">\n\t\t\t\t\t<h2 class=\"elementor-heading-title elementor-size-default\">Conoce esta informaci\u00f3n que te puede servir...<\/h2>\t\t\t\t<\/div>\n\t\t\t\t\t<\/div>\n\t\t\t\t<\/div>\n\t\t<div data-particle_enable=\"false\" data-particle-mobile-disabled=\"false\" class=\"elementor-element elementor-element-8b3ee52 e-flex e-con-boxed e-con e-parent\" data-id=\"8b3ee52\" data-element_type=\"container\" data-e-type=\"container\">\n\t\t\t\t\t<div class=\"e-con-inner\">\n\t\t\t\t<div class=\"elementor-element elementor-element-b9b0c71 elementor-grid-eael-col-3 elementor-grid-tablet-eael-col-2 elementor-grid-mobile-eael-col-1 elementor-widget elementor-widget-eael-post-grid\" data-id=\"b9b0c71\" data-element_type=\"widget\" data-e-type=\"widget\" data-settings=\"{&quot;eael_post_grid_columns&quot;:&quot;eael-col-3&quot;,&quot;eael_post_grid_columns_tablet&quot;:&quot;eael-col-2&quot;,&quot;eael_post_grid_columns_mobile&quot;:&quot;eael-col-1&quot;}\" data-widget_type=\"eael-post-grid.default\">\n\t\t\t\t\t<div id=\"eael-post-grid-b9b0c71\" class=\"eael-post-grid-container\">\n            <div class=\"eael-post-grid eael-post-appender eael-post-appender-b9b0c71 eael-post-grid-style-one\" data-layout-mode=\"masonry\"><article class=\"eael-grid-post  eael-post-grid-column eael-pg-post-774 category-exitos tags-california\" data-id=\"774\">\n        <div class=\"eael-grid-post-holder\">\n            <div class=\"eael-grid-post-holder-inner\"><div class=\"eael-entry-media\"><div class=\"eael-entry-overlay fade-in\"><i class=\"far fa-hand-pointer\" aria-hidden=\"true\"><\/i><a href=\"https:\/\/soymigrante.com\/revista\/asi-nacio-un-nucleo-de-sabor-guatemalteco-en-el-corazon-de-los-angeles\/\"><\/a><\/div><div class=\"eael-entry-thumbnail \">\n                <img loading=\"lazy\" decoding=\"async\" width=\"736\" height=\"1024\" src=\"https:\/\/soymigrante.com\/revista\/wp-content\/uploads\/2023\/03\/1-EXITOS-RESTAURANTE-PUCHICA-LA-FERNANDO-LURSSEN-1-736x1024.jpg\" class=\"attachment-large size-large wp-image-775\" alt=\"Restaurante guatemalteco P\u00fachica en Los Angeles\" srcset=\"https:\/\/soymigrante.com\/revista\/wp-content\/uploads\/2023\/03\/1-EXITOS-RESTAURANTE-PUCHICA-LA-FERNANDO-LURSSEN-1-736x1024.jpg 736w, https:\/\/soymigrante.com\/revista\/wp-content\/uploads\/2023\/03\/1-EXITOS-RESTAURANTE-PUCHICA-LA-FERNANDO-LURSSEN-1-216x300.webp 216w, https:\/\/soymigrante.com\/revista\/wp-content\/uploads\/2023\/03\/1-EXITOS-RESTAURANTE-PUCHICA-LA-FERNANDO-LURSSEN-1.webp 750w\" sizes=\"(max-width: 736px) 100vw, 736px\" \/>\n            <\/div>\n        <\/div><div class=\"eael-entry-wrapper\"><header class=\"eael-entry-header\"><h2 class=\"eael-entry-title\"><a class=\"eael-grid-post-link\" href=\"https:\/\/soymigrante.com\/revista\/asi-nacio-un-nucleo-de-sabor-guatemalteco-en-el-corazon-de-los-angeles\/\" title=\"As\u00ed naci\u00f3 el restaurante guatemalteco Puchica, un n\u00facleo de sabor chap\u00edn en el coraz\u00f3n de Los Angeles\">As\u00ed naci\u00f3 el restaurante guatemalteco Puchica, un n\u00facleo de sabor chap\u00edn en el coraz\u00f3n de Los Angeles<\/a><\/h2><\/header><div class=\"eael-entry-content\">\n                        <div class=\"eael-grid-post-excerpt\"><a href=\"https:\/\/soymigrante.com\/revista\/asi-nacio-un-nucleo-de-sabor-guatemalteco-en-el-corazon-de-los-angeles\/\" class=\"eael-post-elements-readmore-btn\">CONOCE SU HISTORIA <\/a><\/div>\n                    <\/div><\/div><\/div>\n        <\/div>\n    <\/article><article class=\"eael-grid-post  eael-post-grid-column eael-pg-post-6414 category-estamos-unidos\" data-id=\"6414\">\n        <div class=\"eael-grid-post-holder\">\n            <div class=\"eael-grid-post-holder-inner\"><div class=\"eael-entry-media\"><div class=\"eael-entry-overlay fade-in\"><i class=\"far fa-hand-pointer\" aria-hidden=\"true\"><\/i><a href=\"https:\/\/soymigrante.com\/revista\/feria-cultural-de-guatemala-los-angeles-junio-2024-horario-fecha-lugar\/\"><\/a><\/div><div class=\"eael-entry-thumbnail \">\n                <img loading=\"lazy\" decoding=\"async\" width=\"846\" height=\"775\" src=\"https:\/\/soymigrante.com\/revista\/wp-content\/uploads\/2024\/05\/Captura-de-pantalla-2024-05-14-170325-1.webp\" class=\"attachment-large size-large wp-image-6416\" alt=\"Vestido tradicional mexicano con mujeres en un evento cultural en un parque.\" srcset=\"https:\/\/soymigrante.com\/revista\/wp-content\/uploads\/2024\/05\/Captura-de-pantalla-2024-05-14-170325-1.webp 846w, https:\/\/soymigrante.com\/revista\/wp-content\/uploads\/2024\/05\/Captura-de-pantalla-2024-05-14-170325-1-300x275.webp 300w, https:\/\/soymigrante.com\/revista\/wp-content\/uploads\/2024\/05\/Captura-de-pantalla-2024-05-14-170325-1-768x704.webp 768w, https:\/\/soymigrante.com\/revista\/wp-content\/uploads\/2024\/05\/Captura-de-pantalla-2024-05-14-170325-1-750x687.webp 750w\" sizes=\"(max-width: 846px) 100vw, 846px\" \/>\n            <\/div>\n        <\/div><div class=\"eael-entry-wrapper\"><header class=\"eael-entry-header\"><h2 class=\"eael-entry-title\"><a class=\"eael-grid-post-link\" href=\"https:\/\/soymigrante.com\/revista\/feria-cultural-de-guatemala-los-angeles-junio-2024-horario-fecha-lugar\/\" title=\"Feria Cultural Guatemalteca 2024 en Los Angeles trae alegr\u00eda y hermandad\">Feria Cultural Guatemalteca 2024 en Los Angeles trae alegr\u00eda y hermandad<\/a><\/h2><\/header><div class=\"eael-entry-content\">\n                        <div class=\"eael-grid-post-excerpt\"><a href=\"https:\/\/soymigrante.com\/revista\/feria-cultural-de-guatemala-los-angeles-junio-2024-horario-fecha-lugar\/\" class=\"eael-post-elements-readmore-btn\">CONOCE SU HISTORIA <\/a><\/div>\n                    <\/div><\/div><\/div>\n        <\/div>\n    <\/article><article class=\"eael-grid-post  eael-post-grid-column eael-pg-post-1308 category-estamos-unidos\" data-id=\"1308\">\n        <div class=\"eael-grid-post-holder\">\n            <div class=\"eael-grid-post-holder-inner\"><div class=\"eael-entry-media\"><div class=\"eael-entry-overlay fade-in\"><i class=\"far fa-hand-pointer\" aria-hidden=\"true\"><\/i><a href=\"https:\/\/soymigrante.com\/revista\/voto-de-migrantes-guatemaltecos-impulsa-organizacion\/\"><\/a><\/div><div class=\"eael-entry-thumbnail \">\n                <img loading=\"lazy\" decoding=\"async\" width=\"940\" height=\"627\" src=\"https:\/\/soymigrante.com\/revista\/wp-content\/uploads\/2023\/06\/voto-en-el-extranjero.webp\" class=\"attachment-large size-large wp-image-1330\" alt=\"voto en el extranjero\" srcset=\"https:\/\/soymigrante.com\/revista\/wp-content\/uploads\/2023\/06\/voto-en-el-extranjero.webp 940w, https:\/\/soymigrante.com\/revista\/wp-content\/uploads\/2023\/06\/voto-en-el-extranjero-300x200.webp 300w, https:\/\/soymigrante.com\/revista\/wp-content\/uploads\/2023\/06\/voto-en-el-extranjero-768x512.webp 768w, https:\/\/soymigrante.com\/revista\/wp-content\/uploads\/2023\/06\/voto-en-el-extranjero-750x500.webp 750w, https:\/\/soymigrante.com\/revista\/wp-content\/uploads\/2023\/06\/voto-en-el-extranjero-600x400.webp 600w\" sizes=\"(max-width: 940px) 100vw, 940px\" \/>\n            <\/div>\n        <\/div><div class=\"eael-entry-wrapper\"><header class=\"eael-entry-header\"><h2 class=\"eael-entry-title\"><a class=\"eael-grid-post-link\" href=\"https:\/\/soymigrante.com\/revista\/voto-de-migrantes-guatemaltecos-impulsa-organizacion\/\" title=\"\u00bfCu\u00e1ntos migrantes guatemaltecos empadronados hay en ciudades de Estados Unidos?\">\u00bfCu\u00e1ntos migrantes guatemaltecos empadronados hay en ciudades de Estados Unidos?<\/a><\/h2><\/header><div class=\"eael-entry-content\">\n                        <div class=\"eael-grid-post-excerpt\"><a href=\"https:\/\/soymigrante.com\/revista\/voto-de-migrantes-guatemaltecos-impulsa-organizacion\/\" class=\"eael-post-elements-readmore-btn\">CONOCE SU HISTORIA <\/a><\/div>\n                    <\/div><\/div><\/div>\n        <\/div>\n    <\/article><\/div>\n            <div class=\"clearfix\"><\/div>\n        <\/div>\t\t\t\t<\/div>\n\t\t\t\t\t<\/div>\n\t\t\t\t<\/div>\n\t\t\t\t<\/div>\n\t\t","protected":false},"excerpt":{"rendered":"<p>El equipo de grandes ligas Los Dodgers celebra la Noche de la Herencia Guatemalteca en Los \u00c1ngeles en la que se homenajear\u00e1 a colectivos chapines. Fabiola Rhouda cantar\u00e1 el himno. La comunidad guatemalteca en Estados Unidos contin\u00faa ganando espacios de reconocimiento cultural. Uno de los eventos m\u00e1s destacados es la Noche de la Herencia Guatemalteca, [&hellip;]<\/p>\n","protected":false},"author":19,"featured_media":43719,"comment_status":"open","ping_status":"open","sticky":false,"template":"","format":"standard","meta":{"_acf_changed":false,"_eb_attr":"","footnotes":""},"categories":[54],"tags":[],"class_list":["post-43704","post","type-post","status-publish","format-standard","has-post-thumbnail","hentry","category-estamos-unidos"],"acf":[],"aioseo_notices":[],"aioseo_head":"\n\t\t<!-- All in One SEO Pro 4.9.6.2 - aioseo.com -->\n\t<meta name=\"description\" content=\"\u00bfEn d\u00f3nde est\u00e1n los migrantes guatemaltecos empadronados para votar el 25 de junio? Una mayor participaci\u00f3n respecto de las elecciones de 2019 se espera en las elecciones generales del 25 de junio de 2023, que ser\u00e1 la segunda ocasi\u00f3n en que guatemaltecos empadronados en Estados Unidos puedan emitir el sufragio. Esta vez hay 98,708 guatemaltecos\" \/>\n\t<meta name=\"robots\" content=\"max-snippet:-1, max-image-preview:large, max-video-preview:-1\" \/>\n\t<meta name=\"author\" content=\"Diana Batz\"\/>\n\t<link rel=\"canonical\" href=\"https:\/\/soymigrante.com\/revista\/voto-de-migrantes-guatemaltecos-impulsa-organizacion\/\" \/>\n\t<meta name=\"generator\" content=\"All in One SEO Pro (AIOSEO) 4.9.6.2\" \/>\n\n\t\t<link rel=\"preconnect\" href=\"https:\/\/fonts.googleapis.com\" crossorigin>\n<link rel=\"preconnect\" href=\"https:\/\/fonts.gstatic.com\" crossorigin>\n\t\t<meta property=\"og:locale\" content=\"es_ES\" \/>\n\t\t<meta property=\"og:site_name\" content=\"SoyMigrante.com REVISTA \u2013 Nuestra misi\u00f3n es reconocer y dignificar al migrante.\" \/>\n\t\t<meta property=\"og:type\" content=\"article\" \/>\n\t\t<meta property=\"og:title\" content=\"\u00bfCu\u00e1ntos migrantes guatemaltecos empadronados hay en ciudades de Estados Unidos?\" \/>\n\t\t<meta property=\"og:description\" content=\"\u00bfEn d\u00f3nde est\u00e1n los migrantes guatemaltecos empadronados para votar el 25 de junio? Una mayor participaci\u00f3n respecto de las elecciones de 2019 se espera en las elecciones generales del 25 de junio de 2023, que ser\u00e1 la segunda ocasi\u00f3n en que guatemaltecos empadronados en Estados Unidos puedan emitir el sufragio. Esta vez hay 98,708 guatemaltecos\" \/>\n\t\t<meta property=\"og:url\" content=\"https:\/\/soymigrante.com\/revista\/voto-de-migrantes-guatemaltecos-impulsa-organizacion\/\" \/>\n\t\t<meta property=\"og:image\" content=\"https:\/\/soymigrante.com\/revista\/wp-content\/uploads\/2023\/06\/voto-en-el-extranjero.webp\" \/>\n\t\t<meta property=\"og:image:secure_url\" content=\"https:\/\/soymigrante.com\/revista\/wp-content\/uploads\/2023\/06\/voto-en-el-extranjero.webp\" \/>\n\t\t<meta property=\"og:image:width\" content=\"940\" \/>\n\t\t<meta property=\"og:image:height\" content=\"627\" \/>\n\t\t<meta property=\"article:published_time\" content=\"2023-06-12T00:14:35+00:00\" \/>\n\t\t<meta property=\"article:modified_time\" content=\"2024-06-25T22:11:32+00:00\" \/>\n\t\t<meta property=\"article:publisher\" content=\"https:\/\/www.facebook.com\/soymigrantecom\" \/>\n\t\t<meta name=\"twitter:card\" content=\"summary_large_image\" \/>\n\t\t<meta name=\"twitter:site\" content=\"@SoyMigrante_com\" \/>\n\t\t<meta name=\"twitter:title\" content=\"\u00bfCu\u00e1ntos migrantes guatemaltecos empadronados hay en ciudades de Estados Unidos?\" \/>\n\t\t<meta name=\"twitter:description\" content=\"\u00bfEn d\u00f3nde est\u00e1n los migrantes guatemaltecos empadronados para votar el 25 de junio? Una mayor participaci\u00f3n respecto de las elecciones de 2019 se espera en las elecciones generales del 25 de junio de 2023, que ser\u00e1 la segunda ocasi\u00f3n en que guatemaltecos empadronados en Estados Unidos puedan emitir el sufragio. Esta vez hay 98,708 guatemaltecos\" \/>\n\t\t<meta name=\"twitter:creator\" content=\"@SoyMigrante_com\" \/>\n\t\t<meta name=\"twitter:image\" content=\"https:\/\/soymigrante.com\/revista\/wp-content\/uploads\/2023\/06\/voto-en-el-extranjero.webp\" \/>\n\t\t<!-- All in One SEO Pro -->\r\n\t\t<title>\u00bfCu\u00e1ntos migrantes guatemaltecos empadronados hay en ciudades de Estados Unidos?<\/title>\n\n","aioseo_head_json":{"title":"\u00bfCu\u00e1ntos migrantes guatemaltecos empadronados hay en ciudades de Estados Unidos?","description":"\u00bfEn d\u00f3nde est\u00e1n los migrantes guatemaltecos empadronados para votar el 25 de junio? Una mayor participaci\u00f3n respecto de las elecciones de 2019 se espera en las elecciones generales del 25 de junio de 2023, que ser\u00e1 la segunda ocasi\u00f3n en que guatemaltecos empadronados en Estados Unidos puedan emitir el sufragio. Esta vez hay 98,708 guatemaltecos","canonical_url":"https:\/\/soymigrante.com\/revista\/voto-de-migrantes-guatemaltecos-impulsa-organizacion\/","robots":"max-snippet:-1, max-image-preview:large, max-video-preview:-1","keywords":"","webmasterTools":{"miscellaneous":"&lt;link rel=\"preconnect\" href=\"https:\/\/fonts.googleapis.com\" crossorigin&gt;\n&lt;link rel=\"preconnect\" href=\"https:\/\/fonts.gstatic.com\" crossorigin&gt;"},"schema":null,"og:locale":"es_ES","og:site_name":"SoyMigrante.com REVISTA \u2013 Nuestra misi\u00f3n es reconocer y dignificar al migrante.","og:type":"article","og:title":"\u00bfCu\u00e1ntos migrantes guatemaltecos empadronados hay en ciudades de Estados Unidos?","og:description":"\u00bfEn d\u00f3nde est\u00e1n los migrantes guatemaltecos empadronados para votar el 25 de junio? Una mayor participaci\u00f3n respecto de las elecciones de 2019 se espera en las elecciones generales del 25 de junio de 2023, que ser\u00e1 la segunda ocasi\u00f3n en que guatemaltecos empadronados en Estados Unidos puedan emitir el sufragio. Esta vez hay 98,708 guatemaltecos","og:url":"https:\/\/soymigrante.com\/revista\/voto-de-migrantes-guatemaltecos-impulsa-organizacion\/","og:image":"https:\/\/soymigrante.com\/revista\/wp-content\/uploads\/2023\/06\/voto-en-el-extranjero.webp","og:image:secure_url":"https:\/\/soymigrante.com\/revista\/wp-content\/uploads\/2023\/06\/voto-en-el-extranjero.webp","og:image:width":940,"og:image:height":627,"article:published_time":"2023-06-12T00:14:35+00:00","article:modified_time":"2024-06-25T22:11:32+00:00","article:publisher":"https:\/\/www.facebook.com\/soymigrantecom","twitter:card":"summary_large_image","twitter:site":"@SoyMigrante_com","twitter:title":"\u00bfCu\u00e1ntos migrantes guatemaltecos empadronados hay en ciudades de Estados Unidos?","twitter:description":"\u00bfEn d\u00f3nde est\u00e1n los migrantes guatemaltecos empadronados para votar el 25 de junio? Una mayor participaci\u00f3n respecto de las elecciones de 2019 se espera en las elecciones generales del 25 de junio de 2023, que ser\u00e1 la segunda ocasi\u00f3n en que guatemaltecos empadronados en Estados Unidos puedan emitir el sufragio. Esta vez hay 98,708 guatemaltecos","twitter:creator":"@SoyMigrante_com","twitter:image":"https:\/\/soymigrante.com\/revista\/wp-content\/uploads\/2023\/06\/voto-en-el-extranjero.webp"},"aioseo_meta_data":{"post_id":"43704","title":"Noche Guatemalteca de Los Dodgers 2025 homenajea talentos","description":"El equipo de b\u00e9isbol de Los Dodgers celebrar\u00e1 la Noche de la Herencia Guatemalteca en L.A. el martes 9 de septiembre. Homenajear\u00e1n a grupos y artistas chapines.","keywords":null,"keyphrases":{"focus":{"keyphrase":"guatemalteca","score":91,"analysis":{"keyphraseInTitle":{"score":9,"maxScore":9,"error":0},"keyphraseInDescription":{"score":9,"maxScore":9,"error":0},"keyphraseLength":{"score":9,"maxScore":9,"error":0,"length":1},"keyphraseInURL":{"score":5,"maxScore":5,"error":0},"keyphraseInIntroduction":{"score":9,"maxScore":9,"error":0},"keyphraseInSubHeadings":{"score":3,"maxScore":9,"error":1},"keyphraseInImageAlt":{"score":9,"maxScore":9,"error":0},"keywordDensity":{"type":"best","score":9,"maxScore":9,"error":0}}},"additional":[{"keyphrase":"Los \u00c1ngeles","score":73,"analysis":{"keyphraseInDescription":{"score":3,"maxScore":9,"error":1},"keyphraseLength":{"score":9,"maxScore":9,"error":0,"length":2},"keyphraseInIntroduction":{"score":9,"maxScore":9,"error":0},"keyphraseInImageAlt":{"score":3,"maxScore":9,"error":1},"keywordDensity":{"type":"best","score":9,"maxScore":9,"error":0}}},{"keyphrase":"Dodgers","score":53,"analysis":{"keyphraseInDescription":{"score":9,"maxScore":9,"error":0},"keyphraseLength":{"score":9,"maxScore":9,"error":0,"length":1},"keyphraseInIntroduction":{"score":3,"maxScore":9,"error":1},"keyphraseInImageAlt":{"score":3,"maxScore":9,"error":1},"keywordDensity":{"score":0,"type":"low","maxScore":9,"error":1}}}]},"primary_term":null,"canonical_url":null,"og_title":null,"og_description":null,"og_object_type":"default","og_image_type":"default","og_image_url":null,"og_image_width":null,"og_image_height":null,"og_image_custom_url":null,"og_image_custom_fields":null,"og_video":"","og_custom_url":null,"og_article_section":null,"og_article_tags":null,"twitter_use_og":false,"twitter_card":"default","twitter_image_type":"default","twitter_image_url":null,"twitter_image_custom_url":null,"twitter_image_custom_fields":null,"twitter_title":null,"twitter_description":null,"schema":{"blockGraphs":[],"customGraphs":[],"default":{"data":{"Article":[],"Course":[],"Dataset":[],"FAQPage":[],"Movie":[],"Person":[],"Product":[],"ProductReview":[],"Car":[],"Recipe":[],"Service":[],"SoftwareApplication":[],"WebPage":[]},"graphName":"none","isEnabled":true},"graphs":[]},"schema_type":"default","schema_type_options":null,"pillar_content":false,"robots_default":true,"robots_noindex":false,"robots_noarchive":false,"robots_nosnippet":false,"robots_nofollow":false,"robots_noimageindex":false,"robots_noodp":false,"robots_notranslate":false,"robots_max_snippet":"-1","robots_max_videopreview":"-1","robots_max_imagepreview":"large","priority":null,"frequency":"default","local_seo":null,"seo_analyzer_scan_date":"2025-10-09 08:17:13","breadcrumb_settings":null,"limit_modified_date":false,"reviewed_by":"0","open_ai":null,"ai":{"faqs":[],"keyPoints":[],"titles":[],"descriptions":[],"socialPosts":{"email":[],"linkedin":[],"twitter":[],"facebook":[],"instagram":[]}},"created":"2025-09-03 21:18:44","updated":"2026-02-05 04:34:43"},"aioseo_breadcrumb":"<div class=\"aioseo-breadcrumbs\"><span class=\"aioseo-breadcrumb\">\n\t<a href=\"https:\/\/soymigrante.com\/revista\" title=\"Home\">Home<\/a>\n<\/span><span class=\"aioseo-breadcrumb-separator\">\u00bb<\/span><span class=\"aioseo-breadcrumb\">\n\t<a href=\"https:\/\/soymigrante.com\/revista\/category\/estamos-unidos\/\" title=\"Estamos Unidos\">Estamos Unidos<\/a>\n<\/span><span class=\"aioseo-breadcrumb-separator\">\u00bb<\/span><span class=\"aioseo-breadcrumb\">\n\tLos Dodgers celebran la Noche de la Herencia Guatemalteca en Los \u00c1ngeles\n<\/span><\/div>","aioseo_breadcrumb_json":[{"label":"Home","link":"https:\/\/soymigrante.com\/revista"},{"label":"Estamos Unidos","link":"https:\/\/soymigrante.com\/revista\/category\/estamos-unidos\/"},{"label":"Los Dodgers celebran la Noche de la Herencia Guatemalteca en Los \u00c1ngeles","link":"https:\/\/soymigrante.com\/revista\/los-dodgers-celebran-la-noche-de-la-herencia-guatemalteca-en-los-angeles\/"}],"_links":{"self":[{"href":"https:\/\/soymigrante.com\/revista\/wp-json\/wp\/v2\/posts\/43704","targetHints":{"allow":["GET"]}}],"collection":[{"href":"https:\/\/soymigrante.com\/revista\/wp-json\/wp\/v2\/posts"}],"about":[{"href":"https:\/\/soymigrante.com\/revista\/wp-json\/wp\/v2\/types\/post"}],"author":[{"embeddable":true,"href":"https:\/\/soymigrante.com\/revista\/wp-json\/wp\/v2\/users\/19"}],"replies":[{"embeddable":true,"href":"https:\/\/soymigrante.com\/revista\/wp-json\/wp\/v2\/comments?post=43704"}],"version-history":[{"count":18,"href":"https:\/\/soymigrante.com\/revista\/wp-json\/wp\/v2\/posts\/43704\/revisions"}],"predecessor-version":[{"id":43733,"href":"https:\/\/soymigrante.com\/revista\/wp-json\/wp\/v2\/posts\/43704\/revisions\/43733"}],"wp:featuredmedia":[{"embeddable":true,"href":"https:\/\/soymigrante.com\/revista\/wp-json\/wp\/v2\/media\/43719"}],"wp:attachment":[{"href":"https:\/\/soymigrante.com\/revista\/wp-json\/wp\/v2\/media?parent=43704"}],"wp:term":[{"taxonomy":"category","embeddable":true,"href":"https:\/\/soymigrante.com\/revista\/wp-json\/wp\/v2\/categories?post=43704"},{"taxonomy":"post_tag","embeddable":true,"href":"https:\/\/soymigrante.com\/revista\/wp-json\/wp\/v2\/tags?post=43704"}],"curies":[{"name":"wp","href":"https:\/\/api.w.org\/{rel}","templated":true}]}}