{"id":4370,"date":"2024-01-11T23:30:16","date_gmt":"2024-01-12T05:30:16","guid":{"rendered":"https:\/\/soymigrante.com\/revista\/?p=4370"},"modified":"2024-08-06T22:55:31","modified_gmt":"2024-08-07T04:55:31","slug":"migrante-regresa-a-guatemala-despues-de-14-anos-saco-adelante-hermanos","status":"publish","type":"post","link":"https:\/\/soymigrante.com\/revista\/migrante-regresa-a-guatemala-despues-de-14-anos-saco-adelante-hermanos\/","title":{"rendered":"El migrante Milton Villeda se fue por un sue\u00f1o y regresa, 14 a\u00f1os despu\u00e9s, con otro"},"content":{"rendered":"\t\t<div data-elementor-type=\"wp-post\" data-elementor-id=\"4370\" class=\"elementor elementor-4370\" data-elementor-post-type=\"post\">\n\t\t\t\t\t\t<section data-particle_enable=\"false\" data-particle-mobile-disabled=\"false\" class=\"elementor-section elementor-top-section elementor-element elementor-element-a6d7d35 elementor-section-boxed elementor-section-height-default elementor-section-height-default\" data-id=\"a6d7d35\" data-element_type=\"section\" data-e-type=\"section\">\n\t\t\t\t\t\t<div class=\"elementor-container elementor-column-gap-default\">\n\t\t\t\t\t<div class=\"elementor-column elementor-col-100 elementor-top-column elementor-element elementor-element-57de358\" data-id=\"57de358\" data-element_type=\"column\" data-e-type=\"column\">\n\t\t\t<div class=\"elementor-widget-wrap elementor-element-populated\">\n\t\t\t\t\t\t<div class=\"elementor-element elementor-element-cf0c488 elementor-widget elementor-widget-heading\" data-id=\"cf0c488\" data-element_type=\"widget\" data-e-type=\"widget\" data-widget_type=\"heading.default\">\n\t\t\t\t\t<h1 class=\"elementor-heading-title elementor-size-default\">\"Ya cumpl\u00ed: saqu\u00e9 adelante a todos mis hermanos\", expresa el migrante Milton Villeda, quien cuenta las semanas para volver a su aldea natal en Guatemala, por primera vez en 14 a\u00f1os.<\/h1>\t\t\t\t<\/div>\n\t\t\t\t\t<\/div>\n\t\t<\/div>\n\t\t\t\t\t<\/div>\n\t\t<\/section>\n\t\t\t\t<section data-particle_enable=\"false\" data-particle-mobile-disabled=\"false\" class=\"elementor-section elementor-top-section elementor-element elementor-element-6ef8399 elementor-section-boxed elementor-section-height-default elementor-section-height-default\" data-id=\"6ef8399\" data-element_type=\"section\" data-e-type=\"section\">\n\t\t\t\t\t\t<div class=\"elementor-container elementor-column-gap-default\">\n\t\t\t\t\t<div class=\"elementor-column elementor-col-100 elementor-top-column elementor-element elementor-element-a9834c2\" data-id=\"a9834c2\" data-element_type=\"column\" data-e-type=\"column\">\n\t\t\t<div class=\"elementor-widget-wrap elementor-element-populated\">\n\t\t\t\t\t\t<div class=\"elementor-element elementor-element-8cbaf2f elementor-widget elementor-widget-image\" data-id=\"8cbaf2f\" data-element_type=\"widget\" data-e-type=\"widget\" data-widget_type=\"image.default\">\n\t\t\t\t\t\t\t\t\t\t\t\t\t\t\t<img fetchpriority=\"high\" decoding=\"async\" width=\"768\" height=\"463\" src=\"https:\/\/soymigrante.com\/revista\/wp-content\/uploads\/2024\/01\/Captura-de-pantalla-2024-01-11-224410-1024x617.webp\" class=\"attachment-large size-large wp-image-4373\" alt=\"Milton Villeda es originario de Pet\u00e9n y comenz\u00f3 a trabajar desde los 10 a\u00f1os; trat\u00f3 de seguir estudiando porque le gustaban mucho las matem\u00e1ticas. La entrevista transcurre en un d\u00eda de descanso de su labor en un restaurante de California.\" srcset=\"https:\/\/soymigrante.com\/revista\/wp-content\/uploads\/2024\/01\/Captura-de-pantalla-2024-01-11-224410-1024x617.webp 1024w, https:\/\/soymigrante.com\/revista\/wp-content\/uploads\/2024\/01\/Captura-de-pantalla-2024-01-11-224410-300x181.webp 300w, https:\/\/soymigrante.com\/revista\/wp-content\/uploads\/2024\/01\/Captura-de-pantalla-2024-01-11-224410-768x463.webp 768w, https:\/\/soymigrante.com\/revista\/wp-content\/uploads\/2024\/01\/Captura-de-pantalla-2024-01-11-224410-750x452.webp 750w, https:\/\/soymigrante.com\/revista\/wp-content\/uploads\/2024\/01\/Captura-de-pantalla-2024-01-11-224410.webp 1041w\" sizes=\"(max-width: 768px) 100vw, 768px\" title=\"Milton Villeda es originario de Pet\u00e9n y comenz\u00f3 a trabajar desde los 10 a\u00f1os; trat\u00f3 de seguir estudiando porque le gustaban mucho las matem\u00e1ticas. La entrevista transcurre en un d\u00eda de descanso de su labor en un restaurante de California. \u2013 SoyMigrante.com REVISTA\" \/>\t\t\t\t\t\t\t\t\t\t\t\t\t\t\t<\/div>\n\t\t\t\t\t<\/div>\n\t\t<\/div>\n\t\t\t\t\t<\/div>\n\t\t<\/section>\n\t\t\t\t<section data-particle_enable=\"false\" data-particle-mobile-disabled=\"false\" class=\"elementor-section elementor-top-section elementor-element elementor-element-1287cd1 elementor-section-boxed elementor-section-height-default elementor-section-height-default\" data-id=\"1287cd1\" data-element_type=\"section\" data-e-type=\"section\">\n\t\t\t\t\t\t<div class=\"elementor-container elementor-column-gap-default\">\n\t\t\t\t\t<div class=\"elementor-column elementor-col-100 elementor-top-column elementor-element elementor-element-be050bf\" data-id=\"be050bf\" data-element_type=\"column\" data-e-type=\"column\">\n\t\t\t<div class=\"elementor-widget-wrap elementor-element-populated\">\n\t\t\t\t\t\t<div class=\"elementor-element elementor-element-a7adde9 elementor-widget elementor-widget-text-editor\" data-id=\"a7adde9\" data-element_type=\"widget\" data-e-type=\"widget\" data-widget_type=\"text-editor.default\">\n\t\t\t\t\t\t\t\t\t<p>A los 10 a\u00f1os Milton Villeda anhelaba con seguir estudiando pero tuvo que empezar a trabajar. Naci\u00f3 en la aldea Sacpuy de San Andr\u00e9es, Pet\u00e9n, el mayor de 5 hermanos. &#8220;Lamentablemente mi pap\u00e1 nos abandon\u00f3 cuando yo ten\u00eda 10 a\u00f1os. Ah\u00ed yo dejo de ser un ni\u00f1o y paso a ser sost\u00e9n para mis hermanos. Me encantaban las matem\u00e1ticas y era muy bueno. Fui abanderado pero empec\u00e9 a trabajar para ayudar a mi mam\u00e1&#8221;.<\/p><p>\u00bfY de qu\u00e9 pod\u00eda trabajar un ni\u00f1o? &#8220;De lo m\u00e1s simple, pero siempre honrado: trabajar con machete, tapizcar ma\u00edz, frijol, chapear potreros. La gente me daba trabajo&#8221;. A pesar del trabajo, Milton sigui\u00f3 estudiando, pero la situaci\u00f3n econ\u00f3mica no mejor\u00f3.<\/p>\t\t\t\t\t\t\t\t<\/div>\n\t\t\t\t\t<\/div>\n\t\t<\/div>\n\t\t\t\t\t<\/div>\n\t\t<\/section>\n\t\t\t\t<section data-particle_enable=\"false\" data-particle-mobile-disabled=\"false\" class=\"elementor-section elementor-top-section elementor-element elementor-element-759b28f elementor-section-boxed elementor-section-height-default elementor-section-height-default\" data-id=\"759b28f\" data-element_type=\"section\" data-e-type=\"section\">\n\t\t\t\t\t\t<div class=\"elementor-container elementor-column-gap-default\">\n\t\t\t\t\t<div class=\"elementor-column elementor-col-100 elementor-top-column elementor-element elementor-element-9047bec\" data-id=\"9047bec\" data-element_type=\"column\" data-e-type=\"column\">\n\t\t\t<div class=\"elementor-widget-wrap elementor-element-populated\">\n\t\t\t\t\t\t<div class=\"elementor-element elementor-element-44cc9f8 elementor-widget elementor-widget-image\" data-id=\"44cc9f8\" data-element_type=\"widget\" data-e-type=\"widget\" data-widget_type=\"image.default\">\n\t\t\t\t\t\t\t\t\t\t\t\t<figure class=\"wp-caption\">\n\t\t\t\t\t\t\t\t\t\t<img decoding=\"async\" width=\"746\" height=\"507\" src=\"https:\/\/soymigrante.com\/revista\/wp-content\/uploads\/2024\/01\/Captura-de-pantalla-2024-01-11-225532.webp\" class=\"attachment-large size-large wp-image-4374\" alt=\"Saludos, saludos. La importancia del Desarrollo Econ\u00f3mico de los Pueblos Ind\u00edgenas y el an\u00e1lisis del desarrollo econ\u00f3mico desde el enfoque migrante. Respetables autoridades ancestrales y del sistema moderno, tengan ustedes muy buenos d\u00edas. Agradezco la oportunidad de dirigirme a cada una y a cada uno de ustedes hoy. Quiero expresar mi profundo agradecimiento a la ministra de trabajo por esta invitaci\u00f3n y por la confianza. \u00a1Yuj wal tioxh! Obviamente, en 15 minutos se puede decir poco, pero tambi\u00e9n mucho. Hoy, har\u00e9 todo lo posible por exponerles la importancia del Desarrollo Econ\u00f3mico de los Pueblos Ind\u00edgenas. Especialmente porque son las comunidades donde existen los mayores \u00edndices de pobreza y, por ende, donde hay m\u00e1s separaciones de familias que resultan en una migraci\u00f3n forzada en busca de sobrevivencia y bienestar familiar. Algo que, absolutamente, no es sostenible a corto ni largo plazo. Como lo sabemos y como las estad\u00edsticas nos demuestran, los departamentos del occidente son los mayores receptores de remesas familiares, donde existe la mayor poblaci\u00f3n de ind\u00edgenas. Estos son talentos que vamos perdiendo, a veces sin retorno. Pero tambi\u00e9n son estos talentos los que no queremos perder, queremos que florezcan en sus lugares de origen, sin tener que pasar por la penuria migrante y arriesgar sus vidas, como me toc\u00f3 a m\u00ed y a mi familia. Todos somos migrantes de alguna forma, pero salir de tu pa\u00eds hacia un lugar donde eres un indocumentado, donde no hablas el idioma, donde lo que estudiaste no vale de nada\u2026 es un desaf\u00edo que abarca ya a muchos guatemaltecos. Sin embargo, nuestra resiliencia y nuestra herencia milenaria son las herramientas que debemos atesorar. Desde el punto de vista de un migrante, no queremos estar separados de nuestras familias ni de nuestra gente. Esto lo digo basado en mi experiencia personal. Logr\u00e9 extender oportunidades a otros j\u00f3venes fuera de las fronteras de mi pa\u00eds adoptivo y regreso a Guatemala para poder realizar mi sue\u00f1o de vivir all\u00e1 y trabajar aqu\u00ed, demostrando que ir contra la corriente es posible. Hace dos a\u00f1os, despu\u00e9s de haber dirigido mi emprendimiento tecnol\u00f3gico y llevarlo a formar parte de la empresa m\u00e1s grande de publicidad del mundo, tuve la oportunidad de viajar por todo el pa\u00eds, por todos los departamentos y varios municipios. Confirm\u00e9 lo que siempre supe: que Guatemala est\u00e1 llena de talento, que hay creatividad y que las ganas de sobresalir existen. Somos un pa\u00eds donde emprendemos o emprendemos. Donde cada uno de nosotros tiene que crear oportunidades donde no existen. Tambi\u00e9n me di cuenta de que lo \u00fanico que necesitamos es acompa\u00f1amiento y herramientas. Porque las ganas de trabajar, de sobresalir y de crear nuestras propias oportunidades existen, aun ante grandes desaf\u00edos y contra la corriente. El 27 de mayo de 2023, lanzamos el sitio SoyMigrante.com desde Momostenango, Totonicap\u00e1n, en el emprendimiento de un guatemalteco migrante que regres\u00f3 a su tierra para generar oportunidades. Angel Ambrocio, de Momostip\u00e1n, sigue adelante impulsando la buena reposter\u00eda, el servicio de calidad, el caf\u00e9 de excelencia y tambi\u00e9n el arte. Se le toma como producto interno a pesar de que se genera fuera, quiz\u00e1 porque aqu\u00ed se traduce en consumo, compra de alimentos, inversi\u00f3n en construcci\u00f3n, creaci\u00f3n de peque\u00f1os negocios, educaci\u00f3n escolar o universitaria, cultivos y tantos otros usos en los cuales las familias utilizan lo que les env\u00edan mes a mes. El aporte de los migrantes es fundamental para la econom\u00eda guatemalteca, pero los migrantes son mucho m\u00e1s que dinero y, a pesar de ello, no reciben del estado todos los servicios que necesitan y merecen dado su aporte. Cuando alguno de ellos fallece, tienen que pasar semanas, a veces meses, para poder ser repatriados. El storytelling de soymigrante.com es una fase, pero necesitamos generar oportunidades, propiciar una mayor interacci\u00f3n entre los migrantes guatemaltecos y su tierra. Aqu\u00ed en Guatemala hay talleres de artesan\u00eda textil, de madera, de metal, decorativa. Existen muchos negocios aqu\u00ed de los cuales los migrantes ser\u00e1n clientes a trav\u00e9s de Mercado. Mercado es un Marketplace que integrar\u00e1 la econom\u00eda guatemalteca con la estadounidense. Ser\u00e1 un puente para que la fuerza productiva de este pa\u00eds se conecte con la fuerza productiva de los connacionales en Estados Unidos. Despu\u00e9s de ese viaje por todo el pa\u00eds, con mi experiencia en plataformas de grandes empresas, vi la necesidad de exponer esos productos. Hoy, como guatemalteco, como q\u2019anjoba\u2019l, representando a los empresarios en Guatemala y en el exterior, quiero afirmar la importancia del desarrollo econ\u00f3mico desde un enfoque migrante.\" srcset=\"https:\/\/soymigrante.com\/revista\/wp-content\/uploads\/2024\/01\/Captura-de-pantalla-2024-01-11-225532.webp 746w, https:\/\/soymigrante.com\/revista\/wp-content\/uploads\/2024\/01\/Captura-de-pantalla-2024-01-11-225532-300x204.webp 300w\" sizes=\"(max-width: 746px) 100vw, 746px\" title=\"Desde los 10 hasta los 18 a\u00f1os, Milton se dedic\u00f3 a chapear pasto en campos o a tapiscar milpa: cualquier trabajo era bueno para apoyar a su mam\u00e1. Imagen ilustrativa de archivo sobre trabajo agr\u00edcola. \u2013 SoyMigrante.com REVISTA\" \/>\t\t\t\t\t\t\t\t\t\t\t<figcaption class=\"widget-image-caption wp-caption-text\">Desde los 10 hasta los 18 a\u00f1os, Milton se dedic\u00f3 a chapear pasto en campos o a tapiscar milpa: cualquier trabajo era bueno para apoyar a su mam\u00e1. Imagen ilustrativa de archivo sobre trabajo agr\u00edcola.<\/figcaption>\n\t\t\t\t\t\t\t\t\t\t<\/figure>\n\t\t\t\t\t\t\t\t\t<\/div>\n\t\t\t\t\t<\/div>\n\t\t<\/div>\n\t\t\t\t\t<\/div>\n\t\t<\/section>\n\t\t\t\t<section data-particle_enable=\"false\" data-particle-mobile-disabled=\"false\" class=\"elementor-section elementor-top-section elementor-element elementor-element-71008d2 elementor-section-boxed elementor-section-height-default elementor-section-height-default\" data-id=\"71008d2\" data-element_type=\"section\" data-e-type=\"section\">\n\t\t\t\t\t\t<div class=\"elementor-container elementor-column-gap-default\">\n\t\t\t\t\t<div class=\"elementor-column elementor-col-100 elementor-top-column elementor-element elementor-element-1b27b5e\" data-id=\"1b27b5e\" data-element_type=\"column\" data-e-type=\"column\">\n\t\t\t<div class=\"elementor-widget-wrap elementor-element-populated\">\n\t\t\t\t\t\t<div class=\"elementor-element elementor-element-02b2a3c elementor-widget elementor-widget-heading\" data-id=\"02b2a3c\" data-element_type=\"widget\" data-e-type=\"widget\" data-widget_type=\"heading.default\">\n\t\t\t\t\t<h2 class=\"elementor-heading-title elementor-size-default\">Empe\u00f1aron la escritura del terreno<\/h2>\t\t\t\t<\/div>\n\t\t\t\t\t<\/div>\n\t\t<\/div>\n\t\t\t\t\t<\/div>\n\t\t<\/section>\n\t\t\t\t<section data-particle_enable=\"false\" data-particle-mobile-disabled=\"false\" class=\"elementor-section elementor-top-section elementor-element elementor-element-50a5f7e elementor-section-boxed elementor-section-height-default elementor-section-height-default\" data-id=\"50a5f7e\" data-element_type=\"section\" data-e-type=\"section\">\n\t\t\t\t\t\t<div class=\"elementor-container elementor-column-gap-default\">\n\t\t\t\t\t<div class=\"elementor-column elementor-col-100 elementor-top-column elementor-element elementor-element-bdb9394\" data-id=\"bdb9394\" data-element_type=\"column\" data-e-type=\"column\">\n\t\t\t<div class=\"elementor-widget-wrap elementor-element-populated\">\n\t\t\t\t\t\t<div class=\"elementor-element elementor-element-f2d0b40 elementor-widget elementor-widget-text-editor\" data-id=\"f2d0b40\" data-element_type=\"widget\" data-e-type=\"widget\" data-widget_type=\"text-editor.default\">\n\t\t\t\t\t\t\t\t\t<p>La pobreza era agobiante y la falta de oportunidad de trabajo fijo cada vez m\u00e1s desesperante. Corr\u00eda el a\u00f1o 2009 cuando un migrante mand\u00f3 a traer a un hermano menor con un coyote. Llegado el momento del viaje\u00a0 el familiar tuvo miedo y se arrepinti\u00f3. Ya no viajar\u00eda.<\/p><p>\u00a0Milton le habl\u00f3 al paisano en Estados Unidos para que se lo llevara a \u00e9l. Le ofreci\u00f3 pagar el viaje.\u00a0 &#8220;Me dijo, mira, te doy el viaje pero tienen que darme los papeles de la casa como garant\u00eda&#8221;. Sin alternativa, as\u00ed lo hicieron. &#8220;Fue un viaje de 18 d\u00edas, 5 de ellos muy duros, en el desierto&#8221; cuenta.\u00a0<span style=\"color: var( --e-global-color-text );\">Al llegar a LosAngeles hab\u00eda otro desierto mucho m\u00e1s grante, lleno de gente: Milton no\u00a0<\/span><span style=\"color: var( --e-global-color-text );\">ten\u00eda ni un familiar ni conocido all\u00ed. Le habl\u00f3 al coyote si pod\u00eda ayudarlo y le dijo que no.\u00a0<\/span><\/p><p><span style=\"color: var( --e-global-color-text );\">&#8220;Un muchacho que ven\u00eda en el grupo me dijo: viendo tu necesidad, le habl\u00e9 a mi hermano. Te podemos dar un mes para que duermas en su casa, mientras consigues trabajo. Me ayudaron. Eran guatemaltecos. No s\u00e9 como se llamaban, pero eran un hermano y una hermana, guatemaltecos. Creo que eran \u00e1ngeles&#8221;.<\/span><\/p><p>Milton fue al d\u00eda siguiente a la &#8220;parada&#8221;. Asi le dicen al lugar donde migrantes indocumentados se juntan a esperar que alguien los contrate por el d\u00eda. Hizo construcci\u00f3n, mudanzas, de todo un poco.\u00a0<span style=\"color: var( --e-global-color-text );\">&#8220;Un compa\u00f1ero que conoc\u00ed all\u00ed me avis\u00f3: hay trabajo en un restaurante. A m\u00ed no me gusta, dijo \u00e9l, porque uno se la pasa encerrado. Te voy a llevar, prob\u00e1 y si te gusta te quedas&#8221;.\u00a0<\/span><\/p>\t\t\t\t\t\t\t\t<\/div>\n\t\t\t\t\t<\/div>\n\t\t<\/div>\n\t\t\t\t\t<\/div>\n\t\t<\/section>\n\t\t\t\t<section data-particle_enable=\"false\" data-particle-mobile-disabled=\"false\" class=\"elementor-section elementor-top-section elementor-element elementor-element-51bb96b elementor-section-boxed elementor-section-height-default elementor-section-height-default\" data-id=\"51bb96b\" data-element_type=\"section\" data-e-type=\"section\">\n\t\t\t\t\t\t<div class=\"elementor-container elementor-column-gap-default\">\n\t\t\t\t\t<div class=\"elementor-column elementor-col-100 elementor-top-column elementor-element elementor-element-029e13c\" data-id=\"029e13c\" data-element_type=\"column\" data-e-type=\"column\">\n\t\t\t<div class=\"elementor-widget-wrap elementor-element-populated\">\n\t\t\t\t\t\t<div class=\"elementor-element elementor-element-22d8411 elementor-widget elementor-widget-heading\" data-id=\"22d8411\" data-element_type=\"widget\" data-e-type=\"widget\" data-widget_type=\"heading.default\">\n\t\t\t\t\t<h2 class=\"elementor-heading-title elementor-size-default\">\"Pero yo no fui con la mentalidad de probar o de ver si me gustaba...yo fui con la mentalidad de quedarme trabajando, de echarle ganas y salir adelante para ayudar a mi familia y pagar la deuda\": Milton Villeda<\/h2>\t\t\t\t<\/div>\n\t\t\t\t\t<\/div>\n\t\t<\/div>\n\t\t\t\t\t<\/div>\n\t\t<\/section>\n\t\t\t\t<section data-particle_enable=\"false\" data-particle-mobile-disabled=\"false\" class=\"elementor-section elementor-top-section elementor-element elementor-element-8209976 elementor-section-boxed elementor-section-height-default elementor-section-height-default\" data-id=\"8209976\" data-element_type=\"section\" data-e-type=\"section\">\n\t\t\t\t\t\t<div class=\"elementor-container elementor-column-gap-default\">\n\t\t\t\t\t<div class=\"elementor-column elementor-col-100 elementor-top-column elementor-element elementor-element-5c5a4a8\" data-id=\"5c5a4a8\" data-element_type=\"column\" data-e-type=\"column\">\n\t\t\t<div class=\"elementor-widget-wrap elementor-element-populated\">\n\t\t\t\t\t\t<div class=\"elementor-element elementor-element-db3cc89 elementor-widget elementor-widget-text-editor\" data-id=\"db3cc89\" data-element_type=\"widget\" data-e-type=\"widget\" data-widget_type=\"text-editor.default\">\n\t\t\t\t\t\t\t\t\t<p>El due\u00f1o era un migrante japon\u00e9s que ten\u00eda un restaurante coreano. Empec\u00e9 lavando platos. Ocho meses lav\u00e9 platos y hac\u00eda limpieza&#8221;, relata Milton.\u00a0<span style=\"color: var( --e-global-color-text );\">&#8220;Despu\u00e9s pas\u00e9 a preparador: cortaba verduras y ayudaba a preparar alguons platillos.\u00a0<\/span><\/p><p><span style=\"color: var( --e-global-color-text );\">Pero solo fueron dos meses. De ah\u00ed pas\u00e9 a cocinero&#8230; y desde entonces llevo 13 a\u00f1os cocinando. Y desde hace ocho soy tambi\u00e9n soy gerente de los dos restaurantes, el coreano y el\u00a0<\/span><span style=\"color: var( --e-global-color-text );\">\u00a0japon\u00e9s&#8221;<\/span><\/p>\t\t\t\t\t\t\t\t<\/div>\n\t\t\t\t\t<\/div>\n\t\t<\/div>\n\t\t\t\t\t<\/div>\n\t\t<\/section>\n\t\t\t\t<section data-particle_enable=\"false\" data-particle-mobile-disabled=\"false\" class=\"elementor-section elementor-top-section elementor-element elementor-element-32e0237 elementor-section-boxed elementor-section-height-default elementor-section-height-default\" data-id=\"32e0237\" data-element_type=\"section\" data-e-type=\"section\">\n\t\t\t\t\t\t<div class=\"elementor-container elementor-column-gap-default\">\n\t\t\t\t\t<div class=\"elementor-column elementor-col-100 elementor-top-column elementor-element elementor-element-1bdde0d\" data-id=\"1bdde0d\" data-element_type=\"column\" data-e-type=\"column\">\n\t\t\t<div class=\"elementor-widget-wrap elementor-element-populated\">\n\t\t\t\t\t\t<div class=\"elementor-element elementor-element-d9aa80e elementor-widget elementor-widget-image\" data-id=\"d9aa80e\" data-element_type=\"widget\" data-e-type=\"widget\" data-widget_type=\"image.default\">\n\t\t\t\t\t\t\t\t\t\t\t\t<figure class=\"wp-caption\">\n\t\t\t\t\t\t\t\t\t\t<img decoding=\"async\" width=\"600\" height=\"562\" src=\"https:\/\/soymigrante.com\/revista\/wp-content\/uploads\/2024\/01\/miltoniano.webp\" class=\"attachment-large size-large wp-image-4371\" alt=\"\" srcset=\"https:\/\/soymigrante.com\/revista\/wp-content\/uploads\/2024\/01\/miltoniano.webp 600w, https:\/\/soymigrante.com\/revista\/wp-content\/uploads\/2024\/01\/miltoniano-300x281.webp 300w\" sizes=\"(max-width: 600px) 100vw, 600px\" title=\"Milton Villeda, migrante petenero que regresar\u00e1 al pa\u00eds \u2013 SoyMigrante.com REVISTA\" \/>\t\t\t\t\t\t\t\t\t\t\t<figcaption class=\"widget-image-caption wp-caption-text\">Milton Villeda entr\u00f3 a trabajar a un restaurante coreano y despu\u00e9s pas\u00f3 a uno japon\u00e9s, de sushi,. Comenz\u00f3 de lavaplatos pero lleg\u00f3 a ser cocinero y administrador. Ha sido su \u00fanico emple fijo durante 14 a\u00f1os.<\/figcaption>\n\t\t\t\t\t\t\t\t\t\t<\/figure>\n\t\t\t\t\t\t\t\t\t<\/div>\n\t\t\t\t\t<\/div>\n\t\t<\/div>\n\t\t\t\t\t<\/div>\n\t\t<\/section>\n\t\t\t\t<section data-particle_enable=\"false\" data-particle-mobile-disabled=\"false\" class=\"elementor-section elementor-top-section elementor-element elementor-element-ab82708 elementor-section-boxed elementor-section-height-default elementor-section-height-default\" data-id=\"ab82708\" data-element_type=\"section\" data-e-type=\"section\">\n\t\t\t\t\t\t<div class=\"elementor-container elementor-column-gap-default\">\n\t\t\t\t\t<div class=\"elementor-column elementor-col-100 elementor-top-column elementor-element elementor-element-9d14a39\" data-id=\"9d14a39\" data-element_type=\"column\" data-e-type=\"column\">\n\t\t\t<div class=\"elementor-widget-wrap elementor-element-populated\">\n\t\t\t\t\t\t<div class=\"elementor-element elementor-element-606d6da elementor-widget elementor-widget-heading\" data-id=\"606d6da\" data-element_type=\"widget\" data-e-type=\"widget\" data-widget_type=\"heading.default\">\n\t\t\t\t\t<h2 class=\"elementor-heading-title elementor-size-default\">La necesidad es la mejor maestra<\/h2>\t\t\t\t<\/div>\n\t\t\t\t\t<\/div>\n\t\t<\/div>\n\t\t\t\t\t<\/div>\n\t\t<\/section>\n\t\t\t\t<section data-particle_enable=\"false\" data-particle-mobile-disabled=\"false\" class=\"elementor-section elementor-top-section elementor-element elementor-element-a50d10d elementor-section-boxed elementor-section-height-default elementor-section-height-default\" data-id=\"a50d10d\" data-element_type=\"section\" data-e-type=\"section\">\n\t\t\t\t\t\t<div class=\"elementor-container elementor-column-gap-default\">\n\t\t\t\t\t<div class=\"elementor-column elementor-col-100 elementor-top-column elementor-element elementor-element-784b260\" data-id=\"784b260\" data-element_type=\"column\" data-e-type=\"column\">\n\t\t\t<div class=\"elementor-widget-wrap elementor-element-populated\">\n\t\t\t\t\t\t<div class=\"elementor-element elementor-element-0cc3c35 elementor-widget elementor-widget-text-editor\" data-id=\"0cc3c35\" data-element_type=\"widget\" data-e-type=\"widget\" data-widget_type=\"text-editor.default\">\n\t\t\t\t\t\t\t\t\t<p><span style=\"color: var( --e-global-color-text );\">Al preguntarle a Milton c\u00f3mo aprendi\u00f3 la cocina y la saz\u00f3n koreana y japonesa, la respuesta es breve y con una sonrisa: &#8220;Viendo&#8221;.\u00a0\u00a0<\/span><span style=\"color: var( --e-global-color-text );\">En el restaurante coreano, lo recuerda bien: &#8220;Ah\u00ed venden puras sopas. Sopas de res, sopas de pollo, sopas de pescado, sopa de codorniz. Despu\u00e9s, en el japon\u00e9s aprend\u00ed a preparar el sushi, el sahimi, el maki y el nigiri. Trabajo con todo tipo de pescado: at\u00fan aleta azul, at\u00fan aleta amarilla, anguila, salm\u00f3n, albacor (bacalao), camar\u00f3n&#8230;.&#8221;<\/span><\/p>\t\t\t\t\t\t\t\t<\/div>\n\t\t\t\t\t<\/div>\n\t\t<\/div>\n\t\t\t\t\t<\/div>\n\t\t<\/section>\n\t\t\t\t<section data-particle_enable=\"false\" data-particle-mobile-disabled=\"false\" class=\"elementor-section elementor-top-section elementor-element elementor-element-1653340 elementor-section-boxed elementor-section-height-default elementor-section-height-default\" data-id=\"1653340\" data-element_type=\"section\" data-e-type=\"section\">\n\t\t\t\t\t\t<div class=\"elementor-container elementor-column-gap-default\">\n\t\t\t\t\t<div class=\"elementor-column elementor-col-100 elementor-top-column elementor-element elementor-element-1099d95\" data-id=\"1099d95\" data-element_type=\"column\" data-e-type=\"column\">\n\t\t\t<div class=\"elementor-widget-wrap elementor-element-populated\">\n\t\t\t\t\t\t<div class=\"elementor-element elementor-element-b3644fa elementor-widget elementor-widget-heading\" data-id=\"b3644fa\" data-element_type=\"widget\" data-e-type=\"widget\" data-widget_type=\"heading.default\">\n\t\t\t\t\t<h2 class=\"elementor-heading-title elementor-size-default\">Actitud de calidad y calidad de actitud <\/h2>\t\t\t\t<\/div>\n\t\t\t\t\t<\/div>\n\t\t<\/div>\n\t\t\t\t\t<\/div>\n\t\t<\/section>\n\t\t\t\t<section data-particle_enable=\"false\" data-particle-mobile-disabled=\"false\" class=\"elementor-section elementor-top-section elementor-element elementor-element-33671aa elementor-section-boxed elementor-section-height-default elementor-section-height-default\" data-id=\"33671aa\" data-element_type=\"section\" data-e-type=\"section\">\n\t\t\t\t\t\t<div class=\"elementor-container elementor-column-gap-default\">\n\t\t\t\t\t<div class=\"elementor-column elementor-col-100 elementor-top-column elementor-element elementor-element-9037404\" data-id=\"9037404\" data-element_type=\"column\" data-e-type=\"column\">\n\t\t\t<div class=\"elementor-widget-wrap elementor-element-populated\">\n\t\t\t\t\t\t<div class=\"elementor-element elementor-element-76d3725 elementor-widget elementor-widget-text-editor\" data-id=\"76d3725\" data-element_type=\"widget\" data-e-type=\"widget\" data-widget_type=\"text-editor.default\">\n\t\t\t\t\t\t\t\t\t<p><span style=\"color: var( --e-global-color-text );\">Para Milton asumir responsabildiades y retos no es problema, es motivaci\u00f3n. Al preguntarle lo que ha sido clave de su \u00e9xito dice:\u00a0<\/span><\/p><p><span style=\"color: var( --e-global-color-text );\"><b>&#8220;Esa es una pregunta bien importante. Lo primordial, uno tiene que amar su trabajo. Amar lo que hace y ser estricto. Bien estricto con uno mismo. Mis compa\u00f1eros de trabajo, a veces ellos creo que me ven un poco enoj\u00f3n, un poco rega\u00f1\u00f3n, pero es que yo me tomo mi trabajo muy en serio. Que todo est\u00e9 en orden, todo limpio, m\u00e1xime en cocina. Aqu\u00ed en EE.UU. hay mucha supervisi\u00f3n y todo debe estar al 100&#8221;.<\/b><\/span><\/p>\t\t\t\t\t\t\t\t<\/div>\n\t\t\t\t\t<\/div>\n\t\t<\/div>\n\t\t\t\t\t<\/div>\n\t\t<\/section>\n\t\t\t\t<section data-particle_enable=\"false\" data-particle-mobile-disabled=\"false\" class=\"elementor-section elementor-top-section elementor-element elementor-element-9095d4e elementor-section-boxed elementor-section-height-default elementor-section-height-default\" data-id=\"9095d4e\" data-element_type=\"section\" data-e-type=\"section\">\n\t\t\t\t\t\t<div class=\"elementor-container elementor-column-gap-default\">\n\t\t\t\t\t<div class=\"elementor-column elementor-col-100 elementor-top-column elementor-element elementor-element-bd616f0\" data-id=\"bd616f0\" data-element_type=\"column\" data-e-type=\"column\">\n\t\t\t<div class=\"elementor-widget-wrap elementor-element-populated\">\n\t\t\t\t\t\t<div class=\"elementor-element elementor-element-6a71eb6 elementor-widget elementor-widget-heading\" data-id=\"6a71eb6\" data-element_type=\"widget\" data-e-type=\"widget\" data-widget_type=\"heading.default\">\n\t\t\t\t\t<h3 class=\"elementor-heading-title elementor-size-default\">\u00bfAlgo del men\u00fa? <\/h3>\t\t\t\t<\/div>\n\t\t\t\t\t<\/div>\n\t\t<\/div>\n\t\t\t\t\t<\/div>\n\t\t<\/section>\n\t\t\t\t<section data-particle_enable=\"false\" data-particle-mobile-disabled=\"false\" class=\"elementor-section elementor-top-section elementor-element elementor-element-db66a2e elementor-section-boxed elementor-section-height-default elementor-section-height-default\" data-id=\"db66a2e\" data-element_type=\"section\" data-e-type=\"section\">\n\t\t\t\t\t\t<div class=\"elementor-container elementor-column-gap-default\">\n\t\t\t\t\t<div class=\"elementor-column elementor-col-100 elementor-top-column elementor-element elementor-element-4431b33\" data-id=\"4431b33\" data-element_type=\"column\" data-e-type=\"column\">\n\t\t\t<div class=\"elementor-widget-wrap elementor-element-populated\">\n\t\t\t\t\t\t<div class=\"elementor-element elementor-element-f7a460d elementor-arrows-position-inside elementor-pagination-position-outside elementor-widget elementor-widget-image-carousel\" data-id=\"f7a460d\" data-element_type=\"widget\" data-e-type=\"widget\" data-settings=\"{&quot;slides_to_show&quot;:&quot;1&quot;,&quot;navigation&quot;:&quot;both&quot;,&quot;autoplay&quot;:&quot;yes&quot;,&quot;pause_on_hover&quot;:&quot;yes&quot;,&quot;pause_on_interaction&quot;:&quot;yes&quot;,&quot;autoplay_speed&quot;:5000,&quot;infinite&quot;:&quot;yes&quot;,&quot;effect&quot;:&quot;slide&quot;,&quot;speed&quot;:500}\" data-widget_type=\"image-carousel.default\">\n\t\t\t\t\t\t\t<div class=\"elementor-image-carousel-wrapper swiper\" role=\"region\" aria-roledescription=\"carousel\" aria-label=\"Carrusel de im\u00e1genes\" dir=\"ltr\">\n\t\t\t<div class=\"elementor-image-carousel swiper-wrapper\" aria-live=\"off\">\n\t\t\t\t\t\t\t\t<div class=\"swiper-slide\" role=\"group\" aria-roledescription=\"slide\" aria-label=\"1 de 3\"><figure class=\"swiper-slide-inner\"><img decoding=\"async\" class=\"swiper-slide-image\" src=\"https:\/\/soymigrante.com\/revista\/wp-content\/uploads\/2024\/01\/menucin-3-e1705038225441.webp\" alt=\"Saludos, saludos. La importancia del Desarrollo Econ\u00f3mico de los Pueblos Ind\u00edgenas y el an\u00e1lisis del desarrollo econ\u00f3mico desde el enfoque migrante. Respetables autoridades ancestrales y del sistema moderno, tengan ustedes muy buenos d\u00edas. Agradezco la oportunidad de dirigirme a cada una y a cada uno de ustedes hoy. Quiero expresar mi profundo agradecimiento a la ministra de trabajo por esta invitaci\u00f3n y por la confianza. \u00a1Yuj wal tioxh! Obviamente, en 15 minutos se puede decir poco, pero tambi\u00e9n mucho. Hoy, har\u00e9 todo lo posible por exponerles la importancia del Desarrollo Econ\u00f3mico de los Pueblos Ind\u00edgenas. Especialmente porque son las comunidades donde existen los mayores \u00edndices de pobreza y, por ende, donde hay m\u00e1s separaciones de familias que resultan en una migraci\u00f3n forzada en busca de sobrevivencia y bienestar familiar. Algo que, absolutamente, no es sostenible a corto ni largo plazo. Como lo sabemos y como las estad\u00edsticas nos demuestran, los departamentos del occidente son los mayores receptores de remesas familiares, donde existe la mayor poblaci\u00f3n de ind\u00edgenas. Estos son talentos que vamos perdiendo, a veces sin retorno. Pero tambi\u00e9n son estos talentos los que no queremos perder, queremos que florezcan en sus lugares de origen, sin tener que pasar por la penuria migrante y arriesgar sus vidas, como me toc\u00f3 a m\u00ed y a mi familia. Todos somos migrantes de alguna forma, pero salir de tu pa\u00eds hacia un lugar donde eres un indocumentado, donde no hablas el idioma, donde lo que estudiaste no vale de nada\u2026 es un desaf\u00edo que abarca ya a muchos guatemaltecos. Sin embargo, nuestra resiliencia y nuestra herencia milenaria son las herramientas que debemos atesorar. Desde el punto de vista de un migrante, no queremos estar separados de nuestras familias ni de nuestra gente. Esto lo digo basado en mi experiencia personal. Logr\u00e9 extender oportunidades a otros j\u00f3venes fuera de las fronteras de mi pa\u00eds adoptivo y regreso a Guatemala para poder realizar mi sue\u00f1o de vivir all\u00e1 y trabajar aqu\u00ed, demostrando que ir contra la corriente es posible. Hace dos a\u00f1os, despu\u00e9s de haber dirigido mi emprendimiento tecnol\u00f3gico y llevarlo a formar parte de la empresa m\u00e1s grande de publicidad del mundo, tuve la oportunidad de viajar por todo el pa\u00eds, por todos los departamentos y varios municipios. Confirm\u00e9 lo que siempre supe: que Guatemala est\u00e1 llena de talento, que hay creatividad y que las ganas de sobresalir existen. Somos un pa\u00eds donde emprendemos o emprendemos. Donde cada uno de nosotros tiene que crear oportunidades donde no existen. Tambi\u00e9n me di cuenta de que lo \u00fanico que necesitamos es acompa\u00f1amiento y herramientas. Porque las ganas de trabajar, de sobresalir y de crear nuestras propias oportunidades existen, aun ante grandes desaf\u00edos y contra la corriente. El 27 de mayo de 2023, lanzamos el sitio SoyMigrante.com desde Momostenango, Totonicap\u00e1n, en el emprendimiento de un guatemalteco migrante que regres\u00f3 a su tierra para generar oportunidades. Angel Ambrocio, de Momostip\u00e1n, sigue adelante impulsando la buena reposter\u00eda, el servicio de calidad, el caf\u00e9 de excelencia y tambi\u00e9n el arte. Se le toma como producto interno a pesar de que se genera fuera, quiz\u00e1 porque aqu\u00ed se traduce en consumo, compra de alimentos, inversi\u00f3n en construcci\u00f3n, creaci\u00f3n de peque\u00f1os negocios, educaci\u00f3n escolar o universitaria, cultivos y tantos otros usos en los cuales las familias utilizan lo que les env\u00edan mes a mes. El aporte de los migrantes es fundamental para la econom\u00eda guatemalteca, pero los migrantes son mucho m\u00e1s que dinero y, a pesar de ello, no reciben del estado todos los servicios que necesitan y merecen dado su aporte. Cuando alguno de ellos fallece, tienen que pasar semanas, a veces meses, para poder ser repatriados. El storytelling de soymigrante.com es una fase, pero necesitamos generar oportunidades, propiciar una mayor interacci\u00f3n entre los migrantes guatemaltecos y su tierra. Aqu\u00ed en Guatemala hay talleres de artesan\u00eda textil, de madera, de metal, decorativa. Existen muchos negocios aqu\u00ed de los cuales los migrantes ser\u00e1n clientes a trav\u00e9s de Mercado. Mercado es un Marketplace que integrar\u00e1 la econom\u00eda guatemalteca con la estadounidense. Ser\u00e1 un puente para que la fuerza productiva de este pa\u00eds se conecte con la fuerza productiva de los connacionales en Estados Unidos. Despu\u00e9s de ese viaje por todo el pa\u00eds, con mi experiencia en plataformas de grandes empresas, vi la necesidad de exponer esos productos. Hoy, como guatemalteco, como q\u2019anjoba\u2019l, representando a los empresarios en Guatemala y en el exterior, quiero afirmar la importancia del desarrollo econ\u00f3mico desde un enfoque migrante.\" \/><\/figure><\/div><div class=\"swiper-slide\" role=\"group\" aria-roledescription=\"slide\" aria-label=\"2 de 3\"><figure class=\"swiper-slide-inner\"><img decoding=\"async\" class=\"swiper-slide-image\" src=\"https:\/\/soymigrante.com\/revista\/wp-content\/uploads\/2024\/01\/menu-2.webp\" alt=\"Saludos, saludos. La importancia del Desarrollo Econ\u00f3mico de los Pueblos Ind\u00edgenas y el an\u00e1lisis del desarrollo econ\u00f3mico desde el enfoque migrante. Respetables autoridades ancestrales y del sistema moderno, tengan ustedes muy buenos d\u00edas. Agradezco la oportunidad de dirigirme a cada una y a cada uno de ustedes hoy. Quiero expresar mi profundo agradecimiento a la ministra de trabajo por esta invitaci\u00f3n y por la confianza. \u00a1Yuj wal tioxh! Obviamente, en 15 minutos se puede decir poco, pero tambi\u00e9n mucho. Hoy, har\u00e9 todo lo posible por exponerles la importancia del Desarrollo Econ\u00f3mico de los Pueblos Ind\u00edgenas. Especialmente porque son las comunidades donde existen los mayores \u00edndices de pobreza y, por ende, donde hay m\u00e1s separaciones de familias que resultan en una migraci\u00f3n forzada en busca de sobrevivencia y bienestar familiar. Algo que, absolutamente, no es sostenible a corto ni largo plazo. Como lo sabemos y como las estad\u00edsticas nos demuestran, los departamentos del occidente son los mayores receptores de remesas familiares, donde existe la mayor poblaci\u00f3n de ind\u00edgenas. Estos son talentos que vamos perdiendo, a veces sin retorno. Pero tambi\u00e9n son estos talentos los que no queremos perder, queremos que florezcan en sus lugares de origen, sin tener que pasar por la penuria migrante y arriesgar sus vidas, como me toc\u00f3 a m\u00ed y a mi familia. Todos somos migrantes de alguna forma, pero salir de tu pa\u00eds hacia un lugar donde eres un indocumentado, donde no hablas el idioma, donde lo que estudiaste no vale de nada\u2026 es un desaf\u00edo que abarca ya a muchos guatemaltecos. Sin embargo, nuestra resiliencia y nuestra herencia milenaria son las herramientas que debemos atesorar. Desde el punto de vista de un migrante, no queremos estar separados de nuestras familias ni de nuestra gente. Esto lo digo basado en mi experiencia personal. Logr\u00e9 extender oportunidades a otros j\u00f3venes fuera de las fronteras de mi pa\u00eds adoptivo y regreso a Guatemala para poder realizar mi sue\u00f1o de vivir all\u00e1 y trabajar aqu\u00ed, demostrando que ir contra la corriente es posible. Hace dos a\u00f1os, despu\u00e9s de haber dirigido mi emprendimiento tecnol\u00f3gico y llevarlo a formar parte de la empresa m\u00e1s grande de publicidad del mundo, tuve la oportunidad de viajar por todo el pa\u00eds, por todos los departamentos y varios municipios. Confirm\u00e9 lo que siempre supe: que Guatemala est\u00e1 llena de talento, que hay creatividad y que las ganas de sobresalir existen. Somos un pa\u00eds donde emprendemos o emprendemos. Donde cada uno de nosotros tiene que crear oportunidades donde no existen. Tambi\u00e9n me di cuenta de que lo \u00fanico que necesitamos es acompa\u00f1amiento y herramientas. Porque las ganas de trabajar, de sobresalir y de crear nuestras propias oportunidades existen, aun ante grandes desaf\u00edos y contra la corriente. El 27 de mayo de 2023, lanzamos el sitio SoyMigrante.com desde Momostenango, Totonicap\u00e1n, en el emprendimiento de un guatemalteco migrante que regres\u00f3 a su tierra para generar oportunidades. Angel Ambrocio, de Momostip\u00e1n, sigue adelante impulsando la buena reposter\u00eda, el servicio de calidad, el caf\u00e9 de excelencia y tambi\u00e9n el arte. Se le toma como producto interno a pesar de que se genera fuera, quiz\u00e1 porque aqu\u00ed se traduce en consumo, compra de alimentos, inversi\u00f3n en construcci\u00f3n, creaci\u00f3n de peque\u00f1os negocios, educaci\u00f3n escolar o universitaria, cultivos y tantos otros usos en los cuales las familias utilizan lo que les env\u00edan mes a mes. El aporte de los migrantes es fundamental para la econom\u00eda guatemalteca, pero los migrantes son mucho m\u00e1s que dinero y, a pesar de ello, no reciben del estado todos los servicios que necesitan y merecen dado su aporte. Cuando alguno de ellos fallece, tienen que pasar semanas, a veces meses, para poder ser repatriados. El storytelling de soymigrante.com es una fase, pero necesitamos generar oportunidades, propiciar una mayor interacci\u00f3n entre los migrantes guatemaltecos y su tierra. Aqu\u00ed en Guatemala hay talleres de artesan\u00eda textil, de madera, de metal, decorativa. Existen muchos negocios aqu\u00ed de los cuales los migrantes ser\u00e1n clientes a trav\u00e9s de Mercado. Mercado es un Marketplace que integrar\u00e1 la econom\u00eda guatemalteca con la estadounidense. Ser\u00e1 un puente para que la fuerza productiva de este pa\u00eds se conecte con la fuerza productiva de los connacionales en Estados Unidos. Despu\u00e9s de ese viaje por todo el pa\u00eds, con mi experiencia en plataformas de grandes empresas, vi la necesidad de exponer esos productos. Hoy, como guatemalteco, como q\u2019anjoba\u2019l, representando a los empresarios en Guatemala y en el exterior, quiero afirmar la importancia del desarrollo econ\u00f3mico desde un enfoque migrante.\" \/><\/figure><\/div><div class=\"swiper-slide\" role=\"group\" aria-roledescription=\"slide\" aria-label=\"3 de 3\"><figure class=\"swiper-slide-inner\"><img decoding=\"async\" class=\"swiper-slide-image\" src=\"https:\/\/soymigrante.com\/revista\/wp-content\/uploads\/2024\/01\/menu-sushi-1.webp\" alt=\"Saludos, saludos. La importancia del Desarrollo Econ\u00f3mico de los Pueblos Ind\u00edgenas y el an\u00e1lisis del desarrollo econ\u00f3mico desde el enfoque migrante. Respetables autoridades ancestrales y del sistema moderno, tengan ustedes muy buenos d\u00edas. Agradezco la oportunidad de dirigirme a cada una y a cada uno de ustedes hoy. Quiero expresar mi profundo agradecimiento a la ministra de trabajo por esta invitaci\u00f3n y por la confianza. \u00a1Yuj wal tioxh! Obviamente, en 15 minutos se puede decir poco, pero tambi\u00e9n mucho. Hoy, har\u00e9 todo lo posible por exponerles la importancia del Desarrollo Econ\u00f3mico de los Pueblos Ind\u00edgenas. Especialmente porque son las comunidades donde existen los mayores \u00edndices de pobreza y, por ende, donde hay m\u00e1s separaciones de familias que resultan en una migraci\u00f3n forzada en busca de sobrevivencia y bienestar familiar. Algo que, absolutamente, no es sostenible a corto ni largo plazo. Como lo sabemos y como las estad\u00edsticas nos demuestran, los departamentos del occidente son los mayores receptores de remesas familiares, donde existe la mayor poblaci\u00f3n de ind\u00edgenas. Estos son talentos que vamos perdiendo, a veces sin retorno. Pero tambi\u00e9n son estos talentos los que no queremos perder, queremos que florezcan en sus lugares de origen, sin tener que pasar por la penuria migrante y arriesgar sus vidas, como me toc\u00f3 a m\u00ed y a mi familia. Todos somos migrantes de alguna forma, pero salir de tu pa\u00eds hacia un lugar donde eres un indocumentado, donde no hablas el idioma, donde lo que estudiaste no vale de nada\u2026 es un desaf\u00edo que abarca ya a muchos guatemaltecos. Sin embargo, nuestra resiliencia y nuestra herencia milenaria son las herramientas que debemos atesorar. Desde el punto de vista de un migrante, no queremos estar separados de nuestras familias ni de nuestra gente. Esto lo digo basado en mi experiencia personal. Logr\u00e9 extender oportunidades a otros j\u00f3venes fuera de las fronteras de mi pa\u00eds adoptivo y regreso a Guatemala para poder realizar mi sue\u00f1o de vivir all\u00e1 y trabajar aqu\u00ed, demostrando que ir contra la corriente es posible. Hace dos a\u00f1os, despu\u00e9s de haber dirigido mi emprendimiento tecnol\u00f3gico y llevarlo a formar parte de la empresa m\u00e1s grande de publicidad del mundo, tuve la oportunidad de viajar por todo el pa\u00eds, por todos los departamentos y varios municipios. Confirm\u00e9 lo que siempre supe: que Guatemala est\u00e1 llena de talento, que hay creatividad y que las ganas de sobresalir existen. Somos un pa\u00eds donde emprendemos o emprendemos. Donde cada uno de nosotros tiene que crear oportunidades donde no existen. Tambi\u00e9n me di cuenta de que lo \u00fanico que necesitamos es acompa\u00f1amiento y herramientas. Porque las ganas de trabajar, de sobresalir y de crear nuestras propias oportunidades existen, aun ante grandes desaf\u00edos y contra la corriente. El 27 de mayo de 2023, lanzamos el sitio SoyMigrante.com desde Momostenango, Totonicap\u00e1n, en el emprendimiento de un guatemalteco migrante que regres\u00f3 a su tierra para generar oportunidades. Angel Ambrocio, de Momostip\u00e1n, sigue adelante impulsando la buena reposter\u00eda, el servicio de calidad, el caf\u00e9 de excelencia y tambi\u00e9n el arte. Se le toma como producto interno a pesar de que se genera fuera, quiz\u00e1 porque aqu\u00ed se traduce en consumo, compra de alimentos, inversi\u00f3n en construcci\u00f3n, creaci\u00f3n de peque\u00f1os negocios, educaci\u00f3n escolar o universitaria, cultivos y tantos otros usos en los cuales las familias utilizan lo que les env\u00edan mes a mes. El aporte de los migrantes es fundamental para la econom\u00eda guatemalteca, pero los migrantes son mucho m\u00e1s que dinero y, a pesar de ello, no reciben del estado todos los servicios que necesitan y merecen dado su aporte. Cuando alguno de ellos fallece, tienen que pasar semanas, a veces meses, para poder ser repatriados. El storytelling de soymigrante.com es una fase, pero necesitamos generar oportunidades, propiciar una mayor interacci\u00f3n entre los migrantes guatemaltecos y su tierra. Aqu\u00ed en Guatemala hay talleres de artesan\u00eda textil, de madera, de metal, decorativa. Existen muchos negocios aqu\u00ed de los cuales los migrantes ser\u00e1n clientes a trav\u00e9s de Mercado. Mercado es un Marketplace que integrar\u00e1 la econom\u00eda guatemalteca con la estadounidense. Ser\u00e1 un puente para que la fuerza productiva de este pa\u00eds se conecte con la fuerza productiva de los connacionales en Estados Unidos. Despu\u00e9s de ese viaje por todo el pa\u00eds, con mi experiencia en plataformas de grandes empresas, vi la necesidad de exponer esos productos. Hoy, como guatemalteco, como q\u2019anjoba\u2019l, representando a los empresarios en Guatemala y en el exterior, quiero afirmar la importancia del desarrollo econ\u00f3mico desde un enfoque migrante.\" \/><\/figure><\/div>\t\t\t<\/div>\n\t\t\t\t\t\t\t\t\t\t\t\t<div class=\"elementor-swiper-button elementor-swiper-button-prev\" role=\"button\" tabindex=\"0\">\n\t\t\t\t\t\t<i aria-hidden=\"true\" class=\"eicon-chevron-left\"><\/i>\t\t\t\t\t<\/div>\n\t\t\t\t\t<div class=\"elementor-swiper-button elementor-swiper-button-next\" role=\"button\" tabindex=\"0\">\n\t\t\t\t\t\t<i aria-hidden=\"true\" class=\"eicon-chevron-right\"><\/i>\t\t\t\t\t<\/div>\n\t\t\t\t\n\t\t\t\t\t\t\t\t\t<div class=\"swiper-pagination\"><\/div>\n\t\t\t\t\t\t\t\t\t<\/div>\n\t\t\t\t\t\t<\/div>\n\t\t\t\t\t<\/div>\n\t\t<\/div>\n\t\t\t\t\t<\/div>\n\t\t<\/section>\n\t\t\t\t<section data-particle_enable=\"false\" data-particle-mobile-disabled=\"false\" class=\"elementor-section elementor-top-section elementor-element elementor-element-8dcc7fb elementor-section-boxed elementor-section-height-default elementor-section-height-default\" data-id=\"8dcc7fb\" data-element_type=\"section\" data-e-type=\"section\">\n\t\t\t\t\t\t<div class=\"elementor-container elementor-column-gap-default\">\n\t\t\t\t\t<div class=\"elementor-column elementor-col-100 elementor-top-column elementor-element elementor-element-83bb6d5\" data-id=\"83bb6d5\" data-element_type=\"column\" data-e-type=\"column\">\n\t\t\t<div class=\"elementor-widget-wrap elementor-element-populated\">\n\t\t\t\t\t\t<div class=\"elementor-element elementor-element-7561493 elementor-widget elementor-widget-heading\" data-id=\"7561493\" data-element_type=\"widget\" data-e-type=\"widget\" data-widget_type=\"heading.default\">\n\t\t\t\t\t<h2 class=\"elementor-heading-title elementor-size-default\">Lleg\u00f3 un 14 hace 14 a\u00f1os<\/h2>\t\t\t\t<\/div>\n\t\t\t\t\t<\/div>\n\t\t<\/div>\n\t\t\t\t\t<\/div>\n\t\t<\/section>\n\t\t\t\t<section data-particle_enable=\"false\" data-particle-mobile-disabled=\"false\" class=\"elementor-section elementor-top-section elementor-element elementor-element-7393a18 elementor-section-boxed elementor-section-height-default elementor-section-height-default\" data-id=\"7393a18\" data-element_type=\"section\" data-e-type=\"section\">\n\t\t\t\t\t\t<div class=\"elementor-container elementor-column-gap-default\">\n\t\t\t\t\t<div class=\"elementor-column elementor-col-100 elementor-top-column elementor-element elementor-element-a78066e\" data-id=\"a78066e\" data-element_type=\"column\" data-e-type=\"column\">\n\t\t\t<div class=\"elementor-widget-wrap elementor-element-populated\">\n\t\t\t\t\t\t<div class=\"elementor-element elementor-element-5a42716 elementor-widget elementor-widget-text-editor\" data-id=\"5a42716\" data-element_type=\"widget\" data-e-type=\"widget\" data-widget_type=\"text-editor.default\">\n\t\t\t\t\t\t\t\t\t<p><span style=\"color: var( --e-global-color-text );\">Milton Villera recuerda aquel d\u00eda que lleg\u00f3 a Los Angeles, sin conocer a nadie. &#8220;Era 14 de febrero, el d\u00eda del cari\u00f1o, del amor. Recuerdo que prest\u00e9 un tel\u00e9fono y me regalaron 2 minutos. Mi mam\u00e1 no ten\u00eda tel\u00e9fono en Pet\u00e9n, llam\u00e9 a una t\u00eda. para qvisar que estaba ac\u00e1 gracias a Dios&#8221;.\u00a0<\/span><\/p><p><span style=\"color: var( --e-global-color-text );\">14 a\u00f1os pasaron lento y pasaron volando.\u00a0<\/span><span style=\"color: var( --e-global-color-text );\">Milton planea retornar a Guatemala, a su pueblo para emprender un nuevo sue\u00f1o: cumplir una palabra de amor: &#8220;Cuando yo me vine, dej\u00e9 a alguien especial en mi pueblo. Hemos seguido hablando durante estos a\u00f1os y ella dijo que me iba a esperar.\u00a0 Y hasta la fecha me est\u00e1 esperando. Y primeramente Dios con ella me voy a casar. Adem\u00e1s yo ya compl\u00ed mi ciclo, saqu\u00e9 adelante a mis hermanos, ya pueden trabajar y defenderse&#8221; afirma.<\/span><\/p>\t\t\t\t\t\t\t\t<\/div>\n\t\t\t\t\t<\/div>\n\t\t<\/div>\n\t\t\t\t\t<\/div>\n\t\t<\/section>\n\t\t\t\t<section data-particle_enable=\"false\" data-particle-mobile-disabled=\"false\" class=\"elementor-section elementor-top-section elementor-element elementor-element-36b161a elementor-section-boxed elementor-section-height-default elementor-section-height-default\" data-id=\"36b161a\" data-element_type=\"section\" data-e-type=\"section\">\n\t\t\t\t\t\t<div class=\"elementor-container elementor-column-gap-default\">\n\t\t\t\t\t<div class=\"elementor-column elementor-col-100 elementor-top-column elementor-element elementor-element-0a9f72c\" data-id=\"0a9f72c\" data-element_type=\"column\" data-e-type=\"column\">\n\t\t\t<div class=\"elementor-widget-wrap elementor-element-populated\">\n\t\t\t\t\t\t<div class=\"elementor-element elementor-element-fc3d86b elementor-widget elementor-widget-google_maps\" data-id=\"fc3d86b\" data-element_type=\"widget\" data-e-type=\"widget\" data-widget_type=\"google_maps.default\">\n\t\t\t\t\t\t\t<div class=\"elementor-custom-embed\">\n\t\t\t<iframe loading=\"lazy\"\n\t\t\t\t\tsrc=\"https:\/\/maps.google.com\/maps?q=shushi%20bar%20grill%20perris&#038;t=m&#038;z=10&#038;output=embed&#038;iwloc=near\"\n\t\t\t\t\ttitle=\"shushi bar grill perris\"\n\t\t\t\t\taria-label=\"shushi bar grill perris\"\n\t\t\t><\/iframe>\n\t\t<\/div>\n\t\t\t\t\t\t<\/div>\n\t\t\t\t\t<\/div>\n\t\t<\/div>\n\t\t\t\t\t<\/div>\n\t\t<\/section>\n\t\t\t\t<section data-particle_enable=\"false\" data-particle-mobile-disabled=\"false\" class=\"elementor-section elementor-top-section elementor-element elementor-element-21d21e6 elementor-section-boxed elementor-section-height-default elementor-section-height-default\" data-id=\"21d21e6\" data-element_type=\"section\" data-e-type=\"section\">\n\t\t\t\t\t\t<div class=\"elementor-container elementor-column-gap-default\">\n\t\t\t\t\t<div class=\"elementor-column elementor-col-100 elementor-top-column elementor-element elementor-element-6f3998e\" data-id=\"6f3998e\" data-element_type=\"column\" data-e-type=\"column\">\n\t\t\t<div class=\"elementor-widget-wrap elementor-element-populated\">\n\t\t\t\t\t\t<div class=\"elementor-element elementor-element-c57fa22 elementor-widget elementor-widget-text-editor\" data-id=\"c57fa22\" data-element_type=\"widget\" data-e-type=\"widget\" data-widget_type=\"text-editor.default\">\n\t\t\t\t\t\t\t\t\t<p>Si alg\u00fan compatriota guatemalteco quiere ir al restaurante donde labora\u00a0 Milton para conocerlo y felicitarlo, est\u00e1 en la ciudad de Perris,. California.<\/p>\t\t\t\t\t\t\t\t<\/div>\n\t\t\t\t\t<\/div>\n\t\t<\/div>\n\t\t\t\t\t<\/div>\n\t\t<\/section>\n\t\t\t\t<section data-particle_enable=\"false\" data-particle-mobile-disabled=\"false\" class=\"elementor-section elementor-top-section elementor-element elementor-element-d0d573a elementor-section-boxed elementor-section-height-default elementor-section-height-default\" data-id=\"d0d573a\" data-element_type=\"section\" data-e-type=\"section\">\n\t\t\t\t\t\t<div class=\"elementor-container elementor-column-gap-default\">\n\t\t\t\t\t<div class=\"elementor-column elementor-col-100 elementor-top-column elementor-element elementor-element-3c0fb50\" data-id=\"3c0fb50\" data-element_type=\"column\" data-e-type=\"column\">\n\t\t\t<div class=\"elementor-widget-wrap elementor-element-populated\">\n\t\t\t\t\t\t<div class=\"elementor-element elementor-element-8e25d5f elementor-widget elementor-widget-heading\" data-id=\"8e25d5f\" data-element_type=\"widget\" data-e-type=\"widget\" data-widget_type=\"heading.default\">\n\t\t\t\t\t<h2 class=\"elementor-heading-title elementor-size-default\">\"Se\u00f1or, solo te pido una oportunidad\"<\/h2>\t\t\t\t<\/div>\n\t\t\t\t\t<\/div>\n\t\t<\/div>\n\t\t\t\t\t<\/div>\n\t\t<\/section>\n\t\t\t\t<section data-particle_enable=\"false\" data-particle-mobile-disabled=\"false\" class=\"elementor-section elementor-top-section elementor-element elementor-element-9d0677d elementor-section-boxed elementor-section-height-default elementor-section-height-default\" data-id=\"9d0677d\" data-element_type=\"section\" data-e-type=\"section\">\n\t\t\t\t\t\t<div class=\"elementor-container elementor-column-gap-default\">\n\t\t\t\t\t<div class=\"elementor-column elementor-col-100 elementor-top-column elementor-element elementor-element-dbec076\" data-id=\"dbec076\" data-element_type=\"column\" data-e-type=\"column\">\n\t\t\t<div class=\"elementor-widget-wrap elementor-element-populated\">\n\t\t\t\t\t\t<div class=\"elementor-element elementor-element-6efbf57 elementor-widget elementor-widget-text-editor\" data-id=\"6efbf57\" data-element_type=\"widget\" data-e-type=\"widget\" data-widget_type=\"text-editor.default\">\n\t\t\t\t\t\t\t\t\t<p><span style=\"color: var( --e-global-color-text );\">El d\u00eda que sali\u00f3 de su aldea, Milt\u00f3n or\u00f3. &#8220;Recuerdo que le dije a Dios: Se\u00f1or yo no te pido una casa, solo te pido una oportunidad de llegar a EE.UU para hacer crecer a mis hermanos. Yo miraba el hambre que pas\u00e1bamos&#8230; Y hasta aqu\u00ed Dios no me ha fallado. Tengo mi casa, tengo mi negocio y tengo proyectos para salir adelante y generar oportunidades&#8221;.<\/span><\/p><p><span style=\"color: var( --e-global-color-text );\">&#8211;<i>Bueno Milton entonces, cuando vengas a Guatemala me invitas a la boda<br><\/i><\/span><span style=\"color: var( --e-global-color-text );\"><i>-Don Gustavo, si usted est\u00e1 dispuesto a ir a la boda, lo invito a la boda. Porque si uno tiene un sue\u00f1o hay que luchar, trabajar, esporzarse y ese sue\u00f1o se va a cumplir.<\/i><\/span><\/p>\t\t\t\t\t\t\t\t<\/div>\n\t\t\t\t\t<\/div>\n\t\t<\/div>\n\t\t\t\t\t<\/div>\n\t\t<\/section>\n\t\t\t\t<section data-particle_enable=\"false\" data-particle-mobile-disabled=\"false\" class=\"elementor-section elementor-top-section elementor-element elementor-element-16f5039 elementor-section-boxed elementor-section-height-default elementor-section-height-default\" data-id=\"16f5039\" data-element_type=\"section\" data-e-type=\"section\">\n\t\t\t\t\t\t<div class=\"elementor-container elementor-column-gap-default\">\n\t\t\t\t\t<div class=\"elementor-column elementor-col-100 elementor-top-column elementor-element elementor-element-d33786a\" data-id=\"d33786a\" data-element_type=\"column\" data-e-type=\"column\">\n\t\t\t<div class=\"elementor-widget-wrap elementor-element-populated\">\n\t\t\t\t\t\t<div class=\"elementor-element elementor-element-ed70d31 elementor-widget elementor-widget-heading\" data-id=\"ed70d31\" data-element_type=\"widget\" data-e-type=\"widget\" data-widget_type=\"heading.default\">\n\t\t\t\t\t<h2 class=\"elementor-heading-title elementor-size-default\">En SoyMigrante estamos para servirte <\/h2>\t\t\t\t<\/div>\n\t\t\t\t\t<\/div>\n\t\t<\/div>\n\t\t\t\t\t<\/div>\n\t\t<\/section>\n\t\t\t\t<section data-particle_enable=\"false\" data-particle-mobile-disabled=\"false\" class=\"elementor-section elementor-top-section elementor-element elementor-element-14439db elementor-section-boxed elementor-section-height-default elementor-section-height-default\" data-id=\"14439db\" data-element_type=\"section\" data-e-type=\"section\">\n\t\t\t\t\t\t<div class=\"elementor-container elementor-column-gap-default\">\n\t\t\t\t\t<div class=\"elementor-column elementor-col-100 elementor-top-column elementor-element elementor-element-b1649bb\" data-id=\"b1649bb\" data-element_type=\"column\" data-e-type=\"column\">\n\t\t\t<div class=\"elementor-widget-wrap elementor-element-populated\">\n\t\t\t\t\t\t<div class=\"elementor-element elementor-element-956bf32 elementor-widget elementor-widget-blfe-post-grid\" data-id=\"956bf32\" data-element_type=\"widget\" data-e-type=\"widget\" data-settings=\"{&quot;columns&quot;:&quot;3&quot;,&quot;columns_tablet&quot;:&quot;6&quot;,&quot;columns_mobile&quot;:&quot;12&quot;,&quot;hero1_layout_column_gap&quot;:{&quot;unit&quot;:&quot;px&quot;,&quot;size&quot;:30,&quot;sizes&quot;:[]},&quot;hero1_layout_column_gap_tablet&quot;:{&quot;unit&quot;:&quot;px&quot;,&quot;size&quot;:&quot;&quot;,&quot;sizes&quot;:[]},&quot;hero1_layout_column_gap_mobile&quot;:{&quot;unit&quot;:&quot;px&quot;,&quot;size&quot;:&quot;&quot;,&quot;sizes&quot;:[]},&quot;hero1_layout_row_gap&quot;:{&quot;unit&quot;:&quot;px&quot;,&quot;size&quot;:30,&quot;sizes&quot;:[]},&quot;hero1_layout_row_gap_tablet&quot;:{&quot;unit&quot;:&quot;px&quot;,&quot;size&quot;:&quot;&quot;,&quot;sizes&quot;:[]},&quot;hero1_layout_row_gap_mobile&quot;:{&quot;unit&quot;:&quot;px&quot;,&quot;size&quot;:&quot;&quot;,&quot;sizes&quot;:[]}}\" data-widget_type=\"blfe-post-grid.hero1\">\n\t\t\t\t<div class=\"elementor-widget-container\">\n\t\t\t\t\t\n                        <div class=\"blfe-post-grid-container \">\n            \n                <div data-skin=\"hero1\" class=\"blfe-row blfe-posts-inner blfe-hero1 blfe-posts-inner blfe-col-3 blfe-col-tab-6 blfe-col-mob-12     \">\n                            <div class=\"blfe-post-grid-item\">\n            <div class=\"blfe-post-grid-item-inner blfe-modern-zoom\">\n                        <div class=\"blfe-post-grid-bg-image\">\n            <a class=\"blfe-post-grid-image-inner\" href=\"https:\/\/soymigrante.com\/revista\/miss-gualan-usa-coronacion-imprevisto-guatemaltecos-en-estados-unidos-union-abril-2026\/\" title=\"Un imprevisto en la coronaci\u00f3n de Miss Gualan U.S.A. 2026 en Los Angeles hizo brillar la uni\u00f3n guatemalteca\" rel=\"nofollow\" target=\"_blank\"><img decoding=\"async\" src=\"https:\/\/soymigrante.com\/revista\/wp-content\/uploads\/2026\/04\/guatemaltecos-en-Estados-Unidos-miss-gualan-USA-coronacion-5.jpg\" alt=\"Un imprevisto en la coronaci\u00f3n de Miss Gualan U.S.A. 2026 en Los Angeles hizo brillar la uni\u00f3n guatemalteca\"\/><\/a>        <\/div>\n                        <div class=\"blfe-post-grid-details\">\n                    <div class=\"blfe-post-grid-details-inner\">\n                        <span class=\"blfe-post-category\"><a href=\"https:\/\/soymigrante.com\/revista\/category\/estamos-unidos\/\">Estamos Unidos<\/a><\/span>                        <h3 class=\"blfe-post-grid-title\">\n            <a href=\"https:\/\/soymigrante.com\/revista\/miss-gualan-usa-coronacion-imprevisto-guatemaltecos-en-estados-unidos-union-abril-2026\/\" title=\"Un imprevisto en la coronaci\u00f3n de Miss Gualan U.S.A. 2026 en Los Angeles hizo brillar la uni\u00f3n guatemalteca\" rel=\"nofollow\" target=\"_blank\">Un imprevisto en la coronaci\u00f3n de Miss Gualan U.S.A. 2026 en Los Angeles hizo brillar la uni\u00f3n guatemalteca<\/a>\n            <\/h3>                                                            <div class=\"blfe-post-grid-meta\">\n                <span class=\"blfe-post-grid-author\"><i class=\"fa fa-user far fa-user\"><\/i>by <a href=\"https:\/\/soymigrante.com\/revista\/author\/soymigrante\/\">SoyMigrante.com REVISTA<\/a><\/span>                    <div class=\"blfe-post-meta-dot\"><\/div>\n                    <span class=\"blfe-post-grid-date\"><i class=\"fa fa-calendar-alt far fa-calendar-alt\"><\/i>27\/04\/2026<\/span>                    <div class=\"blfe-post-meta-dot\"><\/div>\n                                <\/div>\n                                                        <\/div>\n                <\/div>\n\n            <\/div>\n        <\/div>\n                <div class=\"blfe-post-grid-item\">\n            <div class=\"blfe-post-grid-item-inner blfe-modern-zoom\">\n                        <div class=\"blfe-post-grid-bg-image\">\n            <a class=\"blfe-post-grid-image-inner\" href=\"https:\/\/soymigrante.com\/revista\/cantautora-migrante-guatemalteca-wendy-dgi-crea-cancion-desafiante-la-envidia\/\" title=\"&#8220;La Envidia&#8221;: cantautora migrante guatemalteca Wendy DGi crea una canci\u00f3n desafiante\" rel=\"nofollow\" target=\"_blank\"><img decoding=\"async\" src=\"https:\/\/soymigrante.com\/revista\/wp-content\/uploads\/2026\/04\/wendy-DGi-cantautora-migrante-guatemalteca-en-nueva-york-copia.jpg\" alt=\"&#8220;La Envidia&#8221;: cantautora migrante guatemalteca Wendy DGi crea una canci\u00f3n desafiante\"\/><\/a>        <\/div>\n                        <div class=\"blfe-post-grid-details\">\n                    <div class=\"blfe-post-grid-details-inner\">\n                        <span class=\"blfe-post-category\"><a href=\"https:\/\/soymigrante.com\/revista\/category\/estamos-unidos\/lugar-de-voces\/\">Lugar de Voces<\/a><\/span>                        <h3 class=\"blfe-post-grid-title\">\n            <a href=\"https:\/\/soymigrante.com\/revista\/cantautora-migrante-guatemalteca-wendy-dgi-crea-cancion-desafiante-la-envidia\/\" title=\"&#8220;La Envidia&#8221;: cantautora migrante guatemalteca Wendy DGi crea una canci\u00f3n desafiante\" rel=\"nofollow\" target=\"_blank\">&#8220;La Envidia&#8221;: cantautora migrante guatemalteca Wendy DGi crea una canci\u00f3n desafiante<\/a>\n            <\/h3>                                                            <div class=\"blfe-post-grid-meta\">\n                <span class=\"blfe-post-grid-author\"><i class=\"fa fa-user far fa-user\"><\/i>by <a href=\"https:\/\/soymigrante.com\/revista\/author\/soymigrante\/\">SoyMigrante.com REVISTA<\/a><\/span>                    <div class=\"blfe-post-meta-dot\"><\/div>\n                    <span class=\"blfe-post-grid-date\"><i class=\"fa fa-calendar-alt far fa-calendar-alt\"><\/i>24\/04\/2026<\/span>                    <div class=\"blfe-post-meta-dot\"><\/div>\n                                <\/div>\n                                                        <\/div>\n                <\/div>\n\n            <\/div>\n        <\/div>\n                <div class=\"blfe-post-grid-item\">\n            <div class=\"blfe-post-grid-item-inner blfe-modern-zoom\">\n                        <div class=\"blfe-post-grid-bg-image\">\n            <a class=\"blfe-post-grid-image-inner\" href=\"https:\/\/soymigrante.com\/revista\/donacion-migrante-de-equipo-y-capacitacion-desde-nueva-york-fortalece-a-bomberos-de-quetzaltenango\/\" title=\"Donaci\u00f3n migrante de equipo y capacitaci\u00f3n desde Nueva York fortalece a bomberos de Quetzaltenango\" rel=\"nofollow\" target=\"_blank\"><img decoding=\"async\" src=\"https:\/\/soymigrante.com\/revista\/wp-content\/uploads\/2026\/04\/guatemaltecos-en-estados-unidos-migrantes-donacion-a-bomberos-quezaltenango-fundacion-911-ddf.png\" alt=\"Donaci\u00f3n migrante de equipo y capacitaci\u00f3n desde Nueva York fortalece a bomberos de Quetzaltenango\"\/><\/a>        <\/div>\n                        <div class=\"blfe-post-grid-details\">\n                    <div class=\"blfe-post-grid-details-inner\">\n                        <span class=\"blfe-post-category\"><a href=\"https:\/\/soymigrante.com\/revista\/category\/estamos-unidos\/\">Estamos Unidos<\/a><\/span>                        <h3 class=\"blfe-post-grid-title\">\n            <a href=\"https:\/\/soymigrante.com\/revista\/donacion-migrante-de-equipo-y-capacitacion-desde-nueva-york-fortalece-a-bomberos-de-quetzaltenango\/\" title=\"Donaci\u00f3n migrante de equipo y capacitaci\u00f3n desde Nueva York fortalece a bomberos de Quetzaltenango\" rel=\"nofollow\" target=\"_blank\">Donaci\u00f3n migrante de equipo y capacitaci\u00f3n desde Nueva York fortalece a bomberos de Quetzaltenango<\/a>\n            <\/h3>                                                            <div class=\"blfe-post-grid-meta\">\n                <span class=\"blfe-post-grid-author\"><i class=\"fa fa-user far fa-user\"><\/i>by <a href=\"https:\/\/soymigrante.com\/revista\/author\/gustavo\/\">Gustavo Montenegro<\/a><\/span>                    <div class=\"blfe-post-meta-dot\"><\/div>\n                    <span class=\"blfe-post-grid-date\"><i class=\"fa fa-calendar-alt far fa-calendar-alt\"><\/i>24\/04\/2026<\/span>                    <div class=\"blfe-post-meta-dot\"><\/div>\n                                <\/div>\n                                                        <\/div>\n                <\/div>\n\n            <\/div>\n        <\/div>\n                        <\/div>\n\n                        <\/div>\n            \n                        <div class=\"blfe-post-footer\">\n                        <\/div>\n            \t\t\t\t<\/div>\n\t\t\t\t<\/div>\n\t\t\t\t\t<\/div>\n\t\t<\/div>\n\t\t\t\t\t<\/div>\n\t\t<\/section>\n\t\t\t\t<\/div>\n\t\t","protected":false},"excerpt":{"rendered":"<p>&#8220;Ya cumpl\u00ed: saqu\u00e9 adelante a todos mis hermanos&#8221;, expresa el migrante Milton Villeda, quien cuenta las semanas para volver a su aldea natal en Guatemala, por primera vez en 14 a\u00f1os. A los 10 a\u00f1os Milton Villeda anhelaba con seguir estudiando pero tuvo que empezar a trabajar. Naci\u00f3 en la aldea Sacpuy de San Andr\u00e9es, [&hellip;]<\/p>\n","protected":false},"author":7,"featured_media":4371,"comment_status":"open","ping_status":"open","sticky":false,"template":"","format":"standard","meta":{"_acf_changed":false,"_eb_attr":"","footnotes":""},"categories":[50],"tags":[],"class_list":["post-4370","post","type-post","status-publish","format-standard","has-post-thumbnail","hentry","category-exitos"],"acf":[],"aioseo_notices":[],"aioseo_head":"\n\t\t<!-- All in One SEO Pro 4.9.6.2 - aioseo.com -->\n\t<meta name=\"description\" content=\"Botas, capas, guantes, camillas y m\u00e1s equipo llega a bomberos de Quetzaltenango gracias a la gesti\u00f3n de la migrante Ana Prince, con apoyo de Fundaci\u00f3n 911\" \/>\n\t<meta name=\"robots\" content=\"max-snippet:-1, max-image-preview:large, max-video-preview:-1\" \/>\n\t<meta name=\"author\" content=\"Gustavo Montenegro\"\/>\n\t<link rel=\"canonical\" href=\"https:\/\/soymigrante.com\/revista\/donacion-migrante-de-equipo-y-capacitacion-desde-nueva-york-fortalece-a-bomberos-de-quetzaltenango\/\" \/>\n\t<meta name=\"generator\" content=\"All in One SEO Pro (AIOSEO) 4.9.6.2\" \/>\n\n\t\t<link rel=\"preconnect\" href=\"https:\/\/fonts.googleapis.com\" crossorigin>\n<link rel=\"preconnect\" href=\"https:\/\/fonts.gstatic.com\" crossorigin>\n\t\t<meta property=\"og:locale\" content=\"es_ES\" \/>\n\t\t<meta property=\"og:site_name\" content=\"SoyMigrante.com REVISTA \u2013 Nuestra misi\u00f3n es reconocer y dignificar al migrante.\" \/>\n\t\t<meta property=\"og:type\" content=\"article\" \/>\n\t\t<meta property=\"og:title\" content=\"Donaci\u00f3n migrante de equipo fortalece a bomberos en Xela\" \/>\n\t\t<meta property=\"og:description\" content=\"Botas, capas, guantes, camillas y m\u00e1s equipo llega a bomberos de Quetzaltenango gracias a la gesti\u00f3n de la migrante Ana Prince, con apoyo de Fundaci\u00f3n 911\" \/>\n\t\t<meta property=\"og:url\" content=\"https:\/\/soymigrante.com\/revista\/donacion-migrante-de-equipo-y-capacitacion-desde-nueva-york-fortalece-a-bomberos-de-quetzaltenango\/\" \/>\n\t\t<meta property=\"og:image\" content=\"https:\/\/soymigrante.com\/revista\/wp-content\/uploads\/2026\/04\/guatemaltecos-en-estados-unidos-migrantes-donacion-a-bomberos-quezaltenango-fundacion-911-ddf.png\" \/>\n\t\t<meta property=\"og:image:secure_url\" content=\"https:\/\/soymigrante.com\/revista\/wp-content\/uploads\/2026\/04\/guatemaltecos-en-estados-unidos-migrantes-donacion-a-bomberos-quezaltenango-fundacion-911-ddf.png\" \/>\n\t\t<meta property=\"og:image:width\" content=\"1200\" \/>\n\t\t<meta property=\"og:image:height\" content=\"1200\" \/>\n\t\t<meta property=\"article:published_time\" content=\"2026-04-24T13:37:40+00:00\" \/>\n\t\t<meta property=\"article:modified_time\" content=\"2026-04-24T17:50:23+00:00\" \/>\n\t\t<meta property=\"article:publisher\" content=\"https:\/\/www.facebook.com\/soymigrantecom\" \/>\n\t\t<meta name=\"twitter:card\" content=\"summary_large_image\" \/>\n\t\t<meta name=\"twitter:site\" content=\"@SoyMigrante_com\" \/>\n\t\t<meta name=\"twitter:title\" content=\"Donaci\u00f3n migrante de equipo fortalece a bomberos en Xela\" \/>\n\t\t<meta name=\"twitter:description\" content=\"Botas, capas, guantes, camillas y m\u00e1s equipo llega a bomberos de Quetzaltenango gracias a la gesti\u00f3n de la migrante Ana Prince, con apoyo de Fundaci\u00f3n 911\" \/>\n\t\t<meta name=\"twitter:creator\" content=\"@SoyMigrante_com\" \/>\n\t\t<meta name=\"twitter:image\" content=\"https:\/\/soymigrante.com\/revista\/wp-content\/uploads\/2026\/04\/guatemaltecos-en-estados-unidos-migrantes-donacion-a-bomberos-quezaltenango-fundacion-911-ddf.png\" \/>\n\t\t<!-- All in One SEO Pro -->\r\n\t\t<title>Donaci\u00f3n migrante de equipo fortalece a bomberos en Xela<\/title>\n\n","aioseo_head_json":{"title":"Donaci\u00f3n migrante de equipo fortalece a bomberos en Xela","description":"Botas, capas, guantes, camillas y m\u00e1s equipo llega a bomberos de Quetzaltenango gracias a la gesti\u00f3n de la migrante Ana Prince, con apoyo de Fundaci\u00f3n 911","canonical_url":"https:\/\/soymigrante.com\/revista\/donacion-migrante-de-equipo-y-capacitacion-desde-nueva-york-fortalece-a-bomberos-de-quetzaltenango\/","robots":"max-snippet:-1, max-image-preview:large, max-video-preview:-1","keywords":"","webmasterTools":{"miscellaneous":"&lt;link rel=\"preconnect\" href=\"https:\/\/fonts.googleapis.com\" crossorigin&gt;\n&lt;link rel=\"preconnect\" href=\"https:\/\/fonts.gstatic.com\" crossorigin&gt;"},"schema":null,"og:locale":"es_ES","og:site_name":"SoyMigrante.com REVISTA \u2013 Nuestra misi\u00f3n es reconocer y dignificar al migrante.","og:type":"article","og:title":"Donaci\u00f3n migrante de equipo fortalece a bomberos en Xela","og:description":"Botas, capas, guantes, camillas y m\u00e1s equipo llega a bomberos de Quetzaltenango gracias a la gesti\u00f3n de la migrante Ana Prince, con apoyo de Fundaci\u00f3n 911","og:url":"https:\/\/soymigrante.com\/revista\/donacion-migrante-de-equipo-y-capacitacion-desde-nueva-york-fortalece-a-bomberos-de-quetzaltenango\/","og:image":"https:\/\/soymigrante.com\/revista\/wp-content\/uploads\/2026\/04\/guatemaltecos-en-estados-unidos-migrantes-donacion-a-bomberos-quezaltenango-fundacion-911-ddf.png","og:image:secure_url":"https:\/\/soymigrante.com\/revista\/wp-content\/uploads\/2026\/04\/guatemaltecos-en-estados-unidos-migrantes-donacion-a-bomberos-quezaltenango-fundacion-911-ddf.png","og:image:width":1200,"og:image:height":1200,"article:published_time":"2026-04-24T13:37:40+00:00","article:modified_time":"2026-04-24T17:50:23+00:00","article:publisher":"https:\/\/www.facebook.com\/soymigrantecom","twitter:card":"summary_large_image","twitter:site":"@SoyMigrante_com","twitter:title":"Donaci\u00f3n migrante de equipo fortalece a bomberos en Xela","twitter:description":"Botas, capas, guantes, camillas y m\u00e1s equipo llega a bomberos de Quetzaltenango gracias a la gesti\u00f3n de la migrante Ana Prince, con apoyo de Fundaci\u00f3n 911","twitter:creator":"@SoyMigrante_com","twitter:image":"https:\/\/soymigrante.com\/revista\/wp-content\/uploads\/2026\/04\/guatemaltecos-en-estados-unidos-migrantes-donacion-a-bomberos-quezaltenango-fundacion-911-ddf.png"},"aioseo_meta_data":{"post_id":"4370","title":null,"description":null,"keywords":[],"keyphrases":{"focus":{"keyphrase":"Migrante","score":82,"analysis":{"keyphraseInTitle":{"score":9,"maxScore":9,"error":0},"keyphraseInDescription":{"score":9,"maxScore":9,"error":0},"keyphraseLength":{"score":9,"maxScore":9,"error":0,"length":1},"keyphraseInURL":{"score":5,"maxScore":5,"error":0},"keyphraseInIntroduction":{"score":3,"maxScore":9,"error":1},"keyphraseInSubHeadings":{"score":3,"maxScore":9,"error":1},"keyphraseInImageAlt":{"score":9,"maxScore":9,"error":0},"keywordDensity":{"type":"best","score":9,"maxScore":9,"error":0}}},"additional":[]},"primary_term":null,"canonical_url":null,"og_title":null,"og_description":null,"og_object_type":"default","og_image_type":"default","og_image_url":null,"og_image_width":null,"og_image_height":null,"og_image_custom_url":null,"og_image_custom_fields":null,"og_video":"","og_custom_url":null,"og_article_section":null,"og_article_tags":[],"twitter_use_og":false,"twitter_card":"default","twitter_image_type":"default","twitter_image_url":null,"twitter_image_custom_url":null,"twitter_image_custom_fields":null,"twitter_title":null,"twitter_description":null,"schema":{"blockGraphs":[],"customGraphs":[],"default":{"data":{"Article":[],"Course":[],"Dataset":[],"FAQPage":[],"Movie":[],"Person":[],"Product":[],"ProductReview":[],"Car":[],"Recipe":[],"Service":[],"SoftwareApplication":[],"WebPage":[]},"graphName":"BlogPosting","isEnabled":true},"graphs":[]},"schema_type":"default","schema_type_options":null,"pillar_content":false,"robots_default":true,"robots_noindex":false,"robots_noarchive":false,"robots_nosnippet":false,"robots_nofollow":false,"robots_noimageindex":false,"robots_noodp":false,"robots_notranslate":false,"robots_max_snippet":"-1","robots_max_videopreview":"-1","robots_max_imagepreview":"large","priority":null,"frequency":"default","local_seo":null,"seo_analyzer_scan_date":"2025-10-08 20:59:17","breadcrumb_settings":null,"limit_modified_date":false,"reviewed_by":null,"open_ai":null,"ai":null,"created":"2024-01-12 04:29:28","updated":"2026-02-04 10:25:53"},"aioseo_breadcrumb":"<div class=\"aioseo-breadcrumbs\"><span class=\"aioseo-breadcrumb\">\n\t<a href=\"https:\/\/soymigrante.com\/revista\" title=\"Home\">Home<\/a>\n<\/span><span class=\"aioseo-breadcrumb-separator\">\u00bb<\/span><span class=\"aioseo-breadcrumb\">\n\t<a href=\"https:\/\/soymigrante.com\/revista\/category\/exitos\/\" title=\"\u00c9xitos\">\u00c9xitos<\/a>\n<\/span><span class=\"aioseo-breadcrumb-separator\">\u00bb<\/span><span class=\"aioseo-breadcrumb\">\n\tEl migrante Milton Villeda se fue por un sue\u00f1o y regresa, 14 a\u00f1os despu\u00e9s, con otro\n<\/span><\/div>","aioseo_breadcrumb_json":[{"label":"Home","link":"https:\/\/soymigrante.com\/revista"},{"label":"\u00c9xitos","link":"https:\/\/soymigrante.com\/revista\/category\/exitos\/"},{"label":"El migrante Milton Villeda se fue por un sue\u00f1o y regresa, 14 a\u00f1os despu\u00e9s, con otro","link":"https:\/\/soymigrante.com\/revista\/migrante-regresa-a-guatemala-despues-de-14-anos-saco-adelante-hermanos\/"}],"_links":{"self":[{"href":"https:\/\/soymigrante.com\/revista\/wp-json\/wp\/v2\/posts\/4370","targetHints":{"allow":["GET"]}}],"collection":[{"href":"https:\/\/soymigrante.com\/revista\/wp-json\/wp\/v2\/posts"}],"about":[{"href":"https:\/\/soymigrante.com\/revista\/wp-json\/wp\/v2\/types\/post"}],"author":[{"embeddable":true,"href":"https:\/\/soymigrante.com\/revista\/wp-json\/wp\/v2\/users\/7"}],"replies":[{"embeddable":true,"href":"https:\/\/soymigrante.com\/revista\/wp-json\/wp\/v2\/comments?post=4370"}],"version-history":[{"count":0,"href":"https:\/\/soymigrante.com\/revista\/wp-json\/wp\/v2\/posts\/4370\/revisions"}],"wp:featuredmedia":[{"embeddable":true,"href":"https:\/\/soymigrante.com\/revista\/wp-json\/wp\/v2\/media\/4371"}],"wp:attachment":[{"href":"https:\/\/soymigrante.com\/revista\/wp-json\/wp\/v2\/media?parent=4370"}],"wp:term":[{"taxonomy":"category","embeddable":true,"href":"https:\/\/soymigrante.com\/revista\/wp-json\/wp\/v2\/categories?post=4370"},{"taxonomy":"post_tag","embeddable":true,"href":"https:\/\/soymigrante.com\/revista\/wp-json\/wp\/v2\/tags?post=4370"}],"curies":[{"name":"wp","href":"https:\/\/api.w.org\/{rel}","templated":true}]}}