{"id":43687,"date":"2025-09-04T04:00:00","date_gmt":"2025-09-04T10:00:00","guid":{"rendered":"https:\/\/soymigrante.com\/revista\/?p=43687"},"modified":"2025-09-03T20:50:59","modified_gmt":"2025-09-04T02:50:59","slug":"dia-internacional-de-la-mujer-indigena-celebra-dignidad-talento-y-aporte","status":"publish","type":"post","link":"https:\/\/soymigrante.com\/revista\/dia-internacional-de-la-mujer-indigena-celebra-dignidad-talento-y-aporte\/","title":{"rendered":"D\u00eda Internacional de la Mujer Ind\u00edgena celebra dignidad, talento y aporte"},"content":{"rendered":"\t\t<div data-elementor-type=\"wp-post\" data-elementor-id=\"43687\" class=\"elementor elementor-43687\" data-elementor-post-type=\"post\">\n\t\t\t\t<div data-particle_enable=\"false\" data-particle-mobile-disabled=\"false\" class=\"elementor-element elementor-element-e505223 e-flex e-con-boxed e-con e-parent\" data-id=\"e505223\" data-element_type=\"container\" data-e-type=\"container\">\n\t\t\t\t\t<div class=\"e-con-inner\">\n\t\t\t\t<div class=\"elementor-element elementor-element-dc9dc42 elementor-widget elementor-widget-heading\" data-id=\"dc9dc42\" data-element_type=\"widget\" data-e-type=\"widget\" data-widget_type=\"heading.default\">\n\t\t\t\t\t<h2 class=\"elementor-heading-title elementor-size-default\">El D\u00eda Internacional de la Mujer Ind\u00edgena es una muestra de memoria, resistencia y dignidad. <\/h2>\t\t\t\t<\/div>\n\t\t\t\t\t<\/div>\n\t\t\t\t<\/div>\n\t\t<div data-particle_enable=\"false\" data-particle-mobile-disabled=\"false\" class=\"elementor-element elementor-element-e2bd80d e-flex e-con-boxed e-con e-parent\" data-id=\"e2bd80d\" data-element_type=\"container\" data-e-type=\"container\">\n\t\t\t\t\t<div class=\"e-con-inner\">\n\t\t\t\t<div class=\"elementor-element elementor-element-c93d687 elementor-widget elementor-widget-text-editor\" data-id=\"c93d687\" data-element_type=\"widget\" data-e-type=\"widget\" data-widget_type=\"text-editor.default\">\n\t\t\t\t\t\t\t\t\t<p><a href=\"https:\/\/soymigrante.com\/revista\/mujeres-mayas-rompen-barreras-con-energia-solar\/\" target=\"_blank\" rel=\"noopener\">Cada 5 de septiembre se conmemora el D\u00eda Internacional de la Mujer Ind\u00edgena<\/a>, una fecha que busca honrar la lucha, resistencia y aporte de las mujeres de los pueblos originarios en Am\u00e9rica Latina.\u00a0<\/p><p>Esta conmemoraci\u00f3n no solo recuerda el papel hist\u00f3rico de las mujeres ind\u00edgenas en la defensa de sus comunidades, sino que tambi\u00e9n invita a reflexionar sobre los desaf\u00edos actuales que enfrentan. As\u00ed tambi\u00e9n a valorar los aportes y talentos de las mujeres emprendedoras ind\u00edgenas guatemaltecas, as\u00ed como de las migrantes mayas en EE.UU.<\/p>\t\t\t\t\t\t\t\t<\/div>\n\t\t\t\t\t<\/div>\n\t\t\t\t<\/div>\n\t\t<div data-particle_enable=\"false\" data-particle-mobile-disabled=\"false\" class=\"elementor-element elementor-element-b7b42c3 e-flex e-con-boxed e-con e-parent\" data-id=\"b7b42c3\" data-element_type=\"container\" data-e-type=\"container\">\n\t\t\t\t\t<div class=\"e-con-inner\">\n\t\t\t\t<div class=\"elementor-element elementor-element-9fe9b04 elementor-grid-eael-col-1 elementor-grid-tablet-eael-col-2 elementor-grid-mobile-eael-col-1 elementor-widget elementor-widget-eael-post-grid\" data-id=\"9fe9b04\" data-element_type=\"widget\" data-e-type=\"widget\" data-settings=\"{&quot;eael_post_grid_columns&quot;:&quot;eael-col-1&quot;,&quot;eael_post_grid_columns_tablet&quot;:&quot;eael-col-2&quot;,&quot;eael_post_grid_columns_mobile&quot;:&quot;eael-col-1&quot;}\" data-widget_type=\"eael-post-grid.default\">\n\t\t\t\t\t<div id=\"eael-post-grid-9fe9b04\" class=\"eael-post-grid-container\">\n            <div class=\"eael-post-grid eael-post-appender eael-post-appender-9fe9b04 eael-post-grid-style-one\" data-layout-mode=\"masonry\"><article class=\"eael-grid-post  eael-post-grid-column eael-pg-post-15402 category-guate-nuestra tags-mercado-emprendedores\" data-id=\"15402\">\n        <div class=\"eael-grid-post-holder\">\n            <div class=\"eael-grid-post-holder-inner\"><div class=\"eael-entry-media\"><div class=\"eael-entry-overlay fade-in\"><i class=\"far fa-hand-pointer\" aria-hidden=\"true\"><\/i><a href=\"https:\/\/soymigrante.com\/revista\/tejiendo-en-el-tiempo-cultiva-el-arte-y-la-cultura-de-san-antonio-aguas-calientes\/\"><\/a><\/div><div class=\"eael-entry-thumbnail eael-image-ratio\">\n                <img fetchpriority=\"high\" decoding=\"async\" width=\"409\" height=\"383\" src=\"https:\/\/soymigrante.com\/revista\/wp-content\/uploads\/2024\/12\/tejiendo-en-el-tiempo-2.webp\" class=\"attachment-large size-large wp-image-15745\" alt=\"Vestido tradicional de Guatemala con bordados coloridos, representando la cultura ind\u00edgena y artesanal.\" srcset=\"https:\/\/soymigrante.com\/revista\/wp-content\/uploads\/2024\/12\/tejiendo-en-el-tiempo-2.webp 409w, https:\/\/soymigrante.com\/revista\/wp-content\/uploads\/2024\/12\/tejiendo-en-el-tiempo-2-300x281.jpg 300w\" sizes=\"(max-width: 409px) 100vw, 409px\" \/>\n            <\/div>\n        <\/div><div class=\"eael-entry-wrapper\"><header class=\"eael-entry-header\"><h2 class=\"eael-entry-title\"><a class=\"eael-grid-post-link\" href=\"https:\/\/soymigrante.com\/revista\/tejiendo-en-el-tiempo-cultiva-el-arte-y-la-cultura-de-san-antonio-aguas-calientes\/\" title=\"Milly L\u00f3pez da nueva vida a la tradici\u00f3n textil de San Antonio Aguas Calientes\">Milly L\u00f3pez da nueva vida a la tradici\u00f3n textil de San Antonio Aguas Calientes<\/a><\/h2><\/header><div class=\"eael-entry-content\">\n                        <div class=\"eael-grid-post-excerpt\"><a href=\"https:\/\/soymigrante.com\/revista\/tejiendo-en-el-tiempo-cultiva-el-arte-y-la-cultura-de-san-antonio-aguas-calientes\/\" class=\"eael-post-elements-readmore-btn\">CONOCE SU HISTORIA <\/a><\/div>\n                    <\/div><\/div><\/div>\n        <\/div>\n    <\/article><article class=\"eael-grid-post  eael-post-grid-column eael-pg-post-41297 category-guate-nuestra tags-mercado-emprendedores\" data-id=\"41297\">\n        <div class=\"eael-grid-post-holder\">\n            <div class=\"eael-grid-post-holder-inner\"><div class=\"eael-entry-media\"><div class=\"eael-entry-overlay fade-in\"><i class=\"far fa-hand-pointer\" aria-hidden=\"true\"><\/i><a href=\"https:\/\/soymigrante.com\/revista\/textiles-kem-colorido-e-identidad-de-adelina-nicho-desde-comalapa\/\"><\/a><\/div><div class=\"eael-entry-thumbnail eael-image-ratio\">\n                <img decoding=\"async\" width=\"1024\" height=\"1024\" src=\"https:\/\/soymigrante.com\/revista\/wp-content\/uploads\/2025\/08\/adelina-nicho-cumez-textiles-kem-comalapa-mercado-1-1024x1024.jpg\" class=\"attachment-large size-large wp-image-41302\" alt=\"Mujer ind\u00edgena con gafas, sonriendo y vestida con ropa colorida y patr\u00f3n tradicional, representando cultura y comunidad en un entorno natural.\" srcset=\"https:\/\/soymigrante.com\/revista\/wp-content\/uploads\/2025\/08\/adelina-nicho-cumez-textiles-kem-comalapa-mercado-1-1024x1024.jpg 1024w, https:\/\/soymigrante.com\/revista\/wp-content\/uploads\/2025\/08\/adelina-nicho-cumez-textiles-kem-comalapa-mercado-1-300x300.jpg 300w, https:\/\/soymigrante.com\/revista\/wp-content\/uploads\/2025\/08\/adelina-nicho-cumez-textiles-kem-comalapa-mercado-1-150x150.jpg 150w, https:\/\/soymigrante.com\/revista\/wp-content\/uploads\/2025\/08\/adelina-nicho-cumez-textiles-kem-comalapa-mercado-1-768x768.jpg 768w, https:\/\/soymigrante.com\/revista\/wp-content\/uploads\/2025\/08\/adelina-nicho-cumez-textiles-kem-comalapa-mercado-1-75x75.webp 75w, https:\/\/soymigrante.com\/revista\/wp-content\/uploads\/2025\/08\/adelina-nicho-cumez-textiles-kem-comalapa-mercado-1-750x750.webp 750w, https:\/\/soymigrante.com\/revista\/wp-content\/uploads\/2025\/08\/adelina-nicho-cumez-textiles-kem-comalapa-mercado-1-1140x1140.webp 1140w, https:\/\/soymigrante.com\/revista\/wp-content\/uploads\/2025\/08\/adelina-nicho-cumez-textiles-kem-comalapa-mercado-1.webp 1187w\" sizes=\"(max-width: 1024px) 100vw, 1024px\" \/>\n            <\/div>\n        <\/div><div class=\"eael-entry-wrapper\"><header class=\"eael-entry-header\"><h2 class=\"eael-entry-title\"><a class=\"eael-grid-post-link\" href=\"https:\/\/soymigrante.com\/revista\/textiles-kem-colorido-e-identidad-de-adelina-nicho-desde-comalapa\/\" title=\"Kem Textiles Mayas: colorido e identidad de Adelina Nicho desde Comalapa\">Kem Textiles Mayas: colorido e identidad de Adelina Nicho desde Comalapa<\/a><\/h2><\/header><div class=\"eael-entry-content\">\n                        <div class=\"eael-grid-post-excerpt\"><a href=\"https:\/\/soymigrante.com\/revista\/textiles-kem-colorido-e-identidad-de-adelina-nicho-desde-comalapa\/\" class=\"eael-post-elements-readmore-btn\">CONOCE SU HISTORIA <\/a><\/div>\n                    <\/div><\/div><\/div>\n        <\/div>\n    <\/article><article class=\"eael-grid-post  eael-post-grid-column eael-pg-post-18254 category-guate-nuestra tags-mercado-emprendedores\" data-id=\"18254\">\n        <div class=\"eael-grid-post-holder\">\n            <div class=\"eael-grid-post-holder-inner\"><div class=\"eael-entry-media\"><div class=\"eael-entry-overlay fade-in\"><i class=\"far fa-hand-pointer\" aria-hidden=\"true\"><\/i><a href=\"https:\/\/soymigrante.com\/revista\/kemon-collection-tejiendo-suenos-y-conservando-tradiciones-ancestrales\/\"><\/a><\/div><div class=\"eael-entry-thumbnail eael-image-ratio\">\n                <img decoding=\"async\" width=\"1024\" height=\"1024\" src=\"https:\/\/soymigrante.com\/revista\/wp-content\/uploads\/2024\/12\/kemon-1024x1024.jpg\" class=\"attachment-large size-large wp-image-18269\" alt=\"Artesana mostrando textiles tradicionales en feria de cultura ind\u00edgena en M\u00e9xico.\" srcset=\"https:\/\/soymigrante.com\/revista\/wp-content\/uploads\/2024\/12\/kemon-1024x1024.jpg 1024w, https:\/\/soymigrante.com\/revista\/wp-content\/uploads\/2024\/12\/kemon-300x300.jpg 300w, https:\/\/soymigrante.com\/revista\/wp-content\/uploads\/2024\/12\/kemon-150x150.jpg 150w, https:\/\/soymigrante.com\/revista\/wp-content\/uploads\/2024\/12\/kemon-768x768.jpg 768w, https:\/\/soymigrante.com\/revista\/wp-content\/uploads\/2024\/12\/kemon-75x75.webp 75w, https:\/\/soymigrante.com\/revista\/wp-content\/uploads\/2024\/12\/kemon-750x750.webp 750w, https:\/\/soymigrante.com\/revista\/wp-content\/uploads\/2024\/12\/kemon.webp 1080w\" sizes=\"(max-width: 1024px) 100vw, 1024px\" \/>\n            <\/div>\n        <\/div><div class=\"eael-entry-wrapper\"><header class=\"eael-entry-header\"><h2 class=\"eael-entry-title\"><a class=\"eael-grid-post-link\" href=\"https:\/\/soymigrante.com\/revista\/kemon-collection-tejiendo-suenos-y-conservando-tradiciones-ancestrales\/\" title=\"Kemon Collection: Tejiendo sue\u00f1os y conservando tradiciones ancestrales\">Kemon Collection: Tejiendo sue\u00f1os y conservando tradiciones ancestrales<\/a><\/h2><\/header><div class=\"eael-entry-content\">\n                        <div class=\"eael-grid-post-excerpt\"><a href=\"https:\/\/soymigrante.com\/revista\/kemon-collection-tejiendo-suenos-y-conservando-tradiciones-ancestrales\/\" class=\"eael-post-elements-readmore-btn\">CONOCE SU HISTORIA <\/a><\/div>\n                    <\/div><\/div><\/div>\n        <\/div>\n    <\/article><\/div>\n            <div class=\"clearfix\"><\/div>\n        <\/div>\t\t\t\t<\/div>\n\t\t\t\t\t<\/div>\n\t\t\t\t<\/div>\n\t\t<div data-particle_enable=\"false\" data-particle-mobile-disabled=\"false\" class=\"elementor-element elementor-element-f7405c9 e-flex e-con-boxed e-con e-parent\" data-id=\"f7405c9\" data-element_type=\"container\" data-e-type=\"container\">\n\t\t\t\t\t<div class=\"e-con-inner\">\n\t\t\t\t<div class=\"elementor-element elementor-element-5cdee26 elementor-widget elementor-widget-heading\" data-id=\"5cdee26\" data-element_type=\"widget\" data-e-type=\"widget\" data-widget_type=\"heading.default\">\n\t\t\t\t\t<h3 class=\"elementor-heading-title elementor-size-default\">\u00bfQu\u00e9 fomenta esta conmemoraci\u00f3n?<\/h3>\t\t\t\t<\/div>\n\t\t\t\t\t<\/div>\n\t\t\t\t<\/div>\n\t\t<div data-particle_enable=\"false\" data-particle-mobile-disabled=\"false\" class=\"elementor-element elementor-element-496221d e-flex e-con-boxed e-con e-parent\" data-id=\"496221d\" data-element_type=\"container\" data-e-type=\"container\">\n\t\t\t\t\t<div class=\"e-con-inner\">\n\t\t\t\t<div class=\"elementor-element elementor-element-9234fda elementor-widget elementor-widget-text-editor\" data-id=\"9234fda\" data-element_type=\"widget\" data-e-type=\"widget\" data-widget_type=\"text-editor.default\">\n\t\t\t\t\t\t\t\t\t<div><strong>El D\u00eda Internacional de la Mujer Ind\u00edgena busca:<\/strong><\/div><div>\u2022Visibilizar el aporte hist\u00f3rico y cultural de las mujeres ind\u00edgenas en la construcci\u00f3n de las sociedades latinoamericanas.<\/div><div>\u2022Superar la discriminaci\u00f3n m\u00faltiple que enfrentan: por g\u00e9nero, etnia y condici\u00f3n social.<\/div><div>\u2022<a href=\"https:\/\/soymigrante.com\/revista\/mujeres-mayas-rompen-barreras-con-energia-solar\/\" target=\"_blank\" rel=\"noopener\">Promover la igualdad de derechos<\/a> en acceso a educaci\u00f3n, salud, justicia, tierra y participaci\u00f3n pol\u00edtica.<\/div><div>\u2022Reconocer su papel en la preservaci\u00f3n de la cultura, la lengua y la cosmovisi\u00f3n ind\u00edgena.<\/div>\t\t\t\t\t\t\t\t<\/div>\n\t\t\t\t\t<\/div>\n\t\t\t\t<\/div>\n\t\t<div data-particle_enable=\"false\" data-particle-mobile-disabled=\"false\" class=\"elementor-element elementor-element-d0a8580 e-flex e-con-boxed e-con e-parent\" data-id=\"d0a8580\" data-element_type=\"container\" data-e-type=\"container\">\n\t\t\t\t\t<div class=\"e-con-inner\">\n\t\t\t\t<div class=\"elementor-element elementor-element-c3944f9 elementor-grid-eael-col-1 elementor-grid-tablet-eael-col-2 elementor-grid-mobile-eael-col-1 elementor-widget elementor-widget-eael-post-grid\" data-id=\"c3944f9\" data-element_type=\"widget\" data-e-type=\"widget\" data-settings=\"{&quot;eael_post_grid_columns&quot;:&quot;eael-col-1&quot;,&quot;eael_post_grid_columns_tablet&quot;:&quot;eael-col-2&quot;,&quot;eael_post_grid_columns_mobile&quot;:&quot;eael-col-1&quot;}\" data-widget_type=\"eael-post-grid.default\">\n\t\t\t\t\t<div id=\"eael-post-grid-c3944f9\" class=\"eael-post-grid-container\">\n            <div class=\"eael-post-grid eael-post-appender eael-post-appender-c3944f9 eael-post-grid-style-one\" data-layout-mode=\"masonry\"><article class=\"eael-grid-post  eael-post-grid-column eael-pg-post-7356 category-guate-nuestra\" data-id=\"7356\">\n        <div class=\"eael-grid-post-holder\">\n            <div class=\"eael-grid-post-holder-inner\"><div class=\"eael-entry-media\"><div class=\"eael-entry-overlay fade-in\"><i class=\"far fa-hand-pointer\" aria-hidden=\"true\"><\/i><a href=\"https:\/\/soymigrante.com\/revista\/sara-curruchich-los-migrantes-se-van-buscando-una-vida-mas-digna-por-eso-hay-que-reconocerlos\/\"><\/a><\/div><div class=\"eael-entry-thumbnail eael-image-ratio\">\n                <img loading=\"lazy\" decoding=\"async\" width=\"465\" height=\"465\" src=\"https:\/\/soymigrante.com\/revista\/wp-content\/uploads\/2024\/07\/sara-curruchich-cantautora-maya.webp\" class=\"attachment-large size-large wp-image-7386\" alt=\"Mujer ind\u00edgena sonriendo en un campo de ma\u00edz, vestida con ropa tradicional colorida y accesorios culturales, disfrutando de la naturaleza y la cultura en un entorno rural de Latinoam\u00e9rica.\" srcset=\"https:\/\/soymigrante.com\/revista\/wp-content\/uploads\/2024\/07\/sara-curruchich-cantautora-maya.webp 465w, https:\/\/soymigrante.com\/revista\/wp-content\/uploads\/2024\/07\/sara-curruchich-cantautora-maya-300x300.webp 300w, https:\/\/soymigrante.com\/revista\/wp-content\/uploads\/2024\/07\/sara-curruchich-cantautora-maya-150x150.webp 150w, https:\/\/soymigrante.com\/revista\/wp-content\/uploads\/2024\/07\/sara-curruchich-cantautora-maya-75x75.webp 75w\" sizes=\"(max-width: 465px) 100vw, 465px\" \/>\n            <\/div>\n        <\/div><div class=\"eael-entry-wrapper\"><header class=\"eael-entry-header\"><h2 class=\"eael-entry-title\"><a class=\"eael-grid-post-link\" href=\"https:\/\/soymigrante.com\/revista\/sara-curruchich-los-migrantes-se-van-buscando-una-vida-mas-digna-por-eso-hay-que-reconocerlos\/\" title=\"Sara Curruchich: \u201cLos migrantes se van, buscando una vida m\u00e1s digna, por eso hay que reconocerlos\u201d\">Sara Curruchich: \u201cLos migrantes se van, buscando una vida m\u00e1s digna, por eso hay que reconocerlos\u201d<\/a><\/h2><\/header><div class=\"eael-entry-content\">\n                        <div class=\"eael-grid-post-excerpt\"><a href=\"https:\/\/soymigrante.com\/revista\/sara-curruchich-los-migrantes-se-van-buscando-una-vida-mas-digna-por-eso-hay-que-reconocerlos\/\" class=\"eael-post-elements-readmore-btn\">CONOCE SU HISTORIA <\/a><\/div>\n                    <\/div><\/div><\/div>\n        <\/div>\n    <\/article><\/div>\n            <div class=\"clearfix\"><\/div>\n        <\/div>\t\t\t\t<\/div>\n\t\t\t\t\t<\/div>\n\t\t\t\t<\/div>\n\t\t<div data-particle_enable=\"false\" data-particle-mobile-disabled=\"false\" class=\"elementor-element elementor-element-e724886 e-flex e-con-boxed e-con e-parent\" data-id=\"e724886\" data-element_type=\"container\" data-e-type=\"container\">\n\t\t\t\t\t<div class=\"e-con-inner\">\n\t\t\t\t<div class=\"elementor-element elementor-element-e254691 elementor-widget elementor-widget-heading\" data-id=\"e254691\" data-element_type=\"widget\" data-e-type=\"widget\" data-widget_type=\"heading.default\">\n\t\t\t\t\t<h3 class=\"elementor-heading-title elementor-size-default\">Situaci\u00f3n actual<\/h3>\t\t\t\t<\/div>\n\t\t\t\t\t<\/div>\n\t\t\t\t<\/div>\n\t\t<div data-particle_enable=\"false\" data-particle-mobile-disabled=\"false\" class=\"elementor-element elementor-element-5de2b45 e-flex e-con-boxed e-con e-parent\" data-id=\"5de2b45\" data-element_type=\"container\" data-e-type=\"container\">\n\t\t\t\t\t<div class=\"e-con-inner\">\n\t\t\t\t<div class=\"elementor-element elementor-element-5d5c093 elementor-widget elementor-widget-text-editor\" data-id=\"5d5c093\" data-element_type=\"widget\" data-e-type=\"widget\" data-widget_type=\"text-editor.default\">\n\t\t\t\t\t\t\t\t\t<p><a href=\"https:\/\/soymigrante.com\/revista\/mujeres-mayas-rompen-barreras-con-energia-solar\/\" target=\"_blank\" rel=\"noopener\">A pesar de los avances en reconocimiento y marcos legales, las mujeres ind\u00edgenas contin\u00faan enfrentando serias desigualdades<\/a>. De acuerdo con organismos internacionales, son uno de los grupos m\u00e1s vulnerables en temas de pobreza, violencia, falta de acceso a servicios b\u00e1sicos y exclusi\u00f3n en la toma de decisiones pol\u00edticas.<\/p><p>En pa\u00edses como Guatemala, M\u00e9xico, Per\u00fa y Bolivia, se estima que miles de mujeres ind\u00edgenas participan activamente en movimientos de defensa de los territorios, la protecci\u00f3n del medio ambiente y la lucha por el respeto a sus derechos colectivos.<\/p>\t\t\t\t\t\t\t\t<\/div>\n\t\t\t\t\t<\/div>\n\t\t\t\t<\/div>\n\t\t<div data-particle_enable=\"false\" data-particle-mobile-disabled=\"false\" class=\"elementor-element elementor-element-c8ecfb2 e-flex e-con-boxed e-con e-parent\" data-id=\"c8ecfb2\" data-element_type=\"container\" data-e-type=\"container\">\n\t\t\t\t\t<div class=\"e-con-inner\">\n\t\t\t\t<div class=\"elementor-element elementor-element-14164e9 elementor-grid-eael-col-1 elementor-grid-tablet-eael-col-2 elementor-grid-mobile-eael-col-1 elementor-widget elementor-widget-eael-post-grid\" data-id=\"14164e9\" data-element_type=\"widget\" data-e-type=\"widget\" data-settings=\"{&quot;eael_post_grid_columns&quot;:&quot;eael-col-1&quot;,&quot;eael_post_grid_columns_tablet&quot;:&quot;eael-col-2&quot;,&quot;eael_post_grid_columns_mobile&quot;:&quot;eael-col-1&quot;}\" data-widget_type=\"eael-post-grid.default\">\n\t\t\t\t\t<div id=\"eael-post-grid-14164e9\" class=\"eael-post-grid-container\">\n            <div class=\"eael-post-grid eael-post-appender eael-post-appender-14164e9 eael-post-grid-style-one\" data-layout-mode=\"masonry\"><article class=\"eael-grid-post  eael-post-grid-column eael-pg-post-27614 category-exitos-guatemala\" data-id=\"27614\">\n        <div class=\"eael-grid-post-holder\">\n            <div class=\"eael-grid-post-holder-inner\"><div class=\"eael-entry-media\"><div class=\"eael-entry-overlay fade-in\"><i class=\"far fa-hand-pointer\" aria-hidden=\"true\"><\/i><a href=\"https:\/\/soymigrante.com\/revista\/gloria-e-chacon-academica-maya-chorti-impulsa-la-literatura-indigena-en-california\/\"><\/a><\/div><div class=\"eael-entry-thumbnail eael-image-ratio\">\n                <img loading=\"lazy\" decoding=\"async\" width=\"395\" height=\"395\" src=\"https:\/\/soymigrante.com\/revista\/wp-content\/uploads\/2025\/03\/gloria-e-chacon-4.webp\" class=\"attachment-large size-large wp-image-27618\" alt=\"Profesional mujer hispana hablando en conferencia, resaltando migrantes y derechos humanos en evento en una sala con cortinas blancas.\" srcset=\"https:\/\/soymigrante.com\/revista\/wp-content\/uploads\/2025\/03\/gloria-e-chacon-4.webp 395w, https:\/\/soymigrante.com\/revista\/wp-content\/uploads\/2025\/03\/gloria-e-chacon-4-300x300.jpg 300w, https:\/\/soymigrante.com\/revista\/wp-content\/uploads\/2025\/03\/gloria-e-chacon-4-150x150.jpg 150w, https:\/\/soymigrante.com\/revista\/wp-content\/uploads\/2025\/03\/gloria-e-chacon-4-75x75.webp 75w\" sizes=\"(max-width: 395px) 100vw, 395px\" \/>\n            <\/div>\n        <\/div><div class=\"eael-entry-wrapper\"><header class=\"eael-entry-header\"><h2 class=\"eael-entry-title\"><a class=\"eael-grid-post-link\" href=\"https:\/\/soymigrante.com\/revista\/gloria-e-chacon-academica-maya-chorti-impulsa-la-literatura-indigena-en-california\/\" title=\"Gloria E. Chac\u00f3n, acad\u00e9mica maya chort\u00ed, impulsa la literatura ind\u00edgena en California\">Gloria E. Chac\u00f3n, acad\u00e9mica maya chort\u00ed, impulsa la literatura ind\u00edgena en California<\/a><\/h2><\/header><div class=\"eael-entry-content\">\n                        <div class=\"eael-grid-post-excerpt\"><a href=\"https:\/\/soymigrante.com\/revista\/gloria-e-chacon-academica-maya-chorti-impulsa-la-literatura-indigena-en-california\/\" class=\"eael-post-elements-readmore-btn\">CONOCE SU HISTORIA <\/a><\/div>\n                    <\/div><\/div><\/div>\n        <\/div>\n    <\/article><article class=\"eael-grid-post  eael-post-grid-column eael-pg-post-33378 category-exitos-guatemala\" data-id=\"33378\">\n        <div class=\"eael-grid-post-holder\">\n            <div class=\"eael-grid-post-holder-inner\"><div class=\"eael-entry-media\"><div class=\"eael-entry-overlay fade-in\"><i class=\"far fa-hand-pointer\" aria-hidden=\"true\"><\/i><a href=\"https:\/\/soymigrante.com\/revista\/ingrid-sub-cuc-migrante-de-solola-estudia-su-doctorado-en-california-sobre-medicina-maya-kaqchikel\/\"><\/a><\/div><div class=\"eael-entry-thumbnail eael-image-ratio\">\n                <img loading=\"lazy\" decoding=\"async\" width=\"1024\" height=\"1024\" src=\"https:\/\/soymigrante.com\/revista\/wp-content\/uploads\/2025\/05\/ingrid-sub-cuc-solola-maya-10-1024x1024.jpg\" class=\"attachment-large size-large wp-image-33379\" alt=\"Mujer ind\u00edgena con traje tradicional en un entorno natural frente a un lago y volc\u00e1n, s\u00edmbolo de cultura, identidad y orgullo en M\u00e9xico.\" srcset=\"https:\/\/soymigrante.com\/revista\/wp-content\/uploads\/2025\/05\/ingrid-sub-cuc-solola-maya-10-1024x1024.jpg 1024w, https:\/\/soymigrante.com\/revista\/wp-content\/uploads\/2025\/05\/ingrid-sub-cuc-solola-maya-10-300x300.jpg 300w, https:\/\/soymigrante.com\/revista\/wp-content\/uploads\/2025\/05\/ingrid-sub-cuc-solola-maya-10-150x150.jpg 150w, https:\/\/soymigrante.com\/revista\/wp-content\/uploads\/2025\/05\/ingrid-sub-cuc-solola-maya-10-768x768.jpg 768w, https:\/\/soymigrante.com\/revista\/wp-content\/uploads\/2025\/05\/ingrid-sub-cuc-solola-maya-10-75x75.webp 75w, https:\/\/soymigrante.com\/revista\/wp-content\/uploads\/2025\/05\/ingrid-sub-cuc-solola-maya-10-750x750.webp 750w, https:\/\/soymigrante.com\/revista\/wp-content\/uploads\/2025\/05\/ingrid-sub-cuc-solola-maya-10-1140x1140.webp 1140w, https:\/\/soymigrante.com\/revista\/wp-content\/uploads\/2025\/05\/ingrid-sub-cuc-solola-maya-10.webp 1478w\" sizes=\"(max-width: 1024px) 100vw, 1024px\" \/>\n            <\/div>\n        <\/div><div class=\"eael-entry-wrapper\"><header class=\"eael-entry-header\"><h2 class=\"eael-entry-title\"><a class=\"eael-grid-post-link\" href=\"https:\/\/soymigrante.com\/revista\/ingrid-sub-cuc-migrante-de-solola-estudia-su-doctorado-en-california-sobre-medicina-maya-kaqchikel\/\" title=\"Ingrid Sub Cuc, migrante de Solol\u00e1, estudia su doctorado en California sobre medicina maya kaqchikel\">Ingrid Sub Cuc, migrante de Solol\u00e1, estudia su doctorado en California sobre medicina maya kaqchikel<\/a><\/h2><\/header><div class=\"eael-entry-content\">\n                        <div class=\"eael-grid-post-excerpt\"><a href=\"https:\/\/soymigrante.com\/revista\/ingrid-sub-cuc-migrante-de-solola-estudia-su-doctorado-en-california-sobre-medicina-maya-kaqchikel\/\" class=\"eael-post-elements-readmore-btn\">CONOCE SU HISTORIA <\/a><\/div>\n                    <\/div><\/div><\/div>\n        <\/div>\n    <\/article><article class=\"eael-grid-post  eael-post-grid-column eael-pg-post-4556 category-guate-nuestra\" data-id=\"4556\">\n        <div class=\"eael-grid-post-holder\">\n            <div class=\"eael-grid-post-holder-inner\"><div class=\"eael-entry-media\"><div class=\"eael-entry-overlay fade-in\"><i class=\"far fa-hand-pointer\" aria-hidden=\"true\"><\/i><a href=\"https:\/\/soymigrante.com\/revista\/disenadora-maya-trasciende-entre-raices-y-fronteras\/\"><\/a><\/div><div class=\"eael-entry-thumbnail eael-image-ratio\">\n                <img loading=\"lazy\" decoding=\"async\" width=\"900\" height=\"1000\" src=\"https:\/\/soymigrante.com\/revista\/wp-content\/uploads\/2024\/01\/Rosario-es-originaria-de-Zunil-Quetzaltenango-.webp\" class=\"attachment-large size-large wp-image-4502\" alt=\"Mar\u00eda Rosario Hern\u00e1ndez Ponce es originaria de Zunil Quetzaltenango, Guatemala. Desde los 15 a\u00f1os se ha dedicado a confeccionar prendas propias y ahora se ha convertido en dise\u00f1adora de prendas con tejidos de la indumentaria maya. Es estudiante de Trabajo Social en la universidad de su pa\u00eds.\" srcset=\"https:\/\/soymigrante.com\/revista\/wp-content\/uploads\/2024\/01\/Rosario-es-originaria-de-Zunil-Quetzaltenango-.webp 900w, https:\/\/soymigrante.com\/revista\/wp-content\/uploads\/2024\/01\/Rosario-es-originaria-de-Zunil-Quetzaltenango--270x300.webp 270w, https:\/\/soymigrante.com\/revista\/wp-content\/uploads\/2024\/01\/Rosario-es-originaria-de-Zunil-Quetzaltenango--768x853.webp 768w, https:\/\/soymigrante.com\/revista\/wp-content\/uploads\/2024\/01\/Rosario-es-originaria-de-Zunil-Quetzaltenango--750x833.webp 750w\" sizes=\"(max-width: 900px) 100vw, 900px\" \/>\n            <\/div>\n        <\/div><div class=\"eael-entry-wrapper\"><header class=\"eael-entry-header\"><h2 class=\"eael-entry-title\"><a class=\"eael-grid-post-link\" href=\"https:\/\/soymigrante.com\/revista\/disenadora-maya-trasciende-entre-raices-y-fronteras\/\" title=\"Dise\u00f1adora maya k&#8217;iche&#8217; trasciende barreras, fronteras, modas y ra\u00edces\">Dise\u00f1adora maya k&#8217;iche&#8217; trasciende barreras, fronteras, modas y ra\u00edces<\/a><\/h2><\/header><div class=\"eael-entry-content\">\n                        <div class=\"eael-grid-post-excerpt\"><a href=\"https:\/\/soymigrante.com\/revista\/disenadora-maya-trasciende-entre-raices-y-fronteras\/\" class=\"eael-post-elements-readmore-btn\">CONOCE SU HISTORIA <\/a><\/div>\n                    <\/div><\/div><\/div>\n        <\/div>\n    <\/article><\/div>\n            <div class=\"clearfix\"><\/div>\n        <\/div>\t\t\t\t<\/div>\n\t\t\t\t\t<\/div>\n\t\t\t\t<\/div>\n\t\t<div data-particle_enable=\"false\" data-particle-mobile-disabled=\"false\" class=\"elementor-element elementor-element-dedfe33 e-flex e-con-boxed e-con e-parent\" data-id=\"dedfe33\" data-element_type=\"container\" data-e-type=\"container\">\n\t\t\t\t\t<div class=\"e-con-inner\">\n\t\t\t\t<div class=\"elementor-element elementor-element-488711b elementor-widget elementor-widget-heading\" data-id=\"488711b\" data-element_type=\"widget\" data-e-type=\"widget\" data-widget_type=\"heading.default\">\n\t\t\t\t\t<h3 class=\"elementor-heading-title elementor-size-default\">Un d\u00eda de reflexi\u00f3n y acci\u00f3n<\/h3>\t\t\t\t<\/div>\n\t\t\t\t\t<\/div>\n\t\t\t\t<\/div>\n\t\t<div data-particle_enable=\"false\" data-particle-mobile-disabled=\"false\" class=\"elementor-element elementor-element-21ca516 e-flex e-con-boxed e-con e-parent\" data-id=\"21ca516\" data-element_type=\"container\" data-e-type=\"container\">\n\t\t\t\t\t<div class=\"e-con-inner\">\n\t\t\t\t<div class=\"elementor-element elementor-element-49094fc elementor-widget elementor-widget-text-editor\" data-id=\"49094fc\" data-element_type=\"widget\" data-e-type=\"widget\" data-widget_type=\"text-editor.default\">\n\t\t\t\t\t\t\t\t\t<p>El 5 de septiembre no es solo una fecha para recordar a Bartolina Sisa, sino un d\u00eda para reflexionar sobre el presente y futuro de las mujeres ind\u00edgenas. <a href=\"https:\/\/soymigrante.com\/revista\/mujeres-mayas-rompen-barreras-con-energia-solar\/\" target=\"_blank\" rel=\"noopener\">Las organizaciones ind\u00edgenas y feministas insisten en que la verdadera conmemoraci\u00f3n debe traducirse en acciones concretas<\/a>: m\u00e1s espacios de participaci\u00f3n, protecci\u00f3n contra la violencia, acceso a la justicia y pol\u00edticas p\u00fablicas que respeten sus culturas.<\/p><p>Como expresan varias lideresas ind\u00edgenas, \u201chonrar a la mujer ind\u00edgena es garantizarle dignidad, voz y derechos en la sociedad actual\u201d.<\/p>\t\t\t\t\t\t\t\t<\/div>\n\t\t\t\t\t<\/div>\n\t\t\t\t<\/div>\n\t\t<div data-particle_enable=\"false\" data-particle-mobile-disabled=\"false\" class=\"elementor-element elementor-element-fba2568 e-flex e-con-boxed e-con e-parent\" data-id=\"fba2568\" data-element_type=\"container\" data-e-type=\"container\">\n\t\t\t\t\t<div class=\"e-con-inner\">\n\t\t\t\t<div class=\"elementor-element elementor-element-8e1eaa4 elementor-widget elementor-widget-heading\" data-id=\"8e1eaa4\" data-element_type=\"widget\" data-e-type=\"widget\" data-widget_type=\"heading.default\">\n\t\t\t\t\t<h2 class=\"elementor-heading-title elementor-size-default\">Conoce historias de mujeres que inspiran, ac\u00e1...<\/h2>\t\t\t\t<\/div>\n\t\t\t\t\t<\/div>\n\t\t\t\t<\/div>\n\t\t<div data-particle_enable=\"false\" data-particle-mobile-disabled=\"false\" class=\"elementor-element elementor-element-977b387 e-flex e-con-boxed e-con e-parent\" data-id=\"977b387\" data-element_type=\"container\" data-e-type=\"container\">\n\t\t\t\t\t<div class=\"e-con-inner\">\n\t\t\t\t<div class=\"elementor-element elementor-element-f9ae844 elementor-grid-eael-col-3 elementor-grid-tablet-eael-col-2 elementor-grid-mobile-eael-col-1 elementor-widget elementor-widget-eael-post-grid\" data-id=\"f9ae844\" data-element_type=\"widget\" data-e-type=\"widget\" data-settings=\"{&quot;eael_post_grid_columns&quot;:&quot;eael-col-3&quot;,&quot;eael_post_grid_columns_tablet&quot;:&quot;eael-col-2&quot;,&quot;eael_post_grid_columns_mobile&quot;:&quot;eael-col-1&quot;}\" data-widget_type=\"eael-post-grid.default\">\n\t\t\t\t\t<div id=\"eael-post-grid-f9ae844\" class=\"eael-post-grid-container\">\n            <div class=\"eael-post-grid eael-post-appender eael-post-appender-f9ae844 eael-post-grid-style-one\" data-layout-mode=\"masonry\"><article class=\"eael-grid-post  eael-post-grid-column eael-pg-post-27294 category-lugar-de-voces\" data-id=\"27294\">\n        <div class=\"eael-grid-post-holder\">\n            <div class=\"eael-grid-post-holder-inner\"><div class=\"eael-entry-media\"><div class=\"eael-entry-overlay fade-in\"><i class=\"far fa-hand-pointer\" aria-hidden=\"true\"><\/i><a href=\"https:\/\/soymigrante.com\/revista\/a-ti-mujer-mensaje-de-la-migrante-letty-baran-a-todas-las-guatemaltecas-e-hispanas-en-su-dia\/\"><\/a><\/div><div class=\"eael-entry-thumbnail \">\n                <img loading=\"lazy\" decoding=\"async\" width=\"1024\" height=\"1024\" src=\"https:\/\/soymigrante.com\/revista\/wp-content\/uploads\/2025\/03\/dia-de-la-mujer-2.webp\" class=\"attachment-large size-large wp-image-27295\" alt=\"\" srcset=\"https:\/\/soymigrante.com\/revista\/wp-content\/uploads\/2025\/03\/dia-de-la-mujer-2.webp 1024w, https:\/\/soymigrante.com\/revista\/wp-content\/uploads\/2025\/03\/dia-de-la-mujer-2-300x300.jpg 300w, https:\/\/soymigrante.com\/revista\/wp-content\/uploads\/2025\/03\/dia-de-la-mujer-2-150x150.jpg 150w, https:\/\/soymigrante.com\/revista\/wp-content\/uploads\/2025\/03\/dia-de-la-mujer-2-768x768.jpg 768w, https:\/\/soymigrante.com\/revista\/wp-content\/uploads\/2025\/03\/dia-de-la-mujer-2-75x75.webp 75w, https:\/\/soymigrante.com\/revista\/wp-content\/uploads\/2025\/03\/dia-de-la-mujer-2-750x750.webp 750w\" sizes=\"(max-width: 1024px) 100vw, 1024px\" \/>\n            <\/div>\n        <\/div><div class=\"eael-entry-wrapper\"><header class=\"eael-entry-header\"><h2 class=\"eael-entry-title\"><a class=\"eael-grid-post-link\" href=\"https:\/\/soymigrante.com\/revista\/a-ti-mujer-mensaje-de-la-migrante-letty-baran-a-todas-las-guatemaltecas-e-hispanas-en-su-dia\/\" title=\"&#8220;A t\u00ed, Mujer&#8221;: mensaje de la migrante Letty Bar\u00e1n a todas las guatemaltecas e hispanas en su d\u00eda\">&#8220;A t\u00ed, Mujer&#8221;: mensaje de la migrante Letty Bar\u00e1n a todas las guatemaltecas e hispanas en su d\u00eda<\/a><\/h2><\/header><div class=\"eael-entry-content\">\n                        <div class=\"eael-grid-post-excerpt\"><a href=\"https:\/\/soymigrante.com\/revista\/a-ti-mujer-mensaje-de-la-migrante-letty-baran-a-todas-las-guatemaltecas-e-hispanas-en-su-dia\/\" class=\"eael-post-elements-readmore-btn\">CONOCE SU HISTORIA <\/a><\/div>\n                    <\/div><\/div><\/div>\n        <\/div>\n    <\/article><article class=\"eael-grid-post  eael-post-grid-column eael-pg-post-5224 category-estamos-unidos tags-dia-internacional-de-la-mujer\" data-id=\"5224\">\n        <div class=\"eael-grid-post-holder\">\n            <div class=\"eael-grid-post-holder-inner\"><div class=\"eael-entry-media\"><div class=\"eael-entry-overlay fade-in\"><i class=\"far fa-hand-pointer\" aria-hidden=\"true\"><\/i><a href=\"https:\/\/soymigrante.com\/revista\/dia-de-la-mujer-guatemaltecas-migrantes-frases-inspiradoras\/\"><\/a><\/div><div class=\"eael-entry-thumbnail \">\n                <img loading=\"lazy\" decoding=\"async\" width=\"758\" height=\"665\" src=\"https:\/\/soymigrante.com\/revista\/wp-content\/uploads\/2024\/03\/juan-henry-hernandez-chavajay.webp\" class=\"attachment-large size-large wp-image-5226\" alt=\"Mural del artista sololateco Henry M\u00e9ndez Chavajay\" srcset=\"https:\/\/soymigrante.com\/revista\/wp-content\/uploads\/2024\/03\/juan-henry-hernandez-chavajay.webp 758w, https:\/\/soymigrante.com\/revista\/wp-content\/uploads\/2024\/03\/juan-henry-hernandez-chavajay-300x263.webp 300w, https:\/\/soymigrante.com\/revista\/wp-content\/uploads\/2024\/03\/juan-henry-hernandez-chavajay-750x658.webp 750w\" sizes=\"(max-width: 758px) 100vw, 758px\" \/>\n            <\/div>\n        <\/div><div class=\"eael-entry-wrapper\"><header class=\"eael-entry-header\"><h2 class=\"eael-entry-title\"><a class=\"eael-grid-post-link\" href=\"https:\/\/soymigrante.com\/revista\/dia-de-la-mujer-guatemaltecas-migrantes-frases-inspiradoras\/\" title=\"D\u00eda de la Mujer: 8 inspiradoras ideas de migrantes guatemaltecas\">D\u00eda de la Mujer: 8 inspiradoras ideas de migrantes guatemaltecas<\/a><\/h2><\/header><div class=\"eael-entry-content\">\n                        <div class=\"eael-grid-post-excerpt\"><a href=\"https:\/\/soymigrante.com\/revista\/dia-de-la-mujer-guatemaltecas-migrantes-frases-inspiradoras\/\" class=\"eael-post-elements-readmore-btn\">CONOCE SU HISTORIA <\/a><\/div>\n                    <\/div><\/div><\/div>\n        <\/div>\n    <\/article><article class=\"eael-grid-post  eael-post-grid-column eael-pg-post-9989 category-bienestar\" data-id=\"9989\">\n        <div class=\"eael-grid-post-holder\">\n            <div class=\"eael-grid-post-holder-inner\"><div class=\"eael-entry-media\"><div class=\"eael-entry-overlay fade-in\"><i class=\"far fa-hand-pointer\" aria-hidden=\"true\"><\/i><a href=\"https:\/\/soymigrante.com\/revista\/claves-para-enfrentar-posibles-situaciones-de-discriminacion-sobre-todo-a-mujeres-hispanas\/\"><\/a><\/div><div class=\"eael-entry-thumbnail \">\n                <img loading=\"lazy\" decoding=\"async\" width=\"1024\" height=\"768\" src=\"https:\/\/soymigrante.com\/revista\/wp-content\/uploads\/2024\/10\/Discriminacion-contra-las-hispanas-asi-puedes-enfrentarlo-1024x768.webp\" class=\"attachment-large size-large wp-image-9990\" alt=\"Vestido tradicional mexicano con bordados coloridos, celebra cultura y ra\u00edces en evento cultural en M\u00e9xico. Mujeres con trajes t\u00edpicos en celebraci\u00f3n folkl\u00f3rica, mostrando identidad cultural y orgullo regional.\" \/>\n            <\/div>\n        <\/div><div class=\"eael-entry-wrapper\"><header class=\"eael-entry-header\"><h2 class=\"eael-entry-title\"><a class=\"eael-grid-post-link\" href=\"https:\/\/soymigrante.com\/revista\/claves-para-enfrentar-posibles-situaciones-de-discriminacion-sobre-todo-a-mujeres-hispanas\/\" title=\"Claves para enfrentar posibles situaciones de discriminaci\u00f3n, sobre todo a mujeres hispanas\">Claves para enfrentar posibles situaciones de discriminaci\u00f3n, sobre todo a mujeres hispanas<\/a><\/h2><\/header><div class=\"eael-entry-content\">\n                        <div class=\"eael-grid-post-excerpt\"><a href=\"https:\/\/soymigrante.com\/revista\/claves-para-enfrentar-posibles-situaciones-de-discriminacion-sobre-todo-a-mujeres-hispanas\/\" class=\"eael-post-elements-readmore-btn\">CONOCE SU HISTORIA <\/a><\/div>\n                    <\/div><\/div><\/div>\n        <\/div>\n    <\/article><\/div>\n            <div class=\"clearfix\"><\/div>\n        <\/div>\t\t\t\t<\/div>\n\t\t\t\t\t<\/div>\n\t\t\t\t<\/div>\n\t\t\t\t<\/div>\n\t\t","protected":false},"excerpt":{"rendered":"<p>El D\u00eda Internacional de la Mujer Ind\u00edgena es una muestra de memoria, resistencia y dignidad. Cada 5 de septiembre se conmemora el D\u00eda Internacional de la Mujer Ind\u00edgena, una fecha que busca honrar la lucha, resistencia y aporte de las mujeres de los pueblos originarios en Am\u00e9rica Latina.\u00a0 Esta conmemoraci\u00f3n no solo recuerda el papel [&hellip;]<\/p>\n","protected":false},"author":19,"featured_media":35409,"comment_status":"open","ping_status":"open","sticky":false,"template":"","format":"standard","meta":{"_acf_changed":false,"_eb_attr":"","footnotes":""},"categories":[58],"tags":[],"class_list":["post-43687","post","type-post","status-publish","format-standard","has-post-thumbnail","hentry","category-guate-nuestra"],"acf":[],"aioseo_notices":[],"aioseo_head":"\n\t\t<!-- All in One SEO Pro 4.9.6.2 - aioseo.com -->\n\t<meta name=\"description\" content=\"Es lamentable pero a\u00fan se dan casos de discriminaci\u00f3n por origen, estatus migratorio, color de la piel. EE.UU. es un pa\u00eds de derechos y se puede actuar.\" \/>\n\t<meta name=\"robots\" content=\"max-snippet:-1, max-image-preview:large, max-video-preview:-1\" \/>\n\t<meta name=\"author\" content=\"Marysabel Aldana\"\/>\n\t<link rel=\"canonical\" href=\"https:\/\/soymigrante.com\/revista\/claves-para-enfrentar-posibles-situaciones-de-discriminacion-sobre-todo-a-mujeres-hispanas\/\" \/>\n\t<meta name=\"generator\" content=\"All in One SEO Pro (AIOSEO) 4.9.6.2\" \/>\n\n\t\t<link rel=\"preconnect\" href=\"https:\/\/fonts.googleapis.com\" crossorigin>\n<link rel=\"preconnect\" href=\"https:\/\/fonts.gstatic.com\" crossorigin>\n\t\t<meta property=\"og:locale\" content=\"es_ES\" \/>\n\t\t<meta property=\"og:site_name\" content=\"SoyMigrante.com REVISTA \u2013 Nuestra misi\u00f3n es reconocer y dignificar al migrante.\" \/>\n\t\t<meta property=\"og:type\" content=\"article\" \/>\n\t\t<meta property=\"og:title\" content=\"Claves para abordar posibles situaciones de discriminaci\u00f3n\" \/>\n\t\t<meta property=\"og:description\" content=\"Es lamentable pero a\u00fan se dan casos de discriminaci\u00f3n por origen, estatus migratorio, color de la piel. EE.UU. es un pa\u00eds de derechos y se puede actuar.\" \/>\n\t\t<meta property=\"og:url\" content=\"https:\/\/soymigrante.com\/revista\/claves-para-enfrentar-posibles-situaciones-de-discriminacion-sobre-todo-a-mujeres-hispanas\/\" \/>\n\t\t<meta property=\"og:image\" content=\"https:\/\/soymigrante.com\/revista\/wp-content\/uploads\/2024\/10\/Discriminacion-contra-las-hispanas-asi-puedes-enfrentarlo-e1728484781492.webp\" \/>\n\t\t<meta property=\"og:image:secure_url\" content=\"https:\/\/soymigrante.com\/revista\/wp-content\/uploads\/2024\/10\/Discriminacion-contra-las-hispanas-asi-puedes-enfrentarlo-e1728484781492.webp\" \/>\n\t\t<meta property=\"og:image:width\" content=\"960\" \/>\n\t\t<meta property=\"og:image:height\" content=\"960\" \/>\n\t\t<meta property=\"article:published_time\" content=\"2024-10-08T17:16:53+00:00\" \/>\n\t\t<meta property=\"article:modified_time\" content=\"2024-10-09T14:40:04+00:00\" \/>\n\t\t<meta property=\"article:publisher\" content=\"https:\/\/www.facebook.com\/soymigrantecom\" \/>\n\t\t<meta name=\"twitter:card\" content=\"summary_large_image\" \/>\n\t\t<meta name=\"twitter:site\" content=\"@SoyMigrante_com\" \/>\n\t\t<meta name=\"twitter:title\" content=\"Claves para abordar posibles situaciones de discriminaci\u00f3n\" \/>\n\t\t<meta name=\"twitter:description\" content=\"Es lamentable pero a\u00fan se dan casos de discriminaci\u00f3n por origen, estatus migratorio, color de la piel. EE.UU. es un pa\u00eds de derechos y se puede actuar.\" \/>\n\t\t<meta name=\"twitter:creator\" content=\"@SoyMigrante_com\" \/>\n\t\t<meta name=\"twitter:image\" content=\"https:\/\/soymigrante.com\/revista\/wp-content\/uploads\/2024\/10\/Discriminacion-contra-las-hispanas-asi-puedes-enfrentarlo-e1728484781492.webp\" \/>\n\t\t<!-- All in One SEO Pro -->\r\n\t\t<title>Claves para abordar posibles situaciones de discriminaci\u00f3n<\/title>\n\n","aioseo_head_json":{"title":"Claves para abordar posibles situaciones de discriminaci\u00f3n","description":"Es lamentable pero a\u00fan se dan casos de discriminaci\u00f3n por origen, estatus migratorio, color de la piel. EE.UU. es un pa\u00eds de derechos y se puede actuar.","canonical_url":"https:\/\/soymigrante.com\/revista\/claves-para-enfrentar-posibles-situaciones-de-discriminacion-sobre-todo-a-mujeres-hispanas\/","robots":"max-snippet:-1, max-image-preview:large, max-video-preview:-1","keywords":"","webmasterTools":{"miscellaneous":"&lt;link rel=\"preconnect\" href=\"https:\/\/fonts.googleapis.com\" crossorigin&gt;\n&lt;link rel=\"preconnect\" href=\"https:\/\/fonts.gstatic.com\" crossorigin&gt;"},"schema":null,"og:locale":"es_ES","og:site_name":"SoyMigrante.com REVISTA \u2013 Nuestra misi\u00f3n es reconocer y dignificar al migrante.","og:type":"article","og:title":"Claves para abordar posibles situaciones de discriminaci\u00f3n","og:description":"Es lamentable pero a\u00fan se dan casos de discriminaci\u00f3n por origen, estatus migratorio, color de la piel. EE.UU. es un pa\u00eds de derechos y se puede actuar.","og:url":"https:\/\/soymigrante.com\/revista\/claves-para-enfrentar-posibles-situaciones-de-discriminacion-sobre-todo-a-mujeres-hispanas\/","og:image":"https:\/\/soymigrante.com\/revista\/wp-content\/uploads\/2024\/10\/Discriminacion-contra-las-hispanas-asi-puedes-enfrentarlo-e1728484781492.webp","og:image:secure_url":"https:\/\/soymigrante.com\/revista\/wp-content\/uploads\/2024\/10\/Discriminacion-contra-las-hispanas-asi-puedes-enfrentarlo-e1728484781492.webp","og:image:width":960,"og:image:height":960,"article:published_time":"2024-10-08T17:16:53+00:00","article:modified_time":"2024-10-09T14:40:04+00:00","article:publisher":"https:\/\/www.facebook.com\/soymigrantecom","twitter:card":"summary_large_image","twitter:site":"@SoyMigrante_com","twitter:title":"Claves para abordar posibles situaciones de discriminaci\u00f3n","twitter:description":"Es lamentable pero a\u00fan se dan casos de discriminaci\u00f3n por origen, estatus migratorio, color de la piel. EE.UU. es un pa\u00eds de derechos y se puede actuar.","twitter:creator":"@SoyMigrante_com","twitter:image":"https:\/\/soymigrante.com\/revista\/wp-content\/uploads\/2024\/10\/Discriminacion-contra-las-hispanas-asi-puedes-enfrentarlo-e1728484781492.webp"},"aioseo_meta_data":{"post_id":"43687","title":"D\u00eda Internacional de la Mujer Ind\u00edgena exalta aporte y talento","description":"El D\u00eda Internacional de la Mujer Ind\u00edgena es ocasi\u00f3n para valorar el aporte de las mujeres mayas intelectuales, profesionales y emprendedoras.","keywords":null,"keyphrases":{"focus":{"keyphrase":"D\u00eda Internacional de la Mujer Ind\u00edgena","score":78,"analysis":{"keyphraseInTitle":{"score":9,"maxScore":9,"error":0},"keyphraseInDescription":{"score":9,"maxScore":9,"error":0},"keyphraseLength":{"score":6,"maxScore":9,"error":1,"length":8},"keyphraseInURL":{"score":5,"maxScore":5,"error":0},"keyphraseInIntroduction":{"score":9,"maxScore":9,"error":0},"keyphraseInSubHeadings":{"score":3,"maxScore":9,"error":1},"keyphraseInImageAlt":{"score":3,"maxScore":9,"error":1},"keywordDensity":{"type":"best","score":9,"maxScore":9,"error":0}}},"additional":[{"keyphrase":"memoria","score":40,"analysis":{"keyphraseInDescription":{"score":3,"maxScore":9,"error":1},"keyphraseLength":{"score":9,"maxScore":9,"error":0,"length":1},"keyphraseInIntroduction":{"score":3,"maxScore":9,"error":1},"keyphraseInImageAlt":{"score":3,"maxScore":9,"error":1},"keywordDensity":{"score":0,"type":"low","maxScore":9,"error":1}}},{"keyphrase":"resistencia","score":53,"analysis":{"keyphraseInDescription":{"score":3,"maxScore":9,"error":1},"keyphraseLength":{"score":9,"maxScore":9,"error":0,"length":1},"keyphraseInIntroduction":{"score":9,"maxScore":9,"error":0},"keyphraseInImageAlt":{"score":3,"maxScore":9,"error":1},"keywordDensity":{"score":0,"type":"low","maxScore":9,"error":1}}},{"keyphrase":"dignidad","score":40,"analysis":{"keyphraseInDescription":{"score":3,"maxScore":9,"error":1},"keyphraseLength":{"score":9,"maxScore":9,"error":0,"length":1},"keyphraseInIntroduction":{"score":3,"maxScore":9,"error":1},"keyphraseInImageAlt":{"score":3,"maxScore":9,"error":1},"keywordDensity":{"score":0,"type":"low","maxScore":9,"error":1}}}]},"primary_term":null,"canonical_url":null,"og_title":null,"og_description":null,"og_object_type":"default","og_image_type":"default","og_image_url":null,"og_image_width":null,"og_image_height":null,"og_image_custom_url":null,"og_image_custom_fields":null,"og_video":"","og_custom_url":null,"og_article_section":null,"og_article_tags":null,"twitter_use_og":false,"twitter_card":"default","twitter_image_type":"default","twitter_image_url":null,"twitter_image_custom_url":null,"twitter_image_custom_fields":null,"twitter_title":null,"twitter_description":null,"schema":{"blockGraphs":[],"customGraphs":[],"default":{"data":{"Article":[],"Course":[],"Dataset":[],"FAQPage":[],"Movie":[],"Person":[],"Product":[],"ProductReview":[],"Car":[],"Recipe":[],"Service":[],"SoftwareApplication":[],"WebPage":[]},"graphName":"none","isEnabled":true},"graphs":[]},"schema_type":"default","schema_type_options":null,"pillar_content":false,"robots_default":true,"robots_noindex":false,"robots_noarchive":false,"robots_nosnippet":false,"robots_nofollow":false,"robots_noimageindex":false,"robots_noodp":false,"robots_notranslate":false,"robots_max_snippet":"-1","robots_max_videopreview":"-1","robots_max_imagepreview":"large","priority":null,"frequency":"default","local_seo":null,"seo_analyzer_scan_date":"2025-10-09 08:17:14","breadcrumb_settings":null,"limit_modified_date":false,"reviewed_by":"0","open_ai":null,"ai":{"faqs":[],"keyPoints":[],"titles":[],"descriptions":[],"socialPosts":{"email":[],"linkedin":[],"twitter":[],"facebook":[],"instagram":[]}},"created":"2025-09-03 20:42:47","updated":"2026-02-05 04:34:43"},"aioseo_breadcrumb":"<div class=\"aioseo-breadcrumbs\"><span class=\"aioseo-breadcrumb\">\n\t<a href=\"https:\/\/soymigrante.com\/revista\" title=\"Home\">Home<\/a>\n<\/span><span class=\"aioseo-breadcrumb-separator\">\u00bb<\/span><span class=\"aioseo-breadcrumb\">\n\t<a href=\"https:\/\/soymigrante.com\/revista\/category\/guate-nuestra\/\" title=\"Guate Nuestra\">Guate Nuestra<\/a>\n<\/span><span class=\"aioseo-breadcrumb-separator\">\u00bb<\/span><span class=\"aioseo-breadcrumb\">\n\tD\u00eda Internacional de la Mujer Ind\u00edgena celebra dignidad, talento y aporte\n<\/span><\/div>","aioseo_breadcrumb_json":[{"label":"Home","link":"https:\/\/soymigrante.com\/revista"},{"label":"Guate Nuestra","link":"https:\/\/soymigrante.com\/revista\/category\/guate-nuestra\/"},{"label":"D\u00eda Internacional de la Mujer Ind\u00edgena celebra dignidad, talento y aporte","link":"https:\/\/soymigrante.com\/revista\/dia-internacional-de-la-mujer-indigena-celebra-dignidad-talento-y-aporte\/"}],"_links":{"self":[{"href":"https:\/\/soymigrante.com\/revista\/wp-json\/wp\/v2\/posts\/43687","targetHints":{"allow":["GET"]}}],"collection":[{"href":"https:\/\/soymigrante.com\/revista\/wp-json\/wp\/v2\/posts"}],"about":[{"href":"https:\/\/soymigrante.com\/revista\/wp-json\/wp\/v2\/types\/post"}],"author":[{"embeddable":true,"href":"https:\/\/soymigrante.com\/revista\/wp-json\/wp\/v2\/users\/19"}],"replies":[{"embeddable":true,"href":"https:\/\/soymigrante.com\/revista\/wp-json\/wp\/v2\/comments?post=43687"}],"version-history":[{"count":18,"href":"https:\/\/soymigrante.com\/revista\/wp-json\/wp\/v2\/posts\/43687\/revisions"}],"predecessor-version":[{"id":43743,"href":"https:\/\/soymigrante.com\/revista\/wp-json\/wp\/v2\/posts\/43687\/revisions\/43743"}],"wp:featuredmedia":[{"embeddable":true,"href":"https:\/\/soymigrante.com\/revista\/wp-json\/wp\/v2\/media\/35409"}],"wp:attachment":[{"href":"https:\/\/soymigrante.com\/revista\/wp-json\/wp\/v2\/media?parent=43687"}],"wp:term":[{"taxonomy":"category","embeddable":true,"href":"https:\/\/soymigrante.com\/revista\/wp-json\/wp\/v2\/categories?post=43687"},{"taxonomy":"post_tag","embeddable":true,"href":"https:\/\/soymigrante.com\/revista\/wp-json\/wp\/v2\/tags?post=43687"}],"curies":[{"name":"wp","href":"https:\/\/api.w.org\/{rel}","templated":true}]}}