{"id":43670,"date":"2025-09-04T12:13:05","date_gmt":"2025-09-04T18:13:05","guid":{"rendered":"https:\/\/soymigrante.com\/revista\/?p=43670"},"modified":"2025-09-04T12:21:17","modified_gmt":"2025-09-04T18:21:17","slug":"magda-eunice-sanchez-arte-guatemalteco-artista-dibujo","status":"publish","type":"post","link":"https:\/\/soymigrante.com\/revista\/magda-eunice-sanchez-arte-guatemalteco-artista-dibujo\/","title":{"rendered":"Arte guatemalteco: El trazo sencillo pero magistral de Magda Eunice S\u00e1nchez"},"content":{"rendered":"\t\t<div data-elementor-type=\"wp-post\" data-elementor-id=\"43670\" class=\"elementor elementor-43670\" data-elementor-post-type=\"post\">\n\t\t\t\t<div data-particle_enable=\"false\" data-particle-mobile-disabled=\"false\" class=\"elementor-element elementor-element-b57b187 e-flex e-con-boxed e-con e-parent\" data-id=\"b57b187\" data-element_type=\"container\" data-e-type=\"container\">\n\t\t\t\t\t<div class=\"e-con-inner\">\n\t\t\t\t<div class=\"elementor-element elementor-element-0f764a3 elementor-widget elementor-widget-heading\" data-id=\"0f764a3\" data-element_type=\"widget\" data-e-type=\"widget\" data-widget_type=\"heading.default\">\n\t\t\t\t\t<h2 class=\"elementor-heading-title elementor-size-default\">La artista guatemalteca Magda Eunice S\u00e1nchez hablaba suave y dibujaba fuerte. Su trazo de rostros, bailarinas, aves que eran ojos y ojos que eran de gato galop\u00f3 con caballos y gir\u00f3 con ruedas de imaginaci\u00f3n. <\/h2>\t\t\t\t<\/div>\n\t\t\t\t\t<\/div>\n\t\t\t\t<\/div>\n\t\t<div data-particle_enable=\"false\" data-particle-mobile-disabled=\"false\" class=\"elementor-element elementor-element-1aed32c e-flex e-con-boxed e-con e-parent\" data-id=\"1aed32c\" data-element_type=\"container\" data-e-type=\"container\">\n\t\t\t\t\t<div class=\"e-con-inner\">\n\t\t\t\t<div class=\"elementor-element elementor-element-4d3597e elementor-widget elementor-widget-text-editor\" data-id=\"4d3597e\" data-element_type=\"widget\" data-e-type=\"widget\" data-widget_type=\"text-editor.default\">\n\t\t\t\t\t\t\t\t\t<p>La historia del arte en Guatemala no puede contarse sin mencionar a <a href=\"https:\/\/www.facebook.com\/magdaeunice.sanchez\" target=\"_blank\" rel=\"noopener\">Magda Eunice S\u00e1nchez<\/a>\u00a0(1946-2008)\u00a0una de las creadoras m\u00e1s vers\u00e1tiles y reconocidas del pa\u00eds. Su obra abarc\u00f3 la pintura, la escultura, el grabado, el muralismo y la cer\u00e1mica, con un estilo propio que se convirti\u00f3 en referente de identidad y sensibilidad art\u00edstica guatemalteca.<\/p>\t\t\t\t\t\t\t\t<\/div>\n\t\t\t\t\t<\/div>\n\t\t\t\t<\/div>\n\t\t<div data-particle_enable=\"false\" data-particle-mobile-disabled=\"false\" class=\"elementor-element elementor-element-63965f4 e-flex e-con-boxed e-con e-parent\" data-id=\"63965f4\" data-element_type=\"container\" data-e-type=\"container\">\n\t\t\t\t\t<div class=\"e-con-inner\">\n\t\t\t\t<div class=\"elementor-element elementor-element-b134b71 elementor-arrows-position-inside elementor-pagination-position-outside elementor-widget elementor-widget-image-carousel\" data-id=\"b134b71\" data-element_type=\"widget\" data-e-type=\"widget\" data-settings=\"{&quot;slides_to_show&quot;:&quot;1&quot;,&quot;effect&quot;:&quot;fade&quot;,&quot;navigation&quot;:&quot;both&quot;,&quot;autoplay&quot;:&quot;yes&quot;,&quot;pause_on_hover&quot;:&quot;yes&quot;,&quot;pause_on_interaction&quot;:&quot;yes&quot;,&quot;autoplay_speed&quot;:5000,&quot;infinite&quot;:&quot;yes&quot;,&quot;speed&quot;:500}\" data-widget_type=\"image-carousel.default\">\n\t\t\t\t\t\t\t<div class=\"elementor-image-carousel-wrapper swiper\" role=\"region\" aria-roledescription=\"carousel\" aria-label=\"Carrusel de im\u00e1genes\" dir=\"ltr\">\n\t\t\t<div class=\"elementor-image-carousel swiper-wrapper\" aria-live=\"off\">\n\t\t\t\t\t\t\t\t<div class=\"swiper-slide\" role=\"group\" aria-roledescription=\"slide\" aria-label=\"1 de 6\"><figure class=\"swiper-slide-inner\"><img decoding=\"async\" class=\"swiper-slide-image\" src=\"https:\/\/soymigrante.com\/revista\/wp-content\/uploads\/2025\/09\/magda-eunice-sanchez-arte-guatemalteco-7.jpg\" alt=\"Negro y a veces toques de rojo eran parte de la identidad art\u00edstica de la guatemalteca Magda Eunice S\u00e1nchez (1946-2008) en sus dibujos de bailarinas, rostros, caballos, aves, en entornos siempre m\u00e1gicos.\" \/><figcaption class=\"elementor-image-carousel-caption\">Negro y a veces toques de rojo eran parte de la identidad art\u00edstica de la guatemalteca Magda Eunice S\u00e1nchez (1946-2008) en sus dibujos de bailarinas, rostros, caballos, aves, en entornos siempre m\u00e1gicos. <\/figcaption><\/figure><\/div><div class=\"swiper-slide\" role=\"group\" aria-roledescription=\"slide\" aria-label=\"2 de 6\"><figure class=\"swiper-slide-inner\"><img decoding=\"async\" class=\"swiper-slide-image\" src=\"https:\/\/soymigrante.com\/revista\/wp-content\/uploads\/2025\/09\/magda-eunice-sanchez-arte-guatemalteco-8.jpg\" alt=\"Negro y a veces toques de rojo eran parte de la identidad art\u00edstica de la guatemalteca Magda Eunice S\u00e1nchez (1946-2008) en sus dibujos de bailarinas, rostros, caballos, aves, en entornos siempre m\u00e1gicos.\" \/><figcaption class=\"elementor-image-carousel-caption\">Negro y a veces toques de rojo eran parte de la identidad art\u00edstica de la guatemalteca Magda Eunice S\u00e1nchez (1946-2008) en sus dibujos de bailarinas, rostros, caballos, aves, en entornos siempre m\u00e1gicos. <\/figcaption><\/figure><\/div><div class=\"swiper-slide\" role=\"group\" aria-roledescription=\"slide\" aria-label=\"3 de 6\"><figure class=\"swiper-slide-inner\"><img decoding=\"async\" class=\"swiper-slide-image\" src=\"https:\/\/soymigrante.com\/revista\/wp-content\/uploads\/2025\/09\/magda-eunice-sanchez-arte-guatemalteco-10-734x1024.jpg\" alt=\"Negro y a veces toques de rojo eran parte de la identidad art\u00edstica de la guatemalteca Magda Eunice S\u00e1nchez (1946-2008) en sus dibujos de bailarinas, rostros, caballos, aves, en entornos siempre m\u00e1gicos.\" \/><figcaption class=\"elementor-image-carousel-caption\">Negro y a veces toques de rojo eran parte de la identidad art\u00edstica de la guatemalteca Magda Eunice S\u00e1nchez (1946-2008) en sus dibujos de bailarinas, rostros, caballos, aves, en entornos siempre m\u00e1gicos. <\/figcaption><\/figure><\/div><div class=\"swiper-slide\" role=\"group\" aria-roledescription=\"slide\" aria-label=\"4 de 6\"><figure class=\"swiper-slide-inner\"><img decoding=\"async\" class=\"swiper-slide-image\" src=\"https:\/\/soymigrante.com\/revista\/wp-content\/uploads\/2025\/09\/magda-eunice-sanchez-arte-guatemalteco-11.jpg\" alt=\"Negro y a veces toques de rojo eran parte de la identidad art\u00edstica de la guatemalteca Magda Eunice S\u00e1nchez (1946-2008) en sus dibujos de bailarinas, rostros, caballos, aves, en entornos siempre m\u00e1gicos.\" \/><figcaption class=\"elementor-image-carousel-caption\">Negro y a veces toques de rojo eran parte de la identidad art\u00edstica de la guatemalteca Magda Eunice S\u00e1nchez (1946-2008) en sus dibujos de bailarinas, rostros, caballos, aves, en entornos siempre m\u00e1gicos. <\/figcaption><\/figure><\/div><div class=\"swiper-slide\" role=\"group\" aria-roledescription=\"slide\" aria-label=\"5 de 6\"><figure class=\"swiper-slide-inner\"><img decoding=\"async\" class=\"swiper-slide-image\" src=\"https:\/\/soymigrante.com\/revista\/wp-content\/uploads\/2025\/09\/magda-eunice-sanchez-arte-guatemalteco-14-784x1024.jpg\" alt=\"Negro y a veces toques de rojo eran parte de la identidad art\u00edstica de la guatemalteca Magda Eunice S\u00e1nchez (1946-2008) en sus dibujos de bailarinas, rostros, caballos, aves, en entornos siempre m\u00e1gicos.\" \/><figcaption class=\"elementor-image-carousel-caption\">Negro y a veces toques de rojo eran parte de la identidad art\u00edstica de la guatemalteca Magda Eunice S\u00e1nchez (1946-2008) en sus dibujos de bailarinas, rostros, caballos, aves, en entornos siempre m\u00e1gicos. <\/figcaption><\/figure><\/div><div class=\"swiper-slide\" role=\"group\" aria-roledescription=\"slide\" aria-label=\"6 de 6\"><figure class=\"swiper-slide-inner\"><img decoding=\"async\" class=\"swiper-slide-image\" src=\"https:\/\/soymigrante.com\/revista\/wp-content\/uploads\/2025\/09\/magda-eunice-sanchez-arte-guatemalteco-15-792x1024.jpg\" alt=\"Negro y a veces toques de rojo eran parte de la identidad art\u00edstica de la guatemalteca Magda Eunice S\u00e1nchez (1946-2008) en sus dibujos de bailarinas, rostros, caballos, aves, en entornos siempre m\u00e1gicos.\" \/><figcaption class=\"elementor-image-carousel-caption\">Negro y a veces toques de rojo eran parte de la identidad art\u00edstica de la guatemalteca Magda Eunice S\u00e1nchez (1946-2008) en sus dibujos de bailarinas, rostros, caballos, aves, en entornos siempre m\u00e1gicos. <\/figcaption><\/figure><\/div>\t\t\t<\/div>\n\t\t\t\t\t\t\t\t\t\t\t\t<div class=\"elementor-swiper-button elementor-swiper-button-prev\" role=\"button\" tabindex=\"0\">\n\t\t\t\t\t\t<i aria-hidden=\"true\" class=\"eicon-chevron-left\"><\/i>\t\t\t\t\t<\/div>\n\t\t\t\t\t<div class=\"elementor-swiper-button elementor-swiper-button-next\" role=\"button\" tabindex=\"0\">\n\t\t\t\t\t\t<i aria-hidden=\"true\" class=\"eicon-chevron-right\"><\/i>\t\t\t\t\t<\/div>\n\t\t\t\t\n\t\t\t\t\t\t\t\t\t<div class=\"swiper-pagination\"><\/div>\n\t\t\t\t\t\t\t\t\t<\/div>\n\t\t\t\t\t\t<\/div>\n\t\t\t\t\t<\/div>\n\t\t\t\t<\/div>\n\t\t<div data-particle_enable=\"false\" data-particle-mobile-disabled=\"false\" class=\"elementor-element elementor-element-e5b8881 e-flex e-con-boxed e-con e-parent\" data-id=\"e5b8881\" data-element_type=\"container\" data-e-type=\"container\">\n\t\t\t\t\t<div class=\"e-con-inner\">\n\t\t\t\t<div class=\"elementor-element elementor-element-18c9344 elementor-widget elementor-widget-text-editor\" data-id=\"18c9344\" data-element_type=\"widget\" data-e-type=\"widget\" data-widget_type=\"text-editor.default\">\n\t\t\t\t\t\t\t\t\t<p>Nacida en la ciudad de Guatemala en 1938, Magda Eunice S\u00e1nchez dedic\u00f3 su vida al arte y a la docencia<a href=\"https:\/\/www.facebook.com\/magdaeunice.sanchez\" target=\"_blank\" rel=\"noopener\">. Fue egresada de la Escuela Nacional de Artes Pl\u00e1sticas \u201cRafael Rodr\u00edguez Padilla\u201d,<\/a> donde posteriormente tambi\u00e9n ejerci\u00f3 como maestra, formando a generaciones de artistas.<\/p>\t\t\t\t\t\t\t\t<\/div>\n\t\t\t\t\t<\/div>\n\t\t\t\t<\/div>\n\t\t<div data-particle_enable=\"false\" data-particle-mobile-disabled=\"false\" class=\"elementor-element elementor-element-9c919ab e-flex e-con-boxed e-con e-parent\" data-id=\"9c919ab\" data-element_type=\"container\" data-e-type=\"container\">\n\t\t\t\t\t<div class=\"e-con-inner\">\n\t\t\t\t<div class=\"elementor-element elementor-element-7ba893b elementor-widget elementor-widget-image\" data-id=\"7ba893b\" data-element_type=\"widget\" data-e-type=\"widget\" data-widget_type=\"image.default\">\n\t\t\t\t\t\t\t\t\t\t\t\t<figure class=\"wp-caption\">\n\t\t\t\t\t\t\t\t\t\t<img fetchpriority=\"high\" decoding=\"async\" width=\"400\" height=\"301\" src=\"https:\/\/soymigrante.com\/revista\/wp-content\/uploads\/2025\/09\/magda-eunice-sanchez-arte-guatemalteco-1.jpg\" class=\"attachment-large size-large wp-image-43773\" alt=\"Magda Eunice S\u00e1nchez siempre dec\u00eda que pintaba por el gusto de pintar. Que eso era suficiente para que un artista se motivara y diera lo mejor de s\u00ed. Magda utilizaba como s\u00edmbolo de libertad y expresi\u00f3n las manos solas o entrelazadas de las bailarinas que pintaba.\" srcset=\"https:\/\/soymigrante.com\/revista\/wp-content\/uploads\/2025\/09\/magda-eunice-sanchez-arte-guatemalteco-1.jpg 400w, https:\/\/soymigrante.com\/revista\/wp-content\/uploads\/2025\/09\/magda-eunice-sanchez-arte-guatemalteco-1-300x226.jpg 300w\" sizes=\"(max-width: 400px) 100vw, 400px\" title=\"Magda Eunice S\u00e1nchez siempre dec\u00eda que  pintaba por el gusto de pintar.  Que eso era suficiente para que un artista se motivara y diera lo mejor de s\u00ed. Magda utilizaba como s\u00edmbolo de libertad y expresi\u00f3n las manos solas o entrelazadas de las bailarinas que pintaba. \u2013 SoyMigrante.com REVISTA\" \/>\t\t\t\t\t\t\t\t\t\t\t<figcaption class=\"widget-image-caption wp-caption-text\">Magda Eunice S\u00e1nchez siempre dec\u00eda que  pintaba por el gusto de pintar.  Que eso era suficiente para que un artista se motivara y diera lo mejor de s\u00ed. Magda utilizaba como s\u00edmbolo de libertad y expresi\u00f3n las manos solas o entrelazadas de las bailarinas que pintaba.<\/figcaption>\n\t\t\t\t\t\t\t\t\t\t<\/figure>\n\t\t\t\t\t\t\t\t\t<\/div>\n\t\t\t\t\t<\/div>\n\t\t\t\t<\/div>\n\t\t<div data-particle_enable=\"false\" data-particle-mobile-disabled=\"false\" class=\"elementor-element elementor-element-7bc8a60 e-flex e-con-boxed e-con e-parent\" data-id=\"7bc8a60\" data-element_type=\"container\" data-e-type=\"container\">\n\t\t\t\t\t<div class=\"e-con-inner\">\n\t\t\t\t<div class=\"elementor-element elementor-element-27fda5c elementor-widget elementor-widget-heading\" data-id=\"27fda5c\" data-element_type=\"widget\" data-e-type=\"widget\" data-widget_type=\"heading.default\">\n\t\t\t\t\t<h3 class=\"elementor-heading-title elementor-size-default\">Guardaba ideas... que a veces ya eran obras finales<\/h3>\t\t\t\t<\/div>\n\t\t\t\t\t<\/div>\n\t\t\t\t<\/div>\n\t\t<div data-particle_enable=\"false\" data-particle-mobile-disabled=\"false\" class=\"elementor-element elementor-element-e1246a6 e-flex e-con-boxed e-con e-parent\" data-id=\"e1246a6\" data-element_type=\"container\" data-e-type=\"container\">\n\t\t\t\t\t<div class=\"e-con-inner\">\n\t\t\t\t<div class=\"elementor-element elementor-element-8a6e69a elementor-widget elementor-widget-text-editor\" data-id=\"8a6e69a\" data-element_type=\"widget\" data-e-type=\"widget\" data-widget_type=\"text-editor.default\">\n\t\t\t\t\t\t\t\t\t<p><a href=\"https:\/\/www.facebook.com\/magdaeunice.sanchez\" target=\"_blank\" rel=\"noopener\">Su trabajo se caracteriz\u00f3 por una fuerte valoraci\u00f3n de la mujer<\/a>. Sin embargo explor\u00f3 tambi\u00e9n la magia de figuras de la naturaleza, como aves, gatos, caballos, siempre en trazos r\u00e1pidos.<\/p><p>Muchos cr\u00edticos se\u00f1alan que su arte refleja ternura, pero tambi\u00e9n firmeza, con un trazo seguro que combina lo tradicional con lo contempor\u00e1neo. Incursion\u00f3 tambi\u00e9n en la escultura, al hacer versiones de sus caballos y bailarinas en piedra.<\/p><p>&#8220;Antes dibujaba en cualquier papelito. Pero ahora, aunque sea solo una idea, la hago sobre un buen papel. Porque guardo esos dibujos para que la idea madure, para trabajarla m\u00e1s. Y pasa que tras un tiempo me doy cuenta de que ya estaban terminados&#8221;, <a href=\"https:\/\/www.prensalibre.com\/vida\/escenario\/ensuenos-magda-eunice-0-1048695199\/\">le dijo una vez Magda Eunice<\/a> S\u00e1nchez, al periodista Gustavo Montenegro.<\/p>\t\t\t\t\t\t\t\t<\/div>\n\t\t\t\t\t<\/div>\n\t\t\t\t<\/div>\n\t\t<div data-particle_enable=\"false\" data-particle-mobile-disabled=\"false\" class=\"elementor-element elementor-element-f597666 e-flex e-con-boxed e-con e-parent\" data-id=\"f597666\" data-element_type=\"container\" data-e-type=\"container\">\n\t\t\t\t\t<div class=\"e-con-inner\">\n\t\t\t\t<div class=\"elementor-element elementor-element-5448591 elementor-widget elementor-widget-html\" data-id=\"5448591\" data-element_type=\"widget\" data-e-type=\"widget\" data-widget_type=\"html.default\">\n\t\t\t\t\t<iframe width=\"560\" height=\"415\" src=\"https:\/\/www.youtube.com\/embed\/_TG8avUpNBs?si=t52KeEOROYPgQtvO\" title=\"YouTube video player\" frameborder=\"0\" allow=\"accelerometer; autoplay; clipboard-write; encrypted-media; gyroscope; picture-in-picture; web-share\" referrerpolicy=\"strict-origin-when-cross-origin\" allowfullscreen><\/iframe>\t\t\t\t<\/div>\n\t\t\t\t\t<\/div>\n\t\t\t\t<\/div>\n\t\t<div data-particle_enable=\"false\" data-particle-mobile-disabled=\"false\" class=\"elementor-element elementor-element-7c1cb93 e-flex e-con-boxed e-con e-parent\" data-id=\"7c1cb93\" data-element_type=\"container\" data-e-type=\"container\">\n\t\t\t\t\t<div class=\"e-con-inner\">\n\t\t\t\t<div class=\"elementor-element elementor-element-c1e9496 elementor-widget elementor-widget-heading\" data-id=\"c1e9496\" data-element_type=\"widget\" data-e-type=\"widget\" data-widget_type=\"heading.default\">\n\t\t\t\t\t<h3 class=\"elementor-heading-title elementor-size-default\">Los premios a Magda Eunice <\/h3>\t\t\t\t<\/div>\n\t\t\t\t\t<\/div>\n\t\t\t\t<\/div>\n\t\t<div data-particle_enable=\"false\" data-particle-mobile-disabled=\"false\" class=\"elementor-element elementor-element-5dc7209 e-flex e-con-boxed e-con e-parent\" data-id=\"5dc7209\" data-element_type=\"container\" data-e-type=\"container\">\n\t\t\t\t\t<div class=\"e-con-inner\">\n\t\t\t\t<div class=\"elementor-element elementor-element-cc10b5a elementor-widget elementor-widget-text-editor\" data-id=\"cc10b5a\" data-element_type=\"widget\" data-e-type=\"widget\" data-widget_type=\"text-editor.default\">\n\t\t\t\t\t\t\t\t\t<p>En 2006, fue galardonada con el Premio Nacional de Arte \u201cCarlos M\u00e9rida\u201d, uno de los m\u00e1s altos reconocimientos que otorga el Estado de Guatemala a sus artistas m\u00e1s destacados.<\/p><p><a href=\"https:\/\/www.facebook.com\/magdaeunice.sanchez\" target=\"_blank\" rel=\"noopener\">Magda Eunice S\u00e1nchez falleci\u00f3 en 2008<\/a>, pero su obra sigue viva como una expresi\u00f3n genuina de la creatividad guatemalteca y de la fuerza femenina en el arte. Su nombre es recordado entre las grandes figuras de la pl\u00e1stica nacional, junto a maestros como Efra\u00edn Recinos, Roberto Gonz\u00e1lez Goyri y Margarita Azurdia.<\/p>\t\t\t\t\t\t\t\t<\/div>\n\t\t\t\t\t<\/div>\n\t\t\t\t<\/div>\n\t\t<div data-particle_enable=\"false\" data-particle-mobile-disabled=\"false\" class=\"elementor-element elementor-element-13deb97 e-flex e-con-boxed e-con e-parent\" data-id=\"13deb97\" data-element_type=\"container\" data-e-type=\"container\">\n\t\t\t\t\t<div class=\"e-con-inner\">\n\t\t\t\t<div class=\"elementor-element elementor-element-d693e66 elementor-widget elementor-widget-image\" data-id=\"d693e66\" data-element_type=\"widget\" data-e-type=\"widget\" data-widget_type=\"image.default\">\n\t\t\t\t\t\t\t\t\t\t\t\t<figure class=\"wp-caption\">\n\t\t\t\t\t\t\t\t\t\t<img decoding=\"async\" width=\"1024\" height=\"768\" src=\"https:\/\/soymigrante.com\/revista\/wp-content\/uploads\/2025\/09\/magda-eunice-sanchez-arte-guatemalteco-1-1024x768.jpeg\" class=\"attachment-large size-large wp-image-43788\" alt=\"La caracter\u00edstica firma redondeada de Magda Eunice S\u00e1nchez marca una obra llena de libertad, nostalgia y sue\u00f1os.\" srcset=\"https:\/\/soymigrante.com\/revista\/wp-content\/uploads\/2025\/09\/magda-eunice-sanchez-arte-guatemalteco-1-1024x768.jpeg 1024w, https:\/\/soymigrante.com\/revista\/wp-content\/uploads\/2025\/09\/magda-eunice-sanchez-arte-guatemalteco-1-300x225.jpeg 300w, https:\/\/soymigrante.com\/revista\/wp-content\/uploads\/2025\/09\/magda-eunice-sanchez-arte-guatemalteco-1-768x576.jpeg 768w, https:\/\/soymigrante.com\/revista\/wp-content\/uploads\/2025\/09\/magda-eunice-sanchez-arte-guatemalteco-1-750x563.jpeg 750w, https:\/\/soymigrante.com\/revista\/wp-content\/uploads\/2025\/09\/magda-eunice-sanchez-arte-guatemalteco-1-1140x855.jpeg 1140w, https:\/\/soymigrante.com\/revista\/wp-content\/uploads\/2025\/09\/magda-eunice-sanchez-arte-guatemalteco-1.jpeg 1500w\" sizes=\"(max-width: 1024px) 100vw, 1024px\" title=\"La caracter\u00edstica firma redondeada de Magda Eunice S\u00e1nchez marca una obra llena de libertad, nostalgia y sue\u00f1os. \u2013 SoyMigrante.com REVISTA\" \/>\t\t\t\t\t\t\t\t\t\t\t<figcaption class=\"widget-image-caption wp-caption-text\">La caracter\u00edstica firma redondeada de Magda Eunice S\u00e1nchez marca una obra llena de libertad, nostalgia y sue\u00f1os.<\/figcaption>\n\t\t\t\t\t\t\t\t\t\t<\/figure>\n\t\t\t\t\t\t\t\t\t<\/div>\n\t\t\t\t\t<\/div>\n\t\t\t\t<\/div>\n\t\t<div data-particle_enable=\"false\" data-particle-mobile-disabled=\"false\" class=\"elementor-element elementor-element-7beacc9 e-flex e-con-boxed e-con e-parent\" data-id=\"7beacc9\" data-element_type=\"container\" data-e-type=\"container\">\n\t\t\t\t\t<div class=\"e-con-inner\">\n\t\t\t\t<div class=\"elementor-element elementor-element-7b3167a elementor-widget elementor-widget-heading\" data-id=\"7b3167a\" data-element_type=\"widget\" data-e-type=\"widget\" data-widget_type=\"heading.default\">\n\t\t\t\t\t<h2 class=\"elementor-heading-title elementor-size-default\">Creaci\u00f3n guatemalteca inagotable<\/h2>\t\t\t\t<\/div>\n\t\t\t\t\t<\/div>\n\t\t\t\t<\/div>\n\t\t<div data-particle_enable=\"false\" data-particle-mobile-disabled=\"false\" class=\"elementor-element elementor-element-c7e7f99 e-flex e-con-boxed e-con e-parent\" data-id=\"c7e7f99\" data-element_type=\"container\" data-e-type=\"container\">\n\t\t\t\t\t<div class=\"e-con-inner\">\n\t\t\t\t<div class=\"elementor-element elementor-element-285cf36 elementor-grid-eael-col-3 elementor-grid-tablet-eael-col-2 elementor-grid-mobile-eael-col-1 elementor-widget elementor-widget-eael-post-grid\" data-id=\"285cf36\" data-element_type=\"widget\" data-e-type=\"widget\" data-settings=\"{&quot;eael_post_grid_columns&quot;:&quot;eael-col-3&quot;,&quot;eael_post_grid_columns_tablet&quot;:&quot;eael-col-2&quot;,&quot;eael_post_grid_columns_mobile&quot;:&quot;eael-col-1&quot;}\" data-widget_type=\"eael-post-grid.default\">\n\t\t\t\t\t<div id=\"eael-post-grid-285cf36\" class=\"eael-post-grid-container\">\n            <div class=\"eael-post-grid eael-post-appender eael-post-appender-285cf36 eael-post-grid-style-one\" data-layout-mode=\"masonry\"><article class=\"eael-grid-post  eael-post-grid-column eael-pg-post-39088 category-estamos-unidos\" data-id=\"39088\">\n        <div class=\"eael-grid-post-holder\">\n            <div class=\"eael-grid-post-holder-inner\"><div class=\"eael-entry-media\"><div class=\"eael-entry-overlay fade-in\"><i class=\"far fa-hand-pointer\" aria-hidden=\"true\"><\/i><a href=\"https:\/\/soymigrante.com\/revista\/colores-sin-fronteras-brilla-el-arte-de-la-artista-cubano-guatemalteca-kika-garces\/\"><\/a><\/div><div class=\"eael-entry-thumbnail \">\n                <img decoding=\"async\" width=\"1024\" height=\"1024\" src=\"https:\/\/soymigrante.com\/revista\/wp-content\/uploads\/2025\/07\/Colores-sin-Fronteras-Kika-Garces-de-Marcilla-y-el-Arte-como-Puente-Cultural5-e1752258511792-1024x1024.jpeg\" class=\"attachment-large size-large wp-image-39089\" alt=\"Bote de vidrio con l\u00edquido naranja, envuelto en pl\u00e1stico transparente, sobre fondo blanco.\" srcset=\"https:\/\/soymigrante.com\/revista\/wp-content\/uploads\/2025\/07\/Colores-sin-Fronteras-Kika-Garces-de-Marcilla-y-el-Arte-como-Puente-Cultural5-e1752258511792-1024x1024.jpeg 1024w, https:\/\/soymigrante.com\/revista\/wp-content\/uploads\/2025\/07\/Colores-sin-Fronteras-Kika-Garces-de-Marcilla-y-el-Arte-como-Puente-Cultural5-e1752258511792-300x300.jpeg 300w, https:\/\/soymigrante.com\/revista\/wp-content\/uploads\/2025\/07\/Colores-sin-Fronteras-Kika-Garces-de-Marcilla-y-el-Arte-como-Puente-Cultural5-e1752258511792-150x150.jpeg 150w, https:\/\/soymigrante.com\/revista\/wp-content\/uploads\/2025\/07\/Colores-sin-Fronteras-Kika-Garces-de-Marcilla-y-el-Arte-como-Puente-Cultural5-e1752258511792-768x768.jpeg 768w, https:\/\/soymigrante.com\/revista\/wp-content\/uploads\/2025\/07\/Colores-sin-Fronteras-Kika-Garces-de-Marcilla-y-el-Arte-como-Puente-Cultural5-e1752258511792-75x75.webp 75w, https:\/\/soymigrante.com\/revista\/wp-content\/uploads\/2025\/07\/Colores-sin-Fronteras-Kika-Garces-de-Marcilla-y-el-Arte-como-Puente-Cultural5-e1752258511792-750x750.jpeg 750w, https:\/\/soymigrante.com\/revista\/wp-content\/uploads\/2025\/07\/Colores-sin-Fronteras-Kika-Garces-de-Marcilla-y-el-Arte-como-Puente-Cultural5-e1752258511792.webp 1080w\" sizes=\"(max-width: 1024px) 100vw, 1024px\" \/>\n            <\/div>\n        <\/div><div class=\"eael-entry-wrapper\"><header class=\"eael-entry-header\"><h2 class=\"eael-entry-title\"><a class=\"eael-grid-post-link\" href=\"https:\/\/soymigrante.com\/revista\/colores-sin-fronteras-brilla-el-arte-de-la-artista-cubano-guatemalteca-kika-garces\/\" title=\"Colores sin fronteras: brilla el arte de la artista cubano-guatemalteca Kika Garc\u00e9s\">Colores sin fronteras: brilla el arte de la artista cubano-guatemalteca Kika Garc\u00e9s<\/a><\/h2><\/header><div class=\"eael-entry-content\">\n                        <div class=\"eael-grid-post-excerpt\"><a href=\"https:\/\/soymigrante.com\/revista\/colores-sin-fronteras-brilla-el-arte-de-la-artista-cubano-guatemalteca-kika-garces\/\" class=\"eael-post-elements-readmore-btn\">CONOCE SU HISTORIA <\/a><\/div>\n                    <\/div><\/div><\/div>\n        <\/div>\n    <\/article><article class=\"eael-grid-post  eael-post-grid-column eael-pg-post-26386 category-guate-nuestra tags-mercado-emprendedores\" data-id=\"26386\">\n        <div class=\"eael-grid-post-holder\">\n            <div class=\"eael-grid-post-holder-inner\"><div class=\"eael-entry-media\"><div class=\"eael-entry-overlay fade-in\"><i class=\"far fa-hand-pointer\" aria-hidden=\"true\"><\/i><a href=\"https:\/\/soymigrante.com\/revista\/bazar-de-artistas-comalapenses-ofrece-creatividad-y-tradicion-su-tienda-digital\/\"><\/a><\/div><div class=\"eael-entry-thumbnail \">\n                <img loading=\"lazy\" decoding=\"async\" width=\"778\" height=\"778\" src=\"https:\/\/soymigrante.com\/revista\/wp-content\/uploads\/2025\/02\/comalapense.webp\" class=\"attachment-large size-large wp-image-26387\" alt=\"Cultura ind\u00edgena y arte popular mexicana en exposici\u00f3n de SoyMigrante.com REVISTA con recursos art\u00edsticos y culturales.\" srcset=\"https:\/\/soymigrante.com\/revista\/wp-content\/uploads\/2025\/02\/comalapense.webp 778w, https:\/\/soymigrante.com\/revista\/wp-content\/uploads\/2025\/02\/comalapense-300x300.jpg 300w, https:\/\/soymigrante.com\/revista\/wp-content\/uploads\/2025\/02\/comalapense-150x150.jpg 150w, https:\/\/soymigrante.com\/revista\/wp-content\/uploads\/2025\/02\/comalapense-768x768.jpg 768w, https:\/\/soymigrante.com\/revista\/wp-content\/uploads\/2025\/02\/comalapense-75x75.webp 75w, https:\/\/soymigrante.com\/revista\/wp-content\/uploads\/2025\/02\/comalapense-750x750.webp 750w\" sizes=\"(max-width: 778px) 100vw, 778px\" \/>\n            <\/div>\n        <\/div><div class=\"eael-entry-wrapper\"><header class=\"eael-entry-header\"><h2 class=\"eael-entry-title\"><a class=\"eael-grid-post-link\" href=\"https:\/\/soymigrante.com\/revista\/bazar-de-artistas-comalapenses-ofrece-creatividad-y-tradicion-su-tienda-digital\/\" title=\"Bazar de Artistas Comalapenses ofrece creatividad y tradici\u00f3n su tienda digital\">Bazar de Artistas Comalapenses ofrece creatividad y tradici\u00f3n su tienda digital<\/a><\/h2><\/header><div class=\"eael-entry-content\">\n                        <div class=\"eael-grid-post-excerpt\"><a href=\"https:\/\/soymigrante.com\/revista\/bazar-de-artistas-comalapenses-ofrece-creatividad-y-tradicion-su-tienda-digital\/\" class=\"eael-post-elements-readmore-btn\">CONOCE SU HISTORIA <\/a><\/div>\n                    <\/div><\/div><\/div>\n        <\/div>\n    <\/article><article class=\"eael-grid-post  eael-post-grid-column eael-pg-post-3245 category-estamos-unidos\" data-id=\"3245\">\n        <div class=\"eael-grid-post-holder\">\n            <div class=\"eael-grid-post-holder-inner\"><div class=\"eael-entry-media\"><div class=\"eael-entry-overlay fade-in\"><i class=\"far fa-hand-pointer\" aria-hidden=\"true\"><\/i><a href=\"https:\/\/soymigrante.com\/revista\/houston-artista-maya-tzutujil-efectua-un-performance-en-homenaje-a-migrantes\/\"><\/a><\/div><div class=\"eael-entry-thumbnail \">\n                <img loading=\"lazy\" decoding=\"async\" width=\"1024\" height=\"658\" src=\"https:\/\/soymigrante.com\/revista\/wp-content\/uploads\/2023\/11\/Artista-guatemalteco-Benvenuto-Chavajay-efectua-homenaje-a-migrantes-fallecidos-en-Houston-Texas-3-1024x658.webp\" class=\"attachment-large size-large wp-image-3246\" alt=\"\" srcset=\"https:\/\/soymigrante.com\/revista\/wp-content\/uploads\/2023\/11\/Artista-guatemalteco-Benvenuto-Chavajay-efectua-homenaje-a-migrantes-fallecidos-en-Houston-Texas-3-1024x658.webp 1024w, https:\/\/soymigrante.com\/revista\/wp-content\/uploads\/2023\/11\/Artista-guatemalteco-Benvenuto-Chavajay-efectua-homenaje-a-migrantes-fallecidos-en-Houston-Texas-3-300x193.webp 300w, https:\/\/soymigrante.com\/revista\/wp-content\/uploads\/2023\/11\/Artista-guatemalteco-Benvenuto-Chavajay-efectua-homenaje-a-migrantes-fallecidos-en-Houston-Texas-3-768x493.webp 768w, https:\/\/soymigrante.com\/revista\/wp-content\/uploads\/2023\/11\/Artista-guatemalteco-Benvenuto-Chavajay-efectua-homenaje-a-migrantes-fallecidos-en-Houston-Texas-3-1536x987.webp 1536w, https:\/\/soymigrante.com\/revista\/wp-content\/uploads\/2023\/11\/Artista-guatemalteco-Benvenuto-Chavajay-efectua-homenaje-a-migrantes-fallecidos-en-Houston-Texas-3-750x482.webp 750w, https:\/\/soymigrante.com\/revista\/wp-content\/uploads\/2023\/11\/Artista-guatemalteco-Benvenuto-Chavajay-efectua-homenaje-a-migrantes-fallecidos-en-Houston-Texas-3-1140x732.webp 1140w, https:\/\/soymigrante.com\/revista\/wp-content\/uploads\/2023\/11\/Artista-guatemalteco-Benvenuto-Chavajay-efectua-homenaje-a-migrantes-fallecidos-en-Houston-Texas-3.webp 1600w\" sizes=\"(max-width: 1024px) 100vw, 1024px\" \/>\n            <\/div>\n        <\/div><div class=\"eael-entry-wrapper\"><header class=\"eael-entry-header\"><h2 class=\"eael-entry-title\"><a class=\"eael-grid-post-link\" href=\"https:\/\/soymigrante.com\/revista\/houston-artista-maya-tzutujil-efectua-un-performance-en-homenaje-a-migrantes\/\" title=\"Artista tzutujil efect\u00faa performance en Houston a la memoria de almas de migrantes\">Artista tzutujil efect\u00faa performance en Houston a la memoria de almas de migrantes<\/a><\/h2><\/header><div class=\"eael-entry-content\">\n                        <div class=\"eael-grid-post-excerpt\"><a href=\"https:\/\/soymigrante.com\/revista\/houston-artista-maya-tzutujil-efectua-un-performance-en-homenaje-a-migrantes\/\" class=\"eael-post-elements-readmore-btn\">CONOCE SU HISTORIA <\/a><\/div>\n                    <\/div><\/div><\/div>\n        <\/div>\n    <\/article><\/div>\n            <div class=\"clearfix\"><\/div>\n        <\/div>\t\t\t\t<\/div>\n\t\t\t\t\t<\/div>\n\t\t\t\t<\/div>\n\t\t\t\t<\/div>\n\t\t","protected":false},"excerpt":{"rendered":"<p>La artista guatemalteca Magda Eunice S\u00e1nchez hablaba suave y dibujaba fuerte. Su trazo de rostros, bailarinas, aves que eran ojos y ojos que eran de gato galop\u00f3 con caballos y gir\u00f3 con ruedas de imaginaci\u00f3n. La historia del arte en Guatemala no puede contarse sin mencionar a Magda Eunice S\u00e1nchez\u00a0(1946-2008)\u00a0una de las creadoras m\u00e1s vers\u00e1tiles [&hellip;]<\/p>\n","protected":false},"author":19,"featured_media":43764,"comment_status":"open","ping_status":"open","sticky":false,"template":"","format":"standard","meta":{"_acf_changed":false,"_eb_attr":"","footnotes":""},"categories":[91,58],"tags":[],"class_list":["post-43670","post","type-post","status-publish","format-standard","has-post-thumbnail","hentry","category-arte-cultura","category-guate-nuestra"],"acf":[],"aioseo_notices":[],"aioseo_head":"\n\t\t<!-- All in One SEO Pro 4.9.6.2 - aioseo.com -->\n\t<meta name=\"description\" content=\"El artista maya tzutujil Benvenuto Chavajay efectu\u00f3 una acci\u00f3n art\u00edstica, con el apoyo del Instituto de Arte de la Universidad de Houston y la galer\u00eda Blaffer, en representaci\u00f3n de las almas de migrantes guatemaltecos que han muerto lejos de su tierra natal Cuerpo pintado como un lenguaje No es la primera vez que Benvenuto Chavajay\" \/>\n\t<meta name=\"robots\" content=\"max-snippet:-1, max-image-preview:large, max-video-preview:-1\" \/>\n\t<meta name=\"author\" content=\"Marysabel Aldana\"\/>\n\t<link rel=\"canonical\" href=\"https:\/\/soymigrante.com\/revista\/magda-eunice-sanchez-arte-guatemalteco-artista-dibujo\/\" \/>\n\t<meta name=\"generator\" content=\"All in One SEO Pro (AIOSEO) 4.9.6.2\" \/>\n\n\t\t<link rel=\"preconnect\" href=\"https:\/\/fonts.googleapis.com\" crossorigin>\n<link rel=\"preconnect\" href=\"https:\/\/fonts.gstatic.com\" crossorigin>\n\t\t<meta property=\"og:locale\" content=\"es_ES\" \/>\n\t\t<meta property=\"og:site_name\" content=\"SoyMigrante.com REVISTA \u2013 Nuestra misi\u00f3n es reconocer y dignificar al migrante.\" \/>\n\t\t<meta property=\"og:type\" content=\"article\" \/>\n\t\t<meta property=\"og:title\" content=\"El trazo sencillo y magistral de Magda Eunice S\u00e1nchez\" \/>\n\t\t<meta property=\"og:description\" content=\"Magda Eunice S\u00e1nchez (1946-2008) dibujaba con agilidad y exactitud cada rostro, ojo, gato, bailarina, ave. Y las aves eran ojos y los ojos eran gatos. Conoce m\u00e1s.\" \/>\n\t\t<meta property=\"og:url\" content=\"https:\/\/soymigrante.com\/revista\/magda-eunice-sanchez-arte-guatemalteco-artista-dibujo\/\" \/>\n\t\t<meta property=\"og:image\" content=\"https:\/\/soymigrante.com\/revista\/wp-content\/uploads\/2025\/09\/magda-eunice-sanchez-arte-guatemalteco-3.jpg\" \/>\n\t\t<meta property=\"og:image:secure_url\" content=\"https:\/\/soymigrante.com\/revista\/wp-content\/uploads\/2025\/09\/magda-eunice-sanchez-arte-guatemalteco-3.jpg\" \/>\n\t\t<meta property=\"og:image:width\" content=\"1199\" \/>\n\t\t<meta property=\"og:image:height\" content=\"1199\" \/>\n\t\t<meta property=\"article:published_time\" content=\"2025-09-04T18:13:05+00:00\" \/>\n\t\t<meta property=\"article:modified_time\" content=\"2025-09-04T18:21:17+00:00\" \/>\n\t\t<meta property=\"article:publisher\" content=\"https:\/\/www.facebook.com\/soymigrantecom\" \/>\n\t\t<meta name=\"twitter:card\" content=\"summary_large_image\" \/>\n\t\t<meta name=\"twitter:site\" content=\"@SoyMigrante_com\" \/>\n\t\t<meta name=\"twitter:title\" content=\"El trazo sencillo y magistral de Magda Eunice S\u00e1nchez\" \/>\n\t\t<meta name=\"twitter:description\" content=\"Magda Eunice S\u00e1nchez (1946-2008) dibujaba con agilidad y exactitud cada rostro, ojo, gato, bailarina, ave. Y las aves eran ojos y los ojos eran gatos. Conoce m\u00e1s.\" \/>\n\t\t<meta name=\"twitter:creator\" content=\"@SoyMigrante_com\" \/>\n\t\t<meta name=\"twitter:image\" content=\"https:\/\/soymigrante.com\/revista\/wp-content\/uploads\/2025\/09\/magda-eunice-sanchez-arte-guatemalteco-3.jpg\" \/>\n\t\t<!-- All in One SEO Pro -->\r\n\t\t<title>El trazo sencillo y magistral de Magda Eunice S\u00e1nchez<\/title>\n\n","aioseo_head_json":{"title":"El trazo sencillo y magistral de Magda Eunice S\u00e1nchez","description":"Magda Eunice S\u00e1nchez (1946-2008) dibujaba con agilidad y exactitud cada rostro, ojo, gato, bailarina, ave. Y las aves eran ojos y los ojos eran gatos. Conoce m\u00e1s.","canonical_url":"https:\/\/soymigrante.com\/revista\/magda-eunice-sanchez-arte-guatemalteco-artista-dibujo\/","robots":"max-snippet:-1, max-image-preview:large, max-video-preview:-1","keywords":"","webmasterTools":{"miscellaneous":"&lt;link rel=\"preconnect\" href=\"https:\/\/fonts.googleapis.com\" crossorigin&gt;\n&lt;link rel=\"preconnect\" href=\"https:\/\/fonts.gstatic.com\" crossorigin&gt;"},"schema":null,"og:locale":"es_ES","og:site_name":"SoyMigrante.com REVISTA \u2013 Nuestra misi\u00f3n es reconocer y dignificar al migrante.","og:type":"article","og:title":"El trazo sencillo y magistral de Magda Eunice S\u00e1nchez","og:description":"Magda Eunice S\u00e1nchez (1946-2008) dibujaba con agilidad y exactitud cada rostro, ojo, gato, bailarina, ave. Y las aves eran ojos y los ojos eran gatos. Conoce m\u00e1s.","og:url":"https:\/\/soymigrante.com\/revista\/magda-eunice-sanchez-arte-guatemalteco-artista-dibujo\/","og:image":"https:\/\/soymigrante.com\/revista\/wp-content\/uploads\/2025\/09\/magda-eunice-sanchez-arte-guatemalteco-3.jpg","og:image:secure_url":"https:\/\/soymigrante.com\/revista\/wp-content\/uploads\/2025\/09\/magda-eunice-sanchez-arte-guatemalteco-3.jpg","og:image:width":1199,"og:image:height":1199,"article:published_time":"2025-09-04T18:13:05+00:00","article:modified_time":"2025-09-04T18:21:17+00:00","article:publisher":"https:\/\/www.facebook.com\/soymigrantecom","twitter:card":"summary_large_image","twitter:site":"@SoyMigrante_com","twitter:title":"El trazo sencillo y magistral de Magda Eunice S\u00e1nchez","twitter:description":"Magda Eunice S\u00e1nchez (1946-2008) dibujaba con agilidad y exactitud cada rostro, ojo, gato, bailarina, ave. Y las aves eran ojos y los ojos eran gatos. Conoce m\u00e1s.","twitter:creator":"@SoyMigrante_com","twitter:image":"https:\/\/soymigrante.com\/revista\/wp-content\/uploads\/2025\/09\/magda-eunice-sanchez-arte-guatemalteco-3.jpg"},"aioseo_meta_data":{"post_id":"43670","title":"El trazo sencillo y magistral de Magda Eunice S\u00e1nchez","description":"Magda Eunice S\u00e1nchez (1946-2008) dibujaba con agilidad y exactitud cada rostro, ojo, gato, bailarina, ave. Y las aves eran ojos y los ojos eran gatos. Conoce m\u00e1s.","keywords":null,"keyphrases":{"focus":{"keyphrase":"Magda Eunice S\u00e1nchez","score":91,"analysis":{"keyphraseInTitle":{"score":9,"maxScore":9,"error":0},"keyphraseInDescription":{"score":9,"maxScore":9,"error":0},"keyphraseLength":{"score":9,"maxScore":9,"error":0,"length":4},"keyphraseInURL":{"score":5,"maxScore":5,"error":0},"keyphraseInIntroduction":{"score":9,"maxScore":9,"error":0},"keyphraseInSubHeadings":{"score":3,"maxScore":9,"error":1},"keyphraseInImageAlt":{"score":9,"maxScore":9,"error":0},"keywordDensity":{"type":"best","score":9,"maxScore":9,"error":0}}},"additional":[{"keyphrase":"artista","score":73,"analysis":{"keyphraseInDescription":{"score":3,"maxScore":9,"error":1},"keyphraseLength":{"score":9,"maxScore":9,"error":0,"length":1},"keyphraseInIntroduction":{"score":3,"maxScore":9,"error":1},"keyphraseInImageAlt":{"score":9,"maxScore":9,"error":0},"keywordDensity":{"type":"best","score":9,"maxScore":9,"error":0}}},{"keyphrase":"Guatemalteca","score":87,"analysis":{"keyphraseInDescription":{"score":3,"maxScore":9,"error":1},"keyphraseLength":{"score":9,"maxScore":9,"error":0,"length":1},"keyphraseInIntroduction":{"score":9,"maxScore":9,"error":0},"keyphraseInImageAlt":{"score":9,"maxScore":9,"error":0},"keywordDensity":{"type":"best","score":9,"maxScore":9,"error":0}}}]},"primary_term":null,"canonical_url":null,"og_title":null,"og_description":null,"og_object_type":"default","og_image_type":"default","og_image_url":null,"og_image_width":null,"og_image_height":null,"og_image_custom_url":null,"og_image_custom_fields":null,"og_video":"","og_custom_url":null,"og_article_section":null,"og_article_tags":null,"twitter_use_og":false,"twitter_card":"default","twitter_image_type":"default","twitter_image_url":null,"twitter_image_custom_url":null,"twitter_image_custom_fields":null,"twitter_title":null,"twitter_description":null,"schema":{"blockGraphs":[],"customGraphs":[],"default":{"data":{"Article":[],"Course":[],"Dataset":[],"FAQPage":[],"Movie":[],"Person":[],"Product":[],"ProductReview":[],"Car":[],"Recipe":[],"Service":[],"SoftwareApplication":[],"WebPage":[]},"graphName":"none","isEnabled":true},"graphs":[]},"schema_type":"default","schema_type_options":null,"pillar_content":false,"robots_default":true,"robots_noindex":false,"robots_noarchive":false,"robots_nosnippet":false,"robots_nofollow":false,"robots_noimageindex":false,"robots_noodp":false,"robots_notranslate":false,"robots_max_snippet":"-1","robots_max_videopreview":"-1","robots_max_imagepreview":"large","priority":null,"frequency":"default","local_seo":null,"seo_analyzer_scan_date":"2025-10-09 08:18:36","breadcrumb_settings":null,"limit_modified_date":false,"reviewed_by":"0","open_ai":null,"ai":{"faqs":[],"keyPoints":[],"titles":[],"descriptions":[],"socialPosts":{"email":[],"linkedin":[],"twitter":[],"facebook":[],"instagram":[]}},"created":"2025-09-03 20:18:25","updated":"2026-02-05 04:36:23"},"aioseo_breadcrumb":"<div class=\"aioseo-breadcrumbs\"><span class=\"aioseo-breadcrumb\">\n\t<a href=\"https:\/\/soymigrante.com\/revista\" title=\"Home\">Home<\/a>\n<\/span><span class=\"aioseo-breadcrumb-separator\">\u00bb<\/span><span class=\"aioseo-breadcrumb\">\n\t<a href=\"https:\/\/soymigrante.com\/revista\/category\/guate-nuestra\/\" title=\"Guate Nuestra\">Guate Nuestra<\/a>\n<\/span><span class=\"aioseo-breadcrumb-separator\">\u00bb<\/span><span class=\"aioseo-breadcrumb\">\n\t<a href=\"https:\/\/soymigrante.com\/revista\/category\/guate-nuestra\/arte-cultura\/\" title=\"Cultura de Guatemala\">Cultura de Guatemala<\/a>\n<\/span><span class=\"aioseo-breadcrumb-separator\">\u00bb<\/span><span class=\"aioseo-breadcrumb\">\n\tArte guatemalteco: El trazo sencillo pero magistral de Magda Eunice S\u00e1nchez\n<\/span><\/div>","aioseo_breadcrumb_json":[{"label":"Home","link":"https:\/\/soymigrante.com\/revista"},{"label":"Guate Nuestra","link":"https:\/\/soymigrante.com\/revista\/category\/guate-nuestra\/"},{"label":"Cultura de Guatemala","link":"https:\/\/soymigrante.com\/revista\/category\/guate-nuestra\/arte-cultura\/"},{"label":"Arte guatemalteco: El trazo sencillo pero magistral de Magda Eunice S\u00e1nchez","link":"https:\/\/soymigrante.com\/revista\/magda-eunice-sanchez-arte-guatemalteco-artista-dibujo\/"}],"_links":{"self":[{"href":"https:\/\/soymigrante.com\/revista\/wp-json\/wp\/v2\/posts\/43670","targetHints":{"allow":["GET"]}}],"collection":[{"href":"https:\/\/soymigrante.com\/revista\/wp-json\/wp\/v2\/posts"}],"about":[{"href":"https:\/\/soymigrante.com\/revista\/wp-json\/wp\/v2\/types\/post"}],"author":[{"embeddable":true,"href":"https:\/\/soymigrante.com\/revista\/wp-json\/wp\/v2\/users\/19"}],"replies":[{"embeddable":true,"href":"https:\/\/soymigrante.com\/revista\/wp-json\/wp\/v2\/comments?post=43670"}],"version-history":[{"count":34,"href":"https:\/\/soymigrante.com\/revista\/wp-json\/wp\/v2\/posts\/43670\/revisions"}],"predecessor-version":[{"id":43794,"href":"https:\/\/soymigrante.com\/revista\/wp-json\/wp\/v2\/posts\/43670\/revisions\/43794"}],"wp:featuredmedia":[{"embeddable":true,"href":"https:\/\/soymigrante.com\/revista\/wp-json\/wp\/v2\/media\/43764"}],"wp:attachment":[{"href":"https:\/\/soymigrante.com\/revista\/wp-json\/wp\/v2\/media?parent=43670"}],"wp:term":[{"taxonomy":"category","embeddable":true,"href":"https:\/\/soymigrante.com\/revista\/wp-json\/wp\/v2\/categories?post=43670"},{"taxonomy":"post_tag","embeddable":true,"href":"https:\/\/soymigrante.com\/revista\/wp-json\/wp\/v2\/tags?post=43670"}],"curies":[{"name":"wp","href":"https:\/\/api.w.org\/{rel}","templated":true}]}}