{"id":43640,"date":"2025-09-03T12:23:50","date_gmt":"2025-09-03T18:23:50","guid":{"rendered":"https:\/\/soymigrante.com\/revista\/?p=43640"},"modified":"2025-09-03T12:54:26","modified_gmt":"2025-09-03T18:54:26","slug":"barrilete-gigante-y-migrante-lucira-en-festival-guatemala-de-rhode-island","status":"publish","type":"post","link":"https:\/\/soymigrante.com\/revista\/barrilete-gigante-y-migrante-lucira-en-festival-guatemala-de-rhode-island\/","title":{"rendered":"Barrilete gigante y migrante lucir\u00e1 en festival Guatemala de Rhode Island"},"content":{"rendered":"\t\t<div data-elementor-type=\"wp-post\" data-elementor-id=\"43640\" class=\"elementor elementor-43640\" data-elementor-post-type=\"post\">\n\t\t\t\t<div data-particle_enable=\"false\" data-particle-mobile-disabled=\"false\" class=\"elementor-element elementor-element-67f509b e-flex e-con-boxed e-con e-parent\" data-id=\"67f509b\" data-element_type=\"container\" data-e-type=\"container\">\n\t\t\t\t\t<div class=\"e-con-inner\">\n\t\t\t\t<div class=\"elementor-element elementor-element-0528592 elementor-widget elementor-widget-heading\" data-id=\"0528592\" data-element_type=\"widget\" data-e-type=\"widget\" data-widget_type=\"heading.default\">\n\t\t\t\t\t<h2 class=\"elementor-heading-title elementor-size-default\">La artista guatemalteca migrante Magda Le\u00f3n trabaja en un barrilete gigante, inspirado en s\u00edmbolos guatemaltecos y la obra del artista Francisco Tun, que ser\u00e1 expuesto en el Festival Guatemala de Rhode Island el 7 de septiembre.<\/h2>\t\t\t\t<\/div>\n\t\t\t\t<div class=\"elementor-element elementor-element-39fa95c elementor-widget elementor-widget-html\" data-id=\"39fa95c\" data-element_type=\"widget\" data-e-type=\"widget\" data-widget_type=\"html.default\">\n\t\t\t\t\t<div id=\"buzzsprout-player-17528274\"><\/div><script src=\"https:\/\/www.buzzsprout.com\/2444168\/episodes\/17528274-el-arte-de-la-migrante-magda-leon-es-una-declaracion-de-identidad.js?container_id=buzzsprout-player-17528274&player=small\" type=\"text\/javascript\" charset=\"utf-8\"><\/script>\t\t\t\t<\/div>\n\t\t\t\t\t<\/div>\n\t\t\t\t<\/div>\n\t\t<div data-particle_enable=\"false\" data-particle-mobile-disabled=\"false\" class=\"elementor-element elementor-element-189ab44 e-flex e-con-boxed e-con e-parent\" data-id=\"189ab44\" data-element_type=\"container\" data-e-type=\"container\">\n\t\t\t\t\t<div class=\"e-con-inner\">\n\t\t\t\t<div class=\"elementor-element elementor-element-aa79ba4 elementor-widget elementor-widget-text-editor\" data-id=\"aa79ba4\" data-element_type=\"widget\" data-e-type=\"widget\" data-widget_type=\"text-editor.default\">\n\t\t\t\t\t\t\t\t\t<p>La labor empez\u00f3 hace cuatro meses, cuando <a href=\"https:\/\/soymigrante.com\/revista\/yo-naci-migrante-y-creci-migrante-artista-guatemalteca-magda-leon-en-rhode-island\/\">la artista guatemalteca Magda Le\u00f3n<\/a> dirigi\u00f3 talleres sobre elaboraci\u00f3n de barriletes, a los cuales asistieron adultos y ni\u00f1os, guatemaltecos o de otras nacionalidades hispanas, que convirtieron el Guatemalan Center de New England en foco de encuentro y creatividad. El objetivo era configurar la eleboraci\u00f3n de un <a href=\"https:\/\/soymigrante.com\/revista\/barriletes-gigantes-son-una-tradicion-de-arte-espiritu-y-memoria\/\">barrilete gigante guatemalteco<\/a> y tambi\u00e9n migrante.<\/p><p>La estructura del barrilete gigante es un s\u00edmbolo: esos radios que confluyen en un centro&#8230; o de esas identidades que buscan crecer y llegar m\u00e1s lejos.\u00a0 <a href=\"https:\/\/soymigrante.com\/revista\/yo-naci-migrante-y-creci-migrante-artista-guatemalteca-magda-leon-en-rhode-island\/\">\u00a0Magda<\/a> trabaja hasta las 10 u 11 de la noche para terminar de confeccionar el barrilete que ser\u00e1 expuesto en el <a href=\"https:\/\/soymigrante.com\/revista\/sigue-adelante-festival-guatemala-2025-en-rhode-island-el-7-de-septiembre\/\">Festival Guatemala de Rhode Island.<\/a><\/p>\t\t\t\t\t\t\t\t<\/div>\n\t\t\t\t\t<\/div>\n\t\t\t\t<\/div>\n\t\t<div data-particle_enable=\"false\" data-particle-mobile-disabled=\"false\" class=\"elementor-element elementor-element-cfa5c0a e-flex e-con-boxed e-con e-parent\" data-id=\"cfa5c0a\" data-element_type=\"container\" data-e-type=\"container\">\n\t\t\t\t\t<div class=\"e-con-inner\">\n\t\t\t\t<div class=\"elementor-element elementor-element-6e096a5 elementor-widget elementor-widget-image\" data-id=\"6e096a5\" data-element_type=\"widget\" data-e-type=\"widget\" data-widget_type=\"image.default\">\n\t\t\t\t\t\t\t\t\t\t\t\t<figure class=\"wp-caption\">\n\t\t\t\t\t\t\t\t\t\t<img fetchpriority=\"high\" decoding=\"async\" width=\"1024\" height=\"644\" src=\"https:\/\/soymigrante.com\/revista\/wp-content\/uploads\/2025\/09\/barrilete-gigante-en-rhode-island-1-1024x644.jpg\" class=\"attachment-large size-large wp-image-43658\" alt=\"As\u00ed avanza la elaboraci\u00f3n del lienzo de papel del barrilete gigante migrante que se expondr\u00e1 el domingo 7 en el Festival Guatemala de Rhode Island. La artista Magda Le\u00f3n ha coordinado este esfuerzo creativo y cultural. (Foto cortes\u00eda Magda Le\u00f3n)\" srcset=\"https:\/\/soymigrante.com\/revista\/wp-content\/uploads\/2025\/09\/barrilete-gigante-en-rhode-island-1-1024x644.jpg 1024w, https:\/\/soymigrante.com\/revista\/wp-content\/uploads\/2025\/09\/barrilete-gigante-en-rhode-island-1-300x189.jpg 300w, https:\/\/soymigrante.com\/revista\/wp-content\/uploads\/2025\/09\/barrilete-gigante-en-rhode-island-1-768x483.jpg 768w, https:\/\/soymigrante.com\/revista\/wp-content\/uploads\/2025\/09\/barrilete-gigante-en-rhode-island-1-750x472.jpg 750w, https:\/\/soymigrante.com\/revista\/wp-content\/uploads\/2025\/09\/barrilete-gigante-en-rhode-island-1-1140x717.jpg 1140w, https:\/\/soymigrante.com\/revista\/wp-content\/uploads\/2025\/09\/barrilete-gigante-en-rhode-island-1.jpg 1300w\" sizes=\"(max-width: 1024px) 100vw, 1024px\" title=\"As\u00ed avanza la elaboraci\u00f3n del lienzo de papel del barrilete gigante migrante que se expondr\u00e1 el domingo 7 en el Festival Guatemala de Rhode Island. La artista Magda Le\u00f3n ha coordinado este esfuerzo creativo y cultural. (Foto cortes\u00eda Magda Le\u00f3n) \u2013 SoyMigrante.com REVISTA\" \/>\t\t\t\t\t\t\t\t\t\t\t<figcaption class=\"widget-image-caption wp-caption-text\">As\u00ed avanza la elaboraci\u00f3n del lienzo de papel del barrilete gigante migrante que se expondr\u00e1 el domingo 7 en el Festival Guatemala de Rhode Island. La artista Magda Le\u00f3n ha coordinado este esfuerzo creativo y cultural. (Foto cortes\u00eda Magda Le\u00f3n)<\/figcaption>\n\t\t\t\t\t\t\t\t\t\t<\/figure>\n\t\t\t\t\t\t\t\t\t<\/div>\n\t\t\t\t\t<\/div>\n\t\t\t\t<\/div>\n\t\t<div data-particle_enable=\"false\" data-particle-mobile-disabled=\"false\" class=\"elementor-element elementor-element-f74d1a6 e-flex e-con-boxed e-con e-parent\" data-id=\"f74d1a6\" data-element_type=\"container\" data-e-type=\"container\">\n\t\t\t\t\t<div class=\"e-con-inner\">\n\t\t\t\t<div class=\"elementor-element elementor-element-0c51df4 elementor-widget elementor-widget-heading\" data-id=\"0c51df4\" data-element_type=\"widget\" data-e-type=\"widget\" data-widget_type=\"heading.default\">\n\t\t\t\t\t<h3 class=\"elementor-heading-title elementor-size-default\">\u00bfCu\u00e1l es el tema del barrilete?<\/h3>\t\t\t\t<\/div>\n\t\t\t\t\t<\/div>\n\t\t\t\t<\/div>\n\t\t<div data-particle_enable=\"false\" data-particle-mobile-disabled=\"false\" class=\"elementor-element elementor-element-22e67a8 e-flex e-con-boxed e-con e-parent\" data-id=\"22e67a8\" data-element_type=\"container\" data-e-type=\"container\">\n\t\t\t\t\t<div class=\"e-con-inner\">\n\t\t\t\t<div class=\"elementor-element elementor-element-1aa124d elementor-widget elementor-widget-text-editor\" data-id=\"1aa124d\" data-element_type=\"widget\" data-e-type=\"widget\" data-widget_type=\"text-editor.default\">\n\t\t\t\t\t\t\t\t\t<p>Empezamos con los talleres en los cuales los participantes aportaron ideas, crearon texturas y tambi\u00e9n elaboraron sus barriletes en peque\u00f1a escala. Luego vino el proceso de dise\u00f1o, en el cual se fusionan varias de esas ideas. Para m\u00ed el concepto de barrilete girante es muy poderoso, porque evoca multiculturalidad sin l\u00edmites y proviene de <a href=\"https:\/\/soymigrante.com\/revista\/barriletes-gigantes-son-una-tradicion-de-arte-espiritu-y-memoria\/\">una tradici\u00f3n maya muy guatemalteca y significativa.<\/a><\/p><p>Pero tambi\u00e9n, a m\u00ed me gusta mucho la obra del artista guatemalteco Francisco T\u00fan, que trazaba caminos en sus cuadros: yo veo esos caminos de los migrantes, esa nostalgia del camino a casa y tambi\u00e9n los caminos que seguimos recorriendo.<\/p>\t\t\t\t\t\t\t\t<\/div>\n\t\t\t\t\t<\/div>\n\t\t\t\t<\/div>\n\t\t<div data-particle_enable=\"false\" data-particle-mobile-disabled=\"false\" class=\"elementor-element elementor-element-593fb07 e-flex e-con-boxed e-con e-parent\" data-id=\"593fb07\" data-element_type=\"container\" data-e-type=\"container\">\n\t\t\t\t\t<div class=\"e-con-inner\">\n\t\t\t\t<div class=\"elementor-element elementor-element-8b7e895 elementor-widget elementor-widget-image\" data-id=\"8b7e895\" data-element_type=\"widget\" data-e-type=\"widget\" data-widget_type=\"image.default\">\n\t\t\t\t\t\t\t\t\t\t\t\t<figure class=\"wp-caption\">\n\t\t\t\t\t\t\t\t\t\t<img decoding=\"async\" width=\"769\" height=\"1024\" src=\"https:\/\/soymigrante.com\/revista\/wp-content\/uploads\/2025\/09\/Magda-barrilete-gigante-rhode-island-769x1024.jpeg\" class=\"attachment-large size-large wp-image-43665\" alt=\"La artista Magda Le\u00f3n escribi\u00f3 acerca de esta fotograf\u00eda: &quot;Mi postura quiz\u00e1 no sea la mejor, pero sin querer se capta el cielo sobre m\u00ed. As\u00ed me siento cuando estoy creando: como si tocara un pedacito de Dios. Me pierdo en el papel, en los colores, en las formas; el tiempo deja de existir. Cada recorte lo posiciono con cuidado, para que pueda contar las historias de los que vivimos lejos, cerca y entremedio. Amo lo que hago y lo veo como un regalo del que me siento agradecida y muy afortunada de tener. Por la ni\u00f1a de 9 a\u00f1os que emigr\u00f3 y que siempre so\u00f1\u00f3 con ser artista. La abrazo y le digo, s\u00ed se pudo.&quot; (Foto cortes\u00eda Magda Le\u00f3n)\" srcset=\"https:\/\/soymigrante.com\/revista\/wp-content\/uploads\/2025\/09\/Magda-barrilete-gigante-rhode-island-769x1024.jpeg 769w, https:\/\/soymigrante.com\/revista\/wp-content\/uploads\/2025\/09\/Magda-barrilete-gigante-rhode-island-225x300.jpeg 225w, https:\/\/soymigrante.com\/revista\/wp-content\/uploads\/2025\/09\/Magda-barrilete-gigante-rhode-island-768x1023.jpeg 768w, https:\/\/soymigrante.com\/revista\/wp-content\/uploads\/2025\/09\/Magda-barrilete-gigante-rhode-island-750x999.jpeg 750w, https:\/\/soymigrante.com\/revista\/wp-content\/uploads\/2025\/09\/Magda-barrilete-gigante-rhode-island.jpeg 1080w\" sizes=\"(max-width: 769px) 100vw, 769px\" title=\"La artista Magda Le\u00f3n escribi\u00f3 acerca de esta fotograf\u00eda: &quot;Mi postura quiz\u00e1 no sea la mejor, pero sin querer se capta el cielo sobre m\u00ed. As\u00ed me siento cuando estoy creando: como si tocara un pedacito de Dios. Me pierdo en el papel, en los colores, en las formas; el tiempo deja de existir. Cada recorte lo posiciono con cuidado, para que pueda contar las historias de los que vivimos lejos, cerca y entremedio. Amo lo que hago y lo veo como un regalo del que me siento agradecida y muy afortunada de tener. Por la ni\u00f1a de 9 a\u00f1os que emigr\u00f3 y que siempre so\u00f1\u00f3 con ser artista. La abrazo y le digo, s\u00ed se pudo.&quot; (Foto cortes\u00eda Magda Le\u00f3n) \u2013 SoyMigrante.com REVISTA\" \/>\t\t\t\t\t\t\t\t\t\t\t<figcaption class=\"widget-image-caption wp-caption-text\">La artista Magda Le\u00f3n escribi\u00f3 acerca de esta fotograf\u00eda: \"Mi postura quiz\u00e1 no sea la mejor, pero sin querer se capta el cielo sobre m\u00ed. As\u00ed me siento cuando estoy creando: como si tocara un pedacito de Dios. Me pierdo en el papel, en los colores, en las formas; el tiempo deja de existir. Cada recorte lo posiciono con cuidado, para que pueda contar las historias de los que vivimos lejos, cerca y entremedio. Amo lo que hago y lo veo como un regalo del que me siento agradecida y muy afortunada de tener. Por la ni\u00f1a de 9 a\u00f1os que emigr\u00f3 y que siempre so\u00f1\u00f3 con ser artista. La abrazo y le digo, s\u00ed se pudo.\" (Foto cortes\u00eda Magda Le\u00f3n)<\/figcaption>\n\t\t\t\t\t\t\t\t\t\t<\/figure>\n\t\t\t\t\t\t\t\t\t<\/div>\n\t\t\t\t\t<\/div>\n\t\t\t\t<\/div>\n\t\t<div data-particle_enable=\"false\" data-particle-mobile-disabled=\"false\" class=\"elementor-element elementor-element-5bd694c e-flex e-con-boxed e-con e-parent\" data-id=\"5bd694c\" data-element_type=\"container\" data-e-type=\"container\">\n\t\t\t\t\t<div class=\"e-con-inner\">\n\t\t\t\t<div class=\"elementor-element elementor-element-eb31a3c elementor-widget elementor-widget-heading\" data-id=\"eb31a3c\" data-element_type=\"widget\" data-e-type=\"widget\" data-widget_type=\"heading.default\">\n\t\t\t\t\t<h3 class=\"elementor-heading-title elementor-size-default\">\u00bfQu\u00e9 tama\u00f1o tendr\u00e1?<\/h3>\t\t\t\t<\/div>\n\t\t\t\t\t<\/div>\n\t\t\t\t<\/div>\n\t\t<div data-particle_enable=\"false\" data-particle-mobile-disabled=\"false\" class=\"elementor-element elementor-element-f5565ea e-flex e-con-boxed e-con e-parent\" data-id=\"f5565ea\" data-element_type=\"container\" data-e-type=\"container\">\n\t\t\t\t\t<div class=\"e-con-inner\">\n\t\t\t\t<div class=\"elementor-element elementor-element-6d5bac8 elementor-widget elementor-widget-text-editor\" data-id=\"6d5bac8\" data-element_type=\"widget\" data-e-type=\"widget\" data-widget_type=\"text-editor.default\">\n\t\t\t\t\t\t\t\t\t<p>18 pies, es decir unos 6 metros de alto. Pero ser\u00e1 una estructura desmontable para poder trasladarlo.<\/p>\t\t\t\t\t\t\t\t<\/div>\n\t\t\t\t\t<\/div>\n\t\t\t\t<\/div>\n\t\t<div data-particle_enable=\"false\" data-particle-mobile-disabled=\"false\" class=\"elementor-element elementor-element-0221d7c e-flex e-con-boxed e-con e-parent\" data-id=\"0221d7c\" data-element_type=\"container\" data-e-type=\"container\">\n\t\t\t\t\t<div class=\"e-con-inner\">\n\t\t\t\t<div class=\"elementor-element elementor-element-a9f5165 elementor-widget elementor-widget-image\" data-id=\"a9f5165\" data-element_type=\"widget\" data-e-type=\"widget\" data-widget_type=\"image.default\">\n\t\t\t\t\t\t\t\t\t\t\t\t<figure class=\"wp-caption\">\n\t\t\t\t\t\t\t\t\t\t\t<a href=\"https:\/\/soymigrante.com\/revista\/yo-naci-migrante-y-creci-migrante-artista-guatemalteca-magda-leon-en-rhode-island\/\">\n\t\t\t\t\t\t\t<img decoding=\"async\" width=\"719\" height=\"584\" src=\"https:\/\/soymigrante.com\/revista\/wp-content\/uploads\/2025\/09\/barrilete-gigante-magda-leon-migrante-rhode-island-1.png\" class=\"attachment-large size-large wp-image-43651\" alt=\"La artista Magda Le\u00f3n ha dirigido talleres de elaboraci\u00f3n de barriletes que a la vez aportaron tem\u00e1ticas y conceptos para plasmar la pieza gigante que est\u00e1 en plena elaboraci\u00f3n en jornadas que se extienden hasta casi la medianoche, para poder presentarlo.\" srcset=\"https:\/\/soymigrante.com\/revista\/wp-content\/uploads\/2025\/09\/barrilete-gigante-magda-leon-migrante-rhode-island-1.png 719w, https:\/\/soymigrante.com\/revista\/wp-content\/uploads\/2025\/09\/barrilete-gigante-magda-leon-migrante-rhode-island-1-300x244.png 300w\" sizes=\"(max-width: 719px) 100vw, 719px\" title=\"La artista Magda Le\u00f3n ha dirigido talleres de elaboraci\u00f3n de barriletes que a la vez aportaron tem\u00e1ticas y conceptos para plasmar la pieza gigante que est\u00e1 en plena elaboraci\u00f3n en jornadas que se extienden hasta casi la medianoche, para poder presentarlo. \u2013 SoyMigrante.com REVISTA\" \/>\t\t\t\t\t\t\t\t<\/a>\n\t\t\t\t\t\t\t\t\t\t\t<figcaption class=\"widget-image-caption wp-caption-text\">La artista Magda Le\u00f3n ha dirigido talleres de elaboraci\u00f3n de barriletes que a la vez aportaron tem\u00e1ticas y conceptos para plasmar la pieza gigante que est\u00e1 en plena elaboraci\u00f3n en jornadas que se extienden hasta casi la medianoche, para poder presentarlo.<\/figcaption>\n\t\t\t\t\t\t\t\t\t\t<\/figure>\n\t\t\t\t\t\t\t\t\t<\/div>\n\t\t\t\t\t<\/div>\n\t\t\t\t<\/div>\n\t\t<div data-particle_enable=\"false\" data-particle-mobile-disabled=\"false\" class=\"elementor-element elementor-element-fc6db3f e-flex e-con-boxed e-con e-parent\" data-id=\"fc6db3f\" data-element_type=\"container\" data-e-type=\"container\">\n\t\t\t\t\t<div class=\"e-con-inner\">\n\t\t\t\t<div class=\"elementor-element elementor-element-fc9c793 elementor-widget elementor-widget-heading\" data-id=\"fc9c793\" data-element_type=\"widget\" data-e-type=\"widget\" data-widget_type=\"heading.default\">\n\t\t\t\t\t<h3 class=\"elementor-heading-title elementor-size-default\">\u00bfQui\u00e9nes m\u00e1s te apoyan en la elaboraci\u00f3n?<\/h3>\t\t\t\t<\/div>\n\t\t\t\t\t<\/div>\n\t\t\t\t<\/div>\n\t\t<div data-particle_enable=\"false\" data-particle-mobile-disabled=\"false\" class=\"elementor-element elementor-element-9f11441 e-flex e-con-boxed e-con e-parent\" data-id=\"9f11441\" data-element_type=\"container\" data-e-type=\"container\">\n\t\t\t\t\t<div class=\"e-con-inner\">\n\t\t\t\t<div class=\"elementor-element elementor-element-0e1489d elementor-widget elementor-widget-text-editor\" data-id=\"0e1489d\" data-element_type=\"widget\" data-e-type=\"widget\" data-widget_type=\"text-editor.default\">\n\t\t\t\t\t\t\t\t\t<p>El <a href=\"https:\/\/soymigrante.com\/revista\/cada-guatemalteco-que-pueda-votar-en-usa-cuenta-tiana-ochoa-lider-migrante-en-rhode-island\/\">Guatemalan Center<\/a> nos ha dado el apoyo para realizar este proyecto. Sin embargo en esta \u00e9poca, en que ya empezaron las clases y las agendas de voluntarios se complican, nos ha tocado a un reducido grupo seguir con la impresi\u00f3n y la construcci\u00f3n de la s\u00e1bana de papel que formar\u00e1 el barrilete.\u00a0<\/p><p>Estamos en jornadas de todo el d\u00eda para poder tenerlo listo y finalizado el s\u00e1bado 6 para que se luzca en el <a href=\"https:\/\/soymigrante.com\/revista\/sigue-adelante-festival-guatemala-2025-en-rhode-island-el-7-de-septiembre\/\">Festival Guatemala de Rhode Island<\/a>.\u00a0 El esfuerzo es grande pero constituye una satisfacci\u00f3n.<\/p>\t\t\t\t\t\t\t\t<\/div>\n\t\t\t\t\t<\/div>\n\t\t\t\t<\/div>\n\t\t<div data-particle_enable=\"false\" data-particle-mobile-disabled=\"false\" class=\"elementor-element elementor-element-b1d323b e-flex e-con-boxed e-con e-parent\" data-id=\"b1d323b\" data-element_type=\"container\" data-e-type=\"container\">\n\t\t\t\t\t<div class=\"e-con-inner\">\n\t\t\t\t<div class=\"elementor-element elementor-element-2b13928 elementor-widget elementor-widget-image\" data-id=\"2b13928\" data-element_type=\"widget\" data-e-type=\"widget\" data-widget_type=\"image.default\">\n\t\t\t\t\t\t\t\t\t\t\t\t<figure class=\"wp-caption\">\n\t\t\t\t\t\t\t\t\t\t<img loading=\"lazy\" decoding=\"async\" width=\"720\" height=\"790\" src=\"https:\/\/soymigrante.com\/revista\/wp-content\/uploads\/2025\/09\/barrilete-gigante-rhode-island.png\" class=\"attachment-large size-large wp-image-43652\" alt=\"La estructura del barrilete gigante deb\u00eda cumplir con normativas locales de seguridad. Sobre este hex\u00e1gono de 6 metros se colocar\u00e1 el lienzo con el mosaico creado por Magda Le\u00f3n e inspirado en la participaci\u00f3n colectiva de los talleres efectuados desde mayo de 2025 en el Guatemalan Center de New England. (Foto cortes\u00eda Magda Le\u00f3n)\" srcset=\"https:\/\/soymigrante.com\/revista\/wp-content\/uploads\/2025\/09\/barrilete-gigante-rhode-island.png 720w, https:\/\/soymigrante.com\/revista\/wp-content\/uploads\/2025\/09\/barrilete-gigante-rhode-island-273x300.png 273w\" sizes=\"(max-width: 720px) 100vw, 720px\" title=\"La estructura del barrilete gigante deb\u00eda cumplir con normativas locales de seguridad. Sobre este hex\u00e1gono de 6 metros se colocar\u00e1 el lienzo con el mosaico creado por Magda Le\u00f3n e inspirado en la participaci\u00f3n colectiva de los talleres efectuados desde mayo de 2025 en el Guatemalan Center de New England. (Foto cortes\u00eda Magda Le\u00f3n) \u2013 SoyMigrante.com REVISTA\" \/>\t\t\t\t\t\t\t\t\t\t\t<figcaption class=\"widget-image-caption wp-caption-text\">La estructura del barrilete gigante deb\u00eda cumplir con normativas locales de seguridad. Sobre este hex\u00e1gono de 6 metros se colocar\u00e1 el lienzo con el mosaico creado por Magda Le\u00f3n e inspirado en la participaci\u00f3n colectiva de los talleres efectuados desde mayo de 2025 en el Guatemalan Center de New England. (Foto cortes\u00eda Magda Le\u00f3n)<\/figcaption>\n\t\t\t\t\t\t\t\t\t\t<\/figure>\n\t\t\t\t\t\t\t\t\t<\/div>\n\t\t\t\t\t<\/div>\n\t\t\t\t<\/div>\n\t\t<div data-particle_enable=\"false\" data-particle-mobile-disabled=\"false\" class=\"elementor-element elementor-element-e5d27db e-flex e-con-boxed e-con e-parent\" data-id=\"e5d27db\" data-element_type=\"container\" data-e-type=\"container\">\n\t\t\t\t\t<div class=\"e-con-inner\">\n\t\t\t\t<div class=\"elementor-element elementor-element-6b8b36f elementor-widget elementor-widget-heading\" data-id=\"6b8b36f\" data-element_type=\"widget\" data-e-type=\"widget\" data-widget_type=\"heading.default\">\n\t\t\t\t\t<h3 class=\"elementor-heading-title elementor-size-default\">\u00bfC\u00f3mo se transportar\u00e1 hasta el lugar del Festival Guatemala 2025?<\/h3>\t\t\t\t<\/div>\n\t\t\t\t\t<\/div>\n\t\t\t\t<\/div>\n\t\t<div data-particle_enable=\"false\" data-particle-mobile-disabled=\"false\" class=\"elementor-element elementor-element-6c8808d e-flex e-con-boxed e-con e-parent\" data-id=\"6c8808d\" data-element_type=\"container\" data-e-type=\"container\">\n\t\t\t\t\t<div class=\"e-con-inner\">\n\t\t\t\t<div class=\"elementor-element elementor-element-dfbd9b5 elementor-widget elementor-widget-text-editor\" data-id=\"dfbd9b5\" data-element_type=\"widget\" data-e-type=\"widget\" data-widget_type=\"text-editor.default\">\n\t\t\t\t\t\t\t\t\t<p>La estructura del barrilete fue construida por artesanos portugueses que viven ac\u00e1 en Rhode Island. Por requerimientos de seguridad de la ciudad y el Estado, deb\u00eda ser algo resistente. Tambi\u00e9n deb\u00eda ser f\u00e1cilmente armable y desarmable para el traslado.\u00a0<\/p><p>Entonces esperamos el s\u00e1bado 6 llevar la estructura y armarla. Es un proceso que toma hora y media, aproximadamente. Una vez armada, se le coloca todo el lienzo con la creaci\u00f3n colectiva. Esperamos que guste, que impresione y que brinde un mensaje de hermandad en el <a href=\"https:\/\/soymigrante.com\/revista\/sigue-adelante-festival-guatemala-2025-en-rhode-island-el-7-de-septiembre\/\">Festival.<\/a><\/p>\t\t\t\t\t\t\t\t<\/div>\n\t\t\t\t\t<\/div>\n\t\t\t\t<\/div>\n\t\t<div data-particle_enable=\"false\" data-particle-mobile-disabled=\"false\" class=\"elementor-element elementor-element-208e52b e-flex e-con-boxed e-con e-parent\" data-id=\"208e52b\" data-element_type=\"container\" data-e-type=\"container\">\n\t\t\t\t\t<div class=\"e-con-inner\">\n\t\t\t\t<div class=\"elementor-element elementor-element-988af89 elementor-widget elementor-widget-image\" data-id=\"988af89\" data-element_type=\"widget\" data-e-type=\"widget\" data-widget_type=\"image.default\">\n\t\t\t\t\t\t\t\t\t\t\t\t<figure class=\"wp-caption\">\n\t\t\t\t\t\t\t\t\t\t<img loading=\"lazy\" decoding=\"async\" width=\"549\" height=\"675\" src=\"https:\/\/soymigrante.com\/revista\/wp-content\/uploads\/2025\/09\/barrilete-gigante-magda-leon-migrante-rhode-island-2.png\" class=\"attachment-large size-large wp-image-43653\" alt=\"Entre mayo y agosto se desarrollaron los talleres de barriletes, dirigidos por Magda Le\u00f3n, en el Guatemalan Center de New England, con activa y abundante participaci\u00f3n de migrantes de varias nacionalidades. (Foto cortes\u00eda Magda Le\u00f3n)\" srcset=\"https:\/\/soymigrante.com\/revista\/wp-content\/uploads\/2025\/09\/barrilete-gigante-magda-leon-migrante-rhode-island-2.png 549w, https:\/\/soymigrante.com\/revista\/wp-content\/uploads\/2025\/09\/barrilete-gigante-magda-leon-migrante-rhode-island-2-244x300.png 244w\" sizes=\"(max-width: 549px) 100vw, 549px\" title=\"Entre mayo y agosto se desarrollaron los talleres de barriletes, dirigidos por Magda Le\u00f3n, en el Guatemalan Center de New England, con activa y abundante participaci\u00f3n de migrantes de varias nacionalidades. (Foto cortes\u00eda Magda Le\u00f3n) \u2013 SoyMigrante.com REVISTA\" \/>\t\t\t\t\t\t\t\t\t\t\t<figcaption class=\"widget-image-caption wp-caption-text\">Entre mayo y agosto se desarrollaron los talleres de barriletes, dirigidos por Magda Le\u00f3n, en el Guatemalan Center de New England, con activa y abundante participaci\u00f3n de migrantes de varias nacionalidades. (Foto cortes\u00eda Magda Le\u00f3n)<\/figcaption>\n\t\t\t\t\t\t\t\t\t\t<\/figure>\n\t\t\t\t\t\t\t\t\t<\/div>\n\t\t\t\t\t<\/div>\n\t\t\t\t<\/div>\n\t\t<div data-particle_enable=\"false\" data-particle-mobile-disabled=\"false\" class=\"elementor-element elementor-element-7a26bcf e-flex e-con-boxed e-con e-parent\" data-id=\"7a26bcf\" data-element_type=\"container\" data-e-type=\"container\">\n\t\t\t\t\t<div class=\"e-con-inner\">\n\t\t\t\t<div class=\"elementor-element elementor-element-25a0096 elementor-widget elementor-widget-heading\" data-id=\"25a0096\" data-element_type=\"widget\" data-e-type=\"widget\" data-widget_type=\"heading.default\">\n\t\t\t\t\t<h3 class=\"elementor-heading-title elementor-size-default\">\u00bfS\u00f3lo se presentar\u00e1 un barrilete gigante?<\/h3>\t\t\t\t<\/div>\n\t\t\t\t\t<\/div>\n\t\t\t\t<\/div>\n\t\t<div data-particle_enable=\"false\" data-particle-mobile-disabled=\"false\" class=\"elementor-element elementor-element-ef8f9d8 e-flex e-con-boxed e-con e-parent\" data-id=\"ef8f9d8\" data-element_type=\"container\" data-e-type=\"container\">\n\t\t\t\t\t<div class=\"e-con-inner\">\n\t\t\t\t<div class=\"elementor-element elementor-element-51ad231 elementor-widget elementor-widget-text-editor\" data-id=\"51ad231\" data-element_type=\"widget\" data-e-type=\"widget\" data-widget_type=\"text-editor.default\">\n\t\t\t\t\t\t\t\t\t<p>Para este <a href=\"https:\/\/soymigrante.com\/revista\/sigue-adelante-festival-guatemala-2025-en-rhode-island-el-7-de-septiembre\/\">Festival Guatemala,<\/a> s\u00ed, solo uno por cuesti\u00f3n de tiempos. Pero el proyecto sigue. En total ser\u00e1n cuatro los barriletes gigantes. Estos se ir\u00e1n construyendo en lo que resta del a\u00f1o y tambi\u00e9n el siguiente.\u00a0<\/p><p>El objetivo es que las cuatro piezas queden en exposici\u00f3n en un museo, para mostrar el valor de las identidades, del trabajo colectivo y de la creatividad guatemalteca.\u00a0<\/p>\t\t\t\t\t\t\t\t<\/div>\n\t\t\t\t\t<\/div>\n\t\t\t\t<\/div>\n\t\t<div data-particle_enable=\"false\" data-particle-mobile-disabled=\"false\" class=\"elementor-element elementor-element-b57d754 e-flex e-con-boxed e-con e-parent\" data-id=\"b57d754\" data-element_type=\"container\" data-e-type=\"container\">\n\t\t\t\t\t<div class=\"e-con-inner\">\n\t\t\t\t<div class=\"elementor-element elementor-element-089d452 elementor-widget elementor-widget-image\" data-id=\"089d452\" data-element_type=\"widget\" data-e-type=\"widget\" data-widget_type=\"image.default\">\n\t\t\t\t\t\t\t\t\t\t\t\t<figure class=\"wp-caption\">\n\t\t\t\t\t\t\t\t\t\t<img loading=\"lazy\" decoding=\"async\" width=\"958\" height=\"619\" src=\"https:\/\/soymigrante.com\/revista\/wp-content\/uploads\/2025\/09\/barriletes-gigantes-rhode-island.png\" class=\"attachment-large size-large wp-image-43654\" alt=\"El proyecto de barriletes gigantes abarca la construcci\u00f3n de 4 piezas, que ser\u00e1n expuestas en un museo a partir de 2027. Sin embargo, la artista Magda Le\u00f3n ya ha venido trabajando bajo este concepto previamente, como parte de su convicci\u00f3n por mantener y proyectar la identidad multicultural guatemalteca.\" srcset=\"https:\/\/soymigrante.com\/revista\/wp-content\/uploads\/2025\/09\/barriletes-gigantes-rhode-island.png 958w, https:\/\/soymigrante.com\/revista\/wp-content\/uploads\/2025\/09\/barriletes-gigantes-rhode-island-300x194.png 300w, https:\/\/soymigrante.com\/revista\/wp-content\/uploads\/2025\/09\/barriletes-gigantes-rhode-island-768x496.png 768w, https:\/\/soymigrante.com\/revista\/wp-content\/uploads\/2025\/09\/barriletes-gigantes-rhode-island-750x485.png 750w\" sizes=\"(max-width: 958px) 100vw, 958px\" title=\"El proyecto de barriletes gigantes abarca la construcci\u00f3n de 4 piezas, que ser\u00e1n expuestas en un museo a partir de 2027. Sin embargo, la artista Magda Le\u00f3n ya ha venido trabajando bajo este concepto previamente, como parte de su convicci\u00f3n por mantener y proyectar la identidad multicultural guatemalteca. \u2013 SoyMigrante.com REVISTA\" \/>\t\t\t\t\t\t\t\t\t\t\t<figcaption class=\"widget-image-caption wp-caption-text\">El proyecto de barriletes gigantes abarca la construcci\u00f3n de 4 piezas, que ser\u00e1n expuestas en un museo a partir de 2027. Sin embargo, la artista Magda Le\u00f3n ya ha venido trabajando bajo este concepto previamente, como parte de su convicci\u00f3n por mantener y proyectar la identidad multicultural guatemalteca. <\/figcaption>\n\t\t\t\t\t\t\t\t\t\t<\/figure>\n\t\t\t\t\t\t\t\t\t<\/div>\n\t\t\t\t\t<\/div>\n\t\t\t\t<\/div>\n\t\t<div data-particle_enable=\"false\" data-particle-mobile-disabled=\"false\" class=\"elementor-element elementor-element-ca019aa e-flex e-con-boxed e-con e-parent\" data-id=\"ca019aa\" data-element_type=\"container\" data-e-type=\"container\">\n\t\t\t\t\t<div class=\"e-con-inner\">\n\t\t\t\t<div class=\"elementor-element elementor-element-af25534 elementor-grid-eael-col-1 elementor-grid-tablet-eael-col-2 elementor-grid-mobile-eael-col-1 elementor-widget elementor-widget-eael-post-grid\" data-id=\"af25534\" data-element_type=\"widget\" data-e-type=\"widget\" data-settings=\"{&quot;eael_post_grid_columns&quot;:&quot;eael-col-1&quot;,&quot;eael_post_grid_columns_tablet&quot;:&quot;eael-col-2&quot;,&quot;eael_post_grid_columns_mobile&quot;:&quot;eael-col-1&quot;}\" data-widget_type=\"eael-post-grid.default\">\n\t\t\t\t\t<div id=\"eael-post-grid-af25534\" class=\"eael-post-grid-container\">\n            <div class=\"eael-post-grid eael-post-appender eael-post-appender-af25534 eael-post-grid-style-one\" data-layout-mode=\"masonry\"><article class=\"eael-grid-post  eael-post-grid-column eael-pg-post-39736 category-exitos-guatemala\" data-id=\"39736\">\n        <div class=\"eael-grid-post-holder\">\n            <div class=\"eael-grid-post-holder-inner\"><div class=\"eael-entry-media\"><div class=\"eael-entry-overlay fade-in\"><i class=\"far fa-hand-pointer\" aria-hidden=\"true\"><\/i><a href=\"https:\/\/soymigrante.com\/revista\/yo-naci-migrante-y-creci-migrante-artista-guatemalteca-magda-leon-en-rhode-island\/\"><\/a><\/div><div class=\"eael-entry-thumbnail eael-image-ratio\">\n                <img loading=\"lazy\" decoding=\"async\" width=\"1024\" height=\"1024\" src=\"https:\/\/soymigrante.com\/revista\/wp-content\/uploads\/2025\/07\/artista-migrante-guatemalteca-Magda-Leon-1-1024x1024.jpg\" class=\"attachment-large size-large wp-image-39737\" alt=\"Fotograf\u00eda de una mujer sonriente en una exposici\u00f3n al aire libre con retratos en blanco y negro en una valla de malla, destacando arte, cultura y creatividad en el contexto de SoyMigrante.com REVISTA.\" srcset=\"https:\/\/soymigrante.com\/revista\/wp-content\/uploads\/2025\/07\/artista-migrante-guatemalteca-Magda-Leon-1-1024x1024.jpg 1024w, https:\/\/soymigrante.com\/revista\/wp-content\/uploads\/2025\/07\/artista-migrante-guatemalteca-Magda-Leon-1-300x300.jpg 300w, https:\/\/soymigrante.com\/revista\/wp-content\/uploads\/2025\/07\/artista-migrante-guatemalteca-Magda-Leon-1-150x150.jpg 150w, https:\/\/soymigrante.com\/revista\/wp-content\/uploads\/2025\/07\/artista-migrante-guatemalteca-Magda-Leon-1-768x768.jpg 768w, https:\/\/soymigrante.com\/revista\/wp-content\/uploads\/2025\/07\/artista-migrante-guatemalteca-Magda-Leon-1-75x75.jpg 75w, https:\/\/soymigrante.com\/revista\/wp-content\/uploads\/2025\/07\/artista-migrante-guatemalteca-Magda-Leon-1-750x750.jpg 750w, https:\/\/soymigrante.com\/revista\/wp-content\/uploads\/2025\/07\/artista-migrante-guatemalteca-Magda-Leon-1.jpg 1051w\" sizes=\"(max-width: 1024px) 100vw, 1024px\" \/>\n            <\/div>\n        <\/div><div class=\"eael-entry-wrapper\"><header class=\"eael-entry-header\"><h2 class=\"eael-entry-title\"><a class=\"eael-grid-post-link\" href=\"https:\/\/soymigrante.com\/revista\/yo-naci-migrante-y-creci-migrante-artista-guatemalteca-magda-leon-en-rhode-island\/\" title=\"&#8220;Yo nac\u00ed migrante y crec\u00ed migrante&#8221;: artista guatemalteca Magda Le\u00f3n, en Rhode Island\">&#8220;Yo nac\u00ed migrante y crec\u00ed migrante&#8221;: artista guatemalteca Magda Le\u00f3n, en Rhode Island<\/a><\/h2><\/header><div class=\"eael-entry-content\">\n                        <div class=\"eael-grid-post-excerpt\"><a href=\"https:\/\/soymigrante.com\/revista\/yo-naci-migrante-y-creci-migrante-artista-guatemalteca-magda-leon-en-rhode-island\/\" class=\"eael-post-elements-readmore-btn\">CONOCE SU HISTORIA <\/a><\/div>\n                    <\/div><\/div><\/div>\n        <\/div>\n    <\/article><\/div>\n            <div class=\"clearfix\"><\/div>\n        <\/div>\t\t\t\t<\/div>\n\t\t\t\t\t<\/div>\n\t\t\t\t<\/div>\n\t\t<div data-particle_enable=\"false\" data-particle-mobile-disabled=\"false\" class=\"elementor-element elementor-element-e1a41c5 e-flex e-con-boxed e-con e-parent\" data-id=\"e1a41c5\" data-element_type=\"container\" data-e-type=\"container\">\n\t\t\t\t\t<div class=\"e-con-inner\">\n\t\t\t\t<div class=\"elementor-element elementor-element-7540305 elementor-widget elementor-widget-heading\" data-id=\"7540305\" data-element_type=\"widget\" data-e-type=\"widget\" data-widget_type=\"heading.default\">\n\t\t\t\t\t<h2 class=\"elementor-heading-title elementor-size-default\">Una tradici\u00f3n de identidad sin fronteras<\/h2>\t\t\t\t<\/div>\n\t\t\t\t\t<\/div>\n\t\t\t\t<\/div>\n\t\t<div data-particle_enable=\"false\" data-particle-mobile-disabled=\"false\" class=\"elementor-element elementor-element-f75afba e-flex e-con-boxed e-con e-parent\" data-id=\"f75afba\" data-element_type=\"container\" data-e-type=\"container\">\n\t\t\t\t\t<div class=\"e-con-inner\">\n\t\t\t\t<div class=\"elementor-element elementor-element-04f6dda elementor-grid-eael-col-3 elementor-grid-tablet-eael-col-2 elementor-grid-mobile-eael-col-1 elementor-widget elementor-widget-eael-post-grid\" data-id=\"04f6dda\" data-element_type=\"widget\" data-e-type=\"widget\" data-settings=\"{&quot;eael_post_grid_columns&quot;:&quot;eael-col-3&quot;,&quot;eael_post_grid_columns_tablet&quot;:&quot;eael-col-2&quot;,&quot;eael_post_grid_columns_mobile&quot;:&quot;eael-col-1&quot;}\" data-widget_type=\"eael-post-grid.default\">\n\t\t\t\t\t<div id=\"eael-post-grid-04f6dda\" class=\"eael-post-grid-container\">\n            <div class=\"eael-post-grid eael-post-appender eael-post-appender-04f6dda eael-post-grid-style-one\" data-layout-mode=\"masonry\"><article class=\"eael-grid-post  eael-post-grid-column eael-pg-post-11778 category-guate-nuestra\" data-id=\"11778\">\n        <div class=\"eael-grid-post-holder\">\n            <div class=\"eael-grid-post-holder-inner\"><div class=\"eael-entry-media\"><div class=\"eael-entry-overlay fade-in\"><i class=\"far fa-hand-pointer\" aria-hidden=\"true\"><\/i><a href=\"https:\/\/soymigrante.com\/revista\/migrantes-elevan-sus-barriletes-en-llanura-de-los-berkshires-massachussetes\/\"><\/a><\/div><div class=\"eael-entry-thumbnail \">\n                <img loading=\"lazy\" decoding=\"async\" width=\"1024\" height=\"1024\" src=\"https:\/\/soymigrante.com\/revista\/wp-content\/uploads\/2024\/11\/barriletes-migrantes-massachussets-6-1-1024x1024.jpg\" class=\"attachment-large size-large wp-image-11786\" alt=\"Sirenas volando en el cielo con tierra de fondo, personas viendo la cometa en un campo abierto, imagen que representa libertad, cultura y comunidad en las comunidades migrantes en M\u00e9xico y el mundo.\" srcset=\"https:\/\/soymigrante.com\/revista\/wp-content\/uploads\/2024\/11\/barriletes-migrantes-massachussets-6-1-1024x1024.jpg 1024w, https:\/\/soymigrante.com\/revista\/wp-content\/uploads\/2024\/11\/barriletes-migrantes-massachussets-6-1-300x300.webp 300w, https:\/\/soymigrante.com\/revista\/wp-content\/uploads\/2024\/11\/barriletes-migrantes-massachussets-6-1-150x150.webp 150w, https:\/\/soymigrante.com\/revista\/wp-content\/uploads\/2024\/11\/barriletes-migrantes-massachussets-6-1-768x768.jpg 768w, https:\/\/soymigrante.com\/revista\/wp-content\/uploads\/2024\/11\/barriletes-migrantes-massachussets-6-1-75x75.webp 75w, https:\/\/soymigrante.com\/revista\/wp-content\/uploads\/2024\/11\/barriletes-migrantes-massachussets-6-1-750x750.webp 750w, https:\/\/soymigrante.com\/revista\/wp-content\/uploads\/2024\/11\/barriletes-migrantes-massachussets-6-1-1140x1140.jpg 1140w, https:\/\/soymigrante.com\/revista\/wp-content\/uploads\/2024\/11\/barriletes-migrantes-massachussets-6-1.webp 1227w\" sizes=\"(max-width: 1024px) 100vw, 1024px\" \/>\n            <\/div>\n        <\/div><div class=\"eael-entry-wrapper\"><header class=\"eael-entry-header\"><h2 class=\"eael-entry-title\"><a class=\"eael-grid-post-link\" href=\"https:\/\/soymigrante.com\/revista\/migrantes-elevan-sus-barriletes-en-llanura-de-los-berkshires-massachussetes\/\" title=\"Migrantes elevan sus barriletes en llanura de los Berkshires, Massachussetes.\">Migrantes elevan sus barriletes en llanura de los Berkshires, Massachussetes.<\/a><\/h2><\/header><div class=\"eael-entry-content\">\n                        <div class=\"eael-grid-post-excerpt\"><a href=\"https:\/\/soymigrante.com\/revista\/migrantes-elevan-sus-barriletes-en-llanura-de-los-berkshires-massachussetes\/\" class=\"eael-post-elements-readmore-btn\">CONOCE SU HISTORIA <\/a><\/div>\n                    <\/div><\/div><\/div>\n        <\/div>\n    <\/article><article class=\"eael-grid-post  eael-post-grid-column eael-pg-post-11681 category-guate-nuestra\" data-id=\"11681\">\n        <div class=\"eael-grid-post-holder\">\n            <div class=\"eael-grid-post-holder-inner\"><div class=\"eael-entry-media\"><div class=\"eael-entry-overlay fade-in\"><i class=\"far fa-hand-pointer\" aria-hidden=\"true\"><\/i><a href=\"https:\/\/soymigrante.com\/revista\/cronica-en-imagenes-asi-se-vivio-con-alegria-y-tradicion-la-fiesta-de-barriletes-gigantes-de-sumpango\/\"><\/a><\/div><div class=\"eael-entry-thumbnail \">\n                <img loading=\"lazy\" decoding=\"async\" width=\"1024\" height=\"1024\" src=\"https:\/\/soymigrante.com\/revista\/wp-content\/uploads\/2024\/11\/Festival-de-Barriletes-de-Sumpango-c-1024x1024.jpg\" class=\"attachment-large size-large wp-image-11697\" alt=\"Colores vivos y festivales tradicionales con grandes pi\u00f1atas en celebraci\u00f3n mexicana, mostrando cultura, comunidad y orgullo cultural en un evento popular del pa\u00eds.\" srcset=\"https:\/\/soymigrante.com\/revista\/wp-content\/uploads\/2024\/11\/Festival-de-Barriletes-de-Sumpango-c-1024x1024.jpg 1024w, https:\/\/soymigrante.com\/revista\/wp-content\/uploads\/2024\/11\/Festival-de-Barriletes-de-Sumpango-c-300x300.webp 300w, https:\/\/soymigrante.com\/revista\/wp-content\/uploads\/2024\/11\/Festival-de-Barriletes-de-Sumpango-c-150x150.webp 150w, https:\/\/soymigrante.com\/revista\/wp-content\/uploads\/2024\/11\/Festival-de-Barriletes-de-Sumpango-c-768x768.jpg 768w, https:\/\/soymigrante.com\/revista\/wp-content\/uploads\/2024\/11\/Festival-de-Barriletes-de-Sumpango-c-75x75.webp 75w, https:\/\/soymigrante.com\/revista\/wp-content\/uploads\/2024\/11\/Festival-de-Barriletes-de-Sumpango-c-750x750.webp 750w, https:\/\/soymigrante.com\/revista\/wp-content\/uploads\/2024\/11\/Festival-de-Barriletes-de-Sumpango-c-1140x1140.jpg 1140w, https:\/\/soymigrante.com\/revista\/wp-content\/uploads\/2024\/11\/Festival-de-Barriletes-de-Sumpango-c.webp 1301w\" sizes=\"(max-width: 1024px) 100vw, 1024px\" \/>\n            <\/div>\n        <\/div><div class=\"eael-entry-wrapper\"><header class=\"eael-entry-header\"><h2 class=\"eael-entry-title\"><a class=\"eael-grid-post-link\" href=\"https:\/\/soymigrante.com\/revista\/cronica-en-imagenes-asi-se-vivio-con-alegria-y-tradicion-la-fiesta-de-barriletes-gigantes-de-sumpango\/\" title=\"Cr\u00f3nica con im\u00e1genes: as\u00ed se vivi\u00f3 con alegr\u00eda y tradici\u00f3n la fiesta de Barriletes Gigantes de Sumpango\">Cr\u00f3nica con im\u00e1genes: as\u00ed se vivi\u00f3 con alegr\u00eda y tradici\u00f3n la fiesta de Barriletes Gigantes de Sumpango<\/a><\/h2><\/header><div class=\"eael-entry-content\">\n                        <div class=\"eael-grid-post-excerpt\"><a href=\"https:\/\/soymigrante.com\/revista\/cronica-en-imagenes-asi-se-vivio-con-alegria-y-tradicion-la-fiesta-de-barriletes-gigantes-de-sumpango\/\" class=\"eael-post-elements-readmore-btn\">CONOCE SU HISTORIA <\/a><\/div>\n                    <\/div><\/div><\/div>\n        <\/div>\n    <\/article><article class=\"eael-grid-post  eael-post-grid-column eael-pg-post-10468 category-guate-nuestra\" data-id=\"10468\">\n        <div class=\"eael-grid-post-holder\">\n            <div class=\"eael-grid-post-holder-inner\"><div class=\"eael-entry-media\"><div class=\"eael-entry-overlay fade-in\"><i class=\"far fa-hand-pointer\" aria-hidden=\"true\"><\/i><a href=\"https:\/\/soymigrante.com\/revista\/barriletes-gigantes-son-una-tradicion-de-arte-espiritu-y-memoria\/\"><\/a><\/div><div class=\"eael-entry-thumbnail \">\n                <img loading=\"lazy\" decoding=\"async\" width=\"1024\" height=\"1024\" src=\"https:\/\/soymigrante.com\/revista\/wp-content\/uploads\/2024\/10\/barriletes-gigantes-3-e1729181762254-1024x1024.webp\" class=\"attachment-large size-large wp-image-10469\" alt=\"Columna de paraguas y banderas decorativas en festival cultural con numerosos asistentes en un espacio al aire libre.\" srcset=\"https:\/\/soymigrante.com\/revista\/wp-content\/uploads\/2024\/10\/barriletes-gigantes-3-e1729181762254-1024x1024.webp 1024w, https:\/\/soymigrante.com\/revista\/wp-content\/uploads\/2024\/10\/barriletes-gigantes-3-e1729181762254-300x300.webp 300w, https:\/\/soymigrante.com\/revista\/wp-content\/uploads\/2024\/10\/barriletes-gigantes-3-e1729181762254-150x150.webp 150w, https:\/\/soymigrante.com\/revista\/wp-content\/uploads\/2024\/10\/barriletes-gigantes-3-e1729181762254-768x768.webp 768w, https:\/\/soymigrante.com\/revista\/wp-content\/uploads\/2024\/10\/barriletes-gigantes-3-e1729181762254-75x75.webp 75w, https:\/\/soymigrante.com\/revista\/wp-content\/uploads\/2024\/10\/barriletes-gigantes-3-e1729181762254-750x750.webp 750w, https:\/\/soymigrante.com\/revista\/wp-content\/uploads\/2024\/10\/barriletes-gigantes-3-e1729181762254-1140x1140.webp 1140w, https:\/\/soymigrante.com\/revista\/wp-content\/uploads\/2024\/10\/barriletes-gigantes-3-e1729181762254.webp 1280w\" sizes=\"(max-width: 1024px) 100vw, 1024px\" \/>\n            <\/div>\n        <\/div><div class=\"eael-entry-wrapper\"><header class=\"eael-entry-header\"><h2 class=\"eael-entry-title\"><a class=\"eael-grid-post-link\" href=\"https:\/\/soymigrante.com\/revista\/barriletes-gigantes-son-una-tradicion-de-arte-espiritu-y-memoria\/\" title=\"Los barriletes gigantes son una tradici\u00f3n, un ritual sagrado y un emblema de Guatemala\">Los barriletes gigantes son una tradici\u00f3n, un ritual sagrado y un emblema de Guatemala<\/a><\/h2><\/header><div class=\"eael-entry-content\">\n                        <div class=\"eael-grid-post-excerpt\"><a href=\"https:\/\/soymigrante.com\/revista\/barriletes-gigantes-son-una-tradicion-de-arte-espiritu-y-memoria\/\" class=\"eael-post-elements-readmore-btn\">CONOCE SU HISTORIA <\/a><\/div>\n                    <\/div><\/div><\/div>\n        <\/div>\n    <\/article><\/div>\n            <div class=\"clearfix\"><\/div>\n        <\/div>\t\t\t\t<\/div>\n\t\t\t\t\t<\/div>\n\t\t\t\t<\/div>\n\t\t\t\t<\/div>\n\t\t","protected":false},"excerpt":{"rendered":"<p>La artista guatemalteca migrante Magda Le\u00f3n trabaja en un barrilete gigante, inspirado en s\u00edmbolos guatemaltecos y la obra del artista Francisco Tun, que ser\u00e1 expuesto en el Festival Guatemala de Rhode Island el 7 de septiembre. La labor empez\u00f3 hace cuatro meses, cuando la artista guatemalteca Magda Le\u00f3n dirigi\u00f3 talleres sobre elaboraci\u00f3n de barriletes, a [&hellip;]<\/p>\n","protected":false},"author":7,"featured_media":43641,"comment_status":"open","ping_status":"open","sticky":false,"template":"","format":"standard","meta":{"_acf_changed":false,"_eb_attr":"","footnotes":""},"categories":[54],"tags":[],"class_list":["post-43640","post","type-post","status-publish","format-standard","has-post-thumbnail","hentry","category-estamos-unidos"],"acf":[],"aioseo_notices":[],"aioseo_head":"\n\t\t<!-- All in One SEO Pro 4.9.6.2 - aioseo.com -->\n\t<meta name=\"description\" content=\"Los barriletes gigantes de Sumpango son un s\u00edmbolo de cultura, creatividad, uni\u00f3n y sobre todo, de conexi\u00f3n espiritual: un ritual sagrado del 1 y 2 de noviembre\" \/>\n\t<meta name=\"robots\" content=\"max-snippet:-1, max-image-preview:large, max-video-preview:-1\" \/>\n\t<meta name=\"author\" content=\"Marysabel Aldana\"\/>\n\t<link rel=\"canonical\" href=\"https:\/\/soymigrante.com\/revista\/barriletes-gigantes-son-una-tradicion-de-arte-espiritu-y-memoria\/\" \/>\n\t<meta name=\"generator\" content=\"All in One SEO Pro (AIOSEO) 4.9.6.2\" \/>\n\n\t\t<link rel=\"preconnect\" href=\"https:\/\/fonts.googleapis.com\" crossorigin>\n<link rel=\"preconnect\" href=\"https:\/\/fonts.gstatic.com\" crossorigin>\n\t\t<meta property=\"og:locale\" content=\"es_ES\" \/>\n\t\t<meta property=\"og:site_name\" content=\"SoyMigrante.com REVISTA \u2013 Nuestra misi\u00f3n es reconocer y dignificar al migrante.\" \/>\n\t\t<meta property=\"og:type\" content=\"article\" \/>\n\t\t<meta property=\"og:title\" content=\"Los barriletes gigantes son una tradici\u00f3n, un ritual sagrado y un emblema de Guatemala\" \/>\n\t\t<meta property=\"og:description\" content=\"Los barriletes gigantes de Sumpango son un s\u00edmbolo de cultura, creatividad, uni\u00f3n y sobre todo, de conexi\u00f3n espiritual: un ritual sagrado del 1 y 2 de noviembre\" \/>\n\t\t<meta property=\"og:url\" content=\"https:\/\/soymigrante.com\/revista\/barriletes-gigantes-son-una-tradicion-de-arte-espiritu-y-memoria\/\" \/>\n\t\t<meta property=\"og:image\" content=\"https:\/\/soymigrante.com\/revista\/wp-content\/uploads\/2024\/10\/barriletes-gigantes-3-e1729181762254.webp\" \/>\n\t\t<meta property=\"og:image:secure_url\" content=\"https:\/\/soymigrante.com\/revista\/wp-content\/uploads\/2024\/10\/barriletes-gigantes-3-e1729181762254.webp\" \/>\n\t\t<meta property=\"og:image:width\" content=\"1280\" \/>\n\t\t<meta property=\"og:image:height\" content=\"1280\" \/>\n\t\t<meta property=\"article:published_time\" content=\"2024-10-28T18:26:26+00:00\" \/>\n\t\t<meta property=\"article:modified_time\" content=\"2024-11-01T19:45:20+00:00\" \/>\n\t\t<meta property=\"article:publisher\" content=\"https:\/\/www.facebook.com\/soymigrantecom\" \/>\n\t\t<meta name=\"twitter:card\" content=\"summary_large_image\" \/>\n\t\t<meta name=\"twitter:site\" content=\"@SoyMigrante_com\" \/>\n\t\t<meta name=\"twitter:title\" content=\"Los barriletes gigantes son una tradici\u00f3n, un ritual sagrado y un emblema de Guatemala\" \/>\n\t\t<meta name=\"twitter:description\" content=\"Los barriletes gigantes de Sumpango son un s\u00edmbolo de cultura, creatividad, uni\u00f3n y sobre todo, de conexi\u00f3n espiritual: un ritual sagrado del 1 y 2 de noviembre\" \/>\n\t\t<meta name=\"twitter:creator\" content=\"@SoyMigrante_com\" \/>\n\t\t<meta name=\"twitter:image\" content=\"https:\/\/soymigrante.com\/revista\/wp-content\/uploads\/2024\/10\/barriletes-gigantes-3-e1729181762254.webp\" \/>\n\t\t<!-- All in One SEO Pro -->\r\n\t\t<title>Los barriletes gigantes son una tradici\u00f3n, un ritual sagrado y un emblema de Guatemala<\/title>\n\n","aioseo_head_json":{"title":"Los barriletes gigantes son una tradici\u00f3n, un ritual sagrado y un emblema de Guatemala","description":"Los barriletes gigantes de Sumpango son un s\u00edmbolo de cultura, creatividad, uni\u00f3n y sobre todo, de conexi\u00f3n espiritual: un ritual sagrado del 1 y 2 de noviembre","canonical_url":"https:\/\/soymigrante.com\/revista\/barriletes-gigantes-son-una-tradicion-de-arte-espiritu-y-memoria\/","robots":"max-snippet:-1, max-image-preview:large, max-video-preview:-1","keywords":"","webmasterTools":{"miscellaneous":"&lt;link rel=\"preconnect\" href=\"https:\/\/fonts.googleapis.com\" crossorigin&gt;\n&lt;link rel=\"preconnect\" href=\"https:\/\/fonts.gstatic.com\" crossorigin&gt;"},"schema":null,"og:locale":"es_ES","og:site_name":"SoyMigrante.com REVISTA \u2013 Nuestra misi\u00f3n es reconocer y dignificar al migrante.","og:type":"article","og:title":"Los barriletes gigantes son una tradici\u00f3n, un ritual sagrado y un emblema de Guatemala","og:description":"Los barriletes gigantes de Sumpango son un s\u00edmbolo de cultura, creatividad, uni\u00f3n y sobre todo, de conexi\u00f3n espiritual: un ritual sagrado del 1 y 2 de noviembre","og:url":"https:\/\/soymigrante.com\/revista\/barriletes-gigantes-son-una-tradicion-de-arte-espiritu-y-memoria\/","og:image":"https:\/\/soymigrante.com\/revista\/wp-content\/uploads\/2024\/10\/barriletes-gigantes-3-e1729181762254.webp","og:image:secure_url":"https:\/\/soymigrante.com\/revista\/wp-content\/uploads\/2024\/10\/barriletes-gigantes-3-e1729181762254.webp","og:image:width":1280,"og:image:height":1280,"article:published_time":"2024-10-28T18:26:26+00:00","article:modified_time":"2024-11-01T19:45:20+00:00","article:publisher":"https:\/\/www.facebook.com\/soymigrantecom","twitter:card":"summary_large_image","twitter:site":"@SoyMigrante_com","twitter:title":"Los barriletes gigantes son una tradici\u00f3n, un ritual sagrado y un emblema de Guatemala","twitter:description":"Los barriletes gigantes de Sumpango son un s\u00edmbolo de cultura, creatividad, uni\u00f3n y sobre todo, de conexi\u00f3n espiritual: un ritual sagrado del 1 y 2 de noviembre","twitter:creator":"@SoyMigrante_com","twitter:image":"https:\/\/soymigrante.com\/revista\/wp-content\/uploads\/2024\/10\/barriletes-gigantes-3-e1729181762254.webp"},"aioseo_meta_data":{"post_id":"43640","title":"Barrilete gigante en Festival Guatemala de Rhode Island","description":"Artista migrante guatemalteca Magda Le\u00f3n dirige elaboraci\u00f3n de un barrilete gigante, con tem\u00e1tica multicultural. Se exhibir\u00e1 en Festival Guatemala.","keywords":null,"keyphrases":{"focus":{"keyphrase":"Barrilete gigante","score":100,"analysis":{"keyphraseInTitle":{"score":9,"maxScore":9,"error":0},"keyphraseInDescription":{"score":9,"maxScore":9,"error":0},"keyphraseLength":{"score":9,"maxScore":9,"error":0,"length":2},"keyphraseInURL":{"score":5,"maxScore":5,"error":0}}},"additional":[{"keyphrase":"Guatemala","score":100,"analysis":{"keyphraseInDescription":{"score":9,"maxScore":9,"error":0},"keyphraseLength":{"score":9,"maxScore":9,"error":0,"length":1}}},{"keyphrase":"Magda Le\u00f3n","score":100,"analysis":{"keyphraseInDescription":{"score":9,"maxScore":9,"error":0},"keyphraseLength":{"score":9,"maxScore":9,"error":0,"length":3}}}]},"primary_term":null,"canonical_url":null,"og_title":null,"og_description":null,"og_object_type":"default","og_image_type":"default","og_image_url":null,"og_image_width":null,"og_image_height":null,"og_image_custom_url":null,"og_image_custom_fields":null,"og_video":"","og_custom_url":null,"og_article_section":null,"og_article_tags":null,"twitter_use_og":false,"twitter_card":"default","twitter_image_type":"default","twitter_image_url":null,"twitter_image_custom_url":null,"twitter_image_custom_fields":null,"twitter_title":null,"twitter_description":null,"schema":{"blockGraphs":[],"customGraphs":[],"default":{"data":{"Article":[],"Course":[],"Dataset":[],"FAQPage":[],"Movie":[],"Person":[],"Product":[],"ProductReview":[],"Car":[],"Recipe":[],"Service":[],"SoftwareApplication":[],"WebPage":[]},"graphName":"none","isEnabled":true},"graphs":[]},"schema_type":"default","schema_type_options":null,"pillar_content":false,"robots_default":true,"robots_noindex":false,"robots_noarchive":false,"robots_nosnippet":false,"robots_nofollow":false,"robots_noimageindex":false,"robots_noodp":false,"robots_notranslate":false,"robots_max_snippet":"-1","robots_max_videopreview":"-1","robots_max_imagepreview":"large","priority":null,"frequency":"default","local_seo":null,"seo_analyzer_scan_date":"2025-10-09 08:17:12","breadcrumb_settings":null,"limit_modified_date":false,"reviewed_by":"0","open_ai":null,"ai":{"faqs":[],"keyPoints":[],"titles":[],"descriptions":[],"socialPosts":{"email":[],"linkedin":[],"twitter":[],"facebook":[],"instagram":[]}},"created":"2025-09-03 17:11:51","updated":"2026-02-05 04:34:43"},"aioseo_breadcrumb":"<div class=\"aioseo-breadcrumbs\"><span class=\"aioseo-breadcrumb\">\n\t<a href=\"https:\/\/soymigrante.com\/revista\" title=\"Home\">Home<\/a>\n<\/span><span class=\"aioseo-breadcrumb-separator\">\u00bb<\/span><span class=\"aioseo-breadcrumb\">\n\t<a href=\"https:\/\/soymigrante.com\/revista\/category\/estamos-unidos\/\" title=\"Estamos Unidos\">Estamos Unidos<\/a>\n<\/span><span class=\"aioseo-breadcrumb-separator\">\u00bb<\/span><span class=\"aioseo-breadcrumb\">\n\tBarrilete gigante y migrante lucir\u00e1 en festival Guatemala de Rhode Island\n<\/span><\/div>","aioseo_breadcrumb_json":[{"label":"Home","link":"https:\/\/soymigrante.com\/revista"},{"label":"Estamos Unidos","link":"https:\/\/soymigrante.com\/revista\/category\/estamos-unidos\/"},{"label":"Barrilete gigante y migrante lucir\u00e1 en festival Guatemala de Rhode Island","link":"https:\/\/soymigrante.com\/revista\/barrilete-gigante-y-migrante-lucira-en-festival-guatemala-de-rhode-island\/"}],"_links":{"self":[{"href":"https:\/\/soymigrante.com\/revista\/wp-json\/wp\/v2\/posts\/43640","targetHints":{"allow":["GET"]}}],"collection":[{"href":"https:\/\/soymigrante.com\/revista\/wp-json\/wp\/v2\/posts"}],"about":[{"href":"https:\/\/soymigrante.com\/revista\/wp-json\/wp\/v2\/types\/post"}],"author":[{"embeddable":true,"href":"https:\/\/soymigrante.com\/revista\/wp-json\/wp\/v2\/users\/7"}],"replies":[{"embeddable":true,"href":"https:\/\/soymigrante.com\/revista\/wp-json\/wp\/v2\/comments?post=43640"}],"version-history":[{"count":16,"href":"https:\/\/soymigrante.com\/revista\/wp-json\/wp\/v2\/posts\/43640\/revisions"}],"predecessor-version":[{"id":43669,"href":"https:\/\/soymigrante.com\/revista\/wp-json\/wp\/v2\/posts\/43640\/revisions\/43669"}],"wp:featuredmedia":[{"embeddable":true,"href":"https:\/\/soymigrante.com\/revista\/wp-json\/wp\/v2\/media\/43641"}],"wp:attachment":[{"href":"https:\/\/soymigrante.com\/revista\/wp-json\/wp\/v2\/media?parent=43640"}],"wp:term":[{"taxonomy":"category","embeddable":true,"href":"https:\/\/soymigrante.com\/revista\/wp-json\/wp\/v2\/categories?post=43640"},{"taxonomy":"post_tag","embeddable":true,"href":"https:\/\/soymigrante.com\/revista\/wp-json\/wp\/v2\/tags?post=43640"}],"curies":[{"name":"wp","href":"https:\/\/api.w.org\/{rel}","templated":true}]}}