{"id":4361,"date":"2024-01-16T11:46:25","date_gmt":"2024-01-16T17:46:25","guid":{"rendered":"https:\/\/soymigrante.com\/revista\/?p=4361"},"modified":"2024-11-01T10:02:47","modified_gmt":"2024-11-01T16:02:47","slug":"paulino-migrante-experto-tecnologia-defensor-comunidad-guatemalteca","status":"publish","type":"post","link":"https:\/\/soymigrante.com\/revista\/paulino-migrante-experto-tecnologia-defensor-comunidad-guatemalteca\/","title":{"rendered":"Paulino Garc\u00eda: un migrante programado para servir a la comunidad guatemalteca"},"content":{"rendered":"\t\t<div data-elementor-type=\"wp-post\" data-elementor-id=\"4361\" class=\"elementor elementor-4361\" data-elementor-post-type=\"post\">\n\t\t\t\t\t\t<section data-particle_enable=\"false\" data-particle-mobile-disabled=\"false\" class=\"elementor-section elementor-top-section elementor-element elementor-element-1a56f5b elementor-section-boxed elementor-section-height-default elementor-section-height-default\" data-id=\"1a56f5b\" data-element_type=\"section\" data-e-type=\"section\">\n\t\t\t\t\t\t<div class=\"elementor-container elementor-column-gap-default\">\n\t\t\t\t\t<div class=\"elementor-column elementor-col-100 elementor-top-column elementor-element elementor-element-b52a77a\" data-id=\"b52a77a\" data-element_type=\"column\" data-e-type=\"column\">\n\t\t\t<div class=\"elementor-widget-wrap elementor-element-populated\">\n\t\t\t\t\t\t<div class=\"elementor-element elementor-element-3b1cd8e elementor-widget elementor-widget-heading\" data-id=\"3b1cd8e\" data-element_type=\"widget\" data-e-type=\"widget\" data-widget_type=\"heading.default\">\n\t\t\t\t\t<h1 class=\"elementor-heading-title elementor-size-default\">Paulino Garc\u00eda es un profesional en inform\u00e1tica y protecci\u00f3n digital, migrante originario de Totonicap\u00e1n que desde el 2008 ha dedicado su tiempo como voluntario para integrar y defender los derechos de la comunidad migrante guatemalteca en Houston, Texas, donde reside pero tambi\u00e9n en todo Estados Unidos. <\/h1>\t\t\t\t<\/div>\n\t\t\t\t\t<\/div>\n\t\t<\/div>\n\t\t\t\t\t<\/div>\n\t\t<\/section>\n\t\t\t\t<section data-particle_enable=\"false\" data-particle-mobile-disabled=\"false\" class=\"elementor-section elementor-top-section elementor-element elementor-element-2e1a76c elementor-section-boxed elementor-section-height-default elementor-section-height-default\" data-id=\"2e1a76c\" data-element_type=\"section\" data-e-type=\"section\">\n\t\t\t\t\t\t<div class=\"elementor-container elementor-column-gap-default\">\n\t\t\t\t\t<div class=\"elementor-column elementor-col-100 elementor-top-column elementor-element elementor-element-5ef469c\" data-id=\"5ef469c\" data-element_type=\"column\" data-e-type=\"column\">\n\t\t\t<div class=\"elementor-widget-wrap elementor-element-populated\">\n\t\t\t\t\t\t<div class=\"elementor-element elementor-element-7441c8a elementor-widget elementor-widget-video\" data-id=\"7441c8a\" data-element_type=\"widget\" data-e-type=\"widget\" data-settings=\"{&quot;youtube_url&quot;:&quot;https:\\\/\\\/www.youtube.com\\\/watch?v=VVWfobm3ZtQ&quot;,&quot;start&quot;:1130,&quot;end&quot;:1260,&quot;autoplay&quot;:&quot;yes&quot;,&quot;video_type&quot;:&quot;youtube&quot;,&quot;controls&quot;:&quot;yes&quot;}\" data-widget_type=\"video.default\">\n\t\t\t\t\t\t\t<div class=\"elementor-wrapper elementor-open-inline\">\n\t\t\t<div class=\"elementor-video\"><\/div>\t\t<\/div>\n\t\t\t\t\t\t<\/div>\n\t\t\t\t\t<\/div>\n\t\t<\/div>\n\t\t\t\t\t<\/div>\n\t\t<\/section>\n\t\t\t\t<section data-particle_enable=\"false\" data-particle-mobile-disabled=\"false\" class=\"elementor-section elementor-top-section elementor-element elementor-element-5a7d0a3 elementor-section-boxed elementor-section-height-default elementor-section-height-default\" data-id=\"5a7d0a3\" data-element_type=\"section\" data-e-type=\"section\">\n\t\t\t\t\t\t<div class=\"elementor-container elementor-column-gap-default\">\n\t\t\t\t\t<div class=\"elementor-column elementor-col-100 elementor-top-column elementor-element elementor-element-5a2c689\" data-id=\"5a2c689\" data-element_type=\"column\" data-e-type=\"column\">\n\t\t\t<div class=\"elementor-widget-wrap elementor-element-populated\">\n\t\t\t\t\t\t<div class=\"elementor-element elementor-element-c54cb81 elementor-widget elementor-widget-heading\" data-id=\"c54cb81\" data-element_type=\"widget\" data-e-type=\"widget\" data-widget_type=\"heading.default\">\n\t\t\t\t\t<h2 class=\"elementor-heading-title elementor-size-default\">La llegada a Houston <\/h2>\t\t\t\t<\/div>\n\t\t\t\t\t<\/div>\n\t\t<\/div>\n\t\t\t\t\t<\/div>\n\t\t<\/section>\n\t\t\t\t<section data-particle_enable=\"false\" data-particle-mobile-disabled=\"false\" class=\"elementor-section elementor-top-section elementor-element elementor-element-2d5f523 elementor-section-boxed elementor-section-height-default elementor-section-height-default\" data-id=\"2d5f523\" data-element_type=\"section\" data-e-type=\"section\">\n\t\t\t\t\t\t<div class=\"elementor-container elementor-column-gap-default\">\n\t\t\t\t\t<div class=\"elementor-column elementor-col-100 elementor-top-column elementor-element elementor-element-334409e\" data-id=\"334409e\" data-element_type=\"column\" data-e-type=\"column\">\n\t\t\t<div class=\"elementor-widget-wrap elementor-element-populated\">\n\t\t\t\t\t\t<div class=\"elementor-element elementor-element-c47965a elementor-widget elementor-widget-text-editor\" data-id=\"c47965a\" data-element_type=\"widget\" data-e-type=\"widget\" data-widget_type=\"text-editor.default\">\n\t\t\t\t\t\t\t\t\t<p><span style=\"font-weight: 400;\">Paulino Garc\u00eda es originario de Totonicap\u00e1n, Guatemala. Realiz\u00f3 sus estudios del nivel b\u00e1sico y bachillerato en sistemas en su pa\u00eds, luego en el a\u00f1o dos mil migr\u00f3 a Estados Unidos y en 2,002 se estableci\u00f3 en Houston Texas. Dijo: \u201cDecid\u00ed migrar para encontrar terrenos f\u00e9rtiles, sembrar y tener una buena cosecha para el desarrollo personal y comunitario\u201d.&nbsp;<\/span><\/p>\n<p><span style=\"font-weight: 400;\">Su experiencia migratoria fue riesgosa, recuerda recorrer grandes distancias con incertidumbre y miedo. Lleg\u00f3 a su destino como muchos, pero su camino apenas empezaba. \u201cLo que me llam\u00f3 la atenci\u00f3n al llegar, cuando una persona va a buscar trabajo el \u00fanico perfil que buscan es el deseo de trabajar y hacer las cosas. Caso contrario ocurre en Guatemala, solicitan documentos y los procesos son desgastantes\u201d.&nbsp;<\/span><\/p>\n<p><span style=\"font-weight: 400;\">Paulino resalt\u00f3 que los t\u00edtulos universitarios en Estados Unidos no se consideran tan valiosos como la capacidad, experiencia y resultados. \u201cNo quiero decir que estudiar es malo, es importante tener esta herramienta. Mi primer trabajo fue en una compa\u00f1\u00eda de mantenimiento&nbsp; e instalaci\u00f3n de aire acondicionado y en un restaurante. No sab\u00eda nada pero aprend\u00ed. Aqu\u00ed vale las ganas de querer trabajar\u201d.<\/span><\/p>\n<p><span style=\"font-weight: 400;\">Durante ese tiempo Paulino trabaj\u00f3 y al mismo tiempo estudi\u00f3 la carrera de Analista en Sistemas. A partir del 2008 se registr\u00f3 para establecer una empresa formal de servicio y mantenimiento de equipos inform\u00e1ticos llamado: HTM Computers, ubicada en Houston Texas. \u201cTrabajamos sobre el cuidado del equipo pero tambi\u00e9n sobre la protecci\u00f3n de la identidad, protecci\u00f3n de la informaci\u00f3n para empresas, organizaciones y personal\u201d.<\/span><\/p>\n<p><span style=\"font-weight: 400;\">Tanto en Guatemala y Estados Unidos siempre tuvo la pasi\u00f3n por la tecnolog\u00eda seg\u00fan recuerda: \u201cEn 2005 a 2006 iba a los basureros y recoger computadoras que la gente tira en este pa\u00eds, para repararlas o como decimos meterle mano&nbsp; para echarlas andar, as\u00ed practicar y con el tiempo tener conocimientos buenos\u201d<\/span><\/p>\t\t\t\t\t\t\t\t<\/div>\n\t\t\t\t\t<\/div>\n\t\t<\/div>\n\t\t\t\t\t<\/div>\n\t\t<\/section>\n\t\t\t\t<section data-particle_enable=\"false\" data-particle-mobile-disabled=\"false\" class=\"elementor-section elementor-top-section elementor-element elementor-element-512c338 elementor-section-boxed elementor-section-height-default elementor-section-height-default\" data-id=\"512c338\" data-element_type=\"section\" data-e-type=\"section\">\n\t\t\t\t\t\t<div class=\"elementor-container elementor-column-gap-default\">\n\t\t\t\t\t<div class=\"elementor-column elementor-col-100 elementor-top-column elementor-element elementor-element-d182255\" data-id=\"d182255\" data-element_type=\"column\" data-e-type=\"column\">\n\t\t\t<div class=\"elementor-widget-wrap elementor-element-populated\">\n\t\t\t\t\t\t<div class=\"elementor-element elementor-element-73b28c6 elementor-widget elementor-widget-facebook-embed\" data-id=\"73b28c6\" data-element_type=\"widget\" data-e-type=\"widget\" data-widget_type=\"facebook-embed.default\">\n\t\t\t\t\t<div style=\"min-height: 1px\" class=\"elementor-facebook-widget fb-video\" data-href=\"https:\/\/fb.watch\/pCMxitHn4n\/\" data-show-text=\"true\" data-allowfullscreen=\"false\" data-autoplay=\"false\" data-show-captions=\"false\"><\/div>\t\t\t\t<\/div>\n\t\t\t\t\t<\/div>\n\t\t<\/div>\n\t\t\t\t\t<\/div>\n\t\t<\/section>\n\t\t\t\t<section data-particle_enable=\"false\" data-particle-mobile-disabled=\"false\" class=\"elementor-section elementor-top-section elementor-element elementor-element-877a506 elementor-section-boxed elementor-section-height-default elementor-section-height-default\" data-id=\"877a506\" data-element_type=\"section\" data-e-type=\"section\">\n\t\t\t\t\t\t<div class=\"elementor-container elementor-column-gap-default\">\n\t\t\t\t\t<div class=\"elementor-column elementor-col-100 elementor-top-column elementor-element elementor-element-81200fa\" data-id=\"81200fa\" data-element_type=\"column\" data-e-type=\"column\">\n\t\t\t<div class=\"elementor-widget-wrap elementor-element-populated\">\n\t\t\t\t\t\t<div class=\"elementor-element elementor-element-1abbe47 elementor-blockquote--skin-boxed elementor-widget elementor-widget-blockquote\" data-id=\"1abbe47\" data-element_type=\"widget\" data-e-type=\"widget\" data-widget_type=\"blockquote.default\">\n\t\t\t\t\t\t\t<blockquote class=\"elementor-blockquote\">\n\t\t\t<p class=\"elementor-blockquote__content\">\n\t\t\t\t\u201cSoy de la idea de imitar las cosas buenas o intentar desarrollar m\u00e9todos de hacer negocio y ganarse la vida en este pa\u00eds o en Guatemala\u201d\t\t\t<\/p>\n\t\t\t\t\t\t\t<div class=\"e-q-footer\">\n\t\t\t\t\t\t\t\t\t\t\t<cite class=\"elementor-blockquote__author\">Paulino Garc\u00eda<\/cite>\n\t\t\t\t\t\t\t\t\t\t\t\t\t\t<\/div>\n\t\t\t\t\t<\/blockquote>\n\t\t\t\t\t\t<\/div>\n\t\t\t\t\t<\/div>\n\t\t<\/div>\n\t\t\t\t\t<\/div>\n\t\t<\/section>\n\t\t\t\t<section data-particle_enable=\"false\" data-particle-mobile-disabled=\"false\" class=\"elementor-section elementor-top-section elementor-element elementor-element-6a2d6df elementor-section-boxed elementor-section-height-default elementor-section-height-default\" data-id=\"6a2d6df\" data-element_type=\"section\" data-e-type=\"section\">\n\t\t\t\t\t\t<div class=\"elementor-container elementor-column-gap-default\">\n\t\t\t\t\t<div class=\"elementor-column elementor-col-100 elementor-top-column elementor-element elementor-element-aa314b5\" data-id=\"aa314b5\" data-element_type=\"column\" data-e-type=\"column\">\n\t\t\t<div class=\"elementor-widget-wrap elementor-element-populated\">\n\t\t\t\t\t\t<div class=\"elementor-element elementor-element-52880a8 elementor-widget elementor-widget-heading\" data-id=\"52880a8\" data-element_type=\"widget\" data-e-type=\"widget\" data-widget_type=\"heading.default\">\n\t\t\t\t\t<h2 class=\"elementor-heading-title elementor-size-default\">\u00bfC\u00f3mo se involucra en las necesidades de la comunidad migrante?<\/h2>\t\t\t\t<\/div>\n\t\t\t\t\t<\/div>\n\t\t<\/div>\n\t\t\t\t\t<\/div>\n\t\t<\/section>\n\t\t\t\t<section data-particle_enable=\"false\" data-particle-mobile-disabled=\"false\" class=\"elementor-section elementor-top-section elementor-element elementor-element-10a4ab2 elementor-section-boxed elementor-section-height-default elementor-section-height-default\" data-id=\"10a4ab2\" data-element_type=\"section\" data-e-type=\"section\">\n\t\t\t\t\t\t<div class=\"elementor-container elementor-column-gap-default\">\n\t\t\t\t\t<div class=\"elementor-column elementor-col-100 elementor-top-column elementor-element elementor-element-c40eba3\" data-id=\"c40eba3\" data-element_type=\"column\" data-e-type=\"column\">\n\t\t\t<div class=\"elementor-widget-wrap elementor-element-populated\">\n\t\t\t\t\t\t<div class=\"elementor-element elementor-element-1431029 elementor-widget elementor-widget-text-editor\" data-id=\"1431029\" data-element_type=\"widget\" data-e-type=\"widget\" data-widget_type=\"text-editor.default\">\n\t\t\t\t\t\t\t\t\t<p><span style=\"font-weight: 400;\">\u201cViene de familia y de nuestros antepasados definitivamente sabemos que Totonicap\u00e1n ha sido una comunidad y un pueblo entregado a la defensa de los derechos civiles y a la defensa de buenas causas. Creo que eso lo tenemos en la sangre\u201d<\/span><\/p><p><span style=\"font-weight: 400;\">Recuerdo: \u201cMi mam\u00e1 en aquellos momentos me dec\u00eda quiero que usted\u00a0 sea de buenos sentimientos y de acciones en beneficios para los dem\u00e1s, mi deseo desde peque\u00f1o es servir con buenas intenciones\u201d agreg\u00f3.<\/span><\/p><p><span style=\"font-weight: 400;\">La intenci\u00f3n de apoyar a la comunidad Guatemalteca y estadounidense\u00a0 se dio en el 2008 con instituciones gubernamentales espec\u00edficamente con un grupo de ciudadanos que se preparan en los departamentos de seguridad de gobierno; bomberos y polic\u00edas para atender fen\u00f3menos de emergencias (Huracanes y tornados).<\/span><\/p><p><span style=\"font-weight: 400;\">Mismo a\u00f1o en que Paulino fue voluntario en el departamento de salud del condado en las capacitaciones\u00a0 de primeros auxilios. En 2010 en calidad de voluntario apoyo a los consulados de M\u00e9xico, El Salvador y Guatemala. Fue as\u00ed como comenzaron a gestionar espacios de di\u00e1logo en la mesa consular con l\u00edderes, pastores, directores y empresarios para abordar temas de la comunidad migrante guatemalteca.<\/span><\/p>\t\t\t\t\t\t\t\t<\/div>\n\t\t\t\t\t<\/div>\n\t\t<\/div>\n\t\t\t\t\t<\/div>\n\t\t<\/section>\n\t\t\t\t<section data-particle_enable=\"false\" data-particle-mobile-disabled=\"false\" class=\"elementor-section elementor-top-section elementor-element elementor-element-c4df9b5 elementor-section-boxed elementor-section-height-default elementor-section-height-default\" data-id=\"c4df9b5\" data-element_type=\"section\" data-e-type=\"section\">\n\t\t\t\t\t\t<div class=\"elementor-container elementor-column-gap-default\">\n\t\t\t\t\t<div class=\"elementor-column elementor-col-100 elementor-top-column elementor-element elementor-element-7249f6d\" data-id=\"7249f6d\" data-element_type=\"column\" data-e-type=\"column\">\n\t\t\t<div class=\"elementor-widget-wrap elementor-element-populated\">\n\t\t\t\t\t\t<div class=\"elementor-element elementor-element-56ef13d elementor-arrows-position-inside elementor-pagination-position-outside elementor-widget elementor-widget-image-carousel\" data-id=\"56ef13d\" data-element_type=\"widget\" data-e-type=\"widget\" data-settings=\"{&quot;slides_to_show&quot;:&quot;1&quot;,&quot;navigation&quot;:&quot;both&quot;,&quot;autoplay&quot;:&quot;yes&quot;,&quot;pause_on_hover&quot;:&quot;yes&quot;,&quot;pause_on_interaction&quot;:&quot;yes&quot;,&quot;autoplay_speed&quot;:5000,&quot;infinite&quot;:&quot;yes&quot;,&quot;effect&quot;:&quot;slide&quot;,&quot;speed&quot;:500}\" data-widget_type=\"image-carousel.default\">\n\t\t\t\t\t\t\t<div class=\"elementor-image-carousel-wrapper swiper\" role=\"region\" aria-roledescription=\"carousel\" aria-label=\"Carrusel de im\u00e1genes\" dir=\"ltr\">\n\t\t\t<div class=\"elementor-image-carousel swiper-wrapper\" aria-live=\"off\">\n\t\t\t\t\t\t\t\t<div class=\"swiper-slide\" role=\"group\" aria-roledescription=\"slide\" aria-label=\"1 de 2\"><figure class=\"swiper-slide-inner\"><img decoding=\"async\" class=\"swiper-slide-image\" src=\"https:\/\/soymigrante.com\/revista\/wp-content\/uploads\/2024\/01\/Conversatorio-sobre-voto-en-el-extranjero-768x432.webp\" alt=\"Conversatorio sobre voto en el extranjero\" \/><figcaption class=\"elementor-image-carousel-caption\">Conversatorios sobre el voto en el extranjero<\/figcaption><\/figure><\/div><div class=\"swiper-slide\" role=\"group\" aria-roledescription=\"slide\" aria-label=\"2 de 2\"><figure class=\"swiper-slide-inner\"><img decoding=\"async\" class=\"swiper-slide-image\" src=\"https:\/\/soymigrante.com\/revista\/wp-content\/uploads\/2024\/01\/Paulino-Garcia-habla-sobre-la-proteccion-de-identidad-en-noticias-Univision-Hosuton-768x432.webp\" alt=\"Paulino Garcia habla sobre la protecci\u00f3n de identidad en noticias Univision Houston\" \/><figcaption class=\"elementor-image-carousel-caption\">Paulino Garcia habla sobre la protecci\u00f3n de identidad en noticias Univision Houston<\/figcaption><\/figure><\/div>\t\t\t<\/div>\n\t\t\t\t\t\t\t\t\t\t\t\t<div class=\"elementor-swiper-button elementor-swiper-button-prev\" role=\"button\" tabindex=\"0\">\n\t\t\t\t\t\t<i aria-hidden=\"true\" class=\"eicon-chevron-left\"><\/i>\t\t\t\t\t<\/div>\n\t\t\t\t\t<div class=\"elementor-swiper-button elementor-swiper-button-next\" role=\"button\" tabindex=\"0\">\n\t\t\t\t\t\t<i aria-hidden=\"true\" class=\"eicon-chevron-right\"><\/i>\t\t\t\t\t<\/div>\n\t\t\t\t\n\t\t\t\t\t\t\t\t\t<div class=\"swiper-pagination\"><\/div>\n\t\t\t\t\t\t\t\t\t<\/div>\n\t\t\t\t\t\t<\/div>\n\t\t\t\t\t<\/div>\n\t\t<\/div>\n\t\t\t\t\t<\/div>\n\t\t<\/section>\n\t\t\t\t<section data-particle_enable=\"false\" data-particle-mobile-disabled=\"false\" class=\"elementor-section elementor-top-section elementor-element elementor-element-f045487 elementor-section-boxed elementor-section-height-default elementor-section-height-default\" data-id=\"f045487\" data-element_type=\"section\" data-e-type=\"section\">\n\t\t\t\t\t\t<div class=\"elementor-container elementor-column-gap-default\">\n\t\t\t\t\t<div class=\"elementor-column elementor-col-100 elementor-top-column elementor-element elementor-element-11b5f98\" data-id=\"11b5f98\" data-element_type=\"column\" data-e-type=\"column\">\n\t\t\t<div class=\"elementor-widget-wrap elementor-element-populated\">\n\t\t\t\t\t\t<div class=\"elementor-element elementor-element-5434583 elementor-widget elementor-widget-heading\" data-id=\"5434583\" data-element_type=\"widget\" data-e-type=\"widget\" data-widget_type=\"heading.default\">\n\t\t\t\t\t<h2 class=\"elementor-heading-title elementor-size-default\">Avances para la comunidad migrante\n<\/h2>\t\t\t\t<\/div>\n\t\t\t\t\t<\/div>\n\t\t<\/div>\n\t\t\t\t\t<\/div>\n\t\t<\/section>\n\t\t\t\t<section data-particle_enable=\"false\" data-particle-mobile-disabled=\"false\" class=\"elementor-section elementor-top-section elementor-element elementor-element-e838e71 elementor-section-boxed elementor-section-height-default elementor-section-height-default\" data-id=\"e838e71\" data-element_type=\"section\" data-e-type=\"section\">\n\t\t\t\t\t\t<div class=\"elementor-container elementor-column-gap-default\">\n\t\t\t\t\t<div class=\"elementor-column elementor-col-100 elementor-top-column elementor-element elementor-element-a123599\" data-id=\"a123599\" data-element_type=\"column\" data-e-type=\"column\">\n\t\t\t<div class=\"elementor-widget-wrap elementor-element-populated\">\n\t\t\t\t\t\t<div class=\"elementor-element elementor-element-bba60fc elementor-widget elementor-widget-text-editor\" data-id=\"bba60fc\" data-element_type=\"widget\" data-e-type=\"widget\" data-widget_type=\"text-editor.default\">\n\t\t\t\t\t\t\t\t\t<p><b><\/b>En 2018 se realiz\u00f3 un cambio profundo de\u00a0 reestructuraci\u00f3n del plan de trabajo\u00a0 con la coordinaci\u00f3n del personal del consulado y l\u00edderes. Se enfocan al trabajo y conexi\u00f3n entre el estado, el gobierno y la comunidad \u201cEn Estados Unidos empezamos a laborar con l\u00edderes de otras regiones del pa\u00eds para atender las necesidades\u201d.<\/p><p><span style=\"font-weight: 400;\">Derivado a la pandemia se logr\u00f3 aperturar m\u00e1s puertas a nivel nacional se coordin\u00f3 con l\u00edderes guatemaltecos en Los \u00c1ngeles, Miami, Washington DC, Carolina del Norte y Chicago Illinois una conexi\u00f3n que hasta el d\u00eda de hoy funciona para desarrollar las iniciativas en beneficio a la comunidad migrante y guatemalteca.<\/span><\/p><p><span style=\"font-weight: 400;\">Gracias a estos espacios se realizan jornadas informativas, procesos de formaci\u00f3n, orientaci\u00f3n y atenci\u00f3n de demandas que puedan afectar a la comunidad migrante guatemalteca.\u00a0 Una de las actividades recientes fue la recaudaci\u00f3n de fondos y juguetes para ni\u00f1os y ni\u00f1as de las comunidades con pobreza extrema para Guatemala.\u00a0<\/span><\/p><p><span style=\"font-weight: 400;\">A trav\u00e9s de los l\u00edderes de cada estado en 2022 se solicit\u00f3 pasaportes con vigencia de diez a\u00f1os para la comunidad guatemalteca, mismos que ahora pueden aplicar, tambi\u00e9n se han implementado consulados m\u00f3viles como un esfuerzo m\u00e1s. \u201cLas mejoras para la comunidad\u00a0 migrante guatemalteca se debe al esfuerzo y entrega de los l\u00edderes de cada estado\u201d<\/span><\/p>\t\t\t\t\t\t\t\t<\/div>\n\t\t\t\t\t<\/div>\n\t\t<\/div>\n\t\t\t\t\t<\/div>\n\t\t<\/section>\n\t\t\t\t<section data-particle_enable=\"false\" data-particle-mobile-disabled=\"false\" class=\"elementor-section elementor-top-section elementor-element elementor-element-28d430b elementor-section-boxed elementor-section-height-default elementor-section-height-default\" data-id=\"28d430b\" data-element_type=\"section\" data-e-type=\"section\">\n\t\t\t\t\t\t<div class=\"elementor-container elementor-column-gap-default\">\n\t\t\t\t\t<div class=\"elementor-column elementor-col-100 elementor-top-column elementor-element elementor-element-4143171\" data-id=\"4143171\" data-element_type=\"column\" data-e-type=\"column\">\n\t\t\t<div class=\"elementor-widget-wrap elementor-element-populated\">\n\t\t\t\t\t\t<div class=\"elementor-element elementor-element-7790508 elementor-arrows-position-inside elementor-pagination-position-outside elementor-widget elementor-widget-image-carousel\" data-id=\"7790508\" data-element_type=\"widget\" data-e-type=\"widget\" data-settings=\"{&quot;slides_to_show&quot;:&quot;1&quot;,&quot;navigation&quot;:&quot;both&quot;,&quot;autoplay&quot;:&quot;yes&quot;,&quot;pause_on_hover&quot;:&quot;yes&quot;,&quot;pause_on_interaction&quot;:&quot;yes&quot;,&quot;autoplay_speed&quot;:5000,&quot;infinite&quot;:&quot;yes&quot;,&quot;effect&quot;:&quot;slide&quot;,&quot;speed&quot;:500}\" data-widget_type=\"image-carousel.default\">\n\t\t\t\t\t\t\t<div class=\"elementor-image-carousel-wrapper swiper\" role=\"region\" aria-roledescription=\"carousel\" aria-label=\"Carrusel de im\u00e1genes\" dir=\"ltr\">\n\t\t\t<div class=\"elementor-image-carousel swiper-wrapper\" aria-live=\"off\">\n\t\t\t\t\t\t\t\t<div class=\"swiper-slide\" role=\"group\" aria-roledescription=\"slide\" aria-label=\"1 de 4\"><figure class=\"swiper-slide-inner\"><img decoding=\"async\" class=\"swiper-slide-image\" src=\"https:\/\/soymigrante.com\/revista\/wp-content\/uploads\/2024\/01\/Foro-comunitario-2014-768x768.webp\" alt=\"Foro comunitario 2014\" \/><figcaption class=\"elementor-image-carousel-caption\">Foro comunitario 2014<\/figcaption><\/figure><\/div><div class=\"swiper-slide\" role=\"group\" aria-roledescription=\"slide\" aria-label=\"2 de 4\"><figure class=\"swiper-slide-inner\"><img decoding=\"async\" class=\"swiper-slide-image\" src=\"https:\/\/soymigrante.com\/revista\/wp-content\/uploads\/2024\/01\/Foro-comunitario-en-2016-768x768.webp\" alt=\"Foro comunitario en 2016\" \/><figcaption class=\"elementor-image-carousel-caption\">Foro comunitario en 2016<\/figcaption><\/figure><\/div><div class=\"swiper-slide\" role=\"group\" aria-roledescription=\"slide\" aria-label=\"3 de 4\"><figure class=\"swiper-slide-inner\"><img decoding=\"async\" class=\"swiper-slide-image\" src=\"https:\/\/soymigrante.com\/revista\/wp-content\/uploads\/2024\/01\/Foto-de-inmigracion-2018-con-autoridades-consulares-de-Mexico-Guatemala-y-El-Salvador-768x768.webp\" alt=\"Foro de inmigraci\u00f3n 2018 con autoridades consulares de Mexico, Guatemala y El Salvador\" \/><figcaption class=\"elementor-image-carousel-caption\">Foro de inmigraci\u00f3n 2018 con autoridades consulares de Mexico, Guatemala y El Salvador<\/figcaption><\/figure><\/div><div class=\"swiper-slide\" role=\"group\" aria-roledescription=\"slide\" aria-label=\"4 de 4\"><figure class=\"swiper-slide-inner\"><img decoding=\"async\" class=\"swiper-slide-image\" src=\"https:\/\/soymigrante.com\/revista\/wp-content\/uploads\/2024\/01\/simulacro-y-entranamiento-de-primeros-auxilios-CERT-Equipo-comunitario-de-respuestas-a-emergencias-768x768.webp\" alt=\"simulacro y entrenamiento de primeros auxilios CERT (Equipo comunitario de respuestas a emergencias)\" \/><figcaption class=\"elementor-image-carousel-caption\">simulacro y entrenamiento de primeros auxilios CERT (Equipo comunitario de respuestas a emergencias)<\/figcaption><\/figure><\/div>\t\t\t<\/div>\n\t\t\t\t\t\t\t\t\t\t\t\t<div class=\"elementor-swiper-button elementor-swiper-button-prev\" role=\"button\" tabindex=\"0\">\n\t\t\t\t\t\t<i aria-hidden=\"true\" class=\"eicon-chevron-left\"><\/i>\t\t\t\t\t<\/div>\n\t\t\t\t\t<div class=\"elementor-swiper-button elementor-swiper-button-next\" role=\"button\" tabindex=\"0\">\n\t\t\t\t\t\t<i aria-hidden=\"true\" class=\"eicon-chevron-right\"><\/i>\t\t\t\t\t<\/div>\n\t\t\t\t\n\t\t\t\t\t\t\t\t\t<div class=\"swiper-pagination\"><\/div>\n\t\t\t\t\t\t\t\t\t<\/div>\n\t\t\t\t\t\t<\/div>\n\t\t\t\t\t<\/div>\n\t\t<\/div>\n\t\t\t\t\t<\/div>\n\t\t<\/section>\n\t\t\t\t<section data-particle_enable=\"false\" data-particle-mobile-disabled=\"false\" class=\"elementor-section elementor-top-section elementor-element elementor-element-3ef3c12 elementor-section-boxed elementor-section-height-default elementor-section-height-default\" data-id=\"3ef3c12\" data-element_type=\"section\" data-e-type=\"section\">\n\t\t\t\t\t\t<div class=\"elementor-container elementor-column-gap-default\">\n\t\t\t\t\t<div class=\"elementor-column elementor-col-100 elementor-top-column elementor-element elementor-element-1fb0885\" data-id=\"1fb0885\" data-element_type=\"column\" data-e-type=\"column\">\n\t\t\t<div class=\"elementor-widget-wrap elementor-element-populated\">\n\t\t\t\t\t\t<div class=\"elementor-element elementor-element-9fdfdc0 elementor-widget elementor-widget-heading\" data-id=\"9fdfdc0\" data-element_type=\"widget\" data-e-type=\"widget\" data-widget_type=\"heading.default\">\n\t\t\t\t\t<h2 class=\"elementor-heading-title elementor-size-default\">Aportar desde la participaci\u00f3n ciudadana <\/h2>\t\t\t\t<\/div>\n\t\t\t\t\t<\/div>\n\t\t<\/div>\n\t\t\t\t\t<\/div>\n\t\t<\/section>\n\t\t\t\t<section data-particle_enable=\"false\" data-particle-mobile-disabled=\"false\" class=\"elementor-section elementor-top-section elementor-element elementor-element-0f45bda elementor-section-boxed elementor-section-height-default elementor-section-height-default\" data-id=\"0f45bda\" data-element_type=\"section\" data-e-type=\"section\">\n\t\t\t\t\t\t<div class=\"elementor-container elementor-column-gap-default\">\n\t\t\t\t\t<div class=\"elementor-column elementor-col-100 elementor-top-column elementor-element elementor-element-02b7e71\" data-id=\"02b7e71\" data-element_type=\"column\" data-e-type=\"column\">\n\t\t\t<div class=\"elementor-widget-wrap elementor-element-populated\">\n\t\t\t\t\t\t<div class=\"elementor-element elementor-element-00562e7 elementor-widget elementor-widget-image\" data-id=\"00562e7\" data-element_type=\"widget\" data-e-type=\"widget\" data-widget_type=\"image.default\">\n\t\t\t\t\t\t\t\t\t\t\t\t<figure class=\"wp-caption\">\n\t\t\t\t\t\t\t\t\t\t<img fetchpriority=\"high\" decoding=\"async\" width=\"768\" height=\"768\" src=\"https:\/\/soymigrante.com\/revista\/wp-content\/uploads\/2024\/01\/Juramentacion-de-la-Junta-por-circunscripcion-electoral-centro-de-tribunal-supremo-electoral-1024x1024.webp\" class=\"attachment-large size-large wp-image-4324\" alt=\"Paulino Garcia es originario de Totonicap\u00e1n, Guatemala. cumpli\u00f3 el sue\u00f1o de convertirse en un ingeniero en sistemas y por compromiso social se involucro como voluntario en varias organizaciones de atenci\u00f3n a la comunidad migrante\" srcset=\"https:\/\/soymigrante.com\/revista\/wp-content\/uploads\/2024\/01\/Juramentacion-de-la-Junta-por-circunscripcion-electoral-centro-de-tribunal-supremo-electoral-1024x1024.webp 1024w, https:\/\/soymigrante.com\/revista\/wp-content\/uploads\/2024\/01\/Juramentacion-de-la-Junta-por-circunscripcion-electoral-centro-de-tribunal-supremo-electoral-300x300.webp 300w, https:\/\/soymigrante.com\/revista\/wp-content\/uploads\/2024\/01\/Juramentacion-de-la-Junta-por-circunscripcion-electoral-centro-de-tribunal-supremo-electoral-150x150.webp 150w, https:\/\/soymigrante.com\/revista\/wp-content\/uploads\/2024\/01\/Juramentacion-de-la-Junta-por-circunscripcion-electoral-centro-de-tribunal-supremo-electoral-768x768.webp 768w, https:\/\/soymigrante.com\/revista\/wp-content\/uploads\/2024\/01\/Juramentacion-de-la-Junta-por-circunscripcion-electoral-centro-de-tribunal-supremo-electoral-75x75.webp 75w, https:\/\/soymigrante.com\/revista\/wp-content\/uploads\/2024\/01\/Juramentacion-de-la-Junta-por-circunscripcion-electoral-centro-de-tribunal-supremo-electoral-750x750.webp 750w, https:\/\/soymigrante.com\/revista\/wp-content\/uploads\/2024\/01\/Juramentacion-de-la-Junta-por-circunscripcion-electoral-centro-de-tribunal-supremo-electoral-1140x1140.webp 1140w, https:\/\/soymigrante.com\/revista\/wp-content\/uploads\/2024\/01\/Juramentacion-de-la-Junta-por-circunscripcion-electoral-centro-de-tribunal-supremo-electoral-600x600.webp 600w, https:\/\/soymigrante.com\/revista\/wp-content\/uploads\/2024\/01\/Juramentacion-de-la-Junta-por-circunscripcion-electoral-centro-de-tribunal-supremo-electoral.webp 1200w\" sizes=\"(max-width: 768px) 100vw, 768px\" title=\"Juramentaci\u00f3n de la Junta por circunscripci\u00f3n electoral centro de tribunal supremo electoral \u2013 SoyMigrante.com REVISTA\" \/>\t\t\t\t\t\t\t\t\t\t\t<figcaption class=\"widget-image-caption wp-caption-text\">Paulino Garcia es originario de Totonicap\u00e1n, Guatemala. cumpli\u00f3 el sue\u00f1o de convertirse en un ingeniero en sistemas y por compromiso social se involucro como voluntario en varias organizaciones de atenci\u00f3n a la comunidad migrante <\/figcaption>\n\t\t\t\t\t\t\t\t\t\t<\/figure>\n\t\t\t\t\t\t\t\t\t<\/div>\n\t\t\t\t\t<\/div>\n\t\t<\/div>\n\t\t\t\t\t<\/div>\n\t\t<\/section>\n\t\t\t\t<section data-particle_enable=\"false\" data-particle-mobile-disabled=\"false\" class=\"elementor-section elementor-top-section elementor-element elementor-element-fdd79a3 elementor-section-boxed elementor-section-height-default elementor-section-height-default\" data-id=\"fdd79a3\" data-element_type=\"section\" data-e-type=\"section\">\n\t\t\t\t\t\t<div class=\"elementor-container elementor-column-gap-default\">\n\t\t\t\t\t<div class=\"elementor-column elementor-col-100 elementor-top-column elementor-element elementor-element-9d446be\" data-id=\"9d446be\" data-element_type=\"column\" data-e-type=\"column\">\n\t\t\t<div class=\"elementor-widget-wrap elementor-element-populated\">\n\t\t\t\t\t\t<div class=\"elementor-element elementor-element-e6b9937 elementor-widget elementor-widget-text-editor\" data-id=\"e6b9937\" data-element_type=\"widget\" data-e-type=\"widget\" data-widget_type=\"text-editor.default\">\n\t\t\t\t\t\t\t\t\t<p><span style=\"font-weight: 400;\">Durante el proceso de\u00a0 las elecciones generales en Guatemala del 2023. Paulino fue nombrado presidente de la circunscripci\u00f3n central del Tribunal Supremo Electoral en Estados Unidos. \u00c9l y la junta directiva coordinaron los centros de votaci\u00f3n de Chicago Illinois, Dallas Texas y Houston. Ten\u00edan a cargo a 17 mil 500 personas empadronadas.<\/span><\/p><p><span style=\"font-weight: 400;\">\u201cEste es un voluntariado y es un trabajo tremendo requiere estar presente 24\/7\u00a0 a partir de febrero hasta el 31 de octubre, realmente me encant\u00f3 el trabajo y la experiencia. Pero fue una responsabilidad grande\u201d dijo Paulino Garc\u00eda.<\/span><\/p><p><span style=\"font-weight: 400;\">Siendo esta experiencia gratificante, vio tambi\u00e9n participaci\u00f3n de las \u00e1reas que le corresponden y la ardua tarea que hace falta para llegar a m\u00e1s compatriotas que se involucren en las decisiones pol\u00edticas de su pa\u00eds.<\/span><\/p>\t\t\t\t\t\t\t\t<\/div>\n\t\t\t\t\t<\/div>\n\t\t<\/div>\n\t\t\t\t\t<\/div>\n\t\t<\/section>\n\t\t\t\t<section data-particle_enable=\"false\" data-particle-mobile-disabled=\"false\" class=\"elementor-section elementor-top-section elementor-element elementor-element-787215b elementor-section-boxed elementor-section-height-default elementor-section-height-default\" data-id=\"787215b\" data-element_type=\"section\" data-e-type=\"section\">\n\t\t\t\t\t\t<div class=\"elementor-container elementor-column-gap-default\">\n\t\t\t\t\t<div class=\"elementor-column elementor-col-100 elementor-top-column elementor-element elementor-element-c5bf484\" data-id=\"c5bf484\" data-element_type=\"column\" data-e-type=\"column\">\n\t\t\t<div class=\"elementor-widget-wrap elementor-element-populated\">\n\t\t\t\t\t\t<div class=\"elementor-element elementor-element-6a87037 elementor-widget elementor-widget-heading\" data-id=\"6a87037\" data-element_type=\"widget\" data-e-type=\"widget\" data-widget_type=\"heading.default\">\n\t\t\t\t\t<h2 class=\"elementor-heading-title elementor-size-default\">\u00bfCu\u00e1l ha sido la satisfacci\u00f3n de apoyar a la comunidad migrante guatemalteca?<\/h2>\t\t\t\t<\/div>\n\t\t\t\t\t<\/div>\n\t\t<\/div>\n\t\t\t\t\t<\/div>\n\t\t<\/section>\n\t\t\t\t<section data-particle_enable=\"false\" data-particle-mobile-disabled=\"false\" class=\"elementor-section elementor-top-section elementor-element elementor-element-494091f elementor-section-boxed elementor-section-height-default elementor-section-height-default\" data-id=\"494091f\" data-element_type=\"section\" data-e-type=\"section\">\n\t\t\t\t\t\t<div class=\"elementor-container elementor-column-gap-default\">\n\t\t\t\t\t<div class=\"elementor-column elementor-col-100 elementor-top-column elementor-element elementor-element-3f944fd\" data-id=\"3f944fd\" data-element_type=\"column\" data-e-type=\"column\">\n\t\t\t<div class=\"elementor-widget-wrap elementor-element-populated\">\n\t\t\t\t\t\t<div class=\"elementor-element elementor-element-bd792b4 elementor-widget elementor-widget-text-editor\" data-id=\"bd792b4\" data-element_type=\"widget\" data-e-type=\"widget\" data-widget_type=\"text-editor.default\">\n\t\t\t\t\t\t\t\t\t<p><span style=\"font-weight: 400;\">Mencion\u00f3: \u201cToda satisfacci\u00f3n se siente despu\u00e9s de pasar una estafeta de oportunidades. Dos cosas, primero dejar de quejarnos e ir en busca de sue\u00f1os. El camino no va ser f\u00e1cil, hay peligros y barreras pero con la actitud, las intenciones buenas y la energ\u00eda positiva todo se logra siempre y cuando sea para nuestra familia y para la comunidad\u201d<\/span><\/p><p><span style=\"font-weight: 400;\">\u201cSegundo, gracias a mi preparaci\u00f3n puedo compartirlas al resto de mi comunidad guatemalteca, he tenido la oportunidad de dar charlas en muchos espacios y plataformas sobre temas de seguridad. Nunca imagine que el trabajo de m\u00e1s de 13 a\u00f1os de voluntariado nos de la credibilidad y el reconocimiento.<\/span><span style=\"font-weight: 400; color: var( --e-global-color-text );\">La satisfacci\u00f3n tambi\u00e9n es que la gente nos escuche y conf\u00ede, se trabaja para desarrollar proyectos en el terreno pol\u00edtico, social y cultural, Afuera nos ven como un ente de cambio\u201d<\/span><\/p><p><span style=\"font-weight: 400;\">Paulino finaliz\u00f3: \u201cEl mayor reto es construir una comunidad responsable y consciente. Quiero que sepan que una computadora o un celular inform\u00e1tico debe ser un recurso aliado para lograr nuestras metas\u201d. El sue\u00f1o de Paulino es considerar las alianzas con los gobiernos de Estados Unidos y de Guatemala y aprovechar el talento humano joven en Guatemala.<\/span><\/p>\t\t\t\t\t\t\t\t<\/div>\n\t\t\t\t\t<\/div>\n\t\t<\/div>\n\t\t\t\t\t<\/div>\n\t\t<\/section>\n\t\t\t\t<section data-particle_enable=\"false\" data-particle-mobile-disabled=\"false\" class=\"elementor-section elementor-top-section elementor-element elementor-element-d508fed elementor-section-boxed elementor-section-height-default elementor-section-height-default\" data-id=\"d508fed\" data-element_type=\"section\" data-e-type=\"section\">\n\t\t\t\t\t\t<div class=\"elementor-container elementor-column-gap-default\">\n\t\t\t\t\t<div class=\"elementor-column elementor-col-100 elementor-top-column elementor-element elementor-element-11ddac1\" data-id=\"11ddac1\" data-element_type=\"column\" data-e-type=\"column\">\n\t\t\t<div class=\"elementor-widget-wrap elementor-element-populated\">\n\t\t\t\t\t\t<div class=\"elementor-element elementor-element-f14dbc5 elementor-arrows-position-inside elementor-pagination-position-outside elementor-widget elementor-widget-image-carousel\" data-id=\"f14dbc5\" data-element_type=\"widget\" data-e-type=\"widget\" data-settings=\"{&quot;slides_to_show&quot;:&quot;1&quot;,&quot;navigation&quot;:&quot;both&quot;,&quot;autoplay&quot;:&quot;yes&quot;,&quot;pause_on_hover&quot;:&quot;yes&quot;,&quot;pause_on_interaction&quot;:&quot;yes&quot;,&quot;autoplay_speed&quot;:5000,&quot;infinite&quot;:&quot;yes&quot;,&quot;effect&quot;:&quot;slide&quot;,&quot;speed&quot;:500}\" data-widget_type=\"image-carousel.default\">\n\t\t\t\t\t\t\t<div class=\"elementor-image-carousel-wrapper swiper\" role=\"region\" aria-roledescription=\"carousel\" aria-label=\"Carrusel de im\u00e1genes\" dir=\"ltr\">\n\t\t\t<div class=\"elementor-image-carousel swiper-wrapper\" aria-live=\"off\">\n\t\t\t\t\t\t\t\t<div class=\"swiper-slide\" role=\"group\" aria-roledescription=\"slide\" aria-label=\"1 de 2\"><figure class=\"swiper-slide-inner\"><img decoding=\"async\" class=\"swiper-slide-image\" src=\"https:\/\/soymigrante.com\/revista\/wp-content\/uploads\/2024\/01\/Conversatorio-sobre-TPS-con-Lideres-migrantes-768x1063.webp\" alt=\"Conversatorio sobre TPS con L\u00edderes migrantes\" \/><figcaption class=\"elementor-image-carousel-caption\">Conversatorio sobre TPS con L\u00edderes migrantes<\/figcaption><\/figure><\/div><div class=\"swiper-slide\" role=\"group\" aria-roledescription=\"slide\" aria-label=\"2 de 2\"><figure class=\"swiper-slide-inner\"><img decoding=\"async\" class=\"swiper-slide-image\" src=\"https:\/\/soymigrante.com\/revista\/wp-content\/uploads\/2024\/01\/Seminario-gratuito-de-protecion-de-identidad-2015-768x1063.webp\" alt=\"Seminario gratuito de protecci\u00f3n de identidad 2015\" \/><figcaption class=\"elementor-image-carousel-caption\">Seminario gratuito de protecci\u00f3n de identidad 2015<\/figcaption><\/figure><\/div>\t\t\t<\/div>\n\t\t\t\t\t\t\t\t\t\t\t\t<div class=\"elementor-swiper-button elementor-swiper-button-prev\" role=\"button\" tabindex=\"0\">\n\t\t\t\t\t\t<i aria-hidden=\"true\" class=\"eicon-chevron-left\"><\/i>\t\t\t\t\t<\/div>\n\t\t\t\t\t<div class=\"elementor-swiper-button elementor-swiper-button-next\" role=\"button\" tabindex=\"0\">\n\t\t\t\t\t\t<i aria-hidden=\"true\" class=\"eicon-chevron-right\"><\/i>\t\t\t\t\t<\/div>\n\t\t\t\t\n\t\t\t\t\t\t\t\t\t<div class=\"swiper-pagination\"><\/div>\n\t\t\t\t\t\t\t\t\t<\/div>\n\t\t\t\t\t\t<\/div>\n\t\t\t\t\t<\/div>\n\t\t<\/div>\n\t\t\t\t\t<\/div>\n\t\t<\/section>\n\t\t\t\t<section data-particle_enable=\"false\" data-particle-mobile-disabled=\"false\" class=\"elementor-section elementor-top-section elementor-element elementor-element-eeab79f elementor-section-boxed elementor-section-height-default elementor-section-height-default\" data-id=\"eeab79f\" data-element_type=\"section\" data-e-type=\"section\">\n\t\t\t\t\t\t<div class=\"elementor-container elementor-column-gap-default\">\n\t\t\t\t\t<div class=\"elementor-column elementor-col-100 elementor-top-column elementor-element elementor-element-57447c1\" data-id=\"57447c1\" data-element_type=\"column\" data-e-type=\"column\">\n\t\t\t<div class=\"elementor-widget-wrap elementor-element-populated\">\n\t\t\t\t\t\t<div class=\"elementor-element elementor-element-05b8c06 elementor-testimonial--skin-default elementor-testimonial--layout-image_inline elementor-testimonial--align-center elementor-arrows-yes elementor-pagination-type-bullets elementor-widget elementor-widget-testimonial-carousel\" data-id=\"05b8c06\" data-element_type=\"widget\" data-e-type=\"widget\" data-settings=\"{&quot;show_arrows&quot;:&quot;yes&quot;,&quot;pagination&quot;:&quot;bullets&quot;,&quot;speed&quot;:500,&quot;autoplay&quot;:&quot;yes&quot;,&quot;autoplay_speed&quot;:5000,&quot;loop&quot;:&quot;yes&quot;,&quot;pause_on_hover&quot;:&quot;yes&quot;,&quot;pause_on_interaction&quot;:&quot;yes&quot;,&quot;space_between&quot;:{&quot;unit&quot;:&quot;px&quot;,&quot;size&quot;:10,&quot;sizes&quot;:[]},&quot;space_between_tablet&quot;:{&quot;unit&quot;:&quot;px&quot;,&quot;size&quot;:10,&quot;sizes&quot;:[]},&quot;space_between_mobile&quot;:{&quot;unit&quot;:&quot;px&quot;,&quot;size&quot;:10,&quot;sizes&quot;:[]}}\" data-widget_type=\"testimonial-carousel.default\">\n\t\t\t\t\t\t\t\t\t\t<div class=\"elementor-main-swiper swiper\" role=\"region\" aria-roledescription=\"carousel\" aria-label=\"Diapositivas\">\n\t\t\t\t<div class=\"swiper-wrapper\">\n\t\t\t\t\t\t\t\t\t\t\t<div class=\"swiper-slide\" role=\"group\" aria-roledescription=\"slide\">\n\t\t\t\t\t\t\t\t\t<div class=\"elementor-testimonial\">\n\t\t\t\t\t\t\t<div class=\"elementor-testimonial__content\">\n\t\t\t\t\t<div class=\"elementor-testimonial__text\">\n\t\t\t\t\t\t\u201cEs importante considerar buscar nuevas oportunidades para la poblaci\u00f3n joven y evitar la necesidad de migrar de manera irregular, estamos conscientes de la necesidades, pero creo esta en nuestra manos hacer alianzas con el gobierno de Estados Unidos y Guatemala\u201d\n\t\t\t\t\t<\/div>\n\t\t\t\t\t\t\t\t\t<\/div>\n\t\t\t\t\t\t<div class=\"elementor-testimonial__footer\">\n\t\t\t\t\t\t\t\t\t<div class=\"elementor-testimonial__image\">\n\t\t\t\t\t\t<img decoding=\"async\" src=\"https:\/\/soymigrante.com\/revista\/wp-content\/uploads\/2024\/01\/Paulino-Garcia-Banner.webp\" alt=\"Paulino Garcia Banner\">\n\t\t\t\t\t\t\t\t\t\t\t<\/div>\n\t\t\t\t\t\t\t\t<cite class=\"elementor-testimonial__cite\"><span class=\"elementor-testimonial__name\">Paulino Garc\u00eda <\/span><span class=\"elementor-testimonial__title\">T\u00e9cnolog\u00edco Migrante guatemalteco<\/span><\/cite>\t\t\t<\/div>\n\t\t<\/div>\n\t\t\t\t\t\t\t\t<\/div>\n\t\t\t\t\t\t\t\t\t\t\t<div class=\"swiper-slide\" role=\"group\" aria-roledescription=\"slide\">\n\t\t\t\t\t\t\t\t\t<div class=\"elementor-testimonial\">\n\t\t\t\t\t\t\t<div class=\"elementor-testimonial__content\">\n\t\t\t\t\t<div class=\"elementor-testimonial__text\">\n\t\t\t\t\t\t\u201cPara salir adelante hay que buscar posibilidades, recordemos que los caminos van a ser largos pero los resultados ser\u00e1n positivos, tenemos varios recursos gratuitos que podemos aprovechar. Me pongo a la orden, si alguien de las personas deseen alguna informaci\u00f3n o alg\u00fan acercamiento con la comunidad efectivamente estamos organizados para poder ejecutar esas iniciativas e ideas\u201d\n\t\t\t\t\t<\/div>\n\t\t\t\t\t\t\t\t\t<\/div>\n\t\t\t\t\t\t<div class=\"elementor-testimonial__footer\">\n\t\t\t\t\t\t\t\t\t<div class=\"elementor-testimonial__image\">\n\t\t\t\t\t\t<img decoding=\"async\" src=\"https:\/\/soymigrante.com\/revista\/wp-content\/uploads\/2024\/01\/Paulino-Garcia-Banner.webp\" alt=\"Paulino Garcia Banner\">\n\t\t\t\t\t\t\t\t\t\t\t<\/div>\n\t\t\t\t\t\t\t\t<cite class=\"elementor-testimonial__cite\"><span class=\"elementor-testimonial__name\">Paulino Garc\u00eda <\/span><span class=\"elementor-testimonial__title\">T\u00e9cnolog\u00edco Migrante guatemalteco<\/span><\/cite>\t\t\t<\/div>\n\t\t<\/div>\n\t\t\t\t\t\t\t\t<\/div>\n\t\t\t\t\t\t\t\t\t<\/div>\n\t\t\t\t\t\t\t\t\t\t\t\t\t\t\t<div class=\"elementor-swiper-button elementor-swiper-button-prev\" role=\"button\" tabindex=\"0\" aria-label=\"Anterior\">\n\t\t\t\t\t\t\t<i aria-hidden=\"true\" class=\"eicon-chevron-left\"><\/i>\t\t\t\t\t\t<\/div>\n\t\t\t\t\t\t<div class=\"elementor-swiper-button elementor-swiper-button-next\" role=\"button\" tabindex=\"0\" aria-label=\"Siguiente\">\n\t\t\t\t\t\t\t<i aria-hidden=\"true\" class=\"eicon-chevron-right\"><\/i>\t\t\t\t\t\t<\/div>\n\t\t\t\t\t\t\t\t\t\t\t\t\t\t\t\t<div class=\"swiper-pagination\"><\/div>\n\t\t\t\t\t\t\t\t\t\t\t\t<\/div>\n\t\t\t\t\t\t\t\t<\/div>\n\t\t\t\t\t<\/div>\n\t\t<\/div>\n\t\t\t\t\t<\/div>\n\t\t<\/section>\n\t\t\t\t<section data-particle_enable=\"false\" data-particle-mobile-disabled=\"false\" class=\"elementor-section elementor-top-section elementor-element elementor-element-8d05c30 elementor-section-boxed elementor-section-height-default elementor-section-height-default\" data-id=\"8d05c30\" data-element_type=\"section\" data-e-type=\"section\">\n\t\t\t\t\t\t<div class=\"elementor-container elementor-column-gap-default\">\n\t\t\t\t\t<div class=\"elementor-column elementor-col-100 elementor-top-column elementor-element elementor-element-6ea2981\" data-id=\"6ea2981\" data-element_type=\"column\" data-e-type=\"column\">\n\t\t\t<div class=\"elementor-widget-wrap elementor-element-populated\">\n\t\t\t\t\t\t<div class=\"elementor-element elementor-element-b2be8ac elementor-widget elementor-widget-heading\" data-id=\"b2be8ac\" data-element_type=\"widget\" data-e-type=\"widget\" data-widget_type=\"heading.default\">\n\t\t\t\t\t<h2 class=\"elementor-heading-title elementor-size-default\">Lee m\u00e1s historias...<\/h2>\t\t\t\t<\/div>\n\t\t\t\t\t<\/div>\n\t\t<\/div>\n\t\t\t\t\t<\/div>\n\t\t<\/section>\n\t\t\t\t<section data-particle_enable=\"false\" data-particle-mobile-disabled=\"false\" class=\"elementor-section elementor-top-section elementor-element elementor-element-a8ae40a elementor-section-boxed elementor-section-height-default elementor-section-height-default\" data-id=\"a8ae40a\" data-element_type=\"section\" data-e-type=\"section\">\n\t\t\t\t\t\t<div class=\"elementor-container elementor-column-gap-default\">\n\t\t\t\t\t<div class=\"elementor-column elementor-col-100 elementor-top-column elementor-element elementor-element-4ea90d0\" data-id=\"4ea90d0\" data-element_type=\"column\" data-e-type=\"column\">\n\t\t\t<div class=\"elementor-widget-wrap elementor-element-populated\">\n\t\t\t\t\t\t<div class=\"elementor-element elementor-element-ebbe45e elementor-grid-eael-col-2 elementor-grid-tablet-eael-col-2 elementor-grid-mobile-eael-col-1 elementor-widget elementor-widget-eael-post-grid\" data-id=\"ebbe45e\" data-element_type=\"widget\" data-e-type=\"widget\" data-settings=\"{&quot;eael_post_grid_columns&quot;:&quot;eael-col-2&quot;,&quot;eael_post_grid_columns_tablet&quot;:&quot;eael-col-2&quot;,&quot;eael_post_grid_columns_mobile&quot;:&quot;eael-col-1&quot;}\" data-widget_type=\"eael-post-grid.default\">\n\t\t\t\t\t<div id=\"eael-post-grid-ebbe45e\" class=\"eael-post-grid-container\">\n            <div class=\"eael-post-grid eael-post-appender eael-post-appender-ebbe45e eael-post-grid-style-one\" data-layout-mode=\"masonry\"><article class=\"eael-grid-post  eael-post-grid-column eael-pg-post-4317 category-exitos\" data-id=\"4317\">\n        <div class=\"eael-grid-post-holder\">\n            <div class=\"eael-grid-post-holder-inner\"><div class=\"eael-entry-media\"><div class=\"eael-entry-overlay fade-in\"><i class=\"fas fa-long-arrow-alt-right\" aria-hidden=\"true\"><\/i><a href=\"https:\/\/soymigrante.com\/revista\/maynor-migrante-guatemalteco-la-voz-de-guate-primaveral\/\"><\/a><\/div><div class=\"eael-entry-thumbnail eael-image-ratio\">\n                <img decoding=\"async\" width=\"300\" height=\"250\" src=\"https:\/\/soymigrante.com\/revista\/wp-content\/uploads\/2024\/01\/maynor-1-300x250.webp\" class=\"attachment-medium size-medium wp-image-4333\" alt=\"\" srcset=\"https:\/\/soymigrante.com\/revista\/wp-content\/uploads\/2024\/01\/maynor-1-300x250.webp 300w, https:\/\/soymigrante.com\/revista\/wp-content\/uploads\/2024\/01\/maynor-1.webp 722w\" sizes=\"(max-width: 300px) 100vw, 300px\" \/>\n            <\/div>\n        <\/div><div class=\"eael-entry-wrapper\"><header class=\"eael-entry-header\"><h2 class=\"eael-entry-title\"><a class=\"eael-grid-post-link\" href=\"https:\/\/soymigrante.com\/revista\/maynor-migrante-guatemalteco-la-voz-de-guate-primaveral\/\" title=\"Maynor Dom\u00ednguez es la din\u00e1mica voz migrante de Guate Primaveral\">Maynor Dom\u00ednguez es la din\u00e1mica voz migrante de Guate Primaveral<\/a><\/h2><\/header><\/div><\/div>\n        <\/div>\n    <\/article><article class=\"eael-grid-post  eael-post-grid-column eael-pg-post-4215 category-exitos\" data-id=\"4215\">\n        <div class=\"eael-grid-post-holder\">\n            <div class=\"eael-grid-post-holder-inner\"><div class=\"eael-entry-media\"><div class=\"eael-entry-overlay fade-in\"><i class=\"fas fa-long-arrow-alt-right\" aria-hidden=\"true\"><\/i><a href=\"https:\/\/soymigrante.com\/revista\/karina-onofre-migrante-emprendedora-guatemalteca-nueva-york\/\"><\/a><\/div><div class=\"eael-entry-thumbnail eael-image-ratio\">\n                <img decoding=\"async\" width=\"300\" height=\"294\" src=\"https:\/\/soymigrante.com\/revista\/wp-content\/uploads\/2024\/01\/karina-bandera-300x294.jpg\" class=\"attachment-medium size-medium wp-image-4219\" alt=\"\" srcset=\"https:\/\/soymigrante.com\/revista\/wp-content\/uploads\/2024\/01\/karina-bandera-300x294.jpg 300w, https:\/\/soymigrante.com\/revista\/wp-content\/uploads\/2024\/01\/karina-bandera-1024x1003.jpg 1024w, https:\/\/soymigrante.com\/revista\/wp-content\/uploads\/2024\/01\/karina-bandera-768x752.jpg 768w, https:\/\/soymigrante.com\/revista\/wp-content\/uploads\/2024\/01\/karina-bandera-75x75.jpg 75w, https:\/\/soymigrante.com\/revista\/wp-content\/uploads\/2024\/01\/karina-bandera-750x734.jpg 750w, https:\/\/soymigrante.com\/revista\/wp-content\/uploads\/2024\/01\/karina-bandera-1140x1116.jpg 1140w, https:\/\/soymigrante.com\/revista\/wp-content\/uploads\/2024\/01\/karina-bandera.jpg 1336w\" sizes=\"(max-width: 300px) 100vw, 300px\" \/>\n            <\/div>\n        <\/div><div class=\"eael-entry-wrapper\"><header class=\"eael-entry-header\"><h2 class=\"eael-entry-title\"><a class=\"eael-grid-post-link\" href=\"https:\/\/soymigrante.com\/revista\/karina-onofre-migrante-emprendedora-guatemalteca-nueva-york\/\" title=\"Brilla en NY la energ\u00eda festiva y laboriosa de la migrante Karina Onofre\">Brilla en NY la energ\u00eda festiva y laboriosa de la migrante Karina Onofre<\/a><\/h2><\/header><\/div><\/div>\n        <\/div>\n    <\/article><article class=\"eael-grid-post  eael-post-grid-column eael-pg-post-4097 category-exitos\" data-id=\"4097\">\n        <div class=\"eael-grid-post-holder\">\n            <div class=\"eael-grid-post-holder-inner\"><div class=\"eael-entry-media\"><div class=\"eael-entry-overlay fade-in\"><i class=\"fas fa-long-arrow-alt-right\" aria-hidden=\"true\"><\/i><a href=\"https:\/\/soymigrante.com\/revista\/migrante-guatemalteca-milwaukee-wisconsin-guarderia-ninera-panaderia-organica\/\"><\/a><\/div><div class=\"eael-entry-thumbnail eael-image-ratio\">\n                <img loading=\"lazy\" decoding=\"async\" width=\"262\" height=\"300\" src=\"https:\/\/soymigrante.com\/revista\/wp-content\/uploads\/2023\/12\/MIGRANTE-GUATEMALTECA-MARIA-ELENA-MORALES-EN-MILWAUKEE-WISCONSIN-2-262x300.webp\" class=\"attachment-medium size-medium wp-image-4100\" alt=\"\" srcset=\"https:\/\/soymigrante.com\/revista\/wp-content\/uploads\/2023\/12\/MIGRANTE-GUATEMALTECA-MARIA-ELENA-MORALES-EN-MILWAUKEE-WISCONSIN-2-262x300.webp 262w, https:\/\/soymigrante.com\/revista\/wp-content\/uploads\/2023\/12\/MIGRANTE-GUATEMALTECA-MARIA-ELENA-MORALES-EN-MILWAUKEE-WISCONSIN-2.webp 321w\" sizes=\"(max-width: 262px) 100vw, 262px\" \/>\n            <\/div>\n        <\/div><div class=\"eael-entry-wrapper\"><header class=\"eael-entry-header\"><h2 class=\"eael-entry-title\"><a class=\"eael-grid-post-link\" href=\"https:\/\/soymigrante.com\/revista\/migrante-guatemalteca-milwaukee-wisconsin-guarderia-ninera-panaderia-organica\/\" title=\"Maestra migrante Mar\u00eda Elena Morales amasa un fresco porvenir\">Maestra migrante Mar\u00eda Elena Morales amasa un fresco porvenir<\/a><\/h2><\/header><\/div><\/div>\n        <\/div>\n    <\/article><article class=\"eael-grid-post  eael-post-grid-column eael-pg-post-3915 category-exitos\" data-id=\"3915\">\n        <div class=\"eael-grid-post-holder\">\n            <div class=\"eael-grid-post-holder-inner\"><div class=\"eael-entry-media\"><div class=\"eael-entry-overlay fade-in\"><i class=\"fas fa-long-arrow-alt-right\" aria-hidden=\"true\"><\/i><a href=\"https:\/\/soymigrante.com\/revista\/hermanos-migrantes-guatemaltecos-barberia-migrante-maryland\/\"><\/a><\/div><div class=\"eael-entry-thumbnail eael-image-ratio\">\n                <img loading=\"lazy\" decoding=\"async\" width=\"300\" height=\"250\" src=\"https:\/\/soymigrante.com\/revista\/wp-content\/uploads\/2023\/12\/hermanos-barberos-prestige-300x250.webp\" class=\"attachment-medium size-medium wp-image-3933\" alt=\"\" srcset=\"https:\/\/soymigrante.com\/revista\/wp-content\/uploads\/2023\/12\/hermanos-barberos-prestige-300x250.webp 300w, https:\/\/soymigrante.com\/revista\/wp-content\/uploads\/2023\/12\/hermanos-barberos-prestige.webp 393w\" sizes=\"(max-width: 300px) 100vw, 300px\" \/>\n            <\/div>\n        <\/div><div class=\"eael-entry-wrapper\"><header class=\"eael-entry-header\"><h2 class=\"eael-entry-title\"><a class=\"eael-grid-post-link\" href=\"https:\/\/soymigrante.com\/revista\/hermanos-migrantes-guatemaltecos-barberia-migrante-maryland\/\" title=\"Hermanos migrantes de Olintepeque atienden su barber\u00eda en Hyattsville, Maryland\">Hermanos migrantes de Olintepeque atienden su barber\u00eda en Hyattsville, Maryland<\/a><\/h2><\/header><\/div><\/div>\n        <\/div>\n    <\/article><article class=\"eael-grid-post  eael-post-grid-column eael-pg-post-3840 category-exitos\" data-id=\"3840\">\n        <div class=\"eael-grid-post-holder\">\n            <div class=\"eael-grid-post-holder-inner\"><div class=\"eael-entry-media\"><div class=\"eael-entry-overlay fade-in\"><i class=\"fas fa-long-arrow-alt-right\" aria-hidden=\"true\"><\/i><a href=\"https:\/\/soymigrante.com\/revista\/migrante-guatemalteco-darvin-foto-video-recuerdos-en-maryland\/\"><\/a><\/div><div class=\"eael-entry-thumbnail eael-image-ratio\">\n                <img loading=\"lazy\" decoding=\"async\" width=\"300\" height=\"263\" src=\"https:\/\/soymigrante.com\/revista\/wp-content\/uploads\/2023\/12\/darvin-1-300x263.webp\" class=\"attachment-medium size-medium wp-image-3858\" alt=\"\" srcset=\"https:\/\/soymigrante.com\/revista\/wp-content\/uploads\/2023\/12\/darvin-1-300x263.webp 300w, https:\/\/soymigrante.com\/revista\/wp-content\/uploads\/2023\/12\/darvin-1-768x672.webp 768w, https:\/\/soymigrante.com\/revista\/wp-content\/uploads\/2023\/12\/darvin-1-750x656.webp 750w, https:\/\/soymigrante.com\/revista\/wp-content\/uploads\/2023\/12\/darvin-1.webp 810w\" sizes=\"(max-width: 300px) 100vw, 300px\" \/>\n            <\/div>\n        <\/div><div class=\"eael-entry-wrapper\"><header class=\"eael-entry-header\"><h2 class=\"eael-entry-title\"><a class=\"eael-grid-post-link\" href=\"https:\/\/soymigrante.com\/revista\/migrante-guatemalteco-darvin-foto-video-recuerdos-en-maryland\/\" title=\"El migrante Darvin Morales es una m\u00e1quina de recuerdos\">El migrante Darvin Morales es una m\u00e1quina de recuerdos<\/a><\/h2><\/header><\/div><\/div>\n        <\/div>\n    <\/article><article class=\"eael-grid-post  eael-post-grid-column eael-pg-post-763 category-exitos-guatemala tags-california\" data-id=\"763\">\n        <div class=\"eael-grid-post-holder\">\n            <div class=\"eael-grid-post-holder-inner\"><div class=\"eael-entry-media\"><div class=\"eael-entry-overlay fade-in\"><i class=\"fas fa-long-arrow-alt-right\" aria-hidden=\"true\"><\/i><a href=\"https:\/\/soymigrante.com\/revista\/biologo-lustra-el-mayor-tesoro-de-guatemala\/\"><\/a><\/div><div class=\"eael-entry-thumbnail eael-image-ratio\">\n                <img loading=\"lazy\" decoding=\"async\" width=\"300\" height=\"225\" src=\"https:\/\/soymigrante.com\/revista\/wp-content\/uploads\/2023\/03\/SOY-MIGRANTE-RENE-CORADO-BIOLOGO-4-300x225.webp\" class=\"attachment-medium size-medium wp-image-809\" alt=\"Ren\u00e9 Corado, migrante y biologo director del museo de aves de Oxnard, California\" srcset=\"https:\/\/soymigrante.com\/revista\/wp-content\/uploads\/2023\/03\/SOY-MIGRANTE-RENE-CORADO-BIOLOGO-4-300x225.webp 300w, https:\/\/soymigrante.com\/revista\/wp-content\/uploads\/2023\/03\/SOY-MIGRANTE-RENE-CORADO-BIOLOGO-4-1024x769.jpg 1024w, https:\/\/soymigrante.com\/revista\/wp-content\/uploads\/2023\/03\/SOY-MIGRANTE-RENE-CORADO-BIOLOGO-4-768x577.jpg 768w, https:\/\/soymigrante.com\/revista\/wp-content\/uploads\/2023\/03\/SOY-MIGRANTE-RENE-CORADO-BIOLOGO-4-1536x1154.jpg 1536w, https:\/\/soymigrante.com\/revista\/wp-content\/uploads\/2023\/03\/SOY-MIGRANTE-RENE-CORADO-BIOLOGO-4-2048x1539.jpg 2048w, https:\/\/soymigrante.com\/revista\/wp-content\/uploads\/2023\/03\/SOY-MIGRANTE-RENE-CORADO-BIOLOGO-4-750x563.webp 750w, https:\/\/soymigrante.com\/revista\/wp-content\/uploads\/2023\/03\/SOY-MIGRANTE-RENE-CORADO-BIOLOGO-4-1140x856.jpg 1140w, https:\/\/soymigrante.com\/revista\/wp-content\/uploads\/2023\/03\/SOY-MIGRANTE-RENE-CORADO-BIOLOGO-4-scaled.webp 1920w\" sizes=\"(max-width: 300px) 100vw, 300px\" \/>\n            <\/div>\n        <\/div><div class=\"eael-entry-wrapper\"><header class=\"eael-entry-header\"><h2 class=\"eael-entry-title\"><a class=\"eael-grid-post-link\" href=\"https:\/\/soymigrante.com\/revista\/biologo-lustra-el-mayor-tesoro-de-guatemala\/\" title=\"Bi\u00f3logo migrante Ren\u00e9 Corado lustra el mayor tesoro de Guatemala\">Bi\u00f3logo migrante Ren\u00e9 Corado lustra el mayor tesoro de Guatemala<\/a><\/h2><\/header><\/div><\/div>\n        <\/div>\n    <\/article><\/div>\n            <div class=\"clearfix\"><\/div>\n        <\/div>\t\t\t\t<\/div>\n\t\t\t\t\t<\/div>\n\t\t<\/div>\n\t\t\t\t\t<\/div>\n\t\t<\/section>\n\t\t\t\t<\/div>\n\t\t","protected":false},"excerpt":{"rendered":"<p>Paulino Garc\u00eda es un profesional en inform\u00e1tica y protecci\u00f3n digital, migrante originario de Totonicap\u00e1n que desde el 2008 ha dedicado su tiempo como voluntario para integrar y defender los derechos de la comunidad migrante guatemalteca en Houston, Texas, donde reside pero tambi\u00e9n en todo Estados Unidos. La llegada a Houston Paulino Garc\u00eda es originario de [&hellip;]<\/p>\n","protected":false},"author":10,"featured_media":4324,"comment_status":"open","ping_status":"open","sticky":false,"template":"","format":"standard","meta":{"_acf_changed":false,"_eb_attr":"","footnotes":""},"categories":[50],"tags":[],"class_list":["post-4361","post","type-post","status-publish","format-standard","has-post-thumbnail","hentry","category-exitos"],"acf":[],"aioseo_notices":[],"aioseo_head":"\n\t\t<!-- All in One SEO Pro 4.9.6.2 - aioseo.com -->\n\t<meta name=\"description\" content=\"El bi\u00f3logo, escritor y migrante Ren\u00e9 Corado dirige el museo de aves de Camarillo, California; su ni\u00f1ez en Guatemala fue dif\u00edcil y por eso impulsa la educaci\u00f3n en su pa\u00eds. La vida del migrante guatemalteco Ren\u00e9 Corado est\u00e1 hecha de imposibles convertidos en posibilidad. \u00bfC\u00f3mo un ni\u00f1o lustrador llega a ser director de uno de\" \/>\n\t<meta name=\"robots\" content=\"max-snippet:-1, max-image-preview:large, max-video-preview:-1\" \/>\n\t<meta name=\"author\" content=\"Diana Batz\"\/>\n\t<link rel=\"canonical\" href=\"https:\/\/soymigrante.com\/revista\/paulino-migrante-experto-tecnologia-defensor-comunidad-guatemalteca\/\" \/>\n\t<meta name=\"generator\" content=\"All in One SEO Pro (AIOSEO) 4.9.6.2\" \/>\n\n\t\t<link rel=\"preconnect\" href=\"https:\/\/fonts.googleapis.com\" crossorigin>\n<link rel=\"preconnect\" href=\"https:\/\/fonts.gstatic.com\" crossorigin>\n\t\t<meta property=\"og:locale\" content=\"es_ES\" \/>\n\t\t<meta property=\"og:site_name\" content=\"SoyMigrante.com REVISTA \u2013 Nuestra misi\u00f3n es reconocer y dignificar al migrante.\" \/>\n\t\t<meta property=\"og:type\" content=\"article\" \/>\n\t\t<meta property=\"og:title\" content=\"Paulino Garc\u00eda: un migrante programado para servir a la comunidad guatemalteca\" \/>\n\t\t<meta property=\"og:description\" content=\"Paulino Garc\u00eda es un profesional en inform\u00e1tica y protecci\u00f3n digital, migrante originario de Totonicap\u00e1n que desde el 2008 ha dedicado su tiempo como voluntario para integrar y defender los derechos de la comunidad migrante guatemalteca en Houston, Texas, donde reside pero tambi\u00e9n en todo Estados Unidos. La llegada a Houston Paulino Garc\u00eda es originario de Migrante guatemalteco es voluntario en organizaciones su aporte se basa en la defensa de las necesidades de la comunidad radicada en Houston, Texas.\" \/>\n\t\t<meta property=\"og:url\" content=\"https:\/\/soymigrante.com\/revista\/paulino-migrante-experto-tecnologia-defensor-comunidad-guatemalteca\/\" \/>\n\t\t<meta property=\"og:image\" content=\"https:\/\/soymigrante.com\/revista\/wp-content\/uploads\/2024\/01\/Juramentacion-de-la-Junta-por-circunscripcion-electoral-centro-de-tribunal-supremo-electoral.webp\" \/>\n\t\t<meta property=\"og:image:secure_url\" content=\"https:\/\/soymigrante.com\/revista\/wp-content\/uploads\/2024\/01\/Juramentacion-de-la-Junta-por-circunscripcion-electoral-centro-de-tribunal-supremo-electoral.webp\" \/>\n\t\t<meta property=\"og:image:width\" content=\"1200\" \/>\n\t\t<meta property=\"og:image:height\" content=\"1200\" \/>\n\t\t<meta property=\"article:published_time\" content=\"2024-01-16T17:46:25+00:00\" \/>\n\t\t<meta property=\"article:modified_time\" content=\"2024-11-01T16:02:47+00:00\" \/>\n\t\t<meta property=\"article:publisher\" content=\"https:\/\/www.facebook.com\/soymigrantecom\" \/>\n\t\t<meta name=\"twitter:card\" content=\"summary_large_image\" \/>\n\t\t<meta name=\"twitter:site\" content=\"@SoyMigrante_com\" \/>\n\t\t<meta name=\"twitter:title\" content=\"Paulino Garc\u00eda: un migrante programado para servir a la comunidad guatemalteca\" \/>\n\t\t<meta name=\"twitter:description\" content=\"Paulino Garc\u00eda es un profesional en inform\u00e1tica y protecci\u00f3n digital, migrante originario de Totonicap\u00e1n que desde el 2008 ha dedicado su tiempo como voluntario para integrar y defender los derechos de la comunidad migrante guatemalteca en Houston, Texas, donde reside pero tambi\u00e9n en todo Estados Unidos. La llegada a Houston Paulino Garc\u00eda es originario de Migrante guatemalteco es voluntario en organizaciones su aporte se basa en la defensa de las necesidades de la comunidad radicada en Houston, Texas.\" \/>\n\t\t<meta name=\"twitter:creator\" content=\"@SoyMigrante_com\" \/>\n\t\t<meta name=\"twitter:image\" content=\"https:\/\/soymigrante.com\/revista\/wp-content\/uploads\/2024\/01\/Juramentacion-de-la-Junta-por-circunscripcion-electoral-centro-de-tribunal-supremo-electoral.webp\" \/>\n\t\t<!-- All in One SEO Pro -->\r\n\t\t<title>Paulino Garc\u00eda: un migrante programado para servir a la comunidad guatemalteca<\/title>\n\n","aioseo_head_json":{"title":"Paulino Garc\u00eda: un migrante programado para servir a la comunidad guatemalteca","description":"Paulino Garc\u00eda es un profesional en inform\u00e1tica y protecci\u00f3n digital, migrante originario de Totonicap\u00e1n que desde el 2008 ha dedicado su tiempo como voluntario para integrar y defender los derechos de la comunidad migrante guatemalteca en Houston, Texas, donde reside pero tambi\u00e9n en todo Estados Unidos. La llegada a Houston Paulino Garc\u00eda es originario de Migrante guatemalteco es voluntario en organizaciones su aporte se basa en la defensa de las necesidades de la comunidad radicada en Houston, Texas.","canonical_url":"https:\/\/soymigrante.com\/revista\/paulino-migrante-experto-tecnologia-defensor-comunidad-guatemalteca\/","robots":"max-snippet:-1, max-image-preview:large, max-video-preview:-1","keywords":"","webmasterTools":{"miscellaneous":"&lt;link rel=\"preconnect\" href=\"https:\/\/fonts.googleapis.com\" crossorigin&gt;\n&lt;link rel=\"preconnect\" href=\"https:\/\/fonts.gstatic.com\" crossorigin&gt;"},"schema":null,"og:locale":"es_ES","og:site_name":"SoyMigrante.com REVISTA \u2013 Nuestra misi\u00f3n es reconocer y dignificar al migrante.","og:type":"article","og:title":"Paulino Garc\u00eda: un migrante programado para servir a la comunidad guatemalteca","og:description":"Paulino Garc\u00eda es un profesional en inform\u00e1tica y protecci\u00f3n digital, migrante originario de Totonicap\u00e1n que desde el 2008 ha dedicado su tiempo como voluntario para integrar y defender los derechos de la comunidad migrante guatemalteca en Houston, Texas, donde reside pero tambi\u00e9n en todo Estados Unidos. La llegada a Houston Paulino Garc\u00eda es originario de Migrante guatemalteco es voluntario en organizaciones su aporte se basa en la defensa de las necesidades de la comunidad radicada en Houston, Texas.","og:url":"https:\/\/soymigrante.com\/revista\/paulino-migrante-experto-tecnologia-defensor-comunidad-guatemalteca\/","og:image":"https:\/\/soymigrante.com\/revista\/wp-content\/uploads\/2024\/01\/Juramentacion-de-la-Junta-por-circunscripcion-electoral-centro-de-tribunal-supremo-electoral.webp","og:image:secure_url":"https:\/\/soymigrante.com\/revista\/wp-content\/uploads\/2024\/01\/Juramentacion-de-la-Junta-por-circunscripcion-electoral-centro-de-tribunal-supremo-electoral.webp","og:image:width":1200,"og:image:height":1200,"article:published_time":"2024-01-16T17:46:25+00:00","article:modified_time":"2024-11-01T16:02:47+00:00","article:publisher":"https:\/\/www.facebook.com\/soymigrantecom","twitter:card":"summary_large_image","twitter:site":"@SoyMigrante_com","twitter:title":"Paulino Garc\u00eda: un migrante programado para servir a la comunidad guatemalteca","twitter:description":"Paulino Garc\u00eda es un profesional en inform\u00e1tica y protecci\u00f3n digital, migrante originario de Totonicap\u00e1n que desde el 2008 ha dedicado su tiempo como voluntario para integrar y defender los derechos de la comunidad migrante guatemalteca en Houston, Texas, donde reside pero tambi\u00e9n en todo Estados Unidos. La llegada a Houston Paulino Garc\u00eda es originario de Migrante guatemalteco es voluntario en organizaciones su aporte se basa en la defensa de las necesidades de la comunidad radicada en Houston, Texas.","twitter:creator":"@SoyMigrante_com","twitter:image":"https:\/\/soymigrante.com\/revista\/wp-content\/uploads\/2024\/01\/Juramentacion-de-la-Junta-por-circunscripcion-electoral-centro-de-tribunal-supremo-electoral.webp"},"aioseo_meta_data":{"post_id":"4361","title":null,"description":"#post_excerpt Migrante guatemalteco es voluntario en organizaciones su aporte se basa en la defensa de las necesidades de la comunidad radicada en Houston, Texas.","keywords":[],"keyphrases":{"focus":{"keyphrase":"Migrante","score":91,"analysis":{"keyphraseInTitle":{"score":9,"maxScore":9,"error":0},"keyphraseInDescription":{"score":9,"maxScore":9,"error":0},"keyphraseLength":{"score":9,"maxScore":9,"error":0,"length":1},"keyphraseInURL":{"score":5,"maxScore":5,"error":0},"keyphraseInIntroduction":{"score":3,"maxScore":9,"error":1},"keyphraseInSubHeadings":{"score":9,"maxScore":9,"error":0},"keyphraseInImageAlt":{"score":9,"maxScore":9,"error":0},"keywordDensity":{"type":"best","score":9,"maxScore":9,"error":0}}},"additional":[]},"primary_term":null,"canonical_url":null,"og_title":null,"og_description":null,"og_object_type":"default","og_image_type":"default","og_image_url":null,"og_image_width":null,"og_image_height":null,"og_image_custom_url":null,"og_image_custom_fields":null,"og_video":"","og_custom_url":null,"og_article_section":null,"og_article_tags":[],"twitter_use_og":false,"twitter_card":"default","twitter_image_type":"default","twitter_image_url":null,"twitter_image_custom_url":null,"twitter_image_custom_fields":null,"twitter_title":null,"twitter_description":null,"schema":{"blockGraphs":[],"customGraphs":[],"default":{"data":{"Article":[],"Course":[],"Dataset":[],"FAQPage":[],"Movie":[],"Person":[],"Product":[],"ProductReview":[],"Car":[],"Recipe":[],"Service":[],"SoftwareApplication":[],"WebPage":[]},"graphName":"BlogPosting","isEnabled":true},"graphs":[]},"schema_type":"default","schema_type_options":null,"pillar_content":false,"robots_default":true,"robots_noindex":false,"robots_noarchive":false,"robots_nosnippet":false,"robots_nofollow":false,"robots_noimageindex":false,"robots_noodp":false,"robots_notranslate":false,"robots_max_snippet":"-1","robots_max_videopreview":"-1","robots_max_imagepreview":"large","priority":null,"frequency":"default","local_seo":null,"seo_analyzer_scan_date":"2025-10-08 21:02:35","breadcrumb_settings":null,"limit_modified_date":false,"reviewed_by":null,"open_ai":null,"ai":null,"created":"2024-01-11 21:06:54","updated":"2026-02-04 10:25:54"},"aioseo_breadcrumb":"<div class=\"aioseo-breadcrumbs\"><span class=\"aioseo-breadcrumb\">\n\t<a href=\"https:\/\/soymigrante.com\/revista\" title=\"Home\">Home<\/a>\n<\/span><span class=\"aioseo-breadcrumb-separator\">\u00bb<\/span><span class=\"aioseo-breadcrumb\">\n\t<a href=\"https:\/\/soymigrante.com\/revista\/category\/exitos\/\" title=\"\u00c9xitos\">\u00c9xitos<\/a>\n<\/span><span class=\"aioseo-breadcrumb-separator\">\u00bb<\/span><span class=\"aioseo-breadcrumb\">\n\tPaulino Garc\u00eda: un migrante programado para servir a la comunidad guatemalteca\n<\/span><\/div>","aioseo_breadcrumb_json":[{"label":"Home","link":"https:\/\/soymigrante.com\/revista"},{"label":"\u00c9xitos","link":"https:\/\/soymigrante.com\/revista\/category\/exitos\/"},{"label":"Paulino Garc\u00eda: un migrante programado para servir a la comunidad guatemalteca","link":"https:\/\/soymigrante.com\/revista\/paulino-migrante-experto-tecnologia-defensor-comunidad-guatemalteca\/"}],"_links":{"self":[{"href":"https:\/\/soymigrante.com\/revista\/wp-json\/wp\/v2\/posts\/4361","targetHints":{"allow":["GET"]}}],"collection":[{"href":"https:\/\/soymigrante.com\/revista\/wp-json\/wp\/v2\/posts"}],"about":[{"href":"https:\/\/soymigrante.com\/revista\/wp-json\/wp\/v2\/types\/post"}],"author":[{"embeddable":true,"href":"https:\/\/soymigrante.com\/revista\/wp-json\/wp\/v2\/users\/10"}],"replies":[{"embeddable":true,"href":"https:\/\/soymigrante.com\/revista\/wp-json\/wp\/v2\/comments?post=4361"}],"version-history":[{"count":0,"href":"https:\/\/soymigrante.com\/revista\/wp-json\/wp\/v2\/posts\/4361\/revisions"}],"wp:featuredmedia":[{"embeddable":true,"href":"https:\/\/soymigrante.com\/revista\/wp-json\/wp\/v2\/media\/4324"}],"wp:attachment":[{"href":"https:\/\/soymigrante.com\/revista\/wp-json\/wp\/v2\/media?parent=4361"}],"wp:term":[{"taxonomy":"category","embeddable":true,"href":"https:\/\/soymigrante.com\/revista\/wp-json\/wp\/v2\/categories?post=4361"},{"taxonomy":"post_tag","embeddable":true,"href":"https:\/\/soymigrante.com\/revista\/wp-json\/wp\/v2\/tags?post=4361"}],"curies":[{"name":"wp","href":"https:\/\/api.w.org\/{rel}","templated":true}]}}