{"id":43588,"date":"2025-09-02T17:44:49","date_gmt":"2025-09-02T23:44:49","guid":{"rendered":"https:\/\/soymigrante.com\/revista\/?p=43588"},"modified":"2025-09-02T17:54:38","modified_gmt":"2025-09-02T23:54:38","slug":"sigue-adelante-festival-guatemala-2025-en-rhode-island-el-7-de-septiembre","status":"publish","type":"post","link":"https:\/\/soymigrante.com\/revista\/sigue-adelante-festival-guatemala-2025-en-rhode-island-el-7-de-septiembre\/","title":{"rendered":"Todo listo para el Festival Guatemala 2025 en Rhode Island el 7 de septiembre"},"content":{"rendered":"\t\t<div data-elementor-type=\"wp-post\" data-elementor-id=\"43588\" class=\"elementor elementor-43588\" data-elementor-post-type=\"post\">\n\t\t\t\t<div data-particle_enable=\"false\" data-particle-mobile-disabled=\"false\" class=\"elementor-element elementor-element-4919598 e-flex e-con-boxed e-con e-parent\" data-id=\"4919598\" data-element_type=\"container\" data-e-type=\"container\">\n\t\t\t\t\t<div class=\"e-con-inner\">\n\t\t\t\t<div class=\"elementor-element elementor-element-171c894 elementor-widget elementor-widget-heading\" data-id=\"171c894\" data-element_type=\"widget\" data-e-type=\"widget\" data-widget_type=\"heading.default\">\n\t\t\t\t\t<h2 class=\"elementor-heading-title elementor-size-default\">Providence, Rhode Island, se prepara para vestirse con los colores, sonidos y sabores chapines. El pr\u00f3ximo domingo 7 de septiembre de 2025 se celebrar\u00e1 el Festival Guatemala 2025.<\/h2>\t\t\t\t<\/div>\n\t\t\t\t\t<\/div>\n\t\t\t\t<\/div>\n\t\t<div data-particle_enable=\"false\" data-particle-mobile-disabled=\"false\" class=\"elementor-element elementor-element-3da93f7 e-flex e-con-boxed e-con e-parent\" data-id=\"3da93f7\" data-element_type=\"container\" data-e-type=\"container\">\n\t\t\t\t\t<div class=\"e-con-inner\">\n\t\t\t\t<div class=\"elementor-element elementor-element-61e04c2 elementor-widget elementor-widget-text-editor\" data-id=\"61e04c2\" data-element_type=\"widget\" data-e-type=\"widget\" data-widget_type=\"text-editor.default\">\n\t\t\t\t\t\t\t\t\t<p>El Templo de la M\u00fasica del Roger Williams Park, en Providence, Rhode Island, se convertir\u00e1 en punto de encuentro, expresi\u00f3n y hermandad para guatemaltecos radicados en dicho Estado de la Uni\u00f3n Americana, durante el Festival <a href=\"https:\/\/soymigrante.com\/revista\/22-departamentos-de-guatemala-un-corazon-multicultural-compartido\/\">Guatemala<\/a> 2025, el pr\u00f3ximo 7 de septiembre.<\/p><p>El evento gratuito espera reunir a miles de asistentes\u00a0 con marimba, danzas folcl\u00f3ricas, gastronom\u00eda y actividades familiares. En Rhode Island hay muchos <a href=\"https:\/\/soymigrante.com\/revista\/en-el-camino-migrante-de-nacho-mendez-se-cruzan-el-delivery-el-deporte-y-la-llorona\/\">guatemaltecos<\/a> y <a href=\"https:\/\/soymigrante.com\/revista\/el-viaje-de-nila-migrante-guatemalteca-en-rhode-island\/\">guatemaltecas<\/a> de talento, aportando lo mejor a dicha naci\u00f3n.<\/p><p>El evento se llevar\u00e1 a cabo a partir de las 11 de la ma\u00f1ana a 7\u00a0 de la noche, con entrada libre y sin necesidad de reserva. Est\u00e1 organizado por el<a href=\"https:\/\/soymigrante.com\/revista\/cada-guatemalteco-que-pueda-votar-en-usa-cuenta-tiana-ochoa-lider-migrante-en-rhode-island\/\"> Guatemalan Center of New England,<\/a> con el apoyo de patrocinadores comunitarios.<\/p>\t\t\t\t\t\t\t\t<\/div>\n\t\t\t\t\t<\/div>\n\t\t\t\t<\/div>\n\t\t<div data-particle_enable=\"false\" data-particle-mobile-disabled=\"false\" class=\"elementor-element elementor-element-f70b995 e-flex e-con-boxed e-con e-parent\" data-id=\"f70b995\" data-element_type=\"container\" data-e-type=\"container\">\n\t\t\t\t\t<div class=\"e-con-inner\">\n\t\t\t\t<div class=\"elementor-element elementor-element-1c9286b elementor-widget elementor-widget-image\" data-id=\"1c9286b\" data-element_type=\"widget\" data-e-type=\"widget\" data-widget_type=\"image.default\">\n\t\t\t\t\t\t\t\t\t\t\t\t<figure class=\"wp-caption\">\n\t\t\t\t\t\t\t\t\t\t<img fetchpriority=\"high\" decoding=\"async\" width=\"540\" height=\"675\" src=\"https:\/\/soymigrante.com\/revista\/wp-content\/uploads\/2025\/09\/festival-guatemala-2.jpg\" class=\"attachment-large size-large wp-image-43601\" alt=\"El Festival Guatemala es un encuentro de tradici\u00f3n, m\u00fasica, arte, comida chapina y mucha hermandad. Tiene m\u00faltiples patrocinadores en Rhode Island y Guatemala. El 7 de septiembre la cita es en Providence. (Imagen Centro Guatemalteco de New England)\" srcset=\"https:\/\/soymigrante.com\/revista\/wp-content\/uploads\/2025\/09\/festival-guatemala-2.jpg 540w, https:\/\/soymigrante.com\/revista\/wp-content\/uploads\/2025\/09\/festival-guatemala-2-240x300.jpg 240w\" sizes=\"(max-width: 540px) 100vw, 540px\" title=\"El Festival Guatemala es un encuentro de tradici\u00f3n, m\u00fasica, arte, comida chapina y mucha hermandad. Tiene m\u00faltiples patrocinadores en Rhode Island y Guatemala. El 7 de septiembre la cita es en Providence. (Imagen Centro Guatemalteco de New England) \u2013 SoyMigrante.com REVISTA\" \/>\t\t\t\t\t\t\t\t\t\t\t<figcaption class=\"widget-image-caption wp-caption-text\">El Festival Guatemala es un encuentro de tradici\u00f3n, m\u00fasica, arte, comida chapina y mucha hermandad. Tiene m\u00faltiples patrocinadores en Rhode Island y Guatemala. El 7 de septiembre la cita es en Providence. (Imagen Centro Guatemalteco de New England)<\/figcaption>\n\t\t\t\t\t\t\t\t\t\t<\/figure>\n\t\t\t\t\t\t\t\t\t<\/div>\n\t\t\t\t\t<\/div>\n\t\t\t\t<\/div>\n\t\t<div data-particle_enable=\"false\" data-particle-mobile-disabled=\"false\" class=\"elementor-element elementor-element-38d2864 e-flex e-con-boxed e-con e-parent\" data-id=\"38d2864\" data-element_type=\"container\" data-e-type=\"container\">\n\t\t\t\t\t<div class=\"e-con-inner\">\n\t\t\t\t<div class=\"elementor-element elementor-element-b3f6bd7 elementor-widget elementor-widget-heading\" data-id=\"b3f6bd7\" data-element_type=\"widget\" data-e-type=\"widget\" data-widget_type=\"heading.default\">\n\t\t\t\t\t<h3 class=\"elementor-heading-title elementor-size-default\">Evento cultural gratuito y lleno de alegr\u00eda<\/h3>\t\t\t\t<\/div>\n\t\t\t\t\t<\/div>\n\t\t\t\t<\/div>\n\t\t<div data-particle_enable=\"false\" data-particle-mobile-disabled=\"false\" class=\"elementor-element elementor-element-b8512b3 e-flex e-con-boxed e-con e-parent\" data-id=\"b8512b3\" data-element_type=\"container\" data-e-type=\"container\">\n\t\t\t\t\t<div class=\"e-con-inner\">\n\t\t\t\t<div class=\"elementor-element elementor-element-cb12e1c elementor-widget elementor-widget-text-editor\" data-id=\"cb12e1c\" data-element_type=\"widget\" data-e-type=\"widget\" data-widget_type=\"text-editor.default\">\n\t\t\t\t\t\t\t\t\t<p>El festival ofrecer\u00e1 un programa art\u00edstico diverso, que incluye la participaci\u00f3n de grupos como Marimba Sentimiento Chap\u00edn,\u00a0 La Nueva Historia de Antonio Jim\u00e9nez, Ashley Soto, International Match, DJ Pato y el grupo Los Mamboteros.<\/p><p>Tambi\u00e9n estar\u00e1 presente\u00a0 el <a href=\"https:\/\/soymigrante.com\/revista\/emocion-nostalgia-y-creatividad-bailan-con-el-convite-guatemala-rhode-island\/\">Convite de Rhode Island<\/a>, que llevar\u00e1 al escenario las danzas tradicionales del altiplano guatemalteco y la Marimba Femenina de Concierto del Ministerio de Cultura de Guatemala.\u00a0<\/p><p>Adem\u00e1s de los espect\u00e1culos, los asistentes a esta <a href=\"https:\/\/www.guatemalancenter.org\/events-1\/festival-guatemala-2025\">cita en Rhode Island<\/a> podr\u00e1n disfrutar de la aut\u00e9ntica cocina guatemalteca, con platillos t\u00edpicos preparados por emprendedores locales. Tambi\u00e9n habr\u00e1 venta de artesan\u00edas, rifas, premios y espacios para apoyar a peque\u00f1os negocios.<\/p>\t\t\t\t\t\t\t\t<\/div>\n\t\t\t\t\t<\/div>\n\t\t\t\t<\/div>\n\t\t<div data-particle_enable=\"false\" data-particle-mobile-disabled=\"false\" class=\"elementor-element elementor-element-c7f380b e-flex e-con-boxed e-con e-parent\" data-id=\"c7f380b\" data-element_type=\"container\" data-e-type=\"container\">\n\t\t\t\t\t<div class=\"e-con-inner\">\n\t\t\t\t<div class=\"elementor-element elementor-element-c0e418c elementor-widget elementor-widget-image\" data-id=\"c0e418c\" data-element_type=\"widget\" data-e-type=\"widget\" data-widget_type=\"image.default\">\n\t\t\t\t\t\t\t\t\t\t\t\t<figure class=\"wp-caption\">\n\t\t\t\t\t\t\t\t\t\t<img decoding=\"async\" width=\"1024\" height=\"1024\" src=\"https:\/\/soymigrante.com\/revista\/wp-content\/uploads\/2025\/09\/festival-guatemala-1-1024x1024.jpg\" class=\"attachment-large size-large wp-image-43602\" alt=\"La Marimba Femenina de Concierto del Ministerio de Cultura y Deportes ser\u00e1 uno de los puntos m\u00e1s emotivos y significativos del evento.\" srcset=\"https:\/\/soymigrante.com\/revista\/wp-content\/uploads\/2025\/09\/festival-guatemala-1-1024x1024.jpg 1024w, https:\/\/soymigrante.com\/revista\/wp-content\/uploads\/2025\/09\/festival-guatemala-1-300x300.jpg 300w, https:\/\/soymigrante.com\/revista\/wp-content\/uploads\/2025\/09\/festival-guatemala-1-150x150.jpg 150w, https:\/\/soymigrante.com\/revista\/wp-content\/uploads\/2025\/09\/festival-guatemala-1-768x768.jpg 768w, https:\/\/soymigrante.com\/revista\/wp-content\/uploads\/2025\/09\/festival-guatemala-1-75x75.jpg 75w, https:\/\/soymigrante.com\/revista\/wp-content\/uploads\/2025\/09\/festival-guatemala-1-750x750.jpg 750w, https:\/\/soymigrante.com\/revista\/wp-content\/uploads\/2025\/09\/festival-guatemala-1.jpg 1080w\" sizes=\"(max-width: 1024px) 100vw, 1024px\" title=\"La Marimba Femenina de Concierto del Ministerio de Cultura y Deportes ser\u00e1 uno de los puntos m\u00e1s emotivos y significativos del evento. \u2013 SoyMigrante.com REVISTA\" \/>\t\t\t\t\t\t\t\t\t\t\t<figcaption class=\"widget-image-caption wp-caption-text\">La Marimba Femenina de Concierto del Ministerio de Cultura y Deportes ser\u00e1 uno de los puntos m\u00e1s emotivos y significativos del evento.<\/figcaption>\n\t\t\t\t\t\t\t\t\t\t<\/figure>\n\t\t\t\t\t\t\t\t\t<\/div>\n\t\t\t\t\t<\/div>\n\t\t\t\t<\/div>\n\t\t<div data-particle_enable=\"false\" data-particle-mobile-disabled=\"false\" class=\"elementor-element elementor-element-b3560d0 e-flex e-con-boxed e-con e-parent\" data-id=\"b3560d0\" data-element_type=\"container\" data-e-type=\"container\">\n\t\t\t\t\t<div class=\"e-con-inner\">\n\t\t\t\t<div class=\"elementor-element elementor-element-fc52281 elementor-widget elementor-widget-heading\" data-id=\"fc52281\" data-element_type=\"widget\" data-e-type=\"widget\" data-widget_type=\"heading.default\">\n\t\t\t\t\t<h3 class=\"elementor-heading-title elementor-size-default\">Se espera la participaci\u00f3n de muchas familias<\/h3>\t\t\t\t<\/div>\n\t\t\t\t\t<\/div>\n\t\t\t\t<\/div>\n\t\t<div data-particle_enable=\"false\" data-particle-mobile-disabled=\"false\" class=\"elementor-element elementor-element-3144d39 e-flex e-con-boxed e-con e-parent\" data-id=\"3144d39\" data-element_type=\"container\" data-e-type=\"container\">\n\t\t\t\t\t<div class=\"e-con-inner\">\n\t\t\t\t<div class=\"elementor-element elementor-element-582fa32 elementor-widget elementor-widget-text-editor\" data-id=\"582fa32\" data-element_type=\"widget\" data-e-type=\"widget\" data-widget_type=\"text-editor.default\">\n\t\t\t\t\t\t\t\t\t<p>El Festival Guatemala es un evento pensado para toda la familia: los m\u00e1s peque\u00f1os contar\u00e1n con juegos y actividades recreativas. Asimismo, entre las 12 y las 16 horas el p\u00fablico tendr\u00e1 acceso a ex\u00e1menes gratuitos de presi\u00f3n arterial y glucosa, adem\u00e1s de informaci\u00f3n preventiva sobre c\u00e1ncer colorrectal, gracias al Community Health Institute de Brown University Health.<\/p><p>El Festival Guatemala 2025 busca fortalecer la identidad y el orgullo cultural de la di\u00e1spora guatemalteca, al tiempo que abre sus puertas a toda la comunidad de Rhode Island. La celebraci\u00f3n es un recordatorio vivo de la riqueza cultural que Guatemala aporta m\u00e1s all\u00e1 de sus fronteras.<\/p><p>Con m\u00fasica de marimba, danzas folcl\u00f3ricas, gastronom\u00eda, artesan\u00edas y un ambiente festivo, Providence se convertir\u00e1 en un pedacito de Guatemala el pr\u00f3ximo 7 de septiembre.<\/p>\t\t\t\t\t\t\t\t<\/div>\n\t\t\t\t\t<\/div>\n\t\t\t\t<\/div>\n\t\t<div data-particle_enable=\"false\" data-particle-mobile-disabled=\"false\" class=\"elementor-element elementor-element-9296841 e-flex e-con-boxed e-con e-parent\" data-id=\"9296841\" data-element_type=\"container\" data-e-type=\"container\">\n\t\t\t\t\t<div class=\"e-con-inner\">\n\t\t\t\t<div class=\"elementor-element elementor-element-8252afa elementor-widget elementor-widget-html\" data-id=\"8252afa\" data-element_type=\"widget\" data-e-type=\"widget\" data-widget_type=\"html.default\">\n\t\t\t\t\t<iframe width=\"560\" height=\"415\" src=\"https:\/\/www.youtube.com\/embed\/RvSV4pfm7eI?si=kqDXw8_s6Ti5UWrV\" title=\"YouTube video player\" frameborder=\"0\" allow=\"accelerometer; autoplay; clipboard-write; encrypted-media; gyroscope; picture-in-picture; web-share\" referrerpolicy=\"strict-origin-when-cross-origin\" allowfullscreen><\/iframe>\t\t\t\t<\/div>\n\t\t\t\t\t<\/div>\n\t\t\t\t<\/div>\n\t\t<div data-particle_enable=\"false\" data-particle-mobile-disabled=\"false\" class=\"elementor-element elementor-element-02b5525 e-flex e-con-boxed e-con e-parent\" data-id=\"02b5525\" data-element_type=\"container\" data-e-type=\"container\">\n\t\t\t\t\t<div class=\"e-con-inner\">\n\t\t\t\t<div class=\"elementor-element elementor-element-9d165b1 elementor-widget elementor-widget-heading\" data-id=\"9d165b1\" data-element_type=\"widget\" data-e-type=\"widget\" data-widget_type=\"heading.default\">\n\t\t\t\t\t<h2 class=\"elementor-heading-title elementor-size-default\">Quetzales volando alto en Rhode Island<\/h2>\t\t\t\t<\/div>\n\t\t\t\t\t<\/div>\n\t\t\t\t<\/div>\n\t\t<div data-particle_enable=\"false\" data-particle-mobile-disabled=\"false\" class=\"elementor-element elementor-element-1d9621e e-flex e-con-boxed e-con e-parent\" data-id=\"1d9621e\" data-element_type=\"container\" data-e-type=\"container\">\n\t\t\t\t\t<div class=\"e-con-inner\">\n\t\t\t\t<div class=\"elementor-element elementor-element-69743c8 elementor-grid-eael-col-3 elementor-grid-tablet-eael-col-2 elementor-grid-mobile-eael-col-1 elementor-widget elementor-widget-eael-post-grid\" data-id=\"69743c8\" data-element_type=\"widget\" data-e-type=\"widget\" data-settings=\"{&quot;eael_post_grid_columns&quot;:&quot;eael-col-3&quot;,&quot;eael_post_grid_columns_tablet&quot;:&quot;eael-col-2&quot;,&quot;eael_post_grid_columns_mobile&quot;:&quot;eael-col-1&quot;}\" data-widget_type=\"eael-post-grid.default\">\n\t\t\t\t\t<div id=\"eael-post-grid-69743c8\" class=\"eael-post-grid-container\">\n            <div class=\"eael-post-grid eael-post-appender eael-post-appender-69743c8 eael-post-grid-style-one\" data-layout-mode=\"masonry\"><article class=\"eael-grid-post  eael-post-grid-column eael-pg-post-39736 category-exitos-guatemala\" data-id=\"39736\">\n        <div class=\"eael-grid-post-holder\">\n            <div class=\"eael-grid-post-holder-inner\"><div class=\"eael-entry-media\"><div class=\"eael-entry-overlay fade-in\"><i class=\"far fa-hand-pointer\" aria-hidden=\"true\"><\/i><a href=\"https:\/\/soymigrante.com\/revista\/yo-naci-migrante-y-creci-migrante-artista-guatemalteca-magda-leon-en-rhode-island\/\"><\/a><\/div><div class=\"eael-entry-thumbnail \">\n                <img decoding=\"async\" width=\"1024\" height=\"1024\" src=\"https:\/\/soymigrante.com\/revista\/wp-content\/uploads\/2025\/07\/artista-migrante-guatemalteca-Magda-Leon-1-1024x1024.jpg\" class=\"attachment-large size-large wp-image-39737\" alt=\"Fotograf\u00eda de una mujer sonriente en una exposici\u00f3n al aire libre con retratos en blanco y negro en una valla de malla, destacando arte, cultura y creatividad en el contexto de SoyMigrante.com REVISTA.\" srcset=\"https:\/\/soymigrante.com\/revista\/wp-content\/uploads\/2025\/07\/artista-migrante-guatemalteca-Magda-Leon-1-1024x1024.jpg 1024w, https:\/\/soymigrante.com\/revista\/wp-content\/uploads\/2025\/07\/artista-migrante-guatemalteca-Magda-Leon-1-300x300.jpg 300w, https:\/\/soymigrante.com\/revista\/wp-content\/uploads\/2025\/07\/artista-migrante-guatemalteca-Magda-Leon-1-150x150.jpg 150w, https:\/\/soymigrante.com\/revista\/wp-content\/uploads\/2025\/07\/artista-migrante-guatemalteca-Magda-Leon-1-768x768.jpg 768w, https:\/\/soymigrante.com\/revista\/wp-content\/uploads\/2025\/07\/artista-migrante-guatemalteca-Magda-Leon-1-75x75.jpg 75w, https:\/\/soymigrante.com\/revista\/wp-content\/uploads\/2025\/07\/artista-migrante-guatemalteca-Magda-Leon-1-750x750.jpg 750w, https:\/\/soymigrante.com\/revista\/wp-content\/uploads\/2025\/07\/artista-migrante-guatemalteca-Magda-Leon-1.jpg 1051w\" sizes=\"(max-width: 1024px) 100vw, 1024px\" \/>\n            <\/div>\n        <\/div><div class=\"eael-entry-wrapper\"><header class=\"eael-entry-header\"><h2 class=\"eael-entry-title\"><a class=\"eael-grid-post-link\" href=\"https:\/\/soymigrante.com\/revista\/yo-naci-migrante-y-creci-migrante-artista-guatemalteca-magda-leon-en-rhode-island\/\" title=\"&#8220;Yo nac\u00ed migrante y crec\u00ed migrante&#8221;: artista guatemalteca Magda Le\u00f3n, en Rhode Island\">&#8220;Yo nac\u00ed migrante y crec\u00ed migrante&#8221;: artista guatemalteca Magda Le\u00f3n, en Rhode Island<\/a><\/h2><\/header><div class=\"eael-entry-content\">\n                        <div class=\"eael-grid-post-excerpt\"><a href=\"https:\/\/soymigrante.com\/revista\/yo-naci-migrante-y-creci-migrante-artista-guatemalteca-magda-leon-en-rhode-island\/\" class=\"eael-post-elements-readmore-btn\">CONOCE SU HISTORIA <\/a><\/div>\n                    <\/div><\/div><\/div>\n        <\/div>\n    <\/article><article class=\"eael-grid-post  eael-post-grid-column eael-pg-post-40616 category-exitos-guatemala\" data-id=\"40616\">\n        <div class=\"eael-grid-post-holder\">\n            <div class=\"eael-grid-post-holder-inner\"><div class=\"eael-entry-media\"><div class=\"eael-entry-overlay fade-in\"><i class=\"far fa-hand-pointer\" aria-hidden=\"true\"><\/i><a href=\"https:\/\/soymigrante.com\/revista\/el-viaje-de-nila-migrante-guatemalteca-en-rhode-island\/\"><\/a><\/div><div class=\"eael-entry-thumbnail \">\n                <img loading=\"lazy\" decoding=\"async\" width=\"812\" height=\"812\" src=\"https:\/\/soymigrante.com\/revista\/wp-content\/uploads\/2025\/07\/nila-lares-migrante-guatemalteca-rhode-island-2.webp\" class=\"attachment-large size-large wp-image-40618\" alt=\"\u00a1Aventura en la naturaleza! Mujer practicando tirolesa en un entorno verde exuberante, disfrutando de actividades de turismo de aventura y naturaleza en un paisaje selv\u00e1tico.\" srcset=\"https:\/\/soymigrante.com\/revista\/wp-content\/uploads\/2025\/07\/nila-lares-migrante-guatemalteca-rhode-island-2.webp 812w, https:\/\/soymigrante.com\/revista\/wp-content\/uploads\/2025\/07\/nila-lares-migrante-guatemalteca-rhode-island-2-300x300.jpg 300w, https:\/\/soymigrante.com\/revista\/wp-content\/uploads\/2025\/07\/nila-lares-migrante-guatemalteca-rhode-island-2-150x150.jpg 150w, https:\/\/soymigrante.com\/revista\/wp-content\/uploads\/2025\/07\/nila-lares-migrante-guatemalteca-rhode-island-2-768x768.jpg 768w, https:\/\/soymigrante.com\/revista\/wp-content\/uploads\/2025\/07\/nila-lares-migrante-guatemalteca-rhode-island-2-75x75.webp 75w, https:\/\/soymigrante.com\/revista\/wp-content\/uploads\/2025\/07\/nila-lares-migrante-guatemalteca-rhode-island-2-750x750.webp 750w\" sizes=\"(max-width: 812px) 100vw, 812px\" \/>\n            <\/div>\n        <\/div><div class=\"eael-entry-wrapper\"><header class=\"eael-entry-header\"><h2 class=\"eael-entry-title\"><a class=\"eael-grid-post-link\" href=\"https:\/\/soymigrante.com\/revista\/el-viaje-de-nila-migrante-guatemalteca-en-rhode-island\/\" title=\"El viaje de Nila, migrante y entrenadora guatemalteca en Rhode Island\">El viaje de Nila, migrante y entrenadora guatemalteca en Rhode Island<\/a><\/h2><\/header><div class=\"eael-entry-content\">\n                        <div class=\"eael-grid-post-excerpt\"><a href=\"https:\/\/soymigrante.com\/revista\/el-viaje-de-nila-migrante-guatemalteca-en-rhode-island\/\" class=\"eael-post-elements-readmore-btn\">CONOCE SU HISTORIA <\/a><\/div>\n                    <\/div><\/div><\/div>\n        <\/div>\n    <\/article><article class=\"eael-grid-post  eael-post-grid-column eael-pg-post-29612 category-exitos-guatemala\" data-id=\"29612\">\n        <div class=\"eael-grid-post-holder\">\n            <div class=\"eael-grid-post-holder-inner\"><div class=\"eael-entry-media\"><div class=\"eael-entry-overlay fade-in\"><i class=\"far fa-hand-pointer\" aria-hidden=\"true\"><\/i><a href=\"https:\/\/soymigrante.com\/revista\/brenda-estrada-traduce-valores-en-acciones-y-la-belleza-en-servicio-a-la-comunidad\/\"><\/a><\/div><div class=\"eael-entry-thumbnail \">\n                <img loading=\"lazy\" decoding=\"async\" width=\"1024\" height=\"1024\" src=\"https:\/\/soymigrante.com\/revista\/wp-content\/uploads\/2025\/03\/brenda-estrada-1024x1024.png\" class=\"attachment-large size-large wp-image-29613\" alt=\"SoyMigrante, revista para migrantes y comunidad latinoamericana, mujer joven con cabello largo y oscuro, en entorno de cine o teatro, estilo elegante y confianza en s\u00ed misma.\" srcset=\"https:\/\/soymigrante.com\/revista\/wp-content\/uploads\/2025\/03\/brenda-estrada-1024x1024.png 1024w, https:\/\/soymigrante.com\/revista\/wp-content\/uploads\/2025\/03\/brenda-estrada-300x300.png 300w, https:\/\/soymigrante.com\/revista\/wp-content\/uploads\/2025\/03\/brenda-estrada-150x150.png 150w, https:\/\/soymigrante.com\/revista\/wp-content\/uploads\/2025\/03\/brenda-estrada-768x768.png 768w, https:\/\/soymigrante.com\/revista\/wp-content\/uploads\/2025\/03\/brenda-estrada-75x75.webp 75w, https:\/\/soymigrante.com\/revista\/wp-content\/uploads\/2025\/03\/brenda-estrada-750x750.webp 750w, https:\/\/soymigrante.com\/revista\/wp-content\/uploads\/2025\/03\/brenda-estrada.webp 1080w\" sizes=\"(max-width: 1024px) 100vw, 1024px\" \/>\n            <\/div>\n        <\/div><div class=\"eael-entry-wrapper\"><header class=\"eael-entry-header\"><h2 class=\"eael-entry-title\"><a class=\"eael-grid-post-link\" href=\"https:\/\/soymigrante.com\/revista\/brenda-estrada-traduce-valores-en-acciones-y-la-belleza-en-servicio-a-la-comunidad\/\" title=\"Brenda Estrada traduce valores en acciones y la belleza en servicio a los dem\u00e1s, en Rhode Island\">Brenda Estrada traduce valores en acciones y la belleza en servicio a los dem\u00e1s, en Rhode Island<\/a><\/h2><\/header><div class=\"eael-entry-content\">\n                        <div class=\"eael-grid-post-excerpt\"><a href=\"https:\/\/soymigrante.com\/revista\/brenda-estrada-traduce-valores-en-acciones-y-la-belleza-en-servicio-a-la-comunidad\/\" class=\"eael-post-elements-readmore-btn\">CONOCE SU HISTORIA <\/a><\/div>\n                    <\/div><\/div><\/div>\n        <\/div>\n    <\/article><\/div>\n            <div class=\"clearfix\"><\/div>\n        <\/div>\t\t\t\t<\/div>\n\t\t\t\t\t<\/div>\n\t\t\t\t<\/div>\n\t\t\t\t<\/div>\n\t\t","protected":false},"excerpt":{"rendered":"<p>Providence, Rhode Island, se prepara para vestirse con los colores, sonidos y sabores chapines. El pr\u00f3ximo domingo 7 de septiembre de 2025 se celebrar\u00e1 el Festival Guatemala 2025. El Templo de la M\u00fasica del Roger Williams Park, en Providence, Rhode Island, se convertir\u00e1 en punto de encuentro, expresi\u00f3n y hermandad para guatemaltecos radicados en dicho [&hellip;]<\/p>\n","protected":false},"author":7,"featured_media":43595,"comment_status":"open","ping_status":"open","sticky":false,"template":"","format":"standard","meta":{"_acf_changed":false,"_eb_attr":"","footnotes":""},"categories":[54],"tags":[],"class_list":["post-43588","post","type-post","status-publish","format-standard","has-post-thumbnail","hentry","category-estamos-unidos"],"acf":[],"aioseo_notices":[],"aioseo_head":"\n\t\t<!-- All in One SEO Pro 4.9.6.2 - aioseo.com -->\n\t<meta name=\"description\" content=\"Zacapaneca sirve como traductora comunitaria desde la secundaria, es asistente de laboratorio cl\u00ednico y participa en el certamen Mrs. Rhode Island. Ap\u00f3yala.\" \/>\n\t<meta name=\"robots\" content=\"max-snippet:-1, max-image-preview:large, max-video-preview:-1\" \/>\n\t<meta name=\"author\" content=\"Gustavo Montenegro\"\/>\n\t<link rel=\"canonical\" href=\"https:\/\/soymigrante.com\/revista\/brenda-estrada-traduce-valores-en-acciones-y-la-belleza-en-servicio-a-la-comunidad\/\" \/>\n\t<meta name=\"generator\" content=\"All in One SEO Pro (AIOSEO) 4.9.6.2\" \/>\n\n\t\t<link rel=\"preconnect\" href=\"https:\/\/fonts.googleapis.com\" crossorigin>\n<link rel=\"preconnect\" href=\"https:\/\/fonts.gstatic.com\" crossorigin>\n\t\t<meta property=\"og:locale\" content=\"es_ES\" \/>\n\t\t<meta property=\"og:site_name\" content=\"SoyMigrante.com REVISTA \u2013 Nuestra misi\u00f3n es reconocer y dignificar al migrante.\" \/>\n\t\t<meta property=\"og:type\" content=\"article\" \/>\n\t\t<meta property=\"og:title\" content=\"Brenda Estrada traduce valores en actitudes en Rhode Island\" \/>\n\t\t<meta property=\"og:description\" content=\"Zacapaneca sirve como traductora comunitaria desde la secundaria, es asistente de laboratorio cl\u00ednico y participa en el certamen Mrs. Rhode Island. Ap\u00f3yala.\" \/>\n\t\t<meta property=\"og:url\" content=\"https:\/\/soymigrante.com\/revista\/brenda-estrada-traduce-valores-en-acciones-y-la-belleza-en-servicio-a-la-comunidad\/\" \/>\n\t\t<meta property=\"og:image\" content=\"https:\/\/soymigrante.com\/revista\/wp-content\/uploads\/2025\/03\/brenda-estrada.webp\" \/>\n\t\t<meta property=\"og:image:secure_url\" content=\"https:\/\/soymigrante.com\/revista\/wp-content\/uploads\/2025\/03\/brenda-estrada.webp\" \/>\n\t\t<meta property=\"og:image:width\" content=\"1080\" \/>\n\t\t<meta property=\"og:image:height\" content=\"1080\" \/>\n\t\t<meta property=\"article:published_time\" content=\"2025-03-31T15:52:01+00:00\" \/>\n\t\t<meta property=\"article:modified_time\" content=\"2026-03-05T22:15:44+00:00\" \/>\n\t\t<meta property=\"article:publisher\" content=\"https:\/\/www.facebook.com\/soymigrantecom\" \/>\n\t\t<meta name=\"twitter:card\" content=\"summary_large_image\" \/>\n\t\t<meta name=\"twitter:site\" content=\"@SoyMigrante_com\" \/>\n\t\t<meta name=\"twitter:title\" content=\"Brenda Estrada traduce valores en actitudes en Rhode Island\" \/>\n\t\t<meta name=\"twitter:description\" content=\"Zacapaneca sirve como traductora comunitaria desde la secundaria, es asistente de laboratorio cl\u00ednico y participa en el certamen Mrs. Rhode Island. Ap\u00f3yala.\" \/>\n\t\t<meta name=\"twitter:creator\" content=\"@SoyMigrante_com\" \/>\n\t\t<meta name=\"twitter:image\" content=\"https:\/\/soymigrante.com\/revista\/wp-content\/uploads\/2025\/03\/brenda-estrada.webp\" \/>\n\t\t<!-- All in One SEO Pro -->\r\n\t\t<title>Brenda Estrada traduce valores en actitudes en Rhode Island<\/title>\n\n","aioseo_head_json":{"title":"Brenda Estrada traduce valores en actitudes en Rhode Island","description":"Zacapaneca sirve como traductora comunitaria desde la secundaria, es asistente de laboratorio cl\u00ednico y participa en el certamen Mrs. Rhode Island. Ap\u00f3yala.","canonical_url":"https:\/\/soymigrante.com\/revista\/brenda-estrada-traduce-valores-en-acciones-y-la-belleza-en-servicio-a-la-comunidad\/","robots":"max-snippet:-1, max-image-preview:large, max-video-preview:-1","keywords":"","webmasterTools":{"miscellaneous":"&lt;link rel=\"preconnect\" href=\"https:\/\/fonts.googleapis.com\" crossorigin&gt;\n&lt;link rel=\"preconnect\" href=\"https:\/\/fonts.gstatic.com\" crossorigin&gt;"},"schema":null,"og:locale":"es_ES","og:site_name":"SoyMigrante.com REVISTA \u2013 Nuestra misi\u00f3n es reconocer y dignificar al migrante.","og:type":"article","og:title":"Brenda Estrada traduce valores en actitudes en Rhode Island","og:description":"Zacapaneca sirve como traductora comunitaria desde la secundaria, es asistente de laboratorio cl\u00ednico y participa en el certamen Mrs. Rhode Island. Ap\u00f3yala.","og:url":"https:\/\/soymigrante.com\/revista\/brenda-estrada-traduce-valores-en-acciones-y-la-belleza-en-servicio-a-la-comunidad\/","og:image":"https:\/\/soymigrante.com\/revista\/wp-content\/uploads\/2025\/03\/brenda-estrada.webp","og:image:secure_url":"https:\/\/soymigrante.com\/revista\/wp-content\/uploads\/2025\/03\/brenda-estrada.webp","og:image:width":1080,"og:image:height":1080,"article:published_time":"2025-03-31T15:52:01+00:00","article:modified_time":"2026-03-05T22:15:44+00:00","article:publisher":"https:\/\/www.facebook.com\/soymigrantecom","twitter:card":"summary_large_image","twitter:site":"@SoyMigrante_com","twitter:title":"Brenda Estrada traduce valores en actitudes en Rhode Island","twitter:description":"Zacapaneca sirve como traductora comunitaria desde la secundaria, es asistente de laboratorio cl\u00ednico y participa en el certamen Mrs. Rhode Island. Ap\u00f3yala.","twitter:creator":"@SoyMigrante_com","twitter:image":"https:\/\/soymigrante.com\/revista\/wp-content\/uploads\/2025\/03\/brenda-estrada.webp"},"aioseo_meta_data":{"post_id":"43588","title":"Festival Guatemala 2025 el 7 de septiembre en Rhode Island","description":"Impulsado por el Guatemalan Center de New England, este encuentro con motivo de las fiestas de septiembre ser\u00e1 el domingo 7 en Providence, Rhode Island.","keywords":null,"keyphrases":{"focus":{"keyphrase":"Festival","score":82,"analysis":{"keyphraseInTitle":{"score":9,"maxScore":9,"error":0},"keyphraseInDescription":{"score":3,"maxScore":9,"error":1},"keyphraseLength":{"score":9,"maxScore":9,"error":0,"length":1},"keyphraseInURL":{"score":5,"maxScore":5,"error":0},"keyphraseInIntroduction":{"score":9,"maxScore":9,"error":0},"keyphraseInSubHeadings":{"score":3,"maxScore":9,"error":1},"keyphraseInImageAlt":{"score":9,"maxScore":9,"error":0},"keywordDensity":{"type":"best","score":9,"maxScore":9,"error":0}}},"additional":[{"keyphrase":"Guatemala","score":87,"analysis":{"keyphraseInDescription":{"score":3,"maxScore":9,"error":1},"keyphraseLength":{"score":9,"maxScore":9,"error":0,"length":1},"keyphraseInIntroduction":{"score":9,"maxScore":9,"error":0},"keyphraseInImageAlt":{"score":9,"maxScore":9,"error":0},"keywordDensity":{"type":"best","score":9,"maxScore":9,"error":0}}},{"keyphrase":"Rhode Island","score":100,"analysis":{"keyphraseInDescription":{"score":9,"maxScore":9,"error":0},"keyphraseLength":{"score":9,"maxScore":9,"error":0,"length":2},"keyphraseInIntroduction":{"score":9,"maxScore":9,"error":0},"keyphraseInImageAlt":{"score":9,"maxScore":9,"error":0},"keywordDensity":{"type":"best","score":9,"maxScore":9,"error":0}}}]},"primary_term":null,"canonical_url":null,"og_title":null,"og_description":null,"og_object_type":"default","og_image_type":"default","og_image_url":null,"og_image_width":null,"og_image_height":null,"og_image_custom_url":null,"og_image_custom_fields":null,"og_video":"","og_custom_url":null,"og_article_section":null,"og_article_tags":null,"twitter_use_og":false,"twitter_card":"default","twitter_image_type":"default","twitter_image_url":null,"twitter_image_custom_url":null,"twitter_image_custom_fields":null,"twitter_title":null,"twitter_description":null,"schema":{"blockGraphs":[],"customGraphs":[],"default":{"data":{"Article":[],"Course":[],"Dataset":[],"FAQPage":[],"Movie":[],"Person":[],"Product":[],"ProductReview":[],"Car":[],"Recipe":[],"Service":[],"SoftwareApplication":[],"WebPage":[]},"graphName":"none","isEnabled":true},"graphs":[]},"schema_type":"default","schema_type_options":null,"pillar_content":false,"robots_default":true,"robots_noindex":false,"robots_noarchive":false,"robots_nosnippet":false,"robots_nofollow":false,"robots_noimageindex":false,"robots_noodp":false,"robots_notranslate":false,"robots_max_snippet":"-1","robots_max_videopreview":"-1","robots_max_imagepreview":"large","priority":null,"frequency":"default","local_seo":null,"seo_analyzer_scan_date":"2025-10-09 08:15:42","breadcrumb_settings":null,"limit_modified_date":false,"reviewed_by":"0","open_ai":null,"ai":{"faqs":[],"keyPoints":[],"titles":[],"descriptions":[],"socialPosts":{"email":[],"linkedin":[],"twitter":[],"facebook":[],"instagram":[]}},"created":"2025-09-02 23:12:33","updated":"2026-02-05 04:34:41"},"aioseo_breadcrumb":"<div class=\"aioseo-breadcrumbs\"><span class=\"aioseo-breadcrumb\">\n\t<a href=\"https:\/\/soymigrante.com\/revista\" title=\"Home\">Home<\/a>\n<\/span><span class=\"aioseo-breadcrumb-separator\">\u00bb<\/span><span class=\"aioseo-breadcrumb\">\n\t<a href=\"https:\/\/soymigrante.com\/revista\/category\/estamos-unidos\/\" title=\"Estamos Unidos\">Estamos Unidos<\/a>\n<\/span><span class=\"aioseo-breadcrumb-separator\">\u00bb<\/span><span class=\"aioseo-breadcrumb\">\n\tTodo listo para el Festival Guatemala 2025 en Rhode Island el 7 de septiembre\n<\/span><\/div>","aioseo_breadcrumb_json":[{"label":"Home","link":"https:\/\/soymigrante.com\/revista"},{"label":"Estamos Unidos","link":"https:\/\/soymigrante.com\/revista\/category\/estamos-unidos\/"},{"label":"Todo listo para el Festival Guatemala 2025 en Rhode Island el 7 de septiembre","link":"https:\/\/soymigrante.com\/revista\/sigue-adelante-festival-guatemala-2025-en-rhode-island-el-7-de-septiembre\/"}],"_links":{"self":[{"href":"https:\/\/soymigrante.com\/revista\/wp-json\/wp\/v2\/posts\/43588","targetHints":{"allow":["GET"]}}],"collection":[{"href":"https:\/\/soymigrante.com\/revista\/wp-json\/wp\/v2\/posts"}],"about":[{"href":"https:\/\/soymigrante.com\/revista\/wp-json\/wp\/v2\/types\/post"}],"author":[{"embeddable":true,"href":"https:\/\/soymigrante.com\/revista\/wp-json\/wp\/v2\/users\/7"}],"replies":[{"embeddable":true,"href":"https:\/\/soymigrante.com\/revista\/wp-json\/wp\/v2\/comments?post=43588"}],"version-history":[{"count":6,"href":"https:\/\/soymigrante.com\/revista\/wp-json\/wp\/v2\/posts\/43588\/revisions"}],"predecessor-version":[{"id":43606,"href":"https:\/\/soymigrante.com\/revista\/wp-json\/wp\/v2\/posts\/43588\/revisions\/43606"}],"wp:featuredmedia":[{"embeddable":true,"href":"https:\/\/soymigrante.com\/revista\/wp-json\/wp\/v2\/media\/43595"}],"wp:attachment":[{"href":"https:\/\/soymigrante.com\/revista\/wp-json\/wp\/v2\/media?parent=43588"}],"wp:term":[{"taxonomy":"category","embeddable":true,"href":"https:\/\/soymigrante.com\/revista\/wp-json\/wp\/v2\/categories?post=43588"},{"taxonomy":"post_tag","embeddable":true,"href":"https:\/\/soymigrante.com\/revista\/wp-json\/wp\/v2\/tags?post=43588"}],"curies":[{"name":"wp","href":"https:\/\/api.w.org\/{rel}","templated":true}]}}