{"id":43507,"date":"2025-09-09T18:28:36","date_gmt":"2025-09-10T00:28:36","guid":{"rendered":"https:\/\/soymigrante.com\/revista\/?p=43507"},"modified":"2025-09-17T17:47:53","modified_gmt":"2025-09-17T23:47:53","slug":"arte-guatemalteco-roberto-gonzalez-goyri-retrato-el-alma-multicultural-del-pais","status":"publish","type":"post","link":"https:\/\/soymigrante.com\/revista\/arte-guatemalteco-roberto-gonzalez-goyri-retrato-el-alma-multicultural-del-pais\/","title":{"rendered":"Mira arte guatemalteco: Roberto Gonz\u00e1lez Goyri retrat\u00f3 el alma multicultural del pa\u00eds"},"content":{"rendered":"\t\t<div data-elementor-type=\"wp-post\" data-elementor-id=\"43507\" class=\"elementor elementor-43507\" data-elementor-post-type=\"post\">\n\t\t\t\t<div data-particle_enable=\"false\" data-particle-mobile-disabled=\"false\" class=\"elementor-element elementor-element-6680ce1 e-flex e-con-boxed e-con e-parent\" data-id=\"6680ce1\" data-element_type=\"container\" data-e-type=\"container\">\n\t\t\t\t\t<div class=\"e-con-inner\">\n\t\t\t\t<div class=\"elementor-element elementor-element-3a458f9 elementor-widget elementor-widget-heading\" data-id=\"3a458f9\" data-element_type=\"widget\" data-e-type=\"widget\" data-widget_type=\"heading.default\">\n\t\t\t\t\t<h2 class=\"elementor-heading-title elementor-size-default\">La huella de Roberto Gonz\u00e1lez Goyri  est\u00e1 en calles, museos, galer\u00edas, libros pero sobre todo en la memoria de millones de guatemaltecos que han pasado ante algunas de sus grandes obras.<\/h2>\t\t\t\t<\/div>\n\t\t\t\t<div class=\"elementor-element elementor-element-2996c91 elementor-widget elementor-widget-html\" data-id=\"2996c91\" data-element_type=\"widget\" data-e-type=\"widget\" data-widget_type=\"html.default\">\n\t\t\t\t\t<div id=\"buzzsprout-player-17863825\"><\/div><script src=\"https:\/\/www.buzzsprout.com\/2444168\/episodes\/17863825-maestros-del-arte-guatemalteco-roberto-gonzalez-goyri.js?container_id=buzzsprout-player-17863825&player=small\" type=\"text\/javascript\" charset=\"utf-8\"><\/script>\t\t\t\t<\/div>\n\t\t\t\t\t<\/div>\n\t\t\t\t<\/div>\n\t\t<div data-particle_enable=\"false\" data-particle-mobile-disabled=\"false\" class=\"elementor-element elementor-element-7f0c0a7 e-flex e-con-boxed e-con e-parent\" data-id=\"7f0c0a7\" data-element_type=\"container\" data-e-type=\"container\">\n\t\t\t\t\t<div class=\"e-con-inner\">\n\t\t\t\t<div class=\"elementor-element elementor-element-1a96d27 elementor-widget elementor-widget-text-editor\" data-id=\"1a96d27\" data-element_type=\"widget\" data-e-type=\"widget\" data-widget_type=\"text-editor.default\">\n\t\t\t\t\t\t\t\t\t<p><a href=\"https:\/\/www.facebook.com\/GonzalezGoyri\" target=\"_blank\" rel=\"noopener\">Roberto Gonz\u00e1lez Goyri<\/a> fue uno de los m\u00e1s grandes exponentes del arte guatemalteco del siglo XX. Escultor, pintor y muralista, dej\u00f3 un legado que transform\u00f3 la manera en que el pa\u00eds mira y entiende sus expresiones art\u00edsticas.<\/p><p>Naci\u00f3 en la ciudad de Guatemala en 1924 y desde muy joven mostr\u00f3 inclinaci\u00f3n por el dibujo y la escultura. A los 14 a\u00f1os ingres\u00f3 a la Escuela Nacional de Artes Pl\u00e1sticas, donde comenz\u00f3 a pulir su talento. Su carrera lo llev\u00f3 m\u00e1s all\u00e1 de las fronteras: estudi\u00f3 en Nueva York y expuso su obra en galer\u00edas internacionales, lo que lo convirti\u00f3 en uno de los artistas guatemaltecos m\u00e1s reconocidos fuera del pa\u00eds.<\/p>\t\t\t\t\t\t\t\t<\/div>\n\t\t\t\t\t<\/div>\n\t\t\t\t<\/div>\n\t\t<div data-particle_enable=\"false\" data-particle-mobile-disabled=\"false\" class=\"elementor-element elementor-element-7786976 e-flex e-con-boxed e-con e-parent\" data-id=\"7786976\" data-element_type=\"container\" data-e-type=\"container\">\n\t\t\t\t\t<div class=\"e-con-inner\">\n\t\t\t\t<div class=\"elementor-element elementor-element-df7ed47 elementor-widget elementor-widget-image\" data-id=\"df7ed47\" data-element_type=\"widget\" data-e-type=\"widget\" data-widget_type=\"image.default\">\n\t\t\t\t\t\t\t\t\t\t\t\t<figure class=\"wp-caption\">\n\t\t\t\t\t\t\t\t\t\t<img fetchpriority=\"high\" decoding=\"async\" width=\"768\" height=\"1024\" src=\"https:\/\/soymigrante.com\/revista\/wp-content\/uploads\/2025\/09\/Roberto-Gonzalez-Goyri5-768x1024.jpeg\" class=\"attachment-large size-large wp-image-43513\" alt=\"Roberto Gonz\u00e1lez Goyri fue uno de los muralistas del Banco de Guatemala.\" srcset=\"https:\/\/soymigrante.com\/revista\/wp-content\/uploads\/2025\/09\/Roberto-Gonzalez-Goyri5-768x1024.jpeg 768w, https:\/\/soymigrante.com\/revista\/wp-content\/uploads\/2025\/09\/Roberto-Gonzalez-Goyri5-225x300.jpeg 225w, https:\/\/soymigrante.com\/revista\/wp-content\/uploads\/2025\/09\/Roberto-Gonzalez-Goyri5-750x1000.jpeg 750w, https:\/\/soymigrante.com\/revista\/wp-content\/uploads\/2025\/09\/Roberto-Gonzalez-Goyri5.jpeg 960w\" sizes=\"(max-width: 768px) 100vw, 768px\" title=\"Roberto Gonz\u00e1lez Goyri fue uno de los muralistas del Banco de Guatemala. \u2013 SoyMigrante.com REVISTA\" \/>\t\t\t\t\t\t\t\t\t\t\t<figcaption class=\"widget-image-caption wp-caption-text\">Roberto Gonz\u00e1lez Goyri fue uno de los muralistas del Banco de Guatemala.  Millones de guatemaltecos de varias generaciones han visto su obra y quiz\u00e1 no conocen el nombre del autor. Pero all\u00ed est\u00e1, demostrando creatividad y multiculturalidad.<\/figcaption>\n\t\t\t\t\t\t\t\t\t\t<\/figure>\n\t\t\t\t\t\t\t\t\t<\/div>\n\t\t\t\t\t<\/div>\n\t\t\t\t<\/div>\n\t\t<div data-particle_enable=\"false\" data-particle-mobile-disabled=\"false\" class=\"elementor-element elementor-element-a7f9bfd e-flex e-con-boxed e-con e-parent\" data-id=\"a7f9bfd\" data-element_type=\"container\" data-e-type=\"container\">\n\t\t\t\t\t<div class=\"e-con-inner\">\n\t\t\t\t<div class=\"elementor-element elementor-element-d056c89 elementor-widget elementor-widget-heading\" data-id=\"d056c89\" data-element_type=\"widget\" data-e-type=\"widget\" data-widget_type=\"heading.default\">\n\t\t\t\t\t<h3 class=\"elementor-heading-title elementor-size-default\">Un artista completo<\/h3>\t\t\t\t<\/div>\n\t\t\t\t\t<\/div>\n\t\t\t\t<\/div>\n\t\t<div data-particle_enable=\"false\" data-particle-mobile-disabled=\"false\" class=\"elementor-element elementor-element-34caa32 e-flex e-con-boxed e-con e-parent\" data-id=\"34caa32\" data-element_type=\"container\" data-e-type=\"container\">\n\t\t\t\t\t<div class=\"e-con-inner\">\n\t\t\t\t<div class=\"elementor-element elementor-element-af41a4c elementor-widget elementor-widget-text-editor\" data-id=\"af41a4c\" data-element_type=\"widget\" data-e-type=\"widget\" data-widget_type=\"text-editor.default\">\n\t\t\t\t\t\t\t\t\t<p><a href=\"https:\/\/www.facebook.com\/GonzalezGoyri\" target=\"_blank\" rel=\"noopener\">Gonz\u00e1lez Goyri se destac\u00f3 en varias disciplinas.<\/a> Fue autor de importantes murales y esculturas p\u00fablicas que a\u00fan embellecen la ciudad de Guatemala. Su obra m\u00e1s emblem\u00e1tica y enorme es el mural del lado poniente del Banco de Guatemala.<\/p><p>No tiene t\u00edtulo y sus formas, abstractas parecen aludir o semejarse a una estela maya, pero con interpretaci\u00f3n art\u00edstica moderna. &#8220;Gonz\u00e1lez Goyri trabaja con la armon\u00eda de la imaginaci\u00f3n y del c\u00e1lculo. (\u2026) Es interesante c\u00f3mo da soluciones y resuelve el problema de la luz y de la sombra que se crea con el relieve. El autor divide en tres partes la altura del mural y no le da el mismo grosor a los relieves, as\u00ed como a la medida de las formas\u201d, explic\u00f3 la cr\u00edtica de arte Irma Lorenzana de Luj\u00e1n en su tesis \u201cEl mural en Guatemala\u201d.<\/p>\t\t\t\t\t\t\t\t<\/div>\n\t\t\t\t\t<\/div>\n\t\t\t\t<\/div>\n\t\t<div data-particle_enable=\"false\" data-particle-mobile-disabled=\"false\" class=\"elementor-element elementor-element-cee2949 e-flex e-con-boxed e-con e-parent\" data-id=\"cee2949\" data-element_type=\"container\" data-e-type=\"container\">\n\t\t\t\t\t<div class=\"e-con-inner\">\n\t\t\t\t<div class=\"elementor-element elementor-element-2af54da elementor-widget elementor-widget-image\" data-id=\"2af54da\" data-element_type=\"widget\" data-e-type=\"widget\" data-widget_type=\"image.default\">\n\t\t\t\t\t\t\t\t\t\t\t\t<figure class=\"wp-caption\">\n\t\t\t\t\t\t\t\t\t\t<img decoding=\"async\" width=\"900\" height=\"1024\" src=\"https:\/\/soymigrante.com\/revista\/wp-content\/uploads\/2025\/09\/Roberto-Gonzalez-Goyri7-900x1024.jpeg\" class=\"attachment-large size-large wp-image-43512\" alt=\"Roberto Gonz\u00e1lez Goyri es el autor de la famosa escultura de Tec\u00fan Um\u00e1n que se encuentra en las proximidades del zool\u00f3gico y del aeropuerto La Aurora.\" srcset=\"https:\/\/soymigrante.com\/revista\/wp-content\/uploads\/2025\/09\/Roberto-Gonzalez-Goyri7-900x1024.jpeg 900w, https:\/\/soymigrante.com\/revista\/wp-content\/uploads\/2025\/09\/Roberto-Gonzalez-Goyri7-264x300.jpeg 264w, https:\/\/soymigrante.com\/revista\/wp-content\/uploads\/2025\/09\/Roberto-Gonzalez-Goyri7-768x874.jpeg 768w, https:\/\/soymigrante.com\/revista\/wp-content\/uploads\/2025\/09\/Roberto-Gonzalez-Goyri7-750x853.jpeg 750w, https:\/\/soymigrante.com\/revista\/wp-content\/uploads\/2025\/09\/Roberto-Gonzalez-Goyri7.jpeg 1125w\" sizes=\"(max-width: 900px) 100vw, 900px\" title=\"Roberto Gonz\u00e1lez Goyri es  el autor de la famosa escultura de Tec\u00fan Um\u00e1n que se encuentra en las proximidades del zool\u00f3gico y del aeropuerto La Aurora. \u2013 SoyMigrante.com REVISTA\" \/>\t\t\t\t\t\t\t\t\t\t\t<figcaption class=\"widget-image-caption wp-caption-text\">Roberto Gonz\u00e1lez Goyri es  el autor de la famosa escultura de Tec\u00fan Um\u00e1n que se encuentra en las proximidades del zool\u00f3gico y del aeropuerto La Aurora.<\/figcaption>\n\t\t\t\t\t\t\t\t\t\t<\/figure>\n\t\t\t\t\t\t\t\t\t<\/div>\n\t\t\t\t\t<\/div>\n\t\t\t\t<\/div>\n\t\t<div data-particle_enable=\"false\" data-particle-mobile-disabled=\"false\" class=\"elementor-element elementor-element-a512dda e-flex e-con-boxed e-con e-parent\" data-id=\"a512dda\" data-element_type=\"container\" data-e-type=\"container\">\n\t\t\t\t\t<div class=\"e-con-inner\">\n\t\t\t\t<div class=\"elementor-element elementor-element-714be99 elementor-widget elementor-widget-heading\" data-id=\"714be99\" data-element_type=\"widget\" data-e-type=\"widget\" data-widget_type=\"heading.default\">\n\t\t\t\t\t<h3 class=\"elementor-heading-title elementor-size-default\">Reconocimientos<\/h3>\t\t\t\t<\/div>\n\t\t\t\t\t<\/div>\n\t\t\t\t<\/div>\n\t\t<div data-particle_enable=\"false\" data-particle-mobile-disabled=\"false\" class=\"elementor-element elementor-element-cd45798 e-flex e-con-boxed e-con e-parent\" data-id=\"cd45798\" data-element_type=\"container\" data-e-type=\"container\">\n\t\t\t\t\t<div class=\"e-con-inner\">\n\t\t\t\t<div class=\"elementor-element elementor-element-2fd47f0 elementor-widget elementor-widget-text-editor\" data-id=\"2fd47f0\" data-element_type=\"widget\" data-e-type=\"widget\" data-widget_type=\"text-editor.default\">\n\t\t\t\t\t\t\t\t\t<p>En vida recibi\u00f3 numerosos premios y reconocimientos, tanto en Guatemala como en el extranjero. Su trabajo fue valorado por su innovaci\u00f3n, su fuerza expresiva y su capacidad para reflejar la identidad nacional en formas contempor\u00e1neas.<\/p>\t\t\t\t\t\t\t\t<\/div>\n\t\t\t\t\t<\/div>\n\t\t\t\t<\/div>\n\t\t<div data-particle_enable=\"false\" data-particle-mobile-disabled=\"false\" class=\"elementor-element elementor-element-4a3f9e3 e-flex e-con-boxed e-con e-parent\" data-id=\"4a3f9e3\" data-element_type=\"container\" data-e-type=\"container\">\n\t\t\t\t\t<div class=\"e-con-inner\">\n\t\t\t\t<div class=\"elementor-element elementor-element-a4144bc elementor-widget elementor-widget-image\" data-id=\"a4144bc\" data-element_type=\"widget\" data-e-type=\"widget\" data-widget_type=\"image.default\">\n\t\t\t\t\t\t\t\t\t\t\t\t<figure class=\"wp-caption\">\n\t\t\t\t\t\t\t\t\t\t<img decoding=\"async\" width=\"1024\" height=\"632\" src=\"https:\/\/soymigrante.com\/revista\/wp-content\/uploads\/2025\/09\/fotos-75-1024x632.jpg\" class=\"attachment-large size-large wp-image-45263\" alt=\"Mural Nacionalidad Guatemalteca, de Roberto Gonz\u00e1lez Goyri, frente a la sede central del Instituto Guatemalteco de Seguridad Social, IGSS, en el Centro C\u00edvico de Guatemala.\" srcset=\"https:\/\/soymigrante.com\/revista\/wp-content\/uploads\/2025\/09\/fotos-75-1024x632.jpg 1024w, https:\/\/soymigrante.com\/revista\/wp-content\/uploads\/2025\/09\/fotos-75-300x185.jpg 300w, https:\/\/soymigrante.com\/revista\/wp-content\/uploads\/2025\/09\/fotos-75-768x474.jpg 768w, https:\/\/soymigrante.com\/revista\/wp-content\/uploads\/2025\/09\/fotos-75-750x463.jpg 750w, https:\/\/soymigrante.com\/revista\/wp-content\/uploads\/2025\/09\/fotos-75-1140x704.jpg 1140w, https:\/\/soymigrante.com\/revista\/wp-content\/uploads\/2025\/09\/fotos-75.jpg 1226w\" sizes=\"(max-width: 1024px) 100vw, 1024px\" title=\"Mural Nacionalidad Guatemalteca, de Roberto Gonz\u00e1lez Goyri, frente a la sede central del Instituto Guatemalteco de Seguridad Social, IGSS, en el Centro C\u00edvico de Guatemala. \u2013 SoyMigrante.com REVISTA\" \/>\t\t\t\t\t\t\t\t\t\t\t<figcaption class=\"widget-image-caption wp-caption-text\">Mural Nacionalidad Guatemalteca, de Roberto Gonz\u00e1lez Goyri, frente a la sede central del Instituto Guatemalteco de Seguridad Social, IGSS, en el Centro C\u00edvico de Guatemala.<\/figcaption>\n\t\t\t\t\t\t\t\t\t\t<\/figure>\n\t\t\t\t\t\t\t\t\t<\/div>\n\t\t\t\t\t<\/div>\n\t\t\t\t<\/div>\n\t\t<div data-particle_enable=\"false\" data-particle-mobile-disabled=\"false\" class=\"elementor-element elementor-element-a397db4 e-flex e-con-boxed e-con e-parent\" data-id=\"a397db4\" data-element_type=\"container\" data-e-type=\"container\">\n\t\t\t\t\t<div class=\"e-con-inner\">\n\t\t\t\t<div class=\"elementor-element elementor-element-25db8de elementor-widget elementor-widget-heading\" data-id=\"25db8de\" data-element_type=\"widget\" data-e-type=\"widget\" data-widget_type=\"heading.default\">\n\t\t\t\t\t<h3 class=\"elementor-heading-title elementor-size-default\">Legado<\/h3>\t\t\t\t<\/div>\n\t\t\t\t\t<\/div>\n\t\t\t\t<\/div>\n\t\t<div data-particle_enable=\"false\" data-particle-mobile-disabled=\"false\" class=\"elementor-element elementor-element-78b22c5 e-flex e-con-boxed e-con e-parent\" data-id=\"78b22c5\" data-element_type=\"container\" data-e-type=\"container\">\n\t\t\t\t\t<div class=\"e-con-inner\">\n\t\t\t\t<div class=\"elementor-element elementor-element-f6f07df elementor-widget elementor-widget-text-editor\" data-id=\"f6f07df\" data-element_type=\"widget\" data-e-type=\"widget\" data-widget_type=\"text-editor.default\">\n\t\t\t\t\t\t\t\t\t<p>La importancia de <a href=\"https:\/\/www.facebook.com\/GonzalezGoyri\" target=\"_blank\" rel=\"noopener\">Roberto Gonz\u00e1lez Goyri<\/a> radica en que supo conectar el arte tradicional con las tendencias modernas de su tiempo. Sus murales, esculturas y pinturas no solo adornan espacios, sino que cuentan historias y transmiten mensajes que siguen vigentes.<\/p><p>Muri\u00f3 en 2007, pero su obra contin\u00faa siendo estudiada, admirada y celebrada, tanto en Guatemala como en el \u00e1mbito internacional. Para muchos, Gonz\u00e1lez Goyri no solo fue un artista, sino un s\u00edmbolo del arte guatemalteco del siglo XX.<\/p>\t\t\t\t\t\t\t\t<\/div>\n\t\t\t\t\t<\/div>\n\t\t\t\t<\/div>\n\t\t<div data-particle_enable=\"false\" data-particle-mobile-disabled=\"false\" class=\"elementor-element elementor-element-52caa03 e-flex e-con-boxed e-con e-parent\" data-id=\"52caa03\" data-element_type=\"container\" data-e-type=\"container\">\n\t\t\t\t\t<div class=\"e-con-inner\">\n\t\t\t\t<div class=\"elementor-element elementor-element-6ea1b66 elementor-widget elementor-widget-image\" data-id=\"6ea1b66\" data-element_type=\"widget\" data-e-type=\"widget\" data-widget_type=\"image.default\">\n\t\t\t\t\t\t\t\t\t\t\t\t<figure class=\"wp-caption\">\n\t\t\t\t\t\t\t\t\t\t<img loading=\"lazy\" decoding=\"async\" width=\"784\" height=\"1024\" src=\"https:\/\/soymigrante.com\/revista\/wp-content\/uploads\/2025\/09\/Roberto-Gonzalez-Goyri4-784x1024.jpeg\" class=\"attachment-large size-large wp-image-43514\" alt=\"Roberto Gonz\u00e1lez Goyri su arte estaba lleno de s\u00edmbolos.\" srcset=\"https:\/\/soymigrante.com\/revista\/wp-content\/uploads\/2025\/09\/Roberto-Gonzalez-Goyri4-784x1024.jpeg 784w, https:\/\/soymigrante.com\/revista\/wp-content\/uploads\/2025\/09\/Roberto-Gonzalez-Goyri4-230x300.jpeg 230w, https:\/\/soymigrante.com\/revista\/wp-content\/uploads\/2025\/09\/Roberto-Gonzalez-Goyri4-768x1003.jpeg 768w, https:\/\/soymigrante.com\/revista\/wp-content\/uploads\/2025\/09\/Roberto-Gonzalez-Goyri4-750x980.jpeg 750w, https:\/\/soymigrante.com\/revista\/wp-content\/uploads\/2025\/09\/Roberto-Gonzalez-Goyri4.jpeg 980w\" sizes=\"(max-width: 784px) 100vw, 784px\" title=\"Roberto Gonz\u00e1lez Goyri su arte estaba lleno de s\u00edmbolos. \u2013 SoyMigrante.com REVISTA\" \/>\t\t\t\t\t\t\t\t\t\t\t<figcaption class=\"widget-image-caption wp-caption-text\">Roberto Gonz\u00e1lez Goyri su arte est\u00e1 lleno de s\u00edmbolos.  <\/figcaption>\n\t\t\t\t\t\t\t\t\t\t<\/figure>\n\t\t\t\t\t\t\t\t\t<\/div>\n\t\t\t\t\t<\/div>\n\t\t\t\t<\/div>\n\t\t<div data-particle_enable=\"false\" data-particle-mobile-disabled=\"false\" class=\"elementor-element elementor-element-188e140 e-flex e-con-boxed e-con e-parent\" data-id=\"188e140\" data-element_type=\"container\" data-e-type=\"container\">\n\t\t\t\t\t<div class=\"e-con-inner\">\n\t\t\t\t<div class=\"elementor-element elementor-element-0b6039f elementor-widget elementor-widget-facebook-page\" data-id=\"0b6039f\" data-element_type=\"widget\" data-e-type=\"widget\" data-widget_type=\"facebook-page.default\">\n\t\t\t\t\t<div class=\"elementor-facebook-widget fb-page\" data-href=\"https:\/\/www.facebook.com\/GonzalezGoyri\" data-tabs=\"timeline\" data-height=\"500px\" data-width=\"500px\" data-small-header=\"false\" data-hide-cover=\"false\" data-show-facepile=\"true\" data-hide-cta=\"false\" style=\"min-height: 1px;height:500px\"><\/div>\t\t\t\t<\/div>\n\t\t\t\t\t<\/div>\n\t\t\t\t<\/div>\n\t\t<div data-particle_enable=\"false\" data-particle-mobile-disabled=\"false\" class=\"elementor-element elementor-element-7e5af4f e-flex e-con-boxed e-con e-parent\" data-id=\"7e5af4f\" data-element_type=\"container\" data-e-type=\"container\">\n\t\t\t\t\t<div class=\"e-con-inner\">\n\t\t\t\t<div class=\"elementor-element elementor-element-1ce87df elementor-widget elementor-widget-heading\" data-id=\"1ce87df\" data-element_type=\"widget\" data-e-type=\"widget\" data-widget_type=\"heading.default\">\n\t\t\t\t\t<h2 class=\"elementor-heading-title elementor-size-default\">Conoce m\u00e1s sobre otros artistas guatemaltecos, ac\u00e1...<\/h2>\t\t\t\t<\/div>\n\t\t\t\t\t<\/div>\n\t\t\t\t<\/div>\n\t\t<div data-particle_enable=\"false\" data-particle-mobile-disabled=\"false\" class=\"elementor-element elementor-element-c0e8453 e-flex e-con-boxed e-con e-parent\" data-id=\"c0e8453\" data-element_type=\"container\" data-e-type=\"container\">\n\t\t\t\t\t<div class=\"e-con-inner\">\n\t\t\t\t<div class=\"elementor-element elementor-element-f6e0ff9 elementor-grid-eael-col-3 elementor-grid-tablet-eael-col-2 elementor-grid-mobile-eael-col-1 elementor-widget elementor-widget-eael-post-grid\" data-id=\"f6e0ff9\" data-element_type=\"widget\" data-e-type=\"widget\" data-settings=\"{&quot;eael_post_grid_columns&quot;:&quot;eael-col-3&quot;,&quot;eael_post_grid_columns_tablet&quot;:&quot;eael-col-2&quot;,&quot;eael_post_grid_columns_mobile&quot;:&quot;eael-col-1&quot;}\" data-widget_type=\"eael-post-grid.default\">\n\t\t\t\t\t<div id=\"eael-post-grid-f6e0ff9\" class=\"eael-post-grid-container\">\n            <div class=\"eael-post-grid eael-post-appender eael-post-appender-f6e0ff9 eael-post-grid-style-one\" data-layout-mode=\"masonry\"><article class=\"eael-grid-post  eael-post-grid-column eael-pg-post-43122 category-arte-cultura\" data-id=\"43122\">\n        <div class=\"eael-grid-post-holder\">\n            <div class=\"eael-grid-post-holder-inner\"><div class=\"eael-entry-media\"><div class=\"eael-entry-overlay fade-in\"><i class=\"far fa-hand-pointer\" aria-hidden=\"true\"><\/i><a href=\"https:\/\/soymigrante.com\/revista\/mira-arte-guatemalteco-andres-curruchich-gran-iniciador-de-la-pintura-popular\/\"><\/a><\/div><div class=\"eael-entry-thumbnail \">\n                <img loading=\"lazy\" decoding=\"async\" width=\"853\" height=\"853\" src=\"https:\/\/soymigrante.com\/revista\/wp-content\/uploads\/2025\/08\/andres-curruchich-pintura-arte-guatemala.png\" class=\"attachment-large size-large wp-image-43225\" alt=\"Colores vibrantes y trajes tradicionales en una danza folcl\u00f3rica mexicana, celebrando cultura y patrimonio en SoyMigrante.com REVISTA.\" srcset=\"https:\/\/soymigrante.com\/revista\/wp-content\/uploads\/2025\/08\/andres-curruchich-pintura-arte-guatemala.png 853w, https:\/\/soymigrante.com\/revista\/wp-content\/uploads\/2025\/08\/andres-curruchich-pintura-arte-guatemala-300x300.png 300w, https:\/\/soymigrante.com\/revista\/wp-content\/uploads\/2025\/08\/andres-curruchich-pintura-arte-guatemala-150x150.png 150w, https:\/\/soymigrante.com\/revista\/wp-content\/uploads\/2025\/08\/andres-curruchich-pintura-arte-guatemala-768x768.png 768w, https:\/\/soymigrante.com\/revista\/wp-content\/uploads\/2025\/08\/andres-curruchich-pintura-arte-guatemala-75x75.png 75w, https:\/\/soymigrante.com\/revista\/wp-content\/uploads\/2025\/08\/andres-curruchich-pintura-arte-guatemala-750x750.png 750w\" sizes=\"(max-width: 853px) 100vw, 853px\" \/>\n            <\/div>\n        <\/div><div class=\"eael-entry-wrapper\"><header class=\"eael-entry-header\"><h2 class=\"eael-entry-title\"><a class=\"eael-grid-post-link\" href=\"https:\/\/soymigrante.com\/revista\/mira-arte-guatemalteco-andres-curruchich-gran-iniciador-de-la-pintura-popular\/\" title=\"Mira arte guatemalteco: Andr\u00e9s Curruchich, gran iniciador de la pintura popular\">Mira arte guatemalteco: Andr\u00e9s Curruchich, gran iniciador de la pintura popular<\/a><\/h2><\/header><div class=\"eael-entry-content\">\n                        <div class=\"eael-grid-post-excerpt\"><a href=\"https:\/\/soymigrante.com\/revista\/mira-arte-guatemalteco-andres-curruchich-gran-iniciador-de-la-pintura-popular\/\" class=\"eael-post-elements-readmore-btn\">CONOCE SU HISTORIA <\/a><\/div>\n                    <\/div><\/div><\/div>\n        <\/div>\n    <\/article><article class=\"eael-grid-post  eael-post-grid-column eael-pg-post-33014 category-exitos-guatemala\" data-id=\"33014\">\n        <div class=\"eael-grid-post-holder\">\n            <div class=\"eael-grid-post-holder-inner\"><div class=\"eael-entry-media\"><div class=\"eael-entry-overlay fade-in\"><i class=\"far fa-hand-pointer\" aria-hidden=\"true\"><\/i><a href=\"https:\/\/soymigrante.com\/revista\/artista-guatemalteca-sharley-rodriguez-vive-para-crear-y-crea-para-inspirar-en-nashville-tennessee\/\"><\/a><\/div><div class=\"eael-entry-thumbnail \">\n                <img loading=\"lazy\" decoding=\"async\" width=\"1024\" height=\"1024\" src=\"https:\/\/soymigrante.com\/revista\/wp-content\/uploads\/2025\/05\/shirley-rodriguez-pintora-guatemalteca-tennessee-cuadrada-1024x1024.jpg\" class=\"attachment-large size-large wp-image-33015\" alt=\"Coj\u00edn de piel con pintura art\u00edstica que representa la cultura y paisajes de M\u00e9xico, con tem\u00e1tica de migrantes y ra\u00edces mexicanas.\" srcset=\"https:\/\/soymigrante.com\/revista\/wp-content\/uploads\/2025\/05\/shirley-rodriguez-pintora-guatemalteca-tennessee-cuadrada-1024x1024.jpg 1024w, https:\/\/soymigrante.com\/revista\/wp-content\/uploads\/2025\/05\/shirley-rodriguez-pintora-guatemalteca-tennessee-cuadrada-300x300.jpg 300w, https:\/\/soymigrante.com\/revista\/wp-content\/uploads\/2025\/05\/shirley-rodriguez-pintora-guatemalteca-tennessee-cuadrada-150x150.jpg 150w, https:\/\/soymigrante.com\/revista\/wp-content\/uploads\/2025\/05\/shirley-rodriguez-pintora-guatemalteca-tennessee-cuadrada-768x768.jpg 768w, https:\/\/soymigrante.com\/revista\/wp-content\/uploads\/2025\/05\/shirley-rodriguez-pintora-guatemalteca-tennessee-cuadrada-75x75.webp 75w, https:\/\/soymigrante.com\/revista\/wp-content\/uploads\/2025\/05\/shirley-rodriguez-pintora-guatemalteca-tennessee-cuadrada-750x750.webp 750w, https:\/\/soymigrante.com\/revista\/wp-content\/uploads\/2025\/05\/shirley-rodriguez-pintora-guatemalteca-tennessee-cuadrada.webp 1094w\" sizes=\"(max-width: 1024px) 100vw, 1024px\" \/>\n            <\/div>\n        <\/div><div class=\"eael-entry-wrapper\"><header class=\"eael-entry-header\"><h2 class=\"eael-entry-title\"><a class=\"eael-grid-post-link\" href=\"https:\/\/soymigrante.com\/revista\/artista-guatemalteca-sharley-rodriguez-vive-para-crear-y-crea-para-inspirar-en-nashville-tennessee\/\" title=\"Artista guatemalteca Sharley Rodr\u00edguez vive para crear y crea para inspirar en Nashville, Tennessee\">Artista guatemalteca Sharley Rodr\u00edguez vive para crear y crea para inspirar en Nashville, Tennessee<\/a><\/h2><\/header><div class=\"eael-entry-content\">\n                        <div class=\"eael-grid-post-excerpt\"><a href=\"https:\/\/soymigrante.com\/revista\/artista-guatemalteca-sharley-rodriguez-vive-para-crear-y-crea-para-inspirar-en-nashville-tennessee\/\" class=\"eael-post-elements-readmore-btn\">CONOCE SU HISTORIA <\/a><\/div>\n                    <\/div><\/div><\/div>\n        <\/div>\n    <\/article><article class=\"eael-grid-post  eael-post-grid-column eael-pg-post-43891 category-arte-cultura-guate-nuestra\" data-id=\"43891\">\n        <div class=\"eael-grid-post-holder\">\n            <div class=\"eael-grid-post-holder-inner\"><div class=\"eael-entry-media\"><div class=\"eael-entry-overlay fade-in\"><i class=\"far fa-hand-pointer\" aria-hidden=\"true\"><\/i><a href=\"https:\/\/soymigrante.com\/revista\/mira-arte-guatemalteco-la-mirada-magica-de-rina-lazo\/\"><\/a><\/div><div class=\"eael-entry-thumbnail \">\n                <img loading=\"lazy\" decoding=\"async\" width=\"500\" height=\"500\" src=\"https:\/\/soymigrante.com\/revista\/wp-content\/uploads\/2025\/09\/Rina-lazo-2.jpg\" class=\"attachment-large size-large wp-image-43892\" alt=\"Rina Lazo: El trazo de una identidad mesoamericana\" srcset=\"https:\/\/soymigrante.com\/revista\/wp-content\/uploads\/2025\/09\/Rina-lazo-2.jpg 500w, https:\/\/soymigrante.com\/revista\/wp-content\/uploads\/2025\/09\/Rina-lazo-2-300x300.jpg 300w, https:\/\/soymigrante.com\/revista\/wp-content\/uploads\/2025\/09\/Rina-lazo-2-150x150.jpg 150w, https:\/\/soymigrante.com\/revista\/wp-content\/uploads\/2025\/09\/Rina-lazo-2-75x75.jpg 75w\" sizes=\"(max-width: 500px) 100vw, 500px\" \/>\n            <\/div>\n        <\/div><div class=\"eael-entry-wrapper\"><header class=\"eael-entry-header\"><h2 class=\"eael-entry-title\"><a class=\"eael-grid-post-link\" href=\"https:\/\/soymigrante.com\/revista\/mira-arte-guatemalteco-la-mirada-magica-de-rina-lazo\/\" title=\"Mira arte guatemalteco: La mirada m\u00e1gica de Rina Lazo\">Mira arte guatemalteco: La mirada m\u00e1gica de Rina Lazo<\/a><\/h2><\/header><div class=\"eael-entry-content\">\n                        <div class=\"eael-grid-post-excerpt\"><a href=\"https:\/\/soymigrante.com\/revista\/mira-arte-guatemalteco-la-mirada-magica-de-rina-lazo\/\" class=\"eael-post-elements-readmore-btn\">CONOCE SU HISTORIA <\/a><\/div>\n                    <\/div><\/div><\/div>\n        <\/div>\n    <\/article><\/div>\n            <div class=\"clearfix\"><\/div>\n        <\/div>\t\t\t\t<\/div>\n\t\t\t\t\t<\/div>\n\t\t\t\t<\/div>\n\t\t\t\t<\/div>\n\t\t","protected":false},"excerpt":{"rendered":"<p>La huella de Roberto Gonz\u00e1lez Goyri est\u00e1 en calles, museos, galer\u00edas, libros pero sobre todo en la memoria de millones de guatemaltecos que han pasado ante algunas de sus grandes obras. Roberto Gonz\u00e1lez Goyri fue uno de los m\u00e1s grandes exponentes del arte guatemalteco del siglo XX. Escultor, pintor y muralista, dej\u00f3 un legado que [&hellip;]<\/p>\n","protected":false},"author":19,"featured_media":43512,"comment_status":"open","ping_status":"open","sticky":false,"template":"","format":"standard","meta":{"_acf_changed":false,"_eb_attr":"","footnotes":""},"categories":[91,58],"tags":[],"class_list":["post-43507","post","type-post","status-publish","format-standard","has-post-thumbnail","hentry","category-arte-cultura","category-guate-nuestra"],"acf":[],"aioseo_notices":[],"aioseo_head":"\n\t\t<!-- All in One SEO Pro 4.9.6.2 - aioseo.com -->\n\t<meta name=\"description\" content=\"Rina Lazo (1923-2019) retrat\u00f3 la grandeza maya y reflej\u00f3 la cultura guatemalteca en lienzos y murales. Se form\u00f3 y gan\u00f3 fama en M\u00e9xico pero su alma era de quetzal.\" \/>\n\t<meta name=\"robots\" content=\"max-snippet:-1, max-image-preview:large, max-video-preview:-1\" \/>\n\t<meta name=\"author\" content=\"Marysabel Aldana\"\/>\n\t<link rel=\"canonical\" href=\"https:\/\/soymigrante.com\/revista\/mira-arte-guatemalteco-la-mirada-magica-de-rina-lazo\/\" \/>\n\t<meta name=\"generator\" content=\"All in One SEO Pro (AIOSEO) 4.9.6.2\" \/>\n\n\t\t<link rel=\"preconnect\" href=\"https:\/\/fonts.googleapis.com\" crossorigin>\n<link rel=\"preconnect\" href=\"https:\/\/fonts.gstatic.com\" crossorigin>\n\t\t<meta property=\"og:locale\" content=\"es_ES\" \/>\n\t\t<meta property=\"og:site_name\" content=\"SoyMigrante.com REVISTA \u2013 Nuestra misi\u00f3n es reconocer y dignificar al migrante.\" \/>\n\t\t<meta property=\"og:type\" content=\"article\" \/>\n\t\t<meta property=\"og:title\" content=\"Mira arte guatemalteco: La mirada m\u00e1gica de Rina Lazo\" \/>\n\t\t<meta property=\"og:description\" content=\"Rina Lazo (1923-2019) retrat\u00f3 la grandeza maya y reflej\u00f3 la cultura guatemalteca en lienzos y murales. Se form\u00f3 y gan\u00f3 fama en M\u00e9xico pero su alma era de quetzal.\" \/>\n\t\t<meta property=\"og:url\" content=\"https:\/\/soymigrante.com\/revista\/mira-arte-guatemalteco-la-mirada-magica-de-rina-lazo\/\" \/>\n\t\t<meta property=\"og:image\" content=\"https:\/\/soymigrante.com\/revista\/wp-content\/uploads\/2025\/09\/Rina-lazo-2.jpg\" \/>\n\t\t<meta property=\"og:image:secure_url\" content=\"https:\/\/soymigrante.com\/revista\/wp-content\/uploads\/2025\/09\/Rina-lazo-2.jpg\" \/>\n\t\t<meta property=\"og:image:width\" content=\"500\" \/>\n\t\t<meta property=\"og:image:height\" content=\"500\" \/>\n\t\t<meta property=\"article:published_time\" content=\"2025-09-08T11:30:00+00:00\" \/>\n\t\t<meta property=\"article:modified_time\" content=\"2025-09-08T04:42:09+00:00\" \/>\n\t\t<meta property=\"article:publisher\" content=\"https:\/\/www.facebook.com\/soymigrantecom\" \/>\n\t\t<meta name=\"twitter:card\" content=\"summary_large_image\" \/>\n\t\t<meta name=\"twitter:site\" content=\"@SoyMigrante_com\" \/>\n\t\t<meta name=\"twitter:title\" content=\"Mira arte guatemalteco: La mirada m\u00e1gica de Rina Lazo\" \/>\n\t\t<meta name=\"twitter:description\" content=\"Rina Lazo (1923-2019) retrat\u00f3 la grandeza maya y reflej\u00f3 la cultura guatemalteca en lienzos y murales. Se form\u00f3 y gan\u00f3 fama en M\u00e9xico pero su alma era de quetzal.\" \/>\n\t\t<meta name=\"twitter:creator\" content=\"@SoyMigrante_com\" \/>\n\t\t<meta name=\"twitter:image\" content=\"https:\/\/soymigrante.com\/revista\/wp-content\/uploads\/2025\/09\/Rina-lazo-2.jpg\" \/>\n\t\t<!-- All in One SEO Pro -->\r\n\t\t<title>Mira arte guatemalteco: La mirada m\u00e1gica de Rina Lazo<\/title>\n\n","aioseo_head_json":{"title":"Mira arte guatemalteco: La mirada m\u00e1gica de Rina Lazo","description":"Rina Lazo (1923-2019) retrat\u00f3 la grandeza maya y reflej\u00f3 la cultura guatemalteca en lienzos y murales. Se form\u00f3 y gan\u00f3 fama en M\u00e9xico pero su alma era de quetzal.","canonical_url":"https:\/\/soymigrante.com\/revista\/mira-arte-guatemalteco-la-mirada-magica-de-rina-lazo\/","robots":"max-snippet:-1, max-image-preview:large, max-video-preview:-1","keywords":"","webmasterTools":{"miscellaneous":"&lt;link rel=\"preconnect\" href=\"https:\/\/fonts.googleapis.com\" crossorigin&gt;\n&lt;link rel=\"preconnect\" href=\"https:\/\/fonts.gstatic.com\" crossorigin&gt;"},"schema":null,"og:locale":"es_ES","og:site_name":"SoyMigrante.com REVISTA \u2013 Nuestra misi\u00f3n es reconocer y dignificar al migrante.","og:type":"article","og:title":"Mira arte guatemalteco: La mirada m\u00e1gica de Rina Lazo","og:description":"Rina Lazo (1923-2019) retrat\u00f3 la grandeza maya y reflej\u00f3 la cultura guatemalteca en lienzos y murales. Se form\u00f3 y gan\u00f3 fama en M\u00e9xico pero su alma era de quetzal.","og:url":"https:\/\/soymigrante.com\/revista\/mira-arte-guatemalteco-la-mirada-magica-de-rina-lazo\/","og:image":"https:\/\/soymigrante.com\/revista\/wp-content\/uploads\/2025\/09\/Rina-lazo-2.jpg","og:image:secure_url":"https:\/\/soymigrante.com\/revista\/wp-content\/uploads\/2025\/09\/Rina-lazo-2.jpg","og:image:width":500,"og:image:height":500,"article:published_time":"2025-09-08T11:30:00+00:00","article:modified_time":"2025-09-08T04:42:09+00:00","article:publisher":"https:\/\/www.facebook.com\/soymigrantecom","twitter:card":"summary_large_image","twitter:site":"@SoyMigrante_com","twitter:title":"Mira arte guatemalteco: La mirada m\u00e1gica de Rina Lazo","twitter:description":"Rina Lazo (1923-2019) retrat\u00f3 la grandeza maya y reflej\u00f3 la cultura guatemalteca en lienzos y murales. Se form\u00f3 y gan\u00f3 fama en M\u00e9xico pero su alma era de quetzal.","twitter:creator":"@SoyMigrante_com","twitter:image":"https:\/\/soymigrante.com\/revista\/wp-content\/uploads\/2025\/09\/Rina-lazo-2.jpg"},"aioseo_meta_data":{"post_id":"43507","title":"Roberto Gonzalez Goyri retrat\u00f3 el alma de Guatemala","description":"Como un caleidoscopio de identidades multiculturales, el arte de Roberto Gonzalez Goyri (1924-2007) captura la historia, las culturas y los s\u00edmbolos ancestrales.","keywords":null,"keyphrases":{"focus":{"keyphrase":"Roberto Gonz\u00e1lez Goyri","score":91,"analysis":{"keyphraseInTitle":{"score":9,"maxScore":9,"error":0},"keyphraseInDescription":{"score":9,"maxScore":9,"error":0},"keyphraseLength":{"score":9,"maxScore":9,"error":0,"length":4},"keyphraseInURL":{"score":5,"maxScore":5,"error":0},"keyphraseInIntroduction":{"score":9,"maxScore":9,"error":0},"keyphraseInSubHeadings":{"score":3,"maxScore":9,"error":1},"keyphraseInImageAlt":{"score":9,"maxScore":9,"error":0},"keywordDensity":{"type":"best","score":9,"maxScore":9,"error":0}}},"additional":[{"keyphrase":"Guatemala","score":73,"analysis":{"keyphraseInDescription":{"score":3,"maxScore":9,"error":1},"keyphraseLength":{"score":9,"maxScore":9,"error":0,"length":1},"keyphraseInIntroduction":{"score":3,"maxScore":9,"error":1},"keyphraseInImageAlt":{"score":9,"maxScore":9,"error":0},"keywordDensity":{"type":"best","score":9,"maxScore":9,"error":0}}},{"keyphrase":"arte","score":100,"analysis":{"keyphraseInDescription":{"score":9,"maxScore":9,"error":0},"keyphraseLength":{"score":9,"maxScore":9,"error":0,"length":1},"keyphraseInIntroduction":{"score":9,"maxScore":9,"error":0},"keyphraseInImageAlt":{"score":9,"maxScore":9,"error":0},"keywordDensity":{"type":"best","score":9,"maxScore":9,"error":0}}}]},"primary_term":null,"canonical_url":null,"og_title":null,"og_description":null,"og_object_type":"default","og_image_type":"default","og_image_url":null,"og_image_width":null,"og_image_height":null,"og_image_custom_url":null,"og_image_custom_fields":null,"og_video":"","og_custom_url":null,"og_article_section":null,"og_article_tags":null,"twitter_use_og":false,"twitter_card":"default","twitter_image_type":"default","twitter_image_url":null,"twitter_image_custom_url":null,"twitter_image_custom_fields":null,"twitter_title":null,"twitter_description":null,"schema":{"blockGraphs":[],"customGraphs":[],"default":{"data":{"Article":[],"Course":[],"Dataset":[],"FAQPage":[],"Movie":[],"Person":[],"Product":[],"ProductReview":[],"Car":[],"Recipe":[],"Service":[],"SoftwareApplication":[],"WebPage":[]},"graphName":"none","isEnabled":true},"graphs":[]},"schema_type":"default","schema_type_options":null,"pillar_content":false,"robots_default":true,"robots_noindex":false,"robots_noarchive":false,"robots_nosnippet":false,"robots_nofollow":false,"robots_noimageindex":false,"robots_noodp":false,"robots_notranslate":false,"robots_max_snippet":"-1","robots_max_videopreview":"-1","robots_max_imagepreview":"large","priority":null,"frequency":"default","local_seo":null,"seo_analyzer_scan_date":"2025-10-09 08:24:57","breadcrumb_settings":null,"limit_modified_date":false,"reviewed_by":"0","open_ai":null,"ai":{"faqs":[],"keyPoints":[],"titles":[],"descriptions":[],"socialPosts":{"email":[],"linkedin":[],"twitter":[],"facebook":[],"instagram":[]}},"created":"2025-09-02 17:46:16","updated":"2026-02-05 04:42:26"},"aioseo_breadcrumb":"<div class=\"aioseo-breadcrumbs\"><span class=\"aioseo-breadcrumb\">\n\t<a href=\"https:\/\/soymigrante.com\/revista\" title=\"Home\">Home<\/a>\n<\/span><span class=\"aioseo-breadcrumb-separator\">\u00bb<\/span><span class=\"aioseo-breadcrumb\">\n\t<a href=\"https:\/\/soymigrante.com\/revista\/category\/guate-nuestra\/\" title=\"Guate Nuestra\">Guate Nuestra<\/a>\n<\/span><span class=\"aioseo-breadcrumb-separator\">\u00bb<\/span><span class=\"aioseo-breadcrumb\">\n\t<a href=\"https:\/\/soymigrante.com\/revista\/category\/guate-nuestra\/arte-cultura\/\" title=\"Cultura de Guatemala\">Cultura de Guatemala<\/a>\n<\/span><span class=\"aioseo-breadcrumb-separator\">\u00bb<\/span><span class=\"aioseo-breadcrumb\">\n\tMira arte guatemalteco: Roberto Gonz\u00e1lez Goyri retrat\u00f3 el alma multicultural del pa\u00eds\n<\/span><\/div>","aioseo_breadcrumb_json":[{"label":"Home","link":"https:\/\/soymigrante.com\/revista"},{"label":"Guate Nuestra","link":"https:\/\/soymigrante.com\/revista\/category\/guate-nuestra\/"},{"label":"Cultura de Guatemala","link":"https:\/\/soymigrante.com\/revista\/category\/guate-nuestra\/arte-cultura\/"},{"label":"Mira arte guatemalteco: Roberto Gonz\u00e1lez Goyri retrat\u00f3 el alma multicultural del pa\u00eds","link":"https:\/\/soymigrante.com\/revista\/arte-guatemalteco-roberto-gonzalez-goyri-retrato-el-alma-multicultural-del-pais\/"}],"_links":{"self":[{"href":"https:\/\/soymigrante.com\/revista\/wp-json\/wp\/v2\/posts\/43507","targetHints":{"allow":["GET"]}}],"collection":[{"href":"https:\/\/soymigrante.com\/revista\/wp-json\/wp\/v2\/posts"}],"about":[{"href":"https:\/\/soymigrante.com\/revista\/wp-json\/wp\/v2\/types\/post"}],"author":[{"embeddable":true,"href":"https:\/\/soymigrante.com\/revista\/wp-json\/wp\/v2\/users\/19"}],"replies":[{"embeddable":true,"href":"https:\/\/soymigrante.com\/revista\/wp-json\/wp\/v2\/comments?post=43507"}],"version-history":[{"count":26,"href":"https:\/\/soymigrante.com\/revista\/wp-json\/wp\/v2\/posts\/43507\/revisions"}],"predecessor-version":[{"id":45272,"href":"https:\/\/soymigrante.com\/revista\/wp-json\/wp\/v2\/posts\/43507\/revisions\/45272"}],"wp:featuredmedia":[{"embeddable":true,"href":"https:\/\/soymigrante.com\/revista\/wp-json\/wp\/v2\/media\/43512"}],"wp:attachment":[{"href":"https:\/\/soymigrante.com\/revista\/wp-json\/wp\/v2\/media?parent=43507"}],"wp:term":[{"taxonomy":"category","embeddable":true,"href":"https:\/\/soymigrante.com\/revista\/wp-json\/wp\/v2\/categories?post=43507"},{"taxonomy":"post_tag","embeddable":true,"href":"https:\/\/soymigrante.com\/revista\/wp-json\/wp\/v2\/tags?post=43507"}],"curies":[{"name":"wp","href":"https:\/\/api.w.org\/{rel}","templated":true}]}}