{"id":43400,"date":"2025-09-03T08:00:00","date_gmt":"2025-09-03T14:00:00","guid":{"rendered":"https:\/\/soymigrante.com\/revista\/?p=43400"},"modified":"2025-10-30T09:27:12","modified_gmt":"2025-10-30T15:27:12","slug":"efrain-recinos-un-genio-del-arte-guatemalteco-que-vivira-siempre","status":"publish","type":"post","link":"https:\/\/soymigrante.com\/revista\/efrain-recinos-un-genio-del-arte-guatemalteco-que-vivira-siempre\/","title":{"rendered":"Mira arte guatemalteco: Efra\u00edn Recinos, un genio que sigue a la vista de todos"},"content":{"rendered":"\t\t<div data-elementor-type=\"wp-post\" data-elementor-id=\"43400\" class=\"elementor elementor-43400\" data-elementor-post-type=\"post\">\n\t\t\t\t<div data-particle_enable=\"false\" data-particle-mobile-disabled=\"false\" class=\"elementor-element elementor-element-828efba e-flex e-con-boxed e-con e-parent\" data-id=\"828efba\" data-element_type=\"container\" data-e-type=\"container\">\n\t\t\t\t\t<div class=\"e-con-inner\">\n\t\t\t\t<div class=\"elementor-element elementor-element-b5587f4 elementor-widget elementor-widget-heading\" data-id=\"b5587f4\" data-element_type=\"widget\" data-e-type=\"widget\" data-widget_type=\"heading.default\">\n\t\t\t\t\t<h2 class=\"elementor-heading-title elementor-size-default\">El arte de Efra\u00edn Recinos es total: pintura, escultura, arquitectura. El Gran Teatro Nacional es su obra m\u00e1xima, pero en cada pieza que cre\u00f3 sobre lienzo, mural o metal, est\u00e1 su esp\u00edritu de desafiante creatividad. <\/h2>\t\t\t\t<\/div>\n\t\t\t\t<div class=\"elementor-element elementor-element-83cf76d elementor-widget elementor-widget-html\" data-id=\"83cf76d\" data-element_type=\"widget\" data-e-type=\"widget\" data-widget_type=\"html.default\">\n\t\t\t\t\t<div id=\"buzzsprout-player-18105469\"><\/div><script src=\"https:\/\/www.buzzsprout.com\/2444168\/episodes\/18105469-genio-monumental-guatemalteco-efrain-recinos.js?container_id=buzzsprout-player-18105469&player=small\" type=\"text\/javascript\" charset=\"utf-8\"><\/script>\t\t\t\t<\/div>\n\t\t\t\t\t<\/div>\n\t\t\t\t<\/div>\n\t\t<div data-particle_enable=\"false\" data-particle-mobile-disabled=\"false\" class=\"elementor-element elementor-element-086ec45 e-flex e-con-boxed e-con e-parent\" data-id=\"086ec45\" data-element_type=\"container\" data-e-type=\"container\">\n\t\t\t\t\t<div class=\"e-con-inner\">\n\t\t\t\t<div class=\"elementor-element elementor-element-88930b0 elementor-widget elementor-widget-text-editor\" data-id=\"88930b0\" data-element_type=\"widget\" data-e-type=\"widget\" data-widget_type=\"text-editor.default\">\n\t\t\t\t\t\t\t\t\t<p>Efra\u00edn Enrique Recinos Valenzuela (1928\u20132011)<a href=\"https:\/\/noticias.mcd.gob.gt\/2025\/05\/15\/efrain-recinos-un-genio-universal-nacido-en-guatemala\/\" target=\"_blank\" rel=\"noopener\"> fue un arquitecto, pintor, muralista, escultor y artista integral guatemalteco.<\/a> Naci\u00f3 en Quetzaltenango y desde peque\u00f1o mostr\u00f3 una gran sensibilidad art\u00edstica.&nbsp;<\/p>\n<p>Es considerado uno de los creadores m\u00e1s completos y originales de Guatemala. Su gran obra es el Gran Teatro Nacional de Guatemala, pero cre\u00f3 m\u00e1s, <a href=\"https:\/\/artistasguatemaltecosdennys.blogspot.com\/2018\/05\/obras-del-artista-efrain-recinos.html\">mucho m\u00e1s<\/a>.&nbsp;<\/p>\t\t\t\t\t\t\t\t<\/div>\n\t\t\t\t\t<\/div>\n\t\t\t\t<\/div>\n\t\t<div data-particle_enable=\"false\" data-particle-mobile-disabled=\"false\" class=\"elementor-element elementor-element-045d8f8 e-flex e-con-boxed e-con e-parent\" data-id=\"045d8f8\" data-element_type=\"container\" data-e-type=\"container\">\n\t\t\t\t\t<div class=\"e-con-inner\">\n\t\t\t\t<div class=\"elementor-element elementor-element-99379dc elementor-widget elementor-widget-image\" data-id=\"99379dc\" data-element_type=\"widget\" data-e-type=\"widget\" data-widget_type=\"image.default\">\n\t\t\t\t\t\t\t\t\t\t\t\t<figure class=\"wp-caption\">\n\t\t\t\t\t\t\t\t\t\t<img fetchpriority=\"high\" decoding=\"async\" width=\"884\" height=\"498\" src=\"https:\/\/soymigrante.com\/revista\/wp-content\/uploads\/2025\/09\/musica-grande-escultura-de-efrain-recinos.png\" class=\"attachment-large size-large wp-image-43611\" alt=\"M\u00fasica Grande es una escultura en madera de Efra\u00edn Recinos que representa una marimba y a la vez una fortaleza. Se puede imaginar que avanza, camina y suena sin parar. Est\u00e1 en el Museo Nacional de Arte Moderno de Guatemala.\" srcset=\"https:\/\/soymigrante.com\/revista\/wp-content\/uploads\/2025\/09\/musica-grande-escultura-de-efrain-recinos.png 884w, https:\/\/soymigrante.com\/revista\/wp-content\/uploads\/2025\/09\/musica-grande-escultura-de-efrain-recinos-300x169.png 300w, https:\/\/soymigrante.com\/revista\/wp-content\/uploads\/2025\/09\/musica-grande-escultura-de-efrain-recinos-768x433.png 768w, https:\/\/soymigrante.com\/revista\/wp-content\/uploads\/2025\/09\/musica-grande-escultura-de-efrain-recinos-750x423.png 750w\" sizes=\"(max-width: 884px) 100vw, 884px\" title=\"M\u00fasica Grande es una escultura en madera de Efra\u00edn Recinos que representa una marimba y a la vez una fortaleza. Se puede imaginar que avanza, camina y suena sin parar. Est\u00e1 en el Museo Nacional de Arte Moderno de Guatemala. \u2013 SoyMigrante.com REVISTA\" \/>\t\t\t\t\t\t\t\t\t\t\t<figcaption class=\"widget-image-caption wp-caption-text\">M\u00fasica Grande es una escultura en madera de Efra\u00edn Recinos que representa una marimba y a la vez una fortaleza. Se puede imaginar que avanza, camina y suena sin parar. Est\u00e1 en el Museo Nacional de Arte Moderno de Guatemala.<\/figcaption>\n\t\t\t\t\t\t\t\t\t\t<\/figure>\n\t\t\t\t\t\t\t\t\t<\/div>\n\t\t\t\t\t<\/div>\n\t\t\t\t<\/div>\n\t\t<div data-particle_enable=\"false\" data-particle-mobile-disabled=\"false\" class=\"elementor-element elementor-element-f68f3dc e-flex e-con-boxed e-con e-parent\" data-id=\"f68f3dc\" data-element_type=\"container\" data-e-type=\"container\">\n\t\t\t\t\t<div class=\"e-con-inner\">\n\t\t\t\t<div class=\"elementor-element elementor-element-d67c645 elementor-widget elementor-widget-heading\" data-id=\"d67c645\" data-element_type=\"widget\" data-e-type=\"widget\" data-widget_type=\"heading.default\">\n\t\t\t\t\t<h3 class=\"elementor-heading-title elementor-size-default\">\u00bfCu\u00e1l fue su mayor aporte a Guatemala?<\/h3>\t\t\t\t<\/div>\n\t\t\t\t\t<\/div>\n\t\t\t\t<\/div>\n\t\t<div data-particle_enable=\"false\" data-particle-mobile-disabled=\"false\" class=\"elementor-element elementor-element-74f864e e-flex e-con-boxed e-con e-parent\" data-id=\"74f864e\" data-element_type=\"container\" data-e-type=\"container\">\n\t\t\t\t\t<div class=\"e-con-inner\">\n\t\t\t\t<div class=\"elementor-element elementor-element-906f76e elementor-widget elementor-widget-text-editor\" data-id=\"906f76e\" data-element_type=\"widget\" data-e-type=\"widget\" data-widget_type=\"text-editor.default\">\n\t\t\t\t\t\t\t\t\t<p>Recinos fue el arquitecto responsable del dise\u00f1o y construcci\u00f3n del Centro Cultural Miguel \u00c1ngel Asturias (conocido como el Teatro Nacional), la obra cultural m\u00e1s emblem\u00e1tica del pa\u00eds. <a href=\"https:\/\/noticias.mcd.gob.gt\/2025\/05\/15\/efrain-recinos-un-genio-universal-nacido-en-guatemala\/\" target=\"_blank\" rel=\"noopener\">Tambi\u00e9n dise\u00f1\u00f3 murales, esculturas, espacios p\u00fablicos y aport\u00f3 innovaciones en la arquitectura con un estilo \u00fanico,<\/a> cargado de identidad nacional.<\/p>\t\t\t\t\t\t\t\t<\/div>\n\t\t\t\t\t<\/div>\n\t\t\t\t<\/div>\n\t\t<div data-particle_enable=\"false\" data-particle-mobile-disabled=\"false\" class=\"elementor-element elementor-element-e65c049 e-flex e-con-boxed e-con e-parent\" data-id=\"e65c049\" data-element_type=\"container\" data-e-type=\"container\">\n\t\t\t\t\t<div class=\"e-con-inner\">\n\t\t\t\t<div class=\"elementor-element elementor-element-0a18ccd elementor-widget elementor-widget-image\" data-id=\"0a18ccd\" data-element_type=\"widget\" data-e-type=\"widget\" data-widget_type=\"image.default\">\n\t\t\t\t\t\t\t\t\t\t\t\t<figure class=\"wp-caption\">\n\t\t\t\t\t\t\t\t\t\t<img decoding=\"async\" width=\"1024\" height=\"676\" src=\"https:\/\/soymigrante.com\/revista\/wp-content\/uploads\/2025\/09\/guatemalita-de-efrain-recinos-1-1024x676.png\" class=\"attachment-large size-large wp-image-43612\" alt=\"La Guatemalita de Efra\u00edn Recinos es una creaci\u00f3n en la cual el artista fusion\u00f3 su profunda ternura por su pa\u00eds, cuyo mapa convirti\u00f3 en una simp\u00e1tica se\u00f1orita, a veces en actitud combativa y otras, simplemente nost\u00e1lgica y enviando mensajes de amor. (Mural en Santo Domingo del Cerro, Antigua Guatemala)\" srcset=\"https:\/\/soymigrante.com\/revista\/wp-content\/uploads\/2025\/09\/guatemalita-de-efrain-recinos-1-1024x676.png 1024w, https:\/\/soymigrante.com\/revista\/wp-content\/uploads\/2025\/09\/guatemalita-de-efrain-recinos-1-300x198.png 300w, https:\/\/soymigrante.com\/revista\/wp-content\/uploads\/2025\/09\/guatemalita-de-efrain-recinos-1-768x507.png 768w, https:\/\/soymigrante.com\/revista\/wp-content\/uploads\/2025\/09\/guatemalita-de-efrain-recinos-1-750x495.png 750w, https:\/\/soymigrante.com\/revista\/wp-content\/uploads\/2025\/09\/guatemalita-de-efrain-recinos-1-1140x753.png 1140w, https:\/\/soymigrante.com\/revista\/wp-content\/uploads\/2025\/09\/guatemalita-de-efrain-recinos-1.png 1408w\" sizes=\"(max-width: 1024px) 100vw, 1024px\" title=\"La Guatemalita de Efra\u00edn Recinos es una creaci\u00f3n en la cual el artista fusion\u00f3 su profunda ternura por su pa\u00eds, cuyo mapa convirti\u00f3 en una simp\u00e1tica se\u00f1orita, a veces en actitud combativa y otras, simplemente nost\u00e1lgica y enviando mensajes de amor. (Mural en Santo Domingo del Cerro, Antigua Guatemala) \u2013 SoyMigrante.com REVISTA\" \/>\t\t\t\t\t\t\t\t\t\t\t<figcaption class=\"widget-image-caption wp-caption-text\">La Guatemalita de Efra\u00edn Recinos es una creaci\u00f3n en la cual el artista fusion\u00f3 su profunda ternura por su pa\u00eds, cuyo mapa convirti\u00f3 en una simp\u00e1tica se\u00f1orita, a veces en actitud combativa y otras, simplemente nost\u00e1lgica y enviando mensajes de amor. (Mural en Santo Domingo del Cerro, Antigua Guatemala)<\/figcaption>\n\t\t\t\t\t\t\t\t\t\t<\/figure>\n\t\t\t\t\t\t\t\t\t<\/div>\n\t\t\t\t\t<\/div>\n\t\t\t\t<\/div>\n\t\t<div data-particle_enable=\"false\" data-particle-mobile-disabled=\"false\" class=\"elementor-element elementor-element-5bafbfd e-flex e-con-boxed e-con e-parent\" data-id=\"5bafbfd\" data-element_type=\"container\" data-e-type=\"container\">\n\t\t\t\t\t<div class=\"e-con-inner\">\n\t\t\t\t<div class=\"elementor-element elementor-element-01e901b elementor-widget elementor-widget-heading\" data-id=\"01e901b\" data-element_type=\"widget\" data-e-type=\"widget\" data-widget_type=\"heading.default\">\n\t\t\t\t\t<h3 class=\"elementor-heading-title elementor-size-default\">\u00bfEn qu\u00e9 otras \u00e1reas destac\u00f3?<\/h3>\t\t\t\t<\/div>\n\t\t\t\t\t<\/div>\n\t\t\t\t<\/div>\n\t\t<div data-particle_enable=\"false\" data-particle-mobile-disabled=\"false\" class=\"elementor-element elementor-element-d92663e e-flex e-con-boxed e-con e-parent\" data-id=\"d92663e\" data-element_type=\"container\" data-e-type=\"container\">\n\t\t\t\t\t<div class=\"e-con-inner\">\n\t\t\t\t<div class=\"elementor-element elementor-element-029859d elementor-widget elementor-widget-text-editor\" data-id=\"029859d\" data-element_type=\"widget\" data-e-type=\"widget\" data-widget_type=\"text-editor.default\">\n\t\t\t\t\t\t\t\t\t<p>Adem\u00e1s de arquitecto, Recinos fue pintor, caricaturista, muralista y escultor. Sus obras se encuentran en espacios p\u00fablicos como la Biblioteca Nacional, el aeropuerto La Aurora, el edificio del Cr\u00e9dito Hipotecario Nacional.\u00a0<\/p><p>Tambi\u00e9n explor\u00f3 la m\u00fasica y la escritura, convirti\u00e9ndose en un artista polifac\u00e9tico. En su \u00faltima etapa de vida escribi\u00f3 cuentos que no fueron editados. El artista Pepo Toledo edit\u00f3 algunos libros sobre su obra. Uno de los m\u00e1s fascinantes es sobre <a href=\"https:\/\/www.academia.edu\/attachments\/64585555\/download_file?s=portfolio\">los difusores ac\u00fasticos del Conservatorio Nacional de M\u00fasica, con famosos personajes del arte. CLIC PARA VERLO.<\/a><\/p>\t\t\t\t\t\t\t\t<\/div>\n\t\t\t\t\t<\/div>\n\t\t\t\t<\/div>\n\t\t<div data-particle_enable=\"false\" data-particle-mobile-disabled=\"false\" class=\"elementor-element elementor-element-ecfe90f e-flex e-con-boxed e-con e-parent\" data-id=\"ecfe90f\" data-element_type=\"container\" data-e-type=\"container\">\n\t\t\t\t\t<div class=\"e-con-inner\">\n\t\t\t\t<div class=\"elementor-element elementor-element-512993a elementor-widget elementor-widget-html\" data-id=\"512993a\" data-element_type=\"widget\" data-e-type=\"widget\" data-widget_type=\"html.default\">\n\t\t\t\t\t<iframe width=\"560\" height=\"415\" src=\"https:\/\/www.youtube.com\/embed\/GRSu0EnihFc?si=-pIpWsuF87lgjHmx&amp;start=7\" title=\"YouTube video player\" frameborder=\"0\" allow=\"accelerometer; autoplay; clipboard-write; encrypted-media; gyroscope; picture-in-picture; web-share\" referrerpolicy=\"strict-origin-when-cross-origin\" allowfullscreen><\/iframe>\t\t\t\t<\/div>\n\t\t\t\t\t<\/div>\n\t\t\t\t<\/div>\n\t\t<div data-particle_enable=\"false\" data-particle-mobile-disabled=\"false\" class=\"elementor-element elementor-element-c919ebb e-flex e-con-boxed e-con e-parent\" data-id=\"c919ebb\" data-element_type=\"container\" data-e-type=\"container\">\n\t\t\t\t\t<div class=\"e-con-inner\">\n\t\t\t\t<div class=\"elementor-element elementor-element-b709117 elementor-widget elementor-widget-heading\" data-id=\"b709117\" data-element_type=\"widget\" data-e-type=\"widget\" data-widget_type=\"heading.default\">\n\t\t\t\t\t<h3 class=\"elementor-heading-title elementor-size-default\">\u00bfPor qu\u00e9 se le considera uno de los artistas m\u00e1s importantes  y prol\u00edficos del pa\u00eds?<\/h3>\t\t\t\t<\/div>\n\t\t\t\t\t<\/div>\n\t\t\t\t<\/div>\n\t\t<div data-particle_enable=\"false\" data-particle-mobile-disabled=\"false\" class=\"elementor-element elementor-element-0db596f e-flex e-con-boxed e-con e-parent\" data-id=\"0db596f\" data-element_type=\"container\" data-e-type=\"container\">\n\t\t\t\t\t<div class=\"e-con-inner\">\n\t\t\t\t<div class=\"elementor-element elementor-element-30b8f96 elementor-widget elementor-widget-text-editor\" data-id=\"30b8f96\" data-element_type=\"widget\" data-e-type=\"widget\" data-widget_type=\"text-editor.default\">\n\t\t\t\t\t\t\t\t\t<p>Porque su visi\u00f3n trascendi\u00f3 el arte tradicional: Recinos fusion\u00f3 la arquitectura con la identidad guatemalteca, creando espacios que hablan de la historia, la cultura y los pueblos mayas. Su estilo es inconfundible y dej\u00f3 un legado que a\u00fan inspira a artistas y arquitectos en todo el pa\u00eds.<\/p>\t\t\t\t\t\t\t\t<\/div>\n\t\t\t\t\t<\/div>\n\t\t\t\t<\/div>\n\t\t<div data-particle_enable=\"false\" data-particle-mobile-disabled=\"false\" class=\"elementor-element elementor-element-2d58730 e-flex e-con-boxed e-con e-parent\" data-id=\"2d58730\" data-element_type=\"container\" data-e-type=\"container\">\n\t\t\t\t\t<div class=\"e-con-inner\">\n\t\t\t\t<div class=\"elementor-element elementor-element-364be5b elementor-widget elementor-widget-heading\" data-id=\"364be5b\" data-element_type=\"widget\" data-e-type=\"widget\" data-widget_type=\"heading.default\">\n\t\t\t\t\t<h4 class=\"elementor-heading-title elementor-size-default\">Mural de la Biblioteca Nacional<\/h4>\t\t\t\t<\/div>\n\t\t\t\t\t<\/div>\n\t\t\t\t<\/div>\n\t\t<div data-particle_enable=\"false\" data-particle-mobile-disabled=\"false\" class=\"elementor-element elementor-element-fb1b6d6 e-flex e-con-boxed e-con e-parent\" data-id=\"fb1b6d6\" data-element_type=\"container\" data-e-type=\"container\">\n\t\t\t\t\t<div class=\"e-con-inner\">\n\t\t\t\t<div class=\"elementor-element elementor-element-e4e9128 elementor-arrows-position-inside elementor-pagination-position-outside elementor-widget elementor-widget-image-carousel\" data-id=\"e4e9128\" data-element_type=\"widget\" data-e-type=\"widget\" data-settings=\"{&quot;slides_to_show&quot;:&quot;1&quot;,&quot;navigation&quot;:&quot;both&quot;,&quot;autoplay&quot;:&quot;yes&quot;,&quot;pause_on_hover&quot;:&quot;yes&quot;,&quot;pause_on_interaction&quot;:&quot;yes&quot;,&quot;autoplay_speed&quot;:5000,&quot;infinite&quot;:&quot;yes&quot;,&quot;effect&quot;:&quot;slide&quot;,&quot;speed&quot;:500}\" data-widget_type=\"image-carousel.default\">\n\t\t\t\t\t\t\t<div class=\"elementor-image-carousel-wrapper swiper\" role=\"region\" aria-roledescription=\"carousel\" aria-label=\"Carrusel de im\u00e1genes\" dir=\"ltr\">\n\t\t\t<div class=\"elementor-image-carousel swiper-wrapper\" aria-live=\"off\">\n\t\t\t\t\t\t\t\t<div class=\"swiper-slide\" role=\"group\" aria-roledescription=\"slide\" aria-label=\"1 de 3\"><figure class=\"swiper-slide-inner\"><img decoding=\"async\" class=\"swiper-slide-image\" src=\"https:\/\/soymigrante.com\/revista\/wp-content\/uploads\/2025\/09\/mural-efrain-recinos-biblioteca-nacional-1.jpg\" alt=\"Efra\u00edn Recinos elabor\u00f3 varios murales: en la Biblioteca Nacional, en el Aeropuerto La Aurora, en el Centro C\u00edvico. Cada uno es acorde al lugar donde est\u00e1 y sencillamente \u00fanico. (Foto Mario Recinos Lima)\" \/><\/figure><\/div><div class=\"swiper-slide\" role=\"group\" aria-roledescription=\"slide\" aria-label=\"2 de 3\"><figure class=\"swiper-slide-inner\"><img decoding=\"async\" class=\"swiper-slide-image\" src=\"https:\/\/soymigrante.com\/revista\/wp-content\/uploads\/2025\/09\/mural-efrain-recinos-biblioteca-nacional-2-1024x655.jpg\" alt=\"#separator_sa #blog_title #image_title\" \/><\/figure><\/div><div class=\"swiper-slide\" role=\"group\" aria-roledescription=\"slide\" aria-label=\"3 de 3\"><figure class=\"swiper-slide-inner\"><img decoding=\"async\" class=\"swiper-slide-image\" src=\"https:\/\/soymigrante.com\/revista\/wp-content\/uploads\/2025\/09\/mural-efrain-recinos-biblioteca-nacional-3.jpg\" alt=\"#separator_sa #blog_title #image_title\" \/><\/figure><\/div>\t\t\t<\/div>\n\t\t\t\t\t\t\t\t\t\t\t\t<div class=\"elementor-swiper-button elementor-swiper-button-prev\" role=\"button\" tabindex=\"0\">\n\t\t\t\t\t\t<i aria-hidden=\"true\" class=\"eicon-chevron-left\"><\/i>\t\t\t\t\t<\/div>\n\t\t\t\t\t<div class=\"elementor-swiper-button elementor-swiper-button-next\" role=\"button\" tabindex=\"0\">\n\t\t\t\t\t\t<i aria-hidden=\"true\" class=\"eicon-chevron-right\"><\/i>\t\t\t\t\t<\/div>\n\t\t\t\t\n\t\t\t\t\t\t\t\t\t<div class=\"swiper-pagination\"><\/div>\n\t\t\t\t\t\t\t\t\t<\/div>\n\t\t\t\t\t\t<\/div>\n\t\t\t\t\t<\/div>\n\t\t\t\t<\/div>\n\t\t<div data-particle_enable=\"false\" data-particle-mobile-disabled=\"false\" class=\"elementor-element elementor-element-fabd60d e-flex e-con-boxed e-con e-parent\" data-id=\"fabd60d\" data-element_type=\"container\" data-e-type=\"container\">\n\t\t\t\t\t<div class=\"e-con-inner\">\n\t\t\t\t<div class=\"elementor-element elementor-element-75770f4 elementor-widget elementor-widget-heading\" data-id=\"75770f4\" data-element_type=\"widget\" data-e-type=\"widget\" data-widget_type=\"heading.default\">\n\t\t\t\t\t<h3 class=\"elementor-heading-title elementor-size-default\">\u00bfC\u00f3mo era su estilo art\u00edstico?<\/h3>\t\t\t\t<\/div>\n\t\t\t\t\t<\/div>\n\t\t\t\t<\/div>\n\t\t<div data-particle_enable=\"false\" data-particle-mobile-disabled=\"false\" class=\"elementor-element elementor-element-c021ba5 e-flex e-con-boxed e-con e-parent\" data-id=\"c021ba5\" data-element_type=\"container\" data-e-type=\"container\">\n\t\t\t\t\t<div class=\"e-con-inner\">\n\t\t\t\t<div class=\"elementor-element elementor-element-e39fa4d elementor-widget elementor-widget-text-editor\" data-id=\"e39fa4d\" data-element_type=\"widget\" data-e-type=\"widget\" data-widget_type=\"text-editor.default\">\n\t\t\t\t\t\t\t\t\t<p><a href=\"https:\/\/noticias.mcd.gob.gt\/2025\/05\/15\/efrain-recinos-un-genio-universal-nacido-en-guatemala\/\" target=\"_blank\" rel=\"noopener\">Su obra se caracteriza por la mezcla de modernidad y ra\u00edces mayas.<\/a> Utiliz\u00f3 colores vibrantes, formas abstractas y figuras humanas que simbolizan la diversidad cultural del pa\u00eds. Su arquitectura rompe con lo convencional y propone espacios vivos, llenos de movimiento y simbolismo.<\/p>\t\t\t\t\t\t\t\t<\/div>\n\t\t\t\t\t<\/div>\n\t\t\t\t<\/div>\n\t\t<div data-particle_enable=\"false\" data-particle-mobile-disabled=\"false\" class=\"elementor-element elementor-element-ecfd833 e-flex e-con-boxed e-con e-parent\" data-id=\"ecfd833\" data-element_type=\"container\" data-e-type=\"container\">\n\t\t\t\t\t<div class=\"e-con-inner\">\n\t\t\t\t<div class=\"elementor-element elementor-element-e77339b elementor-widget elementor-widget-image\" data-id=\"e77339b\" data-element_type=\"widget\" data-e-type=\"widget\" data-widget_type=\"image.default\">\n\t\t\t\t\t\t\t\t\t\t\t\t<figure class=\"wp-caption\">\n\t\t\t\t\t\t\t\t\t\t<img decoding=\"async\" width=\"944\" height=\"703\" src=\"https:\/\/soymigrante.com\/revista\/wp-content\/uploads\/2025\/09\/efrain-recinos.png\" class=\"attachment-large size-large wp-image-43620\" alt=\"Efra\u00edn Recinos desarroll\u00f3 el Gran Teatro Nacional en un lapso de seis a\u00f1os, sobre las bases que eran para otro teatro y cre\u00f3 una aut\u00e9ntica maravilla. (Fotograf\u00eda del libro Secretos del Teatro Nacional, de Pepo Toledo)\" srcset=\"https:\/\/soymigrante.com\/revista\/wp-content\/uploads\/2025\/09\/efrain-recinos.png 944w, https:\/\/soymigrante.com\/revista\/wp-content\/uploads\/2025\/09\/efrain-recinos-300x223.png 300w, https:\/\/soymigrante.com\/revista\/wp-content\/uploads\/2025\/09\/efrain-recinos-768x572.png 768w, https:\/\/soymigrante.com\/revista\/wp-content\/uploads\/2025\/09\/efrain-recinos-750x559.png 750w\" sizes=\"(max-width: 944px) 100vw, 944px\" title=\"Efra\u00edn Recinos desarroll\u00f3 el Gran Teatro Nacional en un lapso de seis a\u00f1os, sobre las bases que eran para otro teatro y cre\u00f3 una aut\u00e9ntica maravilla. (Fotograf\u00eda del libro Secretos del Teatro Nacional, de Pepo Toledo) \u2013 SoyMigrante.com REVISTA\" \/>\t\t\t\t\t\t\t\t\t\t\t<figcaption class=\"widget-image-caption wp-caption-text\">Efra\u00edn Recinos desarroll\u00f3 el Gran Teatro Nacional en un lapso de seis a\u00f1os, sobre las bases que eran para otro teatro y cre\u00f3 una aut\u00e9ntica maravilla. (Fotograf\u00eda del libro Secretos del Teatro Nacional, de Pepo Toledo)<\/figcaption>\n\t\t\t\t\t\t\t\t\t\t<\/figure>\n\t\t\t\t\t\t\t\t\t<\/div>\n\t\t\t\t\t<\/div>\n\t\t\t\t<\/div>\n\t\t<div data-particle_enable=\"false\" data-particle-mobile-disabled=\"false\" class=\"elementor-element elementor-element-ace0ab6 e-flex e-con-boxed e-con e-parent\" data-id=\"ace0ab6\" data-element_type=\"container\" data-e-type=\"container\">\n\t\t\t\t\t<div class=\"e-con-inner\">\n\t\t\t\t<div class=\"elementor-element elementor-element-383a0b5 elementor-widget elementor-widget-heading\" data-id=\"383a0b5\" data-element_type=\"widget\" data-e-type=\"widget\" data-widget_type=\"heading.default\">\n\t\t\t\t\t<h3 class=\"elementor-heading-title elementor-size-default\">\u00bfQu\u00e9 reconocimientos recibi\u00f3?<\/h3>\t\t\t\t<\/div>\n\t\t\t\t\t<\/div>\n\t\t\t\t<\/div>\n\t\t<div data-particle_enable=\"false\" data-particle-mobile-disabled=\"false\" class=\"elementor-element elementor-element-20afa4e e-flex e-con-boxed e-con e-parent\" data-id=\"20afa4e\" data-element_type=\"container\" data-e-type=\"container\">\n\t\t\t\t\t<div class=\"e-con-inner\">\n\t\t\t\t<div class=\"elementor-element elementor-element-0513c08 elementor-widget elementor-widget-text-editor\" data-id=\"0513c08\" data-element_type=\"widget\" data-e-type=\"widget\" data-widget_type=\"text-editor.default\">\n\t\t\t\t\t\t\t\t\t<p>A lo largo de su vida, Recinos fue homenajeado como uno de los artistas m\u00e1s influyentes de Centroam\u00e9rica. Aunque no buscaba la fama, recibi\u00f3 premios nacionales e internacionales y fue ampliamente reconocido como el genio detr\u00e1s del Teatro Nacional.<\/p>\t\t\t\t\t\t\t\t<\/div>\n\t\t\t\t\t<\/div>\n\t\t\t\t<\/div>\n\t\t<div data-particle_enable=\"false\" data-particle-mobile-disabled=\"false\" class=\"elementor-element elementor-element-da18d16 e-flex e-con-boxed e-con e-parent\" data-id=\"da18d16\" data-element_type=\"container\" data-e-type=\"container\">\n\t\t\t\t\t<div class=\"e-con-inner\">\n\t\t\t\t<div class=\"elementor-element elementor-element-ba63211 elementor-widget elementor-widget-image\" data-id=\"ba63211\" data-element_type=\"widget\" data-e-type=\"widget\" data-widget_type=\"image.default\">\n\t\t\t\t\t\t\t\t\t\t\t\t<figure class=\"wp-caption\">\n\t\t\t\t\t\t\t\t\t\t<img loading=\"lazy\" decoding=\"async\" width=\"1024\" height=\"633\" src=\"https:\/\/soymigrante.com\/revista\/wp-content\/uploads\/2025\/09\/el-artista-y-9-estorbos-1024x633.png\" class=\"attachment-large size-large wp-image-43616\" alt=\"El artista junto a nueve estorbos: es un autorretrato de Efra\u00edn Recinos acompa\u00f1ado de otros 9 grandes artistas guatemaltecos, todos sus amigos, a los cuales llama &quot;estorbos&quot; como una broma que todos disfrutaron.\" srcset=\"https:\/\/soymigrante.com\/revista\/wp-content\/uploads\/2025\/09\/el-artista-y-9-estorbos-1024x633.png 1024w, https:\/\/soymigrante.com\/revista\/wp-content\/uploads\/2025\/09\/el-artista-y-9-estorbos-300x186.png 300w, https:\/\/soymigrante.com\/revista\/wp-content\/uploads\/2025\/09\/el-artista-y-9-estorbos-768x475.png 768w, https:\/\/soymigrante.com\/revista\/wp-content\/uploads\/2025\/09\/el-artista-y-9-estorbos-750x464.png 750w, https:\/\/soymigrante.com\/revista\/wp-content\/uploads\/2025\/09\/el-artista-y-9-estorbos-1140x705.png 1140w, https:\/\/soymigrante.com\/revista\/wp-content\/uploads\/2025\/09\/el-artista-y-9-estorbos.png 1334w\" sizes=\"(max-width: 1024px) 100vw, 1024px\" title=\"El artista junto a nueve estorbos: es un autorretrato de Efra\u00edn Recinos acompa\u00f1ado de otros 9 grandes artistas guatemaltecos, todos sus amigos, a los cuales llama &quot;estorbos&quot; como una broma que todos disfrutaron. \u2013 SoyMigrante.com REVISTA\" \/>\t\t\t\t\t\t\t\t\t\t\t<figcaption class=\"widget-image-caption wp-caption-text\">El artista junto a nueve estorbos: es un autorretrato de Efra\u00edn Recinos acompa\u00f1ado de otros 9 grandes artistas guatemaltecos, todos sus amigos, a los cuales llama \"estorbos\" como una broma que todos disfrutaron. El autor est\u00e1 marcado con la flecha amarilla.<\/figcaption>\n\t\t\t\t\t\t\t\t\t\t<\/figure>\n\t\t\t\t\t\t\t\t\t<\/div>\n\t\t\t\t\t<\/div>\n\t\t\t\t<\/div>\n\t\t<div data-particle_enable=\"false\" data-particle-mobile-disabled=\"false\" class=\"elementor-element elementor-element-5275974 e-flex e-con-boxed e-con e-parent\" data-id=\"5275974\" data-element_type=\"container\" data-e-type=\"container\">\n\t\t\t\t\t<div class=\"e-con-inner\">\n\t\t\t\t<div class=\"elementor-element elementor-element-bd80a0c elementor-widget elementor-widget-heading\" data-id=\"bd80a0c\" data-element_type=\"widget\" data-e-type=\"widget\" data-widget_type=\"heading.default\">\n\t\t\t\t\t<h3 class=\"elementor-heading-title elementor-size-default\">\u00bfCu\u00e1l es su legado para las nuevas generaciones?<\/h3>\t\t\t\t<\/div>\n\t\t\t\t\t<\/div>\n\t\t\t\t<\/div>\n\t\t<div data-particle_enable=\"false\" data-particle-mobile-disabled=\"false\" class=\"elementor-element elementor-element-5e366cb e-flex e-con-boxed e-con e-parent\" data-id=\"5e366cb\" data-element_type=\"container\" data-e-type=\"container\">\n\t\t\t\t\t<div class=\"e-con-inner\">\n\t\t\t\t<div class=\"elementor-element elementor-element-20ea5d3 elementor-widget elementor-widget-text-editor\" data-id=\"20ea5d3\" data-element_type=\"widget\" data-e-type=\"widget\" data-widget_type=\"text-editor.default\">\n\t\t\t\t\t\t\t\t\t<p><a href=\"https:\/\/noticias.mcd.gob.gt\/2025\/05\/15\/efrain-recinos-un-genio-universal-nacido-en-guatemala\/\" target=\"_blank\" rel=\"noopener\">Efra\u00edn Recinos demostr\u00f3 que el arte puede transformar un pa\u00eds.<\/a> Sus obras no solo embellecen, sino que cuentan historias, rescatan la identidad y transmiten orgullo nacional. Para muchos, es un s\u00edmbolo de creatividad, resistencia cultural y amor por Guatemala.<\/p><p>El maestro Recinos falleci\u00f3 en 2011 y su velorio fue en la Gran Sala del Teatro Nacional que ahora lleva su nombre. Para despedir esta rese\u00f1a, las palabras del artista Pepo Toledo sobre \u00e9l, a quien llamaba El Extraterrestre por su prodigiosa capacidad craetiva.<\/p><p><i>Una nave espacial lo deposit\u00f3 en Xela en 1928. Es ingeniero, urbanista, pintor, escultor, muralista, escen\u00f3grafo, ajedrecista y conocedor de m\u00fasica, cine y letras. No por ser chivo es vegetariano. Fue corredor ol\u00edmpico, profesor de matem\u00e1ticas, de construcci\u00f3n y de una carrera que no exist\u00eda en Guatemala: arquitectura. Aprendi\u00f3 a tocar la marimba, el viol\u00edn y la mandolina.\u00a0<\/i><\/p><p><i><a href=\"https:\/\/www.academia.edu\/attachments\/64590973\/download_file?s=portfolio\">Si deseas leer el texto completo, clic aqu\u00ed.<\/a><\/i><\/p>\t\t\t\t\t\t\t\t<\/div>\n\t\t\t\t\t<\/div>\n\t\t\t\t<\/div>\n\t\t<div data-particle_enable=\"false\" data-particle-mobile-disabled=\"false\" class=\"elementor-element elementor-element-4c703f9 e-flex e-con-boxed e-con e-parent\" data-id=\"4c703f9\" data-element_type=\"container\" data-e-type=\"container\">\n\t\t\t\t\t<div class=\"e-con-inner\">\n\t\t\t\t<div class=\"elementor-element elementor-element-b36341f elementor-grid-eael-col-1 elementor-grid-tablet-eael-col-2 elementor-grid-mobile-eael-col-1 elementor-widget elementor-widget-eael-post-grid\" data-id=\"b36341f\" data-element_type=\"widget\" data-e-type=\"widget\" data-settings=\"{&quot;eael_post_grid_columns&quot;:&quot;eael-col-1&quot;,&quot;eael_post_grid_columns_tablet&quot;:&quot;eael-col-2&quot;,&quot;eael_post_grid_columns_mobile&quot;:&quot;eael-col-1&quot;}\" data-widget_type=\"eael-post-grid.default\">\n\t\t\t\t\t<div id=\"eael-post-grid-b36341f\" class=\"eael-post-grid-container\">\n            <div class=\"eael-post-grid eael-post-appender eael-post-appender-b36341f eael-post-grid-style-one\" data-layout-mode=\"masonry\"><article class=\"eael-grid-post  eael-post-grid-column eael-pg-post-39568 category-guate-nuestra\" data-id=\"39568\">\n        <div class=\"eael-grid-post-holder\">\n            <div class=\"eael-grid-post-holder-inner\"><div class=\"eael-entry-media\"><div class=\"eael-entry-overlay fade-in\"><i class=\"far fa-hand-pointer\" aria-hidden=\"true\"><\/i><a href=\"https:\/\/soymigrante.com\/revista\/gran-teatro-nacional-de-guatemala-ricardo-arjona-conciertos-2025\/\"><\/a><\/div><div class=\"eael-entry-thumbnail \">\n                <img loading=\"lazy\" decoding=\"async\" width=\"1024\" height=\"1024\" src=\"https:\/\/soymigrante.com\/revista\/wp-content\/uploads\/2025\/07\/teatro-nacional-de-guatemala-donde-cantara-arjona-3-1024x1024.png\" class=\"attachment-large size-large wp-image-39588\" alt=\"Admira de cerca el Gran Teatro Nacional de Guatemala (donde Ricardo Arjona ofrecer\u00e1 15 conciertos)\" srcset=\"https:\/\/soymigrante.com\/revista\/wp-content\/uploads\/2025\/07\/teatro-nacional-de-guatemala-donde-cantara-arjona-3-1024x1024.png 1024w, https:\/\/soymigrante.com\/revista\/wp-content\/uploads\/2025\/07\/teatro-nacional-de-guatemala-donde-cantara-arjona-3-300x300.png 300w, https:\/\/soymigrante.com\/revista\/wp-content\/uploads\/2025\/07\/teatro-nacional-de-guatemala-donde-cantara-arjona-3-150x150.png 150w, https:\/\/soymigrante.com\/revista\/wp-content\/uploads\/2025\/07\/teatro-nacional-de-guatemala-donde-cantara-arjona-3-768x768.png 768w, https:\/\/soymigrante.com\/revista\/wp-content\/uploads\/2025\/07\/teatro-nacional-de-guatemala-donde-cantara-arjona-3-75x75.webp 75w, https:\/\/soymigrante.com\/revista\/wp-content\/uploads\/2025\/07\/teatro-nacional-de-guatemala-donde-cantara-arjona-3-750x750.webp 750w, https:\/\/soymigrante.com\/revista\/wp-content\/uploads\/2025\/07\/teatro-nacional-de-guatemala-donde-cantara-arjona-3.webp 1063w\" sizes=\"(max-width: 1024px) 100vw, 1024px\" \/>\n            <\/div>\n        <\/div><div class=\"eael-entry-wrapper\"><header class=\"eael-entry-header\"><h2 class=\"eael-entry-title\"><a class=\"eael-grid-post-link\" href=\"https:\/\/soymigrante.com\/revista\/gran-teatro-nacional-de-guatemala-ricardo-arjona-conciertos-2025\/\" title=\"Admira de cerca el Gran Teatro Nacional de Guatemala (donde Ricardo Arjona ofrecer\u00e1 15 conciertos)\">Admira de cerca el Gran Teatro Nacional de Guatemala (donde Ricardo Arjona ofrecer\u00e1 15 conciertos)<\/a><\/h2><\/header><div class=\"eael-entry-content\">\n                        <div class=\"eael-grid-post-excerpt\"><a href=\"https:\/\/soymigrante.com\/revista\/gran-teatro-nacional-de-guatemala-ricardo-arjona-conciertos-2025\/\" class=\"eael-post-elements-readmore-btn\">CONOCE SU HISTORIA <\/a><\/div>\n                    <\/div><\/div><\/div>\n        <\/div>\n    <\/article><\/div>\n            <div class=\"clearfix\"><\/div>\n        <\/div>\t\t\t\t<\/div>\n\t\t\t\t\t<\/div>\n\t\t\t\t<\/div>\n\t\t<div data-particle_enable=\"false\" data-particle-mobile-disabled=\"false\" class=\"elementor-element elementor-element-bfdf2df e-flex e-con-boxed e-con e-parent\" data-id=\"bfdf2df\" data-element_type=\"container\" data-e-type=\"container\">\n\t\t\t\t\t<div class=\"e-con-inner\">\n\t\t\t\t<div class=\"elementor-element elementor-element-c9e26b1 elementor-widget elementor-widget-heading\" data-id=\"c9e26b1\" data-element_type=\"widget\" data-e-type=\"widget\" data-widget_type=\"heading.default\">\n\t\t\t\t\t<h2 class=\"elementor-heading-title elementor-size-default\">Conoce  historias inspiradoras de artistas migrantes<\/h2>\t\t\t\t<\/div>\n\t\t\t\t\t<\/div>\n\t\t\t\t<\/div>\n\t\t<div data-particle_enable=\"false\" data-particle-mobile-disabled=\"false\" class=\"elementor-element elementor-element-1f87f87 e-flex e-con-boxed e-con e-parent\" data-id=\"1f87f87\" data-element_type=\"container\" data-e-type=\"container\">\n\t\t\t\t\t<div class=\"e-con-inner\">\n\t\t\t\t<div class=\"elementor-element elementor-element-0ac0e09 elementor-grid-eael-col-3 elementor-grid-tablet-eael-col-2 elementor-grid-mobile-eael-col-1 elementor-widget elementor-widget-eael-post-grid\" data-id=\"0ac0e09\" data-element_type=\"widget\" data-e-type=\"widget\" data-settings=\"{&quot;eael_post_grid_columns&quot;:&quot;eael-col-3&quot;,&quot;eael_post_grid_columns_tablet&quot;:&quot;eael-col-2&quot;,&quot;eael_post_grid_columns_mobile&quot;:&quot;eael-col-1&quot;}\" data-widget_type=\"eael-post-grid.default\">\n\t\t\t\t\t<div id=\"eael-post-grid-0ac0e09\" class=\"eael-post-grid-container\">\n            <div class=\"eael-post-grid eael-post-appender eael-post-appender-0ac0e09 eael-post-grid-style-one\" data-layout-mode=\"masonry\"><article class=\"eael-grid-post  eael-post-grid-column eael-pg-post-33014 category-exitos-guatemala\" data-id=\"33014\">\n        <div class=\"eael-grid-post-holder\">\n            <div class=\"eael-grid-post-holder-inner\"><div class=\"eael-entry-media\"><div class=\"eael-entry-overlay fade-in\"><i class=\"far fa-hand-pointer\" aria-hidden=\"true\"><\/i><a href=\"https:\/\/soymigrante.com\/revista\/artista-guatemalteca-sharley-rodriguez-vive-para-crear-y-crea-para-inspirar-en-nashville-tennessee\/\"><\/a><\/div><div class=\"eael-entry-thumbnail \">\n                <img loading=\"lazy\" decoding=\"async\" width=\"1024\" height=\"1024\" src=\"https:\/\/soymigrante.com\/revista\/wp-content\/uploads\/2025\/05\/shirley-rodriguez-pintora-guatemalteca-tennessee-cuadrada-1024x1024.jpg\" class=\"attachment-large size-large wp-image-33015\" alt=\"Coj\u00edn de piel con pintura art\u00edstica que representa la cultura y paisajes de M\u00e9xico, con tem\u00e1tica de migrantes y ra\u00edces mexicanas.\" srcset=\"https:\/\/soymigrante.com\/revista\/wp-content\/uploads\/2025\/05\/shirley-rodriguez-pintora-guatemalteca-tennessee-cuadrada-1024x1024.jpg 1024w, https:\/\/soymigrante.com\/revista\/wp-content\/uploads\/2025\/05\/shirley-rodriguez-pintora-guatemalteca-tennessee-cuadrada-300x300.jpg 300w, https:\/\/soymigrante.com\/revista\/wp-content\/uploads\/2025\/05\/shirley-rodriguez-pintora-guatemalteca-tennessee-cuadrada-150x150.jpg 150w, https:\/\/soymigrante.com\/revista\/wp-content\/uploads\/2025\/05\/shirley-rodriguez-pintora-guatemalteca-tennessee-cuadrada-768x768.jpg 768w, https:\/\/soymigrante.com\/revista\/wp-content\/uploads\/2025\/05\/shirley-rodriguez-pintora-guatemalteca-tennessee-cuadrada-75x75.webp 75w, https:\/\/soymigrante.com\/revista\/wp-content\/uploads\/2025\/05\/shirley-rodriguez-pintora-guatemalteca-tennessee-cuadrada-750x750.webp 750w, https:\/\/soymigrante.com\/revista\/wp-content\/uploads\/2025\/05\/shirley-rodriguez-pintora-guatemalteca-tennessee-cuadrada.webp 1094w\" sizes=\"(max-width: 1024px) 100vw, 1024px\" \/>\n            <\/div>\n        <\/div><div class=\"eael-entry-wrapper\"><header class=\"eael-entry-header\"><h2 class=\"eael-entry-title\"><a class=\"eael-grid-post-link\" href=\"https:\/\/soymigrante.com\/revista\/artista-guatemalteca-sharley-rodriguez-vive-para-crear-y-crea-para-inspirar-en-nashville-tennessee\/\" title=\"Artista guatemalteca Sharley Rodr\u00edguez vive para crear y crea para inspirar en Nashville, Tennessee\">Artista guatemalteca Sharley Rodr\u00edguez vive para crear y crea para inspirar en Nashville, Tennessee<\/a><\/h2><\/header><div class=\"eael-entry-content\">\n                        <div class=\"eael-grid-post-excerpt\"><a href=\"https:\/\/soymigrante.com\/revista\/artista-guatemalteca-sharley-rodriguez-vive-para-crear-y-crea-para-inspirar-en-nashville-tennessee\/\" class=\"eael-post-elements-readmore-btn\">CONOCE SU HISTORIA <\/a><\/div>\n                    <\/div><\/div><\/div>\n        <\/div>\n    <\/article><article class=\"eael-grid-post  eael-post-grid-column eael-pg-post-19344 category-guate-nuestra tags-mercado-emprendedores\" data-id=\"19344\">\n        <div class=\"eael-grid-post-holder\">\n            <div class=\"eael-grid-post-holder-inner\"><div class=\"eael-entry-media\"><div class=\"eael-entry-overlay fade-in\"><i class=\"far fa-hand-pointer\" aria-hidden=\"true\"><\/i><a href=\"https:\/\/soymigrante.com\/revista\/artista-david-de-paz-convierte-el-sentimiento-en-pinturas-de-arte-qeq\/\"><\/a><\/div><div class=\"eael-entry-thumbnail \">\n                <img loading=\"lazy\" decoding=\"async\" width=\"914\" height=\"914\" src=\"https:\/\/soymigrante.com\/revista\/wp-content\/uploads\/2025\/01\/David-Armando-De-Paz-Lopez-2.webp\" class=\"attachment-large size-large wp-image-19398\" alt=\"Retrato de un hombre con gafas y cabello largo en una galer\u00eda de arte, sonriendo.\" srcset=\"https:\/\/soymigrante.com\/revista\/wp-content\/uploads\/2025\/01\/David-Armando-De-Paz-Lopez-2.webp 914w, https:\/\/soymigrante.com\/revista\/wp-content\/uploads\/2025\/01\/David-Armando-De-Paz-Lopez-2-300x300.jpeg 300w, https:\/\/soymigrante.com\/revista\/wp-content\/uploads\/2025\/01\/David-Armando-De-Paz-Lopez-2-150x150.jpeg 150w, https:\/\/soymigrante.com\/revista\/wp-content\/uploads\/2025\/01\/David-Armando-De-Paz-Lopez-2-768x768.jpeg 768w, https:\/\/soymigrante.com\/revista\/wp-content\/uploads\/2025\/01\/David-Armando-De-Paz-Lopez-2-75x75.webp 75w, https:\/\/soymigrante.com\/revista\/wp-content\/uploads\/2025\/01\/David-Armando-De-Paz-Lopez-2-750x750.webp 750w\" sizes=\"(max-width: 914px) 100vw, 914px\" \/>\n            <\/div>\n        <\/div><div class=\"eael-entry-wrapper\"><header class=\"eael-entry-header\"><h2 class=\"eael-entry-title\"><a class=\"eael-grid-post-link\" href=\"https:\/\/soymigrante.com\/revista\/artista-david-de-paz-convierte-el-sentimiento-en-pinturas-de-arte-qeq\/\" title=\"Artista David de Paz transforma emociones en la expresi\u00f3n viva de Arte Q&#8217;eq y est\u00e1 en Mercado\">Artista David de Paz transforma emociones en la expresi\u00f3n viva de Arte Q&#8217;eq y est\u00e1 en Mercado<\/a><\/h2><\/header><div class=\"eael-entry-content\">\n                        <div class=\"eael-grid-post-excerpt\"><a href=\"https:\/\/soymigrante.com\/revista\/artista-david-de-paz-convierte-el-sentimiento-en-pinturas-de-arte-qeq\/\" class=\"eael-post-elements-readmore-btn\">CONOCE SU HISTORIA <\/a><\/div>\n                    <\/div><\/div><\/div>\n        <\/div>\n    <\/article><article class=\"eael-grid-post  eael-post-grid-column eael-pg-post-1084 category-exitos tags-california\" data-id=\"1084\">\n        <div class=\"eael-grid-post-holder\">\n            <div class=\"eael-grid-post-holder-inner\"><div class=\"eael-entry-media\"><div class=\"eael-entry-overlay fade-in\"><i class=\"far fa-hand-pointer\" aria-hidden=\"true\"><\/i><a href=\"https:\/\/soymigrante.com\/revista\/nuestro-deber-es-impulsar-nuevos-suenos-raul-monterroso-artista-y-constructor-en-l-a\/\"><\/a><\/div><div class=\"eael-entry-thumbnail \">\n                <img loading=\"lazy\" decoding=\"async\" width=\"719\" height=\"719\" src=\"https:\/\/soymigrante.com\/revista\/wp-content\/uploads\/2023\/05\/senor-con-raul.webp\" class=\"attachment-large size-large wp-image-20784\" alt=\"Cristo crucificado y figuras religiosas en un altar en una presentaci\u00f3n cultural.\" srcset=\"https:\/\/soymigrante.com\/revista\/wp-content\/uploads\/2023\/05\/senor-con-raul.webp 719w, https:\/\/soymigrante.com\/revista\/wp-content\/uploads\/2023\/05\/senor-con-raul-300x300.jpg 300w, https:\/\/soymigrante.com\/revista\/wp-content\/uploads\/2023\/05\/senor-con-raul-150x150.jpg 150w, https:\/\/soymigrante.com\/revista\/wp-content\/uploads\/2023\/05\/senor-con-raul-75x75.webp 75w\" sizes=\"(max-width: 719px) 100vw, 719px\" \/>\n            <\/div>\n        <\/div><div class=\"eael-entry-wrapper\"><header class=\"eael-entry-header\"><h2 class=\"eael-entry-title\"><a class=\"eael-grid-post-link\" href=\"https:\/\/soymigrante.com\/revista\/nuestro-deber-es-impulsar-nuevos-suenos-raul-monterroso-artista-y-constructor-en-l-a\/\" title=\"Artista migrante Ra\u00fal Monterroso  elabora piezas en homenaje a emblemas de Guatemala\">Artista migrante Ra\u00fal Monterroso  elabora piezas en homenaje a emblemas de Guatemala<\/a><\/h2><\/header><div class=\"eael-entry-content\">\n                        <div class=\"eael-grid-post-excerpt\"><a href=\"https:\/\/soymigrante.com\/revista\/nuestro-deber-es-impulsar-nuevos-suenos-raul-monterroso-artista-y-constructor-en-l-a\/\" class=\"eael-post-elements-readmore-btn\">CONOCE SU HISTORIA <\/a><\/div>\n                    <\/div><\/div><\/div>\n        <\/div>\n    <\/article><\/div>\n            <div class=\"clearfix\"><\/div>\n        <\/div>\t\t\t\t<\/div>\n\t\t\t\t\t<\/div>\n\t\t\t\t<\/div>\n\t\t\t\t<\/div>\n\t\t","protected":false},"excerpt":{"rendered":"<p>El arte de Efra\u00edn Recinos es total: pintura, escultura, arquitectura. El Gran Teatro Nacional es su obra m\u00e1xima, pero en cada pieza que cre\u00f3 sobre lienzo, mural o metal, est\u00e1 su esp\u00edritu de desafiante creatividad. Efra\u00edn Enrique Recinos Valenzuela (1928\u20132011) fue un arquitecto, pintor, muralista, escultor y artista integral guatemalteco. Naci\u00f3 en Quetzaltenango y desde [&hellip;]<\/p>\n","protected":false},"author":19,"featured_media":43608,"comment_status":"open","ping_status":"open","sticky":false,"template":"","format":"standard","meta":{"_acf_changed":false,"_eb_attr":"","footnotes":""},"categories":[91],"tags":[],"class_list":["post-43400","post","type-post","status-publish","format-standard","has-post-thumbnail","hentry","category-arte-cultura"],"acf":[],"aioseo_notices":[],"aioseo_head":"\n\t\t<!-- All in One SEO Pro 4.9.6.2 - aioseo.com -->\n\t<meta name=\"description\" content=\"Ra\u00fal Monterroso trabaja en construcci\u00f3n,em \u00d1ps Angeles, pero la escultura es su gran pasi\u00f3n y ha creado r\u00e9plicas de El Gran Jaguar o la Bas\u00edlica de Esquipulas.\" \/>\n\t<meta name=\"robots\" content=\"max-snippet:-1, max-image-preview:large, max-video-preview:-1\" \/>\n\t<meta name=\"author\" content=\"Gustavo Montenegro\"\/>\n\t<link rel=\"canonical\" href=\"https:\/\/soymigrante.com\/revista\/nuestro-deber-es-impulsar-nuevos-suenos-raul-monterroso-artista-y-constructor-en-l-a\/\" \/>\n\t<meta name=\"generator\" content=\"All in One SEO Pro (AIOSEO) 4.9.6.2\" \/>\n\n\t\t<link rel=\"preconnect\" href=\"https:\/\/fonts.googleapis.com\" crossorigin>\n<link rel=\"preconnect\" href=\"https:\/\/fonts.gstatic.com\" crossorigin>\n\t\t<meta property=\"og:locale\" content=\"es_ES\" \/>\n\t\t<meta property=\"og:site_name\" content=\"SoyMigrante.com REVISTA \u2013 Nuestra misi\u00f3n es reconocer y dignificar al migrante.\" \/>\n\t\t<meta property=\"og:type\" content=\"article\" \/>\n\t\t<meta property=\"og:title\" content=\"Artista guatemalteco en Los Angeles crea piezas ic\u00f3nicas\" \/>\n\t\t<meta property=\"og:description\" content=\"Ra\u00fal Monterroso trabaja en construcci\u00f3n,em \u00d1ps Angeles, pero la escultura es su gran pasi\u00f3n y ha creado r\u00e9plicas de El Gran Jaguar o la Bas\u00edlica de Esquipulas.\" \/>\n\t\t<meta property=\"og:url\" content=\"https:\/\/soymigrante.com\/revista\/nuestro-deber-es-impulsar-nuevos-suenos-raul-monterroso-artista-y-constructor-en-l-a\/\" \/>\n\t\t<meta property=\"og:image\" content=\"https:\/\/soymigrante.com\/revista\/wp-content\/uploads\/2023\/05\/senor-con-raul.webp\" \/>\n\t\t<meta property=\"og:image:secure_url\" content=\"https:\/\/soymigrante.com\/revista\/wp-content\/uploads\/2023\/05\/senor-con-raul.webp\" \/>\n\t\t<meta property=\"og:image:width\" content=\"719\" \/>\n\t\t<meta property=\"og:image:height\" content=\"719\" \/>\n\t\t<meta property=\"article:published_time\" content=\"2023-05-29T16:17:59+00:00\" \/>\n\t\t<meta property=\"article:modified_time\" content=\"2026-03-11T22:29:29+00:00\" \/>\n\t\t<meta property=\"article:publisher\" content=\"https:\/\/www.facebook.com\/soymigrantecom\" \/>\n\t\t<meta name=\"twitter:card\" content=\"summary_large_image\" \/>\n\t\t<meta name=\"twitter:site\" content=\"@SoyMigrante_com\" \/>\n\t\t<meta name=\"twitter:title\" content=\"Artista guatemalteco en Los Angeles crea piezas ic\u00f3nicas\" \/>\n\t\t<meta name=\"twitter:description\" content=\"Ra\u00fal Monterroso trabaja en construcci\u00f3n,em \u00d1ps Angeles, pero la escultura es su gran pasi\u00f3n y ha creado r\u00e9plicas de El Gran Jaguar o la Bas\u00edlica de Esquipulas.\" \/>\n\t\t<meta name=\"twitter:creator\" content=\"@SoyMigrante_com\" \/>\n\t\t<meta name=\"twitter:image\" content=\"https:\/\/soymigrante.com\/revista\/wp-content\/uploads\/2023\/05\/senor-con-raul.webp\" \/>\n\t\t<!-- All in One SEO Pro -->\r\n\t\t<title>Artista guatemalteco en Los Angeles crea piezas ic\u00f3nicas<\/title>\n\n","aioseo_head_json":{"title":"Artista guatemalteco en Los Angeles crea piezas ic\u00f3nicas","description":"Ra\u00fal Monterroso trabaja en construcci\u00f3n,em \u00d1ps Angeles, pero la escultura es su gran pasi\u00f3n y ha creado r\u00e9plicas de El Gran Jaguar o la Bas\u00edlica de Esquipulas.","canonical_url":"https:\/\/soymigrante.com\/revista\/nuestro-deber-es-impulsar-nuevos-suenos-raul-monterroso-artista-y-constructor-en-l-a\/","robots":"max-snippet:-1, max-image-preview:large, max-video-preview:-1","keywords":"","webmasterTools":{"miscellaneous":"&lt;link rel=\"preconnect\" href=\"https:\/\/fonts.googleapis.com\" crossorigin&gt;\n&lt;link rel=\"preconnect\" href=\"https:\/\/fonts.gstatic.com\" crossorigin&gt;"},"schema":null,"og:locale":"es_ES","og:site_name":"SoyMigrante.com REVISTA \u2013 Nuestra misi\u00f3n es reconocer y dignificar al migrante.","og:type":"article","og:title":"Artista guatemalteco en Los Angeles crea piezas ic\u00f3nicas","og:description":"Ra\u00fal Monterroso trabaja en construcci\u00f3n,em \u00d1ps Angeles, pero la escultura es su gran pasi\u00f3n y ha creado r\u00e9plicas de El Gran Jaguar o la Bas\u00edlica de Esquipulas.","og:url":"https:\/\/soymigrante.com\/revista\/nuestro-deber-es-impulsar-nuevos-suenos-raul-monterroso-artista-y-constructor-en-l-a\/","og:image":"https:\/\/soymigrante.com\/revista\/wp-content\/uploads\/2023\/05\/senor-con-raul.webp","og:image:secure_url":"https:\/\/soymigrante.com\/revista\/wp-content\/uploads\/2023\/05\/senor-con-raul.webp","og:image:width":719,"og:image:height":719,"article:published_time":"2023-05-29T16:17:59+00:00","article:modified_time":"2026-03-11T22:29:29+00:00","article:publisher":"https:\/\/www.facebook.com\/soymigrantecom","twitter:card":"summary_large_image","twitter:site":"@SoyMigrante_com","twitter:title":"Artista guatemalteco en Los Angeles crea piezas ic\u00f3nicas","twitter:description":"Ra\u00fal Monterroso trabaja en construcci\u00f3n,em \u00d1ps Angeles, pero la escultura es su gran pasi\u00f3n y ha creado r\u00e9plicas de El Gran Jaguar o la Bas\u00edlica de Esquipulas.","twitter:creator":"@SoyMigrante_com","twitter:image":"https:\/\/soymigrante.com\/revista\/wp-content\/uploads\/2023\/05\/senor-con-raul.webp"},"aioseo_meta_data":{"post_id":"43400","title":"Efra\u00edn Recinos y su genio monumental vive por siempre","description":"El arte de Efra\u00edn Recinos (1928-2011) est\u00e1 por todas partes pero sin duda su mayor obra es el Gran Teatro Nacional. Due\u00f1o de un estilo \u00fanico e irrepetible, imagin\u00f3 y cre\u00f3.","keywords":null,"keyphrases":{"focus":{"keyphrase":"Efra\u00edn Recinos","score":82,"analysis":{"keyphraseInTitle":{"score":9,"maxScore":9,"error":0},"keyphraseInDescription":{"score":9,"maxScore":9,"error":0},"keyphraseLength":{"score":9,"maxScore":9,"error":0,"length":3},"keyphraseInURL":{"score":5,"maxScore":5,"error":0},"keyphraseInIntroduction":{"score":3,"maxScore":9,"error":1},"keyphraseInSubHeadings":{"score":3,"maxScore":9,"error":1},"keyphraseInImageAlt":{"score":9,"maxScore":9,"error":0},"keywordDensity":{"type":"best","score":9,"maxScore":9,"error":0}}},"additional":[{"keyphrase":"Guatemala","score":73,"analysis":{"keyphraseInDescription":{"score":3,"maxScore":9,"error":1},"keyphraseLength":{"score":9,"maxScore":9,"error":0,"length":1},"keyphraseInIntroduction":{"score":3,"maxScore":9,"error":1},"keyphraseInImageAlt":{"score":9,"maxScore":9,"error":0},"keywordDensity":{"type":"best","score":9,"maxScore":9,"error":0}}}]},"primary_term":null,"canonical_url":null,"og_title":null,"og_description":null,"og_object_type":"default","og_image_type":"default","og_image_url":null,"og_image_width":null,"og_image_height":null,"og_image_custom_url":null,"og_image_custom_fields":null,"og_video":"","og_custom_url":null,"og_article_section":null,"og_article_tags":null,"twitter_use_og":false,"twitter_card":"default","twitter_image_type":"default","twitter_image_url":null,"twitter_image_custom_url":null,"twitter_image_custom_fields":null,"twitter_title":null,"twitter_description":null,"schema":{"blockGraphs":[],"customGraphs":[],"default":{"data":{"Article":[],"Course":[],"Dataset":[],"FAQPage":[],"Movie":[],"Person":[],"Product":[],"ProductReview":[],"Car":[],"Recipe":[],"Service":[],"SoftwareApplication":[],"WebPage":[]},"graphName":"none","isEnabled":true},"graphs":[]},"schema_type":"default","schema_type_options":null,"pillar_content":false,"robots_default":true,"robots_noindex":false,"robots_noarchive":false,"robots_nosnippet":false,"robots_nofollow":false,"robots_noimageindex":false,"robots_noodp":false,"robots_notranslate":false,"robots_max_snippet":"-1","robots_max_videopreview":"-1","robots_max_imagepreview":"large","priority":null,"frequency":"default","local_seo":null,"seo_analyzer_scan_date":"2025-10-30 15:28:27","breadcrumb_settings":null,"limit_modified_date":false,"reviewed_by":"0","open_ai":null,"ai":{"faqs":[],"keyPoints":[],"titles":[],"descriptions":[],"socialPosts":{"email":[],"linkedin":[],"twitter":[],"facebook":[],"instagram":[]}},"created":"2025-09-01 23:18:27","updated":"2026-02-05 04:34:42"},"aioseo_breadcrumb":"<div class=\"aioseo-breadcrumbs\"><span class=\"aioseo-breadcrumb\">\n\t<a href=\"https:\/\/soymigrante.com\/revista\" title=\"Home\">Home<\/a>\n<\/span><span class=\"aioseo-breadcrumb-separator\">\u00bb<\/span><span class=\"aioseo-breadcrumb\">\n\t<a href=\"https:\/\/soymigrante.com\/revista\/category\/guate-nuestra\/\" title=\"Guate Nuestra\">Guate Nuestra<\/a>\n<\/span><span class=\"aioseo-breadcrumb-separator\">\u00bb<\/span><span class=\"aioseo-breadcrumb\">\n\t<a href=\"https:\/\/soymigrante.com\/revista\/category\/guate-nuestra\/arte-cultura\/\" title=\"Cultura de Guatemala\">Cultura de Guatemala<\/a>\n<\/span><span class=\"aioseo-breadcrumb-separator\">\u00bb<\/span><span class=\"aioseo-breadcrumb\">\n\tMira arte guatemalteco: Efra\u00edn Recinos, un genio que sigue a la vista de todos\n<\/span><\/div>","aioseo_breadcrumb_json":[{"label":"Home","link":"https:\/\/soymigrante.com\/revista"},{"label":"Guate Nuestra","link":"https:\/\/soymigrante.com\/revista\/category\/guate-nuestra\/"},{"label":"Cultura de Guatemala","link":"https:\/\/soymigrante.com\/revista\/category\/guate-nuestra\/arte-cultura\/"},{"label":"Mira arte guatemalteco: Efra\u00edn Recinos, un genio que sigue a la vista de todos","link":"https:\/\/soymigrante.com\/revista\/efrain-recinos-un-genio-del-arte-guatemalteco-que-vivira-siempre\/"}],"_links":{"self":[{"href":"https:\/\/soymigrante.com\/revista\/wp-json\/wp\/v2\/posts\/43400","targetHints":{"allow":["GET"]}}],"collection":[{"href":"https:\/\/soymigrante.com\/revista\/wp-json\/wp\/v2\/posts"}],"about":[{"href":"https:\/\/soymigrante.com\/revista\/wp-json\/wp\/v2\/types\/post"}],"author":[{"embeddable":true,"href":"https:\/\/soymigrante.com\/revista\/wp-json\/wp\/v2\/users\/19"}],"replies":[{"embeddable":true,"href":"https:\/\/soymigrante.com\/revista\/wp-json\/wp\/v2\/comments?post=43400"}],"version-history":[{"count":26,"href":"https:\/\/soymigrante.com\/revista\/wp-json\/wp\/v2\/posts\/43400\/revisions"}],"predecessor-version":[{"id":47917,"href":"https:\/\/soymigrante.com\/revista\/wp-json\/wp\/v2\/posts\/43400\/revisions\/47917"}],"wp:featuredmedia":[{"embeddable":true,"href":"https:\/\/soymigrante.com\/revista\/wp-json\/wp\/v2\/media\/43608"}],"wp:attachment":[{"href":"https:\/\/soymigrante.com\/revista\/wp-json\/wp\/v2\/media?parent=43400"}],"wp:term":[{"taxonomy":"category","embeddable":true,"href":"https:\/\/soymigrante.com\/revista\/wp-json\/wp\/v2\/categories?post=43400"},{"taxonomy":"post_tag","embeddable":true,"href":"https:\/\/soymigrante.com\/revista\/wp-json\/wp\/v2\/tags?post=43400"}],"curies":[{"name":"wp","href":"https:\/\/api.w.org\/{rel}","templated":true}]}}