{"id":4337,"date":"2025-01-04T11:38:41","date_gmt":"2025-01-04T17:38:41","guid":{"rendered":"https:\/\/soymigrante.com\/revista\/?p=4337"},"modified":"2026-01-08T09:32:17","modified_gmt":"2026-01-08T15:32:17","slug":"cristo-esquipulas-veneracion-migrantes-basilica-estados-unidos-guatemala","status":"publish","type":"post","link":"https:\/\/soymigrante.com\/revista\/cristo-esquipulas-veneracion-migrantes-basilica-estados-unidos-guatemala\/","title":{"rendered":"Santo Cristo de Esquipulas: m\u00e1s de cuatro siglos de veneraci\u00f3n sin fronteras"},"content":{"rendered":"\t\t<div data-elementor-type=\"wp-post\" data-elementor-id=\"4337\" class=\"elementor elementor-4337\" data-elementor-post-type=\"post\">\n\t\t\t\t\t\t<section data-particle_enable=\"false\" data-particle-mobile-disabled=\"false\" class=\"elementor-section elementor-top-section elementor-element elementor-element-21d241f elementor-section-boxed elementor-section-height-default elementor-section-height-default\" data-id=\"21d241f\" data-element_type=\"section\" data-e-type=\"section\">\n\t\t\t\t\t\t<div class=\"elementor-container elementor-column-gap-default\">\n\t\t\t\t\t<div class=\"elementor-column elementor-col-100 elementor-top-column elementor-element elementor-element-5de6970\" data-id=\"5de6970\" data-element_type=\"column\" data-e-type=\"column\">\n\t\t\t<div class=\"elementor-widget-wrap elementor-element-populated\">\n\t\t\t\t\t\t<div class=\"elementor-element elementor-element-485744e elementor-widget elementor-widget-heading\" data-id=\"485744e\" data-element_type=\"widget\" data-e-type=\"widget\" data-widget_type=\"heading.default\">\n\t\t\t\t\t<h2 class=\"elementor-heading-title elementor-size-default\">Cristo de Esquipulas es el centro de la devoci\u00f3n de millones de peregrinos que llegan a su Bas\u00edlica a lo largo del a\u00f1o, pero sobre todo en su fiesta del 15 de enero. \u00bfPor qu\u00e9 esta fecha? \u00bfCu\u00e1ndo fue tallada la imagen? Preguntas y respuestas, aqu\u00ed.<\/h2>\t\t\t\t<\/div>\n\t\t\t\t\t<\/div>\n\t\t<\/div>\n\t\t\t\t\t<\/div>\n\t\t<\/section>\n\t\t\t\t<section data-particle_enable=\"false\" data-particle-mobile-disabled=\"false\" class=\"elementor-section elementor-top-section elementor-element elementor-element-5c4622b elementor-section-boxed elementor-section-height-default elementor-section-height-default\" data-id=\"5c4622b\" data-element_type=\"section\" data-e-type=\"section\">\n\t\t\t\t\t\t<div class=\"elementor-container elementor-column-gap-default\">\n\t\t\t\t\t<div class=\"elementor-column elementor-col-100 elementor-top-column elementor-element elementor-element-6f3db5b\" data-id=\"6f3db5b\" data-element_type=\"column\" data-e-type=\"column\">\n\t\t\t<div class=\"elementor-widget-wrap elementor-element-populated\">\n\t\t\t\t\t\t<div class=\"elementor-element elementor-element-ace40c4 elementor-widget elementor-widget-image\" data-id=\"ace40c4\" data-element_type=\"widget\" data-e-type=\"widget\" data-widget_type=\"image.default\">\n\t\t\t\t\t\t\t\t\t\t\t\t<figure class=\"wp-caption\">\n\t\t\t\t\t\t\t\t\t\t<img fetchpriority=\"high\" decoding=\"async\" width=\"1024\" height=\"768\" src=\"https:\/\/soymigrante.com\/revista\/wp-content\/uploads\/2024\/01\/IMG-20240104-WA00421-1024x768.webp\" class=\"attachment-large size-large wp-image-4343\" alt=\"\" srcset=\"https:\/\/soymigrante.com\/revista\/wp-content\/uploads\/2024\/01\/IMG-20240104-WA00421-1024x768.webp 1024w, https:\/\/soymigrante.com\/revista\/wp-content\/uploads\/2024\/01\/IMG-20240104-WA00421-300x225.webp 300w, https:\/\/soymigrante.com\/revista\/wp-content\/uploads\/2024\/01\/IMG-20240104-WA00421-768x576.webp 768w, https:\/\/soymigrante.com\/revista\/wp-content\/uploads\/2024\/01\/IMG-20240104-WA00421-1536x1152.webp 1536w, https:\/\/soymigrante.com\/revista\/wp-content\/uploads\/2024\/01\/IMG-20240104-WA00421-750x563.webp 750w, https:\/\/soymigrante.com\/revista\/wp-content\/uploads\/2024\/01\/IMG-20240104-WA00421-1140x855.webp 1140w, https:\/\/soymigrante.com\/revista\/wp-content\/uploads\/2024\/01\/IMG-20240104-WA00421.webp 1600w\" sizes=\"(max-width: 1024px) 100vw, 1024px\" title=\"De toda Guatemala, de pa\u00edses vecinos y tambi\u00e9n desde Estados Unidos llegan los peregrinos a venerar al Santo Cristo de Esquipulas, a lo largo de todo el a\u00f1o pero especialmente en su fiesta, el 15 de enero. (Fotogaf\u00eda cortes\u00eda Adriana \u00c1vila especial para SoyMigrante.com) \u2013 SoyMigrante.com REVISTA\" \/>\t\t\t\t\t\t\t\t\t\t\t<figcaption class=\"widget-image-caption wp-caption-text\">De toda Guatemala, de pa\u00edses vecinos y tambi\u00e9n desde Estados Unidos llegan los peregrinos a venerar al Santo Cristo de Esquipulas, a lo largo de todo el a\u00f1o pero especialmente en su fiesta, el 15 de enero. (Fotogaf\u00eda cortes\u00eda Adriana \u00c1vila especial para SoyMigrante.com)<\/figcaption>\n\t\t\t\t\t\t\t\t\t\t<\/figure>\n\t\t\t\t\t\t\t\t\t<\/div>\n\t\t\t\t\t<\/div>\n\t\t<\/div>\n\t\t\t\t\t<\/div>\n\t\t<\/section>\n\t\t\t\t<section data-particle_enable=\"false\" data-particle-mobile-disabled=\"false\" class=\"elementor-section elementor-top-section elementor-element elementor-element-aeb3ae2 elementor-section-boxed elementor-section-height-default elementor-section-height-default\" data-id=\"aeb3ae2\" data-element_type=\"section\" data-e-type=\"section\">\n\t\t\t\t\t\t<div class=\"elementor-container elementor-column-gap-default\">\n\t\t\t\t\t<div class=\"elementor-column elementor-col-100 elementor-top-column elementor-element elementor-element-68c0133\" data-id=\"68c0133\" data-element_type=\"column\" data-e-type=\"column\">\n\t\t\t<div class=\"elementor-widget-wrap elementor-element-populated\">\n\t\t\t\t\t\t<div class=\"elementor-element elementor-element-3d8a15e elementor-widget elementor-widget-heading\" data-id=\"3d8a15e\" data-element_type=\"widget\" data-e-type=\"widget\" data-widget_type=\"heading.default\">\n\t\t\t\t\t<h3 class=\"elementor-heading-title elementor-size-default\">1. \u00bfCu\u00e1ntos peregrinos llegan a la Bas\u00edlica del Cristo de Esquipulas cada a\u00f1o? <\/h3>\t\t\t\t<\/div>\n\t\t\t\t\t<\/div>\n\t\t<\/div>\n\t\t\t\t\t<\/div>\n\t\t<\/section>\n\t\t\t\t<section data-particle_enable=\"false\" data-particle-mobile-disabled=\"false\" class=\"elementor-section elementor-top-section elementor-element elementor-element-04071dc elementor-section-boxed elementor-section-height-default elementor-section-height-default\" data-id=\"04071dc\" data-element_type=\"section\" data-e-type=\"section\">\n\t\t\t\t\t\t<div class=\"elementor-container elementor-column-gap-default\">\n\t\t\t\t\t<div class=\"elementor-column elementor-col-100 elementor-top-column elementor-element elementor-element-2efd338\" data-id=\"2efd338\" data-element_type=\"column\" data-e-type=\"column\">\n\t\t\t<div class=\"elementor-widget-wrap elementor-element-populated\">\n\t\t\t\t\t\t<div class=\"elementor-element elementor-element-cbae742 elementor-widget elementor-widget-text-editor\" data-id=\"cbae742\" data-element_type=\"widget\" data-e-type=\"widget\" data-widget_type=\"text-editor.default\">\n\t\t\t\t\t\t\t\t\t<p>La Bas\u00edlica del Cristo de Esquipulas, en <a href=\"https:\/\/soymigrante.com\/revista\/departamentos-de-guatemala-chiquimula-la-perla-de-oriente-cumple-200-anos-este-2025\/\">Chiquimula<\/a>, Guatemala,\u00a0 es un templo cat\u00f3lico al que toda persona puede ingresar y si quiere, puede hacer la fila para pasar, durante algunos segundos, ante a la consagrada imagen del crucificado que tiene 439 a\u00f1os de antig\u00fcedad.\u00a0<span style=\"color: var( --e-global-color-text );\">A diario llegan cientos\u00a0 de personas a orar y venerarlo.\u00a0\u00a0<\/span><\/p><p><span style=\"color: var( --e-global-color-text );\">Durante la solemnidad de cada 15 de enero se calcula que llegan entre 200 mil a 250 mil personas, de Guatemala, M\u00e9xico, Honduras, El Salvador y tambi\u00e9n de Estados Unidos. Estimaciones del Instituto Guatemalteco de Turismo apuntan a 1 mill\u00f3n 500 mil visitantes por a\u00f1o, tomando en cuenta que llegan n\u00facleos familiares, excursiones y comitivas de peregrinaci\u00f3n provenientes de todas localidades del pa\u00eds.\u00a0<\/span><\/p><p><span style=\"color: var( --e-global-color-text );\">Dentro de los devotos suele haber muchos migrantes guatemaltecos que logran volver al pa\u00eds y llegan a agradecer favores. As\u00ed tambi\u00e9n llegan guatemaltecos y personas de otras nacionalidades en ruta a EE.UU.\u00a0<\/span><\/p><p><span style=\"color: var( --e-global-color-text );\">La cifra de devotos tambi\u00e9n se ha incrementado debido al paso de migrantes originarios de Sudam\u00e9rica y el Caribe, algunos de los cuales oran ante la venerada y milagrosa imagen.<\/span><\/p>\t\t\t\t\t\t\t\t<\/div>\n\t\t\t\t\t<\/div>\n\t\t<\/div>\n\t\t\t\t\t<\/div>\n\t\t<\/section>\n\t\t\t\t<section data-particle_enable=\"false\" data-particle-mobile-disabled=\"false\" class=\"elementor-section elementor-top-section elementor-element elementor-element-00582ae elementor-section-boxed elementor-section-height-default elementor-section-height-default\" data-id=\"00582ae\" data-element_type=\"section\" data-e-type=\"section\">\n\t\t\t\t\t\t<div class=\"elementor-container elementor-column-gap-default\">\n\t\t\t\t\t<div class=\"elementor-column elementor-col-100 elementor-top-column elementor-element elementor-element-7d3f40d\" data-id=\"7d3f40d\" data-element_type=\"column\" data-e-type=\"column\">\n\t\t\t<div class=\"elementor-widget-wrap elementor-element-populated\">\n\t\t\t\t\t\t<div class=\"elementor-element elementor-element-af765bb elementor-widget elementor-widget-image\" data-id=\"af765bb\" data-element_type=\"widget\" data-e-type=\"widget\" data-widget_type=\"image.default\">\n\t\t\t\t\t\t\t\t\t\t\t\t<figure class=\"wp-caption\">\n\t\t\t\t\t\t\t\t\t\t<img decoding=\"async\" width=\"964\" height=\"1024\" src=\"https:\/\/soymigrante.com\/revista\/wp-content\/uploads\/2024\/01\/rrer-964x1024.webp\" class=\"attachment-large size-large wp-image-4352\" alt=\"El Cristo de Esquipulas\" srcset=\"https:\/\/soymigrante.com\/revista\/wp-content\/uploads\/2024\/01\/rrer-964x1024.webp 964w, https:\/\/soymigrante.com\/revista\/wp-content\/uploads\/2024\/01\/rrer-282x300.webp 282w, https:\/\/soymigrante.com\/revista\/wp-content\/uploads\/2024\/01\/rrer-768x816.webp 768w, https:\/\/soymigrante.com\/revista\/wp-content\/uploads\/2024\/01\/rrer-750x797.webp 750w, https:\/\/soymigrante.com\/revista\/wp-content\/uploads\/2024\/01\/rrer.webp 990w\" sizes=\"(max-width: 964px) 100vw, 964px\" title=\"El Cristo de Esquipulas ten\u00eda originalmente un color moreno, con una piel que semeja el tono de un fallecido. Con el paso del tiempo se fue oscureciendo y por ello se le suele llamar Cristo Negro. \u2013 SoyMigrante.com REVISTA\" \/>\t\t\t\t\t\t\t\t\t\t\t<figcaption class=\"widget-image-caption wp-caption-text\">El Cristo de Esquipulas ten\u00eda originalmente un color moreno, con una piel que semeja el tono de un fallecido. Con el paso del tiempo se fue oscureciendo y por ello se le suele llamar Cristo Negro.<\/figcaption>\n\t\t\t\t\t\t\t\t\t\t<\/figure>\n\t\t\t\t\t\t\t\t\t<\/div>\n\t\t\t\t\t<\/div>\n\t\t<\/div>\n\t\t\t\t\t<\/div>\n\t\t<\/section>\n\t\t\t\t<section data-particle_enable=\"false\" data-particle-mobile-disabled=\"false\" class=\"elementor-section elementor-top-section elementor-element elementor-element-ffea092 elementor-section-boxed elementor-section-height-default elementor-section-height-default\" data-id=\"ffea092\" data-element_type=\"section\" data-e-type=\"section\">\n\t\t\t\t\t\t<div class=\"elementor-container elementor-column-gap-default\">\n\t\t\t\t\t<div class=\"elementor-column elementor-col-100 elementor-top-column elementor-element elementor-element-8ae879b\" data-id=\"8ae879b\" data-element_type=\"column\" data-e-type=\"column\">\n\t\t\t<div class=\"elementor-widget-wrap elementor-element-populated\">\n\t\t\t\t\t\t<div class=\"elementor-element elementor-element-72adb93 elementor-widget elementor-widget-heading\" data-id=\"72adb93\" data-element_type=\"widget\" data-e-type=\"widget\" data-widget_type=\"heading.default\">\n\t\t\t\t\t<h3 class=\"elementor-heading-title elementor-size-default\">2. \u00bfCu\u00e1ndo fue esculpido el Cristo de Esquipulas y en cu\u00e1nto tiempo?<\/h3>\t\t\t\t<\/div>\n\t\t\t\t\t<\/div>\n\t\t<\/div>\n\t\t\t\t\t<\/div>\n\t\t<\/section>\n\t\t\t\t<section data-particle_enable=\"false\" data-particle-mobile-disabled=\"false\" class=\"elementor-section elementor-top-section elementor-element elementor-element-601572f elementor-section-boxed elementor-section-height-default elementor-section-height-default\" data-id=\"601572f\" data-element_type=\"section\" data-e-type=\"section\">\n\t\t\t\t\t\t<div class=\"elementor-container elementor-column-gap-default\">\n\t\t\t\t\t<div class=\"elementor-column elementor-col-100 elementor-top-column elementor-element elementor-element-78929e3\" data-id=\"78929e3\" data-element_type=\"column\" data-e-type=\"column\">\n\t\t\t<div class=\"elementor-widget-wrap elementor-element-populated\">\n\t\t\t\t\t\t<div class=\"elementor-element elementor-element-c25939f elementor-widget elementor-widget-text-editor\" data-id=\"c25939f\" data-element_type=\"widget\" data-e-type=\"widget\" data-widget_type=\"text-editor.default\">\n\t\t\t\t\t\t\t\t\t<p>El 29 de agosto de 1594 se firm\u00f3 un contrato con el escultor Quirio Cata\u00f1o, quien trabajaba en Santiago de los Caballeros. Se le encomend\u00f3 la hechura de un Cristo Crucificado.\u00a0 El encargado de hacer el pedido fue Crist\u00f3bal de Morales, provisor del Obispado de Guatemala.\u00a0<\/p><p>El contrato pide a Cata\u00f1o &#8220;que haga para el pueblo de Esquipulas un crucifijo de vara y media, muy bien acabado y perfeccionado y el que ha de estar acabado para el d\u00eda de San Francisco&#8221;. Se acuerda que el precio ser\u00e1n 100 tostones.\u00a0<\/p><p><span style=\"color: var( --e-global-color-text );\">En efecto, fue entregado el 4 de octubre\u00a0 D\u00eda de San Francisco de As\u00eds.<\/span><span style=\"color: var( --e-global-color-text );\">\u00a0<\/span><\/p>\t\t\t\t\t\t\t\t<\/div>\n\t\t\t\t\t<\/div>\n\t\t<\/div>\n\t\t\t\t\t<\/div>\n\t\t<\/section>\n\t\t\t\t<section data-particle_enable=\"false\" data-particle-mobile-disabled=\"false\" class=\"elementor-section elementor-top-section elementor-element elementor-element-49ea6c4 elementor-section-boxed elementor-section-height-default elementor-section-height-default\" data-id=\"49ea6c4\" data-element_type=\"section\" data-e-type=\"section\">\n\t\t\t\t\t\t<div class=\"elementor-container elementor-column-gap-default\">\n\t\t\t\t\t<div class=\"elementor-column elementor-col-100 elementor-top-column elementor-element elementor-element-252a1a9\" data-id=\"252a1a9\" data-element_type=\"column\" data-e-type=\"column\">\n\t\t\t<div class=\"elementor-widget-wrap elementor-element-populated\">\n\t\t\t\t\t\t<div class=\"elementor-element elementor-element-d312e9c elementor-widget elementor-widget-image\" data-id=\"d312e9c\" data-element_type=\"widget\" data-e-type=\"widget\" data-widget_type=\"image.default\">\n\t\t\t\t\t\t\t\t\t\t\t\t<figure class=\"wp-caption\">\n\t\t\t\t\t\t\t\t\t\t<img decoding=\"async\" width=\"954\" height=\"722\" src=\"https:\/\/soymigrante.com\/revista\/wp-content\/uploads\/2024\/01\/parroauia-santiago-esquipulas.webp\" class=\"attachment-large size-large wp-image-4362\" alt=\"\" srcset=\"https:\/\/soymigrante.com\/revista\/wp-content\/uploads\/2024\/01\/parroauia-santiago-esquipulas.webp 954w, https:\/\/soymigrante.com\/revista\/wp-content\/uploads\/2024\/01\/parroauia-santiago-esquipulas-300x227.webp 300w, https:\/\/soymigrante.com\/revista\/wp-content\/uploads\/2024\/01\/parroauia-santiago-esquipulas-768x581.webp 768w, https:\/\/soymigrante.com\/revista\/wp-content\/uploads\/2024\/01\/parroauia-santiago-esquipulas-750x568.webp 750w\" sizes=\"(max-width: 954px) 100vw, 954px\" title=\"No se tienen registros  claros de c\u00f3mo era la primera capilla donde se vener\u00f3 al Se\u00f1or de Esquipulas, pero pudo estar cerca de la actual Parroquia de Santiago Esquipulas, cuyo templo fue edificado alrededor de 1620. Aqu\u00ed se encuentra una de las primeras r\u00e9plicas del Crucificado esquipulteco . \u2013 SoyMigrante.com REVISTA\" \/>\t\t\t\t\t\t\t\t\t\t\t<figcaption class=\"widget-image-caption wp-caption-text\">No se tienen registros  claros de c\u00f3mo era la primera capilla donde se vener\u00f3 al Se\u00f1or de Esquipulas, pero pudo estar cerca de la actual Parroquia de Santiago Esquipulas, cuyo templo fue edificado alrededor de 1620. Aqu\u00ed se encuentra una de las primeras r\u00e9plicas del Crucificado esquipulteco .<\/figcaption>\n\t\t\t\t\t\t\t\t\t\t<\/figure>\n\t\t\t\t\t\t\t\t\t<\/div>\n\t\t\t\t\t<\/div>\n\t\t<\/div>\n\t\t\t\t\t<\/div>\n\t\t<\/section>\n\t\t\t\t<section data-particle_enable=\"false\" data-particle-mobile-disabled=\"false\" class=\"elementor-section elementor-top-section elementor-element elementor-element-9d22018 elementor-section-boxed elementor-section-height-default elementor-section-height-default\" data-id=\"9d22018\" data-element_type=\"section\" data-e-type=\"section\">\n\t\t\t\t\t\t<div class=\"elementor-container elementor-column-gap-default\">\n\t\t\t\t\t<div class=\"elementor-column elementor-col-100 elementor-top-column elementor-element elementor-element-1ed0c84\" data-id=\"1ed0c84\" data-element_type=\"column\" data-e-type=\"column\">\n\t\t\t<div class=\"elementor-widget-wrap elementor-element-populated\">\n\t\t\t\t\t\t<div class=\"elementor-element elementor-element-0e87268 elementor-widget elementor-widget-google_maps\" data-id=\"0e87268\" data-element_type=\"widget\" data-e-type=\"widget\" data-widget_type=\"google_maps.default\">\n\t\t\t\t\t\t\t<div class=\"elementor-custom-embed\">\n\t\t\t<iframe loading=\"lazy\"\n\t\t\t\t\tsrc=\"https:\/\/maps.google.com\/maps?q=Parroquia%20Santiago%20Esquipulas&#038;t=m&#038;z=15&#038;output=embed&#038;iwloc=near\"\n\t\t\t\t\ttitle=\"Parroquia Santiago Esquipulas\"\n\t\t\t\t\taria-label=\"Parroquia Santiago Esquipulas\"\n\t\t\t><\/iframe>\n\t\t<\/div>\n\t\t\t\t\t\t<\/div>\n\t\t\t\t\t<\/div>\n\t\t<\/div>\n\t\t\t\t\t<\/div>\n\t\t<\/section>\n\t\t\t\t<section data-particle_enable=\"false\" data-particle-mobile-disabled=\"false\" class=\"elementor-section elementor-top-section elementor-element elementor-element-36a1b18 elementor-section-boxed elementor-section-height-default elementor-section-height-default\" data-id=\"36a1b18\" data-element_type=\"section\" data-e-type=\"section\">\n\t\t\t\t\t\t<div class=\"elementor-container elementor-column-gap-default\">\n\t\t\t\t\t<div class=\"elementor-column elementor-col-100 elementor-top-column elementor-element elementor-element-d3d7288\" data-id=\"d3d7288\" data-element_type=\"column\" data-e-type=\"column\">\n\t\t\t<div class=\"elementor-widget-wrap elementor-element-populated\">\n\t\t\t\t\t\t<div class=\"elementor-element elementor-element-a158d66 elementor-widget elementor-widget-heading\" data-id=\"a158d66\" data-element_type=\"widget\" data-e-type=\"widget\" data-widget_type=\"heading.default\">\n\t\t\t\t\t<h3 class=\"elementor-heading-title elementor-size-default\">3. \u00bfC\u00f3mo lleg\u00f3 la imagen del Cristo de Antigua Guatemala a Esquipulas?<\/h3>\t\t\t\t<\/div>\n\t\t\t\t\t<\/div>\n\t\t<\/div>\n\t\t\t\t\t<\/div>\n\t\t<\/section>\n\t\t\t\t<section data-particle_enable=\"false\" data-particle-mobile-disabled=\"false\" class=\"elementor-section elementor-top-section elementor-element elementor-element-38ab5b8 elementor-section-boxed elementor-section-height-default elementor-section-height-default\" data-id=\"38ab5b8\" data-element_type=\"section\" data-e-type=\"section\">\n\t\t\t\t\t\t<div class=\"elementor-container elementor-column-gap-default\">\n\t\t\t\t\t<div class=\"elementor-column elementor-col-100 elementor-top-column elementor-element elementor-element-acb50b1\" data-id=\"acb50b1\" data-element_type=\"column\" data-e-type=\"column\">\n\t\t\t<div class=\"elementor-widget-wrap elementor-element-populated\">\n\t\t\t\t\t\t<div class=\"elementor-element elementor-element-c0fd193 elementor-widget elementor-widget-text-editor\" data-id=\"c0fd193\" data-element_type=\"widget\" data-e-type=\"widget\" data-widget_type=\"text-editor.default\">\n\t\t\t\t\t\t\t\t\t<p>El 9 de marzo de 1595 hab\u00eda gran algarab\u00eda por la llegada de la imagen del Cristo Crucificado a Esquipulas. Fue llevada en andas desde Santiago de los Caballeros, hoy Antigua Guatemala, hasta el pueblo donde quedar\u00eda expuesta a la veneraci\u00f3n de los habitantes.\u00a0<\/p><p>El viaje dur\u00f3 casi tres meses, debido a que en cada poblado donde se hac\u00eda estaci\u00f3n, llegaba la gente de lugares circunvecinos a venerarla.<br \/>La tarde de aquel 9 de marzo, la imagen fue colocada en una peque\u00f1a capilla. Algunas tradiciones apuntan a que era de paredes de barro y techo de paja, pero no existen fuentes confiables de esa primera etapa. En 1620 se edific\u00f3 el templo de la Parroquia de Santiago.<\/p>\t\t\t\t\t\t\t\t<\/div>\n\t\t\t\t\t<\/div>\n\t\t<\/div>\n\t\t\t\t\t<\/div>\n\t\t<\/section>\n\t\t\t\t<section data-particle_enable=\"false\" data-particle-mobile-disabled=\"false\" class=\"elementor-section elementor-top-section elementor-element elementor-element-2854f6c elementor-section-boxed elementor-section-height-default elementor-section-height-default\" data-id=\"2854f6c\" data-element_type=\"section\" data-e-type=\"section\">\n\t\t\t\t\t\t<div class=\"elementor-container elementor-column-gap-default\">\n\t\t\t\t\t<div class=\"elementor-column elementor-col-100 elementor-top-column elementor-element elementor-element-518c7a6\" data-id=\"518c7a6\" data-element_type=\"column\" data-e-type=\"column\">\n\t\t\t<div class=\"elementor-widget-wrap elementor-element-populated\">\n\t\t\t\t\t\t<div class=\"elementor-element elementor-element-1fbf411 elementor-widget elementor-widget-image\" data-id=\"1fbf411\" data-element_type=\"widget\" data-e-type=\"widget\" data-widget_type=\"image.default\">\n\t\t\t\t\t\t\t\t\t\t\t\t\t\t\t<img loading=\"lazy\" decoding=\"async\" width=\"1024\" height=\"726\" src=\"https:\/\/soymigrante.com\/revista\/wp-content\/uploads\/2024\/01\/esquipulistas-templo-1024x726.webp\" class=\"attachment-large size-large wp-image-4353\" alt=\"\" srcset=\"https:\/\/soymigrante.com\/revista\/wp-content\/uploads\/2024\/01\/esquipulistas-templo-1024x726.webp 1024w, https:\/\/soymigrante.com\/revista\/wp-content\/uploads\/2024\/01\/esquipulistas-templo-300x213.webp 300w, https:\/\/soymigrante.com\/revista\/wp-content\/uploads\/2024\/01\/esquipulistas-templo-768x544.webp 768w, https:\/\/soymigrante.com\/revista\/wp-content\/uploads\/2024\/01\/esquipulistas-templo-1536x1089.webp 1536w, https:\/\/soymigrante.com\/revista\/wp-content\/uploads\/2024\/01\/esquipulistas-templo-scaled.webp 1920w, https:\/\/soymigrante.com\/revista\/wp-content\/uploads\/2024\/01\/esquipulistas-templo-120x86.webp 120w, https:\/\/soymigrante.com\/revista\/wp-content\/uploads\/2024\/01\/esquipulistas-templo-750x532.webp 750w, https:\/\/soymigrante.com\/revista\/wp-content\/uploads\/2024\/01\/esquipulistas-templo-1140x808.webp 1140w\" sizes=\"(max-width: 1024px) 100vw, 1024px\" title=\"esquipulistas templo \u2013 SoyMigrante.com REVISTA\" \/>\t\t\t\t\t\t\t\t\t\t\t\t\t\t\t<\/div>\n\t\t\t\t\t<\/div>\n\t\t<\/div>\n\t\t\t\t\t<\/div>\n\t\t<\/section>\n\t\t\t\t<section data-particle_enable=\"false\" data-particle-mobile-disabled=\"false\" class=\"elementor-section elementor-top-section elementor-element elementor-element-438141b elementor-section-boxed elementor-section-height-default elementor-section-height-default\" data-id=\"438141b\" data-element_type=\"section\" data-e-type=\"section\">\n\t\t\t\t\t\t<div class=\"elementor-container elementor-column-gap-default\">\n\t\t\t\t\t<div class=\"elementor-column elementor-col-100 elementor-top-column elementor-element elementor-element-e815628\" data-id=\"e815628\" data-element_type=\"column\" data-e-type=\"column\">\n\t\t\t<div class=\"elementor-widget-wrap elementor-element-populated\">\n\t\t\t\t\t\t<div class=\"elementor-element elementor-element-0cdccd7 elementor-widget elementor-widget-heading\" data-id=\"0cdccd7\" data-element_type=\"widget\" data-e-type=\"widget\" data-widget_type=\"heading.default\">\n\t\t\t\t\t<h3 class=\"elementor-heading-title elementor-size-default\">4. \u00bfQu\u00e9 significa Esquipulas?<\/h3>\t\t\t\t<\/div>\n\t\t\t\t\t<\/div>\n\t\t<\/div>\n\t\t\t\t\t<\/div>\n\t\t<\/section>\n\t\t\t\t<section data-particle_enable=\"false\" data-particle-mobile-disabled=\"false\" class=\"elementor-section elementor-top-section elementor-element elementor-element-de74bca elementor-section-boxed elementor-section-height-default elementor-section-height-default\" data-id=\"de74bca\" data-element_type=\"section\" data-e-type=\"section\">\n\t\t\t\t\t\t<div class=\"elementor-container elementor-column-gap-default\">\n\t\t\t\t\t<div class=\"elementor-column elementor-col-100 elementor-top-column elementor-element elementor-element-6aa252a\" data-id=\"6aa252a\" data-element_type=\"column\" data-e-type=\"column\">\n\t\t\t<div class=\"elementor-widget-wrap elementor-element-populated\">\n\t\t\t\t\t\t<div class=\"elementor-element elementor-element-3258420 elementor-widget elementor-widget-text-editor\" data-id=\"3258420\" data-element_type=\"widget\" data-e-type=\"widget\" data-widget_type=\"text-editor.default\">\n\t\t\t\t\t\t\t\t\t<p>En el siglo XVI, el poblado de Yzquipulas pertenec\u00eda al curato de Quezaltepeque. Han existido pol\u00e9micas por la etimolog\u00eda de Esquipulas, pero una de las m\u00e1s aceptadas es que\u00a0quiere decir &#8220;Paraje donde abundan las flores&#8221;.<\/p><p>El poblado de Esquipulas fue fundado por los espa\u00f1oles entre 1560 y 1570, bajo el<br \/>nombre de Santiago Esquipulas, por lo que su fiesta titular se celebra el 25 de julio. En una capilla hecha de adobe con techo de paja se vener\u00f3 inicialmente la imagen del Cristo esculpida por Quirio Cata\u00f1o desde su llegada en 1595.\u00a0En 1620 se erigi\u00f3 el actual templo parroquial de Santiago Esquipulas<\/p>\t\t\t\t\t\t\t\t<\/div>\n\t\t\t\t\t<\/div>\n\t\t<\/div>\n\t\t\t\t\t<\/div>\n\t\t<\/section>\n\t\t\t\t<section data-particle_enable=\"false\" data-particle-mobile-disabled=\"false\" class=\"elementor-section elementor-top-section elementor-element elementor-element-03a8347 elementor-section-boxed elementor-section-height-default elementor-section-height-default\" data-id=\"03a8347\" data-element_type=\"section\" data-e-type=\"section\">\n\t\t\t\t\t\t<div class=\"elementor-container elementor-column-gap-default\">\n\t\t\t\t\t<div class=\"elementor-column elementor-col-100 elementor-top-column elementor-element elementor-element-3e32ead\" data-id=\"3e32ead\" data-element_type=\"column\" data-e-type=\"column\">\n\t\t\t<div class=\"elementor-widget-wrap elementor-element-populated\">\n\t\t\t\t\t\t<div class=\"elementor-element elementor-element-1ef8386 elementor-arrows-position-inside elementor-pagination-position-outside elementor-widget elementor-widget-image-carousel\" data-id=\"1ef8386\" data-element_type=\"widget\" data-e-type=\"widget\" data-settings=\"{&quot;slides_to_show&quot;:&quot;1&quot;,&quot;navigation&quot;:&quot;both&quot;,&quot;autoplay&quot;:&quot;yes&quot;,&quot;pause_on_hover&quot;:&quot;yes&quot;,&quot;pause_on_interaction&quot;:&quot;yes&quot;,&quot;autoplay_speed&quot;:5000,&quot;infinite&quot;:&quot;yes&quot;,&quot;effect&quot;:&quot;slide&quot;,&quot;speed&quot;:500}\" data-widget_type=\"image-carousel.default\">\n\t\t\t\t\t\t\t<div class=\"elementor-image-carousel-wrapper swiper\" role=\"region\" aria-roledescription=\"carousel\" aria-label=\"Carrusel de im\u00e1genes\" dir=\"ltr\">\n\t\t\t<div class=\"elementor-image-carousel swiper-wrapper\" aria-live=\"off\">\n\t\t\t\t\t\t\t\t<div class=\"swiper-slide\" role=\"group\" aria-roledescription=\"slide\" aria-label=\"1 de 3\"><figure class=\"swiper-slide-inner\"><img decoding=\"async\" class=\"swiper-slide-image\" src=\"https:\/\/soymigrante.com\/revista\/wp-content\/uploads\/2024\/01\/IMG-20240104-WA0052-1024x768.webp\" alt=\"La bas\u00edlica de Esquipulas tiene cuatro torres. Su color blanco es caracter\u00edstico y le distingue desde la lejan\u00eda.  (Fotograf\u00eda cortes\u00eda de Adriana \u00c1vila, especial para SoyMigrante.com)\" \/><figcaption class=\"elementor-image-carousel-caption\">La bas\u00edlica de Esquipulas tiene cuatro torres. Su color blanco es caracter\u00edstico y le distingue desde la lejan\u00eda.  (Fotograf\u00eda cortes\u00eda de Adriana \u00c1vila, especial para SoyMigrante.com)<\/figcaption><\/figure><\/div><div class=\"swiper-slide\" role=\"group\" aria-roledescription=\"slide\" aria-label=\"2 de 3\"><figure class=\"swiper-slide-inner\"><img decoding=\"async\" class=\"swiper-slide-image\" src=\"https:\/\/soymigrante.com\/revista\/wp-content\/uploads\/2024\/01\/IMG-20240104-WA0051-1024x768.webp\" alt=\"El arquitecto a cargo de la construcci\u00f3n de la Bas\u00edlica fue Jos\u00e9 Felipe Porres. La obra llevo 23 a\u00f1os y fue concluida a finales de 1758. La bendici\u00f3n fue en enero de 1759\" \/><figcaption class=\"elementor-image-carousel-caption\">El arquitecto a cargo de la construcci\u00f3n de la Bas\u00edlica fue Jos\u00e9 Felipe Porres. La obra llevo 23 a\u00f1os y fue concluida a finales de 1758. La bendici\u00f3n fue en enero de 1759<\/figcaption><\/figure><\/div><div class=\"swiper-slide\" role=\"group\" aria-roledescription=\"slide\" aria-label=\"3 de 3\"><figure class=\"swiper-slide-inner\"><img decoding=\"async\" class=\"swiper-slide-image\" src=\"https:\/\/soymigrante.com\/revista\/wp-content\/uploads\/2024\/01\/IMG-20240104-WA0041-1024x768.webp\" alt=\"El barroco en su pleno esplendor caracteriza al templo de Esquipulas, que fue elevado a la categor\u00eda de Bas\u00edlica en 1960.\" \/><figcaption class=\"elementor-image-carousel-caption\">El barroco en su pleno esplendor caracteriza al templo de Esquipulas, que fue elevado a la categor\u00eda de Bas\u00edlica en 1960.<\/figcaption><\/figure><\/div>\t\t\t<\/div>\n\t\t\t\t\t\t\t\t\t\t\t\t<div class=\"elementor-swiper-button elementor-swiper-button-prev\" role=\"button\" tabindex=\"0\">\n\t\t\t\t\t\t<i aria-hidden=\"true\" class=\"eicon-chevron-left\"><\/i>\t\t\t\t\t<\/div>\n\t\t\t\t\t<div class=\"elementor-swiper-button elementor-swiper-button-next\" role=\"button\" tabindex=\"0\">\n\t\t\t\t\t\t<i aria-hidden=\"true\" class=\"eicon-chevron-right\"><\/i>\t\t\t\t\t<\/div>\n\t\t\t\t\n\t\t\t\t\t\t\t\t\t<div class=\"swiper-pagination\"><\/div>\n\t\t\t\t\t\t\t\t\t<\/div>\n\t\t\t\t\t\t<\/div>\n\t\t\t\t\t<\/div>\n\t\t<\/div>\n\t\t\t\t\t<\/div>\n\t\t<\/section>\n\t\t\t\t<section data-particle_enable=\"false\" data-particle-mobile-disabled=\"false\" class=\"elementor-section elementor-top-section elementor-element elementor-element-e14ca5c elementor-section-boxed elementor-section-height-default elementor-section-height-default\" data-id=\"e14ca5c\" data-element_type=\"section\" data-e-type=\"section\">\n\t\t\t\t\t\t<div class=\"elementor-container elementor-column-gap-default\">\n\t\t\t\t\t<div class=\"elementor-column elementor-col-100 elementor-top-column elementor-element elementor-element-ed7af7e\" data-id=\"ed7af7e\" data-element_type=\"column\" data-e-type=\"column\">\n\t\t\t<div class=\"elementor-widget-wrap elementor-element-populated\">\n\t\t\t\t\t\t<div class=\"elementor-element elementor-element-0d79c1e elementor-widget elementor-widget-heading\" data-id=\"0d79c1e\" data-element_type=\"widget\" data-e-type=\"widget\" data-widget_type=\"heading.default\">\n\t\t\t\t\t<h3 class=\"elementor-heading-title elementor-size-default\">5. \u00bfCu\u00e1nto tiempo lleva el Cristo de Esquipulas de ser venerado en la actual Bas\u00edlica?<\/h3>\t\t\t\t<\/div>\n\t\t\t\t\t<\/div>\n\t\t<\/div>\n\t\t\t\t\t<\/div>\n\t\t<\/section>\n\t\t\t\t<section data-particle_enable=\"false\" data-particle-mobile-disabled=\"false\" class=\"elementor-section elementor-top-section elementor-element elementor-element-4b29fcc elementor-section-boxed elementor-section-height-default elementor-section-height-default\" data-id=\"4b29fcc\" data-element_type=\"section\" data-e-type=\"section\">\n\t\t\t\t\t\t<div class=\"elementor-container elementor-column-gap-default\">\n\t\t\t\t\t<div class=\"elementor-column elementor-col-100 elementor-top-column elementor-element elementor-element-b75f22c\" data-id=\"b75f22c\" data-element_type=\"column\" data-e-type=\"column\">\n\t\t\t<div class=\"elementor-widget-wrap elementor-element-populated\">\n\t\t\t\t\t\t<div class=\"elementor-element elementor-element-9bb87dd elementor-widget elementor-widget-text-editor\" data-id=\"9bb87dd\" data-element_type=\"widget\" data-e-type=\"widget\" data-widget_type=\"text-editor.default\">\n\t\t\t\t\t\t\t\t\t<p>Los testimonios de milagros y favores recibidos por fieles que rezaron ante el Santo Cristo de Esquipulas comenzaron a aumentar y atrajeron cada vez m\u00e1s peregrinos.\u00a0 En 1737 el arzobispo Pedro Pardo de Figueroa fue un peregrino m\u00e1s que acudi\u00f3 a venerar la imagen, que ya recib\u00eda miles de visitantes por a\u00f1o.\u00a0<\/p><p>Monse\u00f1or Pardo qued\u00f3 curado de una enfermedad que padec\u00eda.<span style=\"color: var( --e-global-color-text );\">En agradecimiento ofreci\u00f3 la construcci\u00f3n de un templo,\u00a0 cuyo dise\u00f1o y construcci\u00f3n fueron encomendados al arquitecto Felipe Porres.\u00a0\u00a0<\/span><span style=\"color: var( --e-global-color-text );\">Las obras comenzaron en 1740 y duraron m\u00e1s de 18 a\u00f1os. A finales de 1758 fue concluido.<\/span><\/p><p>El 4 de enero de 1759 fue bendecido el nuevo Santuario, concebido por Fray Pedro Pardo de Figueroa como un &#8220;Suntuoso y grande Calvario&#8221;, seg\u00fan refiere el padre Hugo David L\u00f3pez, monje benedictino perteneciente a la orden a la cual se encomend\u00f3 atender el templo desde 1959.<\/p><p>\u00a0<\/p>\t\t\t\t\t\t\t\t<\/div>\n\t\t\t\t\t<\/div>\n\t\t<\/div>\n\t\t\t\t\t<\/div>\n\t\t<\/section>\n\t\t\t\t<section data-particle_enable=\"false\" data-particle-mobile-disabled=\"false\" class=\"elementor-section elementor-top-section elementor-element elementor-element-053e8c2 elementor-section-boxed elementor-section-height-default elementor-section-height-default\" data-id=\"053e8c2\" data-element_type=\"section\" data-e-type=\"section\">\n\t\t\t\t\t\t<div class=\"elementor-container elementor-column-gap-default\">\n\t\t\t\t\t<div class=\"elementor-column elementor-col-100 elementor-top-column elementor-element elementor-element-a91551b\" data-id=\"a91551b\" data-element_type=\"column\" data-e-type=\"column\">\n\t\t\t<div class=\"elementor-widget-wrap elementor-element-populated\">\n\t\t\t\t\t\t<div class=\"elementor-element elementor-element-3e2d4a2 elementor-widget elementor-widget-image\" data-id=\"3e2d4a2\" data-element_type=\"widget\" data-e-type=\"widget\" data-widget_type=\"image.default\">\n\t\t\t\t\t\t\t\t\t\t\t\t<figure class=\"wp-caption\">\n\t\t\t\t\t\t\t\t\t\t<img loading=\"lazy\" decoding=\"async\" width=\"960\" height=\"720\" src=\"https:\/\/soymigrante.com\/revista\/wp-content\/uploads\/2024\/01\/esquipulas-flores-2023-2.webp\" class=\"attachment-large size-large wp-image-4364\" alt=\"\" srcset=\"https:\/\/soymigrante.com\/revista\/wp-content\/uploads\/2024\/01\/esquipulas-flores-2023-2.webp 960w, https:\/\/soymigrante.com\/revista\/wp-content\/uploads\/2024\/01\/esquipulas-flores-2023-2-300x225.webp 300w, https:\/\/soymigrante.com\/revista\/wp-content\/uploads\/2024\/01\/esquipulas-flores-2023-2-768x576.webp 768w, https:\/\/soymigrante.com\/revista\/wp-content\/uploads\/2024\/01\/esquipulas-flores-2023-2-750x563.webp 750w\" sizes=\"(max-width: 960px) 100vw, 960px\" title=\"Los peregrinos acuden masivamente a Esquipulas para venerar al Santo Cristo en su camar\u00edn, que fue construido posteriormente a la construcci\u00f3n del Santuario. \u2013 SoyMigrante.com REVISTA\" \/>\t\t\t\t\t\t\t\t\t\t\t<figcaption class=\"widget-image-caption wp-caption-text\">Los peregrinos acuden masivamente a Esquipulas para venerar al Santo Cristo en su camar\u00edn, que fue construido posteriormente a la construcci\u00f3n del Santuario.<\/figcaption>\n\t\t\t\t\t\t\t\t\t\t<\/figure>\n\t\t\t\t\t\t\t\t\t<\/div>\n\t\t\t\t<div class=\"elementor-element elementor-element-2685bb2 elementor-widget elementor-widget-heading\" data-id=\"2685bb2\" data-element_type=\"widget\" data-e-type=\"widget\" data-widget_type=\"heading.default\">\n\t\t\t\t\t<h3 class=\"elementor-heading-title elementor-size-default\">6. \u00bfPor qu\u00e9 se eligi\u00f3 el 15 de enero como D\u00eda del Santo Cristo de Esquipulas?<\/h3>\t\t\t\t<\/div>\n\t\t\t\t\t<\/div>\n\t\t<\/div>\n\t\t\t\t\t<\/div>\n\t\t<\/section>\n\t\t\t\t<section data-particle_enable=\"false\" data-particle-mobile-disabled=\"false\" class=\"elementor-section elementor-top-section elementor-element elementor-element-d0d5913 elementor-section-boxed elementor-section-height-default elementor-section-height-default\" data-id=\"d0d5913\" data-element_type=\"section\" data-e-type=\"section\">\n\t\t\t\t\t\t<div class=\"elementor-container elementor-column-gap-default\">\n\t\t\t\t\t<div class=\"elementor-column elementor-col-100 elementor-top-column elementor-element elementor-element-9688351\" data-id=\"9688351\" data-element_type=\"column\" data-e-type=\"column\">\n\t\t\t<div class=\"elementor-widget-wrap elementor-element-populated\">\n\t\t\t\t\t\t<div class=\"elementor-element elementor-element-1da15cd elementor-widget elementor-widget-text-editor\" data-id=\"1da15cd\" data-element_type=\"widget\" data-e-type=\"widget\" data-widget_type=\"text-editor.default\">\n\t\t\t\t\t\t\t\t\t<p>El D\u00eda del Se\u00f1or de Esquipulas se conmemora cada 15 de enero, pero no se sabe a ciencia cierta por qu\u00e9 se fij\u00f3 en ese d\u00eda. La fecha hist\u00f3rica m\u00e1s cercana es el 6 de enero de 1759 cuando la imagen fue trasladada a su actual santuario. Quiz\u00e1 podr\u00eda suponerse que despu\u00e9s de su traslado se rez\u00f3 una novena de rezos que finaliza el 15, pero no existe ninguna base documental. Eso s\u00ed, actualmente, muchos devotos rezan la Novena del Santo Cristo que culmina el 15.<\/p><p><span style=\"color: var( --e-global-color-text );\">&#8220;Desde tiempos inmemoriales, mucho antes de la construcci\u00f3n del actual templo\u00a0 ya se festejaba el 15 de enero, por no hay claridad sobre la causa de la selecci\u00f3n de tal fecha&#8221;, agrega el sacerdote benedictino Hugo David L\u00f3pez, autor del libro Historia del Santo Cristo de Esquipulas.<\/span><\/p>\t\t\t\t\t\t\t\t<\/div>\n\t\t\t\t\t<\/div>\n\t\t<\/div>\n\t\t\t\t\t<\/div>\n\t\t<\/section>\n\t\t\t\t<section data-particle_enable=\"false\" data-particle-mobile-disabled=\"false\" class=\"elementor-section elementor-top-section elementor-element elementor-element-e97129d elementor-section-boxed elementor-section-height-default elementor-section-height-default\" data-id=\"e97129d\" data-element_type=\"section\" data-e-type=\"section\">\n\t\t\t\t\t\t<div class=\"elementor-container elementor-column-gap-default\">\n\t\t\t\t\t<div class=\"elementor-column elementor-col-100 elementor-top-column elementor-element elementor-element-e747b80\" data-id=\"e747b80\" data-element_type=\"column\" data-e-type=\"column\">\n\t\t\t<div class=\"elementor-widget-wrap elementor-element-populated\">\n\t\t\t\t\t\t<div class=\"elementor-element elementor-element-5aa6a79 elementor-widget elementor-widget-video\" data-id=\"5aa6a79\" data-element_type=\"widget\" data-e-type=\"widget\" data-settings=\"{&quot;youtube_url&quot;:&quot;https:\\\/\\\/www.youtube.com\\\/watch?v=vy9BtCPgyBM&quot;,&quot;video_type&quot;:&quot;youtube&quot;,&quot;controls&quot;:&quot;yes&quot;}\" data-widget_type=\"video.default\">\n\t\t\t\t\t\t\t<div class=\"elementor-wrapper elementor-open-inline\">\n\t\t\t<div class=\"elementor-video\"><\/div>\t\t<\/div>\n\t\t\t\t\t\t<\/div>\n\t\t\t\t\t<\/div>\n\t\t<\/div>\n\t\t\t\t\t<\/div>\n\t\t<\/section>\n\t\t\t\t<section data-particle_enable=\"false\" data-particle-mobile-disabled=\"false\" class=\"elementor-section elementor-top-section elementor-element elementor-element-1148859 elementor-section-boxed elementor-section-height-default elementor-section-height-default\" data-id=\"1148859\" data-element_type=\"section\" data-e-type=\"section\">\n\t\t\t\t\t\t<div class=\"elementor-container elementor-column-gap-default\">\n\t\t\t\t\t<div class=\"elementor-column elementor-col-100 elementor-top-column elementor-element elementor-element-8a09785\" data-id=\"8a09785\" data-element_type=\"column\" data-e-type=\"column\">\n\t\t\t<div class=\"elementor-widget-wrap elementor-element-populated\">\n\t\t\t\t\t\t<div class=\"elementor-element elementor-element-4770e0f elementor-widget elementor-widget-heading\" data-id=\"4770e0f\" data-element_type=\"widget\" data-e-type=\"widget\" data-widget_type=\"heading.default\">\n\t\t\t\t\t<h3 class=\"elementor-heading-title elementor-size-default\">7. \u00bfQui\u00e9n compuso la tradicional canci\u00f3n que comienza diciendo: \"He venido de tierras lejanas a adorar al Se\u00f1or de Esquipulas\". <\/h3>\t\t\t\t<\/div>\n\t\t\t\t\t<\/div>\n\t\t<\/div>\n\t\t\t\t\t<\/div>\n\t\t<\/section>\n\t\t\t\t<section data-particle_enable=\"false\" data-particle-mobile-disabled=\"false\" class=\"elementor-section elementor-top-section elementor-element elementor-element-a3ebc93 elementor-section-boxed elementor-section-height-default elementor-section-height-default\" data-id=\"a3ebc93\" data-element_type=\"section\" data-e-type=\"section\">\n\t\t\t\t\t\t<div class=\"elementor-container elementor-column-gap-default\">\n\t\t\t\t\t<div class=\"elementor-column elementor-col-100 elementor-top-column elementor-element elementor-element-8ce9b1c\" data-id=\"8ce9b1c\" data-element_type=\"column\" data-e-type=\"column\">\n\t\t\t<div class=\"elementor-widget-wrap elementor-element-populated\">\n\t\t\t\t\t\t<div class=\"elementor-element elementor-element-7028b8c elementor-widget elementor-widget-text-editor\" data-id=\"7028b8c\" data-element_type=\"widget\" data-e-type=\"widget\" data-widget_type=\"text-editor.default\">\n\t\t\t\t\t\t\t\t\t<p>Para muchos fieles, sobre todo si son migrantes en Estados Unidos, es imposible no conmoverses al escuchar la melod\u00eda y la letra del son Milagroso Se\u00f1or de Esquipulas, una composici\u00f3n del cantautor huehueteco Jos\u00e9 Ernesto Monz\u00f3n (1917-2003), m\u00e1s conocido como El Cantor del Paisaje.\u00a0\u00a0<br \/>Dicho alabado fue creado en 1948 pero se ha convertido en todo un\u00a0 himno de devoci\u00f3n sin fronteras. En 1958 fue interpretada por la marimba Maderas de mi Tierra en un festival de Manizales, Colombia y fue declarada la mejor canci\u00f3n de aquella edici\u00f3n.<\/p><p>(Fragmento)<\/p><p><b><i><span style=\"color: var( --e-global-color-text );\">He venido de tierras lejanas<br \/><\/span><span style=\"color: var( --e-global-color-text );\">a adorar al se\u00f1or de Esquipulas (2 veces)<br \/><\/span><span style=\"color: var( --e-global-color-text );\">Cuando escucho sonar las campanas<br \/><\/span><span style=\"color: var( --e-global-color-text );\">de su templo, que son tan rechulas,<br \/><\/span><span style=\"color: var( --e-global-color-text );\">toda mi alma se llena de gozo<br \/><\/span><span style=\"color: var( --e-global-color-text );\">y con fe me arrodillo a rezar\u2026<\/span><\/i><\/b><\/p><p><b><i>\u00a1Padre nuestro, que est\u00e1s en los cielos<br \/><span style=\"color: var( --e-global-color-text );\">un rosario te vengo a cantar, <br \/><\/span><span style=\"color: var( --e-global-color-text );\">milagroso se\u00f1or de Esquipulas<br \/><\/span><span style=\"color: var( --e-global-color-text );\">toda mi alma te vengo a entregar.<\/span><\/i><\/b><\/p><p><b><i><span style=\"color: var( --e-global-color-text );\">Nunca olvides mi patria y mis padres,<br \/><\/span><span style=\"color: var( --e-global-color-text );\">No abandones mis hijos se\u00f1or\u2026<br \/><\/span><span style=\"color: var( --e-global-color-text );\">Milagroso se\u00f1or de Esquipulas,<br \/><\/span><span style=\"color: var( --e-global-color-text );\">Por doquiera reg\u00e1 bendici\u00f3n.<\/span><\/i><\/b><\/p>\t\t\t\t\t\t\t\t<\/div>\n\t\t\t\t\t<\/div>\n\t\t<\/div>\n\t\t\t\t\t<\/div>\n\t\t<\/section>\n\t\t\t\t<section data-particle_enable=\"false\" data-particle-mobile-disabled=\"false\" class=\"elementor-section elementor-top-section elementor-element elementor-element-6455266 elementor-section-boxed elementor-section-height-default elementor-section-height-default\" data-id=\"6455266\" data-element_type=\"section\" data-e-type=\"section\">\n\t\t\t\t\t\t<div class=\"elementor-container elementor-column-gap-default\">\n\t\t\t\t\t<div class=\"elementor-column elementor-col-100 elementor-top-column elementor-element elementor-element-c53eb21\" data-id=\"c53eb21\" data-element_type=\"column\" data-e-type=\"column\">\n\t\t\t<div class=\"elementor-widget-wrap elementor-element-populated\">\n\t\t\t\t\t\t<div class=\"elementor-element elementor-element-74926b1 elementor-widget elementor-widget-image\" data-id=\"74926b1\" data-element_type=\"widget\" data-e-type=\"widget\" data-widget_type=\"image.default\">\n\t\t\t\t\t\t\t\t\t\t\t\t<figure class=\"wp-caption\">\n\t\t\t\t\t\t\t\t\t\t<img loading=\"lazy\" decoding=\"async\" width=\"657\" height=\"476\" src=\"https:\/\/soymigrante.com\/revista\/wp-content\/uploads\/2024\/01\/Captura-de-pantalla-2024-01-11-100047.webp\" class=\"attachment-large size-large wp-image-4359\" alt=\"\" srcset=\"https:\/\/soymigrante.com\/revista\/wp-content\/uploads\/2024\/01\/Captura-de-pantalla-2024-01-11-100047.webp 657w, https:\/\/soymigrante.com\/revista\/wp-content\/uploads\/2024\/01\/Captura-de-pantalla-2024-01-11-100047-300x217.webp 300w, https:\/\/soymigrante.com\/revista\/wp-content\/uploads\/2024\/01\/Captura-de-pantalla-2024-01-11-100047-120x86.webp 120w\" sizes=\"(max-width: 657px) 100vw, 657px\" title=\"Capilla del Se\u00f1or de Esquipulas en Chimayo, Nuevo M\u00e9xico, Estados Unidos. Se le venera desde 1810. (Fotograf\u00eda del historiador guatemalteco Miguel \u00c1lvarez Ar\u00e9valo= \u2013 SoyMigrante.com REVISTA\" \/>\t\t\t\t\t\t\t\t\t\t\t<figcaption class=\"widget-image-caption wp-caption-text\">Capilla del Se\u00f1or de Esquipulas en Chimayo, Nuevo M\u00e9xico, Estados Unidos. Se le venera desde 1810. (Fotograf\u00eda del historiador guatemalteco Miguel \u00c1lvarez Ar\u00e9valo=<\/figcaption>\n\t\t\t\t\t\t\t\t\t\t<\/figure>\n\t\t\t\t\t\t\t\t\t<\/div>\n\t\t\t\t\t<\/div>\n\t\t<\/div>\n\t\t\t\t\t<\/div>\n\t\t<\/section>\n\t\t\t\t<section data-particle_enable=\"false\" data-particle-mobile-disabled=\"false\" class=\"elementor-section elementor-top-section elementor-element elementor-element-4ee4045 elementor-section-boxed elementor-section-height-default elementor-section-height-default\" data-id=\"4ee4045\" data-element_type=\"section\" data-e-type=\"section\">\n\t\t\t\t\t\t<div class=\"elementor-container elementor-column-gap-default\">\n\t\t\t\t\t<div class=\"elementor-column elementor-col-100 elementor-top-column elementor-element elementor-element-9301d45\" data-id=\"9301d45\" data-element_type=\"column\" data-e-type=\"column\">\n\t\t\t<div class=\"elementor-widget-wrap elementor-element-populated\">\n\t\t\t\t\t\t<div class=\"elementor-element elementor-element-2245865 elementor-widget elementor-widget-heading\" data-id=\"2245865\" data-element_type=\"widget\" data-e-type=\"widget\" data-widget_type=\"heading.default\">\n\t\t\t\t\t<h3 class=\"elementor-heading-title elementor-size-default\">8. \u00bfDesde cuando es migrante el Santo Cristo de Esquipulas?<\/h3>\t\t\t\t<\/div>\n\t\t\t\t\t<\/div>\n\t\t<\/div>\n\t\t\t\t\t<\/div>\n\t\t<\/section>\n\t\t\t\t<section data-particle_enable=\"false\" data-particle-mobile-disabled=\"false\" class=\"elementor-section elementor-top-section elementor-element elementor-element-eb98a42 elementor-section-boxed elementor-section-height-default elementor-section-height-default\" data-id=\"eb98a42\" data-element_type=\"section\" data-e-type=\"section\">\n\t\t\t\t\t\t<div class=\"elementor-container elementor-column-gap-default\">\n\t\t\t\t\t<div class=\"elementor-column elementor-col-100 elementor-top-column elementor-element elementor-element-9ec9f63\" data-id=\"9ec9f63\" data-element_type=\"column\" data-e-type=\"column\">\n\t\t\t<div class=\"elementor-widget-wrap elementor-element-populated\">\n\t\t\t\t\t\t<div class=\"elementor-element elementor-element-13f2fe8 elementor-widget elementor-widget-text-editor\" data-id=\"13f2fe8\" data-element_type=\"widget\" data-e-type=\"widget\" data-widget_type=\"text-editor.default\">\n\t\t\t\t\t\t\t\t\t<p>Desde tiempos coloniales. La masiva veneraci\u00f3n al Cristo de Esquipulas motiv\u00f3 la necesidad de elaborar r\u00e9plicas, que fueron llevadas a diversos puntos de Guatemala.\u00a0En 1701 una r\u00e9plica tallada del Cristo fue colocada en la Iglesia Nuestra Se\u00f1ora del Carmen en Antigua Guatemala; en 1720 una imagen similar se report\u00f3 en Nicaragua.\u00a0 Y as\u00ed continu\u00f3 la migraci\u00f3n de esta devoci\u00f3n.<\/p><p><span style=\"color: var( --e-global-color-text );\">Hacia 1750, franciscanos que regresaban a M\u00e9xico despu\u00e9s de una misi\u00f3n temporal en Guatemala llevaron una imagen a Nueva Galicia (hoy Jalisco) y son solo algunos de los ejemplos de r\u00e9plicas que extendieron la devoci\u00f3n sin que ello redujera la afluencia de visitantes a la Bas\u00edlica de la imagen original.\u00a0<\/span><\/p><p>Actualmente <a href=\"https:\/\/soymigrante.com\/revista\/parroquias-estados-unidos-festejan-dia-del-cristo-de-esquipulas\/\">varias im\u00e1genes del Cristo de Esquipulas han sido llevadas a templos de Estados Unidos a los cuales acuden migrantes devotos de Guatemala y Centro Am\u00e9rica<\/a>.\u00a0<span style=\"font-family: Roboto, sans-serif; font-size: 16px; font-style: normal; font-variant-ligatures: normal; font-variant-caps: normal; font-weight: 400; color: var( --e-global-color-text );\">En Nuevo M\u00e9xico se venera un Se\u00f1or de Esquipulas, en el santuario de Chimayo, desde 1810.<\/span><\/p>\t\t\t\t\t\t\t\t<\/div>\n\t\t\t\t\t<\/div>\n\t\t<\/div>\n\t\t\t\t\t<\/div>\n\t\t<\/section>\n\t\t\t\t<section data-particle_enable=\"false\" data-particle-mobile-disabled=\"false\" class=\"elementor-section elementor-top-section elementor-element elementor-element-9702915 elementor-section-boxed elementor-section-height-default elementor-section-height-default\" data-id=\"9702915\" data-element_type=\"section\" data-e-type=\"section\">\n\t\t\t\t\t\t<div class=\"elementor-container elementor-column-gap-default\">\n\t\t\t\t\t<div class=\"elementor-column elementor-col-100 elementor-top-column elementor-element elementor-element-5705afa\" data-id=\"5705afa\" data-element_type=\"column\" data-e-type=\"column\">\n\t\t\t<div class=\"elementor-widget-wrap elementor-element-populated\">\n\t\t\t\t\t\t<div class=\"elementor-element elementor-element-fda6650 elementor-widget elementor-widget-image\" data-id=\"fda6650\" data-element_type=\"widget\" data-e-type=\"widget\" data-widget_type=\"image.default\">\n\t\t\t\t\t\t\t\t\t\t\t\t<figure class=\"wp-caption\">\n\t\t\t\t\t\t\t\t\t\t<img loading=\"lazy\" decoding=\"async\" width=\"768\" height=\"1024\" src=\"https:\/\/soymigrante.com\/revista\/wp-content\/uploads\/2024\/01\/cristo-esquipulas-en-san-antonio-texas-768x1024.webp\" class=\"attachment-large size-large wp-image-4360\" alt=\"\" srcset=\"https:\/\/soymigrante.com\/revista\/wp-content\/uploads\/2024\/01\/cristo-esquipulas-en-san-antonio-texas-768x1024.webp 768w, https:\/\/soymigrante.com\/revista\/wp-content\/uploads\/2024\/01\/cristo-esquipulas-en-san-antonio-texas-225x300.webp 225w, https:\/\/soymigrante.com\/revista\/wp-content\/uploads\/2024\/01\/cristo-esquipulas-en-san-antonio-texas-1152x1536.webp 1152w, https:\/\/soymigrante.com\/revista\/wp-content\/uploads\/2024\/01\/cristo-esquipulas-en-san-antonio-texas-750x1000.webp 750w, https:\/\/soymigrante.com\/revista\/wp-content\/uploads\/2024\/01\/cristo-esquipulas-en-san-antonio-texas-1140x1520.webp 1140w, https:\/\/soymigrante.com\/revista\/wp-content\/uploads\/2024\/01\/cristo-esquipulas-en-san-antonio-texas.webp 1440w\" sizes=\"(max-width: 768px) 100vw, 768px\" title=\"Cristo de Esquipulas venerado en San Antonio Texas desde 1988. \u2013 SoyMigrante.com REVISTA\" \/>\t\t\t\t\t\t\t\t\t\t\t<figcaption class=\"widget-image-caption wp-caption-text\">Cristo de Esquipulas venerado en San Antonio Texas desde 1988.<\/figcaption>\n\t\t\t\t\t\t\t\t\t\t<\/figure>\n\t\t\t\t\t\t\t\t\t<\/div>\n\t\t\t\t\t<\/div>\n\t\t<\/div>\n\t\t\t\t\t<\/div>\n\t\t<\/section>\n\t\t\t\t<section data-particle_enable=\"false\" data-particle-mobile-disabled=\"false\" class=\"elementor-section elementor-top-section elementor-element elementor-element-b86d617 elementor-section-boxed elementor-section-height-default elementor-section-height-default\" data-id=\"b86d617\" data-element_type=\"section\" data-e-type=\"section\">\n\t\t\t\t\t\t<div class=\"elementor-container elementor-column-gap-default\">\n\t\t\t\t\t<div class=\"elementor-column elementor-col-100 elementor-top-column elementor-element elementor-element-2c2a0d2\" data-id=\"2c2a0d2\" data-element_type=\"column\" data-e-type=\"column\">\n\t\t\t<div class=\"elementor-widget-wrap elementor-element-populated\">\n\t\t\t\t\t\t<div class=\"elementor-element elementor-element-dea39b5 elementor-widget elementor-widget-heading\" data-id=\"dea39b5\" data-element_type=\"widget\" data-e-type=\"widget\" data-widget_type=\"heading.default\">\n\t\t\t\t\t<h3 class=\"elementor-heading-title elementor-size-default\">9. Hay r\u00e9plicas del Santo Cristo, pero \u00bfexiste alguna r\u00e9plica de la Bas\u00edlica de Esquipulas? <\/h3>\t\t\t\t<\/div>\n\t\t\t\t\t<\/div>\n\t\t<\/div>\n\t\t\t\t\t<\/div>\n\t\t<\/section>\n\t\t\t\t<section data-particle_enable=\"false\" data-particle-mobile-disabled=\"false\" class=\"elementor-section elementor-top-section elementor-element elementor-element-577d1e8 elementor-section-boxed elementor-section-height-default elementor-section-height-default\" data-id=\"577d1e8\" data-element_type=\"section\" data-e-type=\"section\">\n\t\t\t\t\t\t<div class=\"elementor-container elementor-column-gap-default\">\n\t\t\t\t\t<div class=\"elementor-column elementor-col-100 elementor-top-column elementor-element elementor-element-c957312\" data-id=\"c957312\" data-element_type=\"column\" data-e-type=\"column\">\n\t\t\t<div class=\"elementor-widget-wrap elementor-element-populated\">\n\t\t\t\t\t\t<div class=\"elementor-element elementor-element-572dcf6 elementor-widget elementor-widget-text-editor\" data-id=\"572dcf6\" data-element_type=\"widget\" data-e-type=\"widget\" data-widget_type=\"text-editor.default\">\n\t\t\t\t\t\t\t\t\t<p>S\u00ed, existe: el artista guatemalteco migrante <a href=\"https:\/\/soymigrante.com\/revista\/nuestro-deber-es-impulsar-nuevos-suenos-raul-monterroso-artista-y-constructor-en-l-a\/\">Ra\u00fal Monterroso se ha hecho c\u00e9lebre por sus esculturas y relieves en madera.<\/a> Ha elaborado diversas piezas como el Escudo Nacional, piramides mayas y otras obras. En 2019, se devel\u00f3 una r\u00e9plica, en relieve del frontispicio de la Bas\u00edlica de Esquipulas. Dicho proyecto le llev\u00f3 varios meses, pero es sorprendente el detalle alcanzado.\u00a0<br \/>La obra tridimensional fue colocada detr\u00e1s de la Imagen del Santo Cristo venerada en Hawthorne, California, y le otorga un aire verdaderamente nost\u00e1lgico y significativo.\u00a0<\/p>\t\t\t\t\t\t\t\t<\/div>\n\t\t\t\t\t<\/div>\n\t\t<\/div>\n\t\t\t\t\t<\/div>\n\t\t<\/section>\n\t\t\t\t<section data-particle_enable=\"false\" data-particle-mobile-disabled=\"false\" class=\"elementor-section elementor-top-section elementor-element elementor-element-119c22a elementor-section-boxed elementor-section-height-default elementor-section-height-default\" data-id=\"119c22a\" data-element_type=\"section\" data-e-type=\"section\">\n\t\t\t\t\t\t<div class=\"elementor-container elementor-column-gap-default\">\n\t\t\t\t\t<div class=\"elementor-column elementor-col-100 elementor-top-column elementor-element elementor-element-905c2b2\" data-id=\"905c2b2\" data-element_type=\"column\" data-e-type=\"column\">\n\t\t\t<div class=\"elementor-widget-wrap elementor-element-populated\">\n\t\t\t\t\t\t<div class=\"elementor-element elementor-element-841b52a elementor-widget elementor-widget-facebook-embed\" data-id=\"841b52a\" data-element_type=\"widget\" data-e-type=\"widget\" data-widget_type=\"facebook-embed.default\">\n\t\t\t\t\t<div style=\"min-height: 1px\" class=\"elementor-facebook-widget fb-post\" data-href=\"https:\/\/www.facebook.com\/100004425214631\/videos\/1616449565179202\" data-show-text=\"false\"><\/div>\t\t\t\t<\/div>\n\t\t\t\t\t<\/div>\n\t\t<\/div>\n\t\t\t\t\t<\/div>\n\t\t<\/section>\n\t\t\t\t<section data-particle_enable=\"false\" data-particle-mobile-disabled=\"false\" class=\"elementor-section elementor-top-section elementor-element elementor-element-e4fd5f2 elementor-section-boxed elementor-section-height-default elementor-section-height-default\" data-id=\"e4fd5f2\" data-element_type=\"section\" data-e-type=\"section\">\n\t\t\t\t\t\t<div class=\"elementor-container elementor-column-gap-default\">\n\t\t\t\t\t<div class=\"elementor-column elementor-col-100 elementor-top-column elementor-element elementor-element-a54abd2\" data-id=\"a54abd2\" data-element_type=\"column\" data-e-type=\"column\">\n\t\t\t<div class=\"elementor-widget-wrap elementor-element-populated\">\n\t\t\t\t\t\t<div class=\"elementor-element elementor-element-a3278c2 elementor-widget elementor-widget-image\" data-id=\"a3278c2\" data-element_type=\"widget\" data-e-type=\"widget\" data-widget_type=\"image.default\">\n\t\t\t\t\t\t\t\t\t\t\t\t<figure class=\"wp-caption\">\n\t\t\t\t\t\t\t\t\t\t<img loading=\"lazy\" decoding=\"async\" width=\"482\" height=\"557\" src=\"https:\/\/soymigrante.com\/revista\/wp-content\/uploads\/2024\/01\/Captura-de-pantalla-2024-01-11-163952.webp\" class=\"attachment-large size-large wp-image-4367\" alt=\"\" srcset=\"https:\/\/soymigrante.com\/revista\/wp-content\/uploads\/2024\/01\/Captura-de-pantalla-2024-01-11-163952.webp 482w, https:\/\/soymigrante.com\/revista\/wp-content\/uploads\/2024\/01\/Captura-de-pantalla-2024-01-11-163952-260x300.webp 260w\" sizes=\"(max-width: 482px) 100vw, 482px\" title=\"Devotos de la Imagen del Santo Cristo de Esquipulas en Hawthorne, California, aplaudieron al maestro Ra\u00fal Monterroso, quien con mucha fe y devoci\u00f3n elabor\u00f3 el atrio en madera. \u2013 SoyMigrante.com REVISTA\" \/>\t\t\t\t\t\t\t\t\t\t\t<figcaption class=\"widget-image-caption wp-caption-text\">Devotos de la Imagen del Santo Cristo de Esquipulas en Hawthorne, California, aplaudieron al maestro Ra\u00fal Monterroso, quien con mucha fe y devoci\u00f3n elabor\u00f3 el atrio en madera.<\/figcaption>\n\t\t\t\t\t\t\t\t\t\t<\/figure>\n\t\t\t\t\t\t\t\t\t<\/div>\n\t\t\t\t\t<\/div>\n\t\t<\/div>\n\t\t\t\t\t<\/div>\n\t\t<\/section>\n\t\t\t\t<section data-particle_enable=\"false\" data-particle-mobile-disabled=\"false\" class=\"elementor-section elementor-top-section elementor-element elementor-element-1d41950 elementor-section-boxed elementor-section-height-default elementor-section-height-default\" data-id=\"1d41950\" data-element_type=\"section\" data-e-type=\"section\">\n\t\t\t\t\t\t<div class=\"elementor-container elementor-column-gap-default\">\n\t\t\t\t\t<div class=\"elementor-column elementor-col-100 elementor-top-column elementor-element elementor-element-ffda2c6\" data-id=\"ffda2c6\" data-element_type=\"column\" data-e-type=\"column\">\n\t\t\t<div class=\"elementor-widget-wrap elementor-element-populated\">\n\t\t\t\t\t\t<div class=\"elementor-element elementor-element-d6cd7a1 elementor-widget elementor-widget-heading\" data-id=\"d6cd7a1\" data-element_type=\"widget\" data-e-type=\"widget\" data-widget_type=\"heading.default\">\n\t\t\t\t\t<h3 class=\"elementor-heading-title elementor-size-default\">10. \u00bfSi alguien quiere venerar en su d\u00eda una imagen del Santo Cristo de Esquipulas en Estados Unidos, a donde puede ir?<\/h3>\t\t\t\t<\/div>\n\t\t\t\t\t<\/div>\n\t\t<\/div>\n\t\t\t\t\t<\/div>\n\t\t<\/section>\n\t\t\t\t<section data-particle_enable=\"false\" data-particle-mobile-disabled=\"false\" class=\"elementor-section elementor-top-section elementor-element elementor-element-7d43055 elementor-section-boxed elementor-section-height-default elementor-section-height-default\" data-id=\"7d43055\" data-element_type=\"section\" data-e-type=\"section\">\n\t\t\t\t\t\t<div class=\"elementor-container elementor-column-gap-default\">\n\t\t\t\t\t<div class=\"elementor-column elementor-col-100 elementor-top-column elementor-element elementor-element-8578294\" data-id=\"8578294\" data-element_type=\"column\" data-e-type=\"column\">\n\t\t\t<div class=\"elementor-widget-wrap elementor-element-populated\">\n\t\t\t\t\t\t<div class=\"elementor-element elementor-element-0cafc05 elementor-widget elementor-widget-text-editor\" data-id=\"0cafc05\" data-element_type=\"widget\" data-e-type=\"widget\" data-widget_type=\"text-editor.default\">\n\t\t\t\t\t\t\t\t\t<p>En los \u00faltimos 25 a\u00f1os, migrantes devotos se las han ingeniado para llevar <a href=\"https:\/\/soymigrante.com\/revista\/parroquias-estados-unidos-festejan-dia-del-cristo-de-esquipulas\/\">r\u00e9plicas del Santo Cristo de Esquipulas a templos parroquiales de EE.UU. en donde se le venera.<\/a> En algunos casos, las im\u00e1genes han sido pr\u00e1cticamente contrabandeadas a trav\u00e9s de la frontera con M\u00e9xico, debido a restricciones aduanales para su ingreso.<\/p><p>De ah\u00ed que, por ejemplo, al crucificado que se venera en Los Angeles, California, se le llama &#8220;El Cristo Mojado&#8221;. Tambi\u00e9n existen im\u00e1genes en iglesias de Nueva York, Chicago y San Antonio, Texas. Algunas r\u00e9plicas tienen ya m\u00e1s de 50 a\u00f1os de antig\u00fcedad.<span style=\"color: var( --e-global-color-text );\"><br \/><\/span><\/p>\t\t\t\t\t\t\t\t<\/div>\n\t\t\t\t\t<\/div>\n\t\t<\/div>\n\t\t\t\t\t<\/div>\n\t\t<\/section>\n\t\t\t\t<section data-particle_enable=\"false\" data-particle-mobile-disabled=\"false\" class=\"elementor-section elementor-top-section elementor-element elementor-element-b622a2d elementor-section-boxed elementor-section-height-default elementor-section-height-default\" data-id=\"b622a2d\" data-element_type=\"section\" data-e-type=\"section\">\n\t\t\t\t\t\t<div class=\"elementor-container elementor-column-gap-default\">\n\t\t\t\t\t<div class=\"elementor-column elementor-col-100 elementor-top-column elementor-element elementor-element-96d957c\" data-id=\"96d957c\" data-element_type=\"column\" data-e-type=\"column\">\n\t\t\t<div class=\"elementor-widget-wrap elementor-element-populated\">\n\t\t\t\t\t\t<div class=\"elementor-element elementor-element-b66a99e elementor-widget elementor-widget-heading\" data-id=\"b66a99e\" data-element_type=\"widget\" data-e-type=\"widget\" data-widget_type=\"heading.default\">\n\t\t\t\t\t<h2 class=\"elementor-heading-title elementor-size-default\">Actividades para este 15 de enero 2023 en EE.UU.   Ent\u00e9rate ac\u00e1:<\/h2>\t\t\t\t<\/div>\n\t\t\t\t\t<\/div>\n\t\t<\/div>\n\t\t\t\t\t<\/div>\n\t\t<\/section>\n\t\t\t\t<section data-particle_enable=\"false\" data-particle-mobile-disabled=\"false\" class=\"elementor-section elementor-top-section elementor-element elementor-element-3440bb3 elementor-section-boxed elementor-section-height-default elementor-section-height-default\" data-id=\"3440bb3\" data-element_type=\"section\" data-e-type=\"section\">\n\t\t\t\t\t\t<div class=\"elementor-container elementor-column-gap-default\">\n\t\t\t\t\t<div class=\"elementor-column elementor-col-100 elementor-top-column elementor-element elementor-element-1c8f6b2\" data-id=\"1c8f6b2\" data-element_type=\"column\" data-e-type=\"column\">\n\t\t\t<div class=\"elementor-widget-wrap elementor-element-populated\">\n\t\t\t\t\t\t<div class=\"elementor-element elementor-element-1c897c0 elementor-grid-eael-col-1 elementor-grid-tablet-eael-col-2 elementor-grid-mobile-eael-col-1 elementor-widget elementor-widget-eael-post-grid\" data-id=\"1c897c0\" data-element_type=\"widget\" data-e-type=\"widget\" data-settings=\"{&quot;eael_post_grid_columns&quot;:&quot;eael-col-1&quot;,&quot;eael_post_grid_columns_tablet&quot;:&quot;eael-col-2&quot;,&quot;eael_post_grid_columns_mobile&quot;:&quot;eael-col-1&quot;}\" data-widget_type=\"eael-post-grid.default\">\n\t\t\t\t\t<div id=\"eael-post-grid-1c897c0\" class=\"eael-post-grid-container\">\n            <div class=\"eael-post-grid eael-post-appender eael-post-appender-1c897c0 eael-post-grid-style-one\" data-layout-mode=\"masonry\"><article class=\"eael-grid-post  eael-post-grid-column eael-pg-post-4383 category-estamos-unidos\" data-id=\"4383\">\n        <div class=\"eael-grid-post-holder\">\n            <div class=\"eael-grid-post-holder-inner\"><div class=\"eael-entry-media\"><div class=\"eael-entry-overlay fade-in\"><i class=\"fas fa-long-arrow-alt-right\" aria-hidden=\"true\"><\/i><a href=\"https:\/\/soymigrante.com\/revista\/parroquias-estados-unidos-festejan-dia-del-cristo-de-esquipulas\/\"><\/a><\/div><div class=\"eael-entry-thumbnail \">\n                <img loading=\"lazy\" decoding=\"async\" width=\"300\" height=\"300\" src=\"https:\/\/soymigrante.com\/revista\/wp-content\/uploads\/2025\/01\/santo-cristo-esquipulas-en-hawthorne-California-300x300.jpg\" class=\"attachment-medium size-medium wp-image-20377\" alt=\"Cristo crucificado en exhibici\u00f3n en un museo con visitantes, representaci\u00f3n religiosa, arte sacro, cultura mexicana, historia religiosa, turismo espiritual, celebrar tradiciones, patrimonio cultural, arte religioso, comunidad cat\u00f3lica.\" srcset=\"https:\/\/soymigrante.com\/revista\/wp-content\/uploads\/2025\/01\/santo-cristo-esquipulas-en-hawthorne-California-300x300.jpg 300w, https:\/\/soymigrante.com\/revista\/wp-content\/uploads\/2025\/01\/santo-cristo-esquipulas-en-hawthorne-California-150x150.jpg 150w, https:\/\/soymigrante.com\/revista\/wp-content\/uploads\/2025\/01\/santo-cristo-esquipulas-en-hawthorne-California-75x75.webp 75w, https:\/\/soymigrante.com\/revista\/wp-content\/uploads\/2025\/01\/santo-cristo-esquipulas-en-hawthorne-California.webp 720w\" sizes=\"(max-width: 300px) 100vw, 300px\" \/>\n            <\/div>\n        <\/div><div class=\"eael-entry-wrapper\"><header class=\"eael-entry-header\"><h2 class=\"eael-entry-title\"><a class=\"eael-grid-post-link\" href=\"https:\/\/soymigrante.com\/revista\/parroquias-estados-unidos-festejan-dia-del-cristo-de-esquipulas\/\" title=\"\u00bfEn qu\u00e9 iglesias de USA se venera al Cristo de Esquipulas? Listado y ubicaci\u00f3n\">\u00bfEn qu\u00e9 iglesias de USA se venera al Cristo de Esquipulas? Listado y ubicaci\u00f3n<\/a><\/h2><\/header><div class=\"eael-entry-content\">\n                        <div class=\"eael-grid-post-excerpt\"><p>En templos y comunidades de ciudades de Estados Unidos se venera al Santo Cristo de Esquipulas. Esta devoci\u00f3n re\u00fane a devotos guatemaltecos e hispanos, que van en busca de paz,...<\/p><a href=\"https:\/\/soymigrante.com\/revista\/parroquias-estados-unidos-festejan-dia-del-cristo-de-esquipulas\/\" class=\"eael-post-elements-readmore-btn\">Leer m\u00e1s<\/a><\/div>\n                    <\/div><\/div><\/div>\n        <\/div>\n    <\/article><\/div>\n            <div class=\"clearfix\"><\/div>\n        <\/div>\t\t\t\t<\/div>\n\t\t\t\t\t<\/div>\n\t\t<\/div>\n\t\t\t\t\t<\/div>\n\t\t<\/section>\n\t\t\t\t<\/div>\n\t\t","protected":false},"excerpt":{"rendered":"<p>Cristo de Esquipulas es el centro de la devoci\u00f3n de millones de peregrinos que llegan a su Bas\u00edlica a lo largo del a\u00f1o, pero sobre todo en su fiesta del 15 de enero. \u00bfPor qu\u00e9 esta fecha? \u00bfCu\u00e1ndo fue tallada la imagen? Preguntas y respuestas, aqu\u00ed. De toda Guatemala, de pa\u00edses vecinos y tambi\u00e9n desde [&hellip;]<\/p>\n","protected":false},"author":7,"featured_media":4338,"comment_status":"open","ping_status":"open","sticky":false,"template":"","format":"standard","meta":{"_acf_changed":false,"_eb_attr":"","footnotes":""},"categories":[58],"tags":[],"class_list":["post-4337","post","type-post","status-publish","format-standard","has-post-thumbnail","hentry","category-guate-nuestra"],"acf":[],"aioseo_notices":[],"aioseo_head":"\n\t\t<!-- All in One SEO Pro 4.9.6.2 - aioseo.com -->\n\t<meta name=\"description\" content=\"R\u00e9plicas del Santo Cristo de Esquipulas se veneran en varias iglesias y parroquias de Estados Unidos. Algunas son muy antiguas. Esta es su ubicaci\u00f3n.\" \/>\n\t<meta name=\"robots\" content=\"max-snippet:-1, max-image-preview:large, max-video-preview:-1\" \/>\n\t<meta name=\"author\" content=\"Gustavo Montenegro\"\/>\n\t<link rel=\"canonical\" href=\"https:\/\/soymigrante.com\/revista\/parroquias-estados-unidos-festejan-dia-del-cristo-de-esquipulas\/\" \/>\n\t<meta name=\"generator\" content=\"All in One SEO Pro (AIOSEO) 4.9.6.2\" \/>\n\n\t\t<link rel=\"preconnect\" href=\"https:\/\/fonts.googleapis.com\" crossorigin>\n<link rel=\"preconnect\" href=\"https:\/\/fonts.gstatic.com\" crossorigin>\n\t\t<meta property=\"og:locale\" content=\"es_ES\" \/>\n\t\t<meta property=\"og:site_name\" content=\"SoyMigrante.com REVISTA \u2013 Nuestra misi\u00f3n es reconocer y dignificar al migrante.\" \/>\n\t\t<meta property=\"og:type\" content=\"article\" \/>\n\t\t<meta property=\"og:title\" content=\"Cristo de Esquipulas en USA: \u00bfEn qu\u00e9 templos se encuentra?\" \/>\n\t\t<meta property=\"og:description\" content=\"R\u00e9plicas del Santo Cristo de Esquipulas se veneran en varias iglesias y parroquias de Estados Unidos. Algunas son muy antiguas. Esta es su ubicaci\u00f3n.\" \/>\n\t\t<meta property=\"og:url\" content=\"https:\/\/soymigrante.com\/revista\/parroquias-estados-unidos-festejan-dia-del-cristo-de-esquipulas\/\" \/>\n\t\t<meta property=\"og:image\" content=\"https:\/\/soymigrante.com\/revista\/wp-content\/uploads\/2025\/01\/santo-cristo-esquipulas-en-hawthorne-California.webp\" \/>\n\t\t<meta property=\"og:image:secure_url\" content=\"https:\/\/soymigrante.com\/revista\/wp-content\/uploads\/2025\/01\/santo-cristo-esquipulas-en-hawthorne-California.webp\" \/>\n\t\t<meta property=\"og:image:width\" content=\"720\" \/>\n\t\t<meta property=\"og:image:height\" content=\"720\" \/>\n\t\t<meta property=\"article:published_time\" content=\"2025-01-11T17:42:22+00:00\" \/>\n\t\t<meta property=\"article:modified_time\" content=\"2025-01-27T00:52:36+00:00\" \/>\n\t\t<meta property=\"article:publisher\" content=\"https:\/\/www.facebook.com\/soymigrantecom\" \/>\n\t\t<meta name=\"twitter:card\" content=\"summary_large_image\" \/>\n\t\t<meta name=\"twitter:site\" content=\"@SoyMigrante_com\" \/>\n\t\t<meta name=\"twitter:title\" content=\"Cristo de Esquipulas en USA: \u00bfEn qu\u00e9 templos se encuentra?\" \/>\n\t\t<meta name=\"twitter:description\" content=\"R\u00e9plicas del Santo Cristo de Esquipulas se veneran en varias iglesias y parroquias de Estados Unidos. Algunas son muy antiguas. Esta es su ubicaci\u00f3n.\" \/>\n\t\t<meta name=\"twitter:creator\" content=\"@SoyMigrante_com\" \/>\n\t\t<meta name=\"twitter:image\" content=\"https:\/\/soymigrante.com\/revista\/wp-content\/uploads\/2025\/01\/santo-cristo-esquipulas-en-hawthorne-California.webp\" \/>\n\t\t<!-- All in One SEO Pro -->\r\n\t\t<title>Cristo de Esquipulas en USA: \u00bfEn qu\u00e9 templos se encuentra?<\/title>\n\n","aioseo_head_json":{"title":"Cristo de Esquipulas en USA: \u00bfEn qu\u00e9 templos se encuentra?","description":"R\u00e9plicas del Santo Cristo de Esquipulas se veneran en varias iglesias y parroquias de Estados Unidos. Algunas son muy antiguas. Esta es su ubicaci\u00f3n.","canonical_url":"https:\/\/soymigrante.com\/revista\/parroquias-estados-unidos-festejan-dia-del-cristo-de-esquipulas\/","robots":"max-snippet:-1, max-image-preview:large, max-video-preview:-1","keywords":"","webmasterTools":{"miscellaneous":"&lt;link rel=\"preconnect\" href=\"https:\/\/fonts.googleapis.com\" crossorigin&gt;\n&lt;link rel=\"preconnect\" href=\"https:\/\/fonts.gstatic.com\" crossorigin&gt;"},"schema":null,"og:locale":"es_ES","og:site_name":"SoyMigrante.com REVISTA \u2013 Nuestra misi\u00f3n es reconocer y dignificar al migrante.","og:type":"article","og:title":"Cristo de Esquipulas en USA: \u00bfEn qu\u00e9 templos se encuentra?","og:description":"R\u00e9plicas del Santo Cristo de Esquipulas se veneran en varias iglesias y parroquias de Estados Unidos. Algunas son muy antiguas. Esta es su ubicaci\u00f3n.","og:url":"https:\/\/soymigrante.com\/revista\/parroquias-estados-unidos-festejan-dia-del-cristo-de-esquipulas\/","og:image":"https:\/\/soymigrante.com\/revista\/wp-content\/uploads\/2025\/01\/santo-cristo-esquipulas-en-hawthorne-California.webp","og:image:secure_url":"https:\/\/soymigrante.com\/revista\/wp-content\/uploads\/2025\/01\/santo-cristo-esquipulas-en-hawthorne-California.webp","og:image:width":720,"og:image:height":720,"article:published_time":"2025-01-11T17:42:22+00:00","article:modified_time":"2025-01-27T00:52:36+00:00","article:publisher":"https:\/\/www.facebook.com\/soymigrantecom","twitter:card":"summary_large_image","twitter:site":"@SoyMigrante_com","twitter:title":"Cristo de Esquipulas en USA: \u00bfEn qu\u00e9 templos se encuentra?","twitter:description":"R\u00e9plicas del Santo Cristo de Esquipulas se veneran en varias iglesias y parroquias de Estados Unidos. Algunas son muy antiguas. Esta es su ubicaci\u00f3n.","twitter:creator":"@SoyMigrante_com","twitter:image":"https:\/\/soymigrante.com\/revista\/wp-content\/uploads\/2025\/01\/santo-cristo-esquipulas-en-hawthorne-California.webp"},"aioseo_meta_data":{"post_id":"4337","title":"Santo Cristo de Esquipulas: preguntas y respuestas","description":"\u00bfPor qu\u00e9 se celebra su fiesta 15 de enero? \u00bfEn cu\u00e1nto tiempo fue esculpido? \u00bfDesde cu\u00e1nto se le venera en la Bas\u00edlica? \u00bfD\u00f3nde m\u00e1s est\u00e1 la venerada imagen? Q&amp;A aqu","keywords":null,"keyphrases":{"focus":{"keyphrase":"Esquipulas","score":82,"analysis":{"keyphraseInTitle":{"score":9,"maxScore":9,"error":0},"keyphraseInDescription":{"score":3,"maxScore":9,"error":1},"keyphraseLength":{"score":9,"maxScore":9,"error":0,"length":1},"keyphraseInURL":{"score":5,"maxScore":5,"error":0},"keyphraseInIntroduction":{"score":9,"maxScore":9,"error":0},"keyphraseInSubHeadings":{"score":3,"maxScore":9,"error":1},"keyphraseInImageAlt":{"score":9,"maxScore":9,"error":0},"keywordDensity":{"type":"best","score":9,"maxScore":9,"error":0}}},"additional":[{"keyphrase":"Cristo de Esquipulas","score":73,"analysis":{"keyphraseInDescription":{"score":3,"maxScore":9,"error":1},"keyphraseLength":{"score":9,"maxScore":9,"error":0,"length":3},"keyphraseInIntroduction":{"score":9,"maxScore":9,"error":0},"keyphraseInImageAlt":{"score":3,"maxScore":9,"error":1},"keywordDensity":{"type":"best","score":9,"maxScore":9,"error":0}}},{"keyphrase":"Cristo Negro","score":40,"analysis":{"keyphraseInDescription":{"score":3,"maxScore":9,"error":1},"keyphraseLength":{"score":9,"maxScore":9,"error":0,"length":2},"keyphraseInIntroduction":{"score":3,"maxScore":9,"error":1},"keyphraseInImageAlt":{"score":3,"maxScore":9,"error":1},"keywordDensity":{"score":0,"type":"low","maxScore":9,"error":1}}},{"keyphrase":"15 de enero","score":53,"analysis":{"keyphraseInDescription":{"score":9,"maxScore":9,"error":0},"keyphraseLength":{"score":9,"maxScore":9,"error":0,"length":3},"keyphraseInIntroduction":{"score":3,"maxScore":9,"error":1},"keyphraseInImageAlt":{"score":3,"maxScore":9,"error":1},"keywordDensity":{"score":0,"type":"low","maxScore":9,"error":1}}},{"keyphrase":"Preguntas y respuestas","score":40,"analysis":{"keyphraseInDescription":{"score":3,"maxScore":9,"error":1},"keyphraseLength":{"score":9,"maxScore":9,"error":0,"length":3},"keyphraseInIntroduction":{"score":3,"maxScore":9,"error":1},"keyphraseInImageAlt":{"score":3,"maxScore":9,"error":1},"keywordDensity":{"score":0,"type":"low","maxScore":9,"error":1}}},{"keyphrase":"Q&A","score":53,"analysis":{"keyphraseInDescription":{"score":9,"maxScore":9,"error":0},"keyphraseLength":{"score":9,"maxScore":9,"error":0,"length":1},"keyphraseInIntroduction":{"score":3,"maxScore":9,"error":1},"keyphraseInImageAlt":{"score":3,"maxScore":9,"error":1},"keywordDensity":{"score":0,"type":"low","maxScore":9,"error":1}}}]},"primary_term":null,"canonical_url":null,"og_title":null,"og_description":null,"og_object_type":"default","og_image_type":"default","og_image_url":null,"og_image_width":null,"og_image_height":null,"og_image_custom_url":null,"og_image_custom_fields":null,"og_video":"","og_custom_url":null,"og_article_section":null,"og_article_tags":null,"twitter_use_og":false,"twitter_card":"default","twitter_image_type":"default","twitter_image_url":null,"twitter_image_custom_url":null,"twitter_image_custom_fields":null,"twitter_title":null,"twitter_description":null,"schema":{"blockGraphs":[],"customGraphs":[],"default":{"data":{"Article":[],"Course":[],"Dataset":[],"FAQPage":[],"Movie":[],"Person":[],"Product":[],"ProductReview":[],"Car":[],"Recipe":[],"Service":[],"SoftwareApplication":[],"WebPage":[]},"graphName":"NewsArticle","isEnabled":true},"graphs":[]},"schema_type":"default","schema_type_options":null,"pillar_content":false,"robots_default":true,"robots_noindex":false,"robots_noarchive":false,"robots_nosnippet":false,"robots_nofollow":false,"robots_noimageindex":false,"robots_noodp":false,"robots_notranslate":false,"robots_max_snippet":"-1","robots_max_videopreview":"-1","robots_max_imagepreview":"large","priority":null,"frequency":"default","local_seo":null,"seo_analyzer_scan_date":"2026-01-12 20:32:44","breadcrumb_settings":null,"limit_modified_date":false,"reviewed_by":"0","open_ai":"{\"title\":{\"suggestions\":[],\"usage\":0},\"description\":{\"suggestions\":[],\"usage\":0}}","ai":{"faqs":[],"keyPoints":[],"titles":[],"descriptions":[],"socialPosts":{"email":[],"linkedin":[],"twitter":[],"facebook":[],"instagram":[]}},"created":"2024-01-10 22:42:36","updated":"2026-02-04 18:47:13"},"aioseo_breadcrumb":"<div class=\"aioseo-breadcrumbs\"><span class=\"aioseo-breadcrumb\">\n\t<a href=\"https:\/\/soymigrante.com\/revista\" title=\"Home\">Home<\/a>\n<\/span><span class=\"aioseo-breadcrumb-separator\">\u00bb<\/span><span class=\"aioseo-breadcrumb\">\n\t<a href=\"https:\/\/soymigrante.com\/revista\/category\/guate-nuestra\/\" title=\"Guate Nuestra\">Guate Nuestra<\/a>\n<\/span><span class=\"aioseo-breadcrumb-separator\">\u00bb<\/span><span class=\"aioseo-breadcrumb\">\n\tSanto Cristo de Esquipulas: m\u00e1s de cuatro siglos de veneraci\u00f3n sin fronteras\n<\/span><\/div>","aioseo_breadcrumb_json":[{"label":"Home","link":"https:\/\/soymigrante.com\/revista"},{"label":"Guate Nuestra","link":"https:\/\/soymigrante.com\/revista\/category\/guate-nuestra\/"},{"label":"Santo Cristo de Esquipulas: m\u00e1s de cuatro siglos de veneraci\u00f3n sin fronteras","link":"https:\/\/soymigrante.com\/revista\/cristo-esquipulas-veneracion-migrantes-basilica-estados-unidos-guatemala\/"}],"_links":{"self":[{"href":"https:\/\/soymigrante.com\/revista\/wp-json\/wp\/v2\/posts\/4337","targetHints":{"allow":["GET"]}}],"collection":[{"href":"https:\/\/soymigrante.com\/revista\/wp-json\/wp\/v2\/posts"}],"about":[{"href":"https:\/\/soymigrante.com\/revista\/wp-json\/wp\/v2\/types\/post"}],"author":[{"embeddable":true,"href":"https:\/\/soymigrante.com\/revista\/wp-json\/wp\/v2\/users\/7"}],"replies":[{"embeddable":true,"href":"https:\/\/soymigrante.com\/revista\/wp-json\/wp\/v2\/comments?post=4337"}],"version-history":[{"count":1,"href":"https:\/\/soymigrante.com\/revista\/wp-json\/wp\/v2\/posts\/4337\/revisions"}],"predecessor-version":[{"id":50734,"href":"https:\/\/soymigrante.com\/revista\/wp-json\/wp\/v2\/posts\/4337\/revisions\/50734"}],"wp:featuredmedia":[{"embeddable":true,"href":"https:\/\/soymigrante.com\/revista\/wp-json\/wp\/v2\/media\/4338"}],"wp:attachment":[{"href":"https:\/\/soymigrante.com\/revista\/wp-json\/wp\/v2\/media?parent=4337"}],"wp:term":[{"taxonomy":"category","embeddable":true,"href":"https:\/\/soymigrante.com\/revista\/wp-json\/wp\/v2\/categories?post=4337"},{"taxonomy":"post_tag","embeddable":true,"href":"https:\/\/soymigrante.com\/revista\/wp-json\/wp\/v2\/tags?post=4337"}],"curies":[{"name":"wp","href":"https:\/\/api.w.org\/{rel}","templated":true}]}}