{"id":43325,"date":"2025-09-01T14:04:19","date_gmt":"2025-09-01T20:04:19","guid":{"rendered":"https:\/\/soymigrante.com\/revista\/?p=43325"},"modified":"2025-09-02T08:44:03","modified_gmt":"2025-09-02T14:44:03","slug":"en-la-cocina-azul-de-cristina-en-la-libertad-nacen-menjurjes-y-esperanzas","status":"publish","type":"post","link":"https:\/\/soymigrante.com\/revista\/en-la-cocina-azul-de-cristina-en-la-libertad-nacen-menjurjes-y-esperanzas\/","title":{"rendered":"En la cocina azul de Cristina en La Libertad nacen  Menjurjes y esperanzas"},"content":{"rendered":"\t\t<div data-elementor-type=\"wp-post\" data-elementor-id=\"43325\" class=\"elementor elementor-43325\" data-elementor-post-type=\"post\">\n\t\t\t\t<div data-particle_enable=\"false\" data-particle-mobile-disabled=\"false\" class=\"elementor-element elementor-element-09faaf9 e-flex e-con-boxed e-con e-parent\" data-id=\"09faaf9\" data-element_type=\"container\" data-e-type=\"container\">\n\t\t\t\t\t<div class=\"e-con-inner\">\n\t\t\t\t<div class=\"elementor-element elementor-element-1930664 elementor-widget elementor-widget-heading\" data-id=\"1930664\" data-element_type=\"widget\" data-e-type=\"widget\" data-widget_type=\"heading.default\">\n\t\t\t\t\t<h2 class=\"elementor-heading-title elementor-size-default\">Cristina Contreras elabora y vende aceites saborizados Menjurjes. Es madre, emprendedora y tambi\u00e9n psic\u00f3loga. Brinda apoyo emocional de mujeres v\u00edctimas de violencia, a quienes anima a superar barreras.<\/h2>\t\t\t\t<\/div>\n\t\t\t\t\t<\/div>\n\t\t\t\t<\/div>\n\t\t<div data-particle_enable=\"false\" data-particle-mobile-disabled=\"false\" class=\"elementor-element elementor-element-f335b79 e-flex e-con-boxed e-con e-parent\" data-id=\"f335b79\" data-element_type=\"container\" data-e-type=\"container\">\n\t\t\t\t\t<div class=\"e-con-inner\">\n\t\t\t\t<div class=\"elementor-element elementor-element-23f7b67 elementor-widget elementor-widget-text-editor\" data-id=\"23f7b67\" data-element_type=\"widget\" data-e-type=\"widget\" data-widget_type=\"text-editor.default\">\n\t\t\t\t\t\t\t\t\t<p>Cristina vive y trabaja al paso de los aviones. Su casa est\u00e1 en la colonia La Libertad, zona 13, justo a la vecindad del extremo sur de la pista de despegue o aterrizaje del aeropuerto La Aurora.\u00a0<\/p><p>Al entrar en su cocina taller, pintada de un azul, uno se sumerge en un esp\u00edritu de esfuerzo, trabajo e ideales. Ella deshoja ramas, desmenuza ajos, envasa pedidos de aceites que ir\u00e1n a mercados cantonales: una forma de generar recursos para su familia, que ahora tiene su tienda <a href=\"https:\/\/soymigrante.com\/mercado\/marketplace\/seller\/profile\/menjurjes?srsltid=AfmBOopZloJU4TOJOGcJrAVbLXpFonq57DhCqeZAjCfGOuwrV-DsAdSL\">Menjurjes en SoyMigrante.com MERCADO.<\/a><\/p>\t\t\t\t\t\t\t\t<\/div>\n\t\t\t\t\t<\/div>\n\t\t\t\t<\/div>\n\t\t<div data-particle_enable=\"false\" data-particle-mobile-disabled=\"false\" class=\"elementor-element elementor-element-c6d07e3 e-flex e-con-boxed e-con e-parent\" data-id=\"c6d07e3\" data-element_type=\"container\" data-e-type=\"container\">\n\t\t\t\t\t<div class=\"e-con-inner\">\n\t\t\t\t<div class=\"elementor-element elementor-element-7fc0e16 elementor-widget elementor-widget-image\" data-id=\"7fc0e16\" data-element_type=\"widget\" data-e-type=\"widget\" data-widget_type=\"image.default\">\n\t\t\t\t\t\t\t\t\t\t\t\t<figure class=\"wp-caption\">\n\t\t\t\t\t\t\t\t\t\t<img fetchpriority=\"high\" decoding=\"async\" width=\"1024\" height=\"670\" src=\"https:\/\/soymigrante.com\/revista\/wp-content\/uploads\/2025\/09\/Cristina-Contreras-emprendimiento-Menjurjes-foto-Abel-Juarez-6-1024x670.png\" class=\"attachment-large size-large wp-image-43353\" alt=\"Artesana preparando ingredientes en la cocina, usando mascarilla y delantal, en un espacio dom\u00e9stico con paredes azules para sobrellevar el trabajo de la gastronom\u00eda en la revista SoyMigrante.com REVISTA.\" srcset=\"https:\/\/soymigrante.com\/revista\/wp-content\/uploads\/2025\/09\/Cristina-Contreras-emprendimiento-Menjurjes-foto-Abel-Juarez-6-1024x670.png 1024w, https:\/\/soymigrante.com\/revista\/wp-content\/uploads\/2025\/09\/Cristina-Contreras-emprendimiento-Menjurjes-foto-Abel-Juarez-6-300x196.png 300w, https:\/\/soymigrante.com\/revista\/wp-content\/uploads\/2025\/09\/Cristina-Contreras-emprendimiento-Menjurjes-foto-Abel-Juarez-6-768x503.png 768w, https:\/\/soymigrante.com\/revista\/wp-content\/uploads\/2025\/09\/Cristina-Contreras-emprendimiento-Menjurjes-foto-Abel-Juarez-6-1536x1005.png 1536w, https:\/\/soymigrante.com\/revista\/wp-content\/uploads\/2025\/09\/Cristina-Contreras-emprendimiento-Menjurjes-foto-Abel-Juarez-6-750x491.webp 750w, https:\/\/soymigrante.com\/revista\/wp-content\/uploads\/2025\/09\/Cristina-Contreras-emprendimiento-Menjurjes-foto-Abel-Juarez-6-1140x746.webp 1140w, https:\/\/soymigrante.com\/revista\/wp-content\/uploads\/2025\/09\/Cristina-Contreras-emprendimiento-Menjurjes-foto-Abel-Juarez-6.webp 1670w\" sizes=\"(max-width: 1024px) 100vw, 1024px\" title=\"Para llegar a un aceite saborizado hay todo un proceso, casi ritual: conseguir hojas de buena calidad, secarlas,  triturarlas, someterlas a macerado. Cristina Contreras ha ido aprendiendo cada vez m\u00e1s de esta elaboraci\u00f3n artesanal. Su cocina es su laboratorio, donde se oyen volar aviones y sue\u00f1os. (Foto Abel Ju\u00e1rez) \u2013 SoyMigrante.com REVISTA\" \/>\t\t\t\t\t\t\t\t\t\t\t<figcaption class=\"widget-image-caption wp-caption-text\">Mujer chef con mascarilla y delantal trabajando en la preparaci\u00f3n de alimentos en espacio de cocina comunitaria.<\/figcaption>\n\t\t\t\t\t\t\t\t\t\t<\/figure>\n\t\t\t\t\t\t\t\t\t<\/div>\n\t\t\t\t\t<\/div>\n\t\t\t\t<\/div>\n\t\t<div data-particle_enable=\"false\" data-particle-mobile-disabled=\"false\" class=\"elementor-element elementor-element-eeb44bb e-flex e-con-boxed e-con e-parent\" data-id=\"eeb44bb\" data-element_type=\"container\" data-e-type=\"container\">\n\t\t\t\t\t<div class=\"e-con-inner\">\n\t\t\t\t<div class=\"elementor-element elementor-element-7caa69c elementor-widget elementor-widget-heading\" data-id=\"7caa69c\" data-element_type=\"widget\" data-e-type=\"widget\" data-widget_type=\"heading.default\">\n\t\t\t\t\t<h3 class=\"elementor-heading-title elementor-size-default\">Tratando de traducir el sabor<\/h3>\t\t\t\t<\/div>\n\t\t\t\t\t<\/div>\n\t\t\t\t<\/div>\n\t\t<div data-particle_enable=\"false\" data-particle-mobile-disabled=\"false\" class=\"elementor-element elementor-element-60c0060 e-flex e-con-boxed e-con e-parent\" data-id=\"60c0060\" data-element_type=\"container\" data-e-type=\"container\">\n\t\t\t\t\t<div class=\"e-con-inner\">\n\t\t\t\t<div class=\"elementor-element elementor-element-95be7b0 elementor-widget elementor-widget-text-editor\" data-id=\"95be7b0\" data-element_type=\"widget\" data-e-type=\"widget\" data-widget_type=\"text-editor.default\">\n\t\t\t\t\t\t\t\t\t<p>Desde que uno se sumerge en el recinto el aroma es simplemente apetitoso. Venimos a tomar videos para el promocional del <a href=\"https:\/\/soymigrante.com\/mercado\/marketplace\/seller\/profile\/menjurjes?srsltid=AfmBOopZloJU4TOJOGcJrAVbLXpFonq57DhCqeZAjCfGOuwrV-DsAdSL\">emprendimiento Menjurjes <\/a>de Cristina Contreras Herrera.\u00a0 <a href=\"https:\/\/soymigrante.com\/mercado\/\">SoyMigrante.com MERCADO<\/a> impulsa el talento y la creatividad de todos los emprendedores guatemaltecos.<\/p><p>Entrar al coraz\u00f3n de Menjurjes es como llegar en una cocina a todo vapor, pero no hay sartenes ni platillos: solo los ingredientes y promesas de futuros almuerzos o cenas con un sabor muy especial.<\/p><p>Menjurjes\u00a0 crea aceites saborizados para preparar ensaladas, <a href=\"https:\/\/soymigrante.com\/revista\/algo-tan-sencillo-como-una-tortilla-con-carne-tiene-sabor-a-recuerdo-a-familia-y-a-felicidad\/\">carnes,<\/a> pastas y otros platillos. Nos da una degustaci\u00f3n con galletas de soda. Nos surge una gran pregunta: \u00bfC\u00f3mo traducimos este tentador aroma a letras o el exquisito sabor de sus esencias a im\u00e1genes?\u00a0<\/p>\t\t\t\t\t\t\t\t<\/div>\n\t\t\t\t\t<\/div>\n\t\t\t\t<\/div>\n\t\t<div data-particle_enable=\"false\" data-particle-mobile-disabled=\"false\" class=\"elementor-element elementor-element-c2738a0 e-flex e-con-boxed e-con e-parent\" data-id=\"c2738a0\" data-element_type=\"container\" data-e-type=\"container\">\n\t\t\t\t\t<div class=\"e-con-inner\">\n\t\t\t\t<div class=\"elementor-element elementor-element-bafc51a elementor-widget elementor-widget-image\" data-id=\"bafc51a\" data-element_type=\"widget\" data-e-type=\"widget\" data-widget_type=\"image.default\">\n\t\t\t\t\t\t\t\t\t\t\t\t<figure class=\"wp-caption\">\n\t\t\t\t\t\t\t\t\t\t<img decoding=\"async\" width=\"1024\" height=\"843\" src=\"https:\/\/soymigrante.com\/revista\/wp-content\/uploads\/2025\/09\/Cristina-Contreras-emprendimiento-Menjurjes-foto-Abel-Juarez-5-1024x843.png\" class=\"attachment-large size-large wp-image-43354\" alt=\"Artesana preparando comida en cocina, con mascarilla y delantal, en un ambiente de cocina casera.\" srcset=\"https:\/\/soymigrante.com\/revista\/wp-content\/uploads\/2025\/09\/Cristina-Contreras-emprendimiento-Menjurjes-foto-Abel-Juarez-5-1024x843.png 1024w, https:\/\/soymigrante.com\/revista\/wp-content\/uploads\/2025\/09\/Cristina-Contreras-emprendimiento-Menjurjes-foto-Abel-Juarez-5-300x247.png 300w, https:\/\/soymigrante.com\/revista\/wp-content\/uploads\/2025\/09\/Cristina-Contreras-emprendimiento-Menjurjes-foto-Abel-Juarez-5-768x632.png 768w, https:\/\/soymigrante.com\/revista\/wp-content\/uploads\/2025\/09\/Cristina-Contreras-emprendimiento-Menjurjes-foto-Abel-Juarez-5-750x618.webp 750w, https:\/\/soymigrante.com\/revista\/wp-content\/uploads\/2025\/09\/Cristina-Contreras-emprendimiento-Menjurjes-foto-Abel-Juarez-5-1140x939.webp 1140w, https:\/\/soymigrante.com\/revista\/wp-content\/uploads\/2025\/09\/Cristina-Contreras-emprendimiento-Menjurjes-foto-Abel-Juarez-5.webp 1342w\" sizes=\"(max-width: 1024px) 100vw, 1024px\" title=\"El ajo del asunto est\u00e1 en no tener miedo a intentarlo de nuevo, a buscar soluciones, en emprender para lograr, dice Cristina Contreras, emprendedora y tambi\u00e9n consejera de mujeres v\u00edctimas de violencia. (Foto Abel Ju\u00e1rez) \u2013 SoyMigrante.com REVISTA\" \/>\t\t\t\t\t\t\t\t\t\t\t<figcaption class=\"widget-image-caption wp-caption-text\">Mujer cocinando ingredientes en una cocina moderna, con mascarilla protectora, en un espacio bien equipado para la preparaci\u00f3n de alimentos.<\/figcaption>\n\t\t\t\t\t\t\t\t\t\t<\/figure>\n\t\t\t\t\t\t\t\t\t<\/div>\n\t\t\t\t\t<\/div>\n\t\t\t\t<\/div>\n\t\t<div data-particle_enable=\"false\" data-particle-mobile-disabled=\"false\" class=\"elementor-element elementor-element-4f6f867 e-flex e-con-boxed e-con e-parent\" data-id=\"4f6f867\" data-element_type=\"container\" data-e-type=\"container\">\n\t\t\t\t\t<div class=\"e-con-inner\">\n\t\t\t\t<div class=\"elementor-element elementor-element-a938b76 elementor-widget elementor-widget-heading\" data-id=\"a938b76\" data-element_type=\"widget\" data-e-type=\"widget\" data-widget_type=\"heading.default\">\n\t\t\t\t\t<h3 class=\"elementor-heading-title elementor-size-default\">P\u00e9nsum cerrado de Psicolog\u00eda<\/h3>\t\t\t\t<\/div>\n\t\t\t\t\t<\/div>\n\t\t\t\t<\/div>\n\t\t<div data-particle_enable=\"false\" data-particle-mobile-disabled=\"false\" class=\"elementor-element elementor-element-dbfbcaf e-flex e-con-boxed e-con e-parent\" data-id=\"dbfbcaf\" data-element_type=\"container\" data-e-type=\"container\">\n\t\t\t\t\t<div class=\"e-con-inner\">\n\t\t\t\t<div class=\"elementor-element elementor-element-3902bad elementor-widget elementor-widget-text-editor\" data-id=\"3902bad\" data-element_type=\"widget\" data-e-type=\"widget\" data-widget_type=\"text-editor.default\">\n\t\t\t\t\t\t\t\t\t<p>&#8220;Surgimos durante la pandemia, cuando hab\u00eda muchas personas dentro de sus viviendas, compartiendo tiempo, comidas. En ese ambiente hab\u00eda que romper la rutina. Variar el sabor de los alimentos era una gran oportunidad y necesidad&#8221;, expresa. Pero hay otro ideal que impulsa su esfuerzo.<\/p><p>Cristina ha cerrado ya el p\u00e9nsum de la carrera de Psic\u00f3loga. Su pr\u00f3xima gran meta es graduarse. Sin embargo lleva a\u00f1os trabajando en la atenci\u00f3n de <a href=\"https:\/\/soymigrante.com\/revista\/mucho-ojo-senales-de-una-pareja-potencialmente-violenta\/\">mujeres v\u00edctimas de violencia<\/a> verbal, f\u00edsica, sexual y econ\u00f3mica.\u00a0<\/p><p>Ha escuchado muchos casos y aporta en lo que puede. &#8220;Les animo a superar sus barreras y a romper el ciclo de violencia. No es f\u00e1cil&#8221;, dice. &#8220;Pero s\u00ed es posible y necesario&#8221;.<\/p>\t\t\t\t\t\t\t\t<\/div>\n\t\t\t\t\t<\/div>\n\t\t\t\t<\/div>\n\t\t<div data-particle_enable=\"false\" data-particle-mobile-disabled=\"false\" class=\"elementor-element elementor-element-75e5672 e-flex e-con-boxed e-con e-parent\" data-id=\"75e5672\" data-element_type=\"container\" data-e-type=\"container\">\n\t\t\t\t\t<div class=\"e-con-inner\">\n\t\t\t\t<div class=\"elementor-element elementor-element-2b4360b elementor-grid-eael-col-1 elementor-grid-tablet-eael-col-2 elementor-grid-mobile-eael-col-1 elementor-widget elementor-widget-eael-post-grid\" data-id=\"2b4360b\" data-element_type=\"widget\" data-e-type=\"widget\" data-settings=\"{&quot;eael_post_grid_columns&quot;:&quot;eael-col-1&quot;,&quot;eael_post_grid_columns_tablet&quot;:&quot;eael-col-2&quot;,&quot;eael_post_grid_columns_mobile&quot;:&quot;eael-col-1&quot;}\" data-widget_type=\"eael-post-grid.default\">\n\t\t\t\t\t<div id=\"eael-post-grid-2b4360b\" class=\"eael-post-grid-container\">\n            <div class=\"eael-post-grid eael-post-appender eael-post-appender-2b4360b eael-post-grid-style-one\" data-layout-mode=\"masonry\"><article class=\"eael-grid-post  eael-post-grid-column eael-pg-post-39764 category-guate-nuestra tags-mercado-emprendedores\" data-id=\"39764\">\n        <div class=\"eael-grid-post-holder\">\n            <div class=\"eael-grid-post-holder-inner\"><div class=\"eael-entry-media\"><div class=\"eael-entry-overlay fade-in\"><i class=\"far fa-hand-pointer\" aria-hidden=\"true\"><\/i><a href=\"https:\/\/soymigrante.com\/revista\/emprendedora-cristina-contreras-convirtio-sus-cualidades-en-menjurjes-tienda-digital-en-mercado\/\"><\/a><\/div><div class=\"eael-entry-thumbnail eael-image-ratio\">\n                <img decoding=\"async\" width=\"1024\" height=\"1024\" src=\"https:\/\/soymigrante.com\/revista\/wp-content\/uploads\/2025\/07\/menjurjes-tienda-en-soymigrante.com-mercado-1024x1024.png\" class=\"attachment-large size-large wp-image-39859\" alt=\"Aceite de cilantro y chile de Chilete en botellas grandes con etiquetado de SoyMigrante.com revista, mujer sonriente en fondo de madera mostrando productos tradicionales de la gastronom\u00eda peruana.\" srcset=\"https:\/\/soymigrante.com\/revista\/wp-content\/uploads\/2025\/07\/menjurjes-tienda-en-soymigrante.com-mercado-1024x1024.png 1024w, https:\/\/soymigrante.com\/revista\/wp-content\/uploads\/2025\/07\/menjurjes-tienda-en-soymigrante.com-mercado-300x300.png 300w, https:\/\/soymigrante.com\/revista\/wp-content\/uploads\/2025\/07\/menjurjes-tienda-en-soymigrante.com-mercado-150x150.png 150w, https:\/\/soymigrante.com\/revista\/wp-content\/uploads\/2025\/07\/menjurjes-tienda-en-soymigrante.com-mercado-768x768.png 768w, https:\/\/soymigrante.com\/revista\/wp-content\/uploads\/2025\/07\/menjurjes-tienda-en-soymigrante.com-mercado-75x75.webp 75w, https:\/\/soymigrante.com\/revista\/wp-content\/uploads\/2025\/07\/menjurjes-tienda-en-soymigrante.com-mercado-750x750.webp 750w, https:\/\/soymigrante.com\/revista\/wp-content\/uploads\/2025\/07\/menjurjes-tienda-en-soymigrante.com-mercado.webp 1080w\" sizes=\"(max-width: 1024px) 100vw, 1024px\" \/>\n            <\/div>\n        <\/div><div class=\"eael-entry-wrapper\"><header class=\"eael-entry-header\"><h2 class=\"eael-entry-title\"><a class=\"eael-grid-post-link\" href=\"https:\/\/soymigrante.com\/revista\/emprendedora-cristina-contreras-convirtio-sus-cualidades-en-menjurjes-tienda-digital-en-mercado\/\" title=\"Emprendedora Cristina Contreras convirti\u00f3 sus cualidades en Menjurjes, aceites saborizados a la venta en MERCADO\">Emprendedora Cristina Contreras convirti\u00f3 sus cualidades en Menjurjes, aceites saborizados a la venta en MERCADO<\/a><\/h2><\/header><div class=\"eael-entry-content\">\n                        <div class=\"eael-grid-post-excerpt\"><a href=\"https:\/\/soymigrante.com\/revista\/emprendedora-cristina-contreras-convirtio-sus-cualidades-en-menjurjes-tienda-digital-en-mercado\/\" class=\"eael-post-elements-readmore-btn\">CONOCE SU HISTORIA <\/a><\/div>\n                    <\/div><\/div><\/div>\n        <\/div>\n    <\/article><\/div>\n            <div class=\"clearfix\"><\/div>\n        <\/div>\t\t\t\t<\/div>\n\t\t\t\t\t<\/div>\n\t\t\t\t<\/div>\n\t\t<div data-particle_enable=\"false\" data-particle-mobile-disabled=\"false\" class=\"elementor-element elementor-element-b551aae e-flex e-con-boxed e-con e-parent\" data-id=\"b551aae\" data-element_type=\"container\" data-e-type=\"container\">\n\t\t\t\t\t<div class=\"e-con-inner\">\n\t\t\t\t<div class=\"elementor-element elementor-element-07f6e61 elementor-widget elementor-widget-heading\" data-id=\"07f6e61\" data-element_type=\"widget\" data-e-type=\"widget\" data-widget_type=\"heading.default\">\n\t\t\t\t\t<h3 class=\"elementor-heading-title elementor-size-default\">Tratando de inculcar libertad y emprendimiento<\/h3>\t\t\t\t<\/div>\n\t\t\t\t\t<\/div>\n\t\t\t\t<\/div>\n\t\t<div data-particle_enable=\"false\" data-particle-mobile-disabled=\"false\" class=\"elementor-element elementor-element-d81f2cd e-flex e-con-boxed e-con e-parent\" data-id=\"d81f2cd\" data-element_type=\"container\" data-e-type=\"container\">\n\t\t\t\t\t<div class=\"e-con-inner\">\n\t\t\t\t<div class=\"elementor-element elementor-element-cfe5ff3 elementor-widget elementor-widget-text-editor\" data-id=\"cfe5ff3\" data-element_type=\"widget\" data-e-type=\"widget\" data-widget_type=\"text-editor.default\">\n\t\t\t\t\t\t\t\t\t<p>&#8220;La dependencia econ\u00f3mica es un factor que mantiene a muchas mujeres y madres en el ciclo de la violencia. Y por eso Menjurjes brinda la oportunidad a <a href=\"https:\/\/soymigrante.com\/revista\/madres-emprendedoras-claves-para-equilibrar-maternidad-y-negocio\/\">mujeres de ser emprendedoras <\/a>y vender sus productos. Se les da un costo preferencial para que puedan tener ganancia y generar ingresos&#8221;, explica Cristina.\u00a0<\/p><p>Ella promueve el esp\u00edritu de <a href=\"https:\/\/soymigrante.com\/revista\/claves-de-transformacion-digital-para-emprendedores\/\">emprendimiento en las mujeres<\/a> que acuden a su consejo y atenci\u00f3n. &#8220;Si no desean vender esto, pueden crear productos, pero necesitan creer en s\u00ed mismas, en su capacidad de superarse, de generar&#8221;, cuenta.<\/p><p>La visita finaliza, la toma de videos tambi\u00e9n. Pr\u00f3ximamente se presentar\u00e1 la entrevista en nuestro canal de YouTube. Lo que no termina son los despegues de aviones ni tampoco los sue\u00f1os que se elevan en los grandes objetivos de Cristina, de La Libertad.<\/p>\t\t\t\t\t\t\t\t<\/div>\n\t\t\t\t\t<\/div>\n\t\t\t\t<\/div>\n\t\t<div data-particle_enable=\"false\" data-particle-mobile-disabled=\"false\" class=\"elementor-element elementor-element-7b3ac10 e-flex e-con-boxed e-con e-parent\" data-id=\"7b3ac10\" data-element_type=\"container\" data-e-type=\"container\">\n\t\t\t\t\t<div class=\"e-con-inner\">\n\t\t\t\t<div class=\"elementor-element elementor-element-5e47447 elementor-widget elementor-widget-image\" data-id=\"5e47447\" data-element_type=\"widget\" data-e-type=\"widget\" data-widget_type=\"image.default\">\n\t\t\t\t\t\t\t\t\t\t\t\t<figure class=\"wp-caption\">\n\t\t\t\t\t\t\t\t\t\t<img loading=\"lazy\" decoding=\"async\" width=\"1024\" height=\"528\" src=\"https:\/\/soymigrante.com\/revista\/wp-content\/uploads\/2025\/09\/Cristina-Contreras-emprendimiento-Menjurjes-foto-Abel-Juarez-8-1024x528.png\" class=\"attachment-large size-large wp-image-43355\" alt=\"Aceite de hierbas y especias naturales en frascos con mujer que presenta productos en la cocina.\" srcset=\"https:\/\/soymigrante.com\/revista\/wp-content\/uploads\/2025\/09\/Cristina-Contreras-emprendimiento-Menjurjes-foto-Abel-Juarez-8-1024x528.png 1024w, https:\/\/soymigrante.com\/revista\/wp-content\/uploads\/2025\/09\/Cristina-Contreras-emprendimiento-Menjurjes-foto-Abel-Juarez-8-300x155.png 300w, https:\/\/soymigrante.com\/revista\/wp-content\/uploads\/2025\/09\/Cristina-Contreras-emprendimiento-Menjurjes-foto-Abel-Juarez-8-768x396.png 768w, https:\/\/soymigrante.com\/revista\/wp-content\/uploads\/2025\/09\/Cristina-Contreras-emprendimiento-Menjurjes-foto-Abel-Juarez-8-1536x791.png 1536w, https:\/\/soymigrante.com\/revista\/wp-content\/uploads\/2025\/09\/Cristina-Contreras-emprendimiento-Menjurjes-foto-Abel-Juarez-8-750x386.png 750w, https:\/\/soymigrante.com\/revista\/wp-content\/uploads\/2025\/09\/Cristina-Contreras-emprendimiento-Menjurjes-foto-Abel-Juarez-8-1140x587.png 1140w, https:\/\/soymigrante.com\/revista\/wp-content\/uploads\/2025\/09\/Cristina-Contreras-emprendimiento-Menjurjes-foto-Abel-Juarez-8.webp 1673w\" sizes=\"(max-width: 1024px) 100vw, 1024px\" title=\"Con creatividad, aprendizajes y tambi\u00e9n solicitudes de clientes, Cristina Contreras ha ido desarrollando nuevos sabores de aceites y tambi\u00e9n una l\u00ednea de vinagre org\u00e1nico.  (Foto Abel Ju\u00e1rez) \u2013 SoyMigrante.com REVISTA\" \/>\t\t\t\t\t\t\t\t\t\t\t<figcaption class=\"widget-image-caption wp-caption-text\">Mujer con productos de herbolario y especias naturales en una cocina, promoviendo productos org\u00e1nicos y saludables para un estilo de vida saludable.<\/figcaption>\n\t\t\t\t\t\t\t\t\t\t<\/figure>\n\t\t\t\t\t\t\t\t\t<\/div>\n\t\t\t\t\t<\/div>\n\t\t\t\t<\/div>\n\t\t<div data-particle_enable=\"false\" data-particle-mobile-disabled=\"false\" class=\"elementor-element elementor-element-44f1c93 e-flex e-con-boxed e-con e-parent\" data-id=\"44f1c93\" data-element_type=\"container\" data-e-type=\"container\">\n\t\t\t\t\t<div class=\"e-con-inner\">\n\t\t\t\t<div class=\"elementor-element elementor-element-88bb107 elementor-widget elementor-widget-heading\" data-id=\"88bb107\" data-element_type=\"widget\" data-e-type=\"widget\" data-widget_type=\"heading.default\">\n\t\t\t\t\t<h2 class=\"elementor-heading-title elementor-size-default\">Emprendedoras guatemaltecas producen innovaci\u00f3n, calidad e identidad<\/h2>\t\t\t\t<\/div>\n\t\t\t\t\t<\/div>\n\t\t\t\t<\/div>\n\t\t<div data-particle_enable=\"false\" data-particle-mobile-disabled=\"false\" class=\"elementor-element elementor-element-19eb248 e-flex e-con-boxed e-con e-parent\" data-id=\"19eb248\" data-element_type=\"container\" data-e-type=\"container\">\n\t\t\t\t\t<div class=\"e-con-inner\">\n\t\t\t\t<div class=\"elementor-element elementor-element-97ce9d3 elementor-grid-eael-col-3 elementor-grid-tablet-eael-col-2 elementor-grid-mobile-eael-col-1 elementor-widget elementor-widget-eael-post-grid\" data-id=\"97ce9d3\" data-element_type=\"widget\" data-e-type=\"widget\" data-settings=\"{&quot;eael_post_grid_columns&quot;:&quot;eael-col-3&quot;,&quot;eael_post_grid_columns_tablet&quot;:&quot;eael-col-2&quot;,&quot;eael_post_grid_columns_mobile&quot;:&quot;eael-col-1&quot;}\" data-widget_type=\"eael-post-grid.default\">\n\t\t\t\t\t<div id=\"eael-post-grid-97ce9d3\" class=\"eael-post-grid-container\">\n            <div class=\"eael-post-grid eael-post-appender eael-post-appender-97ce9d3 eael-post-grid-style-one\" data-layout-mode=\"masonry\"><article class=\"eael-grid-post  eael-post-grid-column eael-pg-post-18254 category-guate-nuestra tags-mercado-emprendedores\" data-id=\"18254\">\n        <div class=\"eael-grid-post-holder\">\n            <div class=\"eael-grid-post-holder-inner\"><div class=\"eael-entry-media\"><div class=\"eael-entry-overlay fade-in\"><i class=\"far fa-hand-pointer\" aria-hidden=\"true\"><\/i><a href=\"https:\/\/soymigrante.com\/revista\/kemon-collection-tejiendo-suenos-y-conservando-tradiciones-ancestrales\/\"><\/a><\/div><div class=\"eael-entry-thumbnail \">\n                <img loading=\"lazy\" decoding=\"async\" width=\"1024\" height=\"1024\" src=\"https:\/\/soymigrante.com\/revista\/wp-content\/uploads\/2024\/12\/kemon-1024x1024.jpg\" class=\"attachment-large size-large wp-image-18269\" alt=\"Artesana mostrando textiles tradicionales en feria de cultura ind\u00edgena en M\u00e9xico.\" srcset=\"https:\/\/soymigrante.com\/revista\/wp-content\/uploads\/2024\/12\/kemon-1024x1024.jpg 1024w, https:\/\/soymigrante.com\/revista\/wp-content\/uploads\/2024\/12\/kemon-300x300.jpg 300w, https:\/\/soymigrante.com\/revista\/wp-content\/uploads\/2024\/12\/kemon-150x150.jpg 150w, https:\/\/soymigrante.com\/revista\/wp-content\/uploads\/2024\/12\/kemon-768x768.jpg 768w, https:\/\/soymigrante.com\/revista\/wp-content\/uploads\/2024\/12\/kemon-75x75.webp 75w, https:\/\/soymigrante.com\/revista\/wp-content\/uploads\/2024\/12\/kemon-750x750.webp 750w, https:\/\/soymigrante.com\/revista\/wp-content\/uploads\/2024\/12\/kemon.webp 1080w\" sizes=\"(max-width: 1024px) 100vw, 1024px\" \/>\n            <\/div>\n        <\/div><div class=\"eael-entry-wrapper\"><header class=\"eael-entry-header\"><h2 class=\"eael-entry-title\"><a class=\"eael-grid-post-link\" href=\"https:\/\/soymigrante.com\/revista\/kemon-collection-tejiendo-suenos-y-conservando-tradiciones-ancestrales\/\" title=\"Kemon Collection: Tejiendo sue\u00f1os y conservando tradiciones ancestrales\">Kemon Collection: Tejiendo sue\u00f1os y conservando tradiciones ancestrales<\/a><\/h2><\/header><div class=\"eael-entry-content\">\n                        <div class=\"eael-grid-post-excerpt\"><a href=\"https:\/\/soymigrante.com\/revista\/kemon-collection-tejiendo-suenos-y-conservando-tradiciones-ancestrales\/\" class=\"eael-post-elements-readmore-btn\">CONOCE SU HISTORIA <\/a><\/div>\n                    <\/div><\/div><\/div>\n        <\/div>\n    <\/article><article class=\"eael-grid-post  eael-post-grid-column eael-pg-post-41297 category-guate-nuestra tags-mercado-emprendedores\" data-id=\"41297\">\n        <div class=\"eael-grid-post-holder\">\n            <div class=\"eael-grid-post-holder-inner\"><div class=\"eael-entry-media\"><div class=\"eael-entry-overlay fade-in\"><i class=\"far fa-hand-pointer\" aria-hidden=\"true\"><\/i><a href=\"https:\/\/soymigrante.com\/revista\/textiles-kem-colorido-e-identidad-de-adelina-nicho-desde-comalapa\/\"><\/a><\/div><div class=\"eael-entry-thumbnail \">\n                <img loading=\"lazy\" decoding=\"async\" width=\"1024\" height=\"1024\" src=\"https:\/\/soymigrante.com\/revista\/wp-content\/uploads\/2025\/08\/adelina-nicho-cumez-textiles-kem-comalapa-mercado-1-1024x1024.jpg\" class=\"attachment-large size-large wp-image-41302\" alt=\"Mujer ind\u00edgena con gafas, sonriendo y vestida con ropa colorida y patr\u00f3n tradicional, representando cultura y comunidad en un entorno natural.\" srcset=\"https:\/\/soymigrante.com\/revista\/wp-content\/uploads\/2025\/08\/adelina-nicho-cumez-textiles-kem-comalapa-mercado-1-1024x1024.jpg 1024w, https:\/\/soymigrante.com\/revista\/wp-content\/uploads\/2025\/08\/adelina-nicho-cumez-textiles-kem-comalapa-mercado-1-300x300.jpg 300w, https:\/\/soymigrante.com\/revista\/wp-content\/uploads\/2025\/08\/adelina-nicho-cumez-textiles-kem-comalapa-mercado-1-150x150.jpg 150w, https:\/\/soymigrante.com\/revista\/wp-content\/uploads\/2025\/08\/adelina-nicho-cumez-textiles-kem-comalapa-mercado-1-768x768.jpg 768w, https:\/\/soymigrante.com\/revista\/wp-content\/uploads\/2025\/08\/adelina-nicho-cumez-textiles-kem-comalapa-mercado-1-75x75.webp 75w, https:\/\/soymigrante.com\/revista\/wp-content\/uploads\/2025\/08\/adelina-nicho-cumez-textiles-kem-comalapa-mercado-1-750x750.webp 750w, https:\/\/soymigrante.com\/revista\/wp-content\/uploads\/2025\/08\/adelina-nicho-cumez-textiles-kem-comalapa-mercado-1-1140x1140.webp 1140w, https:\/\/soymigrante.com\/revista\/wp-content\/uploads\/2025\/08\/adelina-nicho-cumez-textiles-kem-comalapa-mercado-1.webp 1187w\" sizes=\"(max-width: 1024px) 100vw, 1024px\" \/>\n            <\/div>\n        <\/div><div class=\"eael-entry-wrapper\"><header class=\"eael-entry-header\"><h2 class=\"eael-entry-title\"><a class=\"eael-grid-post-link\" href=\"https:\/\/soymigrante.com\/revista\/textiles-kem-colorido-e-identidad-de-adelina-nicho-desde-comalapa\/\" title=\"Kem Textiles Mayas: colorido e identidad de Adelina Nicho desde Comalapa\">Kem Textiles Mayas: colorido e identidad de Adelina Nicho desde Comalapa<\/a><\/h2><\/header><div class=\"eael-entry-content\">\n                        <div class=\"eael-grid-post-excerpt\"><a href=\"https:\/\/soymigrante.com\/revista\/textiles-kem-colorido-e-identidad-de-adelina-nicho-desde-comalapa\/\" class=\"eael-post-elements-readmore-btn\">CONOCE SU HISTORIA <\/a><\/div>\n                    <\/div><\/div><\/div>\n        <\/div>\n    <\/article><article class=\"eael-grid-post  eael-post-grid-column eael-pg-post-21664 category-guate-nuestra tags-mercado-emprendedores\" data-id=\"21664\">\n        <div class=\"eael-grid-post-holder\">\n            <div class=\"eael-grid-post-holder-inner\"><div class=\"eael-entry-media\"><div class=\"eael-entry-overlay fade-in\"><i class=\"far fa-hand-pointer\" aria-hidden=\"true\"><\/i><a href=\"https:\/\/soymigrante.com\/revista\/auroras-crafts-la-inspiradora-historia-de-aurora-mejia-y-su-emprendimiento\/\"><\/a><\/div><div class=\"eael-entry-thumbnail \">\n                <img loading=\"lazy\" decoding=\"async\" width=\"1024\" height=\"1024\" src=\"https:\/\/soymigrante.com\/revista\/wp-content\/uploads\/2025\/01\/auroras-grafts-6-1024x1024.jpg\" class=\"attachment-large size-large wp-image-21708\" alt=\"Mural de flores decorativas en tonos pastel, conrecipiente de cesto r\u00fastico y decorativo, en fondo de madera oscura, arte floral para decoraci\u00f3n de interiores, estilo natural y elegante, para espacios acogedores y c\u00e1lidos.\" srcset=\"https:\/\/soymigrante.com\/revista\/wp-content\/uploads\/2025\/01\/auroras-grafts-6-1024x1024.jpg 1024w, https:\/\/soymigrante.com\/revista\/wp-content\/uploads\/2025\/01\/auroras-grafts-6-300x300.jpg 300w, https:\/\/soymigrante.com\/revista\/wp-content\/uploads\/2025\/01\/auroras-grafts-6-150x150.jpg 150w, https:\/\/soymigrante.com\/revista\/wp-content\/uploads\/2025\/01\/auroras-grafts-6-768x768.jpg 768w, https:\/\/soymigrante.com\/revista\/wp-content\/uploads\/2025\/01\/auroras-grafts-6-75x75.webp 75w, https:\/\/soymigrante.com\/revista\/wp-content\/uploads\/2025\/01\/auroras-grafts-6-750x750.webp 750w, https:\/\/soymigrante.com\/revista\/wp-content\/uploads\/2025\/01\/auroras-grafts-6-1140x1140.webp 1140w, https:\/\/soymigrante.com\/revista\/wp-content\/uploads\/2025\/01\/auroras-grafts-6.webp 1377w\" sizes=\"(max-width: 1024px) 100vw, 1024px\" \/>\n            <\/div>\n        <\/div><div class=\"eael-entry-wrapper\"><header class=\"eael-entry-header\"><h2 class=\"eael-entry-title\"><a class=\"eael-grid-post-link\" href=\"https:\/\/soymigrante.com\/revista\/auroras-crafts-la-inspiradora-historia-de-aurora-mejia-y-su-emprendimiento\/\" title=\"Aurora&#8217;s Crafts: cuadros elaborados con materias naturales por manos muy laboriosas\">Aurora&#8217;s Crafts: cuadros elaborados con materias naturales por manos muy laboriosas<\/a><\/h2><\/header><div class=\"eael-entry-content\">\n                        <div class=\"eael-grid-post-excerpt\"><a href=\"https:\/\/soymigrante.com\/revista\/auroras-crafts-la-inspiradora-historia-de-aurora-mejia-y-su-emprendimiento\/\" class=\"eael-post-elements-readmore-btn\">CONOCE SU HISTORIA <\/a><\/div>\n                    <\/div><\/div><\/div>\n        <\/div>\n    <\/article><\/div>\n            <div class=\"clearfix\"><\/div>\n        <\/div>\t\t\t\t<\/div>\n\t\t\t\t\t<\/div>\n\t\t\t\t<\/div>\n\t\t\t\t<\/div>\n\t\t","protected":false},"excerpt":{"rendered":"<p>Cristina Contreras elabora y vende aceites saborizados Menjurjes. Es madre, emprendedora y tambi\u00e9n psic\u00f3loga. Brinda apoyo emocional de mujeres v\u00edctimas de violencia, a quienes anima a superar barreras. Cristina vive y trabaja al paso de los aviones. Su casa est\u00e1 en la colonia La Libertad, zona 13, justo a la vecindad del extremo sur de [&hellip;]<\/p>\n","protected":false},"author":7,"featured_media":43335,"comment_status":"open","ping_status":"open","sticky":false,"template":"","format":"standard","meta":{"_acf_changed":false,"_eb_attr":"","footnotes":""},"categories":[58],"tags":[130],"class_list":["post-43325","post","type-post","status-publish","format-standard","has-post-thumbnail","hentry","category-guate-nuestra","tag-mercado-emprendedores"],"acf":[],"aioseo_notices":[],"aioseo_head":"\n\t\t<!-- All in One SEO Pro 4.9.6.2 - aioseo.com -->\n\t<meta name=\"description\" content=\"Aurora Mej\u00eda empez\u00f3 a trabajar de ni\u00f1a como lustradora, se super\u00f3 y hoy es administradora de empresas. Crea cuadros con materias naturales y los vende en MERCADO\" \/>\n\t<meta name=\"robots\" content=\"max-snippet:-1, max-image-preview:large, max-video-preview:-1\" \/>\n\t<meta name=\"author\" content=\"Beatriz Tercero\"\/>\n\t<link rel=\"canonical\" href=\"https:\/\/soymigrante.com\/revista\/auroras-crafts-la-inspiradora-historia-de-aurora-mejia-y-su-emprendimiento\/\" \/>\n\t<meta name=\"generator\" content=\"All in One SEO Pro (AIOSEO) 4.9.6.2\" \/>\n\n\t\t<link rel=\"preconnect\" href=\"https:\/\/fonts.googleapis.com\" crossorigin>\n<link rel=\"preconnect\" href=\"https:\/\/fonts.gstatic.com\" crossorigin>\n\t\t<meta property=\"og:locale\" content=\"es_ES\" \/>\n\t\t<meta property=\"og:site_name\" content=\"SoyMigrante.com REVISTA \u2013 Nuestra misi\u00f3n es reconocer y dignificar al migrante.\" \/>\n\t\t<meta property=\"og:type\" content=\"article\" \/>\n\t\t<meta property=\"og:title\" content=\"Auroras Crafts, un emprendimiento ecol\u00f3gico y muy original\" \/>\n\t\t<meta property=\"og:description\" content=\"Aurora Mej\u00eda empez\u00f3 a trabajar de ni\u00f1a como lustradora, se super\u00f3 y hoy es administradora de empresas. Crea cuadros con materias naturales y los vende en MERCADO\" \/>\n\t\t<meta property=\"og:url\" content=\"https:\/\/soymigrante.com\/revista\/auroras-crafts-la-inspiradora-historia-de-aurora-mejia-y-su-emprendimiento\/\" \/>\n\t\t<meta property=\"og:image\" content=\"https:\/\/soymigrante.com\/revista\/wp-content\/uploads\/2025\/01\/auroras-grafts-6.webp\" \/>\n\t\t<meta property=\"og:image:secure_url\" content=\"https:\/\/soymigrante.com\/revista\/wp-content\/uploads\/2025\/01\/auroras-grafts-6.webp\" \/>\n\t\t<meta property=\"og:image:width\" content=\"1377\" \/>\n\t\t<meta property=\"og:image:height\" content=\"1377\" \/>\n\t\t<meta property=\"article:published_time\" content=\"2025-01-21T13:00:00+00:00\" \/>\n\t\t<meta property=\"article:modified_time\" content=\"2025-01-26T22:29:29+00:00\" \/>\n\t\t<meta property=\"article:publisher\" content=\"https:\/\/www.facebook.com\/soymigrantecom\" \/>\n\t\t<meta name=\"twitter:card\" content=\"summary_large_image\" \/>\n\t\t<meta name=\"twitter:site\" content=\"@SoyMigrante_com\" \/>\n\t\t<meta name=\"twitter:title\" content=\"Auroras Crafts, un emprendimiento ecol\u00f3gico y muy original\" \/>\n\t\t<meta name=\"twitter:description\" content=\"Aurora Mej\u00eda empez\u00f3 a trabajar de ni\u00f1a como lustradora, se super\u00f3 y hoy es administradora de empresas. Crea cuadros con materias naturales y los vende en MERCADO\" \/>\n\t\t<meta name=\"twitter:creator\" content=\"@SoyMigrante_com\" \/>\n\t\t<meta name=\"twitter:image\" content=\"https:\/\/soymigrante.com\/revista\/wp-content\/uploads\/2025\/01\/auroras-grafts-6.webp\" \/>\n\t\t<!-- All in One SEO Pro -->\r\n\t\t<title>Auroras Crafts, un emprendimiento ecol\u00f3gico y muy original<\/title>\n\n","aioseo_head_json":{"title":"Auroras Crafts, un emprendimiento ecol\u00f3gico y muy original","description":"Aurora Mej\u00eda empez\u00f3 a trabajar de ni\u00f1a como lustradora, se super\u00f3 y hoy es administradora de empresas. Crea cuadros con materias naturales y los vende en MERCADO","canonical_url":"https:\/\/soymigrante.com\/revista\/auroras-crafts-la-inspiradora-historia-de-aurora-mejia-y-su-emprendimiento\/","robots":"max-snippet:-1, max-image-preview:large, max-video-preview:-1","keywords":"","webmasterTools":{"miscellaneous":"&lt;link rel=\"preconnect\" href=\"https:\/\/fonts.googleapis.com\" crossorigin&gt;\n&lt;link rel=\"preconnect\" href=\"https:\/\/fonts.gstatic.com\" crossorigin&gt;"},"schema":null,"og:locale":"es_ES","og:site_name":"SoyMigrante.com REVISTA \u2013 Nuestra misi\u00f3n es reconocer y dignificar al migrante.","og:type":"article","og:title":"Auroras Crafts, un emprendimiento ecol\u00f3gico y muy original","og:description":"Aurora Mej\u00eda empez\u00f3 a trabajar de ni\u00f1a como lustradora, se super\u00f3 y hoy es administradora de empresas. Crea cuadros con materias naturales y los vende en MERCADO","og:url":"https:\/\/soymigrante.com\/revista\/auroras-crafts-la-inspiradora-historia-de-aurora-mejia-y-su-emprendimiento\/","og:image":"https:\/\/soymigrante.com\/revista\/wp-content\/uploads\/2025\/01\/auroras-grafts-6.webp","og:image:secure_url":"https:\/\/soymigrante.com\/revista\/wp-content\/uploads\/2025\/01\/auroras-grafts-6.webp","og:image:width":1377,"og:image:height":1377,"article:published_time":"2025-01-21T13:00:00+00:00","article:modified_time":"2025-01-26T22:29:29+00:00","article:publisher":"https:\/\/www.facebook.com\/soymigrantecom","twitter:card":"summary_large_image","twitter:site":"@SoyMigrante_com","twitter:title":"Auroras Crafts, un emprendimiento ecol\u00f3gico y muy original","twitter:description":"Aurora Mej\u00eda empez\u00f3 a trabajar de ni\u00f1a como lustradora, se super\u00f3 y hoy es administradora de empresas. Crea cuadros con materias naturales y los vende en MERCADO","twitter:creator":"@SoyMigrante_com","twitter:image":"https:\/\/soymigrante.com\/revista\/wp-content\/uploads\/2025\/01\/auroras-grafts-6.webp"},"aioseo_meta_data":{"post_id":"43325","title":"En la cocina azul de Cristina nacen Menjurjes y esperanzas","description":"En una cocina azul pasan aviones muy cerca a cada rato. All\u00ed la emprendedora Cristina Contreras elabora aceites saborizados Menjurjes, que se venden en MERCADO","keywords":null,"keyphrases":{"focus":{"keyphrase":"Emprendedora","score":68,"analysis":{"keyphraseInTitle":{"score":3,"maxScore":9,"error":1},"keyphraseInDescription":{"score":9,"maxScore":9,"error":0},"keyphraseLength":{"score":9,"maxScore":9,"error":0,"length":1},"keyphraseInURL":{"score":1,"maxScore":5,"error":1},"keyphraseInIntroduction":{"score":3,"maxScore":9,"error":1},"keyphraseInSubHeadings":{"score":3,"maxScore":9,"error":1},"keyphraseInImageAlt":{"score":9,"maxScore":9,"error":0},"keywordDensity":{"type":"best","score":9,"maxScore":9,"error":0}}},"additional":[{"keyphrase":"Menjurjes","score":87,"analysis":{"keyphraseInDescription":{"score":9,"maxScore":9,"error":0},"keyphraseLength":{"score":9,"maxScore":9,"error":0,"length":1},"keyphraseInIntroduction":{"score":3,"maxScore":9,"error":1},"keyphraseInImageAlt":{"score":9,"maxScore":9,"error":0},"keywordDensity":{"type":"best","score":9,"maxScore":9,"error":0}}},{"keyphrase":"Mercado","score":87,"analysis":{"keyphraseInDescription":{"score":9,"maxScore":9,"error":0},"keyphraseLength":{"score":9,"maxScore":9,"error":0,"length":1},"keyphraseInIntroduction":{"score":3,"maxScore":9,"error":1},"keyphraseInImageAlt":{"score":9,"maxScore":9,"error":0},"keywordDensity":{"type":"best","score":9,"maxScore":9,"error":0}}}]},"primary_term":null,"canonical_url":null,"og_title":null,"og_description":null,"og_object_type":"default","og_image_type":"default","og_image_url":null,"og_image_width":null,"og_image_height":null,"og_image_custom_url":null,"og_image_custom_fields":null,"og_video":"","og_custom_url":null,"og_article_section":null,"og_article_tags":null,"twitter_use_og":false,"twitter_card":"default","twitter_image_type":"default","twitter_image_url":null,"twitter_image_custom_url":null,"twitter_image_custom_fields":null,"twitter_title":null,"twitter_description":null,"schema":{"blockGraphs":[],"customGraphs":[],"default":{"data":{"Article":[],"Course":[],"Dataset":[],"FAQPage":[],"Movie":[],"Person":[],"Product":[],"ProductReview":[],"Car":[],"Recipe":[],"Service":[],"SoftwareApplication":[],"WebPage":[]},"graphName":"none","isEnabled":true},"graphs":[]},"schema_type":"default","schema_type_options":null,"pillar_content":false,"robots_default":true,"robots_noindex":false,"robots_noarchive":false,"robots_nosnippet":false,"robots_nofollow":false,"robots_noimageindex":false,"robots_noodp":false,"robots_notranslate":false,"robots_max_snippet":"-1","robots_max_videopreview":"-1","robots_max_imagepreview":"large","priority":null,"frequency":"default","local_seo":null,"seo_analyzer_scan_date":"2025-10-09 08:11:36","breadcrumb_settings":null,"limit_modified_date":false,"reviewed_by":"0","open_ai":null,"ai":{"faqs":[],"keyPoints":[],"titles":[],"descriptions":[],"socialPosts":{"email":[],"linkedin":[],"twitter":[],"facebook":[],"instagram":[]}},"created":"2025-09-01 18:55:26","updated":"2026-02-05 04:30:35"},"aioseo_breadcrumb":"<div class=\"aioseo-breadcrumbs\"><span class=\"aioseo-breadcrumb\">\n\t<a href=\"https:\/\/soymigrante.com\/revista\" title=\"Home\">Home<\/a>\n<\/span><span class=\"aioseo-breadcrumb-separator\">\u00bb<\/span><span class=\"aioseo-breadcrumb\">\n\t<a href=\"https:\/\/soymigrante.com\/revista\/category\/guate-nuestra\/\" title=\"Guate Nuestra\">Guate Nuestra<\/a>\n<\/span><span class=\"aioseo-breadcrumb-separator\">\u00bb<\/span><span class=\"aioseo-breadcrumb\">\n\tEn la cocina azul de Cristina en La Libertad nacen  Menjurjes y esperanzas\n<\/span><\/div>","aioseo_breadcrumb_json":[{"label":"Home","link":"https:\/\/soymigrante.com\/revista"},{"label":"Guate Nuestra","link":"https:\/\/soymigrante.com\/revista\/category\/guate-nuestra\/"},{"label":"En la cocina azul de Cristina en La Libertad nacen  Menjurjes y esperanzas","link":"https:\/\/soymigrante.com\/revista\/en-la-cocina-azul-de-cristina-en-la-libertad-nacen-menjurjes-y-esperanzas\/"}],"_links":{"self":[{"href":"https:\/\/soymigrante.com\/revista\/wp-json\/wp\/v2\/posts\/43325","targetHints":{"allow":["GET"]}}],"collection":[{"href":"https:\/\/soymigrante.com\/revista\/wp-json\/wp\/v2\/posts"}],"about":[{"href":"https:\/\/soymigrante.com\/revista\/wp-json\/wp\/v2\/types\/post"}],"author":[{"embeddable":true,"href":"https:\/\/soymigrante.com\/revista\/wp-json\/wp\/v2\/users\/7"}],"replies":[{"embeddable":true,"href":"https:\/\/soymigrante.com\/revista\/wp-json\/wp\/v2\/comments?post=43325"}],"version-history":[{"count":18,"href":"https:\/\/soymigrante.com\/revista\/wp-json\/wp\/v2\/posts\/43325\/revisions"}],"predecessor-version":[{"id":45371,"href":"https:\/\/soymigrante.com\/revista\/wp-json\/wp\/v2\/posts\/43325\/revisions\/45371"}],"wp:featuredmedia":[{"embeddable":true,"href":"https:\/\/soymigrante.com\/revista\/wp-json\/wp\/v2\/media\/43335"}],"wp:attachment":[{"href":"https:\/\/soymigrante.com\/revista\/wp-json\/wp\/v2\/media?parent=43325"}],"wp:term":[{"taxonomy":"category","embeddable":true,"href":"https:\/\/soymigrante.com\/revista\/wp-json\/wp\/v2\/categories?post=43325"},{"taxonomy":"post_tag","embeddable":true,"href":"https:\/\/soymigrante.com\/revista\/wp-json\/wp\/v2\/tags?post=43325"}],"curies":[{"name":"wp","href":"https:\/\/api.w.org\/{rel}","templated":true}]}}