{"id":43238,"date":"2026-03-14T15:57:53","date_gmt":"2026-03-14T21:57:53","guid":{"rendered":"https:\/\/soymigrante.com\/revista\/?p=43238"},"modified":"2026-03-14T15:58:01","modified_gmt":"2026-03-14T21:58:01","slug":"guia-de-los-7-simbolos-patrios-de-guatemala-origen-fechas-y-mas","status":"publish","type":"post","link":"https:\/\/soymigrante.com\/revista\/guia-de-los-7-simbolos-patrios-de-guatemala-origen-fechas-y-mas\/","title":{"rendered":"Gu\u00eda de los 7 S\u00edmbolos Patrios de Guatemala: origen, fechas y m\u00e1s"},"content":{"rendered":"\t\t<div data-elementor-type=\"wp-post\" data-elementor-id=\"43238\" class=\"elementor elementor-43238\" data-elementor-post-type=\"post\">\n\t\t\t\t<div data-particle_enable=\"false\" data-particle-mobile-disabled=\"false\" class=\"elementor-element elementor-element-9580865 e-flex e-con-boxed e-con e-parent\" data-id=\"9580865\" data-element_type=\"container\" data-e-type=\"container\">\n\t\t\t\t\t<div class=\"e-con-inner\">\n\t\t\t\t<div class=\"elementor-element elementor-element-c86a8fa elementor-widget elementor-widget-heading\" data-id=\"c86a8fa\" data-element_type=\"widget\" data-e-type=\"widget\" data-widget_type=\"heading.default\">\n\t\t\t\t\t<h2 class=\"elementor-heading-title elementor-size-default\">Con motivo de las Fiestas Patrias en Septiembre, los s\u00edmbolos nacionales cobran nueva vida en carteles, uniformes, trabajos escolares y desfiles. Aqu\u00ed est\u00e1 la historia y significado de los 7 s\u00edmbolos aptrios guatemaltecos. <\/h2>\t\t\t\t<\/div>\n\t\t\t\t\t<\/div>\n\t\t\t\t<\/div>\n\t\t<div data-particle_enable=\"false\" data-particle-mobile-disabled=\"false\" class=\"elementor-element elementor-element-f809c50 e-flex e-con-boxed e-con e-parent\" data-id=\"f809c50\" data-element_type=\"container\" data-e-type=\"container\">\n\t\t\t\t\t<div class=\"e-con-inner\">\n\t\t\t\t<div class=\"elementor-element elementor-element-797e405 elementor-grid-eael-col-1 elementor-grid-tablet-eael-col-2 elementor-grid-mobile-eael-col-1 elementor-widget elementor-widget-eael-post-grid\" data-id=\"797e405\" data-element_type=\"widget\" data-e-type=\"widget\" data-settings=\"{&quot;eael_post_grid_columns&quot;:&quot;eael-col-1&quot;,&quot;eael_post_grid_columns_tablet&quot;:&quot;eael-col-2&quot;,&quot;eael_post_grid_columns_mobile&quot;:&quot;eael-col-1&quot;}\" data-widget_type=\"eael-post-grid.default\">\n\t\t\t\t\t<div id=\"eael-post-grid-797e405\" class=\"eael-post-grid-container\">\n            <div class=\"eael-post-grid eael-post-appender eael-post-appender-797e405 eael-post-grid-style-one\" data-layout-mode=\"masonry\"><article class=\"eael-grid-post  eael-post-grid-column eael-pg-post-827 category-guate-nuestra-simbolos-patrios-guate-nuestra\" data-id=\"827\">\n        <div class=\"eael-grid-post-holder\">\n            <div class=\"eael-grid-post-holder-inner\"><div class=\"eael-entry-media\"><div class=\"eael-entry-overlay fade-in\"><i class=\"far fa-hand-pointer\" aria-hidden=\"true\"><\/i><a href=\"https:\/\/soymigrante.com\/revista\/10-datos-del-quetzal-que-tal-vez-ya-conocias-o-quiza-no\/\"><\/a><\/div><div class=\"eael-entry-thumbnail eael-image-ratio\">\n                <img fetchpriority=\"high\" decoding=\"async\" width=\"1024\" height=\"745\" src=\"https:\/\/soymigrante.com\/revista\/wp-content\/uploads\/2023\/03\/soy-migrante-quetzal-alimenta-se-ve-pichon-credito-ottoniel-cojulun-1024x745.jpg\" class=\"attachment-large size-large wp-image-625\" alt=\"Foto: Ottoniel Cojul\u00fan\" srcset=\"https:\/\/soymigrante.com\/revista\/wp-content\/uploads\/2023\/03\/soy-migrante-quetzal-alimenta-se-ve-pichon-credito-ottoniel-cojulun-1024x745.jpg 1024w, https:\/\/soymigrante.com\/revista\/wp-content\/uploads\/2023\/03\/soy-migrante-quetzal-alimenta-se-ve-pichon-credito-ottoniel-cojulun-300x218.webp 300w, https:\/\/soymigrante.com\/revista\/wp-content\/uploads\/2023\/03\/soy-migrante-quetzal-alimenta-se-ve-pichon-credito-ottoniel-cojulun-768x558.jpg 768w, https:\/\/soymigrante.com\/revista\/wp-content\/uploads\/2023\/03\/soy-migrante-quetzal-alimenta-se-ve-pichon-credito-ottoniel-cojulun-1536x1117.jpg 1536w, https:\/\/soymigrante.com\/revista\/wp-content\/uploads\/2023\/03\/soy-migrante-quetzal-alimenta-se-ve-pichon-credito-ottoniel-cojulun-120x86.webp 120w, https:\/\/soymigrante.com\/revista\/wp-content\/uploads\/2023\/03\/soy-migrante-quetzal-alimenta-se-ve-pichon-credito-ottoniel-cojulun-750x545.webp 750w, https:\/\/soymigrante.com\/revista\/wp-content\/uploads\/2023\/03\/soy-migrante-quetzal-alimenta-se-ve-pichon-credito-ottoniel-cojulun-1140x829.jpg 1140w, https:\/\/soymigrante.com\/revista\/wp-content\/uploads\/2023\/03\/soy-migrante-quetzal-alimenta-se-ve-pichon-credito-ottoniel-cojulun.webp 1920w\" sizes=\"(max-width: 1024px) 100vw, 1024px\" \/>\n            <\/div>\n        <\/div><div class=\"eael-entry-wrapper\"><header class=\"eael-entry-header\"><h2 class=\"eael-entry-title\"><a class=\"eael-grid-post-link\" href=\"https:\/\/soymigrante.com\/revista\/10-datos-del-quetzal-que-tal-vez-ya-conocias-o-quiza-no\/\" title=\"\u00bfEn d\u00f3nde habita el Quetzal?&#8230; y otras 10 preguntas sobre el ave s\u00edmbolo de Guatemala\">\u00bfEn d\u00f3nde habita el Quetzal?&#8230; y otras 10 preguntas sobre el ave s\u00edmbolo de Guatemala<\/a><\/h2><\/header><div class=\"eael-entry-content\">\n                        <div class=\"eael-grid-post-excerpt\"><p>\u00bfC\u00f3mo se llama el ave nacional de Guatemala y de donde proviene su nombre? \u00bfDesde cu\u00e1ndo el Quetzal es s\u00edmbolo patrio? \u00bfDonde habita? Estas y otras respuestas aqu\u00ed. \u00bfC\u00f3mo se llama el ave nacional de Guatemala?\u00a0 Se llama Quetzal y aunque fue una especie de gran...<\/p><a href=\"https:\/\/soymigrante.com\/revista\/10-datos-del-quetzal-que-tal-vez-ya-conocias-o-quiza-no\/\" class=\"eael-post-elements-readmore-btn\">SIGUE CONOCIENDO M\u00c1S AQU\u00cd <\/a><\/div>\n                    <\/div><\/div><\/div>\n        <\/div>\n    <\/article><article class=\"eael-grid-post  eael-post-grid-column eael-pg-post-3242 category-simbolos-patrios-guate-nuestra\" data-id=\"3242\">\n        <div class=\"eael-grid-post-holder\">\n            <div class=\"eael-grid-post-holder-inner\"><div class=\"eael-entry-media\"><div class=\"eael-entry-overlay fade-in\"><i class=\"far fa-hand-pointer\" aria-hidden=\"true\"><\/i><a href=\"https:\/\/soymigrante.com\/revista\/himno-nacional-de-guatemala-6-fechas-que-todo-guatemalteco-debe-conocer\/\"><\/a><\/div><div class=\"eael-entry-thumbnail eael-image-ratio\">\n                <img decoding=\"async\" width=\"698\" height=\"727\" src=\"https:\/\/soymigrante.com\/revista\/wp-content\/uploads\/2025\/03\/himno-nacional.webp\" class=\"attachment-large size-large wp-image-28002\" alt=\"Ilustraci\u00f3n IA para nota del Himno Nacional de Guatemala. Envato Labs\" srcset=\"https:\/\/soymigrante.com\/revista\/wp-content\/uploads\/2025\/03\/himno-nacional.webp 698w, https:\/\/soymigrante.com\/revista\/wp-content\/uploads\/2025\/03\/himno-nacional-288x300.jpg 288w\" sizes=\"(max-width: 698px) 100vw, 698px\" \/>\n            <\/div>\n        <\/div><div class=\"eael-entry-wrapper\"><header class=\"eael-entry-header\"><h2 class=\"eael-entry-title\"><a class=\"eael-grid-post-link\" href=\"https:\/\/soymigrante.com\/revista\/himno-nacional-de-guatemala-6-fechas-que-todo-guatemalteco-debe-conocer\/\" title=\"\u00bfCu\u00e1ndo y d\u00f3nde se estren\u00f3 oficialmente Himno Nacional de Guatemala ?\">\u00bfCu\u00e1ndo y d\u00f3nde se estren\u00f3 oficialmente Himno Nacional de Guatemala ?<\/a><\/h2><\/header><div class=\"eael-entry-content\">\n                        <div class=\"eael-grid-post-excerpt\"><p>\u00bfSab\u00eda que la m\u00fasica del Himno Nacional de Guatemala se us\u00f3 primero con otra letra como canto patrio? \u00bfCu\u00e1ndo se estren\u00f3 con la letra actual? \u00bfEs cierto que se le cambiaron algunas palabras y por qu\u00e9? Esas y otras preguntas con respuesta te las presentamos aqu\u00ed...<\/p><a href=\"https:\/\/soymigrante.com\/revista\/himno-nacional-de-guatemala-6-fechas-que-todo-guatemalteco-debe-conocer\/\" class=\"eael-post-elements-readmore-btn\">SIGUE CONOCIENDO M\u00c1S AQU\u00cd <\/a><\/div>\n                    <\/div><\/div><\/div>\n        <\/div>\n    <\/article><article class=\"eael-grid-post  eael-post-grid-column eael-pg-post-3396 category-guate-nuestra-simbolos-patrios-guate-nuestra\" data-id=\"3396\">\n        <div class=\"eael-grid-post-holder\">\n            <div class=\"eael-grid-post-holder-inner\"><div class=\"eael-entry-media\"><div class=\"eael-entry-overlay fade-in\"><i class=\"far fa-hand-pointer\" aria-hidden=\"true\"><\/i><a href=\"https:\/\/soymigrante.com\/revista\/simbolos-patrios-8-datos-de-la-monja-blanca-que-tal-vez-ya-conocias-o-quiza-no\/\"><\/a><\/div><div class=\"eael-entry-thumbnail eael-image-ratio\">\n                <img decoding=\"async\" width=\"1024\" height=\"1024\" src=\"https:\/\/soymigrante.com\/revista\/wp-content\/uploads\/2023\/11\/archilarium-5-1-1024x1024.webp\" class=\"attachment-large size-large wp-image-3413\" alt=\"Monja blanca, uno de los s\u00edmbolos patrios de Guatemala. Fotograf\u00eda Archilarium\" srcset=\"https:\/\/soymigrante.com\/revista\/wp-content\/uploads\/2023\/11\/archilarium-5-1-1024x1024.webp 1024w, https:\/\/soymigrante.com\/revista\/wp-content\/uploads\/2023\/11\/archilarium-5-1-300x300.webp 300w, https:\/\/soymigrante.com\/revista\/wp-content\/uploads\/2023\/11\/archilarium-5-1-150x150.webp 150w, https:\/\/soymigrante.com\/revista\/wp-content\/uploads\/2023\/11\/archilarium-5-1-768x768.webp 768w, https:\/\/soymigrante.com\/revista\/wp-content\/uploads\/2023\/11\/archilarium-5-1-75x75.webp 75w, https:\/\/soymigrante.com\/revista\/wp-content\/uploads\/2023\/11\/archilarium-5-1-750x750.webp 750w, https:\/\/soymigrante.com\/revista\/wp-content\/uploads\/2023\/11\/archilarium-5-1-1140x1140.webp 1140w, https:\/\/soymigrante.com\/revista\/wp-content\/uploads\/2023\/11\/archilarium-5-1-600x600.webp 600w, https:\/\/soymigrante.com\/revista\/wp-content\/uploads\/2023\/11\/archilarium-5-1.webp 1440w\" sizes=\"(max-width: 1024px) 100vw, 1024px\" \/>\n            <\/div>\n        <\/div><div class=\"eael-entry-wrapper\"><header class=\"eael-entry-header\"><h2 class=\"eael-entry-title\"><a class=\"eael-grid-post-link\" href=\"https:\/\/soymigrante.com\/revista\/simbolos-patrios-8-datos-de-la-monja-blanca-que-tal-vez-ya-conocias-o-quiza-no\/\" title=\"\u00bfPor qu\u00e9 el 11 de febrero es el d\u00eda de la Monja Blanca, S\u00edmbolo Nacional de Guatemala?\">\u00bfPor qu\u00e9 el 11 de febrero es el d\u00eda de la Monja Blanca, S\u00edmbolo Nacional de Guatemala?<\/a><\/h2><\/header><div class=\"eael-entry-content\">\n                        <div class=\"eael-grid-post-excerpt\"><p>\u00bfSab\u00edas que la Monja Blanca estuvo pr\u00e1cticamente extinta durante 21 a\u00f1os por la destrucci\u00f3n de los bosques? \u00bfPor qu\u00e9 se llama as\u00ed a esta orqu\u00eddea? \u00bfQui\u00e9n la propuso como Flor Nacional o S\u00edmbolo Patrio de Guatemala? Todo guatemalteco debe conocer la respuesta. La Monja Blanca de...<\/p><a href=\"https:\/\/soymigrante.com\/revista\/simbolos-patrios-8-datos-de-la-monja-blanca-que-tal-vez-ya-conocias-o-quiza-no\/\" class=\"eael-post-elements-readmore-btn\">SIGUE CONOCIENDO M\u00c1S AQU\u00cd <\/a><\/div>\n                    <\/div><\/div><\/div>\n        <\/div>\n    <\/article><article class=\"eael-grid-post  eael-post-grid-column eael-pg-post-3451 category-guate-nuestra-simbolos-patrios-guate-nuestra\" data-id=\"3451\">\n        <div class=\"eael-grid-post-holder\">\n            <div class=\"eael-grid-post-holder-inner\"><div class=\"eael-entry-media\"><div class=\"eael-entry-overlay fade-in\"><i class=\"far fa-hand-pointer\" aria-hidden=\"true\"><\/i><a href=\"https:\/\/soymigrante.com\/revista\/simbolos-patrios-de-guatemala-bandera-nacional\/\"><\/a><\/div><div class=\"eael-entry-thumbnail eael-image-ratio\">\n                <img loading=\"lazy\" decoding=\"async\" width=\"533\" height=\"367\" src=\"https:\/\/soymigrante.com\/revista\/wp-content\/uploads\/2023\/10\/guatemaltecos-houston-1.webp\" class=\"attachment-large size-large wp-image-2991\" alt=\"Migrantes guatemaltecos, al igual que millonees de connacionales en el pa\u00eds, acudieron a las citas c\u00edvicas del 25 de junio y 20 de agosto. Votaron, decidieron y las misiones de observaci\u00f3n electoral certificaron que no hubo anomal\u00edas ni indicio alguno de fraude.\" srcset=\"https:\/\/soymigrante.com\/revista\/wp-content\/uploads\/2023\/10\/guatemaltecos-houston-1.webp 533w, https:\/\/soymigrante.com\/revista\/wp-content\/uploads\/2023\/10\/guatemaltecos-houston-1-300x207.webp 300w\" sizes=\"(max-width: 533px) 100vw, 533px\" \/>\n            <\/div>\n        <\/div><div class=\"eael-entry-wrapper\"><header class=\"eael-entry-header\"><h2 class=\"eael-entry-title\"><a class=\"eael-grid-post-link\" href=\"https:\/\/soymigrante.com\/revista\/simbolos-patrios-de-guatemala-bandera-nacional\/\" title=\"La bandera Nacional de Guatemala: colores azul y blanco tambi\u00e9n son bicentenarios\">La bandera Nacional de Guatemala: colores azul y blanco tambi\u00e9n son bicentenarios<\/a><\/h2><\/header><div class=\"eael-entry-content\">\n                        <div class=\"eael-grid-post-excerpt\"><p>S\u00edmbolo patrio de los guatemaltecos, dentro y fuera del pa\u00eds: la azul y blanco se luce con orgullo, con dignidad, con respeto y a menudo con nostalgia por la distancia, el tiempo y los ideales. Estos son algunos datos hist\u00f3ricos de la Bandera Nacional de Guatemala....<\/p><a href=\"https:\/\/soymigrante.com\/revista\/simbolos-patrios-de-guatemala-bandera-nacional\/\" class=\"eael-post-elements-readmore-btn\">SIGUE CONOCIENDO M\u00c1S AQU\u00cd <\/a><\/div>\n                    <\/div><\/div><\/div>\n        <\/div>\n    <\/article><article class=\"eael-grid-post  eael-post-grid-column eael-pg-post-3508 category-simbolos-patrios-guate-nuestra\" data-id=\"3508\">\n        <div class=\"eael-grid-post-holder\">\n            <div class=\"eael-grid-post-holder-inner\"><div class=\"eael-entry-media\"><div class=\"eael-entry-overlay fade-in\"><i class=\"far fa-hand-pointer\" aria-hidden=\"true\"><\/i><a href=\"https:\/\/soymigrante.com\/revista\/simbolos-patrios-la-ceiba-arbol-nacional-de-guatemala\/\"><\/a><\/div><div class=\"eael-entry-thumbnail eael-image-ratio\">\n                <img loading=\"lazy\" decoding=\"async\" width=\"768\" height=\"1024\" src=\"https:\/\/soymigrante.com\/revista\/wp-content\/uploads\/2025\/03\/CEIBA-TIQUISATE-768x1024.jpg\" class=\"attachment-large size-large wp-image-27480\" alt=\"CEIBA TIQUISATE\" srcset=\"https:\/\/soymigrante.com\/revista\/wp-content\/uploads\/2025\/03\/CEIBA-TIQUISATE-768x1024.jpg 768w, https:\/\/soymigrante.com\/revista\/wp-content\/uploads\/2025\/03\/CEIBA-TIQUISATE-225x300.jpg 225w, https:\/\/soymigrante.com\/revista\/wp-content\/uploads\/2025\/03\/CEIBA-TIQUISATE-1152x1536.jpg 1152w, https:\/\/soymigrante.com\/revista\/wp-content\/uploads\/2025\/03\/CEIBA-TIQUISATE-1536x2048.jpg 1536w, https:\/\/soymigrante.com\/revista\/wp-content\/uploads\/2025\/03\/CEIBA-TIQUISATE-750x1000.webp 750w, https:\/\/soymigrante.com\/revista\/wp-content\/uploads\/2025\/03\/CEIBA-TIQUISATE-1140x1520.webp 1140w, https:\/\/soymigrante.com\/revista\/wp-content\/uploads\/2025\/03\/CEIBA-TIQUISATE-scaled.webp 1440w\" sizes=\"(max-width: 768px) 100vw, 768px\" \/>\n            <\/div>\n        <\/div><div class=\"eael-entry-wrapper\"><header class=\"eael-entry-header\"><h2 class=\"eael-entry-title\"><a class=\"eael-grid-post-link\" href=\"https:\/\/soymigrante.com\/revista\/simbolos-patrios-la-ceiba-arbol-nacional-de-guatemala\/\" title=\"\u00bfPorqu\u00e9 el 8 de marzo es d\u00eda de la Ceiba Pentandra,  \u00c1rbol Nacional de Guatemala?\">\u00bfPorqu\u00e9 el 8 de marzo es d\u00eda de la Ceiba Pentandra,  \u00c1rbol Nacional de Guatemala?<\/a><\/h2><\/header><div class=\"eael-entry-content\">\n                        <div class=\"eael-grid-post-excerpt\"><p>La Ceiba pentandra une el cielo, la tierra y el inframundo, seg\u00fan la cosmovisi\u00f3n maya. \u00bfDesde cu\u00e1ndo es s\u00edmbolo nacional de Guatemala? \u00bfPor qu\u00e9 se llama pentandra? \u00bfPor qu\u00e9 su D\u00eda es el 8 de marzo y desde cu\u00e1ndo? Inconfundible su copa majestuosa, sus ramas robustas...<\/p><a href=\"https:\/\/soymigrante.com\/revista\/simbolos-patrios-la-ceiba-arbol-nacional-de-guatemala\/\" class=\"eael-post-elements-readmore-btn\">SIGUE CONOCIENDO M\u00c1S AQU\u00cd <\/a><\/div>\n                    <\/div><\/div><\/div>\n        <\/div>\n    <\/article><article class=\"eael-grid-post  eael-post-grid-column eael-pg-post-3542 category-guate-nuestra-simbolos-patrios-guate-nuestra\" data-id=\"3542\">\n        <div class=\"eael-grid-post-holder\">\n            <div class=\"eael-grid-post-holder-inner\"><div class=\"eael-entry-media\"><div class=\"eael-entry-overlay fade-in\"><i class=\"far fa-hand-pointer\" aria-hidden=\"true\"><\/i><a href=\"https:\/\/soymigrante.com\/revista\/simbolos-patrios-de-guatemala-el-escudo-nacional\/\"><\/a><\/div><div class=\"eael-entry-thumbnail eael-image-ratio\">\n                <img loading=\"lazy\" decoding=\"async\" width=\"1024\" height=\"761\" src=\"https:\/\/soymigrante.com\/revista\/wp-content\/uploads\/2023\/11\/Captura-de-pantalla-2023-11-27-140941-1024x761.webp\" class=\"attachment-large size-large wp-image-3546\" alt=\"El Escudo Nacional de Guatemala explicado de la A a la F\" srcset=\"https:\/\/soymigrante.com\/revista\/wp-content\/uploads\/2023\/11\/Captura-de-pantalla-2023-11-27-140941-1024x761.webp 1024w, https:\/\/soymigrante.com\/revista\/wp-content\/uploads\/2023\/11\/Captura-de-pantalla-2023-11-27-140941-300x223.webp 300w, https:\/\/soymigrante.com\/revista\/wp-content\/uploads\/2023\/11\/Captura-de-pantalla-2023-11-27-140941-768x571.webp 768w, https:\/\/soymigrante.com\/revista\/wp-content\/uploads\/2023\/11\/Captura-de-pantalla-2023-11-27-140941-750x557.webp 750w, https:\/\/soymigrante.com\/revista\/wp-content\/uploads\/2023\/11\/Captura-de-pantalla-2023-11-27-140941-1140x847.webp 1140w, https:\/\/soymigrante.com\/revista\/wp-content\/uploads\/2023\/11\/Captura-de-pantalla-2023-11-27-140941.webp 1265w\" sizes=\"(max-width: 1024px) 100vw, 1024px\" \/>\n            <\/div>\n        <\/div><div class=\"eael-entry-wrapper\"><header class=\"eael-entry-header\"><h2 class=\"eael-entry-title\"><a class=\"eael-grid-post-link\" href=\"https:\/\/soymigrante.com\/revista\/simbolos-patrios-de-guatemala-el-escudo-nacional\/\" title=\"El Escudo Nacional de Guatemala explicado de la A a la F\">El Escudo Nacional de Guatemala explicado de la A a la F<\/a><\/h2><\/header><div class=\"eael-entry-content\">\n                        <div class=\"eael-grid-post-excerpt\"><p>Un modelo a escala original del Escudo Nacional de Guatemala est\u00e1 en el Sal\u00f3n de Banquetes del Palacio Nacional de la Cultura \u00bfCu\u00e1ndo fue oficialmente decretado? \u00bfQui\u00e9n lo dise\u00f1\u00f3? \u00bfQu\u00e9 elementos debe o no tener? El actual escudo de Guatemala, inconfundible s\u00edmbolo patrio que expone valores...<\/p><a href=\"https:\/\/soymigrante.com\/revista\/simbolos-patrios-de-guatemala-el-escudo-nacional\/\" class=\"eael-post-elements-readmore-btn\">SIGUE CONOCIENDO M\u00c1S AQU\u00cd <\/a><\/div>\n                    <\/div><\/div><\/div>\n        <\/div>\n    <\/article><article class=\"eael-grid-post  eael-post-grid-column eael-pg-post-7188 category-guate-nuestra-simbolos-patrios-guate-nuestra\" data-id=\"7188\">\n        <div class=\"eael-grid-post-holder\">\n            <div class=\"eael-grid-post-holder-inner\"><div class=\"eael-entry-media\"><div class=\"eael-entry-overlay fade-in\"><i class=\"far fa-hand-pointer\" aria-hidden=\"true\"><\/i><a href=\"https:\/\/soymigrante.com\/revista\/tecun-uman-500-anos-del-heroe-nacional-de-guatemala\/\"><\/a><\/div><div class=\"eael-entry-thumbnail eael-image-ratio\">\n                <img loading=\"lazy\" decoding=\"async\" width=\"697\" height=\"697\" src=\"https:\/\/soymigrante.com\/revista\/wp-content\/uploads\/2024\/06\/tecuncito-1.webp\" class=\"attachment-large size-large wp-image-7189\" alt=\"Tecun Uman o Tec\u00fan Um\u00e1n, con tildes para el buscador. Es el h\u00e9roe nacional de Guatemala desde 1960. Muri\u00f3 en batalla en febrero de 1524 y su nombre se escribi\u00f3 por primera vez hacia 1550 en el T\u00edtulo Coyoy, documento ind\u00edgena. Imagen generada por IA\" srcset=\"https:\/\/soymigrante.com\/revista\/wp-content\/uploads\/2024\/06\/tecuncito-1.webp 697w, https:\/\/soymigrante.com\/revista\/wp-content\/uploads\/2024\/06\/tecuncito-1-300x300.webp 300w, https:\/\/soymigrante.com\/revista\/wp-content\/uploads\/2024\/06\/tecuncito-1-150x150.webp 150w, https:\/\/soymigrante.com\/revista\/wp-content\/uploads\/2024\/06\/tecuncito-1-75x75.webp 75w\" sizes=\"(max-width: 697px) 100vw, 697px\" \/>\n            <\/div>\n        <\/div><div class=\"eael-entry-wrapper\"><header class=\"eael-entry-header\"><h2 class=\"eael-entry-title\"><a class=\"eael-grid-post-link\" href=\"https:\/\/soymigrante.com\/revista\/tecun-uman-500-anos-del-heroe-nacional-de-guatemala\/\" title=\"\u00bfCu\u00e1ndo se conmemora el D\u00eda de Tec\u00fan Uman H\u00e9roe Nacional de Guatemala?\">\u00bfCu\u00e1ndo se conmemora el D\u00eda de Tec\u00fan Uman H\u00e9roe Nacional de Guatemala?<\/a><\/h2><\/header><div class=\"eael-entry-content\">\n                        <div class=\"eael-grid-post-excerpt\"><p>Un testigo relata la batalla contra los espa\u00f1oles en la que muri\u00f3 el pr\u00edncipe Tec\u00fan Um\u00e1n. \u00bfEn d\u00f3nde est\u00e1 ese manuscrito hist\u00f3rico? \u00bfEn qu\u00e9 a\u00f1o se le declar\u00f3 H\u00e9roe Nacional de Guatemala? Estas y otras preguntas con respuesta, aqu\u00ed. La confederaci\u00f3n k&#8217;iche, con capital en Q&#8217;umarkaaj,...<\/p><a href=\"https:\/\/soymigrante.com\/revista\/tecun-uman-500-anos-del-heroe-nacional-de-guatemala\/\" class=\"eael-post-elements-readmore-btn\">SIGUE CONOCIENDO M\u00c1S AQU\u00cd <\/a><\/div>\n                    <\/div><\/div><\/div>\n        <\/div>\n    <\/article><\/div>\n            <div class=\"clearfix\"><\/div>\n        <\/div>\t\t\t\t<\/div>\n\t\t\t\t\t<\/div>\n\t\t\t\t<\/div>\n\t\t<div data-particle_enable=\"false\" data-particle-mobile-disabled=\"false\" class=\"elementor-element elementor-element-81ad9a1 e-flex e-con-boxed e-con e-parent\" data-id=\"81ad9a1\" data-element_type=\"container\" data-e-type=\"container\">\n\t\t\t\t\t<div class=\"e-con-inner\">\n\t\t\t\t<div class=\"elementor-element elementor-element-b0918f9 elementor-widget elementor-widget-heading\" data-id=\"b0918f9\" data-element_type=\"widget\" data-e-type=\"widget\" data-widget_type=\"heading.default\">\n\t\t\t\t\t<h2 class=\"elementor-heading-title elementor-size-default\">Los emprendedores son s\u00edmbolo de  trabajo y creatividad guatemalteca<\/h2>\t\t\t\t<\/div>\n\t\t\t\t\t<\/div>\n\t\t\t\t<\/div>\n\t\t<div data-particle_enable=\"false\" data-particle-mobile-disabled=\"false\" class=\"elementor-element elementor-element-c0edff5 e-flex e-con-boxed e-con e-parent\" data-id=\"c0edff5\" data-element_type=\"container\" data-e-type=\"container\">\n\t\t\t\t\t<div class=\"e-con-inner\">\n\t\t\t\t<div class=\"elementor-element elementor-element-4ae2251 elementor-grid-eael-col-3 elementor-grid-tablet-eael-col-2 elementor-grid-mobile-eael-col-1 elementor-widget elementor-widget-eael-post-grid\" data-id=\"4ae2251\" data-element_type=\"widget\" data-e-type=\"widget\" data-settings=\"{&quot;eael_post_grid_columns&quot;:&quot;eael-col-3&quot;,&quot;eael_post_grid_columns_tablet&quot;:&quot;eael-col-2&quot;,&quot;eael_post_grid_columns_mobile&quot;:&quot;eael-col-1&quot;}\" data-widget_type=\"eael-post-grid.default\">\n\t\t\t\t\t<div id=\"eael-post-grid-4ae2251\" class=\"eael-post-grid-container\">\n            <div class=\"eael-post-grid eael-post-appender eael-post-appender-4ae2251 eael-post-grid-style-one\" data-layout-mode=\"masonry\"><article class=\"eael-grid-post  eael-post-grid-column eael-pg-post-15372 category-guate-nuestra tags-mercado-emprendedores\" data-id=\"15372\">\n        <div class=\"eael-grid-post-holder\">\n            <div class=\"eael-grid-post-holder-inner\"><div class=\"eael-entry-media\"><div class=\"eael-entry-overlay fade-in\"><i class=\"far fa-hand-pointer\" aria-hidden=\"true\"><\/i><a href=\"https:\/\/soymigrante.com\/revista\/regina-ruiz-borda-con-amor-y-dedicacion-en-yumei\/\"><\/a><\/div><div class=\"eael-entry-thumbnail \">\n                <img loading=\"lazy\" decoding=\"async\" width=\"774\" height=\"1024\" src=\"https:\/\/soymigrante.com\/revista\/wp-content\/uploads\/2024\/12\/Regina-Ruiz-es-una-emprendedora-que-hila-con-amor-2-774x1024.jpeg\" class=\"attachment-large size-large wp-image-15374\" alt=\"A mujer cosiendo bordado en bastidor, proyecto de arte y manualidades, t\u00e9cnica de costura creativa y habilidades tradicionales, en un ambiente de trabajo artesanal.\" \/>\n            <\/div>\n        <\/div><div class=\"eael-entry-wrapper\"><header class=\"eael-entry-header\"><h2 class=\"eael-entry-title\"><a class=\"eael-grid-post-link\" href=\"https:\/\/soymigrante.com\/revista\/regina-ruiz-borda-con-amor-y-dedicacion-en-yumei\/\" title=\"Regina Ruiz ofrece art\u00edculos bordados con dedicaci\u00f3n y amor en Yumei\">Regina Ruiz ofrece art\u00edculos bordados con dedicaci\u00f3n y amor en Yumei<\/a><\/h2><\/header><div class=\"eael-entry-content\">\n                        <div class=\"eael-grid-post-excerpt\"><a href=\"https:\/\/soymigrante.com\/revista\/regina-ruiz-borda-con-amor-y-dedicacion-en-yumei\/\" class=\"eael-post-elements-readmore-btn\">CONOCE SU HISTORIA <\/a><\/div>\n                    <\/div><\/div><\/div>\n        <\/div>\n    <\/article><article class=\"eael-grid-post  eael-post-grid-column eael-pg-post-10385 category-guate-nuestra tags-mercado-emprendedores\" data-id=\"10385\">\n        <div class=\"eael-grid-post-holder\">\n            <div class=\"eael-grid-post-holder-inner\"><div class=\"eael-entry-media\"><div class=\"eael-entry-overlay fade-in\"><i class=\"far fa-hand-pointer\" aria-hidden=\"true\"><\/i><a href=\"https:\/\/soymigrante.com\/revista\/cooperativa-yax-transforma-una-planta-recicladora-en-huehuetenango-que-crea-y-genera-empleo\/\"><\/a><\/div><div class=\"eael-entry-thumbnail \">\n                <img loading=\"lazy\" decoding=\"async\" width=\"1024\" height=\"1024\" src=\"https:\/\/soymigrante.com\/revista\/wp-content\/uploads\/2024\/10\/yax-transforma-1024x1024.webp\" class=\"attachment-large size-large wp-image-10489\" alt=\"Transformaci\u00f3n social en eventos de SoyMigrante.com REVISTA, promoviendo inclusi\u00f3n y derechos de migrantes en Am\u00e9rica Latina.\" srcset=\"https:\/\/soymigrante.com\/revista\/wp-content\/uploads\/2024\/10\/yax-transforma-1024x1024.webp 1024w, https:\/\/soymigrante.com\/revista\/wp-content\/uploads\/2024\/10\/yax-transforma-300x300.webp 300w, https:\/\/soymigrante.com\/revista\/wp-content\/uploads\/2024\/10\/yax-transforma-150x150.webp 150w, https:\/\/soymigrante.com\/revista\/wp-content\/uploads\/2024\/10\/yax-transforma-768x768.webp 768w, https:\/\/soymigrante.com\/revista\/wp-content\/uploads\/2024\/10\/yax-transforma-75x75.webp 75w, https:\/\/soymigrante.com\/revista\/wp-content\/uploads\/2024\/10\/yax-transforma-750x750.webp 750w, https:\/\/soymigrante.com\/revista\/wp-content\/uploads\/2024\/10\/yax-transforma.webp 1049w\" sizes=\"(max-width: 1024px) 100vw, 1024px\" \/>\n            <\/div>\n        <\/div><div class=\"eael-entry-wrapper\"><header class=\"eael-entry-header\"><h2 class=\"eael-entry-title\"><a class=\"eael-grid-post-link\" href=\"https:\/\/soymigrante.com\/revista\/cooperativa-yax-transforma-una-planta-recicladora-en-huehuetenango-que-crea-y-genera-empleo\/\" title=\"Yax Transforma recolecta pl\u00e1stico y lo convierte en tablas, mesas, postes y&#8230; empleos\">Yax Transforma recolecta pl\u00e1stico y lo convierte en tablas, mesas, postes y&#8230; empleos<\/a><\/h2><\/header><div class=\"eael-entry-content\">\n                        <div class=\"eael-grid-post-excerpt\"><a href=\"https:\/\/soymigrante.com\/revista\/cooperativa-yax-transforma-una-planta-recicladora-en-huehuetenango-que-crea-y-genera-empleo\/\" class=\"eael-post-elements-readmore-btn\">CONOCE SU HISTORIA <\/a><\/div>\n                    <\/div><\/div><\/div>\n        <\/div>\n    <\/article><article class=\"eael-grid-post  eael-post-grid-column eael-pg-post-20419 category-guate-nuestra tags-mercado-emprendedores\" data-id=\"20419\">\n        <div class=\"eael-grid-post-holder\">\n            <div class=\"eael-grid-post-holder-inner\"><div class=\"eael-entry-media\"><div class=\"eael-entry-overlay fade-in\"><i class=\"far fa-hand-pointer\" aria-hidden=\"true\"><\/i><a href=\"https:\/\/soymigrante.com\/revista\/calzado-ninnke-nacio-del-amor-de-una-mama-y-la-pasion-por-crear-un-estilo-unico\/\"><\/a><\/div><div class=\"eael-entry-thumbnail \">\n                <img loading=\"lazy\" decoding=\"async\" width=\"960\" height=\"960\" src=\"https:\/\/soymigrante.com\/revista\/wp-content\/uploads\/2025\/01\/ninnke-zapatos.webp\" class=\"attachment-large size-large wp-image-20421\" alt=\"Zapatos de tac\u00f3n dorados y pantalones blancos casuales con blusa azul claro, sentada en una silla en una tienda de zapatos con exhibici\u00f3n de sandalias y gafas en el fondo.\" srcset=\"https:\/\/soymigrante.com\/revista\/wp-content\/uploads\/2025\/01\/ninnke-zapatos.webp 960w, https:\/\/soymigrante.com\/revista\/wp-content\/uploads\/2025\/01\/ninnke-zapatos-300x300.jpg 300w, https:\/\/soymigrante.com\/revista\/wp-content\/uploads\/2025\/01\/ninnke-zapatos-150x150.jpg 150w, https:\/\/soymigrante.com\/revista\/wp-content\/uploads\/2025\/01\/ninnke-zapatos-768x768.jpg 768w, https:\/\/soymigrante.com\/revista\/wp-content\/uploads\/2025\/01\/ninnke-zapatos-75x75.webp 75w, https:\/\/soymigrante.com\/revista\/wp-content\/uploads\/2025\/01\/ninnke-zapatos-750x750.webp 750w\" sizes=\"(max-width: 960px) 100vw, 960px\" \/>\n            <\/div>\n        <\/div><div class=\"eael-entry-wrapper\"><header class=\"eael-entry-header\"><h2 class=\"eael-entry-title\"><a class=\"eael-grid-post-link\" href=\"https:\/\/soymigrante.com\/revista\/calzado-ninnke-nacio-del-amor-de-una-mama-y-la-pasion-por-crear-un-estilo-unico\/\" title=\"Calzado Ninnke naci\u00f3 del amor de una mam\u00e1 y la pasi\u00f3n por crear un estilo \u00fanico: ahora est\u00e1 en MERCADO\">Calzado Ninnke naci\u00f3 del amor de una mam\u00e1 y la pasi\u00f3n por crear un estilo \u00fanico: ahora est\u00e1 en MERCADO<\/a><\/h2><\/header><div class=\"eael-entry-content\">\n                        <div class=\"eael-grid-post-excerpt\"><a href=\"https:\/\/soymigrante.com\/revista\/calzado-ninnke-nacio-del-amor-de-una-mama-y-la-pasion-por-crear-un-estilo-unico\/\" class=\"eael-post-elements-readmore-btn\">CONOCE SU HISTORIA <\/a><\/div>\n                    <\/div><\/div><\/div>\n        <\/div>\n    <\/article><\/div>\n            <div class=\"clearfix\"><\/div>\n        <\/div>            <div class=\"eael-load-more-button-wrap eael-force-hide\">\n                <button class=\"eael-load-more-button\" id=\"eael-load-more-btn-4ae2251\" data-widget-id=\"4ae2251\" data-widget=\"4ae2251\" data-page-id=\"43238\" data-template=\"{&quot;dir&quot;:&quot;lite&quot;,&quot;file_name&quot;:&quot;one.php&quot;,&quot;name&quot;:&quot;Post-Grid&quot;}\" data-class=\"Essential_Addons_Elementor\\Elements\\Post_Grid\" data-layout=\"masonry\" data-page=\"1\" data-args=\"orderby=meta_value_num&amp;order=desc&amp;ignore_sticky_posts=1&amp;post_status=publish&amp;posts_per_page=3&amp;offset=0&amp;post_type=post&amp;tax_query%5B0%5D%5Btaxonomy%5D=post_tag&amp;tax_query%5B0%5D%5Bfield%5D=term_id&amp;tax_query%5B0%5D%5Bterms%5D%5B0%5D=130&amp;tax_query%5Brelation%5D=AND&amp;meta_key=_eael_post_view_count\" data-max-page=\"35\">\n                    <span class=\"eael-btn-loader button__loader\"><\/span>\n                    <span class=\"eael_load_more_text\">Load More<\/span>\n                <\/button>\n            <\/div>\n            \t\t\t\t<\/div>\n\t\t\t\t\t<\/div>\n\t\t\t\t<\/div>\n\t\t\t\t<\/div>\n\t\t","protected":false},"excerpt":{"rendered":"<p>Con motivo de las Fiestas Patrias en Septiembre, los s\u00edmbolos nacionales cobran nueva vida en carteles, uniformes, trabajos escolares y desfiles. Aqu\u00ed est\u00e1 la historia y significado de los 7 s\u00edmbolos aptrios guatemaltecos. \u00bfEn d\u00f3nde habita el Quetzal?&#8230; y otras 10 preguntas sobre el ave s\u00edmbolo de Guatemala \u00bfC\u00f3mo se llama el ave nacional de [&hellip;]<\/p>\n","protected":false},"author":7,"featured_media":43239,"comment_status":"open","ping_status":"open","sticky":false,"template":"","format":"standard","meta":{"_acf_changed":false,"_eb_attr":"","footnotes":""},"categories":[96],"tags":[],"class_list":["post-43238","post","type-post","status-publish","format-standard","has-post-thumbnail","hentry","category-simbolos-patrios-guate-nuestra"],"acf":[],"aioseo_notices":[],"aioseo_head":"\n\t\t<!-- All in One SEO Pro 4.9.6.2 - aioseo.com -->\n\t<meta name=\"description\" content=\"Mar\u00eda Jer\u00f3nimo dise\u00f1a por las noches los zapatos que fabricar\u00e1 ma\u00f1ana. Estilos novedosos, calidad y comodidad se conjugan en su marca Ninnke, ahora en MERCADO\" \/>\n\t<meta name=\"robots\" content=\"max-snippet:-1, max-image-preview:large, max-video-preview:-1\" \/>\n\t<meta name=\"author\" content=\"Gustavo Montenegro\"\/>\n\t<link rel=\"canonical\" href=\"https:\/\/soymigrante.com\/revista\/calzado-ninnke-nacio-del-amor-de-una-mama-y-la-pasion-por-crear-un-estilo-unico\/\" \/>\n\t<meta name=\"generator\" content=\"All in One SEO Pro (AIOSEO) 4.9.6.2\" \/>\n\n\t\t<link rel=\"preconnect\" href=\"https:\/\/fonts.googleapis.com\" crossorigin>\n<link rel=\"preconnect\" href=\"https:\/\/fonts.gstatic.com\" crossorigin>\n\t\t<meta property=\"og:locale\" content=\"es_ES\" \/>\n\t\t<meta property=\"og:site_name\" content=\"SoyMigrante.com REVISTA \u2013 Nuestra misi\u00f3n es reconocer y dignificar al migrante.\" \/>\n\t\t<meta property=\"og:type\" content=\"article\" \/>\n\t\t<meta property=\"og:title\" content=\"Calzado Ninnke naci\u00f3 del amor de una mam\u00e1 muy creativa\" \/>\n\t\t<meta property=\"og:description\" content=\"Mar\u00eda Jer\u00f3nimo dise\u00f1a por las noches los zapatos que fabricar\u00e1 ma\u00f1ana. Estilos novedosos, calidad y comodidad se conjugan en su marca Ninnke, ahora en MERCADO\" \/>\n\t\t<meta property=\"og:url\" content=\"https:\/\/soymigrante.com\/revista\/calzado-ninnke-nacio-del-amor-de-una-mama-y-la-pasion-por-crear-un-estilo-unico\/\" \/>\n\t\t<meta property=\"og:image\" content=\"https:\/\/soymigrante.com\/revista\/wp-content\/uploads\/2025\/01\/ninnke-zapatos.webp\" \/>\n\t\t<meta property=\"og:image:secure_url\" content=\"https:\/\/soymigrante.com\/revista\/wp-content\/uploads\/2025\/01\/ninnke-zapatos.webp\" \/>\n\t\t<meta property=\"og:image:width\" content=\"960\" \/>\n\t\t<meta property=\"og:image:height\" content=\"960\" \/>\n\t\t<meta property=\"article:published_time\" content=\"2025-01-13T13:00:00+00:00\" \/>\n\t\t<meta property=\"article:modified_time\" content=\"2025-01-20T20:33:23+00:00\" \/>\n\t\t<meta property=\"article:publisher\" content=\"https:\/\/www.facebook.com\/soymigrantecom\" \/>\n\t\t<meta name=\"twitter:card\" content=\"summary_large_image\" \/>\n\t\t<meta name=\"twitter:site\" content=\"@SoyMigrante_com\" \/>\n\t\t<meta name=\"twitter:title\" content=\"Calzado Ninnke naci\u00f3 del amor de una mam\u00e1 muy creativa\" \/>\n\t\t<meta name=\"twitter:description\" content=\"Mar\u00eda Jer\u00f3nimo dise\u00f1a por las noches los zapatos que fabricar\u00e1 ma\u00f1ana. Estilos novedosos, calidad y comodidad se conjugan en su marca Ninnke, ahora en MERCADO\" \/>\n\t\t<meta name=\"twitter:creator\" content=\"@SoyMigrante_com\" \/>\n\t\t<meta name=\"twitter:image\" content=\"https:\/\/soymigrante.com\/revista\/wp-content\/uploads\/2025\/01\/ninnke-zapatos.webp\" \/>\n\t\t<!-- All in One SEO Pro -->\r\n\t\t<title>Calzado Ninnke naci\u00f3 del amor de una mam\u00e1 muy creativa<\/title>\n\n","aioseo_head_json":{"title":"Calzado Ninnke naci\u00f3 del amor de una mam\u00e1 muy creativa","description":"Mar\u00eda Jer\u00f3nimo dise\u00f1a por las noches los zapatos que fabricar\u00e1 ma\u00f1ana. Estilos novedosos, calidad y comodidad se conjugan en su marca Ninnke, ahora en MERCADO","canonical_url":"https:\/\/soymigrante.com\/revista\/calzado-ninnke-nacio-del-amor-de-una-mama-y-la-pasion-por-crear-un-estilo-unico\/","robots":"max-snippet:-1, max-image-preview:large, max-video-preview:-1","keywords":"","webmasterTools":{"miscellaneous":"&lt;link rel=\"preconnect\" href=\"https:\/\/fonts.googleapis.com\" crossorigin&gt;\n&lt;link rel=\"preconnect\" href=\"https:\/\/fonts.gstatic.com\" crossorigin&gt;"},"schema":null,"og:locale":"es_ES","og:site_name":"SoyMigrante.com REVISTA \u2013 Nuestra misi\u00f3n es reconocer y dignificar al migrante.","og:type":"article","og:title":"Calzado Ninnke naci\u00f3 del amor de una mam\u00e1 muy creativa","og:description":"Mar\u00eda Jer\u00f3nimo dise\u00f1a por las noches los zapatos que fabricar\u00e1 ma\u00f1ana. Estilos novedosos, calidad y comodidad se conjugan en su marca Ninnke, ahora en MERCADO","og:url":"https:\/\/soymigrante.com\/revista\/calzado-ninnke-nacio-del-amor-de-una-mama-y-la-pasion-por-crear-un-estilo-unico\/","og:image":"https:\/\/soymigrante.com\/revista\/wp-content\/uploads\/2025\/01\/ninnke-zapatos.webp","og:image:secure_url":"https:\/\/soymigrante.com\/revista\/wp-content\/uploads\/2025\/01\/ninnke-zapatos.webp","og:image:width":960,"og:image:height":960,"article:published_time":"2025-01-13T13:00:00+00:00","article:modified_time":"2025-01-20T20:33:23+00:00","article:publisher":"https:\/\/www.facebook.com\/soymigrantecom","twitter:card":"summary_large_image","twitter:site":"@SoyMigrante_com","twitter:title":"Calzado Ninnke naci\u00f3 del amor de una mam\u00e1 muy creativa","twitter:description":"Mar\u00eda Jer\u00f3nimo dise\u00f1a por las noches los zapatos que fabricar\u00e1 ma\u00f1ana. Estilos novedosos, calidad y comodidad se conjugan en su marca Ninnke, ahora en MERCADO","twitter:creator":"@SoyMigrante_com","twitter:image":"https:\/\/soymigrante.com\/revista\/wp-content\/uploads\/2025\/01\/ninnke-zapatos.webp"},"aioseo_meta_data":{"post_id":"43238","title":"Los 7 S\u00edmbolos Patrios de Guatemala: una gu\u00eda completa","description":"Informaci\u00f3n de historia, fechas, significados y detalles clave de siete s\u00edmbolos: La bandera, el escudo, la Flor, el \u00c1rbol, el Ave, H\u00e9roe e Himno Nacionales.","keywords":null,"keyphrases":{"focus":{"keyphrase":"S\u00edmbolos Patrios","score":60,"analysis":{"keyphraseInTitle":{"score":9,"maxScore":9,"error":0},"keyphraseInDescription":{"score":3,"maxScore":9,"error":1},"keyphraseLength":{"score":9,"maxScore":9,"error":0,"length":3},"keyphraseInURL":{"score":5,"maxScore":5,"error":0},"keyphraseInIntroduction":{"score":3,"maxScore":9,"error":1},"keyphraseInSubHeadings":{"score":3,"maxScore":9,"error":1},"keyphraseInImageAlt":{"score":9,"maxScore":9,"error":0},"keywordDensity":{"score":0,"type":"low","maxScore":9,"error":1}}},"additional":[{"keyphrase":"S\u00edmbolo nacional","score":40,"analysis":{"keyphraseInDescription":{"score":3,"maxScore":9,"error":1},"keyphraseLength":{"score":9,"maxScore":9,"error":0,"length":3},"keyphraseInIntroduction":{"score":3,"maxScore":9,"error":1},"keyphraseInImageAlt":{"score":3,"maxScore":9,"error":1},"keywordDensity":{"score":0,"type":"low","maxScore":9,"error":1}}}]},"primary_term":null,"canonical_url":null,"og_title":null,"og_description":null,"og_object_type":"default","og_image_type":"default","og_image_url":null,"og_image_width":null,"og_image_height":null,"og_image_custom_url":null,"og_image_custom_fields":null,"og_video":"","og_custom_url":null,"og_article_section":null,"og_article_tags":null,"twitter_use_og":false,"twitter_card":"default","twitter_image_type":"default","twitter_image_url":null,"twitter_image_custom_url":null,"twitter_image_custom_fields":null,"twitter_title":null,"twitter_description":null,"schema":{"blockGraphs":[],"customGraphs":[],"default":{"data":{"Article":[],"Course":[],"Dataset":[],"FAQPage":[],"Movie":[],"Person":[],"Product":[],"ProductReview":[],"Car":[],"Recipe":[],"Service":[],"SoftwareApplication":[],"WebPage":[]},"graphName":"NewsArticle","isEnabled":true},"graphs":[]},"schema_type":"default","schema_type_options":null,"pillar_content":false,"robots_default":true,"robots_noindex":false,"robots_noarchive":false,"robots_nosnippet":false,"robots_nofollow":false,"robots_noimageindex":false,"robots_noodp":false,"robots_notranslate":false,"robots_max_snippet":"-1","robots_max_videopreview":"-1","robots_max_imagepreview":"large","priority":null,"frequency":"default","local_seo":null,"seo_analyzer_scan_date":null,"breadcrumb_settings":null,"limit_modified_date":false,"reviewed_by":"0","open_ai":null,"ai":{"faqs":[],"keyPoints":[],"titles":[],"descriptions":[],"socialPosts":{"email":[],"linkedin":[],"twitter":[],"facebook":[],"instagram":[]}},"created":"2025-09-01 05:58:25","updated":"2026-03-14 22:56:54"},"aioseo_breadcrumb":"<div class=\"aioseo-breadcrumbs\"><span class=\"aioseo-breadcrumb\">\n\t<a href=\"https:\/\/soymigrante.com\/revista\" title=\"Home\">Home<\/a>\n<\/span><span class=\"aioseo-breadcrumb-separator\">\u00bb<\/span><span class=\"aioseo-breadcrumb\">\n\t<a href=\"https:\/\/soymigrante.com\/revista\/category\/guate-nuestra\/\" title=\"Guate Nuestra\">Guate Nuestra<\/a>\n<\/span><span class=\"aioseo-breadcrumb-separator\">\u00bb<\/span><span class=\"aioseo-breadcrumb\">\n\t<a href=\"https:\/\/soymigrante.com\/revista\/category\/guate-nuestra\/simbolos-patrios-guate-nuestra\/\" title=\"S\u00edmbolos patrios\">S\u00edmbolos patrios<\/a>\n<\/span><span class=\"aioseo-breadcrumb-separator\">\u00bb<\/span><span class=\"aioseo-breadcrumb\">\n\tGu\u00eda de los 7 S\u00edmbolos Patrios de Guatemala: origen, fechas y m\u00e1s\n<\/span><\/div>","aioseo_breadcrumb_json":[{"label":"Home","link":"https:\/\/soymigrante.com\/revista"},{"label":"Guate Nuestra","link":"https:\/\/soymigrante.com\/revista\/category\/guate-nuestra\/"},{"label":"S\u00edmbolos patrios","link":"https:\/\/soymigrante.com\/revista\/category\/guate-nuestra\/simbolos-patrios-guate-nuestra\/"},{"label":"Gu\u00eda de los 7 S\u00edmbolos Patrios de Guatemala: origen, fechas y m\u00e1s","link":"https:\/\/soymigrante.com\/revista\/guia-de-los-7-simbolos-patrios-de-guatemala-origen-fechas-y-mas\/"}],"_links":{"self":[{"href":"https:\/\/soymigrante.com\/revista\/wp-json\/wp\/v2\/posts\/43238","targetHints":{"allow":["GET"]}}],"collection":[{"href":"https:\/\/soymigrante.com\/revista\/wp-json\/wp\/v2\/posts"}],"about":[{"href":"https:\/\/soymigrante.com\/revista\/wp-json\/wp\/v2\/types\/post"}],"author":[{"embeddable":true,"href":"https:\/\/soymigrante.com\/revista\/wp-json\/wp\/v2\/users\/7"}],"replies":[{"embeddable":true,"href":"https:\/\/soymigrante.com\/revista\/wp-json\/wp\/v2\/comments?post=43238"}],"version-history":[{"count":13,"href":"https:\/\/soymigrante.com\/revista\/wp-json\/wp\/v2\/posts\/43238\/revisions"}],"predecessor-version":[{"id":53668,"href":"https:\/\/soymigrante.com\/revista\/wp-json\/wp\/v2\/posts\/43238\/revisions\/53668"}],"wp:featuredmedia":[{"embeddable":true,"href":"https:\/\/soymigrante.com\/revista\/wp-json\/wp\/v2\/media\/43239"}],"wp:attachment":[{"href":"https:\/\/soymigrante.com\/revista\/wp-json\/wp\/v2\/media?parent=43238"}],"wp:term":[{"taxonomy":"category","embeddable":true,"href":"https:\/\/soymigrante.com\/revista\/wp-json\/wp\/v2\/categories?post=43238"},{"taxonomy":"post_tag","embeddable":true,"href":"https:\/\/soymigrante.com\/revista\/wp-json\/wp\/v2\/tags?post=43238"}],"curies":[{"name":"wp","href":"https:\/\/api.w.org\/{rel}","templated":true}]}}