{"id":432,"date":"2023-05-26T00:21:02","date_gmt":"2023-05-26T00:21:02","guid":{"rendered":"https:\/\/soymigrante.wpengine.com\/?p=432"},"modified":"2024-06-25T16:44:35","modified_gmt":"2024-06-25T22:44:35","slug":"realidades-y-analisis-de-la-migracion","status":"publish","type":"post","link":"https:\/\/soymigrante.com\/revista\/realidades-y-analisis-de-la-migracion\/","title":{"rendered":"Algunos datos de la migraci\u00f3n desde el Tri\u00e1ngulo Norte"},"content":{"rendered":"\t\t<div data-elementor-type=\"wp-post\" data-elementor-id=\"432\" class=\"elementor elementor-432\" data-elementor-post-type=\"post\">\n\t\t\t\t\t\t<section data-particle_enable=\"false\" data-particle-mobile-disabled=\"false\" class=\"elementor-section elementor-top-section elementor-element elementor-element-7253fc66 elementor-section-boxed elementor-section-height-default elementor-section-height-default\" data-id=\"7253fc66\" data-element_type=\"section\" data-e-type=\"section\">\n\t\t\t\t\t\t<div class=\"elementor-container elementor-column-gap-default\">\n\t\t\t\t\t<div class=\"elementor-column elementor-col-100 elementor-top-column elementor-element elementor-element-2ee4b52a\" data-id=\"2ee4b52a\" data-element_type=\"column\" data-e-type=\"column\">\n\t\t\t<div class=\"elementor-widget-wrap elementor-element-populated\">\n\t\t\t\t\t\t<div class=\"elementor-element elementor-element-340e3004 elementor-widget elementor-widget-text-editor\" data-id=\"340e3004\" data-element_type=\"widget\" data-e-type=\"widget\" data-widget_type=\"text-editor.default\">\n\t\t\t\t\t\t\t\t\t<p><\/p>\n<p>Aunque exist\u00edan reportes de migraci\u00f3n de centroamericanos a Estados Unidos en las d\u00e9cadas 1960 y 1970, fue en la d\u00e9cada 1980 que se agudiz\u00f3 este fen\u00f3meno a causa de los conflictos armados internos de cada pa\u00eds, que generaron violencia, pobreza y falta de oportunidades.<\/p>\n<p>Seg\u00fan el estudio <em>Siguiendo los pasos del migrante<\/em>, publicado por el Banco Mundial en 2019, eesde 1980, \u201cel n\u00famero de migrantes desde la regi\u00f3n comprendida por Guatemala, El Salvador y Honduras, usualmente llamada Tri\u00e1ngulo Norte(de aqu\u00ed en adelante, TN) hab\u00eda pasado de 200 mil a m\u00e1s de 3 millones . <br \/>En ese a\u00f1o, el 9% de la poblaci\u00f3n total de los tres pa\u00edses se encuentra en Estados Unidos. Mientras que por pa\u00eds se estima que viven el 8% de la poblaci\u00f3n total guatemalteca, el 10% de los hondure\u00f1os y el 30% de los salvadore\u00f1os.<\/p>\n<p>Se estima que m\u00e1s\u00a0 de\u00a0 300.000\u00a0 personas al a\u00f1o \u2212en su mayor\u00eda j\u00f3venes\u2212 emprenden el viaje hacia Estados Unidos desde\u00a0 el\u00a0 TN, aunque\u00a0 solo\u00a0 una\u00a0 proporci\u00f3n\u00a0 logra\u00a0 ingresar.\u00a0 <br \/>Esto tiene un impacto fuerte en la poblaci\u00f3n productiva de estos pa\u00edses, ya que se estima que entre el 16% y el 36% del bono demogr\u00e1fico de los pa\u00edses que conforman\u00a0 el\u00a0 Tri\u00e1ngulo Norte\u00a0 se\u00a0 ha\u00a0 ido\u00a0 a\u00a0 vivir\u00a0 al\u00a0 extranjero, lo que limita, en parte, el potencial de crecimiento de estos pa\u00edses.<\/p>\n<p>De hecho, seg\u00fan el estudio, una\u00a0 mayor\u00a0 proporci\u00f3n\u00a0 de\u00a0 los\u00a0 migrantes\u00a0 del Tri\u00e1ngulo Norte\u00a0 viviendo\u00a0 en\u00a0 Estados Unidos tienen educaci\u00f3n secundaria completa, en comparaci\u00f3n a la proporci\u00f3n de quienes la poseen en sus pa\u00edses de origen.\u00a0<\/p>\n<p>Los\u00a0 migrantes\u00a0 guatemaltecos\u00a0 y\u00a0 hondure\u00f1os\u00a0 tienen un nivel educativo significativamente menor que el de los salvadore\u00f1os. \u201cPor\u00a0 otro\u00a0 lado,\u00a0 el\u00a0 acervo\u00a0 de\u00a0 capital\u00a0 humano\u00a0 de\u00a0 la\u00a0 poblaci\u00f3n\u00a0 migrante del TN ha aumentado en las \u00faltimas dos d\u00e9cadas. Solo tres de cada 10 migrantes que llegaron a Estados Unidos entre 1990 y 2000 contaban con al menos estudios secundarios completos, en comparaci\u00f3n con casi la mitad de los migrantes que llegaron una d\u00e9cada despu\u00e9s\u201d, acota el documento.\u00a0 <br \/>El 43% de los migrantes recientes del TN reporta que habla bien o muy bien ingl\u00e9s, y una proporci\u00f3n similar reporta escribir bien o muy bien en ese idioma (45%), una proporci\u00f3n menor al promedio de los migrantes en el pa\u00eds (52%), sin importar su a\u00f1o de arribo 15 . El 51% de los migrantes recientes estaba empleado en su pa\u00eds de origen antes de migrar, aunque con un alto grado de informalidad laboral.<\/p>\n<p>Si desea conocer m\u00e1s de este informe puede encontrarlo aqu\u00ed<br \/>https:\/\/publications.iadb.org\/publications\/spanish\/viewer\/Tras_los_pasos_del_migrante_Perspectivas_y_experiencias_de_la_migraci%C3%B3n_de_El_Salvador_Guatemala_y_Honduras_en_Estados_Unidos.pdf<br \/><br \/><\/p>\n<p><\/p>\t\t\t\t\t\t\t\t<\/div>\n\t\t\t\t\t<\/div>\n\t\t<\/div>\n\t\t\t\t\t<\/div>\n\t\t<\/section>\n\t\t\t\t<\/div>\n\t\t","protected":false},"excerpt":{"rendered":"<p>Aunque exist\u00edan reportes de migraci\u00f3n de centroamericanos a Estados Unidos en las d\u00e9cadas 1960 y 1970, fue en la d\u00e9cada 1980 que se agudiz\u00f3 este fen\u00f3meno a causa de los conflictos armados internos de cada pa\u00eds, que generaron violencia, pobreza y falta de oportunidades. Seg\u00fan el estudio Siguiendo los pasos del migrante, publicado por el [&hellip;]<\/p>\n","protected":false},"author":1,"featured_media":666,"comment_status":"open","ping_status":"open","sticky":false,"template":"","format":"standard","meta":{"_acf_changed":false,"_eb_attr":"","footnotes":""},"categories":[54],"tags":[],"class_list":["post-432","post","type-post","status-publish","format-standard","has-post-thumbnail","hentry","category-estamos-unidos"],"acf":[],"aioseo_notices":[],"aioseo_head":"\n\t\t<!-- All in One SEO Pro 4.9.6.2 - aioseo.com -->\n\t<meta name=\"description\" content=\"Aunque exist\u00edan reportes de migraci\u00f3n de centroamericanos a Estados Unidos en las d\u00e9cadas 1960 y 1970, fue en la d\u00e9cada 1980 que se agudiz\u00f3 este fen\u00f3meno a causa de los conflictos armados internos de cada pa\u00eds, que generaron violencia, pobreza y falta de oportunidades. Seg\u00fan el estudio Siguiendo los pasos del migrante, publicado por el\" \/>\n\t<meta name=\"robots\" content=\"max-snippet:-1, max-image-preview:large, max-video-preview:-1\" \/>\n\t<meta name=\"author\" content=\"SoyMigrante.com REVISTA\"\/>\n\t<link rel=\"canonical\" href=\"https:\/\/soymigrante.com\/revista\/realidades-y-analisis-de-la-migracion\/\" \/>\n\t<meta name=\"generator\" content=\"All in One SEO Pro (AIOSEO) 4.9.6.2\" \/>\n\n\t\t<link rel=\"preconnect\" href=\"https:\/\/fonts.googleapis.com\" crossorigin>\n<link rel=\"preconnect\" href=\"https:\/\/fonts.gstatic.com\" crossorigin>\n\t\t<meta property=\"og:locale\" content=\"es_ES\" \/>\n\t\t<meta property=\"og:site_name\" content=\"SoyMigrante.com REVISTA \u2013 Nuestra misi\u00f3n es reconocer y dignificar al migrante.\" \/>\n\t\t<meta property=\"og:type\" content=\"article\" \/>\n\t\t<meta property=\"og:title\" content=\"Algunos datos de la migraci\u00f3n desde el Tri\u00e1ngulo Norte\" \/>\n\t\t<meta property=\"og:description\" content=\"Aunque exist\u00edan reportes de migraci\u00f3n de centroamericanos a Estados Unidos en las d\u00e9cadas 1960 y 1970, fue en la d\u00e9cada 1980 que se agudiz\u00f3 este fen\u00f3meno a causa de los conflictos armados internos de cada pa\u00eds, que generaron violencia, pobreza y falta de oportunidades. Seg\u00fan el estudio Siguiendo los pasos del migrante, publicado por el\" \/>\n\t\t<meta property=\"og:url\" content=\"https:\/\/soymigrante.com\/revista\/realidades-y-analisis-de-la-migracion\/\" \/>\n\t\t<meta property=\"og:image\" content=\"https:\/\/soymigrante.com\/revista\/wp-content\/uploads\/2023\/02\/MURAL-SAN-FRANCISCO-e1678987270795.webp\" \/>\n\t\t<meta property=\"og:image:secure_url\" content=\"https:\/\/soymigrante.com\/revista\/wp-content\/uploads\/2023\/02\/MURAL-SAN-FRANCISCO-e1678987270795.webp\" \/>\n\t\t<meta property=\"og:image:width\" content=\"1800\" \/>\n\t\t<meta property=\"og:image:height\" content=\"1200\" \/>\n\t\t<meta property=\"article:published_time\" content=\"2023-05-26T00:21:02+00:00\" \/>\n\t\t<meta property=\"article:modified_time\" content=\"2024-06-25T22:44:35+00:00\" \/>\n\t\t<meta property=\"article:publisher\" content=\"https:\/\/www.facebook.com\/soymigrantecom\" \/>\n\t\t<meta name=\"twitter:card\" content=\"summary_large_image\" \/>\n\t\t<meta name=\"twitter:site\" content=\"@SoyMigrante_com\" \/>\n\t\t<meta name=\"twitter:title\" content=\"Algunos datos de la migraci\u00f3n desde el Tri\u00e1ngulo Norte\" \/>\n\t\t<meta name=\"twitter:description\" content=\"Aunque exist\u00edan reportes de migraci\u00f3n de centroamericanos a Estados Unidos en las d\u00e9cadas 1960 y 1970, fue en la d\u00e9cada 1980 que se agudiz\u00f3 este fen\u00f3meno a causa de los conflictos armados internos de cada pa\u00eds, que generaron violencia, pobreza y falta de oportunidades. Seg\u00fan el estudio Siguiendo los pasos del migrante, publicado por el\" \/>\n\t\t<meta name=\"twitter:creator\" content=\"@SoyMigrante_com\" \/>\n\t\t<meta name=\"twitter:image\" content=\"https:\/\/soymigrante.com\/revista\/wp-content\/uploads\/2023\/02\/MURAL-SAN-FRANCISCO-e1678987270795.webp\" \/>\n\t\t<!-- All in One SEO Pro -->\r\n\t\t<title>Algunos datos de la migraci\u00f3n desde el Tri\u00e1ngulo Norte<\/title>\n\n","aioseo_head_json":{"title":"Algunos datos de la migraci\u00f3n desde el Tri\u00e1ngulo Norte","description":"Aunque exist\u00edan reportes de migraci\u00f3n de centroamericanos a Estados Unidos en las d\u00e9cadas 1960 y 1970, fue en la d\u00e9cada 1980 que se agudiz\u00f3 este fen\u00f3meno a causa de los conflictos armados internos de cada pa\u00eds, que generaron violencia, pobreza y falta de oportunidades. Seg\u00fan el estudio Siguiendo los pasos del migrante, publicado por el","canonical_url":"https:\/\/soymigrante.com\/revista\/realidades-y-analisis-de-la-migracion\/","robots":"max-snippet:-1, max-image-preview:large, max-video-preview:-1","keywords":"","webmasterTools":{"miscellaneous":"&lt;link rel=\"preconnect\" href=\"https:\/\/fonts.googleapis.com\" crossorigin&gt;\n&lt;link rel=\"preconnect\" href=\"https:\/\/fonts.gstatic.com\" crossorigin&gt;"},"schema":null,"og:locale":"es_ES","og:site_name":"SoyMigrante.com REVISTA \u2013 Nuestra misi\u00f3n es reconocer y dignificar al migrante.","og:type":"article","og:title":"Algunos datos de la migraci\u00f3n desde el Tri\u00e1ngulo Norte","og:description":"Aunque exist\u00edan reportes de migraci\u00f3n de centroamericanos a Estados Unidos en las d\u00e9cadas 1960 y 1970, fue en la d\u00e9cada 1980 que se agudiz\u00f3 este fen\u00f3meno a causa de los conflictos armados internos de cada pa\u00eds, que generaron violencia, pobreza y falta de oportunidades. Seg\u00fan el estudio Siguiendo los pasos del migrante, publicado por el","og:url":"https:\/\/soymigrante.com\/revista\/realidades-y-analisis-de-la-migracion\/","og:image":"https:\/\/soymigrante.com\/revista\/wp-content\/uploads\/2023\/02\/MURAL-SAN-FRANCISCO-e1678987270795.webp","og:image:secure_url":"https:\/\/soymigrante.com\/revista\/wp-content\/uploads\/2023\/02\/MURAL-SAN-FRANCISCO-e1678987270795.webp","og:image:width":1800,"og:image:height":1200,"article:published_time":"2023-05-26T00:21:02+00:00","article:modified_time":"2024-06-25T22:44:35+00:00","article:publisher":"https:\/\/www.facebook.com\/soymigrantecom","twitter:card":"summary_large_image","twitter:site":"@SoyMigrante_com","twitter:title":"Algunos datos de la migraci\u00f3n desde el Tri\u00e1ngulo Norte","twitter:description":"Aunque exist\u00edan reportes de migraci\u00f3n de centroamericanos a Estados Unidos en las d\u00e9cadas 1960 y 1970, fue en la d\u00e9cada 1980 que se agudiz\u00f3 este fen\u00f3meno a causa de los conflictos armados internos de cada pa\u00eds, que generaron violencia, pobreza y falta de oportunidades. Seg\u00fan el estudio Siguiendo los pasos del migrante, publicado por el","twitter:creator":"@SoyMigrante_com","twitter:image":"https:\/\/soymigrante.com\/revista\/wp-content\/uploads\/2023\/02\/MURAL-SAN-FRANCISCO-e1678987270795.webp"},"aioseo_meta_data":{"post_id":"432","title":null,"description":null,"keywords":null,"keyphrases":{"focus":{"keyphrase":"Migraci\u00f3n","score":75,"analysis":{"keyphraseInTitle":{"score":9,"maxScore":9,"error":0},"keyphraseInDescription":{"score":9,"maxScore":9,"error":0},"keyphraseLength":{"score":9,"maxScore":9,"error":0,"length":2},"keyphraseInURL":{"score":5,"maxScore":5,"error":0},"keyphraseInIntroduction":{"score":9,"maxScore":9,"error":0},"keyphraseInSubHeadings":[],"keyphraseInImageAlt":{"score":3,"maxScore":9,"error":1},"keywordDensity":{"score":0,"type":"low","maxScore":9,"error":1}}},"additional":[]},"primary_term":null,"canonical_url":null,"og_title":null,"og_description":null,"og_object_type":"default","og_image_type":"default","og_image_url":null,"og_image_width":null,"og_image_height":null,"og_image_custom_url":null,"og_image_custom_fields":null,"og_video":"","og_custom_url":null,"og_article_section":null,"og_article_tags":null,"twitter_use_og":false,"twitter_card":"default","twitter_image_type":"default","twitter_image_url":null,"twitter_image_custom_url":null,"twitter_image_custom_fields":null,"twitter_title":null,"twitter_description":null,"schema":{"blockGraphs":[],"customGraphs":[],"default":{"data":{"Article":[],"Course":[],"Dataset":[],"FAQPage":[],"Movie":[],"Person":[],"Product":[],"ProductReview":[],"Car":[],"Recipe":[],"Service":[],"SoftwareApplication":[],"WebPage":[]},"graphName":"Article","isEnabled":true},"graphs":[]},"schema_type":"default","schema_type_options":null,"pillar_content":false,"robots_default":true,"robots_noindex":false,"robots_noarchive":false,"robots_nosnippet":false,"robots_nofollow":false,"robots_noimageindex":false,"robots_noodp":false,"robots_notranslate":false,"robots_max_snippet":"-1","robots_max_videopreview":"-1","robots_max_imagepreview":"large","priority":null,"frequency":"default","local_seo":null,"seo_analyzer_scan_date":"2025-10-08 19:41:19","breadcrumb_settings":null,"limit_modified_date":false,"reviewed_by":null,"open_ai":"{\"title\":{\"suggestions\":[],\"usage\":0},\"description\":{\"suggestions\":[],\"usage\":0}}","ai":null,"created":"2023-08-17 10:08:09","updated":"2026-02-04 04:24:59"},"aioseo_breadcrumb":"<div class=\"aioseo-breadcrumbs\"><span class=\"aioseo-breadcrumb\">\n\t<a href=\"https:\/\/soymigrante.com\/revista\" title=\"Home\">Home<\/a>\n<\/span><span class=\"aioseo-breadcrumb-separator\">\u00bb<\/span><span class=\"aioseo-breadcrumb\">\n\t<a href=\"https:\/\/soymigrante.com\/revista\/category\/estamos-unidos\/\" title=\"Estamos Unidos\">Estamos Unidos<\/a>\n<\/span><span class=\"aioseo-breadcrumb-separator\">\u00bb<\/span><span class=\"aioseo-breadcrumb\">\n\tAlgunos datos de la migraci\u00f3n desde el Tri\u00e1ngulo Norte\n<\/span><\/div>","aioseo_breadcrumb_json":[{"label":"Home","link":"https:\/\/soymigrante.com\/revista"},{"label":"Estamos Unidos","link":"https:\/\/soymigrante.com\/revista\/category\/estamos-unidos\/"},{"label":"Algunos datos de la migraci\u00f3n desde el Tri\u00e1ngulo Norte","link":"https:\/\/soymigrante.com\/revista\/realidades-y-analisis-de-la-migracion\/"}],"_links":{"self":[{"href":"https:\/\/soymigrante.com\/revista\/wp-json\/wp\/v2\/posts\/432","targetHints":{"allow":["GET"]}}],"collection":[{"href":"https:\/\/soymigrante.com\/revista\/wp-json\/wp\/v2\/posts"}],"about":[{"href":"https:\/\/soymigrante.com\/revista\/wp-json\/wp\/v2\/types\/post"}],"author":[{"embeddable":true,"href":"https:\/\/soymigrante.com\/revista\/wp-json\/wp\/v2\/users\/1"}],"replies":[{"embeddable":true,"href":"https:\/\/soymigrante.com\/revista\/wp-json\/wp\/v2\/comments?post=432"}],"version-history":[{"count":0,"href":"https:\/\/soymigrante.com\/revista\/wp-json\/wp\/v2\/posts\/432\/revisions"}],"wp:featuredmedia":[{"embeddable":true,"href":"https:\/\/soymigrante.com\/revista\/wp-json\/wp\/v2\/media\/666"}],"wp:attachment":[{"href":"https:\/\/soymigrante.com\/revista\/wp-json\/wp\/v2\/media?parent=432"}],"wp:term":[{"taxonomy":"category","embeddable":true,"href":"https:\/\/soymigrante.com\/revista\/wp-json\/wp\/v2\/categories?post=432"},{"taxonomy":"post_tag","embeddable":true,"href":"https:\/\/soymigrante.com\/revista\/wp-json\/wp\/v2\/tags?post=432"}],"curies":[{"name":"wp","href":"https:\/\/api.w.org\/{rel}","templated":true}]}}