{"id":43178,"date":"2025-08-29T14:41:40","date_gmt":"2025-08-29T20:41:40","guid":{"rendered":"https:\/\/soymigrante.com\/revista\/?p=43178"},"modified":"2025-08-29T16:06:27","modified_gmt":"2025-08-29T22:06:27","slug":"personajes-del-popol-vuh-xpiyacoc-el-primer-y-gran-abuelo","status":"publish","type":"post","link":"https:\/\/soymigrante.com\/revista\/personajes-del-popol-vuh-xpiyacoc-el-primer-y-gran-abuelo\/","title":{"rendered":"Personajes del Popol Vuh: Xpiyacoc, el primer y gran abuelo"},"content":{"rendered":"\t\t<div data-elementor-type=\"wp-post\" data-elementor-id=\"43178\" class=\"elementor elementor-43178\" data-elementor-post-type=\"post\">\n\t\t\t\t<div data-particle_enable=\"false\" data-particle-mobile-disabled=\"false\" class=\"elementor-element elementor-element-5034364 e-flex e-con-boxed e-con e-parent\" data-id=\"5034364\" data-element_type=\"container\" data-e-type=\"container\">\n\t\t\t\t\t<div class=\"e-con-inner\">\n\t\t\t\t<div class=\"elementor-element elementor-element-748b3f0 elementor-widget elementor-widget-heading\" data-id=\"748b3f0\" data-element_type=\"widget\" data-e-type=\"widget\" data-widget_type=\"heading.default\">\n\t\t\t\t\t<h2 class=\"elementor-heading-title elementor-size-default\">El nombre Xpiyacoc aparece 9 veces en el Libro Sagrado Maya y Libro Nacional de Guatemala, el Popol Vuh, siempre asociado en dualidad con el de su esposa, Ixmucan\u00e9. Ambos son considerados los primeros abuelos en un tiempo inmemorial.<\/h2>\t\t\t\t<\/div>\n\t\t\t\t<div class=\"elementor-element elementor-element-30c83a1 elementor-widget elementor-widget-html\" data-id=\"30c83a1\" data-element_type=\"widget\" data-e-type=\"widget\" data-widget_type=\"html.default\">\n\t\t\t\t\t<div id=\"buzzsprout-player-17757592\"><\/div><script src=\"https:\/\/www.buzzsprout.com\/2444168\/episodes\/17757592-xpiyacoc-el-primer-gran-abuelo-del-popol-vuh.js?container_id=buzzsprout-player-17757592&player=small\" type=\"text\/javascript\" charset=\"utf-8\"><\/script>\t\t\t\t<\/div>\n\t\t\t\t\t<\/div>\n\t\t\t\t<\/div>\n\t\t<div data-particle_enable=\"false\" data-particle-mobile-disabled=\"false\" class=\"elementor-element elementor-element-0f363a7 e-flex e-con-boxed e-con e-parent\" data-id=\"0f363a7\" data-element_type=\"container\" data-e-type=\"container\">\n\t\t\t\t\t<div class=\"e-con-inner\">\n\t\t\t\t<div class=\"elementor-element elementor-element-42b2daf elementor-widget elementor-widget-text-editor\" data-id=\"42b2daf\" data-element_type=\"widget\" data-e-type=\"widget\" data-widget_type=\"text-editor.default\">\n\t\t\t\t\t\t\t\t\t<p>Como personajes part\u00edcipes de la generaci\u00f3n de los primeros hombres, aparecen los nombres de los primeros ancestros o primeros abuelos:\u00a0 <a href=\"https:\/\/soymigrante.com\/revista\/personajes-del-popol-vuh-la-gran-abuela-ixmucane\/\">Ixmucan\u00e9<\/a> e Xpiyacoc, quienes son padres de <a href=\"https:\/\/soymigrante.com\/revista\/personajes-del-popol-vuh-hun-hunahpu-y-vucub-hunahpu-los-primeros-hermanos\/\">Hun Hunahp\u00fa\u00a0y Vucub Hunahp\u00fa<\/a>. Hun Hunahp\u00fa es padre de <a href=\"https:\/\/soymigrante.com\/revista\/personajes-del-popol-vuh-hun-batz-y-hun-chouen-son-convertidos-en-monos-por-envidiosos\/\">Hun Batz y Hun Chouen (que terminan convertidos en monos)<\/a> y despu\u00e9s de los h\u00e9roes <a href=\"https:\/\/soymigrante.com\/revista\/personajes-del-popol-vuh-hunahpu-e-ixbalanque-los-heroes-gemelos\/\">Hunahp\u00fa e Ixbalanqu\u00e9.<\/a><\/p><p>Son figuras de sabidur\u00eda y consejo, invocados en los momentos decisivos de la creaci\u00f3n del hombre. El Popol Vuh, libro sagrado de los mayas, los presenta como guardianes de la palabra y de la memoria. El abuelo Xpiyacoc es un ancestro que acompa\u00f1a y orienta la obra creadora.<\/p><p><i>\u201cY juntamente es dicho y hablado de aquella abuela y aquel abuelo que se llamaban Xpiyacoc e <a href=\"https:\/\/soymigrante.com\/revista\/personajes-del-popol-vuh-la-gran-abuela-ixmucane\/\">Ixmucan\u00e9<\/a>, nombres propios amparadores y cubridores, dos veces abuela y dos veces abuelo son dichos en las historias quich\u00e9s, que comunicaron todo con lo que hicieron despu\u00e9s en el estado de la claridad y en la palabra de claridad.\u201d<\/i><\/p>\t\t\t\t\t\t\t\t<\/div>\n\t\t\t\t\t<\/div>\n\t\t\t\t<\/div>\n\t\t<div data-particle_enable=\"false\" data-particle-mobile-disabled=\"false\" class=\"elementor-element elementor-element-5d7422b e-flex e-con-boxed e-con e-parent\" data-id=\"5d7422b\" data-element_type=\"container\" data-e-type=\"container\">\n\t\t\t\t\t<div class=\"e-con-inner\">\n\t\t\t\t<div class=\"elementor-element elementor-element-5a0501b elementor-widget elementor-widget-image\" data-id=\"5a0501b\" data-element_type=\"widget\" data-e-type=\"widget\" data-widget_type=\"image.default\">\n\t\t\t\t\t\t\t\t\t\t\t\t<figure class=\"wp-caption\">\n\t\t\t\t\t\t\t\t\t\t\t<a href=\"https:\/\/soymigrante.com\/revista\/personajes-del-popol-vuh-la-gran-abuela-ixmucane\/\">\n\t\t\t\t\t\t\t<img fetchpriority=\"high\" decoding=\"async\" width=\"1024\" height=\"583\" src=\"https:\/\/soymigrante.com\/revista\/wp-content\/uploads\/2025\/08\/xpiyacoc-el-abuelo-de-hunahpu-e-ixbalanque-1024x583.png\" class=\"attachment-large size-large wp-image-43184\" alt=\"Ancianas ind\u00edgenas con vestimenta tradicional, en un entorno nocturno con luna llena y pir\u00e1mide ancestral al fondo, representando cultura y herencia ind\u00edgena en Am\u00e9rica Latina.\" srcset=\"https:\/\/soymigrante.com\/revista\/wp-content\/uploads\/2025\/08\/xpiyacoc-el-abuelo-de-hunahpu-e-ixbalanque-1024x583.png 1024w, https:\/\/soymigrante.com\/revista\/wp-content\/uploads\/2025\/08\/xpiyacoc-el-abuelo-de-hunahpu-e-ixbalanque-300x171.png 300w, https:\/\/soymigrante.com\/revista\/wp-content\/uploads\/2025\/08\/xpiyacoc-el-abuelo-de-hunahpu-e-ixbalanque-768x437.png 768w, https:\/\/soymigrante.com\/revista\/wp-content\/uploads\/2025\/08\/xpiyacoc-el-abuelo-de-hunahpu-e-ixbalanque-1536x874.png 1536w, https:\/\/soymigrante.com\/revista\/wp-content\/uploads\/2025\/08\/xpiyacoc-el-abuelo-de-hunahpu-e-ixbalanque-2048x1165.png 2048w, https:\/\/soymigrante.com\/revista\/wp-content\/uploads\/2025\/08\/xpiyacoc-el-abuelo-de-hunahpu-e-ixbalanque-750x427.webp 750w, https:\/\/soymigrante.com\/revista\/wp-content\/uploads\/2025\/08\/xpiyacoc-el-abuelo-de-hunahpu-e-ixbalanque-1140x648.webp 1140w, https:\/\/soymigrante.com\/revista\/wp-content\/uploads\/2025\/08\/xpiyacoc-el-abuelo-de-hunahpu-e-ixbalanque-scaled.webp 1920w\" sizes=\"(max-width: 1024px) 100vw, 1024px\" title=\"El concepto de dualidad procreadora est\u00e1 siempre presente en el Popol Vuh, desde su mismo inicio, con los primeros abuelos Ixmucan\u00e9 y Xpiyacoc. El nombre del primer gran abuelo est\u00e1 asociado al concepto de la tortuga. (Ilustracio\u00b4n generada por IA con base en textos del Popol Vuh) \u2013 SoyMigrante.com REVISTA\" \/>\t\t\t\t\t\t\t\t<\/a>\n\t\t\t\t\t\t\t\t\t\t\t<figcaption class=\"widget-image-caption wp-caption-text\">Retrato de una mujer y un hombre mayores de cultura ind\u00edgena, vestidos con ropas tradicionales, en un escenario nocturno con elementos culturales y arqueol\u00f3gicos, simbolizando la historia y tradiciones ancestrales de las comunidades ind\u00edgenas.<\/figcaption>\n\t\t\t\t\t\t\t\t\t\t<\/figure>\n\t\t\t\t\t\t\t\t\t<\/div>\n\t\t\t\t\t<\/div>\n\t\t\t\t<\/div>\n\t\t<div data-particle_enable=\"false\" data-particle-mobile-disabled=\"false\" class=\"elementor-element elementor-element-0a35b14 e-flex e-con-boxed e-con e-parent\" data-id=\"0a35b14\" data-element_type=\"container\" data-e-type=\"container\">\n\t\t\t\t\t<div class=\"e-con-inner\">\n\t\t\t\t<div class=\"elementor-element elementor-element-794724a elementor-widget elementor-widget-heading\" data-id=\"794724a\" data-element_type=\"widget\" data-e-type=\"widget\" data-widget_type=\"heading.default\">\n\t\t\t\t\t<h3 class=\"elementor-heading-title elementor-size-default\">Los primeros sabios<\/h3>\t\t\t\t<\/div>\n\t\t\t\t\t<\/div>\n\t\t\t\t<\/div>\n\t\t<div data-particle_enable=\"false\" data-particle-mobile-disabled=\"false\" class=\"elementor-element elementor-element-1d487a8 e-flex e-con-boxed e-con e-parent\" data-id=\"1d487a8\" data-element_type=\"container\" data-e-type=\"container\">\n\t\t\t\t\t<div class=\"e-con-inner\">\n\t\t\t\t<div class=\"elementor-element elementor-element-b34438f elementor-widget elementor-widget-text-editor\" data-id=\"b34438f\" data-element_type=\"widget\" data-e-type=\"widget\" data-widget_type=\"text-editor.default\">\n\t\t\t\t\t\t\t\t\t<p>El concepto de dualidad es clave en la cosmovisi\u00f3n maya. Y por ello Xpiyacoc representa una ra\u00edz m\u00faltiple, un linaje fundacional, la fuerza ancestral que sostiene la existencia humana, en directa interacci\u00f3n con <a href=\"https:\/\/soymigrante.com\/revista\/personajes-del-popol-vuh-la-gran-abuela-ixmucane\/\">Ixmucan\u00e9.<\/a><\/p><p>En la narrativa de la creaci\u00f3n, tras el fracaso de los primeros intentos para formar al hombre, los creadores vuelven a consultar a ambos abuelos. Su voz es decisiva para orientar el nuevo intento.<\/p><p><i>\u201cSer\u00e1 peor despu\u00e9s, no andar\u00e1 y no se multiplicar\u00e1: estar\u00e1 hecho solo de su entendimiento\u201d, le dijeron. Entonces lo desbarataron y volvieron a amasar su formadura y f\u00e1brica\u2026 Entonces consultaron otra vez. \u201cSe lo diremos a Xpiyacoc e <a href=\"https:\/\/soymigrante.com\/revista\/personajes-del-popol-vuh-la-gran-abuela-ixmucane\/\">Ixmucan\u00e9,<\/a> a Hunahp\u00fa vuch y a Hunahp\u00fa vtiu, probemos otra vez nuestro d\u00eda, su ser formado\u201d, dijeron unos a otros los formadores y fabricadores.\u201d<\/i><\/p>\t\t\t\t\t\t\t\t<\/div>\n\t\t\t\t\t<\/div>\n\t\t\t\t<\/div>\n\t\t<div data-particle_enable=\"false\" data-particle-mobile-disabled=\"false\" class=\"elementor-element elementor-element-f9e72ff e-flex e-con-boxed e-con e-parent\" data-id=\"f9e72ff\" data-element_type=\"container\" data-e-type=\"container\">\n\t\t\t\t\t<div class=\"e-con-inner\">\n\t\t\t\t<div class=\"elementor-element elementor-element-01795cb elementor-widget elementor-widget-image\" data-id=\"01795cb\" data-element_type=\"widget\" data-e-type=\"widget\" data-widget_type=\"image.default\">\n\t\t\t\t\t\t\t\t\t\t\t\t<figure class=\"wp-caption\">\n\t\t\t\t\t\t\t\t\t\t<img decoding=\"async\" width=\"1024\" height=\"799\" src=\"https:\/\/soymigrante.com\/revista\/wp-content\/uploads\/2025\/08\/xpiyacoc-abuelo-popol-vuh-1024x799.png\" class=\"attachment-large size-large wp-image-43186\" alt=\"Anciano ind\u00edgena mayan con tocado tradicional en un atardecer naranja, simboliza cultura y herencia ancestral en M\u00e9xico.\" srcset=\"https:\/\/soymigrante.com\/revista\/wp-content\/uploads\/2025\/08\/xpiyacoc-abuelo-popol-vuh-1024x799.png 1024w, https:\/\/soymigrante.com\/revista\/wp-content\/uploads\/2025\/08\/xpiyacoc-abuelo-popol-vuh-300x234.png 300w, https:\/\/soymigrante.com\/revista\/wp-content\/uploads\/2025\/08\/xpiyacoc-abuelo-popol-vuh-768x600.png 768w, https:\/\/soymigrante.com\/revista\/wp-content\/uploads\/2025\/08\/xpiyacoc-abuelo-popol-vuh-750x586.webp 750w, https:\/\/soymigrante.com\/revista\/wp-content\/uploads\/2025\/08\/xpiyacoc-abuelo-popol-vuh-1140x890.webp 1140w, https:\/\/soymigrante.com\/revista\/wp-content\/uploads\/2025\/08\/xpiyacoc-abuelo-popol-vuh.webp 1263w\" sizes=\"(max-width: 1024px) 100vw, 1024px\" title=\"La funci\u00f3n de sabidur\u00eda del gran abuelo Xpiyacoc est\u00e1 ligada a su capacidad de manejar el Tz&#039;ite&#039;: sistema de adivinaci\u00f3n mediante los frijoles rojos del \u00e1rbol de pito. (Ilustracion IA generada con base al texto del Popol Vuh, combinada con una fotograf\u00eda de semillas de pito) \u2013 SoyMigrante.com REVISTA\" \/>\t\t\t\t\t\t\t\t\t\t\t<figcaption class=\"widget-image-caption wp-caption-text\">Antiguo l\u00edder ind\u00edgena maya con tocado tradicional en un paisaje de atardecer, representando la historia y cultura ancestral de los pueblos originarios de M\u00e9xico.<\/figcaption>\n\t\t\t\t\t\t\t\t\t\t<\/figure>\n\t\t\t\t\t\t\t\t\t<\/div>\n\t\t\t\t\t<\/div>\n\t\t\t\t<\/div>\n\t\t<div data-particle_enable=\"false\" data-particle-mobile-disabled=\"false\" class=\"elementor-element elementor-element-306876b e-flex e-con-boxed e-con e-parent\" data-id=\"306876b\" data-element_type=\"container\" data-e-type=\"container\">\n\t\t\t\t\t<div class=\"e-con-inner\">\n\t\t\t\t<div class=\"elementor-element elementor-element-e96cbd8 elementor-widget elementor-widget-heading\" data-id=\"e96cbd8\" data-element_type=\"widget\" data-e-type=\"widget\" data-widget_type=\"heading.default\">\n\t\t\t\t\t<h3 class=\"elementor-heading-title elementor-size-default\">Aconsejan incluso a los esp\u00edritus creadores<\/h3>\t\t\t\t<\/div>\n\t\t\t\t\t<\/div>\n\t\t\t\t<\/div>\n\t\t<div data-particle_enable=\"false\" data-particle-mobile-disabled=\"false\" class=\"elementor-element elementor-element-9321d20 e-flex e-con-boxed e-con e-parent\" data-id=\"9321d20\" data-element_type=\"container\" data-e-type=\"container\">\n\t\t\t\t\t<div class=\"e-con-inner\">\n\t\t\t\t<div class=\"elementor-element elementor-element-cdf29c8 elementor-widget elementor-widget-text-editor\" data-id=\"cdf29c8\" data-element_type=\"widget\" data-e-type=\"widget\" data-widget_type=\"text-editor.default\">\n\t\t\t\t\t\t\t\t\t<p>Es all\u00ed donde los abuelos despliegan su sabidur\u00eda en el arte de la adivinaci\u00f3n, echando granos de ma\u00edz y tz\u2019it\u00e9 para revelar el destino del nuevo ser. Este acto no es menor: vincula el mito con las pr\u00e1cticas rituales que a\u00fan hoy perviven en la espiritualidad maya.<\/p><p><i>\u201cEntrad en la consulta, abuela y abuelo nuestro, Xpiyacoc y Xmucan\u00e9: \u00bfC\u00f3mo se podr\u00e1 sembrar y aclarar nuestro ser invocado, nuestro ser adorado, nuestro ser recordado por el hombre formado y edificado, por nuestro pobre hombre? \u2026 Echad suertes con ma\u00edces y tzit\u00e9\u00a0 y sea solo hecho, si saldr\u00e1, si lo labraremos y tallaremos su boca y su cara de palo\u201d, les fue dicho a los adivinos. \u201c<\/i><\/p><p>Xpiyacoc era el encargado de utilizar el Tzit\u00e9, una envoltura sagrada en la que se depositan 260 semillas de palo de pito, consideradas con poderes m\u00e1gicos hasta la fecha por los Ajq&#8217;ij o gu\u00edas mayas.<\/p><p><i>&#8220;El viejo era el de las suertes del tzit\u00e9, y se llamaba Xpiyacoc; y la vieja Adivina del Sol y la Formadora se llamaba<a href=\"https:\/\/soymigrante.com\/revista\/personajes-del-popol-vuh-la-gran-abuela-ixmucane\/\"> Chi Racan Ixmucan\u00e9<\/a>.\u201d<\/i><\/p>\t\t\t\t\t\t\t\t<\/div>\n\t\t\t\t\t<\/div>\n\t\t\t\t<\/div>\n\t\t<div data-particle_enable=\"false\" data-particle-mobile-disabled=\"false\" class=\"elementor-element elementor-element-248cd7c e-flex e-con-boxed e-con e-parent\" data-id=\"248cd7c\" data-element_type=\"container\" data-e-type=\"container\">\n\t\t\t\t\t<div class=\"e-con-inner\">\n\t\t\t\t<div class=\"elementor-element elementor-element-20330a6 elementor-widget elementor-widget-image\" data-id=\"20330a6\" data-element_type=\"widget\" data-e-type=\"widget\" data-widget_type=\"image.default\">\n\t\t\t\t\t\t\t\t\t\t\t\t<figure class=\"wp-caption\">\n\t\t\t\t\t\t\t\t\t\t<img decoding=\"async\" width=\"1024\" height=\"1024\" src=\"https:\/\/soymigrante.com\/revista\/wp-content\/uploads\/2025\/08\/abuela-ixmucane-y-abuelo-xpiyacoc-popol-vuh-1024x1024.png\" class=\"attachment-large size-large wp-image-43187\" alt=\"Ancianas ind\u00edgenas under a starry sky, representing ancestral knowledge and cultural heritage in rural Mexico. M\u00edstica escena que conecta tradici\u00f3n, naturaleza y comunidad en un entorno nocturno.\" srcset=\"https:\/\/soymigrante.com\/revista\/wp-content\/uploads\/2025\/08\/abuela-ixmucane-y-abuelo-xpiyacoc-popol-vuh-1024x1024.png 1024w, https:\/\/soymigrante.com\/revista\/wp-content\/uploads\/2025\/08\/abuela-ixmucane-y-abuelo-xpiyacoc-popol-vuh-300x300.png 300w, https:\/\/soymigrante.com\/revista\/wp-content\/uploads\/2025\/08\/abuela-ixmucane-y-abuelo-xpiyacoc-popol-vuh-150x150.png 150w, https:\/\/soymigrante.com\/revista\/wp-content\/uploads\/2025\/08\/abuela-ixmucane-y-abuelo-xpiyacoc-popol-vuh-768x768.png 768w, https:\/\/soymigrante.com\/revista\/wp-content\/uploads\/2025\/08\/abuela-ixmucane-y-abuelo-xpiyacoc-popol-vuh-1536x1536.png 1536w, https:\/\/soymigrante.com\/revista\/wp-content\/uploads\/2025\/08\/abuela-ixmucane-y-abuelo-xpiyacoc-popol-vuh-2048x2048.png 2048w, https:\/\/soymigrante.com\/revista\/wp-content\/uploads\/2025\/08\/abuela-ixmucane-y-abuelo-xpiyacoc-popol-vuh-75x75.webp 75w, https:\/\/soymigrante.com\/revista\/wp-content\/uploads\/2025\/08\/abuela-ixmucane-y-abuelo-xpiyacoc-popol-vuh-750x750.webp 750w, https:\/\/soymigrante.com\/revista\/wp-content\/uploads\/2025\/08\/abuela-ixmucane-y-abuelo-xpiyacoc-popol-vuh-1140x1140.webp 1140w, https:\/\/soymigrante.com\/revista\/wp-content\/uploads\/2025\/08\/abuela-ixmucane-y-abuelo-xpiyacoc-popol-vuh-scaled.webp 1920w\" sizes=\"(max-width: 1024px) 100vw, 1024px\" title=\"Los esp\u00edritus creadores contactan a los primeros abuelos para que les ayuden a formar al hombre. Primero lo hacen de madera pero no habla; despu\u00e9s de tierra y no ten\u00edan forma; finalmente, con la gu\u00eda de Xpiyacoc y la masa de ma\u00edz preparada por Ixmucan\u00e9, se forman los hombres de ma\u00edz. (Imagen IA generada con base en texto del Popol Vuh) \u2013 SoyMigrante.com REVISTA\" \/>\t\t\t\t\t\t\t\t\t\t\t<figcaption class=\"widget-image-caption wp-caption-text\">Los esp\u00edritus creadores contactan a los primeros abuelos para que les ayuden a formar al hombre. Primero lo hacen de madera pero no habla; despu\u00e9s de tierra y no ten\u00edan forma; finalmente, con la gu\u00eda de Xpiyacoc y la masa de ma\u00edz preparada por Ixmucan\u00e9, se forman los hombres de ma\u00edz. (Imagen IA generada con base en texto del Popol Vuh)<\/figcaption>\n\t\t\t\t\t\t\t\t\t\t<\/figure>\n\t\t\t\t\t\t\t\t\t<\/div>\n\t\t\t\t\t<\/div>\n\t\t\t\t<\/div>\n\t\t<div data-particle_enable=\"false\" data-particle-mobile-disabled=\"false\" class=\"elementor-element elementor-element-9aee725 e-flex e-con-boxed e-con e-parent\" data-id=\"9aee725\" data-element_type=\"container\" data-e-type=\"container\">\n\t\t\t\t\t<div class=\"e-con-inner\">\n\t\t\t\t<div class=\"elementor-element elementor-element-ba3f986 elementor-widget elementor-widget-heading\" data-id=\"ba3f986\" data-element_type=\"widget\" data-e-type=\"widget\" data-widget_type=\"heading.default\">\n\t\t\t\t\t<h3 class=\"elementor-heading-title elementor-size-default\">Un linaje destinado a combatir el mal<\/h3>\t\t\t\t<\/div>\n\t\t\t\t\t<\/div>\n\t\t\t\t<\/div>\n\t\t<div data-particle_enable=\"false\" data-particle-mobile-disabled=\"false\" class=\"elementor-element elementor-element-8a5f524 e-flex e-con-boxed e-con e-parent\" data-id=\"8a5f524\" data-element_type=\"container\" data-e-type=\"container\">\n\t\t\t\t\t<div class=\"e-con-inner\">\n\t\t\t\t<div class=\"elementor-element elementor-element-ec468f3 elementor-widget elementor-widget-text-editor\" data-id=\"ec468f3\" data-element_type=\"widget\" data-e-type=\"widget\" data-widget_type=\"text-editor.default\">\n\t\t\t\t\t\t\t\t\t<p>Ambos complementan el consejo divino y ofrecen el conocimiento necesario para que el hombre verdadero pueda existir.\u00a0 La genealog\u00eda m\u00edtica tambi\u00e9n los vincula como el linaje que logr\u00f3 la destrucci\u00f3n del <a href=\"https:\/\/soymigrante.com\/revista\/personajes-del-popol-vuh-los-senores-de-xibalba-el-inframundo-maya\/\">Reino de Xibalb\u00e1<\/a>. El Popol Vuh recuerda que de ellos desciende<a href=\"https:\/\/soymigrante.com\/revista\/personajes-del-popol-vuh-hun-hunahpu-y-vucub-hunahpu-los-primeros-hermanos\/\"> Hun Hunahp\u00fa,<\/a> padre de los <a href=\"https:\/\/soymigrante.com\/revista\/personajes-del-popol-vuh-hunahpu-e-ixbalanque-los-heroes-gemelos\/\">gemelos heroicos Hunahp\u00fa e Ixbalanqu\u00e9.<\/a><\/p><p><i>\u201cLos padres de <a href=\"https:\/\/soymigrante.com\/revista\/personajes-del-popol-vuh-hun-hunahpu-y-vucub-hunahpu-los-primeros-hermanos\/\">Hun Hunahp\u00fa <\/a>fueron Xpiyacoc y Xmucan\u00e9, estos nacieron en la obscuridad de la noche.\u201d<\/i><\/p><p>La grandeza de Xpiyacoc est\u00e1 en su car\u00e1cter de ancestro y consejero. Aunque nunca profiere una sola palabra en el texto, pero su legado habla por \u00e9l. Es acci\u00f3n. Es el guardi\u00e1n de la sabidur\u00eda antigua, la voz que recuerda que la vida solo puede sostenerse con equilibrio, consejo y alimento.\u00a0<\/p><p>Al ser llamado \u201cprimer gran abuelo\u201d, el Popol Vuh lo ubica en el origen del tiempo, en una etapa anterior pero fundamental para la actual humanidad.<\/p>\t\t\t\t\t\t\t\t<\/div>\n\t\t\t\t\t<\/div>\n\t\t\t\t<\/div>\n\t\t<div data-particle_enable=\"false\" data-particle-mobile-disabled=\"false\" class=\"elementor-element elementor-element-09652cb e-flex e-con-boxed e-con e-parent\" data-id=\"09652cb\" data-element_type=\"container\" data-e-type=\"container\">\n\t\t\t\t\t<div class=\"e-con-inner\">\n\t\t\t\t<div class=\"elementor-element elementor-element-1a35732 elementor-widget elementor-widget-video\" data-id=\"1a35732\" data-element_type=\"widget\" data-e-type=\"widget\" data-settings=\"{&quot;video_type&quot;:&quot;hosted&quot;,&quot;controls&quot;:&quot;yes&quot;}\" data-widget_type=\"video.default\">\n\t\t\t\t\t\t\t<div class=\"e-hosted-video elementor-wrapper elementor-open-inline\">\n\t\t\t\t\t<video class=\"elementor-video\" src=\"https:\/\/soymigrante.com\/revista\/wp-content\/uploads\/2025\/08\/abuela-ixmucane-y-abuelo-xpiyacoc-popol-vuh.mp4\" controls=\"\" preload=\"metadata\" controlsList=\"nodownload\"><\/video>\n\t\t\t\t<\/div>\n\t\t\t\t\t\t<\/div>\n\t\t\t\t\t<\/div>\n\t\t\t\t<\/div>\n\t\t<div data-particle_enable=\"false\" data-particle-mobile-disabled=\"false\" class=\"elementor-element elementor-element-253a2ac e-flex e-con-boxed e-con e-parent\" data-id=\"253a2ac\" data-element_type=\"container\" data-e-type=\"container\">\n\t\t\t\t\t<div class=\"e-con-inner\">\n\t\t\t\t<div class=\"elementor-element elementor-element-d73cf41 elementor-widget elementor-widget-heading\" data-id=\"d73cf41\" data-element_type=\"widget\" data-e-type=\"widget\" data-widget_type=\"heading.default\">\n\t\t\t\t\t<h2 class=\"elementor-heading-title elementor-size-default\">El gran tesoro de la cosmovisi\u00f3n maya<\/h2>\t\t\t\t<\/div>\n\t\t\t\t\t<\/div>\n\t\t\t\t<\/div>\n\t\t<div data-particle_enable=\"false\" data-particle-mobile-disabled=\"false\" class=\"elementor-element elementor-element-7a04298 e-flex e-con-boxed e-con e-parent\" data-id=\"7a04298\" data-element_type=\"container\" data-e-type=\"container\">\n\t\t\t\t\t<div class=\"e-con-inner\">\n\t\t\t\t<div class=\"elementor-element elementor-element-f12cebe elementor-grid-eael-col-3 elementor-grid-tablet-eael-col-2 elementor-grid-mobile-eael-col-1 elementor-widget elementor-widget-eael-post-grid\" data-id=\"f12cebe\" data-element_type=\"widget\" data-e-type=\"widget\" data-settings=\"{&quot;eael_post_grid_columns&quot;:&quot;eael-col-3&quot;,&quot;eael_post_grid_columns_tablet&quot;:&quot;eael-col-2&quot;,&quot;eael_post_grid_columns_mobile&quot;:&quot;eael-col-1&quot;}\" data-widget_type=\"eael-post-grid.default\">\n\t\t\t\t\t<div id=\"eael-post-grid-f12cebe\" class=\"eael-post-grid-container\">\n            <div class=\"eael-post-grid eael-post-appender eael-post-appender-f12cebe eael-post-grid-style-one\" data-layout-mode=\"masonry\"><article class=\"eael-grid-post  eael-post-grid-column eael-pg-post-8931 category-pueblos-de-guatemala\" data-id=\"8931\">\n        <div class=\"eael-grid-post-holder\">\n            <div class=\"eael-grid-post-holder-inner\"><div class=\"eael-entry-media\"><div class=\"eael-entry-overlay fade-in\"><i class=\"far fa-hand-pointer\" aria-hidden=\"true\"><\/i><a href=\"https:\/\/soymigrante.com\/revista\/el-pueblo-kiche-es-heredero-y-continuador-de-la-tradicion-del-popol-vuh\/\"><\/a><\/div><div class=\"eael-entry-thumbnail \">\n                <img loading=\"lazy\" decoding=\"async\" width=\"1024\" height=\"1024\" src=\"https:\/\/soymigrante.com\/revista\/wp-content\/uploads\/2024\/09\/pueblo-kiche-1024x1024.webp\" class=\"attachment-large size-large wp-image-8932\" alt=\"Tradici\u00f3n cultural del pueblo ind\u00edgena en M\u00e9xico, vestimenta t\u00edpica con mochila y sombrero en un entorno rural.\" srcset=\"https:\/\/soymigrante.com\/revista\/wp-content\/uploads\/2024\/09\/pueblo-kiche-1024x1024.webp 1024w, https:\/\/soymigrante.com\/revista\/wp-content\/uploads\/2024\/09\/pueblo-kiche-300x300.webp 300w, https:\/\/soymigrante.com\/revista\/wp-content\/uploads\/2024\/09\/pueblo-kiche-150x150.webp 150w, https:\/\/soymigrante.com\/revista\/wp-content\/uploads\/2024\/09\/pueblo-kiche-768x768.webp 768w, https:\/\/soymigrante.com\/revista\/wp-content\/uploads\/2024\/09\/pueblo-kiche-75x75.webp 75w, https:\/\/soymigrante.com\/revista\/wp-content\/uploads\/2024\/09\/pueblo-kiche-750x750.webp 750w, https:\/\/soymigrante.com\/revista\/wp-content\/uploads\/2024\/09\/pueblo-kiche-1140x1140.webp 1140w, https:\/\/soymigrante.com\/revista\/wp-content\/uploads\/2024\/09\/pueblo-kiche.webp 1168w\" sizes=\"(max-width: 1024px) 100vw, 1024px\" \/>\n            <\/div>\n        <\/div><div class=\"eael-entry-wrapper\"><header class=\"eael-entry-header\"><h2 class=\"eael-entry-title\"><a class=\"eael-grid-post-link\" href=\"https:\/\/soymigrante.com\/revista\/el-pueblo-kiche-es-heredero-y-continuador-de-la-tradicion-del-popol-vuh\/\" title=\"El pueblo K&#8217;iche&#8217; es heredero y continuador de la tradici\u00f3n del Popol Vuh\">El pueblo K&#8217;iche&#8217; es heredero y continuador de la tradici\u00f3n del Popol Vuh<\/a><\/h2><\/header><div class=\"eael-entry-content\">\n                        <div class=\"eael-grid-post-excerpt\"><a href=\"https:\/\/soymigrante.com\/revista\/el-pueblo-kiche-es-heredero-y-continuador-de-la-tradicion-del-popol-vuh\/\" class=\"eael-post-elements-readmore-btn\">CONOCE SU HISTORIA <\/a><\/div>\n                    <\/div><\/div><\/div>\n        <\/div>\n    <\/article><article class=\"eael-grid-post  eael-post-grid-column eael-pg-post-2456 category-guate-nuestra tags-danzas-de-guatemala\" data-id=\"2456\">\n        <div class=\"eael-grid-post-holder\">\n            <div class=\"eael-grid-post-holder-inner\"><div class=\"eael-entry-media\"><div class=\"eael-entry-overlay fade-in\"><i class=\"far fa-hand-pointer\" aria-hidden=\"true\"><\/i><a href=\"https:\/\/soymigrante.com\/revista\/guatemala-danza-el-palo-volador-en-joyabaj-cubulco-o-chichicastenango-siempre-es-memorable\/\"><\/a><\/div><div class=\"eael-entry-thumbnail \">\n                <img loading=\"lazy\" decoding=\"async\" width=\"1024\" height=\"604\" src=\"https:\/\/soymigrante.com\/revista\/wp-content\/uploads\/2023\/09\/Captura-de-pantalla-2023-09-04-073800-e1693837574983-1024x604.webp\" class=\"attachment-large size-large wp-image-2458\" alt=\"Los monos Hun Batz y Hun Chouen en lo alto del palo antes de descender. Captura de pantalla de video de TV Asunci\u00f3n Joyabaj.\" srcset=\"https:\/\/soymigrante.com\/revista\/wp-content\/uploads\/2023\/09\/Captura-de-pantalla-2023-09-04-073800-e1693837574983-1024x604.webp 1024w, https:\/\/soymigrante.com\/revista\/wp-content\/uploads\/2023\/09\/Captura-de-pantalla-2023-09-04-073800-e1693837574983-300x177.webp 300w, https:\/\/soymigrante.com\/revista\/wp-content\/uploads\/2023\/09\/Captura-de-pantalla-2023-09-04-073800-e1693837574983-768x453.webp 768w, https:\/\/soymigrante.com\/revista\/wp-content\/uploads\/2023\/09\/Captura-de-pantalla-2023-09-04-073800-e1693837574983-750x442.webp 750w, https:\/\/soymigrante.com\/revista\/wp-content\/uploads\/2023\/09\/Captura-de-pantalla-2023-09-04-073800-e1693837574983-1140x673.webp 1140w, https:\/\/soymigrante.com\/revista\/wp-content\/uploads\/2023\/09\/Captura-de-pantalla-2023-09-04-073800-e1693837574983.webp 1256w\" sizes=\"(max-width: 1024px) 100vw, 1024px\" \/>\n            <\/div>\n        <\/div><div class=\"eael-entry-wrapper\"><header class=\"eael-entry-header\"><h2 class=\"eael-entry-title\"><a class=\"eael-grid-post-link\" href=\"https:\/\/soymigrante.com\/revista\/guatemala-danza-el-palo-volador-en-joyabaj-cubulco-o-chichicastenango-siempre-es-memorable\/\" title=\"Danzas de Guatemala: El Palo Volador en Joyabaj, Cubulco o Chichicastenango es inolvidable\">Danzas de Guatemala: El Palo Volador en Joyabaj, Cubulco o Chichicastenango es inolvidable<\/a><\/h2><\/header><div class=\"eael-entry-content\">\n                        <div class=\"eael-grid-post-excerpt\"><a href=\"https:\/\/soymigrante.com\/revista\/guatemala-danza-el-palo-volador-en-joyabaj-cubulco-o-chichicastenango-siempre-es-memorable\/\" class=\"eael-post-elements-readmore-btn\">CONOCE SU HISTORIA <\/a><\/div>\n                    <\/div><\/div><\/div>\n        <\/div>\n    <\/article><article class=\"eael-grid-post  eael-post-grid-column eael-pg-post-5754 category-guate-nuestra\" data-id=\"5754\">\n        <div class=\"eael-grid-post-holder\">\n            <div class=\"eael-grid-post-holder-inner\"><div class=\"eael-entry-media\"><div class=\"eael-entry-overlay fade-in\"><i class=\"far fa-hand-pointer\" aria-hidden=\"true\"><\/i><a href=\"https:\/\/soymigrante.com\/revista\/el-popol-vuh-es-migrante-esta-en-chicago-y-8-datos-que-quiza-no-sabias\/\"><\/a><\/div><div class=\"eael-entry-thumbnail \">\n                <img loading=\"lazy\" decoding=\"async\" width=\"805\" height=\"805\" src=\"https:\/\/soymigrante.com\/revista\/wp-content\/uploads\/2025\/05\/popol-vuh-feature-image.webp\" class=\"attachment-large size-large wp-image-35111\" alt=\"Popol Vuh, acuarela del maestro Maugdo V\u00e1squez. \u00bfEn donde est\u00e1 el manuscrito original del Popol Vuh, libro del pueblo maya k&#039;iche&#039; y Patrimonio Cultural de Guatemala?\" srcset=\"https:\/\/soymigrante.com\/revista\/wp-content\/uploads\/2025\/05\/popol-vuh-feature-image.webp 805w, https:\/\/soymigrante.com\/revista\/wp-content\/uploads\/2025\/05\/popol-vuh-feature-image-300x300.jpg 300w, https:\/\/soymigrante.com\/revista\/wp-content\/uploads\/2025\/05\/popol-vuh-feature-image-150x150.jpg 150w, https:\/\/soymigrante.com\/revista\/wp-content\/uploads\/2025\/05\/popol-vuh-feature-image-768x768.jpg 768w, https:\/\/soymigrante.com\/revista\/wp-content\/uploads\/2025\/05\/popol-vuh-feature-image-75x75.webp 75w, https:\/\/soymigrante.com\/revista\/wp-content\/uploads\/2025\/05\/popol-vuh-feature-image-750x750.jpg 750w\" sizes=\"(max-width: 805px) 100vw, 805px\" \/>\n            <\/div>\n        <\/div><div class=\"eael-entry-wrapper\"><header class=\"eael-entry-header\"><h2 class=\"eael-entry-title\"><a class=\"eael-grid-post-link\" href=\"https:\/\/soymigrante.com\/revista\/el-popol-vuh-es-migrante-esta-en-chicago-y-8-datos-que-quiza-no-sabias\/\" title=\"\u00bfEn donde est\u00e1  el manuscrito original del Popol Vuh, libro del pueblo maya k&#8217;iche&#8217; y Patrimonio Cultural de Guatemala?\">\u00bfEn donde est\u00e1  el manuscrito original del Popol Vuh, libro del pueblo maya k&#8217;iche&#8217; y Patrimonio Cultural de Guatemala?<\/a><\/h2><\/header><div class=\"eael-entry-content\">\n                        <div class=\"eael-grid-post-excerpt\"><a href=\"https:\/\/soymigrante.com\/revista\/el-popol-vuh-es-migrante-esta-en-chicago-y-8-datos-que-quiza-no-sabias\/\" class=\"eael-post-elements-readmore-btn\">CONOCE SU HISTORIA <\/a><\/div>\n                    <\/div><\/div><\/div>\n        <\/div>\n    <\/article><\/div>\n            <div class=\"clearfix\"><\/div>\n        <\/div>\t\t\t\t<\/div>\n\t\t\t\t\t<\/div>\n\t\t\t\t<\/div>\n\t\t\t\t<\/div>\n\t\t","protected":false},"excerpt":{"rendered":"<p>El nombre Xpiyacoc aparece 9 veces en el Libro Sagrado Maya y Libro Nacional de Guatemala, el Popol Vuh, siempre asociado en dualidad con el de su esposa, Ixmucan\u00e9. Ambos son considerados los primeros abuelos en un tiempo inmemorial. Como personajes part\u00edcipes de la generaci\u00f3n de los primeros hombres, aparecen los nombres de los primeros [&hellip;]<\/p>\n","protected":false},"author":7,"featured_media":43179,"comment_status":"open","ping_status":"open","sticky":false,"template":"","format":"standard","meta":{"_acf_changed":false,"_eb_attr":"","footnotes":""},"categories":[58],"tags":[257],"class_list":["post-43178","post","type-post","status-publish","format-standard","has-post-thumbnail","hentry","category-guate-nuestra","tag-personajes-del-popol-vuh"],"acf":[],"aioseo_notices":[],"aioseo_head":"\n\t\t<!-- All in One SEO Pro 4.9.6.2 - aioseo.com -->\n\t<meta name=\"description\" content=\"El Popol Vuh es Libro Nacional de Guatemala desde 1972 y su d\u00eda se celebra cada 30 de mayo. El manuscrito original a\u00fan existe. \u00bfSabes en d\u00f3nde se encuentra?\" \/>\n\t<meta name=\"robots\" content=\"max-snippet:-1, max-image-preview:large, max-video-preview:-1\" \/>\n\t<meta name=\"author\" content=\"Gustavo Montenegro\"\/>\n\t<link rel=\"canonical\" href=\"https:\/\/soymigrante.com\/revista\/el-popol-vuh-es-migrante-esta-en-chicago-y-8-datos-que-quiza-no-sabias\/\" \/>\n\t<meta name=\"generator\" content=\"All in One SEO Pro (AIOSEO) 4.9.6.2\" \/>\n\n\t\t<link rel=\"preconnect\" href=\"https:\/\/fonts.googleapis.com\" crossorigin>\n<link rel=\"preconnect\" href=\"https:\/\/fonts.gstatic.com\" crossorigin>\n\t\t<meta property=\"og:locale\" content=\"es_ES\" \/>\n\t\t<meta property=\"og:site_name\" content=\"SoyMigrante.com REVISTA \u2013 Nuestra misi\u00f3n es reconocer y dignificar al migrante.\" \/>\n\t\t<meta property=\"og:type\" content=\"article\" \/>\n\t\t<meta property=\"og:title\" content=\"\u00bfEn d\u00f3nde est\u00e1 el manuscrito original del Popol Vuh?\" \/>\n\t\t<meta property=\"og:description\" content=\"El Popol Vuh es Libro Nacional de Guatemala desde 1972 y su d\u00eda se celebra cada 30 de mayo. El manuscrito original a\u00fan existe. \u00bfSabes en d\u00f3nde se encuentra?\" \/>\n\t\t<meta property=\"og:url\" content=\"https:\/\/soymigrante.com\/revista\/el-popol-vuh-es-migrante-esta-en-chicago-y-8-datos-que-quiza-no-sabias\/\" \/>\n\t\t<meta property=\"og:image\" content=\"https:\/\/soymigrante.com\/revista\/wp-content\/uploads\/2025\/05\/popol-vuh-feature-image.webp\" \/>\n\t\t<meta property=\"og:image:secure_url\" content=\"https:\/\/soymigrante.com\/revista\/wp-content\/uploads\/2025\/05\/popol-vuh-feature-image.webp\" \/>\n\t\t<meta property=\"og:image:width\" content=\"805\" \/>\n\t\t<meta property=\"og:image:height\" content=\"805\" \/>\n\t\t<meta property=\"article:published_time\" content=\"2025-05-30T15:32:46+00:00\" \/>\n\t\t<meta property=\"article:modified_time\" content=\"2025-09-17T14:09:27+00:00\" \/>\n\t\t<meta property=\"article:publisher\" content=\"https:\/\/www.facebook.com\/soymigrantecom\" \/>\n\t\t<meta name=\"twitter:card\" content=\"summary_large_image\" \/>\n\t\t<meta name=\"twitter:site\" content=\"@SoyMigrante_com\" \/>\n\t\t<meta name=\"twitter:title\" content=\"\u00bfEn d\u00f3nde est\u00e1 el manuscrito original del Popol Vuh?\" \/>\n\t\t<meta name=\"twitter:description\" content=\"El Popol Vuh es Libro Nacional de Guatemala desde 1972 y su d\u00eda se celebra cada 30 de mayo. El manuscrito original a\u00fan existe. \u00bfSabes en d\u00f3nde se encuentra?\" \/>\n\t\t<meta name=\"twitter:creator\" content=\"@SoyMigrante_com\" \/>\n\t\t<meta name=\"twitter:image\" content=\"https:\/\/soymigrante.com\/revista\/wp-content\/uploads\/2025\/05\/popol-vuh-feature-image.webp\" \/>\n\t\t<!-- All in One SEO Pro -->\r\n\t\t<title>\u00bfEn d\u00f3nde est\u00e1 el manuscrito original del Popol Vuh?<\/title>\n\n","aioseo_head_json":{"title":"\u00bfEn d\u00f3nde est\u00e1 el manuscrito original del Popol Vuh?","description":"El Popol Vuh es Libro Nacional de Guatemala desde 1972 y su d\u00eda se celebra cada 30 de mayo. El manuscrito original a\u00fan existe. \u00bfSabes en d\u00f3nde se encuentra?","canonical_url":"https:\/\/soymigrante.com\/revista\/el-popol-vuh-es-migrante-esta-en-chicago-y-8-datos-que-quiza-no-sabias\/","robots":"max-snippet:-1, max-image-preview:large, max-video-preview:-1","keywords":"","webmasterTools":{"miscellaneous":"&lt;link rel=\"preconnect\" href=\"https:\/\/fonts.googleapis.com\" crossorigin&gt;\n&lt;link rel=\"preconnect\" href=\"https:\/\/fonts.gstatic.com\" crossorigin&gt;"},"schema":null,"og:locale":"es_ES","og:site_name":"SoyMigrante.com REVISTA \u2013 Nuestra misi\u00f3n es reconocer y dignificar al migrante.","og:type":"article","og:title":"\u00bfEn d\u00f3nde est\u00e1 el manuscrito original del Popol Vuh?","og:description":"El Popol Vuh es Libro Nacional de Guatemala desde 1972 y su d\u00eda se celebra cada 30 de mayo. El manuscrito original a\u00fan existe. \u00bfSabes en d\u00f3nde se encuentra?","og:url":"https:\/\/soymigrante.com\/revista\/el-popol-vuh-es-migrante-esta-en-chicago-y-8-datos-que-quiza-no-sabias\/","og:image":"https:\/\/soymigrante.com\/revista\/wp-content\/uploads\/2025\/05\/popol-vuh-feature-image.webp","og:image:secure_url":"https:\/\/soymigrante.com\/revista\/wp-content\/uploads\/2025\/05\/popol-vuh-feature-image.webp","og:image:width":805,"og:image:height":805,"article:published_time":"2025-05-30T15:32:46+00:00","article:modified_time":"2025-09-17T14:09:27+00:00","article:publisher":"https:\/\/www.facebook.com\/soymigrantecom","twitter:card":"summary_large_image","twitter:site":"@SoyMigrante_com","twitter:title":"\u00bfEn d\u00f3nde est\u00e1 el manuscrito original del Popol Vuh?","twitter:description":"El Popol Vuh es Libro Nacional de Guatemala desde 1972 y su d\u00eda se celebra cada 30 de mayo. El manuscrito original a\u00fan existe. \u00bfSabes en d\u00f3nde se encuentra?","twitter:creator":"@SoyMigrante_com","twitter:image":"https:\/\/soymigrante.com\/revista\/wp-content\/uploads\/2025\/05\/popol-vuh-feature-image.webp"},"aioseo_meta_data":{"post_id":"43178","title":null,"description":"Mencionado en 9 ocasiones en el Popol Wuj, Xpiyacoc es esposo de la abuela Ixmucan\u00e9 y por lo tanto, abuelo de los gemelos h\u00e9roes Hunahp\u00fa e Ixbalanqu\u00e9. Conoce m\u00e1s","keywords":null,"keyphrases":{"focus":{"keyphrase":"Popol Vuh","score":81,"analysis":{"keyphraseInTitle":{"score":9,"maxScore":9,"error":0},"keyphraseInDescription":{"score":3,"maxScore":9,"error":1},"keyphraseLength":{"score":9,"maxScore":9,"error":0,"length":2},"keyphraseInURL":{"score":5,"maxScore":5,"error":0}}},"additional":[{"keyphrase":"Xpiyacoc","score":100,"analysis":{"keyphraseInDescription":{"score":9,"maxScore":9,"error":0},"keyphraseLength":{"score":9,"maxScore":9,"error":0,"length":1}}},{"keyphrase":"Abuelo","score":100,"analysis":{"keyphraseInDescription":{"score":9,"maxScore":9,"error":0},"keyphraseLength":{"score":9,"maxScore":9,"error":0,"length":1}}}]},"primary_term":null,"canonical_url":null,"og_title":null,"og_description":null,"og_object_type":"default","og_image_type":"default","og_image_url":null,"og_image_width":null,"og_image_height":null,"og_image_custom_url":null,"og_image_custom_fields":null,"og_video":"","og_custom_url":null,"og_article_section":null,"og_article_tags":null,"twitter_use_og":false,"twitter_card":"default","twitter_image_type":"default","twitter_image_url":null,"twitter_image_custom_url":null,"twitter_image_custom_fields":null,"twitter_title":null,"twitter_description":null,"schema":{"blockGraphs":[],"customGraphs":[],"default":{"data":{"Article":[],"Course":[],"Dataset":[],"FAQPage":[],"Movie":[],"Person":[],"Product":[],"ProductReview":[],"Car":[],"Recipe":[],"Service":[],"SoftwareApplication":[],"WebPage":[]},"graphName":"none","isEnabled":true},"graphs":[]},"schema_type":"default","schema_type_options":null,"pillar_content":false,"robots_default":true,"robots_noindex":false,"robots_noarchive":false,"robots_nosnippet":false,"robots_nofollow":false,"robots_noimageindex":false,"robots_noodp":false,"robots_notranslate":false,"robots_max_snippet":"-1","robots_max_videopreview":"-1","robots_max_imagepreview":"large","priority":null,"frequency":"default","local_seo":null,"seo_analyzer_scan_date":"2025-10-09 08:06:19","breadcrumb_settings":null,"limit_modified_date":false,"reviewed_by":"0","open_ai":null,"ai":{"faqs":[],"keyPoints":[],"titles":[],"descriptions":[],"socialPosts":{"email":[],"linkedin":[],"twitter":[],"facebook":[],"instagram":[]}},"created":"2025-08-29 20:01:34","updated":"2026-02-05 04:27:54"},"aioseo_breadcrumb":"<div class=\"aioseo-breadcrumbs\"><span class=\"aioseo-breadcrumb\">\n\t<a href=\"https:\/\/soymigrante.com\/revista\" title=\"Home\">Home<\/a>\n<\/span><span class=\"aioseo-breadcrumb-separator\">\u00bb<\/span><span class=\"aioseo-breadcrumb\">\n\t<a href=\"https:\/\/soymigrante.com\/revista\/category\/guate-nuestra\/\" title=\"Guate Nuestra\">Guate Nuestra<\/a>\n<\/span><span class=\"aioseo-breadcrumb-separator\">\u00bb<\/span><span class=\"aioseo-breadcrumb\">\n\tPersonajes del Popol Vuh: Xpiyacoc, el primer y gran abuelo\n<\/span><\/div>","aioseo_breadcrumb_json":[{"label":"Home","link":"https:\/\/soymigrante.com\/revista"},{"label":"Guate Nuestra","link":"https:\/\/soymigrante.com\/revista\/category\/guate-nuestra\/"},{"label":"Personajes del Popol Vuh: Xpiyacoc, el primer y gran abuelo","link":"https:\/\/soymigrante.com\/revista\/personajes-del-popol-vuh-xpiyacoc-el-primer-y-gran-abuelo\/"}],"_links":{"self":[{"href":"https:\/\/soymigrante.com\/revista\/wp-json\/wp\/v2\/posts\/43178","targetHints":{"allow":["GET"]}}],"collection":[{"href":"https:\/\/soymigrante.com\/revista\/wp-json\/wp\/v2\/posts"}],"about":[{"href":"https:\/\/soymigrante.com\/revista\/wp-json\/wp\/v2\/types\/post"}],"author":[{"embeddable":true,"href":"https:\/\/soymigrante.com\/revista\/wp-json\/wp\/v2\/users\/7"}],"replies":[{"embeddable":true,"href":"https:\/\/soymigrante.com\/revista\/wp-json\/wp\/v2\/comments?post=43178"}],"version-history":[{"count":10,"href":"https:\/\/soymigrante.com\/revista\/wp-json\/wp\/v2\/posts\/43178\/revisions"}],"predecessor-version":[{"id":43195,"href":"https:\/\/soymigrante.com\/revista\/wp-json\/wp\/v2\/posts\/43178\/revisions\/43195"}],"wp:featuredmedia":[{"embeddable":true,"href":"https:\/\/soymigrante.com\/revista\/wp-json\/wp\/v2\/media\/43179"}],"wp:attachment":[{"href":"https:\/\/soymigrante.com\/revista\/wp-json\/wp\/v2\/media?parent=43178"}],"wp:term":[{"taxonomy":"category","embeddable":true,"href":"https:\/\/soymigrante.com\/revista\/wp-json\/wp\/v2\/categories?post=43178"},{"taxonomy":"post_tag","embeddable":true,"href":"https:\/\/soymigrante.com\/revista\/wp-json\/wp\/v2\/tags?post=43178"}],"curies":[{"name":"wp","href":"https:\/\/api.w.org\/{rel}","templated":true}]}}