{"id":4317,"date":"2024-01-10T12:02:06","date_gmt":"2024-01-10T18:02:06","guid":{"rendered":"https:\/\/soymigrante.com\/revista\/?p=4317"},"modified":"2024-07-30T06:17:58","modified_gmt":"2024-07-30T12:17:58","slug":"maynor-migrante-guatemalteco-la-voz-de-guate-primaveral","status":"publish","type":"post","link":"https:\/\/soymigrante.com\/revista\/maynor-migrante-guatemalteco-la-voz-de-guate-primaveral\/","title":{"rendered":"Maynor Dom\u00ednguez es la din\u00e1mica voz migrante de Guate Primaveral"},"content":{"rendered":"\t\t<div data-elementor-type=\"wp-post\" data-elementor-id=\"4317\" class=\"elementor elementor-4317\" data-elementor-post-type=\"post\">\n\t\t\t\t\t\t<section data-particle_enable=\"false\" data-particle-mobile-disabled=\"false\" class=\"elementor-section elementor-top-section elementor-element elementor-element-295aad9 elementor-section-boxed elementor-section-height-default elementor-section-height-default\" data-id=\"295aad9\" data-element_type=\"section\" data-e-type=\"section\">\n\t\t\t\t\t\t<div class=\"elementor-container elementor-column-gap-default\">\n\t\t\t\t\t<div class=\"elementor-column elementor-col-100 elementor-top-column elementor-element elementor-element-059a7ea\" data-id=\"059a7ea\" data-element_type=\"column\" data-e-type=\"column\">\n\t\t\t<div class=\"elementor-widget-wrap elementor-element-populated\">\n\t\t\t\t\t\t<div class=\"elementor-element elementor-element-67854df elementor-widget elementor-widget-heading\" data-id=\"67854df\" data-element_type=\"widget\" data-e-type=\"widget\" data-widget_type=\"heading.default\">\n\t\t\t\t\t<h1 class=\"elementor-heading-title elementor-size-default\">El sonido de la marimba eriza la piel del migrante, porque le trae recuerdos entra\u00f1ables de su amada Guatemala, afirma el locutor Maynor Dom\u00ednguez,  del  programa Guate Primaveral, que se  transmite desde Maryland  desde hace 11 a\u00f1os para conectar a los guatemaltecos con sus ra\u00edces.\n<\/h1>\t\t\t\t<\/div>\n\t\t\t\t\t<\/div>\n\t\t<\/div>\n\t\t\t\t\t<\/div>\n\t\t<\/section>\n\t\t\t\t<section data-particle_enable=\"false\" data-particle-mobile-disabled=\"false\" class=\"elementor-section elementor-top-section elementor-element elementor-element-cdab5d6 elementor-section-boxed elementor-section-height-default elementor-section-height-default\" data-id=\"cdab5d6\" data-element_type=\"section\" data-e-type=\"section\">\n\t\t\t\t\t\t<div class=\"elementor-container elementor-column-gap-default\">\n\t\t\t\t\t<div class=\"elementor-column elementor-col-100 elementor-top-column elementor-element elementor-element-6fe0316\" data-id=\"6fe0316\" data-element_type=\"column\" data-e-type=\"column\">\n\t\t\t<div class=\"elementor-widget-wrap elementor-element-populated\">\n\t\t\t\t\t\t<div class=\"elementor-element elementor-element-a721bd1 elementor-widget elementor-widget-facebook-embed\" data-id=\"a721bd1\" data-element_type=\"widget\" data-e-type=\"widget\" data-widget_type=\"facebook-embed.default\">\n\t\t\t\t\t<div style=\"min-height: 1px\" class=\"elementor-facebook-widget fb-video\" data-href=\"https:\/\/www.facebook.com\/100063690215090\/videos\/370056266993623\" data-show-text=\"false\" data-allowfullscreen=\"false\" data-autoplay=\"false\" data-show-captions=\"false\"><\/div>\t\t\t\t<\/div>\n\t\t\t\t\t<\/div>\n\t\t<\/div>\n\t\t\t\t\t<\/div>\n\t\t<\/section>\n\t\t\t\t<section data-particle_enable=\"false\" data-particle-mobile-disabled=\"false\" class=\"elementor-section elementor-top-section elementor-element elementor-element-44b17b9 elementor-section-boxed elementor-section-height-default elementor-section-height-default\" data-id=\"44b17b9\" data-element_type=\"section\" data-e-type=\"section\">\n\t\t\t\t\t\t<div class=\"elementor-container elementor-column-gap-default\">\n\t\t\t\t\t<div class=\"elementor-column elementor-col-100 elementor-top-column elementor-element elementor-element-95de972\" data-id=\"95de972\" data-element_type=\"column\" data-e-type=\"column\">\n\t\t\t<div class=\"elementor-widget-wrap elementor-element-populated\">\n\t\t\t\t\t\t<div class=\"elementor-element elementor-element-babf463 elementor-widget elementor-widget-heading\" data-id=\"babf463\" data-element_type=\"widget\" data-e-type=\"widget\" data-widget_type=\"heading.default\">\n\t\t\t\t\t<h2 class=\"elementor-heading-title elementor-size-default\">Tres d\u00e9cadas y media de camino <\/h2>\t\t\t\t<\/div>\n\t\t\t\t\t<\/div>\n\t\t<\/div>\n\t\t\t\t\t<\/div>\n\t\t<\/section>\n\t\t\t\t<section data-particle_enable=\"false\" data-particle-mobile-disabled=\"false\" class=\"elementor-section elementor-top-section elementor-element elementor-element-a1b1c89 elementor-section-boxed elementor-section-height-default elementor-section-height-default\" data-id=\"a1b1c89\" data-element_type=\"section\" data-e-type=\"section\">\n\t\t\t\t\t\t<div class=\"elementor-container elementor-column-gap-default\">\n\t\t\t\t\t<div class=\"elementor-column elementor-col-100 elementor-top-column elementor-element elementor-element-d12713c\" data-id=\"d12713c\" data-element_type=\"column\" data-e-type=\"column\">\n\t\t\t<div class=\"elementor-widget-wrap elementor-element-populated\">\n\t\t\t\t\t\t<div class=\"elementor-element elementor-element-dee3775 elementor-widget elementor-widget-text-editor\" data-id=\"dee3775\" data-element_type=\"widget\" data-e-type=\"widget\" data-widget_type=\"text-editor.default\">\n\t\t\t\t\t\t\t\t\t<p><span style=\"font-weight: 400;\">Maynor Dom\u00ednguez De Le\u00f3n, originario del municipio de Salcaj\u00e1, Quetzaltenango, Guatemala, se gradu\u00f3 como perito contador pero en 1988, tom\u00f3 la decisi\u00f3n de migrar en busca de mejora econ\u00f3mica. Guatemala a\u00fan viv\u00eda el Conflicto Armado Interno y\u00a0el occidente del pa\u00eds era una de las regiones m\u00e1s golpeadas. En el camino enfrent\u00f3 hambre, fr\u00edo, sed, cansancio, pero hizo el viaje con varios amigos, que se animaron a lo largo de esa prueba.<\/span><\/p><p><span style=\"font-weight: 400;\">Maynor nunca olvida los momentos alegres de su adolesencia, pero tambi\u00e9n recuerda la extrema pobreza que le oblig\u00f3 a dejar su tierra. Lleg\u00f3 a<\/span><span style=\"font-weight: 400; color: var( --e-global-color-text );\">\u00a0Los \u00c1ngeles, California, y luego se traslad\u00f3 a New Jersey. Con la ayuda de coterr\u00e1neos salcaje\u00f1os, consigui\u00f3 su primer empleo en una f\u00e1brica de muebles. Trabaj\u00f3 en la tapicer\u00eda durante a\u00f1o y medio,\u00a0 pero la empresa quebr\u00f3.\u00a0<\/span><\/p><p><span style=\"font-weight: 400;\">Encontr\u00f3 empleo a tiempo parcial en\u00a0 limpieza de edificios y oficinas. La situaci\u00f3n laboral era inestable y hab\u00eda que agarrar lo que cayera. Un amigo lo llev\u00f3 a trabajar en un restaurante en Maryland. Decidido, empac\u00f3 su escaso equipaje y se traslad\u00f3 a dicho estado, donde reside actualmente.<\/span><\/p>\t\t\t\t\t\t\t\t<\/div>\n\t\t\t\t\t<\/div>\n\t\t<\/div>\n\t\t\t\t\t<\/div>\n\t\t<\/section>\n\t\t\t\t<section data-particle_enable=\"false\" data-particle-mobile-disabled=\"false\" class=\"elementor-section elementor-top-section elementor-element elementor-element-1246333 elementor-section-boxed elementor-section-height-default elementor-section-height-default\" data-id=\"1246333\" data-element_type=\"section\" data-e-type=\"section\">\n\t\t\t\t\t\t<div class=\"elementor-container elementor-column-gap-default\">\n\t\t\t\t\t<div class=\"elementor-column elementor-col-100 elementor-top-column elementor-element elementor-element-07521b9\" data-id=\"07521b9\" data-element_type=\"column\" data-e-type=\"column\">\n\t\t\t<div class=\"elementor-widget-wrap elementor-element-populated\">\n\t\t\t\t\t\t<div class=\"elementor-element elementor-element-046aadc elementor-widget elementor-widget-image\" data-id=\"046aadc\" data-element_type=\"widget\" data-e-type=\"widget\" data-widget_type=\"image.default\">\n\t\t\t\t\t\t\t\t\t\t\t\t<figure class=\"wp-caption\">\n\t\t\t\t\t\t\t\t\t\t<img fetchpriority=\"high\" decoding=\"async\" width=\"768\" height=\"683\" src=\"https:\/\/soymigrante.com\/revista\/wp-content\/uploads\/2024\/01\/recuerda-sus-raices-768x683.webp\" class=\"attachment-medium_large size-medium_large wp-image-4240\" alt=\"Maynor Dom\u00ednguez De Le\u00f3n, originario del municipio de Salcaj\u00e1, Quetzaltenango, Guatemala, se gradu\u00f3 como perito contador en el nivel diversificado. En 1988, tom\u00f3 la decisi\u00f3n de migrar en busca de oportunidades.\" srcset=\"https:\/\/soymigrante.com\/revista\/wp-content\/uploads\/2024\/01\/recuerda-sus-raices-768x683.webp 768w, https:\/\/soymigrante.com\/revista\/wp-content\/uploads\/2024\/01\/recuerda-sus-raices-300x267.webp 300w, https:\/\/soymigrante.com\/revista\/wp-content\/uploads\/2024\/01\/recuerda-sus-raices-750x667.webp 750w, https:\/\/soymigrante.com\/revista\/wp-content\/uploads\/2024\/01\/recuerda-sus-raices.webp 900w\" sizes=\"(max-width: 768px) 100vw, 768px\" title=\"recuerda sus raices \u2013 SoyMigrante.com REVISTA\" \/>\t\t\t\t\t\t\t\t\t\t\t<figcaption class=\"widget-image-caption wp-caption-text\">Maynor Dom\u00ednguez De Le\u00f3n, originario del municipio de Salcaj\u00e1, Quetzaltenango, Guatemala, se gradu\u00f3 como perito contador en el nivel diversificado. En 1988, tom\u00f3 la decisi\u00f3n de migrar en busca de oportunidades. <\/figcaption>\n\t\t\t\t\t\t\t\t\t\t<\/figure>\n\t\t\t\t\t\t\t\t\t<\/div>\n\t\t\t\t\t<\/div>\n\t\t<\/div>\n\t\t\t\t\t<\/div>\n\t\t<\/section>\n\t\t\t\t<section data-particle_enable=\"false\" data-particle-mobile-disabled=\"false\" class=\"elementor-section elementor-top-section elementor-element elementor-element-23873da elementor-section-boxed elementor-section-height-default elementor-section-height-default\" data-id=\"23873da\" data-element_type=\"section\" data-e-type=\"section\">\n\t\t\t\t\t\t<div class=\"elementor-container elementor-column-gap-default\">\n\t\t\t\t\t<div class=\"elementor-column elementor-col-100 elementor-top-column elementor-element elementor-element-025ae7a\" data-id=\"025ae7a\" data-element_type=\"column\" data-e-type=\"column\">\n\t\t\t<div class=\"elementor-widget-wrap elementor-element-populated\">\n\t\t\t\t\t\t<div class=\"elementor-element elementor-element-9e1a3cf elementor-widget elementor-widget-heading\" data-id=\"9e1a3cf\" data-element_type=\"widget\" data-e-type=\"widget\" data-widget_type=\"heading.default\">\n\t\t\t\t\t<h2 class=\"elementor-heading-title elementor-size-default\">De la ilusi\u00f3n a la realidad<\/h2>\t\t\t\t<\/div>\n\t\t\t\t\t<\/div>\n\t\t<\/div>\n\t\t\t\t\t<\/div>\n\t\t<\/section>\n\t\t\t\t<section data-particle_enable=\"false\" data-particle-mobile-disabled=\"false\" class=\"elementor-section elementor-top-section elementor-element elementor-element-02bdd01 elementor-section-boxed elementor-section-height-default elementor-section-height-default\" data-id=\"02bdd01\" data-element_type=\"section\" data-e-type=\"section\">\n\t\t\t\t\t\t<div class=\"elementor-container elementor-column-gap-default\">\n\t\t\t\t\t<div class=\"elementor-column elementor-col-100 elementor-top-column elementor-element elementor-element-f6a0396\" data-id=\"f6a0396\" data-element_type=\"column\" data-e-type=\"column\">\n\t\t\t<div class=\"elementor-widget-wrap elementor-element-populated\">\n\t\t\t\t\t\t<div class=\"elementor-element elementor-element-e924838 elementor-widget__width-initial elementor-widget elementor-widget-text-editor\" data-id=\"e924838\" data-element_type=\"widget\" data-e-type=\"widget\" data-widget_type=\"text-editor.default\">\n\t\t\t\t\t\t\t\t\t<p><span style=\"font-weight: 400;\">Maynor es residente legal, pero sabe la angustia del migrante indocumentado. Ello lo ha motivado a ser voluntario en varias organizaciones. Desde este espacio, aborda temas migratorios y aboga por las oportunidades laborales temporales y legales para guatemaltecos con el objetivo de evitar la migraci\u00f3n irregular pero abriendo oportunidades.\u00a0 A\u00fan no se concretan, pero tiene esperanza.<\/span><\/p><p><span style=\"font-weight: 400;\">En el a\u00f1o 2012, hubo una reuni\u00f3n de migrantes en el Consulado de Guatemala para solicitar patrocinios y organizar seminarios o talleres informativos sobre reformas migratorias. Ello dio origen a un programa de radio dirigido a informar a los\u00a0 guatemaltecos en Estados Unidos.\u00a0\u00a0<\/span><\/p><p><span style=\"font-weight: 400;\">Maynor record\u00f3 sus d\u00edas en Salcaj\u00e1, cuando junto a un primo ten\u00edan un programa musical en la radio &#8220;La Voz de los Altos&#8221;,\u00a0 que transmit\u00edan\u00a0 de 10:00 a 10:30 de la noche. Fue la puerta a un gran anhelo que tra\u00eda en el coraz\u00f3n.\u00a0 As\u00ed naci\u00f3\u00a0<\/span><span style=\"font-weight: 400; color: var( --e-global-color-text );\">Guate Primaveral, conducido por Maynor y otros compatriotas. Al inicio les dieron el espacio solo por seis meses.<\/span><\/p>\t\t\t\t\t\t\t\t<\/div>\n\t\t\t\t\t<\/div>\n\t\t<\/div>\n\t\t\t\t\t<\/div>\n\t\t<\/section>\n\t\t\t\t<section data-particle_enable=\"false\" data-particle-mobile-disabled=\"false\" class=\"elementor-section elementor-top-section elementor-element elementor-element-6856edf elementor-section-boxed elementor-section-height-default elementor-section-height-default\" data-id=\"6856edf\" data-element_type=\"section\" data-e-type=\"section\">\n\t\t\t\t\t\t<div class=\"elementor-container elementor-column-gap-default\">\n\t\t\t\t\t<div class=\"elementor-column elementor-col-100 elementor-top-column elementor-element elementor-element-1898c17\" data-id=\"1898c17\" data-element_type=\"column\" data-e-type=\"column\">\n\t\t\t<div class=\"elementor-widget-wrap elementor-element-populated\">\n\t\t\t\t\t\t<div class=\"elementor-element elementor-element-dac9f0c elementor-arrows-position-inside elementor-pagination-position-outside elementor-widget elementor-widget-image-carousel\" data-id=\"dac9f0c\" data-element_type=\"widget\" data-e-type=\"widget\" data-settings=\"{&quot;slides_to_show&quot;:&quot;1&quot;,&quot;navigation&quot;:&quot;both&quot;,&quot;autoplay&quot;:&quot;yes&quot;,&quot;pause_on_hover&quot;:&quot;yes&quot;,&quot;pause_on_interaction&quot;:&quot;yes&quot;,&quot;autoplay_speed&quot;:5000,&quot;infinite&quot;:&quot;yes&quot;,&quot;effect&quot;:&quot;slide&quot;,&quot;speed&quot;:500}\" data-widget_type=\"image-carousel.default\">\n\t\t\t\t\t\t\t<div class=\"elementor-image-carousel-wrapper swiper\" role=\"region\" aria-roledescription=\"carousel\" aria-label=\"Carrusel de im\u00e1genes\" dir=\"ltr\">\n\t\t\t<div class=\"elementor-image-carousel swiper-wrapper\" aria-live=\"off\">\n\t\t\t\t\t\t\t\t<div class=\"swiper-slide\" role=\"group\" aria-roledescription=\"slide\" aria-label=\"1 de 2\"><figure class=\"swiper-slide-inner\"><img decoding=\"async\" class=\"swiper-slide-image\" src=\"https:\/\/soymigrante.com\/revista\/wp-content\/uploads\/2024\/01\/el-locutor-768x683.webp\" alt=\"Maynor conduce un programa de radio llamado Guate primaveral se transmite todos los s\u00e1bados de 2 a 3 de la tarde\" \/><figcaption class=\"elementor-image-carousel-caption\">Maynor conduce un programa de radio llamado Guate Primaveral se transmite todos los s\u00e1bados de dos a tres de la tarde <\/figcaption><\/figure><\/div><div class=\"swiper-slide\" role=\"group\" aria-roledescription=\"slide\" aria-label=\"2 de 2\"><figure class=\"swiper-slide-inner\"><img decoding=\"async\" class=\"swiper-slide-image\" src=\"https:\/\/soymigrante.com\/revista\/wp-content\/uploads\/2024\/01\/visita-en-guatemala-768x683.webp\" alt=\"Maynor es orgullo de su tierra natal y lo transmite gracias a su programa de Radio Guate Primaveral\" \/><figcaption class=\"elementor-image-carousel-caption\">Maynor es orgullo de su tierra natal y lo transmite gracias a su programa de Radio Guate Primaveral. De visita en Guatemala en el departamento del Pet\u00e9n <\/figcaption><\/figure><\/div>\t\t\t<\/div>\n\t\t\t\t\t\t\t\t\t\t\t\t<div class=\"elementor-swiper-button elementor-swiper-button-prev\" role=\"button\" tabindex=\"0\">\n\t\t\t\t\t\t<i aria-hidden=\"true\" class=\"eicon-chevron-left\"><\/i>\t\t\t\t\t<\/div>\n\t\t\t\t\t<div class=\"elementor-swiper-button elementor-swiper-button-next\" role=\"button\" tabindex=\"0\">\n\t\t\t\t\t\t<i aria-hidden=\"true\" class=\"eicon-chevron-right\"><\/i>\t\t\t\t\t<\/div>\n\t\t\t\t\n\t\t\t\t\t\t\t\t\t<div class=\"swiper-pagination\"><\/div>\n\t\t\t\t\t\t\t\t\t<\/div>\n\t\t\t\t\t\t<\/div>\n\t\t\t\t\t<\/div>\n\t\t<\/div>\n\t\t\t\t\t<\/div>\n\t\t<\/section>\n\t\t\t\t<section data-particle_enable=\"false\" data-particle-mobile-disabled=\"false\" class=\"elementor-section elementor-top-section elementor-element elementor-element-e1b6a63 elementor-section-boxed elementor-section-height-default elementor-section-height-default\" data-id=\"e1b6a63\" data-element_type=\"section\" data-e-type=\"section\">\n\t\t\t\t\t\t<div class=\"elementor-container elementor-column-gap-default\">\n\t\t\t\t\t<div class=\"elementor-column elementor-col-100 elementor-top-column elementor-element elementor-element-d77f30f\" data-id=\"d77f30f\" data-element_type=\"column\" data-e-type=\"column\">\n\t\t\t<div class=\"elementor-widget-wrap elementor-element-populated\">\n\t\t\t\t\t\t<div class=\"elementor-element elementor-element-4962cf7 elementor-widget elementor-widget-heading\" data-id=\"4962cf7\" data-element_type=\"widget\" data-e-type=\"widget\" data-widget_type=\"heading.default\">\n\t\t\t\t\t<h2 class=\"elementor-heading-title elementor-size-default\">Radio Am\u00e9rica 900 AM digital<\/h2>\t\t\t\t<\/div>\n\t\t\t\t\t<\/div>\n\t\t<\/div>\n\t\t\t\t\t<\/div>\n\t\t<\/section>\n\t\t\t\t<section data-particle_enable=\"false\" data-particle-mobile-disabled=\"false\" class=\"elementor-section elementor-top-section elementor-element elementor-element-86d9c15 elementor-section-boxed elementor-section-height-default elementor-section-height-default\" data-id=\"86d9c15\" data-element_type=\"section\" data-e-type=\"section\">\n\t\t\t\t\t\t<div class=\"elementor-container elementor-column-gap-default\">\n\t\t\t\t\t<div class=\"elementor-column elementor-col-100 elementor-top-column elementor-element elementor-element-329eee0\" data-id=\"329eee0\" data-element_type=\"column\" data-e-type=\"column\">\n\t\t\t<div class=\"elementor-widget-wrap elementor-element-populated\">\n\t\t\t\t\t\t<div class=\"elementor-element elementor-element-d6fb3de elementor-widget elementor-widget-text-editor\" data-id=\"d6fb3de\" data-element_type=\"widget\" data-e-type=\"widget\" data-widget_type=\"text-editor.default\">\n\t\t\t\t\t\t\t\t\t<p><span style=\"font-weight: 400; color: var( --e-global-color-text );\">A medida que se acercaba la fecha de finalizaci\u00f3n, durante el tiempo de convivencia con el due\u00f1o de la radio, Maynor construy\u00f3 una amistad y recibi\u00f3 el est\u00edmulo para continuar el programa, con la sugerencia de buscar apoyo para ampliar su duraci\u00f3n.<\/span><\/p><p><span style=\"font-weight: 400;\">Maynor relat\u00f3: &#8220;Le dije que podr\u00eda empezar con media hora, y \u00e9l me dijo: &#8216;No te preocupes, comienza con media hora y quiz\u00e1s m\u00e1s adelante contin\u00faes con m\u00e1s tiempo&#8217;. Y as\u00ed fue. Actualmente, el programa ha estado al aire ininterrumpidamente durante once a\u00f1os, todos los s\u00e1bados de dos a tres de la tarde&#8221;. Pas\u00f3 de ser un peque\u00f1o espacio informativo a un referente de marimba pura, contenidos de cultura, m\u00fasica, gastronom\u00eda, tradiciones y costumbres guatemaltecas.\u00a0<\/span><\/p><p>Con frecuencia invita a especialistas en temas pol\u00edticos, deportivos y tambi\u00e9n migratorios. De hecho, la c\u00f3nsul de Guatemala acude al menos una vez al mes para detallar el trabajo que efect\u00faa.<\/p><p>Tambi\u00e9n se ha ampliado la programaci\u00f3n a espacios de m\u00fasica tradicional de otros pa\u00edses hispanos, para fomentar la integraci\u00f3n entre los migrantes de habla hispana.<\/p>\t\t\t\t\t\t\t\t<\/div>\n\t\t\t\t\t<\/div>\n\t\t<\/div>\n\t\t\t\t\t<\/div>\n\t\t<\/section>\n\t\t\t\t<section data-particle_enable=\"false\" data-particle-mobile-disabled=\"false\" class=\"elementor-section elementor-top-section elementor-element elementor-element-2cd6508 elementor-section-boxed elementor-section-height-default elementor-section-height-default\" data-id=\"2cd6508\" data-element_type=\"section\" data-e-type=\"section\">\n\t\t\t\t\t\t<div class=\"elementor-container elementor-column-gap-default\">\n\t\t\t\t\t<div class=\"elementor-column elementor-col-100 elementor-top-column elementor-element elementor-element-7be309c\" data-id=\"7be309c\" data-element_type=\"column\" data-e-type=\"column\">\n\t\t\t<div class=\"elementor-widget-wrap elementor-element-populated\">\n\t\t\t\t\t\t<div class=\"elementor-element elementor-element-01f28d1 elementor-widget elementor-widget-facebook-page\" data-id=\"01f28d1\" data-element_type=\"widget\" data-e-type=\"widget\" data-widget_type=\"facebook-page.default\">\n\t\t\t\t\t<div class=\"elementor-facebook-widget fb-page\" data-href=\"https:\/\/www.facebook.com\/profile.php?id=100070188405738\" data-tabs=\"timeline\" data-height=\"500px\" data-width=\"500px\" data-small-header=\"false\" data-hide-cover=\"false\" data-show-facepile=\"true\" data-hide-cta=\"false\" style=\"min-height: 1px;height:500px\"><\/div>\t\t\t\t<\/div>\n\t\t\t\t\t<\/div>\n\t\t<\/div>\n\t\t\t\t\t<\/div>\n\t\t<\/section>\n\t\t\t\t<section data-particle_enable=\"false\" data-particle-mobile-disabled=\"false\" class=\"elementor-section elementor-top-section elementor-element elementor-element-1521d5a elementor-section-boxed elementor-section-height-default elementor-section-height-default\" data-id=\"1521d5a\" data-element_type=\"section\" data-e-type=\"section\">\n\t\t\t\t\t\t<div class=\"elementor-container elementor-column-gap-default\">\n\t\t\t\t\t<div class=\"elementor-column elementor-col-100 elementor-top-column elementor-element elementor-element-75186c0\" data-id=\"75186c0\" data-element_type=\"column\" data-e-type=\"column\">\n\t\t\t<div class=\"elementor-widget-wrap elementor-element-populated\">\n\t\t\t\t\t\t<div class=\"elementor-element elementor-element-a32bc4b elementor-widget elementor-widget-heading\" data-id=\"a32bc4b\" data-element_type=\"widget\" data-e-type=\"widget\" data-widget_type=\"heading.default\">\n\t\t\t\t\t<h2 class=\"elementor-heading-title elementor-size-default\">Maynor genera empleos<\/h2>\t\t\t\t<\/div>\n\t\t\t\t\t<\/div>\n\t\t<\/div>\n\t\t\t\t\t<\/div>\n\t\t<\/section>\n\t\t\t\t<section data-particle_enable=\"false\" data-particle-mobile-disabled=\"false\" class=\"elementor-section elementor-top-section elementor-element elementor-element-43a3f4c elementor-section-boxed elementor-section-height-default elementor-section-height-default\" data-id=\"43a3f4c\" data-element_type=\"section\" data-e-type=\"section\">\n\t\t\t\t\t\t<div class=\"elementor-container elementor-column-gap-default\">\n\t\t\t\t\t<div class=\"elementor-column elementor-col-100 elementor-top-column elementor-element elementor-element-2e76229\" data-id=\"2e76229\" data-element_type=\"column\" data-e-type=\"column\">\n\t\t\t<div class=\"elementor-widget-wrap elementor-element-populated\">\n\t\t\t\t\t\t<div class=\"elementor-element elementor-element-36bca7e elementor-widget elementor-widget-text-editor\" data-id=\"36bca7e\" data-element_type=\"widget\" data-e-type=\"widget\" data-widget_type=\"text-editor.default\">\n\t\t\t\t\t\t\t\t\t<p><span style=\"font-weight: 400;\">&nbsp; La radio ocupa los fines de semana, y \u00e9l lo expresa as\u00ed: &#8220;Se me dio la oportunidad; siempre hab\u00eda deseado seguir mi pasi\u00f3n por las comunicaciones. Al principio, no sab\u00eda c\u00f3mo manejar los controles de una emisora, pero aprend\u00ed&#8221;.<\/span><\/p><p>Desde 2006<span style=\"font-weight: 400; color: var( --e-global-color-text );\">&nbsp;Maynor emprendi\u00f3 su propia empresa de limpieza comercial, bautizada como &#8220;The Word of Cleaning Corporation&#8221;. A trav\u00e9s de la misma genera oportunidades laborales. Tiene unos 15 empleados migrantes guatemaltecos y centroamericanos, a quienes siempre invita a aprender ingl\u00e9s y superarse.<\/span><\/p>\n<p><span style=\"font-weight: 400;\">&#8220;Estoy agradecido con las personas que encontr\u00e9 en el camino y que me brindaron ayuda. La mayor satisfacci\u00f3n es cuando llego al programa y hablo de mi pa\u00eds con muchos hermanos, no solo guatemaltecos, sino tambi\u00e9n latinoamericanos&#8221;.<\/span><\/p>\n<p><span style=\"font-weight: 400;\">&#8220;Muchos j\u00f3venes albergan la misma ilusi\u00f3n que yo ten\u00eda, y por eso es crucial que se preparen profesionalmente para tener mejores oportunidades. El estudio siempre ser\u00e1 beneficioso en cualquier aspecto, tanto para mujeres como para hombres, ya que ambos tienen las mismas oportunidades&#8221;.<\/span><\/p>\t\t\t\t\t\t\t\t<\/div>\n\t\t\t\t\t<\/div>\n\t\t<\/div>\n\t\t\t\t\t<\/div>\n\t\t<\/section>\n\t\t\t\t<section data-particle_enable=\"false\" data-particle-mobile-disabled=\"false\" class=\"elementor-section elementor-top-section elementor-element elementor-element-0f68184 elementor-section-boxed elementor-section-height-default elementor-section-height-default\" data-id=\"0f68184\" data-element_type=\"section\" data-e-type=\"section\">\n\t\t\t\t\t\t<div class=\"elementor-container elementor-column-gap-default\">\n\t\t\t\t\t<div class=\"elementor-column elementor-col-100 elementor-top-column elementor-element elementor-element-4b49ed8\" data-id=\"4b49ed8\" data-element_type=\"column\" data-e-type=\"column\">\n\t\t\t<div class=\"elementor-widget-wrap elementor-element-populated\">\n\t\t\t\t\t\t<div class=\"elementor-element elementor-element-3dd9686 elementor-arrows-position-inside elementor-pagination-position-outside elementor-widget elementor-widget-image-carousel\" data-id=\"3dd9686\" data-element_type=\"widget\" data-e-type=\"widget\" data-settings=\"{&quot;slides_to_show&quot;:&quot;1&quot;,&quot;navigation&quot;:&quot;both&quot;,&quot;autoplay&quot;:&quot;yes&quot;,&quot;pause_on_hover&quot;:&quot;yes&quot;,&quot;pause_on_interaction&quot;:&quot;yes&quot;,&quot;autoplay_speed&quot;:5000,&quot;infinite&quot;:&quot;yes&quot;,&quot;effect&quot;:&quot;slide&quot;,&quot;speed&quot;:500}\" data-widget_type=\"image-carousel.default\">\n\t\t\t\t\t\t\t<div class=\"elementor-image-carousel-wrapper swiper\" role=\"region\" aria-roledescription=\"carousel\" aria-label=\"Carrusel de im\u00e1genes\" dir=\"ltr\">\n\t\t\t<div class=\"elementor-image-carousel swiper-wrapper\" aria-live=\"off\">\n\t\t\t\t\t\t\t\t<div class=\"swiper-slide\" role=\"group\" aria-roledescription=\"slide\" aria-label=\"1 de 7\"><figure class=\"swiper-slide-inner\"><img decoding=\"async\" class=\"swiper-slide-image\" src=\"https:\/\/soymigrante.com\/revista\/wp-content\/uploads\/2024\/01\/Maynor-es-originario-de-Salcaja-768x683.webp\" alt=\"Maynor Dom\u00ednguez De Le\u00f3n, originario del municipio de Salcaj\u00e1, Quetzaltenango, Guatemala, se gradu\u00f3 como perito contador en el nivel diversificado. En 1988, tom\u00f3 la decisi\u00f3n de migrar en busca de oportunidades\" \/><figcaption class=\"elementor-image-carousel-caption\">Maynor Dom\u00ednguez De Le\u00f3n, originario del municipio de Salcaj\u00e1, Quetzaltenango, Guatemala, se gradu\u00f3 como perito contador en el nivel diversificado. En 1988, tom\u00f3 la decisi\u00f3n de migrar en busca de oportunidades <\/figcaption><\/figure><\/div><div class=\"swiper-slide\" role=\"group\" aria-roledescription=\"slide\" aria-label=\"2 de 7\"><figure class=\"swiper-slide-inner\"><img decoding=\"async\" class=\"swiper-slide-image\" src=\"https:\/\/soymigrante.com\/revista\/wp-content\/uploads\/2024\/01\/identidad-cultural-768x683.webp\" alt=\"Maynor Dom\u00ednguez cumpli\u00f3 el sue\u00f1o de volver a la radio despu\u00e9s de dejar su pa\u00eds. Todo comenz\u00f3 para informar a la poblaci\u00f3n migrante, ahora es un programa querido y reconocido en Estados Unidos.\" \/><figcaption class=\"elementor-image-carousel-caption\">Maynor Dom\u00ednguez cumpli\u00f3 el sue\u00f1o de volver a la radio despu\u00e9s de dejar su pa\u00eds. Todo comenz\u00f3 para informar a la poblaci\u00f3n migrante, ahora es un programa querido y reconocido en Estados Unidos. <\/figcaption><\/figure><\/div><div class=\"swiper-slide\" role=\"group\" aria-roledescription=\"slide\" aria-label=\"3 de 7\"><figure class=\"swiper-slide-inner\"><img decoding=\"async\" class=\"swiper-slide-image\" src=\"https:\/\/soymigrante.com\/revista\/wp-content\/uploads\/2024\/01\/Comunicador-768x683.webp\" alt=\"Maynor Dom\u00ednguez tiene dos hijos, quienes se han graduado de la universidad en Estados Unidos\" \/><figcaption class=\"elementor-image-carousel-caption\">Maynor Dom\u00ednguez  tiene dos hijos, quienes se han graduado de la universidad en Estados Unidos<\/figcaption><\/figure><\/div><div class=\"swiper-slide\" role=\"group\" aria-roledescription=\"slide\" aria-label=\"4 de 7\"><figure class=\"swiper-slide-inner\"><img decoding=\"async\" class=\"swiper-slide-image\" src=\"https:\/\/soymigrante.com\/revista\/wp-content\/uploads\/2024\/01\/admirable-de-la-comida-guatemalteca-768x683.webp\" alt=\"Maynor disfruta de la comida guatemalteca, siempre recuerda su ra\u00edz.\" \/><figcaption class=\"elementor-image-carousel-caption\">Maynor disfruta de la comida guatemalteca, siempre recuerda su ra\u00edz.<\/figcaption><\/figure><\/div><div class=\"swiper-slide\" role=\"group\" aria-roledescription=\"slide\" aria-label=\"5 de 7\"><figure class=\"swiper-slide-inner\"><img decoding=\"async\" class=\"swiper-slide-image\" src=\"https:\/\/soymigrante.com\/revista\/wp-content\/uploads\/2024\/01\/visita-768x683.webp\" alt=\"Gracias a este oportunidad logro dirigir sus sue\u00f1os en realidad, es propietario de su compa\u00f1\u00eda de limpieza comercial en Maryland\" \/><figcaption class=\"elementor-image-carousel-caption\">Gracias a este oportunidad logro dirigir sus sue\u00f1os en realidad, es propietario de su compa\u00f1\u00eda de limpieza comercial en Maryland <\/figcaption><\/figure><\/div><div class=\"swiper-slide\" role=\"group\" aria-roledescription=\"slide\" aria-label=\"6 de 7\"><figure class=\"swiper-slide-inner\"><img decoding=\"async\" class=\"swiper-slide-image\" src=\"https:\/\/soymigrante.com\/revista\/wp-content\/uploads\/2024\/01\/visita-en-otras-partes-768x683.jpg\" alt=\"Su trabajo y esfuerzo le ha permitido viajar a otros pa\u00edses, Aprovecha para aprender y disfrutar de otras culturas\" \/><figcaption class=\"elementor-image-carousel-caption\">Su trabajo y esfuerzo le ha permitido viajar a otros pa\u00edses, Aprovecha para aprender y disfrutar de otras culturas <\/figcaption><\/figure><\/div><div class=\"swiper-slide\" role=\"group\" aria-roledescription=\"slide\" aria-label=\"7 de 7\"><figure class=\"swiper-slide-inner\"><img decoding=\"async\" class=\"swiper-slide-image\" src=\"https:\/\/soymigrante.com\/revista\/wp-content\/uploads\/2024\/01\/Maynor-768x683.webp\" alt=\"Su meta es ayudar a mas connacionales a trav\u00e9s del voluntariado e informar a la comunidad migrante a trav\u00e9s de su programa de radio\" \/><figcaption class=\"elementor-image-carousel-caption\">Su meta es ayudar a mas connacionales a trav\u00e9s del voluntariado e informar a la comunidad migrante a trav\u00e9s de su programa de radio<\/figcaption><\/figure><\/div>\t\t\t<\/div>\n\t\t\t\t\t\t\t\t\t\t\t\t<div class=\"elementor-swiper-button elementor-swiper-button-prev\" role=\"button\" tabindex=\"0\">\n\t\t\t\t\t\t<i aria-hidden=\"true\" class=\"eicon-chevron-left\"><\/i>\t\t\t\t\t<\/div>\n\t\t\t\t\t<div class=\"elementor-swiper-button elementor-swiper-button-next\" role=\"button\" tabindex=\"0\">\n\t\t\t\t\t\t<i aria-hidden=\"true\" class=\"eicon-chevron-right\"><\/i>\t\t\t\t\t<\/div>\n\t\t\t\t\n\t\t\t\t\t\t\t\t\t<div class=\"swiper-pagination\"><\/div>\n\t\t\t\t\t\t\t\t\t<\/div>\n\t\t\t\t\t\t<\/div>\n\t\t\t\t\t<\/div>\n\t\t<\/div>\n\t\t\t\t\t<\/div>\n\t\t<\/section>\n\t\t\t\t<section data-particle_enable=\"false\" data-particle-mobile-disabled=\"false\" class=\"elementor-section elementor-top-section elementor-element elementor-element-18e7c94 elementor-section-boxed elementor-section-height-default elementor-section-height-default\" data-id=\"18e7c94\" data-element_type=\"section\" data-e-type=\"section\">\n\t\t\t\t\t\t<div class=\"elementor-container elementor-column-gap-default\">\n\t\t\t\t\t<div class=\"elementor-column elementor-col-100 elementor-top-column elementor-element elementor-element-bbe0da8\" data-id=\"bbe0da8\" data-element_type=\"column\" data-e-type=\"column\">\n\t\t\t<div class=\"elementor-widget-wrap elementor-element-populated\">\n\t\t\t\t\t\t<div class=\"elementor-element elementor-element-00d3c0b elementor-testimonial--skin-default elementor-testimonial--layout-image_inline elementor-testimonial--align-center elementor-arrows-yes elementor-pagination-type-bullets elementor-widget elementor-widget-testimonial-carousel\" data-id=\"00d3c0b\" data-element_type=\"widget\" data-e-type=\"widget\" data-settings=\"{&quot;show_arrows&quot;:&quot;yes&quot;,&quot;pagination&quot;:&quot;bullets&quot;,&quot;speed&quot;:500,&quot;autoplay&quot;:&quot;yes&quot;,&quot;autoplay_speed&quot;:5000,&quot;loop&quot;:&quot;yes&quot;,&quot;pause_on_hover&quot;:&quot;yes&quot;,&quot;pause_on_interaction&quot;:&quot;yes&quot;,&quot;space_between&quot;:{&quot;unit&quot;:&quot;px&quot;,&quot;size&quot;:10,&quot;sizes&quot;:[]},&quot;space_between_tablet&quot;:{&quot;unit&quot;:&quot;px&quot;,&quot;size&quot;:10,&quot;sizes&quot;:[]},&quot;space_between_mobile&quot;:{&quot;unit&quot;:&quot;px&quot;,&quot;size&quot;:10,&quot;sizes&quot;:[]}}\" data-widget_type=\"testimonial-carousel.default\">\n\t\t\t\t\t\t\t\t\t\t<div class=\"elementor-main-swiper swiper\" role=\"region\" aria-roledescription=\"carousel\" aria-label=\"Diapositivas\">\n\t\t\t\t<div class=\"swiper-wrapper\">\n\t\t\t\t\t\t\t\t\t\t\t<div class=\"swiper-slide\" role=\"group\" aria-roledescription=\"slide\">\n\t\t\t\t\t\t\t\t\t<div class=\"elementor-testimonial\">\n\t\t\t\t\t\t\t<div class=\"elementor-testimonial__content\">\n\t\t\t\t\t<div class=\"elementor-testimonial__text\">\n\t\t\t\t\t\t\"Es una satisfacci\u00f3n personal. Todos venimos con la ilusi\u00f3n de hacer algo diferente, de ayudar a nuestra familia, a nuestros amigos, y atender las necesidades. Y si tenemos la oportunidad de ayudar, \u00bfqu\u00e9 mejor que hacerlo?\"\n\n\t\t\t\t\t<\/div>\n\t\t\t\t\t\t\t\t\t<\/div>\n\t\t\t\t\t\t<div class=\"elementor-testimonial__footer\">\n\t\t\t\t\t\t\t\t\t<div class=\"elementor-testimonial__image\">\n\t\t\t\t\t\t<img decoding=\"async\" src=\"https:\/\/soymigrante.com\/revista\/wp-content\/uploads\/2024\/01\/el-locutor.webp\" alt=\"Maynor conduce un programa de radio llamado Guate primaveral se transmite todos los s\u00e1bados de 2 a 3 de la tarde\">\n\t\t\t\t\t\t\t\t\t\t\t<\/div>\n\t\t\t\t\t\t\t\t<cite class=\"elementor-testimonial__cite\"><span class=\"elementor-testimonial__name\">Maynor Dom\u00ednguez <\/span><span class=\"elementor-testimonial__title\">Locutor, empresario y migrante guatemalteco<\/span><\/cite>\t\t\t<\/div>\n\t\t<\/div>\n\t\t\t\t\t\t\t\t<\/div>\n\t\t\t\t\t\t\t\t\t<\/div>\n\t\t\t\t\t\t\t<\/div>\n\t\t\t\t\t\t\t\t<\/div>\n\t\t\t\t\t<\/div>\n\t\t<\/div>\n\t\t\t\t\t<\/div>\n\t\t<\/section>\n\t\t\t\t<section data-particle_enable=\"false\" data-particle-mobile-disabled=\"false\" class=\"elementor-section elementor-top-section elementor-element elementor-element-a94bd33 elementor-section-boxed elementor-section-height-default elementor-section-height-default\" data-id=\"a94bd33\" data-element_type=\"section\" data-e-type=\"section\">\n\t\t\t\t\t\t<div class=\"elementor-container elementor-column-gap-default\">\n\t\t\t\t\t<div class=\"elementor-column elementor-col-100 elementor-top-column elementor-element elementor-element-d377d0c\" data-id=\"d377d0c\" data-element_type=\"column\" data-e-type=\"column\">\n\t\t\t<div class=\"elementor-widget-wrap elementor-element-populated\">\n\t\t\t\t\t\t<div class=\"elementor-element elementor-element-ece1b39 elementor-widget elementor-widget-heading\" data-id=\"ece1b39\" data-element_type=\"widget\" data-e-type=\"widget\" data-widget_type=\"heading.default\">\n\t\t\t\t\t<h2 class=\"elementor-heading-title elementor-size-default\">Lee m\u00e1s historias inspiradoras...<\/h2>\t\t\t\t<\/div>\n\t\t\t\t\t<\/div>\n\t\t<\/div>\n\t\t\t\t\t<\/div>\n\t\t<\/section>\n\t\t\t\t<section data-particle_enable=\"false\" data-particle-mobile-disabled=\"false\" class=\"elementor-section elementor-top-section elementor-element elementor-element-fe7af4e elementor-section-boxed elementor-section-height-default elementor-section-height-default\" data-id=\"fe7af4e\" data-element_type=\"section\" data-e-type=\"section\">\n\t\t\t\t\t\t<div class=\"elementor-container elementor-column-gap-default\">\n\t\t\t\t\t<div class=\"elementor-column elementor-col-100 elementor-top-column elementor-element elementor-element-43daa7e\" data-id=\"43daa7e\" data-element_type=\"column\" data-e-type=\"column\">\n\t\t\t<div class=\"elementor-widget-wrap elementor-element-populated\">\n\t\t\t\t\t\t<div class=\"elementor-element elementor-element-268e8b9 elementor-grid-eael-col-2 elementor-grid-tablet-eael-col-2 elementor-grid-mobile-eael-col-1 elementor-widget elementor-widget-eael-post-grid\" data-id=\"268e8b9\" data-element_type=\"widget\" data-e-type=\"widget\" data-settings=\"{&quot;eael_post_grid_columns&quot;:&quot;eael-col-2&quot;,&quot;eael_post_grid_columns_tablet&quot;:&quot;eael-col-2&quot;,&quot;eael_post_grid_columns_mobile&quot;:&quot;eael-col-1&quot;}\" data-widget_type=\"eael-post-grid.default\">\n\t\t\t\t\t<div id=\"eael-post-grid-268e8b9\" class=\"eael-post-grid-container\">\n            <div class=\"eael-post-grid eael-post-appender eael-post-appender-268e8b9 eael-post-grid-style-one\" data-layout-mode=\"masonry\"><article class=\"eael-grid-post  eael-post-grid-column eael-pg-post-4221 category-exitos\" data-id=\"4221\">\n        <div class=\"eael-grid-post-holder\">\n            <div class=\"eael-grid-post-holder-inner\"><div class=\"eael-entry-media\"><div class=\"eael-entry-overlay fade-in\"><i class=\"fas fa-long-arrow-alt-right\" aria-hidden=\"true\"><\/i><a href=\"https:\/\/soymigrante.com\/revista\/walter-batres-presidente-red-migrante-guatemalteca-experiencia-los-angeles\/\"><\/a><\/div><div class=\"eael-entry-thumbnail \">\n                <img decoding=\"async\" width=\"300\" height=\"237\" src=\"https:\/\/soymigrante.com\/revista\/wp-content\/uploads\/2024\/01\/Captura-de-pantalla-2024-01-06-122654-e1704565722939-300x237.webp\" class=\"attachment-medium size-medium wp-image-4257\" alt=\"\" srcset=\"https:\/\/soymigrante.com\/revista\/wp-content\/uploads\/2024\/01\/Captura-de-pantalla-2024-01-06-122654-e1704565722939-300x237.webp 300w, https:\/\/soymigrante.com\/revista\/wp-content\/uploads\/2024\/01\/Captura-de-pantalla-2024-01-06-122654-e1704565722939.webp 661w\" sizes=\"(max-width: 300px) 100vw, 300px\" \/>\n            <\/div>\n        <\/div><div class=\"eael-entry-wrapper\"><header class=\"eael-entry-header\"><h2 class=\"eael-entry-title\"><a class=\"eael-grid-post-link\" href=\"https:\/\/soymigrante.com\/revista\/walter-batres-presidente-red-migrante-guatemalteca-experiencia-los-angeles\/\" title=\"Una red de hermandad y servicio preside el migrante Walter Batres\">Una red de hermandad y servicio preside el migrante Walter Batres<\/a><\/h2><\/header><\/div><\/div>\n        <\/div>\n    <\/article><article class=\"eael-grid-post  eael-post-grid-column eael-pg-post-4215 category-exitos\" data-id=\"4215\">\n        <div class=\"eael-grid-post-holder\">\n            <div class=\"eael-grid-post-holder-inner\"><div class=\"eael-entry-media\"><div class=\"eael-entry-overlay fade-in\"><i class=\"fas fa-long-arrow-alt-right\" aria-hidden=\"true\"><\/i><a href=\"https:\/\/soymigrante.com\/revista\/karina-onofre-migrante-emprendedora-guatemalteca-nueva-york\/\"><\/a><\/div><div class=\"eael-entry-thumbnail \">\n                <img decoding=\"async\" width=\"300\" height=\"294\" src=\"https:\/\/soymigrante.com\/revista\/wp-content\/uploads\/2024\/01\/karina-bandera-300x294.jpg\" class=\"attachment-medium size-medium wp-image-4219\" alt=\"\" srcset=\"https:\/\/soymigrante.com\/revista\/wp-content\/uploads\/2024\/01\/karina-bandera-300x294.jpg 300w, https:\/\/soymigrante.com\/revista\/wp-content\/uploads\/2024\/01\/karina-bandera-1024x1003.jpg 1024w, https:\/\/soymigrante.com\/revista\/wp-content\/uploads\/2024\/01\/karina-bandera-768x752.jpg 768w, https:\/\/soymigrante.com\/revista\/wp-content\/uploads\/2024\/01\/karina-bandera-75x75.jpg 75w, https:\/\/soymigrante.com\/revista\/wp-content\/uploads\/2024\/01\/karina-bandera-750x734.jpg 750w, https:\/\/soymigrante.com\/revista\/wp-content\/uploads\/2024\/01\/karina-bandera-1140x1116.jpg 1140w, https:\/\/soymigrante.com\/revista\/wp-content\/uploads\/2024\/01\/karina-bandera.jpg 1336w\" sizes=\"(max-width: 300px) 100vw, 300px\" \/>\n            <\/div>\n        <\/div><div class=\"eael-entry-wrapper\"><header class=\"eael-entry-header\"><h2 class=\"eael-entry-title\"><a class=\"eael-grid-post-link\" href=\"https:\/\/soymigrante.com\/revista\/karina-onofre-migrante-emprendedora-guatemalteca-nueva-york\/\" title=\"Brilla en NY la energ\u00eda festiva y laboriosa de la migrante Karina Onofre\">Brilla en NY la energ\u00eda festiva y laboriosa de la migrante Karina Onofre<\/a><\/h2><\/header><\/div><\/div>\n        <\/div>\n    <\/article><article class=\"eael-grid-post  eael-post-grid-column eael-pg-post-4149 category-exitos\" data-id=\"4149\">\n        <div class=\"eael-grid-post-holder\">\n            <div class=\"eael-grid-post-holder-inner\"><div class=\"eael-entry-media\"><div class=\"eael-entry-overlay fade-in\"><i class=\"fas fa-long-arrow-alt-right\" aria-hidden=\"true\"><\/i><a href=\"https:\/\/soymigrante.com\/revista\/migrante-guatemalteco-empresario-construccion-jardineria-carlos-reyes\/\"><\/a><\/div><div class=\"eael-entry-thumbnail \">\n                <img loading=\"lazy\" decoding=\"async\" width=\"300\" height=\"284\" src=\"https:\/\/soymigrante.com\/revista\/wp-content\/uploads\/2023\/12\/carlitos-300x284.webp\" class=\"attachment-medium size-medium wp-image-4172\" alt=\"\" srcset=\"https:\/\/soymigrante.com\/revista\/wp-content\/uploads\/2023\/12\/carlitos-300x284.webp 300w, https:\/\/soymigrante.com\/revista\/wp-content\/uploads\/2023\/12\/carlitos.webp 732w\" sizes=\"(max-width: 300px) 100vw, 300px\" \/>\n            <\/div>\n        <\/div><div class=\"eael-entry-wrapper\"><header class=\"eael-entry-header\"><h2 class=\"eael-entry-title\"><a class=\"eael-grid-post-link\" href=\"https:\/\/soymigrante.com\/revista\/migrante-guatemalteco-empresario-construccion-jardineria-carlos-reyes\/\" title=\"Exitosa ruta migrante pintada, remodelada y compartida por Carlos Reyes, en Nashville\">Exitosa ruta migrante pintada, remodelada y compartida por Carlos Reyes, en Nashville<\/a><\/h2><\/header><\/div><\/div>\n        <\/div>\n    <\/article><article class=\"eael-grid-post  eael-post-grid-column eael-pg-post-3963 category-exitos\" data-id=\"3963\">\n        <div class=\"eael-grid-post-holder\">\n            <div class=\"eael-grid-post-holder-inner\"><div class=\"eael-entry-media\"><div class=\"eael-entry-overlay fade-in\"><i class=\"fas fa-long-arrow-alt-right\" aria-hidden=\"true\"><\/i><a href=\"https:\/\/soymigrante.com\/revista\/tirar-regalar-vender-cambiar-la-ruta-migrante-de-silvia-obregon\/\"><\/a><\/div><div class=\"eael-entry-thumbnail \">\n                <img loading=\"lazy\" decoding=\"async\" width=\"300\" height=\"253\" src=\"https:\/\/soymigrante.com\/revista\/wp-content\/uploads\/2023\/12\/silvia-colibri-volando-300x253.webp\" class=\"attachment-medium size-medium wp-image-3971\" alt=\"\" srcset=\"https:\/\/soymigrante.com\/revista\/wp-content\/uploads\/2023\/12\/silvia-colibri-volando-300x253.webp 300w, https:\/\/soymigrante.com\/revista\/wp-content\/uploads\/2023\/12\/silvia-colibri-volando-1024x863.webp 1024w, https:\/\/soymigrante.com\/revista\/wp-content\/uploads\/2023\/12\/silvia-colibri-volando-768x647.webp 768w, https:\/\/soymigrante.com\/revista\/wp-content\/uploads\/2023\/12\/silvia-colibri-volando-1536x1295.webp 1536w, https:\/\/soymigrante.com\/revista\/wp-content\/uploads\/2023\/12\/silvia-colibri-volando-750x632.webp 750w, https:\/\/soymigrante.com\/revista\/wp-content\/uploads\/2023\/12\/silvia-colibri-volando-1140x961.webp 1140w, https:\/\/soymigrante.com\/revista\/wp-content\/uploads\/2023\/12\/silvia-colibri-volando.webp 1554w\" sizes=\"(max-width: 300px) 100vw, 300px\" \/>\n            <\/div>\n        <\/div><div class=\"eael-entry-wrapper\"><header class=\"eael-entry-header\"><h2 class=\"eael-entry-title\"><a class=\"eael-grid-post-link\" href=\"https:\/\/soymigrante.com\/revista\/tirar-regalar-vender-cambiar-la-ruta-migrante-de-silvia-obregon\/\" title=\"El vuelo migrante de la emprendedora Silvia Leonora Obreg\u00f3n\">El vuelo migrante de la emprendedora Silvia Leonora Obreg\u00f3n<\/a><\/h2><\/header><\/div><\/div>\n        <\/div>\n    <\/article><article class=\"eael-grid-post  eael-post-grid-column eael-pg-post-3799 category-exitos\" data-id=\"3799\">\n        <div class=\"eael-grid-post-holder\">\n            <div class=\"eael-grid-post-holder-inner\"><div class=\"eael-entry-media\"><div class=\"eael-entry-overlay fade-in\"><i class=\"fas fa-long-arrow-alt-right\" aria-hidden=\"true\"><\/i><a href=\"https:\/\/soymigrante.com\/revista\/migrante-estilista-guatemalteco-sergio-arevalo-increible-historia-ayuda-ninez\/\"><\/a><\/div><div class=\"eael-entry-thumbnail \">\n                <img loading=\"lazy\" decoding=\"async\" width=\"300\" height=\"259\" src=\"https:\/\/soymigrante.com\/revista\/wp-content\/uploads\/2023\/12\/sergio-fernando-arevalo-chilera-300x259.webp\" class=\"attachment-medium size-medium wp-image-3800\" alt=\"sergio fernando arevalo chilera\" srcset=\"https:\/\/soymigrante.com\/revista\/wp-content\/uploads\/2023\/12\/sergio-fernando-arevalo-chilera-300x259.webp 300w, https:\/\/soymigrante.com\/revista\/wp-content\/uploads\/2023\/12\/sergio-fernando-arevalo-chilera-1024x883.webp 1024w, https:\/\/soymigrante.com\/revista\/wp-content\/uploads\/2023\/12\/sergio-fernando-arevalo-chilera-768x662.webp 768w, https:\/\/soymigrante.com\/revista\/wp-content\/uploads\/2023\/12\/sergio-fernando-arevalo-chilera-750x646.jpg 750w, https:\/\/soymigrante.com\/revista\/wp-content\/uploads\/2023\/12\/sergio-fernando-arevalo-chilera-1140x983.jpg 1140w, https:\/\/soymigrante.com\/revista\/wp-content\/uploads\/2023\/12\/sergio-fernando-arevalo-chilera.webp 1333w\" sizes=\"(max-width: 300px) 100vw, 300px\" \/>\n            <\/div>\n        <\/div><div class=\"eael-entry-wrapper\"><header class=\"eael-entry-header\"><h2 class=\"eael-entry-title\"><a class=\"eael-grid-post-link\" href=\"https:\/\/soymigrante.com\/revista\/migrante-estilista-guatemalteco-sergio-arevalo-increible-historia-ayuda-ninez\/\" title=\"&#8220;Nunca paro de so\u00f1ar&#8221;: la incre\u00edble historia del estilista y migrante Sergio Fernando Ar\u00e9valo\">&#8220;Nunca paro de so\u00f1ar&#8221;: la incre\u00edble historia del estilista y migrante Sergio Fernando Ar\u00e9valo<\/a><\/h2><\/header><\/div><\/div>\n        <\/div>\n    <\/article><article class=\"eael-grid-post  eael-post-grid-column eael-pg-post-2734 category-exitos\" data-id=\"2734\">\n        <div class=\"eael-grid-post-holder\">\n            <div class=\"eael-grid-post-holder-inner\"><div class=\"eael-entry-media\"><div class=\"eael-entry-overlay fade-in\"><i class=\"fas fa-long-arrow-alt-right\" aria-hidden=\"true\"><\/i><a href=\"https:\/\/soymigrante.com\/revista\/sali-de-guatemala-pero-guatemala-nunca-saldra-de-mi-migrante-y-promotora-cultural-susana-oxlaj\/\"><\/a><\/div><div class=\"eael-entry-thumbnail \">\n                <img loading=\"lazy\" decoding=\"async\" width=\"300\" height=\"200\" src=\"https:\/\/soymigrante.com\/revista\/wp-content\/uploads\/2023\/09\/susana-xolaj-300x200.webp\" class=\"attachment-medium size-medium wp-image-2736\" alt=\"Susana Oxlaj, migrante guatemalteca en Houston\" srcset=\"https:\/\/soymigrante.com\/revista\/wp-content\/uploads\/2023\/09\/susana-xolaj-300x200.webp 300w, https:\/\/soymigrante.com\/revista\/wp-content\/uploads\/2023\/09\/susana-xolaj-1024x682.webp 1024w, https:\/\/soymigrante.com\/revista\/wp-content\/uploads\/2023\/09\/susana-xolaj-768x512.webp 768w, https:\/\/soymigrante.com\/revista\/wp-content\/uploads\/2023\/09\/susana-xolaj-1536x1023.webp 1536w, https:\/\/soymigrante.com\/revista\/wp-content\/uploads\/2023\/09\/susana-xolaj-750x500.webp 750w, https:\/\/soymigrante.com\/revista\/wp-content\/uploads\/2023\/09\/susana-xolaj-1140x760.webp 1140w, https:\/\/soymigrante.com\/revista\/wp-content\/uploads\/2023\/09\/susana-xolaj-600x400.webp 600w, https:\/\/soymigrante.com\/revista\/wp-content\/uploads\/2023\/09\/susana-xolaj.webp 1600w\" sizes=\"(max-width: 300px) 100vw, 300px\" \/>\n            <\/div>\n        <\/div><div class=\"eael-entry-wrapper\"><header class=\"eael-entry-header\"><h2 class=\"eael-entry-title\"><a class=\"eael-grid-post-link\" href=\"https:\/\/soymigrante.com\/revista\/sali-de-guatemala-pero-guatemala-nunca-saldra-de-mi-migrante-y-promotora-cultural-susana-oxlaj\/\" title=\"&#8220;Sal\u00ed de Guatemala pero Guatemala nunca saldr\u00e1 de m\u00ed&#8221;: migrante y promotora cultural Susana Oxlaj\">&#8220;Sal\u00ed de Guatemala pero Guatemala nunca saldr\u00e1 de m\u00ed&#8221;: migrante y promotora cultural Susana Oxlaj<\/a><\/h2><\/header><\/div><\/div>\n        <\/div>\n    <\/article><\/div>\n            <div class=\"clearfix\"><\/div>\n        <\/div>\t\t\t\t<\/div>\n\t\t\t\t\t<\/div>\n\t\t<\/div>\n\t\t\t\t\t<\/div>\n\t\t<\/section>\n\t\t\t\t<\/div>\n\t\t","protected":false},"excerpt":{"rendered":"<p>El sonido de la marimba eriza la piel del migrante, porque le trae recuerdos entra\u00f1ables de su amada Guatemala, afirma el locutor Maynor Dom\u00ednguez, del programa Guate Primaveral, que se transmite desde Maryland desde hace 11 a\u00f1os para conectar a los guatemaltecos con sus ra\u00edces. Tres d\u00e9cadas y media de camino Maynor Dom\u00ednguez De Le\u00f3n, [&hellip;]<\/p>\n","protected":false},"author":10,"featured_media":4333,"comment_status":"open","ping_status":"open","sticky":false,"template":"","format":"standard","meta":{"_acf_changed":false,"_eb_attr":"","footnotes":""},"categories":[50],"tags":[],"class_list":["post-4317","post","type-post","status-publish","format-standard","has-post-thumbnail","hentry","category-exitos"],"acf":[],"aioseo_notices":[],"aioseo_head":"\n\t\t<!-- All in One SEO Pro 4.9.6.2 - aioseo.com -->\n\t<meta name=\"description\" content=\"Promotora cultural en Houston Texas, impulsa el grupo Chapines de Coraz\u00f3n con el cual presenta danzas y expone valores de la identidad multicultural guatemalteca.\" \/>\n\t<meta name=\"robots\" content=\"max-snippet:-1, max-image-preview:large, max-video-preview:-1\" \/>\n\t<meta name=\"author\" content=\"Gustavo Montenegro\"\/>\n\t<link rel=\"canonical\" href=\"https:\/\/soymigrante.com\/revista\/sali-de-guatemala-pero-guatemala-nunca-saldra-de-mi-migrante-y-promotora-cultural-susana-oxlaj\/\" \/>\n\t<meta name=\"generator\" content=\"All in One SEO Pro (AIOSEO) 4.9.6.2\" \/>\n\n\t\t<link rel=\"preconnect\" href=\"https:\/\/fonts.googleapis.com\" crossorigin>\n<link rel=\"preconnect\" href=\"https:\/\/fonts.gstatic.com\" crossorigin>\n\t\t<meta property=\"og:locale\" content=\"es_ES\" \/>\n\t\t<meta property=\"og:site_name\" content=\"SoyMigrante.com REVISTA \u2013 Nuestra misi\u00f3n es reconocer y dignificar al migrante.\" \/>\n\t\t<meta property=\"og:type\" content=\"article\" \/>\n\t\t<meta property=\"og:title\" content=\"&quot;Guatemala nunca sali\u00f3 de mi coraz\u00f3n&quot;: migrante Susana Oxlaj.\" \/>\n\t\t<meta property=\"og:description\" content=\"Promotora cultural en Houston Texas, impulsa el grupo Chapines de Coraz\u00f3n con el cual presenta danzas y expone valores de la identidad multicultural guatemalteca.\" \/>\n\t\t<meta property=\"og:url\" content=\"https:\/\/soymigrante.com\/revista\/sali-de-guatemala-pero-guatemala-nunca-saldra-de-mi-migrante-y-promotora-cultural-susana-oxlaj\/\" \/>\n\t\t<meta property=\"og:image\" content=\"https:\/\/soymigrante.com\/revista\/wp-content\/uploads\/2023\/09\/susana-xolaj.webp\" \/>\n\t\t<meta property=\"og:image:secure_url\" content=\"https:\/\/soymigrante.com\/revista\/wp-content\/uploads\/2023\/09\/susana-xolaj.webp\" \/>\n\t\t<meta property=\"og:image:width\" content=\"1600\" \/>\n\t\t<meta property=\"og:image:height\" content=\"1066\" \/>\n\t\t<meta property=\"article:published_time\" content=\"2023-09-29T06:18:16+00:00\" \/>\n\t\t<meta property=\"article:modified_time\" content=\"2025-09-13T23:28:53+00:00\" \/>\n\t\t<meta property=\"article:publisher\" content=\"https:\/\/www.facebook.com\/soymigrantecom\" \/>\n\t\t<meta name=\"twitter:card\" content=\"summary_large_image\" \/>\n\t\t<meta name=\"twitter:site\" content=\"@SoyMigrante_com\" \/>\n\t\t<meta name=\"twitter:title\" content=\"&quot;Guatemala nunca sali\u00f3 de mi coraz\u00f3n&quot;: migrante Susana Oxlaj.\" \/>\n\t\t<meta name=\"twitter:description\" content=\"Promotora cultural en Houston Texas, impulsa el grupo Chapines de Coraz\u00f3n con el cual presenta danzas y expone valores de la identidad multicultural guatemalteca.\" \/>\n\t\t<meta name=\"twitter:creator\" content=\"@SoyMigrante_com\" \/>\n\t\t<meta name=\"twitter:image\" content=\"https:\/\/soymigrante.com\/revista\/wp-content\/uploads\/2023\/09\/susana-xolaj.webp\" \/>\n\t\t<!-- All in One SEO Pro -->\r\n\t\t<title>&quot;Guatemala nunca sali\u00f3 de mi coraz\u00f3n&quot;: migrante Susana Oxlaj.<\/title>\n\n","aioseo_head_json":{"title":"\"Guatemala nunca sali\u00f3 de mi coraz\u00f3n\": migrante Susana Oxlaj.","description":"Promotora cultural en Houston Texas, impulsa el grupo Chapines de Coraz\u00f3n con el cual presenta danzas y expone valores de la identidad multicultural guatemalteca.","canonical_url":"https:\/\/soymigrante.com\/revista\/sali-de-guatemala-pero-guatemala-nunca-saldra-de-mi-migrante-y-promotora-cultural-susana-oxlaj\/","robots":"max-snippet:-1, max-image-preview:large, max-video-preview:-1","keywords":"","webmasterTools":{"miscellaneous":"&lt;link rel=\"preconnect\" href=\"https:\/\/fonts.googleapis.com\" crossorigin&gt;\n&lt;link rel=\"preconnect\" href=\"https:\/\/fonts.gstatic.com\" crossorigin&gt;"},"schema":null,"og:locale":"es_ES","og:site_name":"SoyMigrante.com REVISTA \u2013 Nuestra misi\u00f3n es reconocer y dignificar al migrante.","og:type":"article","og:title":"&quot;Guatemala nunca sali\u00f3 de mi coraz\u00f3n&quot;: migrante Susana Oxlaj.","og:description":"Promotora cultural en Houston Texas, impulsa el grupo Chapines de Coraz\u00f3n con el cual presenta danzas y expone valores de la identidad multicultural guatemalteca.","og:url":"https:\/\/soymigrante.com\/revista\/sali-de-guatemala-pero-guatemala-nunca-saldra-de-mi-migrante-y-promotora-cultural-susana-oxlaj\/","og:image":"https:\/\/soymigrante.com\/revista\/wp-content\/uploads\/2023\/09\/susana-xolaj.webp","og:image:secure_url":"https:\/\/soymigrante.com\/revista\/wp-content\/uploads\/2023\/09\/susana-xolaj.webp","og:image:width":1600,"og:image:height":1066,"article:published_time":"2023-09-29T06:18:16+00:00","article:modified_time":"2025-09-13T23:28:53+00:00","article:publisher":"https:\/\/www.facebook.com\/soymigrantecom","twitter:card":"summary_large_image","twitter:site":"@SoyMigrante_com","twitter:title":"&quot;Guatemala nunca sali\u00f3 de mi coraz\u00f3n&quot;: migrante Susana Oxlaj.","twitter:description":"Promotora cultural en Houston Texas, impulsa el grupo Chapines de Coraz\u00f3n con el cual presenta danzas y expone valores de la identidad multicultural guatemalteca.","twitter:creator":"@SoyMigrante_com","twitter:image":"https:\/\/soymigrante.com\/revista\/wp-content\/uploads\/2023\/09\/susana-xolaj.webp"},"aioseo_meta_data":{"post_id":"4317","title":"Maynor Migrante guatemalteco la voz de \"Guate Primaveral\"","description":"#post_excerpt Migrante guatemalteco encuentra su talento entre la adversidad. Con el programa de marimba pura en Estados Unidos. Remueve recuerdos de su tierra natal","keywords":[],"keyphrases":{"focus":{"keyphrase":"Migrante","score":82,"analysis":{"keyphraseInTitle":{"score":9,"maxScore":9,"error":0},"keyphraseInDescription":{"score":9,"maxScore":9,"error":0},"keyphraseLength":{"score":9,"maxScore":9,"error":0,"length":1},"keyphraseInURL":{"score":5,"maxScore":5,"error":0},"keyphraseInIntroduction":{"score":3,"maxScore":9,"error":1},"keyphraseInSubHeadings":{"score":3,"maxScore":9,"error":1},"keyphraseInImageAlt":{"score":9,"maxScore":9,"error":0},"keywordDensity":{"type":"best","score":9,"maxScore":9,"error":0}}},"additional":[]},"primary_term":null,"canonical_url":null,"og_title":null,"og_description":null,"og_object_type":"default","og_image_type":"default","og_image_url":null,"og_image_width":null,"og_image_height":null,"og_image_custom_url":null,"og_image_custom_fields":null,"og_video":"","og_custom_url":null,"og_article_section":null,"og_article_tags":[],"twitter_use_og":false,"twitter_card":"default","twitter_image_type":"default","twitter_image_url":null,"twitter_image_custom_url":null,"twitter_image_custom_fields":null,"twitter_title":null,"twitter_description":null,"schema":{"blockGraphs":[],"customGraphs":[],"default":{"data":{"Article":[],"Course":[],"Dataset":[],"FAQPage":[],"Movie":[],"Person":[],"Product":[],"ProductReview":[],"Car":[],"Recipe":[],"Service":[],"SoftwareApplication":[],"WebPage":[]},"graphName":"BlogPosting","isEnabled":true},"graphs":[]},"schema_type":"default","schema_type_options":null,"pillar_content":false,"robots_default":true,"robots_noindex":false,"robots_noarchive":false,"robots_nosnippet":false,"robots_nofollow":false,"robots_noimageindex":false,"robots_noodp":false,"robots_notranslate":false,"robots_max_snippet":"-1","robots_max_videopreview":"-1","robots_max_imagepreview":"large","priority":null,"frequency":"default","local_seo":null,"seo_analyzer_scan_date":"2025-10-08 20:59:16","breadcrumb_settings":null,"limit_modified_date":false,"reviewed_by":null,"open_ai":null,"ai":null,"created":"2024-01-10 08:08:21","updated":"2026-02-04 10:25:53"},"aioseo_breadcrumb":"<div class=\"aioseo-breadcrumbs\"><span class=\"aioseo-breadcrumb\">\n\t<a href=\"https:\/\/soymigrante.com\/revista\" title=\"Home\">Home<\/a>\n<\/span><span class=\"aioseo-breadcrumb-separator\">\u00bb<\/span><span class=\"aioseo-breadcrumb\">\n\t<a href=\"https:\/\/soymigrante.com\/revista\/category\/exitos\/\" title=\"\u00c9xitos\">\u00c9xitos<\/a>\n<\/span><span class=\"aioseo-breadcrumb-separator\">\u00bb<\/span><span class=\"aioseo-breadcrumb\">\n\tMaynor Dom\u00ednguez es la din\u00e1mica voz migrante de Guate Primaveral\n<\/span><\/div>","aioseo_breadcrumb_json":[{"label":"Home","link":"https:\/\/soymigrante.com\/revista"},{"label":"\u00c9xitos","link":"https:\/\/soymigrante.com\/revista\/category\/exitos\/"},{"label":"Maynor Dom\u00ednguez es la din\u00e1mica voz migrante de Guate Primaveral","link":"https:\/\/soymigrante.com\/revista\/maynor-migrante-guatemalteco-la-voz-de-guate-primaveral\/"}],"_links":{"self":[{"href":"https:\/\/soymigrante.com\/revista\/wp-json\/wp\/v2\/posts\/4317","targetHints":{"allow":["GET"]}}],"collection":[{"href":"https:\/\/soymigrante.com\/revista\/wp-json\/wp\/v2\/posts"}],"about":[{"href":"https:\/\/soymigrante.com\/revista\/wp-json\/wp\/v2\/types\/post"}],"author":[{"embeddable":true,"href":"https:\/\/soymigrante.com\/revista\/wp-json\/wp\/v2\/users\/10"}],"replies":[{"embeddable":true,"href":"https:\/\/soymigrante.com\/revista\/wp-json\/wp\/v2\/comments?post=4317"}],"version-history":[{"count":0,"href":"https:\/\/soymigrante.com\/revista\/wp-json\/wp\/v2\/posts\/4317\/revisions"}],"wp:featuredmedia":[{"embeddable":true,"href":"https:\/\/soymigrante.com\/revista\/wp-json\/wp\/v2\/media\/4333"}],"wp:attachment":[{"href":"https:\/\/soymigrante.com\/revista\/wp-json\/wp\/v2\/media?parent=4317"}],"wp:term":[{"taxonomy":"category","embeddable":true,"href":"https:\/\/soymigrante.com\/revista\/wp-json\/wp\/v2\/categories?post=4317"},{"taxonomy":"post_tag","embeddable":true,"href":"https:\/\/soymigrante.com\/revista\/wp-json\/wp\/v2\/tags?post=4317"}],"curies":[{"name":"wp","href":"https:\/\/api.w.org\/{rel}","templated":true}]}}