{"id":43164,"date":"2025-09-02T07:00:00","date_gmt":"2025-09-02T13:00:00","guid":{"rendered":"https:\/\/soymigrante.com\/revista\/?p=43164"},"modified":"2025-09-19T07:25:17","modified_gmt":"2025-09-19T13:25:17","slug":"mira-arte-guatemalteco-margarita-azurdia-nunca-deja-de-sorprender","status":"publish","type":"post","link":"https:\/\/soymigrante.com\/revista\/mira-arte-guatemalteco-margarita-azurdia-nunca-deja-de-sorprender\/","title":{"rendered":"Mira arte guatemalteco: Margarita Azurdia nunca deja de sorprender"},"content":{"rendered":"\t\t<div data-elementor-type=\"wp-post\" data-elementor-id=\"43164\" class=\"elementor elementor-43164\" data-elementor-post-type=\"post\">\n\t\t\t\t<div data-particle_enable=\"false\" data-particle-mobile-disabled=\"false\" class=\"elementor-element elementor-element-51e7561 e-flex e-con-boxed e-con e-parent\" data-id=\"51e7561\" data-element_type=\"container\" data-e-type=\"container\">\n\t\t\t\t\t<div class=\"e-con-inner\">\n\t\t\t\t<div class=\"elementor-element elementor-element-0d78fdd elementor-widget elementor-widget-heading\" data-id=\"0d78fdd\" data-element_type=\"widget\" data-e-type=\"widget\" data-widget_type=\"heading.default\">\n\t\t\t\t\t<h2 class=\"elementor-heading-title elementor-size-default\">Margarita Azurdia (1931-1998) se rebel\u00f3 contra los convencionalismos pero a la vez tom\u00f3 elementos tradicionales de la identidad multicultural guatemalteca para convertirlos en discurso revolucionario.<\/h2>\t\t\t\t<\/div>\n\t\t\t\t<div class=\"elementor-element elementor-element-53cdd49 elementor-widget elementor-widget-html\" data-id=\"53cdd49\" data-element_type=\"widget\" data-e-type=\"widget\" data-widget_type=\"html.default\">\n\t\t\t\t\t<div id=\"buzzsprout-player-17872043\"><\/div><script src=\"https:\/\/www.buzzsprout.com\/2444168\/episodes\/17872043-la-artista-guatemalteca-margarita-azurdia-siempre-desafiante.js?container_id=buzzsprout-player-17872043&player=small\" type=\"text\/javascript\" charset=\"utf-8\"><\/script>\t\t\t\t<\/div>\n\t\t\t\t\t<\/div>\n\t\t\t\t<\/div>\n\t\t<div data-particle_enable=\"false\" data-particle-mobile-disabled=\"false\" class=\"elementor-element elementor-element-9fa71c7 e-flex e-con-boxed e-con e-parent\" data-id=\"9fa71c7\" data-element_type=\"container\" data-e-type=\"container\">\n\t\t\t\t\t<div class=\"e-con-inner\">\n\t\t\t\t<div class=\"elementor-element elementor-element-257261d elementor-widget elementor-widget-text-editor\" data-id=\"257261d\" data-element_type=\"widget\" data-e-type=\"widget\" data-widget_type=\"text-editor.default\">\n\t\t\t\t\t\t\t\t\t<p><a href=\"https:\/\/www.facebook.com\/profile.php?id=100082191252632\" target=\"_blank\" rel=\"noopener\">Margarita Azurdia fue una creadora polifac\u00e9tica<\/a>: escultora, pintora, poeta, performer y pensadora feminista. Naci\u00f3 en 1931 y muri\u00f3 en 1998, pero no sin dejar una obra que sigue siendo desafiante y revolucionaria.<\/p><p>Tambi\u00e9n se reinvent\u00f3 bajo diversos seud\u00f3nimos como Margot Fanjul, Margarita Rita Rica Dinamita y Anastasia Margarita, reflejando su deseo constante de transformaci\u00f3n identitaria.<\/p>\t\t\t\t\t\t\t\t<\/div>\n\t\t\t\t\t<\/div>\n\t\t\t\t<\/div>\n\t\t<div data-particle_enable=\"false\" data-particle-mobile-disabled=\"false\" class=\"elementor-element elementor-element-beb8f1a e-flex e-con-boxed e-con e-parent\" data-id=\"beb8f1a\" data-element_type=\"container\" data-e-type=\"container\">\n\t\t\t\t\t<div class=\"e-con-inner\">\n\t\t\t\t<div class=\"elementor-element elementor-element-bfb8515 elementor-widget elementor-widget-image\" data-id=\"bfb8515\" data-element_type=\"widget\" data-e-type=\"widget\" data-widget_type=\"image.default\">\n\t\t\t\t\t\t\t\t\t\t\t\t<figure class=\"wp-caption\">\n\t\t\t\t\t\t\t\t\t\t<img fetchpriority=\"high\" decoding=\"async\" width=\"1024\" height=\"814\" src=\"https:\/\/soymigrante.com\/revista\/wp-content\/uploads\/2025\/09\/margarita-azurdia-1024x814.png\" class=\"attachment-large size-large wp-image-43456\" alt=\"Rostro gigante en el arte mexicano con mujer y artefactos culturales, resaltando diversidad y cultura ind\u00edgena en revista SoyMigrante.com REVISTA.\" srcset=\"https:\/\/soymigrante.com\/revista\/wp-content\/uploads\/2025\/09\/margarita-azurdia-1024x814.png 1024w, https:\/\/soymigrante.com\/revista\/wp-content\/uploads\/2025\/09\/margarita-azurdia-300x239.png 300w, https:\/\/soymigrante.com\/revista\/wp-content\/uploads\/2025\/09\/margarita-azurdia-768x611.png 768w, https:\/\/soymigrante.com\/revista\/wp-content\/uploads\/2025\/09\/margarita-azurdia-750x596.png 750w, https:\/\/soymigrante.com\/revista\/wp-content\/uploads\/2025\/09\/margarita-azurdia-1140x907.png 1140w, https:\/\/soymigrante.com\/revista\/wp-content\/uploads\/2025\/09\/margarita-azurdia.webp 1333w\" sizes=\"(max-width: 1024px) 100vw, 1024px\" title=\"El lagarto verde es una escultura de madera que forma parte de la serie Homenaje a Guatemala, desarrollada entre 1970 y 1974 por Margarita Azurdia. \u2013 SoyMigrante.com REVISTA\" \/>\t\t\t\t\t\t\t\t\t\t\t<figcaption class=\"widget-image-caption wp-caption-text\">El lagarto verde es una escultura de madera que forma parte de la serie Homenaje a Guatemala, desarrollada entre 1970 y 1974 por Margarita Azurdia.<\/figcaption>\n\t\t\t\t\t\t\t\t\t\t<\/figure>\n\t\t\t\t\t\t\t\t\t<\/div>\n\t\t\t\t\t<\/div>\n\t\t\t\t<\/div>\n\t\t<div data-particle_enable=\"false\" data-particle-mobile-disabled=\"false\" class=\"elementor-element elementor-element-aae1700 e-flex e-con-boxed e-con e-parent\" data-id=\"aae1700\" data-element_type=\"container\" data-e-type=\"container\">\n\t\t\t\t\t<div class=\"e-con-inner\">\n\t\t\t\t<div class=\"elementor-element elementor-element-6946e8f elementor-widget elementor-widget-heading\" data-id=\"6946e8f\" data-element_type=\"widget\" data-e-type=\"widget\" data-widget_type=\"heading.default\">\n\t\t\t\t\t<h3 class=\"elementor-heading-title elementor-size-default\">Trayectoria art\u00edstica y reconocimiento internacional<\/h3>\t\t\t\t<\/div>\n\t\t\t\t\t<\/div>\n\t\t\t\t<\/div>\n\t\t<div data-particle_enable=\"false\" data-particle-mobile-disabled=\"false\" class=\"elementor-element elementor-element-67eac71 e-flex e-con-boxed e-con e-parent\" data-id=\"67eac71\" data-element_type=\"container\" data-e-type=\"container\">\n\t\t\t\t\t<div class=\"e-con-inner\">\n\t\t\t\t<div class=\"elementor-element elementor-element-076a9cc elementor-widget elementor-widget-text-editor\" data-id=\"076a9cc\" data-element_type=\"widget\" data-e-type=\"widget\" data-widget_type=\"text-editor.default\">\n\t\t\t\t\t\t\t\t\t<p><a href=\"https:\/\/www.facebook.com\/profile.php?id=100082191252632\" target=\"_blank\" rel=\"noopener\">Azurdia lanz\u00f3 su carrera art\u00edstica con fuerza en los a\u00f1os sesenta.<\/a> Su primera exposici\u00f3n individual fue en 1963 con la serie \u00d3valos, seguida por las Pinturas geom\u00e9tricas, caracterizadas por rombos y l\u00edneas inspiradas en los textiles ind\u00edgenas guatemaltecos. Estas piezas la catapultaron al reconocimiento internacional, incluyendo exhibiciones en Nueva York y una menci\u00f3n honor\u00edfica por su serie Asta 104 en la X Bienal de S\u00e3o Paulo (1969).<\/p>\t\t\t\t\t\t\t\t<\/div>\n\t\t\t\t\t<\/div>\n\t\t\t\t<\/div>\n\t\t<div data-particle_enable=\"false\" data-particle-mobile-disabled=\"false\" class=\"elementor-element elementor-element-d21f545 e-flex e-con-boxed e-con e-parent\" data-id=\"d21f545\" data-element_type=\"container\" data-e-type=\"container\">\n\t\t\t\t\t<div class=\"e-con-inner\">\n\t\t\t\t<div class=\"elementor-element elementor-element-0667532 elementor-arrows-position-inside elementor-pagination-position-outside elementor-widget elementor-widget-image-carousel\" data-id=\"0667532\" data-element_type=\"widget\" data-e-type=\"widget\" data-settings=\"{&quot;slides_to_show&quot;:&quot;1&quot;,&quot;navigation&quot;:&quot;both&quot;,&quot;autoplay&quot;:&quot;yes&quot;,&quot;pause_on_hover&quot;:&quot;yes&quot;,&quot;pause_on_interaction&quot;:&quot;yes&quot;,&quot;autoplay_speed&quot;:5000,&quot;infinite&quot;:&quot;yes&quot;,&quot;effect&quot;:&quot;slide&quot;,&quot;speed&quot;:500}\" data-widget_type=\"image-carousel.default\">\n\t\t\t\t\t\t\t<div class=\"elementor-image-carousel-wrapper swiper\" role=\"region\" aria-roledescription=\"carousel\" aria-label=\"Carrusel de im\u00e1genes\" dir=\"ltr\">\n\t\t\t<div class=\"elementor-image-carousel swiper-wrapper\" aria-live=\"off\">\n\t\t\t\t\t\t\t\t<div class=\"swiper-slide\" role=\"group\" aria-roledescription=\"slide\" aria-label=\"1 de 5\"><figure class=\"swiper-slide-inner\"><img decoding=\"async\" class=\"swiper-slide-image\" src=\"https:\/\/soymigrante.com\/revista\/wp-content\/uploads\/2025\/09\/1970-74-The-Coming-of-the-Goddess-1970-74-0.webp\" alt=\"Coloridos mu\u00f1ecos tradicionales de drag\u00f3n y personajes en una exhibici\u00f3n cultural, representando la riqueza de la cultura china y su influencia en festividades, ideal para art\u00edculos sobre cultura y migrantes.\" \/><figcaption class=\"elementor-image-carousel-caption\">Coloridos mu\u00f1ecos chinos de drag\u00f3n y personajes en exhibici\u00f3n cultural, reflejando la tradici\u00f3n y festividades asi\u00e1ticas, perfectos para temas sobre migrantes y cultura en la revista SoyMigrante.com REVISTA.<\/figcaption><\/figure><\/div><div class=\"swiper-slide\" role=\"group\" aria-roledescription=\"slide\" aria-label=\"2 de 5\"><figure class=\"swiper-slide-inner\"><img decoding=\"async\" class=\"swiper-slide-image\" src=\"https:\/\/soymigrante.com\/revista\/wp-content\/uploads\/2025\/09\/1974-homenaje-a-guatemala-1974-1-detail.webp\" alt=\"Ni\u00f1os jugando en la boca de un cocodrilo gigante de arte callejero, en un mural colorido y vibrante. Arte urbano inspirado en la cultura y folklore, ideal para fotos y promoci\u00f3n de festivales culturales en M\u00e9xico.\" \/><figcaption class=\"elementor-image-carousel-caption\">Escultura art\u00edstica que simboliza la migraci\u00f3n infantil y los peligros que enfrentan los ni\u00f1os migrantes, destacando un cocodrilo que representa los riesgos y la esperanza en el proceso migratorio.<\/figcaption><\/figure><\/div><div class=\"swiper-slide\" role=\"group\" aria-roledescription=\"slide\" aria-label=\"3 de 5\"><figure class=\"swiper-slide-inner\"><img decoding=\"async\" class=\"swiper-slide-image\" src=\"https:\/\/soymigrante.com\/revista\/wp-content\/uploads\/2025\/09\/1970-74-Las-guerreras-Serie-Homenaje-a-Guatemala-1970-74-21.jpg\" alt=\"Crianzas disfrazadas con m\u00e1scaras y trajes a rayas sosteniendo una escopeta de madera en exposici\u00f3n de arte moderno.\" \/><figcaption class=\"elementor-image-carousel-caption\">Esculturas infantiles en exhibici\u00f3n de arte contempor\u00e1neo con tem\u00e1tica cultural en un espacio de galer\u00eda.<\/figcaption><\/figure><\/div><div class=\"swiper-slide\" role=\"group\" aria-roledescription=\"slide\" aria-label=\"4 de 5\"><figure class=\"swiper-slide-inner\"><img decoding=\"async\" class=\"swiper-slide-image\" src=\"https:\/\/soymigrante.com\/revista\/wp-content\/uploads\/2025\/09\/todoesuna-2.webp\" alt=\"Coloridas esculturas de personajes con disfraces de animales, exhibidas en una galer\u00eda de arte con fondos geom\u00e9tricos y vibrantes, en un ambiente contempor\u00e1neo y art\u00edstico.\" \/><figcaption class=\"elementor-image-carousel-caption\">Esculturas de personajes con disfraces animales en exhibici\u00f3n de arte contempor\u00e1neo, en un espacio con fondos coloridos y patrones geom\u00e9tricos.<\/figcaption><\/figure><\/div><div class=\"swiper-slide\" role=\"group\" aria-roledescription=\"slide\" aria-label=\"5 de 5\"><figure class=\"swiper-slide-inner\"><img decoding=\"async\" class=\"swiper-slide-image\" src=\"https:\/\/soymigrante.com\/revista\/wp-content\/uploads\/2025\/09\/1971-74-Las-Bananeras-de-Homenaje-a-Guatemala-1971-74-2.webp\" alt=\"Ni\u00f1os de juguete en un mesa blanca con manchas negras, sosteniendo paraguas con patucos y ropa a rayas, en una imagen creativa y colorida.\" \/><figcaption class=\"elementor-image-carousel-caption\">Ni\u00f1os de juguete con paraguas y ropa a rayas en una mesa decorativa, escena infantil colorida y divertida, ideal para temas de infancia, creatividad y juegos para ni\u00f1os.<\/figcaption><\/figure><\/div>\t\t\t<\/div>\n\t\t\t\t\t\t\t\t\t\t\t\t<div class=\"elementor-swiper-button elementor-swiper-button-prev\" role=\"button\" tabindex=\"0\">\n\t\t\t\t\t\t<i aria-hidden=\"true\" class=\"eicon-chevron-left\"><\/i>\t\t\t\t\t<\/div>\n\t\t\t\t\t<div class=\"elementor-swiper-button elementor-swiper-button-next\" role=\"button\" tabindex=\"0\">\n\t\t\t\t\t\t<i aria-hidden=\"true\" class=\"eicon-chevron-right\"><\/i>\t\t\t\t\t<\/div>\n\t\t\t\t\n\t\t\t\t\t\t\t\t\t<div class=\"swiper-pagination\"><\/div>\n\t\t\t\t\t\t\t\t\t<\/div>\n\t\t\t\t\t\t<\/div>\n\t\t\t\t\t<\/div>\n\t\t\t\t<\/div>\n\t\t<div data-particle_enable=\"false\" data-particle-mobile-disabled=\"false\" class=\"elementor-element elementor-element-7d31de9 e-flex e-con-boxed e-con e-parent\" data-id=\"7d31de9\" data-element_type=\"container\" data-e-type=\"container\">\n\t\t\t\t\t<div class=\"e-con-inner\">\n\t\t\t\t<div class=\"elementor-element elementor-element-a755da4 elementor-widget elementor-widget-heading\" data-id=\"a755da4\" data-element_type=\"widget\" data-e-type=\"widget\" data-widget_type=\"heading.default\">\n\t\t\t\t\t<h3 class=\"elementor-heading-title elementor-size-default\">\u201cHomenaje a Guatemala\u201d: fusi\u00f3n del arte, la pol\u00edtica y la tradici\u00f3n<\/h3>\t\t\t\t<\/div>\n\t\t\t\t\t<\/div>\n\t\t\t\t<\/div>\n\t\t<div data-particle_enable=\"false\" data-particle-mobile-disabled=\"false\" class=\"elementor-element elementor-element-c8d16fc e-flex e-con-boxed e-con e-parent\" data-id=\"c8d16fc\" data-element_type=\"container\" data-e-type=\"container\">\n\t\t\t\t\t<div class=\"e-con-inner\">\n\t\t\t\t<div class=\"elementor-element elementor-element-3302b7f elementor-widget elementor-widget-text-editor\" data-id=\"3302b7f\" data-element_type=\"widget\" data-e-type=\"widget\" data-widget_type=\"text-editor.default\">\n\t\t\t\t\t\t\t\t\t<p>Entre 1971 y 1974 desarroll\u00f3 su ic\u00f3nica serie Homenaje a Guatemala, cincuenta esculturas de madera talladas por artesanos, luego intervenidas por ella con m\u00e1scaras, plumas, fusiles, frutas y s\u00edmbolos rituales. Estas figuras remiten al realismo m\u00e1gico y evocan s\u00edmbolos de resistencia y sincretismo cultural guatemalteco.<\/p><p><a href=\"https:\/\/www.facebook.com\/profile.php?id=100082191252632\" target=\"_blank\" rel=\"noopener\">Algunas piezas se destacan por representar mujeres empoderadas o mitol\u00f3gicas, cargando armas o pl\u00e1tanos,<\/a> evocando tensiones pol\u00edticas como el conflicto armado y la influencia de empresas transnacionales.<\/p>\t\t\t\t\t\t\t\t<\/div>\n\t\t\t\t\t<\/div>\n\t\t\t\t<\/div>\n\t\t<div data-particle_enable=\"false\" data-particle-mobile-disabled=\"false\" class=\"elementor-element elementor-element-31ec38d e-flex e-con-boxed e-con e-parent\" data-id=\"31ec38d\" data-element_type=\"container\" data-e-type=\"container\">\n\t\t\t\t\t<div class=\"e-con-inner\">\n\t\t\t\t<div class=\"elementor-element elementor-element-e205c38 elementor-widget elementor-widget-image\" data-id=\"e205c38\" data-element_type=\"widget\" data-e-type=\"widget\" data-widget_type=\"image.default\">\n\t\t\t\t\t\t\t\t\t\t\t\t<figure class=\"wp-caption\">\n\t\t\t\t\t\t\t\t\t\t<img decoding=\"async\" width=\"576\" height=\"705\" src=\"https:\/\/soymigrante.com\/revista\/wp-content\/uploads\/2025\/09\/margarita-azurdia-pintura.webp\" class=\"attachment-large size-large wp-image-43464\" alt=\"Valla decorativa con patr\u00f3n geom\u00e9trico en colores rojo, negro y verde, ideal para espacios culturales y art\u00edsticos. Dise\u00f1o moderno y llamativo para paredes y mobiliario.\" srcset=\"https:\/\/soymigrante.com\/revista\/wp-content\/uploads\/2025\/09\/margarita-azurdia-pintura.webp 576w, https:\/\/soymigrante.com\/revista\/wp-content\/uploads\/2025\/09\/margarita-azurdia-pintura-245x300.jpg 245w\" sizes=\"(max-width: 576px) 100vw, 576px\" title=\"La pintura de Margarita Azurdia se enfoc\u00f3 en temas geom\u00e9tricos y abstractos, los cuales hacen alusi\u00f3n a patrones de textiles t\u00edpicos y de algunas artesan\u00edas guatemaltecas. \u2013 SoyMigrante.com REVISTA\" \/>\t\t\t\t\t\t\t\t\t\t\t<figcaption class=\"widget-image-caption wp-caption-text\">Dise\u00f1o de patr\u00f3n geom\u00e9trico en colores rojo, negro y verde, perfecto para decoraci\u00f3n moderna y art\u00edstica, utilizado en revistas culturales y exposiciones de arte.<\/figcaption>\n\t\t\t\t\t\t\t\t\t\t<\/figure>\n\t\t\t\t\t\t\t\t\t<\/div>\n\t\t\t\t\t<\/div>\n\t\t\t\t<\/div>\n\t\t<div data-particle_enable=\"false\" data-particle-mobile-disabled=\"false\" class=\"elementor-element elementor-element-1ab66e1 e-flex e-con-boxed e-con e-parent\" data-id=\"1ab66e1\" data-element_type=\"container\" data-e-type=\"container\">\n\t\t\t\t\t<div class=\"e-con-inner\">\n\t\t\t\t<div class=\"elementor-element elementor-element-9609f90 elementor-widget elementor-widget-heading\" data-id=\"9609f90\" data-element_type=\"widget\" data-e-type=\"widget\" data-widget_type=\"heading.default\">\n\t\t\t\t\t<h3 class=\"elementor-heading-title elementor-size-default\">Par\u00eds y la b\u00fasqueda espiritual<\/h3>\t\t\t\t<\/div>\n\t\t\t\t\t<\/div>\n\t\t\t\t<\/div>\n\t\t<div data-particle_enable=\"false\" data-particle-mobile-disabled=\"false\" class=\"elementor-element elementor-element-bbfcb74 e-flex e-con-boxed e-con e-parent\" data-id=\"bbfcb74\" data-element_type=\"container\" data-e-type=\"container\">\n\t\t\t\t\t<div class=\"e-con-inner\">\n\t\t\t\t<div class=\"elementor-element elementor-element-08386b4 elementor-widget elementor-widget-text-editor\" data-id=\"08386b4\" data-element_type=\"widget\" data-e-type=\"widget\" data-widget_type=\"text-editor.default\">\n\t\t\t\t\t\t\t\t\t<p>Tras este per\u00edodo, Azurdia se mud\u00f3 a Par\u00eds (1974\u20131982), donde explor\u00f3 la danza contempor\u00e1nea, la poes\u00eda, el dibujo y formas performativas. Esta etapa fue clave en su camino hacia un arte m\u00e1s introspectivo y ritual, marcado por una estrecha relaci\u00f3n con el cuerpo, la espiritualidad y el feminismo.<\/p>\t\t\t\t\t\t\t\t<\/div>\n\t\t\t\t\t<\/div>\n\t\t\t\t<\/div>\n\t\t<div data-particle_enable=\"false\" data-particle-mobile-disabled=\"false\" class=\"elementor-element elementor-element-94f37eb e-flex e-con-boxed e-con e-parent\" data-id=\"94f37eb\" data-element_type=\"container\" data-e-type=\"container\">\n\t\t\t\t\t<div class=\"e-con-inner\">\n\t\t\t\t<div class=\"elementor-element elementor-element-cad9b58 elementor-widget elementor-widget-html\" data-id=\"cad9b58\" data-element_type=\"widget\" data-e-type=\"widget\" data-widget_type=\"html.default\">\n\t\t\t\t\t<iframe width=\"560\" height=\"315\" src=\"https:\/\/www.youtube.com\/embed\/K26uN2nXR-g?si=y8ehMYIs3tZSiFdJ\" title=\"YouTube video player\" frameborder=\"0\" allow=\"accelerometer; autoplay; clipboard-write; encrypted-media; gyroscope; picture-in-picture; web-share\" referrerpolicy=\"strict-origin-when-cross-origin\" allowfullscreen><\/iframe>\t\t\t\t<\/div>\n\t\t\t\t\t<\/div>\n\t\t\t\t<\/div>\n\t\t<div data-particle_enable=\"false\" data-particle-mobile-disabled=\"false\" class=\"elementor-element elementor-element-68effb2 e-flex e-con-boxed e-con e-parent\" data-id=\"68effb2\" data-element_type=\"container\" data-e-type=\"container\">\n\t\t\t\t\t<div class=\"e-con-inner\">\n\t\t\t\t<div class=\"elementor-element elementor-element-c027bde elementor-widget elementor-widget-heading\" data-id=\"c027bde\" data-element_type=\"widget\" data-e-type=\"widget\" data-widget_type=\"heading.default\">\n\t\t\t\t\t<h3 class=\"elementor-heading-title elementor-size-default\">Retorno creativo: el arte como experiencia comunitaria<\/h3>\t\t\t\t<\/div>\n\t\t\t\t\t<\/div>\n\t\t\t\t<\/div>\n\t\t<div data-particle_enable=\"false\" data-particle-mobile-disabled=\"false\" class=\"elementor-element elementor-element-f5790a7 e-flex e-con-boxed e-con e-parent\" data-id=\"f5790a7\" data-element_type=\"container\" data-e-type=\"container\">\n\t\t\t\t\t<div class=\"e-con-inner\">\n\t\t\t\t<div class=\"elementor-element elementor-element-98f3280 elementor-widget elementor-widget-text-editor\" data-id=\"98f3280\" data-element_type=\"widget\" data-e-type=\"widget\" data-widget_type=\"text-editor.default\">\n\t\t\t\t\t\t\t\t\t<p>De regreso en Guatemala en 1982, fund\u00f3 el Laboratorio de Creatividad, junto a Benjam\u00edn Herrarte y Fernando Iturbide. Este colectivo performativo llev\u00f3 el arte a espacios p\u00fablicos, explorando la corporeidad, el ritual, los afectos y lo colectivo. Posteriormente, su trabajo incorpor\u00f3 collages y tem\u00e1ticas ecol\u00f3gicas, como en Ceremonia de amor a la Diosa Gaia, donde celebraba la conexi\u00f3n entre lo femenino y la Madre Tierra.<\/p>\t\t\t\t\t\t\t\t<\/div>\n\t\t\t\t\t<\/div>\n\t\t\t\t<\/div>\n\t\t<div data-particle_enable=\"false\" data-particle-mobile-disabled=\"false\" class=\"elementor-element elementor-element-2278bda e-flex e-con-boxed e-con e-parent\" data-id=\"2278bda\" data-element_type=\"container\" data-e-type=\"container\">\n\t\t\t\t\t<div class=\"e-con-inner\">\n\t\t\t\t<div class=\"elementor-element elementor-element-7e18977 elementor-widget elementor-widget-image\" data-id=\"7e18977\" data-element_type=\"widget\" data-e-type=\"widget\" data-widget_type=\"image.default\">\n\t\t\t\t\t\t\t\t\t\t\t\t\t\t\t<img decoding=\"async\" width=\"644\" height=\"644\" src=\"https:\/\/soymigrante.com\/revista\/wp-content\/uploads\/2025\/09\/02-azurdia-margarita.webp\" class=\"attachment-large size-large wp-image-43465\" alt=\"Anciana con cabello gris rizado, expresi\u00f3n pensativa y rostro reflexivo, usando una camiseta blanca, en un entorno natural, simbolizando experiencia y sabidur\u00eda.\" srcset=\"https:\/\/soymigrante.com\/revista\/wp-content\/uploads\/2025\/09\/02-azurdia-margarita.webp 644w, https:\/\/soymigrante.com\/revista\/wp-content\/uploads\/2025\/09\/02-azurdia-margarita-300x300.jpg 300w, https:\/\/soymigrante.com\/revista\/wp-content\/uploads\/2025\/09\/02-azurdia-margarita-150x150.jpg 150w, https:\/\/soymigrante.com\/revista\/wp-content\/uploads\/2025\/09\/02-azurdia-margarita-75x75.webp 75w\" sizes=\"(max-width: 644px) 100vw, 644px\" title=\"Despertar en el para\u00edso pero sin Ad\u00e1n sola yo reina \u00fanica due\u00f1a de mi ser como deber\u00eda ser para so\u00f1ar y crearme una imagen diferente de mi serpiente.  POEMA DE Margarita Azurdia, incluida en Para conjurar el sue\u00f1o \u2013 SoyMigrante.com REVISTA\" \/>\t\t\t\t\t\t\t\t\t\t\t\t\t\t\t<\/div>\n\t\t\t\t\t<\/div>\n\t\t\t\t<\/div>\n\t\t<div data-particle_enable=\"false\" data-particle-mobile-disabled=\"false\" class=\"elementor-element elementor-element-f843f48 e-flex e-con-boxed e-con e-parent\" data-id=\"f843f48\" data-element_type=\"container\" data-e-type=\"container\">\n\t\t\t\t\t<div class=\"e-con-inner\">\n\t\t\t\t<div class=\"elementor-element elementor-element-e3c98e7 elementor-widget elementor-widget-text-editor\" data-id=\"e3c98e7\" data-element_type=\"widget\" data-e-type=\"widget\" data-widget_type=\"text-editor.default\">\n\t\t\t\t\t\t\t\t\t<p><i><b>Despertar en el para\u00edso<br \/>pero sin Ad\u00e1n<br \/>sola yo<br \/>reina<br \/>\u00fanica due\u00f1a de mi ser<br \/>como deber\u00eda ser<br \/>para so\u00f1ar<br \/>y crearme<br \/>una imagen diferente<br \/>de mi serpiente.<\/b><\/i><\/p><p>POEMA DE Margarita Azurdia (1931-1998)<\/p>\t\t\t\t\t\t\t\t<\/div>\n\t\t\t\t\t<\/div>\n\t\t\t\t<\/div>\n\t\t<div data-particle_enable=\"false\" data-particle-mobile-disabled=\"false\" class=\"elementor-element elementor-element-deef8eb e-flex e-con-boxed e-con e-parent\" data-id=\"deef8eb\" data-element_type=\"container\" data-e-type=\"container\">\n\t\t\t\t\t<div class=\"e-con-inner\">\n\t\t\t\t<div class=\"elementor-element elementor-element-3559e12 elementor-widget elementor-widget-heading\" data-id=\"3559e12\" data-element_type=\"widget\" data-e-type=\"widget\" data-widget_type=\"heading.default\">\n\t\t\t\t\t<h3 class=\"elementor-heading-title elementor-size-default\">Legado y reconocimiento<\/h3>\t\t\t\t<\/div>\n\t\t\t\t\t<\/div>\n\t\t\t\t<\/div>\n\t\t<div data-particle_enable=\"false\" data-particle-mobile-disabled=\"false\" class=\"elementor-element elementor-element-b46fb0e e-flex e-con-boxed e-con e-parent\" data-id=\"b46fb0e\" data-element_type=\"container\" data-e-type=\"container\">\n\t\t\t\t\t<div class=\"e-con-inner\">\n\t\t\t\t<div class=\"elementor-element elementor-element-4def468 elementor-widget elementor-widget-text-editor\" data-id=\"4def468\" data-element_type=\"widget\" data-e-type=\"widget\" data-widget_type=\"text-editor.default\">\n\t\t\t\t\t\t\t\t\t<p><a href=\"https:\/\/www.facebook.com\/profile.php?id=100082191252632\" target=\"_blank\" rel=\"noopener\">Margarita Azurdia fue una pionera del performance en Guatemala y una figura clave en la historia del arte moderno centroamericano.<\/a> En reconocimiento a su obra, en 2022 el Museo Reina Sof\u00eda en Madrid dedic\u00f3 a su trabajo una exposici\u00f3n monogr\u00e1fica titulada Margarita Rita Rica Dinamita, mostrando m\u00e1s de 100 obras y resaltando su dimensi\u00f3n espiritual, transgresora y de transformaci\u00f3n.<\/p><p>Adem\u00e1s, su obra contin\u00faa presente en espacios p\u00fablicos de Guatemala; por ejemplo, un mural en la zona 1 reproduce su estilo geom\u00e9trico como homenaje vivo. En Guatemala tambi\u00e9n se conserva su legado en el Museo Margarita Azurdia, ubicado en su antigua residencia, preservando esculturas, pinturas y poes\u00eda.<\/p>\t\t\t\t\t\t\t\t<\/div>\n\t\t\t\t\t<\/div>\n\t\t\t\t<\/div>\n\t\t<div data-particle_enable=\"false\" data-particle-mobile-disabled=\"false\" class=\"elementor-element elementor-element-374ba30 e-flex e-con-boxed e-con e-parent\" data-id=\"374ba30\" data-element_type=\"container\" data-e-type=\"container\">\n\t\t\t\t\t<div class=\"e-con-inner\">\n\t\t\t\t<div class=\"elementor-element elementor-element-a0fd9da elementor-widget elementor-widget-image\" data-id=\"a0fd9da\" data-element_type=\"widget\" data-e-type=\"widget\" data-widget_type=\"image.default\">\n\t\t\t\t\t\t\t\t\t\t\t\t<figure class=\"wp-caption\">\n\t\t\t\t\t\t\t\t\t\t<img loading=\"lazy\" decoding=\"async\" width=\"830\" height=\"640\" src=\"https:\/\/soymigrante.com\/revista\/wp-content\/uploads\/2025\/09\/MARGARITA-AZURDIA-2.webp\" class=\"attachment-large size-large wp-image-43466\" alt=\"Sue\u00f1o de un ser m\u00e1gico con alas amarillas, junto a una criatura amarilla en una tierra imaginaria, rodeados de figuras et\u00e9reas en un cielo azul, transmitiendo esperanza y fantas\u00eda en un estilo infantil.\" srcset=\"https:\/\/soymigrante.com\/revista\/wp-content\/uploads\/2025\/09\/MARGARITA-AZURDIA-2.webp 830w, https:\/\/soymigrante.com\/revista\/wp-content\/uploads\/2025\/09\/MARGARITA-AZURDIA-2-300x231.png 300w, https:\/\/soymigrante.com\/revista\/wp-content\/uploads\/2025\/09\/MARGARITA-AZURDIA-2-768x592.png 768w, https:\/\/soymigrante.com\/revista\/wp-content\/uploads\/2025\/09\/MARGARITA-AZURDIA-2-750x578.webp 750w\" sizes=\"(max-width: 830px) 100vw, 830px\" title=\"En su constante inquietud creativa, Margarita Azurdia elabor\u00f3 libros de dibujos con poemas, bajo el seud\u00f3nimo Margarita Rita Rica \u2013 SoyMigrante.com REVISTA\" \/>\t\t\t\t\t\t\t\t\t\t\t<figcaption class=\"widget-image-caption wp-caption-text\">Revista SoyMigrante.com presenta ilustraciones de fantas\u00eda y sue\u00f1os de migrantes, con un estilo art\u00edstico infantil y colorido que refleja esperanza y cultura migrante.<\/figcaption>\n\t\t\t\t\t\t\t\t\t\t<\/figure>\n\t\t\t\t\t\t\t\t\t<\/div>\n\t\t\t\t\t<\/div>\n\t\t\t\t<\/div>\n\t\t<div data-particle_enable=\"false\" data-particle-mobile-disabled=\"false\" class=\"elementor-element elementor-element-aed1e34 e-flex e-con-boxed e-con e-parent\" data-id=\"aed1e34\" data-element_type=\"container\" data-e-type=\"container\">\n\t\t\t\t\t<div class=\"e-con-inner\">\n\t\t\t\t<div class=\"elementor-element elementor-element-db609b3 elementor-widget elementor-widget-heading\" data-id=\"db609b3\" data-element_type=\"widget\" data-e-type=\"widget\" data-widget_type=\"heading.default\">\n\t\t\t\t\t<h3 class=\"elementor-heading-title elementor-size-default\">Por qu\u00e9 Margarota Azurdia sigue siendo importante<\/h3>\t\t\t\t<\/div>\n\t\t\t\t\t<\/div>\n\t\t\t\t<\/div>\n\t\t<div data-particle_enable=\"false\" data-particle-mobile-disabled=\"false\" class=\"elementor-element elementor-element-e148bcb e-flex e-con-boxed e-con e-parent\" data-id=\"e148bcb\" data-element_type=\"container\" data-e-type=\"container\">\n\t\t\t\t\t<div class=\"e-con-inner\">\n\t\t\t\t<div class=\"elementor-element elementor-element-3339b10 elementor-widget elementor-widget-text-editor\" data-id=\"3339b10\" data-element_type=\"widget\" data-e-type=\"widget\" data-widget_type=\"text-editor.default\">\n\t\t\t\t\t\t\t\t\t<div><strong>\u2022 Vanguardia multidisciplinaria:<\/strong> Azurdia rompi\u00f3 con los c\u00e1nones art\u00edsticos del pa\u00eds, innovando en pintura, escultura, performance y literatura visual.<\/div><div><strong>\u2022Conciencia feminista y ecol\u00f3gica:<\/strong> Fue una voz pionera en reivindicar el arte como espacio de reflexi\u00f3n sobre g\u00e9nero, naturaleza y espiritualidad.<\/div><div><strong>\u2022Reinterpretaci\u00f3n cultural<\/strong>: Su obra dialoga con la identidad guatemalteca integrando s\u00edmbolos ancestrales, sincretismos y realismo m\u00e1gico, pero tambi\u00e9n cr\u00edtica social.<\/div><div><strong>\u2022Esp\u00edritu de experimentaci\u00f3n:<\/strong> Su pregunta central \u2014\u00bfC\u00f3mo se puede experimentar m\u00e1s?\u2014 resume su b\u00fasqueda constante por expandir los l\u00edmites del arte como experiencia vivida.<\/div>\t\t\t\t\t\t\t\t<\/div>\n\t\t\t\t\t<\/div>\n\t\t\t\t<\/div>\n\t\t<div data-particle_enable=\"false\" data-particle-mobile-disabled=\"false\" class=\"elementor-element elementor-element-09bc43a e-flex e-con-boxed e-con e-parent\" data-id=\"09bc43a\" data-element_type=\"container\" data-e-type=\"container\">\n\t\t\t\t\t<div class=\"e-con-inner\">\n\t\t\t\t<div class=\"elementor-element elementor-element-885d1fc elementor-invisible elementor-widget elementor-widget-facebook-embed\" data-id=\"885d1fc\" data-element_type=\"widget\" data-e-type=\"widget\" data-settings=\"{&quot;_animation&quot;:&quot;zoomInDown&quot;}\" data-widget_type=\"facebook-embed.default\">\n\t\t\t\t\t<div style=\"min-height: 1px\" class=\"elementor-facebook-widget fb-post\" data-href=\"https:\/\/www.facebook.com\/photo\/?fbid=111586938257681&#038;set=ecnf.100082191252632\" data-show-text=\"false\"><\/div>\t\t\t\t<\/div>\n\t\t\t\t\t<\/div>\n\t\t\t\t<\/div>\n\t\t<div data-particle_enable=\"false\" data-particle-mobile-disabled=\"false\" class=\"elementor-element elementor-element-ed42d6f e-flex e-con-boxed e-con e-parent\" data-id=\"ed42d6f\" data-element_type=\"container\" data-e-type=\"container\">\n\t\t\t\t\t<div class=\"e-con-inner\">\n\t\t\t\t<div class=\"elementor-element elementor-element-05bf7b9 elementor-widget elementor-widget-heading\" data-id=\"05bf7b9\" data-element_type=\"widget\" data-e-type=\"widget\" data-widget_type=\"heading.default\">\n\t\t\t\t\t<h3 class=\"elementor-heading-title elementor-size-default\">\u201cMargarita Azurdia: la \u2018dinamita creativa\u2019 que explot\u00f3 los l\u00edmites del arte guatemalteco\u201d<\/h3>\t\t\t\t<\/div>\n\t\t\t\t\t<\/div>\n\t\t\t\t<\/div>\n\t\t<div data-particle_enable=\"false\" data-particle-mobile-disabled=\"false\" class=\"elementor-element elementor-element-0049ca8 e-flex e-con-boxed e-con e-parent\" data-id=\"0049ca8\" data-element_type=\"container\" data-e-type=\"container\">\n\t\t\t\t\t<div class=\"e-con-inner\">\n\t\t\t\t<div class=\"elementor-element elementor-element-003236f elementor-widget elementor-widget-text-editor\" data-id=\"003236f\" data-element_type=\"widget\" data-e-type=\"widget\" data-widget_type=\"text-editor.default\">\n\t\t\t\t\t\t\t\t\t<p><a href=\"https:\/\/www.facebook.com\/profile.php?id=100082191252632\" target=\"_blank\" rel=\"noopener\">Desde su Antigua natal hasta Par\u00eds, Margarita Azurdia reinvent\u00f3 su vida y su obra en una cascada de identidades<\/a>, g\u00e9neros art\u00edsticos y exploraciones espirituales. Su obra, transgresora y femenina, pint\u00f3 el cuerpo, la memoria y el ritual con colores de resistencia y luz, convirtiendo el arte en un espacio po\u00e9tico, pol\u00edtico y profundamente transformador.<\/p>\t\t\t\t\t\t\t\t<\/div>\n\t\t\t\t\t<\/div>\n\t\t\t\t<\/div>\n\t\t<div data-particle_enable=\"false\" data-particle-mobile-disabled=\"false\" class=\"elementor-element elementor-element-ff75c75 e-flex e-con-boxed e-con e-parent\" data-id=\"ff75c75\" data-element_type=\"container\" data-e-type=\"container\">\n\t\t\t\t\t<div class=\"e-con-inner\">\n\t\t\t\t<div class=\"elementor-element elementor-element-be4a9a5 elementor-invisible elementor-widget elementor-widget-facebook-embed\" data-id=\"be4a9a5\" data-element_type=\"widget\" data-e-type=\"widget\" data-settings=\"{&quot;_animation&quot;:&quot;zoomInDown&quot;}\" data-widget_type=\"facebook-embed.default\">\n\t\t\t\t\t<div style=\"min-height: 1px\" class=\"elementor-facebook-widget fb-video\" data-href=\"https:\/\/www.facebook.com\/museocarlosmerida\/videos\/681184116700738\" data-show-text=\"false\" data-allowfullscreen=\"false\" data-autoplay=\"false\" data-show-captions=\"false\"><\/div>\t\t\t\t<\/div>\n\t\t\t\t\t<\/div>\n\t\t\t\t<\/div>\n\t\t<div data-particle_enable=\"false\" data-particle-mobile-disabled=\"false\" class=\"elementor-element elementor-element-09625fb e-flex e-con-boxed e-con e-parent\" data-id=\"09625fb\" data-element_type=\"container\" data-e-type=\"container\">\n\t\t\t\t\t<div class=\"e-con-inner\">\n\t\t\t\t<div class=\"elementor-element elementor-element-1db96e5 elementor-widget elementor-widget-heading\" data-id=\"1db96e5\" data-element_type=\"widget\" data-e-type=\"widget\" data-widget_type=\"heading.default\">\n\t\t\t\t\t<h2 class=\"elementor-heading-title elementor-size-default\">Conoce m\u00e1s del arte de Guatemala, ac\u00e1...<\/h2>\t\t\t\t<\/div>\n\t\t\t\t\t<\/div>\n\t\t\t\t<\/div>\n\t\t<div data-particle_enable=\"false\" data-particle-mobile-disabled=\"false\" class=\"elementor-element elementor-element-c17c437 e-flex e-con-boxed e-con e-parent\" data-id=\"c17c437\" data-element_type=\"container\" data-e-type=\"container\">\n\t\t\t\t\t<div class=\"e-con-inner\">\n\t\t\t\t<div class=\"elementor-element elementor-element-6e2fb0e elementor-grid-eael-col-3 elementor-grid-tablet-eael-col-2 elementor-grid-mobile-eael-col-1 elementor-widget elementor-widget-eael-post-grid\" data-id=\"6e2fb0e\" data-element_type=\"widget\" data-e-type=\"widget\" data-settings=\"{&quot;eael_post_grid_columns&quot;:&quot;eael-col-3&quot;,&quot;eael_post_grid_columns_tablet&quot;:&quot;eael-col-2&quot;,&quot;eael_post_grid_columns_mobile&quot;:&quot;eael-col-1&quot;}\" data-widget_type=\"eael-post-grid.default\">\n\t\t\t\t\t<div id=\"eael-post-grid-6e2fb0e\" class=\"eael-post-grid-container\">\n            <div class=\"eael-post-grid eael-post-appender eael-post-appender-6e2fb0e eael-post-grid-style-one\" data-layout-mode=\"masonry\"><article class=\"eael-grid-post  eael-post-grid-column eael-pg-post-2149 category-exitos\" data-id=\"2149\">\n        <div class=\"eael-grid-post-holder\">\n            <div class=\"eael-grid-post-holder-inner\"><div class=\"eael-entry-media\"><div class=\"eael-entry-overlay fade-in\"><i class=\"far fa-hand-pointer\" aria-hidden=\"true\"><\/i><a href=\"https:\/\/soymigrante.com\/revista\/lesly-cruz-empoderamiento-artesanas-guatemala\/\"><\/a><\/div><div class=\"eael-entry-thumbnail \">\n                <img loading=\"lazy\" decoding=\"async\" width=\"830\" height=\"1024\" src=\"https:\/\/soymigrante.com\/revista\/wp-content\/uploads\/2023\/08\/Apoya-el-talento-local-en-especial-de-los-y-las-artesanas-de-Guatemala--830x1024.webp\" class=\"attachment-large size-large wp-image-2161\" alt=\"Apoya el talento local en especial de los y las artesanas de Guatemala\" srcset=\"https:\/\/soymigrante.com\/revista\/wp-content\/uploads\/2023\/08\/Apoya-el-talento-local-en-especial-de-los-y-las-artesanas-de-Guatemala--830x1024.webp 830w, https:\/\/soymigrante.com\/revista\/wp-content\/uploads\/2023\/08\/Apoya-el-talento-local-en-especial-de-los-y-las-artesanas-de-Guatemala--243x300.webp 243w, https:\/\/soymigrante.com\/revista\/wp-content\/uploads\/2023\/08\/Apoya-el-talento-local-en-especial-de-los-y-las-artesanas-de-Guatemala--768x948.webp 768w, https:\/\/soymigrante.com\/revista\/wp-content\/uploads\/2023\/08\/Apoya-el-talento-local-en-especial-de-los-y-las-artesanas-de-Guatemala--750x925.webp 750w, https:\/\/soymigrante.com\/revista\/wp-content\/uploads\/2023\/08\/Apoya-el-talento-local-en-especial-de-los-y-las-artesanas-de-Guatemala-.webp 1078w\" sizes=\"(max-width: 830px) 100vw, 830px\" \/>\n            <\/div>\n        <\/div><div class=\"eael-entry-wrapper\"><header class=\"eael-entry-header\"><h2 class=\"eael-entry-title\"><a class=\"eael-grid-post-link\" href=\"https:\/\/soymigrante.com\/revista\/lesly-cruz-empoderamiento-artesanas-guatemala\/\" title=\"Lesly Cruz: Emprendedora que eleva el arte guatemalteco\">Lesly Cruz: Emprendedora que eleva el arte guatemalteco<\/a><\/h2><\/header><div class=\"eael-entry-content\">\n                        <div class=\"eael-grid-post-excerpt\"><a href=\"https:\/\/soymigrante.com\/revista\/lesly-cruz-empoderamiento-artesanas-guatemala\/\" class=\"eael-post-elements-readmore-btn\">CONOCE SU HISTORIA <\/a><\/div>\n                    <\/div><\/div><\/div>\n        <\/div>\n    <\/article><article class=\"eael-grid-post  eael-post-grid-column eael-pg-post-3381 category-exitos\" data-id=\"3381\">\n        <div class=\"eael-grid-post-holder\">\n            <div class=\"eael-grid-post-holder-inner\"><div class=\"eael-entry-media\"><div class=\"eael-entry-overlay fade-in\"><i class=\"far fa-hand-pointer\" aria-hidden=\"true\"><\/i><a href=\"https:\/\/soymigrante.com\/revista\/migrante-fredy-hernandez-impulsa-musica-arte-y-shukos-gourmet\/\"><\/a><\/div><div class=\"eael-entry-thumbnail \">\n                <img loading=\"lazy\" decoding=\"async\" width=\"1024\" height=\"977\" src=\"https:\/\/soymigrante.com\/revista\/wp-content\/uploads\/2023\/11\/fredo-2-1024x977.webp\" class=\"attachment-large size-large wp-image-3393\" alt=\"\" srcset=\"https:\/\/soymigrante.com\/revista\/wp-content\/uploads\/2023\/11\/fredo-2-1024x977.webp 1024w, https:\/\/soymigrante.com\/revista\/wp-content\/uploads\/2023\/11\/fredo-2-300x286.webp 300w, https:\/\/soymigrante.com\/revista\/wp-content\/uploads\/2023\/11\/fredo-2-768x733.webp 768w, https:\/\/soymigrante.com\/revista\/wp-content\/uploads\/2023\/11\/fredo-2-750x716.webp 750w, https:\/\/soymigrante.com\/revista\/wp-content\/uploads\/2023\/11\/fredo-2-1140x1088.webp 1140w, https:\/\/soymigrante.com\/revista\/wp-content\/uploads\/2023\/11\/fredo-2.webp 1425w\" sizes=\"(max-width: 1024px) 100vw, 1024px\" \/>\n            <\/div>\n        <\/div><div class=\"eael-entry-wrapper\"><header class=\"eael-entry-header\"><h2 class=\"eael-entry-title\"><a class=\"eael-grid-post-link\" href=\"https:\/\/soymigrante.com\/revista\/migrante-fredy-hernandez-impulsa-musica-arte-y-shukos-gourmet\/\" title=\"Migrante Fredy Hern\u00e1ndez impulsa m\u00fasica, arte y shukos gourmet\">Migrante Fredy Hern\u00e1ndez impulsa m\u00fasica, arte y shukos gourmet<\/a><\/h2><\/header><div class=\"eael-entry-content\">\n                        <div class=\"eael-grid-post-excerpt\"><a href=\"https:\/\/soymigrante.com\/revista\/migrante-fredy-hernandez-impulsa-musica-arte-y-shukos-gourmet\/\" class=\"eael-post-elements-readmore-btn\">CONOCE SU HISTORIA <\/a><\/div>\n                    <\/div><\/div><\/div>\n        <\/div>\n    <\/article><article class=\"eael-grid-post  eael-post-grid-column eael-pg-post-5308 category-guate-nuestra\" data-id=\"5308\">\n        <div class=\"eael-grid-post-holder\">\n            <div class=\"eael-grid-post-holder-inner\"><div class=\"eael-entry-media\"><div class=\"eael-entry-overlay fade-in\"><i class=\"far fa-hand-pointer\" aria-hidden=\"true\"><\/i><a href=\"https:\/\/soymigrante.com\/revista\/arte-de-guatemala-artista-rodolfo-galeotti-quetzalteco-historia\/\"><\/a><\/div><div class=\"eael-entry-thumbnail \">\n                <img loading=\"lazy\" decoding=\"async\" width=\"641\" height=\"577\" src=\"https:\/\/soymigrante.com\/revista\/wp-content\/uploads\/2024\/03\/tec-1.webp\" class=\"attachment-large size-large wp-image-5358\" alt=\"Galeotti Torres escultor arte de Guatemala\" srcset=\"https:\/\/soymigrante.com\/revista\/wp-content\/uploads\/2024\/03\/tec-1.webp 641w, https:\/\/soymigrante.com\/revista\/wp-content\/uploads\/2024\/03\/tec-1-300x270.webp 300w\" sizes=\"(max-width: 641px) 100vw, 641px\" \/>\n            <\/div>\n        <\/div><div class=\"eael-entry-wrapper\"><header class=\"eael-entry-header\"><h2 class=\"eael-entry-title\"><a class=\"eael-grid-post-link\" href=\"https:\/\/soymigrante.com\/revista\/arte-de-guatemala-artista-rodolfo-galeotti-quetzalteco-historia\/\" title=\"Galeotti Torres le puso arte y rostro a la historia de Guatemala\">Galeotti Torres le puso arte y rostro a la historia de Guatemala<\/a><\/h2><\/header><div class=\"eael-entry-content\">\n                        <div class=\"eael-grid-post-excerpt\"><a href=\"https:\/\/soymigrante.com\/revista\/arte-de-guatemala-artista-rodolfo-galeotti-quetzalteco-historia\/\" class=\"eael-post-elements-readmore-btn\">CONOCE SU HISTORIA <\/a><\/div>\n                    <\/div><\/div><\/div>\n        <\/div>\n    <\/article><\/div>\n            <div class=\"clearfix\"><\/div>\n        <\/div>\t\t\t\t<\/div>\n\t\t\t\t\t<\/div>\n\t\t\t\t<\/div>\n\t\t<div data-particle_enable=\"false\" data-particle-mobile-disabled=\"false\" class=\"elementor-element elementor-element-69463f6 e-flex e-con-boxed e-con e-parent\" data-id=\"69463f6\" data-element_type=\"container\" data-e-type=\"container\">\n\t\t\t\t\t<div class=\"e-con-inner\">\n\t\t\t\t<div class=\"elementor-element elementor-element-33155b7 elementor-widget elementor-widget-html\" data-id=\"33155b7\" data-element_type=\"widget\" data-e-type=\"widget\" data-widget_type=\"html.default\">\n\t\t\t\t\t \t\t\t\t<\/div>\n\t\t\t\t\t<\/div>\n\t\t\t\t<\/div>\n\t\t\t\t<\/div>\n\t\t","protected":false},"excerpt":{"rendered":"<p>Margarita Azurdia (1931-1998) se rebel\u00f3 contra los convencionalismos pero a la vez tom\u00f3 elementos tradicionales de la identidad multicultural guatemalteca para convertirlos en discurso revolucionario. Margarita Azurdia fue una creadora polifac\u00e9tica: escultora, pintora, poeta, performer y pensadora feminista. Naci\u00f3 en 1931 y muri\u00f3 en 1998, pero no sin dejar una obra que sigue siendo desafiante [&hellip;]<\/p>\n","protected":false},"author":19,"featured_media":43453,"comment_status":"open","ping_status":"open","sticky":false,"template":"","format":"standard","meta":{"_acf_changed":false,"_eb_attr":"","footnotes":""},"categories":[91],"tags":[],"class_list":["post-43164","post","type-post","status-publish","format-standard","has-post-thumbnail","hentry","category-arte-cultura"],"acf":[],"aioseo_notices":[],"aioseo_head":"\n\t\t<!-- All in One SEO Pro 4.9.6.2 - aioseo.com -->\n\t<meta name=\"description\" content=\"Rodolfo Galeotti Torres es considerado el artista guatemalteco de la pl\u00e1stica con m\u00e1s obra p\u00fablica del pa\u00eds: m\u00e1s de 100 esculturas en plazas, museos y monumentos. Naci\u00f3 en Quetzaltenango en 1912 y a los 19 a\u00f1os migr\u00f3 a Italia para estudiar bellas artes El artista Andr\u00e9s Galeotti Barantini, lleg\u00f3 a Guatemala en la d\u00e9cada de Rodolfo Galeotti Torres es considerado el artista guatemalteco de la pl\u00e1stica con m\u00e1s obra p\u00fablica del pa\u00eds.\" \/>\n\t<meta name=\"robots\" content=\"max-snippet:-1, max-image-preview:large, max-video-preview:-1\" \/>\n\t<meta name=\"author\" content=\"Marysabel Aldana\"\/>\n\t<link rel=\"canonical\" href=\"https:\/\/soymigrante.com\/revista\/mira-arte-guatemalteco-margarita-azurdia-nunca-deja-de-sorprender\/\" \/>\n\t<meta name=\"generator\" content=\"All in One SEO Pro (AIOSEO) 4.9.6.2\" \/>\n\n\t\t<link rel=\"preconnect\" href=\"https:\/\/fonts.googleapis.com\" crossorigin>\n<link rel=\"preconnect\" href=\"https:\/\/fonts.gstatic.com\" crossorigin>\n\t\t<meta property=\"og:locale\" content=\"es_ES\" \/>\n\t\t<meta property=\"og:site_name\" content=\"SoyMigrante.com REVISTA \u2013 Nuestra misi\u00f3n es reconocer y dignificar al migrante.\" \/>\n\t\t<meta property=\"og:type\" content=\"article\" \/>\n\t\t<meta property=\"og:title\" content=\"Mira arte guatemalteco: Margarita Azurdia nunca deja de sorprender\" \/>\n\t\t<meta property=\"og:description\" content=\"Margarita Azurdia (1931-1998) sigue sorprendiendo con sus esculturas desafiantes y en movimiento, con un colorido basado en la multiculturalidad guatemalteca.\" \/>\n\t\t<meta property=\"og:url\" content=\"https:\/\/soymigrante.com\/revista\/mira-arte-guatemalteco-margarita-azurdia-nunca-deja-de-sorprender\/\" \/>\n\t\t<meta property=\"og:image\" content=\"https:\/\/soymigrante.com\/revista\/wp-content\/uploads\/2025\/08\/arte-guatemalteco-Margarita-Azurdia-2.webp\" \/>\n\t\t<meta property=\"og:image:secure_url\" content=\"https:\/\/soymigrante.com\/revista\/wp-content\/uploads\/2025\/08\/arte-guatemalteco-Margarita-Azurdia-2.webp\" \/>\n\t\t<meta property=\"og:image:width\" content=\"895\" \/>\n\t\t<meta property=\"og:image:height\" content=\"884\" \/>\n\t\t<meta property=\"article:published_time\" content=\"2025-09-02T13:00:00+00:00\" \/>\n\t\t<meta property=\"article:modified_time\" content=\"2025-09-19T13:25:17+00:00\" \/>\n\t\t<meta property=\"article:publisher\" content=\"https:\/\/www.facebook.com\/soymigrantecom\" \/>\n\t\t<meta name=\"twitter:card\" content=\"summary_large_image\" \/>\n\t\t<meta name=\"twitter:site\" content=\"@SoyMigrante_com\" \/>\n\t\t<meta name=\"twitter:title\" content=\"Mira arte guatemalteco: Margarita Azurdia nunca deja de sorprender\" \/>\n\t\t<meta name=\"twitter:description\" content=\"Margarita Azurdia (1931-1998) sigue sorprendiendo con sus esculturas desafiantes y en movimiento, con un colorido basado en la multiculturalidad guatemalteca.\" \/>\n\t\t<meta name=\"twitter:creator\" content=\"@SoyMigrante_com\" \/>\n\t\t<meta name=\"twitter:image\" content=\"https:\/\/soymigrante.com\/revista\/wp-content\/uploads\/2025\/08\/arte-guatemalteco-Margarita-Azurdia-2.webp\" \/>\n\t\t<!-- All in One SEO Pro -->\r\n\t\t<title>Mira arte guatemalteco: Margarita Azurdia nunca deja de sorprender<\/title>\n\n","aioseo_head_json":{"title":"Mira arte guatemalteco: Margarita Azurdia nunca deja de sorprender","description":"Margarita Azurdia (1931-1998) sigue sorprendiendo con sus esculturas desafiantes y en movimiento, con un colorido basado en la multiculturalidad guatemalteca.","canonical_url":"https:\/\/soymigrante.com\/revista\/mira-arte-guatemalteco-margarita-azurdia-nunca-deja-de-sorprender\/","robots":"max-snippet:-1, max-image-preview:large, max-video-preview:-1","keywords":"","webmasterTools":{"miscellaneous":"&lt;link rel=\"preconnect\" href=\"https:\/\/fonts.googleapis.com\" crossorigin&gt;\n&lt;link rel=\"preconnect\" href=\"https:\/\/fonts.gstatic.com\" crossorigin&gt;"},"schema":null,"og:locale":"es_ES","og:site_name":"SoyMigrante.com REVISTA \u2013 Nuestra misi\u00f3n es reconocer y dignificar al migrante.","og:type":"article","og:title":"Mira arte guatemalteco: Margarita Azurdia nunca deja de sorprender","og:description":"Margarita Azurdia (1931-1998) sigue sorprendiendo con sus esculturas desafiantes y en movimiento, con un colorido basado en la multiculturalidad guatemalteca.","og:url":"https:\/\/soymigrante.com\/revista\/mira-arte-guatemalteco-margarita-azurdia-nunca-deja-de-sorprender\/","og:image":"https:\/\/soymigrante.com\/revista\/wp-content\/uploads\/2025\/08\/arte-guatemalteco-Margarita-Azurdia-2.webp","og:image:secure_url":"https:\/\/soymigrante.com\/revista\/wp-content\/uploads\/2025\/08\/arte-guatemalteco-Margarita-Azurdia-2.webp","og:image:width":895,"og:image:height":884,"article:published_time":"2025-09-02T13:00:00+00:00","article:modified_time":"2025-09-19T13:25:17+00:00","article:publisher":"https:\/\/www.facebook.com\/soymigrantecom","twitter:card":"summary_large_image","twitter:site":"@SoyMigrante_com","twitter:title":"Mira arte guatemalteco: Margarita Azurdia nunca deja de sorprender","twitter:description":"Margarita Azurdia (1931-1998) sigue sorprendiendo con sus esculturas desafiantes y en movimiento, con un colorido basado en la multiculturalidad guatemalteca.","twitter:creator":"@SoyMigrante_com","twitter:image":"https:\/\/soymigrante.com\/revista\/wp-content\/uploads\/2025\/08\/arte-guatemalteco-Margarita-Azurdia-2.webp"},"aioseo_meta_data":{"post_id":"43164","title":null,"description":"Margarita Azurdia (1931-1998) sigue sorprendiendo con sus esculturas desafiantes y en movimiento, con un colorido basado en la multiculturalidad guatemalteca.","keywords":null,"keyphrases":{"focus":{"keyphrase":"Margarita Azurdia","score":91,"analysis":{"keyphraseInTitle":{"score":9,"maxScore":9,"error":0},"keyphraseInDescription":{"score":9,"maxScore":9,"error":0},"keyphraseLength":{"score":9,"maxScore":9,"error":0,"length":2},"keyphraseInURL":{"score":5,"maxScore":5,"error":0},"keyphraseInIntroduction":{"score":9,"maxScore":9,"error":0},"keyphraseInSubHeadings":{"score":3,"maxScore":9,"error":1},"keyphraseInImageAlt":{"score":9,"maxScore":9,"error":0},"keywordDensity":{"type":"best","score":9,"maxScore":9,"error":0}}},"additional":[{"keyphrase":"artista","score":40,"analysis":{"keyphraseInDescription":{"score":3,"maxScore":9,"error":1},"keyphraseLength":{"score":9,"maxScore":9,"error":0,"length":1},"keyphraseInIntroduction":{"score":3,"maxScore":9,"error":1},"keyphraseInImageAlt":{"score":3,"maxScore":9,"error":1},"keywordDensity":{"score":0,"type":"low","maxScore":9,"error":1}}},{"keyphrase":"Arte","score":73,"analysis":{"keyphraseInDescription":{"score":3,"maxScore":9,"error":1},"keyphraseLength":{"score":9,"maxScore":9,"error":0,"length":1},"keyphraseInIntroduction":{"score":3,"maxScore":9,"error":1},"keyphraseInImageAlt":{"score":9,"maxScore":9,"error":0},"keywordDensity":{"type":"best","score":9,"maxScore":9,"error":0}}}]},"primary_term":null,"canonical_url":null,"og_title":null,"og_description":null,"og_object_type":"default","og_image_type":"default","og_image_url":null,"og_image_width":null,"og_image_height":null,"og_image_custom_url":null,"og_image_custom_fields":null,"og_video":"","og_custom_url":null,"og_article_section":null,"og_article_tags":null,"twitter_use_og":false,"twitter_card":"default","twitter_image_type":"default","twitter_image_url":null,"twitter_image_custom_url":null,"twitter_image_custom_fields":null,"twitter_title":null,"twitter_description":null,"schema":{"blockGraphs":[],"customGraphs":[],"default":{"data":{"Article":[],"Course":[],"Dataset":[],"FAQPage":[],"Movie":[],"Person":[],"Product":[],"ProductReview":[],"Car":[],"Recipe":[],"Service":[],"SoftwareApplication":[],"WebPage":[]},"graphName":"none","isEnabled":true},"graphs":[]},"schema_type":"default","schema_type_options":null,"pillar_content":false,"robots_default":true,"robots_noindex":false,"robots_noarchive":false,"robots_nosnippet":false,"robots_nofollow":false,"robots_noimageindex":false,"robots_noodp":false,"robots_notranslate":false,"robots_max_snippet":"-1","robots_max_videopreview":"-1","robots_max_imagepreview":"large","priority":null,"frequency":"default","local_seo":null,"seo_analyzer_scan_date":"2025-10-09 08:13:43","breadcrumb_settings":null,"limit_modified_date":false,"reviewed_by":"0","open_ai":null,"ai":{"faqs":[],"keyPoints":[],"titles":[],"descriptions":[],"socialPosts":{"email":[],"linkedin":[],"twitter":[],"facebook":[],"instagram":[]}},"created":"2025-08-29 18:52:11","updated":"2026-02-05 04:30:36"},"aioseo_breadcrumb":"<div class=\"aioseo-breadcrumbs\"><span class=\"aioseo-breadcrumb\">\n\t<a href=\"https:\/\/soymigrante.com\/revista\" title=\"Home\">Home<\/a>\n<\/span><span class=\"aioseo-breadcrumb-separator\">\u00bb<\/span><span class=\"aioseo-breadcrumb\">\n\t<a href=\"https:\/\/soymigrante.com\/revista\/category\/guate-nuestra\/\" title=\"Guate Nuestra\">Guate Nuestra<\/a>\n<\/span><span class=\"aioseo-breadcrumb-separator\">\u00bb<\/span><span class=\"aioseo-breadcrumb\">\n\t<a href=\"https:\/\/soymigrante.com\/revista\/category\/guate-nuestra\/arte-cultura\/\" title=\"Cultura de Guatemala\">Cultura de Guatemala<\/a>\n<\/span><span class=\"aioseo-breadcrumb-separator\">\u00bb<\/span><span class=\"aioseo-breadcrumb\">\n\tMira arte guatemalteco: Margarita Azurdia nunca deja de sorprender\n<\/span><\/div>","aioseo_breadcrumb_json":[{"label":"Home","link":"https:\/\/soymigrante.com\/revista"},{"label":"Guate Nuestra","link":"https:\/\/soymigrante.com\/revista\/category\/guate-nuestra\/"},{"label":"Cultura de Guatemala","link":"https:\/\/soymigrante.com\/revista\/category\/guate-nuestra\/arte-cultura\/"},{"label":"Mira arte guatemalteco: Margarita Azurdia nunca deja de sorprender","link":"https:\/\/soymigrante.com\/revista\/mira-arte-guatemalteco-margarita-azurdia-nunca-deja-de-sorprender\/"}],"_links":{"self":[{"href":"https:\/\/soymigrante.com\/revista\/wp-json\/wp\/v2\/posts\/43164","targetHints":{"allow":["GET"]}}],"collection":[{"href":"https:\/\/soymigrante.com\/revista\/wp-json\/wp\/v2\/posts"}],"about":[{"href":"https:\/\/soymigrante.com\/revista\/wp-json\/wp\/v2\/types\/post"}],"author":[{"embeddable":true,"href":"https:\/\/soymigrante.com\/revista\/wp-json\/wp\/v2\/users\/19"}],"replies":[{"embeddable":true,"href":"https:\/\/soymigrante.com\/revista\/wp-json\/wp\/v2\/comments?post=43164"}],"version-history":[{"count":27,"href":"https:\/\/soymigrante.com\/revista\/wp-json\/wp\/v2\/posts\/43164\/revisions"}],"predecessor-version":[{"id":45447,"href":"https:\/\/soymigrante.com\/revista\/wp-json\/wp\/v2\/posts\/43164\/revisions\/45447"}],"wp:featuredmedia":[{"embeddable":true,"href":"https:\/\/soymigrante.com\/revista\/wp-json\/wp\/v2\/media\/43453"}],"wp:attachment":[{"href":"https:\/\/soymigrante.com\/revista\/wp-json\/wp\/v2\/media?parent=43164"}],"wp:term":[{"taxonomy":"category","embeddable":true,"href":"https:\/\/soymigrante.com\/revista\/wp-json\/wp\/v2\/categories?post=43164"},{"taxonomy":"post_tag","embeddable":true,"href":"https:\/\/soymigrante.com\/revista\/wp-json\/wp\/v2\/tags?post=43164"}],"curies":[{"name":"wp","href":"https:\/\/api.w.org\/{rel}","templated":true}]}}