{"id":43122,"date":"2025-09-01T05:00:00","date_gmt":"2025-09-01T11:00:00","guid":{"rendered":"https:\/\/soymigrante.com\/revista\/?p=43122"},"modified":"2025-09-01T11:35:40","modified_gmt":"2025-09-01T17:35:40","slug":"mira-arte-guatemalteco-andres-curruchich-gran-iniciador-de-la-pintura-popular","status":"publish","type":"post","link":"https:\/\/soymigrante.com\/revista\/mira-arte-guatemalteco-andres-curruchich-gran-iniciador-de-la-pintura-popular\/","title":{"rendered":"Mira arte guatemalteco: Andr\u00e9s Curruchich, gran iniciador de la pintura popular"},"content":{"rendered":"\t\t<div data-elementor-type=\"wp-post\" data-elementor-id=\"43122\" class=\"elementor elementor-43122\" data-elementor-post-type=\"post\">\n\t\t\t\t<div data-particle_enable=\"false\" data-particle-mobile-disabled=\"false\" class=\"elementor-element elementor-element-56917ac e-flex e-con-boxed e-con e-parent\" data-id=\"56917ac\" data-element_type=\"container\" data-e-type=\"container\">\n\t\t\t\t\t<div class=\"e-con-inner\">\n\t\t\t\t<div class=\"elementor-element elementor-element-85926ad elementor-widget elementor-widget-heading\" data-id=\"85926ad\" data-element_type=\"widget\" data-e-type=\"widget\" data-widget_type=\"heading.default\">\n\t\t\t\t\t<h2 class=\"elementor-heading-title elementor-size-default\">El pintor maya kaqchiq'el Andr\u00e9s Curruchich fue el gran iniciador de un movimiento que hoy se ha multiplicado y diversificado: el arte popular ind\u00edgena, enfocado en reflejar la cultura, el paisaje y la vida local.<\/h2>\t\t\t\t<\/div>\n\t\t\t\t<div class=\"elementor-element elementor-element-73910aa elementor-widget elementor-widget-html\" data-id=\"73910aa\" data-element_type=\"widget\" data-e-type=\"widget\" data-widget_type=\"html.default\">\n\t\t\t\t\t<div id=\"buzzsprout-player-17768313\"><\/div><script src=\"https:\/\/www.buzzsprout.com\/2444168\/episodes\/17768313-gran-pionero-del-arte-popular-maya-andres-curruchich.js?container_id=buzzsprout-player-17768313&player=small\" type=\"text\/javascript\" charset=\"utf-8\"><\/script>\t\t\t\t<\/div>\n\t\t\t\t\t<\/div>\n\t\t\t\t<\/div>\n\t\t<div data-particle_enable=\"false\" data-particle-mobile-disabled=\"false\" class=\"elementor-element elementor-element-b1db4ba e-flex e-con-boxed e-con e-parent\" data-id=\"b1db4ba\" data-element_type=\"container\" data-e-type=\"container\">\n\t\t\t\t\t<div class=\"e-con-inner\">\n\t\t\t\t<div class=\"elementor-element elementor-element-a77cfd4 elementor-widget elementor-widget-text-editor\" data-id=\"a77cfd4\" data-element_type=\"widget\" data-e-type=\"widget\" data-widget_type=\"text-editor.default\">\n\t\t\t\t\t\t\t\t\t<p>Nacido el 19 de enero de 1891, Andr\u00e9s Curruchich C\u00famez emergi\u00f3 de su comunidad kaqchikel no solo como agricultor, sino como el pionero de la pintura popular guatemalteca. Desde joven, se gan\u00f3 la vida encalando paredes, labor que lo llev\u00f3 a pintar la fachada de la iglesia local y retocar im\u00e1genes religiosas.<\/p><p>Esta experiencia despert\u00f3 en \u00e9l un talento innato que lo impulsar\u00eda a capturar la vida cotidiana de su pueblo con pinceles, inicialmente sobre madera, j\u00edcaras, plumas y luego sobre lienzo de manta de algod\u00f3n. En la d\u00e9cada 1920 empez\u00f3 a plasmar escenas populares.<\/p>\t\t\t\t\t\t\t\t<\/div>\n\t\t\t\t\t<\/div>\n\t\t\t\t<\/div>\n\t\t<div data-particle_enable=\"false\" data-particle-mobile-disabled=\"false\" class=\"elementor-element elementor-element-a5054ec e-flex e-con-boxed e-con e-parent\" data-id=\"a5054ec\" data-element_type=\"container\" data-e-type=\"container\">\n\t\t\t\t\t<div class=\"e-con-inner\">\n\t\t\t\t<div class=\"elementor-element elementor-element-602c004 elementor-widget elementor-widget-image\" data-id=\"602c004\" data-element_type=\"widget\" data-e-type=\"widget\" data-widget_type=\"image.default\">\n\t\t\t\t\t\t\t\t\t\t\t\t<figure class=\"wp-caption\">\n\t\t\t\t\t\t\t\t\t\t<img fetchpriority=\"high\" decoding=\"async\" width=\"1024\" height=\"835\" src=\"https:\/\/soymigrante.com\/revista\/wp-content\/uploads\/2025\/08\/andres-curruchiche-pinturas-guatemalteco-1-1024x835.png\" class=\"attachment-large size-large wp-image-43228\" alt=\"Fiesta tradicional mexicana en honor a San Juan con danzas, m\u00fasica y luces en un ambiente festivo y cultural. La escena refleja la riqueza cultural de Guatemala y la celebraci\u00f3n comunitaria.\" srcset=\"https:\/\/soymigrante.com\/revista\/wp-content\/uploads\/2025\/08\/andres-curruchiche-pinturas-guatemalteco-1-1024x835.png 1024w, https:\/\/soymigrante.com\/revista\/wp-content\/uploads\/2025\/08\/andres-curruchiche-pinturas-guatemalteco-1-300x245.png 300w, https:\/\/soymigrante.com\/revista\/wp-content\/uploads\/2025\/08\/andres-curruchiche-pinturas-guatemalteco-1-768x626.png 768w, https:\/\/soymigrante.com\/revista\/wp-content\/uploads\/2025\/08\/andres-curruchiche-pinturas-guatemalteco-1-750x612.webp 750w, https:\/\/soymigrante.com\/revista\/wp-content\/uploads\/2025\/08\/andres-curruchiche-pinturas-guatemalteco-1-1140x930.webp 1140w, https:\/\/soymigrante.com\/revista\/wp-content\/uploads\/2025\/08\/andres-curruchiche-pinturas-guatemalteco-1.webp 1289w\" sizes=\"(max-width: 1024px) 100vw, 1024px\" title=\"El artista maya kaqchiq&#039;el Andr\u00e9s Curruchiche nunca asisti\u00f3 a una academia de arte, pero con su talento y dedicaci\u00f3n desarroll\u00f3 un estilo \u00fanico; adem\u00e1s registr\u00f3 de manera inigualable la vida de San Juan Comalapa desde la d\u00e9cada 1920 hasta su fallecimiento en 1969. Cuadro: Fiesta de San Juan Comalapa. Colecci\u00f3n del Museo Ixchel del Traje Ind\u00edgena de Guatemala. \u2013 SoyMigrante.com REVISTA\" \/>\t\t\t\t\t\t\t\t\t\t\t<figcaption class=\"widget-image-caption wp-caption-text\">El artista maya kaqchiq'el Andr\u00e9s Curruchiche nunca asisti\u00f3 a una academia de arte, pero con su talento y dedicaci\u00f3n desarroll\u00f3 un estilo \u00fanico; adem\u00e1s registr\u00f3 de manera inigualable la vida de San Juan Comalapa desde la d\u00e9cada 1920 hasta su fallecimiento en 1969. Cuadro: Fiesta de San Juan Comalapa. Colecci\u00f3n del Museo Ixchel del Traje Ind\u00edgena de Guatemala.<\/figcaption>\n\t\t\t\t\t\t\t\t\t\t<\/figure>\n\t\t\t\t\t\t\t\t\t<\/div>\n\t\t\t\t\t<\/div>\n\t\t\t\t<\/div>\n\t\t<div data-particle_enable=\"false\" data-particle-mobile-disabled=\"false\" class=\"elementor-element elementor-element-3569669 e-flex e-con-boxed e-con e-parent\" data-id=\"3569669\" data-element_type=\"container\" data-e-type=\"container\">\n\t\t\t\t\t<div class=\"e-con-inner\">\n\t\t\t\t<div class=\"elementor-element elementor-element-a9c10c2 elementor-widget elementor-widget-text-editor\" data-id=\"a9c10c2\" data-element_type=\"widget\" data-e-type=\"widget\" data-widget_type=\"text-editor.default\">\n\t\t\t\t\t\t\t\t\t<p><a href=\"https:\/\/soymigrante.com\/revista\/bazar-de-artistas-comalapenses-ofrece-creatividad-y-tradicion-su-tienda-digital\/\" target=\"_blank\" rel=\"noopener\">Su primer cuadro fue vendido en 1930 durante una feria en la Ciudad de Guatemala.<\/a> En las d\u00e9cadas siguientes se consolidar\u00eda como el artista ind\u00edgena que abr\u00eda caminos para nuevas generaciones.\u00a0<\/p><p>En la d\u00e9cada de 1940, el p\u00e1rroco de San Juan Bautista se encarg\u00f3 de divulgar m\u00e1s su talento y en 1951 se celebr\u00f3 su primera exposici\u00f3n en una galer\u00eda de la ciudad capital.<\/p>\t\t\t\t\t\t\t\t<\/div>\n\t\t\t\t\t<\/div>\n\t\t\t\t<\/div>\n\t\t<div data-particle_enable=\"false\" data-particle-mobile-disabled=\"false\" class=\"elementor-element elementor-element-ca3a64d e-flex e-con-boxed e-con e-parent\" data-id=\"ca3a64d\" data-element_type=\"container\" data-e-type=\"container\">\n\t\t\t\t\t<div class=\"e-con-inner\">\n\t\t\t\t<div class=\"elementor-element elementor-element-bd412fd elementor-arrows-position-inside elementor-pagination-position-outside elementor-widget elementor-widget-image-carousel\" data-id=\"bd412fd\" data-element_type=\"widget\" data-e-type=\"widget\" data-settings=\"{&quot;slides_to_show&quot;:&quot;1&quot;,&quot;navigation&quot;:&quot;both&quot;,&quot;autoplay&quot;:&quot;yes&quot;,&quot;pause_on_hover&quot;:&quot;yes&quot;,&quot;pause_on_interaction&quot;:&quot;yes&quot;,&quot;autoplay_speed&quot;:5000,&quot;infinite&quot;:&quot;yes&quot;,&quot;effect&quot;:&quot;slide&quot;,&quot;speed&quot;:500}\" data-widget_type=\"image-carousel.default\">\n\t\t\t\t\t\t\t<div class=\"elementor-image-carousel-wrapper swiper\" role=\"region\" aria-roledescription=\"carousel\" aria-label=\"Carrusel de im\u00e1genes\" dir=\"ltr\">\n\t\t\t<div class=\"elementor-image-carousel swiper-wrapper\" aria-live=\"off\">\n\t\t\t\t\t\t\t\t<div class=\"swiper-slide\" role=\"group\" aria-roledescription=\"slide\" aria-label=\"1 de 3\"><figure class=\"swiper-slide-inner\"><img decoding=\"async\" class=\"swiper-slide-image\" src=\"https:\/\/soymigrante.com\/revista\/wp-content\/uploads\/2025\/08\/andres-curruchiche-pinturas-guatemalteco-3-1024x837.png\" alt=\"Cosecha de ma\u00edz en una comunidad tradicional mexicana, artesanos y agricultores en actividades rurales, escena cultural y agr\u00edcola, migrantes en suelo mexicano.\" \/><figcaption class=\"elementor-image-carousel-caption\">Escena de una comunidad campesina mexicana trabajando en la cosecha de ma\u00edz, con mujeres y ni\u00f1os, reflejando la cultura rural y la historia de la migraci\u00f3n en M\u00e9xico.<\/figcaption><\/figure><\/div><div class=\"swiper-slide\" role=\"group\" aria-roledescription=\"slide\" aria-label=\"2 de 3\"><figure class=\"swiper-slide-inner\"><img decoding=\"async\" class=\"swiper-slide-image\" src=\"https:\/\/soymigrante.com\/revista\/wp-content\/uploads\/2025\/08\/andres-curruchiche-pinturas-guatemalteco-4-1024x823.png\" alt=\"Comala cocina tradicional mexicana pintura de Andr\u00e9s Curuchich, representaci\u00f3n de cultura ind\u00edgena y gastronom\u00eda t\u00edpica en un ambiente familiar y acogedor.\" \/><figcaption class=\"elementor-image-carousel-caption\">Andr\u00e9s Curruchich reflej\u00f3 aspectos de la vida cotidiana, costumbres y tradiciones de San Juan Comalapa. Pinturas de la colecci\u00f3n del Museo Ixchel del Traje Ind\u00edgena de Guatemala.<\/figcaption><\/figure><\/div><div class=\"swiper-slide\" role=\"group\" aria-roledescription=\"slide\" aria-label=\"3 de 3\"><figure class=\"swiper-slide-inner\"><img decoding=\"async\" class=\"swiper-slide-image\" src=\"https:\/\/soymigrante.com\/revista\/wp-content\/uploads\/2025\/08\/andres-curruchiche-pinturas-guatemalteco-5-1024x830.png\" alt=\"Archivo: SoyMigranteRevista_Migrantes_en_camino.jpg.\" \/><figcaption class=\"elementor-image-carousel-caption\">Lleva una imagen de migrantes en camino en un entorno natural, resaltando historias de migraci\u00f3n, trabajo y cultura mexicana en el contexto de la revista SoyMigrante.com.<\/figcaption><\/figure><\/div>\t\t\t<\/div>\n\t\t\t\t\t\t\t\t\t\t\t\t<div class=\"elementor-swiper-button elementor-swiper-button-prev\" role=\"button\" tabindex=\"0\">\n\t\t\t\t\t\t<i aria-hidden=\"true\" class=\"eicon-chevron-left\"><\/i>\t\t\t\t\t<\/div>\n\t\t\t\t\t<div class=\"elementor-swiper-button elementor-swiper-button-next\" role=\"button\" tabindex=\"0\">\n\t\t\t\t\t\t<i aria-hidden=\"true\" class=\"eicon-chevron-right\"><\/i>\t\t\t\t\t<\/div>\n\t\t\t\t\n\t\t\t\t\t\t\t\t\t<div class=\"swiper-pagination\"><\/div>\n\t\t\t\t\t\t\t\t\t<\/div>\n\t\t\t\t\t\t<\/div>\n\t\t\t\t\t<\/div>\n\t\t\t\t<\/div>\n\t\t<div data-particle_enable=\"false\" data-particle-mobile-disabled=\"false\" class=\"elementor-element elementor-element-594bda8 e-flex e-con-boxed e-con e-parent\" data-id=\"594bda8\" data-element_type=\"container\" data-e-type=\"container\">\n\t\t\t\t\t<div class=\"e-con-inner\">\n\t\t\t\t<div class=\"elementor-element elementor-element-71b8aa4 elementor-widget elementor-widget-heading\" data-id=\"71b8aa4\" data-element_type=\"widget\" data-e-type=\"widget\" data-widget_type=\"heading.default\">\n\t\t\t\t\t<h3 class=\"elementor-heading-title elementor-size-default\">Sus obras persisten <\/h3>\t\t\t\t<\/div>\n\t\t\t\t\t<\/div>\n\t\t\t\t<\/div>\n\t\t<div data-particle_enable=\"false\" data-particle-mobile-disabled=\"false\" class=\"elementor-element elementor-element-46c39d6 e-flex e-con-boxed e-con e-parent\" data-id=\"46c39d6\" data-element_type=\"container\" data-e-type=\"container\">\n\t\t\t\t\t<div class=\"e-con-inner\">\n\t\t\t\t<div class=\"elementor-element elementor-element-33b0c0b elementor-widget elementor-widget-text-editor\" data-id=\"33b0c0b\" data-element_type=\"widget\" data-e-type=\"widget\" data-widget_type=\"text-editor.default\">\n\t\t\t\t\t\t\t\t\t<p>El Museo Ixchel del Traje Ind\u00edgena, en la Universidad Francisco Marroqu\u00edn, resguarda una colecci\u00f3n significativa de sus \u00f3leos \u2014hasta 48 obras\u2014 que retratan escenas como la cosecha de ma\u00edz, el corte de cabello, el mercado, las procesiones de Semana Santa, las posadas navide\u00f1as, danzas, cofrad\u00edas, rituales de bendici\u00f3n, bautizos, bodas y entierros, con anotaciones de Curruchich, aunque sin fechas exactas.<\/p><p>La obra de Andr\u00e9s Curruchich refleja con color y autenticidad la indumentaria y costumbres de su comunidad, contrastando incluso con los comerciantes for\u00e1neos.<\/p><p>A mediados del siglo XX, su legado traspas\u00f3 fronteras: expuso en San Francisco y Nueva York en 1958 (Nueva York, en el Museo del Barrio), en una muestra titulada Village Life in Guatemala. <a href=\"https:\/\/soymigrante.com\/revista\/bazar-de-artistas-comalapenses-ofrece-creatividad-y-tradicion-su-tienda-digital\/\" target=\"_blank\" rel=\"noopener\">En reconocimiento a su aporte cultural, el gobierno de Guatemala le otorg\u00f3 la Orden del Quetzal en el grado de Gran Oficial, en 1960.<\/a> Fue un gesto p\u00fablico que celebr\u00f3 a este artista que retrat\u00f3 desde adentro la vida de su comunidad.<\/p>\t\t\t\t\t\t\t\t<\/div>\n\t\t\t\t\t<\/div>\n\t\t\t\t<\/div>\n\t\t<div data-particle_enable=\"false\" data-particle-mobile-disabled=\"false\" class=\"elementor-element elementor-element-fcf39a4 e-flex e-con-boxed e-con e-parent\" data-id=\"fcf39a4\" data-element_type=\"container\" data-e-type=\"container\">\n\t\t\t\t\t<div class=\"e-con-inner\">\n\t\t\t\t<div class=\"elementor-element elementor-element-58b4820 elementor-widget elementor-widget-image\" data-id=\"58b4820\" data-element_type=\"widget\" data-e-type=\"widget\" data-widget_type=\"image.default\">\n\t\t\t\t\t\t\t\t\t\t\t\t<figure class=\"wp-caption\">\n\t\t\t\t\t\t\t\t\t\t<img decoding=\"async\" width=\"1024\" height=\"806\" src=\"https:\/\/soymigrante.com\/revista\/wp-content\/uploads\/2025\/08\/Andres-Curruchich-el-pincel-que-reflejo-el-alma-de-Comalapa-3-1024x806.jpeg\" class=\"attachment-large size-large wp-image-43137\" alt=\"Paisaje de la iglesia de Comalapa con personas vestidas con trajes tradicionales y actividades t\u00edpicas, destacando la cultura y tradiciones en una comunidad guatemalteca.\" srcset=\"https:\/\/soymigrante.com\/revista\/wp-content\/uploads\/2025\/08\/Andres-Curruchich-el-pincel-que-reflejo-el-alma-de-Comalapa-3-1024x806.jpeg 1024w, https:\/\/soymigrante.com\/revista\/wp-content\/uploads\/2025\/08\/Andres-Curruchich-el-pincel-que-reflejo-el-alma-de-Comalapa-3-300x236.jpeg 300w, https:\/\/soymigrante.com\/revista\/wp-content\/uploads\/2025\/08\/Andres-Curruchich-el-pincel-que-reflejo-el-alma-de-Comalapa-3-768x604.jpeg 768w, https:\/\/soymigrante.com\/revista\/wp-content\/uploads\/2025\/08\/Andres-Curruchich-el-pincel-que-reflejo-el-alma-de-Comalapa-3-750x590.webp 750w, https:\/\/soymigrante.com\/revista\/wp-content\/uploads\/2025\/08\/Andres-Curruchich-el-pincel-que-reflejo-el-alma-de-Comalapa-3-1140x897.webp 1140w, https:\/\/soymigrante.com\/revista\/wp-content\/uploads\/2025\/08\/Andres-Curruchich-el-pincel-que-reflejo-el-alma-de-Comalapa-3.webp 1280w\" sizes=\"(max-width: 1024px) 100vw, 1024px\" title=\"Esta es una de las obras de Andr\u00e9s Curruchich. \u2013 SoyMigrante.com REVISTA\" \/>\t\t\t\t\t\t\t\t\t\t\t<figcaption class=\"widget-image-caption wp-caption-text\">Imagen de la iglesia de Comalapa en Guatemala mostrando a personas en trajes tradicionales participando en actividades comunitarias frente a la iglesia.<\/figcaption>\n\t\t\t\t\t\t\t\t\t\t<\/figure>\n\t\t\t\t\t\t\t\t\t<\/div>\n\t\t\t\t\t<\/div>\n\t\t\t\t<\/div>\n\t\t<div data-particle_enable=\"false\" data-particle-mobile-disabled=\"false\" class=\"elementor-element elementor-element-d04b721 e-flex e-con-boxed e-con e-parent\" data-id=\"d04b721\" data-element_type=\"container\" data-e-type=\"container\">\n\t\t\t\t\t<div class=\"e-con-inner\">\n\t\t\t\t<div class=\"elementor-element elementor-element-0a2928c elementor-widget elementor-widget-heading\" data-id=\"0a2928c\" data-element_type=\"widget\" data-e-type=\"widget\" data-widget_type=\"heading.default\">\n\t\t\t\t\t<h3 class=\"elementor-heading-title elementor-size-default\">Su legado perdura <\/h3>\t\t\t\t<\/div>\n\t\t\t\t\t<\/div>\n\t\t\t\t<\/div>\n\t\t<div data-particle_enable=\"false\" data-particle-mobile-disabled=\"false\" class=\"elementor-element elementor-element-507b165 e-flex e-con-boxed e-con e-parent\" data-id=\"507b165\" data-element_type=\"container\" data-e-type=\"container\">\n\t\t\t\t\t<div class=\"e-con-inner\">\n\t\t\t\t<div class=\"elementor-element elementor-element-6817019 elementor-widget elementor-widget-text-editor\" data-id=\"6817019\" data-element_type=\"widget\" data-e-type=\"widget\" data-widget_type=\"text-editor.default\">\n\t\t\t\t\t\t\t\t\t<p>Curruchich falleci\u00f3 en 1969 en su querido San Juan Comalapa. Su legado, sin embargo, perdur\u00f3: entre sus disc\u00edpulos estuvieron su hijo Vicente Curruchich, Francisco Tel\u00f3n y Santiago Tuctuc.\u00a0<\/p><p>En 1985, estos artistas fundaron el primer grupo de pintores que llev\u00f3 su nombre, dando continuidad a la tradici\u00f3n art\u00edstica local. Hoy, su influencia sigue viva a trav\u00e9s de su nieta Mar\u00eda Elena Curruchiche (y Rosa Elena Curruchich, su otra nieta artista), quienes contin\u00faan pintando, preservando y expandiendo esta herencia cultural ind\u00edgena.<\/p><p>San Juan Comalapa ha sido reconocida como la \u201cFlorencia de Am\u00e9rica\u201d <a href=\"https:\/\/soymigrante.com\/revista\/bazar-de-artistas-comalapenses-ofrece-creatividad-y-tradicion-su-tienda-digital\/\" target=\"_blank\" rel=\"noopener\">debido a la abundancia de talento pict\u00f3rico que brot\u00f3 de su territorio<\/a> con Andr\u00e9s Curruchich como ra\u00edz fundacional.\u00a0<\/p><p>Hoy, cientos de artistas, incluidos numerosos con trayectoria destacada, trabajan en la comunidad, en una vibrante corriente art\u00edstica que sigue creciendo.<\/p>\t\t\t\t\t\t\t\t<\/div>\n\t\t\t\t\t<\/div>\n\t\t\t\t<\/div>\n\t\t<div data-particle_enable=\"false\" data-particle-mobile-disabled=\"false\" class=\"elementor-element elementor-element-8db6031 e-flex e-con-boxed e-con e-parent\" data-id=\"8db6031\" data-element_type=\"container\" data-e-type=\"container\">\n\t\t\t\t\t<div class=\"e-con-inner\">\n\t\t\t\t<div class=\"elementor-element elementor-element-3d15ffd elementor-widget elementor-widget-image\" data-id=\"3d15ffd\" data-element_type=\"widget\" data-e-type=\"widget\" data-widget_type=\"image.default\">\n\t\t\t\t\t\t\t\t\t\t\t\t<figure class=\"wp-caption\">\n\t\t\t\t\t\t\t\t\t\t<img decoding=\"async\" width=\"960\" height=\"638\" src=\"https:\/\/soymigrante.com\/revista\/wp-content\/uploads\/2025\/08\/Andres-Curruchich-el-pincel-que-reflejo-el-alma-de-Comalapa-2.webp\" class=\"attachment-large size-large wp-image-43138\" alt=\"Hombres en una ceremonia o evento oficial en un entorno hist\u00f3rico, con varias personas vestidas formalmente y un acto que parece conmemorativo o diplom\u00e1tico.\" srcset=\"https:\/\/soymigrante.com\/revista\/wp-content\/uploads\/2025\/08\/Andres-Curruchich-el-pincel-que-reflejo-el-alma-de-Comalapa-2.webp 960w, https:\/\/soymigrante.com\/revista\/wp-content\/uploads\/2025\/08\/Andres-Curruchich-el-pincel-que-reflejo-el-alma-de-Comalapa-2-300x199.jpeg 300w, https:\/\/soymigrante.com\/revista\/wp-content\/uploads\/2025\/08\/Andres-Curruchich-el-pincel-que-reflejo-el-alma-de-Comalapa-2-768x510.jpeg 768w, https:\/\/soymigrante.com\/revista\/wp-content\/uploads\/2025\/08\/Andres-Curruchich-el-pincel-que-reflejo-el-alma-de-Comalapa-2-750x498.webp 750w\" sizes=\"(max-width: 960px) 100vw, 960px\" title=\"El gobierno de Guatemala le otorg\u00f3 a Andr\u00e9es Curruchich la Orden del Quetzal en el grado de Gran Oficial, en 1960. \u2013 SoyMigrante.com REVISTA\" \/>\t\t\t\t\t\t\t\t\t\t\t<figcaption class=\"widget-image-caption wp-caption-text\">Una imagen hist\u00f3rica que muestra una reuni\u00f3n o celebraci\u00f3n oficial con presencia de autoridades en un contexto de significativa importancia pol\u00edtica o social.<\/figcaption>\n\t\t\t\t\t\t\t\t\t\t<\/figure>\n\t\t\t\t\t\t\t\t\t<\/div>\n\t\t\t\t\t<\/div>\n\t\t\t\t<\/div>\n\t\t<div data-particle_enable=\"false\" data-particle-mobile-disabled=\"false\" class=\"elementor-element elementor-element-122daf0 e-flex e-con-boxed e-con e-parent\" data-id=\"122daf0\" data-element_type=\"container\" data-e-type=\"container\">\n\t\t\t\t\t<div class=\"e-con-inner\">\n\t\t\t\t<div class=\"elementor-element elementor-element-f20041a elementor-widget elementor-widget-heading\" data-id=\"f20041a\" data-element_type=\"widget\" data-e-type=\"widget\" data-widget_type=\"heading.default\">\n\t\t\t\t\t<h3 class=\"elementor-heading-title elementor-size-default\">\u00bfD\u00f3nde admirar la obra de Andr\u00e9s Curruchich?<\/h3>\t\t\t\t<\/div>\n\t\t\t\t\t<\/div>\n\t\t\t\t<\/div>\n\t\t<div data-particle_enable=\"false\" data-particle-mobile-disabled=\"false\" class=\"elementor-element elementor-element-d3197ce e-flex e-con-boxed e-con e-parent\" data-id=\"d3197ce\" data-element_type=\"container\" data-e-type=\"container\">\n\t\t\t\t\t<div class=\"e-con-inner\">\n\t\t\t\t<div class=\"elementor-element elementor-element-29d80e5 elementor-widget elementor-widget-text-editor\" data-id=\"29d80e5\" data-element_type=\"widget\" data-e-type=\"widget\" data-widget_type=\"text-editor.default\">\n\t\t\t\t\t\t\t\t\t<div>\u2022 <a href=\"https:\/\/museoixchel.org\/\">El Museo Ixchel del Traje Ind\u00edgena<\/a>, ubicado en Ciudad de Guatemala, alberga parte de la obra permanente de Curruchich, integrando tambi\u00e9n excepcionales colecciones de textiles, cer\u00e1mica y joyer\u00eda maya.<\/div><div>\u00a0<\/div><div>\u2022En San Juan Comalapa, <a href=\"https:\/\/www.facebook.com\/casaandrescurruchich\/?locale=es_LA\">la Casa Andr\u00e9s Curruchich, su antigua residencia convertida en museo<\/a>, exhibe de forma permanente su obra junto con piezas de artistas locales. Tambi\u00e9n se imparten talleres de pintura y tejido en telar de cintura, fomentando la transmisi\u00f3n de saberes ancestrales.<\/div>\t\t\t\t\t\t\t\t<\/div>\n\t\t\t\t\t<\/div>\n\t\t\t\t<\/div>\n\t\t<div data-particle_enable=\"false\" data-particle-mobile-disabled=\"false\" class=\"elementor-element elementor-element-17d4ec5 e-flex e-con-boxed e-con e-parent\" data-id=\"17d4ec5\" data-element_type=\"container\" data-e-type=\"container\">\n\t\t\t\t\t<div class=\"e-con-inner\">\n\t\t\t\t<div class=\"elementor-element elementor-element-1a256be elementor-widget elementor-widget-image\" data-id=\"1a256be\" data-element_type=\"widget\" data-e-type=\"widget\" data-widget_type=\"image.default\">\n\t\t\t\t\t\t\t\t\t\t\t\t<figure class=\"wp-caption\">\n\t\t\t\t\t\t\t\t\t\t<img loading=\"lazy\" decoding=\"async\" width=\"720\" height=\"836\" src=\"https:\/\/soymigrante.com\/revista\/wp-content\/uploads\/2025\/08\/andres-curruchich-1.webp\" class=\"attachment-large size-large wp-image-43232\" alt=\"Retrato de un hombre conmedalla y vestimenta formal, homenajeando la migraci\u00f3n y la cultura en Am\u00e9rica Latina, destacado en revista SoyMigrante.com, que promueve derechos y comunidad de migrantes.\" srcset=\"https:\/\/soymigrante.com\/revista\/wp-content\/uploads\/2025\/08\/andres-curruchich-1.webp 720w, https:\/\/soymigrante.com\/revista\/wp-content\/uploads\/2025\/08\/andres-curruchich-1-258x300.jpg 258w\" sizes=\"(max-width: 720px) 100vw, 720px\" title=\"Este autorretrato de Andr\u00e9s Curruchich lo presenta con la Orden del Quetzal en la solapa de su saco. \u2013 SoyMigrante.com REVISTA\" \/>\t\t\t\t\t\t\t\t\t\t\t<figcaption class=\"widget-image-caption wp-caption-text\">Una ilustraci\u00f3n art\u00edstica de un hombre latino con medalla, emblem\u00e1tico y orgulloso, que representa la historia y la identidad latinoamericana, destacando temas de migraci\u00f3n y m\u00e9rito social.<\/figcaption>\n\t\t\t\t\t\t\t\t\t\t<\/figure>\n\t\t\t\t\t\t\t\t\t<\/div>\n\t\t\t\t\t<\/div>\n\t\t\t\t<\/div>\n\t\t<div data-particle_enable=\"false\" data-particle-mobile-disabled=\"false\" class=\"elementor-element elementor-element-e675c69 e-flex e-con-boxed e-con e-parent\" data-id=\"e675c69\" data-element_type=\"container\" data-e-type=\"container\">\n\t\t\t\t\t<div class=\"e-con-inner\">\n\t\t\t\t<div class=\"elementor-element elementor-element-83947ed elementor-widget elementor-widget-heading\" data-id=\"83947ed\" data-element_type=\"widget\" data-e-type=\"widget\" data-widget_type=\"heading.default\">\n\t\t\t\t\t<h3 class=\"elementor-heading-title elementor-size-default\">Impacto y autenticidad art\u00edstica<\/h3>\t\t\t\t<\/div>\n\t\t\t\t\t<\/div>\n\t\t\t\t<\/div>\n\t\t<div data-particle_enable=\"false\" data-particle-mobile-disabled=\"false\" class=\"elementor-element elementor-element-5d9f192 e-flex e-con-boxed e-con e-parent\" data-id=\"5d9f192\" data-element_type=\"container\" data-e-type=\"container\">\n\t\t\t\t\t<div class=\"e-con-inner\">\n\t\t\t\t<div class=\"elementor-element elementor-element-1f1205d elementor-widget elementor-widget-text-editor\" data-id=\"1f1205d\" data-element_type=\"widget\" data-e-type=\"widget\" data-widget_type=\"text-editor.default\">\n\t\t\t\t\t\t\t\t\t<p><a href=\"https:\/\/soymigrante.com\/revista\/historias-creatividad-y-economia-se-integran-en-el-ingenio-artesanal-de-guatemala\/\" target=\"_blank\" rel=\"noopener\">La pintura de Curruchich va m\u00e1s all\u00e1 del estilo na\u00eff; su obra conjuga una presencia \u00edntima con claridad narrativa, y su paleta refleja tierras, telas y matices vividos en su entorno.<\/a> Su capacidad para retratar lo cotidiano \u2014lo festivo y lo familiar, lo ritual y lo social\u2014 le otorga no solo valor est\u00e9tico, sino tambi\u00e9n documental y cultural, como \u201ctestigo visual de una Guatemala ind\u00edgena en transici\u00f3n\u201d.<\/p>\t\t\t\t\t\t\t\t<\/div>\n\t\t\t\t\t<\/div>\n\t\t\t\t<\/div>\n\t\t<div data-particle_enable=\"false\" data-particle-mobile-disabled=\"false\" class=\"elementor-element elementor-element-666ebdf e-flex e-con-boxed e-con e-parent\" data-id=\"666ebdf\" data-element_type=\"container\" data-e-type=\"container\">\n\t\t\t\t\t<div class=\"e-con-inner\">\n\t\t\t\t<div class=\"elementor-element elementor-element-67a5158 elementor-widget elementor-widget-html\" data-id=\"67a5158\" data-element_type=\"widget\" data-e-type=\"widget\" data-widget_type=\"html.default\">\n\t\t\t\t\t<iframe width=\"560\" height=\"415\" src=\"https:\/\/www.youtube.com\/embed\/SmwC6JF0OCE?si=fdtECxyDCcYW4exf&amp;start=42\" title=\"YouTube video player\" frameborder=\"0\" allow=\"accelerometer; autoplay; clipboard-write; encrypted-media; gyroscope; picture-in-picture; web-share\" referrerpolicy=\"strict-origin-when-cross-origin\" allowfullscreen><\/iframe>\t\t\t\t<\/div>\n\t\t\t\t\t<\/div>\n\t\t\t\t<\/div>\n\t\t<div data-particle_enable=\"false\" data-particle-mobile-disabled=\"false\" class=\"elementor-element elementor-element-6ebe2dd e-flex e-con-boxed e-con e-parent\" data-id=\"6ebe2dd\" data-element_type=\"container\" data-e-type=\"container\">\n\t\t\t\t\t<div class=\"e-con-inner\">\n\t\t\t\t<div class=\"elementor-element elementor-element-880f0b3 elementor-widget elementor-widget-google_maps\" data-id=\"880f0b3\" data-element_type=\"widget\" data-e-type=\"widget\" data-widget_type=\"google_maps.default\">\n\t\t\t\t\t\t\t<div class=\"elementor-custom-embed\">\n\t\t\t<iframe loading=\"lazy\"\n\t\t\t\t\tsrc=\"https:\/\/maps.google.com\/maps?q=Museo%20Andr%C3%A9s%20Curruchich&#038;t=m&#038;z=10&#038;output=embed&#038;iwloc=near\"\n\t\t\t\t\ttitle=\"Museo Andr\u00e9s Curruchich\"\n\t\t\t\t\taria-label=\"Museo Andr\u00e9s Curruchich\"\n\t\t\t><\/iframe>\n\t\t<\/div>\n\t\t\t\t\t\t<\/div>\n\t\t\t\t\t<\/div>\n\t\t\t\t<\/div>\n\t\t<div data-particle_enable=\"false\" data-particle-mobile-disabled=\"false\" class=\"elementor-element elementor-element-b16ae6a e-flex e-con-boxed e-con e-parent\" data-id=\"b16ae6a\" data-element_type=\"container\" data-e-type=\"container\">\n\t\t\t\t\t<div class=\"e-con-inner\">\n\t\t\t\t<div class=\"elementor-element elementor-element-acb2fe6 elementor-widget elementor-widget-heading\" data-id=\"acb2fe6\" data-element_type=\"widget\" data-e-type=\"widget\" data-widget_type=\"heading.default\">\n\t\t\t\t\t<h2 class=\"elementor-heading-title elementor-size-default\">Arte maya en SoyMigrante.com MERCADO <\/h2>\t\t\t\t<\/div>\n\t\t\t\t\t<\/div>\n\t\t\t\t<\/div>\n\t\t<div data-particle_enable=\"false\" data-particle-mobile-disabled=\"false\" class=\"elementor-element elementor-element-bdb5316 e-flex e-con-boxed e-con e-parent\" data-id=\"bdb5316\" data-element_type=\"container\" data-e-type=\"container\">\n\t\t\t\t\t<div class=\"e-con-inner\">\n\t\t\t\t<div class=\"elementor-element elementor-element-1728c26 elementor-grid-eael-col-3 elementor-grid-tablet-eael-col-2 elementor-grid-mobile-eael-col-1 elementor-widget elementor-widget-eael-post-grid\" data-id=\"1728c26\" data-element_type=\"widget\" data-e-type=\"widget\" data-settings=\"{&quot;eael_post_grid_columns&quot;:&quot;eael-col-3&quot;,&quot;eael_post_grid_columns_tablet&quot;:&quot;eael-col-2&quot;,&quot;eael_post_grid_columns_mobile&quot;:&quot;eael-col-1&quot;}\" data-widget_type=\"eael-post-grid.default\">\n\t\t\t\t\t<div id=\"eael-post-grid-1728c26\" class=\"eael-post-grid-container\">\n            <div class=\"eael-post-grid eael-post-appender eael-post-appender-1728c26 eael-post-grid-style-one\" data-layout-mode=\"masonry\"><article class=\"eael-grid-post  eael-post-grid-column eael-pg-post-12172 category-guate-nuestra tags-mercado-emprendedores\" data-id=\"12172\">\n        <div class=\"eael-grid-post-holder\">\n            <div class=\"eael-grid-post-holder-inner\"><div class=\"eael-entry-media\"><div class=\"eael-entry-overlay fade-in\"><i class=\"far fa-hand-pointer\" aria-hidden=\"true\"><\/i><a href=\"https:\/\/soymigrante.com\/revista\/galeria-de-arte-maya-xejul-de-miguel-angel-mux-ofrece-arte-maya-sin-fronteras\/\"><\/a><\/div><div class=\"eael-entry-thumbnail \">\n                <img loading=\"lazy\" decoding=\"async\" width=\"1024\" height=\"1024\" src=\"https:\/\/soymigrante.com\/revista\/wp-content\/uploads\/2024\/11\/Miguel-A\u0301ngel-Del-sonido-de-la-Marimba-a-los-colores-de-Guatemala1-e1730831365540-1024x1024.jpeg\" class=\"attachment-large size-large wp-image-12178\" alt=\"Miguel \u00c1ngel: Del sonido de la Marimba a los colores de Guatemala\" srcset=\"https:\/\/soymigrante.com\/revista\/wp-content\/uploads\/2024\/11\/Miguel-A\u0301ngel-Del-sonido-de-la-Marimba-a-los-colores-de-Guatemala1-e1730831365540-1024x1024.jpeg 1024w, https:\/\/soymigrante.com\/revista\/wp-content\/uploads\/2024\/11\/Miguel-A\u0301ngel-Del-sonido-de-la-Marimba-a-los-colores-de-Guatemala1-e1730831365540-300x300.webp 300w, https:\/\/soymigrante.com\/revista\/wp-content\/uploads\/2024\/11\/Miguel-A\u0301ngel-Del-sonido-de-la-Marimba-a-los-colores-de-Guatemala1-e1730831365540-150x150.webp 150w, https:\/\/soymigrante.com\/revista\/wp-content\/uploads\/2024\/11\/Miguel-A\u0301ngel-Del-sonido-de-la-Marimba-a-los-colores-de-Guatemala1-e1730831365540-768x768.jpeg 768w, https:\/\/soymigrante.com\/revista\/wp-content\/uploads\/2024\/11\/Miguel-A\u0301ngel-Del-sonido-de-la-Marimba-a-los-colores-de-Guatemala1-e1730831365540-75x75.webp 75w, https:\/\/soymigrante.com\/revista\/wp-content\/uploads\/2024\/11\/Miguel-A\u0301ngel-Del-sonido-de-la-Marimba-a-los-colores-de-Guatemala1-e1730831365540-750x750.webp 750w, https:\/\/soymigrante.com\/revista\/wp-content\/uploads\/2024\/11\/Miguel-A\u0301ngel-Del-sonido-de-la-Marimba-a-los-colores-de-Guatemala1-e1730831365540-1140x1140.jpeg 1140w, https:\/\/soymigrante.com\/revista\/wp-content\/uploads\/2024\/11\/Miguel-A\u0301ngel-Del-sonido-de-la-Marimba-a-los-colores-de-Guatemala1-e1730831365540.webp 1200w\" sizes=\"(max-width: 1024px) 100vw, 1024px\" \/>\n            <\/div>\n        <\/div><div class=\"eael-entry-wrapper\"><header class=\"eael-entry-header\"><h2 class=\"eael-entry-title\"><a class=\"eael-grid-post-link\" href=\"https:\/\/soymigrante.com\/revista\/galeria-de-arte-maya-xejul-de-miguel-angel-mux-ofrece-arte-maya-sin-fronteras\/\" title=\"Galer\u00eda de arte maya Xejul, de Miguel \u00c1ngel Mux ofrece arte maya sin fronteras\">Galer\u00eda de arte maya Xejul, de Miguel \u00c1ngel Mux ofrece arte maya sin fronteras<\/a><\/h2><\/header><div class=\"eael-entry-content\">\n                        <div class=\"eael-grid-post-excerpt\"><a href=\"https:\/\/soymigrante.com\/revista\/galeria-de-arte-maya-xejul-de-miguel-angel-mux-ofrece-arte-maya-sin-fronteras\/\" class=\"eael-post-elements-readmore-btn\">CONOCE SU HISTORIA <\/a><\/div>\n                    <\/div><\/div><\/div>\n        <\/div>\n    <\/article><article class=\"eael-grid-post  eael-post-grid-column eael-pg-post-19561 category-guate-nuestra tags-mercado-emprendedores\" data-id=\"19561\">\n        <div class=\"eael-grid-post-holder\">\n            <div class=\"eael-grid-post-holder-inner\"><div class=\"eael-entry-media\"><div class=\"eael-entry-overlay fade-in\"><i class=\"far fa-hand-pointer\" aria-hidden=\"true\"><\/i><a href=\"https:\/\/soymigrante.com\/revista\/hugo-pichiya-retrata-la-vida-desde-san-juan-comalapa-y-abrio-su-galeria-digital-en-mercado\/\"><\/a><\/div><div class=\"eael-entry-thumbnail \">\n                <img loading=\"lazy\" decoding=\"async\" width=\"769\" height=\"769\" src=\"https:\/\/soymigrante.com\/revista\/wp-content\/uploads\/2025\/01\/obra-hugo-pichiya.webp\" class=\"attachment-large size-large wp-image-19744\" alt=\"Monta\u00f1a de volc\u00e1n en el fondo, agricultores trabajando en el campo con vacas, paisaje rural de cultivo y naturaleza en la cultura latinoamericana, en una ilustraci\u00f3n art\u00edstica para revista SoyMigrante.com REVISTA.\" srcset=\"https:\/\/soymigrante.com\/revista\/wp-content\/uploads\/2025\/01\/obra-hugo-pichiya.webp 769w, https:\/\/soymigrante.com\/revista\/wp-content\/uploads\/2025\/01\/obra-hugo-pichiya-300x300.jpg 300w, https:\/\/soymigrante.com\/revista\/wp-content\/uploads\/2025\/01\/obra-hugo-pichiya-150x150.jpg 150w, https:\/\/soymigrante.com\/revista\/wp-content\/uploads\/2025\/01\/obra-hugo-pichiya-75x75.webp 75w, https:\/\/soymigrante.com\/revista\/wp-content\/uploads\/2025\/01\/obra-hugo-pichiya-750x750.webp 750w\" sizes=\"(max-width: 769px) 100vw, 769px\" \/>\n            <\/div>\n        <\/div><div class=\"eael-entry-wrapper\"><header class=\"eael-entry-header\"><h2 class=\"eael-entry-title\"><a class=\"eael-grid-post-link\" href=\"https:\/\/soymigrante.com\/revista\/hugo-pichiya-retrata-la-vida-desde-san-juan-comalapa-y-abrio-su-galeria-digital-en-mercado\/\" title=\"Hugo Pichiy\u00e1 retrata la vida de Comalapa y abri\u00f3 su galer\u00eda digital en MERCADO\">Hugo Pichiy\u00e1 retrata la vida de Comalapa y abri\u00f3 su galer\u00eda digital en MERCADO<\/a><\/h2><\/header><div class=\"eael-entry-content\">\n                        <div class=\"eael-grid-post-excerpt\"><a href=\"https:\/\/soymigrante.com\/revista\/hugo-pichiya-retrata-la-vida-desde-san-juan-comalapa-y-abrio-su-galeria-digital-en-mercado\/\" class=\"eael-post-elements-readmore-btn\">CONOCE SU HISTORIA <\/a><\/div>\n                    <\/div><\/div><\/div>\n        <\/div>\n    <\/article><article class=\"eael-grid-post  eael-post-grid-column eael-pg-post-41297 category-guate-nuestra tags-mercado-emprendedores\" data-id=\"41297\">\n        <div class=\"eael-grid-post-holder\">\n            <div class=\"eael-grid-post-holder-inner\"><div class=\"eael-entry-media\"><div class=\"eael-entry-overlay fade-in\"><i class=\"far fa-hand-pointer\" aria-hidden=\"true\"><\/i><a href=\"https:\/\/soymigrante.com\/revista\/textiles-kem-colorido-e-identidad-de-adelina-nicho-desde-comalapa\/\"><\/a><\/div><div class=\"eael-entry-thumbnail \">\n                <img loading=\"lazy\" decoding=\"async\" width=\"1024\" height=\"1024\" src=\"https:\/\/soymigrante.com\/revista\/wp-content\/uploads\/2025\/08\/adelina-nicho-cumez-textiles-kem-comalapa-mercado-1-1024x1024.jpg\" class=\"attachment-large size-large wp-image-41302\" alt=\"Mujer ind\u00edgena con gafas, sonriendo y vestida con ropa colorida y patr\u00f3n tradicional, representando cultura y comunidad en un entorno natural.\" srcset=\"https:\/\/soymigrante.com\/revista\/wp-content\/uploads\/2025\/08\/adelina-nicho-cumez-textiles-kem-comalapa-mercado-1-1024x1024.jpg 1024w, https:\/\/soymigrante.com\/revista\/wp-content\/uploads\/2025\/08\/adelina-nicho-cumez-textiles-kem-comalapa-mercado-1-300x300.jpg 300w, https:\/\/soymigrante.com\/revista\/wp-content\/uploads\/2025\/08\/adelina-nicho-cumez-textiles-kem-comalapa-mercado-1-150x150.jpg 150w, https:\/\/soymigrante.com\/revista\/wp-content\/uploads\/2025\/08\/adelina-nicho-cumez-textiles-kem-comalapa-mercado-1-768x768.jpg 768w, https:\/\/soymigrante.com\/revista\/wp-content\/uploads\/2025\/08\/adelina-nicho-cumez-textiles-kem-comalapa-mercado-1-75x75.webp 75w, https:\/\/soymigrante.com\/revista\/wp-content\/uploads\/2025\/08\/adelina-nicho-cumez-textiles-kem-comalapa-mercado-1-750x750.webp 750w, https:\/\/soymigrante.com\/revista\/wp-content\/uploads\/2025\/08\/adelina-nicho-cumez-textiles-kem-comalapa-mercado-1-1140x1140.webp 1140w, https:\/\/soymigrante.com\/revista\/wp-content\/uploads\/2025\/08\/adelina-nicho-cumez-textiles-kem-comalapa-mercado-1.webp 1187w\" sizes=\"(max-width: 1024px) 100vw, 1024px\" \/>\n            <\/div>\n        <\/div><div class=\"eael-entry-wrapper\"><header class=\"eael-entry-header\"><h2 class=\"eael-entry-title\"><a class=\"eael-grid-post-link\" href=\"https:\/\/soymigrante.com\/revista\/textiles-kem-colorido-e-identidad-de-adelina-nicho-desde-comalapa\/\" title=\"Kem Textiles Mayas: colorido e identidad de Adelina Nicho desde Comalapa\">Kem Textiles Mayas: colorido e identidad de Adelina Nicho desde Comalapa<\/a><\/h2><\/header><div class=\"eael-entry-content\">\n                        <div class=\"eael-grid-post-excerpt\"><a href=\"https:\/\/soymigrante.com\/revista\/textiles-kem-colorido-e-identidad-de-adelina-nicho-desde-comalapa\/\" class=\"eael-post-elements-readmore-btn\">CONOCE SU HISTORIA <\/a><\/div>\n                    <\/div><\/div><\/div>\n        <\/div>\n    <\/article><\/div>\n            <div class=\"clearfix\"><\/div>\n        <\/div>\t\t\t\t<\/div>\n\t\t\t\t\t<\/div>\n\t\t\t\t<\/div>\n\t\t\t\t<\/div>\n\t\t","protected":false},"excerpt":{"rendered":"<p>El pintor maya kaqchiq&#8217;el Andr\u00e9s Curruchich fue el gran iniciador de un movimiento que hoy se ha multiplicado y diversificado: el arte popular ind\u00edgena, enfocado en reflejar la cultura, el paisaje y la vida local. Nacido el 19 de enero de 1891, Andr\u00e9s Curruchich C\u00famez emergi\u00f3 de su comunidad kaqchikel no solo como agricultor, sino [&hellip;]<\/p>\n","protected":false},"author":19,"featured_media":43225,"comment_status":"open","ping_status":"open","sticky":false,"template":"","format":"standard","meta":{"_acf_changed":false,"_eb_attr":"","footnotes":""},"categories":[91],"tags":[],"class_list":["post-43122","post","type-post","status-publish","format-standard","has-post-thumbnail","hentry","category-arte-cultura"],"acf":[],"aioseo_notices":[],"aioseo_head":"\n\t\t<!-- All in One SEO Pro 4.9.6.2 - aioseo.com -->\n\t<meta name=\"description\" content=\"Fundado por Adelina Nicho C\u00famez, Kem Textiles Mayas impulsa el tejido artesanal y genera oportunidades. Tiene tienda digital en MERCADO. Conoce su historia.\" \/>\n\t<meta name=\"robots\" content=\"max-snippet:-1, max-image-preview:large, max-video-preview:-1\" \/>\n\t<meta name=\"author\" content=\"Gustavo Montenegro\"\/>\n\t<link rel=\"canonical\" href=\"https:\/\/soymigrante.com\/revista\/textiles-kem-colorido-e-identidad-de-adelina-nicho-desde-comalapa\/\" \/>\n\t<meta name=\"generator\" content=\"All in One SEO Pro (AIOSEO) 4.9.6.2\" \/>\n\n\t\t<link rel=\"preconnect\" href=\"https:\/\/fonts.googleapis.com\" crossorigin>\n<link rel=\"preconnect\" href=\"https:\/\/fonts.gstatic.com\" crossorigin>\n\t\t<meta property=\"og:locale\" content=\"es_ES\" \/>\n\t\t<meta property=\"og:site_name\" content=\"SoyMigrante.com REVISTA \u2013 Nuestra misi\u00f3n es reconocer y dignificar al migrante.\" \/>\n\t\t<meta property=\"og:type\" content=\"article\" \/>\n\t\t<meta property=\"og:title\" content=\"Textiles Kem: tradici\u00f3n desde Comalapa ya est\u00e1 en MERCADO\" \/>\n\t\t<meta property=\"og:description\" content=\"Fundado por Adelina Nicho C\u00famez, Kem Textiles Mayas impulsa el tejido artesanal y genera oportunidades. Tiene tienda digital en MERCADO. Conoce su historia.\" \/>\n\t\t<meta property=\"og:url\" content=\"https:\/\/soymigrante.com\/revista\/textiles-kem-colorido-e-identidad-de-adelina-nicho-desde-comalapa\/\" \/>\n\t\t<meta property=\"og:image\" content=\"https:\/\/soymigrante.com\/revista\/wp-content\/uploads\/2025\/08\/adelina-nicho-cumez-textiles-kem-comalapa-mercado-1.webp\" \/>\n\t\t<meta property=\"og:image:secure_url\" content=\"https:\/\/soymigrante.com\/revista\/wp-content\/uploads\/2025\/08\/adelina-nicho-cumez-textiles-kem-comalapa-mercado-1.webp\" \/>\n\t\t<meta property=\"og:image:width\" content=\"1187\" \/>\n\t\t<meta property=\"og:image:height\" content=\"1187\" \/>\n\t\t<meta property=\"article:published_time\" content=\"2025-08-05T22:26:21+00:00\" \/>\n\t\t<meta property=\"article:modified_time\" content=\"2025-08-06T18:36:23+00:00\" \/>\n\t\t<meta property=\"article:publisher\" content=\"https:\/\/www.facebook.com\/soymigrantecom\" \/>\n\t\t<meta name=\"twitter:card\" content=\"summary_large_image\" \/>\n\t\t<meta name=\"twitter:site\" content=\"@SoyMigrante_com\" \/>\n\t\t<meta name=\"twitter:title\" content=\"Textiles Kem: tradici\u00f3n desde Comalapa ya est\u00e1 en MERCADO\" \/>\n\t\t<meta name=\"twitter:description\" content=\"Fundado por Adelina Nicho C\u00famez, Kem Textiles Mayas impulsa el tejido artesanal y genera oportunidades. Tiene tienda digital en MERCADO. Conoce su historia.\" \/>\n\t\t<meta name=\"twitter:creator\" content=\"@SoyMigrante_com\" \/>\n\t\t<meta name=\"twitter:image\" content=\"https:\/\/soymigrante.com\/revista\/wp-content\/uploads\/2025\/08\/adelina-nicho-cumez-textiles-kem-comalapa-mercado-1.webp\" \/>\n\t\t<!-- All in One SEO Pro -->\r\n\t\t<title>Textiles Kem: tradici\u00f3n desde Comalapa ya est\u00e1 en MERCADO<\/title>\n\n","aioseo_head_json":{"title":"Textiles Kem: tradici\u00f3n desde Comalapa ya est\u00e1 en MERCADO","description":"Fundado por Adelina Nicho C\u00famez, Kem Textiles Mayas impulsa el tejido artesanal y genera oportunidades. Tiene tienda digital en MERCADO. Conoce su historia.","canonical_url":"https:\/\/soymigrante.com\/revista\/textiles-kem-colorido-e-identidad-de-adelina-nicho-desde-comalapa\/","robots":"max-snippet:-1, max-image-preview:large, max-video-preview:-1","keywords":"","webmasterTools":{"miscellaneous":"&lt;link rel=\"preconnect\" href=\"https:\/\/fonts.googleapis.com\" crossorigin&gt;\n&lt;link rel=\"preconnect\" href=\"https:\/\/fonts.gstatic.com\" crossorigin&gt;"},"schema":null,"og:locale":"es_ES","og:site_name":"SoyMigrante.com REVISTA \u2013 Nuestra misi\u00f3n es reconocer y dignificar al migrante.","og:type":"article","og:title":"Textiles Kem: tradici\u00f3n desde Comalapa ya est\u00e1 en MERCADO","og:description":"Fundado por Adelina Nicho C\u00famez, Kem Textiles Mayas impulsa el tejido artesanal y genera oportunidades. Tiene tienda digital en MERCADO. Conoce su historia.","og:url":"https:\/\/soymigrante.com\/revista\/textiles-kem-colorido-e-identidad-de-adelina-nicho-desde-comalapa\/","og:image":"https:\/\/soymigrante.com\/revista\/wp-content\/uploads\/2025\/08\/adelina-nicho-cumez-textiles-kem-comalapa-mercado-1.webp","og:image:secure_url":"https:\/\/soymigrante.com\/revista\/wp-content\/uploads\/2025\/08\/adelina-nicho-cumez-textiles-kem-comalapa-mercado-1.webp","og:image:width":1187,"og:image:height":1187,"article:published_time":"2025-08-05T22:26:21+00:00","article:modified_time":"2025-08-06T18:36:23+00:00","article:publisher":"https:\/\/www.facebook.com\/soymigrantecom","twitter:card":"summary_large_image","twitter:site":"@SoyMigrante_com","twitter:title":"Textiles Kem: tradici\u00f3n desde Comalapa ya est\u00e1 en MERCADO","twitter:description":"Fundado por Adelina Nicho C\u00famez, Kem Textiles Mayas impulsa el tejido artesanal y genera oportunidades. Tiene tienda digital en MERCADO. Conoce su historia.","twitter:creator":"@SoyMigrante_com","twitter:image":"https:\/\/soymigrante.com\/revista\/wp-content\/uploads\/2025\/08\/adelina-nicho-cumez-textiles-kem-comalapa-mercado-1.webp"},"aioseo_meta_data":{"post_id":"43122","title":"Arte de Guatemala: Andr\u00e9s Curruchich inici\u00f3 pintura popular","description":"Andr\u00e9s Curruchich (1891-1969) empez\u00f3 a pintar en la d\u00e9cada 1920 las tradiciones de su pueblo San Juan Comalapa y cre\u00f3 un tipo de arte que a\u00fan sigue floreciendo.","keywords":null,"keyphrases":{"focus":{"keyphrase":"Andr\u00e9s Curruchich","score":91,"analysis":{"keyphraseInTitle":{"score":9,"maxScore":9,"error":0},"keyphraseInDescription":{"score":9,"maxScore":9,"error":0},"keyphraseLength":{"score":9,"maxScore":9,"error":0,"length":3},"keyphraseInURL":{"score":5,"maxScore":5,"error":0},"keyphraseInIntroduction":{"score":9,"maxScore":9,"error":0},"keyphraseInSubHeadings":{"score":3,"maxScore":9,"error":1},"keyphraseInImageAlt":{"score":9,"maxScore":9,"error":0},"keywordDensity":{"type":"best","score":9,"maxScore":9,"error":0}}},"additional":[{"keyphrase":"Comalapa","score":87,"analysis":{"keyphraseInDescription":{"score":9,"maxScore":9,"error":0},"keyphraseLength":{"score":9,"maxScore":9,"error":0,"length":1},"keyphraseInIntroduction":{"score":3,"maxScore":9,"error":1},"keyphraseInImageAlt":{"score":9,"maxScore":9,"error":0},"keywordDensity":{"type":"best","score":9,"maxScore":9,"error":0}}},{"keyphrase":"Guatemala","score":73,"analysis":{"keyphraseInDescription":{"score":3,"maxScore":9,"error":1},"keyphraseLength":{"score":9,"maxScore":9,"error":0,"length":1},"keyphraseInIntroduction":{"score":3,"maxScore":9,"error":1},"keyphraseInImageAlt":{"score":9,"maxScore":9,"error":0},"keywordDensity":{"type":"best","score":9,"maxScore":9,"error":0}}},{"keyphrase":"Arte","score":67,"analysis":{"keyphraseInDescription":{"score":9,"maxScore":9,"error":0},"keyphraseLength":{"score":9,"maxScore":9,"error":0,"length":1},"keyphraseInIntroduction":{"score":3,"maxScore":9,"error":1},"keyphraseInImageAlt":{"score":9,"maxScore":9,"error":0},"keywordDensity":{"score":0,"type":"low","maxScore":9,"error":1}}}]},"primary_term":null,"canonical_url":null,"og_title":null,"og_description":null,"og_object_type":"default","og_image_type":"default","og_image_url":null,"og_image_width":null,"og_image_height":null,"og_image_custom_url":null,"og_image_custom_fields":null,"og_video":"","og_custom_url":null,"og_article_section":null,"og_article_tags":null,"twitter_use_og":false,"twitter_card":"default","twitter_image_type":"default","twitter_image_url":null,"twitter_image_custom_url":null,"twitter_image_custom_fields":null,"twitter_title":null,"twitter_description":null,"schema":{"blockGraphs":[],"customGraphs":[],"default":{"data":{"Article":[],"Course":[],"Dataset":[],"FAQPage":[],"Movie":[],"Person":[],"Product":[],"ProductReview":[],"Car":[],"Recipe":[],"Service":[],"SoftwareApplication":[],"WebPage":[]},"graphName":"none","isEnabled":true},"graphs":[]},"schema_type":"default","schema_type_options":null,"pillar_content":false,"robots_default":true,"robots_noindex":false,"robots_noarchive":false,"robots_nosnippet":false,"robots_nofollow":false,"robots_noimageindex":false,"robots_noodp":false,"robots_notranslate":false,"robots_max_snippet":"-1","robots_max_videopreview":"-1","robots_max_imagepreview":"large","priority":null,"frequency":"default","local_seo":null,"seo_analyzer_scan_date":"2025-10-09 08:11:34","breadcrumb_settings":null,"limit_modified_date":false,"reviewed_by":"0","open_ai":null,"ai":{"faqs":[],"keyPoints":[],"titles":[],"descriptions":[],"socialPosts":{"email":[],"linkedin":[],"twitter":[],"facebook":[],"instagram":[]}},"created":"2025-08-29 17:45:03","updated":"2026-02-05 04:30:35"},"aioseo_breadcrumb":"<div class=\"aioseo-breadcrumbs\"><span class=\"aioseo-breadcrumb\">\n\t<a href=\"https:\/\/soymigrante.com\/revista\" title=\"Home\">Home<\/a>\n<\/span><span class=\"aioseo-breadcrumb-separator\">\u00bb<\/span><span class=\"aioseo-breadcrumb\">\n\t<a href=\"https:\/\/soymigrante.com\/revista\/category\/guate-nuestra\/\" title=\"Guate Nuestra\">Guate Nuestra<\/a>\n<\/span><span class=\"aioseo-breadcrumb-separator\">\u00bb<\/span><span class=\"aioseo-breadcrumb\">\n\t<a href=\"https:\/\/soymigrante.com\/revista\/category\/guate-nuestra\/arte-cultura\/\" title=\"Cultura de Guatemala\">Cultura de Guatemala<\/a>\n<\/span><span class=\"aioseo-breadcrumb-separator\">\u00bb<\/span><span class=\"aioseo-breadcrumb\">\n\tMira arte guatemalteco: Andr\u00e9s Curruchich, gran iniciador de la pintura popular\n<\/span><\/div>","aioseo_breadcrumb_json":[{"label":"Home","link":"https:\/\/soymigrante.com\/revista"},{"label":"Guate Nuestra","link":"https:\/\/soymigrante.com\/revista\/category\/guate-nuestra\/"},{"label":"Cultura de Guatemala","link":"https:\/\/soymigrante.com\/revista\/category\/guate-nuestra\/arte-cultura\/"},{"label":"Mira arte guatemalteco: Andr\u00e9s Curruchich, gran iniciador de la pintura popular","link":"https:\/\/soymigrante.com\/revista\/mira-arte-guatemalteco-andres-curruchich-gran-iniciador-de-la-pintura-popular\/"}],"_links":{"self":[{"href":"https:\/\/soymigrante.com\/revista\/wp-json\/wp\/v2\/posts\/43122","targetHints":{"allow":["GET"]}}],"collection":[{"href":"https:\/\/soymigrante.com\/revista\/wp-json\/wp\/v2\/posts"}],"about":[{"href":"https:\/\/soymigrante.com\/revista\/wp-json\/wp\/v2\/types\/post"}],"author":[{"embeddable":true,"href":"https:\/\/soymigrante.com\/revista\/wp-json\/wp\/v2\/users\/19"}],"replies":[{"embeddable":true,"href":"https:\/\/soymigrante.com\/revista\/wp-json\/wp\/v2\/comments?post=43122"}],"version-history":[{"count":27,"href":"https:\/\/soymigrante.com\/revista\/wp-json\/wp\/v2\/posts\/43122\/revisions"}],"predecessor-version":[{"id":43285,"href":"https:\/\/soymigrante.com\/revista\/wp-json\/wp\/v2\/posts\/43122\/revisions\/43285"}],"wp:featuredmedia":[{"embeddable":true,"href":"https:\/\/soymigrante.com\/revista\/wp-json\/wp\/v2\/media\/43225"}],"wp:attachment":[{"href":"https:\/\/soymigrante.com\/revista\/wp-json\/wp\/v2\/media?parent=43122"}],"wp:term":[{"taxonomy":"category","embeddable":true,"href":"https:\/\/soymigrante.com\/revista\/wp-json\/wp\/v2\/categories?post=43122"},{"taxonomy":"post_tag","embeddable":true,"href":"https:\/\/soymigrante.com\/revista\/wp-json\/wp\/v2\/tags?post=43122"}],"curies":[{"name":"wp","href":"https:\/\/api.w.org\/{rel}","templated":true}]}}