{"id":43100,"date":"2025-09-01T04:00:00","date_gmt":"2025-09-01T10:00:00","guid":{"rendered":"https:\/\/soymigrante.com\/revista\/?p=43100"},"modified":"2025-08-31T22:13:38","modified_gmt":"2025-09-01T04:13:38","slug":"los-superpoderes-de-la-papaya-pueden-transformar-tu-salud","status":"publish","type":"post","link":"https:\/\/soymigrante.com\/revista\/los-superpoderes-de-la-papaya-pueden-transformar-tu-salud\/","title":{"rendered":"Los superpoderes de la papaya pueden transformar tu salud"},"content":{"rendered":"\t\t<div data-elementor-type=\"wp-post\" data-elementor-id=\"43100\" class=\"elementor elementor-43100\" data-elementor-post-type=\"post\">\n\t\t\t\t<div data-particle_enable=\"false\" data-particle-mobile-disabled=\"false\" class=\"elementor-element elementor-element-861a7d6 e-flex e-con-boxed e-con e-parent\" data-id=\"861a7d6\" data-element_type=\"container\" data-e-type=\"container\">\n\t\t\t\t\t<div class=\"e-con-inner\">\n\t\t\t\t<div class=\"elementor-element elementor-element-c8c1612 elementor-widget elementor-widget-heading\" data-id=\"c8c1612\" data-element_type=\"widget\" data-e-type=\"widget\" data-widget_type=\"heading.default\">\n\t\t\t\t\t<h2 class=\"elementor-heading-title elementor-size-default\">La papaya es una de las frutas que m\u00e1s ayuda al cuerpo, transformando la salud. <\/h2>\t\t\t\t<\/div>\n\t\t\t\t\t<\/div>\n\t\t\t\t<\/div>\n\t\t<div data-particle_enable=\"false\" data-particle-mobile-disabled=\"false\" class=\"elementor-element elementor-element-cddd856 e-flex e-con-boxed e-con e-parent\" data-id=\"cddd856\" data-element_type=\"container\" data-e-type=\"container\">\n\t\t\t\t\t<div class=\"e-con-inner\">\n\t\t\t\t<div class=\"elementor-element elementor-element-e1feff2 elementor-widget elementor-widget-text-editor\" data-id=\"e1feff2\" data-element_type=\"widget\" data-e-type=\"widget\" data-widget_type=\"text-editor.default\">\n\t\t\t\t\t\t\t\t\t<p>La papaya, tambi\u00e9n conocida como fruta bomba o papaya, es uno de los frutos tropicales m\u00e1s completos que ofrece la naturaleza. Su pulpa anaranjada, dulce y jugosa, no solo la convierte en un alimento refrescante, sino tambi\u00e9n en un poderoso aliado para la salud del cuerpo humano.<\/p>\t\t\t\t\t\t\t\t<\/div>\n\t\t\t\t\t<\/div>\n\t\t\t\t<\/div>\n\t\t<div data-particle_enable=\"false\" data-particle-mobile-disabled=\"false\" class=\"elementor-element elementor-element-a3823ba e-flex e-con-boxed e-con e-parent\" data-id=\"a3823ba\" data-element_type=\"container\" data-e-type=\"container\">\n\t\t\t\t\t<div class=\"e-con-inner\">\n\t\t\t\t<div class=\"elementor-element elementor-element-751f59b elementor-widget elementor-widget-heading\" data-id=\"751f59b\" data-element_type=\"widget\" data-e-type=\"widget\" data-widget_type=\"heading.default\">\n\t\t\t\t\t<h3 class=\"elementor-heading-title elementor-size-default\">Una fruta con historia<\/h3>\t\t\t\t<\/div>\n\t\t\t\t\t<\/div>\n\t\t\t\t<\/div>\n\t\t<div data-particle_enable=\"false\" data-particle-mobile-disabled=\"false\" class=\"elementor-element elementor-element-2b85db4 e-flex e-con-boxed e-con e-parent\" data-id=\"2b85db4\" data-element_type=\"container\" data-e-type=\"container\">\n\t\t\t\t\t<div class=\"e-con-inner\">\n\t\t\t\t<div class=\"elementor-element elementor-element-4bb5741 elementor-widget elementor-widget-text-editor\" data-id=\"4bb5741\" data-element_type=\"widget\" data-e-type=\"widget\" data-widget_type=\"text-editor.default\">\n\t\t\t\t\t\t\t\t\t<p>Originaria de Centroam\u00e9rica,<a href=\"https:\/\/soymigrante.com\/revista\/cuidado-con-lo-que-comes-y-como-lo-comes-claves-de-salud-digestiva\/\" target=\"_blank\" rel=\"noopener\"> la papaya fue domesticada por las antiguas civilizaciones mayas y aztecas, quienes la utilizaban tanto en la alimentaci\u00f3n como en la medicina natural.<\/a> Hoy en d\u00eda, su consumo se extiende a todo el mundo, donde es apreciada por sus beneficios nutricionales.<\/p>\t\t\t\t\t\t\t\t<\/div>\n\t\t\t\t\t<\/div>\n\t\t\t\t<\/div>\n\t\t<div data-particle_enable=\"false\" data-particle-mobile-disabled=\"false\" class=\"elementor-element elementor-element-d0bc0be e-flex e-con-boxed e-con e-parent\" data-id=\"d0bc0be\" data-element_type=\"container\" data-e-type=\"container\">\n\t\t\t\t\t<div class=\"e-con-inner\">\n\t\t\t\t<div class=\"elementor-element elementor-element-8195b2f elementor-widget elementor-widget-image\" data-id=\"8195b2f\" data-element_type=\"widget\" data-e-type=\"widget\" data-widget_type=\"image.default\">\n\t\t\t\t\t\t\t\t\t\t\t\t<figure class=\"wp-caption\">\n\t\t\t\t\t\t\t\t\t\t<img fetchpriority=\"high\" decoding=\"async\" width=\"1000\" height=\"657\" src=\"https:\/\/soymigrante.com\/revista\/wp-content\/uploads\/2025\/08\/papaya-3.webp\" class=\"attachment-large size-large wp-image-43107\" alt=\"Jugo de papaya con semillas negras, fruta tropical saludable y refrescante sobre mesa de madera r\u00fastica.\" srcset=\"https:\/\/soymigrante.com\/revista\/wp-content\/uploads\/2025\/08\/papaya-3.webp 1000w, https:\/\/soymigrante.com\/revista\/wp-content\/uploads\/2025\/08\/papaya-3-300x197.jpg 300w, https:\/\/soymigrante.com\/revista\/wp-content\/uploads\/2025\/08\/papaya-3-768x505.jpg 768w, https:\/\/soymigrante.com\/revista\/wp-content\/uploads\/2025\/08\/papaya-3-750x493.webp 750w\" sizes=\"(max-width: 1000px) 100vw, 1000px\" title=\"La papaya es una fruta que ayuda con la digesti\u00f3n. (Foto: Envato) \u2013 SoyMigrante.com REVISTA\" \/>\t\t\t\t\t\t\t\t\t\t\t<figcaption class=\"widget-image-caption wp-caption-text\">Papaya madura y deliciosa, con semillas negras comestibles, ideal para recetas saludables y nutritivas en revista SoyMigrante.com.<\/figcaption>\n\t\t\t\t\t\t\t\t\t\t<\/figure>\n\t\t\t\t\t\t\t\t\t<\/div>\n\t\t\t\t\t<\/div>\n\t\t\t\t<\/div>\n\t\t<div data-particle_enable=\"false\" data-particle-mobile-disabled=\"false\" class=\"elementor-element elementor-element-cc29fbe e-flex e-con-boxed e-con e-parent\" data-id=\"cc29fbe\" data-element_type=\"container\" data-e-type=\"container\">\n\t\t\t\t\t<div class=\"e-con-inner\">\n\t\t\t\t<div class=\"elementor-element elementor-element-78e1da6 elementor-widget elementor-widget-heading\" data-id=\"78e1da6\" data-element_type=\"widget\" data-e-type=\"widget\" data-widget_type=\"heading.default\">\n\t\t\t\t\t<h3 class=\"elementor-heading-title elementor-size-default\">Los beneficios en el cuerpo humano<\/h3>\t\t\t\t<\/div>\n\t\t\t\t\t<\/div>\n\t\t\t\t<\/div>\n\t\t<div data-particle_enable=\"false\" data-particle-mobile-disabled=\"false\" class=\"elementor-element elementor-element-8ec1a96 e-flex e-con-boxed e-con e-parent\" data-id=\"8ec1a96\" data-element_type=\"container\" data-e-type=\"container\">\n\t\t\t\t\t<div class=\"e-con-inner\">\n\t\t\t\t<div class=\"elementor-element elementor-element-809b525 elementor-widget elementor-widget-text-editor\" data-id=\"809b525\" data-element_type=\"widget\" data-e-type=\"widget\" data-widget_type=\"text-editor.default\">\n\t\t\t\t\t\t\t\t\t<p>Los especialistas en nutrici\u00f3n destacan que la papaya es rica en agua, fibra y una gran cantidad de vitaminas y minerales. Entre sus superpoderes m\u00e1s destacados se encuentran:<\/p>\t\t\t\t\t\t\t\t<\/div>\n\t\t\t\t\t<\/div>\n\t\t\t\t<\/div>\n\t\t<div data-particle_enable=\"false\" data-particle-mobile-disabled=\"false\" class=\"elementor-element elementor-element-e0438c7 e-flex e-con-boxed e-con e-parent\" data-id=\"e0438c7\" data-element_type=\"container\" data-e-type=\"container\">\n\t\t\t\t\t<div class=\"e-con-inner\">\n\t\t\t\t<div class=\"elementor-element elementor-element-f4813c7 elementor-widget elementor-widget-text-editor\" data-id=\"f4813c7\" data-element_type=\"widget\" data-e-type=\"widget\" data-widget_type=\"text-editor.default\">\n\t\t\t\t\t\t\t\t\t<div><strong>1. Aliada de la digesti\u00f3n<\/strong><\/div><div>La papaya contiene papa\u00edna, una enzima natural que facilita la descomposici\u00f3n de prote\u00ednas, ayudando a mejorar la digesti\u00f3n y a evitar la pesadez estomacal. Por esta raz\u00f3n, se recomienda en dietas para personas con problemas digestivos.<\/div><div>\u00a0<\/div>\t\t\t\t\t\t\t\t<\/div>\n\t\t\t\t\t<\/div>\n\t\t\t\t<\/div>\n\t\t<div data-particle_enable=\"false\" data-particle-mobile-disabled=\"false\" class=\"elementor-element elementor-element-5db0abe e-flex e-con-boxed e-con e-parent\" data-id=\"5db0abe\" data-element_type=\"container\" data-e-type=\"container\">\n\t\t\t\t\t<div class=\"e-con-inner\">\n\t\t\t\t<div class=\"elementor-element elementor-element-1a03863 elementor-widget elementor-widget-text-editor\" data-id=\"1a03863\" data-element_type=\"widget\" data-e-type=\"widget\" data-widget_type=\"text-editor.default\">\n\t\t\t\t\t\t\t\t\t<div><strong>2. Fortalece las defensas<\/strong><\/div><div>Es una de las frutas con mayor aporte de vitamina C, incluso m\u00e1s que la naranja. Esto la convierte en un refuerzo natural para el sistema inmunol\u00f3gico, ayudando a prevenir resfriados y otras infecciones.<\/div><div>\u00a0<\/div>\t\t\t\t\t\t\t\t<\/div>\n\t\t\t\t\t<\/div>\n\t\t\t\t<\/div>\n\t\t<div data-particle_enable=\"false\" data-particle-mobile-disabled=\"false\" class=\"elementor-element elementor-element-4cd91a3 e-flex e-con-boxed e-con e-parent\" data-id=\"4cd91a3\" data-element_type=\"container\" data-e-type=\"container\">\n\t\t\t\t\t<div class=\"e-con-inner\">\n\t\t\t\t<div class=\"elementor-element elementor-element-f104338 elementor-widget elementor-widget-image\" data-id=\"f104338\" data-element_type=\"widget\" data-e-type=\"widget\" data-widget_type=\"image.default\">\n\t\t\t\t\t\t\t\t\t\t\t\t<figure class=\"wp-caption\">\n\t\t\t\t\t\t\t\t\t\t<img decoding=\"async\" width=\"1024\" height=\"768\" src=\"https:\/\/soymigrante.com\/revista\/wp-content\/uploads\/2025\/08\/papaya-4.webp\" class=\"attachment-large size-large wp-image-43108\" alt=\"Dulce de papaya y maracuy\u00e1, fruta ex\u00f3tica saludable en la revista SoyMigrante.com REVISTA.\" srcset=\"https:\/\/soymigrante.com\/revista\/wp-content\/uploads\/2025\/08\/papaya-4.webp 1024w, https:\/\/soymigrante.com\/revista\/wp-content\/uploads\/2025\/08\/papaya-4-300x225.jpg 300w, https:\/\/soymigrante.com\/revista\/wp-content\/uploads\/2025\/08\/papaya-4-768x576.jpg 768w, https:\/\/soymigrante.com\/revista\/wp-content\/uploads\/2025\/08\/papaya-4-750x563.webp 750w\" sizes=\"(max-width: 1024px) 100vw, 1024px\" title=\"La papaya tambi\u00e9n ayuda a fortalecer el cabello. (Foto: Envato) \u2013 SoyMigrante.com REVISTA\" \/>\t\t\t\t\t\t\t\t\t\t\t<figcaption class=\"widget-image-caption wp-caption-text\">Papaya y maracuy\u00e1 frescas, frutas tropicales nutritivas ideales para dietas equilibradas y promoci\u00f3n cultural en la comunidad migrante.<\/figcaption>\n\t\t\t\t\t\t\t\t\t\t<\/figure>\n\t\t\t\t\t\t\t\t\t<\/div>\n\t\t\t\t\t<\/div>\n\t\t\t\t<\/div>\n\t\t<div data-particle_enable=\"false\" data-particle-mobile-disabled=\"false\" class=\"elementor-element elementor-element-151aa73 e-flex e-con-boxed e-con e-parent\" data-id=\"151aa73\" data-element_type=\"container\" data-e-type=\"container\">\n\t\t\t\t\t<div class=\"e-con-inner\">\n\t\t\t\t<div class=\"elementor-element elementor-element-7f4d616 elementor-widget elementor-widget-text-editor\" data-id=\"7f4d616\" data-element_type=\"widget\" data-e-type=\"widget\" data-widget_type=\"text-editor.default\">\n\t\t\t\t\t\t\t\t\t<div><strong>3. Poder antioxidante<\/strong><\/div><div>Gracias a su contenido de betacarotenos, flavonoides y vitamina A, la papaya combate los radicales libres, retrasando el envejecimiento celular y protegiendo la piel.<\/div><div>\u00a0<\/div>\t\t\t\t\t\t\t\t<\/div>\n\t\t\t\t\t<\/div>\n\t\t\t\t<\/div>\n\t\t<div data-particle_enable=\"false\" data-particle-mobile-disabled=\"false\" class=\"elementor-element elementor-element-2b24fdf e-flex e-con-boxed e-con e-parent\" data-id=\"2b24fdf\" data-element_type=\"container\" data-e-type=\"container\">\n\t\t\t\t\t<div class=\"e-con-inner\">\n\t\t\t\t<div class=\"elementor-element elementor-element-0a2cfdb elementor-widget elementor-widget-text-editor\" data-id=\"0a2cfdb\" data-element_type=\"widget\" data-e-type=\"widget\" data-widget_type=\"text-editor.default\">\n\t\t\t\t\t\t\t\t\t<div><strong>4. Coraz\u00f3n saludable<\/strong><\/div><div>Su fibra, potasio y antioxidantes contribuyen a reducir el colesterol malo (LDL) y a mantener la presi\u00f3n arterial en niveles adecuados, disminuyendo el riesgo de enfermedades cardiovasculares.<\/div><div>\u00a0<\/div>\t\t\t\t\t\t\t\t<\/div>\n\t\t\t\t\t<\/div>\n\t\t\t\t<\/div>\n\t\t<div data-particle_enable=\"false\" data-particle-mobile-disabled=\"false\" class=\"elementor-element elementor-element-4a4b2e3 e-flex e-con-boxed e-con e-parent\" data-id=\"4a4b2e3\" data-element_type=\"container\" data-e-type=\"container\">\n\t\t\t\t\t<div class=\"e-con-inner\">\n\t\t\t\t<div class=\"elementor-element elementor-element-5c80969 elementor-widget elementor-widget-text-editor\" data-id=\"5c80969\" data-element_type=\"widget\" data-e-type=\"widget\" data-widget_type=\"text-editor.default\">\n\t\t\t\t\t\t\t\t\t<div><strong>5. Amiga de la piel y el cabello<\/strong><\/div><div>Adem\u00e1s de consumirse, la papaya se utiliza en mascarillas caseras para hidratar y suavizar la piel, as\u00ed como para fortalecer el cabello.<\/div><div>\u00a0<\/div>\t\t\t\t\t\t\t\t<\/div>\n\t\t\t\t\t<\/div>\n\t\t\t\t<\/div>\n\t\t<div data-particle_enable=\"false\" data-particle-mobile-disabled=\"false\" class=\"elementor-element elementor-element-719adf5 e-flex e-con-boxed e-con e-parent\" data-id=\"719adf5\" data-element_type=\"container\" data-e-type=\"container\">\n\t\t\t\t\t<div class=\"e-con-inner\">\n\t\t\t\t<div class=\"elementor-element elementor-element-146e75a elementor-widget elementor-widget-text-editor\" data-id=\"146e75a\" data-element_type=\"widget\" data-e-type=\"widget\" data-widget_type=\"text-editor.default\">\n\t\t\t\t\t\t\t\t\t<p><strong>6. Efecto desintoxicante<\/strong><br \/>Su alto contenido de agua y fibra favorece la eliminaci\u00f3n de toxinas, regula el tr\u00e1nsito intestinal y ayuda a mantener un peso saludable.<\/p>\t\t\t\t\t\t\t\t<\/div>\n\t\t\t\t\t<\/div>\n\t\t\t\t<\/div>\n\t\t<div data-particle_enable=\"false\" data-particle-mobile-disabled=\"false\" class=\"elementor-element elementor-element-9b7f844 e-flex e-con-boxed e-con e-parent\" data-id=\"9b7f844\" data-element_type=\"container\" data-e-type=\"container\">\n\t\t\t\t\t<div class=\"e-con-inner\">\n\t\t\t\t<div class=\"elementor-element elementor-element-9b4f0e3 elementor-widget elementor-widget-image\" data-id=\"9b4f0e3\" data-element_type=\"widget\" data-e-type=\"widget\" data-widget_type=\"image.default\">\n\t\t\t\t\t\t\t\t\t\t\t\t<figure class=\"wp-caption\">\n\t\t\t\t\t\t\t\t\t\t<img decoding=\"async\" width=\"1024\" height=\"510\" src=\"https:\/\/soymigrante.com\/revista\/wp-content\/uploads\/2025\/08\/papaya-5-1024x510.jpg\" class=\"attachment-large size-large wp-image-43110\" alt=\"Sabrosa papaya con semillas negras frescas, fruta tropical saludable y nutritiva para art\u00edculos sobre migrantes y cultura en Revista SoyMigrante.\" srcset=\"https:\/\/soymigrante.com\/revista\/wp-content\/uploads\/2025\/08\/papaya-5-1024x510.jpg 1024w, https:\/\/soymigrante.com\/revista\/wp-content\/uploads\/2025\/08\/papaya-5-300x149.jpg 300w, https:\/\/soymigrante.com\/revista\/wp-content\/uploads\/2025\/08\/papaya-5-768x382.jpg 768w, https:\/\/soymigrante.com\/revista\/wp-content\/uploads\/2025\/08\/papaya-5-1536x765.jpg 1536w, https:\/\/soymigrante.com\/revista\/wp-content\/uploads\/2025\/08\/papaya-5-360x180.webp 360w, https:\/\/soymigrante.com\/revista\/wp-content\/uploads\/2025\/08\/papaya-5-750x373.webp 750w, https:\/\/soymigrante.com\/revista\/wp-content\/uploads\/2025\/08\/papaya-5-1140x568.webp 1140w, https:\/\/soymigrante.com\/revista\/wp-content\/uploads\/2025\/08\/papaya-5.webp 1860w\" sizes=\"(max-width: 1024px) 100vw, 1024px\" title=\"La papaya se puede usar para licuados y postres. (Foto: Envato) \u2013 SoyMigrante.com REVISTA\" \/>\t\t\t\t\t\t\t\t\t\t\t<figcaption class=\"widget-image-caption wp-caption-text\">Papaya fresca y tropical, fruta saludable llena de nutrientes, ideal para promover alimentaci\u00f3n saludable en art\u00edculos de cultura y migraci\u00f3n.<\/figcaption>\n\t\t\t\t\t\t\t\t\t\t<\/figure>\n\t\t\t\t\t\t\t\t\t<\/div>\n\t\t\t\t\t<\/div>\n\t\t\t\t<\/div>\n\t\t<div data-particle_enable=\"false\" data-particle-mobile-disabled=\"false\" class=\"elementor-element elementor-element-f428bd4 e-flex e-con-boxed e-con e-parent\" data-id=\"f428bd4\" data-element_type=\"container\" data-e-type=\"container\">\n\t\t\t\t\t<div class=\"e-con-inner\">\n\t\t\t\t<div class=\"elementor-element elementor-element-47e96bd elementor-widget elementor-widget-heading\" data-id=\"47e96bd\" data-element_type=\"widget\" data-e-type=\"widget\" data-widget_type=\"heading.default\">\n\t\t\t\t\t<h3 class=\"elementor-heading-title elementor-size-default\">\u00bfC\u00f3mo consumirla?<\/h3>\t\t\t\t<\/div>\n\t\t\t\t\t<\/div>\n\t\t\t\t<\/div>\n\t\t<div data-particle_enable=\"false\" data-particle-mobile-disabled=\"false\" class=\"elementor-element elementor-element-40d744c e-flex e-con-boxed e-con e-parent\" data-id=\"40d744c\" data-element_type=\"container\" data-e-type=\"container\">\n\t\t\t\t\t<div class=\"e-con-inner\">\n\t\t\t\t<div class=\"elementor-element elementor-element-a4f9d36 elementor-widget elementor-widget-text-editor\" data-id=\"a4f9d36\" data-element_type=\"widget\" data-e-type=\"widget\" data-widget_type=\"text-editor.default\">\n\t\t\t\t\t\t\t\t\t<p>La papaya puede disfrutarse fresca, en batidos, ensaladas o incluso cocida en algunos platillos tradicionales. Su versatilidad la hace ideal para el desayuno, la cena o como un snack saludable.<\/p>\t\t\t\t\t\t\t\t<\/div>\n\t\t\t\t\t<\/div>\n\t\t\t\t<\/div>\n\t\t<div data-particle_enable=\"false\" data-particle-mobile-disabled=\"false\" class=\"elementor-element elementor-element-da527ac e-flex e-con-boxed e-con e-parent\" data-id=\"da527ac\" data-element_type=\"container\" data-e-type=\"container\">\n\t\t\t\t\t<div class=\"e-con-inner\">\n\t\t\t\t<div class=\"elementor-element elementor-element-14c70d1 elementor-widget elementor-widget-heading\" data-id=\"14c70d1\" data-element_type=\"widget\" data-e-type=\"widget\" data-widget_type=\"heading.default\">\n\t\t\t\t\t<h3 class=\"elementor-heading-title elementor-size-default\">Una joya tropical<\/h3>\t\t\t\t<\/div>\n\t\t\t\t\t<\/div>\n\t\t\t\t<\/div>\n\t\t<div data-particle_enable=\"false\" data-particle-mobile-disabled=\"false\" class=\"elementor-element elementor-element-4dbf3e5 e-flex e-con-boxed e-con e-parent\" data-id=\"4dbf3e5\" data-element_type=\"container\" data-e-type=\"container\">\n\t\t\t\t\t<div class=\"e-con-inner\">\n\t\t\t\t<div class=\"elementor-element elementor-element-1e62908 elementor-widget elementor-widget-text-editor\" data-id=\"1e62908\" data-element_type=\"widget\" data-e-type=\"widget\" data-widget_type=\"text-editor.default\">\n\t\t\t\t\t\t\t\t\t<p><a href=\"https:\/\/soymigrante.com\/revista\/cuidado-con-lo-que-comes-y-como-lo-comes-claves-de-salud-digestiva\/\" target=\"_blank\" rel=\"noopener\">La papaya no es solo una fruta dulce y refrescante, sino un verdadero \u201csuperalimento\u201d<\/a> que act\u00faa como medicina natural en el cuerpo. Desde fortalecer las defensas hasta cuidar la piel y mejorar la digesti\u00f3n, sus beneficios la convierten en un tesoro de la dieta diaria.<\/p>\t\t\t\t\t\t\t\t<\/div>\n\t\t\t\t\t<\/div>\n\t\t\t\t<\/div>\n\t\t<div data-particle_enable=\"false\" data-particle-mobile-disabled=\"false\" class=\"elementor-element elementor-element-e929677 e-flex e-con-boxed e-con e-parent\" data-id=\"e929677\" data-element_type=\"container\" data-e-type=\"container\">\n\t\t\t\t\t<div class=\"e-con-inner\">\n\t\t\t\t<div class=\"elementor-element elementor-element-d745cc3 elementor-widget elementor-widget-heading\" data-id=\"d745cc3\" data-element_type=\"widget\" data-e-type=\"widget\" data-widget_type=\"heading.default\">\n\t\t\t\t\t<h2 class=\"elementor-heading-title elementor-size-default\">Conoce esta informaci\u00f3n que te puede interesar...<\/h2>\t\t\t\t<\/div>\n\t\t\t\t\t<\/div>\n\t\t\t\t<\/div>\n\t\t<div data-particle_enable=\"false\" data-particle-mobile-disabled=\"false\" class=\"elementor-element elementor-element-0e6d96f e-flex e-con-boxed e-con e-parent\" data-id=\"0e6d96f\" data-element_type=\"container\" data-e-type=\"container\">\n\t\t\t\t\t<div class=\"e-con-inner\">\n\t\t\t\t<div class=\"elementor-element elementor-element-e7b6dfb elementor-grid-eael-col-3 elementor-grid-tablet-eael-col-2 elementor-grid-mobile-eael-col-1 elementor-widget elementor-widget-eael-post-grid\" data-id=\"e7b6dfb\" data-element_type=\"widget\" data-e-type=\"widget\" data-settings=\"{&quot;eael_post_grid_columns&quot;:&quot;eael-col-3&quot;,&quot;eael_post_grid_columns_tablet&quot;:&quot;eael-col-2&quot;,&quot;eael_post_grid_columns_mobile&quot;:&quot;eael-col-1&quot;}\" data-widget_type=\"eael-post-grid.default\">\n\t\t\t\t\t<div id=\"eael-post-grid-e7b6dfb\" class=\"eael-post-grid-container\">\n            <div class=\"eael-post-grid eael-post-appender eael-post-appender-e7b6dfb eael-post-grid-style-one\" data-layout-mode=\"masonry\"><article class=\"eael-grid-post  eael-post-grid-column eael-pg-post-13619 category-guate-nuestra tags-mercado-emprendedores\" data-id=\"13619\">\n        <div class=\"eael-grid-post-holder\">\n            <div class=\"eael-grid-post-holder-inner\"><div class=\"eael-entry-media\"><div class=\"eael-entry-overlay fade-in\"><i class=\"far fa-hand-pointer\" aria-hidden=\"true\"><\/i><a href=\"https:\/\/soymigrante.com\/revista\/verdelimon-un-emprendimiento-dulce-y-saludable-lleno-de-arte\/\"><\/a><\/div><div class=\"eael-entry-thumbnail \">\n                <img loading=\"lazy\" decoding=\"async\" width=\"428\" height=\"428\" src=\"https:\/\/soymigrante.com\/revista\/wp-content\/uploads\/2024\/11\/Verde-y-limon-Carolina-Alvarado-Argueta.webp\" class=\"attachment-large size-large wp-image-13645\" alt=\"Pintora muralista adolescente creando arte en la pared con aer\u00f3grafo en un mural colorido con nubes y globo aerost\u00e1tico, promoviendo cultura y arte en la comunidad.\" srcset=\"https:\/\/soymigrante.com\/revista\/wp-content\/uploads\/2024\/11\/Verde-y-limon-Carolina-Alvarado-Argueta.webp 428w, https:\/\/soymigrante.com\/revista\/wp-content\/uploads\/2024\/11\/Verde-y-limon-Carolina-Alvarado-Argueta-300x300.jpeg 300w, https:\/\/soymigrante.com\/revista\/wp-content\/uploads\/2024\/11\/Verde-y-limon-Carolina-Alvarado-Argueta-150x150.jpeg 150w, https:\/\/soymigrante.com\/revista\/wp-content\/uploads\/2024\/11\/Verde-y-limon-Carolina-Alvarado-Argueta-75x75.webp 75w\" sizes=\"(max-width: 428px) 100vw, 428px\" \/>\n            <\/div>\n        <\/div><div class=\"eael-entry-wrapper\"><header class=\"eael-entry-header\"><h2 class=\"eael-entry-title\"><a class=\"eael-grid-post-link\" href=\"https:\/\/soymigrante.com\/revista\/verdelimon-un-emprendimiento-dulce-y-saludable-lleno-de-arte\/\" title=\"Verde&amp;Lim\u00f3n: un emprendimiento dulce y saludable lleno de arte est\u00e1 ahora en MERCADO\">Verde&amp;Lim\u00f3n: un emprendimiento dulce y saludable lleno de arte est\u00e1 ahora en MERCADO<\/a><\/h2><\/header><div class=\"eael-entry-content\">\n                        <div class=\"eael-grid-post-excerpt\"><a href=\"https:\/\/soymigrante.com\/revista\/verdelimon-un-emprendimiento-dulce-y-saludable-lleno-de-arte\/\" class=\"eael-post-elements-readmore-btn\">CONOCE SU HISTORIA <\/a><\/div>\n                    <\/div><\/div><\/div>\n        <\/div>\n    <\/article><article class=\"eael-grid-post  eael-post-grid-column eael-pg-post-10022 category-guate-nuestra\" data-id=\"10022\">\n        <div class=\"eael-grid-post-holder\">\n            <div class=\"eael-grid-post-holder-inner\"><div class=\"eael-entry-media\"><div class=\"eael-entry-overlay fade-in\"><i class=\"far fa-hand-pointer\" aria-hidden=\"true\"><\/i><a href=\"https:\/\/soymigrante.com\/revista\/tres-comidas-guatemaltecas-que-son-saludables-por-sus-ingredientes-prehispanicos\/\"><\/a><\/div><div class=\"eael-entry-thumbnail \">\n                <img loading=\"lazy\" decoding=\"async\" width=\"760\" height=\"760\" src=\"https:\/\/soymigrante.com\/revista\/wp-content\/uploads\/2024\/10\/feature-comida-saludable.webp\" class=\"attachment-large size-large wp-image-10024\" alt=\"Deleite de un plato tradicional mexicano con pollo, arroz, tortillas y vegetales frescos en un ambiente cultural. Ideal para quienes buscan gastronom\u00eda aut\u00e9ntica y sabores tradicionales.\" srcset=\"https:\/\/soymigrante.com\/revista\/wp-content\/uploads\/2024\/10\/feature-comida-saludable.webp 760w, https:\/\/soymigrante.com\/revista\/wp-content\/uploads\/2024\/10\/feature-comida-saludable-300x300.webp 300w, https:\/\/soymigrante.com\/revista\/wp-content\/uploads\/2024\/10\/feature-comida-saludable-150x150.webp 150w, https:\/\/soymigrante.com\/revista\/wp-content\/uploads\/2024\/10\/feature-comida-saludable-75x75.webp 75w, https:\/\/soymigrante.com\/revista\/wp-content\/uploads\/2024\/10\/feature-comida-saludable-750x750.webp 750w\" sizes=\"(max-width: 760px) 100vw, 760px\" \/>\n            <\/div>\n        <\/div><div class=\"eael-entry-wrapper\"><header class=\"eael-entry-header\"><h2 class=\"eael-entry-title\"><a class=\"eael-grid-post-link\" href=\"https:\/\/soymigrante.com\/revista\/tres-comidas-guatemaltecas-que-son-saludables-por-sus-ingredientes-prehispanicos\/\" title=\"Tres comidas guatemaltecas que son saludables por sus ingredientes prehisp\u00e1nicos\">Tres comidas guatemaltecas que son saludables por sus ingredientes prehisp\u00e1nicos<\/a><\/h2><\/header><div class=\"eael-entry-content\">\n                        <div class=\"eael-grid-post-excerpt\"><a href=\"https:\/\/soymigrante.com\/revista\/tres-comidas-guatemaltecas-que-son-saludables-por-sus-ingredientes-prehispanicos\/\" class=\"eael-post-elements-readmore-btn\">CONOCE SU HISTORIA <\/a><\/div>\n                    <\/div><\/div><\/div>\n        <\/div>\n    <\/article><article class=\"eael-grid-post  eael-post-grid-column eael-pg-post-7915 category-bienestar\" data-id=\"7915\">\n        <div class=\"eael-grid-post-holder\">\n            <div class=\"eael-grid-post-holder-inner\"><div class=\"eael-entry-media\"><div class=\"eael-entry-overlay fade-in\"><i class=\"far fa-hand-pointer\" aria-hidden=\"true\"><\/i><a href=\"https:\/\/soymigrante.com\/revista\/no-todos-pensamos-en-una-refaccion-saludable-pero-debemos\/\"><\/a><\/div><div class=\"eael-entry-thumbnail \">\n                <img loading=\"lazy\" decoding=\"async\" width=\"487\" height=\"486\" src=\"https:\/\/soymigrante.com\/revista\/wp-content\/uploads\/2024\/08\/refaccion-saludable-en-el-trabajo-soy-migrante4-e1723753062880.webp\" class=\"attachment-large size-large wp-image-7960\" alt=\"Fruta fresca en un frasco de vidrio con yogurt y cereales, s\u00edmbolo de salud y bienestar, en un entorno minimalista.\" srcset=\"https:\/\/soymigrante.com\/revista\/wp-content\/uploads\/2024\/08\/refaccion-saludable-en-el-trabajo-soy-migrante4-e1723753062880.webp 487w, https:\/\/soymigrante.com\/revista\/wp-content\/uploads\/2024\/08\/refaccion-saludable-en-el-trabajo-soy-migrante4-e1723753062880-300x300.webp 300w, https:\/\/soymigrante.com\/revista\/wp-content\/uploads\/2024\/08\/refaccion-saludable-en-el-trabajo-soy-migrante4-e1723753062880-150x150.webp 150w, https:\/\/soymigrante.com\/revista\/wp-content\/uploads\/2024\/08\/refaccion-saludable-en-el-trabajo-soy-migrante4-e1723753062880-75x75.webp 75w\" sizes=\"(max-width: 487px) 100vw, 487px\" \/>\n            <\/div>\n        <\/div><div class=\"eael-entry-wrapper\"><header class=\"eael-entry-header\"><h2 class=\"eael-entry-title\"><a class=\"eael-grid-post-link\" href=\"https:\/\/soymigrante.com\/revista\/no-todos-pensamos-en-una-refaccion-saludable-pero-debemos\/\" title=\"No todos pensamos en una refacci\u00f3n saludable, pero debemos\">No todos pensamos en una refacci\u00f3n saludable, pero debemos<\/a><\/h2><\/header><div class=\"eael-entry-content\">\n                        <div class=\"eael-grid-post-excerpt\"><a href=\"https:\/\/soymigrante.com\/revista\/no-todos-pensamos-en-una-refaccion-saludable-pero-debemos\/\" class=\"eael-post-elements-readmore-btn\">CONOCE SU HISTORIA <\/a><\/div>\n                    <\/div><\/div><\/div>\n        <\/div>\n    <\/article><\/div>\n            <div class=\"clearfix\"><\/div>\n        <\/div>\t\t\t\t<\/div>\n\t\t\t\t\t<\/div>\n\t\t\t\t<\/div>\n\t\t\t\t<\/div>\n\t\t","protected":false},"excerpt":{"rendered":"<p>La papaya es una de las frutas que m\u00e1s ayuda al cuerpo, transformando la salud. La papaya, tambi\u00e9n conocida como fruta bomba o papaya, es uno de los frutos tropicales m\u00e1s completos que ofrece la naturaleza. Su pulpa anaranjada, dulce y jugosa, no solo la convierte en un alimento refrescante, sino tambi\u00e9n en un poderoso [&hellip;]<\/p>\n","protected":false},"author":19,"featured_media":43101,"comment_status":"open","ping_status":"open","sticky":false,"template":"","format":"standard","meta":{"_acf_changed":false,"_eb_attr":"","footnotes":""},"categories":[265],"tags":[],"class_list":["post-43100","post","type-post","status-publish","format-standard","has-post-thumbnail","hentry","category-salud-fisica"],"acf":[],"aioseo_notices":[],"aioseo_head":"\n\t\t<!-- All in One SEO Pro 4.9.6.2 - aioseo.com -->\n\t<meta name=\"description\" content=\"En este art\u00edculo te recomendamos varios tips para que a la hora de tu refacci\u00f3n aproveches mejor los nutrientes para desempe\u00f1ar mejor tus labores, con salud.\" \/>\n\t<meta name=\"robots\" content=\"max-snippet:-1, max-image-preview:large, max-video-preview:-1\" \/>\n\t<meta name=\"author\" content=\"Beatriz Tercero\"\/>\n\t<link rel=\"canonical\" href=\"https:\/\/soymigrante.com\/revista\/no-todos-pensamos-en-una-refaccion-saludable-pero-debemos\/\" \/>\n\t<meta name=\"generator\" content=\"All in One SEO Pro (AIOSEO) 4.9.6.2\" \/>\n\n\t\t<link rel=\"preconnect\" href=\"https:\/\/fonts.googleapis.com\" crossorigin>\n<link rel=\"preconnect\" href=\"https:\/\/fonts.gstatic.com\" crossorigin>\n\t\t<meta property=\"og:locale\" content=\"es_ES\" \/>\n\t\t<meta property=\"og:site_name\" content=\"SoyMigrante.com REVISTA \u2013 Nuestra misi\u00f3n es reconocer y dignificar al migrante.\" \/>\n\t\t<meta property=\"og:type\" content=\"article\" \/>\n\t\t<meta property=\"og:title\" content=\"Consejos para una refacci\u00f3n saludable en tu horario laboral\" \/>\n\t\t<meta property=\"og:description\" content=\"En este art\u00edculo te recomendamos varios tips para que a la hora de tu refacci\u00f3n aproveches mejor los nutrientes para desempe\u00f1ar mejor tus labores, con salud.\" \/>\n\t\t<meta property=\"og:url\" content=\"https:\/\/soymigrante.com\/revista\/no-todos-pensamos-en-una-refaccion-saludable-pero-debemos\/\" \/>\n\t\t<meta property=\"og:image\" content=\"https:\/\/soymigrante.com\/revista\/wp-content\/uploads\/2024\/08\/refaccion-saludable-en-el-trabajo-soy-migrante4-e1723753062880.webp\" \/>\n\t\t<meta property=\"og:image:secure_url\" content=\"https:\/\/soymigrante.com\/revista\/wp-content\/uploads\/2024\/08\/refaccion-saludable-en-el-trabajo-soy-migrante4-e1723753062880.webp\" \/>\n\t\t<meta property=\"og:image:width\" content=\"487\" \/>\n\t\t<meta property=\"og:image:height\" content=\"486\" \/>\n\t\t<meta property=\"article:published_time\" content=\"2024-08-12T16:24:17+00:00\" \/>\n\t\t<meta property=\"article:modified_time\" content=\"2024-08-15T20:18:48+00:00\" \/>\n\t\t<meta property=\"article:publisher\" content=\"https:\/\/www.facebook.com\/soymigrantecom\" \/>\n\t\t<meta name=\"twitter:card\" content=\"summary_large_image\" \/>\n\t\t<meta name=\"twitter:site\" content=\"@SoyMigrante_com\" \/>\n\t\t<meta name=\"twitter:title\" content=\"Consejos para una refacci\u00f3n saludable en tu horario laboral\" \/>\n\t\t<meta name=\"twitter:description\" content=\"En este art\u00edculo te recomendamos varios tips para que a la hora de tu refacci\u00f3n aproveches mejor los nutrientes para desempe\u00f1ar mejor tus labores, con salud.\" \/>\n\t\t<meta name=\"twitter:creator\" content=\"@SoyMigrante_com\" \/>\n\t\t<meta name=\"twitter:image\" content=\"https:\/\/soymigrante.com\/revista\/wp-content\/uploads\/2024\/08\/refaccion-saludable-en-el-trabajo-soy-migrante4-e1723753062880.webp\" \/>\n\t\t<!-- All in One SEO Pro -->\r\n\t\t<title>Consejos para una refacci\u00f3n saludable en tu horario laboral<\/title>\n\n","aioseo_head_json":{"title":"Consejos para una refacci\u00f3n saludable en tu horario laboral","description":"En este art\u00edculo te recomendamos varios tips para que a la hora de tu refacci\u00f3n aproveches mejor los nutrientes para desempe\u00f1ar mejor tus labores, con salud.","canonical_url":"https:\/\/soymigrante.com\/revista\/no-todos-pensamos-en-una-refaccion-saludable-pero-debemos\/","robots":"max-snippet:-1, max-image-preview:large, max-video-preview:-1","keywords":"","webmasterTools":{"miscellaneous":"&lt;link rel=\"preconnect\" href=\"https:\/\/fonts.googleapis.com\" crossorigin&gt;\n&lt;link rel=\"preconnect\" href=\"https:\/\/fonts.gstatic.com\" crossorigin&gt;"},"schema":null,"og:locale":"es_ES","og:site_name":"SoyMigrante.com REVISTA \u2013 Nuestra misi\u00f3n es reconocer y dignificar al migrante.","og:type":"article","og:title":"Consejos para una refacci\u00f3n saludable en tu horario laboral","og:description":"En este art\u00edculo te recomendamos varios tips para que a la hora de tu refacci\u00f3n aproveches mejor los nutrientes para desempe\u00f1ar mejor tus labores, con salud.","og:url":"https:\/\/soymigrante.com\/revista\/no-todos-pensamos-en-una-refaccion-saludable-pero-debemos\/","og:image":"https:\/\/soymigrante.com\/revista\/wp-content\/uploads\/2024\/08\/refaccion-saludable-en-el-trabajo-soy-migrante4-e1723753062880.webp","og:image:secure_url":"https:\/\/soymigrante.com\/revista\/wp-content\/uploads\/2024\/08\/refaccion-saludable-en-el-trabajo-soy-migrante4-e1723753062880.webp","og:image:width":487,"og:image:height":486,"article:published_time":"2024-08-12T16:24:17+00:00","article:modified_time":"2024-08-15T20:18:48+00:00","article:publisher":"https:\/\/www.facebook.com\/soymigrantecom","twitter:card":"summary_large_image","twitter:site":"@SoyMigrante_com","twitter:title":"Consejos para una refacci\u00f3n saludable en tu horario laboral","twitter:description":"En este art\u00edculo te recomendamos varios tips para que a la hora de tu refacci\u00f3n aproveches mejor los nutrientes para desempe\u00f1ar mejor tus labores, con salud.","twitter:creator":"@SoyMigrante_com","twitter:image":"https:\/\/soymigrante.com\/revista\/wp-content\/uploads\/2024\/08\/refaccion-saludable-en-el-trabajo-soy-migrante4-e1723753062880.webp"},"aioseo_meta_data":{"post_id":"43100","title":null,"description":"La papaya es una de las frutas que m\u00e1s ayuda al cuerpo, transformando la salud.","keywords":null,"keyphrases":{"focus":{"keyphrase":"Papaya","score":91,"analysis":{"keyphraseInTitle":{"score":9,"maxScore":9,"error":0},"keyphraseInDescription":{"score":9,"maxScore":9,"error":0},"keyphraseLength":{"score":9,"maxScore":9,"error":0,"length":1},"keyphraseInURL":{"score":5,"maxScore":5,"error":0},"keyphraseInIntroduction":{"score":9,"maxScore":9,"error":0},"keyphraseInSubHeadings":{"score":3,"maxScore":9,"error":1},"keyphraseInImageAlt":{"score":9,"maxScore":9,"error":0},"keywordDensity":{"type":"best","score":9,"maxScore":9,"error":0}}},"additional":[{"keyphrase":"salud","score":87,"analysis":{"keyphraseInDescription":{"score":9,"maxScore":9,"error":0},"keyphraseLength":{"score":9,"maxScore":9,"error":0,"length":1},"keyphraseInIntroduction":{"score":9,"maxScore":9,"error":0},"keyphraseInImageAlt":{"score":3,"maxScore":9,"error":1},"keywordDensity":{"type":"best","score":9,"maxScore":9,"error":0}}}]},"primary_term":null,"canonical_url":null,"og_title":null,"og_description":null,"og_object_type":"default","og_image_type":"default","og_image_url":null,"og_image_width":null,"og_image_height":null,"og_image_custom_url":null,"og_image_custom_fields":null,"og_video":"","og_custom_url":null,"og_article_section":null,"og_article_tags":null,"twitter_use_og":false,"twitter_card":"default","twitter_image_type":"default","twitter_image_url":null,"twitter_image_custom_url":null,"twitter_image_custom_fields":null,"twitter_title":null,"twitter_description":null,"schema":{"blockGraphs":[],"customGraphs":[],"default":{"data":{"Article":[],"Course":[],"Dataset":[],"FAQPage":[],"Movie":[],"Person":[],"Product":[],"ProductReview":[],"Car":[],"Recipe":[],"Service":[],"SoftwareApplication":[],"WebPage":[]},"graphName":"none","isEnabled":true},"graphs":[]},"schema_type":"default","schema_type_options":null,"pillar_content":false,"robots_default":true,"robots_noindex":false,"robots_noarchive":false,"robots_nosnippet":false,"robots_nofollow":false,"robots_noimageindex":false,"robots_noodp":false,"robots_notranslate":false,"robots_max_snippet":"-1","robots_max_videopreview":"-1","robots_max_imagepreview":"large","priority":null,"frequency":"default","local_seo":null,"seo_analyzer_scan_date":"2025-10-09 08:11:33","breadcrumb_settings":null,"limit_modified_date":false,"reviewed_by":"0","open_ai":null,"ai":{"faqs":[],"keyPoints":[],"titles":[],"descriptions":[],"socialPosts":{"email":[],"linkedin":[],"twitter":[],"facebook":[],"instagram":[]}},"created":"2025-08-29 17:01:57","updated":"2026-02-05 04:30:34"},"aioseo_breadcrumb":"<div class=\"aioseo-breadcrumbs\"><span class=\"aioseo-breadcrumb\">\n\t<a href=\"https:\/\/soymigrante.com\/revista\" title=\"Home\">Home<\/a>\n<\/span><span class=\"aioseo-breadcrumb-separator\">\u00bb<\/span><span class=\"aioseo-breadcrumb\">\n\t<a href=\"https:\/\/soymigrante.com\/revista\/category\/bienestar\/\" title=\"Bienestar\">Bienestar<\/a>\n<\/span><span class=\"aioseo-breadcrumb-separator\">\u00bb<\/span><span class=\"aioseo-breadcrumb\">\n\t<a href=\"https:\/\/soymigrante.com\/revista\/category\/bienestar\/salud-fisica\/\" title=\"Salud F\u00edsica\">Salud F\u00edsica<\/a>\n<\/span><span class=\"aioseo-breadcrumb-separator\">\u00bb<\/span><span class=\"aioseo-breadcrumb\">\n\tLos superpoderes de la papaya pueden transformar tu salud\n<\/span><\/div>","aioseo_breadcrumb_json":[{"label":"Home","link":"https:\/\/soymigrante.com\/revista"},{"label":"Bienestar","link":"https:\/\/soymigrante.com\/revista\/category\/bienestar\/"},{"label":"Salud F\u00edsica","link":"https:\/\/soymigrante.com\/revista\/category\/bienestar\/salud-fisica\/"},{"label":"Los superpoderes de la papaya pueden transformar tu salud","link":"https:\/\/soymigrante.com\/revista\/los-superpoderes-de-la-papaya-pueden-transformar-tu-salud\/"}],"_links":{"self":[{"href":"https:\/\/soymigrante.com\/revista\/wp-json\/wp\/v2\/posts\/43100","targetHints":{"allow":["GET"]}}],"collection":[{"href":"https:\/\/soymigrante.com\/revista\/wp-json\/wp\/v2\/posts"}],"about":[{"href":"https:\/\/soymigrante.com\/revista\/wp-json\/wp\/v2\/types\/post"}],"author":[{"embeddable":true,"href":"https:\/\/soymigrante.com\/revista\/wp-json\/wp\/v2\/users\/19"}],"replies":[{"embeddable":true,"href":"https:\/\/soymigrante.com\/revista\/wp-json\/wp\/v2\/comments?post=43100"}],"version-history":[{"count":17,"href":"https:\/\/soymigrante.com\/revista\/wp-json\/wp\/v2\/posts\/43100\/revisions"}],"predecessor-version":[{"id":43223,"href":"https:\/\/soymigrante.com\/revista\/wp-json\/wp\/v2\/posts\/43100\/revisions\/43223"}],"wp:featuredmedia":[{"embeddable":true,"href":"https:\/\/soymigrante.com\/revista\/wp-json\/wp\/v2\/media\/43101"}],"wp:attachment":[{"href":"https:\/\/soymigrante.com\/revista\/wp-json\/wp\/v2\/media?parent=43100"}],"wp:term":[{"taxonomy":"category","embeddable":true,"href":"https:\/\/soymigrante.com\/revista\/wp-json\/wp\/v2\/categories?post=43100"},{"taxonomy":"post_tag","embeddable":true,"href":"https:\/\/soymigrante.com\/revista\/wp-json\/wp\/v2\/tags?post=43100"}],"curies":[{"name":"wp","href":"https:\/\/api.w.org\/{rel}","templated":true}]}}