{"id":43025,"date":"2025-08-28T11:51:14","date_gmt":"2025-08-28T17:51:14","guid":{"rendered":"https:\/\/soymigrante.com\/revista\/?p=43025"},"modified":"2025-08-28T12:08:16","modified_gmt":"2025-08-28T18:08:16","slug":"hermanas-migrantes-guatemaltecas-reciben-premio-por-aportes-en-nebraska","status":"publish","type":"post","link":"https:\/\/soymigrante.com\/revista\/hermanas-migrantes-guatemaltecas-reciben-premio-por-aportes-en-nebraska\/","title":{"rendered":"Hermanas migrantes guatemaltecas reciben premio por labor humanitaria en Nebraska"},"content":{"rendered":"\t\t<div data-elementor-type=\"wp-post\" data-elementor-id=\"43025\" class=\"elementor elementor-43025\" data-elementor-post-type=\"post\">\n\t\t\t\t<div data-particle_enable=\"false\" data-particle-mobile-disabled=\"false\" class=\"elementor-element elementor-element-aa1f054 e-flex e-con-boxed e-con e-parent\" data-id=\"aa1f054\" data-element_type=\"container\" data-e-type=\"container\">\n\t\t\t\t\t<div class=\"e-con-inner\">\n\t\t\t\t<div class=\"elementor-element elementor-element-c64a5ec elementor-widget elementor-widget-heading\" data-id=\"c64a5ec\" data-element_type=\"widget\" data-e-type=\"widget\" data-widget_type=\"heading.default\">\n\t\t\t\t\t<h2 class=\"elementor-heading-title elementor-size-default\">Las guatemaltecas Gladys y Rose God\u00ednez fue reconocidas  durante la 70\u00aa edici\u00f3n de los Annual Humanitarian Awards, un galard\u00f3n que resalta su trayectoria como  defensoras de derechos de las comunidades.<\/h2>\t\t\t\t<\/div>\n\t\t\t\t\t<\/div>\n\t\t\t\t<\/div>\n\t\t<div data-particle_enable=\"false\" data-particle-mobile-disabled=\"false\" class=\"elementor-element elementor-element-72be5f6 e-flex e-con-boxed e-con e-parent\" data-id=\"72be5f6\" data-element_type=\"container\" data-e-type=\"container\">\n\t\t\t\t\t<div class=\"e-con-inner\">\n\t\t\t\t<div class=\"elementor-element elementor-element-016a683 elementor-widget elementor-widget-text-editor\" data-id=\"016a683\" data-element_type=\"widget\" data-e-type=\"widget\" data-widget_type=\"text-editor.default\">\n\t\t\t\t\t\t\t\t\t<p>Originaria de Guatemala Gladys, God\u00ednez ha construido un camino marcado por la resiliencia y el compromiso con las comunidades <a href=\"https:\/\/www.google.com\/search?q=migrantes+soymigrante.com+derechos&amp;oq=migrantes+soymigrante.com+derechos&amp;gs_lcrp=EgZjaHJvbWUyBggAEEUYOTIGCAEQRRg80gEINDgyOGowajeoAgCwAgA&amp;sourceid=chrome&amp;ie=UTF-8\">migrantes<\/a> y rurales. Su herencia cultural y su experiencia como inmigrante\u00a0 guatemalteca le han dado la fuerza para liderar iniciativas que hoy impactan positivamente en Nebraska y en otros espacios del pa\u00eds.<\/p><p>Su hermana, Rose God\u00ednez, es abogada y tambi\u00e9n trabaja en favor de las <a href=\"https:\/\/soymigrante.com\/revista\/derechos-de-los-migrantes-silencio-indocumentados-defensa\/\">comunidades hispanas<\/a> y de otras minor\u00edas, a fin de velar por sus derechos. Por ello ambas fueron reconocidas como Humanitarias del A\u00f1o 2025 en la 70 edici\u00f3n de los premios Humanitarian Awards auspiciados por la organizaicon <a href=\"https:\/\/www.inclusive-communities.org\/awards\/\">Inclusive Communities.<\/a><\/p>\t\t\t\t\t\t\t\t<\/div>\n\t\t\t\t\t<\/div>\n\t\t\t\t<\/div>\n\t\t<div data-particle_enable=\"false\" data-particle-mobile-disabled=\"false\" class=\"elementor-element elementor-element-f88ab10 e-flex e-con-boxed e-con e-parent\" data-id=\"f88ab10\" data-element_type=\"container\" data-e-type=\"container\">\n\t\t\t\t\t<div class=\"e-con-inner\">\n\t\t\t\t<div class=\"elementor-element elementor-element-21ce86f elementor-widget elementor-widget-image\" data-id=\"21ce86f\" data-element_type=\"widget\" data-e-type=\"widget\" data-widget_type=\"image.default\">\n\t\t\t\t\t\t\t\t\t\t\t\t<figure class=\"wp-caption\">\n\t\t\t\t\t\t\t\t\t\t<img fetchpriority=\"high\" decoding=\"async\" width=\"518\" height=\"600\" src=\"https:\/\/soymigrante.com\/revista\/wp-content\/uploads\/2025\/08\/522989359_1142682941228221_8457777640544486588_n-1.webp\" class=\"attachment-large size-large wp-image-43048\" alt=\"Reconocimiento a Gladys Godinez como Humanitaria del A\u00f1o en los premios 70 a\u00f1os de SoyMigra, destacando su liderazgo y compromiso con comunidades inclusivas en la celebraci\u00f3n de los 70 a\u00f1os de premios humanitarios.\" srcset=\"https:\/\/soymigrante.com\/revista\/wp-content\/uploads\/2025\/08\/522989359_1142682941228221_8457777640544486588_n-1.webp 518w, https:\/\/soymigrante.com\/revista\/wp-content\/uploads\/2025\/08\/522989359_1142682941228221_8457777640544486588_n-1-259x300.jpg 259w\" sizes=\"(max-width: 518px) 100vw, 518px\" title=\"As\u00ed fue anunciado el galard\u00f3n para Gladys God\u00ednez por sus aportes humanitarios a la comunidad hispana y otras minor\u00edas en Nebraska. (Imagen redes sociales de Inclusive Communities) \u2013 SoyMigrante.com REVISTA\" \/>\t\t\t\t\t\t\t\t\t\t\t<figcaption class=\"widget-image-caption wp-caption-text\">Presentaci\u00f3n de Gladys Godinez, directora ejecutiva de United By Culture Media, en el evento de premios humanitarios que celebran 70 a\u00f1os de ayuda humanitaria.<\/figcaption>\n\t\t\t\t\t\t\t\t\t\t<\/figure>\n\t\t\t\t\t\t\t\t\t<\/div>\n\t\t\t\t\t<\/div>\n\t\t\t\t<\/div>\n\t\t<div data-particle_enable=\"false\" data-particle-mobile-disabled=\"false\" class=\"elementor-element elementor-element-dc0621b e-flex e-con-boxed e-con e-parent\" data-id=\"dc0621b\" data-element_type=\"container\" data-e-type=\"container\">\n\t\t\t\t\t<div class=\"e-con-inner\">\n\t\t\t\t<div class=\"elementor-element elementor-element-95f9b0d elementor-widget elementor-widget-heading\" data-id=\"95f9b0d\" data-element_type=\"widget\" data-e-type=\"widget\" data-widget_type=\"heading.default\">\n\t\t\t\t\t<h3 class=\"elementor-heading-title elementor-size-default\">Gladys God\u00ednez: compromiso con la dignidad<\/h3>\t\t\t\t<\/div>\n\t\t\t\t\t<\/div>\n\t\t\t\t<\/div>\n\t\t<div data-particle_enable=\"false\" data-particle-mobile-disabled=\"false\" class=\"elementor-element elementor-element-9efe048 e-flex e-con-boxed e-con e-parent\" data-id=\"9efe048\" data-element_type=\"container\" data-e-type=\"container\">\n\t\t\t\t\t<div class=\"e-con-inner\">\n\t\t\t\t<div class=\"elementor-element elementor-element-e523af0 elementor-widget elementor-widget-text-editor\" data-id=\"e523af0\" data-element_type=\"widget\" data-e-type=\"widget\" data-widget_type=\"text-editor.default\">\n\t\t\t\t\t\t\t\t\t<p>Con m\u00e1s de 25 a\u00f1os de trayectoria, Gladys God\u00ednez ha trabajado en la intersecci\u00f3n de la inmigraci\u00f3n, la equidad y el empoderamiento rural. Desde su rol como directora ejecutiva de United by Culture Media, impulsa proyectos de narraci\u00f3n creativa, defensa comunitaria y medios que reflejan la diversidad de las comunidades multiculturales en Nebraska.<\/p><p>Ha producido dos p\u00f3dcast y fund\u00f3 el Courageous Mujer Retreat, un espacio que fomenta sanaci\u00f3n, conexi\u00f3n y liderazgo entre mujeres de color. Su <a href=\"https:\/\/soymigrante.com\/revista\/trato-cordial-con-responsabilidad-la-formula-para-el-liderazgo-efectivo\/\">liderazgo<\/a> ha sido clave en momentos cr\u00edticos, como la organizaci\u00f3n de apoyo para familias indocumentadas durante la pandemia, la respuesta a redadas migratorias y campa\u00f1as de salud p\u00fablica en comunidades marginadas.<\/p><p>\u201cComo latina guatemalteca en Am\u00e9rica rural, a veces sentimos que somos invisibles. Sin embargo, estamos aqu\u00ed, contribuyendo al impacto econ\u00f3mico y social de peque\u00f1as comunidades. La inclusi\u00f3n significa vernos, escucharnos y reconocernos como parte de la comunidad\u201d, expres\u00f3 en una entrevista compartida por Youtube.<\/p>\t\t\t\t\t\t\t\t<\/div>\n\t\t\t\t\t<\/div>\n\t\t\t\t<\/div>\n\t\t<div data-particle_enable=\"false\" data-particle-mobile-disabled=\"false\" class=\"elementor-element elementor-element-27993d4 e-flex e-con-boxed e-con e-parent\" data-id=\"27993d4\" data-element_type=\"container\" data-e-type=\"container\">\n\t\t\t\t\t<div class=\"e-con-inner\">\n\t\t\t\t<div class=\"elementor-element elementor-element-e23c9f1 elementor-widget elementor-widget-image\" data-id=\"e23c9f1\" data-element_type=\"widget\" data-e-type=\"widget\" data-widget_type=\"image.default\">\n\t\t\t\t\t\t\t\t\t\t\t\t<figure class=\"wp-caption\">\n\t\t\t\t\t\t\t\t\t\t<img decoding=\"async\" width=\"885\" height=\"1024\" src=\"https:\/\/soymigrante.com\/revista\/wp-content\/uploads\/2025\/08\/rose-godinez-premio-885x1024.jpg\" class=\"attachment-large size-large wp-image-43049\" alt=\"Reconocimiento de derechos humanos y premios humanitarios en 70 a\u00f1os.\" srcset=\"https:\/\/soymigrante.com\/revista\/wp-content\/uploads\/2025\/08\/rose-godinez-premio-885x1024.jpg 885w, https:\/\/soymigrante.com\/revista\/wp-content\/uploads\/2025\/08\/rose-godinez-premio-259x300.jpg 259w, https:\/\/soymigrante.com\/revista\/wp-content\/uploads\/2025\/08\/rose-godinez-premio-768x889.jpg 768w, https:\/\/soymigrante.com\/revista\/wp-content\/uploads\/2025\/08\/rose-godinez-premio-750x868.jpg 750w, https:\/\/soymigrante.com\/revista\/wp-content\/uploads\/2025\/08\/rose-godinez-premio.webp 1080w\" sizes=\"(max-width: 885px) 100vw, 885px\" title=\"As\u00ed se promocion\u00f3 ell reconocimiento para Rose God\u00ednez, por su labor como abogada defensora de derechos migratorios y civiles. (Redes sociales de Inclusive Communities) \u2013 SoyMigrante.com REVISTA\" \/>\t\t\t\t\t\t\t\t\t\t\t<figcaption class=\"widget-image-caption wp-caption-text\">Premiaci\u00f3n a Rose Godinez, abogada en derechos civiles, en el evento de los premios Humanitarian Awards 2025 en Nebraska.<\/figcaption>\n\t\t\t\t\t\t\t\t\t\t<\/figure>\n\t\t\t\t\t\t\t\t\t<\/div>\n\t\t\t\t\t<\/div>\n\t\t\t\t<\/div>\n\t\t<div data-particle_enable=\"false\" data-particle-mobile-disabled=\"false\" class=\"elementor-element elementor-element-1b369c3 e-flex e-con-boxed e-con e-parent\" data-id=\"1b369c3\" data-element_type=\"container\" data-e-type=\"container\">\n\t\t\t\t\t<div class=\"e-con-inner\">\n\t\t\t\t<div class=\"elementor-element elementor-element-73ed1a8 elementor-widget elementor-widget-heading\" data-id=\"73ed1a8\" data-element_type=\"widget\" data-e-type=\"widget\" data-widget_type=\"heading.default\">\n\t\t\t\t\t<h3 class=\"elementor-heading-title elementor-size-default\">Rose God\u00ednez: aboga a favor de los derechos<\/h3>\t\t\t\t<\/div>\n\t\t\t\t\t<\/div>\n\t\t\t\t<\/div>\n\t\t<div data-particle_enable=\"false\" data-particle-mobile-disabled=\"false\" class=\"elementor-element elementor-element-73b55b9 e-flex e-con-boxed e-con e-parent\" data-id=\"73b55b9\" data-element_type=\"container\" data-e-type=\"container\">\n\t\t\t\t\t<div class=\"e-con-inner\">\n\t\t\t\t<div class=\"elementor-element elementor-element-e5518eb elementor-widget elementor-widget-text-editor\" data-id=\"e5518eb\" data-element_type=\"widget\" data-e-type=\"widget\" data-widget_type=\"text-editor.default\">\n\t\t\t\t\t\t\t\t\t<p>Por su parte, Rose God\u00ednez fue reconocida por una destacada carrera como abogada de <a href=\"https:\/\/soymigrante.com\/revista\/todo-migrante-tiene-derechos-la-union-americana-de-libertades-civiles-recomienda\/\">derechos<\/a> civiles. Como exdirectora legal de la <a href=\"https:\/\/www.aclu.org\/know-your-rights\/derechos-de-los-inmigrantes\">ACLU<\/a> de Nebraska, lider\u00f3 litigios y esfuerzos de incidencia en favor de la igualdad, los derechos al voto, la justicia racial y la rendici\u00f3n de cuentas policial.<\/p><p>Durante la pandemia, fue una de las principales defensoras de la seguridad de los trabajadores y actu\u00f3 como portavoz biling\u00fce en medios estatales y nacionales. Su investigaci\u00f3n sobre el sesgo racial en detenciones de tr\u00e1nsito contribuy\u00f3 a la aprobaci\u00f3n de una ley en 2020 que obliga a la capacitaci\u00f3n contra prejuicios en las fuerzas policiales.<\/p><p>Otro de sus logros m\u00e1s significativos fue la victoria en la Corte Suprema de Nebraska, que restituy\u00f3 el derecho al voto a personas con condenas previas.<\/p><p>Rose tambi\u00e9n ha ejercido como abogada en inmigraci\u00f3n y derecho de familia en Justice For Our Neighbors-Nebraska y actualmente forma parte de las juntas directivas de la Nonprofit Association of the Midlands y Comunidad Maya Pixan Ixim.<\/p>\t\t\t\t\t\t\t\t<\/div>\n\t\t\t\t\t<\/div>\n\t\t\t\t<\/div>\n\t\t<div data-particle_enable=\"false\" data-particle-mobile-disabled=\"false\" class=\"elementor-element elementor-element-b21bfb6 e-flex e-con-boxed e-con e-parent\" data-id=\"b21bfb6\" data-element_type=\"container\" data-e-type=\"container\">\n\t\t\t\t\t<div class=\"e-con-inner\">\n\t\t\t\t<div class=\"elementor-element elementor-element-70d12f3 elementor-widget elementor-widget-html\" data-id=\"70d12f3\" data-element_type=\"widget\" data-e-type=\"widget\" data-widget_type=\"html.default\">\n\t\t\t\t\t<iframe width=\"560\" height=\"415\" src=\"https:\/\/www.youtube.com\/embed\/4XyyDsA3CW0?si=gLVqXIN6rUhh6usS\" title=\"YouTube video player\" frameborder=\"0\" allow=\"accelerometer; autoplay; clipboard-write; encrypted-media; gyroscope; picture-in-picture; web-share\" referrerpolicy=\"strict-origin-when-cross-origin\" allowfullscreen><\/iframe>\t\t\t\t<\/div>\n\t\t\t\t\t<\/div>\n\t\t\t\t<\/div>\n\t\t<div data-particle_enable=\"false\" data-particle-mobile-disabled=\"false\" class=\"elementor-element elementor-element-959069f e-flex e-con-boxed e-con e-parent\" data-id=\"959069f\" data-element_type=\"container\" data-e-type=\"container\">\n\t\t\t\t\t<div class=\"e-con-inner\">\n\t\t\t\t<div class=\"elementor-element elementor-element-7be008e elementor-widget elementor-widget-heading\" data-id=\"7be008e\" data-element_type=\"widget\" data-e-type=\"widget\" data-widget_type=\"heading.default\">\n\t\t\t\t\t<h3 class=\"elementor-heading-title elementor-size-default\">Hermanas en busca de un mundo mejor<\/h3>\t\t\t\t<\/div>\n\t\t\t\t\t<\/div>\n\t\t\t\t<\/div>\n\t\t<div data-particle_enable=\"false\" data-particle-mobile-disabled=\"false\" class=\"elementor-element elementor-element-85235ef e-flex e-con-boxed e-con e-parent\" data-id=\"85235ef\" data-element_type=\"container\" data-e-type=\"container\">\n\t\t\t\t\t<div class=\"e-con-inner\">\n\t\t\t\t<div class=\"elementor-element elementor-element-c55c815 elementor-widget elementor-widget-text-editor\" data-id=\"c55c815\" data-element_type=\"widget\" data-e-type=\"widget\" data-widget_type=\"text-editor.default\">\n\t\t\t\t\t\t\t\t\t<p>El reconocimiento conjunto a Gladys y Rose resalta no solo sus trayectorias individuales, sino tambi\u00e9n la fuerza de un compromiso compartido desde la infancia: trabajar por comunidades m\u00e1s justas, inclusivas y orgullosas de sus <a href=\"https:\/\/soymigrante.com\/revista\/retrato-en-datos-de-los-guatemaltecos-en-usa-con-mapa-interactivo-de-migration-policy-institute\/\">ra\u00edces guatemaltecas.<\/a><\/p><p>Ambas han sabido abrir espacios de liderazgo y esperanza en un estado conservador como Nebraska, demostrando que la voz de las mujeres inmigrantes puede transformar realidades y abrir camino para nuevas generaciones.<\/p><p>La ceremonia de premiaci\u00f3n se celebrar\u00e1 el 1 de agosto de 2025, en The Venues at the Granary, donde se honrar\u00e1 el impacto social de las hermanas God\u00ednez en el coraz\u00f3n de Estados Unidos.<\/p>\t\t\t\t\t\t\t\t<\/div>\n\t\t\t\t\t<\/div>\n\t\t\t\t<\/div>\n\t\t<div data-particle_enable=\"false\" data-particle-mobile-disabled=\"false\" class=\"elementor-element elementor-element-4ebc1ae e-flex e-con-boxed e-con e-parent\" data-id=\"4ebc1ae\" data-element_type=\"container\" data-e-type=\"container\">\n\t\t\t\t\t<div class=\"e-con-inner\">\n\t\t\t\t<div class=\"elementor-element elementor-element-b63640a elementor-widget elementor-widget-heading\" data-id=\"b63640a\" data-element_type=\"widget\" data-e-type=\"widget\" data-widget_type=\"heading.default\">\n\t\t\t\t\t<h2 class=\"elementor-heading-title elementor-size-default\">Aporte constante de guatemaltecos en USA<\/h2>\t\t\t\t<\/div>\n\t\t\t\t\t<\/div>\n\t\t\t\t<\/div>\n\t\t<div data-particle_enable=\"false\" data-particle-mobile-disabled=\"false\" class=\"elementor-element elementor-element-469b111 e-flex e-con-boxed e-con e-parent\" data-id=\"469b111\" data-element_type=\"container\" data-e-type=\"container\">\n\t\t\t\t\t<div class=\"e-con-inner\">\n\t\t\t\t<div class=\"elementor-element elementor-element-2748b9f elementor-grid-eael-col-3 elementor-grid-tablet-eael-col-2 elementor-grid-mobile-eael-col-1 elementor-widget elementor-widget-eael-post-grid\" data-id=\"2748b9f\" data-element_type=\"widget\" data-e-type=\"widget\" data-settings=\"{&quot;eael_post_grid_columns&quot;:&quot;eael-col-3&quot;,&quot;eael_post_grid_columns_tablet&quot;:&quot;eael-col-2&quot;,&quot;eael_post_grid_columns_mobile&quot;:&quot;eael-col-1&quot;}\" data-widget_type=\"eael-post-grid.default\">\n\t\t\t\t\t<div id=\"eael-post-grid-2748b9f\" class=\"eael-post-grid-container\">\n            <div class=\"eael-post-grid eael-post-appender eael-post-appender-2748b9f eael-post-grid-style-one\" data-layout-mode=\"masonry\"><article class=\"eael-grid-post  eael-post-grid-column eael-pg-post-7063 category-exitos\" data-id=\"7063\">\n        <div class=\"eael-grid-post-holder\">\n            <div class=\"eael-grid-post-holder-inner\"><div class=\"eael-entry-media\"><div class=\"eael-entry-overlay fade-in\"><i class=\"far fa-hand-pointer\" aria-hidden=\"true\"><\/i><a href=\"https:\/\/soymigrante.com\/revista\/revolucion-avicola-impulsa-guatemalteco-reginaldo-marroquin-en-minnesota\/\"><\/a><\/div><div class=\"eael-entry-thumbnail \">\n                <img decoding=\"async\" width=\"865\" height=\"865\" src=\"https:\/\/soymigrante.com\/revista\/wp-content\/uploads\/2024\/06\/regisd.webp\" class=\"attachment-large size-large wp-image-7064\" alt=\"Empleado agr\u00edcola en un huerto de plantas verdes, trabajando en agricultura, exportaci\u00f3n de productos agr\u00edcolas, trabajo en campo, sostenibilidad agr\u00edcola, flexible y amigable con la naturaleza.\" srcset=\"https:\/\/soymigrante.com\/revista\/wp-content\/uploads\/2024\/06\/regisd.webp 865w, https:\/\/soymigrante.com\/revista\/wp-content\/uploads\/2024\/06\/regisd-300x300.webp 300w, https:\/\/soymigrante.com\/revista\/wp-content\/uploads\/2024\/06\/regisd-150x150.webp 150w, https:\/\/soymigrante.com\/revista\/wp-content\/uploads\/2024\/06\/regisd-768x768.webp 768w, https:\/\/soymigrante.com\/revista\/wp-content\/uploads\/2024\/06\/regisd-75x75.webp 75w, https:\/\/soymigrante.com\/revista\/wp-content\/uploads\/2024\/06\/regisd-750x750.webp 750w\" sizes=\"(max-width: 865px) 100vw, 865px\" \/>\n            <\/div>\n        <\/div><div class=\"eael-entry-wrapper\"><header class=\"eael-entry-header\"><h2 class=\"eael-entry-title\"><a class=\"eael-grid-post-link\" href=\"https:\/\/soymigrante.com\/revista\/revolucion-avicola-impulsa-guatemalteco-reginaldo-marroquin-en-minnesota\/\" title=\"Revoluci\u00f3n av\u00edcola impulsa guatemalteco Reginaldo Marroqu\u00edn  en Minnesota\">Revoluci\u00f3n av\u00edcola impulsa guatemalteco Reginaldo Marroqu\u00edn  en Minnesota<\/a><\/h2><\/header><div class=\"eael-entry-content\">\n                        <div class=\"eael-grid-post-excerpt\"><a href=\"https:\/\/soymigrante.com\/revista\/revolucion-avicola-impulsa-guatemalteco-reginaldo-marroquin-en-minnesota\/\" class=\"eael-post-elements-readmore-btn\">CONOCE SU HISTORIA <\/a><\/div>\n                    <\/div><\/div><\/div>\n        <\/div>\n    <\/article><article class=\"eael-grid-post  eael-post-grid-column eael-pg-post-27286 category-recursos-migratorios\" data-id=\"27286\">\n        <div class=\"eael-grid-post-holder\">\n            <div class=\"eael-grid-post-holder-inner\"><div class=\"eael-entry-media\"><div class=\"eael-entry-overlay fade-in\"><i class=\"far fa-hand-pointer\" aria-hidden=\"true\"><\/i><a href=\"https:\/\/soymigrante.com\/revista\/abogada-meredith-brown-expone-claves-de-derechos-migrantes-en-estados-unidos\/\"><\/a><\/div><div class=\"eael-entry-thumbnail \">\n                <img loading=\"lazy\" decoding=\"async\" width=\"1024\" height=\"1024\" src=\"https:\/\/soymigrante.com\/revista\/wp-content\/uploads\/2025\/03\/envato-labs-ai-2536242b-642a-4e3a-8413-4e1b36bff18f.webp\" class=\"attachment-large size-large wp-image-27349\" alt=\"Venta de comida saludable en un restaurante. Personal preparando y cortando verduras frescas en una cocina moderna y limpia. Mujeres y hombres involucrados en la preparaci\u00f3n de alimentos con ingredientes naturales.\" srcset=\"https:\/\/soymigrante.com\/revista\/wp-content\/uploads\/2025\/03\/envato-labs-ai-2536242b-642a-4e3a-8413-4e1b36bff18f.webp 1024w, https:\/\/soymigrante.com\/revista\/wp-content\/uploads\/2025\/03\/envato-labs-ai-2536242b-642a-4e3a-8413-4e1b36bff18f-300x300.jpg 300w, https:\/\/soymigrante.com\/revista\/wp-content\/uploads\/2025\/03\/envato-labs-ai-2536242b-642a-4e3a-8413-4e1b36bff18f-150x150.jpg 150w, https:\/\/soymigrante.com\/revista\/wp-content\/uploads\/2025\/03\/envato-labs-ai-2536242b-642a-4e3a-8413-4e1b36bff18f-768x768.jpg 768w, https:\/\/soymigrante.com\/revista\/wp-content\/uploads\/2025\/03\/envato-labs-ai-2536242b-642a-4e3a-8413-4e1b36bff18f-75x75.webp 75w, https:\/\/soymigrante.com\/revista\/wp-content\/uploads\/2025\/03\/envato-labs-ai-2536242b-642a-4e3a-8413-4e1b36bff18f-750x750.webp 750w\" sizes=\"(max-width: 1024px) 100vw, 1024px\" \/>\n            <\/div>\n        <\/div><div class=\"eael-entry-wrapper\"><header class=\"eael-entry-header\"><h2 class=\"eael-entry-title\"><a class=\"eael-grid-post-link\" href=\"https:\/\/soymigrante.com\/revista\/abogada-meredith-brown-expone-claves-de-derechos-migrantes-en-estados-unidos\/\" title=\"Abogada Meredith Brown expone claves de derechos migrantes en Estados Unidos\">Abogada Meredith Brown expone claves de derechos migrantes en Estados Unidos<\/a><\/h2><\/header><div class=\"eael-entry-content\">\n                        <div class=\"eael-grid-post-excerpt\"><a href=\"https:\/\/soymigrante.com\/revista\/abogada-meredith-brown-expone-claves-de-derechos-migrantes-en-estados-unidos\/\" class=\"eael-post-elements-readmore-btn\">CONOCE SU HISTORIA <\/a><\/div>\n                    <\/div><\/div><\/div>\n        <\/div>\n    <\/article><article class=\"eael-grid-post  eael-post-grid-column eael-pg-post-2709 category-exitos\" data-id=\"2709\">\n        <div class=\"eael-grid-post-holder\">\n            <div class=\"eael-grid-post-holder-inner\"><div class=\"eael-entry-media\"><div class=\"eael-entry-overlay fade-in\"><i class=\"far fa-hand-pointer\" aria-hidden=\"true\"><\/i><a href=\"https:\/\/soymigrante.com\/revista\/migrante-guatemalteca-claudia-hernandez-dignifica-a-la-mujer\/\"><\/a><\/div><div class=\"eael-entry-thumbnail \">\n                <img loading=\"lazy\" decoding=\"async\" width=\"1024\" height=\"660\" src=\"https:\/\/soymigrante.com\/revista\/wp-content\/uploads\/2023\/09\/clau-hern-1024x660.webp\" class=\"attachment-large size-large wp-image-2886\" alt=\"Claudia D. Hern\u00e1ndez, migrante y escritora guatemalteca.\" srcset=\"https:\/\/soymigrante.com\/revista\/wp-content\/uploads\/2023\/09\/clau-hern-1024x660.webp 1024w, https:\/\/soymigrante.com\/revista\/wp-content\/uploads\/2023\/09\/clau-hern-300x193.webp 300w, https:\/\/soymigrante.com\/revista\/wp-content\/uploads\/2023\/09\/clau-hern-768x495.webp 768w, https:\/\/soymigrante.com\/revista\/wp-content\/uploads\/2023\/09\/clau-hern-750x483.webp 750w, https:\/\/soymigrante.com\/revista\/wp-content\/uploads\/2023\/09\/clau-hern-1140x735.webp 1140w, https:\/\/soymigrante.com\/revista\/wp-content\/uploads\/2023\/09\/clau-hern.webp 1187w\" sizes=\"(max-width: 1024px) 100vw, 1024px\" \/>\n            <\/div>\n        <\/div><div class=\"eael-entry-wrapper\"><header class=\"eael-entry-header\"><h2 class=\"eael-entry-title\"><a class=\"eael-grid-post-link\" href=\"https:\/\/soymigrante.com\/revista\/migrante-guatemalteca-claudia-hernandez-dignifica-a-la-mujer\/\" title=\"Migrante guatemalteca Claudia D. Hern\u00e1ndez  dignifica a las mujeres con arte y poes\u00eda\">Migrante guatemalteca Claudia D. Hern\u00e1ndez  dignifica a las mujeres con arte y poes\u00eda<\/a><\/h2><\/header><div class=\"eael-entry-content\">\n                        <div class=\"eael-grid-post-excerpt\"><a href=\"https:\/\/soymigrante.com\/revista\/migrante-guatemalteca-claudia-hernandez-dignifica-a-la-mujer\/\" class=\"eael-post-elements-readmore-btn\">CONOCE SU HISTORIA <\/a><\/div>\n                    <\/div><\/div><\/div>\n        <\/div>\n    <\/article><\/div>\n            <div class=\"clearfix\"><\/div>\n        <\/div>\t\t\t\t<\/div>\n\t\t\t\t\t<\/div>\n\t\t\t\t<\/div>\n\t\t\t\t<\/div>\n\t\t","protected":false},"excerpt":{"rendered":"<p>Las guatemaltecas Gladys y Rose God\u00ednez fue reconocidas durante la 70\u00aa edici\u00f3n de los Annual Humanitarian Awards, un galard\u00f3n que resalta su trayectoria como defensoras de derechos de las comunidades. Originaria de Guatemala Gladys, God\u00ednez ha construido un camino marcado por la resiliencia y el compromiso con las comunidades migrantes y rurales. Su herencia cultural [&hellip;]<\/p>\n","protected":false},"author":7,"featured_media":43030,"comment_status":"open","ping_status":"open","sticky":false,"template":"","format":"standard","meta":{"_acf_changed":false,"_eb_attr":"","footnotes":""},"categories":[54],"tags":[],"class_list":["post-43025","post","type-post","status-publish","format-standard","has-post-thumbnail","hentry","category-estamos-unidos"],"acf":[],"aioseo_notices":[],"aioseo_head":"\n\t\t<!-- All in One SEO Pro 4.9.6.2 - aioseo.com -->\n\t<meta name=\"description\" content=\"Claudia D. Hern\u00e1ndez migrante guatemalteca autora del libro Tejiendo la niebla relata la su experiencia tras migrar junto a su madre y vivir una etapa de violencia dom\u00e9stica\" \/>\n\t<meta name=\"robots\" content=\"max-snippet:-1, max-image-preview:large, max-video-preview:-1\" \/>\n\t<meta name=\"author\" content=\"Diana Batz\"\/>\n\t<link rel=\"canonical\" href=\"https:\/\/soymigrante.com\/revista\/migrante-guatemalteca-claudia-hernandez-dignifica-a-la-mujer\/\" \/>\n\t<meta name=\"generator\" content=\"All in One SEO Pro (AIOSEO) 4.9.6.2\" \/>\n\n\t\t<link rel=\"preconnect\" href=\"https:\/\/fonts.googleapis.com\" crossorigin>\n<link rel=\"preconnect\" href=\"https:\/\/fonts.gstatic.com\" crossorigin>\n\t\t<meta property=\"og:locale\" content=\"es_ES\" \/>\n\t\t<meta property=\"og:site_name\" content=\"SoyMigrante.com REVISTA \u2013 Nuestra misi\u00f3n es reconocer y dignificar al migrante.\" \/>\n\t\t<meta property=\"og:type\" content=\"article\" \/>\n\t\t<meta property=\"og:title\" content=\"Migrante guatemalteca Claudia D. Hern\u00e1ndez dignifica a las mujeres con arte y poes\u00eda\" \/>\n\t\t<meta property=\"og:description\" content=\"Claudia D. Hern\u00e1ndez migrante guatemalteca autora del libro Tejiendo la niebla relata la su experiencia tras migrar junto a su madre y vivir una etapa de violencia dom\u00e9stica\" \/>\n\t\t<meta property=\"og:url\" content=\"https:\/\/soymigrante.com\/revista\/migrante-guatemalteca-claudia-hernandez-dignifica-a-la-mujer\/\" \/>\n\t\t<meta property=\"og:image\" content=\"https:\/\/soymigrante.com\/revista\/wp-content\/uploads\/2023\/09\/clau-hern.webp\" \/>\n\t\t<meta property=\"og:image:secure_url\" content=\"https:\/\/soymigrante.com\/revista\/wp-content\/uploads\/2023\/09\/clau-hern.webp\" \/>\n\t\t<meta property=\"og:image:width\" content=\"1187\" \/>\n\t\t<meta property=\"og:image:height\" content=\"765\" \/>\n\t\t<meta property=\"article:published_time\" content=\"2023-10-09T19:40:11+00:00\" \/>\n\t\t<meta property=\"article:modified_time\" content=\"2024-07-31T03:51:23+00:00\" \/>\n\t\t<meta property=\"article:publisher\" content=\"https:\/\/www.facebook.com\/soymigrantecom\" \/>\n\t\t<meta name=\"twitter:card\" content=\"summary_large_image\" \/>\n\t\t<meta name=\"twitter:site\" content=\"@SoyMigrante_com\" \/>\n\t\t<meta name=\"twitter:title\" content=\"Migrante guatemalteca Claudia D. Hern\u00e1ndez dignifica a las mujeres con arte y poes\u00eda\" \/>\n\t\t<meta name=\"twitter:description\" content=\"Claudia D. Hern\u00e1ndez migrante guatemalteca autora del libro Tejiendo la niebla relata la su experiencia tras migrar junto a su madre y vivir una etapa de violencia dom\u00e9stica\" \/>\n\t\t<meta name=\"twitter:creator\" content=\"@SoyMigrante_com\" \/>\n\t\t<meta name=\"twitter:image\" content=\"https:\/\/soymigrante.com\/revista\/wp-content\/uploads\/2023\/09\/clau-hern.webp\" \/>\n\t\t<!-- All in One SEO Pro -->\r\n\t\t<title>Migrante guatemalteca Claudia D. Hern\u00e1ndez dignifica a las mujeres con arte y poes\u00eda<\/title>\n\n","aioseo_head_json":{"title":"Migrante guatemalteca Claudia D. Hern\u00e1ndez dignifica a las mujeres con arte y poes\u00eda","description":"Claudia D. Hern\u00e1ndez migrante guatemalteca autora del libro Tejiendo la niebla relata la su experiencia tras migrar junto a su madre y vivir una etapa de violencia dom\u00e9stica","canonical_url":"https:\/\/soymigrante.com\/revista\/migrante-guatemalteca-claudia-hernandez-dignifica-a-la-mujer\/","robots":"max-snippet:-1, max-image-preview:large, max-video-preview:-1","keywords":"","webmasterTools":{"miscellaneous":"&lt;link rel=\"preconnect\" href=\"https:\/\/fonts.googleapis.com\" crossorigin&gt;\n&lt;link rel=\"preconnect\" href=\"https:\/\/fonts.gstatic.com\" crossorigin&gt;"},"schema":null,"og:locale":"es_ES","og:site_name":"SoyMigrante.com REVISTA \u2013 Nuestra misi\u00f3n es reconocer y dignificar al migrante.","og:type":"article","og:title":"Migrante guatemalteca Claudia D. Hern\u00e1ndez dignifica a las mujeres con arte y poes\u00eda","og:description":"Claudia D. Hern\u00e1ndez migrante guatemalteca autora del libro Tejiendo la niebla relata la su experiencia tras migrar junto a su madre y vivir una etapa de violencia dom\u00e9stica","og:url":"https:\/\/soymigrante.com\/revista\/migrante-guatemalteca-claudia-hernandez-dignifica-a-la-mujer\/","og:image":"https:\/\/soymigrante.com\/revista\/wp-content\/uploads\/2023\/09\/clau-hern.webp","og:image:secure_url":"https:\/\/soymigrante.com\/revista\/wp-content\/uploads\/2023\/09\/clau-hern.webp","og:image:width":1187,"og:image:height":765,"article:published_time":"2023-10-09T19:40:11+00:00","article:modified_time":"2024-07-31T03:51:23+00:00","article:publisher":"https:\/\/www.facebook.com\/soymigrantecom","twitter:card":"summary_large_image","twitter:site":"@SoyMigrante_com","twitter:title":"Migrante guatemalteca Claudia D. Hern\u00e1ndez dignifica a las mujeres con arte y poes\u00eda","twitter:description":"Claudia D. Hern\u00e1ndez migrante guatemalteca autora del libro Tejiendo la niebla relata la su experiencia tras migrar junto a su madre y vivir una etapa de violencia dom\u00e9stica","twitter:creator":"@SoyMigrante_com","twitter:image":"https:\/\/soymigrante.com\/revista\/wp-content\/uploads\/2023\/09\/clau-hern.webp"},"aioseo_meta_data":{"post_id":"43025","title":"Hermanas guatemaltecas recibieron premio en Nebraska","description":"Por sus aportes a la comunidad hispana las hermanas guatemaltecas Gladys y Rosa God\u00ednez recibieron el Premio Humanitario 2025 Inclusive Communities en Nebraska","keywords":null,"keyphrases":{"focus":{"keyphrase":"Hermanas","score":60,"analysis":{"keyphraseInTitle":{"score":9,"maxScore":9,"error":0},"keyphraseInDescription":{"score":9,"maxScore":9,"error":0},"keyphraseLength":{"score":9,"maxScore":9,"error":0,"length":1},"keyphraseInURL":{"score":5,"maxScore":5,"error":0},"keyphraseInIntroduction":{"score":3,"maxScore":9,"error":1},"keyphraseInSubHeadings":{"score":3,"maxScore":9,"error":1},"keyphraseInImageAlt":{"score":3,"maxScore":9,"error":1},"keywordDensity":{"score":0,"type":"low","maxScore":9,"error":1}}},"additional":[{"keyphrase":"Migrantes","score":53,"analysis":{"keyphraseInDescription":{"score":3,"maxScore":9,"error":1},"keyphraseLength":{"score":9,"maxScore":9,"error":0,"length":1},"keyphraseInIntroduction":{"score":9,"maxScore":9,"error":0},"keyphraseInImageAlt":{"score":3,"maxScore":9,"error":1},"keywordDensity":{"score":0,"type":"low","maxScore":9,"error":1}}},{"keyphrase":"Nebraska","score":100,"analysis":{"keyphraseInDescription":{"score":9,"maxScore":9,"error":0},"keyphraseLength":{"score":9,"maxScore":9,"error":0,"length":1},"keyphraseInIntroduction":{"score":9,"maxScore":9,"error":0},"keyphraseInImageAlt":{"score":9,"maxScore":9,"error":0},"keywordDensity":{"type":"best","score":9,"maxScore":9,"error":0}}}]},"primary_term":null,"canonical_url":null,"og_title":null,"og_description":null,"og_object_type":"default","og_image_type":"default","og_image_url":null,"og_image_width":null,"og_image_height":null,"og_image_custom_url":null,"og_image_custom_fields":null,"og_video":"","og_custom_url":null,"og_article_section":null,"og_article_tags":null,"twitter_use_og":false,"twitter_card":"default","twitter_image_type":"default","twitter_image_url":null,"twitter_image_custom_url":null,"twitter_image_custom_fields":null,"twitter_title":null,"twitter_description":null,"schema":{"blockGraphs":[],"customGraphs":[],"default":{"data":{"Article":[],"Course":[],"Dataset":[],"FAQPage":[],"Movie":[],"Person":[],"Product":[],"ProductReview":[],"Car":[],"Recipe":[],"Service":[],"SoftwareApplication":[],"WebPage":[]},"graphName":"none","isEnabled":true},"graphs":[]},"schema_type":"default","schema_type_options":null,"pillar_content":false,"robots_default":true,"robots_noindex":false,"robots_noarchive":false,"robots_nosnippet":false,"robots_nofollow":false,"robots_noimageindex":false,"robots_noodp":false,"robots_notranslate":false,"robots_max_snippet":"-1","robots_max_videopreview":"-1","robots_max_imagepreview":"large","priority":null,"frequency":"default","local_seo":null,"seo_analyzer_scan_date":"2025-10-09 08:06:18","breadcrumb_settings":null,"limit_modified_date":false,"reviewed_by":"0","open_ai":null,"ai":{"faqs":[],"keyPoints":[],"titles":[],"descriptions":[],"socialPosts":{"email":[],"linkedin":[],"twitter":[],"facebook":[],"instagram":[]}},"created":"2025-08-28 17:22:34","updated":"2026-02-05 04:27:53"},"aioseo_breadcrumb":"<div class=\"aioseo-breadcrumbs\"><span class=\"aioseo-breadcrumb\">\n\t<a href=\"https:\/\/soymigrante.com\/revista\" title=\"Home\">Home<\/a>\n<\/span><span class=\"aioseo-breadcrumb-separator\">\u00bb<\/span><span class=\"aioseo-breadcrumb\">\n\t<a href=\"https:\/\/soymigrante.com\/revista\/category\/estamos-unidos\/\" title=\"Estamos Unidos\">Estamos Unidos<\/a>\n<\/span><span class=\"aioseo-breadcrumb-separator\">\u00bb<\/span><span class=\"aioseo-breadcrumb\">\n\tHermanas migrantes guatemaltecas reciben premio por labor humanitaria en Nebraska\n<\/span><\/div>","aioseo_breadcrumb_json":[{"label":"Home","link":"https:\/\/soymigrante.com\/revista"},{"label":"Estamos Unidos","link":"https:\/\/soymigrante.com\/revista\/category\/estamos-unidos\/"},{"label":"Hermanas migrantes guatemaltecas reciben premio por labor humanitaria en Nebraska","link":"https:\/\/soymigrante.com\/revista\/hermanas-migrantes-guatemaltecas-reciben-premio-por-aportes-en-nebraska\/"}],"_links":{"self":[{"href":"https:\/\/soymigrante.com\/revista\/wp-json\/wp\/v2\/posts\/43025","targetHints":{"allow":["GET"]}}],"collection":[{"href":"https:\/\/soymigrante.com\/revista\/wp-json\/wp\/v2\/posts"}],"about":[{"href":"https:\/\/soymigrante.com\/revista\/wp-json\/wp\/v2\/types\/post"}],"author":[{"embeddable":true,"href":"https:\/\/soymigrante.com\/revista\/wp-json\/wp\/v2\/users\/7"}],"replies":[{"embeddable":true,"href":"https:\/\/soymigrante.com\/revista\/wp-json\/wp\/v2\/comments?post=43025"}],"version-history":[{"count":12,"href":"https:\/\/soymigrante.com\/revista\/wp-json\/wp\/v2\/posts\/43025\/revisions"}],"predecessor-version":[{"id":43058,"href":"https:\/\/soymigrante.com\/revista\/wp-json\/wp\/v2\/posts\/43025\/revisions\/43058"}],"wp:featuredmedia":[{"embeddable":true,"href":"https:\/\/soymigrante.com\/revista\/wp-json\/wp\/v2\/media\/43030"}],"wp:attachment":[{"href":"https:\/\/soymigrante.com\/revista\/wp-json\/wp\/v2\/media?parent=43025"}],"wp:term":[{"taxonomy":"category","embeddable":true,"href":"https:\/\/soymigrante.com\/revista\/wp-json\/wp\/v2\/categories?post=43025"},{"taxonomy":"post_tag","embeddable":true,"href":"https:\/\/soymigrante.com\/revista\/wp-json\/wp\/v2\/tags?post=43025"}],"curies":[{"name":"wp","href":"https:\/\/api.w.org\/{rel}","templated":true}]}}