{"id":4301,"date":"2024-01-09T13:35:11","date_gmt":"2024-01-09T19:35:11","guid":{"rendered":"https:\/\/soymigrante.com\/revista\/?p=4301"},"modified":"2024-07-27T21:14:33","modified_gmt":"2024-07-28T03:14:33","slug":"remesas-migrantes-cifra-record-guatemala-economia-dependenc","status":"publish","type":"post","link":"https:\/\/soymigrante.com\/revista\/remesas-migrantes-cifra-record-guatemala-economia-dependenc\/","title":{"rendered":"An\u00e1lisis: Econom\u00eda guatemalteca depende cada vez m\u00e1s de remesas migrantes"},"content":{"rendered":"\t\t<div data-elementor-type=\"wp-post\" data-elementor-id=\"4301\" class=\"elementor elementor-4301\" data-elementor-post-type=\"post\">\n\t\t\t\t\t\t<section data-particle_enable=\"false\" data-particle-mobile-disabled=\"false\" class=\"elementor-section elementor-top-section elementor-element elementor-element-cb7d949 elementor-section-boxed elementor-section-height-default elementor-section-height-default\" data-id=\"cb7d949\" data-element_type=\"section\" data-e-type=\"section\">\n\t\t\t\t\t\t<div class=\"elementor-container elementor-column-gap-default\">\n\t\t\t\t\t<div class=\"elementor-column elementor-col-100 elementor-top-column elementor-element elementor-element-e6e9ac8\" data-id=\"e6e9ac8\" data-element_type=\"column\" data-e-type=\"column\">\n\t\t\t<div class=\"elementor-widget-wrap elementor-element-populated\">\n\t\t\t\t\t\t<div class=\"elementor-element elementor-element-ea18e03 elementor-widget elementor-widget-heading\" data-id=\"ea18e03\" data-element_type=\"widget\" data-e-type=\"widget\" data-widget_type=\"heading.default\">\n\t\t\t\t\t<h2 class=\"elementor-heading-title elementor-size-default\">Con la cifra r\u00e9cord de remesas migrantes del a\u00f1o reci\u00e9n pasado, Guatemala suma m\u00e1s de US$134 mil millones entre 2000 y 2023. Una cifra nada despreciable, enorme, que apuntala la econom\u00eda, pero que tambi\u00e9n depende de otros factores.<\/h2>\t\t\t\t<\/div>\n\t\t\t\t\t<\/div>\n\t\t<\/div>\n\t\t\t\t\t<\/div>\n\t\t<\/section>\n\t\t\t\t<section data-particle_enable=\"false\" data-particle-mobile-disabled=\"false\" class=\"elementor-section elementor-top-section elementor-element elementor-element-5dc4dcb elementor-section-boxed elementor-section-height-default elementor-section-height-default\" data-id=\"5dc4dcb\" data-element_type=\"section\" data-e-type=\"section\">\n\t\t\t\t\t\t<div class=\"elementor-container elementor-column-gap-default\">\n\t\t\t\t\t<div class=\"elementor-column elementor-col-100 elementor-top-column elementor-element elementor-element-44476c7\" data-id=\"44476c7\" data-element_type=\"column\" data-e-type=\"column\">\n\t\t\t<div class=\"elementor-widget-wrap elementor-element-populated\">\n\t\t\t\t\t\t<div class=\"elementor-element elementor-element-89a062e elementor-widget elementor-widget-text-editor\" data-id=\"89a062e\" data-element_type=\"widget\" data-e-type=\"widget\" data-widget_type=\"text-editor.default\">\n\t\t\t\t\t\t\t\t\t<p>2000 al 2023 o sea en 23 a\u00f1os, Guatemala ha captado US$134 mil millones por concepto de remesas familiares, que registra la balanza cambiaria, que no es una cifra despreciable, y que\u00a0<span style=\"color: var( --e-global-color-text );\">gracias a ese ingreso producto del esfuerzo de la comunidad migrante, sobre todo en Estados Unidos se puede afirmar que es el motor de la econom\u00eda. En Guatemala casi cuatro de cada 10 personas viven de estos ingresos.<\/span><\/p>\t\t\t\t\t\t\t\t<\/div>\n\t\t\t\t\t<\/div>\n\t\t<\/div>\n\t\t\t\t\t<\/div>\n\t\t<\/section>\n\t\t\t\t<section data-particle_enable=\"false\" data-particle-mobile-disabled=\"false\" class=\"elementor-section elementor-top-section elementor-element elementor-element-8fe55c3 elementor-section-boxed elementor-section-height-default elementor-section-height-default\" data-id=\"8fe55c3\" data-element_type=\"section\" data-e-type=\"section\">\n\t\t\t\t\t\t<div class=\"elementor-container elementor-column-gap-default\">\n\t\t\t\t\t<div class=\"elementor-column elementor-col-100 elementor-top-column elementor-element elementor-element-02beb20\" data-id=\"02beb20\" data-element_type=\"column\" data-e-type=\"column\">\n\t\t\t<div class=\"elementor-widget-wrap elementor-element-populated\">\n\t\t\t\t\t\t<div class=\"elementor-element elementor-element-3b9e39b elementor-widget elementor-widget-image\" data-id=\"3b9e39b\" data-element_type=\"widget\" data-e-type=\"widget\" data-widget_type=\"image.default\">\n\t\t\t\t\t\t\t\t\t\t\t\t\t\t\t<img fetchpriority=\"high\" decoding=\"async\" width=\"768\" height=\"579\" src=\"https:\/\/soymigrante.com\/revista\/wp-content\/uploads\/2024\/01\/Captura-de-pantalla-2024-01-09-112026.webp\" class=\"attachment-large size-large wp-image-4305\" alt=\"\" srcset=\"https:\/\/soymigrante.com\/revista\/wp-content\/uploads\/2024\/01\/Captura-de-pantalla-2024-01-09-112026.webp 816w, https:\/\/soymigrante.com\/revista\/wp-content\/uploads\/2024\/01\/Captura-de-pantalla-2024-01-09-112026-300x226.webp 300w, https:\/\/soymigrante.com\/revista\/wp-content\/uploads\/2024\/01\/Captura-de-pantalla-2024-01-09-112026-768x579.webp 768w, https:\/\/soymigrante.com\/revista\/wp-content\/uploads\/2024\/01\/Captura-de-pantalla-2024-01-09-112026-750x565.webp 750w\" sizes=\"(max-width: 768px) 100vw, 768px\" title=\"Captura de pantalla 2024-01-09 112026 \u2013 SoyMigrante.com REVISTA\" \/>\t\t\t\t\t\t\t\t\t\t\t\t\t\t\t<\/div>\n\t\t\t\t\t<\/div>\n\t\t<\/div>\n\t\t\t\t\t<\/div>\n\t\t<\/section>\n\t\t\t\t<section data-particle_enable=\"false\" data-particle-mobile-disabled=\"false\" class=\"elementor-section elementor-top-section elementor-element elementor-element-3ec182a elementor-section-boxed elementor-section-height-default elementor-section-height-default\" data-id=\"3ec182a\" data-element_type=\"section\" data-e-type=\"section\">\n\t\t\t\t\t\t<div class=\"elementor-container elementor-column-gap-default\">\n\t\t\t\t\t<div class=\"elementor-column elementor-col-100 elementor-top-column elementor-element elementor-element-5174d58\" data-id=\"5174d58\" data-element_type=\"column\" data-e-type=\"column\">\n\t\t\t<div class=\"elementor-widget-wrap elementor-element-populated\">\n\t\t\t\t\t\t<div class=\"elementor-element elementor-element-190a0dd elementor-widget elementor-widget-heading\" data-id=\"190a0dd\" data-element_type=\"widget\" data-e-type=\"widget\" data-widget_type=\"heading.default\">\n\t\t\t\t\t<h2 class=\"elementor-heading-title elementor-size-default\">Jairo: made in Uspant\u00e1n<\/h2>\t\t\t\t<\/div>\n\t\t\t\t\t<\/div>\n\t\t<\/div>\n\t\t\t\t\t<\/div>\n\t\t<\/section>\n\t\t\t\t<section data-particle_enable=\"false\" data-particle-mobile-disabled=\"false\" class=\"elementor-section elementor-top-section elementor-element elementor-element-029cc14 elementor-section-boxed elementor-section-height-default elementor-section-height-default\" data-id=\"029cc14\" data-element_type=\"section\" data-e-type=\"section\">\n\t\t\t\t\t\t<div class=\"elementor-container elementor-column-gap-default\">\n\t\t\t\t\t<div class=\"elementor-column elementor-col-100 elementor-top-column elementor-element elementor-element-7d547bd\" data-id=\"7d547bd\" data-element_type=\"column\" data-e-type=\"column\">\n\t\t\t<div class=\"elementor-widget-wrap elementor-element-populated\">\n\t\t\t\t\t\t<div class=\"elementor-element elementor-element-abd55d8 elementor-widget elementor-widget-text-editor\" data-id=\"abd55d8\" data-element_type=\"widget\" data-e-type=\"widget\" data-widget_type=\"text-editor.default\">\n\t\t\t\t\t\t\t\t\t<p><span style=\"color: var( --e-global-color-text );\">Jairo*\u00a0 naci\u00f3 y creci\u00f3 en la denomina Zona Reina en Uspant\u00e1n Quich\u00e9. Decidi\u00f3 migrar hace 18 a\u00f1os. Ahora vive\u00a0 en el Estado de Nueva York. Es uno de los cientos de miles de migrantes guatemaltecos que ha aportado a esos grandes n\u00fameros que se contabilizan en las remesas, que es la cara bonita y las cifras limpias.<\/span><\/p><p>En 2023 se alcanz\u00f3 una cantidad hist\u00f3ricaen las transferencias de dinero desde Estados Unidos: US$19,805 millones. Como Jairo* muchos guatemaltecos en Estados Unidos contribuyeron a esa cifra grande, enorme, casi triunfal, pero\u00a0<span style=\"color: var( --e-global-color-text );\">bajo circunstancias muy demoledoras desde el punto de vista emocional, f\u00edsico inclusive espiritual.<\/span><\/p><p>Y aunque Jairo reconoce lo dif\u00edcil que es estar lejos de sus padres, sus hermanos mayores y menores, de sus parientes y de sus amigos, su esfuerzo mensual ha contribuido a que su hogar salga\u00a0 de la pobreza\u00a0<span style=\"color: var( --e-global-color-text );\">extrema en las condiciones en que se encontraban hace 18 a\u00f1os, cuando hab\u00eda muchas carencias y precariedades.<\/span><\/p><p>En sus sue\u00f1os de nostalgia extra\u00f1a su infancia de regresar a Guatemala; caminar por los sembrad\u00edos de milpa, frijol, ca\u00f1a de az\u00facar, y g\u00fcisquil; tambi\u00e9n de hacer un recorrido por el \u00e1rea boscosa comunitaria e incluso en su imaginario echarse \u201cun chapuz\u00f3n\u201d e ir a pescar al r\u00edo cercano, as\u00ed como\u00a0<span style=\"color: var( --e-global-color-text );\">visitar con su abuela materna la laguna Chicoj en San Crist\u00f3bal Verapaz.\u00a0<\/span><\/p>\t\t\t\t\t\t\t\t<\/div>\n\t\t\t\t\t<\/div>\n\t\t<\/div>\n\t\t\t\t\t<\/div>\n\t\t<\/section>\n\t\t\t\t<section data-particle_enable=\"false\" data-particle-mobile-disabled=\"false\" class=\"elementor-section elementor-top-section elementor-element elementor-element-c3254fb elementor-section-boxed elementor-section-height-default elementor-section-height-default\" data-id=\"c3254fb\" data-element_type=\"section\" data-e-type=\"section\">\n\t\t\t\t\t\t<div class=\"elementor-container elementor-column-gap-default\">\n\t\t\t\t\t<div class=\"elementor-column elementor-col-100 elementor-top-column elementor-element elementor-element-f3f7663\" data-id=\"f3f7663\" data-element_type=\"column\" data-e-type=\"column\">\n\t\t\t<div class=\"elementor-widget-wrap elementor-element-populated\">\n\t\t\t\t\t\t<div class=\"elementor-element elementor-element-d8cbddc elementor-widget elementor-widget-image\" data-id=\"d8cbddc\" data-element_type=\"widget\" data-e-type=\"widget\" data-widget_type=\"image.default\">\n\t\t\t\t\t\t\t\t\t\t\t\t<figure class=\"wp-caption\">\n\t\t\t\t\t\t\t\t\t\t<img decoding=\"async\" width=\"768\" height=\"606\" src=\"https:\/\/soymigrante.com\/revista\/wp-content\/uploads\/2024\/01\/Captura-de-pantalla-2024-01-09-122808-1024x808.webp\" class=\"attachment-large size-large wp-image-4306\" alt=\"\" srcset=\"https:\/\/soymigrante.com\/revista\/wp-content\/uploads\/2024\/01\/Captura-de-pantalla-2024-01-09-122808-1024x808.webp 1024w, https:\/\/soymigrante.com\/revista\/wp-content\/uploads\/2024\/01\/Captura-de-pantalla-2024-01-09-122808-300x237.webp 300w, https:\/\/soymigrante.com\/revista\/wp-content\/uploads\/2024\/01\/Captura-de-pantalla-2024-01-09-122808-768x606.webp 768w, https:\/\/soymigrante.com\/revista\/wp-content\/uploads\/2024\/01\/Captura-de-pantalla-2024-01-09-122808-750x592.webp 750w, https:\/\/soymigrante.com\/revista\/wp-content\/uploads\/2024\/01\/Captura-de-pantalla-2024-01-09-122808.webp 1097w\" sizes=\"(max-width: 768px) 100vw, 768px\" title=\"Jairo vive en Nueva York desde hace 18 a\u00f1os. Le gustar\u00eda regresar a su pueblo natal pero ya form\u00f3 una familia y sus hijos solo han conocido a sus abuelos por llamadas de Whatsapp \u2013 SoyMigrante.com REVISTA\" \/>\t\t\t\t\t\t\t\t\t\t\t<figcaption class=\"widget-image-caption wp-caption-text\">Jairo vive en Nueva York desde hace 18 a\u00f1os. Le gustar\u00eda regresar a su pueblo natal pero ya form\u00f3 una familia y sus hijos solo han conocido a sus abuelos por llamadas de Whatsapp<\/figcaption>\n\t\t\t\t\t\t\t\t\t\t<\/figure>\n\t\t\t\t\t\t\t\t\t<\/div>\n\t\t\t\t\t<\/div>\n\t\t<\/div>\n\t\t\t\t\t<\/div>\n\t\t<\/section>\n\t\t\t\t<section data-particle_enable=\"false\" data-particle-mobile-disabled=\"false\" class=\"elementor-section elementor-top-section elementor-element elementor-element-629b5bd elementor-section-boxed elementor-section-height-default elementor-section-height-default\" data-id=\"629b5bd\" data-element_type=\"section\" data-e-type=\"section\">\n\t\t\t\t\t\t<div class=\"elementor-container elementor-column-gap-default\">\n\t\t\t\t\t<div class=\"elementor-column elementor-col-100 elementor-top-column elementor-element elementor-element-f07052d\" data-id=\"f07052d\" data-element_type=\"column\" data-e-type=\"column\">\n\t\t\t<div class=\"elementor-widget-wrap elementor-element-populated\">\n\t\t\t\t\t\t<div class=\"elementor-element elementor-element-9fc0085 elementor-widget elementor-widget-heading\" data-id=\"9fc0085\" data-element_type=\"widget\" data-e-type=\"widget\" data-widget_type=\"heading.default\">\n\t\t\t\t\t<h2 class=\"elementor-heading-title elementor-size-default\">Largo esfuerzo de Jairo en Manhattan <\/h2>\t\t\t\t<\/div>\n\t\t\t\t\t<\/div>\n\t\t<\/div>\n\t\t\t\t\t<\/div>\n\t\t<\/section>\n\t\t\t\t<section data-particle_enable=\"false\" data-particle-mobile-disabled=\"false\" class=\"elementor-section elementor-top-section elementor-element elementor-element-e45e063 elementor-section-boxed elementor-section-height-default elementor-section-height-default\" data-id=\"e45e063\" data-element_type=\"section\" data-e-type=\"section\">\n\t\t\t\t\t\t<div class=\"elementor-container elementor-column-gap-default\">\n\t\t\t\t\t<div class=\"elementor-column elementor-col-100 elementor-top-column elementor-element elementor-element-35bb597\" data-id=\"35bb597\" data-element_type=\"column\" data-e-type=\"column\">\n\t\t\t<div class=\"elementor-widget-wrap elementor-element-populated\">\n\t\t\t\t\t\t<div class=\"elementor-element elementor-element-94dba34 elementor-widget elementor-widget-text-editor\" data-id=\"94dba34\" data-element_type=\"widget\" data-e-type=\"widget\" data-widget_type=\"text-editor.default\">\n\t\t\t\t\t\t\t\t\t<p>Lejos de los anhelos y recuerdos, la realidad de Jairo es otra: en la jungla de Manhattan, Nueva York, donde trabaja en el sector de construcci\u00f3n y su habilidad en las alturas para el armado de estructuras de hierro de columnas para fundici\u00f3n en los rascacielos, le ha permitido superarse personalmente, y a su vez apoyar econ\u00f3micamente a sus familiares en Guatemala, que fue su misi\u00f3n tras tomar la dif\u00edcil decisi\u00f3n para migrar; o como \u00e9l dice \u201csepararse del abrigo de mi pap\u00e1 y mam\u00e1 siendo jovencito\u201d.<\/p><p>Su deseo ya es impl\u00edcito de poder regresar en su vida adulta, pero a\u00fan tiene bajo su responsabilidad el cuidado de sus dos peque\u00f1os hijos ya nacidos en NY, con su esposa no originaria de Guatemala, quien conoce a sus familiares por videollamadas de la aplicaci\u00f3n WhatsApp.\u00a0<span style=\"color: var( --e-global-color-text );\">Integrar las diversas facetas de las cuales se navega por las remesas solo es una; que es la m\u00e1s limpia, la m\u00e1s visible y la m\u00e1s bonita.<\/span><\/p>\t\t\t\t\t\t\t\t<\/div>\n\t\t\t\t\t<\/div>\n\t\t<\/div>\n\t\t\t\t\t<\/div>\n\t\t<\/section>\n\t\t\t\t<section data-particle_enable=\"false\" data-particle-mobile-disabled=\"false\" class=\"elementor-section elementor-top-section elementor-element elementor-element-8af6354 elementor-section-boxed elementor-section-height-default elementor-section-height-default\" data-id=\"8af6354\" data-element_type=\"section\" data-e-type=\"section\">\n\t\t\t\t\t\t<div class=\"elementor-container elementor-column-gap-default\">\n\t\t\t\t\t<div class=\"elementor-column elementor-col-100 elementor-top-column elementor-element elementor-element-43d5939\" data-id=\"43d5939\" data-element_type=\"column\" data-e-type=\"column\">\n\t\t\t<div class=\"elementor-widget-wrap\">\n\t\t\t\t\t\t\t<\/div>\n\t\t<\/div>\n\t\t\t\t\t<\/div>\n\t\t<\/section>\n\t\t\t\t<section data-particle_enable=\"false\" data-particle-mobile-disabled=\"false\" class=\"elementor-section elementor-top-section elementor-element elementor-element-ce5b7bf elementor-section-boxed elementor-section-height-default elementor-section-height-default\" data-id=\"ce5b7bf\" data-element_type=\"section\" data-e-type=\"section\">\n\t\t\t\t\t\t<div class=\"elementor-container elementor-column-gap-default\">\n\t\t\t\t\t<div class=\"elementor-column elementor-col-100 elementor-top-column elementor-element elementor-element-8c39a56\" data-id=\"8c39a56\" data-element_type=\"column\" data-e-type=\"column\">\n\t\t\t<div class=\"elementor-widget-wrap elementor-element-populated\">\n\t\t\t\t\t\t<div class=\"elementor-element elementor-element-409cb22 elementor-widget elementor-widget-heading\" data-id=\"409cb22\" data-element_type=\"widget\" data-e-type=\"widget\" data-widget_type=\"heading.default\">\n\t\t\t\t\t<h2 class=\"elementor-heading-title elementor-size-default\">Pa\u00edses dependientes de remesas<\/h2>\t\t\t\t<\/div>\n\t\t\t\t\t<\/div>\n\t\t<\/div>\n\t\t\t\t\t<\/div>\n\t\t<\/section>\n\t\t\t\t<section data-particle_enable=\"false\" data-particle-mobile-disabled=\"false\" class=\"elementor-section elementor-top-section elementor-element elementor-element-e8216d7 elementor-section-boxed elementor-section-height-default elementor-section-height-default\" data-id=\"e8216d7\" data-element_type=\"section\" data-e-type=\"section\">\n\t\t\t\t\t\t<div class=\"elementor-container elementor-column-gap-default\">\n\t\t\t\t\t<div class=\"elementor-column elementor-col-100 elementor-top-column elementor-element elementor-element-80d5882\" data-id=\"80d5882\" data-element_type=\"column\" data-e-type=\"column\">\n\t\t\t<div class=\"elementor-widget-wrap elementor-element-populated\">\n\t\t\t\t\t\t<div class=\"elementor-element elementor-element-769f0cb elementor-widget elementor-widget-text-editor\" data-id=\"769f0cb\" data-element_type=\"widget\" data-e-type=\"widget\" data-widget_type=\"text-editor.default\">\n\t\t\t\t\t\t\t\t\t<p><span style=\"color: var( --e-global-color-text );\">El poder dimensionar el ingreso de divisas por remesas familiares durante estos 23 a\u00f1os y gracias a los esfuerzos de los migrantes tiene una variable central: en el an\u00e1lisis tradicional de la econom\u00eda se habla que las remesas van hacia el consumo, pero al analizar las ransferencias el impacto es al consumo y a la inversi\u00f3n nacional, pero el hecho que un pa\u00eds tenga ingresos del exterior por mano obra es un apoyo para las econom\u00edas.<\/span><\/p><p>En el caso de Guatemala, las remesas se han convertido en ese sost\u00e9n de la econom\u00eda y se volvi\u00f3 en una variable central, al igual que en muchos pa\u00edses vecinos cuando se analiza su econom\u00eda; por ejemplo, en Centroam\u00e9rica lo que sobresale es un bloque econ\u00f3mico dependientes de los env\u00edos que hacen los migrantes, que incluso ya superan la propia capacidad de inversi\u00f3n extranjera directa o inversi\u00f3n local, las exportaciones y se han convertido en pa\u00edses dependientes sobre todo\u00a0<span style=\"color: var( --e-global-color-text );\">de los denominados del Tri\u00e1ngulo Norte de Centroam\u00e9rica (Guatemala, El Salvador y Honduras).<\/span><\/p><p>Los pa\u00edses al volverse dependientes en sus econom\u00edas de las remesas por el apoyo que constantemente brindan los migrantes, ya es una variable clave anormal, y para el caso espec\u00edfico de Guatemala, cuando se hace cualquier an\u00e1lisis sobre el desempe\u00f1o de la econom\u00eda se expone.\u00a0<span style=\"color: var( --e-global-color-text );\">que la econom\u00eda de Guatemala es resiliente, \u201cpero realmente y en el fondo resiliente son las remesas, las resilientes\u201d.<\/span><\/p>\t\t\t\t\t\t\t\t<\/div>\n\t\t\t\t\t<\/div>\n\t\t<\/div>\n\t\t\t\t\t<\/div>\n\t\t<\/section>\n\t\t\t\t<section data-particle_enable=\"false\" data-particle-mobile-disabled=\"false\" class=\"elementor-section elementor-top-section elementor-element elementor-element-e8d5629 elementor-section-boxed elementor-section-height-default elementor-section-height-default\" data-id=\"e8d5629\" data-element_type=\"section\" data-e-type=\"section\">\n\t\t\t\t\t\t<div class=\"elementor-container elementor-column-gap-default\">\n\t\t\t\t\t<div class=\"elementor-column elementor-col-100 elementor-top-column elementor-element elementor-element-53e6eea\" data-id=\"53e6eea\" data-element_type=\"column\" data-e-type=\"column\">\n\t\t\t<div class=\"elementor-widget-wrap\">\n\t\t\t\t\t\t\t<\/div>\n\t\t<\/div>\n\t\t\t\t\t<\/div>\n\t\t<\/section>\n\t\t\t\t<section data-particle_enable=\"false\" data-particle-mobile-disabled=\"false\" class=\"elementor-section elementor-top-section elementor-element elementor-element-71d6f02 elementor-section-boxed elementor-section-height-default elementor-section-height-default\" data-id=\"71d6f02\" data-element_type=\"section\" data-e-type=\"section\">\n\t\t\t\t\t\t<div class=\"elementor-container elementor-column-gap-default\">\n\t\t\t\t\t<div class=\"elementor-column elementor-col-100 elementor-top-column elementor-element elementor-element-fe0cbc2\" data-id=\"fe0cbc2\" data-element_type=\"column\" data-e-type=\"column\">\n\t\t\t<div class=\"elementor-widget-wrap elementor-element-populated\">\n\t\t\t\t\t\t<div class=\"elementor-element elementor-element-9882968 elementor-widget elementor-widget-heading\" data-id=\"9882968\" data-element_type=\"widget\" data-e-type=\"widget\" data-widget_type=\"heading.default\">\n\t\t\t\t\t<h2 class=\"elementor-heading-title elementor-size-default\">\"Dependes\" de las remesas familiares<\/h2>\t\t\t\t<\/div>\n\t\t\t\t\t<\/div>\n\t\t<\/div>\n\t\t\t\t\t<\/div>\n\t\t<\/section>\n\t\t\t\t<section data-particle_enable=\"false\" data-particle-mobile-disabled=\"false\" class=\"elementor-section elementor-top-section elementor-element elementor-element-4c1b158 elementor-section-boxed elementor-section-height-default elementor-section-height-default\" data-id=\"4c1b158\" data-element_type=\"section\" data-e-type=\"section\">\n\t\t\t\t\t\t<div class=\"elementor-container elementor-column-gap-default\">\n\t\t\t\t\t<div class=\"elementor-column elementor-col-100 elementor-top-column elementor-element elementor-element-7f291be\" data-id=\"7f291be\" data-element_type=\"column\" data-e-type=\"column\">\n\t\t\t<div class=\"elementor-widget-wrap elementor-element-populated\">\n\t\t\t\t\t\t<div class=\"elementor-element elementor-element-ebc2cb9 elementor-widget elementor-widget-text-editor\" data-id=\"ebc2cb9\" data-element_type=\"widget\" data-e-type=\"widget\" data-widget_type=\"text-editor.default\">\n\t\t\t\t\t\t\t\t\t<p>La econom\u00eda guatemalteca no es totalmente sustentable, ni moderna, ya que depende de otros factores que en esas remesas se ven:\u00a0<\/p><ul><li><span style=\"color: var( --e-global-color-text );\">Depende de la buena voluntad de los pa\u00edses donde est\u00e1n los migrantes.<\/span><\/li><li><span style=\"color: var( --e-global-color-text );\">Depende de los niveles de deportaciones o que no se expulsen masivamente.<\/span><\/li><li><span style=\"color: var( --e-global-color-text );\">Depende de que puedan endurecerse pol\u00edticas en las fronteras, que inclusive que a los\u00a0<\/span><span style=\"color: var( --e-global-color-text );\">migrantes puedan ser obligados y utilizados por los carteles como mulas para enviar alijos\u00a0<\/span><span style=\"color: var( --e-global-color-text );\">de drogas, por ejemplo.\u00a0<br \/><\/span><\/li><li><span style=\"color: var( --e-global-color-text );\">Depende de una serie de complejidades que est\u00e1n relacionados sobre el tr\u00e1fico de personas.<\/span><\/li><\/ul><p><span style=\"color: var( --e-global-color-text );\">Por otra parte, es que las remesas cuentan con un propio ciclo: una vez crecen y logran un punto\u00a0<\/span><span style=\"color: var( --e-global-color-text );\">m\u00e1ximo, pero luego empiezan a disminuir relativamente, y as\u00ed sucesivamente, que impactan sobre otros\u00a0<\/span><span style=\"color: var( --e-global-color-text );\">sectores de consumo e inversi\u00f3n en esas mismas curvas.<\/span><\/p>\t\t\t\t\t\t\t\t<\/div>\n\t\t\t\t\t<\/div>\n\t\t<\/div>\n\t\t\t\t\t<\/div>\n\t\t<\/section>\n\t\t\t\t<section data-particle_enable=\"false\" data-particle-mobile-disabled=\"false\" class=\"elementor-section elementor-top-section elementor-element elementor-element-a924fe3 elementor-section-boxed elementor-section-height-default elementor-section-height-default\" data-id=\"a924fe3\" data-element_type=\"section\" data-e-type=\"section\">\n\t\t\t\t\t\t<div class=\"elementor-container elementor-column-gap-default\">\n\t\t\t\t\t<div class=\"elementor-column elementor-col-100 elementor-top-column elementor-element elementor-element-703e6d0\" data-id=\"703e6d0\" data-element_type=\"column\" data-e-type=\"column\">\n\t\t\t<div class=\"elementor-widget-wrap\">\n\t\t\t\t\t\t\t<\/div>\n\t\t<\/div>\n\t\t\t\t\t<\/div>\n\t\t<\/section>\n\t\t\t\t<section data-particle_enable=\"false\" data-particle-mobile-disabled=\"false\" class=\"elementor-section elementor-top-section elementor-element elementor-element-0207d76 elementor-section-boxed elementor-section-height-default elementor-section-height-default\" data-id=\"0207d76\" data-element_type=\"section\" data-e-type=\"section\">\n\t\t\t\t\t\t<div class=\"elementor-container elementor-column-gap-default\">\n\t\t\t\t\t<div class=\"elementor-column elementor-col-100 elementor-top-column elementor-element elementor-element-8809f1f\" data-id=\"8809f1f\" data-element_type=\"column\" data-e-type=\"column\">\n\t\t\t<div class=\"elementor-widget-wrap elementor-element-populated\">\n\t\t\t\t\t\t<div class=\"elementor-element elementor-element-fd0f9c3 elementor-widget elementor-widget-text-editor\" data-id=\"fd0f9c3\" data-element_type=\"widget\" data-e-type=\"widget\" data-widget_type=\"text-editor.default\">\n\t\t\t\t\t\t\t\t\t<p>Comparativa de la evoluci\u00f3n de ingresos de divisas a Guatemala por exportaciones y remesas. Datos Banguat.<\/p>\t\t\t\t\t\t\t\t<\/div>\n\t\t\t\t\t<\/div>\n\t\t<\/div>\n\t\t\t\t\t<\/div>\n\t\t<\/section>\n\t\t\t\t<section data-particle_enable=\"false\" data-particle-mobile-disabled=\"false\" class=\"elementor-section elementor-top-section elementor-element elementor-element-7fb01b3 elementor-section-boxed elementor-section-height-default elementor-section-height-default\" data-id=\"7fb01b3\" data-element_type=\"section\" data-e-type=\"section\">\n\t\t\t\t\t\t<div class=\"elementor-container elementor-column-gap-default\">\n\t\t\t\t\t<div class=\"elementor-column elementor-col-100 elementor-top-column elementor-element elementor-element-37bf21c\" data-id=\"37bf21c\" data-element_type=\"column\" data-e-type=\"column\">\n\t\t\t<div class=\"elementor-widget-wrap elementor-element-populated\">\n\t\t\t\t\t\t<div class=\"elementor-element elementor-element-2a57166 elementor-widget elementor-widget-heading\" data-id=\"2a57166\" data-element_type=\"widget\" data-e-type=\"widget\" data-widget_type=\"heading.default\">\n\t\t\t\t\t<h2 class=\"elementor-heading-title elementor-size-default\">Comportamiento en 23 a\u00f1os<\/h2>\t\t\t\t<\/div>\n\t\t\t\t\t<\/div>\n\t\t<\/div>\n\t\t\t\t\t<\/div>\n\t\t<\/section>\n\t\t\t\t<section data-particle_enable=\"false\" data-particle-mobile-disabled=\"false\" class=\"elementor-section elementor-top-section elementor-element elementor-element-e8c717a elementor-section-boxed elementor-section-height-default elementor-section-height-default\" data-id=\"e8c717a\" data-element_type=\"section\" data-e-type=\"section\">\n\t\t\t\t\t\t<div class=\"elementor-container elementor-column-gap-default\">\n\t\t\t\t\t<div class=\"elementor-column elementor-col-100 elementor-top-column elementor-element elementor-element-cfa44a5\" data-id=\"cfa44a5\" data-element_type=\"column\" data-e-type=\"column\">\n\t\t\t<div class=\"elementor-widget-wrap elementor-element-populated\">\n\t\t\t\t\t\t<div class=\"elementor-element elementor-element-9342b2e elementor-widget elementor-widget-text-editor\" data-id=\"9342b2e\" data-element_type=\"widget\" data-e-type=\"widget\" data-widget_type=\"text-editor.default\">\n\t\t\t\t\t\t\t\t\t<p>Dentro de los hallazgos al analizarel historial de 23 a\u00f1os de remesas familiares migrantes enviadas a guatemala de pueden ver estas cifras:<\/p><ul><li>Del 2000 al 2010: Ingreso total US$30 mil 471 millones<\/li><li><span style=\"color: var( --e-global-color-text );\">\u00a0Del 2011 al 2020: Ingreso total US$50 mil 757 millones<\/span><\/li><li>\u00a0Del 2021 al 2023: Ingreso total US$51 mil 375 millones<\/li><\/ul><p>La tendencia nos indica que hay un quiebre observado a partir del 2014 y 2015 ya que de US$5 mil\u00a0<span style=\"color: var( --e-global-color-text );\">544 millones y US$6 mil 285 millones \u201chay un brinco\u201d con un\u00a0<\/span><span style=\"color: var( --e-global-color-text );\">ritmo mayor de crecimiento de los env\u00edos, que tambi\u00e9n este asociado a los mayores flujos\u00a0<\/span><span style=\"color: var( --e-global-color-text );\">migratorios.<\/span><\/p><p>Al igual no es sostenible ya que no est\u00e1 generando un dinamismo para fomentar la actividad\u00a0<span style=\"color: var( --e-global-color-text );\">productiva, pero como producto bien las remesas pueden financiar proyectos de infraestructura,\u00a0<\/span><span style=\"color: var( --e-global-color-text );\">en que los migrantes pueden invertir para poder generar un ingreso productivo en Guatemala, y\u00a0<\/span><span style=\"color: var( --e-global-color-text );\">que permita generar un desarrollo y puede crear un clima m\u00e1s independiente econ\u00f3micamente.<\/span><\/p><p><span style=\"color: var( --e-global-color-text );\">Lastimosamente Guatemala es un pa\u00eds que va transitando como puede, pero sin ninguna pol\u00edtica\u00a0<\/span><span style=\"color: var( --e-global-color-text );\">dedicada de apoyo a fomentar esos aportes de los migrantes, que ahora con la Inteligencia\u00a0<\/span><span style=\"color: var( --e-global-color-text );\">Artificial (IA) podr\u00eda tener alg\u00fan impacto en la mano de obra en Estados Unidos, y puede volverse\u00a0<\/span><span style=\"color: var( --e-global-color-text );\">una periferia en la cual se va rebotando como sucede con las remesas.<\/span><\/p><p>Para interpretar y dimensionar:\u00a0<span style=\"color: var( --e-global-color-text );\">En 2012 las remesas familiares ten\u00edan una participaci\u00f3n del producto interno bruto (PIB) del 9.6%\u00a0<\/span><span style=\"color: var( --e-global-color-text );\">por un monto de US$4 mil 783 millones, pero en 2023 se situaron en 19.6% del PIB por un total de\u00a0<\/span><span style=\"color: var( --e-global-color-text );\">US$19 mil 805 millones. Si la tendencia continuara, en 2024\u00a0 se podr\u00eda calcular una participaci\u00f3n del 20.3% del PIB con un ingreso\u00a0<\/span><span style=\"color: var( --e-global-color-text );\">proyectado de US$21 mil 900 millones, aunque eso es una inc\u00f3gnita que DEPENDE de muchos factores.<\/span><\/p>\t\t\t\t\t\t\t\t<\/div>\n\t\t\t\t\t<\/div>\n\t\t<\/div>\n\t\t\t\t\t<\/div>\n\t\t<\/section>\n\t\t\t\t<section data-particle_enable=\"false\" data-particle-mobile-disabled=\"false\" class=\"elementor-section elementor-top-section elementor-element elementor-element-238c7fd elementor-section-boxed elementor-section-height-default elementor-section-height-default\" data-id=\"238c7fd\" data-element_type=\"section\" data-e-type=\"section\">\n\t\t\t\t\t\t<div class=\"elementor-container elementor-column-gap-default\">\n\t\t\t\t\t<div class=\"elementor-column elementor-col-100 elementor-top-column elementor-element elementor-element-0639974\" data-id=\"0639974\" data-element_type=\"column\" data-e-type=\"column\">\n\t\t\t<div class=\"elementor-widget-wrap elementor-element-populated\">\n\t\t\t\t\t\t<div class=\"elementor-element elementor-element-e935335 elementor-widget elementor-widget-image\" data-id=\"e935335\" data-element_type=\"widget\" data-e-type=\"widget\" data-widget_type=\"image.default\">\n\t\t\t\t\t\t\t\t\t\t\t\t<figure class=\"wp-caption\">\n\t\t\t\t\t\t\t\t\t\t<img decoding=\"async\" width=\"768\" height=\"521\" src=\"https:\/\/soymigrante.com\/revista\/wp-content\/uploads\/2024\/01\/Captura-de-pantalla-2024-01-09-113030-1024x695.webp\" class=\"attachment-large size-large wp-image-4307\" alt=\"\" srcset=\"https:\/\/soymigrante.com\/revista\/wp-content\/uploads\/2024\/01\/Captura-de-pantalla-2024-01-09-113030-1024x695.webp 1024w, https:\/\/soymigrante.com\/revista\/wp-content\/uploads\/2024\/01\/Captura-de-pantalla-2024-01-09-113030-1140x774.webp 1140w\" sizes=\"(max-width: 768px) 100vw, 768px\" title=\"El esfuerzo de los migrantes guatemaltecos en Estados Unidos abarca dos y hasta tres empleos para poder pagar sus gastos, adem\u00e1s de enviar remesas a sus familias. \u2013 SoyMigrante.com REVISTA\" \/>\t\t\t\t\t\t\t\t\t\t\t<figcaption class=\"widget-image-caption wp-caption-text\">El esfuerzo de los migrantes guatemaltecos en Estados Unidos abarca dos y hasta tres empleos para poder pagar sus gastos, adem\u00e1s de enviar remesas a sus familias.<\/figcaption>\n\t\t\t\t\t\t\t\t\t\t<\/figure>\n\t\t\t\t\t\t\t\t\t<\/div>\n\t\t\t\t\t<\/div>\n\t\t<\/div>\n\t\t\t\t\t<\/div>\n\t\t<\/section>\n\t\t\t\t<section data-particle_enable=\"false\" data-particle-mobile-disabled=\"false\" class=\"elementor-section elementor-top-section elementor-element elementor-element-0f98ed2 elementor-section-boxed elementor-section-height-default elementor-section-height-default\" data-id=\"0f98ed2\" data-element_type=\"section\" data-e-type=\"section\">\n\t\t\t\t\t\t<div class=\"elementor-container elementor-column-gap-default\">\n\t\t\t\t\t<div class=\"elementor-column elementor-col-100 elementor-top-column elementor-element elementor-element-59e8e57\" data-id=\"59e8e57\" data-element_type=\"column\" data-e-type=\"column\">\n\t\t\t<div class=\"elementor-widget-wrap elementor-element-populated\">\n\t\t\t\t\t\t<div class=\"elementor-element elementor-element-bc6c004 elementor-widget elementor-widget-heading\" data-id=\"bc6c004\" data-element_type=\"widget\" data-e-type=\"widget\" data-widget_type=\"heading.default\">\n\t\t\t\t\t<h2 class=\"elementor-heading-title elementor-size-default\">Beneficio ha sido de corto plazo<\/h2>\t\t\t\t<\/div>\n\t\t\t\t\t<\/div>\n\t\t<\/div>\n\t\t\t\t\t<\/div>\n\t\t<\/section>\n\t\t\t\t<section data-particle_enable=\"false\" data-particle-mobile-disabled=\"false\" class=\"elementor-section elementor-top-section elementor-element elementor-element-c87f8ee elementor-section-boxed elementor-section-height-default elementor-section-height-default\" data-id=\"c87f8ee\" data-element_type=\"section\" data-e-type=\"section\">\n\t\t\t\t\t\t<div class=\"elementor-container elementor-column-gap-default\">\n\t\t\t\t\t<div class=\"elementor-column elementor-col-100 elementor-top-column elementor-element elementor-element-54cb305\" data-id=\"54cb305\" data-element_type=\"column\" data-e-type=\"column\">\n\t\t\t<div class=\"elementor-widget-wrap elementor-element-populated\">\n\t\t\t\t\t\t<div class=\"elementor-element elementor-element-0aaf6da elementor-widget elementor-widget-text-editor\" data-id=\"0aaf6da\" data-element_type=\"widget\" data-e-type=\"widget\" data-widget_type=\"text-editor.default\">\n\t\t\t\t\t\t\t\t\t<p>La poblaci\u00f3n beneficiaria de remesas familiares en Guatemala fue de unos 6 millones y medio de personas, poco m\u00e1s de un tercio de la poblaci\u00f3n. Cerca de un 40% de la poblaci\u00f3n recibe env\u00edos, pero debido al consumo los beneficiarios indirectos pueden llegar a ser hasta 9 millones, es decir, pr<span style=\"color: var( --e-global-color-text );\">\u00e1cticamente la mitad de la poblaci\u00f3n.<\/span><\/p>\n<p>Para algunos beneficiarios, las remesas es un complemento de sus ingresos, pero para otros es su \u00fanico sost\u00e9n econ\u00f3mico, y esta es la forma de como los env\u00edos abastecen al sistema econ\u00f3mico tanto formal e informal.&nbsp;<span style=\"color: var( --e-global-color-text );\">Este recurso no se ha utilizado en su potencial desarrollo, sino para sobrevivencia, dado que en Guatemala el salario m\u00ednimo real a\u00fan es bajo, las familias deben completar sus ingresos por los env\u00edos o por otros mecanismos, para poder alcanzar un sustento familiar y cubrir necesidades en el hogar.&nbsp;<\/span><\/p>\n<p><span style=\"color: var( --e-global-color-text );\">Esa es la raz\u00f3n del porque muchas familias u hogares, no se encuentran en la l\u00ednea de pobreza o pobreza extrema, pero ello a su vez contrasta con la concentraci\u00f3n de la riqueza. Por eso mismo el crecimiento econ\u00f3mico que es apuntalado por las remesas migrantes, n<\/span><span style=\"color: var( --e-global-color-text );\">o debe ser considerado como un logro de las autoridades de turno, sino m\u00e1s bien se les debe atribuir la falta de inversi\u00f3n, desarrollo y oportunidades para los ciudadanos.&nbsp;<\/span><\/p>\t\t\t\t\t\t\t\t<\/div>\n\t\t\t\t\t<\/div>\n\t\t<\/div>\n\t\t\t\t\t<\/div>\n\t\t<\/section>\n\t\t\t\t<section data-particle_enable=\"false\" data-particle-mobile-disabled=\"false\" class=\"elementor-section elementor-top-section elementor-element elementor-element-60aa8da elementor-section-boxed elementor-section-height-default elementor-section-height-default\" data-id=\"60aa8da\" data-element_type=\"section\" data-e-type=\"section\">\n\t\t\t\t\t\t<div class=\"elementor-container elementor-column-gap-default\">\n\t\t\t\t\t<div class=\"elementor-column elementor-col-100 elementor-top-column elementor-element elementor-element-8a0e1d3\" data-id=\"8a0e1d3\" data-element_type=\"column\" data-e-type=\"column\">\n\t\t\t<div class=\"elementor-widget-wrap elementor-element-populated\">\n\t\t\t\t\t\t<div class=\"elementor-element elementor-element-2391a95 elementor-widget elementor-widget-image\" data-id=\"2391a95\" data-element_type=\"widget\" data-e-type=\"widget\" data-widget_type=\"image.default\">\n\t\t\t\t\t\t\t\t\t\t\t\t<figure class=\"wp-caption\">\n\t\t\t\t\t\t\t\t\t\t<img loading=\"lazy\" decoding=\"async\" width=\"768\" height=\"335\" src=\"https:\/\/soymigrante.com\/revista\/wp-content\/uploads\/2024\/01\/Captura-de-pantalla-2024-01-09-112108-e1704828609757.webp\" class=\"attachment-large size-large wp-image-4308\" alt=\"\" srcset=\"https:\/\/soymigrante.com\/revista\/wp-content\/uploads\/2024\/01\/Captura-de-pantalla-2024-01-09-112108-e1704828609757.webp 817w, https:\/\/soymigrante.com\/revista\/wp-content\/uploads\/2024\/01\/Captura-de-pantalla-2024-01-09-112108-e1704828609757-300x131.webp 300w, https:\/\/soymigrante.com\/revista\/wp-content\/uploads\/2024\/01\/Captura-de-pantalla-2024-01-09-112108-e1704828609757-768x335.webp 768w, https:\/\/soymigrante.com\/revista\/wp-content\/uploads\/2024\/01\/Captura-de-pantalla-2024-01-09-112108-e1704828609757-750x327.webp 750w\" sizes=\"(max-width: 768px) 100vw, 768px\" title=\"Solo si las remesas tienen una utilizaci\u00f3n m\u00e1s inteligente y si los gobiernos generan mejores condiciones de inversi\u00f3n y crecimiento, se podr\u00e1 hacer m\u00e1s sostenible el efecto del esfuerzo migrante. \u2013 SoyMigrante.com REVISTA\" \/>\t\t\t\t\t\t\t\t\t\t\t<figcaption class=\"widget-image-caption wp-caption-text\">Solo si las remesas tienen una utilizaci\u00f3n m\u00e1s inteligente y si los gobiernos generan mejores condiciones de inversi\u00f3n y crecimiento, se podr\u00e1 hacer m\u00e1s sostenible el efecto del esfuerzo migrante.<\/figcaption>\n\t\t\t\t\t\t\t\t\t\t<\/figure>\n\t\t\t\t\t\t\t\t\t<\/div>\n\t\t\t\t\t<\/div>\n\t\t<\/div>\n\t\t\t\t\t<\/div>\n\t\t<\/section>\n\t\t\t\t<section data-particle_enable=\"false\" data-particle-mobile-disabled=\"false\" class=\"elementor-section elementor-top-section elementor-element elementor-element-8951666 elementor-section-boxed elementor-section-height-default elementor-section-height-default\" data-id=\"8951666\" data-element_type=\"section\" data-e-type=\"section\">\n\t\t\t\t\t\t<div class=\"elementor-container elementor-column-gap-default\">\n\t\t\t\t\t<div class=\"elementor-column elementor-col-100 elementor-top-column elementor-element elementor-element-8589751\" data-id=\"8589751\" data-element_type=\"column\" data-e-type=\"column\">\n\t\t\t<div class=\"elementor-widget-wrap elementor-element-populated\">\n\t\t\t\t\t\t<div class=\"elementor-element elementor-element-53ddd3e elementor-headline--style-highlight elementor-widget elementor-widget-animated-headline\" data-id=\"53ddd3e\" data-element_type=\"widget\" data-e-type=\"widget\" data-settings=\"{&quot;highlighted_text&quot;:&quot;deducir el costo humano y el impacto social&quot;,&quot;headline_style&quot;:&quot;highlight&quot;,&quot;marker&quot;:&quot;circle&quot;,&quot;loop&quot;:&quot;yes&quot;,&quot;highlight_animation_duration&quot;:1200,&quot;highlight_iteration_delay&quot;:8000}\" data-widget_type=\"animated-headline.default\">\n\t\t\t\t\t\t\t<h3 class=\"elementor-headline\">\n\t\t\t\t\t<span class=\"elementor-headline-plain-text elementor-headline-text-wrapper\">A la importancia macroecon\u00f3mica de las remesas se le debe <\/span>\n\t\t\t\t<span class=\"elementor-headline-dynamic-wrapper elementor-headline-text-wrapper\">\n\t\t\t\t\t<span class=\"elementor-headline-dynamic-text elementor-headline-text-active\">deducir el costo humano y el impacto social<\/span>\n\t\t\t\t<\/span>\n\t\t\t\t\t<span class=\"elementor-headline-plain-text elementor-headline-text-wrapper\">de los movimientos migratorios, la separaci\u00f3n  de familias, la p\u00e9rdida de fuerza laboral joven y las pol\u00edticas de deportaci\u00f3n masiva.<\/span>\n\t\t\t\t\t<\/h3>\n\t\t\t\t\t\t<\/div>\n\t\t\t\t\t<\/div>\n\t\t<\/div>\n\t\t\t\t\t<\/div>\n\t\t<\/section>\n\t\t\t\t<\/div>\n\t\t","protected":false},"excerpt":{"rendered":"<p>Con la cifra r\u00e9cord de remesas migrantes del a\u00f1o reci\u00e9n pasado, Guatemala suma m\u00e1s de US$134 mil millones entre 2000 y 2023. Una cifra nada despreciable, enorme, que apuntala la econom\u00eda, pero que tambi\u00e9n depende de otros factores. 2000 al 2023 o sea en 23 a\u00f1os, Guatemala ha captado US$134 mil millones por concepto de [&hellip;]<\/p>\n","protected":false},"author":1,"featured_media":4302,"comment_status":"open","ping_status":"open","sticky":false,"template":"","format":"standard","meta":{"_acf_changed":false,"_eb_attr":"","footnotes":""},"categories":[54],"tags":[84],"class_list":["post-4301","post","type-post","status-publish","format-standard","has-post-thumbnail","hentry","category-estamos-unidos","tag-remesas-migrantes"],"acf":[],"aioseo_notices":[],"aioseo_head":"\n\t\t<!-- All in One SEO Pro 4.9.6.2 - aioseo.com -->\n\t<meta name=\"description\" content=\"Con la cifra r\u00e9cord de remesas migrantes del a\u00f1o reci\u00e9n pasado, Guatemala suma m\u00e1s de US$134 mil millones entre 2000 y 2023. Una cifra nada despreciable, enorme, que apuntala la econom\u00eda, pero que tambi\u00e9n depende de otros factores. 2000 al 2023 o sea en 23 a\u00f1os, Guatemala ha captado US$134 mil millones por concepto de\" \/>\n\t<meta name=\"robots\" content=\"max-snippet:-1, max-image-preview:large, max-video-preview:-1\" \/>\n\t<meta name=\"author\" content=\"SoyMigrante.com REVISTA\"\/>\n\t<link rel=\"canonical\" href=\"https:\/\/soymigrante.com\/revista\/remesas-migrantes-cifra-record-guatemala-economia-dependenc\/\" \/>\n\t<meta name=\"generator\" content=\"All in One SEO Pro (AIOSEO) 4.9.6.2\" \/>\n\n\t\t<link rel=\"preconnect\" href=\"https:\/\/fonts.googleapis.com\" crossorigin>\n<link rel=\"preconnect\" href=\"https:\/\/fonts.gstatic.com\" crossorigin>\n\t\t<meta property=\"og:locale\" content=\"es_ES\" \/>\n\t\t<meta property=\"og:site_name\" content=\"SoyMigrante.com REVISTA \u2013 Nuestra misi\u00f3n es reconocer y dignificar al migrante.\" \/>\n\t\t<meta property=\"og:type\" content=\"article\" \/>\n\t\t<meta property=\"og:title\" content=\"An\u00e1lisis: Econom\u00eda guatemalteca depende cada vez m\u00e1s de remesas migrantes\" \/>\n\t\t<meta property=\"og:description\" content=\"Con la cifra r\u00e9cord de remesas migrantes del a\u00f1o reci\u00e9n pasado, Guatemala suma m\u00e1s de US$134 mil millones entre 2000 y 2023. Una cifra nada despreciable, enorme, que apuntala la econom\u00eda, pero que tambi\u00e9n depende de otros factores. 2000 al 2023 o sea en 23 a\u00f1os, Guatemala ha captado US$134 mil millones por concepto de\" \/>\n\t\t<meta property=\"og:url\" content=\"https:\/\/soymigrante.com\/revista\/remesas-migrantes-cifra-record-guatemala-economia-dependenc\/\" \/>\n\t\t<meta property=\"og:image\" content=\"https:\/\/soymigrante.com\/revista\/wp-content\/uploads\/2024\/01\/Captura-de-pantalla-2024-01-09-112350.webp\" \/>\n\t\t<meta property=\"og:image:secure_url\" content=\"https:\/\/soymigrante.com\/revista\/wp-content\/uploads\/2024\/01\/Captura-de-pantalla-2024-01-09-112350.webp\" \/>\n\t\t<meta property=\"og:image:width\" content=\"1451\" \/>\n\t\t<meta property=\"og:image:height\" content=\"786\" \/>\n\t\t<meta property=\"article:published_time\" content=\"2024-01-09T19:35:11+00:00\" \/>\n\t\t<meta property=\"article:modified_time\" content=\"2024-07-28T03:14:33+00:00\" \/>\n\t\t<meta property=\"article:publisher\" content=\"https:\/\/www.facebook.com\/soymigrantecom\" \/>\n\t\t<meta name=\"twitter:card\" content=\"summary_large_image\" \/>\n\t\t<meta name=\"twitter:site\" content=\"@SoyMigrante_com\" \/>\n\t\t<meta name=\"twitter:title\" content=\"An\u00e1lisis: Econom\u00eda guatemalteca depende cada vez m\u00e1s de remesas migrantes\" \/>\n\t\t<meta name=\"twitter:description\" content=\"Con la cifra r\u00e9cord de remesas migrantes del a\u00f1o reci\u00e9n pasado, Guatemala suma m\u00e1s de US$134 mil millones entre 2000 y 2023. Una cifra nada despreciable, enorme, que apuntala la econom\u00eda, pero que tambi\u00e9n depende de otros factores. 2000 al 2023 o sea en 23 a\u00f1os, Guatemala ha captado US$134 mil millones por concepto de\" \/>\n\t\t<meta name=\"twitter:creator\" content=\"@SoyMigrante_com\" \/>\n\t\t<meta name=\"twitter:image\" content=\"https:\/\/soymigrante.com\/revista\/wp-content\/uploads\/2024\/01\/Captura-de-pantalla-2024-01-09-112350.webp\" \/>\n\t\t<!-- All in One SEO Pro -->\r\n\t\t<title>An\u00e1lisis: Econom\u00eda guatemalteca depende cada vez m\u00e1s de remesas migrantes<\/title>\n\n","aioseo_head_json":{"title":"An\u00e1lisis: Econom\u00eda guatemalteca depende cada vez m\u00e1s de remesas migrantes","description":"Con la cifra r\u00e9cord de remesas migrantes del a\u00f1o reci\u00e9n pasado, Guatemala suma m\u00e1s de US$134 mil millones entre 2000 y 2023. Una cifra nada despreciable, enorme, que apuntala la econom\u00eda, pero que tambi\u00e9n depende de otros factores. 2000 al 2023 o sea en 23 a\u00f1os, Guatemala ha captado US$134 mil millones por concepto de","canonical_url":"https:\/\/soymigrante.com\/revista\/remesas-migrantes-cifra-record-guatemala-economia-dependenc\/","robots":"max-snippet:-1, max-image-preview:large, max-video-preview:-1","keywords":"","webmasterTools":{"miscellaneous":"&lt;link rel=\"preconnect\" href=\"https:\/\/fonts.googleapis.com\" crossorigin&gt;\n&lt;link rel=\"preconnect\" href=\"https:\/\/fonts.gstatic.com\" crossorigin&gt;"},"schema":null,"og:locale":"es_ES","og:site_name":"SoyMigrante.com REVISTA \u2013 Nuestra misi\u00f3n es reconocer y dignificar al migrante.","og:type":"article","og:title":"An\u00e1lisis: Econom\u00eda guatemalteca depende cada vez m\u00e1s de remesas migrantes","og:description":"Con la cifra r\u00e9cord de remesas migrantes del a\u00f1o reci\u00e9n pasado, Guatemala suma m\u00e1s de US$134 mil millones entre 2000 y 2023. Una cifra nada despreciable, enorme, que apuntala la econom\u00eda, pero que tambi\u00e9n depende de otros factores. 2000 al 2023 o sea en 23 a\u00f1os, Guatemala ha captado US$134 mil millones por concepto de","og:url":"https:\/\/soymigrante.com\/revista\/remesas-migrantes-cifra-record-guatemala-economia-dependenc\/","og:image":"https:\/\/soymigrante.com\/revista\/wp-content\/uploads\/2024\/01\/Captura-de-pantalla-2024-01-09-112350.webp","og:image:secure_url":"https:\/\/soymigrante.com\/revista\/wp-content\/uploads\/2024\/01\/Captura-de-pantalla-2024-01-09-112350.webp","og:image:width":1451,"og:image:height":786,"article:published_time":"2024-01-09T19:35:11+00:00","article:modified_time":"2024-07-28T03:14:33+00:00","article:publisher":"https:\/\/www.facebook.com\/soymigrantecom","twitter:card":"summary_large_image","twitter:site":"@SoyMigrante_com","twitter:title":"An\u00e1lisis: Econom\u00eda guatemalteca depende cada vez m\u00e1s de remesas migrantes","twitter:description":"Con la cifra r\u00e9cord de remesas migrantes del a\u00f1o reci\u00e9n pasado, Guatemala suma m\u00e1s de US$134 mil millones entre 2000 y 2023. Una cifra nada despreciable, enorme, que apuntala la econom\u00eda, pero que tambi\u00e9n depende de otros factores. 2000 al 2023 o sea en 23 a\u00f1os, Guatemala ha captado US$134 mil millones por concepto de","twitter:creator":"@SoyMigrante_com","twitter:image":"https:\/\/soymigrante.com\/revista\/wp-content\/uploads\/2024\/01\/Captura-de-pantalla-2024-01-09-112350.webp"},"aioseo_meta_data":{"post_id":"4301","title":null,"description":null,"keywords":[],"keyphrases":{"focus":{"keyphrase":"Remesas migrantes","score":60,"analysis":{"keyphraseInTitle":{"score":9,"maxScore":9,"error":0},"keyphraseInDescription":{"score":9,"maxScore":9,"error":0},"keyphraseLength":{"score":9,"maxScore":9,"error":0,"length":2},"keyphraseInURL":{"score":5,"maxScore":5,"error":0},"keyphraseInIntroduction":{"score":3,"maxScore":9,"error":1},"keyphraseInSubHeadings":{"score":3,"maxScore":9,"error":1},"keyphraseInImageAlt":{"score":3,"maxScore":9,"error":1},"keywordDensity":{"score":0,"type":"low","maxScore":9,"error":1}}},"additional":[]},"primary_term":null,"canonical_url":null,"og_title":null,"og_description":null,"og_object_type":"default","og_image_type":"default","og_image_url":null,"og_image_width":null,"og_image_height":null,"og_image_custom_url":null,"og_image_custom_fields":null,"og_video":"","og_custom_url":null,"og_article_section":null,"og_article_tags":[],"twitter_use_og":false,"twitter_card":"default","twitter_image_type":"default","twitter_image_url":null,"twitter_image_custom_url":null,"twitter_image_custom_fields":null,"twitter_title":null,"twitter_description":null,"schema":{"blockGraphs":[],"customGraphs":[],"default":{"data":{"Article":[],"Course":[],"Dataset":[],"FAQPage":[],"Movie":[],"Person":[],"Product":[],"ProductReview":[],"Car":[],"Recipe":[],"Service":[],"SoftwareApplication":[],"WebPage":[]},"graphName":"BlogPosting","isEnabled":true},"graphs":[]},"schema_type":"default","schema_type_options":null,"pillar_content":false,"robots_default":true,"robots_noindex":false,"robots_noarchive":false,"robots_nosnippet":false,"robots_nofollow":false,"robots_noimageindex":false,"robots_noodp":false,"robots_notranslate":false,"robots_max_snippet":"-1","robots_max_videopreview":"-1","robots_max_imagepreview":"large","priority":null,"frequency":"default","local_seo":null,"seo_analyzer_scan_date":"2025-10-08 20:59:16","breadcrumb_settings":null,"limit_modified_date":false,"reviewed_by":null,"open_ai":null,"ai":null,"created":"2024-01-09 17:42:12","updated":"2026-02-04 10:25:53"},"aioseo_breadcrumb":"<div class=\"aioseo-breadcrumbs\"><span class=\"aioseo-breadcrumb\">\n\t<a href=\"https:\/\/soymigrante.com\/revista\" title=\"Home\">Home<\/a>\n<\/span><span class=\"aioseo-breadcrumb-separator\">\u00bb<\/span><span class=\"aioseo-breadcrumb\">\n\t<a href=\"https:\/\/soymigrante.com\/revista\/category\/estamos-unidos\/\" title=\"Estamos Unidos\">Estamos Unidos<\/a>\n<\/span><span class=\"aioseo-breadcrumb-separator\">\u00bb<\/span><span class=\"aioseo-breadcrumb\">\n\tAn\u00e1lisis: Econom\u00eda guatemalteca depende cada vez m\u00e1s de remesas migrantes\n<\/span><\/div>","aioseo_breadcrumb_json":[{"label":"Home","link":"https:\/\/soymigrante.com\/revista"},{"label":"Estamos Unidos","link":"https:\/\/soymigrante.com\/revista\/category\/estamos-unidos\/"},{"label":"An\u00e1lisis: Econom\u00eda guatemalteca depende cada vez m\u00e1s de remesas migrantes","link":"https:\/\/soymigrante.com\/revista\/remesas-migrantes-cifra-record-guatemala-economia-dependenc\/"}],"_links":{"self":[{"href":"https:\/\/soymigrante.com\/revista\/wp-json\/wp\/v2\/posts\/4301","targetHints":{"allow":["GET"]}}],"collection":[{"href":"https:\/\/soymigrante.com\/revista\/wp-json\/wp\/v2\/posts"}],"about":[{"href":"https:\/\/soymigrante.com\/revista\/wp-json\/wp\/v2\/types\/post"}],"author":[{"embeddable":true,"href":"https:\/\/soymigrante.com\/revista\/wp-json\/wp\/v2\/users\/1"}],"replies":[{"embeddable":true,"href":"https:\/\/soymigrante.com\/revista\/wp-json\/wp\/v2\/comments?post=4301"}],"version-history":[{"count":0,"href":"https:\/\/soymigrante.com\/revista\/wp-json\/wp\/v2\/posts\/4301\/revisions"}],"wp:featuredmedia":[{"embeddable":true,"href":"https:\/\/soymigrante.com\/revista\/wp-json\/wp\/v2\/media\/4302"}],"wp:attachment":[{"href":"https:\/\/soymigrante.com\/revista\/wp-json\/wp\/v2\/media?parent=4301"}],"wp:term":[{"taxonomy":"category","embeddable":true,"href":"https:\/\/soymigrante.com\/revista\/wp-json\/wp\/v2\/categories?post=4301"},{"taxonomy":"post_tag","embeddable":true,"href":"https:\/\/soymigrante.com\/revista\/wp-json\/wp\/v2\/tags?post=4301"}],"curies":[{"name":"wp","href":"https:\/\/api.w.org\/{rel}","templated":true}]}}