{"id":42866,"date":"2026-04-12T07:22:59","date_gmt":"2026-04-12T13:22:59","guid":{"rendered":"https:\/\/soymigrante.com\/revista\/?p=42866"},"modified":"2026-04-12T07:23:06","modified_gmt":"2026-04-12T13:23:06","slug":"un-elote-con-historia-en-el-emprendimiento-de-las-hermanas-gil","status":"publish","type":"post","link":"https:\/\/soymigrante.com\/revista\/un-elote-con-historia-en-el-emprendimiento-de-las-hermanas-gil\/","title":{"rendered":"Altahir, emprendimiento de productos cosm\u00e9ticos de las hermanas Gil de Amatitl\u00e1n, est\u00e1 en SoyMigrante.com MERCADO"},"content":{"rendered":"\t\t<div data-elementor-type=\"wp-post\" data-elementor-id=\"42866\" class=\"elementor elementor-42866\" data-elementor-post-type=\"post\">\n\t\t\t\t<div data-particle_enable=\"false\" data-particle-mobile-disabled=\"false\" class=\"elementor-element elementor-element-52c3369 e-flex e-con-boxed e-con e-parent\" data-id=\"52c3369\" data-element_type=\"container\" data-e-type=\"container\">\n\t\t\t\t\t<div class=\"e-con-inner\">\n\t\t\t\t<div class=\"elementor-element elementor-element-e469bb4 elementor-widget elementor-widget-heading\" data-id=\"e469bb4\" data-element_type=\"widget\" data-e-type=\"widget\" data-widget_type=\"heading.default\">\n\t\t\t\t\t<h2 class=\"elementor-heading-title elementor-size-default\">Al finalizar la grabaci\u00f3n de video, en Amatitl\u00e1n  las hermanas Celia y Hilda, emprendedoras de Altahir, esencias naturales nos ofrece elotes cocidos.   Est\u00e1n tiernos, deliciosos con su sal y lim\u00f3n, pero tambi\u00e9n con una historia.<\/h2>\t\t\t\t<\/div>\n\t\t\t\t\t<\/div>\n\t\t\t\t<\/div>\n\t\t<div data-particle_enable=\"false\" data-particle-mobile-disabled=\"false\" class=\"elementor-element elementor-element-765cd60 e-flex e-con-boxed e-con e-parent\" data-id=\"765cd60\" data-element_type=\"container\" data-e-type=\"container\">\n\t\t\t\t\t<div class=\"e-con-inner\">\n\t\t\t\t<div class=\"elementor-element elementor-element-4cb77fd elementor-widget elementor-widget-text-editor\" data-id=\"4cb77fd\" data-element_type=\"widget\" data-e-type=\"widget\" data-widget_type=\"text-editor.default\">\n\t\t\t\t\t\t\t\t\t<p>Celia Gil con su carisma de anfitriona, comparti\u00f3 dos elotes cocidos al finalizar la sesi\u00f3n de grabaci\u00f3n de videos promocionales para el <a href=\"https:\/\/soymigrante.com\/revista\/altahir-esencias-aceites-y-aromas-naturales-elaborados-por-las-hermanas-gil\/\">emprendimiento Altahir, <\/a>que impulsa junto a su hermanas Hilda y Lili. Pero son elotes muy especiales, porque son el recuerdo del trabajo, bondad y dedicaci\u00f3n de su pap\u00e1, don Andr\u00e9s Gil Aguilar.<\/p>\n<p>Grandes mensajes de vida e inspiraci\u00f3n como este encontramos en la gira de grabaci\u00f3n de videos promocionales para emprendedores de MERCADO. Llegamos hasta la vivienda y taller de en Altahir, elaboraci\u00f3n de esencias cosm\u00e9ticas naturales de las hermanas Gil.<\/p>\t\t\t\t\t\t\t\t<\/div>\n\t\t\t\t\t<\/div>\n\t\t\t\t<\/div>\n\t\t<div data-particle_enable=\"false\" data-particle-mobile-disabled=\"false\" class=\"elementor-element elementor-element-baa137e e-flex e-con-boxed e-con e-parent\" data-id=\"baa137e\" data-element_type=\"container\" data-e-type=\"container\">\n\t\t\t\t\t<div class=\"e-con-inner\">\n\t\t\t\t<div class=\"elementor-element elementor-element-d3e4a90 elementor-grid-eael-col-1 elementor-grid-tablet-eael-col-2 elementor-grid-mobile-eael-col-1 elementor-widget elementor-widget-eael-post-grid\" data-id=\"d3e4a90\" data-element_type=\"widget\" data-e-type=\"widget\" data-settings=\"{&quot;eael_post_grid_columns&quot;:&quot;eael-col-1&quot;,&quot;eael_post_grid_columns_tablet&quot;:&quot;eael-col-2&quot;,&quot;eael_post_grid_columns_mobile&quot;:&quot;eael-col-1&quot;}\" data-widget_type=\"eael-post-grid.default\">\n\t\t\t\t\t<div id=\"eael-post-grid-d3e4a90\" class=\"eael-post-grid-container\">\n            <div class=\"eael-post-grid eael-post-appender eael-post-appender-d3e4a90 eael-post-grid-style-one\" data-layout-mode=\"masonry\"><article class=\"eael-grid-post  eael-post-grid-column eael-pg-post-35123 category-guate-nuestra tags-mercado-emprendedores\" data-id=\"35123\">\n        <div class=\"eael-grid-post-holder\">\n            <div class=\"eael-grid-post-holder-inner\"><div class=\"eael-entry-media\"><div class=\"eael-entry-overlay fade-in\"><i class=\"far fa-hand-pointer\" aria-hidden=\"true\"><\/i><a href=\"https:\/\/soymigrante.com\/revista\/altahir-esencias-aceites-y-aromas-naturales-elaborados-por-las-hermanas-gil\/\"><\/a><\/div><div class=\"eael-entry-thumbnail eael-image-ratio\">\n                <img fetchpriority=\"high\" decoding=\"async\" width=\"590\" height=\"590\" src=\"https:\/\/soymigrante.com\/revista\/wp-content\/uploads\/2025\/05\/altahir-soymigrante-mercado-6.webp\" class=\"attachment-large size-large wp-image-35124\" alt=\"Accesible carrito de ventas con productos de belleza en tienda f\u00edsica, atendido por dos empleadas con delantales azul turquesa, en un entorno comercial colorido y moderno.\" srcset=\"https:\/\/soymigrante.com\/revista\/wp-content\/uploads\/2025\/05\/altahir-soymigrante-mercado-6.webp 590w, https:\/\/soymigrante.com\/revista\/wp-content\/uploads\/2025\/05\/altahir-soymigrante-mercado-6-300x300.jpg 300w, https:\/\/soymigrante.com\/revista\/wp-content\/uploads\/2025\/05\/altahir-soymigrante-mercado-6-150x150.jpg 150w, https:\/\/soymigrante.com\/revista\/wp-content\/uploads\/2025\/05\/altahir-soymigrante-mercado-6-75x75.webp 75w\" sizes=\"(max-width: 590px) 100vw, 590px\" \/>\n            <\/div>\n        <\/div><div class=\"eael-entry-wrapper\"><header class=\"eael-entry-header\"><h2 class=\"eael-entry-title\"><a class=\"eael-grid-post-link\" href=\"https:\/\/soymigrante.com\/revista\/altahir-esencias-aceites-y-aromas-naturales-elaborados-por-las-hermanas-gil\/\" title=\"Altahir: esencias, aceites y aromas naturales elaborados por las hermanas Gil\">Altahir: esencias, aceites y aromas naturales elaborados por las hermanas Gil<\/a><\/h2><\/header><div class=\"eael-entry-content\">\n                        <div class=\"eael-grid-post-excerpt\"><a href=\"https:\/\/soymigrante.com\/revista\/altahir-esencias-aceites-y-aromas-naturales-elaborados-por-las-hermanas-gil\/\" class=\"eael-post-elements-readmore-btn\">CONOCE SU HISTORIA <\/a><\/div>\n                    <\/div><\/div><\/div>\n        <\/div>\n    <\/article><\/div>\n            <div class=\"clearfix\"><\/div>\n        <\/div>\t\t\t\t<\/div>\n\t\t\t\t\t<\/div>\n\t\t\t\t<\/div>\n\t\t<div data-particle_enable=\"false\" data-particle-mobile-disabled=\"false\" class=\"elementor-element elementor-element-3c38ff0 e-flex e-con-boxed e-con e-parent\" data-id=\"3c38ff0\" data-element_type=\"container\" data-e-type=\"container\">\n\t\t\t\t\t<div class=\"e-con-inner\">\n\t\t\t\t<div class=\"elementor-element elementor-element-795891a elementor-widget elementor-widget-heading\" data-id=\"795891a\" data-element_type=\"widget\" data-e-type=\"widget\" data-widget_type=\"heading.default\">\n\t\t\t\t\t<h3 class=\"elementor-heading-title elementor-size-default\">Cada entrevista es un descubrimiento<\/h3>\t\t\t\t<\/div>\n\t\t\t\t\t<\/div>\n\t\t\t\t<\/div>\n\t\t<div data-particle_enable=\"false\" data-particle-mobile-disabled=\"false\" class=\"elementor-element elementor-element-50cacf9 e-flex e-con-boxed e-con e-parent\" data-id=\"50cacf9\" data-element_type=\"container\" data-e-type=\"container\">\n\t\t\t\t\t<div class=\"e-con-inner\">\n\t\t\t\t<div class=\"elementor-element elementor-element-9c38beb elementor-widget elementor-widget-text-editor\" data-id=\"9c38beb\" data-element_type=\"widget\" data-e-type=\"widget\" data-widget_type=\"text-editor.default\">\n\t\t\t\t\t\t\t\t\t<p>Hilda y Celia responden las preguntas en c\u00e1mara, se efect\u00faan las tomas de productos y de parte del proceso de elaboraci\u00f3n. &#8220;Toma tiempo macerar las hierbas para extraer sus esencias&#8221;, explica Hilda, mientras muestra un recipiente de hojas de romero en ese proceso. Por trabajo no est\u00e1 Lili, otra hermana que tambi\u00e9n ha invertido en ese emprendimiento.<\/p><p>Los aceites que distribuyen son para limpieza y nutrici\u00f3n facial o para aplicar en el cabello. Han construido un espacio para su laboratorio, con dos mesas industriales. Envases llenos y otros que esperan, con la boca abierta, a que est\u00e9 listo nuevo producto. Etiquetas tornasol para mejor presentaci\u00f3n. Todos los<a href=\"https:\/\/soymigrante.com\/revista\/tag\/mercado-emprendedores\/\"> emprendedores de MERCADO <\/a>se esfuerzan por brindar calidad y creatividad.\u00a0<\/p><p>Celia ya cerr\u00f3 p\u00e9nsum de Derecho y est\u00e1 en proceso de culminar su carrera;\u00a0 pero tambi\u00e9n participa en el proceso. Hilda es Administradora de Empresas. Pero pese a ser profesionales comparten el esfuerzo artesanal y tambi\u00e9n el crecimiento que han tenido. Grandes esperanzas.<\/p>\t\t\t\t\t\t\t\t<\/div>\n\t\t\t\t\t<\/div>\n\t\t\t\t<\/div>\n\t\t<div data-particle_enable=\"false\" data-particle-mobile-disabled=\"false\" class=\"elementor-element elementor-element-7010163 e-flex e-con-boxed e-con e-parent\" data-id=\"7010163\" data-element_type=\"container\" data-e-type=\"container\">\n\t\t\t\t\t<div class=\"e-con-inner\">\n\t\t\t\t<div class=\"elementor-element elementor-element-9b0de36 elementor-widget elementor-widget-heading\" data-id=\"9b0de36\" data-element_type=\"widget\" data-e-type=\"widget\" data-widget_type=\"heading.default\">\n\t\t\t\t\t<h5 class=\"elementor-heading-title elementor-size-default\">Pr\u00f3ximamente el video con la entrevista de las hermanas Celia e Hilda Gil, de Altahir Amatitl\u00e1n<\/h5>\t\t\t\t<\/div>\n\t\t\t\t\t<\/div>\n\t\t\t\t<\/div>\n\t\t<div data-particle_enable=\"false\" data-particle-mobile-disabled=\"false\" class=\"elementor-element elementor-element-58c0126 e-flex e-con-boxed e-con e-parent\" data-id=\"58c0126\" data-element_type=\"container\" data-e-type=\"container\">\n\t\t\t\t\t<div class=\"e-con-inner\">\n\t\t\t\t<div class=\"elementor-element elementor-element-3f37a98 elementor-widget elementor-widget-image-gallery\" data-id=\"3f37a98\" data-element_type=\"widget\" data-e-type=\"widget\" data-widget_type=\"image-gallery.default\">\n\t\t\t\t\t\t\t<div class=\"elementor-image-gallery\">\n\t\t\t<div id='gallery-2' class='gallery galleryid-42866 gallery-columns-1 gallery-size-large'><figure class='gallery-item'>\n\t\t\t<div class='gallery-icon landscape'>\n\t\t\t\t<a data-elementor-open-lightbox=\"yes\" data-elementor-lightbox-slideshow=\"3f37a98\" data-elementor-lightbox-title=\"Captura de pantalla 2025-08-27 145432\" data-elementor-lightbox-description=\"Imagen representativa de art\u00edculos de cuidado personal natural y productos ecol\u00f3gicos en el contexto de la revista SoyMigrante.com REVISTA.\" data-e-action-hash=\"#elementor-action%3Aaction%3Dlightbox%26settings%3DeyJpZCI6NDI5NTQsInVybCI6Imh0dHBzOlwvXC9zb3ltaWdyYW50ZS5jb21cL3JldmlzdGFcL3dwLWNvbnRlbnRcL3VwbG9hZHNcLzIwMjVcLzA4XC9DYXB0dXJhLWRlLXBhbnRhbGxhLTIwMjUtMDgtMjctMTQ1NDMyLndlYnAiLCJzbGlkZXNob3ciOiIzZjM3YTk4In0%3D\" href='https:\/\/soymigrante.com\/revista\/wp-content\/uploads\/2025\/08\/Captura-de-pantalla-2025-08-27-145432.webp'><img decoding=\"async\" width=\"836\" height=\"563\" src=\"https:\/\/soymigrante.com\/revista\/wp-content\/uploads\/2025\/08\/Captura-de-pantalla-2025-08-27-145432.webp\" class=\"attachment-large size-large\" alt=\"Botellas de productos naturales y ecol\u00f3gicos para cuidado personal en una mesa.\" aria-describedby=\"gallery-2-42954\" srcset=\"https:\/\/soymigrante.com\/revista\/wp-content\/uploads\/2025\/08\/Captura-de-pantalla-2025-08-27-145432.webp 836w, https:\/\/soymigrante.com\/revista\/wp-content\/uploads\/2025\/08\/Captura-de-pantalla-2025-08-27-145432-300x202.png 300w, https:\/\/soymigrante.com\/revista\/wp-content\/uploads\/2025\/08\/Captura-de-pantalla-2025-08-27-145432-768x517.png 768w, https:\/\/soymigrante.com\/revista\/wp-content\/uploads\/2025\/08\/Captura-de-pantalla-2025-08-27-145432-750x505.webp 750w\" sizes=\"(max-width: 836px) 100vw, 836px\" title=\"Captura de pantalla 2025-08-27 145432 \u2013 SoyMigrante.com REVISTA\" \/><\/a>\n\t\t\t<\/div>\n\t\t\t\t<figcaption class='wp-caption-text gallery-caption' id='gallery-2-42954'>\n\t\t\t\tMujer con cabello rizado y camiseta rosa en un espacio industrial, mostrando productos de belleza naturales para inmigrantes y comunidad hispana.\n\t\t\t\t<\/figcaption><\/figure><figure class='gallery-item'>\n\t\t\t<div class='gallery-icon landscape'>\n\t\t\t\t<a data-elementor-open-lightbox=\"yes\" data-elementor-lightbox-slideshow=\"3f37a98\" data-elementor-lightbox-title=\"Captura de pantalla 2025-08-27 124208\" data-elementor-lightbox-description=\"Mujer en un laboratorio de investigaci\u00f3n en productos medicinales de cannabis, usando equipo de protecci\u00f3n, manipulando sustancias y trabajando en un ambiente de alta higiene para la producci\u00f3n artesanal de medicina natural.\" data-e-action-hash=\"#elementor-action%3Aaction%3Dlightbox%26settings%3DeyJpZCI6NDI5NTUsInVybCI6Imh0dHBzOlwvXC9zb3ltaWdyYW50ZS5jb21cL3JldmlzdGFcL3dwLWNvbnRlbnRcL3VwbG9hZHNcLzIwMjVcLzA4XC9DYXB0dXJhLWRlLXBhbnRhbGxhLTIwMjUtMDgtMjctMTI0MjA4LndlYnAiLCJzbGlkZXNob3ciOiIzZjM3YTk4In0%3D\" href='https:\/\/soymigrante.com\/revista\/wp-content\/uploads\/2025\/08\/Captura-de-pantalla-2025-08-27-124208.webp'><img decoding=\"async\" width=\"899\" height=\"571\" src=\"https:\/\/soymigrante.com\/revista\/wp-content\/uploads\/2025\/08\/Captura-de-pantalla-2025-08-27-124208.webp\" class=\"attachment-large size-large\" alt=\"Flor de cannabis, laboratorio, investigaci\u00f3n, producci\u00f3n de productos medicinales, comunidad de migrantes.\" aria-describedby=\"gallery-2-42955\" srcset=\"https:\/\/soymigrante.com\/revista\/wp-content\/uploads\/2025\/08\/Captura-de-pantalla-2025-08-27-124208.webp 899w, https:\/\/soymigrante.com\/revista\/wp-content\/uploads\/2025\/08\/Captura-de-pantalla-2025-08-27-124208-300x191.png 300w, https:\/\/soymigrante.com\/revista\/wp-content\/uploads\/2025\/08\/Captura-de-pantalla-2025-08-27-124208-768x488.png 768w, https:\/\/soymigrante.com\/revista\/wp-content\/uploads\/2025\/08\/Captura-de-pantalla-2025-08-27-124208-750x476.png 750w\" sizes=\"(max-width: 899px) 100vw, 899px\" title=\"Captura de pantalla 2025-08-27 124208 \u2013 SoyMigrante.com REVISTA\" \/><\/a>\n\t\t\t<\/div>\n\t\t\t\t<figcaption class='wp-caption-text gallery-caption' id='gallery-2-42955'>\n\t\t\t\tProfesional en un laboratorio de productos medicinales de cannabis, participando en investigaci\u00f3n y desarrollo, en un entorno higi\u00e9nico con equipo especializado.\n\t\t\t\t<\/figcaption><\/figure>\n\t\t<\/div>\n\t\t<\/div>\n\t\t\t\t\t\t<\/div>\n\t\t\t\t\t<\/div>\n\t\t\t\t<\/div>\n\t\t<div data-particle_enable=\"false\" data-particle-mobile-disabled=\"false\" class=\"elementor-element elementor-element-a14c829 e-flex e-con-boxed e-con e-parent\" data-id=\"a14c829\" data-element_type=\"container\" data-e-type=\"container\">\n\t\t\t\t\t<div class=\"e-con-inner\">\n\t\t\t\t<div class=\"elementor-element elementor-element-fcccec4 elementor-widget elementor-widget-heading\" data-id=\"fcccec4\" data-element_type=\"widget\" data-e-type=\"widget\" data-widget_type=\"heading.default\">\n\t\t\t\t\t<h3 class=\"elementor-heading-title elementor-size-default\">El amable y valioso momento del elote<\/h3>\t\t\t\t<\/div>\n\t\t\t\t\t<\/div>\n\t\t\t\t<\/div>\n\t\t<div data-particle_enable=\"false\" data-particle-mobile-disabled=\"false\" class=\"elementor-element elementor-element-d39506a e-flex e-con-boxed e-con e-parent\" data-id=\"d39506a\" data-element_type=\"container\" data-e-type=\"container\">\n\t\t\t\t\t<div class=\"e-con-inner\">\n\t\t\t\t<div class=\"elementor-element elementor-element-b3cd366 elementor-widget elementor-widget-text-editor\" data-id=\"b3cd366\" data-element_type=\"widget\" data-e-type=\"widget\" data-widget_type=\"text-editor.default\">\n\t\t\t\t\t\t\t\t\t<p>Al finalizar, agradecemos, nos despedimos. Una de ellas dice: \u00bfAceptar\u00edan un elote cocido con lim\u00f3n?\u00a0 Este que escribe y el camar\u00f3grafo Abel Ju\u00e1rez nos vemos las caras. \u00a1Claro que s\u00ed!, Muchas gracias. Es la tarde de un jueves.<\/p><p>Celia va por los elotes y vuelve. Cada uno con su sal en la tuza de ma\u00edz y su mitad de lim\u00f3n. Est\u00e1n tiernos, calentitos, deliciosos. Pero no son elotes cualquiera.<\/p><p>Celia Gil cuenta, junto a Hilda:\u00a0 &#8220;Nuestro pap\u00e1 falleci\u00f3 en mayo pasado (de 2025). A \u00e9l le gustaba cultivar milpa, aqu\u00ed arriba en terrenos que arrendaba para sembrar. Ten\u00eda 68 a\u00f1os.\u00a0 Siempre estaba activo y le gustaba cultivar su milpa. En abril sembr\u00f3 y en mayo sufri\u00f3 un infarto.\u00a0 Estos elotes son de esa \u00faltima milpa que sembr\u00f3&#8221;.\u00a0 A \u00e9l dedican su trabajo y sus logros, pues \u00e9l aliment\u00f3 siempre su inspiraci\u00f3n emprendedora.\u00a0<\/p><p>Detr\u00e1s de cada gran emprendimiento y de cada familia guatemalteca emprendedora hay siempre una gran historia. Y por eso debemos apoyarnos.<\/p>\t\t\t\t\t\t\t\t<\/div>\n\t\t\t\t\t<\/div>\n\t\t\t\t<\/div>\n\t\t<div data-particle_enable=\"false\" data-particle-mobile-disabled=\"false\" class=\"elementor-element elementor-element-78c8ca3 e-flex e-con-boxed e-con e-parent\" data-id=\"78c8ca3\" data-element_type=\"container\" data-e-type=\"container\">\n\t\t\t\t\t<div class=\"e-con-inner\">\n\t\t\t\t<div class=\"elementor-element elementor-element-adcb73e elementor-widget elementor-widget-video\" data-id=\"adcb73e\" data-element_type=\"widget\" data-e-type=\"widget\" data-settings=\"{&quot;video_type&quot;:&quot;hosted&quot;,&quot;controls&quot;:&quot;yes&quot;}\" data-widget_type=\"video.default\">\n\t\t\t\t\t\t\t<div class=\"e-hosted-video elementor-wrapper elementor-open-inline\">\n\t\t\t\t\t<video class=\"elementor-video\" src=\"https:\/\/soymigrante.com\/revista\/wp-content\/uploads\/2025\/08\/video-altahir.mp4\" controls=\"\" preload=\"metadata\" controlsList=\"nodownload\"><\/video>\n\t\t\t\t<\/div>\n\t\t\t\t\t\t<\/div>\n\t\t\t\t\t<\/div>\n\t\t\t\t<\/div>\n\t\t<div data-particle_enable=\"false\" data-particle-mobile-disabled=\"false\" class=\"elementor-element elementor-element-84eba60 e-flex e-con-boxed e-con e-parent\" data-id=\"84eba60\" data-element_type=\"container\" data-e-type=\"container\">\n\t\t\t\t\t<div class=\"e-con-inner\">\n\t\t\t\t<div class=\"elementor-element elementor-element-0d9ab83 elementor-widget elementor-widget-text-editor\" data-id=\"0d9ab83\" data-element_type=\"widget\" data-e-type=\"widget\" data-widget_type=\"text-editor.default\">\n\t\t\t\t\t\t\t\t\t<p>SoyMigrante.com MERCADO visit\u00f3 10 emprendimientos para realizar videos y conocer a\u00fan mejor las historias de familias guatemaltecas que se esfuerzan por salir adelante.<\/p>\t\t\t\t\t\t\t\t<\/div>\n\t\t\t\t\t<\/div>\n\t\t\t\t<\/div>\n\t\t<div data-particle_enable=\"false\" data-particle-mobile-disabled=\"false\" class=\"elementor-element elementor-element-6152201 e-flex e-con-boxed e-con e-parent\" data-id=\"6152201\" data-element_type=\"container\" data-e-type=\"container\">\n\t\t\t\t\t<div class=\"e-con-inner\">\n\t\t\t\t<div class=\"elementor-element elementor-element-5d4d9f4 elementor-grid-eael-col-3 elementor-grid-tablet-eael-col-2 elementor-grid-mobile-eael-col-1 elementor-widget elementor-widget-eael-post-grid\" data-id=\"5d4d9f4\" data-element_type=\"widget\" data-e-type=\"widget\" data-settings=\"{&quot;eael_post_grid_columns&quot;:&quot;eael-col-3&quot;,&quot;eael_post_grid_columns_tablet&quot;:&quot;eael-col-2&quot;,&quot;eael_post_grid_columns_mobile&quot;:&quot;eael-col-1&quot;}\" data-widget_type=\"eael-post-grid.default\">\n\t\t\t\t\t<div id=\"eael-post-grid-5d4d9f4\" class=\"eael-post-grid-container\">\n            <div class=\"eael-post-grid eael-post-appender eael-post-appender-5d4d9f4 eael-post-grid-style-one\" data-layout-mode=\"masonry\"><article class=\"eael-grid-post  eael-post-grid-column eael-pg-post-13792 category-guate-nuestra\" data-id=\"13792\">\n        <div class=\"eael-grid-post-holder\">\n            <div class=\"eael-grid-post-holder-inner\"><div class=\"eael-entry-media\"><div class=\"eael-entry-overlay fade-in\"><i class=\"far fa-hand-pointer\" aria-hidden=\"true\"><\/i><a href=\"https:\/\/soymigrante.com\/revista\/marcos-antil-expone-plataforma-soymigrante-com-mercado-a-emprendedoras-en-republica-mujer\/\"><\/a><\/div><div class=\"eael-entry-thumbnail \">\n                <img loading=\"lazy\" decoding=\"async\" width=\"981\" height=\"981\" src=\"https:\/\/soymigrante.com\/revista\/wp-content\/uploads\/2024\/11\/marcos-antil-soymigrante-MERCADO-4-1.webp\" class=\"attachment-large size-large wp-image-13799\" alt=\"Migrante en feria de emprendimiento con productos hechos a mano y artesan\u00edas para la comunidad latina.\" srcset=\"https:\/\/soymigrante.com\/revista\/wp-content\/uploads\/2024\/11\/marcos-antil-soymigrante-MERCADO-4-1.webp 981w, https:\/\/soymigrante.com\/revista\/wp-content\/uploads\/2024\/11\/marcos-antil-soymigrante-MERCADO-4-1-300x300.jpg 300w, https:\/\/soymigrante.com\/revista\/wp-content\/uploads\/2024\/11\/marcos-antil-soymigrante-MERCADO-4-1-150x150.jpg 150w, https:\/\/soymigrante.com\/revista\/wp-content\/uploads\/2024\/11\/marcos-antil-soymigrante-MERCADO-4-1-768x768.jpg 768w, https:\/\/soymigrante.com\/revista\/wp-content\/uploads\/2024\/11\/marcos-antil-soymigrante-MERCADO-4-1-75x75.webp 75w, https:\/\/soymigrante.com\/revista\/wp-content\/uploads\/2024\/11\/marcos-antil-soymigrante-MERCADO-4-1-750x750.webp 750w\" sizes=\"(max-width: 981px) 100vw, 981px\" \/>\n            <\/div>\n        <\/div><div class=\"eael-entry-wrapper\"><header class=\"eael-entry-header\"><h2 class=\"eael-entry-title\"><a class=\"eael-grid-post-link\" href=\"https:\/\/soymigrante.com\/revista\/marcos-antil-expone-plataforma-soymigrante-com-mercado-a-emprendedoras-en-republica-mujer\/\" title=\"Marcos Antil expone plataforma SoyMigrante.com MERCADO a emprendedoras en Rep\u00fablica Mujer\">Marcos Antil expone plataforma SoyMigrante.com MERCADO a emprendedoras en Rep\u00fablica Mujer<\/a><\/h2><\/header><div class=\"eael-entry-content\">\n                        <div class=\"eael-grid-post-excerpt\"><a href=\"https:\/\/soymigrante.com\/revista\/marcos-antil-expone-plataforma-soymigrante-com-mercado-a-emprendedoras-en-republica-mujer\/\" class=\"eael-post-elements-readmore-btn\">CONOCE SU HISTORIA <\/a><\/div>\n                    <\/div><\/div><\/div>\n        <\/div>\n    <\/article><article class=\"eael-grid-post  eael-post-grid-column eael-pg-post-14060 category-guate-nuestra\" data-id=\"14060\">\n        <div class=\"eael-grid-post-holder\">\n            <div class=\"eael-grid-post-holder-inner\"><div class=\"eael-entry-media\"><div class=\"eael-entry-overlay fade-in\"><i class=\"far fa-hand-pointer\" aria-hidden=\"true\"><\/i><a href=\"https:\/\/soymigrante.com\/revista\/mercado-es-una-plataforma-abierta-a-todos-los-emprendedores-marcos-antil-en-disruptfest-2024\/\"><\/a><\/div><div class=\"eael-entry-thumbnail \">\n                <img loading=\"lazy\" decoding=\"async\" width=\"1024\" height=\"1024\" src=\"https:\/\/soymigrante.com\/revista\/wp-content\/uploads\/2024\/11\/marcos-antil-mercado-2-1-scaled-e1732291192264-1024x1024.webp\" class=\"attachment-large size-large wp-image-14055\" alt=\"Mercado en l\u00ednea para migrantes, promoviendo productos hechos a mano y personalizados en SoyMigrante.com REVISTA.\" srcset=\"https:\/\/soymigrante.com\/revista\/wp-content\/uploads\/2024\/11\/marcos-antil-mercado-2-1-scaled-e1732291192264-1024x1024.webp 1024w, https:\/\/soymigrante.com\/revista\/wp-content\/uploads\/2024\/11\/marcos-antil-mercado-2-1-scaled-e1732291192264-300x300.webp 300w, https:\/\/soymigrante.com\/revista\/wp-content\/uploads\/2024\/11\/marcos-antil-mercado-2-1-scaled-e1732291192264-150x150.webp 150w, https:\/\/soymigrante.com\/revista\/wp-content\/uploads\/2024\/11\/marcos-antil-mercado-2-1-scaled-e1732291192264-768x768.webp 768w, https:\/\/soymigrante.com\/revista\/wp-content\/uploads\/2024\/11\/marcos-antil-mercado-2-1-scaled-e1732291192264-75x75.webp 75w, https:\/\/soymigrante.com\/revista\/wp-content\/uploads\/2024\/11\/marcos-antil-mercado-2-1-scaled-e1732291192264-750x750.webp 750w, https:\/\/soymigrante.com\/revista\/wp-content\/uploads\/2024\/11\/marcos-antil-mercado-2-1-scaled-e1732291192264-1140x1140.webp 1140w, https:\/\/soymigrante.com\/revista\/wp-content\/uploads\/2024\/11\/marcos-antil-mercado-2-1-scaled-e1732291192264.webp 1280w\" sizes=\"(max-width: 1024px) 100vw, 1024px\" \/>\n            <\/div>\n        <\/div><div class=\"eael-entry-wrapper\"><header class=\"eael-entry-header\"><h2 class=\"eael-entry-title\"><a class=\"eael-grid-post-link\" href=\"https:\/\/soymigrante.com\/revista\/mercado-es-una-plataforma-abierta-a-todos-los-emprendedores-marcos-antil-en-disruptfest-2024\/\" title=\"&#8220;MERCADO es una plataforma abierta a todos los emprendedores&#8221;: Marcos Antil en DisruptFest 2024\">&#8220;MERCADO es una plataforma abierta a todos los emprendedores&#8221;: Marcos Antil en DisruptFest 2024<\/a><\/h2><\/header><div class=\"eael-entry-content\">\n                        <div class=\"eael-grid-post-excerpt\"><a href=\"https:\/\/soymigrante.com\/revista\/mercado-es-una-plataforma-abierta-a-todos-los-emprendedores-marcos-antil-en-disruptfest-2024\/\" class=\"eael-post-elements-readmore-btn\">CONOCE SU HISTORIA <\/a><\/div>\n                    <\/div><\/div><\/div>\n        <\/div>\n    <\/article><article class=\"eael-grid-post  eael-post-grid-column eael-pg-post-32285 category-guate-nuestra tags-mercado-emprendedores\" data-id=\"32285\">\n        <div class=\"eael-grid-post-holder\">\n            <div class=\"eael-grid-post-holder-inner\"><div class=\"eael-entry-media\"><div class=\"eael-entry-overlay fade-in\"><i class=\"far fa-hand-pointer\" aria-hidden=\"true\"><\/i><a href=\"https:\/\/soymigrante.com\/revista\/el-obsequio-perfecto-articulos-elaborados-con-amor-de-mama-en-soymigrante-com-mercado\/\"><\/a><\/div><div class=\"eael-entry-thumbnail \">\n                <img loading=\"lazy\" decoding=\"async\" width=\"1024\" height=\"1024\" src=\"https:\/\/soymigrante.com\/revista\/wp-content\/uploads\/2025\/05\/raices-manualidades-1024x1024.jpg\" class=\"attachment-large size-large wp-image-32544\" alt=\"Cercano a una mujer y dos j\u00f3venes en un ambiente acogedor, rodeados de artesan\u00edas y accesorios, promoviendo la cultura y el talento de migrantes en un espacio de comunidad y arte.\" srcset=\"https:\/\/soymigrante.com\/revista\/wp-content\/uploads\/2025\/05\/raices-manualidades-1024x1024.jpg 1024w, https:\/\/soymigrante.com\/revista\/wp-content\/uploads\/2025\/05\/raices-manualidades-300x300.jpg 300w, https:\/\/soymigrante.com\/revista\/wp-content\/uploads\/2025\/05\/raices-manualidades-150x150.jpg 150w, https:\/\/soymigrante.com\/revista\/wp-content\/uploads\/2025\/05\/raices-manualidades-768x768.jpg 768w, https:\/\/soymigrante.com\/revista\/wp-content\/uploads\/2025\/05\/raices-manualidades-1536x1536.jpg 1536w, https:\/\/soymigrante.com\/revista\/wp-content\/uploads\/2025\/05\/raices-manualidades-2048x2048.jpg 2048w, https:\/\/soymigrante.com\/revista\/wp-content\/uploads\/2025\/05\/raices-manualidades-75x75.webp 75w, https:\/\/soymigrante.com\/revista\/wp-content\/uploads\/2025\/05\/raices-manualidades-750x750.webp 750w, https:\/\/soymigrante.com\/revista\/wp-content\/uploads\/2025\/05\/raices-manualidades-1140x1140.webp 1140w, https:\/\/soymigrante.com\/revista\/wp-content\/uploads\/2025\/05\/raices-manualidades-scaled.webp 1920w\" sizes=\"(max-width: 1024px) 100vw, 1024px\" \/>\n            <\/div>\n        <\/div><div class=\"eael-entry-wrapper\"><header class=\"eael-entry-header\"><h2 class=\"eael-entry-title\"><a class=\"eael-grid-post-link\" href=\"https:\/\/soymigrante.com\/revista\/el-obsequio-perfecto-articulos-elaborados-con-amor-de-mama-en-soymigrante-com-mercado\/\" title=\"El obsequio perfecto: art\u00edculos elaborados con amor de Mam\u00e1, en SoyMigrante.com MERCADO\">El obsequio perfecto: art\u00edculos elaborados con amor de Mam\u00e1, en SoyMigrante.com MERCADO<\/a><\/h2><\/header><div class=\"eael-entry-content\">\n                        <div class=\"eael-grid-post-excerpt\"><a href=\"https:\/\/soymigrante.com\/revista\/el-obsequio-perfecto-articulos-elaborados-con-amor-de-mama-en-soymigrante-com-mercado\/\" class=\"eael-post-elements-readmore-btn\">CONOCE SU HISTORIA <\/a><\/div>\n                    <\/div><\/div><\/div>\n        <\/div>\n    <\/article><\/div>\n            <div class=\"clearfix\"><\/div>\n        <\/div>\t\t\t\t<\/div>\n\t\t\t\t\t<\/div>\n\t\t\t\t<\/div>\n\t\t\t\t<\/div>\n\t\t","protected":false},"excerpt":{"rendered":"<p>Al finalizar la grabaci\u00f3n de video, en Amatitl\u00e1n las hermanas Celia y Hilda, emprendedoras de Altahir, esencias naturales nos ofrece elotes cocidos. Est\u00e1n tiernos, deliciosos con su sal y lim\u00f3n, pero tambi\u00e9n con una historia. Celia Gil con su carisma de anfitriona, comparti\u00f3 dos elotes cocidos al finalizar la sesi\u00f3n de grabaci\u00f3n de videos promocionales [&hellip;]<\/p>\n","protected":false},"author":7,"featured_media":42952,"comment_status":"open","ping_status":"open","sticky":false,"template":"","format":"standard","meta":{"_acf_changed":false,"_eb_attr":"","footnotes":""},"categories":[58],"tags":[130],"class_list":["post-42866","post","type-post","status-publish","format-standard","has-post-thumbnail","hentry","category-guate-nuestra","tag-mercado-emprendedores"],"acf":[],"aioseo_notices":[],"aioseo_head":"\n\t\t<!-- All in One SEO Pro 4.9.6.2 - aioseo.com -->\n\t<meta name=\"description\" content=\"Productos hechos con creatividad y dedicaci\u00f3n por madres guatemaltecas. Tienen un objetivo claro: sacar adelante a sus hijos e inspirar ejemplo de trabajo.\" \/>\n\t<meta name=\"robots\" content=\"max-snippet:-1, max-image-preview:large, max-video-preview:-1\" \/>\n\t<meta name=\"author\" content=\"Gustavo Montenegro\"\/>\n\t<link rel=\"canonical\" href=\"https:\/\/soymigrante.com\/revista\/el-obsequio-perfecto-articulos-elaborados-con-amor-de-mama-en-soymigrante-com-mercado\/\" \/>\n\t<meta name=\"generator\" content=\"All in One SEO Pro (AIOSEO) 4.9.6.2\" \/>\n\n\t\t<link rel=\"preconnect\" href=\"https:\/\/fonts.googleapis.com\" crossorigin>\n<link rel=\"preconnect\" href=\"https:\/\/fonts.gstatic.com\" crossorigin>\n\t\t<meta property=\"og:locale\" content=\"es_ES\" \/>\n\t\t<meta property=\"og:site_name\" content=\"SoyMigrante.com REVISTA \u2013 Nuestra misi\u00f3n es reconocer y dignificar al migrante.\" \/>\n\t\t<meta property=\"og:type\" content=\"article\" \/>\n\t\t<meta property=\"og:title\" content=\"Ingenio de madres emprendedoras brilla en SoyMigrante MERCADO\" \/>\n\t\t<meta property=\"og:description\" content=\"Productos hechos con creatividad y dedicaci\u00f3n por madres guatemaltecas. Tienen un objetivo claro: sacar adelante a sus hijos e inspirar ejemplo de trabajo.\" \/>\n\t\t<meta property=\"og:url\" content=\"https:\/\/soymigrante.com\/revista\/el-obsequio-perfecto-articulos-elaborados-con-amor-de-mama-en-soymigrante-com-mercado\/\" \/>\n\t\t<meta property=\"og:image\" content=\"https:\/\/soymigrante.com\/revista\/wp-content\/uploads\/2025\/05\/raices-manualidades-scaled.webp\" \/>\n\t\t<meta property=\"og:image:secure_url\" content=\"https:\/\/soymigrante.com\/revista\/wp-content\/uploads\/2025\/05\/raices-manualidades-scaled.webp\" \/>\n\t\t<meta property=\"og:image:width\" content=\"1920\" \/>\n\t\t<meta property=\"og:image:height\" content=\"1920\" \/>\n\t\t<meta property=\"article:published_time\" content=\"2025-05-05T10:07:00+00:00\" \/>\n\t\t<meta property=\"article:modified_time\" content=\"2025-05-05T05:14:27+00:00\" \/>\n\t\t<meta property=\"article:publisher\" content=\"https:\/\/www.facebook.com\/soymigrantecom\" \/>\n\t\t<meta name=\"twitter:card\" content=\"summary_large_image\" \/>\n\t\t<meta name=\"twitter:site\" content=\"@SoyMigrante_com\" \/>\n\t\t<meta name=\"twitter:title\" content=\"Ingenio de madres emprendedoras brilla en SoyMigrante MERCADO\" \/>\n\t\t<meta name=\"twitter:description\" content=\"Productos hechos con creatividad y dedicaci\u00f3n por madres guatemaltecas. Tienen un objetivo claro: sacar adelante a sus hijos e inspirar ejemplo de trabajo.\" \/>\n\t\t<meta name=\"twitter:creator\" content=\"@SoyMigrante_com\" \/>\n\t\t<meta name=\"twitter:image\" content=\"https:\/\/soymigrante.com\/revista\/wp-content\/uploads\/2025\/05\/raices-manualidades-scaled.webp\" \/>\n\t\t<!-- All in One SEO Pro -->\r\n\t\t<title>Ingenio de madres emprendedoras brilla en SoyMigrante MERCADO<\/title>\n\n","aioseo_head_json":{"title":"Ingenio de madres emprendedoras brilla en SoyMigrante MERCADO","description":"Productos hechos con creatividad y dedicaci\u00f3n por madres guatemaltecas. Tienen un objetivo claro: sacar adelante a sus hijos e inspirar ejemplo de trabajo.","canonical_url":"https:\/\/soymigrante.com\/revista\/el-obsequio-perfecto-articulos-elaborados-con-amor-de-mama-en-soymigrante-com-mercado\/","robots":"max-snippet:-1, max-image-preview:large, max-video-preview:-1","keywords":"","webmasterTools":{"miscellaneous":"&lt;link rel=\"preconnect\" href=\"https:\/\/fonts.googleapis.com\" crossorigin&gt;\n&lt;link rel=\"preconnect\" href=\"https:\/\/fonts.gstatic.com\" crossorigin&gt;"},"schema":null,"og:locale":"es_ES","og:site_name":"SoyMigrante.com REVISTA \u2013 Nuestra misi\u00f3n es reconocer y dignificar al migrante.","og:type":"article","og:title":"Ingenio de madres emprendedoras brilla en SoyMigrante MERCADO","og:description":"Productos hechos con creatividad y dedicaci\u00f3n por madres guatemaltecas. Tienen un objetivo claro: sacar adelante a sus hijos e inspirar ejemplo de trabajo.","og:url":"https:\/\/soymigrante.com\/revista\/el-obsequio-perfecto-articulos-elaborados-con-amor-de-mama-en-soymigrante-com-mercado\/","og:image":"https:\/\/soymigrante.com\/revista\/wp-content\/uploads\/2025\/05\/raices-manualidades-scaled.webp","og:image:secure_url":"https:\/\/soymigrante.com\/revista\/wp-content\/uploads\/2025\/05\/raices-manualidades-scaled.webp","og:image:width":1920,"og:image:height":1920,"article:published_time":"2025-05-05T10:07:00+00:00","article:modified_time":"2025-05-05T05:14:27+00:00","article:publisher":"https:\/\/www.facebook.com\/soymigrantecom","twitter:card":"summary_large_image","twitter:site":"@SoyMigrante_com","twitter:title":"Ingenio de madres emprendedoras brilla en SoyMigrante MERCADO","twitter:description":"Productos hechos con creatividad y dedicaci\u00f3n por madres guatemaltecas. Tienen un objetivo claro: sacar adelante a sus hijos e inspirar ejemplo de trabajo.","twitter:creator":"@SoyMigrante_com","twitter:image":"https:\/\/soymigrante.com\/revista\/wp-content\/uploads\/2025\/05\/raices-manualidades-scaled.webp"},"aioseo_meta_data":{"post_id":"42866","title":"Un elote cocido en casa de las hermanas emprendedorras Gil","description":"Al finalizar la grabaci\u00f3n de video para el emprendimiento Altahir de esencias arom\u00e1ticas y cosm\u00e9ticas, en Amatitl\u00e1n, se comparti\u00f3 un elote cocido con historia.","keywords":null,"keyphrases":{"focus":{"keyphrase":"Emprendedoras","score":37,"analysis":{"keyphraseInTitle":{"score":3,"maxScore":9,"error":1},"keyphraseInDescription":{"score":3,"maxScore":9,"error":1},"keyphraseLength":{"score":9,"maxScore":9,"error":0,"length":1},"keyphraseInURL":{"score":1,"maxScore":5,"error":1},"keyphraseInIntroduction":{"score":3,"maxScore":9,"error":1},"keyphraseInSubHeadings":{"score":3,"maxScore":9,"error":1},"keyphraseInImageAlt":{"score":3,"maxScore":9,"error":1},"keywordDensity":{"score":0,"type":"low","maxScore":9,"error":1}}},"additional":[]},"primary_term":null,"canonical_url":null,"og_title":null,"og_description":null,"og_object_type":"default","og_image_type":"default","og_image_url":null,"og_image_width":null,"og_image_height":null,"og_image_custom_url":null,"og_image_custom_fields":null,"og_video":"","og_custom_url":null,"og_article_section":null,"og_article_tags":null,"twitter_use_og":false,"twitter_card":"default","twitter_image_type":"default","twitter_image_url":null,"twitter_image_custom_url":null,"twitter_image_custom_fields":null,"twitter_title":null,"twitter_description":null,"schema":{"blockGraphs":[],"customGraphs":[],"default":{"data":{"Article":[],"Course":[],"Dataset":[],"FAQPage":[],"Movie":[],"Person":[],"Product":[],"ProductReview":[],"Car":[],"Recipe":[],"Service":[],"SoftwareApplication":[],"WebPage":[]},"graphName":"NewsArticle","isEnabled":true},"graphs":[]},"schema_type":"default","schema_type_options":null,"pillar_content":false,"robots_default":true,"robots_noindex":false,"robots_noarchive":false,"robots_nosnippet":false,"robots_nofollow":false,"robots_noimageindex":false,"robots_noodp":false,"robots_notranslate":false,"robots_max_snippet":"-1","robots_max_videopreview":"-1","robots_max_imagepreview":"large","priority":null,"frequency":"default","local_seo":null,"seo_analyzer_scan_date":null,"breadcrumb_settings":null,"limit_modified_date":false,"reviewed_by":"0","open_ai":null,"ai":{"faqs":[],"keyPoints":[],"titles":[],"descriptions":[],"socialPosts":{"email":[],"linkedin":[],"twitter":[],"facebook":[],"instagram":[]}},"created":"2025-08-27 18:33:05","updated":"2026-04-12 13:31:35"},"aioseo_breadcrumb":"<div class=\"aioseo-breadcrumbs\"><span class=\"aioseo-breadcrumb\">\n\t<a href=\"https:\/\/soymigrante.com\/revista\" title=\"Home\">Home<\/a>\n<\/span><span class=\"aioseo-breadcrumb-separator\">\u00bb<\/span><span class=\"aioseo-breadcrumb\">\n\t<a href=\"https:\/\/soymigrante.com\/revista\/category\/guate-nuestra\/\" title=\"Guate Nuestra\">Guate Nuestra<\/a>\n<\/span><span class=\"aioseo-breadcrumb-separator\">\u00bb<\/span><span class=\"aioseo-breadcrumb\">\n\tAltahir, emprendimiento de productos cosm\u00e9ticos de las hermanas Gil de Amatitl\u00e1n, est\u00e1 en SoyMigrante.com MERCADO\n<\/span><\/div>","aioseo_breadcrumb_json":[{"label":"Home","link":"https:\/\/soymigrante.com\/revista"},{"label":"Guate Nuestra","link":"https:\/\/soymigrante.com\/revista\/category\/guate-nuestra\/"},{"label":"Altahir, emprendimiento de productos cosm\u00e9ticos de las hermanas Gil de Amatitl\u00e1n, est\u00e1 en SoyMigrante.com MERCADO","link":"https:\/\/soymigrante.com\/revista\/un-elote-con-historia-en-el-emprendimiento-de-las-hermanas-gil\/"}],"_links":{"self":[{"href":"https:\/\/soymigrante.com\/revista\/wp-json\/wp\/v2\/posts\/42866","targetHints":{"allow":["GET"]}}],"collection":[{"href":"https:\/\/soymigrante.com\/revista\/wp-json\/wp\/v2\/posts"}],"about":[{"href":"https:\/\/soymigrante.com\/revista\/wp-json\/wp\/v2\/types\/post"}],"author":[{"embeddable":true,"href":"https:\/\/soymigrante.com\/revista\/wp-json\/wp\/v2\/users\/7"}],"replies":[{"embeddable":true,"href":"https:\/\/soymigrante.com\/revista\/wp-json\/wp\/v2\/comments?post=42866"}],"version-history":[{"count":14,"href":"https:\/\/soymigrante.com\/revista\/wp-json\/wp\/v2\/posts\/42866\/revisions"}],"predecessor-version":[{"id":54881,"href":"https:\/\/soymigrante.com\/revista\/wp-json\/wp\/v2\/posts\/42866\/revisions\/54881"}],"wp:featuredmedia":[{"embeddable":true,"href":"https:\/\/soymigrante.com\/revista\/wp-json\/wp\/v2\/media\/42952"}],"wp:attachment":[{"href":"https:\/\/soymigrante.com\/revista\/wp-json\/wp\/v2\/media?parent=42866"}],"wp:term":[{"taxonomy":"category","embeddable":true,"href":"https:\/\/soymigrante.com\/revista\/wp-json\/wp\/v2\/categories?post=42866"},{"taxonomy":"post_tag","embeddable":true,"href":"https:\/\/soymigrante.com\/revista\/wp-json\/wp\/v2\/tags?post=42866"}],"curies":[{"name":"wp","href":"https:\/\/api.w.org\/{rel}","templated":true}]}}