{"id":42784,"date":"2025-08-27T06:05:00","date_gmt":"2025-08-27T12:05:00","guid":{"rendered":"https:\/\/soymigrante.com\/revista\/?p=42784"},"modified":"2026-03-05T15:35:08","modified_gmt":"2026-03-05T21:35:08","slug":"5-articulos-con-hilos-y-alma-que-estan-en-mercado","status":"publish","type":"post","link":"https:\/\/soymigrante.com\/revista\/5-articulos-con-hilos-y-alma-que-estan-en-mercado\/","title":{"rendered":"Cinco art\u00edculos con hilos, alma e identidad disponibles en MERCADO"},"content":{"rendered":"\t\t<div data-elementor-type=\"wp-post\" data-elementor-id=\"42784\" class=\"elementor elementor-42784\" data-elementor-post-type=\"post\">\n\t\t\t\t<div data-particle_enable=\"false\" data-particle-mobile-disabled=\"false\" class=\"elementor-element elementor-element-f47b12e e-flex e-con-boxed e-con e-parent\" data-id=\"f47b12e\" data-element_type=\"container\" data-e-type=\"container\">\n\t\t\t\t\t<div class=\"e-con-inner\">\n\t\t\t\t<div class=\"elementor-element elementor-element-2e835a2 elementor-widget elementor-widget-heading\" data-id=\"2e835a2\" data-element_type=\"widget\" data-e-type=\"widget\" data-widget_type=\"heading.default\">\n\t\t\t\t\t<h2 class=\"elementor-heading-title elementor-size-default\">Los art\u00edculos con hilos y alma que se hacen en Guatemala dejan huella y ahora los puedes adquirir en Mercado. \n<\/h2>\t\t\t\t<\/div>\n\t\t\t\t\t<\/div>\n\t\t\t\t<\/div>\n\t\t<div data-particle_enable=\"false\" data-particle-mobile-disabled=\"false\" class=\"elementor-element elementor-element-e82a390 e-flex e-con-boxed e-con e-parent\" data-id=\"e82a390\" data-element_type=\"container\" data-e-type=\"container\">\n\t\t\t\t\t<div class=\"e-con-inner\">\n\t\t\t\t<div class=\"elementor-element elementor-element-acdd63d elementor-widget elementor-widget-text-editor\" data-id=\"acdd63d\" data-element_type=\"widget\" data-e-type=\"widget\" data-widget_type=\"text-editor.default\">\n\t\t\t\t\t\t\t\t\t<p>El arte del hilo en Guatemala no solo es una t\u00e9cnica, es tambi\u00e9n una forma de expresi\u00f3n cargada de tradici\u00f3n, espiritualidad y creatividad. Desde tejidos ancestrales hasta nuevas formas de decoraci\u00f3n, los artesanos guatemaltecos transforman simples fibras en piezas llenas de historia y simbolismo. Aqu\u00ed te presentamos cinco ejemplos de art\u00edculos con hilos y alma que siguen vivos en el pa\u00eds.<\/p>\t\t\t\t\t\t\t\t<\/div>\n\t\t\t\t\t<\/div>\n\t\t\t\t<\/div>\n\t\t<div data-particle_enable=\"false\" data-particle-mobile-disabled=\"false\" class=\"elementor-element elementor-element-24e9d9f e-flex e-con-boxed e-con e-parent\" data-id=\"24e9d9f\" data-element_type=\"container\" data-e-type=\"container\">\n\t\t\t\t\t<div class=\"e-con-inner\">\n\t\t\t\t<div class=\"elementor-element elementor-element-52f59ae elementor-widget elementor-widget-heading\" data-id=\"52f59ae\" data-element_type=\"widget\" data-e-type=\"widget\" data-widget_type=\"heading.default\">\n\t\t\t\t\t<h3 class=\"elementor-heading-title elementor-size-default\">1. Los tejidos mayas<\/h3>\t\t\t\t<\/div>\n\t\t\t\t\t<\/div>\n\t\t\t\t<\/div>\n\t\t<div data-particle_enable=\"false\" data-particle-mobile-disabled=\"false\" class=\"elementor-element elementor-element-3f6a4fb e-flex e-con-boxed e-con e-parent\" data-id=\"3f6a4fb\" data-element_type=\"container\" data-e-type=\"container\">\n\t\t\t\t\t<div class=\"e-con-inner\">\n\t\t\t\t<div class=\"elementor-element elementor-element-75a022b elementor-widget elementor-widget-text-editor\" data-id=\"75a022b\" data-element_type=\"widget\" data-e-type=\"widget\" data-widget_type=\"text-editor.default\">\n\t\t\t\t\t\t\t\t\t<p><a href=\"https:\/\/soymigrante.com\/mercado\/guipiles\">Los huipiles, cortes y fajas son quiz\u00e1 la muestra m\u00e1s reconocida del arte con hilos en Guatemala.<\/a> Elaborados en telar de cintura o de pie, cada dise\u00f1o guarda s\u00edmbolos propios de cada comunidad, representando su cosmovisi\u00f3n, su historia y su identidad cultural.<\/p>\t\t\t\t\t\t\t\t<\/div>\n\t\t\t\t\t<\/div>\n\t\t\t\t<\/div>\n\t\t<div data-particle_enable=\"false\" data-particle-mobile-disabled=\"false\" class=\"elementor-element elementor-element-c9c1e38 e-flex e-con-boxed e-con e-parent\" data-id=\"c9c1e38\" data-element_type=\"container\" data-e-type=\"container\">\n\t\t\t\t\t<div class=\"e-con-inner\">\n\t\t\t\t<div class=\"elementor-element elementor-element-281358c elementor-widget elementor-widget-image\" data-id=\"281358c\" data-element_type=\"widget\" data-e-type=\"widget\" data-widget_type=\"image.default\">\n\t\t\t\t\t\t\t\t\t\t\t\t<figure class=\"wp-caption\">\n\t\t\t\t\t\t\t\t\t\t\t<a href=\"https:\/\/soymigrante.com\/mercado\/guipiles\">\n\t\t\t\t\t\t\t<img fetchpriority=\"high\" decoding=\"async\" width=\"1134\" height=\"890\" src=\"https:\/\/soymigrante.com\/revista\/wp-content\/uploads\/2025\/08\/huipiles-en-mercado.png\" class=\"attachment-large size-large wp-image-53229\" alt=\"Cada huipil es \u00fanico, por su confecci\u00f3n artesanal y simb\u00f3lica. Para ir a la p\u00e1gina de SoyMigrante.com\/MERCADO clic en la foto.\" srcset=\"https:\/\/soymigrante.com\/revista\/wp-content\/uploads\/2025\/08\/huipiles-en-mercado.png 1134w, https:\/\/soymigrante.com\/revista\/wp-content\/uploads\/2025\/08\/huipiles-en-mercado-300x235.png 300w, https:\/\/soymigrante.com\/revista\/wp-content\/uploads\/2025\/08\/huipiles-en-mercado-768x603.png 768w, https:\/\/soymigrante.com\/revista\/wp-content\/uploads\/2025\/08\/huipiles-en-mercado-750x589.png 750w\" sizes=\"(max-width: 1134px) 100vw, 1134px\" title=\"Cada huipil es \u00fanico, por su confecci\u00f3n artesanal y simb\u00f3lica. Para ir a la p\u00e1gina de SoyMigrante.com\/MERCADO clic en la foto. \u2013 SoyMigrante.com REVISTA\" \/>\t\t\t\t\t\t\t\t<\/a>\n\t\t\t\t\t\t\t\t\t\t\t<figcaption class=\"widget-image-caption wp-caption-text\">Cada huipil es \u00fanico, por su confecci\u00f3n artesanal y simb\u00f3lica. Para ir a la p\u00e1gina de SoyMigrante.com\/MERCADO clic en la foto.<\/figcaption>\n\t\t\t\t\t\t\t\t\t\t<\/figure>\n\t\t\t\t\t\t\t\t\t<\/div>\n\t\t\t\t\t<\/div>\n\t\t\t\t<\/div>\n\t\t<div data-particle_enable=\"false\" data-particle-mobile-disabled=\"false\" class=\"elementor-element elementor-element-7df74f8 e-flex e-con-boxed e-con e-parent\" data-id=\"7df74f8\" data-element_type=\"container\" data-e-type=\"container\">\n\t\t\t\t\t<div class=\"e-con-inner\">\n\t\t\t\t<div class=\"elementor-element elementor-element-f60863a elementor-widget elementor-widget-heading\" data-id=\"f60863a\" data-element_type=\"widget\" data-e-type=\"widget\" data-widget_type=\"heading.default\">\n\t\t\t\t\t<h3 class=\"elementor-heading-title elementor-size-default\">2. Mandalas tejidos<\/h3>\t\t\t\t<\/div>\n\t\t\t\t\t<\/div>\n\t\t\t\t<\/div>\n\t\t<div data-particle_enable=\"false\" data-particle-mobile-disabled=\"false\" class=\"elementor-element elementor-element-6bf2dfc e-flex e-con-boxed e-con e-parent\" data-id=\"6bf2dfc\" data-element_type=\"container\" data-e-type=\"container\">\n\t\t\t\t\t<div class=\"e-con-inner\">\n\t\t\t\t<div class=\"elementor-element elementor-element-9044b80 elementor-widget elementor-widget-text-editor\" data-id=\"9044b80\" data-element_type=\"widget\" data-e-type=\"widget\" data-widget_type=\"text-editor.default\">\n\t\t\t\t\t\t\t\t\t<p><a href=\"https:\/\/soymigrante.com\/mercado\/mandala-tejido-tonos-naranja-amarillo-y-verde\" target=\"_blank\" rel=\"noopener\">Aunque no son parte de la tradici\u00f3n maya, los mandalas tejidos han encontrado un espacio en el arte guatemalteco contempor\u00e1neo.<\/a> Se elaboran con hilos de colores entrelazados en forma geom\u00e9trica y son buscados como elementos decorativos y espirituales que transmiten calma y energ\u00eda positiva.<\/p>\t\t\t\t\t\t\t\t<\/div>\n\t\t\t\t\t<\/div>\n\t\t\t\t<\/div>\n\t\t<div data-particle_enable=\"false\" data-particle-mobile-disabled=\"false\" class=\"elementor-element elementor-element-526c479 e-flex e-con-boxed e-con e-parent\" data-id=\"526c479\" data-element_type=\"container\" data-e-type=\"container\">\n\t\t\t\t\t<div class=\"e-con-inner\">\n\t\t\t\t<div class=\"elementor-element elementor-element-54f658b elementor-widget elementor-widget-image\" data-id=\"54f658b\" data-element_type=\"widget\" data-e-type=\"widget\" data-widget_type=\"image.default\">\n\t\t\t\t\t\t\t\t\t\t\t\t<figure class=\"wp-caption\">\n\t\t\t\t\t\t\t\t\t\t\t<a href=\"https:\/\/soymigrante.com\/mercado\/mandala-tejido-tonos-naranja-amarillo-y-verde\">\n\t\t\t\t\t\t\t<img decoding=\"async\" width=\"1024\" height=\"555\" src=\"https:\/\/soymigrante.com\/revista\/wp-content\/uploads\/2025\/08\/Captura-de-pantalla-2025-08-26-164123-1024x555.png\" class=\"attachment-large size-large wp-image-42792\" alt=\"Mandala tejido multicolor con dise\u00f1o estrella en tonos naranjas, amarillos, verdes y azules, ideal para decoraci\u00f3n y espacios de relajaci\u00f3n, con base de bamb\u00fa y tela de lista.\" srcset=\"https:\/\/soymigrante.com\/revista\/wp-content\/uploads\/2025\/08\/Captura-de-pantalla-2025-08-26-164123-1024x555.png 1024w, https:\/\/soymigrante.com\/revista\/wp-content\/uploads\/2025\/08\/Captura-de-pantalla-2025-08-26-164123-300x163.png 300w, https:\/\/soymigrante.com\/revista\/wp-content\/uploads\/2025\/08\/Captura-de-pantalla-2025-08-26-164123-768x416.png 768w, https:\/\/soymigrante.com\/revista\/wp-content\/uploads\/2025\/08\/Captura-de-pantalla-2025-08-26-164123-750x406.png 750w, https:\/\/soymigrante.com\/revista\/wp-content\/uploads\/2025\/08\/Captura-de-pantalla-2025-08-26-164123-1140x618.png 1140w, https:\/\/soymigrante.com\/revista\/wp-content\/uploads\/2025\/08\/Captura-de-pantalla-2025-08-26-164123.webp 1517w\" sizes=\"(max-width: 1024px) 100vw, 1024px\" title=\"Las mandalas ayudan a decorar la casa y son un producto especial. (Foto: captura de pantalla) \u2013 SoyMigrante.com REVISTA\" \/>\t\t\t\t\t\t\t\t<\/a>\n\t\t\t\t\t\t\t\t\t\t\t<figcaption class=\"widget-image-caption wp-caption-text\">Mandala tejida con colores vibrantes, perfecta para decorar ambientes relajantes, espacios espirituales o de descanso, elaborada con tela multicolor y base de bamb\u00fa, dise\u00f1o estrella central.<\/figcaption>\n\t\t\t\t\t\t\t\t\t\t<\/figure>\n\t\t\t\t\t\t\t\t\t<\/div>\n\t\t\t\t\t<\/div>\n\t\t\t\t<\/div>\n\t\t<div data-particle_enable=\"false\" data-particle-mobile-disabled=\"false\" class=\"elementor-element elementor-element-3319e73 e-flex e-con-boxed e-con e-parent\" data-id=\"3319e73\" data-element_type=\"container\" data-e-type=\"container\">\n\t\t\t\t\t<div class=\"e-con-inner\">\n\t\t\t\t<div class=\"elementor-element elementor-element-1a08a31 elementor-widget elementor-widget-heading\" data-id=\"1a08a31\" data-element_type=\"widget\" data-e-type=\"widget\" data-widget_type=\"heading.default\">\n\t\t\t\t\t<h3 class=\"elementor-heading-title elementor-size-default\">3. Colgantes artesanales<\/h3>\t\t\t\t<\/div>\n\t\t\t\t\t<\/div>\n\t\t\t\t<\/div>\n\t\t<div data-particle_enable=\"false\" data-particle-mobile-disabled=\"false\" class=\"elementor-element elementor-element-14c555b e-flex e-con-boxed e-con e-parent\" data-id=\"14c555b\" data-element_type=\"container\" data-e-type=\"container\">\n\t\t\t\t\t<div class=\"e-con-inner\">\n\t\t\t\t<div class=\"elementor-element elementor-element-8da3933 elementor-widget elementor-widget-text-editor\" data-id=\"8da3933\" data-element_type=\"widget\" data-e-type=\"widget\" data-widget_type=\"text-editor.default\">\n\t\t\t\t\t\t\t\t\t<p><a href=\"https:\/\/soymigrante.com\/mercado\/moises-colgante-para-bebe\" target=\"_blank\" rel=\"noopener\">Los colgantes hechos con hilos, cuentas y materiales reciclados se han vuelto una tendencia en los mercados artesanales.<\/a> Son\u00a0 adornos que se colocan en mochilas, bolsos, espejos o llaveros, y que representan creatividad y conexi\u00f3n con lo hecho a mano.<\/p>\t\t\t\t\t\t\t\t<\/div>\n\t\t\t\t\t<\/div>\n\t\t\t\t<\/div>\n\t\t<div data-particle_enable=\"false\" data-particle-mobile-disabled=\"false\" class=\"elementor-element elementor-element-544c63f e-flex e-con-boxed e-con e-parent\" data-id=\"544c63f\" data-element_type=\"container\" data-e-type=\"container\">\n\t\t\t\t\t<div class=\"e-con-inner\">\n\t\t\t\t<div class=\"elementor-element elementor-element-49fa361 elementor-widget elementor-widget-image\" data-id=\"49fa361\" data-element_type=\"widget\" data-e-type=\"widget\" data-widget_type=\"image.default\">\n\t\t\t\t\t\t\t\t\t\t\t\t<figure class=\"wp-caption\">\n\t\t\t\t\t\t\t\t\t\t\t<a href=\"https:\/\/soymigrante.com\/mercado\/moises-colgante-para-bebe\">\n\t\t\t\t\t\t\t<img decoding=\"async\" width=\"1024\" height=\"599\" src=\"https:\/\/soymigrante.com\/revista\/wp-content\/uploads\/2025\/08\/Captura-de-pantalla-2025-08-26-164140-1024x599.png\" class=\"attachment-large size-large wp-image-42793\" alt=\"Colgante para beb\u00e9 hecho de hamacas con dise\u00f1o de macram\u00e9 y colores verdes y blancos, ideal como accesorio infantil, disponible en SoyMigrante.com REVISTA.\" srcset=\"https:\/\/soymigrante.com\/revista\/wp-content\/uploads\/2025\/08\/Captura-de-pantalla-2025-08-26-164140-1024x599.png 1024w, https:\/\/soymigrante.com\/revista\/wp-content\/uploads\/2025\/08\/Captura-de-pantalla-2025-08-26-164140-300x175.png 300w, https:\/\/soymigrante.com\/revista\/wp-content\/uploads\/2025\/08\/Captura-de-pantalla-2025-08-26-164140-768x449.png 768w, https:\/\/soymigrante.com\/revista\/wp-content\/uploads\/2025\/08\/Captura-de-pantalla-2025-08-26-164140-750x439.png 750w, https:\/\/soymigrante.com\/revista\/wp-content\/uploads\/2025\/08\/Captura-de-pantalla-2025-08-26-164140-1140x667.png 1140w, https:\/\/soymigrante.com\/revista\/wp-content\/uploads\/2025\/08\/Captura-de-pantalla-2025-08-26-164140.png 1433w\" sizes=\"(max-width: 1024px) 100vw, 1024px\" title=\"Los colgantes tambi\u00e9n ayudan para entretener a los m\u00e1s peque\u00f1os. (Foto: Captura de pantalla) \u2013 SoyMigrante.com REVISTA\" \/>\t\t\t\t\t\t\t\t<\/a>\n\t\t\t\t\t\t\t\t\t\t\t<figcaption class=\"widget-image-caption wp-caption-text\">Sombrero colgante para beb\u00e9 hecho con hamacas de macram\u00e9 en tonos verdes y blancos, perfecto como accesorio decorativo para ni\u00f1os, presentado en SoyMigrante.com REVISTA.<\/figcaption>\n\t\t\t\t\t\t\t\t\t\t<\/figure>\n\t\t\t\t\t\t\t\t\t<\/div>\n\t\t\t\t\t<\/div>\n\t\t\t\t<\/div>\n\t\t<div data-particle_enable=\"false\" data-particle-mobile-disabled=\"false\" class=\"elementor-element elementor-element-264bef5 e-flex e-con-boxed e-con e-parent\" data-id=\"264bef5\" data-element_type=\"container\" data-e-type=\"container\">\n\t\t\t\t\t<div class=\"e-con-inner\">\n\t\t\t\t<div class=\"elementor-element elementor-element-2c66b4c elementor-widget elementor-widget-heading\" data-id=\"2c66b4c\" data-element_type=\"widget\" data-e-type=\"widget\" data-widget_type=\"heading.default\">\n\t\t\t\t\t<h3 class=\"elementor-heading-title elementor-size-default\">4. Pie de cama<\/h3>\t\t\t\t<\/div>\n\t\t\t\t\t<\/div>\n\t\t\t\t<\/div>\n\t\t<div data-particle_enable=\"false\" data-particle-mobile-disabled=\"false\" class=\"elementor-element elementor-element-0730986 e-flex e-con-boxed e-con e-parent\" data-id=\"0730986\" data-element_type=\"container\" data-e-type=\"container\">\n\t\t\t\t\t<div class=\"e-con-inner\">\n\t\t\t\t<div class=\"elementor-element elementor-element-ecd7f60 elementor-widget elementor-widget-text-editor\" data-id=\"ecd7f60\" data-element_type=\"widget\" data-e-type=\"widget\" data-widget_type=\"text-editor.default\">\n\t\t\t\t\t\t\t\t\t<p>Se elaboran con hilos tejidos en forma de red y decorados con colores. <a href=\"https:\/\/soymigrante.com\/mercado\/pie-de-cama-caf---beige\" target=\"_blank\" rel=\"noopener\">Son muy buscados como elementos decorativos en las camas.<\/a><\/p>\t\t\t\t\t\t\t\t<\/div>\n\t\t\t\t\t<\/div>\n\t\t\t\t<\/div>\n\t\t<div data-particle_enable=\"false\" data-particle-mobile-disabled=\"false\" class=\"elementor-element elementor-element-894377c e-flex e-con-boxed e-con e-parent\" data-id=\"894377c\" data-element_type=\"container\" data-e-type=\"container\">\n\t\t\t\t\t<div class=\"e-con-inner\">\n\t\t\t\t<div class=\"elementor-element elementor-element-e55dacd elementor-widget elementor-widget-image\" data-id=\"e55dacd\" data-element_type=\"widget\" data-e-type=\"widget\" data-widget_type=\"image.default\">\n\t\t\t\t\t\t\t\t\t\t\t\t<figure class=\"wp-caption\">\n\t\t\t\t\t\t\t\t\t\t\t<a href=\"https:\/\/soymigrante.com\/mercado\/pie-de-cama-caf---beige\">\n\t\t\t\t\t\t\t<img loading=\"lazy\" decoding=\"async\" width=\"1024\" height=\"581\" src=\"https:\/\/soymigrante.com\/revista\/wp-content\/uploads\/2025\/08\/Captura-de-pantalla-2025-08-26-164200-1024x581.png\" class=\"attachment-large size-large wp-image-42794\" alt=\"Pie de cama estilo guatemalteco, dise\u00f1o de rombos en tonos beige y blanco, inspirado en volcanes, ideal para decoraci\u00f3n bohemia y natural, estilo \u00e9tnico y artesanal, elegante y sofisticado para cualquier espacio.\" srcset=\"https:\/\/soymigrante.com\/revista\/wp-content\/uploads\/2025\/08\/Captura-de-pantalla-2025-08-26-164200-1024x581.png 1024w, https:\/\/soymigrante.com\/revista\/wp-content\/uploads\/2025\/08\/Captura-de-pantalla-2025-08-26-164200-300x170.png 300w, https:\/\/soymigrante.com\/revista\/wp-content\/uploads\/2025\/08\/Captura-de-pantalla-2025-08-26-164200-768x436.png 768w, https:\/\/soymigrante.com\/revista\/wp-content\/uploads\/2025\/08\/Captura-de-pantalla-2025-08-26-164200-750x426.png 750w, https:\/\/soymigrante.com\/revista\/wp-content\/uploads\/2025\/08\/Captura-de-pantalla-2025-08-26-164200-1140x647.png 1140w, https:\/\/soymigrante.com\/revista\/wp-content\/uploads\/2025\/08\/Captura-de-pantalla-2025-08-26-164200.webp 1498w\" sizes=\"(max-width: 1024px) 100vw, 1024px\" title=\"El pie de cama es ideal para decorar la habitaci\u00f3n. (Foto: captura de pantalla) \u2013 SoyMigrante.com REVISTA\" \/>\t\t\t\t\t\t\t\t<\/a>\n\t\t\t\t\t\t\t\t\t\t\t<figcaption class=\"widget-image-caption wp-caption-text\">Funda de cama de dise\u00f1o ind\u00edgena con patrones geom\u00e9tricos tradicionales, inspirada en la biodiversidad y cultura de Guatemala, perfecta para dormitorios de estilo r\u00fastico y \u00e9tnico, decorativa y funcional.<\/figcaption>\n\t\t\t\t\t\t\t\t\t\t<\/figure>\n\t\t\t\t\t\t\t\t\t<\/div>\n\t\t\t\t\t<\/div>\n\t\t\t\t<\/div>\n\t\t<div data-particle_enable=\"false\" data-particle-mobile-disabled=\"false\" class=\"elementor-element elementor-element-8db6f62 e-flex e-con-boxed e-con e-parent\" data-id=\"8db6f62\" data-element_type=\"container\" data-e-type=\"container\">\n\t\t\t\t\t<div class=\"e-con-inner\">\n\t\t\t\t<div class=\"elementor-element elementor-element-cfc99c1 elementor-widget elementor-widget-heading\" data-id=\"cfc99c1\" data-element_type=\"widget\" data-e-type=\"widget\" data-widget_type=\"heading.default\">\n\t\t\t\t\t<h3 class=\"elementor-heading-title elementor-size-default\">5. Pulseras y brazaletes tejidos<\/h3>\t\t\t\t<\/div>\n\t\t\t\t\t<\/div>\n\t\t\t\t<\/div>\n\t\t<div data-particle_enable=\"false\" data-particle-mobile-disabled=\"false\" class=\"elementor-element elementor-element-a6bf837 e-flex e-con-boxed e-con e-parent\" data-id=\"a6bf837\" data-element_type=\"container\" data-e-type=\"container\">\n\t\t\t\t\t<div class=\"e-con-inner\">\n\t\t\t\t<div class=\"elementor-element elementor-element-53b5c25 elementor-widget elementor-widget-text-editor\" data-id=\"53b5c25\" data-element_type=\"widget\" data-e-type=\"widget\" data-widget_type=\"text-editor.default\">\n\t\t\t\t\t\t\t\t\t<p><a href=\"https:\/\/soymigrante.com\/mercado\/brazalete-modelo-ixcanul\" target=\"_blank\" rel=\"noopener\">Las pulseras de hilo son un cl\u00e1sico guatemalteco, populares tanto en comunidades como entre turistas.<\/a> Se elaboran con t\u00e9cnicas de macram\u00e9 o nudos simples, y cada una lleva una combinaci\u00f3n de colores que, seg\u00fan la tradici\u00f3n, pueden simbolizar amistad, suerte o protecci\u00f3n.<\/p>\t\t\t\t\t\t\t\t<\/div>\n\t\t\t\t\t<\/div>\n\t\t\t\t<\/div>\n\t\t<div data-particle_enable=\"false\" data-particle-mobile-disabled=\"false\" class=\"elementor-element elementor-element-f9c477d e-flex e-con-boxed e-con e-parent\" data-id=\"f9c477d\" data-element_type=\"container\" data-e-type=\"container\">\n\t\t\t\t\t<div class=\"e-con-inner\">\n\t\t\t\t<div class=\"elementor-element elementor-element-640c004 elementor-widget elementor-widget-image\" data-id=\"640c004\" data-element_type=\"widget\" data-e-type=\"widget\" data-widget_type=\"image.default\">\n\t\t\t\t\t\t\t\t\t\t\t\t<figure class=\"wp-caption\">\n\t\t\t\t\t\t\t\t\t\t\t<a href=\"https:\/\/soymigrante.com\/mercado\/brazalete-modelo-ixcanul\">\n\t\t\t\t\t\t\t<img loading=\"lazy\" decoding=\"async\" width=\"1024\" height=\"643\" src=\"https:\/\/soymigrante.com\/revista\/wp-content\/uploads\/2025\/08\/Captura-de-pantalla-2025-08-26-164214-1024x643.png\" class=\"attachment-large size-large wp-image-42795\" alt=\"Hermosa pulsera hidroel\u00e9ctrica con dise\u00f1o tradicional y hecha a mano, perfecta para moda y accesorios artesanales. Producto de colecci\u00f3n en venta en SoyMigrante.com REVISTA.\" srcset=\"https:\/\/soymigrante.com\/revista\/wp-content\/uploads\/2025\/08\/Captura-de-pantalla-2025-08-26-164214-1024x643.png 1024w, https:\/\/soymigrante.com\/revista\/wp-content\/uploads\/2025\/08\/Captura-de-pantalla-2025-08-26-164214-300x188.png 300w, https:\/\/soymigrante.com\/revista\/wp-content\/uploads\/2025\/08\/Captura-de-pantalla-2025-08-26-164214-768x482.png 768w, https:\/\/soymigrante.com\/revista\/wp-content\/uploads\/2025\/08\/Captura-de-pantalla-2025-08-26-164214-750x471.png 750w, https:\/\/soymigrante.com\/revista\/wp-content\/uploads\/2025\/08\/Captura-de-pantalla-2025-08-26-164214-1140x716.png 1140w, https:\/\/soymigrante.com\/revista\/wp-content\/uploads\/2025\/08\/Captura-de-pantalla-2025-08-26-164214.webp 1360w\" sizes=\"(max-width: 1024px) 100vw, 1024px\" title=\"Las pulseras tejidas son un accesorio perfecto para un d\u00eda especial. (Foto: Captura de pantalla) \u2013 SoyMigrante.com REVISTA\" \/>\t\t\t\t\t\t\t\t<\/a>\n\t\t\t\t\t\t\t\t\t\t\t<figcaption class=\"widget-image-caption wp-caption-text\">Pulsera de estilo tradicional con dise\u00f1o geom\u00e9trico y vibrantes colores, ideal para complementar atuendos culturales y bohemios.<\/figcaption>\n\t\t\t\t\t\t\t\t\t\t<\/figure>\n\t\t\t\t\t\t\t\t\t<\/div>\n\t\t\t\t\t<\/div>\n\t\t\t\t<\/div>\n\t\t<div data-particle_enable=\"false\" data-particle-mobile-disabled=\"false\" class=\"elementor-element elementor-element-bf3c385 e-flex e-con-boxed e-con e-parent\" data-id=\"bf3c385\" data-element_type=\"container\" data-e-type=\"container\">\n\t\t\t\t\t<div class=\"e-con-inner\">\n\t\t\t\t<div class=\"elementor-element elementor-element-de4907c elementor-widget elementor-widget-heading\" data-id=\"de4907c\" data-element_type=\"widget\" data-e-type=\"widget\" data-widget_type=\"heading.default\">\n\t\t\t\t\t<h3 class=\"elementor-heading-title elementor-size-default\">Un arte que no pasa de moda<\/h3>\t\t\t\t<\/div>\n\t\t\t\t\t<\/div>\n\t\t\t\t<\/div>\n\t\t<div data-particle_enable=\"false\" data-particle-mobile-disabled=\"false\" class=\"elementor-element elementor-element-0b56eb3 e-flex e-con-boxed e-con e-parent\" data-id=\"0b56eb3\" data-element_type=\"container\" data-e-type=\"container\">\n\t\t\t\t\t<div class=\"e-con-inner\">\n\t\t\t\t<div class=\"elementor-element elementor-element-e3fabf3 elementor-widget elementor-widget-text-editor\" data-id=\"e3fabf3\" data-element_type=\"widget\" data-e-type=\"widget\" data-widget_type=\"text-editor.default\">\n\t\t\t\t\t\t\t\t\t<p>Los art\u00edculos hechos con hilos en Guatemala muestran c\u00f3mo el pasado y el presente se entrelazan en creaciones que no solo son est\u00e9ticamente bellas, sino tambi\u00e9n portadoras de identidad y alma. Desde un huipil cargado de historia hasta un sencillo brazalete tejido, cada pieza guarda algo m\u00e1s profundo: la huella de las manos que lo crearon.<\/p>\t\t\t\t\t\t\t\t<\/div>\n\t\t\t\t\t<\/div>\n\t\t\t\t<\/div>\n\t\t<div data-particle_enable=\"false\" data-particle-mobile-disabled=\"false\" class=\"elementor-element elementor-element-285d2e1 e-flex e-con-boxed e-con e-parent\" data-id=\"285d2e1\" data-element_type=\"container\" data-e-type=\"container\">\n\t\t\t\t\t<div class=\"e-con-inner\">\n\t\t\t\t<div class=\"elementor-element elementor-element-eeec6fa elementor-widget elementor-widget-heading\" data-id=\"eeec6fa\" data-element_type=\"widget\" data-e-type=\"widget\" data-widget_type=\"heading.default\">\n\t\t\t\t\t<h2 class=\"elementor-heading-title elementor-size-default\">Conoce otros productos de Mercado, ac\u00e1...<\/h2>\t\t\t\t<\/div>\n\t\t\t\t\t<\/div>\n\t\t\t\t<\/div>\n\t\t<div data-particle_enable=\"false\" data-particle-mobile-disabled=\"false\" class=\"elementor-element elementor-element-b0337e3 e-flex e-con-boxed e-con e-parent\" data-id=\"b0337e3\" data-element_type=\"container\" data-e-type=\"container\">\n\t\t\t\t\t<div class=\"e-con-inner\">\n\t\t\t\t<div class=\"elementor-element elementor-element-0fd1cdd elementor-grid-eael-col-3 elementor-grid-tablet-eael-col-2 elementor-grid-mobile-eael-col-1 elementor-widget elementor-widget-eael-post-grid\" data-id=\"0fd1cdd\" data-element_type=\"widget\" data-e-type=\"widget\" data-settings=\"{&quot;eael_post_grid_columns&quot;:&quot;eael-col-3&quot;,&quot;eael_post_grid_columns_tablet&quot;:&quot;eael-col-2&quot;,&quot;eael_post_grid_columns_mobile&quot;:&quot;eael-col-1&quot;}\" data-widget_type=\"eael-post-grid.default\">\n\t\t\t\t\t<div id=\"eael-post-grid-0fd1cdd\" class=\"eael-post-grid-container\">\n            <div class=\"eael-post-grid eael-post-appender eael-post-appender-0fd1cdd eael-post-grid-style-one\" data-layout-mode=\"masonry\"><article class=\"eael-grid-post  eael-post-grid-column eael-pg-post-41543 category-guate-nuestra tags-mercado-emprendedores\" data-id=\"41543\">\n        <div class=\"eael-grid-post-holder\">\n            <div class=\"eael-grid-post-holder-inner\"><div class=\"eael-entry-media\"><div class=\"eael-entry-overlay fade-in\"><i class=\"far fa-hand-pointer\" aria-hidden=\"true\"><\/i><a href=\"https:\/\/soymigrante.com\/revista\/vanessa-tuy-y-un-arte-terapeutico-sus-mandalas-tejidos-estan-en-mercado\/\"><\/a><\/div><div class=\"eael-entry-thumbnail \">\n                <img loading=\"lazy\" decoding=\"async\" width=\"703\" height=\"1024\" src=\"https:\/\/soymigrante.com\/revista\/wp-content\/uploads\/2025\/08\/Vanessa-Tuy-y-su-arte-sanador-5-703x1024.jpeg\" class=\"attachment-large size-large wp-image-41544\" alt=\"Cr\u00e1neo azteca hecho a mano con detalles coloridos, tradici\u00f3n y cultura mexicana, elaborado con t\u00e9cnicas artesanales para exhibici\u00f3n y coleccionismo.\" srcset=\"https:\/\/soymigrante.com\/revista\/wp-content\/uploads\/2025\/08\/Vanessa-Tuy-y-su-arte-sanador-5-703x1024.jpeg 703w, https:\/\/soymigrante.com\/revista\/wp-content\/uploads\/2025\/08\/Vanessa-Tuy-y-su-arte-sanador-5-206x300.jpeg 206w, https:\/\/soymigrante.com\/revista\/wp-content\/uploads\/2025\/08\/Vanessa-Tuy-y-su-arte-sanador-5-768x1118.jpeg 768w, https:\/\/soymigrante.com\/revista\/wp-content\/uploads\/2025\/08\/Vanessa-Tuy-y-su-arte-sanador-5-750x1092.webp 750w, https:\/\/soymigrante.com\/revista\/wp-content\/uploads\/2025\/08\/Vanessa-Tuy-y-su-arte-sanador-5.webp 879w\" sizes=\"(max-width: 703px) 100vw, 703px\" \/>\n            <\/div>\n        <\/div><div class=\"eael-entry-wrapper\"><header class=\"eael-entry-header\"><h2 class=\"eael-entry-title\"><a class=\"eael-grid-post-link\" href=\"https:\/\/soymigrante.com\/revista\/vanessa-tuy-y-un-arte-terapeutico-sus-mandalas-tejidos-estan-en-mercado\/\" title=\"Vanessa Tuy y un arte terap\u00e9utico: sus mandalas tejidos est\u00e1n en MERCADO\">Vanessa Tuy y un arte terap\u00e9utico: sus mandalas tejidos est\u00e1n en MERCADO<\/a><\/h2><\/header><div class=\"eael-entry-content\">\n                        <div class=\"eael-grid-post-excerpt\"><a href=\"https:\/\/soymigrante.com\/revista\/vanessa-tuy-y-un-arte-terapeutico-sus-mandalas-tejidos-estan-en-mercado\/\" class=\"eael-post-elements-readmore-btn\">CONOCE SU HISTORIA <\/a><\/div>\n                    <\/div><\/div><\/div>\n        <\/div>\n    <\/article><article class=\"eael-grid-post  eael-post-grid-column eael-pg-post-41883 category-guate-nuestra tags-mercado-emprendedores\" data-id=\"41883\">\n        <div class=\"eael-grid-post-holder\">\n            <div class=\"eael-grid-post-holder-inner\"><div class=\"eael-entry-media\"><div class=\"eael-entry-overlay fade-in\"><i class=\"far fa-hand-pointer\" aria-hidden=\"true\"><\/i><a href=\"https:\/\/soymigrante.com\/revista\/waykan-store-impulsa-tradicion-talento-y-creatividad-de-tejedoras-mayas-y-ya-esta-en-mercado\/\"><\/a><\/div><div class=\"eael-entry-thumbnail \">\n                <img loading=\"lazy\" decoding=\"async\" width=\"1024\" height=\"1024\" src=\"https:\/\/soymigrante.com\/revista\/wp-content\/uploads\/2025\/08\/DSC_6852-scaled-e1755099552542-1024x1024.webp\" class=\"attachment-large size-large wp-image-41976\" alt=\"Traje tradicional mexicano con tejidos coloridos en tienda de artesan\u00edas mexicanas, mujer mostrando textiles artesanales en establecimiento de comercio en M\u00e9xico, cultura y tradici\u00f3n textil.\" srcset=\"https:\/\/soymigrante.com\/revista\/wp-content\/uploads\/2025\/08\/DSC_6852-scaled-e1755099552542-1024x1024.webp 1024w, https:\/\/soymigrante.com\/revista\/wp-content\/uploads\/2025\/08\/DSC_6852-scaled-e1755099552542-300x300.webp 300w, https:\/\/soymigrante.com\/revista\/wp-content\/uploads\/2025\/08\/DSC_6852-scaled-e1755099552542-150x150.webp 150w, https:\/\/soymigrante.com\/revista\/wp-content\/uploads\/2025\/08\/DSC_6852-scaled-e1755099552542-768x768.webp 768w, https:\/\/soymigrante.com\/revista\/wp-content\/uploads\/2025\/08\/DSC_6852-scaled-e1755099552542-75x75.webp 75w, https:\/\/soymigrante.com\/revista\/wp-content\/uploads\/2025\/08\/DSC_6852-scaled-e1755099552542-750x750.webp 750w, https:\/\/soymigrante.com\/revista\/wp-content\/uploads\/2025\/08\/DSC_6852-scaled-e1755099552542-1140x1140.webp 1140w, https:\/\/soymigrante.com\/revista\/wp-content\/uploads\/2025\/08\/DSC_6852-scaled-e1755099552542.webp 1277w\" sizes=\"(max-width: 1024px) 100vw, 1024px\" \/>\n            <\/div>\n        <\/div><div class=\"eael-entry-wrapper\"><header class=\"eael-entry-header\"><h2 class=\"eael-entry-title\"><a class=\"eael-grid-post-link\" href=\"https:\/\/soymigrante.com\/revista\/waykan-store-impulsa-tradicion-talento-y-creatividad-de-tejedoras-mayas-y-ya-esta-en-mercado\/\" title=\"Waykan Store impulsa tradici\u00f3n, talento y creatividad de tejedoras mayas y ya est\u00e1 en MERCADO\">Waykan Store impulsa tradici\u00f3n, talento y creatividad de tejedoras mayas y ya est\u00e1 en MERCADO<\/a><\/h2><\/header><div class=\"eael-entry-content\">\n                        <div class=\"eael-grid-post-excerpt\"><a href=\"https:\/\/soymigrante.com\/revista\/waykan-store-impulsa-tradicion-talento-y-creatividad-de-tejedoras-mayas-y-ya-esta-en-mercado\/\" class=\"eael-post-elements-readmore-btn\">CONOCE SU HISTORIA <\/a><\/div>\n                    <\/div><\/div><\/div>\n        <\/div>\n    <\/article><article class=\"eael-grid-post  eael-post-grid-column eael-pg-post-40814 category-guate-nuestra tags-mercado-emprendedores\" data-id=\"40814\">\n        <div class=\"eael-grid-post-holder\">\n            <div class=\"eael-grid-post-holder-inner\"><div class=\"eael-entry-media\"><div class=\"eael-entry-overlay fade-in\"><i class=\"far fa-hand-pointer\" aria-hidden=\"true\"><\/i><a href=\"https:\/\/soymigrante.com\/revista\/brenda-francisco-encontro-un-camino-de-miel-y-ahora-esta-en-mercado\/\"><\/a><\/div><div class=\"eael-entry-thumbnail \">\n                <img loading=\"lazy\" decoding=\"async\" width=\"410\" height=\"669\" src=\"https:\/\/soymigrante.com\/revista\/wp-content\/uploads\/2025\/07\/WhatsApp-Image-2025-07-28-at-82945-AM.webp\" class=\"attachment-large size-large wp-image-40815\" alt=\"Botella de miel y productos artesanales en stand de feria cultural en un mercado al aire libre.\" srcset=\"https:\/\/soymigrante.com\/revista\/wp-content\/uploads\/2025\/07\/WhatsApp-Image-2025-07-28-at-82945-AM.webp 410w, https:\/\/soymigrante.com\/revista\/wp-content\/uploads\/2025\/07\/WhatsApp-Image-2025-07-28-at-82945-AM-184x300.jpeg 184w\" sizes=\"(max-width: 410px) 100vw, 410px\" \/>\n            <\/div>\n        <\/div><div class=\"eael-entry-wrapper\"><header class=\"eael-entry-header\"><h2 class=\"eael-entry-title\"><a class=\"eael-grid-post-link\" href=\"https:\/\/soymigrante.com\/revista\/brenda-francisco-encontro-un-camino-de-miel-y-ahora-esta-en-mercado\/\" title=\"Brenda Francisco encontr\u00f3 un camino de miel y ahora est\u00e1 en MERCADO\">Brenda Francisco encontr\u00f3 un camino de miel y ahora est\u00e1 en MERCADO<\/a><\/h2><\/header><div class=\"eael-entry-content\">\n                        <div class=\"eael-grid-post-excerpt\"><a href=\"https:\/\/soymigrante.com\/revista\/brenda-francisco-encontro-un-camino-de-miel-y-ahora-esta-en-mercado\/\" class=\"eael-post-elements-readmore-btn\">CONOCE SU HISTORIA <\/a><\/div>\n                    <\/div><\/div><\/div>\n        <\/div>\n    <\/article><\/div>\n            <div class=\"clearfix\"><\/div>\n        <\/div>\t\t\t\t<\/div>\n\t\t\t\t\t<\/div>\n\t\t\t\t<\/div>\n\t\t\t\t<\/div>\n\t\t","protected":false},"excerpt":{"rendered":"<p>Los art\u00edculos con hilos y alma que se hacen en Guatemala dejan huella y ahora los puedes adquirir en Mercado. El arte del hilo en Guatemala no solo es una t\u00e9cnica, es tambi\u00e9n una forma de expresi\u00f3n cargada de tradici\u00f3n, espiritualidad y creatividad. Desde tejidos ancestrales hasta nuevas formas de decoraci\u00f3n, los artesanos guatemaltecos transforman [&hellip;]<\/p>\n","protected":false},"author":19,"featured_media":42785,"comment_status":"open","ping_status":"open","sticky":false,"template":"","format":"standard","meta":{"_acf_changed":false,"_eb_attr":"","footnotes":""},"categories":[58],"tags":[],"class_list":["post-42784","post","type-post","status-publish","format-standard","has-post-thumbnail","hentry","category-guate-nuestra"],"acf":[],"aioseo_notices":[],"aioseo_head":"\n\t\t<!-- All in One SEO Pro 4.9.6.2 - aioseo.com -->\n\t<meta name=\"description\" content=\"Brenda Francisco, desde Huehuetenango hasta Quetzaltenango, su pasi\u00f3n por los productos artesanales la llev\u00f3 a abrir su tienda en Mercado.\" \/>\n\t<meta name=\"robots\" content=\"max-snippet:-1, max-image-preview:large, max-video-preview:-1\" \/>\n\t<meta name=\"author\" content=\"Marysabel Aldana\"\/>\n\t<link rel=\"canonical\" href=\"https:\/\/soymigrante.com\/revista\/brenda-francisco-encontro-un-camino-de-miel-y-ahora-esta-en-mercado\/\" \/>\n\t<meta name=\"generator\" content=\"All in One SEO Pro (AIOSEO) 4.9.6.2\" \/>\n\n\t\t<link rel=\"preconnect\" href=\"https:\/\/fonts.googleapis.com\" crossorigin>\n<link rel=\"preconnect\" href=\"https:\/\/fonts.gstatic.com\" crossorigin>\n\t\t<meta property=\"og:locale\" content=\"es_ES\" \/>\n\t\t<meta property=\"og:site_name\" content=\"SoyMigrante.com REVISTA \u2013 Nuestra misi\u00f3n es reconocer y dignificar al migrante.\" \/>\n\t\t<meta property=\"og:type\" content=\"article\" \/>\n\t\t<meta property=\"og:title\" content=\"Brenda Francisco encontr\u00f3 un camino de miel y ahora est\u00e1 en MERCADO\" \/>\n\t\t<meta property=\"og:description\" content=\"Brenda Francisco, desde Huehuetenango hasta Quetzaltenango, su pasi\u00f3n por los productos artesanales la llev\u00f3 a abrir su tienda en Mercado.\" \/>\n\t\t<meta property=\"og:url\" content=\"https:\/\/soymigrante.com\/revista\/brenda-francisco-encontro-un-camino-de-miel-y-ahora-esta-en-mercado\/\" \/>\n\t\t<meta property=\"og:image\" content=\"https:\/\/soymigrante.com\/revista\/wp-content\/uploads\/2025\/07\/WhatsApp-Image-2025-07-28-at-82945-AM.webp\" \/>\n\t\t<meta property=\"og:image:secure_url\" content=\"https:\/\/soymigrante.com\/revista\/wp-content\/uploads\/2025\/07\/WhatsApp-Image-2025-07-28-at-82945-AM.webp\" \/>\n\t\t<meta property=\"og:image:width\" content=\"410\" \/>\n\t\t<meta property=\"og:image:height\" content=\"669\" \/>\n\t\t<meta property=\"article:published_time\" content=\"2025-07-31T14:30:00+00:00\" \/>\n\t\t<meta property=\"article:modified_time\" content=\"2025-07-31T16:22:26+00:00\" \/>\n\t\t<meta property=\"article:publisher\" content=\"https:\/\/www.facebook.com\/soymigrantecom\" \/>\n\t\t<meta name=\"twitter:card\" content=\"summary_large_image\" \/>\n\t\t<meta name=\"twitter:site\" content=\"@SoyMigrante_com\" \/>\n\t\t<meta name=\"twitter:title\" content=\"Brenda Francisco encontr\u00f3 un camino de miel y ahora est\u00e1 en MERCADO\" \/>\n\t\t<meta name=\"twitter:description\" content=\"Brenda Francisco, desde Huehuetenango hasta Quetzaltenango, su pasi\u00f3n por los productos artesanales la llev\u00f3 a abrir su tienda en Mercado.\" \/>\n\t\t<meta name=\"twitter:creator\" content=\"@SoyMigrante_com\" \/>\n\t\t<meta name=\"twitter:image\" content=\"https:\/\/soymigrante.com\/revista\/wp-content\/uploads\/2025\/07\/WhatsApp-Image-2025-07-28-at-82945-AM.webp\" \/>\n\t\t<!-- All in One SEO Pro -->\r\n\t\t<title>Brenda Francisco encontr\u00f3 un camino de miel y ahora est\u00e1 en MERCADO<\/title>\n\n","aioseo_head_json":{"title":"Brenda Francisco encontr\u00f3 un camino de miel y ahora est\u00e1 en MERCADO","description":"Brenda Francisco, desde Huehuetenango hasta Quetzaltenango, su pasi\u00f3n por los productos artesanales la llev\u00f3 a abrir su tienda en Mercado.","canonical_url":"https:\/\/soymigrante.com\/revista\/brenda-francisco-encontro-un-camino-de-miel-y-ahora-esta-en-mercado\/","robots":"max-snippet:-1, max-image-preview:large, max-video-preview:-1","keywords":"","webmasterTools":{"miscellaneous":"&lt;link rel=\"preconnect\" href=\"https:\/\/fonts.googleapis.com\" crossorigin&gt;\n&lt;link rel=\"preconnect\" href=\"https:\/\/fonts.gstatic.com\" crossorigin&gt;"},"schema":null,"og:locale":"es_ES","og:site_name":"SoyMigrante.com REVISTA \u2013 Nuestra misi\u00f3n es reconocer y dignificar al migrante.","og:type":"article","og:title":"Brenda Francisco encontr\u00f3 un camino de miel y ahora est\u00e1 en MERCADO","og:description":"Brenda Francisco, desde Huehuetenango hasta Quetzaltenango, su pasi\u00f3n por los productos artesanales la llev\u00f3 a abrir su tienda en Mercado.","og:url":"https:\/\/soymigrante.com\/revista\/brenda-francisco-encontro-un-camino-de-miel-y-ahora-esta-en-mercado\/","og:image":"https:\/\/soymigrante.com\/revista\/wp-content\/uploads\/2025\/07\/WhatsApp-Image-2025-07-28-at-82945-AM.webp","og:image:secure_url":"https:\/\/soymigrante.com\/revista\/wp-content\/uploads\/2025\/07\/WhatsApp-Image-2025-07-28-at-82945-AM.webp","og:image:width":410,"og:image:height":669,"article:published_time":"2025-07-31T14:30:00+00:00","article:modified_time":"2025-07-31T16:22:26+00:00","article:publisher":"https:\/\/www.facebook.com\/soymigrantecom","twitter:card":"summary_large_image","twitter:site":"@SoyMigrante_com","twitter:title":"Brenda Francisco encontr\u00f3 un camino de miel y ahora est\u00e1 en MERCADO","twitter:description":"Brenda Francisco, desde Huehuetenango hasta Quetzaltenango, su pasi\u00f3n por los productos artesanales la llev\u00f3 a abrir su tienda en Mercado.","twitter:creator":"@SoyMigrante_com","twitter:image":"https:\/\/soymigrante.com\/revista\/wp-content\/uploads\/2025\/07\/WhatsApp-Image-2025-07-28-at-82945-AM.webp"},"aioseo_meta_data":{"post_id":"42784","title":"Cinco art\u00edculos con hilos, alma e identidad en MERCADO","description":"Obsequios perfectos, prendas para lucir original y gustos para expresar ese amor a Guatemala ofrecen los emprendedores de SoyMigrante.com MERCADO","keywords":null,"keyphrases":{"focus":{"keyphrase":"hilos","score":74,"analysis":{"keyphraseInTitle":{"score":9,"maxScore":9,"error":0},"keyphraseInDescription":{"score":3,"maxScore":9,"error":1},"keyphraseLength":{"score":9,"maxScore":9,"error":0,"length":1},"keyphraseInURL":{"score":5,"maxScore":5,"error":0},"keyphraseInIntroduction":{"score":9,"maxScore":9,"error":0},"keyphraseInSubHeadings":{"score":3,"maxScore":9,"error":1},"keyphraseInImageAlt":{"score":3,"maxScore":9,"error":1},"keywordDensity":{"type":"best","score":9,"maxScore":9,"error":0}}},"additional":[{"keyphrase":"Mercado","score":87,"analysis":{"keyphraseInDescription":{"score":9,"maxScore":9,"error":0},"keyphraseLength":{"score":9,"maxScore":9,"error":0,"length":1},"keyphraseInIntroduction":{"score":3,"maxScore":9,"error":1},"keyphraseInImageAlt":{"score":9,"maxScore":9,"error":0},"keywordDensity":{"type":"best","score":9,"maxScore":9,"error":0}}}]},"primary_term":null,"canonical_url":null,"og_title":null,"og_description":null,"og_object_type":"default","og_image_type":"default","og_image_url":null,"og_image_width":null,"og_image_height":null,"og_image_custom_url":null,"og_image_custom_fields":null,"og_video":"","og_custom_url":null,"og_article_section":null,"og_article_tags":null,"twitter_use_og":false,"twitter_card":"default","twitter_image_type":"default","twitter_image_url":null,"twitter_image_custom_url":null,"twitter_image_custom_fields":null,"twitter_title":null,"twitter_description":null,"schema":{"blockGraphs":[],"customGraphs":[],"default":{"data":{"Article":[],"Course":[],"Dataset":[],"FAQPage":[],"Movie":[],"Person":[],"Product":[],"ProductReview":[],"Car":[],"Recipe":[],"Service":[],"SoftwareApplication":[],"WebPage":[]},"graphName":"none","isEnabled":true},"graphs":[]},"schema_type":"default","schema_type_options":null,"pillar_content":false,"robots_default":true,"robots_noindex":false,"robots_noarchive":false,"robots_nosnippet":false,"robots_nofollow":false,"robots_noimageindex":false,"robots_noodp":false,"robots_notranslate":false,"robots_max_snippet":"-1","robots_max_videopreview":"-1","robots_max_imagepreview":"large","priority":null,"frequency":"default","local_seo":null,"seo_analyzer_scan_date":null,"breadcrumb_settings":null,"limit_modified_date":false,"reviewed_by":"0","open_ai":null,"ai":{"faqs":[],"keyPoints":[],"titles":[],"descriptions":[],"socialPosts":{"email":[],"linkedin":[],"twitter":[],"facebook":[],"instagram":[]}},"created":"2025-08-26 22:44:11","updated":"2026-03-06 15:45:35"},"aioseo_breadcrumb":"<div class=\"aioseo-breadcrumbs\"><span class=\"aioseo-breadcrumb\">\n\t<a href=\"https:\/\/soymigrante.com\/revista\" title=\"Home\">Home<\/a>\n<\/span><span class=\"aioseo-breadcrumb-separator\">\u00bb<\/span><span class=\"aioseo-breadcrumb\">\n\t<a href=\"https:\/\/soymigrante.com\/revista\/category\/guate-nuestra\/\" title=\"Guate Nuestra\">Guate Nuestra<\/a>\n<\/span><span class=\"aioseo-breadcrumb-separator\">\u00bb<\/span><span class=\"aioseo-breadcrumb\">\n\tCinco art\u00edculos con hilos, alma e identidad disponibles en MERCADO\n<\/span><\/div>","aioseo_breadcrumb_json":[{"label":"Home","link":"https:\/\/soymigrante.com\/revista"},{"label":"Guate Nuestra","link":"https:\/\/soymigrante.com\/revista\/category\/guate-nuestra\/"},{"label":"Cinco art\u00edculos con hilos, alma e identidad disponibles en MERCADO","link":"https:\/\/soymigrante.com\/revista\/5-articulos-con-hilos-y-alma-que-estan-en-mercado\/"}],"_links":{"self":[{"href":"https:\/\/soymigrante.com\/revista\/wp-json\/wp\/v2\/posts\/42784","targetHints":{"allow":["GET"]}}],"collection":[{"href":"https:\/\/soymigrante.com\/revista\/wp-json\/wp\/v2\/posts"}],"about":[{"href":"https:\/\/soymigrante.com\/revista\/wp-json\/wp\/v2\/types\/post"}],"author":[{"embeddable":true,"href":"https:\/\/soymigrante.com\/revista\/wp-json\/wp\/v2\/users\/19"}],"replies":[{"embeddable":true,"href":"https:\/\/soymigrante.com\/revista\/wp-json\/wp\/v2\/comments?post=42784"}],"version-history":[{"count":17,"href":"https:\/\/soymigrante.com\/revista\/wp-json\/wp\/v2\/posts\/42784\/revisions"}],"predecessor-version":[{"id":53232,"href":"https:\/\/soymigrante.com\/revista\/wp-json\/wp\/v2\/posts\/42784\/revisions\/53232"}],"wp:featuredmedia":[{"embeddable":true,"href":"https:\/\/soymigrante.com\/revista\/wp-json\/wp\/v2\/media\/42785"}],"wp:attachment":[{"href":"https:\/\/soymigrante.com\/revista\/wp-json\/wp\/v2\/media?parent=42784"}],"wp:term":[{"taxonomy":"category","embeddable":true,"href":"https:\/\/soymigrante.com\/revista\/wp-json\/wp\/v2\/categories?post=42784"},{"taxonomy":"post_tag","embeddable":true,"href":"https:\/\/soymigrante.com\/revista\/wp-json\/wp\/v2\/tags?post=42784"}],"curies":[{"name":"wp","href":"https:\/\/api.w.org\/{rel}","templated":true}]}}