{"id":42774,"date":"2025-08-26T17:26:39","date_gmt":"2025-08-26T23:26:39","guid":{"rendered":"https:\/\/soymigrante.com\/revista\/?p=42774"},"modified":"2026-03-06T08:17:09","modified_gmt":"2026-03-06T14:17:09","slug":"training-day-2025-viaje-innovacion","status":"publish","type":"post","link":"https:\/\/soymigrante.com\/revista\/training-day-2025-viaje-innovacion\/","title":{"rendered":"Training Day 2025: Viaje a la innovaci\u00f3n impulsado por revista Win"},"content":{"rendered":"\t\t<div data-elementor-type=\"wp-post\" data-elementor-id=\"42774\" class=\"elementor elementor-42774\" data-elementor-post-type=\"post\">\n\t\t\t\t<div data-particle_enable=\"false\" data-particle-mobile-disabled=\"false\" class=\"elementor-element elementor-element-d4ac50e e-flex e-con-boxed e-con e-parent\" data-id=\"d4ac50e\" data-element_type=\"container\" data-e-type=\"container\">\n\t\t\t\t\t<div class=\"e-con-inner\">\n\t\t\t\t<div class=\"elementor-element elementor-element-f17e20a elementor-widget elementor-widget-heading\" data-id=\"f17e20a\" data-element_type=\"widget\" data-e-type=\"widget\" data-widget_type=\"heading.default\">\n\t\t\t\t\t<h2 class=\"elementor-heading-title elementor-size-default\">Training Day 2025 ser\u00e1 este 4 de septiembre: una aventura inspiradora que abre nuevos l\u00edmites. Es una iniciativa creada por revista Win y su fundador Alexis Canahu\u00ed para expandir los horizontes de emprendimiento.<\/h2>\t\t\t\t<\/div>\n\t\t\t\t\t<\/div>\n\t\t\t\t<\/div>\n\t\t<div data-particle_enable=\"false\" data-particle-mobile-disabled=\"false\" class=\"elementor-element elementor-element-2cc74eb e-flex e-con-boxed e-con e-parent\" data-id=\"2cc74eb\" data-element_type=\"container\" data-e-type=\"container\">\n\t\t\t\t\t<div class=\"e-con-inner\">\n\t\t\t\t<div class=\"elementor-element elementor-element-239a846 elementor-widget elementor-widget-text-editor\" data-id=\"239a846\" data-element_type=\"widget\" data-e-type=\"widget\" data-widget_type=\"text-editor.default\">\n\t\t\t\t\t\t\t\t\t<p>El\u00a0 4 de septiembre se llevar\u00e1 a cabo el <a href=\"https:\/\/winverz.com\/td\/\">Training Day 2025<\/a>\u00a0\u00a0el evento de negocios m\u00e1s relevante de Centroam\u00e9rica, que este a\u00f1o celebra su 13.\u00aa edici\u00f3n consolid\u00e1ndose como una plataforma clave para la conexi\u00f3n, el aprendizaje estrat\u00e9gico y la expansi\u00f3n empresarial.\u00a0<\/p><p>Con una trayectoria impecable, Training Day de Revista Win, se ha posicionado como un evento que impulsa el crecimiento del ecosistema empresarial de la regi\u00f3n. En sus ediciones anteriores ha reunido a m\u00e1s de 2,500 asistentes y 60 empresas, generando oportunidades reales de networking, alianzas y desarrollo econ\u00f3mico.\u00a0<\/p><p>&#8220;El gran tema de este a\u00f1o ese Moonshot, una invitaci\u00f3n a pensar sin l\u00edmites, construir m\u00e1s all\u00e1 de lo evidente y vincularse con quienes apuestan por un futuro transformador&#8221;, expresa Karla Nu\u00f1ez, del equipo organizador.\u00a0<\/p><div>\u00a0<\/div>\t\t\t\t\t\t\t\t<\/div>\n\t\t\t\t\t<\/div>\n\t\t\t\t<\/div>\n\t\t<div data-particle_enable=\"false\" data-particle-mobile-disabled=\"false\" class=\"elementor-element elementor-element-2f4357b e-flex e-con-boxed e-con e-parent\" data-id=\"2f4357b\" data-element_type=\"container\" data-e-type=\"container\">\n\t\t\t\t\t<div class=\"e-con-inner\">\n\t\t\t\t<div class=\"elementor-element elementor-element-398d30f elementor-widget elementor-widget-image\" data-id=\"398d30f\" data-element_type=\"widget\" data-e-type=\"widget\" data-widget_type=\"image.default\">\n\t\t\t\t\t\t\t\t\t\t\t\t<figure class=\"wp-caption\">\n\t\t\t\t\t\t\t\t\t\t\t<a href=\"https:\/\/winverz.com\/TD\/\">\n\t\t\t\t\t\t\t<img fetchpriority=\"high\" decoding=\"async\" width=\"768\" height=\"470\" src=\"https:\/\/soymigrante.com\/revista\/wp-content\/uploads\/2025\/08\/alexis-canahui-training-day.webp\" class=\"attachment-large size-large wp-image-42921\" alt=\"Desarrollador hablando en conferencia de capacitaci\u00f3n para migrantes en evento de SoyMigrante.com REVISTA.\" srcset=\"https:\/\/soymigrante.com\/revista\/wp-content\/uploads\/2025\/08\/alexis-canahui-training-day.webp 892w, https:\/\/soymigrante.com\/revista\/wp-content\/uploads\/2025\/08\/alexis-canahui-training-day-300x184.png 300w, https:\/\/soymigrante.com\/revista\/wp-content\/uploads\/2025\/08\/alexis-canahui-training-day-768x470.png 768w, https:\/\/soymigrante.com\/revista\/wp-content\/uploads\/2025\/08\/alexis-canahui-training-day-750x459.webp 750w\" sizes=\"(max-width: 768px) 100vw, 768px\" title=\"Alexis Canahu\u00ed, fundador de revista Win es el gran impulsor de Training Day, cuya 13a. edici\u00f3n se desarrollar\u00e1 el pr\u00f3ximo 4 de septiembre en el hotel Camino Real. Fotograf\u00eda de la conferencia de lanzamiento. \u2013 SoyMigrante.com REVISTA\" \/>\t\t\t\t\t\t\t\t<\/a>\n\t\t\t\t\t\t\t\t\t\t\t<figcaption class=\"widget-image-caption wp-caption-text\">Ponente en evento de capacitaci\u00f3n para migrantes en SoyMigrante.com, participando en una conferencia sobre integraci\u00f3n y derechos de migrantes en un entorno profesional.<\/figcaption>\n\t\t\t\t\t\t\t\t\t\t<\/figure>\n\t\t\t\t\t\t\t\t\t<\/div>\n\t\t\t\t\t<\/div>\n\t\t\t\t<\/div>\n\t\t<div data-particle_enable=\"false\" data-particle-mobile-disabled=\"false\" class=\"elementor-element elementor-element-3179e85 e-flex e-con-boxed e-con e-parent\" data-id=\"3179e85\" data-element_type=\"container\" data-e-type=\"container\">\n\t\t\t\t\t<div class=\"e-con-inner\">\n\t\t\t\t<div class=\"elementor-element elementor-element-4966d3e elementor-widget elementor-widget-heading\" data-id=\"4966d3e\" data-element_type=\"widget\" data-e-type=\"widget\" data-widget_type=\"heading.default\">\n\t\t\t\t\t<h3 class=\"elementor-heading-title elementor-size-default\">Line up con m\u00e1s de 20 conferencistas<\/h3>\t\t\t\t<\/div>\n\t\t\t\t\t<\/div>\n\t\t\t\t<\/div>\n\t\t<div data-particle_enable=\"false\" data-particle-mobile-disabled=\"false\" class=\"elementor-element elementor-element-028d94d e-flex e-con-boxed e-con e-parent\" data-id=\"028d94d\" data-element_type=\"container\" data-e-type=\"container\">\n\t\t\t\t\t<div class=\"e-con-inner\">\n\t\t\t\t<div class=\"elementor-element elementor-element-af116e9 elementor-widget elementor-widget-text-editor\" data-id=\"af116e9\" data-element_type=\"widget\" data-e-type=\"widget\" data-widget_type=\"text-editor.default\">\n\t\t\t\t\t\t\t\t\t<p>Dentro de las conferencias figuran expertos en gerencia, mercadeo y creatividad. Ser\u00e1 una jornada de ideas,\u00a0 modelos positivos de negocio y desarrollo personal. Estos son algunos de ellos:<\/p><ul><li><a href=\"https:\/\/soymigrante.com\/revista\/actor-y-migrante-guatemalteco-arturo-castro-lanzara-bola-inicial-en-juego-de-los-dodgers\/\">Arturo Castro,<\/a>\u00a0 conocido por sus papeles en Broad City (Comedy Central), Narcos (Netflix) y recientemente la pel\u00edcula Road House. Pr\u00f3ximamente aparecer\u00e1 en la cita Tron Ares. Si deseas ver <a href=\"https:\/\/soymigrante.com\/revista\/actor-arturo-castro\/\">la entrevista que se le hizo en SoyMigrante.com, clic aqu\u00ed.<\/a><\/li><li>Ana Luisa Mart\u00ednez Mont \u2013 Presidenta del Consejo de Administraci\u00f3n en International Data Corporation, firma especializada en inteligencia de mercado, consultor\u00eda y eventos tecnol\u00f3gicos\u00a0\u00a0<\/li><li>Desde Espa\u00f1a, <a href=\"https:\/\/albertobosquet.com\/\">Alberto Bosquet <\/a>\u2013 Disruptor de vidas y mentor de resiliencia. Experto en mentoring y transformaci\u00f3n personal.<\/li><\/ul>\t\t\t\t\t\t\t\t<\/div>\n\t\t\t\t\t<\/div>\n\t\t\t\t<\/div>\n\t\t<div data-particle_enable=\"false\" data-particle-mobile-disabled=\"false\" class=\"elementor-element elementor-element-d1ddfb0 e-flex e-con-boxed e-con e-parent\" data-id=\"d1ddfb0\" data-element_type=\"container\" data-e-type=\"container\">\n\t\t\t\t\t<div class=\"e-con-inner\">\n\t\t\t\t<div class=\"elementor-element elementor-element-eceac51 elementor-widget elementor-widget-html\" data-id=\"eceac51\" data-element_type=\"widget\" data-e-type=\"widget\" data-widget_type=\"html.default\">\n\t\t\t\t\t<iframe width=\"560\" height=\"315\" src=\"https:\/\/www.youtube.com\/embed\/MNxRVyviT3A?si=ghL2As6ZUeWBzkqr\" title=\"YouTube video player\" frameborder=\"0\" allow=\"accelerometer; autoplay; clipboard-write; encrypted-media; gyroscope; picture-in-picture; web-share\" referrerpolicy=\"strict-origin-when-cross-origin\" allowfullscreen><\/iframe>\t\t\t\t<\/div>\n\t\t\t\t\t<\/div>\n\t\t\t\t<\/div>\n\t\t<div data-particle_enable=\"false\" data-particle-mobile-disabled=\"false\" class=\"elementor-element elementor-element-f011434 e-flex e-con-boxed e-con e-parent\" data-id=\"f011434\" data-element_type=\"container\" data-e-type=\"container\">\n\t\t\t\t\t<div class=\"e-con-inner\">\n\t\t\t\t<div class=\"elementor-element elementor-element-4a3d22c elementor-widget elementor-widget-heading\" data-id=\"4a3d22c\" data-element_type=\"widget\" data-e-type=\"widget\" data-widget_type=\"heading.default\">\n\t\t\t\t\t<h3 class=\"elementor-heading-title elementor-size-default\">Puro talento, creatividad y crecimiento<\/h3>\t\t\t\t<\/div>\n\t\t\t\t\t<\/div>\n\t\t\t\t<\/div>\n\t\t<div data-particle_enable=\"false\" data-particle-mobile-disabled=\"false\" class=\"elementor-element elementor-element-da05076 e-flex e-con-boxed e-con e-parent\" data-id=\"da05076\" data-element_type=\"container\" data-e-type=\"container\">\n\t\t\t\t\t<div class=\"e-con-inner\">\n\t\t\t\t<div class=\"elementor-element elementor-element-17f24fa elementor-widget elementor-widget-text-editor\" data-id=\"17f24fa\" data-element_type=\"widget\" data-e-type=\"widget\" data-widget_type=\"text-editor.default\">\n\t\t\t\t\t\t\t\t\t<ul><li><a href=\"https:\/\/www.forzadelivery.com\/luis-eduardo-arevalo-el-lider-que-esta-transformando-la-logistica-en-guatemala-y-centroamerica\/\">Luis Eduardo Ar\u00e9valo, CEO de Forza Delivery Express,<\/a> empresa dedicada al servicio de entrega con una trayectoria ascendente e innovadora.<\/li><li><a href=\"https:\/\/newmedia.ufm.edu\/coleccion\/first-tuesday-ufm\/que-se-necesita-para-ser-un-emprendedor-disruptivo\/\">Alexis Canahu\u00ed,<\/a> Fundador de Revista Win y Training Day, la mente maestra detr\u00e1s de eventos como Training Day y DisruptFest.<\/li><li><a href=\"https:\/\/www.instagram.com\/reel\/C8h-0fkvE2Q\/\">Guillermo Melgar: <\/a>Director de Relaciones Institucionales y Comunicaci\u00f3n en Ambev Guatemala, compa\u00f1\u00eda cervecera global con instalaciones en Guatemala.\u00a0<\/li><li><a href=\"https:\/\/libertopolis.com\/articulos\/lbneg240814\/\">Federico R\u00f6lz, CEO de MR.B, <\/a>compa\u00f1\u00eda de dedicada a prestar servicios de bodegas y almacenamiento f\u00edsico personalizado.<\/li><\/ul><p>Si deseas ver <a href=\"https:\/\/winverz.com\/TD\/\">el listado completo de conferencistas<\/a>, clic aqu\u00ed.<\/p>\t\t\t\t\t\t\t\t<\/div>\n\t\t\t\t\t<\/div>\n\t\t\t\t<\/div>\n\t\t<div data-particle_enable=\"false\" data-particle-mobile-disabled=\"false\" class=\"elementor-element elementor-element-a2b5b50 e-flex e-con-boxed e-con e-parent\" data-id=\"a2b5b50\" data-element_type=\"container\" data-e-type=\"container\">\n\t\t\t\t\t<div class=\"e-con-inner\">\n\t\t\t\t<div class=\"elementor-element elementor-element-56f8b3d elementor-widget elementor-widget-image\" data-id=\"56f8b3d\" data-element_type=\"widget\" data-e-type=\"widget\" data-widget_type=\"image.default\">\n\t\t\t\t\t\t\t\t\t\t\t\t<figure class=\"wp-caption\">\n\t\t\t\t\t\t\t\t\t\t<img decoding=\"async\" width=\"768\" height=\"344\" src=\"https:\/\/soymigrante.com\/revista\/wp-content\/uploads\/2025\/08\/training-day-2025-2.webp\" class=\"attachment-large size-large wp-image-42928\" alt=\"Innovadores profesionales en evento de tecnolog\u00eda y emprendimiento en M\u00e9xico, participando en la feria SoyMigrante.com Revista, promoviendo networking, innovaci\u00f3n y desarrollo en el sector digital.\" srcset=\"https:\/\/soymigrante.com\/revista\/wp-content\/uploads\/2025\/08\/training-day-2025-2.webp 973w, https:\/\/soymigrante.com\/revista\/wp-content\/uploads\/2025\/08\/training-day-2025-2-300x134.png 300w, https:\/\/soymigrante.com\/revista\/wp-content\/uploads\/2025\/08\/training-day-2025-2-768x344.png 768w, https:\/\/soymigrante.com\/revista\/wp-content\/uploads\/2025\/08\/training-day-2025-2-750x336.webp 750w\" sizes=\"(max-width: 768px) 100vw, 768px\" title=\"Se espera la asistencia de gerentes, empresarios, especialistas de creatividad y mercadeo en el Training Day 2025. \u2013 SoyMigrante.com REVISTA\" \/>\t\t\t\t\t\t\t\t\t\t\t<figcaption class=\"widget-image-caption wp-caption-text\">Diversos expertos en tecnolog\u00eda y negocios participando en la feria SoyMigrante.com Revista, resaltando la innovaci\u00f3n y networking en eventos empresariales en M\u00e9xico.<\/figcaption>\n\t\t\t\t\t\t\t\t\t\t<\/figure>\n\t\t\t\t\t\t\t\t\t<\/div>\n\t\t\t\t\t<\/div>\n\t\t\t\t<\/div>\n\t\t<div data-particle_enable=\"false\" data-particle-mobile-disabled=\"false\" class=\"elementor-element elementor-element-8673447 e-flex e-con-boxed e-con e-parent\" data-id=\"8673447\" data-element_type=\"container\" data-e-type=\"container\">\n\t\t\t\t\t<div class=\"e-con-inner\">\n\t\t\t\t<div class=\"elementor-element elementor-element-130cffc elementor-widget elementor-widget-heading\" data-id=\"130cffc\" data-element_type=\"widget\" data-e-type=\"widget\" data-widget_type=\"heading.default\">\n\t\t\t\t\t<h3 class=\"elementor-heading-title elementor-size-default\">Inscr\u00edbate y reserva tu lugar<\/h3>\t\t\t\t<\/div>\n\t\t\t\t\t<\/div>\n\t\t\t\t<\/div>\n\t\t<div data-particle_enable=\"false\" data-particle-mobile-disabled=\"false\" class=\"elementor-element elementor-element-7cbcd0b e-flex e-con-boxed e-con e-parent\" data-id=\"7cbcd0b\" data-element_type=\"container\" data-e-type=\"container\">\n\t\t\t\t\t<div class=\"e-con-inner\">\n\t\t\t\t<div class=\"elementor-element elementor-element-e5222cb elementor-widget elementor-widget-text-editor\" data-id=\"e5222cb\" data-element_type=\"widget\" data-e-type=\"widget\" data-widget_type=\"text-editor.default\">\n\t\t\t\t\t\t\t\t\t<p>Como siempre, adem\u00e1s de las conferencias habr\u00e1 sal\u00f3n de marcas y compa\u00f1\u00edas expositoras, con bienes y servicios de todo tipo. Las conferencias se desarrollar\u00e1n de 8 a 18 horas. Registro desde las 7 de la ma\u00f1ana.<\/p><p><a href=\"https:\/\/registro.winverz.com\/maylink\/?event_id=1752516356184x764098828299665400\"><u><b>Si deseas adquirir tu entrada en l\u00ednea, puedes hacer clic aqu\u00ed. Tarifas especiales para grupos de 3 o m\u00e1s asistentes<\/b>.<\/u><\/a><\/p>\t\t\t\t\t\t\t\t<\/div>\n\t\t\t\t\t<\/div>\n\t\t\t\t<\/div>\n\t\t<div data-particle_enable=\"false\" data-particle-mobile-disabled=\"false\" class=\"elementor-element elementor-element-a5d5a21 e-flex e-con-boxed e-con e-parent\" data-id=\"a5d5a21\" data-element_type=\"container\" data-e-type=\"container\">\n\t\t\t\t\t<div class=\"e-con-inner\">\n\t\t\t\t<div class=\"elementor-element elementor-element-1f11900 elementor-widget elementor-widget-heading\" data-id=\"1f11900\" data-element_type=\"widget\" data-e-type=\"widget\" data-widget_type=\"heading.default\">\n\t\t\t\t\t<h2 class=\"elementor-heading-title elementor-size-default\">Conoce m\u00e1s emprendedores  ingeniosos en SoyMigrante.com MERCADO<\/h2>\t\t\t\t<\/div>\n\t\t\t\t\t<\/div>\n\t\t\t\t<\/div>\n\t\t<div data-particle_enable=\"false\" data-particle-mobile-disabled=\"false\" class=\"elementor-element elementor-element-f98b78c e-flex e-con-boxed e-con e-parent\" data-id=\"f98b78c\" data-element_type=\"container\" data-e-type=\"container\">\n\t\t\t\t\t<div class=\"e-con-inner\">\n\t\t\t\t<div class=\"elementor-element elementor-element-78cca4a elementor-grid-eael-col-3 elementor-grid-tablet-eael-col-2 elementor-grid-mobile-eael-col-1 elementor-widget elementor-widget-eael-post-grid\" data-id=\"78cca4a\" data-element_type=\"widget\" data-e-type=\"widget\" data-settings=\"{&quot;eael_post_grid_columns&quot;:&quot;eael-col-3&quot;,&quot;eael_post_grid_columns_tablet&quot;:&quot;eael-col-2&quot;,&quot;eael_post_grid_columns_mobile&quot;:&quot;eael-col-1&quot;}\" data-widget_type=\"eael-post-grid.default\">\n\t\t\t\t\t<div id=\"eael-post-grid-78cca4a\" class=\"eael-post-grid-container\">\n            <div class=\"eael-post-grid eael-post-appender eael-post-appender-78cca4a eael-post-grid-style-one\" data-layout-mode=\"masonry\"><article class=\"eael-grid-post  eael-post-grid-column eael-pg-post-13457 category-guate-nuestra tags-mercado-emprendedores\" data-id=\"13457\">\n        <div class=\"eael-grid-post-holder\">\n            <div class=\"eael-grid-post-holder-inner\"><div class=\"eael-entry-media\"><div class=\"eael-entry-overlay fade-in\"><i class=\"far fa-hand-pointer\" aria-hidden=\"true\"><\/i><a href=\"https:\/\/soymigrante.com\/revista\/impulsar-la-sabiduria-e-idiomas-mayas-es-el-hilo-del-esfuerzo-de-raxche-rodriguez-en-maya-wuj\/\"><\/a><\/div><div class=\"eael-entry-thumbnail \">\n                <img decoding=\"async\" width=\"1024\" height=\"1024\" src=\"https:\/\/soymigrante.com\/revista\/wp-content\/uploads\/2024\/11\/Raxche-Rodriguez-1024x1024.jpg\" class=\"attachment-large size-large wp-image-13686\" alt=\"Imagen de un hombre con vestimenta tradicional mexicana frente al logo de la revista SoyMigrante.com, destacando temas de migraci\u00f3n, cultura y derechos migrantes en M\u00e9xico.\" srcset=\"https:\/\/soymigrante.com\/revista\/wp-content\/uploads\/2024\/11\/Raxche-Rodriguez-1024x1024.jpg 1024w, https:\/\/soymigrante.com\/revista\/wp-content\/uploads\/2024\/11\/Raxche-Rodriguez-300x300.jpg 300w, https:\/\/soymigrante.com\/revista\/wp-content\/uploads\/2024\/11\/Raxche-Rodriguez-150x150.jpg 150w, https:\/\/soymigrante.com\/revista\/wp-content\/uploads\/2024\/11\/Raxche-Rodriguez-768x768.jpg 768w, https:\/\/soymigrante.com\/revista\/wp-content\/uploads\/2024\/11\/Raxche-Rodriguez-75x75.webp 75w, https:\/\/soymigrante.com\/revista\/wp-content\/uploads\/2024\/11\/Raxche-Rodriguez-750x750.webp 750w, https:\/\/soymigrante.com\/revista\/wp-content\/uploads\/2024\/11\/Raxche-Rodriguez.webp 1046w\" sizes=\"(max-width: 1024px) 100vw, 1024px\" \/>\n            <\/div>\n        <\/div><div class=\"eael-entry-wrapper\"><header class=\"eael-entry-header\"><h2 class=\"eael-entry-title\"><a class=\"eael-grid-post-link\" href=\"https:\/\/soymigrante.com\/revista\/impulsar-la-sabiduria-e-idiomas-mayas-es-el-hilo-del-esfuerzo-de-raxche-rodriguez-en-maya-wuj\/\" title=\"Impulsar la sabidur\u00eda e idiomas mayas es el hilo que teje el esfuerzo de Raxche&#8217; Rodr\u00edguez en Maya&#8217; Wuj\">Impulsar la sabidur\u00eda e idiomas mayas es el hilo que teje el esfuerzo de Raxche&#8217; Rodr\u00edguez en Maya&#8217; Wuj<\/a><\/h2><\/header><div class=\"eael-entry-content\">\n                        <div class=\"eael-grid-post-excerpt\"><a href=\"https:\/\/soymigrante.com\/revista\/impulsar-la-sabiduria-e-idiomas-mayas-es-el-hilo-del-esfuerzo-de-raxche-rodriguez-en-maya-wuj\/\" class=\"eael-post-elements-readmore-btn\">CONOCE SU HISTORIA <\/a><\/div>\n                    <\/div><\/div><\/div>\n        <\/div>\n    <\/article><article class=\"eael-grid-post  eael-post-grid-column eael-pg-post-15424 category-guate-nuestra tags-mercado-emprendedores\" data-id=\"15424\">\n        <div class=\"eael-grid-post-holder\">\n            <div class=\"eael-grid-post-holder-inner\"><div class=\"eael-entry-media\"><div class=\"eael-entry-overlay fade-in\"><i class=\"far fa-hand-pointer\" aria-hidden=\"true\"><\/i><a href=\"https:\/\/soymigrante.com\/revista\/un-gran-sueno-en-coban-lleno-de-imaginacion-munecas-y-amor-por-la-cultura-maya-qeqchi\/\"><\/a><\/div><div class=\"eael-entry-thumbnail \">\n                <img loading=\"lazy\" decoding=\"async\" width=\"685\" height=\"685\" src=\"https:\/\/soymigrante.com\/revista\/wp-content\/uploads\/2024\/12\/munecas-emprendimiento-2.webp\" class=\"attachment-large size-large wp-image-16055\" alt=\"Diversidad cultural en celebraci\u00f3n, figura de mu\u00f1ecos de pareja con trajes tradicionales, representaci\u00f3n art\u00edstica de migrantes en la Revista SoyMigrante, enfatizando la integraci\u00f3n y cultura latinoamericana.\" srcset=\"https:\/\/soymigrante.com\/revista\/wp-content\/uploads\/2024\/12\/munecas-emprendimiento-2.webp 685w, https:\/\/soymigrante.com\/revista\/wp-content\/uploads\/2024\/12\/munecas-emprendimiento-2-300x300.jpg 300w, https:\/\/soymigrante.com\/revista\/wp-content\/uploads\/2024\/12\/munecas-emprendimiento-2-150x150.jpg 150w, https:\/\/soymigrante.com\/revista\/wp-content\/uploads\/2024\/12\/munecas-emprendimiento-2-75x75.webp 75w\" sizes=\"(max-width: 685px) 100vw, 685px\" \/>\n            <\/div>\n        <\/div><div class=\"eael-entry-wrapper\"><header class=\"eael-entry-header\"><h2 class=\"eael-entry-title\"><a class=\"eael-grid-post-link\" href=\"https:\/\/soymigrante.com\/revista\/un-gran-sueno-en-coban-lleno-de-imaginacion-munecas-y-amor-por-la-cultura-maya-qeqchi\/\" title=\"Un gran sue\u00f1o lleno de mu\u00f1ecas, creatividad y amor por la cultura q&#8217;eqchi&#8217; llega a MERCADO\">Un gran sue\u00f1o lleno de mu\u00f1ecas, creatividad y amor por la cultura q&#8217;eqchi&#8217; llega a MERCADO<\/a><\/h2><\/header><div class=\"eael-entry-content\">\n                        <div class=\"eael-grid-post-excerpt\"><a href=\"https:\/\/soymigrante.com\/revista\/un-gran-sueno-en-coban-lleno-de-imaginacion-munecas-y-amor-por-la-cultura-maya-qeqchi\/\" class=\"eael-post-elements-readmore-btn\">CONOCE SU HISTORIA <\/a><\/div>\n                    <\/div><\/div><\/div>\n        <\/div>\n    <\/article><article class=\"eael-grid-post  eael-post-grid-column eael-pg-post-35259 category-guate-nuestra tags-mercado-emprendedores\" data-id=\"35259\">\n        <div class=\"eael-grid-post-holder\">\n            <div class=\"eael-grid-post-holder-inner\"><div class=\"eael-entry-media\"><div class=\"eael-entry-overlay fade-in\"><i class=\"far fa-hand-pointer\" aria-hidden=\"true\"><\/i><a href=\"https:\/\/soymigrante.com\/revista\/emprendedora-isabel-rey-hallo-en-la-venta-en-linea-la-oportunidad-de-cuidar-a-su-hijo\/\"><\/a><\/div><div class=\"eael-entry-thumbnail \">\n                <img loading=\"lazy\" decoding=\"async\" width=\"396\" height=\"396\" src=\"https:\/\/soymigrante.com\/revista\/wp-content\/uploads\/2025\/06\/Isabel-Rey-la-emprendedora-que-encontro-en-la-venta-en-linea-una-forma-de-cuidar-a-su-hijo-4.jpeg\" class=\"attachment-large size-large wp-image-35260\" alt=\"Padres e hijos sonrientes en un parque, destacando la importancia de la familia y la migraci\u00f3n en la sociedad.\" srcset=\"https:\/\/soymigrante.com\/revista\/wp-content\/uploads\/2025\/06\/Isabel-Rey-la-emprendedora-que-encontro-en-la-venta-en-linea-una-forma-de-cuidar-a-su-hijo-4.jpeg 396w, https:\/\/soymigrante.com\/revista\/wp-content\/uploads\/2025\/06\/Isabel-Rey-la-emprendedora-que-encontro-en-la-venta-en-linea-una-forma-de-cuidar-a-su-hijo-4-300x300.jpeg 300w, https:\/\/soymigrante.com\/revista\/wp-content\/uploads\/2025\/06\/Isabel-Rey-la-emprendedora-que-encontro-en-la-venta-en-linea-una-forma-de-cuidar-a-su-hijo-4-150x150.jpeg 150w, https:\/\/soymigrante.com\/revista\/wp-content\/uploads\/2025\/06\/Isabel-Rey-la-emprendedora-que-encontro-en-la-venta-en-linea-una-forma-de-cuidar-a-su-hijo-4-75x75.jpeg 75w\" sizes=\"(max-width: 396px) 100vw, 396px\" \/>\n            <\/div>\n        <\/div><div class=\"eael-entry-wrapper\"><header class=\"eael-entry-header\"><h2 class=\"eael-entry-title\"><a class=\"eael-grid-post-link\" href=\"https:\/\/soymigrante.com\/revista\/emprendedora-isabel-rey-hallo-en-la-venta-en-linea-la-oportunidad-de-cuidar-a-su-hijo\/\" title=\"Emprendedora Isabel Rey vende accesorios en l\u00ednea, cuida a su hijo y ahora est\u00e1 en MERCADO\">Emprendedora Isabel Rey vende accesorios en l\u00ednea, cuida a su hijo y ahora est\u00e1 en MERCADO<\/a><\/h2><\/header><div class=\"eael-entry-content\">\n                        <div class=\"eael-grid-post-excerpt\"><a href=\"https:\/\/soymigrante.com\/revista\/emprendedora-isabel-rey-hallo-en-la-venta-en-linea-la-oportunidad-de-cuidar-a-su-hijo\/\" class=\"eael-post-elements-readmore-btn\">CONOCE SU HISTORIA <\/a><\/div>\n                    <\/div><\/div><\/div>\n        <\/div>\n    <\/article><\/div>\n            <div class=\"clearfix\"><\/div>\n        <\/div>            <div class=\"eael-load-more-button-wrap eael-force-hide\">\n                <button class=\"eael-load-more-button\" id=\"eael-load-more-btn-78cca4a\" data-widget-id=\"78cca4a\" data-widget=\"78cca4a\" data-page-id=\"42774\" data-template=\"{&quot;dir&quot;:&quot;lite&quot;,&quot;file_name&quot;:&quot;one.php&quot;,&quot;name&quot;:&quot;Post-Grid&quot;}\" data-class=\"Essential_Addons_Elementor\\Elements\\Post_Grid\" data-layout=\"masonry\" data-page=\"1\" data-args=\"orderby=rand&amp;order=desc&amp;ignore_sticky_posts=1&amp;post_status=publish&amp;posts_per_page=3&amp;offset=0&amp;post_type=post&amp;tax_query%5B0%5D%5Btaxonomy%5D=post_tag&amp;tax_query%5B0%5D%5Bfield%5D=term_id&amp;tax_query%5B0%5D%5Bterms%5D%5B0%5D=130&amp;tax_query%5Brelation%5D=AND\" data-max-page=\"35\">\n                    <span class=\"eael-btn-loader button__loader\"><\/span>\n                    <span class=\"eael_load_more_text\">Load More<\/span>\n                <\/button>\n            <\/div>\n            \t\t\t\t<\/div>\n\t\t\t\t\t<\/div>\n\t\t\t\t<\/div>\n\t\t\t\t<\/div>\n\t\t","protected":false},"excerpt":{"rendered":"<p>Training Day 2025 ser\u00e1 este 4 de septiembre: una aventura inspiradora que abre nuevos l\u00edmites. Es una iniciativa creada por revista Win y su fundador Alexis Canahu\u00ed para expandir los horizontes de emprendimiento. El\u00a0 4 de septiembre se llevar\u00e1 a cabo el Training Day 2025\u00a0\u00a0el evento de negocios m\u00e1s relevante de Centroam\u00e9rica, que este a\u00f1o [&hellip;]<\/p>\n","protected":false},"author":7,"featured_media":42910,"comment_status":"open","ping_status":"open","sticky":false,"template":"","format":"standard","meta":{"_acf_changed":false,"_eb_attr":"","footnotes":""},"categories":[55],"tags":[],"class_list":["post-42774","post","type-post","status-publish","format-standard","has-post-thumbnail","hentry","category-bienestar"],"acf":[],"aioseo_notices":[],"aioseo_head":"\n\t\t<!-- All in One SEO Pro 4.9.6.2 - aioseo.com -->\n\t<meta name=\"description\" content=\"Isabel Rey aporta recursos econ\u00f3micos a su hogar y a la vez cuida a su hijo. El comercio electr\u00f3nico se lo permite y ahora est\u00e1 en SoyMigrante.com MERCADO\" \/>\n\t<meta name=\"robots\" content=\"max-snippet:-1, max-image-preview:large, max-video-preview:-1\" \/>\n\t<meta name=\"author\" content=\"Marysabel Aldana\"\/>\n\t<link rel=\"canonical\" href=\"https:\/\/soymigrante.com\/revista\/emprendedora-isabel-rey-hallo-en-la-venta-en-linea-la-oportunidad-de-cuidar-a-su-hijo\/\" \/>\n\t<meta name=\"generator\" content=\"All in One SEO Pro (AIOSEO) 4.9.6.2\" \/>\n\n\t\t<link rel=\"preconnect\" href=\"https:\/\/fonts.googleapis.com\" crossorigin>\n<link rel=\"preconnect\" href=\"https:\/\/fonts.gstatic.com\" crossorigin>\n\t\t<meta property=\"og:locale\" content=\"es_ES\" \/>\n\t\t<meta property=\"og:site_name\" content=\"SoyMigrante.com REVISTA \u2013 Nuestra misi\u00f3n es reconocer y dignificar al migrante.\" \/>\n\t\t<meta property=\"og:type\" content=\"article\" \/>\n\t\t<meta property=\"og:title\" content=\"Emprendedora Isabel Rey vende accesorios en l\u00ednea, cuida a su hijo y ahora est\u00e1 en MERCADO\" \/>\n\t\t<meta property=\"og:description\" content=\"Isabel Rey aporta recursos econ\u00f3micos a su hogar y a la vez cuida a su hijo. El comercio electr\u00f3nico se lo permite y ahora est\u00e1 en SoyMigrante.com MERCADO\" \/>\n\t\t<meta property=\"og:url\" content=\"https:\/\/soymigrante.com\/revista\/emprendedora-isabel-rey-hallo-en-la-venta-en-linea-la-oportunidad-de-cuidar-a-su-hijo\/\" \/>\n\t\t<meta property=\"og:image\" content=\"https:\/\/soymigrante.com\/revista\/wp-content\/uploads\/2025\/06\/Isabel-Rey-la-emprendedora-que-encontro-en-la-venta-en-linea-una-forma-de-cuidar-a-su-hijo-4.jpeg\" \/>\n\t\t<meta property=\"og:image:secure_url\" content=\"https:\/\/soymigrante.com\/revista\/wp-content\/uploads\/2025\/06\/Isabel-Rey-la-emprendedora-que-encontro-en-la-venta-en-linea-una-forma-de-cuidar-a-su-hijo-4.jpeg\" \/>\n\t\t<meta property=\"og:image:width\" content=\"396\" \/>\n\t\t<meta property=\"og:image:height\" content=\"396\" \/>\n\t\t<meta property=\"article:published_time\" content=\"2025-06-03T15:28:20+00:00\" \/>\n\t\t<meta property=\"article:modified_time\" content=\"2025-07-31T16:23:11+00:00\" \/>\n\t\t<meta property=\"article:publisher\" content=\"https:\/\/www.facebook.com\/soymigrantecom\" \/>\n\t\t<meta name=\"twitter:card\" content=\"summary_large_image\" \/>\n\t\t<meta name=\"twitter:site\" content=\"@SoyMigrante_com\" \/>\n\t\t<meta name=\"twitter:title\" content=\"Emprendedora Isabel Rey vende accesorios en l\u00ednea, cuida a su hijo y ahora est\u00e1 en MERCADO\" \/>\n\t\t<meta name=\"twitter:description\" content=\"Isabel Rey aporta recursos econ\u00f3micos a su hogar y a la vez cuida a su hijo. El comercio electr\u00f3nico se lo permite y ahora est\u00e1 en SoyMigrante.com MERCADO\" \/>\n\t\t<meta name=\"twitter:creator\" content=\"@SoyMigrante_com\" \/>\n\t\t<meta name=\"twitter:image\" content=\"https:\/\/soymigrante.com\/revista\/wp-content\/uploads\/2025\/06\/Isabel-Rey-la-emprendedora-que-encontro-en-la-venta-en-linea-una-forma-de-cuidar-a-su-hijo-4.jpeg\" \/>\n\t\t<!-- All in One SEO Pro -->\r\n\t\t<title>Emprendedora Isabel Rey vende accesorios en l\u00ednea, cuida a su hijo y ahora est\u00e1 en MERCADO<\/title>\n\n","aioseo_head_json":{"title":"Emprendedora Isabel Rey vende accesorios en l\u00ednea, cuida a su hijo y ahora est\u00e1 en MERCADO","description":"Isabel Rey aporta recursos econ\u00f3micos a su hogar y a la vez cuida a su hijo. El comercio electr\u00f3nico se lo permite y ahora est\u00e1 en SoyMigrante.com MERCADO","canonical_url":"https:\/\/soymigrante.com\/revista\/emprendedora-isabel-rey-hallo-en-la-venta-en-linea-la-oportunidad-de-cuidar-a-su-hijo\/","robots":"max-snippet:-1, max-image-preview:large, max-video-preview:-1","keywords":"","webmasterTools":{"miscellaneous":"&lt;link rel=\"preconnect\" href=\"https:\/\/fonts.googleapis.com\" crossorigin&gt;\n&lt;link rel=\"preconnect\" href=\"https:\/\/fonts.gstatic.com\" crossorigin&gt;"},"schema":null,"og:locale":"es_ES","og:site_name":"SoyMigrante.com REVISTA \u2013 Nuestra misi\u00f3n es reconocer y dignificar al migrante.","og:type":"article","og:title":"Emprendedora Isabel Rey vende accesorios en l\u00ednea, cuida a su hijo y ahora est\u00e1 en MERCADO","og:description":"Isabel Rey aporta recursos econ\u00f3micos a su hogar y a la vez cuida a su hijo. El comercio electr\u00f3nico se lo permite y ahora est\u00e1 en SoyMigrante.com MERCADO","og:url":"https:\/\/soymigrante.com\/revista\/emprendedora-isabel-rey-hallo-en-la-venta-en-linea-la-oportunidad-de-cuidar-a-su-hijo\/","og:image":"https:\/\/soymigrante.com\/revista\/wp-content\/uploads\/2025\/06\/Isabel-Rey-la-emprendedora-que-encontro-en-la-venta-en-linea-una-forma-de-cuidar-a-su-hijo-4.jpeg","og:image:secure_url":"https:\/\/soymigrante.com\/revista\/wp-content\/uploads\/2025\/06\/Isabel-Rey-la-emprendedora-que-encontro-en-la-venta-en-linea-una-forma-de-cuidar-a-su-hijo-4.jpeg","og:image:width":396,"og:image:height":396,"article:published_time":"2025-06-03T15:28:20+00:00","article:modified_time":"2025-07-31T16:23:11+00:00","article:publisher":"https:\/\/www.facebook.com\/soymigrantecom","twitter:card":"summary_large_image","twitter:site":"@SoyMigrante_com","twitter:title":"Emprendedora Isabel Rey vende accesorios en l\u00ednea, cuida a su hijo y ahora est\u00e1 en MERCADO","twitter:description":"Isabel Rey aporta recursos econ\u00f3micos a su hogar y a la vez cuida a su hijo. El comercio electr\u00f3nico se lo permite y ahora est\u00e1 en SoyMigrante.com MERCADO","twitter:creator":"@SoyMigrante_com","twitter:image":"https:\/\/soymigrante.com\/revista\/wp-content\/uploads\/2025\/06\/Isabel-Rey-la-emprendedora-que-encontro-en-la-venta-en-linea-una-forma-de-cuidar-a-su-hijo-4.jpeg"},"aioseo_meta_data":{"post_id":"42774","title":"Training Day 2025: aborda un viaje a la innovaci\u00f3n ilimitada","description":"M\u00e1s de 20 conferencias de negocios, emprendimiento y creatividad tendr\u00e1 el Training Day 2025 encuentro impulsado por revista Win","keywords":null,"keyphrases":{"focus":{"keyphrase":"Training Day","score":82,"analysis":{"keyphraseInTitle":{"score":9,"maxScore":9,"error":0},"keyphraseInDescription":{"score":9,"maxScore":9,"error":0},"keyphraseLength":{"score":9,"maxScore":9,"error":0,"length":2},"keyphraseInURL":{"score":5,"maxScore":5,"error":0},"keyphraseInIntroduction":{"score":9,"maxScore":9,"error":0},"keyphraseInSubHeadings":{"score":3,"maxScore":9,"error":1},"keyphraseInImageAlt":{"score":3,"maxScore":9,"error":1},"keywordDensity":{"type":"best","score":9,"maxScore":9,"error":0}}},"additional":[{"keyphrase":"Innovaci\u00f3n","score":53,"analysis":{"keyphraseInDescription":{"score":3,"maxScore":9,"error":1},"keyphraseLength":{"score":9,"maxScore":9,"error":0,"length":2},"keyphraseInIntroduction":{"score":3,"maxScore":9,"error":1},"keyphraseInImageAlt":{"score":9,"maxScore":9,"error":0},"keywordDensity":{"score":0,"type":"low","maxScore":9,"error":1}}},{"keyphrase":"Creatividad","score":73,"analysis":{"keyphraseInDescription":{"score":9,"maxScore":9,"error":0},"keyphraseLength":{"score":9,"maxScore":9,"error":0,"length":1},"keyphraseInIntroduction":{"score":3,"maxScore":9,"error":1},"keyphraseInImageAlt":{"score":3,"maxScore":9,"error":1},"keywordDensity":{"type":"best","score":9,"maxScore":9,"error":0}}}]},"primary_term":null,"canonical_url":"https:\/\/soymigrante.com\/revista\/training-day-2025-viaje-innovacion\/","og_title":null,"og_description":null,"og_object_type":"default","og_image_type":"default","og_image_url":null,"og_image_width":null,"og_image_height":null,"og_image_custom_url":null,"og_image_custom_fields":null,"og_video":"","og_custom_url":null,"og_article_section":null,"og_article_tags":null,"twitter_use_og":false,"twitter_card":"default","twitter_image_type":"default","twitter_image_url":null,"twitter_image_custom_url":null,"twitter_image_custom_fields":null,"twitter_title":null,"twitter_description":null,"schema":{"blockGraphs":[],"customGraphs":[],"default":{"data":{"Article":[],"Course":[],"Dataset":[],"FAQPage":[],"Movie":[],"Person":[],"Product":[],"ProductReview":[],"Car":[],"Recipe":[],"Service":[],"SoftwareApplication":[],"WebPage":[]},"graphName":"none","isEnabled":true},"graphs":[]},"schema_type":"default","schema_type_options":null,"pillar_content":false,"robots_default":true,"robots_noindex":false,"robots_noarchive":false,"robots_nosnippet":false,"robots_nofollow":false,"robots_noimageindex":false,"robots_noodp":false,"robots_notranslate":false,"robots_max_snippet":"-1","robots_max_videopreview":"-1","robots_max_imagepreview":"large","priority":null,"frequency":"default","local_seo":null,"seo_analyzer_scan_date":null,"breadcrumb_settings":null,"limit_modified_date":false,"reviewed_by":"0","open_ai":null,"ai":{"faqs":[],"keyPoints":[],"titles":[],"descriptions":[],"socialPosts":{"email":[],"linkedin":[],"twitter":[],"facebook":[],"instagram":[]}},"created":"2025-08-26 22:11:20","updated":"2026-03-06 15:45:35"},"aioseo_breadcrumb":"<div class=\"aioseo-breadcrumbs\"><span class=\"aioseo-breadcrumb\">\n\t<a href=\"https:\/\/soymigrante.com\/revista\" title=\"Home\">Home<\/a>\n<\/span><span class=\"aioseo-breadcrumb-separator\">\u00bb<\/span><span class=\"aioseo-breadcrumb\">\n\t<a href=\"https:\/\/soymigrante.com\/revista\/category\/bienestar\/\" title=\"Bienestar\">Bienestar<\/a>\n<\/span><span class=\"aioseo-breadcrumb-separator\">\u00bb<\/span><span class=\"aioseo-breadcrumb\">\n\tTraining Day 2025: Viaje a la innovaci\u00f3n impulsado por revista Win\n<\/span><\/div>","aioseo_breadcrumb_json":[{"label":"Home","link":"https:\/\/soymigrante.com\/revista"},{"label":"Bienestar","link":"https:\/\/soymigrante.com\/revista\/category\/bienestar\/"},{"label":"Training Day 2025: Viaje a la innovaci\u00f3n impulsado por revista Win","link":"https:\/\/soymigrante.com\/revista\/training-day-2025-viaje-innovacion\/"}],"_links":{"self":[{"href":"https:\/\/soymigrante.com\/revista\/wp-json\/wp\/v2\/posts\/42774","targetHints":{"allow":["GET"]}}],"collection":[{"href":"https:\/\/soymigrante.com\/revista\/wp-json\/wp\/v2\/posts"}],"about":[{"href":"https:\/\/soymigrante.com\/revista\/wp-json\/wp\/v2\/types\/post"}],"author":[{"embeddable":true,"href":"https:\/\/soymigrante.com\/revista\/wp-json\/wp\/v2\/users\/7"}],"replies":[{"embeddable":true,"href":"https:\/\/soymigrante.com\/revista\/wp-json\/wp\/v2\/comments?post=42774"}],"version-history":[{"count":31,"href":"https:\/\/soymigrante.com\/revista\/wp-json\/wp\/v2\/posts\/42774\/revisions"}],"predecessor-version":[{"id":53337,"href":"https:\/\/soymigrante.com\/revista\/wp-json\/wp\/v2\/posts\/42774\/revisions\/53337"}],"wp:featuredmedia":[{"embeddable":true,"href":"https:\/\/soymigrante.com\/revista\/wp-json\/wp\/v2\/media\/42910"}],"wp:attachment":[{"href":"https:\/\/soymigrante.com\/revista\/wp-json\/wp\/v2\/media?parent=42774"}],"wp:term":[{"taxonomy":"category","embeddable":true,"href":"https:\/\/soymigrante.com\/revista\/wp-json\/wp\/v2\/categories?post=42774"},{"taxonomy":"post_tag","embeddable":true,"href":"https:\/\/soymigrante.com\/revista\/wp-json\/wp\/v2\/tags?post=42774"}],"curies":[{"name":"wp","href":"https:\/\/api.w.org\/{rel}","templated":true}]}}